{"id":6649,"date":"2021-02-10T14:28:20","date_gmt":"2021-02-10T13:28:20","guid":{"rendered":"https:\/\/www.cannabis.es\/pw\/?p=6649"},"modified":"2021-02-10T14:42:38","modified_gmt":"2021-02-10T13:42:38","slug":"quien-es-quien-1r-congreso-internacional-de-cannabis","status":"publish","type":"post","link":"https:\/\/www.cannabis.es\/pw\/2021\/02\/10\/quien-es-quien-1r-congreso-internacional-de-cannabis\/","title":{"rendered":"\u00bfQui\u00e9n es qui\u00e9n? I Congreso Internacional de Cannabis"},"content":{"rendered":"\n<p>Arnau Alcaide<br><strong><br><\/strong>El Observatorio Europeo de Consumo y Cultivo de Cannabis organiza un <a href=\"https:\/\/observatoriocannabis.com\/congreso-cannabis-2021\/\">Congreso <\/a>para el jueves 18 con algunas de las mejores ponencias en ciencia, investigaci\u00f3n y derecho de Espa\u00f1a, as\u00ed como con una nutrida mesa de representantes de la pol\u00edtica. Repasamos el programa y qui\u00e9n es qui\u00e9n.<\/p>\n\n\n\n<figure class=\"wp-block-image size-large\"><img loading=\"lazy\" decoding=\"async\" width=\"724\" height=\"1024\" src=\"https:\/\/www.cannabis.es\/pw\/wp-content\/uploads\/2021\/02\/WhatsApp-Image-2021-02-03-at-21.00.47-1-724x1024.jpeg\" alt=\"\" class=\"wp-image-6654\" srcset=\"https:\/\/www.cannabis.es\/pw\/wp-content\/uploads\/2021\/02\/WhatsApp-Image-2021-02-03-at-21.00.47-1-724x1024.jpeg 724w, https:\/\/www.cannabis.es\/pw\/wp-content\/uploads\/2021\/02\/WhatsApp-Image-2021-02-03-at-21.00.47-1-212x300.jpeg 212w, https:\/\/www.cannabis.es\/pw\/wp-content\/uploads\/2021\/02\/WhatsApp-Image-2021-02-03-at-21.00.47-1-768x1086.jpeg 768w, https:\/\/www.cannabis.es\/pw\/wp-content\/uploads\/2021\/02\/WhatsApp-Image-2021-02-03-at-21.00.47-1-1086x1536.jpeg 1086w, https:\/\/www.cannabis.es\/pw\/wp-content\/uploads\/2021\/02\/WhatsApp-Image-2021-02-03-at-21.00.47-1-600x849.jpeg 600w, https:\/\/www.cannabis.es\/pw\/wp-content\/uploads\/2021\/02\/WhatsApp-Image-2021-02-03-at-21.00.47-1.jpeg 1131w\" sizes=\"auto, (max-width: 724px) 100vw, 724px\" \/><\/figure>\n\n\n\n<h2 class=\"wp-block-heading\"><strong>Ciencia e investigaci\u00f3n multidisciplinar: el enfoque integral que prioriza a las personas<\/strong><\/h2>\n\n\n\n<p><br>Con su arranque a las 9:30h, el investigador franc\u00e9s Kenzi Riboulet<em> explicar\u00e1 <a href=\"https:\/\/www.cannabis.es\/pw\/2020\/09\/16\/como-regular-el-cannabis-para-desarrollar-la-agenda-2030\/\">c\u00f3mo regular la Cannabis para desarrollar la Agenda 2030<\/a><\/em>, un trabajo acad\u00e9mico multidisciplinar que ya os acercamos y que consiste en plantear todas las perspectivas de la regulaci\u00f3n del cannabis, concretas, que ayudar\u00edan a cada uno de los objetivos de la Agenda 2030 de la ONU. Por ejemplo, la reducci\u00f3n de la desigualdad mediante la integraci\u00f3n de la poblaci\u00f3n agr\u00edcola ilegalizada como propietaria o trabajadora en el sector.<br><br>Le acompa\u00f1ar\u00e1 la tambi\u00e9n investigadora, profesora universitaria asociada, neuropsic\u00f3loga y paciente, <a href=\"https:\/\/www.cannabis.es\/pw\/2019\/11\/25\/un-unico-paciente-de-los-358-000-no-tratados-con-cannabis-pierde-de-media-en-calidad-de-vida-el-coste-de-una-investigacion\/\">Noem\u00ed S\u00e1nchez<\/a>, presidenta del OECCC, expresidenta del F\u00f2rum Cann\u00e0bic Valenci\u00e0 y <strong>responsable de la \u00fanica informaci\u00f3n disponible en Espa\u00f1a<\/strong> sobre la cantidad de poblaci\u00f3n consumidora, recreativa y medicinal, junto con una valoraci\u00f3n desestigmatizada de su uso: <a href=\"https:\/\/www.cannabis.es\/pw\/2020\/06\/04\/fes-ho-be-y-universidad-de-valencia-sondean-el-impacto-del-covid-19-en-usuarios-de-cannabis\/\">la Encuesta<\/a><a href=\"https:\/\/www.cannabis.es\/pw\/2019\/10\/21\/primera-encuesta-para-conocer-la-mejor-regulacion-para-espana\/\"> <\/a><a href=\"https:\/\/www.cannabis.es\/pw\/2020\/06\/04\/fes-ho-be-y-universidad-de-valencia-sondean-el-impacto-del-covid-19-en-usuarios-de-cannabis\/\">Cannabis.<\/a><\/p>\n\n\n\n<p>Junto a ambos, <a href=\"https:\/\/www.cannabis.es\/pw\/2020\/07\/03\/cinco-anos-de-mordaza-y-28-de-multas-cannabis-ahora-hasta-10-400e\/\">Fran Azor\u00edn<\/a> del despacho Brotsanbert informar\u00e1 de sus progresos en el recurso al <a href=\"https:\/\/www.cannabis.es\/pw\/2021\/01\/20\/sentencia-modelo-contra-el-drogotest-un-catalogo-de-vulneracion-de-derechos\/\">Drogotest<\/a>, cuestionado en su totalidad por una sentencia recientemente. Y el chileno Ricardo Carvajal, director del documental, presentar\u00e1 <a href=\"https:\/\/www.cannabis.es\/pw\/2020\/05\/25\/marihuana-primero-las-personas-un-documental-sobre-la-herencia-cannabica\/\">Marihuana, primero las personas<\/a>.<br><br>A las <strong>10.15, <\/strong>la investigadora S\u00e1nchez explicar\u00e1 la informaci\u00f3n arrojada por la encuesta cannabis, que toca al fin de su per\u00edodo de dos a\u00f1os previsto para engordar la cantidad de participantes. Lo har\u00e1 con la ayuda del tambi\u00e9n investigador de la Universitat de Val\u00e8ncia, <a href=\"https:\/\/www.cannabis.es\/pw\/2019\/11\/25\/un-unico-paciente-de-los-358-000-no-tratados-con-cannabis-pierde-de-media-en-calidad-de-vida-el-coste-de-una-investigacion\/\">Salvador Amig\u00f3, en estudio de poblaci\u00f3n medicinal asociada<\/a>, y del psic\u00f3logo de la Universidad de Oviedo, Antonio Cervero, investigador del medicinal en salud mental.<\/p>\n\n\n\n<figure class=\"wp-block-image size-large\"><img loading=\"lazy\" decoding=\"async\" width=\"1024\" height=\"768\" src=\"https:\/\/www.cannabis.es\/pw\/wp-content\/uploads\/2021\/02\/1574671787742-1024x768.jpg\" alt=\"\" class=\"wp-image-6650\" srcset=\"https:\/\/www.cannabis.es\/pw\/wp-content\/uploads\/2021\/02\/1574671787742-1024x768.jpg 1024w, https:\/\/www.cannabis.es\/pw\/wp-content\/uploads\/2021\/02\/1574671787742-300x225.jpg 300w, https:\/\/www.cannabis.es\/pw\/wp-content\/uploads\/2021\/02\/1574671787742-768x576.jpg 768w, https:\/\/www.cannabis.es\/pw\/wp-content\/uploads\/2021\/02\/1574671787742-1200x900.jpg 1200w, https:\/\/www.cannabis.es\/pw\/wp-content\/uploads\/2021\/02\/1574671787742-600x450.jpg 600w, https:\/\/www.cannabis.es\/pw\/wp-content\/uploads\/2021\/02\/1574671787742.jpg 1280w\" sizes=\"auto, (max-width: 1024px) 100vw, 1024px\" \/><\/figure>\n\n\n\n<h2 class=\"wp-block-heading\">Regulaci\u00f3n: sector y propuestas<\/h2>\n\n\n\n<p><strong>De la situaci\u00f3n del actual sector del cannabis se hablar\u00e1 a las 11:00h, con la abogada <\/strong>Marta de Luxan, de la asociaci\u00f3n The High Class, recientemente absuelta; \u00c1lvaro Zamora portavoz del OECCC y presidente de asociaci\u00f3n en Madrid; Ferm\u00edn Les, del Partido Cann\u00e1bico de Navarra; Adri\u00e1n Garc\u00eda, presidente del Gremi del Growshop, una suerte de patronal liderada por aut\u00f3nomos, originaria de Catalunya; Pablo Genua, ejecutivo de Dinafem, la cabeza de turco o banco de semillas encausado penalmente como organizaci\u00f3n delictiva; y, finalmente, Juan Manuel Gante, activista y usuario medicinal <a href=\"https:\/\/www.cannabis.es\/pw\/2017\/03\/06\/juanma-la-historia-recurrente-de-un-dolor-invisible\/\">cuyos derechos han sido gravemente vulnerados<\/a>.<\/p>\n\n\n\n<p>En la mesa de propuestas de regulaci\u00f3n, a las <strong>12:15h contaremos con la presidenta de Catfac i directora del proyecto <a href=\"https:\/\/www.cannabis.es\/pw\/2020\/09\/07\/un-kilo-al-ano-no-hace-dano-o-si\/\">RDR Cannabis<\/a> del <a href=\"https:\/\/www.cannabis.es\/pw\/2020\/07\/01\/alerta-estigma-nuevo-observatorio-en-cataluna-identifica-malas-conductas\/\">Departamento de Salud de la Generalitat Catalana<\/a>, <\/strong>Patricia Amiguet. Lourdes Ciria, portavoz del Circulo Cann\u00e1bico de Podemos, Bernardo Soriano, de la organizaci\u00f3n de pol\u00edticas p\u00fablicas de drogas Regulaci\u00f3n Responsable, Carmen Mart\u00ednez de la organizaci\u00f3n con mismos fines GEPCA, el cann\u00e1bico del partido navarro Ram\u00f3n Morcillo, Ekaitz Agirregoitia, del Observatorio Espa\u00f1ol de Cannabis Medicinal (OECM), y el \u00ababogado de las drogas\u00bb, como nos ha reconocido alguna vez que se gan\u00f3 la fama entre el estigma del resto de colegiados hace ya 20 a\u00f1os, H\u00e9ctor Brotons, director de Brotsanbert.<\/p>\n\n\n\n<h2 class=\"wp-block-heading\"><strong>Pol\u00edtica<\/strong><\/h2>\n\n\n\n<p><strong>El mismo Brotons moderar\u00e1 a las 15:00h una mesa redonda de partidos pol\u00edticos, la que m\u00e1s expectaci\u00f3n est\u00e1 generando<\/strong>: nuestras entrevistadas de Podemos, ERC o M\u00e1s Pa\u00eds, <a href=\"https:\/\/www.cannabis.es\/pw\/2020\/10\/07\/lucia-munoz-portavoz-de-la-comision-de-adicciones-en-el-congreso-ojala-tengamos-regulacion-integral-al-final-de-la-legislatura\/\">Luc\u00eda Dalda<\/a>, <a href=\"https:\/\/www.cannabis.es\/pw\/2021\/01\/13\/rosique-erc-tendria-que-ser-el-gobierno-mas-favorable-habido\/\">Marta Rosique<\/a> y <a href=\"https:\/\/www.cannabis.es\/pw\/2020\/12\/17\/jorge-moruno-de-mas-madrid-es-un-momento-idoneo-para-regular-el-cannabis-pues-se-aproxima-una-crisis-economica-y-social\/\">Jorge Moruno<\/a>, junto a <a href=\"https:\/\/www.cannabis.es\/pw\/2020\/11\/18\/podemos-lleva-la-legalizacion-a-comision-con-el-psoe-en-contra-y-erc-y-pnv-pidiendo-explicaciones\/\">Daniel Viondi, comisionario de drogas del PSOE<\/a>,<a href=\"https:\/\/www.cannabis.es\/pw\/2018\/12\/05\/i-jornadas-cannabicas-en-valencia-dia-dos-la-politica\/\"> Josep Nadal<\/a>, <a href=\"https:\/\/www.cannabis.es\/pw\/2020\/06\/12\/el-forum-cannabic-valencia-asesorara-a-agricultura-desde-el-plan-de-reconstruccion-de-las-cortes\/\">Comprom\u00eds<\/a>, Juan Moreno, IU, Nerea Ahedo, PNV, y Guillermo D\u00edaz, Ciudadanos.<\/p>\n\n\n\n<figure class=\"wp-block-image size-large\"><img loading=\"lazy\" decoding=\"async\" width=\"804\" height=\"532\" src=\"https:\/\/www.cannabis.es\/pw\/wp-content\/uploads\/2021\/02\/collage-kenzi-rosique-dalda.jpg\" alt=\"\" class=\"wp-image-6651\" srcset=\"https:\/\/www.cannabis.es\/pw\/wp-content\/uploads\/2021\/02\/collage-kenzi-rosique-dalda.jpg 804w, https:\/\/www.cannabis.es\/pw\/wp-content\/uploads\/2021\/02\/collage-kenzi-rosique-dalda-300x199.jpg 300w, https:\/\/www.cannabis.es\/pw\/wp-content\/uploads\/2021\/02\/collage-kenzi-rosique-dalda-768x508.jpg 768w, https:\/\/www.cannabis.es\/pw\/wp-content\/uploads\/2021\/02\/collage-kenzi-rosique-dalda-600x397.jpg 600w\" sizes=\"auto, (max-width: 804px) 100vw, 804px\" \/><\/figure>\n\n\n\n<h2 class=\"wp-block-heading\"><strong>Cannabis Medicinal<\/strong><\/h2>\n\n\n\n<p><strong>A las 16:30, la <\/strong><em>Mesa redonda Cannabis medicinal abordar\u00e1 las implicaciones de la reclasificaci\u00f3n en la ONU de la planta<\/em>. Valeria Vidal, de INCAMED Argentina que brinda asistencia informativa y m\u00e9dica a pacientes; Francisco Pascual, de la asociaci\u00f3n de investigadores de la Salud Socidrogalcohol; Gemma Mart\u00ednez, de la Sociedad Cient\u00edfica Espa\u00f1ola de Enfermer\u00eda y Cannabis que promueve la formaci\u00f3n en sanitarios; Mario Land, de la Sociedad Cl\u00ednica de Endocannabinologia, quienes en la pr\u00e1ctica tratan a pacientes con la planta; Mariano Garc\u00eda de Palau, el investigador y m\u00e9dico cl\u00ednico en c\u00e1ncer desde Kalapa, en calidad de portavoz del Observatorio Medicinal; el periodista uruguayo Alfredo Pascual, de Marijuana Business Daily, y el abogado Fran Azor\u00edn de nuevo. Moderar\u00e1 el defensor de su uso herbal, sin detrimento de los medicamentos, desde la herencia cultural de la medicinal tradicional, el investigador Kenzi Riboulet.<\/p>\n\n\n\n<h2 class=\"wp-block-heading\"><strong>Cierre: hacia la nueva regulaci\u00f3n<\/strong><\/h2>\n\n\n\n<p>A las <strong>18:00h el exmagistrado del Tribual Supremo, <\/strong>Joaqu\u00edn Gim\u00e9nez, tratar\u00e1 la jurisprudencia y su evoluci\u00f3n, as\u00ed como los conflictos competenciales y la relaci\u00f3n de la justicia y la pol\u00edtica en la legalizaci\u00f3n. Pero la de Diego Olivera ser\u00e1 una de las ponencias m\u00e1s esperadas, al tratarse del pol\u00edtico exdirector de la Junta Nacional de Drogas de Uruguay, su organismo regulatorio que resolvi\u00f3 una legislaci\u00f3n que aprobar\u00eda el partido de Pepe Mujica. El abogado iatliano especialista en cannabis light o canapa, como llaman all\u00ed al c\u00e1\u00f1amo, <a href=\"https:\/\/www.cannabis.es\/pw\/2018\/12\/05\/i-jornadas-cannabicas-en-valencia-dia-dos-la-politica\/\">Giacomo Bulleri<\/a>, conversar\u00e1 al respecte de sus posibilidades internacionales, en Europa y Espa\u00f1a, con Joan Bertomeu, el especialista de Brotsanbert. Este \u00faltimo sacar\u00e1 a Ti\u00f3 a la palestra, que hoy cumple 84 d\u00edas en prisi\u00f3n.<\/p>\n\n\n\n<p><strong>Finalmente, a las 19:00h, el turno de las conclusiones de mano del profesor de antropolog\u00ed en Swansea,<\/strong><strong> <\/strong>Axel Klein, y de Jorge Bergua, polit\u00f3logo del organismo organizador.<\/p>\n","protected":false},"excerpt":{"rendered":"<span class=\"span-reading-time rt-reading-time\" style=\"display: block;\"><span class=\"rt-label rt-prefix\">Tiempo de lectura:<\/span> <span class=\"rt-time\"> 3<\/span> <span class=\"rt-label rt-postfix\">minutos<\/span><\/span>Arnau AlcaideEl Observatorio Europeo de Consumo y Cultivo de Cannabis organiza un Congreso para el jueves 18 con algunas de las mejores ponencias en ciencia, investigaci\u00f3n y derecho de Espa\u00f1a, as\u00ed como con una nutrida mesa de representantes de la pol\u00edtica. Repasamos el programa y qui\u00e9n es qui\u00e9n. Ciencia e investigaci\u00f3n multidisciplinar: el enfoque integral [&hellip;]","protected":false},"author":3,"featured_media":6651,"comment_status":"closed","ping_status":"closed","sticky":false,"template":"","format":"standard","meta":{"loftocean-featured-post":"","loftocean_post_format_gallery":"","loftocean_post_format_gallery_ids":"","loftocean_post_format_gallery_urls":"","loftocean_post_format_video_id":"","loftocean_post_format_video_url":"","loftocean_post_format_video_type":"","loftocean_post_format_video":"","loftocean_post_format_audio_type":"","loftocean_post_format_audio_url":"","loftocean_post_format_audio_id":"","loftocean_post_format_audio":"","loftocean_post_format_quote_text":"","loftocean_post_format_quote_byline":"","loftocean_post_format_link_text":"","loftocean_post_format_link_url":"","ceramag_post_header_style":"","ceramag_enable_background_video":"","ceramag_show_in_top_slider":"","ceramag_post_background_video_start":"","ceramag_post_background_video_end":"","loftocean_page_background_video_id":"","loftocean_page_background_video_url":"","loftocean_page_background_video_type":"","loftocean_page_background_video":"","ceramag_background_video_start":"","ceramag_background_video_end":"","ceramag_single_page_hide_header":"","footnotes":""},"categories":[35],"tags":[540,41,851,54,579],"class_list":["post-6649","post","type-post","status-publish","format-standard","has-post-thumbnail","hentry","category-politica-y-sociedad","tag-arnau-alcaide","tag-cannabis","tag-congreso","tag-legalizacion","tag-oeccc"],"yoast_head":"<!-- This site is optimized with the Yoast SEO plugin v24.9 - https:\/\/yoast.com\/wordpress\/plugins\/seo\/ -->\n<title>\u00bfQui\u00e9n es qui\u00e9n? I Congreso Internacional de Cannabis<\/title>\n<meta name=\"description\" content=\"Entrada &#8226; Portal multimedia sobre cannabis y otras sustancias &#8226; 10 febrero, 2021\" \/>\n<meta name=\"robots\" content=\"index, follow, max-snippet:-1, max-image-preview:large, max-video-preview:-1\" \/>\n<link rel=\"canonical\" href=\"https:\/\/www.cannabis.es\/pw\/2021\/02\/10\/quien-es-quien-1r-congreso-internacional-de-cannabis\/\" \/>\n<meta name=\"twitter:card\" content=\"summary_large_image\" \/>\n<meta name=\"twitter:title\" content=\"\u00bfQui\u00e9n es qui\u00e9n? I Congreso Internacional de Cannabis\" \/>\n<meta name=\"twitter:description\" content=\"Entrada &#8226; Portal multimedia sobre cannabis y otras sustancias &#8226; 10 febrero, 2021\" \/>\n<meta name=\"twitter:image\" content=\"https:\/\/www.cannabis.es\/pw\/wp-content\/uploads\/2021\/02\/collage-kenzi-rosique-dalda.jpg\" \/>\n<meta name=\"twitter:creator\" content=\"@cannabis_es\" \/>\n<meta name=\"twitter:site\" content=\"@cannabis_es\" \/>\n<meta name=\"twitter:label1\" content=\"Escrito por\" \/>\n\t<meta name=\"twitter:data1\" content=\"Cannabis.es\" \/>\n\t<meta name=\"twitter:label2\" content=\"Tiempo de lectura\" \/>\n\t<meta name=\"twitter:data2\" content=\"5 minutos\" \/>\n<script type=\"application\/ld+json\" class=\"yoast-schema-graph\">{\"@context\":\"https:\/\/schema.org\",\"@graph\":[{\"@type\":\"Article\",\"@id\":\"https:\/\/www.cannabis.es\/pw\/2021\/02\/10\/quien-es-quien-1r-congreso-internacional-de-cannabis\/#article\",\"isPartOf\":{\"@id\":\"https:\/\/www.cannabis.es\/pw\/2021\/02\/10\/quien-es-quien-1r-congreso-internacional-de-cannabis\/\"},\"author\":{\"name\":\"Cannabis.es\",\"@id\":\"https:\/\/www.cannabis.es\/pw\/#\/schema\/person\/ec770c03f3e99d770687f537f4ba1e89\"},\"headline\":\"\u00bfQui\u00e9n es qui\u00e9n? I Congreso Internacional de Cannabis\",\"datePublished\":\"2021-02-10T13:28:20+00:00\",\"dateModified\":\"2021-02-10T13:42:38+00:00\",\"mainEntityOfPage\":{\"@id\":\"https:\/\/www.cannabis.es\/pw\/2021\/02\/10\/quien-es-quien-1r-congreso-internacional-de-cannabis\/\"},\"wordCount\":957,\"publisher\":{\"@id\":\"https:\/\/www.cannabis.es\/pw\/#organization\"},\"image\":{\"@id\":\"https:\/\/www.cannabis.es\/pw\/2021\/02\/10\/quien-es-quien-1r-congreso-internacional-de-cannabis\/#primaryimage\"},\"thumbnailUrl\":\"https:\/\/www.cannabis.es\/pw\/wp-content\/uploads\/2021\/02\/collage-kenzi-rosique-dalda.jpg\",\"keywords\":[\"Arnau Alcaide\",\"cannabis\",\"congreso\",\"legalizaci\u00f3n\",\"OECCC\"],\"articleSection\":[\"Pol\u00edtica y Sociedad\"],\"inLanguage\":\"es\"},{\"@type\":\"WebPage\",\"@id\":\"https:\/\/www.cannabis.es\/pw\/2021\/02\/10\/quien-es-quien-1r-congreso-internacional-de-cannabis\/\",\"url\":\"https:\/\/www.cannabis.es\/pw\/2021\/02\/10\/quien-es-quien-1r-congreso-internacional-de-cannabis\/\",\"name\":\"\u00bfQui\u00e9n es qui\u00e9n? I Congreso Internacional de Cannabis\",\"isPartOf\":{\"@id\":\"https:\/\/www.cannabis.es\/pw\/#website\"},\"primaryImageOfPage\":{\"@id\":\"https:\/\/www.cannabis.es\/pw\/2021\/02\/10\/quien-es-quien-1r-congreso-internacional-de-cannabis\/#primaryimage\"},\"image\":{\"@id\":\"https:\/\/www.cannabis.es\/pw\/2021\/02\/10\/quien-es-quien-1r-congreso-internacional-de-cannabis\/#primaryimage\"},\"thumbnailUrl\":\"https:\/\/www.cannabis.es\/pw\/wp-content\/uploads\/2021\/02\/collage-kenzi-rosique-dalda.jpg\",\"datePublished\":\"2021-02-10T13:28:20+00:00\",\"dateModified\":\"2021-02-10T13:42:38+00:00\",\"description\":\"Entrada &#8226; Portal multimedia sobre cannabis y otras sustancias &#8226; 10 febrero, 2021\",\"breadcrumb\":{\"@id\":\"https:\/\/www.cannabis.es\/pw\/2021\/02\/10\/quien-es-quien-1r-congreso-internacional-de-cannabis\/#breadcrumb\"},\"inLanguage\":\"es\",\"potentialAction\":[{\"@type\":\"ReadAction\",\"target\":[\"https:\/\/www.cannabis.es\/pw\/2021\/02\/10\/quien-es-quien-1r-congreso-internacional-de-cannabis\/\"]}]},{\"@type\":\"ImageObject\",\"inLanguage\":\"es\",\"@id\":\"https:\/\/www.cannabis.es\/pw\/2021\/02\/10\/quien-es-quien-1r-congreso-internacional-de-cannabis\/#primaryimage\",\"url\":\"https:\/\/www.cannabis.es\/pw\/wp-content\/uploads\/2021\/02\/collage-kenzi-rosique-dalda.jpg\",\"contentUrl\":\"https:\/\/www.cannabis.es\/pw\/wp-content\/uploads\/2021\/02\/collage-kenzi-rosique-dalda.jpg\",\"width\":804,\"height\":532},{\"@type\":\"BreadcrumbList\",\"@id\":\"https:\/\/www.cannabis.es\/pw\/2021\/02\/10\/quien-es-quien-1r-congreso-internacional-de-cannabis\/#breadcrumb\",\"itemListElement\":[{\"@type\":\"ListItem\",\"position\":1,\"name\":\"Portada\",\"item\":\"http:\/\/www.cannabis.es\/pw\/\"},{\"@type\":\"ListItem\",\"position\":2,\"name\":\"\u00bfQui\u00e9n es qui\u00e9n? I Congreso Internacional de Cannabis\"}]},{\"@type\":\"WebSite\",\"@id\":\"https:\/\/www.cannabis.es\/pw\/#website\",\"url\":\"https:\/\/www.cannabis.es\/pw\/\",\"name\":\"Cannabis\",\"description\":\"Portal multimedia sobre cannabis y otras sustancias\",\"publisher\":{\"@id\":\"https:\/\/www.cannabis.es\/pw\/#organization\"},\"potentialAction\":[{\"@type\":\"SearchAction\",\"target\":{\"@type\":\"EntryPoint\",\"urlTemplate\":\"https:\/\/www.cannabis.es\/pw\/?s={search_term_string}\"},\"query-input\":{\"@type\":\"PropertyValueSpecification\",\"valueRequired\":true,\"valueName\":\"search_term_string\"}}],\"inLanguage\":\"es\"},{\"@type\":\"Organization\",\"@id\":\"https:\/\/www.cannabis.es\/pw\/#organization\",\"name\":\"Cannabis.es\",\"url\":\"https:\/\/www.cannabis.es\/pw\/\",\"logo\":{\"@type\":\"ImageObject\",\"inLanguage\":\"es\",\"@id\":\"https:\/\/www.cannabis.es\/pw\/#\/schema\/logo\/image\/\",\"url\":\"https:\/\/www.cannabis.es\/pw\/wp-content\/uploads\/2019\/04\/cropped-logo_cannabis.png\",\"contentUrl\":\"https:\/\/www.cannabis.es\/pw\/wp-content\/uploads\/2019\/04\/cropped-logo_cannabis.png\",\"width\":361,\"height\":120,\"caption\":\"Cannabis.es\"},\"image\":{\"@id\":\"https:\/\/www.cannabis.es\/pw\/#\/schema\/logo\/image\/\"},\"sameAs\":[\"https:\/\/x.com\/cannabis_es\"]},{\"@type\":\"Person\",\"@id\":\"https:\/\/www.cannabis.es\/pw\/#\/schema\/person\/ec770c03f3e99d770687f537f4ba1e89\",\"name\":\"Cannabis.es\",\"image\":{\"@type\":\"ImageObject\",\"inLanguage\":\"es\",\"@id\":\"https:\/\/www.cannabis.es\/pw\/#\/schema\/person\/image\/\",\"url\":\"https:\/\/secure.gravatar.com\/avatar\/810c93a3d6fadc3d9c2665b1d919a4aedea8ed4dd63689d001e985a804e90d83?s=96&d=mm&r=g\",\"contentUrl\":\"https:\/\/secure.gravatar.com\/avatar\/810c93a3d6fadc3d9c2665b1d919a4aedea8ed4dd63689d001e985a804e90d83?s=96&d=mm&r=g\",\"caption\":\"Cannabis.es\"},\"url\":\"https:\/\/www.cannabis.es\/pw\/author\/arnau\/\"}]}<\/script>\n<!-- \/ Yoast SEO plugin. -->","yoast_head_json":{"title":"\u00bfQui\u00e9n es qui\u00e9n? I Congreso Internacional de Cannabis","description":"Entrada &#8226; Portal multimedia sobre cannabis y otras sustancias &#8226; 10 febrero, 2021","robots":{"index":"index","follow":"follow","max-snippet":"max-snippet:-1","max-image-preview":"max-image-preview:large","max-video-preview":"max-video-preview:-1"},"canonical":"https:\/\/www.cannabis.es\/pw\/2021\/02\/10\/quien-es-quien-1r-congreso-internacional-de-cannabis\/","twitter_card":"summary_large_image","twitter_title":"\u00bfQui\u00e9n es qui\u00e9n? I Congreso Internacional de Cannabis","twitter_description":"Entrada &#8226; Portal multimedia sobre cannabis y otras sustancias &#8226; 10 febrero, 2021","twitter_image":"https:\/\/www.cannabis.es\/pw\/wp-content\/uploads\/2021\/02\/collage-kenzi-rosique-dalda.jpg","twitter_creator":"@cannabis_es","twitter_site":"@cannabis_es","twitter_misc":{"Escrito por":"Cannabis.es","Tiempo de lectura":"5 minutos"},"schema":{"@context":"https:\/\/schema.org","@graph":[{"@type":"Article","@id":"https:\/\/www.cannabis.es\/pw\/2021\/02\/10\/quien-es-quien-1r-congreso-internacional-de-cannabis\/#article","isPartOf":{"@id":"https:\/\/www.cannabis.es\/pw\/2021\/02\/10\/quien-es-quien-1r-congreso-internacional-de-cannabis\/"},"author":{"name":"Cannabis.es","@id":"https:\/\/www.cannabis.es\/pw\/#\/schema\/person\/ec770c03f3e99d770687f537f4ba1e89"},"headline":"\u00bfQui\u00e9n es qui\u00e9n? I Congreso Internacional de Cannabis","datePublished":"2021-02-10T13:28:20+00:00","dateModified":"2021-02-10T13:42:38+00:00","mainEntityOfPage":{"@id":"https:\/\/www.cannabis.es\/pw\/2021\/02\/10\/quien-es-quien-1r-congreso-internacional-de-cannabis\/"},"wordCount":957,"publisher":{"@id":"https:\/\/www.cannabis.es\/pw\/#organization"},"image":{"@id":"https:\/\/www.cannabis.es\/pw\/2021\/02\/10\/quien-es-quien-1r-congreso-internacional-de-cannabis\/#primaryimage"},"thumbnailUrl":"https:\/\/www.cannabis.es\/pw\/wp-content\/uploads\/2021\/02\/collage-kenzi-rosique-dalda.jpg","keywords":["Arnau Alcaide","cannabis","congreso","legalizaci\u00f3n","OECCC"],"articleSection":["Pol\u00edtica y Sociedad"],"inLanguage":"es"},{"@type":"WebPage","@id":"https:\/\/www.cannabis.es\/pw\/2021\/02\/10\/quien-es-quien-1r-congreso-internacional-de-cannabis\/","url":"https:\/\/www.cannabis.es\/pw\/2021\/02\/10\/quien-es-quien-1r-congreso-internacional-de-cannabis\/","name":"\u00bfQui\u00e9n es qui\u00e9n? I Congreso Internacional de Cannabis","isPartOf":{"@id":"https:\/\/www.cannabis.es\/pw\/#website"},"primaryImageOfPage":{"@id":"https:\/\/www.cannabis.es\/pw\/2021\/02\/10\/quien-es-quien-1r-congreso-internacional-de-cannabis\/#primaryimage"},"image":{"@id":"https:\/\/www.cannabis.es\/pw\/2021\/02\/10\/quien-es-quien-1r-congreso-internacional-de-cannabis\/#primaryimage"},"thumbnailUrl":"https:\/\/www.cannabis.es\/pw\/wp-content\/uploads\/2021\/02\/collage-kenzi-rosique-dalda.jpg","datePublished":"2021-02-10T13:28:20+00:00","dateModified":"2021-02-10T13:42:38+00:00","description":"Entrada &#8226; Portal multimedia sobre cannabis y otras sustancias &#8226; 10 febrero, 2021","breadcrumb":{"@id":"https:\/\/www.cannabis.es\/pw\/2021\/02\/10\/quien-es-quien-1r-congreso-internacional-de-cannabis\/#breadcrumb"},"inLanguage":"es","potentialAction":[{"@type":"ReadAction","target":["https:\/\/www.cannabis.es\/pw\/2021\/02\/10\/quien-es-quien-1r-congreso-internacional-de-cannabis\/"]}]},{"@type":"ImageObject","inLanguage":"es","@id":"https:\/\/www.cannabis.es\/pw\/2021\/02\/10\/quien-es-quien-1r-congreso-internacional-de-cannabis\/#primaryimage","url":"https:\/\/www.cannabis.es\/pw\/wp-content\/uploads\/2021\/02\/collage-kenzi-rosique-dalda.jpg","contentUrl":"https:\/\/www.cannabis.es\/pw\/wp-content\/uploads\/2021\/02\/collage-kenzi-rosique-dalda.jpg","width":804,"height":532},{"@type":"BreadcrumbList","@id":"https:\/\/www.cannabis.es\/pw\/2021\/02\/10\/quien-es-quien-1r-congreso-internacional-de-cannabis\/#breadcrumb","itemListElement":[{"@type":"ListItem","position":1,"name":"Portada","item":"http:\/\/www.cannabis.es\/pw\/"},{"@type":"ListItem","position":2,"name":"\u00bfQui\u00e9n es qui\u00e9n? I Congreso Internacional de Cannabis"}]},{"@type":"WebSite","@id":"https:\/\/www.cannabis.es\/pw\/#website","url":"https:\/\/www.cannabis.es\/pw\/","name":"Cannabis","description":"Portal multimedia sobre cannabis y otras sustancias","publisher":{"@id":"https:\/\/www.cannabis.es\/pw\/#organization"},"potentialAction":[{"@type":"SearchAction","target":{"@type":"EntryPoint","urlTemplate":"https:\/\/www.cannabis.es\/pw\/?s={search_term_string}"},"query-input":{"@type":"PropertyValueSpecification","valueRequired":true,"valueName":"search_term_string"}}],"inLanguage":"es"},{"@type":"Organization","@id":"https:\/\/www.cannabis.es\/pw\/#organization","name":"Cannabis.es","url":"https:\/\/www.cannabis.es\/pw\/","logo":{"@type":"ImageObject","inLanguage":"es","@id":"https:\/\/www.cannabis.es\/pw\/#\/schema\/logo\/image\/","url":"https:\/\/www.cannabis.es\/pw\/wp-content\/uploads\/2019\/04\/cropped-logo_cannabis.png","contentUrl":"https:\/\/www.cannabis.es\/pw\/wp-content\/uploads\/2019\/04\/cropped-logo_cannabis.png","width":361,"height":120,"caption":"Cannabis.es"},"image":{"@id":"https:\/\/www.cannabis.es\/pw\/#\/schema\/logo\/image\/"},"sameAs":["https:\/\/x.com\/cannabis_es"]},{"@type":"Person","@id":"https:\/\/www.cannabis.es\/pw\/#\/schema\/person\/ec770c03f3e99d770687f537f4ba1e89","name":"Cannabis.es","image":{"@type":"ImageObject","inLanguage":"es","@id":"https:\/\/www.cannabis.es\/pw\/#\/schema\/person\/image\/","url":"https:\/\/secure.gravatar.com\/avatar\/810c93a3d6fadc3d9c2665b1d919a4aedea8ed4dd63689d001e985a804e90d83?s=96&d=mm&r=g","contentUrl":"https:\/\/secure.gravatar.com\/avatar\/810c93a3d6fadc3d9c2665b1d919a4aedea8ed4dd63689d001e985a804e90d83?s=96&d=mm&r=g","caption":"Cannabis.es"},"url":"https:\/\/www.cannabis.es\/pw\/author\/arnau\/"}]}},"_links":{"self":[{"href":"https:\/\/www.cannabis.es\/pw\/wp-json\/wp\/v2\/posts\/6649","targetHints":{"allow":["GET"]}}],"collection":[{"href":"https:\/\/www.cannabis.es\/pw\/wp-json\/wp\/v2\/posts"}],"about":[{"href":"https:\/\/www.cannabis.es\/pw\/wp-json\/wp\/v2\/types\/post"}],"author":[{"embeddable":true,"href":"https:\/\/www.cannabis.es\/pw\/wp-json\/wp\/v2\/users\/3"}],"replies":[{"embeddable":true,"href":"https:\/\/www.cannabis.es\/pw\/wp-json\/wp\/v2\/comments?post=6649"}],"version-history":[{"count":5,"href":"https:\/\/www.cannabis.es\/pw\/wp-json\/wp\/v2\/posts\/6649\/revisions"}],"predecessor-version":[{"id":6658,"href":"https:\/\/www.cannabis.es\/pw\/wp-json\/wp\/v2\/posts\/6649\/revisions\/6658"}],"wp:featuredmedia":[{"embeddable":true,"href":"https:\/\/www.cannabis.es\/pw\/wp-json\/wp\/v2\/media\/6651"}],"wp:attachment":[{"href":"https:\/\/www.cannabis.es\/pw\/wp-json\/wp\/v2\/media?parent=6649"}],"wp:term":[{"taxonomy":"category","embeddable":true,"href":"https:\/\/www.cannabis.es\/pw\/wp-json\/wp\/v2\/categories?post=6649"},{"taxonomy":"post_tag","embeddable":true,"href":"https:\/\/www.cannabis.es\/pw\/wp-json\/wp\/v2\/tags?post=6649"}],"curies":[{"name":"wp","href":"https:\/\/api.w.org\/{rel}","templated":true}]}}