{"id":6659,"date":"2021-02-11T13:44:28","date_gmt":"2021-02-11T12:44:28","guid":{"rendered":"https:\/\/www.cannabis.es\/pw\/?p=6659"},"modified":"2021-02-11T13:49:00","modified_gmt":"2021-02-11T12:49:00","slug":"nepal-busca-regresar-a-la-legalizacion-del-cannabis","status":"publish","type":"post","link":"https:\/\/www.cannabis.es\/pw\/2021\/02\/11\/nepal-busca-regresar-a-la-legalizacion-del-cannabis\/","title":{"rendered":"Nepal busca regresar a la legalizaci\u00f3n del cannabis"},"content":{"rendered":"\n<p>Benito D\u00edaz<\/p>\n\n\n\n<p>La reciente entrevista al diputado Sher Bahadur Tamang en la televisi\u00f3n nepal\u00ed ha puesto de actualidad el tema de la legalizaci\u00f3n del cannabis en el pa\u00eds. El pol\u00edtico, perteneciente a la rama marxista-maoista del Prachanda-Nepal, explic\u00f3 los motivos por los cuales la Cannabis deb\u00eda volver a la normalidad, destacando su potencial econ\u00f3mico en la agricultura, sus beneficios m\u00e9dicos y el acervo cultural que les une a la planta.<\/p>\n\n\n\n<p>La Cannabis fue <strong>prohibida en Nepal durante la d\u00e9cada de los 70<\/strong>, debido a las presiones de EEUU al respecto de sus legislaciones internacionales, bajo la bandera de \u201cLa Guerra contra las Drogas\u201d.<\/p>\n\n\n\n<p>Las autoridades suelen hacer excepciones en la reglamentaci\u00f3n, a veces teniendo en cuenta la cultura de muchas de las religiones que conforman su Estado, como el culto a Shiva por parte de los rastas Shadus, en cuyo festival de Maha Shivaratri el 11 de marzo se consume cannabis al aire libre sin restricciones. <\/p>\n\n\n\n<p>Sin embargo, la prohibici\u00f3n sobre el cultivo y la venta traen consigo la corrupci\u00f3n institucional y la proliferaci\u00f3n de mafias, que convirtieron al pa\u00eds en una <strong>fuente exportadora de hach\u00eds internacional<\/strong>, fruto a su vez de su tradici\u00f3n de resina prensada a mano, llamada charas.<\/p>\n\n\n\n<figure class=\"wp-block-image size-large\"><img loading=\"lazy\" decoding=\"async\" width=\"804\" height=\"532\" src=\"https:\/\/www.cannabis.es\/pw\/wp-content\/uploads\/2021\/02\/legalizacion-nepal.jpg\" alt=\"\" class=\"wp-image-6661\" srcset=\"https:\/\/www.cannabis.es\/pw\/wp-content\/uploads\/2021\/02\/legalizacion-nepal.jpg 804w, https:\/\/www.cannabis.es\/pw\/wp-content\/uploads\/2021\/02\/legalizacion-nepal-300x199.jpg 300w, https:\/\/www.cannabis.es\/pw\/wp-content\/uploads\/2021\/02\/legalizacion-nepal-768x508.jpg 768w, https:\/\/www.cannabis.es\/pw\/wp-content\/uploads\/2021\/02\/legalizacion-nepal-600x397.jpg 600w\" sizes=\"auto, (max-width: 804px) 100vw, 804px\" \/><\/figure>\n\n\n\n<h2 class=\"wp-block-heading\"><strong>Propuesta<\/strong><\/h2>\n\n\n\n<p>Sher Bahadur Tamang, apareci\u00f3 en el programa de m\u00e1xima audiencia \u201cSaglo Samaj\u201d el pasado enero, donde se someti\u00f3 a las preguntas del presentador, Kanak Mani. <em><span class=\"has-inline-color has-luminous-vivid-orange-color\">\u201cDespu\u00e9s de recibir comentarios del equipo de investigaci\u00f3n, presentamos este proyecto de ley en el Parlamento. Creemos que esta es una de las formas de aliviar la pobreza rural. Tambi\u00e9n llega en un momento en el que hay un impulso internacional para legalizar no solo la marihuana medicinal, y el uso de la planta para muchos prop\u00f3sitos, incluido el cannabis recreativo\u201d<\/span><\/em>, explic\u00f3 el pol\u00edtico. Recalc\u00f3 que gran n\u00famero de personas en Nepal considera que el uso recreativo del cannabis es perjudicial e incorrecto, y que aquellos que lo consumen son relegados a un gen\u00e9rico \u201cadictos a las drogas\u201d como resultado de las medidas aplicadas por EEUU. <em><span class=\"has-inline-color has-luminous-vivid-orange-color\">\u201cUn pa\u00eds que ahora est\u00e1 regulando y abriendo el mercado de ese mismo cannabis\u201d<\/span>, <\/em>declar\u00f3 Tamang, llegando a destacar que <strong>el pueblo nepal\u00ed hab\u00eda sido enga\u00f1ado en contra de su tradici\u00f3n milenaria<\/strong>.<\/p>\n\n\n\n<p>\u201c<em>En un momento en que el consumo de marihuana se est\u00e1 volviendo cada vez m\u00e1s abierto y legal a nivel mundial, el discurso tambi\u00e9n est\u00e1 ganando impulso r\u00e1pidamente aqu\u00ed en casa\u201d<\/em>, declar\u00f3 Nahadur Tamang.<\/p>\n\n\n\n<p>En el contexto econ\u00f3mico, el antiguo ministro destac\u00f3 el clima privilegiado de Nepal, donde la planta se ha dado al aire libre durante su historia, abaratando los costos de cultivar bajo invernadero o interiores, sumando el factor de cultivo org\u00e1nico y natural<em>. \u201cPor <\/em><a href=\"https:\/\/www.cannabis.es\/pw\/2019\/10\/11\/rojo-morado-o-azul-la-pigmentacion-del-cannabis-ante-el-frio\/\"><em>ejemplo, la Purple Haze<\/em><\/a><em>, <span class=\"has-inline-color has-luminous-vivid-orange-color\">un tipo de marihuana muy potente, crece de forma salvaje en la regi\u00f3n de Himalaya perteneciente a Nepal. Es valiosa y podr\u00eda ser un importante cultivo comercial. La econom\u00eda nacional se beneficiar\u00e1 de ello. Pero modificar la ley actual no ser\u00e1 suficiente. Es necesario que haya una junta reguladora para decidir cu\u00e1nto control tienen los gobiernos locales sobre el cultivo, cu\u00e1nta tierra se asignar\u00e1 a los agricultores y cu\u00e1nto se les permitir\u00e1 cultivar. Los gobiernos locales tambi\u00e9n podr\u00edan obtener un cierto porcentaje de los ingresos obtenidos de la producci\u00f3n\u201d<\/span><\/em>, analiz\u00f3 Tamang. Declar\u00f3 tambi\u00e9n que cree <a href=\"https:\/\/www.cannabis.es\/pw\/2020\/12\/03\/la-onu-reconoce-el-valor-terapeutico-de-la-cannabis-desambiguandola\/\">que las Naciones Unidas<\/a><strong> legalizar\u00e1n la planta e incluso alentar\u00e1n al mundo a plantarla<\/strong>, pues <em>\u201clos amplios beneficios son demasiado importantes para ignorarlos\u201d.<\/em><\/p>\n\n\n\n<p>En la actualidad, tanto el cultivo como la venta, como la producci\u00f3n para fines terap\u00e9uticos, est\u00e1n prohibidas en Nepal. A pesar de ello y de las multas que puede acarrear, puede encontrarse cannabis y charas en las calles de Katmand\u00fa y otras localidades, por precios muy reducidos y enorme calidad.<\/p>\n\n\n\n<h2 class=\"wp-block-heading\"><strong>Historia<\/strong><\/h2>\n\n\n\n<p>El cultivo del cannabis en la regi\u00f3n de Nepal se pierde en la noche de los tiempos. Como hemos <a href=\"https:\/\/www.cannabis.es\/pw\/2017\/08\/23\/hablan-los-rastafaris-principales-asociaciones-en-espana\/\">mencionado, los rastas<\/a> Shadus, una rama religiosa importante en la zona, usan el Cannabis en sus sacramentos, mejorando de esta forma la comunicaci\u00f3n con su deidad principal, Shiva. El sincretismo de la comunidad nepal\u00ed, incluye tambi\u00e9n a budistas, pues no en vano, el lugar de nacimiento de Siddharta Gautama \u201cBuda\u201d, se encuentra en su territorio, en la localidad de Lumbini.<\/p>\n\n\n\n<p>El Cannabis de la zona, pese a no ser una novedad, es identificado y catalogado por exploradores europeos alrededor del SXIX, es en la d\u00e9cada de los 60 cuando vive su primera expansi\u00f3n. Viajeros venidos de todo el mundo, atra\u00eddos por la cultura Hippy y el cannabis, poblaron las calles de las ciudades en busca de iluminaci\u00f3n espiritual.<\/p>\n\n\n\n<p>Uno de los centros de venta m\u00e1s conocidos fue la \u201cFreak Street\u201d donde abundaban las tiendas de marihuana legal, bajo licencia. Al aumentar la demanda, los cultivos y producciones legales de Cannabis se extendieron, brindando ping\u00fces beneficios a la poblaci\u00f3n local.<strong> En 1972, Nepal se hab\u00eda convertido en uno de los principales productores de hach\u00eds del mundo. Todo cambi\u00f3 al a\u00f1o siguiente, cuando el gobierno, presionado por la comunidad internacional y EEUU, anul\u00f3 todas las licencias y deport\u00f3 a los principales comerciantes de cannabis a la India.<\/strong><\/p>\n\n\n\n<p><strong>Este movimiento se ha calculado en p\u00e9rdidas de hasta 100.000 millones de d\u00f3lares para el pueblo nepal\u00ed<\/strong>, ya de por si deprimido por los fen\u00f3menos naturales y la cruenta guerra civil llevada a cabo hasta la entrada de la democracia en 1991 y la sustituci\u00f3n de la monarqu\u00eda por una rep\u00fablica en 2005.<\/p>\n\n\n\n<p>Nepal lucha por adaptarse a los tiempos, desde hace d\u00e9cadas. Como bien describ\u00edan los escritores y viajeros, Carlos Arnal y Miguel Portillo, en su libro de 1977, \u00bfViaje al Ed\u00e9n?, <em>\u201cEl Nepal est\u00e1 cambiando\u2026 mientras tanto, sus monta\u00f1as contin\u00faan all\u00ed\u201d.<\/em><\/p>\n","protected":false},"excerpt":{"rendered":"<span class=\"span-reading-time rt-reading-time\" style=\"display: block;\"><span class=\"rt-label rt-prefix\">Tiempo de lectura:<\/span> <span class=\"rt-time\"> 4<\/span> <span class=\"rt-label rt-postfix\">minutos<\/span><\/span>Benito D\u00edaz La reciente entrevista al diputado Sher Bahadur Tamang en la televisi\u00f3n nepal\u00ed ha puesto de actualidad el tema de la legalizaci\u00f3n del cannabis en el pa\u00eds. El pol\u00edtico, perteneciente a la rama marxista-maoista del Prachanda-Nepal, explic\u00f3 los motivos por los cuales la Cannabis deb\u00eda volver a la normalidad, destacando su potencial econ\u00f3mico en [&hellip;]","protected":false},"author":3,"featured_media":6661,"comment_status":"closed","ping_status":"closed","sticky":false,"template":"","format":"standard","meta":{"loftocean-featured-post":"","loftocean_post_format_gallery":"","loftocean_post_format_gallery_ids":"","loftocean_post_format_gallery_urls":"","loftocean_post_format_video_id":"","loftocean_post_format_video_url":"","loftocean_post_format_video_type":"","loftocean_post_format_video":"","loftocean_post_format_audio_type":"","loftocean_post_format_audio_url":"","loftocean_post_format_audio_id":"","loftocean_post_format_audio":"","loftocean_post_format_quote_text":"","loftocean_post_format_quote_byline":"","loftocean_post_format_link_text":"","loftocean_post_format_link_url":"","ceramag_post_header_style":"","ceramag_enable_background_video":"","ceramag_show_in_top_slider":"","ceramag_post_background_video_start":"","ceramag_post_background_video_end":"","loftocean_page_background_video_id":"","loftocean_page_background_video_url":"","loftocean_page_background_video_type":"","loftocean_page_background_video":"","ceramag_background_video_start":"","ceramag_background_video_end":"","ceramag_single_page_hide_header":"","footnotes":""},"categories":[35],"tags":[43,690,54,42],"class_list":["post-6659","post","type-post","status-publish","format-standard","has-post-thumbnail","hentry","category-politica-y-sociedad","tag-benito-diaz","tag-guerra-contra-las-drogas","tag-legalizacion","tag-politica"],"yoast_head":"<!-- This site is optimized with the Yoast SEO plugin v24.9 - https:\/\/yoast.com\/wordpress\/plugins\/seo\/ -->\n<title>Nepal busca regresar a la legalizaci\u00f3n del cannabis<\/title>\n<meta name=\"description\" content=\"Entrada &#8226; Portal multimedia sobre cannabis y otras sustancias &#8226; 11 febrero, 2021\" \/>\n<meta name=\"robots\" content=\"index, follow, max-snippet:-1, max-image-preview:large, max-video-preview:-1\" \/>\n<link rel=\"canonical\" href=\"https:\/\/www.cannabis.es\/pw\/2021\/02\/11\/nepal-busca-regresar-a-la-legalizacion-del-cannabis\/\" \/>\n<meta name=\"twitter:card\" content=\"summary_large_image\" \/>\n<meta name=\"twitter:title\" content=\"Nepal busca regresar a la legalizaci\u00f3n del cannabis\" \/>\n<meta name=\"twitter:description\" content=\"Entrada &#8226; Portal multimedia sobre cannabis y otras sustancias &#8226; 11 febrero, 2021\" \/>\n<meta name=\"twitter:image\" content=\"https:\/\/www.cannabis.es\/pw\/wp-content\/uploads\/2021\/02\/legalizacion-nepal.jpg\" \/>\n<meta name=\"twitter:creator\" content=\"@cannabis_es\" \/>\n<meta name=\"twitter:site\" content=\"@cannabis_es\" \/>\n<meta name=\"twitter:label1\" content=\"Escrito por\" \/>\n\t<meta name=\"twitter:data1\" content=\"Cannabis.es\" \/>\n\t<meta name=\"twitter:label2\" content=\"Tiempo de lectura\" \/>\n\t<meta name=\"twitter:data2\" content=\"5 minutos\" \/>\n<script type=\"application\/ld+json\" class=\"yoast-schema-graph\">{\"@context\":\"https:\/\/schema.org\",\"@graph\":[{\"@type\":\"Article\",\"@id\":\"https:\/\/www.cannabis.es\/pw\/2021\/02\/11\/nepal-busca-regresar-a-la-legalizacion-del-cannabis\/#article\",\"isPartOf\":{\"@id\":\"https:\/\/www.cannabis.es\/pw\/2021\/02\/11\/nepal-busca-regresar-a-la-legalizacion-del-cannabis\/\"},\"author\":{\"name\":\"Cannabis.es\",\"@id\":\"https:\/\/www.cannabis.es\/pw\/#\/schema\/person\/ec770c03f3e99d770687f537f4ba1e89\"},\"headline\":\"Nepal busca regresar a la legalizaci\u00f3n del cannabis\",\"datePublished\":\"2021-02-11T12:44:28+00:00\",\"dateModified\":\"2021-02-11T12:49:00+00:00\",\"mainEntityOfPage\":{\"@id\":\"https:\/\/www.cannabis.es\/pw\/2021\/02\/11\/nepal-busca-regresar-a-la-legalizacion-del-cannabis\/\"},\"wordCount\":1005,\"publisher\":{\"@id\":\"https:\/\/www.cannabis.es\/pw\/#organization\"},\"image\":{\"@id\":\"https:\/\/www.cannabis.es\/pw\/2021\/02\/11\/nepal-busca-regresar-a-la-legalizacion-del-cannabis\/#primaryimage\"},\"thumbnailUrl\":\"https:\/\/www.cannabis.es\/pw\/wp-content\/uploads\/2021\/02\/legalizacion-nepal.jpg\",\"keywords\":[\"Benito D\u00edaz\",\"guerra contra las drogas\",\"legalizaci\u00f3n\",\"pol\u00edtica\"],\"articleSection\":[\"Pol\u00edtica y Sociedad\"],\"inLanguage\":\"es\"},{\"@type\":\"WebPage\",\"@id\":\"https:\/\/www.cannabis.es\/pw\/2021\/02\/11\/nepal-busca-regresar-a-la-legalizacion-del-cannabis\/\",\"url\":\"https:\/\/www.cannabis.es\/pw\/2021\/02\/11\/nepal-busca-regresar-a-la-legalizacion-del-cannabis\/\",\"name\":\"Nepal busca regresar a la legalizaci\u00f3n del cannabis\",\"isPartOf\":{\"@id\":\"https:\/\/www.cannabis.es\/pw\/#website\"},\"primaryImageOfPage\":{\"@id\":\"https:\/\/www.cannabis.es\/pw\/2021\/02\/11\/nepal-busca-regresar-a-la-legalizacion-del-cannabis\/#primaryimage\"},\"image\":{\"@id\":\"https:\/\/www.cannabis.es\/pw\/2021\/02\/11\/nepal-busca-regresar-a-la-legalizacion-del-cannabis\/#primaryimage\"},\"thumbnailUrl\":\"https:\/\/www.cannabis.es\/pw\/wp-content\/uploads\/2021\/02\/legalizacion-nepal.jpg\",\"datePublished\":\"2021-02-11T12:44:28+00:00\",\"dateModified\":\"2021-02-11T12:49:00+00:00\",\"description\":\"Entrada &#8226; Portal multimedia sobre cannabis y otras sustancias &#8226; 11 febrero, 2021\",\"breadcrumb\":{\"@id\":\"https:\/\/www.cannabis.es\/pw\/2021\/02\/11\/nepal-busca-regresar-a-la-legalizacion-del-cannabis\/#breadcrumb\"},\"inLanguage\":\"es\",\"potentialAction\":[{\"@type\":\"ReadAction\",\"target\":[\"https:\/\/www.cannabis.es\/pw\/2021\/02\/11\/nepal-busca-regresar-a-la-legalizacion-del-cannabis\/\"]}]},{\"@type\":\"ImageObject\",\"inLanguage\":\"es\",\"@id\":\"https:\/\/www.cannabis.es\/pw\/2021\/02\/11\/nepal-busca-regresar-a-la-legalizacion-del-cannabis\/#primaryimage\",\"url\":\"https:\/\/www.cannabis.es\/pw\/wp-content\/uploads\/2021\/02\/legalizacion-nepal.jpg\",\"contentUrl\":\"https:\/\/www.cannabis.es\/pw\/wp-content\/uploads\/2021\/02\/legalizacion-nepal.jpg\",\"width\":804,\"height\":532},{\"@type\":\"BreadcrumbList\",\"@id\":\"https:\/\/www.cannabis.es\/pw\/2021\/02\/11\/nepal-busca-regresar-a-la-legalizacion-del-cannabis\/#breadcrumb\",\"itemListElement\":[{\"@type\":\"ListItem\",\"position\":1,\"name\":\"Portada\",\"item\":\"http:\/\/www.cannabis.es\/pw\/\"},{\"@type\":\"ListItem\",\"position\":2,\"name\":\"Nepal busca regresar a la legalizaci\u00f3n del cannabis\"}]},{\"@type\":\"WebSite\",\"@id\":\"https:\/\/www.cannabis.es\/pw\/#website\",\"url\":\"https:\/\/www.cannabis.es\/pw\/\",\"name\":\"Cannabis\",\"description\":\"Portal multimedia sobre cannabis y otras sustancias\",\"publisher\":{\"@id\":\"https:\/\/www.cannabis.es\/pw\/#organization\"},\"potentialAction\":[{\"@type\":\"SearchAction\",\"target\":{\"@type\":\"EntryPoint\",\"urlTemplate\":\"https:\/\/www.cannabis.es\/pw\/?s={search_term_string}\"},\"query-input\":{\"@type\":\"PropertyValueSpecification\",\"valueRequired\":true,\"valueName\":\"search_term_string\"}}],\"inLanguage\":\"es\"},{\"@type\":\"Organization\",\"@id\":\"https:\/\/www.cannabis.es\/pw\/#organization\",\"name\":\"Cannabis.es\",\"url\":\"https:\/\/www.cannabis.es\/pw\/\",\"logo\":{\"@type\":\"ImageObject\",\"inLanguage\":\"es\",\"@id\":\"https:\/\/www.cannabis.es\/pw\/#\/schema\/logo\/image\/\",\"url\":\"https:\/\/www.cannabis.es\/pw\/wp-content\/uploads\/2019\/04\/cropped-logo_cannabis.png\",\"contentUrl\":\"https:\/\/www.cannabis.es\/pw\/wp-content\/uploads\/2019\/04\/cropped-logo_cannabis.png\",\"width\":361,\"height\":120,\"caption\":\"Cannabis.es\"},\"image\":{\"@id\":\"https:\/\/www.cannabis.es\/pw\/#\/schema\/logo\/image\/\"},\"sameAs\":[\"https:\/\/x.com\/cannabis_es\"]},{\"@type\":\"Person\",\"@id\":\"https:\/\/www.cannabis.es\/pw\/#\/schema\/person\/ec770c03f3e99d770687f537f4ba1e89\",\"name\":\"Cannabis.es\",\"image\":{\"@type\":\"ImageObject\",\"inLanguage\":\"es\",\"@id\":\"https:\/\/www.cannabis.es\/pw\/#\/schema\/person\/image\/\",\"url\":\"https:\/\/secure.gravatar.com\/avatar\/810c93a3d6fadc3d9c2665b1d919a4aedea8ed4dd63689d001e985a804e90d83?s=96&d=mm&r=g\",\"contentUrl\":\"https:\/\/secure.gravatar.com\/avatar\/810c93a3d6fadc3d9c2665b1d919a4aedea8ed4dd63689d001e985a804e90d83?s=96&d=mm&r=g\",\"caption\":\"Cannabis.es\"},\"url\":\"https:\/\/www.cannabis.es\/pw\/author\/arnau\/\"}]}<\/script>\n<!-- \/ Yoast SEO plugin. -->","yoast_head_json":{"title":"Nepal busca regresar a la legalizaci\u00f3n del cannabis","description":"Entrada &#8226; Portal multimedia sobre cannabis y otras sustancias &#8226; 11 febrero, 2021","robots":{"index":"index","follow":"follow","max-snippet":"max-snippet:-1","max-image-preview":"max-image-preview:large","max-video-preview":"max-video-preview:-1"},"canonical":"https:\/\/www.cannabis.es\/pw\/2021\/02\/11\/nepal-busca-regresar-a-la-legalizacion-del-cannabis\/","twitter_card":"summary_large_image","twitter_title":"Nepal busca regresar a la legalizaci\u00f3n del cannabis","twitter_description":"Entrada &#8226; Portal multimedia sobre cannabis y otras sustancias &#8226; 11 febrero, 2021","twitter_image":"https:\/\/www.cannabis.es\/pw\/wp-content\/uploads\/2021\/02\/legalizacion-nepal.jpg","twitter_creator":"@cannabis_es","twitter_site":"@cannabis_es","twitter_misc":{"Escrito por":"Cannabis.es","Tiempo de lectura":"5 minutos"},"schema":{"@context":"https:\/\/schema.org","@graph":[{"@type":"Article","@id":"https:\/\/www.cannabis.es\/pw\/2021\/02\/11\/nepal-busca-regresar-a-la-legalizacion-del-cannabis\/#article","isPartOf":{"@id":"https:\/\/www.cannabis.es\/pw\/2021\/02\/11\/nepal-busca-regresar-a-la-legalizacion-del-cannabis\/"},"author":{"name":"Cannabis.es","@id":"https:\/\/www.cannabis.es\/pw\/#\/schema\/person\/ec770c03f3e99d770687f537f4ba1e89"},"headline":"Nepal busca regresar a la legalizaci\u00f3n del cannabis","datePublished":"2021-02-11T12:44:28+00:00","dateModified":"2021-02-11T12:49:00+00:00","mainEntityOfPage":{"@id":"https:\/\/www.cannabis.es\/pw\/2021\/02\/11\/nepal-busca-regresar-a-la-legalizacion-del-cannabis\/"},"wordCount":1005,"publisher":{"@id":"https:\/\/www.cannabis.es\/pw\/#organization"},"image":{"@id":"https:\/\/www.cannabis.es\/pw\/2021\/02\/11\/nepal-busca-regresar-a-la-legalizacion-del-cannabis\/#primaryimage"},"thumbnailUrl":"https:\/\/www.cannabis.es\/pw\/wp-content\/uploads\/2021\/02\/legalizacion-nepal.jpg","keywords":["Benito D\u00edaz","guerra contra las drogas","legalizaci\u00f3n","pol\u00edtica"],"articleSection":["Pol\u00edtica y Sociedad"],"inLanguage":"es"},{"@type":"WebPage","@id":"https:\/\/www.cannabis.es\/pw\/2021\/02\/11\/nepal-busca-regresar-a-la-legalizacion-del-cannabis\/","url":"https:\/\/www.cannabis.es\/pw\/2021\/02\/11\/nepal-busca-regresar-a-la-legalizacion-del-cannabis\/","name":"Nepal busca regresar a la legalizaci\u00f3n del cannabis","isPartOf":{"@id":"https:\/\/www.cannabis.es\/pw\/#website"},"primaryImageOfPage":{"@id":"https:\/\/www.cannabis.es\/pw\/2021\/02\/11\/nepal-busca-regresar-a-la-legalizacion-del-cannabis\/#primaryimage"},"image":{"@id":"https:\/\/www.cannabis.es\/pw\/2021\/02\/11\/nepal-busca-regresar-a-la-legalizacion-del-cannabis\/#primaryimage"},"thumbnailUrl":"https:\/\/www.cannabis.es\/pw\/wp-content\/uploads\/2021\/02\/legalizacion-nepal.jpg","datePublished":"2021-02-11T12:44:28+00:00","dateModified":"2021-02-11T12:49:00+00:00","description":"Entrada &#8226; Portal multimedia sobre cannabis y otras sustancias &#8226; 11 febrero, 2021","breadcrumb":{"@id":"https:\/\/www.cannabis.es\/pw\/2021\/02\/11\/nepal-busca-regresar-a-la-legalizacion-del-cannabis\/#breadcrumb"},"inLanguage":"es","potentialAction":[{"@type":"ReadAction","target":["https:\/\/www.cannabis.es\/pw\/2021\/02\/11\/nepal-busca-regresar-a-la-legalizacion-del-cannabis\/"]}]},{"@type":"ImageObject","inLanguage":"es","@id":"https:\/\/www.cannabis.es\/pw\/2021\/02\/11\/nepal-busca-regresar-a-la-legalizacion-del-cannabis\/#primaryimage","url":"https:\/\/www.cannabis.es\/pw\/wp-content\/uploads\/2021\/02\/legalizacion-nepal.jpg","contentUrl":"https:\/\/www.cannabis.es\/pw\/wp-content\/uploads\/2021\/02\/legalizacion-nepal.jpg","width":804,"height":532},{"@type":"BreadcrumbList","@id":"https:\/\/www.cannabis.es\/pw\/2021\/02\/11\/nepal-busca-regresar-a-la-legalizacion-del-cannabis\/#breadcrumb","itemListElement":[{"@type":"ListItem","position":1,"name":"Portada","item":"http:\/\/www.cannabis.es\/pw\/"},{"@type":"ListItem","position":2,"name":"Nepal busca regresar a la legalizaci\u00f3n del cannabis"}]},{"@type":"WebSite","@id":"https:\/\/www.cannabis.es\/pw\/#website","url":"https:\/\/www.cannabis.es\/pw\/","name":"Cannabis","description":"Portal multimedia sobre cannabis y otras sustancias","publisher":{"@id":"https:\/\/www.cannabis.es\/pw\/#organization"},"potentialAction":[{"@type":"SearchAction","target":{"@type":"EntryPoint","urlTemplate":"https:\/\/www.cannabis.es\/pw\/?s={search_term_string}"},"query-input":{"@type":"PropertyValueSpecification","valueRequired":true,"valueName":"search_term_string"}}],"inLanguage":"es"},{"@type":"Organization","@id":"https:\/\/www.cannabis.es\/pw\/#organization","name":"Cannabis.es","url":"https:\/\/www.cannabis.es\/pw\/","logo":{"@type":"ImageObject","inLanguage":"es","@id":"https:\/\/www.cannabis.es\/pw\/#\/schema\/logo\/image\/","url":"https:\/\/www.cannabis.es\/pw\/wp-content\/uploads\/2019\/04\/cropped-logo_cannabis.png","contentUrl":"https:\/\/www.cannabis.es\/pw\/wp-content\/uploads\/2019\/04\/cropped-logo_cannabis.png","width":361,"height":120,"caption":"Cannabis.es"},"image":{"@id":"https:\/\/www.cannabis.es\/pw\/#\/schema\/logo\/image\/"},"sameAs":["https:\/\/x.com\/cannabis_es"]},{"@type":"Person","@id":"https:\/\/www.cannabis.es\/pw\/#\/schema\/person\/ec770c03f3e99d770687f537f4ba1e89","name":"Cannabis.es","image":{"@type":"ImageObject","inLanguage":"es","@id":"https:\/\/www.cannabis.es\/pw\/#\/schema\/person\/image\/","url":"https:\/\/secure.gravatar.com\/avatar\/810c93a3d6fadc3d9c2665b1d919a4aedea8ed4dd63689d001e985a804e90d83?s=96&d=mm&r=g","contentUrl":"https:\/\/secure.gravatar.com\/avatar\/810c93a3d6fadc3d9c2665b1d919a4aedea8ed4dd63689d001e985a804e90d83?s=96&d=mm&r=g","caption":"Cannabis.es"},"url":"https:\/\/www.cannabis.es\/pw\/author\/arnau\/"}]}},"_links":{"self":[{"href":"https:\/\/www.cannabis.es\/pw\/wp-json\/wp\/v2\/posts\/6659","targetHints":{"allow":["GET"]}}],"collection":[{"href":"https:\/\/www.cannabis.es\/pw\/wp-json\/wp\/v2\/posts"}],"about":[{"href":"https:\/\/www.cannabis.es\/pw\/wp-json\/wp\/v2\/types\/post"}],"author":[{"embeddable":true,"href":"https:\/\/www.cannabis.es\/pw\/wp-json\/wp\/v2\/users\/3"}],"replies":[{"embeddable":true,"href":"https:\/\/www.cannabis.es\/pw\/wp-json\/wp\/v2\/comments?post=6659"}],"version-history":[{"count":3,"href":"https:\/\/www.cannabis.es\/pw\/wp-json\/wp\/v2\/posts\/6659\/revisions"}],"predecessor-version":[{"id":6663,"href":"https:\/\/www.cannabis.es\/pw\/wp-json\/wp\/v2\/posts\/6659\/revisions\/6663"}],"wp:featuredmedia":[{"embeddable":true,"href":"https:\/\/www.cannabis.es\/pw\/wp-json\/wp\/v2\/media\/6661"}],"wp:attachment":[{"href":"https:\/\/www.cannabis.es\/pw\/wp-json\/wp\/v2\/media?parent=6659"}],"wp:term":[{"taxonomy":"category","embeddable":true,"href":"https:\/\/www.cannabis.es\/pw\/wp-json\/wp\/v2\/categories?post=6659"},{"taxonomy":"post_tag","embeddable":true,"href":"https:\/\/www.cannabis.es\/pw\/wp-json\/wp\/v2\/tags?post=6659"}],"curies":[{"name":"wp","href":"https:\/\/api.w.org\/{rel}","templated":true}]}}