{"id":6672,"date":"2021-02-17T13:58:26","date_gmt":"2021-02-17T12:58:26","guid":{"rendered":"https:\/\/www.cannabis.es\/pw\/?p=6672"},"modified":"2021-02-17T13:58:28","modified_gmt":"2021-02-17T12:58:28","slug":"el-mapa-de-la-prision-por-drogas-es-el-gran-fracaso-de-la-prohibicion","status":"publish","type":"post","link":"https:\/\/www.cannabis.es\/pw\/2021\/02\/17\/el-mapa-de-la-prision-por-drogas-es-el-gran-fracaso-de-la-prohibicion\/","title":{"rendered":"El mapa de la prisi\u00f3n por drogas es el gran fracaso de la prohibici\u00f3n"},"content":{"rendered":"\n<p>Arnau Alcaide<br><br>El mapa de las v\u00edctimas de la Guerra contra las Drogas nos ense\u00f1a un panorama global desolador de poblaci\u00f3n encarcelada por todo el mundo como consecuencia de una pol\u00edtica fracasada. La de penar las drogas es una pol\u00edtica <a href=\"https:\/\/www.cannabis.es\/pw\/2019\/07\/12\/prision-sexista-racista-y-de-clase-en-la-guerra-contra-las-drogas\/\">sexista, racista y de clase<\/a> que castiga de forma desigual a los pa\u00edses. Su consecuencia final, la c\u00e1rcel, es la cara m\u00e1s visible de la represi\u00f3n: una decisi\u00f3n pol\u00edtica hecha ley, no una consecuencia natural, por la que se opta en lugar de integrar a personas usuarias y productoras desde la prevenci\u00f3n integradora no estigmatizante.<br><br>Es importante destacar que los delitos de drogas son la principal causa de c\u00e1rcel para mujeres, delitos sin v\u00edctima que castigan con la privaci\u00f3n m\u00e1s elevada. Tambi\u00e9n que se castiga a las minor\u00edas \u00e9tnicas muy por encima de su representaci\u00f3n en la poblaci\u00f3n. Las cifras listadas se basan en el <a href=\"https:\/\/wp.unil.ch\/space\/files\/2017\/04\/SPACE_I_2015_FinalReport_161215_REV170425.pdf\">informe europeo Space<\/a>, aunque en una versi\u00f3n posterior, el <a href=\"https:\/\/www.unodc.org\/documents\/ungass2016\/Contributions\/Civil\/PenalReform\/Drugs_and_imprisonment_PRI_submission_UNGASS.pdf\">informe de Naciones Unidas <\/a>cifra el porcentaje de poblaci\u00f3n presa por drogas de <a href=\"https:\/\/www.cannabis.es\/pw\/2020\/07\/21\/detienen-en-italia-al-historico-activista-franco-casalone-es-canamo\/\">Italia <\/a>en 39%, y el de Espa\u00f1a, en 26%. Esto se debe a que no son cifras muy transparentes, o no est\u00e1n bien indexadas y es complicado llegar a ellas. Los datos que ofrece el Estado espa\u00f1ol, por ejemplo, separan los delitos contra la salud p\u00fablica, en los que hay delitos de drogas, y una categor\u00eda de drogas que solo contiene el 6%; es este informe el que no los esclarece; Francia, sin embargo, consta sin datos.<\/p>\n\n\n\n<figure class=\"wp-block-image size-large\"><img loading=\"lazy\" decoding=\"async\" width=\"700\" height=\"490\" src=\"https:\/\/www.cannabis.es\/pw\/wp-content\/uploads\/2021\/02\/portada-poblacion-carcel.jpg\" alt=\"\" class=\"wp-image-6674\" srcset=\"https:\/\/www.cannabis.es\/pw\/wp-content\/uploads\/2021\/02\/portada-poblacion-carcel.jpg 700w, https:\/\/www.cannabis.es\/pw\/wp-content\/uploads\/2021\/02\/portada-poblacion-carcel-300x210.jpg 300w, https:\/\/www.cannabis.es\/pw\/wp-content\/uploads\/2021\/02\/portada-poblacion-carcel-600x420.jpg 600w\" sizes=\"auto, (max-width: 700px) 100vw, 700px\" \/><\/figure>\n\n\n\n<h2 class=\"wp-block-heading\"><strong>Europa<\/strong><\/h2>\n\n\n\n<p><strong>-Porcentajes de presos de presos por pa\u00eds: <\/strong>Albania 19%, Alemania 13%, Austria 16%, Bulgaria 7%, Croacia 12%, Chipre 28%, Dinamarca 24%, Estonia 28%, Finlandia 19%, Georgia 30%, <a href=\"https:\/\/www.cannabis.es\/pw\/2019\/09\/02\/grecia-utiliza-el-trafico-de-drogas-en-barrios-ocupados-de-atenas-para-desahuciar-a-refugiados-y-anarquistas\/\">Grecia 30%<\/a>, Hungr\u00eda 3%, Islandia 28%, Irlanda 13%, Italia 31%, Letonia 13%, Lituania 13, Luxemburgo 26%, Portugal 20%, Espa\u00f1a 23%, Reino Unido 14%, Turqu\u00eda 17%<\/p>\n\n\n\n<p><strong>-1\/4 mujeres presa por delito de drogas<br><br>-Cantidades absolutas significativas de presos por drogas: <\/strong>Turqu\u00eda 23600, Espa\u00f1a 12.300, Italia 10.500, Reino Unido 10400, Alemania 6800, Georgia 2700, Portugal 2300, Grecia 2150<\/p>\n\n\n\n<figure class=\"wp-block-image size-large\"><img loading=\"lazy\" decoding=\"async\" width=\"500\" height=\"500\" src=\"https:\/\/www.cannabis.es\/pw\/wp-content\/uploads\/2021\/02\/EU_A-1.jpg\" alt=\"\" class=\"wp-image-6676\" srcset=\"https:\/\/www.cannabis.es\/pw\/wp-content\/uploads\/2021\/02\/EU_A-1.jpg 500w, https:\/\/www.cannabis.es\/pw\/wp-content\/uploads\/2021\/02\/EU_A-1-300x300.jpg 300w, https:\/\/www.cannabis.es\/pw\/wp-content\/uploads\/2021\/02\/EU_A-1-150x150.jpg 150w\" sizes=\"auto, (max-width: 500px) 100vw, 500px\" \/><\/figure>\n\n\n\n<h2 class=\"wp-block-heading\"><strong>\u00c1frica<\/strong><\/h2>\n\n\n\n<p>Con pocos datos al respecto del continente, T\u00fanez, al otro lado del Mediterr\u00e1neo, cuenta con 8000 presos, un 30%, y 7\/10\u00b4mujeres presas por motivo de drogas, una aproximaci\u00f3n en la que hay que tener en cuenta que estos son datos de un pa\u00eds democr\u00e1tico, solitaria excepci\u00f3n al otro lado de las aguas.<\/p>\n\n\n\n<h2 class=\"wp-block-heading\"><strong>Am\u00e9rica<\/strong><\/h2>\n\n\n\n<figure class=\"wp-block-image size-large\"><img loading=\"lazy\" decoding=\"async\" width=\"500\" height=\"500\" src=\"https:\/\/www.cannabis.es\/pw\/wp-content\/uploads\/2021\/02\/AM.jpg\" alt=\"\" class=\"wp-image-6677\" srcset=\"https:\/\/www.cannabis.es\/pw\/wp-content\/uploads\/2021\/02\/AM.jpg 500w, https:\/\/www.cannabis.es\/pw\/wp-content\/uploads\/2021\/02\/AM-300x300.jpg 300w, https:\/\/www.cannabis.es\/pw\/wp-content\/uploads\/2021\/02\/AM-150x150.jpg 150w\" sizes=\"auto, (max-width: 500px) 100vw, 500px\" \/><\/figure>\n\n\n\n<p>Ecuador: 13.100, 34% de la poblaci\u00f3n, 8\/10 mujeres presas por drogas<\/p>\n\n\n\n<p>Per\u00fa: 23.140, el 24% de la poblaci\u00f3n, 7\/10 mujeres<br><br>En pa\u00edses como <a href=\"https:\/\/www.cannabis.es\/pw\/2019\/11\/20\/prorroga-a-la-regulacion-integral-en-mexico\/\">M\u00e9xico<\/a> o <a href=\"https:\/\/www.cannabis.es\/pw\/2020\/11\/16\/argentina-legaliza-el-cannabis-medicinal-y-su-autocultivo\/\">Argentina<\/a>, con datos menos transparentes, s\u00ed sabemos que 5\/10 y 7\/10 mujeres est\u00e1n presas por motivo de drogas.<\/p>\n\n\n\n<h2 class=\"wp-block-heading\"><strong>Asia y Ocean\u00eda<\/strong><\/h2>\n\n\n\n<p>En estos continentes podemos ver el contraste de Tailandia, con un 65% de presos por motivo de drogas, con el 12% de Australia. Mientras que el segundo es un pa\u00eds eminentemente consumidor, con uno de los poderes adquisitivos m\u00e1s altos del mundo, el primero es un pa\u00eds productor que sufre las consecuencias de la prohibici\u00f3n, <a href=\"https:\/\/www.cannabis.es\/pw\/2021\/02\/11\/nepal-busca-regresar-a-la-legalizacion-del-cannabis\/\">al haber tenido que perseguir, durante medio siglo, una planta de su flora<\/a> arraigada en una <a href=\"https:\/\/www.cannabis.es\/pw\/2020\/09\/16\/como-regular-el-cannabis-para-desarrollar-la-agenda-2030\/\">poblaci\u00f3n principalmente agr\u00edcola, privada de poseer cultivos de valor y del acceso a la medicina tradicional de su tierra<\/a> en detrimento de la occidental que no pueden costear. <a href=\"https:\/\/www.cannabis.es\/pw\/2019\/12\/23\/tailandia-legaliza-el-autocultivo-como-suministro-estatal-descentralizado\/\">Algo de lo que el pa\u00eds evidencia haberse percatado con cambios legislativos en cannabis.<\/a><\/p>\n\n\n\n<figure class=\"wp-block-image size-large\"><img loading=\"lazy\" decoding=\"async\" width=\"500\" height=\"500\" src=\"https:\/\/www.cannabis.es\/pw\/wp-content\/uploads\/2021\/02\/AS_OC.jpg\" alt=\"\" class=\"wp-image-6678\" srcset=\"https:\/\/www.cannabis.es\/pw\/wp-content\/uploads\/2021\/02\/AS_OC.jpg 500w, https:\/\/www.cannabis.es\/pw\/wp-content\/uploads\/2021\/02\/AS_OC-300x300.jpg 300w, https:\/\/www.cannabis.es\/pw\/wp-content\/uploads\/2021\/02\/AS_OC-150x150.jpg 150w\" sizes=\"auto, (max-width: 500px) 100vw, 500px\" \/><\/figure>\n","protected":false},"excerpt":{"rendered":"<span class=\"span-reading-time rt-reading-time\" style=\"display: block;\"><span class=\"rt-label rt-prefix\">Tiempo de lectura:<\/span> <span class=\"rt-time\"> 2<\/span> <span class=\"rt-label rt-postfix\">minutos<\/span><\/span>Arnau AlcaideEl mapa de las v\u00edctimas de la Guerra contra las Drogas nos ense\u00f1a un panorama global desolador de poblaci\u00f3n encarcelada por todo el mundo como consecuencia de una pol\u00edtica fracasada. La de penar las drogas es una pol\u00edtica sexista, racista y de clase que castiga de forma desigual a los pa\u00edses. Su consecuencia final, [&hellip;]","protected":false},"author":3,"featured_media":6674,"comment_status":"closed","ping_status":"closed","sticky":false,"template":"","format":"standard","meta":{"loftocean-featured-post":"","loftocean_post_format_gallery":"","loftocean_post_format_gallery_ids":"","loftocean_post_format_gallery_urls":"","loftocean_post_format_video_id":"","loftocean_post_format_video_url":"","loftocean_post_format_video_type":"","loftocean_post_format_video":"","loftocean_post_format_audio_type":"","loftocean_post_format_audio_url":"","loftocean_post_format_audio_id":"","loftocean_post_format_audio":"","loftocean_post_format_quote_text":"","loftocean_post_format_quote_byline":"","loftocean_post_format_link_text":"","loftocean_post_format_link_url":"","ceramag_post_header_style":"","ceramag_enable_background_video":"","ceramag_show_in_top_slider":"","ceramag_post_background_video_start":"","ceramag_post_background_video_end":"","loftocean_page_background_video_id":"","loftocean_page_background_video_url":"","loftocean_page_background_video_type":"","loftocean_page_background_video":"","ceramag_background_video_start":"","ceramag_background_video_end":"","ceramag_single_page_hide_header":"","footnotes":""},"categories":[35],"tags":[540,690,54,42,59],"class_list":["post-6672","post","type-post","status-publish","format-standard","has-post-thumbnail","hentry","category-politica-y-sociedad","tag-arnau-alcaide","tag-guerra-contra-las-drogas","tag-legalizacion","tag-politica","tag-prohibicionismo"],"yoast_head":"<!-- This site is optimized with the Yoast SEO plugin v24.9 - https:\/\/yoast.com\/wordpress\/plugins\/seo\/ -->\n<title>El mapa de la prisi\u00f3n por drogas es el gran fracaso de la prohibici\u00f3n<\/title>\n<meta name=\"description\" content=\"Entrada &#8226; Portal multimedia sobre cannabis y otras sustancias &#8226; 17 febrero, 2021\" \/>\n<meta name=\"robots\" content=\"index, follow, max-snippet:-1, max-image-preview:large, max-video-preview:-1\" \/>\n<link rel=\"canonical\" href=\"https:\/\/www.cannabis.es\/pw\/2021\/02\/17\/el-mapa-de-la-prision-por-drogas-es-el-gran-fracaso-de-la-prohibicion\/\" \/>\n<meta name=\"twitter:card\" content=\"summary_large_image\" \/>\n<meta name=\"twitter:title\" content=\"El mapa de la prisi\u00f3n por drogas es el gran fracaso de la prohibici\u00f3n\" \/>\n<meta name=\"twitter:description\" content=\"Entrada &#8226; Portal multimedia sobre cannabis y otras sustancias &#8226; 17 febrero, 2021\" \/>\n<meta name=\"twitter:image\" content=\"https:\/\/www.cannabis.es\/pw\/wp-content\/uploads\/2021\/02\/portada-poblacion-carcel.jpg\" \/>\n<meta name=\"twitter:creator\" content=\"@cannabis_es\" \/>\n<meta name=\"twitter:site\" content=\"@cannabis_es\" \/>\n<meta name=\"twitter:label1\" content=\"Escrito por\" \/>\n\t<meta name=\"twitter:data1\" content=\"Cannabis.es\" \/>\n\t<meta name=\"twitter:label2\" content=\"Tiempo de lectura\" \/>\n\t<meta name=\"twitter:data2\" content=\"4 minutos\" \/>\n<script type=\"application\/ld+json\" class=\"yoast-schema-graph\">{\"@context\":\"https:\/\/schema.org\",\"@graph\":[{\"@type\":\"Article\",\"@id\":\"https:\/\/www.cannabis.es\/pw\/2021\/02\/17\/el-mapa-de-la-prision-por-drogas-es-el-gran-fracaso-de-la-prohibicion\/#article\",\"isPartOf\":{\"@id\":\"https:\/\/www.cannabis.es\/pw\/2021\/02\/17\/el-mapa-de-la-prision-por-drogas-es-el-gran-fracaso-de-la-prohibicion\/\"},\"author\":{\"name\":\"Cannabis.es\",\"@id\":\"https:\/\/www.cannabis.es\/pw\/#\/schema\/person\/ec770c03f3e99d770687f537f4ba1e89\"},\"headline\":\"El mapa de la prisi\u00f3n por drogas es el gran fracaso de la prohibici\u00f3n\",\"datePublished\":\"2021-02-17T12:58:26+00:00\",\"dateModified\":\"2021-02-17T12:58:28+00:00\",\"mainEntityOfPage\":{\"@id\":\"https:\/\/www.cannabis.es\/pw\/2021\/02\/17\/el-mapa-de-la-prision-por-drogas-es-el-gran-fracaso-de-la-prohibicion\/\"},\"wordCount\":565,\"publisher\":{\"@id\":\"https:\/\/www.cannabis.es\/pw\/#organization\"},\"image\":{\"@id\":\"https:\/\/www.cannabis.es\/pw\/2021\/02\/17\/el-mapa-de-la-prision-por-drogas-es-el-gran-fracaso-de-la-prohibicion\/#primaryimage\"},\"thumbnailUrl\":\"https:\/\/www.cannabis.es\/pw\/wp-content\/uploads\/2021\/02\/portada-poblacion-carcel.jpg\",\"keywords\":[\"Arnau Alcaide\",\"guerra contra las drogas\",\"legalizaci\u00f3n\",\"pol\u00edtica\",\"prohibicionismo\"],\"articleSection\":[\"Pol\u00edtica y Sociedad\"],\"inLanguage\":\"es\"},{\"@type\":\"WebPage\",\"@id\":\"https:\/\/www.cannabis.es\/pw\/2021\/02\/17\/el-mapa-de-la-prision-por-drogas-es-el-gran-fracaso-de-la-prohibicion\/\",\"url\":\"https:\/\/www.cannabis.es\/pw\/2021\/02\/17\/el-mapa-de-la-prision-por-drogas-es-el-gran-fracaso-de-la-prohibicion\/\",\"name\":\"El mapa de la prisi\u00f3n por drogas es el gran fracaso de la prohibici\u00f3n\",\"isPartOf\":{\"@id\":\"https:\/\/www.cannabis.es\/pw\/#website\"},\"primaryImageOfPage\":{\"@id\":\"https:\/\/www.cannabis.es\/pw\/2021\/02\/17\/el-mapa-de-la-prision-por-drogas-es-el-gran-fracaso-de-la-prohibicion\/#primaryimage\"},\"image\":{\"@id\":\"https:\/\/www.cannabis.es\/pw\/2021\/02\/17\/el-mapa-de-la-prision-por-drogas-es-el-gran-fracaso-de-la-prohibicion\/#primaryimage\"},\"thumbnailUrl\":\"https:\/\/www.cannabis.es\/pw\/wp-content\/uploads\/2021\/02\/portada-poblacion-carcel.jpg\",\"datePublished\":\"2021-02-17T12:58:26+00:00\",\"dateModified\":\"2021-02-17T12:58:28+00:00\",\"description\":\"Entrada &#8226; Portal multimedia sobre cannabis y otras sustancias &#8226; 17 febrero, 2021\",\"breadcrumb\":{\"@id\":\"https:\/\/www.cannabis.es\/pw\/2021\/02\/17\/el-mapa-de-la-prision-por-drogas-es-el-gran-fracaso-de-la-prohibicion\/#breadcrumb\"},\"inLanguage\":\"es\",\"potentialAction\":[{\"@type\":\"ReadAction\",\"target\":[\"https:\/\/www.cannabis.es\/pw\/2021\/02\/17\/el-mapa-de-la-prision-por-drogas-es-el-gran-fracaso-de-la-prohibicion\/\"]}]},{\"@type\":\"ImageObject\",\"inLanguage\":\"es\",\"@id\":\"https:\/\/www.cannabis.es\/pw\/2021\/02\/17\/el-mapa-de-la-prision-por-drogas-es-el-gran-fracaso-de-la-prohibicion\/#primaryimage\",\"url\":\"https:\/\/www.cannabis.es\/pw\/wp-content\/uploads\/2021\/02\/portada-poblacion-carcel.jpg\",\"contentUrl\":\"https:\/\/www.cannabis.es\/pw\/wp-content\/uploads\/2021\/02\/portada-poblacion-carcel.jpg\",\"width\":700,\"height\":490},{\"@type\":\"BreadcrumbList\",\"@id\":\"https:\/\/www.cannabis.es\/pw\/2021\/02\/17\/el-mapa-de-la-prision-por-drogas-es-el-gran-fracaso-de-la-prohibicion\/#breadcrumb\",\"itemListElement\":[{\"@type\":\"ListItem\",\"position\":1,\"name\":\"Portada\",\"item\":\"http:\/\/www.cannabis.es\/pw\/\"},{\"@type\":\"ListItem\",\"position\":2,\"name\":\"El mapa de la prisi\u00f3n por drogas es el gran fracaso de la prohibici\u00f3n\"}]},{\"@type\":\"WebSite\",\"@id\":\"https:\/\/www.cannabis.es\/pw\/#website\",\"url\":\"https:\/\/www.cannabis.es\/pw\/\",\"name\":\"Cannabis\",\"description\":\"Portal multimedia sobre cannabis y otras sustancias\",\"publisher\":{\"@id\":\"https:\/\/www.cannabis.es\/pw\/#organization\"},\"potentialAction\":[{\"@type\":\"SearchAction\",\"target\":{\"@type\":\"EntryPoint\",\"urlTemplate\":\"https:\/\/www.cannabis.es\/pw\/?s={search_term_string}\"},\"query-input\":{\"@type\":\"PropertyValueSpecification\",\"valueRequired\":true,\"valueName\":\"search_term_string\"}}],\"inLanguage\":\"es\"},{\"@type\":\"Organization\",\"@id\":\"https:\/\/www.cannabis.es\/pw\/#organization\",\"name\":\"Cannabis.es\",\"url\":\"https:\/\/www.cannabis.es\/pw\/\",\"logo\":{\"@type\":\"ImageObject\",\"inLanguage\":\"es\",\"@id\":\"https:\/\/www.cannabis.es\/pw\/#\/schema\/logo\/image\/\",\"url\":\"https:\/\/www.cannabis.es\/pw\/wp-content\/uploads\/2019\/04\/cropped-logo_cannabis.png\",\"contentUrl\":\"https:\/\/www.cannabis.es\/pw\/wp-content\/uploads\/2019\/04\/cropped-logo_cannabis.png\",\"width\":361,\"height\":120,\"caption\":\"Cannabis.es\"},\"image\":{\"@id\":\"https:\/\/www.cannabis.es\/pw\/#\/schema\/logo\/image\/\"},\"sameAs\":[\"https:\/\/x.com\/cannabis_es\"]},{\"@type\":\"Person\",\"@id\":\"https:\/\/www.cannabis.es\/pw\/#\/schema\/person\/ec770c03f3e99d770687f537f4ba1e89\",\"name\":\"Cannabis.es\",\"image\":{\"@type\":\"ImageObject\",\"inLanguage\":\"es\",\"@id\":\"https:\/\/www.cannabis.es\/pw\/#\/schema\/person\/image\/\",\"url\":\"https:\/\/secure.gravatar.com\/avatar\/810c93a3d6fadc3d9c2665b1d919a4aedea8ed4dd63689d001e985a804e90d83?s=96&d=mm&r=g\",\"contentUrl\":\"https:\/\/secure.gravatar.com\/avatar\/810c93a3d6fadc3d9c2665b1d919a4aedea8ed4dd63689d001e985a804e90d83?s=96&d=mm&r=g\",\"caption\":\"Cannabis.es\"},\"url\":\"https:\/\/www.cannabis.es\/pw\/author\/arnau\/\"}]}<\/script>\n<!-- \/ Yoast SEO plugin. -->","yoast_head_json":{"title":"El mapa de la prisi\u00f3n por drogas es el gran fracaso de la prohibici\u00f3n","description":"Entrada &#8226; Portal multimedia sobre cannabis y otras sustancias &#8226; 17 febrero, 2021","robots":{"index":"index","follow":"follow","max-snippet":"max-snippet:-1","max-image-preview":"max-image-preview:large","max-video-preview":"max-video-preview:-1"},"canonical":"https:\/\/www.cannabis.es\/pw\/2021\/02\/17\/el-mapa-de-la-prision-por-drogas-es-el-gran-fracaso-de-la-prohibicion\/","twitter_card":"summary_large_image","twitter_title":"El mapa de la prisi\u00f3n por drogas es el gran fracaso de la prohibici\u00f3n","twitter_description":"Entrada &#8226; Portal multimedia sobre cannabis y otras sustancias &#8226; 17 febrero, 2021","twitter_image":"https:\/\/www.cannabis.es\/pw\/wp-content\/uploads\/2021\/02\/portada-poblacion-carcel.jpg","twitter_creator":"@cannabis_es","twitter_site":"@cannabis_es","twitter_misc":{"Escrito por":"Cannabis.es","Tiempo de lectura":"4 minutos"},"schema":{"@context":"https:\/\/schema.org","@graph":[{"@type":"Article","@id":"https:\/\/www.cannabis.es\/pw\/2021\/02\/17\/el-mapa-de-la-prision-por-drogas-es-el-gran-fracaso-de-la-prohibicion\/#article","isPartOf":{"@id":"https:\/\/www.cannabis.es\/pw\/2021\/02\/17\/el-mapa-de-la-prision-por-drogas-es-el-gran-fracaso-de-la-prohibicion\/"},"author":{"name":"Cannabis.es","@id":"https:\/\/www.cannabis.es\/pw\/#\/schema\/person\/ec770c03f3e99d770687f537f4ba1e89"},"headline":"El mapa de la prisi\u00f3n por drogas es el gran fracaso de la prohibici\u00f3n","datePublished":"2021-02-17T12:58:26+00:00","dateModified":"2021-02-17T12:58:28+00:00","mainEntityOfPage":{"@id":"https:\/\/www.cannabis.es\/pw\/2021\/02\/17\/el-mapa-de-la-prision-por-drogas-es-el-gran-fracaso-de-la-prohibicion\/"},"wordCount":565,"publisher":{"@id":"https:\/\/www.cannabis.es\/pw\/#organization"},"image":{"@id":"https:\/\/www.cannabis.es\/pw\/2021\/02\/17\/el-mapa-de-la-prision-por-drogas-es-el-gran-fracaso-de-la-prohibicion\/#primaryimage"},"thumbnailUrl":"https:\/\/www.cannabis.es\/pw\/wp-content\/uploads\/2021\/02\/portada-poblacion-carcel.jpg","keywords":["Arnau Alcaide","guerra contra las drogas","legalizaci\u00f3n","pol\u00edtica","prohibicionismo"],"articleSection":["Pol\u00edtica y Sociedad"],"inLanguage":"es"},{"@type":"WebPage","@id":"https:\/\/www.cannabis.es\/pw\/2021\/02\/17\/el-mapa-de-la-prision-por-drogas-es-el-gran-fracaso-de-la-prohibicion\/","url":"https:\/\/www.cannabis.es\/pw\/2021\/02\/17\/el-mapa-de-la-prision-por-drogas-es-el-gran-fracaso-de-la-prohibicion\/","name":"El mapa de la prisi\u00f3n por drogas es el gran fracaso de la prohibici\u00f3n","isPartOf":{"@id":"https:\/\/www.cannabis.es\/pw\/#website"},"primaryImageOfPage":{"@id":"https:\/\/www.cannabis.es\/pw\/2021\/02\/17\/el-mapa-de-la-prision-por-drogas-es-el-gran-fracaso-de-la-prohibicion\/#primaryimage"},"image":{"@id":"https:\/\/www.cannabis.es\/pw\/2021\/02\/17\/el-mapa-de-la-prision-por-drogas-es-el-gran-fracaso-de-la-prohibicion\/#primaryimage"},"thumbnailUrl":"https:\/\/www.cannabis.es\/pw\/wp-content\/uploads\/2021\/02\/portada-poblacion-carcel.jpg","datePublished":"2021-02-17T12:58:26+00:00","dateModified":"2021-02-17T12:58:28+00:00","description":"Entrada &#8226; Portal multimedia sobre cannabis y otras sustancias &#8226; 17 febrero, 2021","breadcrumb":{"@id":"https:\/\/www.cannabis.es\/pw\/2021\/02\/17\/el-mapa-de-la-prision-por-drogas-es-el-gran-fracaso-de-la-prohibicion\/#breadcrumb"},"inLanguage":"es","potentialAction":[{"@type":"ReadAction","target":["https:\/\/www.cannabis.es\/pw\/2021\/02\/17\/el-mapa-de-la-prision-por-drogas-es-el-gran-fracaso-de-la-prohibicion\/"]}]},{"@type":"ImageObject","inLanguage":"es","@id":"https:\/\/www.cannabis.es\/pw\/2021\/02\/17\/el-mapa-de-la-prision-por-drogas-es-el-gran-fracaso-de-la-prohibicion\/#primaryimage","url":"https:\/\/www.cannabis.es\/pw\/wp-content\/uploads\/2021\/02\/portada-poblacion-carcel.jpg","contentUrl":"https:\/\/www.cannabis.es\/pw\/wp-content\/uploads\/2021\/02\/portada-poblacion-carcel.jpg","width":700,"height":490},{"@type":"BreadcrumbList","@id":"https:\/\/www.cannabis.es\/pw\/2021\/02\/17\/el-mapa-de-la-prision-por-drogas-es-el-gran-fracaso-de-la-prohibicion\/#breadcrumb","itemListElement":[{"@type":"ListItem","position":1,"name":"Portada","item":"http:\/\/www.cannabis.es\/pw\/"},{"@type":"ListItem","position":2,"name":"El mapa de la prisi\u00f3n por drogas es el gran fracaso de la prohibici\u00f3n"}]},{"@type":"WebSite","@id":"https:\/\/www.cannabis.es\/pw\/#website","url":"https:\/\/www.cannabis.es\/pw\/","name":"Cannabis","description":"Portal multimedia sobre cannabis y otras sustancias","publisher":{"@id":"https:\/\/www.cannabis.es\/pw\/#organization"},"potentialAction":[{"@type":"SearchAction","target":{"@type":"EntryPoint","urlTemplate":"https:\/\/www.cannabis.es\/pw\/?s={search_term_string}"},"query-input":{"@type":"PropertyValueSpecification","valueRequired":true,"valueName":"search_term_string"}}],"inLanguage":"es"},{"@type":"Organization","@id":"https:\/\/www.cannabis.es\/pw\/#organization","name":"Cannabis.es","url":"https:\/\/www.cannabis.es\/pw\/","logo":{"@type":"ImageObject","inLanguage":"es","@id":"https:\/\/www.cannabis.es\/pw\/#\/schema\/logo\/image\/","url":"https:\/\/www.cannabis.es\/pw\/wp-content\/uploads\/2019\/04\/cropped-logo_cannabis.png","contentUrl":"https:\/\/www.cannabis.es\/pw\/wp-content\/uploads\/2019\/04\/cropped-logo_cannabis.png","width":361,"height":120,"caption":"Cannabis.es"},"image":{"@id":"https:\/\/www.cannabis.es\/pw\/#\/schema\/logo\/image\/"},"sameAs":["https:\/\/x.com\/cannabis_es"]},{"@type":"Person","@id":"https:\/\/www.cannabis.es\/pw\/#\/schema\/person\/ec770c03f3e99d770687f537f4ba1e89","name":"Cannabis.es","image":{"@type":"ImageObject","inLanguage":"es","@id":"https:\/\/www.cannabis.es\/pw\/#\/schema\/person\/image\/","url":"https:\/\/secure.gravatar.com\/avatar\/810c93a3d6fadc3d9c2665b1d919a4aedea8ed4dd63689d001e985a804e90d83?s=96&d=mm&r=g","contentUrl":"https:\/\/secure.gravatar.com\/avatar\/810c93a3d6fadc3d9c2665b1d919a4aedea8ed4dd63689d001e985a804e90d83?s=96&d=mm&r=g","caption":"Cannabis.es"},"url":"https:\/\/www.cannabis.es\/pw\/author\/arnau\/"}]}},"_links":{"self":[{"href":"https:\/\/www.cannabis.es\/pw\/wp-json\/wp\/v2\/posts\/6672","targetHints":{"allow":["GET"]}}],"collection":[{"href":"https:\/\/www.cannabis.es\/pw\/wp-json\/wp\/v2\/posts"}],"about":[{"href":"https:\/\/www.cannabis.es\/pw\/wp-json\/wp\/v2\/types\/post"}],"author":[{"embeddable":true,"href":"https:\/\/www.cannabis.es\/pw\/wp-json\/wp\/v2\/users\/3"}],"replies":[{"embeddable":true,"href":"https:\/\/www.cannabis.es\/pw\/wp-json\/wp\/v2\/comments?post=6672"}],"version-history":[{"count":2,"href":"https:\/\/www.cannabis.es\/pw\/wp-json\/wp\/v2\/posts\/6672\/revisions"}],"predecessor-version":[{"id":6679,"href":"https:\/\/www.cannabis.es\/pw\/wp-json\/wp\/v2\/posts\/6672\/revisions\/6679"}],"wp:featuredmedia":[{"embeddable":true,"href":"https:\/\/www.cannabis.es\/pw\/wp-json\/wp\/v2\/media\/6674"}],"wp:attachment":[{"href":"https:\/\/www.cannabis.es\/pw\/wp-json\/wp\/v2\/media?parent=6672"}],"wp:term":[{"taxonomy":"category","embeddable":true,"href":"https:\/\/www.cannabis.es\/pw\/wp-json\/wp\/v2\/categories?post=6672"},{"taxonomy":"post_tag","embeddable":true,"href":"https:\/\/www.cannabis.es\/pw\/wp-json\/wp\/v2\/tags?post=6672"}],"curies":[{"name":"wp","href":"https:\/\/api.w.org\/{rel}","templated":true}]}}