{"id":6683,"date":"2021-02-22T15:25:25","date_gmt":"2021-02-22T14:25:25","guid":{"rendered":"https:\/\/www.cannabis.es\/pw\/?p=6683"},"modified":"2021-04-19T11:38:23","modified_gmt":"2021-04-19T09:38:23","slug":"el-i-congreso-internacional-de-cannabis-deja-muchos-titulares","status":"publish","type":"post","link":"https:\/\/www.cannabis.es\/pw\/2021\/02\/22\/el-i-congreso-internacional-de-cannabis-deja-muchos-titulares\/","title":{"rendered":"El I Congreso Internacional de Cannabis deja muchos titulares"},"content":{"rendered":"\n<p>Arnau Alcaide<\/p>\n\n\n\n<p>Con c\u00f3mo regular hacia la<a href=\"https:\/\/www.cannabis.es\/pw\/2020\/09\/16\/como-regular-el-cannabis-para-desarrollar-la-agenda-2030\/\"> agenda 2030<\/a>, del investigador Kenzi Riboulet, o la presentaci\u00f3n de Cannabis, ciencia y derecho, la nueva obra de Brotsanbert con colaboraci\u00f3n del Magistrado del Supremo, Joaqu\u00edn Gim\u00e9ne; importante aportaci\u00f3n, la de quien dicta sentencias. As\u00ed daba inicio el I Congreso Internacional de Cannabis, que tuvo bombazos informativos en las declaraciones pol\u00edticas.<br><br>Eran las 9.30, hora de poner algunos documentos sobre la mesa. Ricardo Carvajal explic\u00f3 por qu\u00e9 el documental Marihuana, primero las personas, recoge \u00ablos valores de la planta\u00bb. Y Noem\u00ed S\u00e1nchez explic\u00f3 datos recogidos de la <a href=\"https:\/\/www.cannabis.es\/pw\/2019\/10\/21\/primera-encuesta-para-conocer-la-mejor-regulacion-para-espana\/\">encuesta cannabis<\/a> y conclusiones como que est\u00e1n \u00aba favor del medicinal\u00bb un 73%, del \u00abrecreativo\u00bb, un 72%; y que \u00abel sesgo estar\u00eda en un 77% de personas usuarias en el sondeo\u00bb. Adem\u00e1s, un 75% del autocultivo es terap\u00e9utico, lo que indica que \u00abprobablemente hay una cantidad no desde\u00f1able de poblaci\u00f3n que quiere cultivar\u00bb.<\/p>\n\n\n\n<h2 class=\"wp-block-heading\"><strong>Investigando hacia atr\u00e1s contra la Cannabis<\/strong><\/h2>\n\n\n\n<p>Le preced\u00eda su compa\u00f1ero de Universitat, Salvador Amig\u00f3: \u00abSi tenemos una informaci\u00f3n limitada, no podremos extraer grandes conclusiones\u00bb, criticaba el investigador<a href=\"https:\/\/www.cannabis.es\/pw\/2019\/11\/25\/un-unico-paciente-de-los-358-000-no-tratados-con-cannabis-pierde-de-media-en-calidad-de-vida-el-coste-de-una-investigacion\/\"> en estudio de pacientes<\/a> de Terap\u00e9uticas Hierbas Castell\u00f3 desde dentro de la Universitat de Val\u00e8ncia, no ratones. Echa de menos que el Plan Nacional de Drogas incorpore m\u00e1s an\u00e1lisis y variables en los estudios que presenta, y abog\u00f3 por acercarse a los pacientes, el trabajo de campo e indicadores de calidad como la calidad de vida, en los que se evidencia mejor el efecto terap\u00e9utico, pues no siempre es apreciable en t\u00e9rminos observables de acci\u00f3n-reacci\u00f3n de mol\u00e9culas aisladas en laboratorio sobre ratones, aunque s\u00ed que existen estudios que han aplicado mol\u00e9culas a tejido humano recreado.<\/p>\n\n\n\n<p>Nos habla del sesgo construcci\u00f3n negativa, algo de lo que \u00e9l es pionero en denunciar en sus investigaciones de aproximaci\u00f3n metodol\u00f3gica en psicolog\u00eda. Se tratar\u00eda de que en las encuestas sobre drogas y adicci\u00f3n, las consultas se construyen de manera tan negativa que alejan a la poblaci\u00f3n que desean consultar o causa <strong>ocultaci\u00f3<\/strong>n en las respuestas, perdiendo valor la informaci\u00f3n porque la persona encuestada puede responder lo que perciba correcto socialmente, que viene indicado por la formulaci\u00f3n de la propia encuesta. Sus estudios hablan precisamente de la importancia de consultar por la motivaci\u00f3n. Una trayectoria proscrita en el enfoque pedag\u00f3gico y la investigaci\u00f3n que revela que la administraci\u00f3n es la que desconecta de nosotros, al abocarnos al exilio patol\u00f3gico, al trato de loco y enfermo mental.<\/p>\n\n\n\n<p>Seg\u00fan sus datos, el perfil medio de persona consumidora se corresponde con un var\u00f3n de unos 34 a\u00f1os, empleado por cuenta ajena, que consume de 1 a 5g al d\u00eda, con una consideraci\u00f3n de car\u00e1cter medicinal. Esta imagen choca con la habitual presentada asociada a la marginalidad.<\/p>\n\n\n\n<p>Le acompa\u00f1\u00f3 el profesor de psicolog\u00eda de la Universidad de Oviedo, Antonio Cerver\u00f3: \u00abSi alguien tiene un problema jur\u00eddico con las drogas, autom\u00e1ticamente lo tenemos que clasificar como que tiene un problema de Salud Mental\u00bb, y apostaba por tratar el cannabis desde \u00abun enfoque de Salud General\u00bb.<\/p>\n\n\n\n<h2 class=\"wp-block-heading\"><strong>Asociaciones, no os arrugu\u00e9is, no pact\u00e9is con Fiscal\u00eda y recurrid hasta el final<\/strong><\/h2>\n\n\n\n<p>La abogada Marta de Lux\u00e1n, de The High Club, el club que no cultiva madrile\u00f1o recientemente absuelto, llam\u00f3 a que las asociaciones, si son encausadas, lleguen hasta el final sin aceptar acuerdos con la fiscal\u00eda, acuerdos que implican declararse culpable, para as\u00ed luchar por los derechos de todo el mundo. Considera que abrir ya es un acto de activismo, pues no se hace desde la seguridad, tal como est\u00e1n las interpretaciones regresivas de la Justicia, y que por lo tanto no hay que arrugarse ante la represi\u00f3n y tomar conciencia.<\/p>\n\n\n\n<h2 class=\"wp-block-heading\"><strong>Sin el nombre en ingl\u00e9s o un monopolio heredado del Franquismo, en Espa\u00f1a no plantas<\/strong><\/h2>\n\n\n\n<p>El portavoz del Observatorio organizador del Congreso, \u00c1lvaro Zamora, habl\u00f3 de la arbitrariedad siempre presente en el trato judicial al sector del cannabis, que es legal pero no tiene registros espec\u00edficos, que es legal pero puede ser incautado y procesado. En la misma direcci\u00f3n se expres\u00f3 Adri\u00e1n Garc\u00eda, por el Gremi del Growshop, la \u00fanica patronal del cannabis, por as\u00ed decirlo, porque est\u00e1 liderada por las empresas m\u00e1s peque\u00f1as, por otro lado m\u00e1s representativas del tejido espa\u00f1ol, a nivel de aut\u00f3nomos y como tienda cann\u00e1bica por excelencia. Se\u00f1al\u00f3 todos los retos del nuevo mercado que se erige en los que se deber\u00eda estar pensando, y que no obstante temen <a href=\"https:\/\/www.cannabis.es\/pw\/2019\/09\/20\/urge-reformar-un-oligopolio-sin-derechos-ni-competencia\/\">\u00abquedarse fuera del sector\u00bb<\/a> en detrimento de empresas internacionales que s\u00ed logran atravesar el bloqueo regulatorio, a diferencia de las nacionales. Destac\u00f3 el desprop\u00f3sito de que se trate a la industria como banda armada, al imput\u00e1rsele delitos de crimen organizado como a Dinafem.<\/p>\n\n\n\n<h2 class=\"wp-block-heading\"><strong>Partido Cann\u00e1bico: \u00abno podemos pedir manifestarnos con contundencia porque nos han reprimido ya mucho\u00bb<\/strong><\/h2>\n\n\n\n<p>Ferm\u00edn Les, candidato a la presidencia de Navarra por RCN_NOK, el \u00fanico partido cann\u00e1bico de Europa, destac\u00f3 que \u00abse han desarrollado mucho Growshops, tiendas, ferias&#8230;per se le han puesto m\u00e1s impedimentos al activismo, por lo que la situaci\u00f3n ha explotado [&#8230;] Si no vamos avanzando en la legalidad, tampoco en otros planos [&#8230;]. Sufrimos represi\u00f3n, hay que activarse pol\u00edticamente\u00bb. E hizo una reflexi\u00f3n sobre el activismo que llamaba a m\u00e1s iniciativa pol\u00edtica: \u00abAl fumeta, con perd\u00f3n, no le puedes pedir que se manifieste con contundencia; porque es pac\u00edfico, porque no quiere arriesgarse a que le repriman m\u00e1s de lo que ya le reprimen en el d\u00eda a d\u00eda [\u2026]. La respuesta tiene que venir de iniciativa legislativa en iniciativa legislativa.<\/p>\n\n\n\n<h2 class=\"wp-block-heading\"><strong>Dinafem, banco de semillas y&#8230; \u00a1banda armada!<\/strong><\/h2>\n\n\n\n<p>Tras el silencio del miedo, el que llega mientras la represi\u00f3n dirime de qu\u00e9 lado te aplasta, una de las ponencias m\u00e1s esperades era la de los representantes de Dinafem, en medio de una macrocausa en la que la propia Fiscal\u00eda Antidroga abre investigaci\u00f3n y utiliza un trato criminal a la vez que consulta interpretaciones a la AEMPS sobre legalidad de las licencias, una operaci\u00f3n que levanta la sombra de desarticular al sector. Pablo Genua record\u00f3 c\u00f3mo la jurisprudencia vasca se inici\u00f3 a favor de los derechos, hasta torcerse en Madrid. \u00abHan bloqueado nuestras cuentas bancarias, secuestrado nuestras semillas y metido en secreto de sumario. Con esto han acabado con nuestra empresa\u00bb.<br><br>Dinafem est\u00e1 integrada junto a La Mota en la empresa guipuzcoana Pot Sistemak, que cotiza cerca del mill\u00f3n a la Seguridad Social y tiene una actividad generadora de 2.2 millones en impuestos para el Estado. \u00abEst\u00e1n argumentando que la semilla es droga contra lo que dice la legislaci\u00f3n internacional. Se ha decidido ir a por nosotros [&#8230;]. El enfoque es europeo y creemos que la creciente demanda en Europa ha afectado al sector. A las farmac\u00e9uticas no les interesa el autocultivo\u00bb.<\/p>\n\n\n\n<h2 class=\"wp-block-heading\"><strong>Juanma, activista terap\u00e9utico, le toma el puslo a la AEMPS del monopolio Abell\u00f3<\/strong><\/h2>\n\n\n\n<p><a href=\"https:\/\/www.cannabis.es\/pw\/2017\/03\/06\/juanma-la-historia-recurrente-de-un-dolor-invisible\/\">Para quienes no conozc\u00e1is a Juanma<\/a>, es uno de esos pacientes allanado que ven indefensos c\u00f3mo la polic\u00eda les incoa acerca de su medicina para despu\u00e9s incautarla. Su derecho a la Salud ha sido vulnerado varias veces, pero nunca es tarde para que la Agencia Espa\u00f1ola del Medicamento y Producto Sanitario lo vuelva a hacer, quedando en evidencia lo patente: que le ser\u00e1 probablemente denegada la licencia que va a pedir mientras sigue en marcha el monopolio Abell\u00f3 de la exportaci\u00f3n, con tintes oligopol\u00edsticos aqu\u00ed y all\u00e1 para empresas como Cafina (Canopy), que ignoramos qu\u00e9 hacen con la producci\u00f3n. Recordemos que la misma AEMPS ha reconocido arbitrariedad en la concesi\u00f3n de licencias, para lo que ni tiene un sistema homog\u00e9neo y de concurso a la concurrencia competitiva m\u00e1s all\u00e1 de la evaluaci\u00f3n de, cito la misma, \u00abparticularidades en cada caso\u00bb.<\/p>\n\n\n\n<h2 class=\"wp-block-heading\"><strong>Propuestas de regulaci\u00f3n<\/strong><\/h2>\n\n\n\n<p>La magistrada Carmen Mart\u00ednez, <strong>por el GEPCA<\/strong>, grupo de estudios multidisciplinar para propuestas de regulaci\u00f3n plante\u00f3 un enfoque restrictivo de regulaci\u00f3n basado en cantidades relativamente bajas de posesi\u00f3n y cultivo para autonconsumo que argument\u00f3 se pod\u00eda acercar m\u00e1s a las precoupaciones por la difusi\u00f3n del consumo de la pol\u00edtica prohibicionista. Tambi\u00e9n propon\u00eda la v\u00eda de la regulaci\u00f3n del mercado comercial y de las asociaciones de consumidores, as\u00ed como apartar la sanci\u00f3n penal a excepciones.<\/p>\n\n\n\n<p>Patricia Amiguet, hom\u00f3loga del encarcelado Albert Ti\u00f3 y presidenta de <strong>Catfac, la federaci\u00f3n de asociaciones cann\u00e1bicas catalana<\/strong> integrada en la federaci\u00f3n espa\u00f1ola, record\u00f3 c\u00f3mo de completa era la regulaci\u00f3n catalana de asociaciones y sus disposiciones principales de autocontrol para velar por el estricto ejercicio del autoconsumo, eso s\u00ed, en condiciones de libertad.<\/p>\n\n\n\n<p>Israel Benjumeda, por <strong>Podemos Cann\u00e1bico<\/strong>, uno de los c\u00edrculos de integrantes de la formaci\u00f3n morada, destac\u00f3: \u00abComo ahora que estamos en el Gobierno no est\u00e1 dentro del pacto, cuando se lo comentamos a Pedro S\u00e1nchez, se r\u00ede de nosotros\u00bb. Dej\u00f3 una cr\u00edtica para los planteamientos legales, aunque dif\u00edcilmente salvable: \u00abLa distinci\u00f3n entre c\u00e1\u00f1amo y marihuana es artificial [&#8230;] A nadie le impiden del cerdo hacer morcillas y jam\u00f3n\u00bb, contrapuso, pidiendo una regulaci\u00f3n que deje aprovechar tanto las fibras como las flores sin caer en maniqueismos prohibicionistas.<\/p>\n\n\n\n<p>Sobre el Guernika, Bernardo Soriano desmont\u00f3 la autocensura de ponernos l\u00edmites en la regulaci\u00f3n por todos lados: \u00abYa existe un acceso ilimitado, descontrolado. Lo que vas a hacer limitando cantidades es que cuando no se pueda reitrar m\u00e1s se acuda de nuevo al mercado ilegal\u00bb. El portavoz de Regulaci\u00f3n Responsable, lamenta que \u00abnos las cre\u00edamos muy felices viendo avanzar la jurispudencia, pero hoy Albert Ti\u00f3 lleva 91 [ a fecha de publicaci\u00f3n 95] d\u00edas en prisi\u00f3n; y no va a ser el \u00faltimo\u00bb. <strong>Regulaci\u00f3n Responsable<\/strong> es el grupo de estudios consultado por el Congreso, mediante la ponencia de Araceli Manj\u00f3n en Comisi\u00f3n de Adicciones.<\/p>\n\n\n\n<p>Cerr\u00f3 el abogado de <strong>Brotsanbert<\/strong> y moderador de esta y la siguiente mesa, H\u00e9ctor Brotons, que repas\u00f3 todos los aspectos comentados en esta mesa de regulaci\u00f3n para destacar que el trabajo acad\u00e9mico-legislativo de la regulaci\u00f3n est\u00e1, con sus pormenores, hecho y listo para la pol\u00edtica. \u00c9l mismo participa de la tercera propuesta, la del<a href=\"https:\/\/www.cannabis.es\/pw\/2020\/04\/22\/el-oeccc-defiende-el-cannabis-en-la-comision-de-estupefacientes-de-la-onu\/\"> OECCC<\/a>.<\/p>\n\n\n\n<figure class=\"wp-block-image size-large\"><img loading=\"lazy\" decoding=\"async\" width=\"804\" height=\"532\" src=\"https:\/\/www.cannabis.es\/pw\/wp-content\/uploads\/2021\/02\/portada-urgente.jpg\" alt=\"\" class=\"wp-image-6689\" srcset=\"https:\/\/www.cannabis.es\/pw\/wp-content\/uploads\/2021\/02\/portada-urgente.jpg 804w, https:\/\/www.cannabis.es\/pw\/wp-content\/uploads\/2021\/02\/portada-urgente-300x199.jpg 300w, https:\/\/www.cannabis.es\/pw\/wp-content\/uploads\/2021\/02\/portada-urgente-768x508.jpg 768w, https:\/\/www.cannabis.es\/pw\/wp-content\/uploads\/2021\/02\/portada-urgente-600x397.jpg 600w\" sizes=\"auto, (max-width: 804px) 100vw, 804px\" \/><\/figure>\n\n\n\n<h2 class=\"wp-block-heading\"><strong>IU pide m\u00e1s audacia del PSOE<\/strong><\/h2>\n\n\n\n<p>El especialista jur\u00eddico y abogado de Izquierda Unida, Juan Moreno, destac\u00f3 que la \u00abposici\u00f3n\u00bb de su partido \u00abest\u00e1 consolidada durante a\u00f1os\u00bb. \u00abNos posicionamos hace ya y lo mantenemos: por la legalizaci\u00f3n del consumo del cannabis y su tenencia. Si el PSOE fuera un poco m\u00e1s audaz, hay una mayor\u00eda para al menos la despenalizaci\u00f3n de sustancias como el c.annabis que no causan grave da\u00f1o a la salud. Es un avance internacional [&#8230;], la seguridad no la da la prohibici\u00f3n. El autoconsumo es b\u00e1sico\u00bb, apunt\u00f3.<\/p>\n\n\n\n<h2 class=\"wp-block-heading\"><strong>M\u00e1s Pa\u00eds: \u00abEspa\u00f1a ya es el mayor exportador de cannabis a Europa de todo el mundo, solo que ilegal\u00bb<\/strong><\/h2>\n\n\n\n<p>\u00abDeber\u00edamos ser punteros. Vemos c\u00f3mo pa\u00edses del G-7 han regulado y ninguno se ha echado atr\u00e1s. \u00abEl prohibicionismo no puede presentar ning\u00fan dato positivo. No ha reducido el consumo, tampoco entre menores, no ha reducido el tr\u00e1fico y ha generado criminalizaci\u00f3n\u00bb, argumenta el diputado en la Asamblea de Madrid. <a href=\"https:\/\/www.cannabis.es\/pw\/2020\/12\/17\/jorge-moruno-de-mas-madrid-es-un-momento-idoneo-para-regular-el-cannabis-pues-se-aproxima-una-crisis-economica-y-social\/\">Jorge Moruno<\/a> pidi\u00f3 usarlo como ordenaci\u00f3n territorial que beneficie al campo, as\u00ed como apelado a la sensibilidad para las poblaciones criminalizadas para que accedan a la propiedad o al trabajo. \u00abEn nuestro pa\u00eds hay un clima privilegiado y una estructura, un saber hacer que se desperdicia\u00bb<br><br>\u00abNo entiendo por qu\u00e9 un adulto puede ir a comprar alcohol y no cannabis, no entiendo esa moral, en base a qu\u00e9 alguien la puede aplicar\u00bb, y se\u00f1al\u00f3 que el alcohol es mucho m\u00e1s da\u00f1ino que el cannabis. \u00abEl modelo actual es anacr\u00f3nico y la decisi\u00f3n es pol\u00edtica, regular controla. No solo vale con el autocultivo, no solo vale con el medicinal, sino que hay que abrazar al conjunto de expertas para que la gente no acuda al mercado ilegal\u00bb.<br><br>\u00abEspa\u00f1a ya es de facto el mayor exportador de cannabis a Europa de todo el mundo, solo que ilegal. Es una oportunidad econ\u00f3mica de aumentar ingresos para servicios p\u00fablicos y lo que est\u00e1 en juego es qui\u00e9n se beneficia de la riqueza\u00bb, apelaba a la premura. Y adelantaba un dato, la subida por encima de los dem\u00e1s de los salarios del sector del cannabis en Estados Unidos, reflejo del valor a\u00f1adido de una industria agr\u00edcola de alta inversi\u00f3n en conocimiento.<\/p>\n\n\n\n<h2 class=\"wp-block-heading\"><strong>Esquerra desaf\u00eda al Gobierno con presentar ella la legalizaci\u00f3n para Espa\u00f1a y considera a Albert un \u00abpreso pol\u00edtico\u00bb<\/strong><\/h2>\n\n\n\n<p><strong><span class=\"has-inline-color has-luminous-vivid-orange-color\">La diputada en el Congreso por Esquerra Republicana, <a href=\"https:\/\/www.cannabis.es\/pw\/2021\/01\/13\/rosique-erc-tendria-que-ser-el-gobierno-mas-favorable-habido\/\">Marta Rosique<\/a>, fue breve pero dej\u00f3 los mayores titulares: \u00abConsideramos que Albert Ti\u00f3 s\u00ed es un preso pol\u00edtico\u00bb, como defendimos en Cannabis.es. Y prosegu\u00eda: \u00abLa Ley Catalana de Asociaciones fue tumbada por el Constitucional y, si seguimos viendo que desde el Gobierno no hay avances en este sentido, la vamos a presentar [la regulaci\u00f3n] nosotros\u00bb. Critic\u00f3 la falta de voluntad pol\u00edtica y agradeci\u00f3, a modo de recado, \u00abmesas como esta pare conocer el posicionamiento de los partidos en el Gobierno\u00bb. \u00abDebemos ser capaces de hacer regulaciones en el \u00e1mbito auton\u00f3mico y municipal. Vamos a tener al primer President a favor de la regulaci\u00f3n\u00bb, dijo en un hist\u00f3rico anuncio sobre Pere Aragon\u00e9s, que todo apunta a que podr\u00e1 cumplirse tras los pactos por la Generalitat.<\/span><\/strong><\/p>\n\n\n\n<h2 class=\"wp-block-heading\"><strong>Comprom\u00eds: \u00abQue no venga Estados Unidos a donde no se puede autocultivar y se monte plantaciones\u201d<\/strong><\/h2>\n\n\n\n<p>El diputado en las Cortes Valencianas, <a href=\"https:\/\/www.cannabis.es\/pw\/2020\/06\/12\/el-forum-cannabic-valencia-asesorara-a-agricultura-desde-el-plan-de-reconstruccion-de-las-cortes\/\">Josep Nadal<\/a>, cantante de la Gossa Sorda, se ha preocupado por el reparto del sector\u00bbQue no venga aqu\u00ed Jim Morrisson a vendernos un paquete de porros. Que no venga EEUU a donde no se puede autocultivar y se monte plantacionesa montarse plantaciones. Desde el modelo capitalista lo tienen claro, nosotros tenemos que tener tambi\u00e9n una propuesta de base\u201d. Y, en cuanto a las personas usuarias: \u201cEn Compromis nos ponemos de lado de quien sufre la represi\u00f3n y de los enfermos\u00bb.<\/p>\n\n\n\n<h2 class=\"wp-block-heading\"><strong>PNV: \u201cNo est\u00e1 en el centro de la agenda pol\u00edtica, claramente\u201d<\/strong><\/h2>\n\n\n\n<p>Nerea Ahedo, senadora del Partido Nacionalista Vasco, agradeci\u00f3 el Congreso porque \u00abeste tipo de debates no est\u00e1 en el centro de la Agenda pol\u00edtica, claramente\u00bb. Apunta que \u00abcomo no est\u00e1 determinado qu\u00e9 es el autoconsumo, no hay seguridad jur\u00eddica; y, como no la hay, hay indefensi\u00f3n. Esto afecta al sistema de una forma impermisible desde el punto de vista judicial\u00bb. Ha lamentado que la<a href=\"https:\/\/www.cannabis.es\/pw\/2020\/05\/28\/salud-vasca-en-desarrollo-de-un-reglamento-legal-aprueba-reabrir-las-asociaciones\/\"> Ley de adicciones vasca<\/a> no alcanza mucho y reconoce que su partido no tiene una posici\u00f3n consensuada. \u00abDeber\u00edamos ser capaces de llegar a consensos\u00bb, llamaba tambi\u00e9n al resto de formaciones.<\/p>\n\n\n\n<h2 class=\"wp-block-heading\"><strong>PSOE: \u201cEn el acuerdo de Gobierno no est\u00e1 la regulaci\u00f3n\u201d<\/strong><\/h2>\n\n\n\n<p>\u00abLas \u00fanicas iniciativas presentadas durante esta legislatura son una proposici\u00f3n de ley gen\u00e9rica de M\u00e1s Madrid y la propuesta de subcomisi\u00f3n pare revisar el cannabis terap\u00e9utico del Partido Nacionalista Vasco\u00bb, critic\u00f3 Daniel Viondi al resto de formaciones. El diputado es portavoz del partido en la <a href=\"https:\/\/www.cannabis.es\/pw\/2020\/11\/18\/podemos-lleva-la-legalizacion-a-comision-con-el-psoe-en-contra-y-erc-y-pnv-pidiendo-explicaciones\/\">Comisi\u00f3n de Adicciones<\/a> y destac\u00f3 que \u00aben el acuerdo de Gobierno del PSOE no est\u00e1 la regulaci\u00f3n\u00bb, lo que puntualizar\u00eda: \u00abComo grupo parlamentario, fuera del acuerdo de gobierno el PSOE no tiene propuesta de regulaci\u00f3n ni es uniforme. Estas cuestiones complejas llevan mucho tiempo y gobernar no es sencillo. Criticando al Partido Socialista esto no se va a sacar adelante\u00bb.<\/p>\n\n\n\n<h2 class=\"wp-block-heading\"><strong>Podemos: \u201cNos han llamado a la puerta las farmac\u00e9uticas\u201d<\/strong><\/h2>\n\n\n\n<p>\u00abA Viondi se le ha olvidado la ponencia de Araceli Manj\u00f3n\u00bb, recuerda la diputada y responsable de Podemos en la Comisi\u00f3n de Adicciones.<a href=\"https:\/\/www.cannabis.es\/pw\/2020\/10\/07\/lucia-munoz-portavoz-de-la-comision-de-adicciones-en-el-congreso-ojala-tengamos-regulacion-integral-al-final-de-la-legislatura\/\"> Luc\u00eda Dalda<\/a> invit\u00f3 a la exmagistrada y exdirectora del Plan Nacional de Drogas a presentar las propuestas de su grupo de estudios Regulaci\u00f3n Responsable el pasado noviembre en esa comisi\u00f3n in\u00e9dita. \u00abNo hacer nada es una irresponsabilidad. Nuestra posici\u00f3n es que es competencia del Estado y para eso necesitamos una Ley\u00bb, planteaba, qui\u00e9n sabe si a modo de respuesta tambi\u00e9n, esta vez a Esquerra.<\/p>\n\n\n\n<p>\u00abNos han llamado a la puerta las farmac\u00e9uticas\u00bb, revel\u00f3 la portavoz, preocupada, dijo, por una regulaci\u00f3n a medida del capital extranjero. Dio el bombazo informativo y tuvo que marcharse del Congreso.<\/p>\n\n\n\n<h2 class=\"wp-block-heading\"><strong>Mesa cient\u00edfica<\/strong>: estado del medicinal<\/h2>\n\n\n\n<p>El<strong> investigador franc\u00e9s <a href=\"https:\/\/www.cannabis.es\/pw\/2020\/09\/16\/como-regular-el-cannabis-para-desarrollar-la-agenda-2030\/\">Kenzi Riboulet<\/a><\/strong> inaugur\u00f3 y moder\u00f3 la mesa cient\u00edfica. Riboulet explic\u00f3 la trayectoria hist\u00f3rica de fiscalizaci\u00f3n de la Cannabis, que se inici\u00f3 en el 61, c\u00f3mo se clasific\u00f3 y su reciente reclasificaci\u00f3n y respectivas implicaciones: \u00abPermite y obliga a que est\u00e9 disponible el cannabismedicinal\u00bb, apuntaba.<br><br>El <strong>abogado <a href=\"https:\/\/www.cannabis.es\/pw\/2020\/07\/03\/cinco-anos-de-mordaza-y-28-de-multas-cannabis-ahora-hasta-10-400e\/\">Fran Azor\u00edn<\/a><\/strong> hizo un repaso a la historia de la prohibici\u00f3n, que no es natural sino moral. Destac\u00f3 las l\u00edneas de la propuesta de regulaci\u00f3n cuya autor\u00eda comparte con Brotons y otros colegas. Y desafi\u00f3 a al ajercicio de reflexi\u00f3n: \u00abComo bien ha dicho Nerea Ahedo, incluso hay que regular para prohibir\u00bb.<br><br>La <strong>argentina <\/strong>Valeria Vidal, de la organizaci\u00f3n sin \u00e1nimo de lucro para pacientes <strong>Incamed<\/strong>, presenta su trabajo all\u00ed, que pese a estar lastrados por los atrasos regulatorios, consiguieron hace poco la <a href=\"https:\/\/www.cannabis.es\/pw\/2020\/11\/16\/argentina-legaliza-el-cannabis-medicinal-y-su-autocultivo\/\">legalidad clara y delimitada del autocultivo.<\/a><br><br>El <strong>psic\u00f3logo de Socidrogalcohol,<\/strong> Francisco Pascual, de la organizaci\u00f3n sin \u00e1nimo de lucro que subcontrata el Gobierno para proveer programas de asistencia, se autodenomin\u00f3 la voz discordante, y se\u00f1al\u00f3 que hab\u00eda que ponderar tanto que se pueda acceder a un tratamiento disponible como que sea seguro. Reivindic\u00f3 el trato de profesional cl\u00ednico, que trabaja con pacientes de adicciones, pero no realiz\u00f3 autocr\u00edtica a c\u00f3mo estos llegan a su centro de adicciones mediante la subyugaci\u00f3n de la voluntad individual, pues adicci\u00f3n e ilegalidad se confunden jur\u00eddica y sanitariamente. Puso sobre la mesa que no prime el inter\u00e9s econ\u00f3mico en el est\u00e1ndar del cannabis medicinal. De su cuestionamiento de la seguridad del cannabis, el moderador Riboulet arguy\u00f3 al respecto que la OMS tambi\u00e9n ha reconocido el uso herbal y Pascual matiz\u00f3 que s\u00ed, pero para seguir investigando.<br><br><strong>Mario Land, m\u00e9dico de la<a href=\"https:\/\/www.cannabis.es\/pw\/2019\/01\/28\/la-ayuda-perseguida-entrevista-a-javier-miravete-sobre-la-atencion-medicinal\/\"> asociaci\u00f3n Terap\u00e9uticas Hierbas Castell\u00f3<\/a><\/strong> mediante el proyecto formativo Educannem, apunt\u00f3 a que no se hace caso a quientrabaja con pacientes reales: \u00abEn ning\u00fan momento se han molestado en investigar lo que hacemos, criminalizando una mol\u00e9cula sin ning\u00fan estudio cient\u00edfico que avale esa peligrosidad. La morfina mata a 154 personas al d\u00eda en EEUU; es una hipocres\u00eda que tratemos el THC de peligroso\u00bb.<br><br><strong>Garc\u00eda de Palau, el onc\u00f3logo cl\u00ednico de Kalapa Clinic<\/strong>, introdujo en la misma l\u00ednea: \u00abLos pacientes son el objeto de mi trabajo. Todo va enfocado a mejorar su medicaci\u00f3n. Es un problema la estigmatizaci\u00f3n, el acceso a la informaci\u00f3n y a productos de calidad y precio justo. El sistema endocannabinoide es el gran protagonista y si no no estar\u00edamos aqu\u00ed. Ya las investigaciones se empiezan a construir sobre a qu\u00e9 parte de este se afecta con el uso terap\u00e9utico del cannabis. El delito contra la Salud P\u00fablica es no poder utilizar todas las propiedades\u00bb.<br><br>Y prosegu\u00eda <strong>el reputado pionero del uso combinado en quimioterapia<\/strong>: \u00abLa Cannabis como planta no deber\u00eda tratarse con el criterio cient\u00edfico que aplicamos ahora, el cannabis no tiene que tener un grado m\u00e9dico, con un grado terap\u00e9utico de f\u00f3rmulas magistrales y autocultivo podemos funcionar sin detrimento de que se fabriquen medicamentos. Tenemos pacientes que no interesan a las farmac\u00e9uticas y podemos mejorar su calidad de vida en un porcentaje elevado. Es importante cuando no tienen una alternativa terap\u00e9utica, y esto puede ser a un precio justo, adem\u00e1s\u00bb. Critic\u00f3 que, por ejemplo, \u00abel ensayo epidiolex no ha aportado ni un dato nuevo\u00bb.<\/p>\n\n\n\n<h2 class=\"wp-block-heading\"><strong>Enfermer\u00eda pide formaci\u00f3n<\/strong><\/h2>\n\n\n\n<p>Desde la Sociedad Cient\u00edfica Espa\u00f1ola de Enfermer\u00eda, Gema Mart\u00ednez abraz\u00f3 la Cannabis, arrinconando cada vez m\u00e1s una decisi\u00f3n pol\u00edtica que se retrasa, y propuso formaci\u00f3n para los profesionales de Salud de la enfermer\u00eda: \u00abEnfermer\u00eda acoge el cannabis como herramienta medicinal y debe promover el desarrollo legal basado en la evidencia cient\u00edfica y el desarrollo de formaci\u00f3n sobre el uso medicinal de la Cannabis Sativa L. Debemos avanzar, pol\u00edtica, medicina&#8230; todas las ciencias de la Salud [\u2026]. Los profesionales sanitarios debemos conocer con formaci\u00f3n y educaci\u00f3n, c\u00f3mo funciona el sistema endocannabinoide y la Cannabis, otro sistema importante como el nervioso. Y esta formaci\u00f3n es tan o m\u00e1s importante que la regulaci\u00f3n. Hay brechas de conocimiento\u00bb.<\/p>\n\n\n\n<h2 class=\"wp-block-heading\"><strong>Con c\u00e1\u00f1amo y sin Albert Ti\u00f3<\/strong><\/h2>\n\n\n\n<p>El abogado italiano de la \u201ccanapa\u201d, Giacomo Bulleri, explic\u00f3 junto a <a href=\"https:\/\/www.cannabis.es\/pw\/2020\/11\/20\/un-fallo-judicial-legaliza-el-cbd-en-la-union-europea-y-espana-no-podra-incautar\/\">Joan Bertomeu<\/a> la <a href=\"https:\/\/www.cannabis.es\/pw\/2020\/12\/07\/la-ue-confirma-que-el-cbd-no-es-droga-y-retoma-las-solicitudes-interrumpidas-de-nuevo-alimento\/\">renovada seguridad legal del c\u00e1\u00f1amo<\/a> y los retos venideros en Europa, a la que se debe Espa\u00f1a en cuanto a legislaci\u00f3n. Bertomeu record\u00f3 c\u00f3mo el encarcelamiento de <a href=\"https:\/\/www.cannabis.es\/pw\/2020\/11\/11\/albert-tio-sera-la-semana-que-viene-el-primer-preso-politico-del-cannabis-en-espana\/\">Albert Ti\u00f3<\/a> representa una falta de avances legislativos all\u00ed donde la justicia hab\u00eda estando salvando a consumidores de los tipos del tr\u00e1fico con figuras poco garantistas como el error de prohibici\u00f3n.<\/p>\n\n\n\n<h2 class=\"wp-block-heading\"><strong>Uruguay: el consumo sube igual que en la prohibici\u00f3n, pero se retrasa la edad de acceso<\/strong><\/h2>\n\n\n\n<p>El que fuera secretario en Uruguay de la Junta Nacional de Drogas, Diego Mart\u00edn Olivera, encargado de la formaci\u00f3n de Pepe Mujica en la comisi\u00f3n responsable del proyecto legislativo que culmin\u00f3 en la regulaci\u00f3n integral, introdujo una premisa que desarroll\u00f3 por puntos: <strong>\u00ablos indicadores son positivos, todo apunta a seguir adelante\u00bb. <\/strong><a href=\"https:\/\/www.cannabis.es\/pw\/2020\/06\/22\/el-estudio-de-la-legalizacion-en-uruguay-niega-el-aumento-del-consumo-en-adolescentes\/\">Aunque el consumo crece, lo hace al mismo ritmo que a\u00f1os anteriores a regularse, y no obstante se retrasa la edad de acceso, pues s\u00ed existe control en el mercado legal<\/a>. Esta cuesti\u00f3n parece menor en comparaci\u00f3n con el aumento de la recaudaci\u00f3n, garant\u00edas de calidad e inclusi\u00f3n y disminuci\u00f3n del crimen y presi\u00f3n policial por lo arrebatado al mercado ilegal, pero resultan claves, pues los indicadores de consumo desacreditan al prohibicionismo hasta en su feudo, el de la reducci\u00f3n del consumo a costa de otros derechos: y ni con represi\u00f3n se logra.<\/p>\n","protected":false},"excerpt":{"rendered":"<span class=\"span-reading-time rt-reading-time\" style=\"display: block;\"><span class=\"rt-label rt-prefix\">Tiempo de lectura:<\/span> <span class=\"rt-time\"> 12<\/span> <span class=\"rt-label rt-postfix\">minutos<\/span><\/span>Arnau Alcaide Con c\u00f3mo regular hacia la agenda 2030, del investigador Kenzi Riboulet, o la presentaci\u00f3n de Cannabis, ciencia y derecho, la nueva obra de Brotsanbert con colaboraci\u00f3n del Magistrado del Supremo, Joaqu\u00edn Gim\u00e9ne; importante aportaci\u00f3n, la de quien dicta sentencias. As\u00ed daba inicio el I Congreso Internacional de Cannabis, que tuvo bombazos informativos en [&hellip;]","protected":false},"author":3,"featured_media":6689,"comment_status":"closed","ping_status":"closed","sticky":false,"template":"","format":"standard","meta":{"loftocean-featured-post":"","loftocean_post_format_gallery":"","loftocean_post_format_gallery_ids":"","loftocean_post_format_gallery_urls":"","loftocean_post_format_video_id":"","loftocean_post_format_video_url":"","loftocean_post_format_video_type":"","loftocean_post_format_video":"","loftocean_post_format_audio_type":"","loftocean_post_format_audio_url":"","loftocean_post_format_audio_id":"","loftocean_post_format_audio":"","loftocean_post_format_quote_text":"","loftocean_post_format_quote_byline":"","loftocean_post_format_link_text":"","loftocean_post_format_link_url":"","ceramag_post_header_style":"","ceramag_enable_background_video":"","ceramag_show_in_top_slider":"","ceramag_post_background_video_start":"","ceramag_post_background_video_end":"","loftocean_page_background_video_id":"","loftocean_page_background_video_url":"","loftocean_page_background_video_type":"","loftocean_page_background_video":"","ceramag_background_video_start":"","ceramag_background_video_end":"","ceramag_single_page_hide_header":"","footnotes":""},"categories":[35],"tags":[],"class_list":["post-6683","post","type-post","status-publish","format-standard","has-post-thumbnail","hentry","category-politica-y-sociedad"],"yoast_head":"<!-- This site is optimized with the Yoast SEO plugin v24.9 - https:\/\/yoast.com\/wordpress\/plugins\/seo\/ -->\n<title>El I Congreso Internacional de Cannabis deja muchos titulares<\/title>\n<meta name=\"description\" content=\"Entrada &#8226; Portal multimedia sobre cannabis y otras sustancias &#8226; 22 febrero, 2021\" \/>\n<meta name=\"robots\" content=\"index, follow, max-snippet:-1, max-image-preview:large, max-video-preview:-1\" \/>\n<link rel=\"canonical\" href=\"https:\/\/www.cannabis.es\/pw\/2021\/02\/22\/el-i-congreso-internacional-de-cannabis-deja-muchos-titulares\/\" \/>\n<meta name=\"twitter:card\" content=\"summary_large_image\" \/>\n<meta name=\"twitter:title\" content=\"El I Congreso Internacional de Cannabis deja muchos titulares\" \/>\n<meta name=\"twitter:description\" content=\"Entrada &#8226; Portal multimedia sobre cannabis y otras sustancias &#8226; 22 febrero, 2021\" \/>\n<meta name=\"twitter:image\" content=\"https:\/\/www.cannabis.es\/pw\/wp-content\/uploads\/2021\/02\/portada-urgente.jpg\" \/>\n<meta name=\"twitter:creator\" content=\"@cannabis_es\" \/>\n<meta name=\"twitter:site\" content=\"@cannabis_es\" \/>\n<meta name=\"twitter:label1\" content=\"Escrito por\" \/>\n\t<meta name=\"twitter:data1\" content=\"Cannabis.es\" \/>\n\t<meta name=\"twitter:label2\" content=\"Tiempo de lectura\" \/>\n\t<meta name=\"twitter:data2\" content=\"16 minutos\" \/>\n<script type=\"application\/ld+json\" class=\"yoast-schema-graph\">{\"@context\":\"https:\/\/schema.org\",\"@graph\":[{\"@type\":\"Article\",\"@id\":\"https:\/\/www.cannabis.es\/pw\/2021\/02\/22\/el-i-congreso-internacional-de-cannabis-deja-muchos-titulares\/#article\",\"isPartOf\":{\"@id\":\"https:\/\/www.cannabis.es\/pw\/2021\/02\/22\/el-i-congreso-internacional-de-cannabis-deja-muchos-titulares\/\"},\"author\":{\"name\":\"Cannabis.es\",\"@id\":\"https:\/\/www.cannabis.es\/pw\/#\/schema\/person\/ec770c03f3e99d770687f537f4ba1e89\"},\"headline\":\"El I Congreso Internacional de Cannabis deja muchos titulares\",\"datePublished\":\"2021-02-22T14:25:25+00:00\",\"dateModified\":\"2021-04-19T09:38:23+00:00\",\"mainEntityOfPage\":{\"@id\":\"https:\/\/www.cannabis.es\/pw\/2021\/02\/22\/el-i-congreso-internacional-de-cannabis-deja-muchos-titulares\/\"},\"wordCount\":3814,\"publisher\":{\"@id\":\"https:\/\/www.cannabis.es\/pw\/#organization\"},\"image\":{\"@id\":\"https:\/\/www.cannabis.es\/pw\/2021\/02\/22\/el-i-congreso-internacional-de-cannabis-deja-muchos-titulares\/#primaryimage\"},\"thumbnailUrl\":\"https:\/\/www.cannabis.es\/pw\/wp-content\/uploads\/2021\/02\/portada-urgente.jpg\",\"articleSection\":[\"Pol\u00edtica y Sociedad\"],\"inLanguage\":\"es\"},{\"@type\":\"WebPage\",\"@id\":\"https:\/\/www.cannabis.es\/pw\/2021\/02\/22\/el-i-congreso-internacional-de-cannabis-deja-muchos-titulares\/\",\"url\":\"https:\/\/www.cannabis.es\/pw\/2021\/02\/22\/el-i-congreso-internacional-de-cannabis-deja-muchos-titulares\/\",\"name\":\"El I Congreso Internacional de Cannabis deja muchos titulares\",\"isPartOf\":{\"@id\":\"https:\/\/www.cannabis.es\/pw\/#website\"},\"primaryImageOfPage\":{\"@id\":\"https:\/\/www.cannabis.es\/pw\/2021\/02\/22\/el-i-congreso-internacional-de-cannabis-deja-muchos-titulares\/#primaryimage\"},\"image\":{\"@id\":\"https:\/\/www.cannabis.es\/pw\/2021\/02\/22\/el-i-congreso-internacional-de-cannabis-deja-muchos-titulares\/#primaryimage\"},\"thumbnailUrl\":\"https:\/\/www.cannabis.es\/pw\/wp-content\/uploads\/2021\/02\/portada-urgente.jpg\",\"datePublished\":\"2021-02-22T14:25:25+00:00\",\"dateModified\":\"2021-04-19T09:38:23+00:00\",\"description\":\"Entrada &#8226; Portal multimedia sobre cannabis y otras sustancias &#8226; 22 febrero, 2021\",\"breadcrumb\":{\"@id\":\"https:\/\/www.cannabis.es\/pw\/2021\/02\/22\/el-i-congreso-internacional-de-cannabis-deja-muchos-titulares\/#breadcrumb\"},\"inLanguage\":\"es\",\"potentialAction\":[{\"@type\":\"ReadAction\",\"target\":[\"https:\/\/www.cannabis.es\/pw\/2021\/02\/22\/el-i-congreso-internacional-de-cannabis-deja-muchos-titulares\/\"]}]},{\"@type\":\"ImageObject\",\"inLanguage\":\"es\",\"@id\":\"https:\/\/www.cannabis.es\/pw\/2021\/02\/22\/el-i-congreso-internacional-de-cannabis-deja-muchos-titulares\/#primaryimage\",\"url\":\"https:\/\/www.cannabis.es\/pw\/wp-content\/uploads\/2021\/02\/portada-urgente.jpg\",\"contentUrl\":\"https:\/\/www.cannabis.es\/pw\/wp-content\/uploads\/2021\/02\/portada-urgente.jpg\",\"width\":804,\"height\":532},{\"@type\":\"BreadcrumbList\",\"@id\":\"https:\/\/www.cannabis.es\/pw\/2021\/02\/22\/el-i-congreso-internacional-de-cannabis-deja-muchos-titulares\/#breadcrumb\",\"itemListElement\":[{\"@type\":\"ListItem\",\"position\":1,\"name\":\"Portada\",\"item\":\"http:\/\/www.cannabis.es\/pw\/\"},{\"@type\":\"ListItem\",\"position\":2,\"name\":\"El I Congreso Internacional de Cannabis deja muchos titulares\"}]},{\"@type\":\"WebSite\",\"@id\":\"https:\/\/www.cannabis.es\/pw\/#website\",\"url\":\"https:\/\/www.cannabis.es\/pw\/\",\"name\":\"Cannabis\",\"description\":\"Portal multimedia sobre cannabis y otras sustancias\",\"publisher\":{\"@id\":\"https:\/\/www.cannabis.es\/pw\/#organization\"},\"potentialAction\":[{\"@type\":\"SearchAction\",\"target\":{\"@type\":\"EntryPoint\",\"urlTemplate\":\"https:\/\/www.cannabis.es\/pw\/?s={search_term_string}\"},\"query-input\":{\"@type\":\"PropertyValueSpecification\",\"valueRequired\":true,\"valueName\":\"search_term_string\"}}],\"inLanguage\":\"es\"},{\"@type\":\"Organization\",\"@id\":\"https:\/\/www.cannabis.es\/pw\/#organization\",\"name\":\"Cannabis.es\",\"url\":\"https:\/\/www.cannabis.es\/pw\/\",\"logo\":{\"@type\":\"ImageObject\",\"inLanguage\":\"es\",\"@id\":\"https:\/\/www.cannabis.es\/pw\/#\/schema\/logo\/image\/\",\"url\":\"https:\/\/www.cannabis.es\/pw\/wp-content\/uploads\/2019\/04\/cropped-logo_cannabis.png\",\"contentUrl\":\"https:\/\/www.cannabis.es\/pw\/wp-content\/uploads\/2019\/04\/cropped-logo_cannabis.png\",\"width\":361,\"height\":120,\"caption\":\"Cannabis.es\"},\"image\":{\"@id\":\"https:\/\/www.cannabis.es\/pw\/#\/schema\/logo\/image\/\"},\"sameAs\":[\"https:\/\/x.com\/cannabis_es\"]},{\"@type\":\"Person\",\"@id\":\"https:\/\/www.cannabis.es\/pw\/#\/schema\/person\/ec770c03f3e99d770687f537f4ba1e89\",\"name\":\"Cannabis.es\",\"image\":{\"@type\":\"ImageObject\",\"inLanguage\":\"es\",\"@id\":\"https:\/\/www.cannabis.es\/pw\/#\/schema\/person\/image\/\",\"url\":\"https:\/\/secure.gravatar.com\/avatar\/810c93a3d6fadc3d9c2665b1d919a4aedea8ed4dd63689d001e985a804e90d83?s=96&d=mm&r=g\",\"contentUrl\":\"https:\/\/secure.gravatar.com\/avatar\/810c93a3d6fadc3d9c2665b1d919a4aedea8ed4dd63689d001e985a804e90d83?s=96&d=mm&r=g\",\"caption\":\"Cannabis.es\"},\"url\":\"https:\/\/www.cannabis.es\/pw\/author\/arnau\/\"}]}<\/script>\n<!-- \/ Yoast SEO plugin. -->","yoast_head_json":{"title":"El I Congreso Internacional de Cannabis deja muchos titulares","description":"Entrada &#8226; Portal multimedia sobre cannabis y otras sustancias &#8226; 22 febrero, 2021","robots":{"index":"index","follow":"follow","max-snippet":"max-snippet:-1","max-image-preview":"max-image-preview:large","max-video-preview":"max-video-preview:-1"},"canonical":"https:\/\/www.cannabis.es\/pw\/2021\/02\/22\/el-i-congreso-internacional-de-cannabis-deja-muchos-titulares\/","twitter_card":"summary_large_image","twitter_title":"El I Congreso Internacional de Cannabis deja muchos titulares","twitter_description":"Entrada &#8226; Portal multimedia sobre cannabis y otras sustancias &#8226; 22 febrero, 2021","twitter_image":"https:\/\/www.cannabis.es\/pw\/wp-content\/uploads\/2021\/02\/portada-urgente.jpg","twitter_creator":"@cannabis_es","twitter_site":"@cannabis_es","twitter_misc":{"Escrito por":"Cannabis.es","Tiempo de lectura":"16 minutos"},"schema":{"@context":"https:\/\/schema.org","@graph":[{"@type":"Article","@id":"https:\/\/www.cannabis.es\/pw\/2021\/02\/22\/el-i-congreso-internacional-de-cannabis-deja-muchos-titulares\/#article","isPartOf":{"@id":"https:\/\/www.cannabis.es\/pw\/2021\/02\/22\/el-i-congreso-internacional-de-cannabis-deja-muchos-titulares\/"},"author":{"name":"Cannabis.es","@id":"https:\/\/www.cannabis.es\/pw\/#\/schema\/person\/ec770c03f3e99d770687f537f4ba1e89"},"headline":"El I Congreso Internacional de Cannabis deja muchos titulares","datePublished":"2021-02-22T14:25:25+00:00","dateModified":"2021-04-19T09:38:23+00:00","mainEntityOfPage":{"@id":"https:\/\/www.cannabis.es\/pw\/2021\/02\/22\/el-i-congreso-internacional-de-cannabis-deja-muchos-titulares\/"},"wordCount":3814,"publisher":{"@id":"https:\/\/www.cannabis.es\/pw\/#organization"},"image":{"@id":"https:\/\/www.cannabis.es\/pw\/2021\/02\/22\/el-i-congreso-internacional-de-cannabis-deja-muchos-titulares\/#primaryimage"},"thumbnailUrl":"https:\/\/www.cannabis.es\/pw\/wp-content\/uploads\/2021\/02\/portada-urgente.jpg","articleSection":["Pol\u00edtica y Sociedad"],"inLanguage":"es"},{"@type":"WebPage","@id":"https:\/\/www.cannabis.es\/pw\/2021\/02\/22\/el-i-congreso-internacional-de-cannabis-deja-muchos-titulares\/","url":"https:\/\/www.cannabis.es\/pw\/2021\/02\/22\/el-i-congreso-internacional-de-cannabis-deja-muchos-titulares\/","name":"El I Congreso Internacional de Cannabis deja muchos titulares","isPartOf":{"@id":"https:\/\/www.cannabis.es\/pw\/#website"},"primaryImageOfPage":{"@id":"https:\/\/www.cannabis.es\/pw\/2021\/02\/22\/el-i-congreso-internacional-de-cannabis-deja-muchos-titulares\/#primaryimage"},"image":{"@id":"https:\/\/www.cannabis.es\/pw\/2021\/02\/22\/el-i-congreso-internacional-de-cannabis-deja-muchos-titulares\/#primaryimage"},"thumbnailUrl":"https:\/\/www.cannabis.es\/pw\/wp-content\/uploads\/2021\/02\/portada-urgente.jpg","datePublished":"2021-02-22T14:25:25+00:00","dateModified":"2021-04-19T09:38:23+00:00","description":"Entrada &#8226; Portal multimedia sobre cannabis y otras sustancias &#8226; 22 febrero, 2021","breadcrumb":{"@id":"https:\/\/www.cannabis.es\/pw\/2021\/02\/22\/el-i-congreso-internacional-de-cannabis-deja-muchos-titulares\/#breadcrumb"},"inLanguage":"es","potentialAction":[{"@type":"ReadAction","target":["https:\/\/www.cannabis.es\/pw\/2021\/02\/22\/el-i-congreso-internacional-de-cannabis-deja-muchos-titulares\/"]}]},{"@type":"ImageObject","inLanguage":"es","@id":"https:\/\/www.cannabis.es\/pw\/2021\/02\/22\/el-i-congreso-internacional-de-cannabis-deja-muchos-titulares\/#primaryimage","url":"https:\/\/www.cannabis.es\/pw\/wp-content\/uploads\/2021\/02\/portada-urgente.jpg","contentUrl":"https:\/\/www.cannabis.es\/pw\/wp-content\/uploads\/2021\/02\/portada-urgente.jpg","width":804,"height":532},{"@type":"BreadcrumbList","@id":"https:\/\/www.cannabis.es\/pw\/2021\/02\/22\/el-i-congreso-internacional-de-cannabis-deja-muchos-titulares\/#breadcrumb","itemListElement":[{"@type":"ListItem","position":1,"name":"Portada","item":"http:\/\/www.cannabis.es\/pw\/"},{"@type":"ListItem","position":2,"name":"El I Congreso Internacional de Cannabis deja muchos titulares"}]},{"@type":"WebSite","@id":"https:\/\/www.cannabis.es\/pw\/#website","url":"https:\/\/www.cannabis.es\/pw\/","name":"Cannabis","description":"Portal multimedia sobre cannabis y otras sustancias","publisher":{"@id":"https:\/\/www.cannabis.es\/pw\/#organization"},"potentialAction":[{"@type":"SearchAction","target":{"@type":"EntryPoint","urlTemplate":"https:\/\/www.cannabis.es\/pw\/?s={search_term_string}"},"query-input":{"@type":"PropertyValueSpecification","valueRequired":true,"valueName":"search_term_string"}}],"inLanguage":"es"},{"@type":"Organization","@id":"https:\/\/www.cannabis.es\/pw\/#organization","name":"Cannabis.es","url":"https:\/\/www.cannabis.es\/pw\/","logo":{"@type":"ImageObject","inLanguage":"es","@id":"https:\/\/www.cannabis.es\/pw\/#\/schema\/logo\/image\/","url":"https:\/\/www.cannabis.es\/pw\/wp-content\/uploads\/2019\/04\/cropped-logo_cannabis.png","contentUrl":"https:\/\/www.cannabis.es\/pw\/wp-content\/uploads\/2019\/04\/cropped-logo_cannabis.png","width":361,"height":120,"caption":"Cannabis.es"},"image":{"@id":"https:\/\/www.cannabis.es\/pw\/#\/schema\/logo\/image\/"},"sameAs":["https:\/\/x.com\/cannabis_es"]},{"@type":"Person","@id":"https:\/\/www.cannabis.es\/pw\/#\/schema\/person\/ec770c03f3e99d770687f537f4ba1e89","name":"Cannabis.es","image":{"@type":"ImageObject","inLanguage":"es","@id":"https:\/\/www.cannabis.es\/pw\/#\/schema\/person\/image\/","url":"https:\/\/secure.gravatar.com\/avatar\/810c93a3d6fadc3d9c2665b1d919a4aedea8ed4dd63689d001e985a804e90d83?s=96&d=mm&r=g","contentUrl":"https:\/\/secure.gravatar.com\/avatar\/810c93a3d6fadc3d9c2665b1d919a4aedea8ed4dd63689d001e985a804e90d83?s=96&d=mm&r=g","caption":"Cannabis.es"},"url":"https:\/\/www.cannabis.es\/pw\/author\/arnau\/"}]}},"_links":{"self":[{"href":"https:\/\/www.cannabis.es\/pw\/wp-json\/wp\/v2\/posts\/6683","targetHints":{"allow":["GET"]}}],"collection":[{"href":"https:\/\/www.cannabis.es\/pw\/wp-json\/wp\/v2\/posts"}],"about":[{"href":"https:\/\/www.cannabis.es\/pw\/wp-json\/wp\/v2\/types\/post"}],"author":[{"embeddable":true,"href":"https:\/\/www.cannabis.es\/pw\/wp-json\/wp\/v2\/users\/3"}],"replies":[{"embeddable":true,"href":"https:\/\/www.cannabis.es\/pw\/wp-json\/wp\/v2\/comments?post=6683"}],"version-history":[{"count":9,"href":"https:\/\/www.cannabis.es\/pw\/wp-json\/wp\/v2\/posts\/6683\/revisions"}],"predecessor-version":[{"id":6932,"href":"https:\/\/www.cannabis.es\/pw\/wp-json\/wp\/v2\/posts\/6683\/revisions\/6932"}],"wp:featuredmedia":[{"embeddable":true,"href":"https:\/\/www.cannabis.es\/pw\/wp-json\/wp\/v2\/media\/6689"}],"wp:attachment":[{"href":"https:\/\/www.cannabis.es\/pw\/wp-json\/wp\/v2\/media?parent=6683"}],"wp:term":[{"taxonomy":"category","embeddable":true,"href":"https:\/\/www.cannabis.es\/pw\/wp-json\/wp\/v2\/categories?post=6683"},{"taxonomy":"post_tag","embeddable":true,"href":"https:\/\/www.cannabis.es\/pw\/wp-json\/wp\/v2\/tags?post=6683"}],"curies":[{"name":"wp","href":"https:\/\/api.w.org\/{rel}","templated":true}]}}