{"id":6718,"date":"2021-03-01T12:57:57","date_gmt":"2021-03-01T11:57:57","guid":{"rendered":"https:\/\/www.cannabis.es\/pw\/?p=6718"},"modified":"2021-03-02T11:59:44","modified_gmt":"2021-03-02T10:59:44","slug":"marruecos-legalizara-el-cannabis-medicinal-inminentemente","status":"publish","type":"post","link":"https:\/\/www.cannabis.es\/pw\/2021\/03\/01\/marruecos-legalizara-el-cannabis-medicinal-inminentemente\/","title":{"rendered":"Marruecos legalizar\u00e1 el cannabis medicinal inminentemente"},"content":{"rendered":"\n<p>Arnau Alcaide<br><br>Marruecos prepara la legalizaci\u00f3n del cannabis medicinal con la propuesta de ley 13.21, que ya tiene lista la Comisi\u00f3n competente. El Consejo de Ministros se reuni\u00f3 el pasado jueves 25 de febrero y dio su conformidad previa aprobaci\u00f3n en la comisi\u00f3n esta semana misma, que dejar\u00eda la ley para aprobaci\u00f3n parlamentaria inminente.<br><br>Aunque el ejecutivo no ostenta la competencia legislativa, esta reuni\u00f3n de consenso y visto bueno suponen la confirmaci\u00f3n de que dicha ley goza con el respaldo de una mayor\u00eda parlamentaria, pues el <a href=\"https:\/\/es.wikipedia.org\/wiki\/C\u00e1mara_de_Representantes_(Marruecos)\">Gobierno de coalici\u00f3n cuenta con hasta 6 partidos pol\u00edticos, que suponen 240 de 395 diputados<\/a>. As\u00ed se entiende que hayan anunciado la medida legislativa conjuntamente el Ministro de Interior y el de Educaci\u00f3n y Ciencia.<\/p>\n\n\n\n<figure class=\"wp-block-image size-large\"><img loading=\"lazy\" decoding=\"async\" width=\"804\" height=\"532\" src=\"https:\/\/www.cannabis.es\/pw\/wp-content\/uploads\/2021\/03\/valle-rif.jpg\" alt=\"\" class=\"wp-image-6720\" srcset=\"https:\/\/www.cannabis.es\/pw\/wp-content\/uploads\/2021\/03\/valle-rif.jpg 804w, https:\/\/www.cannabis.es\/pw\/wp-content\/uploads\/2021\/03\/valle-rif-300x199.jpg 300w, https:\/\/www.cannabis.es\/pw\/wp-content\/uploads\/2021\/03\/valle-rif-768x508.jpg 768w, https:\/\/www.cannabis.es\/pw\/wp-content\/uploads\/2021\/03\/valle-rif-600x397.jpg 600w\" sizes=\"auto, (max-width: 804px) 100vw, 804px\" \/><figcaption>Valles del Rif<\/figcaption><\/figure>\n\n\n\n<p>El borrador sube la cifra con la que sol\u00edamos trabajar del volumen de exportaciones de cannabis de Marruecos hasta los 12.500 millones de euros, de la que destaca que solo 415 millones se quedan en la agricultura local, yendo los 12.075 restantes al narcotr\u00e1fico. <a href=\"https:\/\/www.moroccoworldnews.com\/2021\/02\/335970\/confirmed-morocco-will-legalize-cannabis-next-week\/?__cf_chl_jschl_tk__=8f29aab540c4745b9e0940ee38cfd268ac30b27a-1614342432-0-AW5AS3lgL-E4wu_At9ne7Yw-iW76rFuUUOs7totF_pdYnUBi_cGCn72qkErsmcN1dKGyNiHgOxVMmCBoKfaV2F5pLwVqhTzWUBlORG-50avdRxrVFn77xe8Fe0mFsfJ5JQdJvYntsvxurFzZ_F_FMf5IwOQIHRw_qqQVTgar519Zb7XUeEN31WtkVgr_ZnOWNOaB7cSpd5_IeCShg69610gkzAgLi5SzxcPVrAE_VjTDsEh3LN4zQAtcv0yA_mHZURlUXUBfh2K22sTr9-5-4T1kooyqfpfIj9Tz9QHYk3XMjmjKI2xi-PG8N40ZcRF_phW-OZ-Vto2tw4esLvzmycsJBJvs7NOFDUZY-JCG5zDKZ4eg9IZbGeheV5K2z7aq-Jrm-p4CvYXtPIDDzg-I_EU\">Morocco World News, que ha tenido acceso al borrador<\/a>, es quien nos revela que en el pa\u00eds vecino se est\u00e1 trabajando con estas cifras, cuando en medios internacionales est\u00e1bamos dando un volumen de entre 8.000 y 10.000 millones de euros.<br><br>De acuerdo con este medio, se ha filtrado el art\u00edculo 7 del borrador que limitar\u00eda<strong> las licencias de producci\u00f3n a agricultores marroqu\u00edes originarios de las zonas tradicionales de cultivo<\/strong>, as\u00ed como<strong> la venta a empresas registradas en el pa\u00eds<\/strong>. Se trata pues de una regulaci\u00f3n proteccionista que tratar\u00e1 de incorporar a la poblaci\u00f3n que ya produce a la legalidad en detrimento del capital extranjero.<br><br>Marruecos tiene una poblaci\u00f3n de 30 millones, de los cuales <strong>14 millones son poblaci\u00f3n rural<\/strong>. <a href=\"https:\/\/www.unodc.org\/pdf\/publications\/morocco_cannabis_survey_2003_exec_sum.pdf\">El estudio de 2003 de la ONU en conjunto con el pa\u00eds<\/a> revela que en las zonas con m\u00e1s arraigo del cultivo de la Cannabis, <strong>al norte del pa\u00eds, supone el trabajo de dos tercios de la poblaci\u00f3n rural<\/strong>, algo que nos da la parte humana de que el cannabis sea su principal bien de exportaci\u00f3n. Estas personas no solo no tienen cobertura laboral, sino que no reciben el grueso del beneficio por su agricultura y est\u00e1n expuestas a diferentes violencias sin protecci\u00f3n; a veces incluso la institucional, porque aunque no se les expulsa de los campos, tienen menos garant\u00edas legales que otra poblaci\u00f3n trabajadora.<br><br>La zona de cultivo tradicional en cuesti\u00f3n es el Rif, una de las cinco divisiones administrativas del pa\u00eds al estilo de las Comunidades Aut\u00f3nomas. Seg\u00fan se ha filtrado, habr\u00e1 que acreditarse rife\u00f1o para cultivar. Los datos manejados, que podr\u00edan estar tambi\u00e9n infrarepresentados, apuntan a que unas 800.000 personas trabajan ya la planta en la regi\u00f3n.<br><br>Seg\u00fan los datos del mismo a\u00f1o, <strong>Marruecos es el primer exportador mundial con un 57% del volumen total y un 75% del que llega a Europa<\/strong>, pero la apertura de los mercados medicinales estar\u00eda haciendo reducir esta cifra en la actualidad, lo que habr\u00eda motivado una decisi\u00f3n r\u00e1pida para mantener el sector, pas\u00e1ndolo a la legalidad como otros pa\u00edses occidentales.<\/p>\n","protected":false},"excerpt":{"rendered":"<span class=\"span-reading-time rt-reading-time\" style=\"display: block;\"><span class=\"rt-label rt-prefix\">Tiempo de lectura:<\/span> <span class=\"rt-time\"> 2<\/span> <span class=\"rt-label rt-postfix\">minutos<\/span><\/span>Arnau AlcaideMarruecos prepara la legalizaci\u00f3n del cannabis medicinal con la propuesta de ley 13.21, que ya tiene lista la Comisi\u00f3n competente. El Consejo de Ministros se reuni\u00f3 el pasado jueves 25 de febrero y dio su conformidad previa aprobaci\u00f3n en la comisi\u00f3n esta semana misma, que dejar\u00eda la ley para aprobaci\u00f3n parlamentaria inminente.Aunque el ejecutivo [&hellip;]","protected":false},"author":3,"featured_media":6720,"comment_status":"closed","ping_status":"closed","sticky":false,"template":"","format":"standard","meta":{"loftocean-featured-post":"","loftocean_post_format_gallery":"","loftocean_post_format_gallery_ids":"","loftocean_post_format_gallery_urls":"","loftocean_post_format_video_id":"","loftocean_post_format_video_url":"","loftocean_post_format_video_type":"","loftocean_post_format_video":"","loftocean_post_format_audio_type":"","loftocean_post_format_audio_url":"","loftocean_post_format_audio_id":"","loftocean_post_format_audio":"","loftocean_post_format_quote_text":"","loftocean_post_format_quote_byline":"","loftocean_post_format_link_text":"","loftocean_post_format_link_url":"","ceramag_post_header_style":"","ceramag_enable_background_video":"","ceramag_show_in_top_slider":"","ceramag_post_background_video_start":"","ceramag_post_background_video_end":"","loftocean_page_background_video_id":"","loftocean_page_background_video_url":"","loftocean_page_background_video_type":"","loftocean_page_background_video":"","ceramag_background_video_start":"","ceramag_background_video_end":"","ceramag_single_page_hide_header":"","footnotes":""},"categories":[35],"tags":[540,41,54],"class_list":["post-6718","post","type-post","status-publish","format-standard","has-post-thumbnail","hentry","category-politica-y-sociedad","tag-arnau-alcaide","tag-cannabis","tag-legalizacion"],"yoast_head":"<!-- This site is optimized with the Yoast SEO plugin v24.9 - https:\/\/yoast.com\/wordpress\/plugins\/seo\/ -->\n<title>Marruecos legalizar\u00e1 el cannabis medicinal inminentemente<\/title>\n<meta name=\"description\" content=\"Entrada &#8226; Portal multimedia sobre cannabis y otras sustancias &#8226; 1 marzo, 2021\" \/>\n<meta name=\"robots\" content=\"index, follow, max-snippet:-1, max-image-preview:large, max-video-preview:-1\" \/>\n<link rel=\"canonical\" href=\"https:\/\/www.cannabis.es\/pw\/2021\/03\/01\/marruecos-legalizara-el-cannabis-medicinal-inminentemente\/\" \/>\n<meta name=\"twitter:card\" content=\"summary_large_image\" \/>\n<meta name=\"twitter:title\" content=\"Marruecos legalizar\u00e1 el cannabis medicinal inminentemente\" \/>\n<meta name=\"twitter:description\" content=\"Entrada &#8226; Portal multimedia sobre cannabis y otras sustancias &#8226; 1 marzo, 2021\" \/>\n<meta name=\"twitter:image\" content=\"https:\/\/www.cannabis.es\/pw\/wp-content\/uploads\/2021\/03\/valle-rif.jpg\" \/>\n<meta name=\"twitter:creator\" content=\"@cannabis_es\" \/>\n<meta name=\"twitter:site\" content=\"@cannabis_es\" \/>\n<meta name=\"twitter:label1\" content=\"Escrito por\" \/>\n\t<meta name=\"twitter:data1\" content=\"Cannabis.es\" \/>\n\t<meta name=\"twitter:label2\" content=\"Tiempo de lectura\" \/>\n\t<meta name=\"twitter:data2\" content=\"3 minutos\" \/>\n<script type=\"application\/ld+json\" class=\"yoast-schema-graph\">{\"@context\":\"https:\/\/schema.org\",\"@graph\":[{\"@type\":\"Article\",\"@id\":\"https:\/\/www.cannabis.es\/pw\/2021\/03\/01\/marruecos-legalizara-el-cannabis-medicinal-inminentemente\/#article\",\"isPartOf\":{\"@id\":\"https:\/\/www.cannabis.es\/pw\/2021\/03\/01\/marruecos-legalizara-el-cannabis-medicinal-inminentemente\/\"},\"author\":{\"name\":\"Cannabis.es\",\"@id\":\"https:\/\/www.cannabis.es\/pw\/#\/schema\/person\/ec770c03f3e99d770687f537f4ba1e89\"},\"headline\":\"Marruecos legalizar\u00e1 el cannabis medicinal inminentemente\",\"datePublished\":\"2021-03-01T11:57:57+00:00\",\"dateModified\":\"2021-03-02T10:59:44+00:00\",\"mainEntityOfPage\":{\"@id\":\"https:\/\/www.cannabis.es\/pw\/2021\/03\/01\/marruecos-legalizara-el-cannabis-medicinal-inminentemente\/\"},\"wordCount\":546,\"publisher\":{\"@id\":\"https:\/\/www.cannabis.es\/pw\/#organization\"},\"image\":{\"@id\":\"https:\/\/www.cannabis.es\/pw\/2021\/03\/01\/marruecos-legalizara-el-cannabis-medicinal-inminentemente\/#primaryimage\"},\"thumbnailUrl\":\"https:\/\/www.cannabis.es\/pw\/wp-content\/uploads\/2021\/03\/valle-rif.jpg\",\"keywords\":[\"Arnau Alcaide\",\"cannabis\",\"legalizaci\u00f3n\"],\"articleSection\":[\"Pol\u00edtica y Sociedad\"],\"inLanguage\":\"es\"},{\"@type\":\"WebPage\",\"@id\":\"https:\/\/www.cannabis.es\/pw\/2021\/03\/01\/marruecos-legalizara-el-cannabis-medicinal-inminentemente\/\",\"url\":\"https:\/\/www.cannabis.es\/pw\/2021\/03\/01\/marruecos-legalizara-el-cannabis-medicinal-inminentemente\/\",\"name\":\"Marruecos legalizar\u00e1 el cannabis medicinal inminentemente\",\"isPartOf\":{\"@id\":\"https:\/\/www.cannabis.es\/pw\/#website\"},\"primaryImageOfPage\":{\"@id\":\"https:\/\/www.cannabis.es\/pw\/2021\/03\/01\/marruecos-legalizara-el-cannabis-medicinal-inminentemente\/#primaryimage\"},\"image\":{\"@id\":\"https:\/\/www.cannabis.es\/pw\/2021\/03\/01\/marruecos-legalizara-el-cannabis-medicinal-inminentemente\/#primaryimage\"},\"thumbnailUrl\":\"https:\/\/www.cannabis.es\/pw\/wp-content\/uploads\/2021\/03\/valle-rif.jpg\",\"datePublished\":\"2021-03-01T11:57:57+00:00\",\"dateModified\":\"2021-03-02T10:59:44+00:00\",\"description\":\"Entrada &#8226; Portal multimedia sobre cannabis y otras sustancias &#8226; 1 marzo, 2021\",\"breadcrumb\":{\"@id\":\"https:\/\/www.cannabis.es\/pw\/2021\/03\/01\/marruecos-legalizara-el-cannabis-medicinal-inminentemente\/#breadcrumb\"},\"inLanguage\":\"es\",\"potentialAction\":[{\"@type\":\"ReadAction\",\"target\":[\"https:\/\/www.cannabis.es\/pw\/2021\/03\/01\/marruecos-legalizara-el-cannabis-medicinal-inminentemente\/\"]}]},{\"@type\":\"ImageObject\",\"inLanguage\":\"es\",\"@id\":\"https:\/\/www.cannabis.es\/pw\/2021\/03\/01\/marruecos-legalizara-el-cannabis-medicinal-inminentemente\/#primaryimage\",\"url\":\"https:\/\/www.cannabis.es\/pw\/wp-content\/uploads\/2021\/03\/valle-rif.jpg\",\"contentUrl\":\"https:\/\/www.cannabis.es\/pw\/wp-content\/uploads\/2021\/03\/valle-rif.jpg\",\"width\":804,\"height\":532},{\"@type\":\"BreadcrumbList\",\"@id\":\"https:\/\/www.cannabis.es\/pw\/2021\/03\/01\/marruecos-legalizara-el-cannabis-medicinal-inminentemente\/#breadcrumb\",\"itemListElement\":[{\"@type\":\"ListItem\",\"position\":1,\"name\":\"Portada\",\"item\":\"http:\/\/www.cannabis.es\/pw\/\"},{\"@type\":\"ListItem\",\"position\":2,\"name\":\"Marruecos legalizar\u00e1 el cannabis medicinal inminentemente\"}]},{\"@type\":\"WebSite\",\"@id\":\"https:\/\/www.cannabis.es\/pw\/#website\",\"url\":\"https:\/\/www.cannabis.es\/pw\/\",\"name\":\"Cannabis\",\"description\":\"Portal multimedia sobre cannabis y otras sustancias\",\"publisher\":{\"@id\":\"https:\/\/www.cannabis.es\/pw\/#organization\"},\"potentialAction\":[{\"@type\":\"SearchAction\",\"target\":{\"@type\":\"EntryPoint\",\"urlTemplate\":\"https:\/\/www.cannabis.es\/pw\/?s={search_term_string}\"},\"query-input\":{\"@type\":\"PropertyValueSpecification\",\"valueRequired\":true,\"valueName\":\"search_term_string\"}}],\"inLanguage\":\"es\"},{\"@type\":\"Organization\",\"@id\":\"https:\/\/www.cannabis.es\/pw\/#organization\",\"name\":\"Cannabis.es\",\"url\":\"https:\/\/www.cannabis.es\/pw\/\",\"logo\":{\"@type\":\"ImageObject\",\"inLanguage\":\"es\",\"@id\":\"https:\/\/www.cannabis.es\/pw\/#\/schema\/logo\/image\/\",\"url\":\"https:\/\/www.cannabis.es\/pw\/wp-content\/uploads\/2019\/04\/cropped-logo_cannabis.png\",\"contentUrl\":\"https:\/\/www.cannabis.es\/pw\/wp-content\/uploads\/2019\/04\/cropped-logo_cannabis.png\",\"width\":361,\"height\":120,\"caption\":\"Cannabis.es\"},\"image\":{\"@id\":\"https:\/\/www.cannabis.es\/pw\/#\/schema\/logo\/image\/\"},\"sameAs\":[\"https:\/\/x.com\/cannabis_es\"]},{\"@type\":\"Person\",\"@id\":\"https:\/\/www.cannabis.es\/pw\/#\/schema\/person\/ec770c03f3e99d770687f537f4ba1e89\",\"name\":\"Cannabis.es\",\"image\":{\"@type\":\"ImageObject\",\"inLanguage\":\"es\",\"@id\":\"https:\/\/www.cannabis.es\/pw\/#\/schema\/person\/image\/\",\"url\":\"https:\/\/secure.gravatar.com\/avatar\/810c93a3d6fadc3d9c2665b1d919a4aedea8ed4dd63689d001e985a804e90d83?s=96&d=mm&r=g\",\"contentUrl\":\"https:\/\/secure.gravatar.com\/avatar\/810c93a3d6fadc3d9c2665b1d919a4aedea8ed4dd63689d001e985a804e90d83?s=96&d=mm&r=g\",\"caption\":\"Cannabis.es\"},\"url\":\"https:\/\/www.cannabis.es\/pw\/author\/arnau\/\"}]}<\/script>\n<!-- \/ Yoast SEO plugin. -->","yoast_head_json":{"title":"Marruecos legalizar\u00e1 el cannabis medicinal inminentemente","description":"Entrada &#8226; Portal multimedia sobre cannabis y otras sustancias &#8226; 1 marzo, 2021","robots":{"index":"index","follow":"follow","max-snippet":"max-snippet:-1","max-image-preview":"max-image-preview:large","max-video-preview":"max-video-preview:-1"},"canonical":"https:\/\/www.cannabis.es\/pw\/2021\/03\/01\/marruecos-legalizara-el-cannabis-medicinal-inminentemente\/","twitter_card":"summary_large_image","twitter_title":"Marruecos legalizar\u00e1 el cannabis medicinal inminentemente","twitter_description":"Entrada &#8226; Portal multimedia sobre cannabis y otras sustancias &#8226; 1 marzo, 2021","twitter_image":"https:\/\/www.cannabis.es\/pw\/wp-content\/uploads\/2021\/03\/valle-rif.jpg","twitter_creator":"@cannabis_es","twitter_site":"@cannabis_es","twitter_misc":{"Escrito por":"Cannabis.es","Tiempo de lectura":"3 minutos"},"schema":{"@context":"https:\/\/schema.org","@graph":[{"@type":"Article","@id":"https:\/\/www.cannabis.es\/pw\/2021\/03\/01\/marruecos-legalizara-el-cannabis-medicinal-inminentemente\/#article","isPartOf":{"@id":"https:\/\/www.cannabis.es\/pw\/2021\/03\/01\/marruecos-legalizara-el-cannabis-medicinal-inminentemente\/"},"author":{"name":"Cannabis.es","@id":"https:\/\/www.cannabis.es\/pw\/#\/schema\/person\/ec770c03f3e99d770687f537f4ba1e89"},"headline":"Marruecos legalizar\u00e1 el cannabis medicinal inminentemente","datePublished":"2021-03-01T11:57:57+00:00","dateModified":"2021-03-02T10:59:44+00:00","mainEntityOfPage":{"@id":"https:\/\/www.cannabis.es\/pw\/2021\/03\/01\/marruecos-legalizara-el-cannabis-medicinal-inminentemente\/"},"wordCount":546,"publisher":{"@id":"https:\/\/www.cannabis.es\/pw\/#organization"},"image":{"@id":"https:\/\/www.cannabis.es\/pw\/2021\/03\/01\/marruecos-legalizara-el-cannabis-medicinal-inminentemente\/#primaryimage"},"thumbnailUrl":"https:\/\/www.cannabis.es\/pw\/wp-content\/uploads\/2021\/03\/valle-rif.jpg","keywords":["Arnau Alcaide","cannabis","legalizaci\u00f3n"],"articleSection":["Pol\u00edtica y Sociedad"],"inLanguage":"es"},{"@type":"WebPage","@id":"https:\/\/www.cannabis.es\/pw\/2021\/03\/01\/marruecos-legalizara-el-cannabis-medicinal-inminentemente\/","url":"https:\/\/www.cannabis.es\/pw\/2021\/03\/01\/marruecos-legalizara-el-cannabis-medicinal-inminentemente\/","name":"Marruecos legalizar\u00e1 el cannabis medicinal inminentemente","isPartOf":{"@id":"https:\/\/www.cannabis.es\/pw\/#website"},"primaryImageOfPage":{"@id":"https:\/\/www.cannabis.es\/pw\/2021\/03\/01\/marruecos-legalizara-el-cannabis-medicinal-inminentemente\/#primaryimage"},"image":{"@id":"https:\/\/www.cannabis.es\/pw\/2021\/03\/01\/marruecos-legalizara-el-cannabis-medicinal-inminentemente\/#primaryimage"},"thumbnailUrl":"https:\/\/www.cannabis.es\/pw\/wp-content\/uploads\/2021\/03\/valle-rif.jpg","datePublished":"2021-03-01T11:57:57+00:00","dateModified":"2021-03-02T10:59:44+00:00","description":"Entrada &#8226; Portal multimedia sobre cannabis y otras sustancias &#8226; 1 marzo, 2021","breadcrumb":{"@id":"https:\/\/www.cannabis.es\/pw\/2021\/03\/01\/marruecos-legalizara-el-cannabis-medicinal-inminentemente\/#breadcrumb"},"inLanguage":"es","potentialAction":[{"@type":"ReadAction","target":["https:\/\/www.cannabis.es\/pw\/2021\/03\/01\/marruecos-legalizara-el-cannabis-medicinal-inminentemente\/"]}]},{"@type":"ImageObject","inLanguage":"es","@id":"https:\/\/www.cannabis.es\/pw\/2021\/03\/01\/marruecos-legalizara-el-cannabis-medicinal-inminentemente\/#primaryimage","url":"https:\/\/www.cannabis.es\/pw\/wp-content\/uploads\/2021\/03\/valle-rif.jpg","contentUrl":"https:\/\/www.cannabis.es\/pw\/wp-content\/uploads\/2021\/03\/valle-rif.jpg","width":804,"height":532},{"@type":"BreadcrumbList","@id":"https:\/\/www.cannabis.es\/pw\/2021\/03\/01\/marruecos-legalizara-el-cannabis-medicinal-inminentemente\/#breadcrumb","itemListElement":[{"@type":"ListItem","position":1,"name":"Portada","item":"http:\/\/www.cannabis.es\/pw\/"},{"@type":"ListItem","position":2,"name":"Marruecos legalizar\u00e1 el cannabis medicinal inminentemente"}]},{"@type":"WebSite","@id":"https:\/\/www.cannabis.es\/pw\/#website","url":"https:\/\/www.cannabis.es\/pw\/","name":"Cannabis","description":"Portal multimedia sobre cannabis y otras sustancias","publisher":{"@id":"https:\/\/www.cannabis.es\/pw\/#organization"},"potentialAction":[{"@type":"SearchAction","target":{"@type":"EntryPoint","urlTemplate":"https:\/\/www.cannabis.es\/pw\/?s={search_term_string}"},"query-input":{"@type":"PropertyValueSpecification","valueRequired":true,"valueName":"search_term_string"}}],"inLanguage":"es"},{"@type":"Organization","@id":"https:\/\/www.cannabis.es\/pw\/#organization","name":"Cannabis.es","url":"https:\/\/www.cannabis.es\/pw\/","logo":{"@type":"ImageObject","inLanguage":"es","@id":"https:\/\/www.cannabis.es\/pw\/#\/schema\/logo\/image\/","url":"https:\/\/www.cannabis.es\/pw\/wp-content\/uploads\/2019\/04\/cropped-logo_cannabis.png","contentUrl":"https:\/\/www.cannabis.es\/pw\/wp-content\/uploads\/2019\/04\/cropped-logo_cannabis.png","width":361,"height":120,"caption":"Cannabis.es"},"image":{"@id":"https:\/\/www.cannabis.es\/pw\/#\/schema\/logo\/image\/"},"sameAs":["https:\/\/x.com\/cannabis_es"]},{"@type":"Person","@id":"https:\/\/www.cannabis.es\/pw\/#\/schema\/person\/ec770c03f3e99d770687f537f4ba1e89","name":"Cannabis.es","image":{"@type":"ImageObject","inLanguage":"es","@id":"https:\/\/www.cannabis.es\/pw\/#\/schema\/person\/image\/","url":"https:\/\/secure.gravatar.com\/avatar\/810c93a3d6fadc3d9c2665b1d919a4aedea8ed4dd63689d001e985a804e90d83?s=96&d=mm&r=g","contentUrl":"https:\/\/secure.gravatar.com\/avatar\/810c93a3d6fadc3d9c2665b1d919a4aedea8ed4dd63689d001e985a804e90d83?s=96&d=mm&r=g","caption":"Cannabis.es"},"url":"https:\/\/www.cannabis.es\/pw\/author\/arnau\/"}]}},"_links":{"self":[{"href":"https:\/\/www.cannabis.es\/pw\/wp-json\/wp\/v2\/posts\/6718","targetHints":{"allow":["GET"]}}],"collection":[{"href":"https:\/\/www.cannabis.es\/pw\/wp-json\/wp\/v2\/posts"}],"about":[{"href":"https:\/\/www.cannabis.es\/pw\/wp-json\/wp\/v2\/types\/post"}],"author":[{"embeddable":true,"href":"https:\/\/www.cannabis.es\/pw\/wp-json\/wp\/v2\/users\/3"}],"replies":[{"embeddable":true,"href":"https:\/\/www.cannabis.es\/pw\/wp-json\/wp\/v2\/comments?post=6718"}],"version-history":[{"count":3,"href":"https:\/\/www.cannabis.es\/pw\/wp-json\/wp\/v2\/posts\/6718\/revisions"}],"predecessor-version":[{"id":6724,"href":"https:\/\/www.cannabis.es\/pw\/wp-json\/wp\/v2\/posts\/6718\/revisions\/6724"}],"wp:featuredmedia":[{"embeddable":true,"href":"https:\/\/www.cannabis.es\/pw\/wp-json\/wp\/v2\/media\/6720"}],"wp:attachment":[{"href":"https:\/\/www.cannabis.es\/pw\/wp-json\/wp\/v2\/media?parent=6718"}],"wp:term":[{"taxonomy":"category","embeddable":true,"href":"https:\/\/www.cannabis.es\/pw\/wp-json\/wp\/v2\/categories?post=6718"},{"taxonomy":"post_tag","embeddable":true,"href":"https:\/\/www.cannabis.es\/pw\/wp-json\/wp\/v2\/tags?post=6718"}],"curies":[{"name":"wp","href":"https:\/\/api.w.org\/{rel}","templated":true}]}}