{"id":6725,"date":"2021-03-03T13:33:26","date_gmt":"2021-03-03T12:33:26","guid":{"rendered":"https:\/\/www.cannabis.es\/pw\/?p=6725"},"modified":"2021-03-03T13:43:10","modified_gmt":"2021-03-03T12:43:10","slug":"una-nueva-asociacion-en-villarreal-reabrira-el-sabado-el-debate-valenciano","status":"publish","type":"post","link":"https:\/\/www.cannabis.es\/pw\/2021\/03\/03\/una-nueva-asociacion-en-villarreal-reabrira-el-sabado-el-debate-valenciano\/","title":{"rendered":"Una nueva asociaci\u00f3n en Villarreal reabrir\u00e1 el s\u00e1bado el debate valenciano"},"content":{"rendered":"\n<p>Arnau Alcaide<\/p>\n\n\n\n<p>Este s\u00e1bado a las 10h tendr\u00e1 lugar la presentaci\u00f3n de la asociaci\u00f3n cann\u00e1bica de Villarreal <a href=\"https:\/\/www.instagram.com\/p\/CGxfS3NnJLi\/\">Vector Positivo<\/a> a trav\u00e9s de un directo de la Confederaci\u00f3n nacional en redes. Para ello, ha preparado un congreso de apertura con participaci\u00f3n pol\u00edtica y de t\u00e9cnicos de los \u00e1mbitos acad\u00e9micos en cuesti\u00f3n con el objetivo de reabrir el debate alrededor de la regulaci\u00f3n valenciana, que pas\u00f3 en Las Cortes una propuesta de estudio y una declaraci\u00f3n de intenciones que a d\u00eda de hoy est\u00e1n paradas.<br><br>Con esta primera tarea de activismo se presentar\u00e1 Vector Positivo, evento para el que contar\u00e1 con la colaboraci\u00f3n de Federaci\u00f3n de Levante de Asociaciones Cann\u00e1bicas (FAC-Levante), la pionera medicinal <a href=\"https:\/\/www.cannabis.es\/pw\/2019\/01\/28\/la-ayuda-perseguida-entrevista-a-javier-miravete-sobre-la-atencion-medicinal\/\">Terap\u00e9uticas Hierbas Castell\u00f3<\/a> y la Concejal\u00eda de Agricultura y Medio Ambiente de Villarreal. Tambi\u00e9n con Marihuana Televisi\u00f3n en la retransmisi\u00f3n. Ser\u00e1 la segunda asociaci\u00f3n cann\u00e1bica de la ciudad y la primera que realizar\u00e1 autocultivo compartido, el modelo habitual.<\/p>\n\n\n\n<figure class=\"wp-block-image size-large\"><img loading=\"lazy\" decoding=\"async\" width=\"804\" height=\"532\" src=\"https:\/\/www.cannabis.es\/pw\/wp-content\/uploads\/2021\/03\/villareal.jpg\" alt=\"\" class=\"wp-image-6726\" srcset=\"https:\/\/www.cannabis.es\/pw\/wp-content\/uploads\/2021\/03\/villareal.jpg 804w, https:\/\/www.cannabis.es\/pw\/wp-content\/uploads\/2021\/03\/villareal-300x199.jpg 300w, https:\/\/www.cannabis.es\/pw\/wp-content\/uploads\/2021\/03\/villareal-768x508.jpg 768w, https:\/\/www.cannabis.es\/pw\/wp-content\/uploads\/2021\/03\/villareal-600x397.jpg 600w\" sizes=\"auto, (max-width: 804px) 100vw, 804px\" \/><\/figure>\n\n\n\n<p>La Propuesta No de Ley valenciana fue apoyada en <em>Les Corts<\/em> en 2018 por todos los Grupos Parlamentarios excepto el Partido Popular, y se compromet\u00eda a crear una comisi\u00f3n de estudio para ver c\u00f3mo dotar de acceso al medicinal, la aproximaci\u00f3n del autocultivo y el asociacionismo como herramienta de reducci\u00f3n de da\u00f1os, as\u00ed como presionar al Gobierno de Espa\u00f1a para tomar medidas legislativas al respecto. Mientras tanto, instaba a las asociaciones a autoregularse, a la espera de \u00abincorporarlas\u00bb a las pol\u00edticas de salud p\u00fablica.<\/p>\n\n\n\n<p>Esta comisi\u00f3n, a su vez, deb\u00eda enviar lo resuelto sobre el cannabis medicinal a otra subcomisi\u00f3n, seg\u00fan recoge la PNL aprobada, que debi\u00f3 crearse en 2017 espec\u00edficamente para su estudio, pero ninguna de las dos se ha creado todav\u00eda. El \u00faltimo punto de la PNL se compromete a la rendici\u00f3n de cuentas en Las Cortes pasados los seis meses, para ver si se ha hecho algo, pero <a href=\"https:\/\/www.cannabis.es\/pw\/2018\/12\/05\/i-jornadas-cannabicas-en-valencia-dia-dos-la-politica\/\">el argumento que ha predominado es el de la competencia nacional<\/a> y, con este, la ausencia de reglas auton\u00f3micas.<\/p>\n\n\n\n<h2 class=\"wp-block-heading\">Programaci\u00f3n<\/h2>\n\n\n\n<figure class=\"wp-block-image size-large\"><img loading=\"lazy\" decoding=\"async\" width=\"1240\" height=\"776\" src=\"https:\/\/www.cannabis.es\/pw\/wp-content\/uploads\/2021\/03\/CANNABIS-Y-AGRICULTURA-Sociedad-Civil-Medicina-Ciencia-Derechos-y-Ley.-3_page-0001-edited.jpg\" alt=\"\" class=\"wp-image-6737\" srcset=\"https:\/\/www.cannabis.es\/pw\/wp-content\/uploads\/2021\/03\/CANNABIS-Y-AGRICULTURA-Sociedad-Civil-Medicina-Ciencia-Derechos-y-Ley.-3_page-0001-edited.jpg 1240w, https:\/\/www.cannabis.es\/pw\/wp-content\/uploads\/2021\/03\/CANNABIS-Y-AGRICULTURA-Sociedad-Civil-Medicina-Ciencia-Derechos-y-Ley.-3_page-0001-edited-300x188.jpg 300w, https:\/\/www.cannabis.es\/pw\/wp-content\/uploads\/2021\/03\/CANNABIS-Y-AGRICULTURA-Sociedad-Civil-Medicina-Ciencia-Derechos-y-Ley.-3_page-0001-edited-1024x641.jpg 1024w, https:\/\/www.cannabis.es\/pw\/wp-content\/uploads\/2021\/03\/CANNABIS-Y-AGRICULTURA-Sociedad-Civil-Medicina-Ciencia-Derechos-y-Ley.-3_page-0001-edited-768x481.jpg 768w, https:\/\/www.cannabis.es\/pw\/wp-content\/uploads\/2021\/03\/CANNABIS-Y-AGRICULTURA-Sociedad-Civil-Medicina-Ciencia-Derechos-y-Ley.-3_page-0001-edited-1200x751.jpg 1200w, https:\/\/www.cannabis.es\/pw\/wp-content\/uploads\/2021\/03\/CANNABIS-Y-AGRICULTURA-Sociedad-Civil-Medicina-Ciencia-Derechos-y-Ley.-3_page-0001-edited-600x375.jpg 600w\" sizes=\"auto, (max-width: 1240px) 100vw, 1240px\" \/><\/figure>\n\n\n\n<p><strong>10:00 \u2013 10:20<\/strong> <strong>Presentaci\u00f3n:<\/strong> Rafael Barn\u00e9s Fern\u00e1ndez, Presidente de  Asociaci\u00f3n Vector Positivo; Jos\u00e9 Ram\u00f3n Ventura Chalmeta, Concejal Agricultura y Sostenibilidad del Ayuntamiento de Vila-real, y <a href=\"https:\/\/www.cannabis.es\/pw\/2019\/01\/28\/la-ayuda-perseguida-entrevista-a-javier-miravete-sobre-la-atencion-medicinal\/\">Javier Miravete<\/a> Gual, Presidente de <a href=\"https:\/\/www.cannabis.es\/pw\/2020\/03\/03\/miles-de-pacientes-tienen-dificultades-para-acceder-a-terapias-cannabicas\/\">Terap\u00e9uticas Hierbas Castell\u00f3<\/a> y del <a href=\"https:\/\/www.cannabis.es\/pw\/2019\/02\/15\/fes-ho-be-se-presenta-para-cambiar-el-trato-publico-del-cannabis-a-mas-respuetuoso-y-efectivo\/\">Grup d\u2019Estudis FesHoB\u00e9! Sobre Cannabis i Drogues.<\/a><\/p>\n\n\n\n<h4 class=\"wp-block-heading\">10:20 Sociedad civil organizada, Clubes Sociales Cann\u00e1bicos:<\/h4>\n\n\n\n<p>10:20 \u2013 10:30: Antonio Moreno, Presidente de la asociaci\u00f3n alicantina Alacannabis y de la <a href=\"https:\/\/www.cannabis.es\/pw\/2019\/12\/11\/confac-llama-a-la-accion-contigo-es-posible-la-regulacion\/\">Confederaci\u00f3n de Federaciones Cann\u00e1bicas (ConFAC)<\/a>, la agrupaci\u00f3n a nivel nacional.<\/p>\n\n\n\n<p>10:30 \u2013 10:40: Dra. <a href=\"https:\/\/www.cannabis.es\/pw\/2019\/10\/21\/primera-encuesta-para-conocer-la-mejor-regulacion-para-espana\/\">Noem\u00ed S\u00e1nchez N\u00e0cher<\/a>, Profesora asociada de la Universitat de Val\u00e8ncia, Presidenta del <a href=\"https:\/\/www.cannabis.es\/pw\/2020\/04\/22\/el-oeccc-defiende-el-cannabis-en-la-comision-de-estupefacientes-de-la-onu\/\">Observatorio Europeo de Consumo y Cultivo de Cannabis (OECCC)<\/a>,<br>10:40 \u2013 10:50: Juan Carlos Peral i Escriv\u00e1, Educador Social Experto en Adicciones, Premio Reina Sof\u00eda y Presidente de la Federaci\u00f3n de Entidades Cann\u00e1bicas (FEC).<br>10:50 \u2013 11:00: Emmanuel Silva Mu\u00f1oz , Project Manager, Directivo y miembro del Grupo Motor del <a href=\"https:\/\/www.cannabis.es\/pw\/2020\/06\/12\/el-forum-cannabic-valencia-asesorara-a-agricultura-desde-el-plan-de-reconstruccion-de-las-cortes\/\">F\u00f2rum Cann\u00e0bic Valenci\u00e0 (FCV)<\/a> .<\/p>\n\n\n\n<h4 class=\"wp-block-heading\">11:10 \u2013 11:15 Fibromialgia y cannabinoides:<\/h4>\n\n\n\n<p>Dra Ana V. Carro Mart\u00ednez , Doctora en Medicina y Cirug\u00eda por la Universidad de Alicante. M\u00e9dica Especialista en Reumatolog\u00eda.<\/p>\n\n\n\n<h4 class=\"wp-block-heading\">11:15 \u2013 11:30 Cannabis y ciencia:<\/h4>\n\n\n\n<p>Dr. <a href=\"https:\/\/www.cannabis.es\/pw\/2019\/11\/25\/un-unico-paciente-de-los-358-000-no-tratados-con-cannabis-pierde-de-media-en-calidad-de-vida-el-coste-de-una-investigacion\/\">Salvador Amig\u00f3 Borr\u00e1s<\/a>, Doctor en psicolog\u00eda, Profesor de la Universitat de Val\u00e8ncia. Miembro del <em>Grup d\u2019Estudis FesHoB\u00e9! Sobre Cannabis i Drogues<\/em>. Investigador y escritor.<\/p>\n\n\n\n<h4 class=\"wp-block-heading\">11:30 \u2013 11:45 Pacientes y profesionales tras la <a href=\"https:\/\/www.cannabis.es\/pw\/2020\/12\/03\/la-onu-reconoce-el-valor-terapeutico-de-la-cannabis-desambiguandola\/\">reclasificaci\u00f3n<\/a> de la ONU:<\/h4>\n\n\n\n<p>Dr. <a href=\"https:\/\/www.cannabis.es\/pw\/2019\/02\/15\/fes-ho-be-se-presenta-para-cambiar-el-trato-publico-del-cannabis-a-mas-respuetuoso-y-efectivo\/\">Mario Land<\/a>, m\u00e9dico de familia del Servicio Sanitario Andaluz, experto en Emergencias Sanitarias, m\u00e1ster en Psicolog\u00eda y Adicciones, Director del Centro de Salud Vit\u00e1 Sant\u00e9 y Miembro del <em>Grup d\u2019Estudis FesHoB\u00e9! Sobre Cannabis i Drogues<\/em>. Defensor de los Derechos Humanos para el uso<br>del Cannabis Medicinal. Presidente de la Sociedad Cl\u00ednica de Endocannabinolog\u00eda Espa\u00f1ola.<\/p>\n\n\n\n<h3 class=\"wp-block-heading\">11:45 Propuestas pol\u00edticas de regulaci\u00f3n:<\/h3>\n\n\n\n<p>11:45 \u2013 12:00 <strong>Beatriu Gasc\u00f3<\/strong>, Diputada Grupo Parlamentario <strong>Unides Podem, Corts<\/strong> Valencianes.<br>12:15 \u2013 12:30: <strong>Silvia G\u00f3mez<\/strong> , Concejala Grupo <strong>Municipal PSOE<\/strong>.<br>12:30 \u2013 12:45 : <strong>Mar\u00eda Fajardo<\/strong>, Concejala Grupo <strong>Municipal Comprom\u00eds<\/strong>.<\/p>\n\n\n\n<h4 class=\"wp-block-heading\">12:45 \u2013 12:55 Legislaci\u00f3n y Cannabis Sativa (L):<\/h4>\n\n\n\n<p>Andreu Moreno i Tar\u00edn, abogado del Estudio Jur\u00eddico Brotsanbert, especializado en Derecho Penal, Derechos Humanos y Cannabis. Profesor asociado de la Universitat de Val\u00e8ncia.<\/p>\n\n\n\n<h4 class=\"wp-block-heading\">12:55 \u2013 13:05 G\u00e9nero y cannabis:<\/h4>\n\n\n\n<p>Vanessa Nogu\u00e9s , Graduada en Psicolog\u00eda por la Universitat de Val\u00e8ncia. M\u00e1ster en Psicolog\u00eda General Sanitaria. T\u00e9cnica Superior en Integraci\u00f3n Social. T\u00e9cnica Superior en Administraci\u00f3n y Finanzas. Miembro del Grup d\u2019Estudis FesHoB\u00e9! Sobre Cannabis i Drogues.<\/p>\n\n\n\n<h4 class=\"wp-block-heading\">13:05 \u2013 13:30 Preguntas, conclusiones, despedida y cierre:<\/h4>\n\n\n\n<p>Rafael Barn\u00e9s Fern\u00e1ndez, Jos\u00e9 Ram\u00f3n Ventura Chalmeta, Antonio Moreno y Javier Miravete.<\/p>\n\n\n\n<p>Colaboran: Concejal\u00eda de Agricultura y Medio ambiente del<br>ayuntamiento de Vila-real, Confederaci\u00f3n de Federaciones Cann\u00e1bicas<br>(ConFac), C\u00edrculo Cann\u00e1bico Podem Pa\u00eds Valenci\u00e1, F\u00f2rum Cann\u00e0bic Valenci\u00e0 (FCV), Federaci\u00f3n de Entidades Cann\u00e1bicas (FEC), Observatorio europeo de<br>consumo y cultivo de cannabis (oeccc), Marihuana televisi\u00f3n, Fes-ho b\u00e9!, Brotsanbert, Vita sant\u00e9 y Educannem.<\/p>\n\n\n\n<figure class=\"wp-block-image size-large\"><img loading=\"lazy\" decoding=\"async\" width=\"724\" height=\"1024\" src=\"https:\/\/www.cannabis.es\/pw\/wp-content\/uploads\/2021\/03\/CANNABIS-Y-AGRICULTURA-Sociedad-Civil-Medicina-Ciencia-Derechos-y-Ley.-3_page-0002-724x1024.jpg\" alt=\"\" class=\"wp-image-6735\" srcset=\"https:\/\/www.cannabis.es\/pw\/wp-content\/uploads\/2021\/03\/CANNABIS-Y-AGRICULTURA-Sociedad-Civil-Medicina-Ciencia-Derechos-y-Ley.-3_page-0002-724x1024.jpg 724w, https:\/\/www.cannabis.es\/pw\/wp-content\/uploads\/2021\/03\/CANNABIS-Y-AGRICULTURA-Sociedad-Civil-Medicina-Ciencia-Derechos-y-Ley.-3_page-0002-212x300.jpg 212w, https:\/\/www.cannabis.es\/pw\/wp-content\/uploads\/2021\/03\/CANNABIS-Y-AGRICULTURA-Sociedad-Civil-Medicina-Ciencia-Derechos-y-Ley.-3_page-0002-768x1087.jpg 768w, https:\/\/www.cannabis.es\/pw\/wp-content\/uploads\/2021\/03\/CANNABIS-Y-AGRICULTURA-Sociedad-Civil-Medicina-Ciencia-Derechos-y-Ley.-3_page-0002-1085x1536.jpg 1085w, https:\/\/www.cannabis.es\/pw\/wp-content\/uploads\/2021\/03\/CANNABIS-Y-AGRICULTURA-Sociedad-Civil-Medicina-Ciencia-Derechos-y-Ley.-3_page-0002-1200x1698.jpg 1200w, https:\/\/www.cannabis.es\/pw\/wp-content\/uploads\/2021\/03\/CANNABIS-Y-AGRICULTURA-Sociedad-Civil-Medicina-Ciencia-Derechos-y-Ley.-3_page-0002-600x849.jpg 600w, https:\/\/www.cannabis.es\/pw\/wp-content\/uploads\/2021\/03\/CANNABIS-Y-AGRICULTURA-Sociedad-Civil-Medicina-Ciencia-Derechos-y-Ley.-3_page-0002.jpg 1240w\" sizes=\"auto, (max-width: 724px) 100vw, 724px\" \/><\/figure>\n","protected":false},"excerpt":{"rendered":"<span class=\"span-reading-time rt-reading-time\" style=\"display: block;\"><span class=\"rt-label rt-prefix\">Tiempo de lectura:<\/span> <span class=\"rt-time\"> 3<\/span> <span class=\"rt-label rt-postfix\">minutos<\/span><\/span>Arnau Alcaide Este s\u00e1bado a las 10h tendr\u00e1 lugar la presentaci\u00f3n de la asociaci\u00f3n cann\u00e1bica de Villarreal Vector Positivo a trav\u00e9s de un directo de la Confederaci\u00f3n nacional en redes. Para ello, ha preparado un congreso de apertura con participaci\u00f3n pol\u00edtica y de t\u00e9cnicos de los \u00e1mbitos acad\u00e9micos en cuesti\u00f3n con el objetivo de reabrir [&hellip;]","protected":false},"author":3,"featured_media":6726,"comment_status":"closed","ping_status":"closed","sticky":false,"template":"","format":"standard","meta":{"loftocean-featured-post":"","loftocean_post_format_gallery":"","loftocean_post_format_gallery_ids":"","loftocean_post_format_gallery_urls":"","loftocean_post_format_video_id":"","loftocean_post_format_video_url":"","loftocean_post_format_video_type":"","loftocean_post_format_video":"","loftocean_post_format_audio_type":"","loftocean_post_format_audio_url":"","loftocean_post_format_audio_id":"","loftocean_post_format_audio":"","loftocean_post_format_quote_text":"","loftocean_post_format_quote_byline":"","loftocean_post_format_link_text":"","loftocean_post_format_link_url":"","ceramag_post_header_style":"","ceramag_enable_background_video":"","ceramag_show_in_top_slider":"","ceramag_post_background_video_start":"","ceramag_post_background_video_end":"","loftocean_page_background_video_id":"","loftocean_page_background_video_url":"","loftocean_page_background_video_type":"","loftocean_page_background_video":"","ceramag_background_video_start":"","ceramag_background_video_end":"","ceramag_single_page_hide_header":"","footnotes":""},"categories":[35],"tags":[540,528,41,1117],"class_list":["post-6725","post","type-post","status-publish","format-standard","has-post-thumbnail","hentry","category-politica-y-sociedad","tag-arnau-alcaide","tag-asociacion-cannabica","tag-cannabis","tag-pnl"],"yoast_head":"<!-- This site is optimized with the Yoast SEO plugin v24.9 - https:\/\/yoast.com\/wordpress\/plugins\/seo\/ -->\n<title>Una nueva asociaci\u00f3n en Villarreal reabrir\u00e1 el s\u00e1bado el debate valenciano<\/title>\n<meta name=\"description\" content=\"Entrada &#8226; Portal multimedia sobre cannabis y otras sustancias &#8226; 3 marzo, 2021\" \/>\n<meta name=\"robots\" content=\"index, follow, max-snippet:-1, max-image-preview:large, max-video-preview:-1\" \/>\n<link rel=\"canonical\" href=\"https:\/\/www.cannabis.es\/pw\/2021\/03\/03\/una-nueva-asociacion-en-villarreal-reabrira-el-sabado-el-debate-valenciano\/\" \/>\n<meta name=\"twitter:card\" content=\"summary_large_image\" \/>\n<meta name=\"twitter:title\" content=\"Una nueva asociaci\u00f3n en Villarreal reabrir\u00e1 el s\u00e1bado el debate valenciano\" \/>\n<meta name=\"twitter:description\" content=\"Entrada &#8226; Portal multimedia sobre cannabis y otras sustancias &#8226; 3 marzo, 2021\" \/>\n<meta name=\"twitter:image\" content=\"https:\/\/www.cannabis.es\/pw\/wp-content\/uploads\/2021\/03\/villareal.jpg\" \/>\n<meta name=\"twitter:creator\" content=\"@cannabis_es\" \/>\n<meta name=\"twitter:site\" content=\"@cannabis_es\" \/>\n<meta name=\"twitter:label1\" content=\"Escrito por\" \/>\n\t<meta name=\"twitter:data1\" content=\"Cannabis.es\" \/>\n\t<meta name=\"twitter:label2\" content=\"Tiempo de lectura\" \/>\n\t<meta name=\"twitter:data2\" content=\"4 minutos\" \/>\n<script type=\"application\/ld+json\" class=\"yoast-schema-graph\">{\"@context\":\"https:\/\/schema.org\",\"@graph\":[{\"@type\":\"Article\",\"@id\":\"https:\/\/www.cannabis.es\/pw\/2021\/03\/03\/una-nueva-asociacion-en-villarreal-reabrira-el-sabado-el-debate-valenciano\/#article\",\"isPartOf\":{\"@id\":\"https:\/\/www.cannabis.es\/pw\/2021\/03\/03\/una-nueva-asociacion-en-villarreal-reabrira-el-sabado-el-debate-valenciano\/\"},\"author\":{\"name\":\"Cannabis.es\",\"@id\":\"https:\/\/www.cannabis.es\/pw\/#\/schema\/person\/ec770c03f3e99d770687f537f4ba1e89\"},\"headline\":\"Una nueva asociaci\u00f3n en Villarreal reabrir\u00e1 el s\u00e1bado el debate valenciano\",\"datePublished\":\"2021-03-03T12:33:26+00:00\",\"dateModified\":\"2021-03-03T12:43:10+00:00\",\"mainEntityOfPage\":{\"@id\":\"https:\/\/www.cannabis.es\/pw\/2021\/03\/03\/una-nueva-asociacion-en-villarreal-reabrira-el-sabado-el-debate-valenciano\/\"},\"wordCount\":840,\"publisher\":{\"@id\":\"https:\/\/www.cannabis.es\/pw\/#organization\"},\"image\":{\"@id\":\"https:\/\/www.cannabis.es\/pw\/2021\/03\/03\/una-nueva-asociacion-en-villarreal-reabrira-el-sabado-el-debate-valenciano\/#primaryimage\"},\"thumbnailUrl\":\"https:\/\/www.cannabis.es\/pw\/wp-content\/uploads\/2021\/03\/villareal.jpg\",\"keywords\":[\"Arnau Alcaide\",\"asociaci\u00f3n cann\u00e1bica\",\"cannabis\",\"PNL\"],\"articleSection\":[\"Pol\u00edtica y Sociedad\"],\"inLanguage\":\"es\"},{\"@type\":\"WebPage\",\"@id\":\"https:\/\/www.cannabis.es\/pw\/2021\/03\/03\/una-nueva-asociacion-en-villarreal-reabrira-el-sabado-el-debate-valenciano\/\",\"url\":\"https:\/\/www.cannabis.es\/pw\/2021\/03\/03\/una-nueva-asociacion-en-villarreal-reabrira-el-sabado-el-debate-valenciano\/\",\"name\":\"Una nueva asociaci\u00f3n en Villarreal reabrir\u00e1 el s\u00e1bado el debate valenciano\",\"isPartOf\":{\"@id\":\"https:\/\/www.cannabis.es\/pw\/#website\"},\"primaryImageOfPage\":{\"@id\":\"https:\/\/www.cannabis.es\/pw\/2021\/03\/03\/una-nueva-asociacion-en-villarreal-reabrira-el-sabado-el-debate-valenciano\/#primaryimage\"},\"image\":{\"@id\":\"https:\/\/www.cannabis.es\/pw\/2021\/03\/03\/una-nueva-asociacion-en-villarreal-reabrira-el-sabado-el-debate-valenciano\/#primaryimage\"},\"thumbnailUrl\":\"https:\/\/www.cannabis.es\/pw\/wp-content\/uploads\/2021\/03\/villareal.jpg\",\"datePublished\":\"2021-03-03T12:33:26+00:00\",\"dateModified\":\"2021-03-03T12:43:10+00:00\",\"description\":\"Entrada &#8226; Portal multimedia sobre cannabis y otras sustancias &#8226; 3 marzo, 2021\",\"breadcrumb\":{\"@id\":\"https:\/\/www.cannabis.es\/pw\/2021\/03\/03\/una-nueva-asociacion-en-villarreal-reabrira-el-sabado-el-debate-valenciano\/#breadcrumb\"},\"inLanguage\":\"es\",\"potentialAction\":[{\"@type\":\"ReadAction\",\"target\":[\"https:\/\/www.cannabis.es\/pw\/2021\/03\/03\/una-nueva-asociacion-en-villarreal-reabrira-el-sabado-el-debate-valenciano\/\"]}]},{\"@type\":\"ImageObject\",\"inLanguage\":\"es\",\"@id\":\"https:\/\/www.cannabis.es\/pw\/2021\/03\/03\/una-nueva-asociacion-en-villarreal-reabrira-el-sabado-el-debate-valenciano\/#primaryimage\",\"url\":\"https:\/\/www.cannabis.es\/pw\/wp-content\/uploads\/2021\/03\/villareal.jpg\",\"contentUrl\":\"https:\/\/www.cannabis.es\/pw\/wp-content\/uploads\/2021\/03\/villareal.jpg\",\"width\":804,\"height\":532},{\"@type\":\"BreadcrumbList\",\"@id\":\"https:\/\/www.cannabis.es\/pw\/2021\/03\/03\/una-nueva-asociacion-en-villarreal-reabrira-el-sabado-el-debate-valenciano\/#breadcrumb\",\"itemListElement\":[{\"@type\":\"ListItem\",\"position\":1,\"name\":\"Portada\",\"item\":\"http:\/\/www.cannabis.es\/pw\/\"},{\"@type\":\"ListItem\",\"position\":2,\"name\":\"Una nueva asociaci\u00f3n en Villarreal reabrir\u00e1 el s\u00e1bado el debate valenciano\"}]},{\"@type\":\"WebSite\",\"@id\":\"https:\/\/www.cannabis.es\/pw\/#website\",\"url\":\"https:\/\/www.cannabis.es\/pw\/\",\"name\":\"Cannabis\",\"description\":\"Portal multimedia sobre cannabis y otras sustancias\",\"publisher\":{\"@id\":\"https:\/\/www.cannabis.es\/pw\/#organization\"},\"potentialAction\":[{\"@type\":\"SearchAction\",\"target\":{\"@type\":\"EntryPoint\",\"urlTemplate\":\"https:\/\/www.cannabis.es\/pw\/?s={search_term_string}\"},\"query-input\":{\"@type\":\"PropertyValueSpecification\",\"valueRequired\":true,\"valueName\":\"search_term_string\"}}],\"inLanguage\":\"es\"},{\"@type\":\"Organization\",\"@id\":\"https:\/\/www.cannabis.es\/pw\/#organization\",\"name\":\"Cannabis.es\",\"url\":\"https:\/\/www.cannabis.es\/pw\/\",\"logo\":{\"@type\":\"ImageObject\",\"inLanguage\":\"es\",\"@id\":\"https:\/\/www.cannabis.es\/pw\/#\/schema\/logo\/image\/\",\"url\":\"https:\/\/www.cannabis.es\/pw\/wp-content\/uploads\/2019\/04\/cropped-logo_cannabis.png\",\"contentUrl\":\"https:\/\/www.cannabis.es\/pw\/wp-content\/uploads\/2019\/04\/cropped-logo_cannabis.png\",\"width\":361,\"height\":120,\"caption\":\"Cannabis.es\"},\"image\":{\"@id\":\"https:\/\/www.cannabis.es\/pw\/#\/schema\/logo\/image\/\"},\"sameAs\":[\"https:\/\/x.com\/cannabis_es\"]},{\"@type\":\"Person\",\"@id\":\"https:\/\/www.cannabis.es\/pw\/#\/schema\/person\/ec770c03f3e99d770687f537f4ba1e89\",\"name\":\"Cannabis.es\",\"image\":{\"@type\":\"ImageObject\",\"inLanguage\":\"es\",\"@id\":\"https:\/\/www.cannabis.es\/pw\/#\/schema\/person\/image\/\",\"url\":\"https:\/\/secure.gravatar.com\/avatar\/810c93a3d6fadc3d9c2665b1d919a4aedea8ed4dd63689d001e985a804e90d83?s=96&d=mm&r=g\",\"contentUrl\":\"https:\/\/secure.gravatar.com\/avatar\/810c93a3d6fadc3d9c2665b1d919a4aedea8ed4dd63689d001e985a804e90d83?s=96&d=mm&r=g\",\"caption\":\"Cannabis.es\"},\"url\":\"https:\/\/www.cannabis.es\/pw\/author\/arnau\/\"}]}<\/script>\n<!-- \/ Yoast SEO plugin. -->","yoast_head_json":{"title":"Una nueva asociaci\u00f3n en Villarreal reabrir\u00e1 el s\u00e1bado el debate valenciano","description":"Entrada &#8226; Portal multimedia sobre cannabis y otras sustancias &#8226; 3 marzo, 2021","robots":{"index":"index","follow":"follow","max-snippet":"max-snippet:-1","max-image-preview":"max-image-preview:large","max-video-preview":"max-video-preview:-1"},"canonical":"https:\/\/www.cannabis.es\/pw\/2021\/03\/03\/una-nueva-asociacion-en-villarreal-reabrira-el-sabado-el-debate-valenciano\/","twitter_card":"summary_large_image","twitter_title":"Una nueva asociaci\u00f3n en Villarreal reabrir\u00e1 el s\u00e1bado el debate valenciano","twitter_description":"Entrada &#8226; Portal multimedia sobre cannabis y otras sustancias &#8226; 3 marzo, 2021","twitter_image":"https:\/\/www.cannabis.es\/pw\/wp-content\/uploads\/2021\/03\/villareal.jpg","twitter_creator":"@cannabis_es","twitter_site":"@cannabis_es","twitter_misc":{"Escrito por":"Cannabis.es","Tiempo de lectura":"4 minutos"},"schema":{"@context":"https:\/\/schema.org","@graph":[{"@type":"Article","@id":"https:\/\/www.cannabis.es\/pw\/2021\/03\/03\/una-nueva-asociacion-en-villarreal-reabrira-el-sabado-el-debate-valenciano\/#article","isPartOf":{"@id":"https:\/\/www.cannabis.es\/pw\/2021\/03\/03\/una-nueva-asociacion-en-villarreal-reabrira-el-sabado-el-debate-valenciano\/"},"author":{"name":"Cannabis.es","@id":"https:\/\/www.cannabis.es\/pw\/#\/schema\/person\/ec770c03f3e99d770687f537f4ba1e89"},"headline":"Una nueva asociaci\u00f3n en Villarreal reabrir\u00e1 el s\u00e1bado el debate valenciano","datePublished":"2021-03-03T12:33:26+00:00","dateModified":"2021-03-03T12:43:10+00:00","mainEntityOfPage":{"@id":"https:\/\/www.cannabis.es\/pw\/2021\/03\/03\/una-nueva-asociacion-en-villarreal-reabrira-el-sabado-el-debate-valenciano\/"},"wordCount":840,"publisher":{"@id":"https:\/\/www.cannabis.es\/pw\/#organization"},"image":{"@id":"https:\/\/www.cannabis.es\/pw\/2021\/03\/03\/una-nueva-asociacion-en-villarreal-reabrira-el-sabado-el-debate-valenciano\/#primaryimage"},"thumbnailUrl":"https:\/\/www.cannabis.es\/pw\/wp-content\/uploads\/2021\/03\/villareal.jpg","keywords":["Arnau Alcaide","asociaci\u00f3n cann\u00e1bica","cannabis","PNL"],"articleSection":["Pol\u00edtica y Sociedad"],"inLanguage":"es"},{"@type":"WebPage","@id":"https:\/\/www.cannabis.es\/pw\/2021\/03\/03\/una-nueva-asociacion-en-villarreal-reabrira-el-sabado-el-debate-valenciano\/","url":"https:\/\/www.cannabis.es\/pw\/2021\/03\/03\/una-nueva-asociacion-en-villarreal-reabrira-el-sabado-el-debate-valenciano\/","name":"Una nueva asociaci\u00f3n en Villarreal reabrir\u00e1 el s\u00e1bado el debate valenciano","isPartOf":{"@id":"https:\/\/www.cannabis.es\/pw\/#website"},"primaryImageOfPage":{"@id":"https:\/\/www.cannabis.es\/pw\/2021\/03\/03\/una-nueva-asociacion-en-villarreal-reabrira-el-sabado-el-debate-valenciano\/#primaryimage"},"image":{"@id":"https:\/\/www.cannabis.es\/pw\/2021\/03\/03\/una-nueva-asociacion-en-villarreal-reabrira-el-sabado-el-debate-valenciano\/#primaryimage"},"thumbnailUrl":"https:\/\/www.cannabis.es\/pw\/wp-content\/uploads\/2021\/03\/villareal.jpg","datePublished":"2021-03-03T12:33:26+00:00","dateModified":"2021-03-03T12:43:10+00:00","description":"Entrada &#8226; Portal multimedia sobre cannabis y otras sustancias &#8226; 3 marzo, 2021","breadcrumb":{"@id":"https:\/\/www.cannabis.es\/pw\/2021\/03\/03\/una-nueva-asociacion-en-villarreal-reabrira-el-sabado-el-debate-valenciano\/#breadcrumb"},"inLanguage":"es","potentialAction":[{"@type":"ReadAction","target":["https:\/\/www.cannabis.es\/pw\/2021\/03\/03\/una-nueva-asociacion-en-villarreal-reabrira-el-sabado-el-debate-valenciano\/"]}]},{"@type":"ImageObject","inLanguage":"es","@id":"https:\/\/www.cannabis.es\/pw\/2021\/03\/03\/una-nueva-asociacion-en-villarreal-reabrira-el-sabado-el-debate-valenciano\/#primaryimage","url":"https:\/\/www.cannabis.es\/pw\/wp-content\/uploads\/2021\/03\/villareal.jpg","contentUrl":"https:\/\/www.cannabis.es\/pw\/wp-content\/uploads\/2021\/03\/villareal.jpg","width":804,"height":532},{"@type":"BreadcrumbList","@id":"https:\/\/www.cannabis.es\/pw\/2021\/03\/03\/una-nueva-asociacion-en-villarreal-reabrira-el-sabado-el-debate-valenciano\/#breadcrumb","itemListElement":[{"@type":"ListItem","position":1,"name":"Portada","item":"http:\/\/www.cannabis.es\/pw\/"},{"@type":"ListItem","position":2,"name":"Una nueva asociaci\u00f3n en Villarreal reabrir\u00e1 el s\u00e1bado el debate valenciano"}]},{"@type":"WebSite","@id":"https:\/\/www.cannabis.es\/pw\/#website","url":"https:\/\/www.cannabis.es\/pw\/","name":"Cannabis","description":"Portal multimedia sobre cannabis y otras sustancias","publisher":{"@id":"https:\/\/www.cannabis.es\/pw\/#organization"},"potentialAction":[{"@type":"SearchAction","target":{"@type":"EntryPoint","urlTemplate":"https:\/\/www.cannabis.es\/pw\/?s={search_term_string}"},"query-input":{"@type":"PropertyValueSpecification","valueRequired":true,"valueName":"search_term_string"}}],"inLanguage":"es"},{"@type":"Organization","@id":"https:\/\/www.cannabis.es\/pw\/#organization","name":"Cannabis.es","url":"https:\/\/www.cannabis.es\/pw\/","logo":{"@type":"ImageObject","inLanguage":"es","@id":"https:\/\/www.cannabis.es\/pw\/#\/schema\/logo\/image\/","url":"https:\/\/www.cannabis.es\/pw\/wp-content\/uploads\/2019\/04\/cropped-logo_cannabis.png","contentUrl":"https:\/\/www.cannabis.es\/pw\/wp-content\/uploads\/2019\/04\/cropped-logo_cannabis.png","width":361,"height":120,"caption":"Cannabis.es"},"image":{"@id":"https:\/\/www.cannabis.es\/pw\/#\/schema\/logo\/image\/"},"sameAs":["https:\/\/x.com\/cannabis_es"]},{"@type":"Person","@id":"https:\/\/www.cannabis.es\/pw\/#\/schema\/person\/ec770c03f3e99d770687f537f4ba1e89","name":"Cannabis.es","image":{"@type":"ImageObject","inLanguage":"es","@id":"https:\/\/www.cannabis.es\/pw\/#\/schema\/person\/image\/","url":"https:\/\/secure.gravatar.com\/avatar\/810c93a3d6fadc3d9c2665b1d919a4aedea8ed4dd63689d001e985a804e90d83?s=96&d=mm&r=g","contentUrl":"https:\/\/secure.gravatar.com\/avatar\/810c93a3d6fadc3d9c2665b1d919a4aedea8ed4dd63689d001e985a804e90d83?s=96&d=mm&r=g","caption":"Cannabis.es"},"url":"https:\/\/www.cannabis.es\/pw\/author\/arnau\/"}]}},"_links":{"self":[{"href":"https:\/\/www.cannabis.es\/pw\/wp-json\/wp\/v2\/posts\/6725","targetHints":{"allow":["GET"]}}],"collection":[{"href":"https:\/\/www.cannabis.es\/pw\/wp-json\/wp\/v2\/posts"}],"about":[{"href":"https:\/\/www.cannabis.es\/pw\/wp-json\/wp\/v2\/types\/post"}],"author":[{"embeddable":true,"href":"https:\/\/www.cannabis.es\/pw\/wp-json\/wp\/v2\/users\/3"}],"replies":[{"embeddable":true,"href":"https:\/\/www.cannabis.es\/pw\/wp-json\/wp\/v2\/comments?post=6725"}],"version-history":[{"count":6,"href":"https:\/\/www.cannabis.es\/pw\/wp-json\/wp\/v2\/posts\/6725\/revisions"}],"predecessor-version":[{"id":6738,"href":"https:\/\/www.cannabis.es\/pw\/wp-json\/wp\/v2\/posts\/6725\/revisions\/6738"}],"wp:featuredmedia":[{"embeddable":true,"href":"https:\/\/www.cannabis.es\/pw\/wp-json\/wp\/v2\/media\/6726"}],"wp:attachment":[{"href":"https:\/\/www.cannabis.es\/pw\/wp-json\/wp\/v2\/media?parent=6725"}],"wp:term":[{"taxonomy":"category","embeddable":true,"href":"https:\/\/www.cannabis.es\/pw\/wp-json\/wp\/v2\/categories?post=6725"},{"taxonomy":"post_tag","embeddable":true,"href":"https:\/\/www.cannabis.es\/pw\/wp-json\/wp\/v2\/tags?post=6725"}],"curies":[{"name":"wp","href":"https:\/\/api.w.org\/{rel}","templated":true}]}}