{"id":6744,"date":"2021-03-05T12:32:12","date_gmt":"2021-03-05T11:32:12","guid":{"rendered":"https:\/\/www.cannabis.es\/pw\/?p=6744"},"modified":"2021-03-05T12:34:53","modified_gmt":"2021-03-05T11:34:53","slug":"moises-garcia-arencibia-piden-pruebas-sobre-los-cannabinoides-pero-no-se-ponen-a-buscarlas","status":"publish","type":"post","link":"https:\/\/www.cannabis.es\/pw\/2021\/03\/05\/moises-garcia-arencibia-piden-pruebas-sobre-los-cannabinoides-pero-no-se-ponen-a-buscarlas\/","title":{"rendered":"Mois\u00e9s Garc\u00eda Arencibia: \u00abPiden pruebas sobre los cannabinoides pero no se ponen a buscarlas\u00bb"},"content":{"rendered":"\n<p>Benito D\u00edaz<\/p>\n\n\n\n<p>Mois\u00e9s Garc\u00eda-Arencibia es doctor en Bioqu\u00edmica y Biolog\u00eda Molecular. Ha desarrollado una amplia investigaci\u00f3n en torno a los<strong> cannabinoides<\/strong> y el <strong>sistema endocannabinoide<\/strong>, en laboratorios como el de la Universidad Complutense. En la actualidad, ejerce como profesor de F\u00edsica y Qu\u00edmica en Ense\u00f1anza Secundaria, profesor-tutor en la UNED, adem\u00e1s de continuar con su labor investigadora.<\/p>\n\n\n\n<p><span class=\"has-inline-color has-luminous-vivid-orange-color\">\u201c<em>El \u00faltimo a\u00f1o de la carrera de Biolog\u00eda que curs\u00e9, ten\u00eda que hacer una asignatura pr\u00e1ctica. Mi grupo eligi\u00f3 el laboratorio del <a href=\"https:\/\/www.cannabis.es\/pw\/2017\/11\/21\/manuel-guzman-para-muchos-profesionales-el-sistema-endocannabinoide-es-un-gran-desconocido\/\">profesor Manuel Guzm\u00e1n,<\/a> una eminencia en el campo de los Cannabinoides. Fue mi primer acercamiento a este \u00e1mbito de investigaci\u00f3n. Luego, entr\u00e9 a trabajar en un laboratorio, que estaba al lado de otro donde analizaban la relaci\u00f3n entre Cannabinoides y Enfermedades Neurodegenerativas. Estas relaciones, hicieron que al final decidiera hacer un doctorado con ellos, pues ten\u00edan financiaci\u00f3n, consegu\u00ed una beca y comenc\u00e9 mis propios estudios\u201d<\/em><\/span><em>,<\/em> relata.<\/p>\n\n\n\n<figure class=\"wp-block-image size-large\"><img loading=\"lazy\" decoding=\"async\" width=\"804\" height=\"532\" src=\"https:\/\/www.cannabis.es\/pw\/wp-content\/uploads\/2021\/03\/moisesGA.jpg\" alt=\"\" class=\"wp-image-6745\" srcset=\"https:\/\/www.cannabis.es\/pw\/wp-content\/uploads\/2021\/03\/moisesGA.jpg 804w, https:\/\/www.cannabis.es\/pw\/wp-content\/uploads\/2021\/03\/moisesGA-300x199.jpg 300w, https:\/\/www.cannabis.es\/pw\/wp-content\/uploads\/2021\/03\/moisesGA-768x508.jpg 768w, https:\/\/www.cannabis.es\/pw\/wp-content\/uploads\/2021\/03\/moisesGA-600x397.jpg 600w\" sizes=\"auto, (max-width: 804px) 100vw, 804px\" \/><\/figure>\n\n\n\n<h2 class=\"wp-block-heading\"><strong>Sistema endocannabinoide<\/strong><\/h2>\n\n\n\n<p>La investigaci\u00f3n comenz\u00f3 por comprobar si el sistema endocannabinoide tiene relaci\u00f3n con la enfermedad del parkinson. Recordemos que el <a href=\"https:\/\/www.cannabis.es\/pw\/2018\/10\/29\/cannabis-droga-o-farmaco\/\">Sistema Endocannabinoide,<\/a> es un sistema de se\u00f1alizaci\u00f3n en el cuerpo humano y en muchos animales que contiene sensores sensibles a las mol\u00e9culas de la planta o a los producidos por el propio organismo (endocannabinoides). Estos receptores est\u00e1n presentes por muchas partes, sobre todo en las c\u00e9lulas del sistema inmunitario y en las cerebrales, siendo posible la afecci\u00f3n de otros sistemas por estos medios, as\u00ed como el tratamiento de ciertas dolencias.<\/p>\n\n\n\n<p>Los cient\u00edficos comenzaron por probar distintos compuestos, derivados de la planta y sint\u00e9ticos. <em><span class=\"has-inline-color has-luminous-vivid-orange-color\">\u201cTras comprobar cu\u00e1l de ellos ten\u00eda mayor potencial m\u00e9dico y farmac\u00e9utico sobre los modelos de Parkinson, intentamos descubrir por qu\u00e9 esas composiciones ten\u00edan efectos, c\u00f3mo funcionaban en el cerebro, cu\u00e1l era el motivo de que unos funcionaran mejor que otro o si esa alteraci\u00f3n en el cerebro ten\u00eda que ver con los s\u00edntomas de la enfermedad\u201d. <\/span><\/em>El profesor explica que hoy en d\u00eda se hace al rev\u00e9s, primero se busca la alteraci\u00f3n y luego se intenta manipularla mediante los f\u00e1rmacos.<\/p>\n\n\n\n<p>El estudio de Garc\u00eda-Arencibia, comenz\u00f3 en 2004. Cuatro a\u00f1os despu\u00e9s, <strong>defendi\u00f3 con su tesis que existe relaci\u00f3n entre el sistema endocannabinoide y la enfermedad de parkinson<\/strong>. A su vez, otros de sus compa\u00f1eros de laboratorio probaron que tambi\u00e9n ten\u00eda relaci\u00f3n con otras enfermedades, como el Huntington, Esclerosis Lateral Amiotr\u00f3fica o Esclerosis M\u00faltiple, comprobando de forma paralela que el sistema cannabinoide end\u00f3geno en efecto tiene relaci\u00f3n con enfermedades de car\u00e1cter neurodegenerativo.<\/p>\n\n\n\n<p><span class=\"has-inline-color has-luminous-vivid-orange-color\">\u201c<em>La enfermedad de Parkinson inhibe el movimiento. Aunque la gente lo asocia a los temblores, lo que hace es paralizar el cuerpo. La gente que consume Cannabis tambi\u00e9n reduce su movilidad, entonces podr\u00edamos decir que el THC no es el principal componente terap\u00e9utico para tratarlo, pues, aunque pudiera prevenir la muerte celular, no proteger\u00eda de los s\u00edntomas\u201d<\/em> explica Garc\u00eda-Arencibia. <em>\u201cHemos podido comprobar que el da\u00f1o oxidativo es muy importante en el Parkinson, luego, los Cannabinoides antioxidantes son interesantes. Tambi\u00e9n que se produce neuroinflamaci\u00f3n, por lo que los Cannabinoides que son antiinflamatorios, tambi\u00e9n pueden servir de ayuda\u201d.<\/em> <\/span>Tambi\u00e9n cuenta que analizaron los compuestos antagonistas de los Cannabinoides, esto es, los que producen efectos contrarios a los de esas mol\u00e9culas. Por ejemplo, el THC inhibe el movimiento, luego un antagonista deber\u00eda estimularlo.<\/p>\n\n\n\n<p>El escenario ideal podr\u00eda ser aquel en el que se pueda obtener de la planta los compuestos que funcionan en espec\u00edfico para cada dolencia. <em>\u201cComo hemos dicho, en el caso del P\u00e1rkinson, el THC no ser\u00eda demasiado beneficioso. Sin embargo, en medicinas como el Sativex, se utiliza un extracto de la planta entera para tratar, por ejemplo, la Esclerosis M\u00faltiple\u201d <\/em>El experto a\u00f1ade que la ventaja de estos f\u00e1rmacos industriales, es que cada envase trae la misma composici\u00f3n y proporci\u00f3n qu\u00edmica, adem\u00e1s de la garant\u00eda sanitaria.<\/p>\n\n\n\n<h2 class=\"wp-block-heading\"><strong>Regularizaci\u00f3n del cannabis<\/strong><\/h2>\n\n\n\n<p><span class=\"has-inline-color has-luminous-vivid-orange-color\">\u201c<em>En el marco parlamentario se han visto propuestas de Cs, de Podemos, hay diputados del PSOE que tambi\u00e9n lo proponen, como I\u00f1aki Lavandera que lo propuso al Parlamento de Canarias. Creo <a href=\"https:\/\/www.cannabis.es\/pw\/2020\/11\/18\/el-observatorio-del-cannabis-medicinal-conciencia-a-los-partidos\/\">que hay pol\u00edticos que pueden<\/a> ver c\u00f3mo funciona en otros pa\u00edses, como Urugay, Canad\u00e1, o EEUU y pueden preguntarse por qu\u00e9 no aplicarlo aqu\u00ed. Adem\u00e1s de una reivindicaci\u00f3n social, es una buena fuente de ingresos, mediante impuestos, como han hecho, por ejemplo, en Colorado\u201d<\/em><\/span>, comenta el cient\u00edfico, qui\u00e9n se\u00f1ala a su vez los datos al respecto de la bajada en el consumo entre adolescentes realizado en aquella zona.<\/p>\n\n\n\n<p><span class=\"has-inline-color has-luminous-vivid-orange-color\">\u201c<em>En mi opini\u00f3n, el THC es malo para algunas cosas, pero tambi\u00e9n lo son el alcohol o la nicotina y todos se venden. Tambi\u00e9n son drogas, aunque la gente no lo quiera ver as\u00ed. Son drogas legales que solo se pueden vender a personas mayores de edad y consumirlas en ciertos lugares concretos. Se podr\u00eda hacer lo mismo con el cannabis. A esto habr\u00eda que sumar que el cannabis puede producir da\u00f1os en un cerebro en desarrollo, y que el cerebro termina de formarse sobre los 20 a\u00f1os. No es de recibo que un adolescente, menos a\u00fan un ni\u00f1o, tenga acceso al cannabis, como no lo es que lo tenga al alcohol o al tabaco\u201d<\/em>,<\/span> desarrolla Garc\u00eda-Arencibia.<\/p>\n\n\n\n<p><span class=\"has-inline-color has-luminous-vivid-orange-color\">\u201c<em>En el aspecto terap\u00e9utico, si una persona mayor de edad que <a href=\"https:\/\/www.cannabis.es\/pw\/2019\/03\/11\/cannabis-medicinal-en-el-control-del-dolor-cronico\/\">est\u00e1 sufriendo dolores,<\/a> n\u00e1useas, insomnio, quiere consumir una sustancia que tiene respaldo m\u00e9dico y no tiene grandes efectos secundarios, tampoco deber\u00eda tener un impedimento legal. Es posible que haya quien diga que no hay evidencias cient\u00edficas suficientes al m\u00e1s alto nivel. Deber\u00edan saber que hay distintos grados de evidencia. Si hubi\u00e9ramos tenido que esperar a llegar a esos grados, quiz\u00e1s no hubi\u00e9ramos podido acceder a otros tipos de f\u00e1rmacos\u201d<\/em>,<\/span> argumenta el cient\u00edfico. Tambi\u00e9n recomienda que se pueda hacer algo para <a href=\"https:\/\/www.cannabis.es\/pw\/2020\/11\/26\/si-hay-evidencia-voces-expertas-por-el-cannabis-medicinal\/\">alcanzar ese estatus de evidencia,<\/a> en el plano de la investigaci\u00f3n, financiando proyectos o estudios cl\u00ednicos pues, <em>\u201cdejarles el trabajo a otros, es la postura c\u00f3moda. Dicen que no hay evidencias, pero tampoco se ponen a buscarlas, esperando que sea otro pa\u00eds u otros profesionales los que aporten las pruebas, como los franceses o los americanos\u201d.<\/em><\/p>\n\n\n\n<h2 class=\"wp-block-heading\"><strong>Investigaci\u00f3n en Espa\u00f1a<\/strong><\/h2>\n\n\n\n<p>Garc\u00eda-Arencibia denuncia las carencias del \u00e1mbito de la investigaci\u00f3n en nuestro pa\u00eds, tales como la poca financiaci\u00f3n, la excesiva burocracia, acoso laboral y corrupci\u00f3n, entre otros. <em><span class=\"has-inline-color has-luminous-vivid-orange-color\">\u201cSin embargo, los investigadores espa\u00f1oles en el campo de los Cannabinoides, est\u00e1n bien reconocidos en el entorno internacional. En esta cuesti\u00f3n, los representantes de Espa\u00f1a e Italia son los m\u00e1s importantes a nivel europeo. Es curioso, porque no son los pa\u00edses m\u00e1s destacados en el apoyo a la ciencia\u201d<\/span><\/em>. Apunta tambi\u00e9n que cada vez m\u00e1s gente se est\u00e1 uniendo a esta b\u00fasqueda, pues no solo es una droga, sino que tiene influencia en multitud de sistemas en el cuerpo y que merece igual de respeto que analizar el sistema opioide o el sistema dopamin\u00e9rgico (receptores de la euforia), por ejemplo. A su vez, lamenta las condiciones de los investigadores que emigran para trabajar y que solo pueden volver en condiciones peores de las que disfrutaron fuera, <em><span class=\"has-inline-color has-luminous-vivid-orange-color\">\u201cteniendo que plegarse al sistema de castas que impera en muchos sitios. Son plazas de empleo p\u00fablico que deber\u00edan regirse por los principios de igualdad, m\u00e9rito y capacidad, en lugar de por la fidelidad que se tenga a la persona que otorgue la plaza\u201d.<\/span><\/em><\/p>\n\n\n\n<h2 class=\"wp-block-heading\"><strong>Otros proyectos<\/strong><\/h2>\n\n\n\n<p>Garc\u00eda-Arencibia trabaja en la actualidad en colaboraci\u00f3n con la Universidad de Valencia, en la investigaci\u00f3n sobre la influencia del sistema endocannabinoide al respecto de la enfermedad de RETT.<em> <span class=\"has-inline-color has-luminous-vivid-orange-color\">\u201cEs un s\u00edndrome gen\u00e9tico que afecta al desarrollo cerebral, sobre todo de las ni\u00f1as. Tienen un crecimiento y desarrollo normal hasta los dos o tres a\u00f1os, cuando empiezan a tener problemas y las convierte en dependientes el resto de su vida. A trav\u00e9s de modelos animales, hemos podido comprobar que es cierto que el sistema endocannabinoide est\u00e1 alterado y seguimos avanzando en esa l\u00ednea, que nos parece prometedora\u201d.<\/span><\/em><\/p>\n\n\n\n<p>Garc\u00eda-Arencibia encuentra tiempo para participar en asociaciones como <a href=\"https:\/\/twitter.com\/Cienciamento\">Ciencia en el Parlamento<\/a>, un grupo que propuso y apoy\u00f3 la creaci\u00f3n de una oficina de asesoramiento cient\u00edfico en la sede que facilitar\u00eda informes contrastados, cosa que se ha aprobado hace poco tiempo. <em><span class=\"has-inline-color has-luminous-vivid-orange-color\">\u201cEl objetivo no era pedir m\u00e1s dinero para la ciencia, sino hacerles ver c\u00f3mo la ciencia puede ayudar a tomar decisiones pol\u00edticas, y evitar que se falseen datos cient\u00edficos demostrados\u201d<\/span>. <\/em>Tambi\u00e9n participa en <a href=\"https:\/\/twitter.com\/escepticos\">@Escepticos<\/a> (Alternativa Racional contra la Pseudo Ciencia \u2013 Sociedad para el Avance del Pensamiento Cr\u00edtico) donde tratan de combatir la irrupci\u00f3n de disciplinas como la Homeopat\u00eda, la Acupuntura o el Reiki, sin ninguna base cient\u00edfica. <em><span class=\"has-inline-color has-luminous-vivid-orange-color\">\u201cNo culpo a la gente que quiere curarse de cualquier forma y recurre a esto. Culpo a la gente que quiere lucrarse con esto, pues no todo el mundo tiene que saber farmacolog\u00eda ni c\u00f3mo funciona un medicamento. Tratamos de oponernos al pensamiento irracional, distribuido por medios de comunicaci\u00f3n y que trata de entrometerse en las universidades\u201d.<\/span><\/em><\/p>\n\n\n\n<p><em>M\u00e1s informaci\u00f3n sobre la labor investigativa y divulgativa del doctor Garc\u00eda-Arencibia <a href=\"https:\/\/twitter.com\/moigaren\">en su Twitter<\/a>.<\/em><\/p>\n","protected":false},"excerpt":{"rendered":"<span class=\"span-reading-time rt-reading-time\" style=\"display: block;\"><span class=\"rt-label rt-prefix\">Tiempo de lectura:<\/span> <span class=\"rt-time\"> 5<\/span> <span class=\"rt-label rt-postfix\">minutos<\/span><\/span>Benito D\u00edaz Mois\u00e9s Garc\u00eda-Arencibia es doctor en Bioqu\u00edmica y Biolog\u00eda Molecular. Ha desarrollado una amplia investigaci\u00f3n en torno a los cannabinoides y el sistema endocannabinoide, en laboratorios como el de la Universidad Complutense. En la actualidad, ejerce como profesor de F\u00edsica y Qu\u00edmica en Ense\u00f1anza Secundaria, profesor-tutor en la UNED, adem\u00e1s de continuar con su [&hellip;]","protected":false},"author":3,"featured_media":6745,"comment_status":"closed","ping_status":"closed","sticky":false,"template":"","format":"standard","meta":{"loftocean-featured-post":"","loftocean_post_format_gallery":"","loftocean_post_format_gallery_ids":"","loftocean_post_format_gallery_urls":"","loftocean_post_format_video_id":"","loftocean_post_format_video_url":"","loftocean_post_format_video_type":"","loftocean_post_format_video":"","loftocean_post_format_audio_type":"","loftocean_post_format_audio_url":"","loftocean_post_format_audio_id":"","loftocean_post_format_audio":"","loftocean_post_format_quote_text":"","loftocean_post_format_quote_byline":"","loftocean_post_format_link_text":"","loftocean_post_format_link_url":"","ceramag_post_header_style":"","ceramag_enable_background_video":"","ceramag_show_in_top_slider":"","ceramag_post_background_video_start":"","ceramag_post_background_video_end":"","loftocean_page_background_video_id":"","loftocean_page_background_video_url":"","loftocean_page_background_video_type":"","loftocean_page_background_video":"","ceramag_background_video_start":"","ceramag_background_video_end":"","ceramag_single_page_hide_header":"","footnotes":""},"categories":[33],"tags":[43,733,41,716,53],"class_list":["post-6744","post","type-post","status-publish","format-standard","has-post-thumbnail","hentry","category-entrevistas","tag-benito-diaz","tag-cannabinoides","tag-cannabis","tag-entrevista","tag-investigacion"],"yoast_head":"<!-- This site is optimized with the Yoast SEO plugin v24.9 - https:\/\/yoast.com\/wordpress\/plugins\/seo\/ -->\n<title>Mois\u00e9s Garc\u00eda Arencibia: &quot;Piden pruebas sobre los cannabinoides pero no se ponen a buscarlas&quot;<\/title>\n<meta name=\"description\" content=\"Entrada &#8226; Portal multimedia sobre cannabis y otras sustancias &#8226; 5 marzo, 2021\" \/>\n<meta name=\"robots\" content=\"index, follow, max-snippet:-1, max-image-preview:large, max-video-preview:-1\" \/>\n<link rel=\"canonical\" href=\"https:\/\/www.cannabis.es\/pw\/2021\/03\/05\/moises-garcia-arencibia-piden-pruebas-sobre-los-cannabinoides-pero-no-se-ponen-a-buscarlas\/\" \/>\n<meta name=\"twitter:card\" content=\"summary_large_image\" \/>\n<meta name=\"twitter:title\" content=\"Mois\u00e9s Garc\u00eda Arencibia: &quot;Piden pruebas sobre los cannabinoides pero no se ponen a buscarlas&quot;\" \/>\n<meta name=\"twitter:description\" content=\"Entrada &#8226; Portal multimedia sobre cannabis y otras sustancias &#8226; 5 marzo, 2021\" \/>\n<meta name=\"twitter:image\" content=\"https:\/\/www.cannabis.es\/pw\/wp-content\/uploads\/2021\/03\/moisesGA.jpg\" \/>\n<meta name=\"twitter:creator\" content=\"@cannabis_es\" \/>\n<meta name=\"twitter:site\" content=\"@cannabis_es\" \/>\n<meta name=\"twitter:label1\" content=\"Escrito por\" \/>\n\t<meta name=\"twitter:data1\" content=\"Cannabis.es\" \/>\n\t<meta name=\"twitter:label2\" content=\"Tiempo de lectura\" \/>\n\t<meta name=\"twitter:data2\" content=\"7 minutos\" \/>\n<script type=\"application\/ld+json\" class=\"yoast-schema-graph\">{\"@context\":\"https:\/\/schema.org\",\"@graph\":[{\"@type\":\"Article\",\"@id\":\"https:\/\/www.cannabis.es\/pw\/2021\/03\/05\/moises-garcia-arencibia-piden-pruebas-sobre-los-cannabinoides-pero-no-se-ponen-a-buscarlas\/#article\",\"isPartOf\":{\"@id\":\"https:\/\/www.cannabis.es\/pw\/2021\/03\/05\/moises-garcia-arencibia-piden-pruebas-sobre-los-cannabinoides-pero-no-se-ponen-a-buscarlas\/\"},\"author\":{\"name\":\"Cannabis.es\",\"@id\":\"https:\/\/www.cannabis.es\/pw\/#\/schema\/person\/ec770c03f3e99d770687f537f4ba1e89\"},\"headline\":\"Mois\u00e9s Garc\u00eda Arencibia: \u00abPiden pruebas sobre los cannabinoides pero no se ponen a buscarlas\u00bb\",\"datePublished\":\"2021-03-05T11:32:12+00:00\",\"dateModified\":\"2021-03-05T11:34:53+00:00\",\"mainEntityOfPage\":{\"@id\":\"https:\/\/www.cannabis.es\/pw\/2021\/03\/05\/moises-garcia-arencibia-piden-pruebas-sobre-los-cannabinoides-pero-no-se-ponen-a-buscarlas\/\"},\"wordCount\":1639,\"publisher\":{\"@id\":\"https:\/\/www.cannabis.es\/pw\/#organization\"},\"image\":{\"@id\":\"https:\/\/www.cannabis.es\/pw\/2021\/03\/05\/moises-garcia-arencibia-piden-pruebas-sobre-los-cannabinoides-pero-no-se-ponen-a-buscarlas\/#primaryimage\"},\"thumbnailUrl\":\"https:\/\/www.cannabis.es\/pw\/wp-content\/uploads\/2021\/03\/moisesGA.jpg\",\"keywords\":[\"Benito D\u00edaz\",\"cannabinoides\",\"cannabis\",\"entrevista\",\"investigaci\u00f3n\"],\"articleSection\":[\"Entrevistas\"],\"inLanguage\":\"es\"},{\"@type\":\"WebPage\",\"@id\":\"https:\/\/www.cannabis.es\/pw\/2021\/03\/05\/moises-garcia-arencibia-piden-pruebas-sobre-los-cannabinoides-pero-no-se-ponen-a-buscarlas\/\",\"url\":\"https:\/\/www.cannabis.es\/pw\/2021\/03\/05\/moises-garcia-arencibia-piden-pruebas-sobre-los-cannabinoides-pero-no-se-ponen-a-buscarlas\/\",\"name\":\"Mois\u00e9s Garc\u00eda Arencibia: \\\"Piden pruebas sobre los cannabinoides pero no se ponen a buscarlas\\\"\",\"isPartOf\":{\"@id\":\"https:\/\/www.cannabis.es\/pw\/#website\"},\"primaryImageOfPage\":{\"@id\":\"https:\/\/www.cannabis.es\/pw\/2021\/03\/05\/moises-garcia-arencibia-piden-pruebas-sobre-los-cannabinoides-pero-no-se-ponen-a-buscarlas\/#primaryimage\"},\"image\":{\"@id\":\"https:\/\/www.cannabis.es\/pw\/2021\/03\/05\/moises-garcia-arencibia-piden-pruebas-sobre-los-cannabinoides-pero-no-se-ponen-a-buscarlas\/#primaryimage\"},\"thumbnailUrl\":\"https:\/\/www.cannabis.es\/pw\/wp-content\/uploads\/2021\/03\/moisesGA.jpg\",\"datePublished\":\"2021-03-05T11:32:12+00:00\",\"dateModified\":\"2021-03-05T11:34:53+00:00\",\"description\":\"Entrada &#8226; Portal multimedia sobre cannabis y otras sustancias &#8226; 5 marzo, 2021\",\"breadcrumb\":{\"@id\":\"https:\/\/www.cannabis.es\/pw\/2021\/03\/05\/moises-garcia-arencibia-piden-pruebas-sobre-los-cannabinoides-pero-no-se-ponen-a-buscarlas\/#breadcrumb\"},\"inLanguage\":\"es\",\"potentialAction\":[{\"@type\":\"ReadAction\",\"target\":[\"https:\/\/www.cannabis.es\/pw\/2021\/03\/05\/moises-garcia-arencibia-piden-pruebas-sobre-los-cannabinoides-pero-no-se-ponen-a-buscarlas\/\"]}]},{\"@type\":\"ImageObject\",\"inLanguage\":\"es\",\"@id\":\"https:\/\/www.cannabis.es\/pw\/2021\/03\/05\/moises-garcia-arencibia-piden-pruebas-sobre-los-cannabinoides-pero-no-se-ponen-a-buscarlas\/#primaryimage\",\"url\":\"https:\/\/www.cannabis.es\/pw\/wp-content\/uploads\/2021\/03\/moisesGA.jpg\",\"contentUrl\":\"https:\/\/www.cannabis.es\/pw\/wp-content\/uploads\/2021\/03\/moisesGA.jpg\",\"width\":804,\"height\":532},{\"@type\":\"BreadcrumbList\",\"@id\":\"https:\/\/www.cannabis.es\/pw\/2021\/03\/05\/moises-garcia-arencibia-piden-pruebas-sobre-los-cannabinoides-pero-no-se-ponen-a-buscarlas\/#breadcrumb\",\"itemListElement\":[{\"@type\":\"ListItem\",\"position\":1,\"name\":\"Portada\",\"item\":\"http:\/\/www.cannabis.es\/pw\/\"},{\"@type\":\"ListItem\",\"position\":2,\"name\":\"Mois\u00e9s Garc\u00eda Arencibia: \u00abPiden pruebas sobre los cannabinoides pero no se ponen a buscarlas\u00bb\"}]},{\"@type\":\"WebSite\",\"@id\":\"https:\/\/www.cannabis.es\/pw\/#website\",\"url\":\"https:\/\/www.cannabis.es\/pw\/\",\"name\":\"Cannabis\",\"description\":\"Portal multimedia sobre cannabis y otras sustancias\",\"publisher\":{\"@id\":\"https:\/\/www.cannabis.es\/pw\/#organization\"},\"potentialAction\":[{\"@type\":\"SearchAction\",\"target\":{\"@type\":\"EntryPoint\",\"urlTemplate\":\"https:\/\/www.cannabis.es\/pw\/?s={search_term_string}\"},\"query-input\":{\"@type\":\"PropertyValueSpecification\",\"valueRequired\":true,\"valueName\":\"search_term_string\"}}],\"inLanguage\":\"es\"},{\"@type\":\"Organization\",\"@id\":\"https:\/\/www.cannabis.es\/pw\/#organization\",\"name\":\"Cannabis.es\",\"url\":\"https:\/\/www.cannabis.es\/pw\/\",\"logo\":{\"@type\":\"ImageObject\",\"inLanguage\":\"es\",\"@id\":\"https:\/\/www.cannabis.es\/pw\/#\/schema\/logo\/image\/\",\"url\":\"https:\/\/www.cannabis.es\/pw\/wp-content\/uploads\/2019\/04\/cropped-logo_cannabis.png\",\"contentUrl\":\"https:\/\/www.cannabis.es\/pw\/wp-content\/uploads\/2019\/04\/cropped-logo_cannabis.png\",\"width\":361,\"height\":120,\"caption\":\"Cannabis.es\"},\"image\":{\"@id\":\"https:\/\/www.cannabis.es\/pw\/#\/schema\/logo\/image\/\"},\"sameAs\":[\"https:\/\/x.com\/cannabis_es\"]},{\"@type\":\"Person\",\"@id\":\"https:\/\/www.cannabis.es\/pw\/#\/schema\/person\/ec770c03f3e99d770687f537f4ba1e89\",\"name\":\"Cannabis.es\",\"image\":{\"@type\":\"ImageObject\",\"inLanguage\":\"es\",\"@id\":\"https:\/\/www.cannabis.es\/pw\/#\/schema\/person\/image\/\",\"url\":\"https:\/\/secure.gravatar.com\/avatar\/810c93a3d6fadc3d9c2665b1d919a4aedea8ed4dd63689d001e985a804e90d83?s=96&d=mm&r=g\",\"contentUrl\":\"https:\/\/secure.gravatar.com\/avatar\/810c93a3d6fadc3d9c2665b1d919a4aedea8ed4dd63689d001e985a804e90d83?s=96&d=mm&r=g\",\"caption\":\"Cannabis.es\"},\"url\":\"https:\/\/www.cannabis.es\/pw\/author\/arnau\/\"}]}<\/script>\n<!-- \/ Yoast SEO plugin. -->","yoast_head_json":{"title":"Mois\u00e9s Garc\u00eda Arencibia: \"Piden pruebas sobre los cannabinoides pero no se ponen a buscarlas\"","description":"Entrada &#8226; Portal multimedia sobre cannabis y otras sustancias &#8226; 5 marzo, 2021","robots":{"index":"index","follow":"follow","max-snippet":"max-snippet:-1","max-image-preview":"max-image-preview:large","max-video-preview":"max-video-preview:-1"},"canonical":"https:\/\/www.cannabis.es\/pw\/2021\/03\/05\/moises-garcia-arencibia-piden-pruebas-sobre-los-cannabinoides-pero-no-se-ponen-a-buscarlas\/","twitter_card":"summary_large_image","twitter_title":"Mois\u00e9s Garc\u00eda Arencibia: \"Piden pruebas sobre los cannabinoides pero no se ponen a buscarlas\"","twitter_description":"Entrada &#8226; Portal multimedia sobre cannabis y otras sustancias &#8226; 5 marzo, 2021","twitter_image":"https:\/\/www.cannabis.es\/pw\/wp-content\/uploads\/2021\/03\/moisesGA.jpg","twitter_creator":"@cannabis_es","twitter_site":"@cannabis_es","twitter_misc":{"Escrito por":"Cannabis.es","Tiempo de lectura":"7 minutos"},"schema":{"@context":"https:\/\/schema.org","@graph":[{"@type":"Article","@id":"https:\/\/www.cannabis.es\/pw\/2021\/03\/05\/moises-garcia-arencibia-piden-pruebas-sobre-los-cannabinoides-pero-no-se-ponen-a-buscarlas\/#article","isPartOf":{"@id":"https:\/\/www.cannabis.es\/pw\/2021\/03\/05\/moises-garcia-arencibia-piden-pruebas-sobre-los-cannabinoides-pero-no-se-ponen-a-buscarlas\/"},"author":{"name":"Cannabis.es","@id":"https:\/\/www.cannabis.es\/pw\/#\/schema\/person\/ec770c03f3e99d770687f537f4ba1e89"},"headline":"Mois\u00e9s Garc\u00eda Arencibia: \u00abPiden pruebas sobre los cannabinoides pero no se ponen a buscarlas\u00bb","datePublished":"2021-03-05T11:32:12+00:00","dateModified":"2021-03-05T11:34:53+00:00","mainEntityOfPage":{"@id":"https:\/\/www.cannabis.es\/pw\/2021\/03\/05\/moises-garcia-arencibia-piden-pruebas-sobre-los-cannabinoides-pero-no-se-ponen-a-buscarlas\/"},"wordCount":1639,"publisher":{"@id":"https:\/\/www.cannabis.es\/pw\/#organization"},"image":{"@id":"https:\/\/www.cannabis.es\/pw\/2021\/03\/05\/moises-garcia-arencibia-piden-pruebas-sobre-los-cannabinoides-pero-no-se-ponen-a-buscarlas\/#primaryimage"},"thumbnailUrl":"https:\/\/www.cannabis.es\/pw\/wp-content\/uploads\/2021\/03\/moisesGA.jpg","keywords":["Benito D\u00edaz","cannabinoides","cannabis","entrevista","investigaci\u00f3n"],"articleSection":["Entrevistas"],"inLanguage":"es"},{"@type":"WebPage","@id":"https:\/\/www.cannabis.es\/pw\/2021\/03\/05\/moises-garcia-arencibia-piden-pruebas-sobre-los-cannabinoides-pero-no-se-ponen-a-buscarlas\/","url":"https:\/\/www.cannabis.es\/pw\/2021\/03\/05\/moises-garcia-arencibia-piden-pruebas-sobre-los-cannabinoides-pero-no-se-ponen-a-buscarlas\/","name":"Mois\u00e9s Garc\u00eda Arencibia: \"Piden pruebas sobre los cannabinoides pero no se ponen a buscarlas\"","isPartOf":{"@id":"https:\/\/www.cannabis.es\/pw\/#website"},"primaryImageOfPage":{"@id":"https:\/\/www.cannabis.es\/pw\/2021\/03\/05\/moises-garcia-arencibia-piden-pruebas-sobre-los-cannabinoides-pero-no-se-ponen-a-buscarlas\/#primaryimage"},"image":{"@id":"https:\/\/www.cannabis.es\/pw\/2021\/03\/05\/moises-garcia-arencibia-piden-pruebas-sobre-los-cannabinoides-pero-no-se-ponen-a-buscarlas\/#primaryimage"},"thumbnailUrl":"https:\/\/www.cannabis.es\/pw\/wp-content\/uploads\/2021\/03\/moisesGA.jpg","datePublished":"2021-03-05T11:32:12+00:00","dateModified":"2021-03-05T11:34:53+00:00","description":"Entrada &#8226; Portal multimedia sobre cannabis y otras sustancias &#8226; 5 marzo, 2021","breadcrumb":{"@id":"https:\/\/www.cannabis.es\/pw\/2021\/03\/05\/moises-garcia-arencibia-piden-pruebas-sobre-los-cannabinoides-pero-no-se-ponen-a-buscarlas\/#breadcrumb"},"inLanguage":"es","potentialAction":[{"@type":"ReadAction","target":["https:\/\/www.cannabis.es\/pw\/2021\/03\/05\/moises-garcia-arencibia-piden-pruebas-sobre-los-cannabinoides-pero-no-se-ponen-a-buscarlas\/"]}]},{"@type":"ImageObject","inLanguage":"es","@id":"https:\/\/www.cannabis.es\/pw\/2021\/03\/05\/moises-garcia-arencibia-piden-pruebas-sobre-los-cannabinoides-pero-no-se-ponen-a-buscarlas\/#primaryimage","url":"https:\/\/www.cannabis.es\/pw\/wp-content\/uploads\/2021\/03\/moisesGA.jpg","contentUrl":"https:\/\/www.cannabis.es\/pw\/wp-content\/uploads\/2021\/03\/moisesGA.jpg","width":804,"height":532},{"@type":"BreadcrumbList","@id":"https:\/\/www.cannabis.es\/pw\/2021\/03\/05\/moises-garcia-arencibia-piden-pruebas-sobre-los-cannabinoides-pero-no-se-ponen-a-buscarlas\/#breadcrumb","itemListElement":[{"@type":"ListItem","position":1,"name":"Portada","item":"http:\/\/www.cannabis.es\/pw\/"},{"@type":"ListItem","position":2,"name":"Mois\u00e9s Garc\u00eda Arencibia: \u00abPiden pruebas sobre los cannabinoides pero no se ponen a buscarlas\u00bb"}]},{"@type":"WebSite","@id":"https:\/\/www.cannabis.es\/pw\/#website","url":"https:\/\/www.cannabis.es\/pw\/","name":"Cannabis","description":"Portal multimedia sobre cannabis y otras sustancias","publisher":{"@id":"https:\/\/www.cannabis.es\/pw\/#organization"},"potentialAction":[{"@type":"SearchAction","target":{"@type":"EntryPoint","urlTemplate":"https:\/\/www.cannabis.es\/pw\/?s={search_term_string}"},"query-input":{"@type":"PropertyValueSpecification","valueRequired":true,"valueName":"search_term_string"}}],"inLanguage":"es"},{"@type":"Organization","@id":"https:\/\/www.cannabis.es\/pw\/#organization","name":"Cannabis.es","url":"https:\/\/www.cannabis.es\/pw\/","logo":{"@type":"ImageObject","inLanguage":"es","@id":"https:\/\/www.cannabis.es\/pw\/#\/schema\/logo\/image\/","url":"https:\/\/www.cannabis.es\/pw\/wp-content\/uploads\/2019\/04\/cropped-logo_cannabis.png","contentUrl":"https:\/\/www.cannabis.es\/pw\/wp-content\/uploads\/2019\/04\/cropped-logo_cannabis.png","width":361,"height":120,"caption":"Cannabis.es"},"image":{"@id":"https:\/\/www.cannabis.es\/pw\/#\/schema\/logo\/image\/"},"sameAs":["https:\/\/x.com\/cannabis_es"]},{"@type":"Person","@id":"https:\/\/www.cannabis.es\/pw\/#\/schema\/person\/ec770c03f3e99d770687f537f4ba1e89","name":"Cannabis.es","image":{"@type":"ImageObject","inLanguage":"es","@id":"https:\/\/www.cannabis.es\/pw\/#\/schema\/person\/image\/","url":"https:\/\/secure.gravatar.com\/avatar\/810c93a3d6fadc3d9c2665b1d919a4aedea8ed4dd63689d001e985a804e90d83?s=96&d=mm&r=g","contentUrl":"https:\/\/secure.gravatar.com\/avatar\/810c93a3d6fadc3d9c2665b1d919a4aedea8ed4dd63689d001e985a804e90d83?s=96&d=mm&r=g","caption":"Cannabis.es"},"url":"https:\/\/www.cannabis.es\/pw\/author\/arnau\/"}]}},"_links":{"self":[{"href":"https:\/\/www.cannabis.es\/pw\/wp-json\/wp\/v2\/posts\/6744","targetHints":{"allow":["GET"]}}],"collection":[{"href":"https:\/\/www.cannabis.es\/pw\/wp-json\/wp\/v2\/posts"}],"about":[{"href":"https:\/\/www.cannabis.es\/pw\/wp-json\/wp\/v2\/types\/post"}],"author":[{"embeddable":true,"href":"https:\/\/www.cannabis.es\/pw\/wp-json\/wp\/v2\/users\/3"}],"replies":[{"embeddable":true,"href":"https:\/\/www.cannabis.es\/pw\/wp-json\/wp\/v2\/comments?post=6744"}],"version-history":[{"count":3,"href":"https:\/\/www.cannabis.es\/pw\/wp-json\/wp\/v2\/posts\/6744\/revisions"}],"predecessor-version":[{"id":6748,"href":"https:\/\/www.cannabis.es\/pw\/wp-json\/wp\/v2\/posts\/6744\/revisions\/6748"}],"wp:featuredmedia":[{"embeddable":true,"href":"https:\/\/www.cannabis.es\/pw\/wp-json\/wp\/v2\/media\/6745"}],"wp:attachment":[{"href":"https:\/\/www.cannabis.es\/pw\/wp-json\/wp\/v2\/media?parent=6744"}],"wp:term":[{"taxonomy":"category","embeddable":true,"href":"https:\/\/www.cannabis.es\/pw\/wp-json\/wp\/v2\/categories?post=6744"},{"taxonomy":"post_tag","embeddable":true,"href":"https:\/\/www.cannabis.es\/pw\/wp-json\/wp\/v2\/tags?post=6744"}],"curies":[{"name":"wp","href":"https:\/\/api.w.org\/{rel}","templated":true}]}}