{"id":6753,"date":"2021-03-09T14:31:37","date_gmt":"2021-03-09T13:31:37","guid":{"rendered":"https:\/\/www.cannabis.es\/pw\/?p=6753"},"modified":"2021-03-10T13:05:58","modified_gmt":"2021-03-10T12:05:58","slug":"vector-positivo-se-presenta-entre-el-botanic-no-somos-ni-marginados-ni-criminales-ni-delincuentes","status":"publish","type":"post","link":"https:\/\/www.cannabis.es\/pw\/2021\/03\/09\/vector-positivo-se-presenta-entre-el-botanic-no-somos-ni-marginados-ni-criminales-ni-delincuentes\/","title":{"rendered":"Vector Positivo se presenta entre el Bot\u00e0nic: \u00abNo somos ni marginados, ni criminales, ni delincuentes\u00bb"},"content":{"rendered":"\n<p>Arnau Alcaide<br><br>Vector Positivo se present\u00f3 el pasado s\u00e1bado 6 de marzo con un acto telem\u00e1tico de 3.30h en el que se pusieron sobre la mesa la necesidad de avances legislativos en materia de cannabis. El evento cont\u00f3 con presencia pol\u00edtica de todo el Govern del Bot\u00e0nic, PSPV y Podem a nivel auton\u00f3mico, y Comprom\u00eds municipal, las tres formaciones que conforman el actual tripartito. En \u00e9l se lanzaron quejas desde el \u00e1mbito acad\u00e9mico, como la falta de revisi\u00f3n cient\u00edfica o la censura a eventos divulgativos, as\u00ed como desde el \u00e1mbito del derecho, por la falta de concreci\u00f3n en el ejercicio de derechos fundamentales que te puede llevar a la c\u00e1rcel.<\/p>\n\n\n\n<figure class=\"wp-block-image size-large\"><a href=\"https:\/\/bivaldi.gva.es\/es\/consulta\/registro.cmd?id=10253\"><img loading=\"lazy\" decoding=\"async\" width=\"804\" height=\"532\" src=\"https:\/\/www.cannabis.es\/pw\/wp-content\/uploads\/2021\/03\/villareal_conclusiones-1.jpg\" alt=\"\" class=\"wp-image-6756\" srcset=\"https:\/\/www.cannabis.es\/pw\/wp-content\/uploads\/2021\/03\/villareal_conclusiones-1.jpg 804w, https:\/\/www.cannabis.es\/pw\/wp-content\/uploads\/2021\/03\/villareal_conclusiones-1-300x199.jpg 300w, https:\/\/www.cannabis.es\/pw\/wp-content\/uploads\/2021\/03\/villareal_conclusiones-1-768x508.jpg 768w, https:\/\/www.cannabis.es\/pw\/wp-content\/uploads\/2021\/03\/villareal_conclusiones-1-600x397.jpg 600w\" sizes=\"auto, (max-width: 804px) 100vw, 804px\" \/><\/a><figcaption>Curado del c\u00e0nem (C\u00e1\u00f1amo) en Val\u00e8ncia, 1976. Biblioteca Valenciana.<\/figcaption><\/figure>\n\n\n\n<h2 class=\"wp-block-heading\"><strong>Jos\u00e9 Ram\u00f3n Ventura, Concejal de agricultura de Vila-real<\/strong> (Podem)<\/h2>\n\n\n\n<p>El Concejal de Agricultura de Vila-real abog\u00f3 a favor del uso terap\u00e9utico y agradeci\u00f3 a la asociaci\u00f3n naciente y a su respaldo organizativo. Record\u00f3 el uso tradicional en el Pa\u00eds Valenciano, que en el s.XVII ten\u00eda una industria del c\u00e1\u00f1amo (c\u00e0nem) de las m\u00e1s potentes del mundo orientada a su transformaci\u00f3n para materiales de navegaci\u00f3n. Se\u00f1al\u00f3 que la transformaci\u00f3n del c\u00e1\u00f1amo para tejidos es mucho m\u00e1s limpia que la del algod\u00f3n, as\u00ed como sus usos sustitutivos del pl\u00e1stico, de biocombustible, y su r\u00e1pido crecimiento. Tambi\u00e9n record\u00f3 los \u00e1cidos grasos altamente nutritivos de las semillas.<br><br>Posteriormente, record\u00f3 que su uso como cultivo disminuy\u00f3 al barbecho o rotaci\u00f3n de cultivos para la recuperaci\u00f3n de tierras, siendo este beneficioso pero de baja productividad. \u00abPodr\u00edamos usarlo en diversificaci\u00f3n de cultivos. El c\u00e1\u00f1amo regenera la tierra. Puede tener rentabilidad\u00bb, apuntaba. En la ronda final de conclusiones, llam\u00f3 a una \u00ablegalizaci\u00f3n\u00bb que no puede demorarse.<\/p>\n\n\n\n<h2 class=\"wp-block-heading\"><strong>Presidente de CONFAC y Alacannabis, Antonio Moreno<\/strong><\/h2>\n\n\n\n<p>El presidente de la Confederaci\u00f3n del movimiento civil asociado record\u00f3 c\u00f3mo la CONFAC naci\u00f3 para la labor activista conjunta de las federaciones auton\u00f3micas que surgieron a ra\u00edz de la proliferaci\u00f3n del modelo asociativo.<br><br>Moreno abog\u00f3 porque la regulaci\u00f3n deber\u00eda ser integral. \u00abEn las circunstancias actuales es imposible que se puedan ofrecer los peritajes al cannabis en asociaciones, hasta que no regulemos\u00bb. Dar\u00eda acceso al control sobre la sustancia a las asociaciones. \u00abUn ente regulador controlar\u00eda los peritajes\u00bb. Pidi\u00f3 el fin de la Mordaza para que no se sancione la tenencia.<\/p>\n\n\n\n<h2 class=\"wp-block-heading\"><strong>Presidente de Vector Positivo, Rafael Barnell<\/strong><\/h2>\n\n\n\n<p>\u00abFormo parte de un grupo de adultos usuarios de esta sustancia en circuito cerrado. No somos ni marginados, ni criminales, ni delincuentes. Lo integramos gente normal, con trabajo y familia, y plenamente integrados y en sinton\u00eda con la sociedad que nos rodea\u00bb, se\u00f1alaba Barnell.<br><br>\u00abAntes de la sanci\u00f3n, nos vemos abocados al mercado il\u00edcito, donde desconocemos garant\u00edas y procedencia de la sustancia, arriesgando salud y fortaleciendo organizaciones criminales\u00bb. Se\u00f1al\u00f3 que tratan de \u00abdisminuir el consumo en j\u00f3venes\u00bb y que se trata de una \u00abregulaci\u00f3n del consumo\u00bb, no de una \u00ablegalizaci\u00f3n\u00bb para \u00abpromoverlo\u00bb como presentan \u00abalgunos\u00bb. Record\u00f3 que de ellos depende el abastecimiento de pacientes, que solo tienen disponibles actualmente medicamentos con \u00absolamente dos\u00bb de los cientos de \u00abcompuestos\u00bb de la cannabis y bajo prescripci\u00f3n estricta y delimitada a pocas patolog\u00edas.<\/p>\n\n\n\n<h2 class=\"wp-block-heading\"><strong>Noem\u00ed S\u00e1nchez, investigadora, paciente, docente y Presidenta del OECCC<\/strong><\/h2>\n\n\n\n<p>La presidenta del Observatorio Europeo de Consumo y Cultivo de Cannabis, colectivo multidisciplinar para la regulaci\u00f3n de la cannabis en el encaje legal y un marco de reducci\u00f3n de riesgos y da\u00f1os, explic\u00f3 la propuesta del Observatorio, que se desarrolla a partir del autocultivo, respaldando el individual y el colectivo de acuerdo al modelo de la Confederaci\u00f3n de Asociaciones. Este incluye la eliminaci\u00f3n de la Mordaza para permitir el cultivo sostenible en suelo agr\u00edcola bajo los l\u00edmites del autoconsumo y la eliminaci\u00f3n de la sanci\u00f3n a la tenencia y el cultivo. Record\u00f3 que el documental Marihuana Primero las Personas recoge estos planteamientos y pidi\u00f3 m\u00e1s participaci\u00f3n para la <strong><a href=\"https:\/\/www.cannabis.es\/pw\/2019\/10\/21\/primera-encuesta-para-conocer-la-mejor-regulacion-para-espana\/\">encuesta cannabis<\/a>, que confeccion\u00f3 ella misma, y tener as\u00ed muestras \u00abm\u00e1s representativas\u00bb que las del \u00abPlan Nacional de Drogas u otros organismos\u00bb.<br><br><\/strong>\u00abLas asociaciones cann\u00e1bicas son un modelo alternativo a la comercializaci\u00f3n de la cannabis\u00bb, reflexionaba sobre una cuesti\u00f3n que parece no verse reflejada en los planeamientos regulatorios. Y apuntaba a \u00abuna industria del autocultivo\u00bb como una herramienta b\u00e1sica si se deseaba otro tipo de sector m\u00e1s cooperativo. Record\u00f3 las obras del OECCC sobre autocultivo y regulaci\u00f3n integral, y la recientemente publicada Ley de Cannabis Medicinal, que habla del modelo regulatorio para pacientes y la necesidad de diferentes v\u00edas de acceso, que tambi\u00e9n abrir\u00edan la producci\u00f3n a m\u00e1s actores.<\/p>\n\n\n\n<p>Respecto a los resultados de la encuesta cannabis, destac\u00f3 los cortes medicinal y de g\u00e9nero, que revelan que un 39% de la muestra encuestada es usuaria medicinal, y un 40% de este segmento mujeres.<\/p>\n\n\n\n<h2 class=\"wp-block-heading\"><strong>Juan Carlos FEC, Federaci\u00f3n de Entidades Cann\u00e1bicas<\/strong><\/h2>\n\n\n\n<p>Como una Federaci\u00f3n pero para asociaciones de uso medicinal en exclusiva, se presentaba Juan Carlos Peral, presidente de la FEC. \u00abApostamos por el autocultivo compartido\u00bb como v\u00eda de acceso para pacientes. Respecto a reducci\u00f3n de riesgos, \u00abtodos los clubs deben impedir el acceso a menores de 18 a\u00f1os porque est\u00e1 prohibido y debemos distinguir de manera muy clara el uso del abuso\u00bb. \u00abEntendemos que la gente que est\u00e1 en los clbues tiene una mayor\u00eda de edad consume porque quiere o lo necesita y ah\u00ed no nos metemos, pero s\u00ed podemos cuidar la calidad de lo que consumen\u00bb. Habl\u00f3 de aconsejar a las personas que puedan atravesar alg\u00fan problema, desde esa cercan\u00eda de la asociaci\u00f3n,. Puso el ejemplo de haber tomado la decisi\u00f3n de dejar o reducir el consumo de cannabis, que se produzca alg\u00fan malestar derivado y se puedan tomar decisiones desinformadas como sustituir el consumo por otra sustancia. \u00abLo que hay que lograr\u00bb desde la prevenci\u00f3n \u00abes que el cannabis recreativo sea precisamente eso, recreativo\u00bb.<\/p>\n\n\n\n<h2 class=\"wp-block-heading\"><strong>Emmanuel Silva, directivo del F\u00f2rum Cann\u00e0bic Valenci\u00e0<\/strong><\/h2>\n\n\n\n<p>Repas\u00f3 el trabajo del F\u00f2rum Cann\u00e0bic Valenci\u00e0 en la organizaci\u00f3n de eventos que pongan en com\u00fan a la sociedad, desde la aprobaci\u00f3n de la PNL, el Congreso en la Universitat de Val\u00e8ncia que considera uno de los eventos m\u00e1s importantes en Espa\u00f1a y el Pa\u00eds Valenci\u00e0 por la capacidad de generar debate \u00abin situ\u00bb con \u00abtodos los agentes\u00bb, y la presenteaci\u00f3n que le ocupaba, para la que quiso dejar espacio al resto de ponencias.<\/p>\n\n\n\n<h2 class=\"wp-block-heading\"><strong>Anna Carro: \u00abLa fibromialgia es una enfermedad real\u00bb y se pal\u00eda con cannabis<\/strong><\/h2>\n\n\n\n<p>\u00abQuiero dedicar esta charla a todos los pacientes con fibromialgia que padecen un dolor cr\u00f3nico intenso y que no solo no tienen una soluci\u00f3n sino que se les cuestiona si existe\u00bb, introdujo la Doctora en Medicina y Cirug\u00eda por la Universidad de Alicante, Ana Carro. M\u00e9dica especialista en reumatolog\u00eda, apunt\u00f3 a las dificultades psicol\u00f3gicas que se sufren y se\u00f1al\u00f3 la importancia de los mismos pacientes de reconocer una \u00abenfermedad real\u00bb que afecta a los \u00abneurotransmisores\u00bb. Los s\u00edntomas pueden variar en pacientes de \u00ableves\u00bb a \u00abgraves\u00bb. \u00abPodr\u00edamos hablar de una parte de tratamiento no farmacol\u00f3gico y otra farmacol\u00f3gica: la primera es el ejercicio f\u00edsico, aunque cueste, y el apoyo psicol\u00f3gico. El ejercicio f\u00edsico debe ser preferentemente aer\u00f3bico, despu\u00e9s musculares si no se puede y en tercera instancia al estilo del Tai-chi o movimientos de meditaci\u00f3n\u00bb. Advierte no obstante que, pese a ser el aer\u00f3bico el mejor, esto \u00abdebe ser controlado por un monitor\u00bb.<br><br>Respecto del tratamiento farmacol\u00f3gico: \u00abel parecetamol no es efectivo, ni los antiinflamatorios, ni los opioides [&#8230;]\u00bb. \u00abLa monoterapia es muy rara, suelen ir con muchos medicamentos\u00bb. En Estados Unidos, nos explic\u00f3, recetan antidepresivos. En Espa\u00f1a, cit\u00f3 varios de los medicamentos empleados, que resultaron tambi\u00e9n ser mitad antidepresivos y otros anticonvulsionantes. Con esto, apunta a que no son el mecanismo de acci\u00f3n adecuado, que est\u00e1 precisamente en el sistema endocannabinoide, no regulando el sistema nervioso central, que es lo que se plantea con estos medicamentos. Habl\u00f3 de que el primer tratamiento recetado en Espa\u00f1a no es tolerado por una amplia cantidad de pacientes.<br><br>Present\u00f3 diapositivas de los medicamentos empleados y describi\u00f3 algunos de sus problemas y efectos secundarios. \u00abEs una enfermedad muy frecuente y no tenemos resueltro el tratamiento. Algunos pacientes est\u00e1n mejorando con los tratamientos disponibles, pero la gran mayor\u00eda no\u00bb. Explica c\u00f3mo \u00abcalent\u00e1ndose la cabeza\u00bb lleg\u00f3 a probar con el cannabis, y explic\u00f3 que existen receptores cannbinoides por todo el cuerpo. \u00abLas personas con fibromialgia amplifican mucho la intensidad del dolor y afectando a los receptores cannabinoides se puede disminuir\u00bb, y destac\u00f3 que tiene menos efectos secundarios, mientras citaba ensayos con pacientes en grupo de control. Pidi\u00f3 facilidades para la investigaci\u00f3n y su aceleraci\u00f3n.<\/p>\n\n\n\n<h2 class=\"wp-block-heading\"><strong>Salvador<\/strong> <strong>Amig\u00f3: \u00abA quienes quieren que vayamos despacito: ya hay evidencia, dejadnos trabajar\u00bb<\/strong><\/h2>\n\n\n\n<p>\u00abSe nos desmonta con argumentos a la evidencia, que no hemos hecho estudios suficientes\u00bb, y revel\u00f3 que, desde Psicolog\u00eda en la Universidad de Val\u00e8ncia, doctores e investigadores est\u00e1n revisando toda la evidencia disponible y han valorado la que sustenta las afirmaciones m\u00e1s negativas del cannabis como d\u00e9bil o moderada (foto audios), algo que el propio Amig\u00f3 es pionero en se\u00f1alar desde ya hace a\u00f1os: el sesgo acad\u00e9mico. Tambi\u00e9n han revisado las investigaciones que sustentan las aplicaciones medicinales, para las que consideran que ya existe evidencia concluyente, con el desfase de la epilepsia, que ya valora m\u00e1s demostrado que cuando se realiz\u00f3 el estudio de valoraci\u00f3n de grados de evidencia.<br><\/p>\n\n\n\n<figure class=\"wp-block-image size-large\"><img loading=\"lazy\" decoding=\"async\" width=\"1024\" height=\"733\" src=\"https:\/\/www.cannabis.es\/pw\/wp-content\/uploads\/2021\/03\/WhatsApp-Image-2021-03-09-at-12.14.28-1024x733.jpeg\" alt=\"\" class=\"wp-image-6754\" srcset=\"https:\/\/www.cannabis.es\/pw\/wp-content\/uploads\/2021\/03\/WhatsApp-Image-2021-03-09-at-12.14.28-1024x733.jpeg 1024w, https:\/\/www.cannabis.es\/pw\/wp-content\/uploads\/2021\/03\/WhatsApp-Image-2021-03-09-at-12.14.28-300x215.jpeg 300w, https:\/\/www.cannabis.es\/pw\/wp-content\/uploads\/2021\/03\/WhatsApp-Image-2021-03-09-at-12.14.28-768x550.jpeg 768w, https:\/\/www.cannabis.es\/pw\/wp-content\/uploads\/2021\/03\/WhatsApp-Image-2021-03-09-at-12.14.28-1200x859.jpeg 1200w, https:\/\/www.cannabis.es\/pw\/wp-content\/uploads\/2021\/03\/WhatsApp-Image-2021-03-09-at-12.14.28-600x429.jpeg 600w, https:\/\/www.cannabis.es\/pw\/wp-content\/uploads\/2021\/03\/WhatsApp-Image-2021-03-09-at-12.14.28.jpeg 1228w\" sizes=\"auto, (max-width: 1024px) 100vw, 1024px\" \/><\/figure>\n\n\n\n<figure class=\"wp-block-image size-large\"><img loading=\"lazy\" decoding=\"async\" width=\"1024\" height=\"609\" src=\"https:\/\/www.cannabis.es\/pw\/wp-content\/uploads\/2021\/03\/WhatsApp-Image-2021-03-09-at-12.08.00-1024x609.jpeg\" alt=\"\" class=\"wp-image-6755\" srcset=\"https:\/\/www.cannabis.es\/pw\/wp-content\/uploads\/2021\/03\/WhatsApp-Image-2021-03-09-at-12.08.00-1024x609.jpeg 1024w, https:\/\/www.cannabis.es\/pw\/wp-content\/uploads\/2021\/03\/WhatsApp-Image-2021-03-09-at-12.08.00-300x178.jpeg 300w, https:\/\/www.cannabis.es\/pw\/wp-content\/uploads\/2021\/03\/WhatsApp-Image-2021-03-09-at-12.08.00-768x457.jpeg 768w, https:\/\/www.cannabis.es\/pw\/wp-content\/uploads\/2021\/03\/WhatsApp-Image-2021-03-09-at-12.08.00-1200x714.jpeg 1200w, https:\/\/www.cannabis.es\/pw\/wp-content\/uploads\/2021\/03\/WhatsApp-Image-2021-03-09-at-12.08.00-600x357.jpeg 600w, https:\/\/www.cannabis.es\/pw\/wp-content\/uploads\/2021\/03\/WhatsApp-Image-2021-03-09-at-12.08.00.jpeg 1221w\" sizes=\"auto, (max-width: 1024px) 100vw, 1024px\" \/><\/figure>\n\n\n\n<p>\u00abTenemos una demostraci\u00f3n fideligna, cient\u00edfica y clara\u00bb, rebati\u00f3, y recalc\u00f3 que al fin ha llegado el cambio de la OMS. \u00ab\u00bfCu\u00e1ntos pacientes, cu\u00e1nto dolor, cu\u00e1nto trabajo se hubiee adelantado si esto se hubiese desarrollado antes? Si lo que se ha hecho hasta ahora en contra de todo y de todos y se ha comprobado que tiene aplicaciones imaginad lo que se podr\u00eda hacer. Si quieren un debate cient\u00edfico, les esperamos. A todos los prohibicionistas, a quienes quieren que vayamos despacito despacito, ya hay evidencia, dejadnos trabajar\u00bb, concluy\u00f3 el divulgador, miembro de la asociaci\u00f3n para una pol\u00edtica p\u00fablica inclusiva en reducci\u00f3n de da\u00f1os, Fes-ho B\u00e9!<\/p>\n\n\n\n<figure class=\"wp-block-image size-large\"><img loading=\"lazy\" decoding=\"async\" width=\"1024\" height=\"756\" src=\"https:\/\/www.cannabis.es\/pw\/wp-content\/uploads\/2021\/03\/WhatsApp-Image-2021-03-09-at-14.29.59-1024x756.jpeg\" alt=\"\" class=\"wp-image-6757\" srcset=\"https:\/\/www.cannabis.es\/pw\/wp-content\/uploads\/2021\/03\/WhatsApp-Image-2021-03-09-at-14.29.59-1024x756.jpeg 1024w, https:\/\/www.cannabis.es\/pw\/wp-content\/uploads\/2021\/03\/WhatsApp-Image-2021-03-09-at-14.29.59-300x222.jpeg 300w, https:\/\/www.cannabis.es\/pw\/wp-content\/uploads\/2021\/03\/WhatsApp-Image-2021-03-09-at-14.29.59-768x567.jpeg 768w, https:\/\/www.cannabis.es\/pw\/wp-content\/uploads\/2021\/03\/WhatsApp-Image-2021-03-09-at-14.29.59-600x443.jpeg 600w, https:\/\/www.cannabis.es\/pw\/wp-content\/uploads\/2021\/03\/WhatsApp-Image-2021-03-09-at-14.29.59.jpeg 1163w\" sizes=\"auto, (max-width: 1024px) 100vw, 1024px\" \/><\/figure>\n\n\n\n<h2 class=\"wp-block-heading\"><strong>Mario Land:<\/strong> <strong>\u00abEs el momento de que nos dejen, sin discriminaci\u00f3n, persecucuci\u00f3n legal ni miedo\u00bb<\/strong><\/h2>\n\n\n\n<p>\u00abNecesitamos proteger a pacientes que acuden al mercado ilegal, a veces a por cannabis que no es de calidad, porque les sigue resultando mejor un mal remedio que un remedio doloroso\u00bb, destac\u00f3 el m\u00e9dico y presidente de la Sociedad Cl\u00ednica de Endocannabinolog\u00eda Espa\u00f1ola. \u00abEs un derecho fundamental de los pacientes que tengan acceso a ello. Espa\u00f1a ya ha firmado con fecha de diciembre [en referencia a la reclasificaci\u00f3n de la ONU] el uso medicinal de la Cannabis, ahora hay que dotar de acceso. El paciente ya est\u00e1 tomando cannabis de la calle y, pese a ello, experimentando mejoras en la calidad de vida\u00bb, contrapuso al argumenta de la falta de evidencia.<\/p>\n\n\n\n<p>\u00abSativex y Epidiolex no han causado ning\u00fan da\u00f1o. Es el momento de que nos dejen, sin discriminaci\u00f3n, persecucci\u00f3n legal ni miedo, usar cannabis medicinal\u00bb, terminaba.<\/p>\n\n\n\n<h2 class=\"wp-block-heading\"><strong>Beatriu<\/strong> <strong>Gasc\u00f3, de Podem, anunci\u00f3 la propuesta de regulaci\u00f3n integral estatal para septiembre<\/strong><\/h2>\n\n\n\n<p>La responsable morada de Agricultura en las Corts Valencianes anunci\u00f3 la presentaci\u00f3n de la propuesta de Podemos estatal para septiembre, pero destaca\u00f3 el desacuerdo del PSOE a nivel nacional, aunque desde el PSPV s\u00ed est\u00e1n a favor. \u00abSabemos que hay un largo camino\u00bb, destac\u00f3 Gasc\u00f3.<\/p>\n\n\n\n<h2 class=\"wp-block-heading\"><strong>Sabina Escrig, PSPV: \u00abLa mayor\u00eda de recursos, sanitarios y humanos, est\u00e1n destinados a la lucha contra la pandemia\u00bb<\/strong><\/h2>\n\n\n\n<p>En lugar del concejal del Ayuntamiento, intervino Sabina Escrig, diputada en Les Corts por el Partit Socialista del Pa\u00eds Valenci\u00e0. \u00abMe gustar\u00eda disculpar la presencia de la Concejala de Sanidad Silvia G\u00f3mez que es la que ten\u00eda que intervenir en este mesa\u00bb, alegando carga de trabajo. \u00abEstamos moviendo momentos muy duros y hemos de tener en cuenta que esta situaci\u00f3n lastra otras cuestiones\u00bb, prosgu\u00eda. \u00abLa mayor\u00eda de recursos, sanitarios y humanoes se dedican a la lucha para la pandemia\u00bb, disculp\u00f3.<\/p>\n\n\n\n<p>\u00abComo ha dicho Beatriu, todos los grupos parlamentarios menos PP, aprobamos una proposici\u00f3n no de ley con 12 puntos important\u00edsimos\u00bb, entre los que ha destacado el fomento del terap\u00e9utico. Repas\u00f3 los puntos de la PNL y record\u00f3 que \u00abotras comunidades aut\u00f3nomoas tambi\u00e9n iniciarion este camino para llegar a acuerdos\u00bb<\/p>\n\n\n\n<p>Fruto de la reclasificaci\u00f3n \u00abque acept\u00f3 la UE y por lo tanto el Estado espa\u00f1ol\u00bb. \u00abNo hay ninguna duda de que debemos avanzar hacia las posibilidades de uso terap\u00e9utico\u00bb. \u00abEs cierto que debe haber una respuesta a la proibici\u00f3n porque esta no ha hecho disminuir el consumo\u00bb. Se mantuvo prudente en mantener los tratamientos lejos de riesgos de adicci\u00f3n. \u00abHay que evitar que el consumo se inicie con 13 y 14 a\u00f1os\u00bb y record\u00f3 que en los centros de desintoxicaci\u00f3n a los que se acude como alternativa a pagar las multas Mordaza, el cannabis es la \u00abadicci\u00f3n\u00bb m\u00e1s presente.<\/p>\n\n\n\n<h2 class=\"wp-block-heading\"><strong>Mar\u00eda Fajardo, Concejala Comprom\u00eds: \u00abNo es posible considerar que el consumo y el autocultivo es un delito\u00bb<\/strong><\/h2>\n\n\n\n<p>\u00abNo se ha producido un cambio significativo tras la PNL\u00bb, destac\u00f3 Mar\u00eda Fajardo, aunque encomi\u00f3 el repaso al trabajo realizado desde el aprlamento auton\u00f3mico por las diputadas. \u00abNo es posible considerar que el consumo y el autocultivo es un delito\u00bb. La concejala de Comprom\u00eds repas\u00f3 la evoluci\u00f3n de la jurisprudencia y la legalidad, as\u00ed como las iniciativas legales acometidas por las diferentes comunidades aut\u00f3nomas, ya se aprobaran leyes o PNLS. Finalmente, precis\u00f3 sobre el uso medicinal: \u00abResulta incomprensible que no se haya tenido en cuenta la realidad del cannabis terap\u00e9utico\u00bb.<\/p>\n\n\n\n<h2 class=\"wp-block-heading\"><strong>Andreu Moreno, Brotsanbert: \u00abLa PNL est\u00e1 paralizada y habr\u00eda que darle un empuj\u00f3n\u00bb<\/strong><\/h2>\n\n\n\n<p>El penalista repas\u00f3 el estado de la regulaci\u00f3n para retomar los hitos recientes m\u00e1s destacados, como la reclasificaci\u00f3n de la ONU y las opciones m\u00e9dicas que abr\u00eda; tambi\u00e9n que, a nivel europeo, la sentencia sobre el l\u00edquido de vapeo de CBD permite tambi\u00e9n un peque\u00f1o acceso y que este supone adem\u00e1s una declaraci\u00f3n de intenciones, una \u00abinterpretaci\u00f3n m\u00e1s positiva\u00bb, del Tribunal Europeo de Justicia. Repas\u00f3 que adem\u00e1s dijeron desde la Comisi\u00f3n Europea que retomar\u00edan las solicitudes de nuevo alimento, lo que deja al CBD con el viento a favor en la Uni\u00f3n. \u00abA nivel estatal todo sigue igual de momento. Es cierto que aparecen propuestas de regulaci\u00f3n, pero se sigue regulando bajo leyes de los a\u00f1os 60. Pese a que el autocultivo no est\u00e1 penado, s\u00ed es ilegal, por la ley de estupefacientes del 67 firmada por el General Franco, que creo que no es la persona m\u00e1s adecuada para indicarnos c\u00f3mo tratar este cultivo\u00bb, critic\u00f3 el tambi\u00e9n profesor de la Universitat de Val\u00e8ncia.<br><br>\u00abA nivel valenciano, tampoco hemos visto gran cambio [&#8230;]. La PNL est\u00e1 paralizada y habr\u00eda que darle un empuj\u00f3n\u00bb, prosegu\u00eda. \u00abNecesitamos una regulaci\u00f3n integral. Una ley que no se ajusta a la realidad no es una buena ley, no podemos quedarnos solo en el medicinal. Una ley que se ajuste a la realidad tiene que considerar adem\u00e1s del medicinal el consumo por placer, la comercializaci\u00f3n o el movimiento asociativo, que no pueden quedar fuera\u00bb. Destac\u00f3 que cuestiones como el drogotest o la sanci\u00f3n de la tenencia tiene que estar en dicha ley integral para evitar \u00abel caos\u00bb y el \u00abdesprop\u00f3sito\u00bb. \u00abHace falta dotarlo de seguridad jur\u00eddica\u00bb, apuntaba el abogado de Brotsanbert.<\/p>\n\n\n\n<p>\u00abEl acto de hoy responde a la creaci\u00f3n de una asociaci\u00f3n y tenemos que hablar del movimiento cann\u00e1bico como movimiento civil asociado. Estamos hartos de que no se les puedan dar respuestas claras porque dependen de interpretaciones, de ir adapt\u00e1ndose a cada sentencia que sale. No puede ser que no sepan cu\u00e1ntos socios deben tener, qu\u00e9 caracter\u00edsticas su funcionamiento, si la edad de acceso son 18 o 21&#8230; Se tienen que regular ya porque parten de una realidad social inevitable que no puede ser ignorada, y sobre todo parte del derecho fundamental de asociaci\u00f3n: no puedes tener un sector de la poblaci\u00f3n que quiere ejercer un derecho fundamental con la incerteza de si acabara en prisi\u00f3n. Eso quiero remarcarlo, porque hay que recordar el caso de Airam. Albert Ti\u00f3 y la junta directiva est\u00e1n cumpliendo una pena de prisi\u00f3n\u00bb, puso el abogado sobre la mesa. Explic\u00f3 las v\u00edas abiertas para su defensa, mediante petici\u00f3n de indulto y recurso a Estrasburgo. Finalmente, <strong>anunci\u00f3 la reciente absoluci\u00f3n de la asociaci\u00f3n THC de Val\u00e8ncia, la m\u00e1s importante de la ciudad, creada en 2008 y organizadora de la Copa THC.<\/strong><br><br>Apel\u00f3 al ejercicio de madurez pol\u00edtica de \u00abhablar ya de c\u00f3mo regular\u00bb y no de sobre si hay que regular o no, cuando es \u00abevidente\u00bb que es \u00abnecesario\u00bb. \u00abEs una cuesti\u00f3n de justicia y derechos fundamentales. No es una cesuti\u00f3n abstracta, es muy material. Hay que poder ejercer unos derechos fundamentales con garant\u00edas, y si no estos pueden acabar vulnerados y en prisi\u00f3n\u00bb, concluy\u00f3.<\/p>\n\n\n\n<h2 class=\"wp-block-heading\"><strong>Vanessa Nogu\u00e9s: mujeres y cannabis<\/strong><\/h2>\n\n\n\n<p>\u00abCada vez m\u00e1s mujeres recurren a la Cannabis\u00bb, pero sufren un \u00abdoble rechazo: social y moral\u00bb. La responsable de g\u00e9nero de Fes-ho B\u00e9! Destac\u00f3, por ejemplo, el estigma en las madres cann\u00e1bicas, y la cantidad de mujeres encarceladas en el mundo por delitos de drogas. La psic\u00f3loga y t\u00e9cnica en administraci\u00f3n y finanzas reproch\u00f3 el acoso que siguen sufriendo las mujeres cann\u00e1bicas.<\/p>\n\n\n\n<h2 class=\"wp-block-heading\"><strong>Miravete: moderador, paciente, activista y divulgador<\/strong><\/h2>\n\n\n\n<p>Javier Miravete record\u00f3 la censura que sufrieron desde Educannem, la organizaci\u00f3n divulgadora de los usos medicinales de la Cannabis, cuando iban a realizar un evento formativo sobre usos frente a la fibromialgia en Castell\u00f3n. \u00c9l mismo, que moder\u00f3 durante todo el evento, dando paso y redondeando a modo de conclusi\u00f3n algunas intervenciones, desped\u00eda la retransmisi\u00f3n.<\/p>\n","protected":false},"excerpt":{"rendered":"<span class=\"span-reading-time rt-reading-time\" style=\"display: block;\"><span class=\"rt-label rt-prefix\">Tiempo de lectura:<\/span> <span class=\"rt-time\"> 10<\/span> <span class=\"rt-label rt-postfix\">minutos<\/span><\/span>Arnau AlcaideVector Positivo se present\u00f3 el pasado s\u00e1bado 6 de marzo con un acto telem\u00e1tico de 3.30h en el que se pusieron sobre la mesa la necesidad de avances legislativos en materia de cannabis. El evento cont\u00f3 con presencia pol\u00edtica de todo el Govern del Bot\u00e0nic, PSPV y Podem a nivel auton\u00f3mico, y Comprom\u00eds municipal, [&hellip;]","protected":false},"author":3,"featured_media":6756,"comment_status":"closed","ping_status":"closed","sticky":false,"template":"","format":"standard","meta":{"loftocean-featured-post":"","loftocean_post_format_gallery":"","loftocean_post_format_gallery_ids":"","loftocean_post_format_gallery_urls":"","loftocean_post_format_video_id":"","loftocean_post_format_video_url":"","loftocean_post_format_video_type":"","loftocean_post_format_video":"","loftocean_post_format_audio_type":"","loftocean_post_format_audio_url":"","loftocean_post_format_audio_id":"","loftocean_post_format_audio":"","loftocean_post_format_quote_text":"","loftocean_post_format_quote_byline":"","loftocean_post_format_link_text":"","loftocean_post_format_link_url":"","ceramag_post_header_style":"","ceramag_enable_background_video":"","ceramag_show_in_top_slider":"","ceramag_post_background_video_start":"","ceramag_post_background_video_end":"","loftocean_page_background_video_id":"","loftocean_page_background_video_url":"","loftocean_page_background_video_type":"","loftocean_page_background_video":"","ceramag_background_video_start":"","ceramag_background_video_end":"","ceramag_single_page_hide_header":"","footnotes":""},"categories":[35],"tags":[540,528,41,42],"class_list":["post-6753","post","type-post","status-publish","format-standard","has-post-thumbnail","hentry","category-politica-y-sociedad","tag-arnau-alcaide","tag-asociacion-cannabica","tag-cannabis","tag-politica"],"yoast_head":"<!-- This site is optimized with the Yoast SEO plugin v24.9 - https:\/\/yoast.com\/wordpress\/plugins\/seo\/ -->\n<title>Vector Positivo se presenta entre el Bot\u00e0nic: &quot;No somos ni marginados, ni criminales, ni delincuentes&quot;<\/title>\n<meta name=\"description\" content=\"Entrada &#8226; Portal multimedia sobre cannabis y otras sustancias &#8226; 9 marzo, 2021\" \/>\n<meta name=\"robots\" content=\"index, follow, max-snippet:-1, max-image-preview:large, max-video-preview:-1\" \/>\n<link rel=\"canonical\" href=\"https:\/\/www.cannabis.es\/pw\/2021\/03\/09\/vector-positivo-se-presenta-entre-el-botanic-no-somos-ni-marginados-ni-criminales-ni-delincuentes\/\" \/>\n<meta name=\"twitter:card\" content=\"summary_large_image\" \/>\n<meta name=\"twitter:title\" content=\"Vector Positivo se presenta entre el Bot\u00e0nic: &quot;No somos ni marginados, ni criminales, ni delincuentes&quot;\" \/>\n<meta name=\"twitter:description\" content=\"Entrada &#8226; Portal multimedia sobre cannabis y otras sustancias &#8226; 9 marzo, 2021\" \/>\n<meta name=\"twitter:image\" content=\"https:\/\/www.cannabis.es\/pw\/wp-content\/uploads\/2021\/03\/villareal_conclusiones-1.jpg\" \/>\n<meta name=\"twitter:creator\" content=\"@cannabis_es\" \/>\n<meta name=\"twitter:site\" content=\"@cannabis_es\" \/>\n<meta name=\"twitter:label1\" content=\"Escrito por\" \/>\n\t<meta name=\"twitter:data1\" content=\"Cannabis.es\" \/>\n\t<meta name=\"twitter:label2\" content=\"Tiempo de lectura\" \/>\n\t<meta name=\"twitter:data2\" content=\"14 minutos\" \/>\n<script type=\"application\/ld+json\" class=\"yoast-schema-graph\">{\"@context\":\"https:\/\/schema.org\",\"@graph\":[{\"@type\":\"Article\",\"@id\":\"https:\/\/www.cannabis.es\/pw\/2021\/03\/09\/vector-positivo-se-presenta-entre-el-botanic-no-somos-ni-marginados-ni-criminales-ni-delincuentes\/#article\",\"isPartOf\":{\"@id\":\"https:\/\/www.cannabis.es\/pw\/2021\/03\/09\/vector-positivo-se-presenta-entre-el-botanic-no-somos-ni-marginados-ni-criminales-ni-delincuentes\/\"},\"author\":{\"name\":\"Cannabis.es\",\"@id\":\"https:\/\/www.cannabis.es\/pw\/#\/schema\/person\/ec770c03f3e99d770687f537f4ba1e89\"},\"headline\":\"Vector Positivo se presenta entre el Bot\u00e0nic: \u00abNo somos ni marginados, ni criminales, ni delincuentes\u00bb\",\"datePublished\":\"2021-03-09T13:31:37+00:00\",\"dateModified\":\"2021-03-10T12:05:58+00:00\",\"mainEntityOfPage\":{\"@id\":\"https:\/\/www.cannabis.es\/pw\/2021\/03\/09\/vector-positivo-se-presenta-entre-el-botanic-no-somos-ni-marginados-ni-criminales-ni-delincuentes\/\"},\"wordCount\":3127,\"publisher\":{\"@id\":\"https:\/\/www.cannabis.es\/pw\/#organization\"},\"image\":{\"@id\":\"https:\/\/www.cannabis.es\/pw\/2021\/03\/09\/vector-positivo-se-presenta-entre-el-botanic-no-somos-ni-marginados-ni-criminales-ni-delincuentes\/#primaryimage\"},\"thumbnailUrl\":\"https:\/\/www.cannabis.es\/pw\/wp-content\/uploads\/2021\/03\/villareal_conclusiones-1.jpg\",\"keywords\":[\"Arnau Alcaide\",\"asociaci\u00f3n cann\u00e1bica\",\"cannabis\",\"pol\u00edtica\"],\"articleSection\":[\"Pol\u00edtica y Sociedad\"],\"inLanguage\":\"es\"},{\"@type\":\"WebPage\",\"@id\":\"https:\/\/www.cannabis.es\/pw\/2021\/03\/09\/vector-positivo-se-presenta-entre-el-botanic-no-somos-ni-marginados-ni-criminales-ni-delincuentes\/\",\"url\":\"https:\/\/www.cannabis.es\/pw\/2021\/03\/09\/vector-positivo-se-presenta-entre-el-botanic-no-somos-ni-marginados-ni-criminales-ni-delincuentes\/\",\"name\":\"Vector Positivo se presenta entre el Bot\u00e0nic: \\\"No somos ni marginados, ni criminales, ni delincuentes\\\"\",\"isPartOf\":{\"@id\":\"https:\/\/www.cannabis.es\/pw\/#website\"},\"primaryImageOfPage\":{\"@id\":\"https:\/\/www.cannabis.es\/pw\/2021\/03\/09\/vector-positivo-se-presenta-entre-el-botanic-no-somos-ni-marginados-ni-criminales-ni-delincuentes\/#primaryimage\"},\"image\":{\"@id\":\"https:\/\/www.cannabis.es\/pw\/2021\/03\/09\/vector-positivo-se-presenta-entre-el-botanic-no-somos-ni-marginados-ni-criminales-ni-delincuentes\/#primaryimage\"},\"thumbnailUrl\":\"https:\/\/www.cannabis.es\/pw\/wp-content\/uploads\/2021\/03\/villareal_conclusiones-1.jpg\",\"datePublished\":\"2021-03-09T13:31:37+00:00\",\"dateModified\":\"2021-03-10T12:05:58+00:00\",\"description\":\"Entrada &#8226; Portal multimedia sobre cannabis y otras sustancias &#8226; 9 marzo, 2021\",\"breadcrumb\":{\"@id\":\"https:\/\/www.cannabis.es\/pw\/2021\/03\/09\/vector-positivo-se-presenta-entre-el-botanic-no-somos-ni-marginados-ni-criminales-ni-delincuentes\/#breadcrumb\"},\"inLanguage\":\"es\",\"potentialAction\":[{\"@type\":\"ReadAction\",\"target\":[\"https:\/\/www.cannabis.es\/pw\/2021\/03\/09\/vector-positivo-se-presenta-entre-el-botanic-no-somos-ni-marginados-ni-criminales-ni-delincuentes\/\"]}]},{\"@type\":\"ImageObject\",\"inLanguage\":\"es\",\"@id\":\"https:\/\/www.cannabis.es\/pw\/2021\/03\/09\/vector-positivo-se-presenta-entre-el-botanic-no-somos-ni-marginados-ni-criminales-ni-delincuentes\/#primaryimage\",\"url\":\"https:\/\/www.cannabis.es\/pw\/wp-content\/uploads\/2021\/03\/villareal_conclusiones-1.jpg\",\"contentUrl\":\"https:\/\/www.cannabis.es\/pw\/wp-content\/uploads\/2021\/03\/villareal_conclusiones-1.jpg\",\"width\":804,\"height\":532},{\"@type\":\"BreadcrumbList\",\"@id\":\"https:\/\/www.cannabis.es\/pw\/2021\/03\/09\/vector-positivo-se-presenta-entre-el-botanic-no-somos-ni-marginados-ni-criminales-ni-delincuentes\/#breadcrumb\",\"itemListElement\":[{\"@type\":\"ListItem\",\"position\":1,\"name\":\"Portada\",\"item\":\"http:\/\/www.cannabis.es\/pw\/\"},{\"@type\":\"ListItem\",\"position\":2,\"name\":\"Vector Positivo se presenta entre el Bot\u00e0nic: \u00abNo somos ni marginados, ni criminales, ni delincuentes\u00bb\"}]},{\"@type\":\"WebSite\",\"@id\":\"https:\/\/www.cannabis.es\/pw\/#website\",\"url\":\"https:\/\/www.cannabis.es\/pw\/\",\"name\":\"Cannabis\",\"description\":\"Portal multimedia sobre cannabis y otras sustancias\",\"publisher\":{\"@id\":\"https:\/\/www.cannabis.es\/pw\/#organization\"},\"potentialAction\":[{\"@type\":\"SearchAction\",\"target\":{\"@type\":\"EntryPoint\",\"urlTemplate\":\"https:\/\/www.cannabis.es\/pw\/?s={search_term_string}\"},\"query-input\":{\"@type\":\"PropertyValueSpecification\",\"valueRequired\":true,\"valueName\":\"search_term_string\"}}],\"inLanguage\":\"es\"},{\"@type\":\"Organization\",\"@id\":\"https:\/\/www.cannabis.es\/pw\/#organization\",\"name\":\"Cannabis.es\",\"url\":\"https:\/\/www.cannabis.es\/pw\/\",\"logo\":{\"@type\":\"ImageObject\",\"inLanguage\":\"es\",\"@id\":\"https:\/\/www.cannabis.es\/pw\/#\/schema\/logo\/image\/\",\"url\":\"https:\/\/www.cannabis.es\/pw\/wp-content\/uploads\/2019\/04\/cropped-logo_cannabis.png\",\"contentUrl\":\"https:\/\/www.cannabis.es\/pw\/wp-content\/uploads\/2019\/04\/cropped-logo_cannabis.png\",\"width\":361,\"height\":120,\"caption\":\"Cannabis.es\"},\"image\":{\"@id\":\"https:\/\/www.cannabis.es\/pw\/#\/schema\/logo\/image\/\"},\"sameAs\":[\"https:\/\/x.com\/cannabis_es\"]},{\"@type\":\"Person\",\"@id\":\"https:\/\/www.cannabis.es\/pw\/#\/schema\/person\/ec770c03f3e99d770687f537f4ba1e89\",\"name\":\"Cannabis.es\",\"image\":{\"@type\":\"ImageObject\",\"inLanguage\":\"es\",\"@id\":\"https:\/\/www.cannabis.es\/pw\/#\/schema\/person\/image\/\",\"url\":\"https:\/\/secure.gravatar.com\/avatar\/810c93a3d6fadc3d9c2665b1d919a4aedea8ed4dd63689d001e985a804e90d83?s=96&d=mm&r=g\",\"contentUrl\":\"https:\/\/secure.gravatar.com\/avatar\/810c93a3d6fadc3d9c2665b1d919a4aedea8ed4dd63689d001e985a804e90d83?s=96&d=mm&r=g\",\"caption\":\"Cannabis.es\"},\"url\":\"https:\/\/www.cannabis.es\/pw\/author\/arnau\/\"}]}<\/script>\n<!-- \/ Yoast SEO plugin. -->","yoast_head_json":{"title":"Vector Positivo se presenta entre el Bot\u00e0nic: \"No somos ni marginados, ni criminales, ni delincuentes\"","description":"Entrada &#8226; Portal multimedia sobre cannabis y otras sustancias &#8226; 9 marzo, 2021","robots":{"index":"index","follow":"follow","max-snippet":"max-snippet:-1","max-image-preview":"max-image-preview:large","max-video-preview":"max-video-preview:-1"},"canonical":"https:\/\/www.cannabis.es\/pw\/2021\/03\/09\/vector-positivo-se-presenta-entre-el-botanic-no-somos-ni-marginados-ni-criminales-ni-delincuentes\/","twitter_card":"summary_large_image","twitter_title":"Vector Positivo se presenta entre el Bot\u00e0nic: \"No somos ni marginados, ni criminales, ni delincuentes\"","twitter_description":"Entrada &#8226; Portal multimedia sobre cannabis y otras sustancias &#8226; 9 marzo, 2021","twitter_image":"https:\/\/www.cannabis.es\/pw\/wp-content\/uploads\/2021\/03\/villareal_conclusiones-1.jpg","twitter_creator":"@cannabis_es","twitter_site":"@cannabis_es","twitter_misc":{"Escrito por":"Cannabis.es","Tiempo de lectura":"14 minutos"},"schema":{"@context":"https:\/\/schema.org","@graph":[{"@type":"Article","@id":"https:\/\/www.cannabis.es\/pw\/2021\/03\/09\/vector-positivo-se-presenta-entre-el-botanic-no-somos-ni-marginados-ni-criminales-ni-delincuentes\/#article","isPartOf":{"@id":"https:\/\/www.cannabis.es\/pw\/2021\/03\/09\/vector-positivo-se-presenta-entre-el-botanic-no-somos-ni-marginados-ni-criminales-ni-delincuentes\/"},"author":{"name":"Cannabis.es","@id":"https:\/\/www.cannabis.es\/pw\/#\/schema\/person\/ec770c03f3e99d770687f537f4ba1e89"},"headline":"Vector Positivo se presenta entre el Bot\u00e0nic: \u00abNo somos ni marginados, ni criminales, ni delincuentes\u00bb","datePublished":"2021-03-09T13:31:37+00:00","dateModified":"2021-03-10T12:05:58+00:00","mainEntityOfPage":{"@id":"https:\/\/www.cannabis.es\/pw\/2021\/03\/09\/vector-positivo-se-presenta-entre-el-botanic-no-somos-ni-marginados-ni-criminales-ni-delincuentes\/"},"wordCount":3127,"publisher":{"@id":"https:\/\/www.cannabis.es\/pw\/#organization"},"image":{"@id":"https:\/\/www.cannabis.es\/pw\/2021\/03\/09\/vector-positivo-se-presenta-entre-el-botanic-no-somos-ni-marginados-ni-criminales-ni-delincuentes\/#primaryimage"},"thumbnailUrl":"https:\/\/www.cannabis.es\/pw\/wp-content\/uploads\/2021\/03\/villareal_conclusiones-1.jpg","keywords":["Arnau Alcaide","asociaci\u00f3n cann\u00e1bica","cannabis","pol\u00edtica"],"articleSection":["Pol\u00edtica y Sociedad"],"inLanguage":"es"},{"@type":"WebPage","@id":"https:\/\/www.cannabis.es\/pw\/2021\/03\/09\/vector-positivo-se-presenta-entre-el-botanic-no-somos-ni-marginados-ni-criminales-ni-delincuentes\/","url":"https:\/\/www.cannabis.es\/pw\/2021\/03\/09\/vector-positivo-se-presenta-entre-el-botanic-no-somos-ni-marginados-ni-criminales-ni-delincuentes\/","name":"Vector Positivo se presenta entre el Bot\u00e0nic: \"No somos ni marginados, ni criminales, ni delincuentes\"","isPartOf":{"@id":"https:\/\/www.cannabis.es\/pw\/#website"},"primaryImageOfPage":{"@id":"https:\/\/www.cannabis.es\/pw\/2021\/03\/09\/vector-positivo-se-presenta-entre-el-botanic-no-somos-ni-marginados-ni-criminales-ni-delincuentes\/#primaryimage"},"image":{"@id":"https:\/\/www.cannabis.es\/pw\/2021\/03\/09\/vector-positivo-se-presenta-entre-el-botanic-no-somos-ni-marginados-ni-criminales-ni-delincuentes\/#primaryimage"},"thumbnailUrl":"https:\/\/www.cannabis.es\/pw\/wp-content\/uploads\/2021\/03\/villareal_conclusiones-1.jpg","datePublished":"2021-03-09T13:31:37+00:00","dateModified":"2021-03-10T12:05:58+00:00","description":"Entrada &#8226; Portal multimedia sobre cannabis y otras sustancias &#8226; 9 marzo, 2021","breadcrumb":{"@id":"https:\/\/www.cannabis.es\/pw\/2021\/03\/09\/vector-positivo-se-presenta-entre-el-botanic-no-somos-ni-marginados-ni-criminales-ni-delincuentes\/#breadcrumb"},"inLanguage":"es","potentialAction":[{"@type":"ReadAction","target":["https:\/\/www.cannabis.es\/pw\/2021\/03\/09\/vector-positivo-se-presenta-entre-el-botanic-no-somos-ni-marginados-ni-criminales-ni-delincuentes\/"]}]},{"@type":"ImageObject","inLanguage":"es","@id":"https:\/\/www.cannabis.es\/pw\/2021\/03\/09\/vector-positivo-se-presenta-entre-el-botanic-no-somos-ni-marginados-ni-criminales-ni-delincuentes\/#primaryimage","url":"https:\/\/www.cannabis.es\/pw\/wp-content\/uploads\/2021\/03\/villareal_conclusiones-1.jpg","contentUrl":"https:\/\/www.cannabis.es\/pw\/wp-content\/uploads\/2021\/03\/villareal_conclusiones-1.jpg","width":804,"height":532},{"@type":"BreadcrumbList","@id":"https:\/\/www.cannabis.es\/pw\/2021\/03\/09\/vector-positivo-se-presenta-entre-el-botanic-no-somos-ni-marginados-ni-criminales-ni-delincuentes\/#breadcrumb","itemListElement":[{"@type":"ListItem","position":1,"name":"Portada","item":"http:\/\/www.cannabis.es\/pw\/"},{"@type":"ListItem","position":2,"name":"Vector Positivo se presenta entre el Bot\u00e0nic: \u00abNo somos ni marginados, ni criminales, ni delincuentes\u00bb"}]},{"@type":"WebSite","@id":"https:\/\/www.cannabis.es\/pw\/#website","url":"https:\/\/www.cannabis.es\/pw\/","name":"Cannabis","description":"Portal multimedia sobre cannabis y otras sustancias","publisher":{"@id":"https:\/\/www.cannabis.es\/pw\/#organization"},"potentialAction":[{"@type":"SearchAction","target":{"@type":"EntryPoint","urlTemplate":"https:\/\/www.cannabis.es\/pw\/?s={search_term_string}"},"query-input":{"@type":"PropertyValueSpecification","valueRequired":true,"valueName":"search_term_string"}}],"inLanguage":"es"},{"@type":"Organization","@id":"https:\/\/www.cannabis.es\/pw\/#organization","name":"Cannabis.es","url":"https:\/\/www.cannabis.es\/pw\/","logo":{"@type":"ImageObject","inLanguage":"es","@id":"https:\/\/www.cannabis.es\/pw\/#\/schema\/logo\/image\/","url":"https:\/\/www.cannabis.es\/pw\/wp-content\/uploads\/2019\/04\/cropped-logo_cannabis.png","contentUrl":"https:\/\/www.cannabis.es\/pw\/wp-content\/uploads\/2019\/04\/cropped-logo_cannabis.png","width":361,"height":120,"caption":"Cannabis.es"},"image":{"@id":"https:\/\/www.cannabis.es\/pw\/#\/schema\/logo\/image\/"},"sameAs":["https:\/\/x.com\/cannabis_es"]},{"@type":"Person","@id":"https:\/\/www.cannabis.es\/pw\/#\/schema\/person\/ec770c03f3e99d770687f537f4ba1e89","name":"Cannabis.es","image":{"@type":"ImageObject","inLanguage":"es","@id":"https:\/\/www.cannabis.es\/pw\/#\/schema\/person\/image\/","url":"https:\/\/secure.gravatar.com\/avatar\/810c93a3d6fadc3d9c2665b1d919a4aedea8ed4dd63689d001e985a804e90d83?s=96&d=mm&r=g","contentUrl":"https:\/\/secure.gravatar.com\/avatar\/810c93a3d6fadc3d9c2665b1d919a4aedea8ed4dd63689d001e985a804e90d83?s=96&d=mm&r=g","caption":"Cannabis.es"},"url":"https:\/\/www.cannabis.es\/pw\/author\/arnau\/"}]}},"_links":{"self":[{"href":"https:\/\/www.cannabis.es\/pw\/wp-json\/wp\/v2\/posts\/6753","targetHints":{"allow":["GET"]}}],"collection":[{"href":"https:\/\/www.cannabis.es\/pw\/wp-json\/wp\/v2\/posts"}],"about":[{"href":"https:\/\/www.cannabis.es\/pw\/wp-json\/wp\/v2\/types\/post"}],"author":[{"embeddable":true,"href":"https:\/\/www.cannabis.es\/pw\/wp-json\/wp\/v2\/users\/3"}],"replies":[{"embeddable":true,"href":"https:\/\/www.cannabis.es\/pw\/wp-json\/wp\/v2\/comments?post=6753"}],"version-history":[{"count":5,"href":"https:\/\/www.cannabis.es\/pw\/wp-json\/wp\/v2\/posts\/6753\/revisions"}],"predecessor-version":[{"id":6783,"href":"https:\/\/www.cannabis.es\/pw\/wp-json\/wp\/v2\/posts\/6753\/revisions\/6783"}],"wp:featuredmedia":[{"embeddable":true,"href":"https:\/\/www.cannabis.es\/pw\/wp-json\/wp\/v2\/media\/6756"}],"wp:attachment":[{"href":"https:\/\/www.cannabis.es\/pw\/wp-json\/wp\/v2\/media?parent=6753"}],"wp:term":[{"taxonomy":"category","embeddable":true,"href":"https:\/\/www.cannabis.es\/pw\/wp-json\/wp\/v2\/categories?post=6753"},{"taxonomy":"post_tag","embeddable":true,"href":"https:\/\/www.cannabis.es\/pw\/wp-json\/wp\/v2\/tags?post=6753"}],"curies":[{"name":"wp","href":"https:\/\/api.w.org\/{rel}","templated":true}]}}