{"id":6817,"date":"2021-03-18T12:50:46","date_gmt":"2021-03-18T11:50:46","guid":{"rendered":"https:\/\/www.cannabis.es\/pw\/?p=6817"},"modified":"2021-03-18T12:51:08","modified_gmt":"2021-03-18T11:51:08","slug":"suiza-aprueba-recetar-el-fruto-de-la-cannabis","status":"publish","type":"post","link":"https:\/\/www.cannabis.es\/pw\/2021\/03\/18\/suiza-aprueba-recetar-el-fruto-de-la-cannabis\/","title":{"rendered":"Suiza aprueba recetar el fruto de la Cannabis"},"content":{"rendered":"\n<p>Arnau Alcaide<br><br>El Senado de Suiza aprob\u00f3 el 8 de marzo la prescripci\u00f3n de cannabis sin transformar, de los cogollos de la planta, por parte de profesionales m\u00e9dicos. En el pa\u00eds alpino vienen pudiendo hacerlo desde el 2011, pero ahora ya no har\u00e1 falta la autorizaci\u00f3n espec\u00edfica, que dificultaba el acceso a los tratamientos.<br><br>El cannabis solo se podr\u00e1 obtener con una receta y se regula su producci\u00f3n, procesado y comercializaci\u00f3n, bajo su respectiva Agencia del Medicamento. Una realidad que choca con la de Espa\u00f1a, en la que existe la producci\u00f3n -adjudicada en base a \u00abparticularidades en cada caso\u00bb- sin el acceso por pacientes.<\/p>\n\n\n\n<figure class=\"wp-block-image\"><img decoding=\"async\" src=\"https:\/\/pbs.twimg.com\/media\/EwsI9DcWUAAGqgZ?format=jpg&amp;name=medium\" alt=\"Imagen\"\/><\/figure>\n\n\n\n<p><br>El pa\u00eds pedir\u00e1 a quienes lo prescriban que mantengan informadas a las autoridades sanitarias de los tratamientos y su desarrollo, para el control y evaluaci\u00f3n de la pol\u00edtica p\u00fablica durante sus primeros a\u00f1os de aplicaci\u00f3n.<\/p>\n\n\n\n<p>La legalizaci\u00f3n del cannabis medicinal entr\u00f3 en vigor en 2011 y permit\u00eda que el personal m\u00e9dico capacitado para recetar solicitase permiso a la Oficina Federal y as\u00ed recetar el fruto de la Cannabis durante un m\u00e1ximo de 12 meses.<br><br>En 2019, Suiza incorpor\u00f3 el Epidiolex y permiti\u00f3 la venta de f\u00f3rmulas magistrales de CBD con receta en farmacias. Tambi\u00e9n, <a href=\"https:\/\/www.cannabis.es\/pw\/2019\/07\/05\/suiza-se-propone-legalizar-recetar-cannabis-y-estudiar-el-recreativo\/\">como os contamos en Cannabis.es<\/a>, se plante\u00f3 entonces la reforma actual, junto a <a href=\"https:\/\/www.cannabis.es\/pw\/2020\/07\/15\/suiza-de-proveer-la-heroina-a-hacerlo-con-el-cannabis\/\">una revisi\u00f3n de la pol\u00edtica en materia de cannabis recreativo.<\/a><\/p>\n\n\n\n<figure class=\"wp-block-image size-large\"><img loading=\"lazy\" decoding=\"async\" width=\"804\" height=\"532\" src=\"https:\/\/www.cannabis.es\/pw\/wp-content\/uploads\/2021\/03\/portada-prescripcion-suiza.jpg\" alt=\"\" class=\"wp-image-6822\" srcset=\"https:\/\/www.cannabis.es\/pw\/wp-content\/uploads\/2021\/03\/portada-prescripcion-suiza.jpg 804w, https:\/\/www.cannabis.es\/pw\/wp-content\/uploads\/2021\/03\/portada-prescripcion-suiza-300x199.jpg 300w, https:\/\/www.cannabis.es\/pw\/wp-content\/uploads\/2021\/03\/portada-prescripcion-suiza-768x508.jpg 768w, https:\/\/www.cannabis.es\/pw\/wp-content\/uploads\/2021\/03\/portada-prescripcion-suiza-600x397.jpg 600w\" sizes=\"auto, (max-width: 804px) 100vw, 804px\" \/><\/figure>\n","protected":false},"excerpt":{"rendered":"<span class=\"span-reading-time rt-reading-time\" style=\"display: block;\"><span class=\"rt-label rt-prefix\">Tiempo de lectura:<\/span> <span class=\"rt-time\"> &lt; 1<\/span> <span class=\"rt-label rt-postfix\">minuto<\/span><\/span>Arnau AlcaideEl Senado de Suiza aprob\u00f3 el 8 de marzo la prescripci\u00f3n de cannabis sin transformar, de los cogollos de la planta, por parte de profesionales m\u00e9dicos. En el pa\u00eds alpino vienen pudiendo hacerlo desde el 2011, pero ahora ya no har\u00e1 falta la autorizaci\u00f3n espec\u00edfica, que dificultaba el acceso a los tratamientos.El cannabis solo [&hellip;]","protected":false},"author":3,"featured_media":6822,"comment_status":"closed","ping_status":"closed","sticky":false,"template":"","format":"standard","meta":{"loftocean-featured-post":"","loftocean_post_format_gallery":"","loftocean_post_format_gallery_ids":"","loftocean_post_format_gallery_urls":"","loftocean_post_format_video_id":"","loftocean_post_format_video_url":"","loftocean_post_format_video_type":"","loftocean_post_format_video":"","loftocean_post_format_audio_type":"","loftocean_post_format_audio_url":"","loftocean_post_format_audio_id":"","loftocean_post_format_audio":"","loftocean_post_format_quote_text":"","loftocean_post_format_quote_byline":"","loftocean_post_format_link_text":"","loftocean_post_format_link_url":"","ceramag_post_header_style":"","ceramag_enable_background_video":"","ceramag_show_in_top_slider":"","ceramag_post_background_video_start":"","ceramag_post_background_video_end":"","loftocean_page_background_video_id":"","loftocean_page_background_video_url":"","loftocean_page_background_video_type":"","loftocean_page_background_video":"","ceramag_background_video_start":"","ceramag_background_video_end":"","ceramag_single_page_hide_header":"","footnotes":""},"categories":[35],"tags":[540,41,52,51,1470],"class_list":["post-6817","post","type-post","status-publish","format-standard","has-post-thumbnail","hentry","category-politica-y-sociedad","tag-arnau-alcaide","tag-cannabis","tag-cannabis-medicinal","tag-salud","tag-suiza"],"yoast_head":"<!-- This site is optimized with the Yoast SEO plugin v24.9 - https:\/\/yoast.com\/wordpress\/plugins\/seo\/ -->\n<title>Suiza aprueba recetar el fruto de la Cannabis<\/title>\n<meta name=\"description\" content=\"Entrada &#8226; Portal multimedia sobre cannabis y otras sustancias &#8226; 18 marzo, 2021\" \/>\n<meta name=\"robots\" content=\"index, follow, max-snippet:-1, max-image-preview:large, max-video-preview:-1\" \/>\n<link rel=\"canonical\" href=\"https:\/\/www.cannabis.es\/pw\/2021\/03\/18\/suiza-aprueba-recetar-el-fruto-de-la-cannabis\/\" \/>\n<meta name=\"twitter:card\" content=\"summary_large_image\" \/>\n<meta name=\"twitter:title\" content=\"Suiza aprueba recetar el fruto de la Cannabis\" \/>\n<meta name=\"twitter:description\" content=\"Entrada &#8226; Portal multimedia sobre cannabis y otras sustancias &#8226; 18 marzo, 2021\" \/>\n<meta name=\"twitter:image\" content=\"https:\/\/www.cannabis.es\/pw\/wp-content\/uploads\/2021\/03\/portada-prescripcion-suiza.jpg\" \/>\n<meta name=\"twitter:creator\" content=\"@cannabis_es\" \/>\n<meta name=\"twitter:site\" content=\"@cannabis_es\" \/>\n<meta name=\"twitter:label1\" content=\"Escrito por\" \/>\n\t<meta name=\"twitter:data1\" content=\"Cannabis.es\" \/>\n\t<meta name=\"twitter:label2\" content=\"Tiempo de lectura\" \/>\n\t<meta name=\"twitter:data2\" content=\"2 minutos\" \/>\n<script type=\"application\/ld+json\" class=\"yoast-schema-graph\">{\"@context\":\"https:\/\/schema.org\",\"@graph\":[{\"@type\":\"Article\",\"@id\":\"https:\/\/www.cannabis.es\/pw\/2021\/03\/18\/suiza-aprueba-recetar-el-fruto-de-la-cannabis\/#article\",\"isPartOf\":{\"@id\":\"https:\/\/www.cannabis.es\/pw\/2021\/03\/18\/suiza-aprueba-recetar-el-fruto-de-la-cannabis\/\"},\"author\":{\"name\":\"Cannabis.es\",\"@id\":\"https:\/\/www.cannabis.es\/pw\/#\/schema\/person\/ec770c03f3e99d770687f537f4ba1e89\"},\"headline\":\"Suiza aprueba recetar el fruto de la Cannabis\",\"datePublished\":\"2021-03-18T11:50:46+00:00\",\"dateModified\":\"2021-03-18T11:51:08+00:00\",\"mainEntityOfPage\":{\"@id\":\"https:\/\/www.cannabis.es\/pw\/2021\/03\/18\/suiza-aprueba-recetar-el-fruto-de-la-cannabis\/\"},\"wordCount\":249,\"publisher\":{\"@id\":\"https:\/\/www.cannabis.es\/pw\/#organization\"},\"image\":{\"@id\":\"https:\/\/www.cannabis.es\/pw\/2021\/03\/18\/suiza-aprueba-recetar-el-fruto-de-la-cannabis\/#primaryimage\"},\"thumbnailUrl\":\"https:\/\/www.cannabis.es\/pw\/wp-content\/uploads\/2021\/03\/portada-prescripcion-suiza.jpg\",\"keywords\":[\"Arnau Alcaide\",\"cannabis\",\"cannabis medicinal\",\"salud\",\"suiza\"],\"articleSection\":[\"Pol\u00edtica y Sociedad\"],\"inLanguage\":\"es\"},{\"@type\":\"WebPage\",\"@id\":\"https:\/\/www.cannabis.es\/pw\/2021\/03\/18\/suiza-aprueba-recetar-el-fruto-de-la-cannabis\/\",\"url\":\"https:\/\/www.cannabis.es\/pw\/2021\/03\/18\/suiza-aprueba-recetar-el-fruto-de-la-cannabis\/\",\"name\":\"Suiza aprueba recetar el fruto de la Cannabis\",\"isPartOf\":{\"@id\":\"https:\/\/www.cannabis.es\/pw\/#website\"},\"primaryImageOfPage\":{\"@id\":\"https:\/\/www.cannabis.es\/pw\/2021\/03\/18\/suiza-aprueba-recetar-el-fruto-de-la-cannabis\/#primaryimage\"},\"image\":{\"@id\":\"https:\/\/www.cannabis.es\/pw\/2021\/03\/18\/suiza-aprueba-recetar-el-fruto-de-la-cannabis\/#primaryimage\"},\"thumbnailUrl\":\"https:\/\/www.cannabis.es\/pw\/wp-content\/uploads\/2021\/03\/portada-prescripcion-suiza.jpg\",\"datePublished\":\"2021-03-18T11:50:46+00:00\",\"dateModified\":\"2021-03-18T11:51:08+00:00\",\"description\":\"Entrada &#8226; Portal multimedia sobre cannabis y otras sustancias &#8226; 18 marzo, 2021\",\"breadcrumb\":{\"@id\":\"https:\/\/www.cannabis.es\/pw\/2021\/03\/18\/suiza-aprueba-recetar-el-fruto-de-la-cannabis\/#breadcrumb\"},\"inLanguage\":\"es\",\"potentialAction\":[{\"@type\":\"ReadAction\",\"target\":[\"https:\/\/www.cannabis.es\/pw\/2021\/03\/18\/suiza-aprueba-recetar-el-fruto-de-la-cannabis\/\"]}]},{\"@type\":\"ImageObject\",\"inLanguage\":\"es\",\"@id\":\"https:\/\/www.cannabis.es\/pw\/2021\/03\/18\/suiza-aprueba-recetar-el-fruto-de-la-cannabis\/#primaryimage\",\"url\":\"https:\/\/www.cannabis.es\/pw\/wp-content\/uploads\/2021\/03\/portada-prescripcion-suiza.jpg\",\"contentUrl\":\"https:\/\/www.cannabis.es\/pw\/wp-content\/uploads\/2021\/03\/portada-prescripcion-suiza.jpg\",\"width\":804,\"height\":532},{\"@type\":\"BreadcrumbList\",\"@id\":\"https:\/\/www.cannabis.es\/pw\/2021\/03\/18\/suiza-aprueba-recetar-el-fruto-de-la-cannabis\/#breadcrumb\",\"itemListElement\":[{\"@type\":\"ListItem\",\"position\":1,\"name\":\"Portada\",\"item\":\"http:\/\/www.cannabis.es\/pw\/\"},{\"@type\":\"ListItem\",\"position\":2,\"name\":\"Suiza aprueba recetar el fruto de la Cannabis\"}]},{\"@type\":\"WebSite\",\"@id\":\"https:\/\/www.cannabis.es\/pw\/#website\",\"url\":\"https:\/\/www.cannabis.es\/pw\/\",\"name\":\"Cannabis\",\"description\":\"Portal multimedia sobre cannabis y otras sustancias\",\"publisher\":{\"@id\":\"https:\/\/www.cannabis.es\/pw\/#organization\"},\"potentialAction\":[{\"@type\":\"SearchAction\",\"target\":{\"@type\":\"EntryPoint\",\"urlTemplate\":\"https:\/\/www.cannabis.es\/pw\/?s={search_term_string}\"},\"query-input\":{\"@type\":\"PropertyValueSpecification\",\"valueRequired\":true,\"valueName\":\"search_term_string\"}}],\"inLanguage\":\"es\"},{\"@type\":\"Organization\",\"@id\":\"https:\/\/www.cannabis.es\/pw\/#organization\",\"name\":\"Cannabis.es\",\"url\":\"https:\/\/www.cannabis.es\/pw\/\",\"logo\":{\"@type\":\"ImageObject\",\"inLanguage\":\"es\",\"@id\":\"https:\/\/www.cannabis.es\/pw\/#\/schema\/logo\/image\/\",\"url\":\"https:\/\/www.cannabis.es\/pw\/wp-content\/uploads\/2019\/04\/cropped-logo_cannabis.png\",\"contentUrl\":\"https:\/\/www.cannabis.es\/pw\/wp-content\/uploads\/2019\/04\/cropped-logo_cannabis.png\",\"width\":361,\"height\":120,\"caption\":\"Cannabis.es\"},\"image\":{\"@id\":\"https:\/\/www.cannabis.es\/pw\/#\/schema\/logo\/image\/\"},\"sameAs\":[\"https:\/\/x.com\/cannabis_es\"]},{\"@type\":\"Person\",\"@id\":\"https:\/\/www.cannabis.es\/pw\/#\/schema\/person\/ec770c03f3e99d770687f537f4ba1e89\",\"name\":\"Cannabis.es\",\"image\":{\"@type\":\"ImageObject\",\"inLanguage\":\"es\",\"@id\":\"https:\/\/www.cannabis.es\/pw\/#\/schema\/person\/image\/\",\"url\":\"https:\/\/secure.gravatar.com\/avatar\/810c93a3d6fadc3d9c2665b1d919a4aedea8ed4dd63689d001e985a804e90d83?s=96&d=mm&r=g\",\"contentUrl\":\"https:\/\/secure.gravatar.com\/avatar\/810c93a3d6fadc3d9c2665b1d919a4aedea8ed4dd63689d001e985a804e90d83?s=96&d=mm&r=g\",\"caption\":\"Cannabis.es\"},\"url\":\"https:\/\/www.cannabis.es\/pw\/author\/arnau\/\"}]}<\/script>\n<!-- \/ Yoast SEO plugin. -->","yoast_head_json":{"title":"Suiza aprueba recetar el fruto de la Cannabis","description":"Entrada &#8226; Portal multimedia sobre cannabis y otras sustancias &#8226; 18 marzo, 2021","robots":{"index":"index","follow":"follow","max-snippet":"max-snippet:-1","max-image-preview":"max-image-preview:large","max-video-preview":"max-video-preview:-1"},"canonical":"https:\/\/www.cannabis.es\/pw\/2021\/03\/18\/suiza-aprueba-recetar-el-fruto-de-la-cannabis\/","twitter_card":"summary_large_image","twitter_title":"Suiza aprueba recetar el fruto de la Cannabis","twitter_description":"Entrada &#8226; Portal multimedia sobre cannabis y otras sustancias &#8226; 18 marzo, 2021","twitter_image":"https:\/\/www.cannabis.es\/pw\/wp-content\/uploads\/2021\/03\/portada-prescripcion-suiza.jpg","twitter_creator":"@cannabis_es","twitter_site":"@cannabis_es","twitter_misc":{"Escrito por":"Cannabis.es","Tiempo de lectura":"2 minutos"},"schema":{"@context":"https:\/\/schema.org","@graph":[{"@type":"Article","@id":"https:\/\/www.cannabis.es\/pw\/2021\/03\/18\/suiza-aprueba-recetar-el-fruto-de-la-cannabis\/#article","isPartOf":{"@id":"https:\/\/www.cannabis.es\/pw\/2021\/03\/18\/suiza-aprueba-recetar-el-fruto-de-la-cannabis\/"},"author":{"name":"Cannabis.es","@id":"https:\/\/www.cannabis.es\/pw\/#\/schema\/person\/ec770c03f3e99d770687f537f4ba1e89"},"headline":"Suiza aprueba recetar el fruto de la Cannabis","datePublished":"2021-03-18T11:50:46+00:00","dateModified":"2021-03-18T11:51:08+00:00","mainEntityOfPage":{"@id":"https:\/\/www.cannabis.es\/pw\/2021\/03\/18\/suiza-aprueba-recetar-el-fruto-de-la-cannabis\/"},"wordCount":249,"publisher":{"@id":"https:\/\/www.cannabis.es\/pw\/#organization"},"image":{"@id":"https:\/\/www.cannabis.es\/pw\/2021\/03\/18\/suiza-aprueba-recetar-el-fruto-de-la-cannabis\/#primaryimage"},"thumbnailUrl":"https:\/\/www.cannabis.es\/pw\/wp-content\/uploads\/2021\/03\/portada-prescripcion-suiza.jpg","keywords":["Arnau Alcaide","cannabis","cannabis medicinal","salud","suiza"],"articleSection":["Pol\u00edtica y Sociedad"],"inLanguage":"es"},{"@type":"WebPage","@id":"https:\/\/www.cannabis.es\/pw\/2021\/03\/18\/suiza-aprueba-recetar-el-fruto-de-la-cannabis\/","url":"https:\/\/www.cannabis.es\/pw\/2021\/03\/18\/suiza-aprueba-recetar-el-fruto-de-la-cannabis\/","name":"Suiza aprueba recetar el fruto de la Cannabis","isPartOf":{"@id":"https:\/\/www.cannabis.es\/pw\/#website"},"primaryImageOfPage":{"@id":"https:\/\/www.cannabis.es\/pw\/2021\/03\/18\/suiza-aprueba-recetar-el-fruto-de-la-cannabis\/#primaryimage"},"image":{"@id":"https:\/\/www.cannabis.es\/pw\/2021\/03\/18\/suiza-aprueba-recetar-el-fruto-de-la-cannabis\/#primaryimage"},"thumbnailUrl":"https:\/\/www.cannabis.es\/pw\/wp-content\/uploads\/2021\/03\/portada-prescripcion-suiza.jpg","datePublished":"2021-03-18T11:50:46+00:00","dateModified":"2021-03-18T11:51:08+00:00","description":"Entrada &#8226; Portal multimedia sobre cannabis y otras sustancias &#8226; 18 marzo, 2021","breadcrumb":{"@id":"https:\/\/www.cannabis.es\/pw\/2021\/03\/18\/suiza-aprueba-recetar-el-fruto-de-la-cannabis\/#breadcrumb"},"inLanguage":"es","potentialAction":[{"@type":"ReadAction","target":["https:\/\/www.cannabis.es\/pw\/2021\/03\/18\/suiza-aprueba-recetar-el-fruto-de-la-cannabis\/"]}]},{"@type":"ImageObject","inLanguage":"es","@id":"https:\/\/www.cannabis.es\/pw\/2021\/03\/18\/suiza-aprueba-recetar-el-fruto-de-la-cannabis\/#primaryimage","url":"https:\/\/www.cannabis.es\/pw\/wp-content\/uploads\/2021\/03\/portada-prescripcion-suiza.jpg","contentUrl":"https:\/\/www.cannabis.es\/pw\/wp-content\/uploads\/2021\/03\/portada-prescripcion-suiza.jpg","width":804,"height":532},{"@type":"BreadcrumbList","@id":"https:\/\/www.cannabis.es\/pw\/2021\/03\/18\/suiza-aprueba-recetar-el-fruto-de-la-cannabis\/#breadcrumb","itemListElement":[{"@type":"ListItem","position":1,"name":"Portada","item":"http:\/\/www.cannabis.es\/pw\/"},{"@type":"ListItem","position":2,"name":"Suiza aprueba recetar el fruto de la Cannabis"}]},{"@type":"WebSite","@id":"https:\/\/www.cannabis.es\/pw\/#website","url":"https:\/\/www.cannabis.es\/pw\/","name":"Cannabis","description":"Portal multimedia sobre cannabis y otras sustancias","publisher":{"@id":"https:\/\/www.cannabis.es\/pw\/#organization"},"potentialAction":[{"@type":"SearchAction","target":{"@type":"EntryPoint","urlTemplate":"https:\/\/www.cannabis.es\/pw\/?s={search_term_string}"},"query-input":{"@type":"PropertyValueSpecification","valueRequired":true,"valueName":"search_term_string"}}],"inLanguage":"es"},{"@type":"Organization","@id":"https:\/\/www.cannabis.es\/pw\/#organization","name":"Cannabis.es","url":"https:\/\/www.cannabis.es\/pw\/","logo":{"@type":"ImageObject","inLanguage":"es","@id":"https:\/\/www.cannabis.es\/pw\/#\/schema\/logo\/image\/","url":"https:\/\/www.cannabis.es\/pw\/wp-content\/uploads\/2019\/04\/cropped-logo_cannabis.png","contentUrl":"https:\/\/www.cannabis.es\/pw\/wp-content\/uploads\/2019\/04\/cropped-logo_cannabis.png","width":361,"height":120,"caption":"Cannabis.es"},"image":{"@id":"https:\/\/www.cannabis.es\/pw\/#\/schema\/logo\/image\/"},"sameAs":["https:\/\/x.com\/cannabis_es"]},{"@type":"Person","@id":"https:\/\/www.cannabis.es\/pw\/#\/schema\/person\/ec770c03f3e99d770687f537f4ba1e89","name":"Cannabis.es","image":{"@type":"ImageObject","inLanguage":"es","@id":"https:\/\/www.cannabis.es\/pw\/#\/schema\/person\/image\/","url":"https:\/\/secure.gravatar.com\/avatar\/810c93a3d6fadc3d9c2665b1d919a4aedea8ed4dd63689d001e985a804e90d83?s=96&d=mm&r=g","contentUrl":"https:\/\/secure.gravatar.com\/avatar\/810c93a3d6fadc3d9c2665b1d919a4aedea8ed4dd63689d001e985a804e90d83?s=96&d=mm&r=g","caption":"Cannabis.es"},"url":"https:\/\/www.cannabis.es\/pw\/author\/arnau\/"}]}},"_links":{"self":[{"href":"https:\/\/www.cannabis.es\/pw\/wp-json\/wp\/v2\/posts\/6817","targetHints":{"allow":["GET"]}}],"collection":[{"href":"https:\/\/www.cannabis.es\/pw\/wp-json\/wp\/v2\/posts"}],"about":[{"href":"https:\/\/www.cannabis.es\/pw\/wp-json\/wp\/v2\/types\/post"}],"author":[{"embeddable":true,"href":"https:\/\/www.cannabis.es\/pw\/wp-json\/wp\/v2\/users\/3"}],"replies":[{"embeddable":true,"href":"https:\/\/www.cannabis.es\/pw\/wp-json\/wp\/v2\/comments?post=6817"}],"version-history":[{"count":5,"href":"https:\/\/www.cannabis.es\/pw\/wp-json\/wp\/v2\/posts\/6817\/revisions"}],"predecessor-version":[{"id":6823,"href":"https:\/\/www.cannabis.es\/pw\/wp-json\/wp\/v2\/posts\/6817\/revisions\/6823"}],"wp:featuredmedia":[{"embeddable":true,"href":"https:\/\/www.cannabis.es\/pw\/wp-json\/wp\/v2\/media\/6822"}],"wp:attachment":[{"href":"https:\/\/www.cannabis.es\/pw\/wp-json\/wp\/v2\/media?parent=6817"}],"wp:term":[{"taxonomy":"category","embeddable":true,"href":"https:\/\/www.cannabis.es\/pw\/wp-json\/wp\/v2\/categories?post=6817"},{"taxonomy":"post_tag","embeddable":true,"href":"https:\/\/www.cannabis.es\/pw\/wp-json\/wp\/v2\/tags?post=6817"}],"curies":[{"name":"wp","href":"https:\/\/api.w.org\/{rel}","templated":true}]}}