{"id":6836,"date":"2021-03-22T10:46:05","date_gmt":"2021-03-22T09:46:05","guid":{"rendered":"https:\/\/www.cannabis.es\/pw\/?p=6836"},"modified":"2021-03-22T11:19:18","modified_gmt":"2021-03-22T10:19:18","slug":"los-presos-politicos-del-cannabis-ya-pueden-salir-de-lledoners-durante-el-dia","status":"publish","type":"post","link":"https:\/\/www.cannabis.es\/pw\/2021\/03\/22\/los-presos-politicos-del-cannabis-ya-pueden-salir-de-lledoners-durante-el-dia\/","title":{"rendered":"Los presos pol\u00edticos del cannabis ya pueden salir de Lledoners durante el d\u00eda"},"content":{"rendered":"\n<p>Arnau Alcaide<\/p>\n\n\n\n<p>Albert Ti\u00f3 y V\u00edctor Segu\u00e9s han recibido el tercer grado penitenciario para salir de Lledoners, la prisi\u00f3n de la provincia de Barcelona de renombre por albergar a los presos del <em>Proc\u00e9s, <\/em>en la que cumplen 5 a\u00f1os de condena por los delitos morales contra la salud p\u00fablica y de asociaci\u00f3n il\u00edcita de Airam<em>, <\/em>la asociaci\u00f3n en la que Ti\u00f3 era el secretario. El preso pol\u00edtico promotor de la regulaci\u00f3n catalana y su hom\u00f3logo, tesorero en Airam, pueden salir durante el d\u00eda, regresando a dormir, desde el 14 de febrero.<br><br>As\u00ed lo ha comunicado hoy la <em>Federaci\u00f3n de Asociaciones Cann\u00e1bicas Autorreguladas de Catalu\u00f1a (Fedcac), <\/em>celebrando el tercer grado concedido a ambos tras 4 meses de prisi\u00f3n, en la que seguir\u00e1n pero ahora pudiendo salir de forma diaria \u201ctanto para trabajar, como para cumplir con los trabajos en beneficio de la comunidad\u201d, que ten\u00edan pendientes antes de entrar el pasado <a href=\"https:\/\/www.cannabis.es\/pw\/2020\/11\/11\/albert-tio-sera-la-semana-que-viene-el-primer-preso-politico-del-cannabis-en-espana\/\">18 de noviembre<\/a>. Posteriormente, deben regresar a la prisi\u00f3n hasta el d\u00eda siguiente.<em><br><br><\/em><span class=\"has-inline-color has-luminous-vivid-orange-color\"><em>\u201cConsideramos sus <strong>condenas <\/strong>del todo <strong>injustas y desproporcionadas<\/strong>, as\u00ed como todas las condenas recibidas a juntas de asociaciones cann\u00e1bicas por cultivar para las personas socias, siguiendo el c\u00f3digo de buenas pr\u00e1cticas, bajo criterios de salud y prevenci\u00f3n de riesgos y da\u00f1os, ya que ni ellos, ni ninguna de las personas condenadas por este motivo son delincuentes, sino que han ayudado a mucha gente, tanto a pacientes que hacen un uso terap\u00e9utico, como a usuarias que hacen un uso adulto responsable, defendiendo sus derechos y libertades\u201d<\/em>.<\/span> Desde Fedcac, como se sostiene desde el activismo cann\u00e1bico, argumentan que no cabe delito en el consumo compartido de personas debidamente asociadas.<\/p>\n\n\n\n<figure class=\"wp-block-image size-large\"><img loading=\"lazy\" decoding=\"async\" width=\"804\" height=\"532\" src=\"https:\/\/www.cannabis.es\/pw\/wp-content\/uploads\/2021\/03\/albert-tio-3er-grado.jpg\" alt=\"\" class=\"wp-image-6837\" srcset=\"https:\/\/www.cannabis.es\/pw\/wp-content\/uploads\/2021\/03\/albert-tio-3er-grado.jpg 804w, https:\/\/www.cannabis.es\/pw\/wp-content\/uploads\/2021\/03\/albert-tio-3er-grado-300x199.jpg 300w, https:\/\/www.cannabis.es\/pw\/wp-content\/uploads\/2021\/03\/albert-tio-3er-grado-768x508.jpg 768w, https:\/\/www.cannabis.es\/pw\/wp-content\/uploads\/2021\/03\/albert-tio-3er-grado-600x397.jpg 600w\" sizes=\"auto, (max-width: 804px) 100vw, 804px\" \/><\/figure>\n\n\n\n<h2 class=\"wp-block-heading\">El fin de la v\u00eda judicial: sin recursos a la espera de un indulto que no llega<\/h2>\n\n\n\n<p>Desde que la Audiencia Provincial de Barcelona les conden\u00f3, han agotado toda la v\u00eda judicial: un <strong>recurso al Tribunal Supremo<\/strong>, que ratific\u00f3 la pena; un <strong>recurso al Tribunal Constitucional, <\/strong>que ni siquiera lo admiti\u00f3 a tr\u00e1mite; un <strong>recurso al Tribunal Europeo de Derechos Humanos de Estrasburgo<\/strong>, tambi\u00e9n inadmitido a tr\u00e1mite, y <strong>el indulto al Gobierno, <\/strong>delque,tras m\u00e1s de un a\u00f1o, a\u00fan no han tenido respuesta.<\/p>\n\n\n\n<p>La Junta directiva de Airam trabaj\u00f3 la incidencia pol\u00edtica desde la Fedcac y, junto a la Catfac, la otra federaci\u00f3n catalana, consiguieron, con el apoyo de otros colectivos y equipos jur\u00eddicos, activar la campa\u00f1a <strong>La Rosa Verde. <\/strong>Esta, a trav\u00e9s de una <strong>ILP<\/strong>, propuso una ley que regulaba el funcionamiento de las asociaciones cann\u00e1bicas, avalada por m\u00e1s de 65.000 firmas, discutida en comisi\u00f3n con expertos y aprobada el 2017 con el apoyo de todos los grupos parlamentarios<strong> de Catalu\u00f1a <\/strong>menos el PP<strong>.<\/strong><\/p>\n\n\n\n<p><strong>Esta ley, como la navarra<\/strong>, fue <strong><a href=\"https:\/\/www.cannabis.es\/pw\/2018\/11\/28\/el-tribunal-constitucional-anula-la-ley-catalana-de-asociaciones\/\">tumbada por el Tribunal Constitucional<\/a><\/strong> <em>\u201ca instancias de recursos del gobierno del PP, motivadas por falta de competencias, <strong>al igual que otras leyes sociales catalanas\u201d, <\/strong><\/em>critican desde la federaci\u00f3n de asociaciones independiente de Catalu\u00f1a.<\/p>\n\n\n\n<p>\u201c<em>Desde Fedcac hemos hecho el trabajo a nivel auton\u00f3mico y ya hemos visto de qu\u00e9 nos ha servido. Sabemos que hay <strong>partidos a favor de una regulaci\u00f3n<\/strong>, algunos medicinal y otros integral, pero creemos que este consenso est\u00e1 siendo muy dif\u00edcil de conseguir para poder materializar una regulaci\u00f3n\/legalizaci\u00f3n a corto plazo. <strong>Mientras, el poder judicial est\u00e1 enviando a prisi\u00f3n a las personas que la estamos defendiendo y llevando a la pr\u00e1ctica.<\/strong> A las que demostramos los beneficios para la sociedad de una regulaci\u00f3n medicinal, por un lado a nivel sanitario -por compasi\u00f3n y dignidad de las personas enfermas- y, por el otro, de una regulaci\u00f3n del uso adulto -mal denominado recreativo- para la generaci\u00f3n de actividad econ\u00f3mica directa e indirecta, la recaudaci\u00f3n de impuestos y la creaci\u00f3n de puestos de trabajo. La experiencia en otros pa\u00edses y diferentes estudios lo est\u00e1n demostrando y consideramos temerario desaprovechar la oportunidad en la actual situaci\u00f3n de crisis sanitaria, econ\u00f3mica, social, pol\u00edtica y ecol\u00f3gica\u201d, <\/em>se\u00f1alan desde la organizaci\u00f3n<em>.<\/em><\/p>\n\n\n\n<p>\u201c<em>Responder a estas alturas que no hay <\/em><em><strong>evidencia cient\u00edfica<\/strong><\/em><em>, cuando s\u00ed la hay y ya hay pa\u00edses que se est\u00e1n enriqueciendo y saneando sus econom\u00edas, mientras que en nuestro pa\u00eds se reprime y acabamos en prisi\u00f3n por defender un estilo de vida leg\u00edtimo, aparte de ser una irresponsabilidad, s\u00ed consideramos que es una temeridad que va en contra de los intereses de toda la sociedad\u201d, <\/em>achaca la Fedcac a la ministra de Sanidad por sus recientes declaraciones en la sesi\u00f3n de control. \u201c<em>Por ello, <\/em><em><strong>denunciamos el bloqueo<\/strong><\/em><em> y la eternizaci\u00f3n de este proceso de regulaci\u00f3n\/legalizaci\u00f3n\u201d.<\/em><\/p>\n","protected":false},"excerpt":{"rendered":"<span class=\"span-reading-time rt-reading-time\" style=\"display: block;\"><span class=\"rt-label rt-prefix\">Tiempo de lectura:<\/span> <span class=\"rt-time\"> 3<\/span> <span class=\"rt-label rt-postfix\">minutos<\/span><\/span>Arnau Alcaide Albert Ti\u00f3 y V\u00edctor Segu\u00e9s han recibido el tercer grado penitenciario para salir de Lledoners, la prisi\u00f3n de la provincia de Barcelona de renombre por albergar a los presos del Proc\u00e9s, en la que cumplen 5 a\u00f1os de condena por los delitos morales contra la salud p\u00fablica y de asociaci\u00f3n il\u00edcita de Airam, [&hellip;]","protected":false},"author":3,"featured_media":6837,"comment_status":"closed","ping_status":"closed","sticky":false,"template":"","format":"standard","meta":{"loftocean-featured-post":"","loftocean_post_format_gallery":"","loftocean_post_format_gallery_ids":"","loftocean_post_format_gallery_urls":"","loftocean_post_format_video_id":"","loftocean_post_format_video_url":"","loftocean_post_format_video_type":"","loftocean_post_format_video":"","loftocean_post_format_audio_type":"","loftocean_post_format_audio_url":"","loftocean_post_format_audio_id":"","loftocean_post_format_audio":"","loftocean_post_format_quote_text":"","loftocean_post_format_quote_byline":"","loftocean_post_format_link_text":"","loftocean_post_format_link_url":"","ceramag_post_header_style":"","ceramag_enable_background_video":"","ceramag_show_in_top_slider":"","ceramag_post_background_video_start":"","ceramag_post_background_video_end":"","loftocean_page_background_video_id":"","loftocean_page_background_video_url":"","loftocean_page_background_video_type":"","loftocean_page_background_video":"","ceramag_background_video_start":"","ceramag_background_video_end":"","ceramag_single_page_hide_header":"","footnotes":""},"categories":[35],"tags":[540,528,41,634,611,1430],"class_list":["post-6836","post","type-post","status-publish","format-standard","has-post-thumbnail","hentry","category-politica-y-sociedad","tag-arnau-alcaide","tag-asociacion-cannabica","tag-cannabis","tag-justicia","tag-ley-catalana-de-asociaciones","tag-politica-2"],"yoast_head":"<!-- This site is optimized with the Yoast SEO plugin v24.9 - https:\/\/yoast.com\/wordpress\/plugins\/seo\/ -->\n<title>Los presos pol\u00edticos del cannabis ya pueden salir de Lledoners durante el d\u00eda<\/title>\n<meta name=\"description\" content=\"Entrada &#8226; Portal multimedia sobre cannabis y otras sustancias &#8226; 22 marzo, 2021\" \/>\n<meta name=\"robots\" content=\"index, follow, max-snippet:-1, max-image-preview:large, max-video-preview:-1\" \/>\n<link rel=\"canonical\" href=\"https:\/\/www.cannabis.es\/pw\/2021\/03\/22\/los-presos-politicos-del-cannabis-ya-pueden-salir-de-lledoners-durante-el-dia\/\" \/>\n<meta name=\"twitter:card\" content=\"summary_large_image\" \/>\n<meta name=\"twitter:title\" content=\"Los presos pol\u00edticos del cannabis ya pueden salir de Lledoners durante el d\u00eda\" \/>\n<meta name=\"twitter:description\" content=\"Entrada &#8226; Portal multimedia sobre cannabis y otras sustancias &#8226; 22 marzo, 2021\" \/>\n<meta name=\"twitter:image\" content=\"https:\/\/www.cannabis.es\/pw\/wp-content\/uploads\/2021\/03\/albert-tio-3er-grado.jpg\" \/>\n<meta name=\"twitter:creator\" content=\"@cannabis_es\" \/>\n<meta name=\"twitter:site\" content=\"@cannabis_es\" \/>\n<meta name=\"twitter:label1\" content=\"Escrito por\" \/>\n\t<meta name=\"twitter:data1\" content=\"Cannabis.es\" \/>\n\t<meta name=\"twitter:label2\" content=\"Tiempo de lectura\" \/>\n\t<meta name=\"twitter:data2\" content=\"4 minutos\" \/>\n<script type=\"application\/ld+json\" class=\"yoast-schema-graph\">{\"@context\":\"https:\/\/schema.org\",\"@graph\":[{\"@type\":\"Article\",\"@id\":\"https:\/\/www.cannabis.es\/pw\/2021\/03\/22\/los-presos-politicos-del-cannabis-ya-pueden-salir-de-lledoners-durante-el-dia\/#article\",\"isPartOf\":{\"@id\":\"https:\/\/www.cannabis.es\/pw\/2021\/03\/22\/los-presos-politicos-del-cannabis-ya-pueden-salir-de-lledoners-durante-el-dia\/\"},\"author\":{\"name\":\"Cannabis.es\",\"@id\":\"https:\/\/www.cannabis.es\/pw\/#\/schema\/person\/ec770c03f3e99d770687f537f4ba1e89\"},\"headline\":\"Los presos pol\u00edticos del cannabis ya pueden salir de Lledoners durante el d\u00eda\",\"datePublished\":\"2021-03-22T09:46:05+00:00\",\"dateModified\":\"2021-03-22T10:19:18+00:00\",\"mainEntityOfPage\":{\"@id\":\"https:\/\/www.cannabis.es\/pw\/2021\/03\/22\/los-presos-politicos-del-cannabis-ya-pueden-salir-de-lledoners-durante-el-dia\/\"},\"wordCount\":825,\"publisher\":{\"@id\":\"https:\/\/www.cannabis.es\/pw\/#organization\"},\"image\":{\"@id\":\"https:\/\/www.cannabis.es\/pw\/2021\/03\/22\/los-presos-politicos-del-cannabis-ya-pueden-salir-de-lledoners-durante-el-dia\/#primaryimage\"},\"thumbnailUrl\":\"https:\/\/www.cannabis.es\/pw\/wp-content\/uploads\/2021\/03\/albert-tio-3er-grado.jpg\",\"keywords\":[\"Arnau Alcaide\",\"asociaci\u00f3n cann\u00e1bica\",\"cannabis\",\"justicia\",\"ley catalana de asociaciones\",\"politica\"],\"articleSection\":[\"Pol\u00edtica y Sociedad\"],\"inLanguage\":\"es\"},{\"@type\":\"WebPage\",\"@id\":\"https:\/\/www.cannabis.es\/pw\/2021\/03\/22\/los-presos-politicos-del-cannabis-ya-pueden-salir-de-lledoners-durante-el-dia\/\",\"url\":\"https:\/\/www.cannabis.es\/pw\/2021\/03\/22\/los-presos-politicos-del-cannabis-ya-pueden-salir-de-lledoners-durante-el-dia\/\",\"name\":\"Los presos pol\u00edticos del cannabis ya pueden salir de Lledoners durante el d\u00eda\",\"isPartOf\":{\"@id\":\"https:\/\/www.cannabis.es\/pw\/#website\"},\"primaryImageOfPage\":{\"@id\":\"https:\/\/www.cannabis.es\/pw\/2021\/03\/22\/los-presos-politicos-del-cannabis-ya-pueden-salir-de-lledoners-durante-el-dia\/#primaryimage\"},\"image\":{\"@id\":\"https:\/\/www.cannabis.es\/pw\/2021\/03\/22\/los-presos-politicos-del-cannabis-ya-pueden-salir-de-lledoners-durante-el-dia\/#primaryimage\"},\"thumbnailUrl\":\"https:\/\/www.cannabis.es\/pw\/wp-content\/uploads\/2021\/03\/albert-tio-3er-grado.jpg\",\"datePublished\":\"2021-03-22T09:46:05+00:00\",\"dateModified\":\"2021-03-22T10:19:18+00:00\",\"description\":\"Entrada &#8226; Portal multimedia sobre cannabis y otras sustancias &#8226; 22 marzo, 2021\",\"breadcrumb\":{\"@id\":\"https:\/\/www.cannabis.es\/pw\/2021\/03\/22\/los-presos-politicos-del-cannabis-ya-pueden-salir-de-lledoners-durante-el-dia\/#breadcrumb\"},\"inLanguage\":\"es\",\"potentialAction\":[{\"@type\":\"ReadAction\",\"target\":[\"https:\/\/www.cannabis.es\/pw\/2021\/03\/22\/los-presos-politicos-del-cannabis-ya-pueden-salir-de-lledoners-durante-el-dia\/\"]}]},{\"@type\":\"ImageObject\",\"inLanguage\":\"es\",\"@id\":\"https:\/\/www.cannabis.es\/pw\/2021\/03\/22\/los-presos-politicos-del-cannabis-ya-pueden-salir-de-lledoners-durante-el-dia\/#primaryimage\",\"url\":\"https:\/\/www.cannabis.es\/pw\/wp-content\/uploads\/2021\/03\/albert-tio-3er-grado.jpg\",\"contentUrl\":\"https:\/\/www.cannabis.es\/pw\/wp-content\/uploads\/2021\/03\/albert-tio-3er-grado.jpg\",\"width\":804,\"height\":532},{\"@type\":\"BreadcrumbList\",\"@id\":\"https:\/\/www.cannabis.es\/pw\/2021\/03\/22\/los-presos-politicos-del-cannabis-ya-pueden-salir-de-lledoners-durante-el-dia\/#breadcrumb\",\"itemListElement\":[{\"@type\":\"ListItem\",\"position\":1,\"name\":\"Portada\",\"item\":\"http:\/\/www.cannabis.es\/pw\/\"},{\"@type\":\"ListItem\",\"position\":2,\"name\":\"Los presos pol\u00edticos del cannabis ya pueden salir de Lledoners durante el d\u00eda\"}]},{\"@type\":\"WebSite\",\"@id\":\"https:\/\/www.cannabis.es\/pw\/#website\",\"url\":\"https:\/\/www.cannabis.es\/pw\/\",\"name\":\"Cannabis\",\"description\":\"Portal multimedia sobre cannabis y otras sustancias\",\"publisher\":{\"@id\":\"https:\/\/www.cannabis.es\/pw\/#organization\"},\"potentialAction\":[{\"@type\":\"SearchAction\",\"target\":{\"@type\":\"EntryPoint\",\"urlTemplate\":\"https:\/\/www.cannabis.es\/pw\/?s={search_term_string}\"},\"query-input\":{\"@type\":\"PropertyValueSpecification\",\"valueRequired\":true,\"valueName\":\"search_term_string\"}}],\"inLanguage\":\"es\"},{\"@type\":\"Organization\",\"@id\":\"https:\/\/www.cannabis.es\/pw\/#organization\",\"name\":\"Cannabis.es\",\"url\":\"https:\/\/www.cannabis.es\/pw\/\",\"logo\":{\"@type\":\"ImageObject\",\"inLanguage\":\"es\",\"@id\":\"https:\/\/www.cannabis.es\/pw\/#\/schema\/logo\/image\/\",\"url\":\"https:\/\/www.cannabis.es\/pw\/wp-content\/uploads\/2019\/04\/cropped-logo_cannabis.png\",\"contentUrl\":\"https:\/\/www.cannabis.es\/pw\/wp-content\/uploads\/2019\/04\/cropped-logo_cannabis.png\",\"width\":361,\"height\":120,\"caption\":\"Cannabis.es\"},\"image\":{\"@id\":\"https:\/\/www.cannabis.es\/pw\/#\/schema\/logo\/image\/\"},\"sameAs\":[\"https:\/\/x.com\/cannabis_es\"]},{\"@type\":\"Person\",\"@id\":\"https:\/\/www.cannabis.es\/pw\/#\/schema\/person\/ec770c03f3e99d770687f537f4ba1e89\",\"name\":\"Cannabis.es\",\"image\":{\"@type\":\"ImageObject\",\"inLanguage\":\"es\",\"@id\":\"https:\/\/www.cannabis.es\/pw\/#\/schema\/person\/image\/\",\"url\":\"https:\/\/secure.gravatar.com\/avatar\/810c93a3d6fadc3d9c2665b1d919a4aedea8ed4dd63689d001e985a804e90d83?s=96&d=mm&r=g\",\"contentUrl\":\"https:\/\/secure.gravatar.com\/avatar\/810c93a3d6fadc3d9c2665b1d919a4aedea8ed4dd63689d001e985a804e90d83?s=96&d=mm&r=g\",\"caption\":\"Cannabis.es\"},\"url\":\"https:\/\/www.cannabis.es\/pw\/author\/arnau\/\"}]}<\/script>\n<!-- \/ Yoast SEO plugin. -->","yoast_head_json":{"title":"Los presos pol\u00edticos del cannabis ya pueden salir de Lledoners durante el d\u00eda","description":"Entrada &#8226; Portal multimedia sobre cannabis y otras sustancias &#8226; 22 marzo, 2021","robots":{"index":"index","follow":"follow","max-snippet":"max-snippet:-1","max-image-preview":"max-image-preview:large","max-video-preview":"max-video-preview:-1"},"canonical":"https:\/\/www.cannabis.es\/pw\/2021\/03\/22\/los-presos-politicos-del-cannabis-ya-pueden-salir-de-lledoners-durante-el-dia\/","twitter_card":"summary_large_image","twitter_title":"Los presos pol\u00edticos del cannabis ya pueden salir de Lledoners durante el d\u00eda","twitter_description":"Entrada &#8226; Portal multimedia sobre cannabis y otras sustancias &#8226; 22 marzo, 2021","twitter_image":"https:\/\/www.cannabis.es\/pw\/wp-content\/uploads\/2021\/03\/albert-tio-3er-grado.jpg","twitter_creator":"@cannabis_es","twitter_site":"@cannabis_es","twitter_misc":{"Escrito por":"Cannabis.es","Tiempo de lectura":"4 minutos"},"schema":{"@context":"https:\/\/schema.org","@graph":[{"@type":"Article","@id":"https:\/\/www.cannabis.es\/pw\/2021\/03\/22\/los-presos-politicos-del-cannabis-ya-pueden-salir-de-lledoners-durante-el-dia\/#article","isPartOf":{"@id":"https:\/\/www.cannabis.es\/pw\/2021\/03\/22\/los-presos-politicos-del-cannabis-ya-pueden-salir-de-lledoners-durante-el-dia\/"},"author":{"name":"Cannabis.es","@id":"https:\/\/www.cannabis.es\/pw\/#\/schema\/person\/ec770c03f3e99d770687f537f4ba1e89"},"headline":"Los presos pol\u00edticos del cannabis ya pueden salir de Lledoners durante el d\u00eda","datePublished":"2021-03-22T09:46:05+00:00","dateModified":"2021-03-22T10:19:18+00:00","mainEntityOfPage":{"@id":"https:\/\/www.cannabis.es\/pw\/2021\/03\/22\/los-presos-politicos-del-cannabis-ya-pueden-salir-de-lledoners-durante-el-dia\/"},"wordCount":825,"publisher":{"@id":"https:\/\/www.cannabis.es\/pw\/#organization"},"image":{"@id":"https:\/\/www.cannabis.es\/pw\/2021\/03\/22\/los-presos-politicos-del-cannabis-ya-pueden-salir-de-lledoners-durante-el-dia\/#primaryimage"},"thumbnailUrl":"https:\/\/www.cannabis.es\/pw\/wp-content\/uploads\/2021\/03\/albert-tio-3er-grado.jpg","keywords":["Arnau Alcaide","asociaci\u00f3n cann\u00e1bica","cannabis","justicia","ley catalana de asociaciones","politica"],"articleSection":["Pol\u00edtica y Sociedad"],"inLanguage":"es"},{"@type":"WebPage","@id":"https:\/\/www.cannabis.es\/pw\/2021\/03\/22\/los-presos-politicos-del-cannabis-ya-pueden-salir-de-lledoners-durante-el-dia\/","url":"https:\/\/www.cannabis.es\/pw\/2021\/03\/22\/los-presos-politicos-del-cannabis-ya-pueden-salir-de-lledoners-durante-el-dia\/","name":"Los presos pol\u00edticos del cannabis ya pueden salir de Lledoners durante el d\u00eda","isPartOf":{"@id":"https:\/\/www.cannabis.es\/pw\/#website"},"primaryImageOfPage":{"@id":"https:\/\/www.cannabis.es\/pw\/2021\/03\/22\/los-presos-politicos-del-cannabis-ya-pueden-salir-de-lledoners-durante-el-dia\/#primaryimage"},"image":{"@id":"https:\/\/www.cannabis.es\/pw\/2021\/03\/22\/los-presos-politicos-del-cannabis-ya-pueden-salir-de-lledoners-durante-el-dia\/#primaryimage"},"thumbnailUrl":"https:\/\/www.cannabis.es\/pw\/wp-content\/uploads\/2021\/03\/albert-tio-3er-grado.jpg","datePublished":"2021-03-22T09:46:05+00:00","dateModified":"2021-03-22T10:19:18+00:00","description":"Entrada &#8226; Portal multimedia sobre cannabis y otras sustancias &#8226; 22 marzo, 2021","breadcrumb":{"@id":"https:\/\/www.cannabis.es\/pw\/2021\/03\/22\/los-presos-politicos-del-cannabis-ya-pueden-salir-de-lledoners-durante-el-dia\/#breadcrumb"},"inLanguage":"es","potentialAction":[{"@type":"ReadAction","target":["https:\/\/www.cannabis.es\/pw\/2021\/03\/22\/los-presos-politicos-del-cannabis-ya-pueden-salir-de-lledoners-durante-el-dia\/"]}]},{"@type":"ImageObject","inLanguage":"es","@id":"https:\/\/www.cannabis.es\/pw\/2021\/03\/22\/los-presos-politicos-del-cannabis-ya-pueden-salir-de-lledoners-durante-el-dia\/#primaryimage","url":"https:\/\/www.cannabis.es\/pw\/wp-content\/uploads\/2021\/03\/albert-tio-3er-grado.jpg","contentUrl":"https:\/\/www.cannabis.es\/pw\/wp-content\/uploads\/2021\/03\/albert-tio-3er-grado.jpg","width":804,"height":532},{"@type":"BreadcrumbList","@id":"https:\/\/www.cannabis.es\/pw\/2021\/03\/22\/los-presos-politicos-del-cannabis-ya-pueden-salir-de-lledoners-durante-el-dia\/#breadcrumb","itemListElement":[{"@type":"ListItem","position":1,"name":"Portada","item":"http:\/\/www.cannabis.es\/pw\/"},{"@type":"ListItem","position":2,"name":"Los presos pol\u00edticos del cannabis ya pueden salir de Lledoners durante el d\u00eda"}]},{"@type":"WebSite","@id":"https:\/\/www.cannabis.es\/pw\/#website","url":"https:\/\/www.cannabis.es\/pw\/","name":"Cannabis","description":"Portal multimedia sobre cannabis y otras sustancias","publisher":{"@id":"https:\/\/www.cannabis.es\/pw\/#organization"},"potentialAction":[{"@type":"SearchAction","target":{"@type":"EntryPoint","urlTemplate":"https:\/\/www.cannabis.es\/pw\/?s={search_term_string}"},"query-input":{"@type":"PropertyValueSpecification","valueRequired":true,"valueName":"search_term_string"}}],"inLanguage":"es"},{"@type":"Organization","@id":"https:\/\/www.cannabis.es\/pw\/#organization","name":"Cannabis.es","url":"https:\/\/www.cannabis.es\/pw\/","logo":{"@type":"ImageObject","inLanguage":"es","@id":"https:\/\/www.cannabis.es\/pw\/#\/schema\/logo\/image\/","url":"https:\/\/www.cannabis.es\/pw\/wp-content\/uploads\/2019\/04\/cropped-logo_cannabis.png","contentUrl":"https:\/\/www.cannabis.es\/pw\/wp-content\/uploads\/2019\/04\/cropped-logo_cannabis.png","width":361,"height":120,"caption":"Cannabis.es"},"image":{"@id":"https:\/\/www.cannabis.es\/pw\/#\/schema\/logo\/image\/"},"sameAs":["https:\/\/x.com\/cannabis_es"]},{"@type":"Person","@id":"https:\/\/www.cannabis.es\/pw\/#\/schema\/person\/ec770c03f3e99d770687f537f4ba1e89","name":"Cannabis.es","image":{"@type":"ImageObject","inLanguage":"es","@id":"https:\/\/www.cannabis.es\/pw\/#\/schema\/person\/image\/","url":"https:\/\/secure.gravatar.com\/avatar\/810c93a3d6fadc3d9c2665b1d919a4aedea8ed4dd63689d001e985a804e90d83?s=96&d=mm&r=g","contentUrl":"https:\/\/secure.gravatar.com\/avatar\/810c93a3d6fadc3d9c2665b1d919a4aedea8ed4dd63689d001e985a804e90d83?s=96&d=mm&r=g","caption":"Cannabis.es"},"url":"https:\/\/www.cannabis.es\/pw\/author\/arnau\/"}]}},"_links":{"self":[{"href":"https:\/\/www.cannabis.es\/pw\/wp-json\/wp\/v2\/posts\/6836","targetHints":{"allow":["GET"]}}],"collection":[{"href":"https:\/\/www.cannabis.es\/pw\/wp-json\/wp\/v2\/posts"}],"about":[{"href":"https:\/\/www.cannabis.es\/pw\/wp-json\/wp\/v2\/types\/post"}],"author":[{"embeddable":true,"href":"https:\/\/www.cannabis.es\/pw\/wp-json\/wp\/v2\/users\/3"}],"replies":[{"embeddable":true,"href":"https:\/\/www.cannabis.es\/pw\/wp-json\/wp\/v2\/comments?post=6836"}],"version-history":[{"count":2,"href":"https:\/\/www.cannabis.es\/pw\/wp-json\/wp\/v2\/posts\/6836\/revisions"}],"predecessor-version":[{"id":6841,"href":"https:\/\/www.cannabis.es\/pw\/wp-json\/wp\/v2\/posts\/6836\/revisions\/6841"}],"wp:featuredmedia":[{"embeddable":true,"href":"https:\/\/www.cannabis.es\/pw\/wp-json\/wp\/v2\/media\/6837"}],"wp:attachment":[{"href":"https:\/\/www.cannabis.es\/pw\/wp-json\/wp\/v2\/media?parent=6836"}],"wp:term":[{"taxonomy":"category","embeddable":true,"href":"https:\/\/www.cannabis.es\/pw\/wp-json\/wp\/v2\/categories?post=6836"},{"taxonomy":"post_tag","embeddable":true,"href":"https:\/\/www.cannabis.es\/pw\/wp-json\/wp\/v2\/tags?post=6836"}],"curies":[{"name":"wp","href":"https:\/\/api.w.org\/{rel}","templated":true}]}}