{"id":6842,"date":"2021-03-22T13:10:01","date_gmt":"2021-03-22T12:10:01","guid":{"rendered":"https:\/\/www.cannabis.es\/pw\/?p=6842"},"modified":"2021-03-22T13:10:03","modified_gmt":"2021-03-22T12:10:03","slug":"carolina-darias-sanidad-sigue-la-investigacion-medica-del-cannabis-terapeutico","status":"publish","type":"post","link":"https:\/\/www.cannabis.es\/pw\/2021\/03\/22\/carolina-darias-sanidad-sigue-la-investigacion-medica-del-cannabis-terapeutico\/","title":{"rendered":"Carolina Darias: \u00abSanidad sigue la investigaci\u00f3n m\u00e9dica del cannabis terap\u00e9utico\u00bb"},"content":{"rendered":"\n<p>Benito D\u00edaz<\/p>\n\n\n\n<p>La sesi\u00f3n de control al Gobierno del pasado 17 de marzo dio lugar a formular una pregunta parlamentaria a la Ministra de Sanidad, Carolina Darias. La cuesti\u00f3n, lanzada desde la tribuna de Josune Gorospe, diputada del PNV, pidi\u00f3 informaci\u00f3n al respecto de la regularizaci\u00f3n del \u201cCannabis para uso m\u00e9dico en el Estado\u201d, una l\u00ednea que el Partido Nacionalista Vasco se ha encargado de defender en los \u00faltimos a\u00f1os.<\/p>\n\n\n\n<p>La pregunta, <a href=\"https:\/\/www.cannabis.es\/pw\/2020\/09\/18\/no-habra-cannabis-terapeutico-esta-legislatura\/\">formalizada antes por escrito,<\/a> fue respondida por la actual titular de la Cartera de Sanidad. <em><span class=\"has-inline-color has-luminous-vivid-orange-color\">\u201cEn esta cuesti\u00f3n, el criterio del gobierno es hacer prevalecer la evidencia cient\u00edfica y el rigor t\u00e9cnico para dictaminar sobre el cumplimiento de los est\u00e1ndares de seguridad y eficacia que deben exigirse a cualquier medicamento\u201d<\/span><\/em>, declar\u00f3 Darias, recibiendo un sonoro aplauso de apoyo por parte de sus compa\u00f1eros de la bancada socialista.<\/p>\n\n\n\n<p>En el turno de r\u00e9plica, Josune Gorospe inquiri\u00f3, <em><span class=\"has-inline-color has-luminous-vivid-orange-color\">\u201chace tres meses la ONU, siguiendo instrucciones de la OMS, retir\u00f3 el Cannabis de la lista IV de la convenci\u00f3n de drogas, reconociendo el uso y potencial terap\u00e9utico de esa sustancia. El Parlamento Europeo hace ya un tiempo que viene animando a los Estados para que puedan avanzar en proyectos de investigaci\u00f3n y programas de uso. Sabe usted que pa\u00edses de todo nuestro entorno, Portugal, Alemania, Italia, Reino Unido han avanzado ya en alg\u00fan tipo de programa de acceso de uso m\u00e9dico al Cannabis. Uno de los \u00faltimos pa\u00edses que se ha incorporado a esta lista es Francia, una referencia para ustedes. La propia Agencia del Medicamento y Productos Sanitarios, equivalente a la del Estado, ha impulsado un programa en el cual, durante dos a\u00f1os se van a controlar y seguir los efectos del Cannabis en 2000 pacientes. Entiendo que todos estos pa\u00edses, organismos e instancia, deben ser gente seria en cuanto a la evidencia y el rigor t\u00e9cnicos. Por eso, la clave son los pacientes, Ministra. Porqu\u00e9 en todos estos pa\u00edses del entorno pueden acceder a estos programas de uso para poder paliar los s\u00edntomas de las enfermedades que est\u00e1n padeciendo, bajo supervisi\u00f3n m\u00e9dica. \u00bfPor qu\u00e9 en el Estado deben ir a ciegas?\u201d<\/span>, <\/em>argument\u00f3 la diputada del PNV. Complet\u00f3 su declaraci\u00f3n instando a la ministra Darias a la actuaci\u00f3n, pues es el Ministerio de Sanidad, y no otro, el que debe dar los pasos necesarios para conseguir una regulaci\u00f3n.<\/p>\n\n\n\n<figure class=\"wp-block-image size-large\"><img loading=\"lazy\" decoding=\"async\" width=\"804\" height=\"532\" src=\"https:\/\/www.cannabis.es\/pw\/wp-content\/uploads\/2021\/03\/CDarias.jpg\" alt=\"\" class=\"wp-image-6846\" srcset=\"https:\/\/www.cannabis.es\/pw\/wp-content\/uploads\/2021\/03\/CDarias.jpg 804w, https:\/\/www.cannabis.es\/pw\/wp-content\/uploads\/2021\/03\/CDarias-300x199.jpg 300w, https:\/\/www.cannabis.es\/pw\/wp-content\/uploads\/2021\/03\/CDarias-768x508.jpg 768w, https:\/\/www.cannabis.es\/pw\/wp-content\/uploads\/2021\/03\/CDarias-600x397.jpg 600w\" sizes=\"auto, (max-width: 804px) 100vw, 804px\" \/><\/figure>\n\n\n\n<p>La respuesta de la ministra Darias aseguraba que el gobierno y el Ministerio de Sanidad siguen de cerca las novedades de investigaci\u00f3n sobre las aplicaciones m\u00e9dicas del cannabis o de diversos extractos del mismo en algunas patolog\u00edas, adem\u00e1s de realizar un seguimiento de la legislaci\u00f3n comparada. <em><span class=\"has-inline-color has-luminous-vivid-orange-color\">\u201cLa &#8216;prueba de oro&#8217; para demostrar la eficacia y seguridad de un medicamento en una estrategia terap\u00e9utica es el ensayo cl\u00ednico controlado. Algunos medicamentos basados en Cannabinoides han demostrado su beneficio y seguridad en situaciones concretas. Supongo que usted sabe que en Espa\u00f1a est\u00e1n disponibles medicamentos a base de Cannabis, como Sativex o Epidiolex, ambos con conocida eficacia en la Esclerosis M\u00faltiple o en la convulsi\u00f3n en ni\u00f1os con algunos s\u00edndromes complejos\u201d<\/span>, <\/em>declar\u00f3 la ministra.<\/p>\n\n\n\n<p><span class=\"has-inline-color has-luminous-vivid-orange-color\">\u201c<em>Por el contrario, en algunas enfermedades o s\u00edntomas que popularmente pudieran pensarse en t\u00e9rminos beneficiosos, los ensayos cl\u00ednicos con Cannabis no han sido concluyentes. Tal es as\u00ed que el Observatorio Europeo de las Drogas y Toxicoman\u00edas de la UE, ha dicho que la evidencia cient\u00edfica en algunas patolog\u00edas, como v\u00f3mitos de C\u00e1ncer o anorexia de SIDA, son d\u00e9biles. Por tanto, no debemos pensar que todos los posibles usos actuales en el debate p\u00fablico tienen el mismo tienen el mismo soporte cient\u00edfico\u201d<\/em><\/span><em>.<\/em> Darias asegur\u00f3 centrarse en la evidencia cient\u00edfica y desde\u00f1ar otras v\u00edas, e invit\u00f3 al grupo PNV a trabajar juntos para conseguir preparados m\u00e9dicos de calidad conocida.<\/p>\n\n\n\n<p>Carolina Darias concluy\u00f3 su disertaci\u00f3n, determinando que <em><span class=\"has-inline-color has-luminous-vivid-orange-color\">\u201cel Cannabis Terap\u00e9utico no est\u00e1 exento de riesgos a medio o a largo plazo incluso en aquellas patolog\u00edas en las que pudiera considerarse beneficioso\u201d<\/span>,<\/em> adem\u00e1s de asegurar encontrarse <em><span class=\"has-inline-color has-luminous-vivid-orange-color\">\u201cdel lado de los pacientes\u201d<\/span>.<\/em><\/p>\n\n\n\n<p>En definitiva, podemos estar seguros de que la ministra de Sanidad no lee Cannabis.es. De hacerlo, es probable que hubiera podido ver <a href=\"https:\/\/www.cannabis.es\/pw\/2020\/11\/26\/si-hay-evidencia-voces-expertas-por-el-cannabis-medicinal\/\">la lista de evidencias y los argumentos<\/a> de m\u00e9dicos y pol\u00edticos a favor del uso del cannabis, as\u00ed como la <a href=\"https:\/\/www.cannabis.es\/pw\/2021\/03\/05\/moises-garcia-arencibia-piden-pruebas-sobre-los-cannabinoides-pero-no-se-ponen-a-buscarlas\/\">argumentaci\u00f3n de investigadores<\/a>, representantes <a href=\"https:\/\/www.cannabis.es\/pw\/2020\/11\/09\/colectivos-de-usuarios-terapeuticos-reclaman-una-legislacion-internacional\/\">de colectivos de personas enfermas<\/a> o <a href=\"https:\/\/www.cannabis.es\/pw\/2020\/05\/06\/la-marcha-mundial-de-la-marihuana-reivindica-en-directo-12h\/\">plataformas de activismo<\/a> en favor de la libertad de la planta. Eso por no se\u00f1alar<a href=\"https:\/\/www.cannabis.es\/pw\/2021\/01\/28\/sin-sorpresas-en-las-medallas-a-la-represion-plan-nacional-sobre-drogas\/\"> la persecuci\u00f3n policial de usuarios,<\/a> tanto m\u00e9dicos como l\u00fadicos, incluyendo personas mayores como <a href=\"https:\/\/www.cannabis.es\/pw\/2019\/05\/24\/conoce-a-nuestra-veterana-activista-enjuiciada-la-feminista-cannabica-fernanda-de-la-figuera\/\">Fernanda de la Figuera<\/a> y condenados por plantar<a href=\"https:\/\/www.cannabis.es\/pw\/2020\/11\/11\/albert-tio-sera-la-semana-que-viene-el-primer-preso-politico-del-cannabis-en-espana\/\">, como Albert Ti\u00f3.<\/a><\/p>\n","protected":false},"excerpt":{"rendered":"<span class=\"span-reading-time rt-reading-time\" style=\"display: block;\"><span class=\"rt-label rt-prefix\">Tiempo de lectura:<\/span> <span class=\"rt-time\"> 3<\/span> <span class=\"rt-label rt-postfix\">minutos<\/span><\/span>Benito D\u00edaz La sesi\u00f3n de control al Gobierno del pasado 17 de marzo dio lugar a formular una pregunta parlamentaria a la Ministra de Sanidad, Carolina Darias. La cuesti\u00f3n, lanzada desde la tribuna de Josune Gorospe, diputada del PNV, pidi\u00f3 informaci\u00f3n al respecto de la regularizaci\u00f3n del \u201cCannabis para uso m\u00e9dico en el Estado\u201d, una [&hellip;]","protected":false},"author":3,"featured_media":6846,"comment_status":"closed","ping_status":"closed","sticky":false,"template":"","format":"standard","meta":{"loftocean-featured-post":"","loftocean_post_format_gallery":"","loftocean_post_format_gallery_ids":"","loftocean_post_format_gallery_urls":"","loftocean_post_format_video_id":"","loftocean_post_format_video_url":"","loftocean_post_format_video_type":"","loftocean_post_format_video":"","loftocean_post_format_audio_type":"","loftocean_post_format_audio_url":"","loftocean_post_format_audio_id":"","loftocean_post_format_audio":"","loftocean_post_format_quote_text":"","loftocean_post_format_quote_byline":"","loftocean_post_format_link_text":"","loftocean_post_format_link_url":"","ceramag_post_header_style":"","ceramag_enable_background_video":"","ceramag_show_in_top_slider":"","ceramag_post_background_video_start":"","ceramag_post_background_video_end":"","loftocean_page_background_video_id":"","loftocean_page_background_video_url":"","loftocean_page_background_video_type":"","loftocean_page_background_video":"","ceramag_background_video_start":"","ceramag_background_video_end":"","ceramag_single_page_hide_header":"","footnotes":""},"categories":[35],"tags":[43,41,52,51],"class_list":["post-6842","post","type-post","status-publish","format-standard","has-post-thumbnail","hentry","category-politica-y-sociedad","tag-benito-diaz","tag-cannabis","tag-cannabis-medicinal","tag-salud"],"yoast_head":"<!-- This site is optimized with the Yoast SEO plugin v24.9 - https:\/\/yoast.com\/wordpress\/plugins\/seo\/ -->\n<title>Carolina Darias: &quot;Sanidad sigue la investigaci\u00f3n m\u00e9dica del cannabis terap\u00e9utico&quot;<\/title>\n<meta name=\"description\" content=\"Entrada &#8226; Portal multimedia sobre cannabis y otras sustancias &#8226; 22 marzo, 2021\" \/>\n<meta name=\"robots\" content=\"index, follow, max-snippet:-1, max-image-preview:large, max-video-preview:-1\" \/>\n<link rel=\"canonical\" href=\"https:\/\/www.cannabis.es\/pw\/2021\/03\/22\/carolina-darias-sanidad-sigue-la-investigacion-medica-del-cannabis-terapeutico\/\" \/>\n<meta name=\"twitter:card\" content=\"summary_large_image\" \/>\n<meta name=\"twitter:title\" content=\"Carolina Darias: &quot;Sanidad sigue la investigaci\u00f3n m\u00e9dica del cannabis terap\u00e9utico&quot;\" \/>\n<meta name=\"twitter:description\" content=\"Entrada &#8226; Portal multimedia sobre cannabis y otras sustancias &#8226; 22 marzo, 2021\" \/>\n<meta name=\"twitter:image\" content=\"https:\/\/www.cannabis.es\/pw\/wp-content\/uploads\/2021\/03\/CDarias.jpg\" \/>\n<meta name=\"twitter:creator\" content=\"@cannabis_es\" \/>\n<meta name=\"twitter:site\" content=\"@cannabis_es\" \/>\n<meta name=\"twitter:label1\" content=\"Escrito por\" \/>\n\t<meta name=\"twitter:data1\" content=\"Cannabis.es\" \/>\n\t<meta name=\"twitter:label2\" content=\"Tiempo de lectura\" \/>\n\t<meta name=\"twitter:data2\" content=\"4 minutos\" \/>\n<script type=\"application\/ld+json\" class=\"yoast-schema-graph\">{\"@context\":\"https:\/\/schema.org\",\"@graph\":[{\"@type\":\"Article\",\"@id\":\"https:\/\/www.cannabis.es\/pw\/2021\/03\/22\/carolina-darias-sanidad-sigue-la-investigacion-medica-del-cannabis-terapeutico\/#article\",\"isPartOf\":{\"@id\":\"https:\/\/www.cannabis.es\/pw\/2021\/03\/22\/carolina-darias-sanidad-sigue-la-investigacion-medica-del-cannabis-terapeutico\/\"},\"author\":{\"name\":\"Cannabis.es\",\"@id\":\"https:\/\/www.cannabis.es\/pw\/#\/schema\/person\/ec770c03f3e99d770687f537f4ba1e89\"},\"headline\":\"Carolina Darias: \u00abSanidad sigue la investigaci\u00f3n m\u00e9dica del cannabis terap\u00e9utico\u00bb\",\"datePublished\":\"2021-03-22T12:10:01+00:00\",\"dateModified\":\"2021-03-22T12:10:03+00:00\",\"mainEntityOfPage\":{\"@id\":\"https:\/\/www.cannabis.es\/pw\/2021\/03\/22\/carolina-darias-sanidad-sigue-la-investigacion-medica-del-cannabis-terapeutico\/\"},\"wordCount\":829,\"publisher\":{\"@id\":\"https:\/\/www.cannabis.es\/pw\/#organization\"},\"image\":{\"@id\":\"https:\/\/www.cannabis.es\/pw\/2021\/03\/22\/carolina-darias-sanidad-sigue-la-investigacion-medica-del-cannabis-terapeutico\/#primaryimage\"},\"thumbnailUrl\":\"https:\/\/www.cannabis.es\/pw\/wp-content\/uploads\/2021\/03\/CDarias.jpg\",\"keywords\":[\"Benito D\u00edaz\",\"cannabis\",\"cannabis medicinal\",\"salud\"],\"articleSection\":[\"Pol\u00edtica y Sociedad\"],\"inLanguage\":\"es\"},{\"@type\":\"WebPage\",\"@id\":\"https:\/\/www.cannabis.es\/pw\/2021\/03\/22\/carolina-darias-sanidad-sigue-la-investigacion-medica-del-cannabis-terapeutico\/\",\"url\":\"https:\/\/www.cannabis.es\/pw\/2021\/03\/22\/carolina-darias-sanidad-sigue-la-investigacion-medica-del-cannabis-terapeutico\/\",\"name\":\"Carolina Darias: \\\"Sanidad sigue la investigaci\u00f3n m\u00e9dica del cannabis terap\u00e9utico\\\"\",\"isPartOf\":{\"@id\":\"https:\/\/www.cannabis.es\/pw\/#website\"},\"primaryImageOfPage\":{\"@id\":\"https:\/\/www.cannabis.es\/pw\/2021\/03\/22\/carolina-darias-sanidad-sigue-la-investigacion-medica-del-cannabis-terapeutico\/#primaryimage\"},\"image\":{\"@id\":\"https:\/\/www.cannabis.es\/pw\/2021\/03\/22\/carolina-darias-sanidad-sigue-la-investigacion-medica-del-cannabis-terapeutico\/#primaryimage\"},\"thumbnailUrl\":\"https:\/\/www.cannabis.es\/pw\/wp-content\/uploads\/2021\/03\/CDarias.jpg\",\"datePublished\":\"2021-03-22T12:10:01+00:00\",\"dateModified\":\"2021-03-22T12:10:03+00:00\",\"description\":\"Entrada &#8226; Portal multimedia sobre cannabis y otras sustancias &#8226; 22 marzo, 2021\",\"breadcrumb\":{\"@id\":\"https:\/\/www.cannabis.es\/pw\/2021\/03\/22\/carolina-darias-sanidad-sigue-la-investigacion-medica-del-cannabis-terapeutico\/#breadcrumb\"},\"inLanguage\":\"es\",\"potentialAction\":[{\"@type\":\"ReadAction\",\"target\":[\"https:\/\/www.cannabis.es\/pw\/2021\/03\/22\/carolina-darias-sanidad-sigue-la-investigacion-medica-del-cannabis-terapeutico\/\"]}]},{\"@type\":\"ImageObject\",\"inLanguage\":\"es\",\"@id\":\"https:\/\/www.cannabis.es\/pw\/2021\/03\/22\/carolina-darias-sanidad-sigue-la-investigacion-medica-del-cannabis-terapeutico\/#primaryimage\",\"url\":\"https:\/\/www.cannabis.es\/pw\/wp-content\/uploads\/2021\/03\/CDarias.jpg\",\"contentUrl\":\"https:\/\/www.cannabis.es\/pw\/wp-content\/uploads\/2021\/03\/CDarias.jpg\",\"width\":804,\"height\":532},{\"@type\":\"BreadcrumbList\",\"@id\":\"https:\/\/www.cannabis.es\/pw\/2021\/03\/22\/carolina-darias-sanidad-sigue-la-investigacion-medica-del-cannabis-terapeutico\/#breadcrumb\",\"itemListElement\":[{\"@type\":\"ListItem\",\"position\":1,\"name\":\"Portada\",\"item\":\"http:\/\/www.cannabis.es\/pw\/\"},{\"@type\":\"ListItem\",\"position\":2,\"name\":\"Carolina Darias: \u00abSanidad sigue la investigaci\u00f3n m\u00e9dica del cannabis terap\u00e9utico\u00bb\"}]},{\"@type\":\"WebSite\",\"@id\":\"https:\/\/www.cannabis.es\/pw\/#website\",\"url\":\"https:\/\/www.cannabis.es\/pw\/\",\"name\":\"Cannabis\",\"description\":\"Portal multimedia sobre cannabis y otras sustancias\",\"publisher\":{\"@id\":\"https:\/\/www.cannabis.es\/pw\/#organization\"},\"potentialAction\":[{\"@type\":\"SearchAction\",\"target\":{\"@type\":\"EntryPoint\",\"urlTemplate\":\"https:\/\/www.cannabis.es\/pw\/?s={search_term_string}\"},\"query-input\":{\"@type\":\"PropertyValueSpecification\",\"valueRequired\":true,\"valueName\":\"search_term_string\"}}],\"inLanguage\":\"es\"},{\"@type\":\"Organization\",\"@id\":\"https:\/\/www.cannabis.es\/pw\/#organization\",\"name\":\"Cannabis.es\",\"url\":\"https:\/\/www.cannabis.es\/pw\/\",\"logo\":{\"@type\":\"ImageObject\",\"inLanguage\":\"es\",\"@id\":\"https:\/\/www.cannabis.es\/pw\/#\/schema\/logo\/image\/\",\"url\":\"https:\/\/www.cannabis.es\/pw\/wp-content\/uploads\/2019\/04\/cropped-logo_cannabis.png\",\"contentUrl\":\"https:\/\/www.cannabis.es\/pw\/wp-content\/uploads\/2019\/04\/cropped-logo_cannabis.png\",\"width\":361,\"height\":120,\"caption\":\"Cannabis.es\"},\"image\":{\"@id\":\"https:\/\/www.cannabis.es\/pw\/#\/schema\/logo\/image\/\"},\"sameAs\":[\"https:\/\/x.com\/cannabis_es\"]},{\"@type\":\"Person\",\"@id\":\"https:\/\/www.cannabis.es\/pw\/#\/schema\/person\/ec770c03f3e99d770687f537f4ba1e89\",\"name\":\"Cannabis.es\",\"image\":{\"@type\":\"ImageObject\",\"inLanguage\":\"es\",\"@id\":\"https:\/\/www.cannabis.es\/pw\/#\/schema\/person\/image\/\",\"url\":\"https:\/\/secure.gravatar.com\/avatar\/810c93a3d6fadc3d9c2665b1d919a4aedea8ed4dd63689d001e985a804e90d83?s=96&d=mm&r=g\",\"contentUrl\":\"https:\/\/secure.gravatar.com\/avatar\/810c93a3d6fadc3d9c2665b1d919a4aedea8ed4dd63689d001e985a804e90d83?s=96&d=mm&r=g\",\"caption\":\"Cannabis.es\"},\"url\":\"https:\/\/www.cannabis.es\/pw\/author\/arnau\/\"}]}<\/script>\n<!-- \/ Yoast SEO plugin. -->","yoast_head_json":{"title":"Carolina Darias: \"Sanidad sigue la investigaci\u00f3n m\u00e9dica del cannabis terap\u00e9utico\"","description":"Entrada &#8226; Portal multimedia sobre cannabis y otras sustancias &#8226; 22 marzo, 2021","robots":{"index":"index","follow":"follow","max-snippet":"max-snippet:-1","max-image-preview":"max-image-preview:large","max-video-preview":"max-video-preview:-1"},"canonical":"https:\/\/www.cannabis.es\/pw\/2021\/03\/22\/carolina-darias-sanidad-sigue-la-investigacion-medica-del-cannabis-terapeutico\/","twitter_card":"summary_large_image","twitter_title":"Carolina Darias: \"Sanidad sigue la investigaci\u00f3n m\u00e9dica del cannabis terap\u00e9utico\"","twitter_description":"Entrada &#8226; Portal multimedia sobre cannabis y otras sustancias &#8226; 22 marzo, 2021","twitter_image":"https:\/\/www.cannabis.es\/pw\/wp-content\/uploads\/2021\/03\/CDarias.jpg","twitter_creator":"@cannabis_es","twitter_site":"@cannabis_es","twitter_misc":{"Escrito por":"Cannabis.es","Tiempo de lectura":"4 minutos"},"schema":{"@context":"https:\/\/schema.org","@graph":[{"@type":"Article","@id":"https:\/\/www.cannabis.es\/pw\/2021\/03\/22\/carolina-darias-sanidad-sigue-la-investigacion-medica-del-cannabis-terapeutico\/#article","isPartOf":{"@id":"https:\/\/www.cannabis.es\/pw\/2021\/03\/22\/carolina-darias-sanidad-sigue-la-investigacion-medica-del-cannabis-terapeutico\/"},"author":{"name":"Cannabis.es","@id":"https:\/\/www.cannabis.es\/pw\/#\/schema\/person\/ec770c03f3e99d770687f537f4ba1e89"},"headline":"Carolina Darias: \u00abSanidad sigue la investigaci\u00f3n m\u00e9dica del cannabis terap\u00e9utico\u00bb","datePublished":"2021-03-22T12:10:01+00:00","dateModified":"2021-03-22T12:10:03+00:00","mainEntityOfPage":{"@id":"https:\/\/www.cannabis.es\/pw\/2021\/03\/22\/carolina-darias-sanidad-sigue-la-investigacion-medica-del-cannabis-terapeutico\/"},"wordCount":829,"publisher":{"@id":"https:\/\/www.cannabis.es\/pw\/#organization"},"image":{"@id":"https:\/\/www.cannabis.es\/pw\/2021\/03\/22\/carolina-darias-sanidad-sigue-la-investigacion-medica-del-cannabis-terapeutico\/#primaryimage"},"thumbnailUrl":"https:\/\/www.cannabis.es\/pw\/wp-content\/uploads\/2021\/03\/CDarias.jpg","keywords":["Benito D\u00edaz","cannabis","cannabis medicinal","salud"],"articleSection":["Pol\u00edtica y Sociedad"],"inLanguage":"es"},{"@type":"WebPage","@id":"https:\/\/www.cannabis.es\/pw\/2021\/03\/22\/carolina-darias-sanidad-sigue-la-investigacion-medica-del-cannabis-terapeutico\/","url":"https:\/\/www.cannabis.es\/pw\/2021\/03\/22\/carolina-darias-sanidad-sigue-la-investigacion-medica-del-cannabis-terapeutico\/","name":"Carolina Darias: \"Sanidad sigue la investigaci\u00f3n m\u00e9dica del cannabis terap\u00e9utico\"","isPartOf":{"@id":"https:\/\/www.cannabis.es\/pw\/#website"},"primaryImageOfPage":{"@id":"https:\/\/www.cannabis.es\/pw\/2021\/03\/22\/carolina-darias-sanidad-sigue-la-investigacion-medica-del-cannabis-terapeutico\/#primaryimage"},"image":{"@id":"https:\/\/www.cannabis.es\/pw\/2021\/03\/22\/carolina-darias-sanidad-sigue-la-investigacion-medica-del-cannabis-terapeutico\/#primaryimage"},"thumbnailUrl":"https:\/\/www.cannabis.es\/pw\/wp-content\/uploads\/2021\/03\/CDarias.jpg","datePublished":"2021-03-22T12:10:01+00:00","dateModified":"2021-03-22T12:10:03+00:00","description":"Entrada &#8226; Portal multimedia sobre cannabis y otras sustancias &#8226; 22 marzo, 2021","breadcrumb":{"@id":"https:\/\/www.cannabis.es\/pw\/2021\/03\/22\/carolina-darias-sanidad-sigue-la-investigacion-medica-del-cannabis-terapeutico\/#breadcrumb"},"inLanguage":"es","potentialAction":[{"@type":"ReadAction","target":["https:\/\/www.cannabis.es\/pw\/2021\/03\/22\/carolina-darias-sanidad-sigue-la-investigacion-medica-del-cannabis-terapeutico\/"]}]},{"@type":"ImageObject","inLanguage":"es","@id":"https:\/\/www.cannabis.es\/pw\/2021\/03\/22\/carolina-darias-sanidad-sigue-la-investigacion-medica-del-cannabis-terapeutico\/#primaryimage","url":"https:\/\/www.cannabis.es\/pw\/wp-content\/uploads\/2021\/03\/CDarias.jpg","contentUrl":"https:\/\/www.cannabis.es\/pw\/wp-content\/uploads\/2021\/03\/CDarias.jpg","width":804,"height":532},{"@type":"BreadcrumbList","@id":"https:\/\/www.cannabis.es\/pw\/2021\/03\/22\/carolina-darias-sanidad-sigue-la-investigacion-medica-del-cannabis-terapeutico\/#breadcrumb","itemListElement":[{"@type":"ListItem","position":1,"name":"Portada","item":"http:\/\/www.cannabis.es\/pw\/"},{"@type":"ListItem","position":2,"name":"Carolina Darias: \u00abSanidad sigue la investigaci\u00f3n m\u00e9dica del cannabis terap\u00e9utico\u00bb"}]},{"@type":"WebSite","@id":"https:\/\/www.cannabis.es\/pw\/#website","url":"https:\/\/www.cannabis.es\/pw\/","name":"Cannabis","description":"Portal multimedia sobre cannabis y otras sustancias","publisher":{"@id":"https:\/\/www.cannabis.es\/pw\/#organization"},"potentialAction":[{"@type":"SearchAction","target":{"@type":"EntryPoint","urlTemplate":"https:\/\/www.cannabis.es\/pw\/?s={search_term_string}"},"query-input":{"@type":"PropertyValueSpecification","valueRequired":true,"valueName":"search_term_string"}}],"inLanguage":"es"},{"@type":"Organization","@id":"https:\/\/www.cannabis.es\/pw\/#organization","name":"Cannabis.es","url":"https:\/\/www.cannabis.es\/pw\/","logo":{"@type":"ImageObject","inLanguage":"es","@id":"https:\/\/www.cannabis.es\/pw\/#\/schema\/logo\/image\/","url":"https:\/\/www.cannabis.es\/pw\/wp-content\/uploads\/2019\/04\/cropped-logo_cannabis.png","contentUrl":"https:\/\/www.cannabis.es\/pw\/wp-content\/uploads\/2019\/04\/cropped-logo_cannabis.png","width":361,"height":120,"caption":"Cannabis.es"},"image":{"@id":"https:\/\/www.cannabis.es\/pw\/#\/schema\/logo\/image\/"},"sameAs":["https:\/\/x.com\/cannabis_es"]},{"@type":"Person","@id":"https:\/\/www.cannabis.es\/pw\/#\/schema\/person\/ec770c03f3e99d770687f537f4ba1e89","name":"Cannabis.es","image":{"@type":"ImageObject","inLanguage":"es","@id":"https:\/\/www.cannabis.es\/pw\/#\/schema\/person\/image\/","url":"https:\/\/secure.gravatar.com\/avatar\/810c93a3d6fadc3d9c2665b1d919a4aedea8ed4dd63689d001e985a804e90d83?s=96&d=mm&r=g","contentUrl":"https:\/\/secure.gravatar.com\/avatar\/810c93a3d6fadc3d9c2665b1d919a4aedea8ed4dd63689d001e985a804e90d83?s=96&d=mm&r=g","caption":"Cannabis.es"},"url":"https:\/\/www.cannabis.es\/pw\/author\/arnau\/"}]}},"_links":{"self":[{"href":"https:\/\/www.cannabis.es\/pw\/wp-json\/wp\/v2\/posts\/6842","targetHints":{"allow":["GET"]}}],"collection":[{"href":"https:\/\/www.cannabis.es\/pw\/wp-json\/wp\/v2\/posts"}],"about":[{"href":"https:\/\/www.cannabis.es\/pw\/wp-json\/wp\/v2\/types\/post"}],"author":[{"embeddable":true,"href":"https:\/\/www.cannabis.es\/pw\/wp-json\/wp\/v2\/users\/3"}],"replies":[{"embeddable":true,"href":"https:\/\/www.cannabis.es\/pw\/wp-json\/wp\/v2\/comments?post=6842"}],"version-history":[{"count":4,"href":"https:\/\/www.cannabis.es\/pw\/wp-json\/wp\/v2\/posts\/6842\/revisions"}],"predecessor-version":[{"id":6847,"href":"https:\/\/www.cannabis.es\/pw\/wp-json\/wp\/v2\/posts\/6842\/revisions\/6847"}],"wp:featuredmedia":[{"embeddable":true,"href":"https:\/\/www.cannabis.es\/pw\/wp-json\/wp\/v2\/media\/6846"}],"wp:attachment":[{"href":"https:\/\/www.cannabis.es\/pw\/wp-json\/wp\/v2\/media?parent=6842"}],"wp:term":[{"taxonomy":"category","embeddable":true,"href":"https:\/\/www.cannabis.es\/pw\/wp-json\/wp\/v2\/categories?post=6842"},{"taxonomy":"post_tag","embeddable":true,"href":"https:\/\/www.cannabis.es\/pw\/wp-json\/wp\/v2\/tags?post=6842"}],"curies":[{"name":"wp","href":"https:\/\/api.w.org\/{rel}","templated":true}]}}