{"id":6856,"date":"2021-03-25T14:05:58","date_gmt":"2021-03-25T13:05:58","guid":{"rendered":"https:\/\/www.cannabis.es\/pw\/?p=6856"},"modified":"2021-03-26T09:16:31","modified_gmt":"2021-03-26T08:16:31","slug":"europarlamentario-anima-a-regular-desde-la-alianza-europea-del-cannabis-medicinal","status":"publish","type":"post","link":"https:\/\/www.cannabis.es\/pw\/2021\/03\/25\/europarlamentario-anima-a-regular-desde-la-alianza-europea-del-cannabis-medicinal\/","title":{"rendered":"Europarlamentario anima a regular desde la  Alianza Europea del Cannabis Medicinal"},"content":{"rendered":"\n<p>Benito D\u00edaz<\/p>\n\n\n\n<p>El pasado cuatro de febrero se celebr\u00f3 el D\u00eda Mundial del C\u00e1ncer. Coincidiendo con el evento, el eurodiputado malt\u00e9s \u00c1lex Agius Saliba dio a conocer una carta firmada por un grupo de pol\u00edticos que buscan una alianza cruzada entre partidos para alcanzar un marco regulativo sobre el cannabis terap\u00e9utico y un acuerdo legislativo por parte de todos los estados miembros.<\/p>\n\n\n\n<p>La carta, elaborada por el nuevo grupo <strong>\u201cAlianza Europea del Cannabis Medicinal\u201d (EAMC)<\/strong>, recoge propuestas tales como la reducci\u00f3n de precios de los medicamentos con Cannabis, mejorar el acceso de los pacientes a estas terapias y llama a realizar <em><span class=\"has-inline-color has-luminous-vivid-orange-color\">\u201cun esfuerzo por estandarizar la legislaci\u00f3n en todos los \u00e1mbitos ayudar\u00eda a su vez a abordar otros elementos que est\u00e1n relacionados entre s\u00ed con este tema\u201d<\/span><\/em>.<\/p>\n\n\n\n<p>El grupo cuenta con el apoyo de otros europarlamentarios, entre los que se encuentran el polaco Robert Biedron, el italiano Brando Benifel y la belga Mar\u00eda Arena.<\/p>\n\n\n\n<figure class=\"wp-block-image size-large\"><img loading=\"lazy\" decoding=\"async\" width=\"804\" height=\"532\" src=\"https:\/\/www.cannabis.es\/pw\/wp-content\/uploads\/2021\/03\/asociacion-europea-cannabis.jpg\" alt=\"\" class=\"wp-image-6858\" srcset=\"https:\/\/www.cannabis.es\/pw\/wp-content\/uploads\/2021\/03\/asociacion-europea-cannabis.jpg 804w, https:\/\/www.cannabis.es\/pw\/wp-content\/uploads\/2021\/03\/asociacion-europea-cannabis-300x199.jpg 300w, https:\/\/www.cannabis.es\/pw\/wp-content\/uploads\/2021\/03\/asociacion-europea-cannabis-768x508.jpg 768w, https:\/\/www.cannabis.es\/pw\/wp-content\/uploads\/2021\/03\/asociacion-europea-cannabis-600x397.jpg 600w\" sizes=\"auto, (max-width: 804px) 100vw, 804px\" \/><\/figure>\n\n\n\n<h2 class=\"wp-block-heading\"><strong>Carta y propuestas de la EAMC<\/strong><\/h2>\n\n\n\n<p>Las declaraciones de Agius Saliba en el Parlamento Europeo, denunciaban que las distintas legislaciones en pa\u00edses de la UE est\u00e1n provocando variaciones importantes en los precios de mercado y que algunos pa\u00edses se est\u00e1n volviendo susceptibles a agotar sus existencias de medicamentos.<span class=\"has-inline-color has-luminous-vivid-orange-color\"> <em>\u201cHoy, en el D\u00eda Mundial contra el C\u00e1ncer, lanzamos la Alianza para el Cannabis Medicinal. Una iniciativa que he estado coordinando durante los \u00faltimos meses con varios eurodiputados de diferentes grupos pol\u00edticos\u201d<\/em> enunci\u00f3 el europarlamentario. <em>\u201cLa Alianza se ocupar\u00e1 de los derechos de los pacientes, la armonizaci\u00f3n de la legislaci\u00f3n de la UE en lo que respecta al acceso al mercado y tambi\u00e9n la investigaci\u00f3n y la innovaci\u00f3n. Ya es hora de que demos acceso completo a los pacientes de cannabis medicinal que, mientras hablamos, todav\u00eda est\u00e1n siendo tratados como pacientes de segunda clase\u201d.<\/em><\/span><\/p>\n\n\n\n<p>El pol\u00edtico malt\u00e9s, destac\u00f3 que el documento invitaba a todos los eurodiputados a unirse a su causa, ya que el Cannabis Terap\u00e9utico <em><span class=\"has-inline-color has-luminous-vivid-orange-color\">\u201cse usa cada vez con m\u00e1s frecuencia para tratar a pacientes con diversas afecciones\u201d<\/span><\/em>, mientras se\u00f1alaba que cualquier progreso en la regulaci\u00f3n se est\u00e1 viendo afectado por las diferentes visiones al respecto de los 27 estados de la UE. <em><span class=\"has-inline-color has-luminous-vivid-orange-color\">\u201cEstas marcadas diferencias hacen que sea mucho m\u00e1s dif\u00edcil cooperar y avanzar juntos en beneficio de nuestros ciudadanos\u201d<\/span>,<\/em> asegur\u00f3.<\/p>\n\n\n\n<h2 class=\"wp-block-heading\"><strong>Marco Legal en la UE<\/strong><\/h2>\n\n\n\n<p>Las diversas interpretaciones de la legalidad en lo referente al Cannabis Terap\u00e9utico y su normalizaci\u00f3n, parecen ser uno de los puntos fuertes de la propuesta del grupo de Agius Saliba. <em><span class=\"has-inline-color has-luminous-vivid-orange-color\">\u201cEl marco de la UE sobre medicamentos, no impide que un producto a base de Cannabis reciba autorizaci\u00f3n para comercializarse como producto medicinal. Dichos productos se rigen por los mismos requisitos de datos que cualquier otro medicamento, con objeto de respaldar su <a href=\"https:\/\/www.cannabis.es\/pw\/2021\/03\/22\/carolina-darias-sanidad-sigue-la-investigacion-medica-del-cannabis-terapeutico\/\">calidad, seguridad y eficacia.<\/a> Sin embargo, en ausencia de solicitudes en la autorizaci\u00f3n de productos comerciales, los estados miembros deben otorgar acceso al Cannabis Medicinal a los pacientes designados, sobre la base de una receta m\u00e9dica. Esto puede implicar una gran variedad de obst\u00e1culos por parte de la Administraci\u00f3n\u201d<\/span>,<\/em> dijo Saliba, en referencia a la burocracia a la que muchos pacientes se deben enfrentar para obtener de forma legal su tratamiento.<\/p>\n\n\n\n<p>A su conclusi\u00f3n, reclam\u00f3 un di\u00e1logo m\u00e1s abierto con los <a href=\"https:\/\/www.cannabis.es\/pw\/2020\/11\/09\/colectivos-de-usuarios-terapeuticos-reclaman-una-legislacion-internacional\/\">pacientes de Cannabis Medicinal,<\/a> para establecer un sector sostenible y respetuoso con el medio ambiente en los estados miembros.<\/p>\n\n\n\n<figure class=\"wp-block-image size-large\"><img loading=\"lazy\" decoding=\"async\" width=\"959\" height=\"475\" src=\"https:\/\/www.cannabis.es\/pw\/wp-content\/uploads\/2020\/05\/nurse_mary_j.jpg\" alt=\"\" class=\"wp-image-3846\" srcset=\"https:\/\/www.cannabis.es\/pw\/wp-content\/uploads\/2020\/05\/nurse_mary_j.jpg 959w, https:\/\/www.cannabis.es\/pw\/wp-content\/uploads\/2020\/05\/nurse_mary_j-300x149.jpg 300w, https:\/\/www.cannabis.es\/pw\/wp-content\/uploads\/2020\/05\/nurse_mary_j-768x380.jpg 768w, https:\/\/www.cannabis.es\/pw\/wp-content\/uploads\/2020\/05\/nurse_mary_j-600x297.jpg 600w\" sizes=\"auto, (max-width: 959px) 100vw, 959px\" \/><\/figure>\n\n\n\n<h2 class=\"wp-block-heading\"><strong>Alianza Europea de Cannabis Medicinal<\/strong><\/h2>\n\n\n\n<p>El grupo ha desarrollado su actividad desde 2020, con aproximaciones entre los pol\u00edticos antes mencionados. Existe cierta confusi\u00f3n entre algunos actores de la escena internacional, llegando a encontrar mezclados los intereses de esta nueva agrupaci\u00f3n pol\u00edtica, con los del lobby europeo <em><span class=\"has-inline-color has-luminous-vivid-orange-color\">\u201cAsociaci\u00f3n Europea de Cannabis Medicinal\u201d<\/span><\/em>, un conglomerado de empresas farmac\u00e9uticas que tambi\u00e9n abogan por una regulaci\u00f3n del Cannabis Terap\u00e9utico, por motivos econ\u00f3micos.<\/p>\n\n\n\n<p>El desconcierto quiz\u00e1s tenga su origen en otra agrupaci\u00f3n lobista existente en la historia previa, que celebr\u00f3 un evento de networking aprovechando la <a href=\"https:\/\/www.cannabis.es\/pw\/2020\/02\/12\/cannabis-europa-intercambia-pero-no-trasciende\/\">coyuntura de Cannabis Europe<\/a>, un simposio celebrado en Madrid en 2020. La organizaci\u00f3n, llamada de la misma forma que la nueva, representaba los intereses de la industria cann\u00e1bica, al parecer, defendiendo los mismos valores de armonizaci\u00f3n de pol\u00edticas farmac\u00e9uticas a nivel europeo. Desde luego, los representantes de aquella, James O\u00b4Dowd y Helene Moore (CEO Aurora Francia) no aparecen entre los componentes p\u00fablicos de la EUMCA y menos todav\u00eda en los de la EAMC.<\/p>\n\n\n\n<p>En perspectiva, no quisi\u00e9ramos relacionar los medios cann\u00e1bicos en los que aparece esta mezcla, con casos de manipulaci\u00f3n medi\u00e1tica para favorecer a una uni\u00f3n de empresas multimillonarias. M\u00e1s bien, preferimos pensar en ello como parte de un error en la identificaci\u00f3n de ambas organizaciones, por otra parte, muy distintas en sus misiones, no tanto ya en sus reivindicaciones.<\/p>\n","protected":false},"excerpt":{"rendered":"<span class=\"span-reading-time rt-reading-time\" style=\"display: block;\"><span class=\"rt-label rt-prefix\">Tiempo de lectura:<\/span> <span class=\"rt-time\"> 3<\/span> <span class=\"rt-label rt-postfix\">minutos<\/span><\/span>Benito D\u00edaz El pasado cuatro de febrero se celebr\u00f3 el D\u00eda Mundial del C\u00e1ncer. Coincidiendo con el evento, el eurodiputado malt\u00e9s \u00c1lex Agius Saliba dio a conocer una carta firmada por un grupo de pol\u00edticos que buscan una alianza cruzada entre partidos para alcanzar un marco regulativo sobre el cannabis terap\u00e9utico y un acuerdo legislativo [&hellip;]","protected":false},"author":3,"featured_media":6858,"comment_status":"closed","ping_status":"closed","sticky":false,"template":"","format":"standard","meta":{"loftocean-featured-post":"","loftocean_post_format_gallery":"","loftocean_post_format_gallery_ids":"","loftocean_post_format_gallery_urls":"","loftocean_post_format_video_id":"","loftocean_post_format_video_url":"","loftocean_post_format_video_type":"","loftocean_post_format_video":"","loftocean_post_format_audio_type":"","loftocean_post_format_audio_url":"","loftocean_post_format_audio_id":"","loftocean_post_format_audio":"","loftocean_post_format_quote_text":"","loftocean_post_format_quote_byline":"","loftocean_post_format_link_text":"","loftocean_post_format_link_url":"","ceramag_post_header_style":"","ceramag_enable_background_video":"","ceramag_show_in_top_slider":"","ceramag_post_background_video_start":"","ceramag_post_background_video_end":"","loftocean_page_background_video_id":"","loftocean_page_background_video_url":"","loftocean_page_background_video_type":"","loftocean_page_background_video":"","ceramag_background_video_start":"","ceramag_background_video_end":"","ceramag_single_page_hide_header":"","footnotes":""},"categories":[35],"tags":[43,41,52,758],"class_list":["post-6856","post","type-post","status-publish","format-standard","has-post-thumbnail","hentry","category-politica-y-sociedad","tag-benito-diaz","tag-cannabis","tag-cannabis-medicinal","tag-europa"],"yoast_head":"<!-- This site is optimized with the Yoast SEO plugin v24.9 - https:\/\/yoast.com\/wordpress\/plugins\/seo\/ -->\n<title>Europarlamentario anima a regular desde la Alianza Europea del Cannabis Medicinal<\/title>\n<meta name=\"description\" content=\"Entrada &#8226; Portal multimedia sobre cannabis y otras sustancias &#8226; 25 marzo, 2021\" \/>\n<meta name=\"robots\" content=\"index, follow, max-snippet:-1, max-image-preview:large, max-video-preview:-1\" \/>\n<link rel=\"canonical\" href=\"https:\/\/www.cannabis.es\/pw\/2021\/03\/25\/europarlamentario-anima-a-regular-desde-la-alianza-europea-del-cannabis-medicinal\/\" \/>\n<meta name=\"twitter:card\" content=\"summary_large_image\" \/>\n<meta name=\"twitter:title\" content=\"Europarlamentario anima a regular desde la Alianza Europea del Cannabis Medicinal\" \/>\n<meta name=\"twitter:description\" content=\"Entrada &#8226; Portal multimedia sobre cannabis y otras sustancias &#8226; 25 marzo, 2021\" \/>\n<meta name=\"twitter:image\" content=\"https:\/\/www.cannabis.es\/pw\/wp-content\/uploads\/2021\/03\/asociacion-europea-cannabis.jpg\" \/>\n<meta name=\"twitter:creator\" content=\"@cannabis_es\" \/>\n<meta name=\"twitter:site\" content=\"@cannabis_es\" \/>\n<meta name=\"twitter:label1\" content=\"Escrito por\" \/>\n\t<meta name=\"twitter:data1\" content=\"Cannabis.es\" \/>\n\t<meta name=\"twitter:label2\" content=\"Tiempo de lectura\" \/>\n\t<meta name=\"twitter:data2\" content=\"4 minutos\" \/>\n<script type=\"application\/ld+json\" class=\"yoast-schema-graph\">{\"@context\":\"https:\/\/schema.org\",\"@graph\":[{\"@type\":\"Article\",\"@id\":\"https:\/\/www.cannabis.es\/pw\/2021\/03\/25\/europarlamentario-anima-a-regular-desde-la-alianza-europea-del-cannabis-medicinal\/#article\",\"isPartOf\":{\"@id\":\"https:\/\/www.cannabis.es\/pw\/2021\/03\/25\/europarlamentario-anima-a-regular-desde-la-alianza-europea-del-cannabis-medicinal\/\"},\"author\":{\"name\":\"Cannabis.es\",\"@id\":\"https:\/\/www.cannabis.es\/pw\/#\/schema\/person\/ec770c03f3e99d770687f537f4ba1e89\"},\"headline\":\"Europarlamentario anima a regular desde la Alianza Europea del Cannabis Medicinal\",\"datePublished\":\"2021-03-25T13:05:58+00:00\",\"dateModified\":\"2021-03-26T08:16:31+00:00\",\"mainEntityOfPage\":{\"@id\":\"https:\/\/www.cannabis.es\/pw\/2021\/03\/25\/europarlamentario-anima-a-regular-desde-la-alianza-europea-del-cannabis-medicinal\/\"},\"wordCount\":853,\"publisher\":{\"@id\":\"https:\/\/www.cannabis.es\/pw\/#organization\"},\"image\":{\"@id\":\"https:\/\/www.cannabis.es\/pw\/2021\/03\/25\/europarlamentario-anima-a-regular-desde-la-alianza-europea-del-cannabis-medicinal\/#primaryimage\"},\"thumbnailUrl\":\"https:\/\/www.cannabis.es\/pw\/wp-content\/uploads\/2021\/03\/asociacion-europea-cannabis.jpg\",\"keywords\":[\"Benito D\u00edaz\",\"cannabis\",\"cannabis medicinal\",\"Europa\"],\"articleSection\":[\"Pol\u00edtica y Sociedad\"],\"inLanguage\":\"es\"},{\"@type\":\"WebPage\",\"@id\":\"https:\/\/www.cannabis.es\/pw\/2021\/03\/25\/europarlamentario-anima-a-regular-desde-la-alianza-europea-del-cannabis-medicinal\/\",\"url\":\"https:\/\/www.cannabis.es\/pw\/2021\/03\/25\/europarlamentario-anima-a-regular-desde-la-alianza-europea-del-cannabis-medicinal\/\",\"name\":\"Europarlamentario anima a regular desde la Alianza Europea del Cannabis Medicinal\",\"isPartOf\":{\"@id\":\"https:\/\/www.cannabis.es\/pw\/#website\"},\"primaryImageOfPage\":{\"@id\":\"https:\/\/www.cannabis.es\/pw\/2021\/03\/25\/europarlamentario-anima-a-regular-desde-la-alianza-europea-del-cannabis-medicinal\/#primaryimage\"},\"image\":{\"@id\":\"https:\/\/www.cannabis.es\/pw\/2021\/03\/25\/europarlamentario-anima-a-regular-desde-la-alianza-europea-del-cannabis-medicinal\/#primaryimage\"},\"thumbnailUrl\":\"https:\/\/www.cannabis.es\/pw\/wp-content\/uploads\/2021\/03\/asociacion-europea-cannabis.jpg\",\"datePublished\":\"2021-03-25T13:05:58+00:00\",\"dateModified\":\"2021-03-26T08:16:31+00:00\",\"description\":\"Entrada &#8226; Portal multimedia sobre cannabis y otras sustancias &#8226; 25 marzo, 2021\",\"breadcrumb\":{\"@id\":\"https:\/\/www.cannabis.es\/pw\/2021\/03\/25\/europarlamentario-anima-a-regular-desde-la-alianza-europea-del-cannabis-medicinal\/#breadcrumb\"},\"inLanguage\":\"es\",\"potentialAction\":[{\"@type\":\"ReadAction\",\"target\":[\"https:\/\/www.cannabis.es\/pw\/2021\/03\/25\/europarlamentario-anima-a-regular-desde-la-alianza-europea-del-cannabis-medicinal\/\"]}]},{\"@type\":\"ImageObject\",\"inLanguage\":\"es\",\"@id\":\"https:\/\/www.cannabis.es\/pw\/2021\/03\/25\/europarlamentario-anima-a-regular-desde-la-alianza-europea-del-cannabis-medicinal\/#primaryimage\",\"url\":\"https:\/\/www.cannabis.es\/pw\/wp-content\/uploads\/2021\/03\/asociacion-europea-cannabis.jpg\",\"contentUrl\":\"https:\/\/www.cannabis.es\/pw\/wp-content\/uploads\/2021\/03\/asociacion-europea-cannabis.jpg\",\"width\":804,\"height\":532},{\"@type\":\"BreadcrumbList\",\"@id\":\"https:\/\/www.cannabis.es\/pw\/2021\/03\/25\/europarlamentario-anima-a-regular-desde-la-alianza-europea-del-cannabis-medicinal\/#breadcrumb\",\"itemListElement\":[{\"@type\":\"ListItem\",\"position\":1,\"name\":\"Portada\",\"item\":\"http:\/\/www.cannabis.es\/pw\/\"},{\"@type\":\"ListItem\",\"position\":2,\"name\":\"Europarlamentario anima a regular desde la Alianza Europea del Cannabis Medicinal\"}]},{\"@type\":\"WebSite\",\"@id\":\"https:\/\/www.cannabis.es\/pw\/#website\",\"url\":\"https:\/\/www.cannabis.es\/pw\/\",\"name\":\"Cannabis\",\"description\":\"Portal multimedia sobre cannabis y otras sustancias\",\"publisher\":{\"@id\":\"https:\/\/www.cannabis.es\/pw\/#organization\"},\"potentialAction\":[{\"@type\":\"SearchAction\",\"target\":{\"@type\":\"EntryPoint\",\"urlTemplate\":\"https:\/\/www.cannabis.es\/pw\/?s={search_term_string}\"},\"query-input\":{\"@type\":\"PropertyValueSpecification\",\"valueRequired\":true,\"valueName\":\"search_term_string\"}}],\"inLanguage\":\"es\"},{\"@type\":\"Organization\",\"@id\":\"https:\/\/www.cannabis.es\/pw\/#organization\",\"name\":\"Cannabis.es\",\"url\":\"https:\/\/www.cannabis.es\/pw\/\",\"logo\":{\"@type\":\"ImageObject\",\"inLanguage\":\"es\",\"@id\":\"https:\/\/www.cannabis.es\/pw\/#\/schema\/logo\/image\/\",\"url\":\"https:\/\/www.cannabis.es\/pw\/wp-content\/uploads\/2019\/04\/cropped-logo_cannabis.png\",\"contentUrl\":\"https:\/\/www.cannabis.es\/pw\/wp-content\/uploads\/2019\/04\/cropped-logo_cannabis.png\",\"width\":361,\"height\":120,\"caption\":\"Cannabis.es\"},\"image\":{\"@id\":\"https:\/\/www.cannabis.es\/pw\/#\/schema\/logo\/image\/\"},\"sameAs\":[\"https:\/\/x.com\/cannabis_es\"]},{\"@type\":\"Person\",\"@id\":\"https:\/\/www.cannabis.es\/pw\/#\/schema\/person\/ec770c03f3e99d770687f537f4ba1e89\",\"name\":\"Cannabis.es\",\"image\":{\"@type\":\"ImageObject\",\"inLanguage\":\"es\",\"@id\":\"https:\/\/www.cannabis.es\/pw\/#\/schema\/person\/image\/\",\"url\":\"https:\/\/secure.gravatar.com\/avatar\/810c93a3d6fadc3d9c2665b1d919a4aedea8ed4dd63689d001e985a804e90d83?s=96&d=mm&r=g\",\"contentUrl\":\"https:\/\/secure.gravatar.com\/avatar\/810c93a3d6fadc3d9c2665b1d919a4aedea8ed4dd63689d001e985a804e90d83?s=96&d=mm&r=g\",\"caption\":\"Cannabis.es\"},\"url\":\"https:\/\/www.cannabis.es\/pw\/author\/arnau\/\"}]}<\/script>\n<!-- \/ Yoast SEO plugin. -->","yoast_head_json":{"title":"Europarlamentario anima a regular desde la Alianza Europea del Cannabis Medicinal","description":"Entrada &#8226; Portal multimedia sobre cannabis y otras sustancias &#8226; 25 marzo, 2021","robots":{"index":"index","follow":"follow","max-snippet":"max-snippet:-1","max-image-preview":"max-image-preview:large","max-video-preview":"max-video-preview:-1"},"canonical":"https:\/\/www.cannabis.es\/pw\/2021\/03\/25\/europarlamentario-anima-a-regular-desde-la-alianza-europea-del-cannabis-medicinal\/","twitter_card":"summary_large_image","twitter_title":"Europarlamentario anima a regular desde la Alianza Europea del Cannabis Medicinal","twitter_description":"Entrada &#8226; Portal multimedia sobre cannabis y otras sustancias &#8226; 25 marzo, 2021","twitter_image":"https:\/\/www.cannabis.es\/pw\/wp-content\/uploads\/2021\/03\/asociacion-europea-cannabis.jpg","twitter_creator":"@cannabis_es","twitter_site":"@cannabis_es","twitter_misc":{"Escrito por":"Cannabis.es","Tiempo de lectura":"4 minutos"},"schema":{"@context":"https:\/\/schema.org","@graph":[{"@type":"Article","@id":"https:\/\/www.cannabis.es\/pw\/2021\/03\/25\/europarlamentario-anima-a-regular-desde-la-alianza-europea-del-cannabis-medicinal\/#article","isPartOf":{"@id":"https:\/\/www.cannabis.es\/pw\/2021\/03\/25\/europarlamentario-anima-a-regular-desde-la-alianza-europea-del-cannabis-medicinal\/"},"author":{"name":"Cannabis.es","@id":"https:\/\/www.cannabis.es\/pw\/#\/schema\/person\/ec770c03f3e99d770687f537f4ba1e89"},"headline":"Europarlamentario anima a regular desde la Alianza Europea del Cannabis Medicinal","datePublished":"2021-03-25T13:05:58+00:00","dateModified":"2021-03-26T08:16:31+00:00","mainEntityOfPage":{"@id":"https:\/\/www.cannabis.es\/pw\/2021\/03\/25\/europarlamentario-anima-a-regular-desde-la-alianza-europea-del-cannabis-medicinal\/"},"wordCount":853,"publisher":{"@id":"https:\/\/www.cannabis.es\/pw\/#organization"},"image":{"@id":"https:\/\/www.cannabis.es\/pw\/2021\/03\/25\/europarlamentario-anima-a-regular-desde-la-alianza-europea-del-cannabis-medicinal\/#primaryimage"},"thumbnailUrl":"https:\/\/www.cannabis.es\/pw\/wp-content\/uploads\/2021\/03\/asociacion-europea-cannabis.jpg","keywords":["Benito D\u00edaz","cannabis","cannabis medicinal","Europa"],"articleSection":["Pol\u00edtica y Sociedad"],"inLanguage":"es"},{"@type":"WebPage","@id":"https:\/\/www.cannabis.es\/pw\/2021\/03\/25\/europarlamentario-anima-a-regular-desde-la-alianza-europea-del-cannabis-medicinal\/","url":"https:\/\/www.cannabis.es\/pw\/2021\/03\/25\/europarlamentario-anima-a-regular-desde-la-alianza-europea-del-cannabis-medicinal\/","name":"Europarlamentario anima a regular desde la Alianza Europea del Cannabis Medicinal","isPartOf":{"@id":"https:\/\/www.cannabis.es\/pw\/#website"},"primaryImageOfPage":{"@id":"https:\/\/www.cannabis.es\/pw\/2021\/03\/25\/europarlamentario-anima-a-regular-desde-la-alianza-europea-del-cannabis-medicinal\/#primaryimage"},"image":{"@id":"https:\/\/www.cannabis.es\/pw\/2021\/03\/25\/europarlamentario-anima-a-regular-desde-la-alianza-europea-del-cannabis-medicinal\/#primaryimage"},"thumbnailUrl":"https:\/\/www.cannabis.es\/pw\/wp-content\/uploads\/2021\/03\/asociacion-europea-cannabis.jpg","datePublished":"2021-03-25T13:05:58+00:00","dateModified":"2021-03-26T08:16:31+00:00","description":"Entrada &#8226; Portal multimedia sobre cannabis y otras sustancias &#8226; 25 marzo, 2021","breadcrumb":{"@id":"https:\/\/www.cannabis.es\/pw\/2021\/03\/25\/europarlamentario-anima-a-regular-desde-la-alianza-europea-del-cannabis-medicinal\/#breadcrumb"},"inLanguage":"es","potentialAction":[{"@type":"ReadAction","target":["https:\/\/www.cannabis.es\/pw\/2021\/03\/25\/europarlamentario-anima-a-regular-desde-la-alianza-europea-del-cannabis-medicinal\/"]}]},{"@type":"ImageObject","inLanguage":"es","@id":"https:\/\/www.cannabis.es\/pw\/2021\/03\/25\/europarlamentario-anima-a-regular-desde-la-alianza-europea-del-cannabis-medicinal\/#primaryimage","url":"https:\/\/www.cannabis.es\/pw\/wp-content\/uploads\/2021\/03\/asociacion-europea-cannabis.jpg","contentUrl":"https:\/\/www.cannabis.es\/pw\/wp-content\/uploads\/2021\/03\/asociacion-europea-cannabis.jpg","width":804,"height":532},{"@type":"BreadcrumbList","@id":"https:\/\/www.cannabis.es\/pw\/2021\/03\/25\/europarlamentario-anima-a-regular-desde-la-alianza-europea-del-cannabis-medicinal\/#breadcrumb","itemListElement":[{"@type":"ListItem","position":1,"name":"Portada","item":"http:\/\/www.cannabis.es\/pw\/"},{"@type":"ListItem","position":2,"name":"Europarlamentario anima a regular desde la Alianza Europea del Cannabis Medicinal"}]},{"@type":"WebSite","@id":"https:\/\/www.cannabis.es\/pw\/#website","url":"https:\/\/www.cannabis.es\/pw\/","name":"Cannabis","description":"Portal multimedia sobre cannabis y otras sustancias","publisher":{"@id":"https:\/\/www.cannabis.es\/pw\/#organization"},"potentialAction":[{"@type":"SearchAction","target":{"@type":"EntryPoint","urlTemplate":"https:\/\/www.cannabis.es\/pw\/?s={search_term_string}"},"query-input":{"@type":"PropertyValueSpecification","valueRequired":true,"valueName":"search_term_string"}}],"inLanguage":"es"},{"@type":"Organization","@id":"https:\/\/www.cannabis.es\/pw\/#organization","name":"Cannabis.es","url":"https:\/\/www.cannabis.es\/pw\/","logo":{"@type":"ImageObject","inLanguage":"es","@id":"https:\/\/www.cannabis.es\/pw\/#\/schema\/logo\/image\/","url":"https:\/\/www.cannabis.es\/pw\/wp-content\/uploads\/2019\/04\/cropped-logo_cannabis.png","contentUrl":"https:\/\/www.cannabis.es\/pw\/wp-content\/uploads\/2019\/04\/cropped-logo_cannabis.png","width":361,"height":120,"caption":"Cannabis.es"},"image":{"@id":"https:\/\/www.cannabis.es\/pw\/#\/schema\/logo\/image\/"},"sameAs":["https:\/\/x.com\/cannabis_es"]},{"@type":"Person","@id":"https:\/\/www.cannabis.es\/pw\/#\/schema\/person\/ec770c03f3e99d770687f537f4ba1e89","name":"Cannabis.es","image":{"@type":"ImageObject","inLanguage":"es","@id":"https:\/\/www.cannabis.es\/pw\/#\/schema\/person\/image\/","url":"https:\/\/secure.gravatar.com\/avatar\/810c93a3d6fadc3d9c2665b1d919a4aedea8ed4dd63689d001e985a804e90d83?s=96&d=mm&r=g","contentUrl":"https:\/\/secure.gravatar.com\/avatar\/810c93a3d6fadc3d9c2665b1d919a4aedea8ed4dd63689d001e985a804e90d83?s=96&d=mm&r=g","caption":"Cannabis.es"},"url":"https:\/\/www.cannabis.es\/pw\/author\/arnau\/"}]}},"_links":{"self":[{"href":"https:\/\/www.cannabis.es\/pw\/wp-json\/wp\/v2\/posts\/6856","targetHints":{"allow":["GET"]}}],"collection":[{"href":"https:\/\/www.cannabis.es\/pw\/wp-json\/wp\/v2\/posts"}],"about":[{"href":"https:\/\/www.cannabis.es\/pw\/wp-json\/wp\/v2\/types\/post"}],"author":[{"embeddable":true,"href":"https:\/\/www.cannabis.es\/pw\/wp-json\/wp\/v2\/users\/3"}],"replies":[{"embeddable":true,"href":"https:\/\/www.cannabis.es\/pw\/wp-json\/wp\/v2\/comments?post=6856"}],"version-history":[{"count":2,"href":"https:\/\/www.cannabis.es\/pw\/wp-json\/wp\/v2\/posts\/6856\/revisions"}],"predecessor-version":[{"id":6860,"href":"https:\/\/www.cannabis.es\/pw\/wp-json\/wp\/v2\/posts\/6856\/revisions\/6860"}],"wp:featuredmedia":[{"embeddable":true,"href":"https:\/\/www.cannabis.es\/pw\/wp-json\/wp\/v2\/media\/6858"}],"wp:attachment":[{"href":"https:\/\/www.cannabis.es\/pw\/wp-json\/wp\/v2\/media?parent=6856"}],"wp:term":[{"taxonomy":"category","embeddable":true,"href":"https:\/\/www.cannabis.es\/pw\/wp-json\/wp\/v2\/categories?post=6856"},{"taxonomy":"post_tag","embeddable":true,"href":"https:\/\/www.cannabis.es\/pw\/wp-json\/wp\/v2\/tags?post=6856"}],"curies":[{"name":"wp","href":"https:\/\/api.w.org\/{rel}","templated":true}]}}