{"id":6868,"date":"2021-03-29T11:23:51","date_gmt":"2021-03-29T09:23:51","guid":{"rendered":"https:\/\/www.cannabis.es\/pw\/?p=6868"},"modified":"2021-03-29T12:43:32","modified_gmt":"2021-03-29T10:43:32","slug":"spannabis-2021-edicion-virtual","status":"publish","type":"post","link":"https:\/\/www.cannabis.es\/pw\/2021\/03\/29\/spannabis-2021-edicion-virtual\/","title":{"rendered":"Spannabis 2021 Edici\u00f3n Virtual"},"content":{"rendered":"\n<p>Benito D\u00edaz<\/p>\n\n\n\n<p>Este 26 de marzo a mediod\u00eda, daba comienzo la feria Spannabis. Adapt\u00e1ndose a las circunstancias, este 2021 se celebra de forma virtual. Las principales marcas del sector, se dieron cita para dar a conocer sus productos, habiendo lugar para las conferencias especializadas, la oportunidad de ampliar contactos comerciales y la m\u00fasica, como la organizaci\u00f3n acostumbra a ofrecer. El evento se alargar\u00eda hasta el 27 de Marzo.<\/p>\n\n\n\n<p>La situaci\u00f3n de Pandemia, ha impedido y suspendido muchos eventos desde el a\u00f1o pasado. Sin embargo, <a href=\"https:\/\/www.cannabis.es\/pw\/2017\/10\/16\/la-casa-de-campo-acoge-por-primera-vez-el-evento-cannabico-en-la-capital\/\">Spannabis ha sabido reconfigurarse<\/a> para reunir a las marcas m\u00e1s importantes, como son bancos de semillas, hidrop\u00f3nicos y sistemas de riego, abonos y nutrientes, vaporizadores, m\u00e1quinas industriales, parafernalia y revistas y prensa especializada del sector de al menos ocho nacionalidades.<\/p>\n\n\n\n<figure class=\"wp-block-image size-large\"><img loading=\"lazy\" decoding=\"async\" width=\"1024\" height=\"472\" src=\"https:\/\/www.cannabis.es\/pw\/wp-content\/uploads\/2021\/03\/Captura4-1024x472.jpg\" alt=\"\" class=\"wp-image-6874\" srcset=\"https:\/\/www.cannabis.es\/pw\/wp-content\/uploads\/2021\/03\/Captura4-1024x472.jpg 1024w, https:\/\/www.cannabis.es\/pw\/wp-content\/uploads\/2021\/03\/Captura4-300x138.jpg 300w, https:\/\/www.cannabis.es\/pw\/wp-content\/uploads\/2021\/03\/Captura4-768x354.jpg 768w, https:\/\/www.cannabis.es\/pw\/wp-content\/uploads\/2021\/03\/Captura4-1536x707.jpg 1536w, https:\/\/www.cannabis.es\/pw\/wp-content\/uploads\/2021\/03\/Captura4-1200x553.jpg 1200w, https:\/\/www.cannabis.es\/pw\/wp-content\/uploads\/2021\/03\/Captura4-600x276.jpg 600w, https:\/\/www.cannabis.es\/pw\/wp-content\/uploads\/2021\/03\/Captura4.jpg 1672w\" sizes=\"auto, (max-width: 1024px) 100vw, 1024px\" \/><\/figure>\n\n\n\n<h2 class=\"wp-block-heading\"><strong>Entorno Virtual<\/strong><\/h2>\n\n\n\n<p>El acceso daba lugar a una p\u00e1gina desarrollada para eventos online. El desplegable mostraba distintas salas, tales como el \u00e1rea de expositores, el sal\u00f3n de conferencias, la zona de conciertos y de networking, una suerte de chat para establecer comunicaci\u00f3n con los agentes de las marcas. En otros sitios, encontr\u00e1bamos el listado de expositores y el acceso a un n\u00famero especial de la revista Cannabis Magazine, en este caso, una revista online.<\/p>\n\n\n\n<p>La entrada al \u00e1rea de expositores fue intuitiva y sencilla, pudiendo navegar siguiendo una l\u00ednea externa entre cinco estancias en las que estaban divididos los stands de las marcas. \u00c9stos, pod\u00edan ser dobles o sencillos, incluso de dos pisos, abarcando los 179 expositores, adem\u00e1s de los sitios destinados a la prensa especializada, el activismo de la mano de CONFAC o la promoci\u00f3n del <a href=\"https:\/\/www.cannabis.es\/pw\/2021\/03\/08\/documental-cannabicas-la-revolucion-cannabica-es-feminista-porque-venimos-a-cambiarlo-todo\/\">documental Cann\u00e1bicas<\/a>, que tambi\u00e9n se proyectar\u00eda en la sala de conferencias. En estas casetas, pod\u00edan apreciarse fotograf\u00edas de los productos, que enlazaban a las p\u00e1ginas web de los bancos de semillas, etc, o a presentaciones en videos de Youtube o Vimeo. Tambi\u00e9n contaban con asistencia a distancia, representados por maniqu\u00eds, los cuales, al pincharlos, trasladaban al visitante hasta un chat de Whatsapp en el que se podr\u00eda hablar con un agente real.<\/p>\n\n\n\n<figure class=\"wp-block-image size-large\"><img loading=\"lazy\" decoding=\"async\" width=\"1024\" height=\"516\" src=\"https:\/\/www.cannabis.es\/pw\/wp-content\/uploads\/2021\/03\/Captura1-1024x516.jpg\" alt=\"\" class=\"wp-image-6870\" srcset=\"https:\/\/www.cannabis.es\/pw\/wp-content\/uploads\/2021\/03\/Captura1-1024x516.jpg 1024w, https:\/\/www.cannabis.es\/pw\/wp-content\/uploads\/2021\/03\/Captura1-300x151.jpg 300w, https:\/\/www.cannabis.es\/pw\/wp-content\/uploads\/2021\/03\/Captura1-768x387.jpg 768w, https:\/\/www.cannabis.es\/pw\/wp-content\/uploads\/2021\/03\/Captura1-1536x774.jpg 1536w, https:\/\/www.cannabis.es\/pw\/wp-content\/uploads\/2021\/03\/Captura1-1200x604.jpg 1200w, https:\/\/www.cannabis.es\/pw\/wp-content\/uploads\/2021\/03\/Captura1-600x302.jpg 600w, https:\/\/www.cannabis.es\/pw\/wp-content\/uploads\/2021\/03\/Captura1.jpg 1884w\" sizes=\"auto, (max-width: 1024px) 100vw, 1024px\" \/><\/figure>\n\n\n\n<h2 class=\"wp-block-heading\"><strong>Conferencias<\/strong><\/h2>\n\n\n\n<p>Las charlas dieron comienzo con Patty Amiguet y Jos\u00e9 Afuera, representantes de CONFAC, cuya intervenci\u00f3n se titul\u00f3 \u201cFotograf\u00eda de la Cannabis en el Estado espa\u00f1ol y el papel de las Asociaciones Cann\u00e1bicas\u201d. Tras ellos, Ana Afuera de ENCOD, disertar\u00eda sobre los avances de pol\u00edticas de drogas en Europa.<\/p>\n\n\n\n<p>Por desgracia, aunque pudimos saber que se celebrar\u00edan simposios hasta las 19:30 de la tarde, el cartel no especificaba qui\u00e9nes interven\u00edan en las reuniones. Aun as\u00ed, supimos que el d\u00eda 27 se podr\u00eda asistir a \u201c\u00bfHasta Cu\u00e1ndo? No m\u00e1s presos por Marihuana\u201d a las 13:30 o <a href=\"https:\/\/www.youtube.com\/watch?v=czZfbyPoJVc\">ver el documental \u201cCann\u00e1bicas\u201d a<\/a> las 20:00, adem\u00e1s de ver y escuchar las opiniones de las personas organizadoras de \u201cPuff puff pass!\u201d, una muestra de comic cann\u00e1bico de parte del Hemp Museum de Barcelona.<\/p>\n\n\n\n<figure class=\"wp-block-image size-large\"><img loading=\"lazy\" decoding=\"async\" width=\"508\" height=\"808\" src=\"https:\/\/www.cannabis.es\/pw\/wp-content\/uploads\/2021\/03\/conferencias-1.jpg\" alt=\"\" class=\"wp-image-6869\" srcset=\"https:\/\/www.cannabis.es\/pw\/wp-content\/uploads\/2021\/03\/conferencias-1.jpg 508w, https:\/\/www.cannabis.es\/pw\/wp-content\/uploads\/2021\/03\/conferencias-1-189x300.jpg 189w\" sizes=\"auto, (max-width: 508px) 100vw, 508px\" \/><\/figure>\n\n\n\n<h2 class=\"wp-block-heading\"><strong>Opiniones<\/strong><\/h2>\n\n\n\n<p>Las voces de las personas en las casetas, fue lo m\u00e1s dif\u00edcil de escuchar en esta edici\u00f3n. <em>\u201cAcabamos de empezar y ya estamos recibiendo muchos mensajes. Parece que el evento ha comenzado con mucha actividad\u201d<\/em> coment\u00f3 Manuel, como portavoz de la organizaci\u00f3n de Spannabis.<\/p>\n\n\n\n<p>\u201c<em>Lo nuevo est\u00e1 siempre lleno de oportunidades\u201d<\/em> dec\u00eda Neus, representante de la Revista C\u00e1\u00f1amo, al ser preguntada por su opini\u00f3n al respecto del nuevo formato de la feria. <em>\u201cNo s\u00e9 qu\u00e9 previsi\u00f3n habr\u00e1 por parte de la organizaci\u00f3n de Spannabis, pero personalmente, <a href=\"https:\/\/www.cannabis.es\/pw\/2020\/03\/11\/spannabis-se-suspende-por-coronavirus-a-dos-dias-del-inicio\/\">salvar la situaci\u00f3n pand\u00e9mica con un abordaje virtual<\/a> parece bastante acertado\u201d<\/em> coment\u00f3 al respecto de la previsi\u00f3n de p\u00fablico.<\/p>\n\n\n\n<p>La inexistencia de contacto f\u00edsico directo, dificult\u00f3 mucho el poder hablar con los agentes. Algunas personas, comentaban la lentitud con la que se atend\u00edan las peticiones desde los mensajes del chat.<em> \u201cVamos un poco locos con el formato de la feria\u201d <\/em>explic\u00f3 uno de los expositores. <em>\u201cNo atienden a nadie, y eso que es primera hora y no hay casi gente. Aparte, he debido dar solo con gente que no habla espa\u00f1ol\u201d<\/em> se quej\u00f3 un visitante. Falta de respuestas, trato rudo, incapacidad para comunicarse por el chat, son algunas de las fallas a tener en cuenta para la siguiente edici\u00f3n.<\/p>\n\n\n\n<figure class=\"wp-block-image size-large\"><img loading=\"lazy\" decoding=\"async\" width=\"1024\" height=\"499\" src=\"https:\/\/www.cannabis.es\/pw\/wp-content\/uploads\/2021\/03\/Captura2-1024x499.jpg\" alt=\"\" class=\"wp-image-6871\" srcset=\"https:\/\/www.cannabis.es\/pw\/wp-content\/uploads\/2021\/03\/Captura2-1024x499.jpg 1024w, https:\/\/www.cannabis.es\/pw\/wp-content\/uploads\/2021\/03\/Captura2-300x146.jpg 300w, https:\/\/www.cannabis.es\/pw\/wp-content\/uploads\/2021\/03\/Captura2-768x375.jpg 768w, https:\/\/www.cannabis.es\/pw\/wp-content\/uploads\/2021\/03\/Captura2-1536x749.jpg 1536w, https:\/\/www.cannabis.es\/pw\/wp-content\/uploads\/2021\/03\/Captura2-1200x585.jpg 1200w, https:\/\/www.cannabis.es\/pw\/wp-content\/uploads\/2021\/03\/Captura2-600x293.jpg 600w, https:\/\/www.cannabis.es\/pw\/wp-content\/uploads\/2021\/03\/Captura2.jpg 1743w\" sizes=\"auto, (max-width: 1024px) 100vw, 1024px\" \/><\/figure>\n\n\n\n<figure class=\"wp-block-image size-large\"><img loading=\"lazy\" decoding=\"async\" width=\"1024\" height=\"502\" src=\"https:\/\/www.cannabis.es\/pw\/wp-content\/uploads\/2021\/03\/Captura3-1024x502.jpg\" alt=\"\" class=\"wp-image-6872\" srcset=\"https:\/\/www.cannabis.es\/pw\/wp-content\/uploads\/2021\/03\/Captura3-1024x502.jpg 1024w, https:\/\/www.cannabis.es\/pw\/wp-content\/uploads\/2021\/03\/Captura3-300x147.jpg 300w, https:\/\/www.cannabis.es\/pw\/wp-content\/uploads\/2021\/03\/Captura3-768x377.jpg 768w, https:\/\/www.cannabis.es\/pw\/wp-content\/uploads\/2021\/03\/Captura3-1536x753.jpg 1536w, https:\/\/www.cannabis.es\/pw\/wp-content\/uploads\/2021\/03\/Captura3-1200x588.jpg 1200w, https:\/\/www.cannabis.es\/pw\/wp-content\/uploads\/2021\/03\/Captura3-600x294.jpg 600w, https:\/\/www.cannabis.es\/pw\/wp-content\/uploads\/2021\/03\/Captura3.jpg 1719w\" sizes=\"auto, (max-width: 1024px) 100vw, 1024px\" \/><\/figure>\n\n\n\n<figure class=\"wp-block-image size-large\"><img decoding=\"async\" src=\"https:\/\/www.cannabis.es\/pw\/wp-content\/uploads\/2021\/03\/Captura5-1024x440.jpg\" alt=\"\" class=\"wp-image-6875\"\/><\/figure>\n\n\n\n\n","protected":false},"excerpt":{"rendered":"<span class=\"span-reading-time rt-reading-time\" style=\"display: block;\"><span class=\"rt-label rt-prefix\">Tiempo de lectura:<\/span> <span class=\"rt-time\"> 3<\/span> <span class=\"rt-label rt-postfix\">minutos<\/span><\/span>Benito D\u00edaz Este 26 de marzo a mediod\u00eda, daba comienzo la feria Spannabis. Adapt\u00e1ndose a las circunstancias, este 2021 se celebra de forma virtual. Las principales marcas del sector, se dieron cita para dar a conocer sus productos, habiendo lugar para las conferencias especializadas, la oportunidad de ampliar contactos comerciales y la m\u00fasica, como la [&hellip;]","protected":false},"author":3,"featured_media":6877,"comment_status":"closed","ping_status":"closed","sticky":false,"template":"","format":"standard","meta":{"loftocean-featured-post":"","loftocean_post_format_gallery":"","loftocean_post_format_gallery_ids":"","loftocean_post_format_gallery_urls":"","loftocean_post_format_video_id":"","loftocean_post_format_video_url":"","loftocean_post_format_video_type":"","loftocean_post_format_video":"","loftocean_post_format_audio_type":"","loftocean_post_format_audio_url":"","loftocean_post_format_audio_id":"","loftocean_post_format_audio":"","loftocean_post_format_quote_text":"","loftocean_post_format_quote_byline":"","loftocean_post_format_link_text":"","loftocean_post_format_link_url":"","ceramag_post_header_style":"","ceramag_enable_background_video":"","ceramag_show_in_top_slider":"","ceramag_post_background_video_start":"","ceramag_post_background_video_end":"","loftocean_page_background_video_id":"","loftocean_page_background_video_url":"","loftocean_page_background_video_type":"","loftocean_page_background_video":"","ceramag_background_video_start":"","ceramag_background_video_end":"","ceramag_single_page_hide_header":"","footnotes":""},"categories":[35],"tags":[43,515],"class_list":["post-6868","post","type-post","status-publish","format-standard","has-post-thumbnail","hentry","category-politica-y-sociedad","tag-benito-diaz","tag-spannabis"],"yoast_head":"<!-- This site is optimized with the Yoast SEO plugin v24.9 - https:\/\/yoast.com\/wordpress\/plugins\/seo\/ -->\n<title>Spannabis 2021 Edici\u00f3n Virtual<\/title>\n<meta name=\"description\" content=\"Entrada &#8226; Portal multimedia sobre cannabis y otras sustancias &#8226; 29 marzo, 2021\" \/>\n<meta name=\"robots\" content=\"index, follow, max-snippet:-1, max-image-preview:large, max-video-preview:-1\" \/>\n<link rel=\"canonical\" href=\"https:\/\/www.cannabis.es\/pw\/2021\/03\/29\/spannabis-2021-edicion-virtual\/\" \/>\n<meta name=\"twitter:card\" content=\"summary_large_image\" \/>\n<meta name=\"twitter:title\" content=\"Spannabis 2021 Edici\u00f3n Virtual\" \/>\n<meta name=\"twitter:description\" content=\"Entrada &#8226; Portal multimedia sobre cannabis y otras sustancias &#8226; 29 marzo, 2021\" \/>\n<meta name=\"twitter:image\" content=\"https:\/\/www.cannabis.es\/pw\/wp-content\/uploads\/2021\/03\/spannabis-virtual.jpg\" \/>\n<meta name=\"twitter:creator\" content=\"@cannabis_es\" \/>\n<meta name=\"twitter:site\" content=\"@cannabis_es\" \/>\n<meta name=\"twitter:label1\" content=\"Escrito por\" \/>\n\t<meta name=\"twitter:data1\" content=\"Cannabis.es\" \/>\n\t<meta name=\"twitter:label2\" content=\"Tiempo de lectura\" \/>\n\t<meta name=\"twitter:data2\" content=\"5 minutos\" \/>\n<script type=\"application\/ld+json\" class=\"yoast-schema-graph\">{\"@context\":\"https:\/\/schema.org\",\"@graph\":[{\"@type\":\"Article\",\"@id\":\"https:\/\/www.cannabis.es\/pw\/2021\/03\/29\/spannabis-2021-edicion-virtual\/#article\",\"isPartOf\":{\"@id\":\"https:\/\/www.cannabis.es\/pw\/2021\/03\/29\/spannabis-2021-edicion-virtual\/\"},\"author\":{\"name\":\"Cannabis.es\",\"@id\":\"https:\/\/www.cannabis.es\/pw\/#\/schema\/person\/ec770c03f3e99d770687f537f4ba1e89\"},\"headline\":\"Spannabis 2021 Edici\u00f3n Virtual\",\"datePublished\":\"2021-03-29T09:23:51+00:00\",\"dateModified\":\"2021-03-29T10:43:32+00:00\",\"mainEntityOfPage\":{\"@id\":\"https:\/\/www.cannabis.es\/pw\/2021\/03\/29\/spannabis-2021-edicion-virtual\/\"},\"wordCount\":726,\"publisher\":{\"@id\":\"https:\/\/www.cannabis.es\/pw\/#organization\"},\"image\":{\"@id\":\"https:\/\/www.cannabis.es\/pw\/2021\/03\/29\/spannabis-2021-edicion-virtual\/#primaryimage\"},\"thumbnailUrl\":\"https:\/\/www.cannabis.es\/pw\/wp-content\/uploads\/2021\/03\/spannabis-virtual.jpg\",\"keywords\":[\"Benito D\u00edaz\",\"Spannabis\"],\"articleSection\":[\"Pol\u00edtica y Sociedad\"],\"inLanguage\":\"es\"},{\"@type\":\"WebPage\",\"@id\":\"https:\/\/www.cannabis.es\/pw\/2021\/03\/29\/spannabis-2021-edicion-virtual\/\",\"url\":\"https:\/\/www.cannabis.es\/pw\/2021\/03\/29\/spannabis-2021-edicion-virtual\/\",\"name\":\"Spannabis 2021 Edici\u00f3n Virtual\",\"isPartOf\":{\"@id\":\"https:\/\/www.cannabis.es\/pw\/#website\"},\"primaryImageOfPage\":{\"@id\":\"https:\/\/www.cannabis.es\/pw\/2021\/03\/29\/spannabis-2021-edicion-virtual\/#primaryimage\"},\"image\":{\"@id\":\"https:\/\/www.cannabis.es\/pw\/2021\/03\/29\/spannabis-2021-edicion-virtual\/#primaryimage\"},\"thumbnailUrl\":\"https:\/\/www.cannabis.es\/pw\/wp-content\/uploads\/2021\/03\/spannabis-virtual.jpg\",\"datePublished\":\"2021-03-29T09:23:51+00:00\",\"dateModified\":\"2021-03-29T10:43:32+00:00\",\"description\":\"Entrada &#8226; Portal multimedia sobre cannabis y otras sustancias &#8226; 29 marzo, 2021\",\"breadcrumb\":{\"@id\":\"https:\/\/www.cannabis.es\/pw\/2021\/03\/29\/spannabis-2021-edicion-virtual\/#breadcrumb\"},\"inLanguage\":\"es\",\"potentialAction\":[{\"@type\":\"ReadAction\",\"target\":[\"https:\/\/www.cannabis.es\/pw\/2021\/03\/29\/spannabis-2021-edicion-virtual\/\"]}]},{\"@type\":\"ImageObject\",\"inLanguage\":\"es\",\"@id\":\"https:\/\/www.cannabis.es\/pw\/2021\/03\/29\/spannabis-2021-edicion-virtual\/#primaryimage\",\"url\":\"https:\/\/www.cannabis.es\/pw\/wp-content\/uploads\/2021\/03\/spannabis-virtual.jpg\",\"contentUrl\":\"https:\/\/www.cannabis.es\/pw\/wp-content\/uploads\/2021\/03\/spannabis-virtual.jpg\",\"width\":804,\"height\":532},{\"@type\":\"BreadcrumbList\",\"@id\":\"https:\/\/www.cannabis.es\/pw\/2021\/03\/29\/spannabis-2021-edicion-virtual\/#breadcrumb\",\"itemListElement\":[{\"@type\":\"ListItem\",\"position\":1,\"name\":\"Portada\",\"item\":\"http:\/\/www.cannabis.es\/pw\/\"},{\"@type\":\"ListItem\",\"position\":2,\"name\":\"Spannabis 2021 Edici\u00f3n Virtual\"}]},{\"@type\":\"WebSite\",\"@id\":\"https:\/\/www.cannabis.es\/pw\/#website\",\"url\":\"https:\/\/www.cannabis.es\/pw\/\",\"name\":\"Cannabis\",\"description\":\"Portal multimedia sobre cannabis y otras sustancias\",\"publisher\":{\"@id\":\"https:\/\/www.cannabis.es\/pw\/#organization\"},\"potentialAction\":[{\"@type\":\"SearchAction\",\"target\":{\"@type\":\"EntryPoint\",\"urlTemplate\":\"https:\/\/www.cannabis.es\/pw\/?s={search_term_string}\"},\"query-input\":{\"@type\":\"PropertyValueSpecification\",\"valueRequired\":true,\"valueName\":\"search_term_string\"}}],\"inLanguage\":\"es\"},{\"@type\":\"Organization\",\"@id\":\"https:\/\/www.cannabis.es\/pw\/#organization\",\"name\":\"Cannabis.es\",\"url\":\"https:\/\/www.cannabis.es\/pw\/\",\"logo\":{\"@type\":\"ImageObject\",\"inLanguage\":\"es\",\"@id\":\"https:\/\/www.cannabis.es\/pw\/#\/schema\/logo\/image\/\",\"url\":\"https:\/\/www.cannabis.es\/pw\/wp-content\/uploads\/2019\/04\/cropped-logo_cannabis.png\",\"contentUrl\":\"https:\/\/www.cannabis.es\/pw\/wp-content\/uploads\/2019\/04\/cropped-logo_cannabis.png\",\"width\":361,\"height\":120,\"caption\":\"Cannabis.es\"},\"image\":{\"@id\":\"https:\/\/www.cannabis.es\/pw\/#\/schema\/logo\/image\/\"},\"sameAs\":[\"https:\/\/x.com\/cannabis_es\"]},{\"@type\":\"Person\",\"@id\":\"https:\/\/www.cannabis.es\/pw\/#\/schema\/person\/ec770c03f3e99d770687f537f4ba1e89\",\"name\":\"Cannabis.es\",\"image\":{\"@type\":\"ImageObject\",\"inLanguage\":\"es\",\"@id\":\"https:\/\/www.cannabis.es\/pw\/#\/schema\/person\/image\/\",\"url\":\"https:\/\/secure.gravatar.com\/avatar\/810c93a3d6fadc3d9c2665b1d919a4aedea8ed4dd63689d001e985a804e90d83?s=96&d=mm&r=g\",\"contentUrl\":\"https:\/\/secure.gravatar.com\/avatar\/810c93a3d6fadc3d9c2665b1d919a4aedea8ed4dd63689d001e985a804e90d83?s=96&d=mm&r=g\",\"caption\":\"Cannabis.es\"},\"url\":\"https:\/\/www.cannabis.es\/pw\/author\/arnau\/\"}]}<\/script>\n<!-- \/ Yoast SEO plugin. -->","yoast_head_json":{"title":"Spannabis 2021 Edici\u00f3n Virtual","description":"Entrada &#8226; Portal multimedia sobre cannabis y otras sustancias &#8226; 29 marzo, 2021","robots":{"index":"index","follow":"follow","max-snippet":"max-snippet:-1","max-image-preview":"max-image-preview:large","max-video-preview":"max-video-preview:-1"},"canonical":"https:\/\/www.cannabis.es\/pw\/2021\/03\/29\/spannabis-2021-edicion-virtual\/","twitter_card":"summary_large_image","twitter_title":"Spannabis 2021 Edici\u00f3n Virtual","twitter_description":"Entrada &#8226; Portal multimedia sobre cannabis y otras sustancias &#8226; 29 marzo, 2021","twitter_image":"https:\/\/www.cannabis.es\/pw\/wp-content\/uploads\/2021\/03\/spannabis-virtual.jpg","twitter_creator":"@cannabis_es","twitter_site":"@cannabis_es","twitter_misc":{"Escrito por":"Cannabis.es","Tiempo de lectura":"5 minutos"},"schema":{"@context":"https:\/\/schema.org","@graph":[{"@type":"Article","@id":"https:\/\/www.cannabis.es\/pw\/2021\/03\/29\/spannabis-2021-edicion-virtual\/#article","isPartOf":{"@id":"https:\/\/www.cannabis.es\/pw\/2021\/03\/29\/spannabis-2021-edicion-virtual\/"},"author":{"name":"Cannabis.es","@id":"https:\/\/www.cannabis.es\/pw\/#\/schema\/person\/ec770c03f3e99d770687f537f4ba1e89"},"headline":"Spannabis 2021 Edici\u00f3n Virtual","datePublished":"2021-03-29T09:23:51+00:00","dateModified":"2021-03-29T10:43:32+00:00","mainEntityOfPage":{"@id":"https:\/\/www.cannabis.es\/pw\/2021\/03\/29\/spannabis-2021-edicion-virtual\/"},"wordCount":726,"publisher":{"@id":"https:\/\/www.cannabis.es\/pw\/#organization"},"image":{"@id":"https:\/\/www.cannabis.es\/pw\/2021\/03\/29\/spannabis-2021-edicion-virtual\/#primaryimage"},"thumbnailUrl":"https:\/\/www.cannabis.es\/pw\/wp-content\/uploads\/2021\/03\/spannabis-virtual.jpg","keywords":["Benito D\u00edaz","Spannabis"],"articleSection":["Pol\u00edtica y Sociedad"],"inLanguage":"es"},{"@type":"WebPage","@id":"https:\/\/www.cannabis.es\/pw\/2021\/03\/29\/spannabis-2021-edicion-virtual\/","url":"https:\/\/www.cannabis.es\/pw\/2021\/03\/29\/spannabis-2021-edicion-virtual\/","name":"Spannabis 2021 Edici\u00f3n Virtual","isPartOf":{"@id":"https:\/\/www.cannabis.es\/pw\/#website"},"primaryImageOfPage":{"@id":"https:\/\/www.cannabis.es\/pw\/2021\/03\/29\/spannabis-2021-edicion-virtual\/#primaryimage"},"image":{"@id":"https:\/\/www.cannabis.es\/pw\/2021\/03\/29\/spannabis-2021-edicion-virtual\/#primaryimage"},"thumbnailUrl":"https:\/\/www.cannabis.es\/pw\/wp-content\/uploads\/2021\/03\/spannabis-virtual.jpg","datePublished":"2021-03-29T09:23:51+00:00","dateModified":"2021-03-29T10:43:32+00:00","description":"Entrada &#8226; Portal multimedia sobre cannabis y otras sustancias &#8226; 29 marzo, 2021","breadcrumb":{"@id":"https:\/\/www.cannabis.es\/pw\/2021\/03\/29\/spannabis-2021-edicion-virtual\/#breadcrumb"},"inLanguage":"es","potentialAction":[{"@type":"ReadAction","target":["https:\/\/www.cannabis.es\/pw\/2021\/03\/29\/spannabis-2021-edicion-virtual\/"]}]},{"@type":"ImageObject","inLanguage":"es","@id":"https:\/\/www.cannabis.es\/pw\/2021\/03\/29\/spannabis-2021-edicion-virtual\/#primaryimage","url":"https:\/\/www.cannabis.es\/pw\/wp-content\/uploads\/2021\/03\/spannabis-virtual.jpg","contentUrl":"https:\/\/www.cannabis.es\/pw\/wp-content\/uploads\/2021\/03\/spannabis-virtual.jpg","width":804,"height":532},{"@type":"BreadcrumbList","@id":"https:\/\/www.cannabis.es\/pw\/2021\/03\/29\/spannabis-2021-edicion-virtual\/#breadcrumb","itemListElement":[{"@type":"ListItem","position":1,"name":"Portada","item":"http:\/\/www.cannabis.es\/pw\/"},{"@type":"ListItem","position":2,"name":"Spannabis 2021 Edici\u00f3n Virtual"}]},{"@type":"WebSite","@id":"https:\/\/www.cannabis.es\/pw\/#website","url":"https:\/\/www.cannabis.es\/pw\/","name":"Cannabis","description":"Portal multimedia sobre cannabis y otras sustancias","publisher":{"@id":"https:\/\/www.cannabis.es\/pw\/#organization"},"potentialAction":[{"@type":"SearchAction","target":{"@type":"EntryPoint","urlTemplate":"https:\/\/www.cannabis.es\/pw\/?s={search_term_string}"},"query-input":{"@type":"PropertyValueSpecification","valueRequired":true,"valueName":"search_term_string"}}],"inLanguage":"es"},{"@type":"Organization","@id":"https:\/\/www.cannabis.es\/pw\/#organization","name":"Cannabis.es","url":"https:\/\/www.cannabis.es\/pw\/","logo":{"@type":"ImageObject","inLanguage":"es","@id":"https:\/\/www.cannabis.es\/pw\/#\/schema\/logo\/image\/","url":"https:\/\/www.cannabis.es\/pw\/wp-content\/uploads\/2019\/04\/cropped-logo_cannabis.png","contentUrl":"https:\/\/www.cannabis.es\/pw\/wp-content\/uploads\/2019\/04\/cropped-logo_cannabis.png","width":361,"height":120,"caption":"Cannabis.es"},"image":{"@id":"https:\/\/www.cannabis.es\/pw\/#\/schema\/logo\/image\/"},"sameAs":["https:\/\/x.com\/cannabis_es"]},{"@type":"Person","@id":"https:\/\/www.cannabis.es\/pw\/#\/schema\/person\/ec770c03f3e99d770687f537f4ba1e89","name":"Cannabis.es","image":{"@type":"ImageObject","inLanguage":"es","@id":"https:\/\/www.cannabis.es\/pw\/#\/schema\/person\/image\/","url":"https:\/\/secure.gravatar.com\/avatar\/810c93a3d6fadc3d9c2665b1d919a4aedea8ed4dd63689d001e985a804e90d83?s=96&d=mm&r=g","contentUrl":"https:\/\/secure.gravatar.com\/avatar\/810c93a3d6fadc3d9c2665b1d919a4aedea8ed4dd63689d001e985a804e90d83?s=96&d=mm&r=g","caption":"Cannabis.es"},"url":"https:\/\/www.cannabis.es\/pw\/author\/arnau\/"}]}},"_links":{"self":[{"href":"https:\/\/www.cannabis.es\/pw\/wp-json\/wp\/v2\/posts\/6868","targetHints":{"allow":["GET"]}}],"collection":[{"href":"https:\/\/www.cannabis.es\/pw\/wp-json\/wp\/v2\/posts"}],"about":[{"href":"https:\/\/www.cannabis.es\/pw\/wp-json\/wp\/v2\/types\/post"}],"author":[{"embeddable":true,"href":"https:\/\/www.cannabis.es\/pw\/wp-json\/wp\/v2\/users\/3"}],"replies":[{"embeddable":true,"href":"https:\/\/www.cannabis.es\/pw\/wp-json\/wp\/v2\/comments?post=6868"}],"version-history":[{"count":1,"href":"https:\/\/www.cannabis.es\/pw\/wp-json\/wp\/v2\/posts\/6868\/revisions"}],"predecessor-version":[{"id":6876,"href":"https:\/\/www.cannabis.es\/pw\/wp-json\/wp\/v2\/posts\/6868\/revisions\/6876"}],"wp:featuredmedia":[{"embeddable":true,"href":"https:\/\/www.cannabis.es\/pw\/wp-json\/wp\/v2\/media\/6877"}],"wp:attachment":[{"href":"https:\/\/www.cannabis.es\/pw\/wp-json\/wp\/v2\/media?parent=6868"}],"wp:term":[{"taxonomy":"category","embeddable":true,"href":"https:\/\/www.cannabis.es\/pw\/wp-json\/wp\/v2\/categories?post=6868"},{"taxonomy":"post_tag","embeddable":true,"href":"https:\/\/www.cannabis.es\/pw\/wp-json\/wp\/v2\/tags?post=6868"}],"curies":[{"name":"wp","href":"https:\/\/api.w.org\/{rel}","templated":true}]}}