{"id":6878,"date":"2021-03-31T13:34:32","date_gmt":"2021-03-31T11:34:32","guid":{"rendered":"https:\/\/www.cannabis.es\/pw\/?p=6878"},"modified":"2021-04-06T12:05:16","modified_gmt":"2021-04-06T10:05:16","slug":"alemania-sera-la-mitad-del-mercado-europeo-del-cannabis-medicinal-hasta-2024","status":"publish","type":"post","link":"https:\/\/www.cannabis.es\/pw\/2021\/03\/31\/alemania-sera-la-mitad-del-mercado-europeo-del-cannabis-medicinal-hasta-2024\/","title":{"rendered":"Alemania ser\u00e1 la mitad del mercado europeo del cannabis medicinal hasta 2024"},"content":{"rendered":"\n<p>Arnau Alcaide<br><br>El think tank del cannabis Prohibititon Partners saca su <a href=\"https:\/\/prohibitionpartners.com\/report-uploads\/European-cannabis-report-edition-6.pdf?mc_cid=8d34b2f45d&amp;mc_eid=362f0dd418\">sexto informe sobre la tendencia en Europa<\/a>. En \u00e9l, destaca que el pastel del mercado europeo del cannabis medicinal tiene un valor de 403.4 millones de euros en este 2021, pero que esperan que se multiplique por 8 hasta los 3200 millones en 2025. Adem\u00e1s, se estima que la apertura de los mercados herbales o recreativos en pa\u00edses como Alemania, Holanda o Suiza podr\u00eda alcanzar el mismo a\u00f1o los 500 millones de euros.<\/p>\n\n\n\n<figure class=\"wp-block-image size-large\"><img loading=\"lazy\" decoding=\"async\" width=\"487\" height=\"481\" src=\"https:\/\/www.cannabis.es\/pw\/wp-content\/uploads\/2021\/03\/image-5.png\" alt=\"\" class=\"wp-image-6882\" srcset=\"https:\/\/www.cannabis.es\/pw\/wp-content\/uploads\/2021\/03\/image-5.png 487w, https:\/\/www.cannabis.es\/pw\/wp-content\/uploads\/2021\/03\/image-5-300x296.png 300w\" sizes=\"auto, (max-width: 487px) 100vw, 487px\" \/><\/figure>\n\n\n\n<p>Prohibition Partners es una organizaci\u00f3n de asesoramiento empresarial y regulatorio que elabora informaci\u00f3n y presta sus servicios particularizados en base a ella, lo que a falta de un t\u00e9rmino llamamos en ingl\u00e9s think tank y bien podr\u00eda traducirse por grupo de estudios aplicados. Su papel ha sido clave adem\u00e1s, al estilo de las fundaciones americanas de las pel\u00edculas que mueven las causas sociales, para la movilizaci\u00f3n de eventos y campa\u00f1as contra la criminalizaci\u00f3n del cannabis y los efectos, m\u00e1s da\u00f1inos sobre los grupos previamente discriminados, de la prohibici\u00f3n.<\/p>\n\n\n\n<figure class=\"wp-block-image size-large\"><img loading=\"lazy\" decoding=\"async\" width=\"466\" height=\"370\" src=\"https:\/\/www.cannabis.es\/pw\/wp-content\/uploads\/2021\/03\/image-3.png\" alt=\"\" class=\"wp-image-6880\" srcset=\"https:\/\/www.cannabis.es\/pw\/wp-content\/uploads\/2021\/03\/image-3.png 466w, https:\/\/www.cannabis.es\/pw\/wp-content\/uploads\/2021\/03\/image-3-300x238.png 300w\" sizes=\"auto, (max-width: 466px) 100vw, 466px\" \/><\/figure>\n\n\n\n<p>El informe advierte de que Alemania constituye ahora mismo el mayor mercado dentro del viejo continente y que as\u00ed ser\u00e1, llegando a suponer la mitad de la demanda de cannabis medicinal que se produzca, hasta 2024.<\/p>\n\n\n\n<figure class=\"wp-block-image size-large\"><img loading=\"lazy\" decoding=\"async\" width=\"524\" height=\"396\" src=\"https:\/\/www.cannabis.es\/pw\/wp-content\/uploads\/2021\/03\/image-6.png\" alt=\"\" class=\"wp-image-6883\" srcset=\"https:\/\/www.cannabis.es\/pw\/wp-content\/uploads\/2021\/03\/image-6.png 524w, https:\/\/www.cannabis.es\/pw\/wp-content\/uploads\/2021\/03\/image-6-300x227.png 300w\" sizes=\"auto, (max-width: 524px) 100vw, 524px\" \/><\/figure>\n\n\n\n<p>\u00abComo puede verse en el gr\u00e1fico anterior, algunos pa\u00edses son m\u00e1s activos en hacer cumplir las regulaciones que otros. A pesar de la relativa tolerancia del consumo de cannabis recreativo en Espa\u00f1a, hay diez veces m\u00e1s delitos de cannabis registrados por las autoridades por usuario al a\u00f1o que Italia\u00bb, explican de la evoluci\u00f3n del delito presentada inmediatamente arriba.<\/p>\n\n\n\n<figure class=\"wp-block-image size-large\"><img loading=\"lazy\" decoding=\"async\" width=\"505\" height=\"311\" src=\"https:\/\/www.cannabis.es\/pw\/wp-content\/uploads\/2021\/03\/image-2.png\" alt=\"\" class=\"wp-image-6879\" srcset=\"https:\/\/www.cannabis.es\/pw\/wp-content\/uploads\/2021\/03\/image-2.png 505w, https:\/\/www.cannabis.es\/pw\/wp-content\/uploads\/2021\/03\/image-2-300x185.png 300w\" sizes=\"auto, (max-width: 505px) 100vw, 505px\" \/><figcaption>Recetas de aceite vs. flor<\/figcaption><\/figure>\n\n\n\n<figure class=\"wp-block-image size-large\"><img loading=\"lazy\" decoding=\"async\" width=\"1024\" height=\"655\" src=\"https:\/\/www.cannabis.es\/pw\/wp-content\/uploads\/2021\/03\/image-7-1024x655.png\" alt=\"\" class=\"wp-image-6884\" srcset=\"https:\/\/www.cannabis.es\/pw\/wp-content\/uploads\/2021\/03\/image-7-1024x655.png 1024w, https:\/\/www.cannabis.es\/pw\/wp-content\/uploads\/2021\/03\/image-7-300x192.png 300w, https:\/\/www.cannabis.es\/pw\/wp-content\/uploads\/2021\/03\/image-7-768x491.png 768w, https:\/\/www.cannabis.es\/pw\/wp-content\/uploads\/2021\/03\/image-7-600x384.png 600w, https:\/\/www.cannabis.es\/pw\/wp-content\/uploads\/2021\/03\/image-7.png 1137w\" sizes=\"auto, (max-width: 1024px) 100vw, 1024px\" \/><\/figure>\n","protected":false},"excerpt":{"rendered":"<span class=\"span-reading-time rt-reading-time\" style=\"display: block;\"><span class=\"rt-label rt-prefix\">Tiempo de lectura:<\/span> <span class=\"rt-time\"> &lt; 1<\/span> <span class=\"rt-label rt-postfix\">minuto<\/span><\/span>Arnau AlcaideEl think tank del cannabis Prohibititon Partners saca su sexto informe sobre la tendencia en Europa. En \u00e9l, destaca que el pastel del mercado europeo del cannabis medicinal tiene un valor de 403.4 millones de euros en este 2021, pero que esperan que se multiplique por 8 hasta los 3200 millones en 2025. Adem\u00e1s, [&hellip;]","protected":false},"author":3,"featured_media":6885,"comment_status":"closed","ping_status":"closed","sticky":false,"template":"","format":"standard","meta":{"loftocean-featured-post":"","loftocean_post_format_gallery":"","loftocean_post_format_gallery_ids":"","loftocean_post_format_gallery_urls":"","loftocean_post_format_video_id":"","loftocean_post_format_video_url":"","loftocean_post_format_video_type":"","loftocean_post_format_video":"","loftocean_post_format_audio_type":"","loftocean_post_format_audio_url":"","loftocean_post_format_audio_id":"","loftocean_post_format_audio":"","loftocean_post_format_quote_text":"","loftocean_post_format_quote_byline":"","loftocean_post_format_link_text":"","loftocean_post_format_link_url":"","ceramag_post_header_style":"","ceramag_enable_background_video":"","ceramag_show_in_top_slider":"","ceramag_post_background_video_start":"","ceramag_post_background_video_end":"","loftocean_page_background_video_id":"","loftocean_page_background_video_url":"","loftocean_page_background_video_type":"","loftocean_page_background_video":"","ceramag_background_video_start":"","ceramag_background_video_end":"","ceramag_single_page_hide_header":"","footnotes":""},"categories":[35],"tags":[540,41,758,53,619],"class_list":["post-6878","post","type-post","status-publish","format-standard","has-post-thumbnail","hentry","category-politica-y-sociedad","tag-arnau-alcaide","tag-cannabis","tag-europa","tag-investigacion","tag-mercado-del-cannabis"],"yoast_head":"<!-- This site is optimized with the Yoast SEO plugin v24.9 - https:\/\/yoast.com\/wordpress\/plugins\/seo\/ -->\n<title>Alemania ser\u00e1 la mitad del mercado europeo del cannabis medicinal hasta 2024<\/title>\n<meta name=\"description\" content=\"Entrada &#8226; Portal multimedia sobre cannabis y otras sustancias &#8226; 31 marzo, 2021\" \/>\n<meta name=\"robots\" content=\"index, follow, max-snippet:-1, max-image-preview:large, max-video-preview:-1\" \/>\n<link rel=\"canonical\" href=\"https:\/\/www.cannabis.es\/pw\/2021\/03\/31\/alemania-sera-la-mitad-del-mercado-europeo-del-cannabis-medicinal-hasta-2024\/\" \/>\n<meta name=\"twitter:card\" content=\"summary_large_image\" \/>\n<meta name=\"twitter:title\" content=\"Alemania ser\u00e1 la mitad del mercado europeo del cannabis medicinal hasta 2024\" \/>\n<meta name=\"twitter:description\" content=\"Entrada &#8226; Portal multimedia sobre cannabis y otras sustancias &#8226; 31 marzo, 2021\" \/>\n<meta name=\"twitter:image\" content=\"https:\/\/www.cannabis.es\/pw\/wp-content\/uploads\/2021\/03\/portada-informe-europeo.jpg\" \/>\n<meta name=\"twitter:creator\" content=\"@cannabis_es\" \/>\n<meta name=\"twitter:site\" content=\"@cannabis_es\" \/>\n<meta name=\"twitter:label1\" content=\"Escrito por\" \/>\n\t<meta name=\"twitter:data1\" content=\"Cannabis.es\" \/>\n\t<meta name=\"twitter:label2\" content=\"Tiempo de lectura\" \/>\n\t<meta name=\"twitter:data2\" content=\"3 minutos\" \/>\n<script type=\"application\/ld+json\" class=\"yoast-schema-graph\">{\"@context\":\"https:\/\/schema.org\",\"@graph\":[{\"@type\":\"Article\",\"@id\":\"https:\/\/www.cannabis.es\/pw\/2021\/03\/31\/alemania-sera-la-mitad-del-mercado-europeo-del-cannabis-medicinal-hasta-2024\/#article\",\"isPartOf\":{\"@id\":\"https:\/\/www.cannabis.es\/pw\/2021\/03\/31\/alemania-sera-la-mitad-del-mercado-europeo-del-cannabis-medicinal-hasta-2024\/\"},\"author\":{\"name\":\"Cannabis.es\",\"@id\":\"https:\/\/www.cannabis.es\/pw\/#\/schema\/person\/ec770c03f3e99d770687f537f4ba1e89\"},\"headline\":\"Alemania ser\u00e1 la mitad del mercado europeo del cannabis medicinal hasta 2024\",\"datePublished\":\"2021-03-31T11:34:32+00:00\",\"dateModified\":\"2021-04-06T10:05:16+00:00\",\"mainEntityOfPage\":{\"@id\":\"https:\/\/www.cannabis.es\/pw\/2021\/03\/31\/alemania-sera-la-mitad-del-mercado-europeo-del-cannabis-medicinal-hasta-2024\/\"},\"wordCount\":299,\"publisher\":{\"@id\":\"https:\/\/www.cannabis.es\/pw\/#organization\"},\"image\":{\"@id\":\"https:\/\/www.cannabis.es\/pw\/2021\/03\/31\/alemania-sera-la-mitad-del-mercado-europeo-del-cannabis-medicinal-hasta-2024\/#primaryimage\"},\"thumbnailUrl\":\"https:\/\/www.cannabis.es\/pw\/wp-content\/uploads\/2021\/03\/portada-informe-europeo.jpg\",\"keywords\":[\"Arnau Alcaide\",\"cannabis\",\"Europa\",\"investigaci\u00f3n\",\"mercado del cannabis\"],\"articleSection\":[\"Pol\u00edtica y Sociedad\"],\"inLanguage\":\"es\"},{\"@type\":\"WebPage\",\"@id\":\"https:\/\/www.cannabis.es\/pw\/2021\/03\/31\/alemania-sera-la-mitad-del-mercado-europeo-del-cannabis-medicinal-hasta-2024\/\",\"url\":\"https:\/\/www.cannabis.es\/pw\/2021\/03\/31\/alemania-sera-la-mitad-del-mercado-europeo-del-cannabis-medicinal-hasta-2024\/\",\"name\":\"Alemania ser\u00e1 la mitad del mercado europeo del cannabis medicinal hasta 2024\",\"isPartOf\":{\"@id\":\"https:\/\/www.cannabis.es\/pw\/#website\"},\"primaryImageOfPage\":{\"@id\":\"https:\/\/www.cannabis.es\/pw\/2021\/03\/31\/alemania-sera-la-mitad-del-mercado-europeo-del-cannabis-medicinal-hasta-2024\/#primaryimage\"},\"image\":{\"@id\":\"https:\/\/www.cannabis.es\/pw\/2021\/03\/31\/alemania-sera-la-mitad-del-mercado-europeo-del-cannabis-medicinal-hasta-2024\/#primaryimage\"},\"thumbnailUrl\":\"https:\/\/www.cannabis.es\/pw\/wp-content\/uploads\/2021\/03\/portada-informe-europeo.jpg\",\"datePublished\":\"2021-03-31T11:34:32+00:00\",\"dateModified\":\"2021-04-06T10:05:16+00:00\",\"description\":\"Entrada &#8226; Portal multimedia sobre cannabis y otras sustancias &#8226; 31 marzo, 2021\",\"breadcrumb\":{\"@id\":\"https:\/\/www.cannabis.es\/pw\/2021\/03\/31\/alemania-sera-la-mitad-del-mercado-europeo-del-cannabis-medicinal-hasta-2024\/#breadcrumb\"},\"inLanguage\":\"es\",\"potentialAction\":[{\"@type\":\"ReadAction\",\"target\":[\"https:\/\/www.cannabis.es\/pw\/2021\/03\/31\/alemania-sera-la-mitad-del-mercado-europeo-del-cannabis-medicinal-hasta-2024\/\"]}]},{\"@type\":\"ImageObject\",\"inLanguage\":\"es\",\"@id\":\"https:\/\/www.cannabis.es\/pw\/2021\/03\/31\/alemania-sera-la-mitad-del-mercado-europeo-del-cannabis-medicinal-hasta-2024\/#primaryimage\",\"url\":\"https:\/\/www.cannabis.es\/pw\/wp-content\/uploads\/2021\/03\/portada-informe-europeo.jpg\",\"contentUrl\":\"https:\/\/www.cannabis.es\/pw\/wp-content\/uploads\/2021\/03\/portada-informe-europeo.jpg\",\"width\":804,\"height\":532},{\"@type\":\"BreadcrumbList\",\"@id\":\"https:\/\/www.cannabis.es\/pw\/2021\/03\/31\/alemania-sera-la-mitad-del-mercado-europeo-del-cannabis-medicinal-hasta-2024\/#breadcrumb\",\"itemListElement\":[{\"@type\":\"ListItem\",\"position\":1,\"name\":\"Portada\",\"item\":\"http:\/\/www.cannabis.es\/pw\/\"},{\"@type\":\"ListItem\",\"position\":2,\"name\":\"Alemania ser\u00e1 la mitad del mercado europeo del cannabis medicinal hasta 2024\"}]},{\"@type\":\"WebSite\",\"@id\":\"https:\/\/www.cannabis.es\/pw\/#website\",\"url\":\"https:\/\/www.cannabis.es\/pw\/\",\"name\":\"Cannabis\",\"description\":\"Portal multimedia sobre cannabis y otras sustancias\",\"publisher\":{\"@id\":\"https:\/\/www.cannabis.es\/pw\/#organization\"},\"potentialAction\":[{\"@type\":\"SearchAction\",\"target\":{\"@type\":\"EntryPoint\",\"urlTemplate\":\"https:\/\/www.cannabis.es\/pw\/?s={search_term_string}\"},\"query-input\":{\"@type\":\"PropertyValueSpecification\",\"valueRequired\":true,\"valueName\":\"search_term_string\"}}],\"inLanguage\":\"es\"},{\"@type\":\"Organization\",\"@id\":\"https:\/\/www.cannabis.es\/pw\/#organization\",\"name\":\"Cannabis.es\",\"url\":\"https:\/\/www.cannabis.es\/pw\/\",\"logo\":{\"@type\":\"ImageObject\",\"inLanguage\":\"es\",\"@id\":\"https:\/\/www.cannabis.es\/pw\/#\/schema\/logo\/image\/\",\"url\":\"https:\/\/www.cannabis.es\/pw\/wp-content\/uploads\/2019\/04\/cropped-logo_cannabis.png\",\"contentUrl\":\"https:\/\/www.cannabis.es\/pw\/wp-content\/uploads\/2019\/04\/cropped-logo_cannabis.png\",\"width\":361,\"height\":120,\"caption\":\"Cannabis.es\"},\"image\":{\"@id\":\"https:\/\/www.cannabis.es\/pw\/#\/schema\/logo\/image\/\"},\"sameAs\":[\"https:\/\/x.com\/cannabis_es\"]},{\"@type\":\"Person\",\"@id\":\"https:\/\/www.cannabis.es\/pw\/#\/schema\/person\/ec770c03f3e99d770687f537f4ba1e89\",\"name\":\"Cannabis.es\",\"image\":{\"@type\":\"ImageObject\",\"inLanguage\":\"es\",\"@id\":\"https:\/\/www.cannabis.es\/pw\/#\/schema\/person\/image\/\",\"url\":\"https:\/\/secure.gravatar.com\/avatar\/810c93a3d6fadc3d9c2665b1d919a4aedea8ed4dd63689d001e985a804e90d83?s=96&d=mm&r=g\",\"contentUrl\":\"https:\/\/secure.gravatar.com\/avatar\/810c93a3d6fadc3d9c2665b1d919a4aedea8ed4dd63689d001e985a804e90d83?s=96&d=mm&r=g\",\"caption\":\"Cannabis.es\"},\"url\":\"https:\/\/www.cannabis.es\/pw\/author\/arnau\/\"}]}<\/script>\n<!-- \/ Yoast SEO plugin. -->","yoast_head_json":{"title":"Alemania ser\u00e1 la mitad del mercado europeo del cannabis medicinal hasta 2024","description":"Entrada &#8226; Portal multimedia sobre cannabis y otras sustancias &#8226; 31 marzo, 2021","robots":{"index":"index","follow":"follow","max-snippet":"max-snippet:-1","max-image-preview":"max-image-preview:large","max-video-preview":"max-video-preview:-1"},"canonical":"https:\/\/www.cannabis.es\/pw\/2021\/03\/31\/alemania-sera-la-mitad-del-mercado-europeo-del-cannabis-medicinal-hasta-2024\/","twitter_card":"summary_large_image","twitter_title":"Alemania ser\u00e1 la mitad del mercado europeo del cannabis medicinal hasta 2024","twitter_description":"Entrada &#8226; Portal multimedia sobre cannabis y otras sustancias &#8226; 31 marzo, 2021","twitter_image":"https:\/\/www.cannabis.es\/pw\/wp-content\/uploads\/2021\/03\/portada-informe-europeo.jpg","twitter_creator":"@cannabis_es","twitter_site":"@cannabis_es","twitter_misc":{"Escrito por":"Cannabis.es","Tiempo de lectura":"3 minutos"},"schema":{"@context":"https:\/\/schema.org","@graph":[{"@type":"Article","@id":"https:\/\/www.cannabis.es\/pw\/2021\/03\/31\/alemania-sera-la-mitad-del-mercado-europeo-del-cannabis-medicinal-hasta-2024\/#article","isPartOf":{"@id":"https:\/\/www.cannabis.es\/pw\/2021\/03\/31\/alemania-sera-la-mitad-del-mercado-europeo-del-cannabis-medicinal-hasta-2024\/"},"author":{"name":"Cannabis.es","@id":"https:\/\/www.cannabis.es\/pw\/#\/schema\/person\/ec770c03f3e99d770687f537f4ba1e89"},"headline":"Alemania ser\u00e1 la mitad del mercado europeo del cannabis medicinal hasta 2024","datePublished":"2021-03-31T11:34:32+00:00","dateModified":"2021-04-06T10:05:16+00:00","mainEntityOfPage":{"@id":"https:\/\/www.cannabis.es\/pw\/2021\/03\/31\/alemania-sera-la-mitad-del-mercado-europeo-del-cannabis-medicinal-hasta-2024\/"},"wordCount":299,"publisher":{"@id":"https:\/\/www.cannabis.es\/pw\/#organization"},"image":{"@id":"https:\/\/www.cannabis.es\/pw\/2021\/03\/31\/alemania-sera-la-mitad-del-mercado-europeo-del-cannabis-medicinal-hasta-2024\/#primaryimage"},"thumbnailUrl":"https:\/\/www.cannabis.es\/pw\/wp-content\/uploads\/2021\/03\/portada-informe-europeo.jpg","keywords":["Arnau Alcaide","cannabis","Europa","investigaci\u00f3n","mercado del cannabis"],"articleSection":["Pol\u00edtica y Sociedad"],"inLanguage":"es"},{"@type":"WebPage","@id":"https:\/\/www.cannabis.es\/pw\/2021\/03\/31\/alemania-sera-la-mitad-del-mercado-europeo-del-cannabis-medicinal-hasta-2024\/","url":"https:\/\/www.cannabis.es\/pw\/2021\/03\/31\/alemania-sera-la-mitad-del-mercado-europeo-del-cannabis-medicinal-hasta-2024\/","name":"Alemania ser\u00e1 la mitad del mercado europeo del cannabis medicinal hasta 2024","isPartOf":{"@id":"https:\/\/www.cannabis.es\/pw\/#website"},"primaryImageOfPage":{"@id":"https:\/\/www.cannabis.es\/pw\/2021\/03\/31\/alemania-sera-la-mitad-del-mercado-europeo-del-cannabis-medicinal-hasta-2024\/#primaryimage"},"image":{"@id":"https:\/\/www.cannabis.es\/pw\/2021\/03\/31\/alemania-sera-la-mitad-del-mercado-europeo-del-cannabis-medicinal-hasta-2024\/#primaryimage"},"thumbnailUrl":"https:\/\/www.cannabis.es\/pw\/wp-content\/uploads\/2021\/03\/portada-informe-europeo.jpg","datePublished":"2021-03-31T11:34:32+00:00","dateModified":"2021-04-06T10:05:16+00:00","description":"Entrada &#8226; Portal multimedia sobre cannabis y otras sustancias &#8226; 31 marzo, 2021","breadcrumb":{"@id":"https:\/\/www.cannabis.es\/pw\/2021\/03\/31\/alemania-sera-la-mitad-del-mercado-europeo-del-cannabis-medicinal-hasta-2024\/#breadcrumb"},"inLanguage":"es","potentialAction":[{"@type":"ReadAction","target":["https:\/\/www.cannabis.es\/pw\/2021\/03\/31\/alemania-sera-la-mitad-del-mercado-europeo-del-cannabis-medicinal-hasta-2024\/"]}]},{"@type":"ImageObject","inLanguage":"es","@id":"https:\/\/www.cannabis.es\/pw\/2021\/03\/31\/alemania-sera-la-mitad-del-mercado-europeo-del-cannabis-medicinal-hasta-2024\/#primaryimage","url":"https:\/\/www.cannabis.es\/pw\/wp-content\/uploads\/2021\/03\/portada-informe-europeo.jpg","contentUrl":"https:\/\/www.cannabis.es\/pw\/wp-content\/uploads\/2021\/03\/portada-informe-europeo.jpg","width":804,"height":532},{"@type":"BreadcrumbList","@id":"https:\/\/www.cannabis.es\/pw\/2021\/03\/31\/alemania-sera-la-mitad-del-mercado-europeo-del-cannabis-medicinal-hasta-2024\/#breadcrumb","itemListElement":[{"@type":"ListItem","position":1,"name":"Portada","item":"http:\/\/www.cannabis.es\/pw\/"},{"@type":"ListItem","position":2,"name":"Alemania ser\u00e1 la mitad del mercado europeo del cannabis medicinal hasta 2024"}]},{"@type":"WebSite","@id":"https:\/\/www.cannabis.es\/pw\/#website","url":"https:\/\/www.cannabis.es\/pw\/","name":"Cannabis","description":"Portal multimedia sobre cannabis y otras sustancias","publisher":{"@id":"https:\/\/www.cannabis.es\/pw\/#organization"},"potentialAction":[{"@type":"SearchAction","target":{"@type":"EntryPoint","urlTemplate":"https:\/\/www.cannabis.es\/pw\/?s={search_term_string}"},"query-input":{"@type":"PropertyValueSpecification","valueRequired":true,"valueName":"search_term_string"}}],"inLanguage":"es"},{"@type":"Organization","@id":"https:\/\/www.cannabis.es\/pw\/#organization","name":"Cannabis.es","url":"https:\/\/www.cannabis.es\/pw\/","logo":{"@type":"ImageObject","inLanguage":"es","@id":"https:\/\/www.cannabis.es\/pw\/#\/schema\/logo\/image\/","url":"https:\/\/www.cannabis.es\/pw\/wp-content\/uploads\/2019\/04\/cropped-logo_cannabis.png","contentUrl":"https:\/\/www.cannabis.es\/pw\/wp-content\/uploads\/2019\/04\/cropped-logo_cannabis.png","width":361,"height":120,"caption":"Cannabis.es"},"image":{"@id":"https:\/\/www.cannabis.es\/pw\/#\/schema\/logo\/image\/"},"sameAs":["https:\/\/x.com\/cannabis_es"]},{"@type":"Person","@id":"https:\/\/www.cannabis.es\/pw\/#\/schema\/person\/ec770c03f3e99d770687f537f4ba1e89","name":"Cannabis.es","image":{"@type":"ImageObject","inLanguage":"es","@id":"https:\/\/www.cannabis.es\/pw\/#\/schema\/person\/image\/","url":"https:\/\/secure.gravatar.com\/avatar\/810c93a3d6fadc3d9c2665b1d919a4aedea8ed4dd63689d001e985a804e90d83?s=96&d=mm&r=g","contentUrl":"https:\/\/secure.gravatar.com\/avatar\/810c93a3d6fadc3d9c2665b1d919a4aedea8ed4dd63689d001e985a804e90d83?s=96&d=mm&r=g","caption":"Cannabis.es"},"url":"https:\/\/www.cannabis.es\/pw\/author\/arnau\/"}]}},"_links":{"self":[{"href":"https:\/\/www.cannabis.es\/pw\/wp-json\/wp\/v2\/posts\/6878","targetHints":{"allow":["GET"]}}],"collection":[{"href":"https:\/\/www.cannabis.es\/pw\/wp-json\/wp\/v2\/posts"}],"about":[{"href":"https:\/\/www.cannabis.es\/pw\/wp-json\/wp\/v2\/types\/post"}],"author":[{"embeddable":true,"href":"https:\/\/www.cannabis.es\/pw\/wp-json\/wp\/v2\/users\/3"}],"replies":[{"embeddable":true,"href":"https:\/\/www.cannabis.es\/pw\/wp-json\/wp\/v2\/comments?post=6878"}],"version-history":[{"count":5,"href":"https:\/\/www.cannabis.es\/pw\/wp-json\/wp\/v2\/posts\/6878\/revisions"}],"predecessor-version":[{"id":6890,"href":"https:\/\/www.cannabis.es\/pw\/wp-json\/wp\/v2\/posts\/6878\/revisions\/6890"}],"wp:featuredmedia":[{"embeddable":true,"href":"https:\/\/www.cannabis.es\/pw\/wp-json\/wp\/v2\/media\/6885"}],"wp:attachment":[{"href":"https:\/\/www.cannabis.es\/pw\/wp-json\/wp\/v2\/media?parent=6878"}],"wp:term":[{"taxonomy":"category","embeddable":true,"href":"https:\/\/www.cannabis.es\/pw\/wp-json\/wp\/v2\/categories?post=6878"},{"taxonomy":"post_tag","embeddable":true,"href":"https:\/\/www.cannabis.es\/pw\/wp-json\/wp\/v2\/tags?post=6878"}],"curies":[{"name":"wp","href":"https:\/\/api.w.org\/{rel}","templated":true}]}}