{"id":6891,"date":"2021-04-06T13:24:15","date_gmt":"2021-04-06T11:24:15","guid":{"rendered":"https:\/\/www.cannabis.es\/pw\/?p=6891"},"modified":"2021-04-06T13:24:16","modified_gmt":"2021-04-06T11:24:16","slug":"clara-sativa-sobre-cannabicas-los-derechos-de-las-mujeres-hay-que-pelearlos-todos-los-dias-del-ano","status":"publish","type":"post","link":"https:\/\/www.cannabis.es\/pw\/2021\/04\/06\/clara-sativa-sobre-cannabicas-los-derechos-de-las-mujeres-hay-que-pelearlos-todos-los-dias-del-ano\/","title":{"rendered":"Clara Sativa, sobre \u201cCann\u00e1bicas\u201d: \u00abLos derechos de las mujeres hay que pelearlos todos los d\u00edas del a\u00f1o\u00bb"},"content":{"rendered":"\n<p>Benito D\u00edaz<\/p>\n\n\n\n<p>Clara Sativa ha sido parte del grupo motor que ha producido <a href=\"https:\/\/www.cannabis.es\/pw\/2021\/03\/08\/documental-cannabicas-la-revolucion-cannabica-es-feminista-porque-venimos-a-cambiarlo-todo\/\">el documental<\/a> <em><span class=\"has-inline-color has-luminous-vivid-orange-color\">Cann\u00e1bicas<\/span><\/em>. Periodista independiente, activista por los DDHH, es cofundadora de Mujeres Cann\u00e1bicas y Red Estatal de Mujeres Antiprohibicionistas (REMA). Tambi\u00e9n particip\u00f3 en la creaci\u00f3n de Marihuana Televisi\u00f3n, Liberinfo y la Plataforma Regulaci\u00f3n Responsable. En la actualidad, reside en Londres, desde donde mantenemos una conversaci\u00f3n al respecto de su \u00faltimo documental.<\/p>\n\n\n\n<p>Cann\u00e1bicas es el \u201cprimer documental colectivo de mujeres cann\u00e1bicas del mundo\u201d, que re\u00fane m\u00e1s de 200 personas de 30 pa\u00edses de todo el mundo. Lanzado el pasado 27 de febrero, la cinta trata de aunar las voces de varios colectivos de mujeres cann\u00e1bicas, as\u00ed como sus inquietudes y opiniones respecto al feminismo y su relaci\u00f3n con la planta.<\/p>\n\n\n\n<p><span class=\"has-inline-color has-luminous-vivid-orange-color\">\u201c<em>La idea inicial era hacer un v\u00eddeo reivindicativo y activista, para lanzarlo en redes el 8M del 2019. Lo de hacer un documental vino despu\u00e9s y por sorpresa\u201d,<\/em> <\/span>comenta Clara. <em><span class=\"has-inline-color has-luminous-vivid-orange-color\">\u201cQuer\u00edamos visibilizarnos como mujeres cann\u00e1bicas y denunciar situaciones machistas que hab\u00edamos viv\u00edamos en la sociedad en general y en el mundo cann\u00e1bico en particular. Gracias al trabajo que desarroll\u00e9 con Marihuana TV, pude viajar a las primeras ferias cann\u00e1bicas de Latinoam\u00e9rica, donde conoc\u00eda a mujeres extraordinariaslas cuales han participado y tambi\u00e9n son creadoras de este documental. Me di cuenta de que, en el momento en el que fundamos<a href=\"https:\/\/www.mujerescannabicas.org\/\"> Mujeres Antiprohibicionistas y REMA,<\/a> tambi\u00e9n se estaban creando otras redes cann\u00e1bicas en otros pa\u00edses\u201d.<\/span><\/em> Se\u00f1ala que, aunque ya exist\u00edan mujeres cann\u00e1bicas desde que se empez\u00f3 a usar la planta, en los albores de la historia, los grupos activistas organizados para defender la Cannabis contra la prohibici\u00f3n son fen\u00f3menos bastante nuevos. <em><span class=\"has-inline-color has-luminous-vivid-orange-color\">\u201cQuer\u00edamos mostrar y visibilizar a las mujeres cann\u00e1bicas, pero tambi\u00e9n denunciar que la Guerra contra las Drogas es una violencia contra todas las personas, sobre todo contra las mujeres, las personas pobres y las racializadas\u201d.<\/span> <\/em>Clara recuerda que, aunque en Espa\u00f1a la preocupante cifra de feminicidios ronda los 20 este a\u00f1o, en M\u00e9xico, por ejemplo, alcanza la de 12 mujeres asesinadas cada d\u00eda. <em><span class=\"has-inline-color has-luminous-vivid-orange-color\">\u201cLos feminicidios aumentan en todo el mundo. En vez de aceptar la Cannabis estamos aceptando que se les quite la vida a las mujeres y personas Trans, por el simple hecho de serlo\u201d.<\/span><\/em><\/p>\n\n\n\n<figure class=\"wp-block-image size-large\"><img loading=\"lazy\" decoding=\"async\" width=\"804\" height=\"532\" src=\"https:\/\/www.cannabis.es\/pw\/wp-content\/uploads\/2021\/04\/ClaraSativa.jpg\" alt=\"\" class=\"wp-image-6893\" srcset=\"https:\/\/www.cannabis.es\/pw\/wp-content\/uploads\/2021\/04\/ClaraSativa.jpg 804w, https:\/\/www.cannabis.es\/pw\/wp-content\/uploads\/2021\/04\/ClaraSativa-300x199.jpg 300w, https:\/\/www.cannabis.es\/pw\/wp-content\/uploads\/2021\/04\/ClaraSativa-768x508.jpg 768w, https:\/\/www.cannabis.es\/pw\/wp-content\/uploads\/2021\/04\/ClaraSativa-600x397.jpg 600w\" sizes=\"auto, (max-width: 804px) 100vw, 804px\" \/><\/figure>\n\n\n\n<h2 class=\"wp-block-heading\"><strong>Producci\u00f3n<\/strong><\/h2>\n\n\n\n<p>En Enero de 2019, lanzaron la convocatoria y se unieron a <a href=\"https:\/\/www.facebook.com\/RedLatinoamericanaMujeresCannabicasAntiprohibicion\/\">Red Latinoamericana de Mujeres Cann\u00e1bicas (RELAMUCA)<\/a>, dirigida por Polita Pepper; <a href=\"https:\/\/www.instagram.com\/cannabicaslatinas\/?hl=es\">Cann\u00e1bicas Latinas,<\/a> desde Chile con Bel\u00e9n Riveros y <a href=\"https:\/\/wsf2018.org\/grupos\/rede-nacional-de-feministas-antiproibicionistas\/\">Red Feminista Antiprohibicionista de Brasil (RENFA).<\/a> <em><span class=\"has-inline-color has-luminous-vivid-orange-color\">\u201cSeguimos recibiendo v\u00eddeos despu\u00e9s del cierre de la convocatoria, hasta mucho tiempo despu\u00e9s. Al final, reunimos casi diez horas de material. Fue muy emocionante, est\u00e1bamos que no nos lo cre\u00edamos. As\u00ed que ah\u00ed decidimos hacer un documental para que estos testimonios pudieran conocerse, con el cari\u00f1o y la edici\u00f3n correspondiente a estas personas que quer\u00edan ser escuchadas\u201d.<\/span><\/em><\/p>\n\n\n\n<p>\u201c<em>Estuvimos todo 2019 trabajando con el grupo motor, fue muy intenso. Tomamos ese a\u00f1o y el principio del 2020 para estrenar el documental el 8M, un a\u00f1o despu\u00e9s. <a href=\"https:\/\/www.cannabis.es\/pw\/2021\/03\/29\/spannabis-2021-edicion-virtual\/\">Quer\u00edamos estrenarlo en el contexto de la Spannabis<\/a> de Barcelona, y ya est\u00e1bamos all\u00ed con las compa\u00f1eras de M\u00e9xico y de Chile que vinieron exprofeso a proponer el documental en el Hemp Museum, cuando se cancel\u00f3 la Spannabis por el tema del COVID 19\u201d<\/em> explica Clara. Se intent\u00f3 celebrar el estreno, sin embargo, las autoridades clausuraron los locales comerciales. <em>\u201cLa parte positiva fue que tuvimos m\u00e1s tiempo para mejorar los acabados del v\u00eddeo, limpiar los audios, nivelarlos y aprovechamos para contactar con m\u00e1s grupos y artistas para incluir una buena banda sonora<\/em>\u00ab<\/p>\n\n\n\n<h2 class=\"wp-block-heading\"><strong>Feminismos y Cannabis<\/strong><\/h2>\n\n\n\n<p>\u201c<em>Est\u00e1bamos hartas de que el 8M sea el d\u00eda de la mujer y el resto del a\u00f1o ni se mencione el problema del machismo. Parece que, en Espa\u00f1a, con el caso de la Manada todo el mundo era feminista y con la pandemia, parece que haya pasado de moda el feminismo. Est\u00e1n asesinando un mont\u00f3n de mujeres y aqu\u00ed no pasa nada. Los derechos de las mujeres hay que pelearlos todos los d\u00edas del a\u00f1o\u201d.<\/em><\/p>\n\n\n\n<p>\u201c<em><span class=\"has-inline-color has-luminous-vivid-orange-color\">Si entendemos el feminismo como la lucha contra toda opresi\u00f3n, como la b\u00fasqueda de la liberaci\u00f3n de la mujer, contra toda injusticia, pensamos que est\u00e1 muy vinculada con la lucha cann\u00e1bica. Quien ha prohibido esta planta, quien la ha puesto en una situaci\u00f3n oscura y peligrosa, ha sido el patriarcado. De esa forma, como dicen las compa\u00f1eras en Argentina, estamos tratando de hacer caer ese sistema\u201d<\/span><\/em>, expone Sativa. La relaci\u00f3n entre Cannabis y Feminismo, puede apuntarse con que la victoria del Feminismo traer\u00eda un mundo m\u00e1s humano, en sus propias palabras <em><span class=\"has-inline-color has-black-color\">\u201ccon m\u00e1s amor, y esta planta nos abastece de todo, nos la da gratuitamente la naturaleza y, por tanto, no puede estar prohibida. La compa\u00f1era brasile\u00f1a, Rebeca Lirer, comenta en la cinta que tanto como el movimiento por la regularizaci\u00f3n del Cannabis como el movimiento feminista, son dos corrientes que est\u00e1n creciendo mucho a nivel global, y est\u00e1n unidos por la lucha por la libertad de nuestros cuerpos y nuestras consciencias\u201d<\/span>.<\/em> Clara, describe que, tanto la lucha cann\u00e1bica como la feminista, buscan un cambio radical en la sociedad, terminar con la prohibici\u00f3n y la inseguridad.<\/p>\n\n\n\n<p>\u201c<em>No conozco a compa\u00f1eras feministas que rechacen la inclusi\u00f3n de personas diversas. Es cierto que en redes sociales se est\u00e1 hablando bastante de las diversidades, sobre todo a ra\u00edz de la Ley Trans en Espa\u00f1a, y se est\u00e1 abriendo el debate. Desde mi punto de vista y de acuerdo con las compa\u00f1eras de REMA, el feminismo abraza a todas las diversidades y a todas las personas oprimidas. Se trata de la liberaci\u00f3n de la mujer, pero tambi\u00e9n la liberaci\u00f3n de toda injusticia. Las personas Trans tienen su lucha propia, pero est\u00e1n incluidas dentro de los feminismos. De esta forma, la lucha cann\u00e1bica feminista no podr\u00eda ser de otra manera si no incluyese a todas las formas y cuerpos diversos\u201d<\/em>, razona Clara Sativa. <em>\u201cUna verdadera regulaci\u00f3n integral de la Cannabis, tendr\u00eda que contemplar estas diversidades, no solo a los hombres y las mujeres, ocupando puestos de responsabilidad en empresas. Racializadas, Trans, que incluya a todas las personas\u201d.<\/em><\/p>\n\n\n\n<h2 class=\"wp-block-heading\"><strong>Conclusiones<\/strong><\/h2>\n\n\n\n<p>Clara Sativa argumenta que superaron con creces las metas que se hab\u00edan marcado al comienzo del proyecto. <em><span class=\"has-inline-color has-luminous-vivid-orange-color\">\u201cEl principal objetivo ahora mismo, es que el documental llegue a la mayor cantidad de personas de todo el mundo. Por esa raz\u00f3n, lo estrenamos en Youtube, una plataforma que nos ha censurado en otras ocasiones. La decisi\u00f3n fue dif\u00edcil, pero al final nos inclinamos por este sitio con posiciones poco democr\u00e1ticas, dado el peque\u00f1o tama\u00f1o de nuestras redes, escasos recursos y la necesidad de difusi\u00f3n masiva\u201d.<\/span><\/em><\/p>\n\n\n\n<p>\u201c<em>En calidad de editora, a\u00fan le encuentro muchos defectos al metraje. Quiz\u00e1s con m\u00e1s tiempo, hubi\u00e9ramos podido encontrar mejores im\u00e1genes de recurso, mejor sonido\u2026 siempre se puede mejorar, pero si no encuentras un sitio donde parar, nunca llegas a estrenar o presentar\u201d.<\/em> Clara recuerda que hay todav\u00eda mucho material que no ha visto la luz, de gran inter\u00e9s. <em>\u201cM\u00e1s que defectos, creo que el documental tiene muchas posibilidades, mucho contenido que podr\u00eda haber sido abarcado. Aun as\u00ed, los mensajes principales est\u00e1n expuestos. Se entiende que no somos un grupo de feminazis que quieren exterminar a todos los hombres del planeta, si no que creemos en la diversidad, amamos a nuestros compa\u00f1eros, amamos la Marihuana y queremos construir, entre todas las personas, un mundo m\u00e1s libre\u201d<\/em><\/p>\n\n\n\n<p>Clara Sativa se encuentra estudiando un m\u00e1ster de Cine Documental en Inglaterra y trabajando en nuevos proyectos audiovisuales.<em> \u201cEn cuanto al futuro del documental, nuestra intenci\u00f3n es que cualquier persona, sobre todo las mujeres participantes, pueda exhibir y presentarla en su comunidad, su asociaci\u00f3n\u2026 es un documental que est\u00e1 hecho para todas las personas del mundo\u201d. <\/em>Describe que la idea era desarrollar un \u201cdocutour\u201d donde las mujeres participantes podr\u00edan presentar el documental all\u00e1 donde quisieran, una idea complicada por la Pandemia. <em><span class=\"has-inline-color has-luminous-vivid-orange-color\">\u201cPresentar el metraje en festivales cann\u00e1bicos, que cada vez hay m\u00e1s\u2026 tambi\u00e9n nos gustar\u00eda poder llegar a los medios masivos para mejorar el altavoz y difundir de esa manera los mensajes. Salir de esa manera del nicho de \u201clo cann\u00e1bico\u201d y llegar a personas que no leen prensa especializada, ni van a las exposiciones\u201d.<\/span><\/em><\/p>\n\n\n\n<p>Puede ver el documental Cann\u00e1bicas de <a href=\"https:\/\/www.youtube.com\/watch?v=czZfbyPoJVc\">forma gratuita, en Youtube.<\/a><\/p>\n","protected":false},"excerpt":{"rendered":"<span class=\"span-reading-time rt-reading-time\" style=\"display: block;\"><span class=\"rt-label rt-prefix\">Tiempo de lectura:<\/span> <span class=\"rt-time\"> 5<\/span> <span class=\"rt-label rt-postfix\">minutos<\/span><\/span>Benito D\u00edaz Clara Sativa ha sido parte del grupo motor que ha producido el documental Cann\u00e1bicas. Periodista independiente, activista por los DDHH, es cofundadora de Mujeres Cann\u00e1bicas y Red Estatal de Mujeres Antiprohibicionistas (REMA). Tambi\u00e9n particip\u00f3 en la creaci\u00f3n de Marihuana Televisi\u00f3n, Liberinfo y la Plataforma Regulaci\u00f3n Responsable. En la actualidad, reside en Londres, desde [&hellip;]","protected":false},"author":3,"featured_media":6893,"comment_status":"closed","ping_status":"closed","sticky":false,"template":"","format":"standard","meta":{"loftocean-featured-post":"","loftocean_post_format_gallery":"","loftocean_post_format_gallery_ids":"","loftocean_post_format_gallery_urls":"","loftocean_post_format_video_id":"","loftocean_post_format_video_url":"","loftocean_post_format_video_type":"","loftocean_post_format_video":"","loftocean_post_format_audio_type":"","loftocean_post_format_audio_url":"","loftocean_post_format_audio_id":"","loftocean_post_format_audio":"","loftocean_post_format_quote_text":"","loftocean_post_format_quote_byline":"","loftocean_post_format_link_text":"","loftocean_post_format_link_url":"","ceramag_post_header_style":"","ceramag_enable_background_video":"","ceramag_show_in_top_slider":"","ceramag_post_background_video_start":"","ceramag_post_background_video_end":"","loftocean_page_background_video_id":"","loftocean_page_background_video_url":"","loftocean_page_background_video_type":"","loftocean_page_background_video":"","ceramag_background_video_start":"","ceramag_background_video_end":"","ceramag_single_page_hide_header":"","footnotes":""},"categories":[33],"tags":[43,41,833],"class_list":["post-6891","post","type-post","status-publish","format-standard","has-post-thumbnail","hentry","category-entrevistas","tag-benito-diaz","tag-cannabis","tag-mujeres-cannabicas"],"yoast_head":"<!-- This site is optimized with the Yoast SEO plugin v24.9 - https:\/\/yoast.com\/wordpress\/plugins\/seo\/ -->\n<title>Clara Sativa, sobre \u201cCann\u00e1bicas\u201d: \u00abLos derechos de las mujeres hay que pelearlos todos los d\u00edas del a\u00f1o\u00bb<\/title>\n<meta name=\"description\" content=\"Entrada &#8226; Portal multimedia sobre cannabis y otras sustancias &#8226; 6 abril, 2021\" \/>\n<meta name=\"robots\" content=\"index, follow, max-snippet:-1, max-image-preview:large, max-video-preview:-1\" \/>\n<link rel=\"canonical\" href=\"https:\/\/www.cannabis.es\/pw\/2021\/04\/06\/clara-sativa-sobre-cannabicas-los-derechos-de-las-mujeres-hay-que-pelearlos-todos-los-dias-del-ano\/\" \/>\n<meta name=\"twitter:card\" content=\"summary_large_image\" \/>\n<meta name=\"twitter:title\" content=\"Clara Sativa, sobre \u201cCann\u00e1bicas\u201d: \u00abLos derechos de las mujeres hay que pelearlos todos los d\u00edas del a\u00f1o\u00bb\" \/>\n<meta name=\"twitter:description\" content=\"Entrada &#8226; Portal multimedia sobre cannabis y otras sustancias &#8226; 6 abril, 2021\" \/>\n<meta name=\"twitter:image\" content=\"https:\/\/www.cannabis.es\/pw\/wp-content\/uploads\/2021\/04\/ClaraSativa.jpg\" \/>\n<meta name=\"twitter:creator\" content=\"@cannabis_es\" \/>\n<meta name=\"twitter:site\" content=\"@cannabis_es\" \/>\n<meta name=\"twitter:label1\" content=\"Escrito por\" \/>\n\t<meta name=\"twitter:data1\" content=\"Cannabis.es\" \/>\n\t<meta name=\"twitter:label2\" content=\"Tiempo de lectura\" \/>\n\t<meta name=\"twitter:data2\" content=\"7 minutos\" \/>\n<script type=\"application\/ld+json\" class=\"yoast-schema-graph\">{\"@context\":\"https:\/\/schema.org\",\"@graph\":[{\"@type\":\"Article\",\"@id\":\"https:\/\/www.cannabis.es\/pw\/2021\/04\/06\/clara-sativa-sobre-cannabicas-los-derechos-de-las-mujeres-hay-que-pelearlos-todos-los-dias-del-ano\/#article\",\"isPartOf\":{\"@id\":\"https:\/\/www.cannabis.es\/pw\/2021\/04\/06\/clara-sativa-sobre-cannabicas-los-derechos-de-las-mujeres-hay-que-pelearlos-todos-los-dias-del-ano\/\"},\"author\":{\"name\":\"Cannabis.es\",\"@id\":\"https:\/\/www.cannabis.es\/pw\/#\/schema\/person\/ec770c03f3e99d770687f537f4ba1e89\"},\"headline\":\"Clara Sativa, sobre \u201cCann\u00e1bicas\u201d: \u00abLos derechos de las mujeres hay que pelearlos todos los d\u00edas del a\u00f1o\u00bb\",\"datePublished\":\"2021-04-06T11:24:15+00:00\",\"dateModified\":\"2021-04-06T11:24:16+00:00\",\"mainEntityOfPage\":{\"@id\":\"https:\/\/www.cannabis.es\/pw\/2021\/04\/06\/clara-sativa-sobre-cannabicas-los-derechos-de-las-mujeres-hay-que-pelearlos-todos-los-dias-del-ano\/\"},\"wordCount\":1496,\"publisher\":{\"@id\":\"https:\/\/www.cannabis.es\/pw\/#organization\"},\"image\":{\"@id\":\"https:\/\/www.cannabis.es\/pw\/2021\/04\/06\/clara-sativa-sobre-cannabicas-los-derechos-de-las-mujeres-hay-que-pelearlos-todos-los-dias-del-ano\/#primaryimage\"},\"thumbnailUrl\":\"https:\/\/www.cannabis.es\/pw\/wp-content\/uploads\/2021\/04\/ClaraSativa.jpg\",\"keywords\":[\"Benito D\u00edaz\",\"cannabis\",\"Mujeres Cann\u00e1bicas\"],\"articleSection\":[\"Entrevistas\"],\"inLanguage\":\"es\"},{\"@type\":\"WebPage\",\"@id\":\"https:\/\/www.cannabis.es\/pw\/2021\/04\/06\/clara-sativa-sobre-cannabicas-los-derechos-de-las-mujeres-hay-que-pelearlos-todos-los-dias-del-ano\/\",\"url\":\"https:\/\/www.cannabis.es\/pw\/2021\/04\/06\/clara-sativa-sobre-cannabicas-los-derechos-de-las-mujeres-hay-que-pelearlos-todos-los-dias-del-ano\/\",\"name\":\"Clara Sativa, sobre \u201cCann\u00e1bicas\u201d: \u00abLos derechos de las mujeres hay que pelearlos todos los d\u00edas del a\u00f1o\u00bb\",\"isPartOf\":{\"@id\":\"https:\/\/www.cannabis.es\/pw\/#website\"},\"primaryImageOfPage\":{\"@id\":\"https:\/\/www.cannabis.es\/pw\/2021\/04\/06\/clara-sativa-sobre-cannabicas-los-derechos-de-las-mujeres-hay-que-pelearlos-todos-los-dias-del-ano\/#primaryimage\"},\"image\":{\"@id\":\"https:\/\/www.cannabis.es\/pw\/2021\/04\/06\/clara-sativa-sobre-cannabicas-los-derechos-de-las-mujeres-hay-que-pelearlos-todos-los-dias-del-ano\/#primaryimage\"},\"thumbnailUrl\":\"https:\/\/www.cannabis.es\/pw\/wp-content\/uploads\/2021\/04\/ClaraSativa.jpg\",\"datePublished\":\"2021-04-06T11:24:15+00:00\",\"dateModified\":\"2021-04-06T11:24:16+00:00\",\"description\":\"Entrada &#8226; Portal multimedia sobre cannabis y otras sustancias &#8226; 6 abril, 2021\",\"breadcrumb\":{\"@id\":\"https:\/\/www.cannabis.es\/pw\/2021\/04\/06\/clara-sativa-sobre-cannabicas-los-derechos-de-las-mujeres-hay-que-pelearlos-todos-los-dias-del-ano\/#breadcrumb\"},\"inLanguage\":\"es\",\"potentialAction\":[{\"@type\":\"ReadAction\",\"target\":[\"https:\/\/www.cannabis.es\/pw\/2021\/04\/06\/clara-sativa-sobre-cannabicas-los-derechos-de-las-mujeres-hay-que-pelearlos-todos-los-dias-del-ano\/\"]}]},{\"@type\":\"ImageObject\",\"inLanguage\":\"es\",\"@id\":\"https:\/\/www.cannabis.es\/pw\/2021\/04\/06\/clara-sativa-sobre-cannabicas-los-derechos-de-las-mujeres-hay-que-pelearlos-todos-los-dias-del-ano\/#primaryimage\",\"url\":\"https:\/\/www.cannabis.es\/pw\/wp-content\/uploads\/2021\/04\/ClaraSativa.jpg\",\"contentUrl\":\"https:\/\/www.cannabis.es\/pw\/wp-content\/uploads\/2021\/04\/ClaraSativa.jpg\",\"width\":804,\"height\":532},{\"@type\":\"BreadcrumbList\",\"@id\":\"https:\/\/www.cannabis.es\/pw\/2021\/04\/06\/clara-sativa-sobre-cannabicas-los-derechos-de-las-mujeres-hay-que-pelearlos-todos-los-dias-del-ano\/#breadcrumb\",\"itemListElement\":[{\"@type\":\"ListItem\",\"position\":1,\"name\":\"Portada\",\"item\":\"http:\/\/www.cannabis.es\/pw\/\"},{\"@type\":\"ListItem\",\"position\":2,\"name\":\"Clara Sativa, sobre \u201cCann\u00e1bicas\u201d: \u00abLos derechos de las mujeres hay que pelearlos todos los d\u00edas del a\u00f1o\u00bb\"}]},{\"@type\":\"WebSite\",\"@id\":\"https:\/\/www.cannabis.es\/pw\/#website\",\"url\":\"https:\/\/www.cannabis.es\/pw\/\",\"name\":\"Cannabis\",\"description\":\"Portal multimedia sobre cannabis y otras sustancias\",\"publisher\":{\"@id\":\"https:\/\/www.cannabis.es\/pw\/#organization\"},\"potentialAction\":[{\"@type\":\"SearchAction\",\"target\":{\"@type\":\"EntryPoint\",\"urlTemplate\":\"https:\/\/www.cannabis.es\/pw\/?s={search_term_string}\"},\"query-input\":{\"@type\":\"PropertyValueSpecification\",\"valueRequired\":true,\"valueName\":\"search_term_string\"}}],\"inLanguage\":\"es\"},{\"@type\":\"Organization\",\"@id\":\"https:\/\/www.cannabis.es\/pw\/#organization\",\"name\":\"Cannabis.es\",\"url\":\"https:\/\/www.cannabis.es\/pw\/\",\"logo\":{\"@type\":\"ImageObject\",\"inLanguage\":\"es\",\"@id\":\"https:\/\/www.cannabis.es\/pw\/#\/schema\/logo\/image\/\",\"url\":\"https:\/\/www.cannabis.es\/pw\/wp-content\/uploads\/2019\/04\/cropped-logo_cannabis.png\",\"contentUrl\":\"https:\/\/www.cannabis.es\/pw\/wp-content\/uploads\/2019\/04\/cropped-logo_cannabis.png\",\"width\":361,\"height\":120,\"caption\":\"Cannabis.es\"},\"image\":{\"@id\":\"https:\/\/www.cannabis.es\/pw\/#\/schema\/logo\/image\/\"},\"sameAs\":[\"https:\/\/x.com\/cannabis_es\"]},{\"@type\":\"Person\",\"@id\":\"https:\/\/www.cannabis.es\/pw\/#\/schema\/person\/ec770c03f3e99d770687f537f4ba1e89\",\"name\":\"Cannabis.es\",\"image\":{\"@type\":\"ImageObject\",\"inLanguage\":\"es\",\"@id\":\"https:\/\/www.cannabis.es\/pw\/#\/schema\/person\/image\/\",\"url\":\"https:\/\/secure.gravatar.com\/avatar\/810c93a3d6fadc3d9c2665b1d919a4aedea8ed4dd63689d001e985a804e90d83?s=96&d=mm&r=g\",\"contentUrl\":\"https:\/\/secure.gravatar.com\/avatar\/810c93a3d6fadc3d9c2665b1d919a4aedea8ed4dd63689d001e985a804e90d83?s=96&d=mm&r=g\",\"caption\":\"Cannabis.es\"},\"url\":\"https:\/\/www.cannabis.es\/pw\/author\/arnau\/\"}]}<\/script>\n<!-- \/ Yoast SEO plugin. -->","yoast_head_json":{"title":"Clara Sativa, sobre \u201cCann\u00e1bicas\u201d: \u00abLos derechos de las mujeres hay que pelearlos todos los d\u00edas del a\u00f1o\u00bb","description":"Entrada &#8226; Portal multimedia sobre cannabis y otras sustancias &#8226; 6 abril, 2021","robots":{"index":"index","follow":"follow","max-snippet":"max-snippet:-1","max-image-preview":"max-image-preview:large","max-video-preview":"max-video-preview:-1"},"canonical":"https:\/\/www.cannabis.es\/pw\/2021\/04\/06\/clara-sativa-sobre-cannabicas-los-derechos-de-las-mujeres-hay-que-pelearlos-todos-los-dias-del-ano\/","twitter_card":"summary_large_image","twitter_title":"Clara Sativa, sobre \u201cCann\u00e1bicas\u201d: \u00abLos derechos de las mujeres hay que pelearlos todos los d\u00edas del a\u00f1o\u00bb","twitter_description":"Entrada &#8226; Portal multimedia sobre cannabis y otras sustancias &#8226; 6 abril, 2021","twitter_image":"https:\/\/www.cannabis.es\/pw\/wp-content\/uploads\/2021\/04\/ClaraSativa.jpg","twitter_creator":"@cannabis_es","twitter_site":"@cannabis_es","twitter_misc":{"Escrito por":"Cannabis.es","Tiempo de lectura":"7 minutos"},"schema":{"@context":"https:\/\/schema.org","@graph":[{"@type":"Article","@id":"https:\/\/www.cannabis.es\/pw\/2021\/04\/06\/clara-sativa-sobre-cannabicas-los-derechos-de-las-mujeres-hay-que-pelearlos-todos-los-dias-del-ano\/#article","isPartOf":{"@id":"https:\/\/www.cannabis.es\/pw\/2021\/04\/06\/clara-sativa-sobre-cannabicas-los-derechos-de-las-mujeres-hay-que-pelearlos-todos-los-dias-del-ano\/"},"author":{"name":"Cannabis.es","@id":"https:\/\/www.cannabis.es\/pw\/#\/schema\/person\/ec770c03f3e99d770687f537f4ba1e89"},"headline":"Clara Sativa, sobre \u201cCann\u00e1bicas\u201d: \u00abLos derechos de las mujeres hay que pelearlos todos los d\u00edas del a\u00f1o\u00bb","datePublished":"2021-04-06T11:24:15+00:00","dateModified":"2021-04-06T11:24:16+00:00","mainEntityOfPage":{"@id":"https:\/\/www.cannabis.es\/pw\/2021\/04\/06\/clara-sativa-sobre-cannabicas-los-derechos-de-las-mujeres-hay-que-pelearlos-todos-los-dias-del-ano\/"},"wordCount":1496,"publisher":{"@id":"https:\/\/www.cannabis.es\/pw\/#organization"},"image":{"@id":"https:\/\/www.cannabis.es\/pw\/2021\/04\/06\/clara-sativa-sobre-cannabicas-los-derechos-de-las-mujeres-hay-que-pelearlos-todos-los-dias-del-ano\/#primaryimage"},"thumbnailUrl":"https:\/\/www.cannabis.es\/pw\/wp-content\/uploads\/2021\/04\/ClaraSativa.jpg","keywords":["Benito D\u00edaz","cannabis","Mujeres Cann\u00e1bicas"],"articleSection":["Entrevistas"],"inLanguage":"es"},{"@type":"WebPage","@id":"https:\/\/www.cannabis.es\/pw\/2021\/04\/06\/clara-sativa-sobre-cannabicas-los-derechos-de-las-mujeres-hay-que-pelearlos-todos-los-dias-del-ano\/","url":"https:\/\/www.cannabis.es\/pw\/2021\/04\/06\/clara-sativa-sobre-cannabicas-los-derechos-de-las-mujeres-hay-que-pelearlos-todos-los-dias-del-ano\/","name":"Clara Sativa, sobre \u201cCann\u00e1bicas\u201d: \u00abLos derechos de las mujeres hay que pelearlos todos los d\u00edas del a\u00f1o\u00bb","isPartOf":{"@id":"https:\/\/www.cannabis.es\/pw\/#website"},"primaryImageOfPage":{"@id":"https:\/\/www.cannabis.es\/pw\/2021\/04\/06\/clara-sativa-sobre-cannabicas-los-derechos-de-las-mujeres-hay-que-pelearlos-todos-los-dias-del-ano\/#primaryimage"},"image":{"@id":"https:\/\/www.cannabis.es\/pw\/2021\/04\/06\/clara-sativa-sobre-cannabicas-los-derechos-de-las-mujeres-hay-que-pelearlos-todos-los-dias-del-ano\/#primaryimage"},"thumbnailUrl":"https:\/\/www.cannabis.es\/pw\/wp-content\/uploads\/2021\/04\/ClaraSativa.jpg","datePublished":"2021-04-06T11:24:15+00:00","dateModified":"2021-04-06T11:24:16+00:00","description":"Entrada &#8226; Portal multimedia sobre cannabis y otras sustancias &#8226; 6 abril, 2021","breadcrumb":{"@id":"https:\/\/www.cannabis.es\/pw\/2021\/04\/06\/clara-sativa-sobre-cannabicas-los-derechos-de-las-mujeres-hay-que-pelearlos-todos-los-dias-del-ano\/#breadcrumb"},"inLanguage":"es","potentialAction":[{"@type":"ReadAction","target":["https:\/\/www.cannabis.es\/pw\/2021\/04\/06\/clara-sativa-sobre-cannabicas-los-derechos-de-las-mujeres-hay-que-pelearlos-todos-los-dias-del-ano\/"]}]},{"@type":"ImageObject","inLanguage":"es","@id":"https:\/\/www.cannabis.es\/pw\/2021\/04\/06\/clara-sativa-sobre-cannabicas-los-derechos-de-las-mujeres-hay-que-pelearlos-todos-los-dias-del-ano\/#primaryimage","url":"https:\/\/www.cannabis.es\/pw\/wp-content\/uploads\/2021\/04\/ClaraSativa.jpg","contentUrl":"https:\/\/www.cannabis.es\/pw\/wp-content\/uploads\/2021\/04\/ClaraSativa.jpg","width":804,"height":532},{"@type":"BreadcrumbList","@id":"https:\/\/www.cannabis.es\/pw\/2021\/04\/06\/clara-sativa-sobre-cannabicas-los-derechos-de-las-mujeres-hay-que-pelearlos-todos-los-dias-del-ano\/#breadcrumb","itemListElement":[{"@type":"ListItem","position":1,"name":"Portada","item":"http:\/\/www.cannabis.es\/pw\/"},{"@type":"ListItem","position":2,"name":"Clara Sativa, sobre \u201cCann\u00e1bicas\u201d: \u00abLos derechos de las mujeres hay que pelearlos todos los d\u00edas del a\u00f1o\u00bb"}]},{"@type":"WebSite","@id":"https:\/\/www.cannabis.es\/pw\/#website","url":"https:\/\/www.cannabis.es\/pw\/","name":"Cannabis","description":"Portal multimedia sobre cannabis y otras sustancias","publisher":{"@id":"https:\/\/www.cannabis.es\/pw\/#organization"},"potentialAction":[{"@type":"SearchAction","target":{"@type":"EntryPoint","urlTemplate":"https:\/\/www.cannabis.es\/pw\/?s={search_term_string}"},"query-input":{"@type":"PropertyValueSpecification","valueRequired":true,"valueName":"search_term_string"}}],"inLanguage":"es"},{"@type":"Organization","@id":"https:\/\/www.cannabis.es\/pw\/#organization","name":"Cannabis.es","url":"https:\/\/www.cannabis.es\/pw\/","logo":{"@type":"ImageObject","inLanguage":"es","@id":"https:\/\/www.cannabis.es\/pw\/#\/schema\/logo\/image\/","url":"https:\/\/www.cannabis.es\/pw\/wp-content\/uploads\/2019\/04\/cropped-logo_cannabis.png","contentUrl":"https:\/\/www.cannabis.es\/pw\/wp-content\/uploads\/2019\/04\/cropped-logo_cannabis.png","width":361,"height":120,"caption":"Cannabis.es"},"image":{"@id":"https:\/\/www.cannabis.es\/pw\/#\/schema\/logo\/image\/"},"sameAs":["https:\/\/x.com\/cannabis_es"]},{"@type":"Person","@id":"https:\/\/www.cannabis.es\/pw\/#\/schema\/person\/ec770c03f3e99d770687f537f4ba1e89","name":"Cannabis.es","image":{"@type":"ImageObject","inLanguage":"es","@id":"https:\/\/www.cannabis.es\/pw\/#\/schema\/person\/image\/","url":"https:\/\/secure.gravatar.com\/avatar\/810c93a3d6fadc3d9c2665b1d919a4aedea8ed4dd63689d001e985a804e90d83?s=96&d=mm&r=g","contentUrl":"https:\/\/secure.gravatar.com\/avatar\/810c93a3d6fadc3d9c2665b1d919a4aedea8ed4dd63689d001e985a804e90d83?s=96&d=mm&r=g","caption":"Cannabis.es"},"url":"https:\/\/www.cannabis.es\/pw\/author\/arnau\/"}]}},"_links":{"self":[{"href":"https:\/\/www.cannabis.es\/pw\/wp-json\/wp\/v2\/posts\/6891","targetHints":{"allow":["GET"]}}],"collection":[{"href":"https:\/\/www.cannabis.es\/pw\/wp-json\/wp\/v2\/posts"}],"about":[{"href":"https:\/\/www.cannabis.es\/pw\/wp-json\/wp\/v2\/types\/post"}],"author":[{"embeddable":true,"href":"https:\/\/www.cannabis.es\/pw\/wp-json\/wp\/v2\/users\/3"}],"replies":[{"embeddable":true,"href":"https:\/\/www.cannabis.es\/pw\/wp-json\/wp\/v2\/comments?post=6891"}],"version-history":[{"count":2,"href":"https:\/\/www.cannabis.es\/pw\/wp-json\/wp\/v2\/posts\/6891\/revisions"}],"predecessor-version":[{"id":6894,"href":"https:\/\/www.cannabis.es\/pw\/wp-json\/wp\/v2\/posts\/6891\/revisions\/6894"}],"wp:featuredmedia":[{"embeddable":true,"href":"https:\/\/www.cannabis.es\/pw\/wp-json\/wp\/v2\/media\/6893"}],"wp:attachment":[{"href":"https:\/\/www.cannabis.es\/pw\/wp-json\/wp\/v2\/media?parent=6891"}],"wp:term":[{"taxonomy":"category","embeddable":true,"href":"https:\/\/www.cannabis.es\/pw\/wp-json\/wp\/v2\/categories?post=6891"},{"taxonomy":"post_tag","embeddable":true,"href":"https:\/\/www.cannabis.es\/pw\/wp-json\/wp\/v2\/tags?post=6891"}],"curies":[{"name":"wp","href":"https:\/\/api.w.org\/{rel}","templated":true}]}}