{"id":6910,"date":"2021-04-15T10:45:42","date_gmt":"2021-04-15T08:45:42","guid":{"rendered":"https:\/\/www.cannabis.es\/pw\/?p=6910"},"modified":"2021-04-15T14:13:30","modified_gmt":"2021-04-15T12:13:30","slug":"espana-recuerda-que-el-cbd-es-ilegal-contra-su-obligacion-europea","status":"publish","type":"post","link":"https:\/\/www.cannabis.es\/pw\/2021\/04\/15\/espana-recuerda-que-el-cbd-es-ilegal-contra-su-obligacion-europea\/","title":{"rendered":"Espa\u00f1a recuerda que el CBD es ilegal contra su obligaci\u00f3n europea"},"content":{"rendered":"\n<p>Arnau Alcaide<br><br>El Ministerio de Agricultura <a href=\"https:\/\/www.mapa.gob.es\/es\/agricultura\/temas\/producciones-agricolas\/notainformativasobreelcultivodecanamo_tcm30-560351.pdf\">publica la nota informativa sobre el cultivo de c\u00e1\u00f1amo<\/a> en la que se estaban basando las informaciones restrictivas que vienen apareciendo en las Comunidades Aut\u00f3nomas con una redacci\u00f3n similar desde marzo. En ella, aparece la prohibici\u00f3n de comercializar partes del c\u00e1\u00f1amo producidas legalmente: su flor o derivados, al considerarlos estupefacientes. Una postura que se asume inequ\u00edvoca en el texto y no obstante <a href=\"https:\/\/www.cannabis.es\/pw\/2020\/11\/20\/un-fallo-judicial-legaliza-el-cbd-en-la-union-europea-y-espana-no-podra-incautar\/\">contradice la sentencia C-663\/18 del Tribunal Europeo de Justicia<\/a>, que dice que para impedir \u00abel comercio\u00bb habr\u00e1 que presentar pruebas de que la peligrosidad por la que se obstruye no est\u00e1 basada en \u00abconsideraciones hipot\u00e9ticas\u00bb.<\/p>\n\n\n\n<figure class=\"wp-block-image size-large\"><img loading=\"lazy\" decoding=\"async\" width=\"757\" height=\"295\" src=\"https:\/\/www.cannabis.es\/pw\/wp-content\/uploads\/2021\/04\/image.png\" alt=\"\" class=\"wp-image-6911\" srcset=\"https:\/\/www.cannabis.es\/pw\/wp-content\/uploads\/2021\/04\/image.png 757w, https:\/\/www.cannabis.es\/pw\/wp-content\/uploads\/2021\/04\/image-300x117.png 300w, https:\/\/www.cannabis.es\/pw\/wp-content\/uploads\/2021\/04\/image-600x234.png 600w\" sizes=\"auto, (max-width: 757px) 100vw, 757px\" \/><\/figure>\n\n\n\n<p>El texto recuerda que solamente las semillas y los derivados que de ellas se obtengan son legalmente un alimento, pero obvia que la comercializaci\u00f3n de las flores se produce como un producto industrial con fines arom\u00e1ticos y, dado que no puede presentar pruebas objetivas de su peligrosidad, tampoco puede obstruir el comercio dentro del Mercado Com\u00fan. Es por lo tanto inherente a la legalidad del cultivo de c\u00e1\u00f1amo la posibilidad de extraer y comerciar CBD de las flores, como dice literal dicha sentencia y<a href=\"https:\/\/www.cannabis.es\/pw\/2020\/12\/07\/la-ue-confirma-que-el-cbd-no-es-droga-y-retoma-las-solicitudes-interrumpidas-de-nuevo-alimento\/\"> ratific\u00f3 despu\u00e9s la Comisi\u00f3n Europea<\/a>. Y se puede anticipar, sin tener que hacer mucha extensi\u00f3n de ello, que lo mismo se aplica para la flor.<\/p>\n\n\n\n<figure class=\"wp-block-image size-large\"><img loading=\"lazy\" decoding=\"async\" width=\"745\" height=\"148\" src=\"https:\/\/www.cannabis.es\/pw\/wp-content\/uploads\/2021\/04\/image-1.png\" alt=\"\" class=\"wp-image-6912\" srcset=\"https:\/\/www.cannabis.es\/pw\/wp-content\/uploads\/2021\/04\/image-1.png 745w, https:\/\/www.cannabis.es\/pw\/wp-content\/uploads\/2021\/04\/image-1-300x60.png 300w, https:\/\/www.cannabis.es\/pw\/wp-content\/uploads\/2021\/04\/image-1-600x119.png 600w\" sizes=\"auto, (max-width: 745px) 100vw, 745px\" \/><figcaption>La sentencia europea ya dice que la ley francesa no es&nbsp;\u201capropiada para atender de forma consistente y resumida el objetivo de proteger la Salud P\u00fablica\u201d precisamente porque no proh\u00edbe el CBD, sino obtenerlo de la planta.<\/figcaption><\/figure>\n\n\n\n<p>Hugo Madera, conocido periodista y portavoz del Observatorio Europeo de Consumo y Cultivo de Cannabis, el organismo sin \u00e1nimo de lucro que realiza producci\u00f3n acad\u00e9mica y regulatoria para la pol\u00edtica p\u00fablica, lo valoraba as\u00ed:<em> \u00abEso de qu\u00e9 es legal y qu\u00e9 no lo decidir\u00e1n los jueces, que ni AEMPS ni agricultura forman parte del poder judicial. Se est\u00e1n extralimitando. <a href=\"https:\/\/observatoriocannabis.com\/el-oeccc-desmiente-las-interpretacion-de-la-agencia-espanola-del-medicamento-y-productos-sanitarios-sobre-el-cultivo-de-canamo\/\">Ya respondimos a estas patra\u00f1as hace un par de semanas<\/a>\u00ab.<\/em><br><br>Entonces, cuando apareci\u00f3 la informaci\u00f3n adaptada, pero replicada, en diferentes Comunidades, el OECCC escrib\u00eda: <em><span class=\"has-inline-color has-luminous-vivid-orange-color\">\u00abSe basa \u00fanicamente en &#8216;la interpretaci\u00f3n oficial del Convenio de 1961&#8217;, cuando solo se trata de una de las interpretaciones, en concreto la realizada por la AEMPS. Pero esta postura de la AEMPS es absolutamente contradictoria a la Interpretaci\u00f3n dada por el Instituto de Farmacia y Toxicolog\u00eda, como ha quedado patente en los procedimientos judiciales seguidos contra Productores de C\u00e1\u00f1amo o Tiendas de CBD. En respuesta a requerimientos judiciales solicitando informaci\u00f3n sobre qu\u00e9 es el CBD, o si est\u00e1 fiscalizado, el Instituto de Farmacia y Toxicolog\u00eda viene afirmando que si el porcentaje de THC es inferior al 0.2, estar\u00edamos ante una sustancia no fiscalizada\u00bb.<\/span><\/em><\/p>\n\n\n\n<p>Esta semana, el OECCC tambi\u00e9n nos advert\u00eda de que la <a href=\"https:\/\/www.cannabis.es\/pw\/2020\/12\/03\/la-onu-reconoce-el-valor-terapeutico-de-la-cannabis-desambiguandola\/\">Junta Internacional de Fiscalizaci\u00f3n de Estupefacientes<\/a> de las Naciones Unidas, que vela por el control de sus acuerdos de drogas, est\u00e1 solicitando informaci\u00f3n a los pa\u00edses sobre la producci\u00f3n de cannabis medicinal ante la apertura del mercado, lo que da a entender que seguir\u00e1 sin favorecer democratizar el acceso a la planta, manteniendo el r\u00e9gimen de veto, exclusivo para empresas licenciadas.<\/p>\n\n\n\n<p>Adem\u00e1s, el organismo <a href=\"https:\/\/observatoriocannabis.com\/expertos-piden-participacion-de-la-sociedad-civil-y-respeto-a-derechos-humanos-en-la-iniciativa-cannabis-que-prepara-la-jife\/\">nos avisa de que Espa\u00f1a no ha consultado entre la ciudadan\u00eda c\u00f3mo va a contestar a esta respuesta, que servir\u00e1 con car\u00e1cter informativo pero contribuir\u00e1 a definir un panorama global de la producci\u00f3n de cannabis medicinal<\/a> y c\u00f3mo va a ser esta, por lo que est\u00e1 en juego una posici\u00f3n m\u00e1s abierta, beneficiosa para todo el mundo, que podr\u00eda trasladar Espa\u00f1a.<\/p>\n\n\n\n<figure class=\"wp-block-image size-large\"><img loading=\"lazy\" decoding=\"async\" width=\"804\" height=\"532\" src=\"https:\/\/www.cannabis.es\/pw\/wp-content\/uploads\/2021\/04\/boebusters.jpg\" alt=\"\" class=\"wp-image-6917\" srcset=\"https:\/\/www.cannabis.es\/pw\/wp-content\/uploads\/2021\/04\/boebusters.jpg 804w, https:\/\/www.cannabis.es\/pw\/wp-content\/uploads\/2021\/04\/boebusters-300x199.jpg 300w, https:\/\/www.cannabis.es\/pw\/wp-content\/uploads\/2021\/04\/boebusters-768x508.jpg 768w, https:\/\/www.cannabis.es\/pw\/wp-content\/uploads\/2021\/04\/boebusters-600x397.jpg 600w\" sizes=\"auto, (max-width: 804px) 100vw, 804px\" \/><\/figure>\n\n\n\n<h2 class=\"wp-block-heading\">Una interpretaci\u00f3n crucial<\/h2>\n\n\n\n<p>La importancia de la interpretaci\u00f3n de la Agencia Espa\u00f1ola del Medicamento, a la que se refiere Agricultura cuando emite esta nota legalmente no vinculante de car\u00e1cter informativo, es que est\u00e1 ejerciendo de organismo de referencia por el poder judicial en el marco normativo, es decir que los jueces la consultan para verificar la legalidad de los cultivos cuando sus propietarios son procesados. Pese a que legalidad del cultivo de c\u00e1\u00f1amo es de obligado cumplimiento por los estados miembros, en la actualidad, se puede ir a la c\u00e1rcel en Espa\u00f1a por producir y comerciar con las flores o sus derivados, algo legal en la Uni\u00f3n Europea.<\/p>\n","protected":false},"excerpt":{"rendered":"<span class=\"span-reading-time rt-reading-time\" style=\"display: block;\"><span class=\"rt-label rt-prefix\">Tiempo de lectura:<\/span> <span class=\"rt-time\"> 3<\/span> <span class=\"rt-label rt-postfix\">minutos<\/span><\/span>Arnau AlcaideEl Ministerio de Agricultura publica la nota informativa sobre el cultivo de c\u00e1\u00f1amo en la que se estaban basando las informaciones restrictivas que vienen apareciendo en las Comunidades Aut\u00f3nomas con una redacci\u00f3n similar desde marzo. En ella, aparece la prohibici\u00f3n de comercializar partes del c\u00e1\u00f1amo producidas legalmente: su flor o derivados, al considerarlos estupefacientes. [&hellip;]","protected":false},"author":3,"featured_media":6917,"comment_status":"closed","ping_status":"closed","sticky":false,"template":"","format":"standard","meta":{"loftocean-featured-post":"","loftocean_post_format_gallery":"","loftocean_post_format_gallery_ids":"","loftocean_post_format_gallery_urls":"","loftocean_post_format_video_id":"","loftocean_post_format_video_url":"","loftocean_post_format_video_type":"","loftocean_post_format_video":"","loftocean_post_format_audio_type":"","loftocean_post_format_audio_url":"","loftocean_post_format_audio_id":"","loftocean_post_format_audio":"","loftocean_post_format_quote_text":"","loftocean_post_format_quote_byline":"","loftocean_post_format_link_text":"","loftocean_post_format_link_url":"","ceramag_post_header_style":"","ceramag_enable_background_video":"","ceramag_show_in_top_slider":"","ceramag_post_background_video_start":"","ceramag_post_background_video_end":"","loftocean_page_background_video_id":"","loftocean_page_background_video_url":"","loftocean_page_background_video_type":"","loftocean_page_background_video":"","ceramag_background_video_start":"","ceramag_background_video_end":"","ceramag_single_page_hide_header":"","footnotes":""},"categories":[35],"tags":[540,487,41,551,42],"class_list":["post-6910","post","type-post","status-publish","format-standard","has-post-thumbnail","hentry","category-politica-y-sociedad","tag-arnau-alcaide","tag-canamo","tag-cannabis","tag-cbd","tag-politica"],"yoast_head":"<!-- This site is optimized with the Yoast SEO plugin v24.9 - https:\/\/yoast.com\/wordpress\/plugins\/seo\/ -->\n<title>Espa\u00f1a recuerda que el CBD es ilegal contra su obligaci\u00f3n europea<\/title>\n<meta name=\"description\" content=\"Entrada &#8226; Portal multimedia sobre cannabis y otras sustancias &#8226; 15 abril, 2021\" \/>\n<meta name=\"robots\" content=\"index, follow, max-snippet:-1, max-image-preview:large, max-video-preview:-1\" \/>\n<link rel=\"canonical\" href=\"https:\/\/www.cannabis.es\/pw\/2021\/04\/15\/espana-recuerda-que-el-cbd-es-ilegal-contra-su-obligacion-europea\/\" \/>\n<meta name=\"twitter:card\" content=\"summary_large_image\" \/>\n<meta name=\"twitter:title\" content=\"Espa\u00f1a recuerda que el CBD es ilegal contra su obligaci\u00f3n europea\" \/>\n<meta name=\"twitter:description\" content=\"Entrada &#8226; Portal multimedia sobre cannabis y otras sustancias &#8226; 15 abril, 2021\" \/>\n<meta name=\"twitter:image\" content=\"https:\/\/www.cannabis.es\/pw\/wp-content\/uploads\/2021\/04\/boebusters.jpg\" \/>\n<meta name=\"twitter:creator\" content=\"@cannabis_es\" \/>\n<meta name=\"twitter:site\" content=\"@cannabis_es\" \/>\n<meta name=\"twitter:label1\" content=\"Escrito por\" \/>\n\t<meta name=\"twitter:data1\" content=\"Cannabis.es\" \/>\n\t<meta name=\"twitter:label2\" content=\"Tiempo de lectura\" \/>\n\t<meta name=\"twitter:data2\" content=\"4 minutos\" \/>\n<script type=\"application\/ld+json\" class=\"yoast-schema-graph\">{\"@context\":\"https:\/\/schema.org\",\"@graph\":[{\"@type\":\"Article\",\"@id\":\"https:\/\/www.cannabis.es\/pw\/2021\/04\/15\/espana-recuerda-que-el-cbd-es-ilegal-contra-su-obligacion-europea\/#article\",\"isPartOf\":{\"@id\":\"https:\/\/www.cannabis.es\/pw\/2021\/04\/15\/espana-recuerda-que-el-cbd-es-ilegal-contra-su-obligacion-europea\/\"},\"author\":{\"name\":\"Cannabis.es\",\"@id\":\"https:\/\/www.cannabis.es\/pw\/#\/schema\/person\/ec770c03f3e99d770687f537f4ba1e89\"},\"headline\":\"Espa\u00f1a recuerda que el CBD es ilegal contra su obligaci\u00f3n europea\",\"datePublished\":\"2021-04-15T08:45:42+00:00\",\"dateModified\":\"2021-04-15T12:13:30+00:00\",\"mainEntityOfPage\":{\"@id\":\"https:\/\/www.cannabis.es\/pw\/2021\/04\/15\/espana-recuerda-que-el-cbd-es-ilegal-contra-su-obligacion-europea\/\"},\"wordCount\":750,\"publisher\":{\"@id\":\"https:\/\/www.cannabis.es\/pw\/#organization\"},\"image\":{\"@id\":\"https:\/\/www.cannabis.es\/pw\/2021\/04\/15\/espana-recuerda-que-el-cbd-es-ilegal-contra-su-obligacion-europea\/#primaryimage\"},\"thumbnailUrl\":\"https:\/\/www.cannabis.es\/pw\/wp-content\/uploads\/2021\/04\/boebusters.jpg\",\"keywords\":[\"Arnau Alcaide\",\"c\u00e1\u00f1amo\",\"cannabis\",\"CBD\",\"pol\u00edtica\"],\"articleSection\":[\"Pol\u00edtica y Sociedad\"],\"inLanguage\":\"es\"},{\"@type\":\"WebPage\",\"@id\":\"https:\/\/www.cannabis.es\/pw\/2021\/04\/15\/espana-recuerda-que-el-cbd-es-ilegal-contra-su-obligacion-europea\/\",\"url\":\"https:\/\/www.cannabis.es\/pw\/2021\/04\/15\/espana-recuerda-que-el-cbd-es-ilegal-contra-su-obligacion-europea\/\",\"name\":\"Espa\u00f1a recuerda que el CBD es ilegal contra su obligaci\u00f3n europea\",\"isPartOf\":{\"@id\":\"https:\/\/www.cannabis.es\/pw\/#website\"},\"primaryImageOfPage\":{\"@id\":\"https:\/\/www.cannabis.es\/pw\/2021\/04\/15\/espana-recuerda-que-el-cbd-es-ilegal-contra-su-obligacion-europea\/#primaryimage\"},\"image\":{\"@id\":\"https:\/\/www.cannabis.es\/pw\/2021\/04\/15\/espana-recuerda-que-el-cbd-es-ilegal-contra-su-obligacion-europea\/#primaryimage\"},\"thumbnailUrl\":\"https:\/\/www.cannabis.es\/pw\/wp-content\/uploads\/2021\/04\/boebusters.jpg\",\"datePublished\":\"2021-04-15T08:45:42+00:00\",\"dateModified\":\"2021-04-15T12:13:30+00:00\",\"description\":\"Entrada &#8226; Portal multimedia sobre cannabis y otras sustancias &#8226; 15 abril, 2021\",\"breadcrumb\":{\"@id\":\"https:\/\/www.cannabis.es\/pw\/2021\/04\/15\/espana-recuerda-que-el-cbd-es-ilegal-contra-su-obligacion-europea\/#breadcrumb\"},\"inLanguage\":\"es\",\"potentialAction\":[{\"@type\":\"ReadAction\",\"target\":[\"https:\/\/www.cannabis.es\/pw\/2021\/04\/15\/espana-recuerda-que-el-cbd-es-ilegal-contra-su-obligacion-europea\/\"]}]},{\"@type\":\"ImageObject\",\"inLanguage\":\"es\",\"@id\":\"https:\/\/www.cannabis.es\/pw\/2021\/04\/15\/espana-recuerda-que-el-cbd-es-ilegal-contra-su-obligacion-europea\/#primaryimage\",\"url\":\"https:\/\/www.cannabis.es\/pw\/wp-content\/uploads\/2021\/04\/boebusters.jpg\",\"contentUrl\":\"https:\/\/www.cannabis.es\/pw\/wp-content\/uploads\/2021\/04\/boebusters.jpg\",\"width\":804,\"height\":532},{\"@type\":\"BreadcrumbList\",\"@id\":\"https:\/\/www.cannabis.es\/pw\/2021\/04\/15\/espana-recuerda-que-el-cbd-es-ilegal-contra-su-obligacion-europea\/#breadcrumb\",\"itemListElement\":[{\"@type\":\"ListItem\",\"position\":1,\"name\":\"Portada\",\"item\":\"http:\/\/www.cannabis.es\/pw\/\"},{\"@type\":\"ListItem\",\"position\":2,\"name\":\"Espa\u00f1a recuerda que el CBD es ilegal contra su obligaci\u00f3n europea\"}]},{\"@type\":\"WebSite\",\"@id\":\"https:\/\/www.cannabis.es\/pw\/#website\",\"url\":\"https:\/\/www.cannabis.es\/pw\/\",\"name\":\"Cannabis\",\"description\":\"Portal multimedia sobre cannabis y otras sustancias\",\"publisher\":{\"@id\":\"https:\/\/www.cannabis.es\/pw\/#organization\"},\"potentialAction\":[{\"@type\":\"SearchAction\",\"target\":{\"@type\":\"EntryPoint\",\"urlTemplate\":\"https:\/\/www.cannabis.es\/pw\/?s={search_term_string}\"},\"query-input\":{\"@type\":\"PropertyValueSpecification\",\"valueRequired\":true,\"valueName\":\"search_term_string\"}}],\"inLanguage\":\"es\"},{\"@type\":\"Organization\",\"@id\":\"https:\/\/www.cannabis.es\/pw\/#organization\",\"name\":\"Cannabis.es\",\"url\":\"https:\/\/www.cannabis.es\/pw\/\",\"logo\":{\"@type\":\"ImageObject\",\"inLanguage\":\"es\",\"@id\":\"https:\/\/www.cannabis.es\/pw\/#\/schema\/logo\/image\/\",\"url\":\"https:\/\/www.cannabis.es\/pw\/wp-content\/uploads\/2019\/04\/cropped-logo_cannabis.png\",\"contentUrl\":\"https:\/\/www.cannabis.es\/pw\/wp-content\/uploads\/2019\/04\/cropped-logo_cannabis.png\",\"width\":361,\"height\":120,\"caption\":\"Cannabis.es\"},\"image\":{\"@id\":\"https:\/\/www.cannabis.es\/pw\/#\/schema\/logo\/image\/\"},\"sameAs\":[\"https:\/\/x.com\/cannabis_es\"]},{\"@type\":\"Person\",\"@id\":\"https:\/\/www.cannabis.es\/pw\/#\/schema\/person\/ec770c03f3e99d770687f537f4ba1e89\",\"name\":\"Cannabis.es\",\"image\":{\"@type\":\"ImageObject\",\"inLanguage\":\"es\",\"@id\":\"https:\/\/www.cannabis.es\/pw\/#\/schema\/person\/image\/\",\"url\":\"https:\/\/secure.gravatar.com\/avatar\/810c93a3d6fadc3d9c2665b1d919a4aedea8ed4dd63689d001e985a804e90d83?s=96&d=mm&r=g\",\"contentUrl\":\"https:\/\/secure.gravatar.com\/avatar\/810c93a3d6fadc3d9c2665b1d919a4aedea8ed4dd63689d001e985a804e90d83?s=96&d=mm&r=g\",\"caption\":\"Cannabis.es\"},\"url\":\"https:\/\/www.cannabis.es\/pw\/author\/arnau\/\"}]}<\/script>\n<!-- \/ Yoast SEO plugin. -->","yoast_head_json":{"title":"Espa\u00f1a recuerda que el CBD es ilegal contra su obligaci\u00f3n europea","description":"Entrada &#8226; Portal multimedia sobre cannabis y otras sustancias &#8226; 15 abril, 2021","robots":{"index":"index","follow":"follow","max-snippet":"max-snippet:-1","max-image-preview":"max-image-preview:large","max-video-preview":"max-video-preview:-1"},"canonical":"https:\/\/www.cannabis.es\/pw\/2021\/04\/15\/espana-recuerda-que-el-cbd-es-ilegal-contra-su-obligacion-europea\/","twitter_card":"summary_large_image","twitter_title":"Espa\u00f1a recuerda que el CBD es ilegal contra su obligaci\u00f3n europea","twitter_description":"Entrada &#8226; Portal multimedia sobre cannabis y otras sustancias &#8226; 15 abril, 2021","twitter_image":"https:\/\/www.cannabis.es\/pw\/wp-content\/uploads\/2021\/04\/boebusters.jpg","twitter_creator":"@cannabis_es","twitter_site":"@cannabis_es","twitter_misc":{"Escrito por":"Cannabis.es","Tiempo de lectura":"4 minutos"},"schema":{"@context":"https:\/\/schema.org","@graph":[{"@type":"Article","@id":"https:\/\/www.cannabis.es\/pw\/2021\/04\/15\/espana-recuerda-que-el-cbd-es-ilegal-contra-su-obligacion-europea\/#article","isPartOf":{"@id":"https:\/\/www.cannabis.es\/pw\/2021\/04\/15\/espana-recuerda-que-el-cbd-es-ilegal-contra-su-obligacion-europea\/"},"author":{"name":"Cannabis.es","@id":"https:\/\/www.cannabis.es\/pw\/#\/schema\/person\/ec770c03f3e99d770687f537f4ba1e89"},"headline":"Espa\u00f1a recuerda que el CBD es ilegal contra su obligaci\u00f3n europea","datePublished":"2021-04-15T08:45:42+00:00","dateModified":"2021-04-15T12:13:30+00:00","mainEntityOfPage":{"@id":"https:\/\/www.cannabis.es\/pw\/2021\/04\/15\/espana-recuerda-que-el-cbd-es-ilegal-contra-su-obligacion-europea\/"},"wordCount":750,"publisher":{"@id":"https:\/\/www.cannabis.es\/pw\/#organization"},"image":{"@id":"https:\/\/www.cannabis.es\/pw\/2021\/04\/15\/espana-recuerda-que-el-cbd-es-ilegal-contra-su-obligacion-europea\/#primaryimage"},"thumbnailUrl":"https:\/\/www.cannabis.es\/pw\/wp-content\/uploads\/2021\/04\/boebusters.jpg","keywords":["Arnau Alcaide","c\u00e1\u00f1amo","cannabis","CBD","pol\u00edtica"],"articleSection":["Pol\u00edtica y Sociedad"],"inLanguage":"es"},{"@type":"WebPage","@id":"https:\/\/www.cannabis.es\/pw\/2021\/04\/15\/espana-recuerda-que-el-cbd-es-ilegal-contra-su-obligacion-europea\/","url":"https:\/\/www.cannabis.es\/pw\/2021\/04\/15\/espana-recuerda-que-el-cbd-es-ilegal-contra-su-obligacion-europea\/","name":"Espa\u00f1a recuerda que el CBD es ilegal contra su obligaci\u00f3n europea","isPartOf":{"@id":"https:\/\/www.cannabis.es\/pw\/#website"},"primaryImageOfPage":{"@id":"https:\/\/www.cannabis.es\/pw\/2021\/04\/15\/espana-recuerda-que-el-cbd-es-ilegal-contra-su-obligacion-europea\/#primaryimage"},"image":{"@id":"https:\/\/www.cannabis.es\/pw\/2021\/04\/15\/espana-recuerda-que-el-cbd-es-ilegal-contra-su-obligacion-europea\/#primaryimage"},"thumbnailUrl":"https:\/\/www.cannabis.es\/pw\/wp-content\/uploads\/2021\/04\/boebusters.jpg","datePublished":"2021-04-15T08:45:42+00:00","dateModified":"2021-04-15T12:13:30+00:00","description":"Entrada &#8226; Portal multimedia sobre cannabis y otras sustancias &#8226; 15 abril, 2021","breadcrumb":{"@id":"https:\/\/www.cannabis.es\/pw\/2021\/04\/15\/espana-recuerda-que-el-cbd-es-ilegal-contra-su-obligacion-europea\/#breadcrumb"},"inLanguage":"es","potentialAction":[{"@type":"ReadAction","target":["https:\/\/www.cannabis.es\/pw\/2021\/04\/15\/espana-recuerda-que-el-cbd-es-ilegal-contra-su-obligacion-europea\/"]}]},{"@type":"ImageObject","inLanguage":"es","@id":"https:\/\/www.cannabis.es\/pw\/2021\/04\/15\/espana-recuerda-que-el-cbd-es-ilegal-contra-su-obligacion-europea\/#primaryimage","url":"https:\/\/www.cannabis.es\/pw\/wp-content\/uploads\/2021\/04\/boebusters.jpg","contentUrl":"https:\/\/www.cannabis.es\/pw\/wp-content\/uploads\/2021\/04\/boebusters.jpg","width":804,"height":532},{"@type":"BreadcrumbList","@id":"https:\/\/www.cannabis.es\/pw\/2021\/04\/15\/espana-recuerda-que-el-cbd-es-ilegal-contra-su-obligacion-europea\/#breadcrumb","itemListElement":[{"@type":"ListItem","position":1,"name":"Portada","item":"http:\/\/www.cannabis.es\/pw\/"},{"@type":"ListItem","position":2,"name":"Espa\u00f1a recuerda que el CBD es ilegal contra su obligaci\u00f3n europea"}]},{"@type":"WebSite","@id":"https:\/\/www.cannabis.es\/pw\/#website","url":"https:\/\/www.cannabis.es\/pw\/","name":"Cannabis","description":"Portal multimedia sobre cannabis y otras sustancias","publisher":{"@id":"https:\/\/www.cannabis.es\/pw\/#organization"},"potentialAction":[{"@type":"SearchAction","target":{"@type":"EntryPoint","urlTemplate":"https:\/\/www.cannabis.es\/pw\/?s={search_term_string}"},"query-input":{"@type":"PropertyValueSpecification","valueRequired":true,"valueName":"search_term_string"}}],"inLanguage":"es"},{"@type":"Organization","@id":"https:\/\/www.cannabis.es\/pw\/#organization","name":"Cannabis.es","url":"https:\/\/www.cannabis.es\/pw\/","logo":{"@type":"ImageObject","inLanguage":"es","@id":"https:\/\/www.cannabis.es\/pw\/#\/schema\/logo\/image\/","url":"https:\/\/www.cannabis.es\/pw\/wp-content\/uploads\/2019\/04\/cropped-logo_cannabis.png","contentUrl":"https:\/\/www.cannabis.es\/pw\/wp-content\/uploads\/2019\/04\/cropped-logo_cannabis.png","width":361,"height":120,"caption":"Cannabis.es"},"image":{"@id":"https:\/\/www.cannabis.es\/pw\/#\/schema\/logo\/image\/"},"sameAs":["https:\/\/x.com\/cannabis_es"]},{"@type":"Person","@id":"https:\/\/www.cannabis.es\/pw\/#\/schema\/person\/ec770c03f3e99d770687f537f4ba1e89","name":"Cannabis.es","image":{"@type":"ImageObject","inLanguage":"es","@id":"https:\/\/www.cannabis.es\/pw\/#\/schema\/person\/image\/","url":"https:\/\/secure.gravatar.com\/avatar\/810c93a3d6fadc3d9c2665b1d919a4aedea8ed4dd63689d001e985a804e90d83?s=96&d=mm&r=g","contentUrl":"https:\/\/secure.gravatar.com\/avatar\/810c93a3d6fadc3d9c2665b1d919a4aedea8ed4dd63689d001e985a804e90d83?s=96&d=mm&r=g","caption":"Cannabis.es"},"url":"https:\/\/www.cannabis.es\/pw\/author\/arnau\/"}]}},"_links":{"self":[{"href":"https:\/\/www.cannabis.es\/pw\/wp-json\/wp\/v2\/posts\/6910","targetHints":{"allow":["GET"]}}],"collection":[{"href":"https:\/\/www.cannabis.es\/pw\/wp-json\/wp\/v2\/posts"}],"about":[{"href":"https:\/\/www.cannabis.es\/pw\/wp-json\/wp\/v2\/types\/post"}],"author":[{"embeddable":true,"href":"https:\/\/www.cannabis.es\/pw\/wp-json\/wp\/v2\/users\/3"}],"replies":[{"embeddable":true,"href":"https:\/\/www.cannabis.es\/pw\/wp-json\/wp\/v2\/comments?post=6910"}],"version-history":[{"count":8,"href":"https:\/\/www.cannabis.es\/pw\/wp-json\/wp\/v2\/posts\/6910\/revisions"}],"predecessor-version":[{"id":6928,"href":"https:\/\/www.cannabis.es\/pw\/wp-json\/wp\/v2\/posts\/6910\/revisions\/6928"}],"wp:featuredmedia":[{"embeddable":true,"href":"https:\/\/www.cannabis.es\/pw\/wp-json\/wp\/v2\/media\/6917"}],"wp:attachment":[{"href":"https:\/\/www.cannabis.es\/pw\/wp-json\/wp\/v2\/media?parent=6910"}],"wp:term":[{"taxonomy":"category","embeddable":true,"href":"https:\/\/www.cannabis.es\/pw\/wp-json\/wp\/v2\/categories?post=6910"},{"taxonomy":"post_tag","embeddable":true,"href":"https:\/\/www.cannabis.es\/pw\/wp-json\/wp\/v2\/tags?post=6910"}],"curies":[{"name":"wp","href":"https:\/\/api.w.org\/{rel}","templated":true}]}}