{"id":6923,"date":"2021-04-15T12:43:59","date_gmt":"2021-04-15T10:43:59","guid":{"rendered":"https:\/\/www.cannabis.es\/pw\/?p=6923"},"modified":"2021-04-15T12:44:00","modified_gmt":"2021-04-15T10:44:00","slug":"dentro-de-un-mes-suiza-sera-el-primer-pais-de-europa-con-cannabis-recreativo-prelegal","status":"publish","type":"post","link":"https:\/\/www.cannabis.es\/pw\/2021\/04\/15\/dentro-de-un-mes-suiza-sera-el-primer-pais-de-europa-con-cannabis-recreativo-prelegal\/","title":{"rendered":"Dentro de un mes, Suiza ser\u00e1 el primer pa\u00eds de Europa con cannabis recreativo prelegal"},"content":{"rendered":"\n<p>Arnau Alcaide<\/p>\n\n\n\n<p>Los Cantones o Comunidades Aut\u00f3nomas en Suiza empezar\u00e1n, justo en un mes, el pr\u00f3ximo 15 de mayo, a dar libertad a hasta 5000 personas por cada regi\u00f3n administrativa para adquirir, transportar y consumir cannabis recreativo sin sanci\u00f3n. Estos grupos se forman con personas que lo han solicitado ya previamente, explicitando ser persona usuaria, y residen en el Cant\u00f3n.<\/p>\n\n\n\n<p>Las personas privilegiadas legalmente servir\u00e1n para el estudio de las cuestiones que preocupan de la regulaci\u00f3n, como la producitividad de trabajadores y la<a href=\"https:\/\/www.cannabis.es\/pw\/2020\/06\/22\/el-estudio-de-la-legalizacion-en-uruguay-niega-el-aumento-del-consumo-en-adolescentes\/\"> edad de entrada al consumo de las personas m\u00e1s j\u00f3venes<\/a>. Tambi\u00e9n para el estudio de sus fortalezas, al excluir al mercado negro y no al consumidor. La investigaci\u00f3n en cada Cant\u00f3n durar\u00e1 un m\u00ednimo de 2 y un m\u00e1ximo de 5 a\u00f1os.<\/p>\n\n\n\n<p>Hasta ahora, a falta de ensayos con tantas personas en la muestra, la ciencia avanzaba desde laboratorios con ratones en la mayor parte del mundo, a la espera de ver los primeros datos reales de Uruguay, Canad\u00e1 o Estados Unidos. Los de Suiza ser\u00e1n los primeros de Europa.<\/p>\n\n\n\n<p>Las variedades <a href=\"https:\/\/www.parlament.ch\/centers\/documents\/de\/bericht-bag-19-021-2019-11-15-d.pdf\">a la venta<\/a> no podr\u00e1n rebasar el 20% de THC, los comestibles no podr\u00e1n contener m\u00e1s de 10mg por unidad y se podr\u00e1 retirar de m\u00e1ximo 10g de flor y 2g de concentrados. Se informar\u00e1 de no consumir en espacios p\u00fablicos, pero esto no ser\u00e1 sancionable de acuerdo a la enmienda para legalizar a los participantes mientras dure el ensayo, que les exhime de multa. La polic\u00eda deber\u00e1 notificar en los puntos de venta sus preocupaciones y, consultar, cuando proceda, si existe delito penal.<\/p>\n\n\n\n<figure class=\"wp-block-image size-large\"><img loading=\"lazy\" decoding=\"async\" width=\"804\" height=\"532\" src=\"https:\/\/www.cannabis.es\/pw\/wp-content\/uploads\/2021\/04\/suiza.jpg\" alt=\"\" class=\"wp-image-6925\" srcset=\"https:\/\/www.cannabis.es\/pw\/wp-content\/uploads\/2021\/04\/suiza.jpg 804w, https:\/\/www.cannabis.es\/pw\/wp-content\/uploads\/2021\/04\/suiza-300x199.jpg 300w, https:\/\/www.cannabis.es\/pw\/wp-content\/uploads\/2021\/04\/suiza-768x508.jpg 768w, https:\/\/www.cannabis.es\/pw\/wp-content\/uploads\/2021\/04\/suiza-600x397.jpg 600w\" sizes=\"auto, (max-width: 804px) 100vw, 804px\" \/><\/figure>\n\n\n\n<h2 class=\"wp-block-heading\"><strong>Objetivo: tomar la mejor decisi\u00f3n regulatoria<\/strong><\/h2>\n\n\n\n<p>Esperan <em><span class=\"has-inline-color has-luminous-vivid-orange-color\">\u00abuna mejor comprensi\u00f3n de los efectos del acceso controlado al cannabis en la salud f\u00edsica y mental de los consumidores y en el comportamiento relacionado con el consumo de cannabis\u00bb<\/span><\/em>, expresa el enlace informativo de Salud. Adem\u00e1s, <em><span class=\"has-inline-color has-luminous-vivid-orange-color\">\u00abel estudio analizar\u00e1 aspectos socioecon\u00f3micos, como los efectos en la capacidad laboral de los usuarios (por ejemplo, el absentismo) y en sus relaciones familiares y sociales. Hasta cierto punto, tambi\u00e9n se puede evaluar el impacto del acceso controlado al cannabis en el mercado negro local, al igual que la protecci\u00f3n de los j\u00f3venes y la seguridad p\u00fablica\u00bb<\/span><\/em>.<\/p>\n\n\n\n<p>Y expresan que los datos se diferenciar\u00e1n de los obtenidos hasta ahora porque <em><span class=\"has-inline-color has-luminous-vivid-orange-color\">\u00ablos usuarios podr\u00e1n comprar legalmente varios productos a base de cannabis, cuya calidad estar\u00e1 muy regulada. Adem\u00e1s de recibir informaci\u00f3n sobre el producto, los participantes ser\u00e1n informados sobre los riesgos del consumo de cannabis por parte del personal de los puntos de venta, quienes ser\u00e1n capacitados en consecuencia. De este modo, se evitar\u00e1 el mercado negro. Habr\u00e1 requisitos estrictos en t\u00e9rminos de protecci\u00f3n de la salud y la juventud y una prohibici\u00f3n total de la publicidad\u00bb.<\/span><\/em><\/p>\n\n\n\n<h2 class=\"wp-block-heading\"><strong>Comunicado oficial de su Ministerio de Sanidad<\/strong><\/h2>\n\n\n\n<p><em>El 15 de mayo de 2021 entrar\u00e1 en vigor una enmienda a la Ley de Estupefacientes que permite ensayos piloto que implican la dispensaci\u00f3n controlada de cannabis con fines recreativos. Los ensayos proporcionar\u00e1n una base cient\u00edfica para la futura regulaci\u00f3n del cannabis.<\/em><\/p>\n\n\n\n<p><em><a href=\"https:\/\/www.cannabis.es\/pw\/2020\/07\/15\/suiza-de-proveer-la-heroina-a-hacerlo-con-el-cannabis\/\">El 25 de septiembre de 2020, el Parlamento aprob\u00f3 una enmienda <\/a>a la Ley Federal de Estupefacientes y Sustancias Psicotr\u00f3picas (NarcA). Con su nuevo art\u00edculo 8a NarcA, la ley revisada proporciona una base legal para realizar pruebas piloto cient\u00edficas con cannabis que son limitadas en t\u00e9rminos de tiempo y lugar.<\/em><\/p>\n\n\n\n<p><em>La Ley modificada entra en vigor el 15 de mayo de 2021 y permanecer\u00e1 en vigor durante diez a\u00f1os. Una ordenanza sobre ensayos piloto de conformidad con la Ley de Estupefacientes establece las condiciones que deben cumplirse para realizar los ensayos piloto y los detalles sobre el procedimiento de solicitud (ver documentos).<\/em><\/p>\n\n\n\n<h2 class=\"wp-block-heading\"><strong>Contexto cannabis en Suiza<\/strong><\/h2>\n\n\n\n<p>Suiza hab\u00eda aprobado recetar cannabis herbal sin permisos espec\u00edficos <a href=\"https:\/\/www.cannabis.es\/pw\/2021\/03\/18\/suiza-aprueba-recetar-el-fruto-de-la-cannabis\/\">este marzo<\/a>, dej\u00e1ndolo en manos de profesionales sanitarios. Ahora, terminar\u00e1 de abordar la reforma cannabis con el programa piloto recreativo, <a href=\"https:\/\/www.cannabis.es\/pw\/2019\/07\/05\/suiza-se-propone-legalizar-recetar-cannabis-y-estudiar-el-recreativo\/\">que ven\u00eda anticipando desde 2019<\/a>, como te hemos mantenido al d\u00eda en Cannabis.es.<\/p>\n","protected":false},"excerpt":{"rendered":"<span class=\"span-reading-time rt-reading-time\" style=\"display: block;\"><span class=\"rt-label rt-prefix\">Tiempo de lectura:<\/span> <span class=\"rt-time\"> 3<\/span> <span class=\"rt-label rt-postfix\">minutos<\/span><\/span>Arnau Alcaide Los Cantones o Comunidades Aut\u00f3nomas en Suiza empezar\u00e1n, justo en un mes, el pr\u00f3ximo 15 de mayo, a dar libertad a hasta 5000 personas por cada regi\u00f3n administrativa para adquirir, transportar y consumir cannabis recreativo sin sanci\u00f3n. Estos grupos se forman con personas que lo han solicitado ya previamente, explicitando ser persona usuaria, [&hellip;]","protected":false},"author":3,"featured_media":6925,"comment_status":"closed","ping_status":"closed","sticky":false,"template":"","format":"standard","meta":{"loftocean-featured-post":"","loftocean_post_format_gallery":"","loftocean_post_format_gallery_ids":"","loftocean_post_format_gallery_urls":"","loftocean_post_format_video_id":"","loftocean_post_format_video_url":"","loftocean_post_format_video_type":"","loftocean_post_format_video":"","loftocean_post_format_audio_type":"","loftocean_post_format_audio_url":"","loftocean_post_format_audio_id":"","loftocean_post_format_audio":"","loftocean_post_format_quote_text":"","loftocean_post_format_quote_byline":"","loftocean_post_format_link_text":"","loftocean_post_format_link_url":"","ceramag_post_header_style":"","ceramag_enable_background_video":"","ceramag_show_in_top_slider":"","ceramag_post_background_video_start":"","ceramag_post_background_video_end":"","loftocean_page_background_video_id":"","loftocean_page_background_video_url":"","loftocean_page_background_video_type":"","loftocean_page_background_video":"","ceramag_background_video_start":"","ceramag_background_video_end":"","ceramag_single_page_hide_header":"","footnotes":""},"categories":[35],"tags":[540,41,53,54,1470],"class_list":["post-6923","post","type-post","status-publish","format-standard","has-post-thumbnail","hentry","category-politica-y-sociedad","tag-arnau-alcaide","tag-cannabis","tag-investigacion","tag-legalizacion","tag-suiza"],"yoast_head":"<!-- This site is optimized with the Yoast SEO plugin v24.9 - https:\/\/yoast.com\/wordpress\/plugins\/seo\/ -->\n<title>Dentro de un mes, Suiza ser\u00e1 el primer pa\u00eds de Europa con cannabis recreativo prelegal<\/title>\n<meta name=\"description\" content=\"Entrada &#8226; Portal multimedia sobre cannabis y otras sustancias &#8226; 15 abril, 2021\" \/>\n<meta name=\"robots\" content=\"index, follow, max-snippet:-1, max-image-preview:large, max-video-preview:-1\" \/>\n<link rel=\"canonical\" href=\"https:\/\/www.cannabis.es\/pw\/2021\/04\/15\/dentro-de-un-mes-suiza-sera-el-primer-pais-de-europa-con-cannabis-recreativo-prelegal\/\" \/>\n<meta name=\"twitter:card\" content=\"summary_large_image\" \/>\n<meta name=\"twitter:title\" content=\"Dentro de un mes, Suiza ser\u00e1 el primer pa\u00eds de Europa con cannabis recreativo prelegal\" \/>\n<meta name=\"twitter:description\" content=\"Entrada &#8226; Portal multimedia sobre cannabis y otras sustancias &#8226; 15 abril, 2021\" \/>\n<meta name=\"twitter:image\" content=\"https:\/\/www.cannabis.es\/pw\/wp-content\/uploads\/2021\/04\/suiza.jpg\" \/>\n<meta name=\"twitter:creator\" content=\"@cannabis_es\" \/>\n<meta name=\"twitter:site\" content=\"@cannabis_es\" \/>\n<meta name=\"twitter:label1\" content=\"Escrito por\" \/>\n\t<meta name=\"twitter:data1\" content=\"Cannabis.es\" \/>\n\t<meta name=\"twitter:label2\" content=\"Tiempo de lectura\" \/>\n\t<meta name=\"twitter:data2\" content=\"4 minutos\" \/>\n<script type=\"application\/ld+json\" class=\"yoast-schema-graph\">{\"@context\":\"https:\/\/schema.org\",\"@graph\":[{\"@type\":\"Article\",\"@id\":\"https:\/\/www.cannabis.es\/pw\/2021\/04\/15\/dentro-de-un-mes-suiza-sera-el-primer-pais-de-europa-con-cannabis-recreativo-prelegal\/#article\",\"isPartOf\":{\"@id\":\"https:\/\/www.cannabis.es\/pw\/2021\/04\/15\/dentro-de-un-mes-suiza-sera-el-primer-pais-de-europa-con-cannabis-recreativo-prelegal\/\"},\"author\":{\"name\":\"Cannabis.es\",\"@id\":\"https:\/\/www.cannabis.es\/pw\/#\/schema\/person\/ec770c03f3e99d770687f537f4ba1e89\"},\"headline\":\"Dentro de un mes, Suiza ser\u00e1 el primer pa\u00eds de Europa con cannabis recreativo prelegal\",\"datePublished\":\"2021-04-15T10:43:59+00:00\",\"dateModified\":\"2021-04-15T10:44:00+00:00\",\"mainEntityOfPage\":{\"@id\":\"https:\/\/www.cannabis.es\/pw\/2021\/04\/15\/dentro-de-un-mes-suiza-sera-el-primer-pais-de-europa-con-cannabis-recreativo-prelegal\/\"},\"wordCount\":706,\"publisher\":{\"@id\":\"https:\/\/www.cannabis.es\/pw\/#organization\"},\"image\":{\"@id\":\"https:\/\/www.cannabis.es\/pw\/2021\/04\/15\/dentro-de-un-mes-suiza-sera-el-primer-pais-de-europa-con-cannabis-recreativo-prelegal\/#primaryimage\"},\"thumbnailUrl\":\"https:\/\/www.cannabis.es\/pw\/wp-content\/uploads\/2021\/04\/suiza.jpg\",\"keywords\":[\"Arnau Alcaide\",\"cannabis\",\"investigaci\u00f3n\",\"legalizaci\u00f3n\",\"suiza\"],\"articleSection\":[\"Pol\u00edtica y Sociedad\"],\"inLanguage\":\"es\"},{\"@type\":\"WebPage\",\"@id\":\"https:\/\/www.cannabis.es\/pw\/2021\/04\/15\/dentro-de-un-mes-suiza-sera-el-primer-pais-de-europa-con-cannabis-recreativo-prelegal\/\",\"url\":\"https:\/\/www.cannabis.es\/pw\/2021\/04\/15\/dentro-de-un-mes-suiza-sera-el-primer-pais-de-europa-con-cannabis-recreativo-prelegal\/\",\"name\":\"Dentro de un mes, Suiza ser\u00e1 el primer pa\u00eds de Europa con cannabis recreativo prelegal\",\"isPartOf\":{\"@id\":\"https:\/\/www.cannabis.es\/pw\/#website\"},\"primaryImageOfPage\":{\"@id\":\"https:\/\/www.cannabis.es\/pw\/2021\/04\/15\/dentro-de-un-mes-suiza-sera-el-primer-pais-de-europa-con-cannabis-recreativo-prelegal\/#primaryimage\"},\"image\":{\"@id\":\"https:\/\/www.cannabis.es\/pw\/2021\/04\/15\/dentro-de-un-mes-suiza-sera-el-primer-pais-de-europa-con-cannabis-recreativo-prelegal\/#primaryimage\"},\"thumbnailUrl\":\"https:\/\/www.cannabis.es\/pw\/wp-content\/uploads\/2021\/04\/suiza.jpg\",\"datePublished\":\"2021-04-15T10:43:59+00:00\",\"dateModified\":\"2021-04-15T10:44:00+00:00\",\"description\":\"Entrada &#8226; Portal multimedia sobre cannabis y otras sustancias &#8226; 15 abril, 2021\",\"breadcrumb\":{\"@id\":\"https:\/\/www.cannabis.es\/pw\/2021\/04\/15\/dentro-de-un-mes-suiza-sera-el-primer-pais-de-europa-con-cannabis-recreativo-prelegal\/#breadcrumb\"},\"inLanguage\":\"es\",\"potentialAction\":[{\"@type\":\"ReadAction\",\"target\":[\"https:\/\/www.cannabis.es\/pw\/2021\/04\/15\/dentro-de-un-mes-suiza-sera-el-primer-pais-de-europa-con-cannabis-recreativo-prelegal\/\"]}]},{\"@type\":\"ImageObject\",\"inLanguage\":\"es\",\"@id\":\"https:\/\/www.cannabis.es\/pw\/2021\/04\/15\/dentro-de-un-mes-suiza-sera-el-primer-pais-de-europa-con-cannabis-recreativo-prelegal\/#primaryimage\",\"url\":\"https:\/\/www.cannabis.es\/pw\/wp-content\/uploads\/2021\/04\/suiza.jpg\",\"contentUrl\":\"https:\/\/www.cannabis.es\/pw\/wp-content\/uploads\/2021\/04\/suiza.jpg\",\"width\":804,\"height\":532},{\"@type\":\"BreadcrumbList\",\"@id\":\"https:\/\/www.cannabis.es\/pw\/2021\/04\/15\/dentro-de-un-mes-suiza-sera-el-primer-pais-de-europa-con-cannabis-recreativo-prelegal\/#breadcrumb\",\"itemListElement\":[{\"@type\":\"ListItem\",\"position\":1,\"name\":\"Portada\",\"item\":\"http:\/\/www.cannabis.es\/pw\/\"},{\"@type\":\"ListItem\",\"position\":2,\"name\":\"Dentro de un mes, Suiza ser\u00e1 el primer pa\u00eds de Europa con cannabis recreativo prelegal\"}]},{\"@type\":\"WebSite\",\"@id\":\"https:\/\/www.cannabis.es\/pw\/#website\",\"url\":\"https:\/\/www.cannabis.es\/pw\/\",\"name\":\"Cannabis\",\"description\":\"Portal multimedia sobre cannabis y otras sustancias\",\"publisher\":{\"@id\":\"https:\/\/www.cannabis.es\/pw\/#organization\"},\"potentialAction\":[{\"@type\":\"SearchAction\",\"target\":{\"@type\":\"EntryPoint\",\"urlTemplate\":\"https:\/\/www.cannabis.es\/pw\/?s={search_term_string}\"},\"query-input\":{\"@type\":\"PropertyValueSpecification\",\"valueRequired\":true,\"valueName\":\"search_term_string\"}}],\"inLanguage\":\"es\"},{\"@type\":\"Organization\",\"@id\":\"https:\/\/www.cannabis.es\/pw\/#organization\",\"name\":\"Cannabis.es\",\"url\":\"https:\/\/www.cannabis.es\/pw\/\",\"logo\":{\"@type\":\"ImageObject\",\"inLanguage\":\"es\",\"@id\":\"https:\/\/www.cannabis.es\/pw\/#\/schema\/logo\/image\/\",\"url\":\"https:\/\/www.cannabis.es\/pw\/wp-content\/uploads\/2019\/04\/cropped-logo_cannabis.png\",\"contentUrl\":\"https:\/\/www.cannabis.es\/pw\/wp-content\/uploads\/2019\/04\/cropped-logo_cannabis.png\",\"width\":361,\"height\":120,\"caption\":\"Cannabis.es\"},\"image\":{\"@id\":\"https:\/\/www.cannabis.es\/pw\/#\/schema\/logo\/image\/\"},\"sameAs\":[\"https:\/\/x.com\/cannabis_es\"]},{\"@type\":\"Person\",\"@id\":\"https:\/\/www.cannabis.es\/pw\/#\/schema\/person\/ec770c03f3e99d770687f537f4ba1e89\",\"name\":\"Cannabis.es\",\"image\":{\"@type\":\"ImageObject\",\"inLanguage\":\"es\",\"@id\":\"https:\/\/www.cannabis.es\/pw\/#\/schema\/person\/image\/\",\"url\":\"https:\/\/secure.gravatar.com\/avatar\/810c93a3d6fadc3d9c2665b1d919a4aedea8ed4dd63689d001e985a804e90d83?s=96&d=mm&r=g\",\"contentUrl\":\"https:\/\/secure.gravatar.com\/avatar\/810c93a3d6fadc3d9c2665b1d919a4aedea8ed4dd63689d001e985a804e90d83?s=96&d=mm&r=g\",\"caption\":\"Cannabis.es\"},\"url\":\"https:\/\/www.cannabis.es\/pw\/author\/arnau\/\"}]}<\/script>\n<!-- \/ Yoast SEO plugin. -->","yoast_head_json":{"title":"Dentro de un mes, Suiza ser\u00e1 el primer pa\u00eds de Europa con cannabis recreativo prelegal","description":"Entrada &#8226; Portal multimedia sobre cannabis y otras sustancias &#8226; 15 abril, 2021","robots":{"index":"index","follow":"follow","max-snippet":"max-snippet:-1","max-image-preview":"max-image-preview:large","max-video-preview":"max-video-preview:-1"},"canonical":"https:\/\/www.cannabis.es\/pw\/2021\/04\/15\/dentro-de-un-mes-suiza-sera-el-primer-pais-de-europa-con-cannabis-recreativo-prelegal\/","twitter_card":"summary_large_image","twitter_title":"Dentro de un mes, Suiza ser\u00e1 el primer pa\u00eds de Europa con cannabis recreativo prelegal","twitter_description":"Entrada &#8226; Portal multimedia sobre cannabis y otras sustancias &#8226; 15 abril, 2021","twitter_image":"https:\/\/www.cannabis.es\/pw\/wp-content\/uploads\/2021\/04\/suiza.jpg","twitter_creator":"@cannabis_es","twitter_site":"@cannabis_es","twitter_misc":{"Escrito por":"Cannabis.es","Tiempo de lectura":"4 minutos"},"schema":{"@context":"https:\/\/schema.org","@graph":[{"@type":"Article","@id":"https:\/\/www.cannabis.es\/pw\/2021\/04\/15\/dentro-de-un-mes-suiza-sera-el-primer-pais-de-europa-con-cannabis-recreativo-prelegal\/#article","isPartOf":{"@id":"https:\/\/www.cannabis.es\/pw\/2021\/04\/15\/dentro-de-un-mes-suiza-sera-el-primer-pais-de-europa-con-cannabis-recreativo-prelegal\/"},"author":{"name":"Cannabis.es","@id":"https:\/\/www.cannabis.es\/pw\/#\/schema\/person\/ec770c03f3e99d770687f537f4ba1e89"},"headline":"Dentro de un mes, Suiza ser\u00e1 el primer pa\u00eds de Europa con cannabis recreativo prelegal","datePublished":"2021-04-15T10:43:59+00:00","dateModified":"2021-04-15T10:44:00+00:00","mainEntityOfPage":{"@id":"https:\/\/www.cannabis.es\/pw\/2021\/04\/15\/dentro-de-un-mes-suiza-sera-el-primer-pais-de-europa-con-cannabis-recreativo-prelegal\/"},"wordCount":706,"publisher":{"@id":"https:\/\/www.cannabis.es\/pw\/#organization"},"image":{"@id":"https:\/\/www.cannabis.es\/pw\/2021\/04\/15\/dentro-de-un-mes-suiza-sera-el-primer-pais-de-europa-con-cannabis-recreativo-prelegal\/#primaryimage"},"thumbnailUrl":"https:\/\/www.cannabis.es\/pw\/wp-content\/uploads\/2021\/04\/suiza.jpg","keywords":["Arnau Alcaide","cannabis","investigaci\u00f3n","legalizaci\u00f3n","suiza"],"articleSection":["Pol\u00edtica y Sociedad"],"inLanguage":"es"},{"@type":"WebPage","@id":"https:\/\/www.cannabis.es\/pw\/2021\/04\/15\/dentro-de-un-mes-suiza-sera-el-primer-pais-de-europa-con-cannabis-recreativo-prelegal\/","url":"https:\/\/www.cannabis.es\/pw\/2021\/04\/15\/dentro-de-un-mes-suiza-sera-el-primer-pais-de-europa-con-cannabis-recreativo-prelegal\/","name":"Dentro de un mes, Suiza ser\u00e1 el primer pa\u00eds de Europa con cannabis recreativo prelegal","isPartOf":{"@id":"https:\/\/www.cannabis.es\/pw\/#website"},"primaryImageOfPage":{"@id":"https:\/\/www.cannabis.es\/pw\/2021\/04\/15\/dentro-de-un-mes-suiza-sera-el-primer-pais-de-europa-con-cannabis-recreativo-prelegal\/#primaryimage"},"image":{"@id":"https:\/\/www.cannabis.es\/pw\/2021\/04\/15\/dentro-de-un-mes-suiza-sera-el-primer-pais-de-europa-con-cannabis-recreativo-prelegal\/#primaryimage"},"thumbnailUrl":"https:\/\/www.cannabis.es\/pw\/wp-content\/uploads\/2021\/04\/suiza.jpg","datePublished":"2021-04-15T10:43:59+00:00","dateModified":"2021-04-15T10:44:00+00:00","description":"Entrada &#8226; Portal multimedia sobre cannabis y otras sustancias &#8226; 15 abril, 2021","breadcrumb":{"@id":"https:\/\/www.cannabis.es\/pw\/2021\/04\/15\/dentro-de-un-mes-suiza-sera-el-primer-pais-de-europa-con-cannabis-recreativo-prelegal\/#breadcrumb"},"inLanguage":"es","potentialAction":[{"@type":"ReadAction","target":["https:\/\/www.cannabis.es\/pw\/2021\/04\/15\/dentro-de-un-mes-suiza-sera-el-primer-pais-de-europa-con-cannabis-recreativo-prelegal\/"]}]},{"@type":"ImageObject","inLanguage":"es","@id":"https:\/\/www.cannabis.es\/pw\/2021\/04\/15\/dentro-de-un-mes-suiza-sera-el-primer-pais-de-europa-con-cannabis-recreativo-prelegal\/#primaryimage","url":"https:\/\/www.cannabis.es\/pw\/wp-content\/uploads\/2021\/04\/suiza.jpg","contentUrl":"https:\/\/www.cannabis.es\/pw\/wp-content\/uploads\/2021\/04\/suiza.jpg","width":804,"height":532},{"@type":"BreadcrumbList","@id":"https:\/\/www.cannabis.es\/pw\/2021\/04\/15\/dentro-de-un-mes-suiza-sera-el-primer-pais-de-europa-con-cannabis-recreativo-prelegal\/#breadcrumb","itemListElement":[{"@type":"ListItem","position":1,"name":"Portada","item":"http:\/\/www.cannabis.es\/pw\/"},{"@type":"ListItem","position":2,"name":"Dentro de un mes, Suiza ser\u00e1 el primer pa\u00eds de Europa con cannabis recreativo prelegal"}]},{"@type":"WebSite","@id":"https:\/\/www.cannabis.es\/pw\/#website","url":"https:\/\/www.cannabis.es\/pw\/","name":"Cannabis","description":"Portal multimedia sobre cannabis y otras sustancias","publisher":{"@id":"https:\/\/www.cannabis.es\/pw\/#organization"},"potentialAction":[{"@type":"SearchAction","target":{"@type":"EntryPoint","urlTemplate":"https:\/\/www.cannabis.es\/pw\/?s={search_term_string}"},"query-input":{"@type":"PropertyValueSpecification","valueRequired":true,"valueName":"search_term_string"}}],"inLanguage":"es"},{"@type":"Organization","@id":"https:\/\/www.cannabis.es\/pw\/#organization","name":"Cannabis.es","url":"https:\/\/www.cannabis.es\/pw\/","logo":{"@type":"ImageObject","inLanguage":"es","@id":"https:\/\/www.cannabis.es\/pw\/#\/schema\/logo\/image\/","url":"https:\/\/www.cannabis.es\/pw\/wp-content\/uploads\/2019\/04\/cropped-logo_cannabis.png","contentUrl":"https:\/\/www.cannabis.es\/pw\/wp-content\/uploads\/2019\/04\/cropped-logo_cannabis.png","width":361,"height":120,"caption":"Cannabis.es"},"image":{"@id":"https:\/\/www.cannabis.es\/pw\/#\/schema\/logo\/image\/"},"sameAs":["https:\/\/x.com\/cannabis_es"]},{"@type":"Person","@id":"https:\/\/www.cannabis.es\/pw\/#\/schema\/person\/ec770c03f3e99d770687f537f4ba1e89","name":"Cannabis.es","image":{"@type":"ImageObject","inLanguage":"es","@id":"https:\/\/www.cannabis.es\/pw\/#\/schema\/person\/image\/","url":"https:\/\/secure.gravatar.com\/avatar\/810c93a3d6fadc3d9c2665b1d919a4aedea8ed4dd63689d001e985a804e90d83?s=96&d=mm&r=g","contentUrl":"https:\/\/secure.gravatar.com\/avatar\/810c93a3d6fadc3d9c2665b1d919a4aedea8ed4dd63689d001e985a804e90d83?s=96&d=mm&r=g","caption":"Cannabis.es"},"url":"https:\/\/www.cannabis.es\/pw\/author\/arnau\/"}]}},"_links":{"self":[{"href":"https:\/\/www.cannabis.es\/pw\/wp-json\/wp\/v2\/posts\/6923","targetHints":{"allow":["GET"]}}],"collection":[{"href":"https:\/\/www.cannabis.es\/pw\/wp-json\/wp\/v2\/posts"}],"about":[{"href":"https:\/\/www.cannabis.es\/pw\/wp-json\/wp\/v2\/types\/post"}],"author":[{"embeddable":true,"href":"https:\/\/www.cannabis.es\/pw\/wp-json\/wp\/v2\/users\/3"}],"replies":[{"embeddable":true,"href":"https:\/\/www.cannabis.es\/pw\/wp-json\/wp\/v2\/comments?post=6923"}],"version-history":[{"count":2,"href":"https:\/\/www.cannabis.es\/pw\/wp-json\/wp\/v2\/posts\/6923\/revisions"}],"predecessor-version":[{"id":6926,"href":"https:\/\/www.cannabis.es\/pw\/wp-json\/wp\/v2\/posts\/6923\/revisions\/6926"}],"wp:featuredmedia":[{"embeddable":true,"href":"https:\/\/www.cannabis.es\/pw\/wp-json\/wp\/v2\/media\/6925"}],"wp:attachment":[{"href":"https:\/\/www.cannabis.es\/pw\/wp-json\/wp\/v2\/media?parent=6923"}],"wp:term":[{"taxonomy":"category","embeddable":true,"href":"https:\/\/www.cannabis.es\/pw\/wp-json\/wp\/v2\/categories?post=6923"},{"taxonomy":"post_tag","embeddable":true,"href":"https:\/\/www.cannabis.es\/pw\/wp-json\/wp\/v2\/tags?post=6923"}],"curies":[{"name":"wp","href":"https:\/\/api.w.org\/{rel}","templated":true}]}}