{"id":6933,"date":"2021-04-19T13:15:38","date_gmt":"2021-04-19T11:15:38","guid":{"rendered":"https:\/\/www.cannabis.es\/pw\/?p=6933"},"modified":"2021-04-19T14:00:27","modified_gmt":"2021-04-19T12:00:27","slug":"carl-hart-en-el-evento-complementario-del-cnd2021-las-personas-deben-tener-derecho-a-buscar-el-placer-o-la-felicidad-con-el-cannabis-o-cualquier-otra-sustancia","status":"publish","type":"post","link":"https:\/\/www.cannabis.es\/pw\/2021\/04\/19\/carl-hart-en-el-evento-complementario-del-cnd2021-las-personas-deben-tener-derecho-a-buscar-el-placer-o-la-felicidad-con-el-cannabis-o-cualquier-otra-sustancia\/","title":{"rendered":"Carl Hart defiende el \u00abplacer\u00bb y la \u00abfelicidad\u00bb en el evento complementario del CND2021"},"content":{"rendered":"\n<p>Benito D\u00edaz<\/p>\n\n\n\n<p>La celebraci\u00f3n de la 64 sesi\u00f3n de las Naciones Unidas sobre Drogas y Narc\u00f3ticos en Viena trae consigo una serie de eventos complementarios, en los que especialistas y representantes discuten sobre pol\u00edticas de drogas. En esta ocasi\u00f3n, pudimos asistir a la conferencia celebrada de mano del Instituto Ria (M\u00e9xico) en la que participaron Zara Snapp, Juli\u00e1n Quintero (Colombia) y el neurocient\u00edfico Carl Hart.<\/p>\n\n\n\n<p>Juli\u00e1n Quintero, soci\u00f3logo por la Universidad Nacional de Colombia, escritor del libro \u201c\u00c9chele Cabeza\u201d, dio la bienvenida a los asistentes. Este a\u00f1o, a causa de la Pandemia de Coronavirus, los actos de<a href=\"https:\/\/www.cannabis.es\/pw\/2020\/04\/22\/el-oeccc-defiende-el-cannabis-en-la-comision-de-estupefacientes-de-la-onu\/\"> esta asamblea de la ONU<\/a> tuvieron que llevarse a cabo por v\u00eda telem\u00e1tica. As\u00ed, Quintero abri\u00f3 la sesi\u00f3n llamando a la solidaridad con las v\u00edctimas y afectados por el COVID 19.<\/p>\n\n\n\n<p>La conversaci\u00f3n fue <a href=\"https:\/\/www.cannabis.es\/pw\/2020\/03\/09\/madrid-acoge-la-reunion-iberoamericana-de-cannabis-medicinal\/\">dirigida por Zara Snapp,<\/a> representante de la entidad organizadora, el Instituto RIA de M\u00e9xico. Polit\u00f3loga por la Universidad de Colorado en Denver, es cofundadora del Instituto y trabaja activamente en pol\u00edticas de drogas en foros internacionales como la ONU o la Organizaci\u00f3n de Estados Americanos (OEA). Destacar su papel en la coalici\u00f3n transnacional <a href=\"http:\/\/www.cannabis.es\/pw\/2020\/02\/05\/el-observatorio-del-cannabis-se-reune-con-los-partidos-politicos\/\">Regulaci\u00f3n por la Paz<\/a>.<\/p>\n\n\n\n<p>Por \u00faltimo, en palabras de sus compa\u00f1eros de mesa, <em><span class=\"has-inline-color has-luminous-vivid-orange-color\">\u201cla persona a la que ven\u00edamos a escuchar\u201d<\/span><\/em>, el psic\u00f3logo y neurocient\u00edfico norteamericano, Carl Hart. Primer profesor de ciencias de la Universidad de Columbia afroamericano, <a href=\"https:\/\/www.cannabis.es\/pw\/2016\/03\/30\/expertos-reclaman-la-descriminalizacion-global-de-las-drogas\/\">la carrera de Hart<\/a> le ha convertido en parte del <em>\u201cstar sistem\u201d<\/em> de la ciencia cann\u00e1bica, al especializar su investigaci\u00f3n en el abuso y adicci\u00f3n a las drogas. Excelente escritor y comunicador, algunas de sus obras son ya una referencia a nivel mundial sobre estos temas, siendo su \u00faltima presentaci\u00f3n <em>\u201cUso de Drogas para Adultos\u201d<\/em>, la que da t\u00edtulo a esta reuni\u00f3n.<\/p>\n\n\n\n<figure class=\"wp-block-image size-large\"><img loading=\"lazy\" decoding=\"async\" width=\"804\" height=\"532\" src=\"https:\/\/www.cannabis.es\/pw\/wp-content\/uploads\/2021\/04\/carl-hart-side-event.jpg\" alt=\"\" class=\"wp-image-6934\" srcset=\"https:\/\/www.cannabis.es\/pw\/wp-content\/uploads\/2021\/04\/carl-hart-side-event.jpg 804w, https:\/\/www.cannabis.es\/pw\/wp-content\/uploads\/2021\/04\/carl-hart-side-event-300x199.jpg 300w, https:\/\/www.cannabis.es\/pw\/wp-content\/uploads\/2021\/04\/carl-hart-side-event-768x508.jpg 768w, https:\/\/www.cannabis.es\/pw\/wp-content\/uploads\/2021\/04\/carl-hart-side-event-600x397.jpg 600w\" sizes=\"auto, (max-width: 804px) 100vw, 804px\" \/><\/figure>\n\n\n\n<h2 class=\"wp-block-heading\"><strong>Uso de drogas en adultos<\/strong><\/h2>\n\n\n\n<p>Quintero realiz\u00f3 una peque\u00f1a enumeraci\u00f3n de lo que significa ser una persona adulta y elegir tomar sustancias psicoactivas, entendi\u00e9ndolo como un sentido de responsabilidad, de disfrute del tiempo libre de forma segura, atenci\u00f3n a la funcionalidad de esa persona, autocuidado frente a las posibles consecuencias negativas, an\u00e1lisis la propia conciencia, precauci\u00f3n en la dosificaci\u00f3n y gesti\u00f3n de placeres.<span class=\"has-inline-color has-luminous-vivid-orange-color\"> <em>\u201cConsumo no es sin\u00f3nimo de dependencia o adicci\u00f3n\u201d,<\/em><\/span> se\u00f1al\u00f3 el soci\u00f3logo. Afirm\u00f3 el fracaso de las Pol\u00edticas de Drogas actuales que llevan a las personas consumidoras a encerrarse en un <span class=\"has-inline-color has-luminous-vivid-orange-color\"><em>\u201cCloset Psicoactivo\u201d<\/em>,<\/span> ocultando sus preferencias ante el p\u00fablico, por miedo o verg\u00fcenza. Anim\u00f3 a los participantes a revisar <a href=\"https:\/\/www.echelecabeza.com\/manifiesto-para-salir-del-closet-psicoactivo-echele-cabeza-cuando-se-de-en-la-cabeza\/\">el manifiesto \u201c\u00c9chele Cabeza\u201d<\/a> y traslad\u00f3 a Hart la labor de lanzar algunos mensajes a los legisladores y a los adultos m\u00e1s j\u00f3venes y primerizos en el campo de la experimentaci\u00f3n con sustancias.<\/p>\n\n\n\n<p><span class=\"has-inline-color has-luminous-vivid-orange-color\">\u201c<em>Invitar\u00eda a los j\u00f3venes a pensar en cosas en t\u00e9rminos de igualdad, a reclamar justicia. Hay polic\u00eda en las calles aplicando leyes de drogas fallidas, que cuestan sufrimiento y vidas humanas. Por ejemplo, el caso George Floyd, joven negro asesinado por la polic\u00eda por una peque\u00f1a infracci\u00f3n con marihuana. Es absurda la persecuci\u00f3n de las personas que solo buscan alterar su consciencia con sustancias qu\u00edmicas. Espero que los j\u00f3venes defiendan una regulaci\u00f3n que se oponga a esta rid\u00edcula situaci\u00f3n, para que la gente pueda escoger alterar o no su pensamiento\u201d<\/em><\/span><em>,<\/em> explic\u00f3 el neurocient\u00edfico. Hart tambi\u00e9n apunt\u00f3 que vivimos en un momento de apertura, en el que las personas buscan cada vez m\u00e1s ayuda en temas de \u201cReducci\u00f3n de Riesgos\u201d y ya se puede encontrar a m\u00e1s gente hablando y publicando informaci\u00f3n, lo que conlleva m\u00e1s seguridad.<\/p>\n\n\n\n<h2 class=\"wp-block-heading\"><strong>Guerra contra las Drogas<\/strong><\/h2>\n\n\n\n<p><span class=\"has-inline-color has-luminous-vivid-orange-color\">\u201c<em>En M\u00e9xico nos preocupa mucho el tema del coste de vidas que trae la aplicaci\u00f3n de la Guerra contra las Drogas por parte de las autoridades, con ejecuciones extrajudiciales relacionadas con ventas a peque\u00f1a escala, o vidas truncadas por la persecuci\u00f3n al elegir alterar la propia consciencia\u201d<\/em><\/span>, declar\u00f3 Zara Snapp. <em><span class=\"has-inline-color has-luminous-vivid-orange-color\">\u201cSobre todo, nos inquieta el apoyo que algunos l\u00edderes nacionales, presidentes, que defienden estas medidas, por tanto, las intervenciones duras y los asesinatos\u201d.<\/span><\/em><\/p>\n\n\n\n<p>\u201c<em>Hay l\u00edderes mundiales involucrados de forma profunda en la Guerra contra las Drogas, cuyas actuaciones cuestan miles de vidas. Adem\u00e1s, desde una perspectiva hip\u00f3crita, como por ejemplo, Rodrigo Duterte, presidente de Filipinas, <a href=\"https:\/\/www.cannabis.es\/pw\/2016\/12\/23\/la-guerra-contra-las-drogas-en-filipinas-se-cobra-la-vida-de-un-periodista\/\">cuyas medidas sanguinarias<\/a> se han aplicado a pesar de haber reconocido que \u00e9l fue un abusador de opi\u00e1ceos\u201d<\/em>, aclar\u00f3 Hart. <em>\u201cDeber\u00edamos acabar con el excepcionalismo en las drogas. No existe una &#8216;droga buena&#8217; y una &#8216;droga mala&#8217;. Todas son sustancias qu\u00edmicas que interact\u00faan con el cerebro para alterar la percepci\u00f3n de la realidad. El excepcionalismo solo lleva al acoso de unos consumidores y a otros no, a unas sustancias si y a otras no\u201d.<\/em><\/p>\n\n\n\n<h2 class=\"wp-block-heading\"><strong>Ciencia manipulada<\/strong><\/h2>\n\n\n\n<p>Snapp se\u00f1al\u00f3 que, en el marco de las conferencias de la 64 Sesi\u00f3n de la CND, hab\u00edan tenido que enfrentarse con informes cient\u00edficos que podr\u00edan haber sido manipulados en cierta medida para ofrecer resultados convenientes. La pregunta fue c\u00f3mo el p\u00fablico podr\u00eda distinguir un estudio manipulado.<\/p>\n\n\n\n<p>\u201c<em>Todos los estudios sobre sustancias de consumo est\u00e1n financiados de alguna manera, por entidades del Estado o por compa\u00f1\u00edas privadas. Si estas sustancias fueran tan malas, por ejemplo, la Coca\u00edna, estar\u00eda prohibido invertir en su investigaci\u00f3n, de forma tajante\u201d<\/em>, afirm\u00f3 el profesor. <em><strong>\u201cLa gente debe entender el aspecto del comportamiento de las personas del estudio, qu\u00e9 tan bien pueden desenvolverse las personas parte del experimento. \u00bfEs su vida normal, pueden funcionar como otras personas de su edad, de su experiencia? <\/strong>Tambi\u00e9n es llamativo que estos estudios suelen estar presentados por personas no-consumidoras o que pretenden no mostrarse como tales. \u00bfEl estudio presenta solo los aspectos negativos, habla de las condiciones sociales, de los resultados de las pol\u00edticas de drogas?\u201d, <\/em>interrog\u00f3 Hart. <em><strong>\u201cIncluso hay investigadores que equiparan los datos obtenidos sobre animales con los obtenidos con humanos, por ejemplo, los datos de neurotoxicidad, lo cual es un enorme enga\u00f1o.<\/strong> Un humano jam\u00e1s tomar\u00eda una dosis tan elevada como la que pueden suministrar unos investigadores a un animal de laboratorio. Hay que tener cuidado con la informaci\u00f3n sesgada\u201d.<\/em><\/p>\n\n\n\n<h2 class=\"wp-block-heading\"><strong>Rendici\u00f3n de cuentas<\/strong><\/h2>\n\n\n\n<p><strong>\u201c<em>No hay atajos para desmantelar las estructuras socioecon\u00f3micas, las cuestiones raciales y los contextos legislativos<\/em><\/strong><em> <strong>a la hora de hablar de autoconsumo o leyes de drogas<\/strong>. Tiene que venir de la exigencia de la gente, lo cual suele significar el sacrificio de alg\u00fan aspecto de la vida privada, exponerse, reconocer la experiencia y la opini\u00f3n propia\u201d<\/em>, dijo Hart. <em><strong>\u201cLos l\u00edderes de opini\u00f3n sobre drogas no salen del armario, no arriesgan nada.<\/strong> Hay que pedir responsabilidades a los pol\u00edticos, presionar a los periodistas, decirle a esa gente que no sabe de lo que est\u00e1 hablando, rendir cuentas como hicimos con el movimiento Me Too en EEUU. <strong>Si no pedimos estos m\u00ednimos, no podremos cambiar nada<\/strong> y la gente seguir\u00e1 siendo estigmatizada, yendo a prisi\u00f3n o muriendo\u201d.<\/em><\/p>\n\n\n\n<h2 class=\"wp-block-heading\"><strong>Cambio de t\u00e9rminos<\/strong><\/h2>\n\n\n\n<p><strong>\u201c<em>\u00bfC\u00f3mo llegamos al manejo de la responsabilidad necesaria para alcanzar la felicidad? Uno tiene el derecho de buscar el placer o la felicidad. No podemos garantizar que los encuentre, pero s\u00ed a que pueda buscarlos, dentro de unos l\u00edmites, sin molestar a los dem\u00e1s\u201d<\/em><\/strong>, expuso Hart. <em>\u201cSe trata de un proceso din\u00e1mico y hay que comprender que, en una experimentaci\u00f3n, se cometen errores. Para eso existen las redes de seguridad, que, sin embargo, pueden no existir, estar sumidas en la oscuridad, siendo un grave peligro para las vidas de esas personas. En estos \u00e1mbitos,<strong> se suele hablar de &#8216;Reducci\u00f3n de da\u00f1os&#8217;<\/strong>. Es fant\u00e1stico lo que hemos conseguido hablando en esos t\u00e9rminos, pero creo que se deben cambiar, pues de esta forma siempre se <strong>equiparan &#8216;drogas&#8217; a &#8216;da\u00f1os&#8217;, lo que induce a pensar que el consumo de sustancias siempre tiene efectos nocivos y negativos. Debemos desterrar ese t\u00e9rmino, cambiarlo, quiz\u00e1s por \u201cB\u00fasqueda de Placer y Felicidad\u201d. En muchas ocasiones, ya no se trata de huir del dolor, sino de buscar esa comodidad, esa intimidad, ese momento para uno mismo, de disfrutar con los amigos. Deber\u00eda estar bien disfrutar del placer, pasarlo bien. Que la gente sea feliz es algo bueno, no algo malo\u201d.<\/strong><\/em><\/p>\n\n\n\n<p>Quintero finaliz\u00f3 las preguntas con una petici\u00f3n para no hablar de la cuesti\u00f3n de las drogas <em>\u201cen tercera persona\u201d<\/em>, que los profesionales se reconozcan de vez en cuando tambi\u00e9n como consumidores, ayudar a quitar el estigma. Hart concluy\u00f3 reclamando m\u00e1s seguridad y reconociendo que consumir cualquier sustancia puede entra\u00f1ar riesgos. Sin embargo, <em>\u201chay mucho m\u00e1s da\u00f1o en las regulaciones de drogas actuales, que, en una posible regulaci\u00f3n futura, a la luz de lo que sabemos hoy\u201d.<\/em> Zara Snapp despidi\u00f3 la reuni\u00f3n, recordando que el \u00faltimo libro de Hart aparecer\u00e1 en castellano este verano de 2021.<\/p>\n\n\n\n<p><em>M\u00e1s informaci\u00f3n sobre las actividades del Instituto RIA <a href=\"https:\/\/www.institutoria.org\/\">en su p\u00e1gina web<\/a><\/em><\/p>\n","protected":false},"excerpt":{"rendered":"<span class=\"span-reading-time rt-reading-time\" style=\"display: block;\"><span class=\"rt-label rt-prefix\">Tiempo de lectura:<\/span> <span class=\"rt-time\"> 5<\/span> <span class=\"rt-label rt-postfix\">minutos<\/span><\/span>Benito D\u00edaz La celebraci\u00f3n de la 64 sesi\u00f3n de las Naciones Unidas sobre Drogas y Narc\u00f3ticos en Viena trae consigo una serie de eventos complementarios, en los que especialistas y representantes discuten sobre pol\u00edticas de drogas. En esta ocasi\u00f3n, pudimos asistir a la conferencia celebrada de mano del Instituto Ria (M\u00e9xico) en la que participaron [&hellip;]","protected":false},"author":3,"featured_media":6934,"comment_status":"closed","ping_status":"closed","sticky":false,"template":"","format":"standard","meta":{"loftocean-featured-post":"","loftocean_post_format_gallery":"","loftocean_post_format_gallery_ids":"","loftocean_post_format_gallery_urls":"","loftocean_post_format_video_id":"","loftocean_post_format_video_url":"","loftocean_post_format_video_type":"","loftocean_post_format_video":"","loftocean_post_format_audio_type":"","loftocean_post_format_audio_url":"","loftocean_post_format_audio_id":"","loftocean_post_format_audio":"","loftocean_post_format_quote_text":"","loftocean_post_format_quote_byline":"","loftocean_post_format_link_text":"","loftocean_post_format_link_url":"","ceramag_post_header_style":"","ceramag_enable_background_video":"","ceramag_show_in_top_slider":"","ceramag_post_background_video_start":"","ceramag_post_background_video_end":"","loftocean_page_background_video_id":"","loftocean_page_background_video_url":"","loftocean_page_background_video_type":"","loftocean_page_background_video":"","ceramag_background_video_start":"","ceramag_background_video_end":"","ceramag_single_page_hide_header":"","footnotes":""},"categories":[35],"tags":[43,41,44,53,54,42,848],"class_list":["post-6933","post","type-post","status-publish","format-standard","has-post-thumbnail","hentry","category-politica-y-sociedad","tag-benito-diaz","tag-cannabis","tag-drogas","tag-investigacion","tag-legalizacion","tag-politica","tag-politica-de-drogas"],"yoast_head":"<!-- This site is optimized with the Yoast SEO plugin v24.9 - https:\/\/yoast.com\/wordpress\/plugins\/seo\/ -->\n<title>Carl Hart defiende el &quot;placer&quot; y la &quot;felicidad&quot; en el evento complementario del CND2021<\/title>\n<meta name=\"description\" content=\"Entrada &#8226; Portal multimedia sobre cannabis y otras sustancias &#8226; 19 abril, 2021\" \/>\n<meta name=\"robots\" content=\"index, follow, max-snippet:-1, max-image-preview:large, max-video-preview:-1\" \/>\n<link rel=\"canonical\" href=\"https:\/\/www.cannabis.es\/pw\/2021\/04\/19\/carl-hart-en-el-evento-complementario-del-cnd2021-las-personas-deben-tener-derecho-a-buscar-el-placer-o-la-felicidad-con-el-cannabis-o-cualquier-otra-sustancia\/\" \/>\n<meta name=\"twitter:card\" content=\"summary_large_image\" \/>\n<meta name=\"twitter:title\" content=\"Carl Hart defiende el &quot;placer&quot; y la &quot;felicidad&quot; en el evento complementario del CND2021\" \/>\n<meta name=\"twitter:description\" content=\"Entrada &#8226; Portal multimedia sobre cannabis y otras sustancias &#8226; 19 abril, 2021\" \/>\n<meta name=\"twitter:image\" content=\"https:\/\/www.cannabis.es\/pw\/wp-content\/uploads\/2021\/04\/carl-hart-side-event.jpg\" \/>\n<meta name=\"twitter:creator\" content=\"@cannabis_es\" \/>\n<meta name=\"twitter:site\" content=\"@cannabis_es\" \/>\n<meta name=\"twitter:label1\" content=\"Escrito por\" \/>\n\t<meta name=\"twitter:data1\" content=\"Cannabis.es\" \/>\n\t<meta name=\"twitter:label2\" content=\"Tiempo de lectura\" \/>\n\t<meta name=\"twitter:data2\" content=\"7 minutos\" \/>\n<script type=\"application\/ld+json\" class=\"yoast-schema-graph\">{\"@context\":\"https:\/\/schema.org\",\"@graph\":[{\"@type\":\"Article\",\"@id\":\"https:\/\/www.cannabis.es\/pw\/2021\/04\/19\/carl-hart-en-el-evento-complementario-del-cnd2021-las-personas-deben-tener-derecho-a-buscar-el-placer-o-la-felicidad-con-el-cannabis-o-cualquier-otra-sustancia\/#article\",\"isPartOf\":{\"@id\":\"https:\/\/www.cannabis.es\/pw\/2021\/04\/19\/carl-hart-en-el-evento-complementario-del-cnd2021-las-personas-deben-tener-derecho-a-buscar-el-placer-o-la-felicidad-con-el-cannabis-o-cualquier-otra-sustancia\/\"},\"author\":{\"name\":\"Cannabis.es\",\"@id\":\"https:\/\/www.cannabis.es\/pw\/#\/schema\/person\/ec770c03f3e99d770687f537f4ba1e89\"},\"headline\":\"Carl Hart defiende el \u00abplacer\u00bb y la \u00abfelicidad\u00bb en el evento complementario del CND2021\",\"datePublished\":\"2021-04-19T11:15:38+00:00\",\"dateModified\":\"2021-04-19T12:00:27+00:00\",\"mainEntityOfPage\":{\"@id\":\"https:\/\/www.cannabis.es\/pw\/2021\/04\/19\/carl-hart-en-el-evento-complementario-del-cnd2021-las-personas-deben-tener-derecho-a-buscar-el-placer-o-la-felicidad-con-el-cannabis-o-cualquier-otra-sustancia\/\"},\"wordCount\":1560,\"publisher\":{\"@id\":\"https:\/\/www.cannabis.es\/pw\/#organization\"},\"image\":{\"@id\":\"https:\/\/www.cannabis.es\/pw\/2021\/04\/19\/carl-hart-en-el-evento-complementario-del-cnd2021-las-personas-deben-tener-derecho-a-buscar-el-placer-o-la-felicidad-con-el-cannabis-o-cualquier-otra-sustancia\/#primaryimage\"},\"thumbnailUrl\":\"https:\/\/www.cannabis.es\/pw\/wp-content\/uploads\/2021\/04\/carl-hart-side-event.jpg\",\"keywords\":[\"Benito D\u00edaz\",\"cannabis\",\"drogas\",\"investigaci\u00f3n\",\"legalizaci\u00f3n\",\"pol\u00edtica\",\"pol\u00edtica de drogas\"],\"articleSection\":[\"Pol\u00edtica y Sociedad\"],\"inLanguage\":\"es\"},{\"@type\":\"WebPage\",\"@id\":\"https:\/\/www.cannabis.es\/pw\/2021\/04\/19\/carl-hart-en-el-evento-complementario-del-cnd2021-las-personas-deben-tener-derecho-a-buscar-el-placer-o-la-felicidad-con-el-cannabis-o-cualquier-otra-sustancia\/\",\"url\":\"https:\/\/www.cannabis.es\/pw\/2021\/04\/19\/carl-hart-en-el-evento-complementario-del-cnd2021-las-personas-deben-tener-derecho-a-buscar-el-placer-o-la-felicidad-con-el-cannabis-o-cualquier-otra-sustancia\/\",\"name\":\"Carl Hart defiende el \\\"placer\\\" y la \\\"felicidad\\\" en el evento complementario del CND2021\",\"isPartOf\":{\"@id\":\"https:\/\/www.cannabis.es\/pw\/#website\"},\"primaryImageOfPage\":{\"@id\":\"https:\/\/www.cannabis.es\/pw\/2021\/04\/19\/carl-hart-en-el-evento-complementario-del-cnd2021-las-personas-deben-tener-derecho-a-buscar-el-placer-o-la-felicidad-con-el-cannabis-o-cualquier-otra-sustancia\/#primaryimage\"},\"image\":{\"@id\":\"https:\/\/www.cannabis.es\/pw\/2021\/04\/19\/carl-hart-en-el-evento-complementario-del-cnd2021-las-personas-deben-tener-derecho-a-buscar-el-placer-o-la-felicidad-con-el-cannabis-o-cualquier-otra-sustancia\/#primaryimage\"},\"thumbnailUrl\":\"https:\/\/www.cannabis.es\/pw\/wp-content\/uploads\/2021\/04\/carl-hart-side-event.jpg\",\"datePublished\":\"2021-04-19T11:15:38+00:00\",\"dateModified\":\"2021-04-19T12:00:27+00:00\",\"description\":\"Entrada &#8226; Portal multimedia sobre cannabis y otras sustancias &#8226; 19 abril, 2021\",\"breadcrumb\":{\"@id\":\"https:\/\/www.cannabis.es\/pw\/2021\/04\/19\/carl-hart-en-el-evento-complementario-del-cnd2021-las-personas-deben-tener-derecho-a-buscar-el-placer-o-la-felicidad-con-el-cannabis-o-cualquier-otra-sustancia\/#breadcrumb\"},\"inLanguage\":\"es\",\"potentialAction\":[{\"@type\":\"ReadAction\",\"target\":[\"https:\/\/www.cannabis.es\/pw\/2021\/04\/19\/carl-hart-en-el-evento-complementario-del-cnd2021-las-personas-deben-tener-derecho-a-buscar-el-placer-o-la-felicidad-con-el-cannabis-o-cualquier-otra-sustancia\/\"]}]},{\"@type\":\"ImageObject\",\"inLanguage\":\"es\",\"@id\":\"https:\/\/www.cannabis.es\/pw\/2021\/04\/19\/carl-hart-en-el-evento-complementario-del-cnd2021-las-personas-deben-tener-derecho-a-buscar-el-placer-o-la-felicidad-con-el-cannabis-o-cualquier-otra-sustancia\/#primaryimage\",\"url\":\"https:\/\/www.cannabis.es\/pw\/wp-content\/uploads\/2021\/04\/carl-hart-side-event.jpg\",\"contentUrl\":\"https:\/\/www.cannabis.es\/pw\/wp-content\/uploads\/2021\/04\/carl-hart-side-event.jpg\",\"width\":804,\"height\":532},{\"@type\":\"BreadcrumbList\",\"@id\":\"https:\/\/www.cannabis.es\/pw\/2021\/04\/19\/carl-hart-en-el-evento-complementario-del-cnd2021-las-personas-deben-tener-derecho-a-buscar-el-placer-o-la-felicidad-con-el-cannabis-o-cualquier-otra-sustancia\/#breadcrumb\",\"itemListElement\":[{\"@type\":\"ListItem\",\"position\":1,\"name\":\"Portada\",\"item\":\"http:\/\/www.cannabis.es\/pw\/\"},{\"@type\":\"ListItem\",\"position\":2,\"name\":\"Carl Hart defiende el \u00abplacer\u00bb y la \u00abfelicidad\u00bb en el evento complementario del CND2021\"}]},{\"@type\":\"WebSite\",\"@id\":\"https:\/\/www.cannabis.es\/pw\/#website\",\"url\":\"https:\/\/www.cannabis.es\/pw\/\",\"name\":\"Cannabis\",\"description\":\"Portal multimedia sobre cannabis y otras sustancias\",\"publisher\":{\"@id\":\"https:\/\/www.cannabis.es\/pw\/#organization\"},\"potentialAction\":[{\"@type\":\"SearchAction\",\"target\":{\"@type\":\"EntryPoint\",\"urlTemplate\":\"https:\/\/www.cannabis.es\/pw\/?s={search_term_string}\"},\"query-input\":{\"@type\":\"PropertyValueSpecification\",\"valueRequired\":true,\"valueName\":\"search_term_string\"}}],\"inLanguage\":\"es\"},{\"@type\":\"Organization\",\"@id\":\"https:\/\/www.cannabis.es\/pw\/#organization\",\"name\":\"Cannabis.es\",\"url\":\"https:\/\/www.cannabis.es\/pw\/\",\"logo\":{\"@type\":\"ImageObject\",\"inLanguage\":\"es\",\"@id\":\"https:\/\/www.cannabis.es\/pw\/#\/schema\/logo\/image\/\",\"url\":\"https:\/\/www.cannabis.es\/pw\/wp-content\/uploads\/2019\/04\/cropped-logo_cannabis.png\",\"contentUrl\":\"https:\/\/www.cannabis.es\/pw\/wp-content\/uploads\/2019\/04\/cropped-logo_cannabis.png\",\"width\":361,\"height\":120,\"caption\":\"Cannabis.es\"},\"image\":{\"@id\":\"https:\/\/www.cannabis.es\/pw\/#\/schema\/logo\/image\/\"},\"sameAs\":[\"https:\/\/x.com\/cannabis_es\"]},{\"@type\":\"Person\",\"@id\":\"https:\/\/www.cannabis.es\/pw\/#\/schema\/person\/ec770c03f3e99d770687f537f4ba1e89\",\"name\":\"Cannabis.es\",\"image\":{\"@type\":\"ImageObject\",\"inLanguage\":\"es\",\"@id\":\"https:\/\/www.cannabis.es\/pw\/#\/schema\/person\/image\/\",\"url\":\"https:\/\/secure.gravatar.com\/avatar\/810c93a3d6fadc3d9c2665b1d919a4aedea8ed4dd63689d001e985a804e90d83?s=96&d=mm&r=g\",\"contentUrl\":\"https:\/\/secure.gravatar.com\/avatar\/810c93a3d6fadc3d9c2665b1d919a4aedea8ed4dd63689d001e985a804e90d83?s=96&d=mm&r=g\",\"caption\":\"Cannabis.es\"},\"url\":\"https:\/\/www.cannabis.es\/pw\/author\/arnau\/\"}]}<\/script>\n<!-- \/ Yoast SEO plugin. -->","yoast_head_json":{"title":"Carl Hart defiende el \"placer\" y la \"felicidad\" en el evento complementario del CND2021","description":"Entrada &#8226; Portal multimedia sobre cannabis y otras sustancias &#8226; 19 abril, 2021","robots":{"index":"index","follow":"follow","max-snippet":"max-snippet:-1","max-image-preview":"max-image-preview:large","max-video-preview":"max-video-preview:-1"},"canonical":"https:\/\/www.cannabis.es\/pw\/2021\/04\/19\/carl-hart-en-el-evento-complementario-del-cnd2021-las-personas-deben-tener-derecho-a-buscar-el-placer-o-la-felicidad-con-el-cannabis-o-cualquier-otra-sustancia\/","twitter_card":"summary_large_image","twitter_title":"Carl Hart defiende el \"placer\" y la \"felicidad\" en el evento complementario del CND2021","twitter_description":"Entrada &#8226; Portal multimedia sobre cannabis y otras sustancias &#8226; 19 abril, 2021","twitter_image":"https:\/\/www.cannabis.es\/pw\/wp-content\/uploads\/2021\/04\/carl-hart-side-event.jpg","twitter_creator":"@cannabis_es","twitter_site":"@cannabis_es","twitter_misc":{"Escrito por":"Cannabis.es","Tiempo de lectura":"7 minutos"},"schema":{"@context":"https:\/\/schema.org","@graph":[{"@type":"Article","@id":"https:\/\/www.cannabis.es\/pw\/2021\/04\/19\/carl-hart-en-el-evento-complementario-del-cnd2021-las-personas-deben-tener-derecho-a-buscar-el-placer-o-la-felicidad-con-el-cannabis-o-cualquier-otra-sustancia\/#article","isPartOf":{"@id":"https:\/\/www.cannabis.es\/pw\/2021\/04\/19\/carl-hart-en-el-evento-complementario-del-cnd2021-las-personas-deben-tener-derecho-a-buscar-el-placer-o-la-felicidad-con-el-cannabis-o-cualquier-otra-sustancia\/"},"author":{"name":"Cannabis.es","@id":"https:\/\/www.cannabis.es\/pw\/#\/schema\/person\/ec770c03f3e99d770687f537f4ba1e89"},"headline":"Carl Hart defiende el \u00abplacer\u00bb y la \u00abfelicidad\u00bb en el evento complementario del CND2021","datePublished":"2021-04-19T11:15:38+00:00","dateModified":"2021-04-19T12:00:27+00:00","mainEntityOfPage":{"@id":"https:\/\/www.cannabis.es\/pw\/2021\/04\/19\/carl-hart-en-el-evento-complementario-del-cnd2021-las-personas-deben-tener-derecho-a-buscar-el-placer-o-la-felicidad-con-el-cannabis-o-cualquier-otra-sustancia\/"},"wordCount":1560,"publisher":{"@id":"https:\/\/www.cannabis.es\/pw\/#organization"},"image":{"@id":"https:\/\/www.cannabis.es\/pw\/2021\/04\/19\/carl-hart-en-el-evento-complementario-del-cnd2021-las-personas-deben-tener-derecho-a-buscar-el-placer-o-la-felicidad-con-el-cannabis-o-cualquier-otra-sustancia\/#primaryimage"},"thumbnailUrl":"https:\/\/www.cannabis.es\/pw\/wp-content\/uploads\/2021\/04\/carl-hart-side-event.jpg","keywords":["Benito D\u00edaz","cannabis","drogas","investigaci\u00f3n","legalizaci\u00f3n","pol\u00edtica","pol\u00edtica de drogas"],"articleSection":["Pol\u00edtica y Sociedad"],"inLanguage":"es"},{"@type":"WebPage","@id":"https:\/\/www.cannabis.es\/pw\/2021\/04\/19\/carl-hart-en-el-evento-complementario-del-cnd2021-las-personas-deben-tener-derecho-a-buscar-el-placer-o-la-felicidad-con-el-cannabis-o-cualquier-otra-sustancia\/","url":"https:\/\/www.cannabis.es\/pw\/2021\/04\/19\/carl-hart-en-el-evento-complementario-del-cnd2021-las-personas-deben-tener-derecho-a-buscar-el-placer-o-la-felicidad-con-el-cannabis-o-cualquier-otra-sustancia\/","name":"Carl Hart defiende el \"placer\" y la \"felicidad\" en el evento complementario del CND2021","isPartOf":{"@id":"https:\/\/www.cannabis.es\/pw\/#website"},"primaryImageOfPage":{"@id":"https:\/\/www.cannabis.es\/pw\/2021\/04\/19\/carl-hart-en-el-evento-complementario-del-cnd2021-las-personas-deben-tener-derecho-a-buscar-el-placer-o-la-felicidad-con-el-cannabis-o-cualquier-otra-sustancia\/#primaryimage"},"image":{"@id":"https:\/\/www.cannabis.es\/pw\/2021\/04\/19\/carl-hart-en-el-evento-complementario-del-cnd2021-las-personas-deben-tener-derecho-a-buscar-el-placer-o-la-felicidad-con-el-cannabis-o-cualquier-otra-sustancia\/#primaryimage"},"thumbnailUrl":"https:\/\/www.cannabis.es\/pw\/wp-content\/uploads\/2021\/04\/carl-hart-side-event.jpg","datePublished":"2021-04-19T11:15:38+00:00","dateModified":"2021-04-19T12:00:27+00:00","description":"Entrada &#8226; Portal multimedia sobre cannabis y otras sustancias &#8226; 19 abril, 2021","breadcrumb":{"@id":"https:\/\/www.cannabis.es\/pw\/2021\/04\/19\/carl-hart-en-el-evento-complementario-del-cnd2021-las-personas-deben-tener-derecho-a-buscar-el-placer-o-la-felicidad-con-el-cannabis-o-cualquier-otra-sustancia\/#breadcrumb"},"inLanguage":"es","potentialAction":[{"@type":"ReadAction","target":["https:\/\/www.cannabis.es\/pw\/2021\/04\/19\/carl-hart-en-el-evento-complementario-del-cnd2021-las-personas-deben-tener-derecho-a-buscar-el-placer-o-la-felicidad-con-el-cannabis-o-cualquier-otra-sustancia\/"]}]},{"@type":"ImageObject","inLanguage":"es","@id":"https:\/\/www.cannabis.es\/pw\/2021\/04\/19\/carl-hart-en-el-evento-complementario-del-cnd2021-las-personas-deben-tener-derecho-a-buscar-el-placer-o-la-felicidad-con-el-cannabis-o-cualquier-otra-sustancia\/#primaryimage","url":"https:\/\/www.cannabis.es\/pw\/wp-content\/uploads\/2021\/04\/carl-hart-side-event.jpg","contentUrl":"https:\/\/www.cannabis.es\/pw\/wp-content\/uploads\/2021\/04\/carl-hart-side-event.jpg","width":804,"height":532},{"@type":"BreadcrumbList","@id":"https:\/\/www.cannabis.es\/pw\/2021\/04\/19\/carl-hart-en-el-evento-complementario-del-cnd2021-las-personas-deben-tener-derecho-a-buscar-el-placer-o-la-felicidad-con-el-cannabis-o-cualquier-otra-sustancia\/#breadcrumb","itemListElement":[{"@type":"ListItem","position":1,"name":"Portada","item":"http:\/\/www.cannabis.es\/pw\/"},{"@type":"ListItem","position":2,"name":"Carl Hart defiende el \u00abplacer\u00bb y la \u00abfelicidad\u00bb en el evento complementario del CND2021"}]},{"@type":"WebSite","@id":"https:\/\/www.cannabis.es\/pw\/#website","url":"https:\/\/www.cannabis.es\/pw\/","name":"Cannabis","description":"Portal multimedia sobre cannabis y otras sustancias","publisher":{"@id":"https:\/\/www.cannabis.es\/pw\/#organization"},"potentialAction":[{"@type":"SearchAction","target":{"@type":"EntryPoint","urlTemplate":"https:\/\/www.cannabis.es\/pw\/?s={search_term_string}"},"query-input":{"@type":"PropertyValueSpecification","valueRequired":true,"valueName":"search_term_string"}}],"inLanguage":"es"},{"@type":"Organization","@id":"https:\/\/www.cannabis.es\/pw\/#organization","name":"Cannabis.es","url":"https:\/\/www.cannabis.es\/pw\/","logo":{"@type":"ImageObject","inLanguage":"es","@id":"https:\/\/www.cannabis.es\/pw\/#\/schema\/logo\/image\/","url":"https:\/\/www.cannabis.es\/pw\/wp-content\/uploads\/2019\/04\/cropped-logo_cannabis.png","contentUrl":"https:\/\/www.cannabis.es\/pw\/wp-content\/uploads\/2019\/04\/cropped-logo_cannabis.png","width":361,"height":120,"caption":"Cannabis.es"},"image":{"@id":"https:\/\/www.cannabis.es\/pw\/#\/schema\/logo\/image\/"},"sameAs":["https:\/\/x.com\/cannabis_es"]},{"@type":"Person","@id":"https:\/\/www.cannabis.es\/pw\/#\/schema\/person\/ec770c03f3e99d770687f537f4ba1e89","name":"Cannabis.es","image":{"@type":"ImageObject","inLanguage":"es","@id":"https:\/\/www.cannabis.es\/pw\/#\/schema\/person\/image\/","url":"https:\/\/secure.gravatar.com\/avatar\/810c93a3d6fadc3d9c2665b1d919a4aedea8ed4dd63689d001e985a804e90d83?s=96&d=mm&r=g","contentUrl":"https:\/\/secure.gravatar.com\/avatar\/810c93a3d6fadc3d9c2665b1d919a4aedea8ed4dd63689d001e985a804e90d83?s=96&d=mm&r=g","caption":"Cannabis.es"},"url":"https:\/\/www.cannabis.es\/pw\/author\/arnau\/"}]}},"_links":{"self":[{"href":"https:\/\/www.cannabis.es\/pw\/wp-json\/wp\/v2\/posts\/6933","targetHints":{"allow":["GET"]}}],"collection":[{"href":"https:\/\/www.cannabis.es\/pw\/wp-json\/wp\/v2\/posts"}],"about":[{"href":"https:\/\/www.cannabis.es\/pw\/wp-json\/wp\/v2\/types\/post"}],"author":[{"embeddable":true,"href":"https:\/\/www.cannabis.es\/pw\/wp-json\/wp\/v2\/users\/3"}],"replies":[{"embeddable":true,"href":"https:\/\/www.cannabis.es\/pw\/wp-json\/wp\/v2\/comments?post=6933"}],"version-history":[{"count":3,"href":"https:\/\/www.cannabis.es\/pw\/wp-json\/wp\/v2\/posts\/6933\/revisions"}],"predecessor-version":[{"id":6938,"href":"https:\/\/www.cannabis.es\/pw\/wp-json\/wp\/v2\/posts\/6933\/revisions\/6938"}],"wp:featuredmedia":[{"embeddable":true,"href":"https:\/\/www.cannabis.es\/pw\/wp-json\/wp\/v2\/media\/6934"}],"wp:attachment":[{"href":"https:\/\/www.cannabis.es\/pw\/wp-json\/wp\/v2\/media?parent=6933"}],"wp:term":[{"taxonomy":"category","embeddable":true,"href":"https:\/\/www.cannabis.es\/pw\/wp-json\/wp\/v2\/categories?post=6933"},{"taxonomy":"post_tag","embeddable":true,"href":"https:\/\/www.cannabis.es\/pw\/wp-json\/wp\/v2\/tags?post=6933"}],"curies":[{"name":"wp","href":"https:\/\/api.w.org\/{rel}","templated":true}]}}