{"id":6945,"date":"2021-04-21T13:06:12","date_gmt":"2021-04-21T11:06:12","guid":{"rendered":"https:\/\/www.cannabis.es\/pw\/?p=6945"},"modified":"2021-04-21T19:19:36","modified_gmt":"2021-04-21T17:19:36","slug":"documental-sobre-juanma-marihuana-para-vivir-el-autocultivo-me-da-la-dignidad","status":"publish","type":"post","link":"https:\/\/www.cannabis.es\/pw\/2021\/04\/21\/documental-sobre-juanma-marihuana-para-vivir-el-autocultivo-me-da-la-dignidad\/","title":{"rendered":"Marihuana para vivir, documental sobre Juanma: \u201cEl autocultivo me da la dignidad\u201d"},"content":{"rendered":"\n<p>Benito D\u00edaz<\/p>\n\n\n\n<p>Marihuana para vivir es el t\u00edtulo del nuevo proyecto documental suscitado por el Observatorio Espa\u00f1ol del Consumo y Cultivo del Cannabis (OECCC). Dirigido por Ricardo Carvajal, recoge el caso de Juan Manuel Rodr\u00edguez Gante, cuya diversidad de movimiento incluye las cuatro extremidades y que acaba de solicitar un permiso para autocultivar Cannabis de uso terap\u00e9utico a la Agencia Espa\u00f1ola del Medicamento y Productos Sanitarios (AEMPS).<\/p>\n\n\n\n<p>La presentaci\u00f3n, por v\u00eda telem\u00e1tica dadas las circunstancias de la Pandemia de Covid 19, comenz\u00f3 con la presentaci\u00f3n de los participantes de la mano de la presidenta del OECCC, Noem\u00ed S\u00e1nchez-N\u00e0cher, neurocient\u00edfica. Tras una breve presentaci\u00f3n del director del estudio jur\u00eddico Brotsanbert, H\u00e9ctor Brotons, junto a Ricardo Carvajal, conocimos al protagonista del proyecto, Juan Manuel Rodr\u00edguez Gante, \u201cJuanma\u201d.<\/p>\n\n\n\n<figure class=\"wp-block-image size-large\"><img loading=\"lazy\" decoding=\"async\" width=\"804\" height=\"532\" src=\"https:\/\/www.cannabis.es\/pw\/wp-content\/uploads\/2021\/04\/marihuana-para-vivir.jpg\" alt=\"\" class=\"wp-image-6947\" srcset=\"https:\/\/www.cannabis.es\/pw\/wp-content\/uploads\/2021\/04\/marihuana-para-vivir.jpg 804w, https:\/\/www.cannabis.es\/pw\/wp-content\/uploads\/2021\/04\/marihuana-para-vivir-300x199.jpg 300w, https:\/\/www.cannabis.es\/pw\/wp-content\/uploads\/2021\/04\/marihuana-para-vivir-768x508.jpg 768w, https:\/\/www.cannabis.es\/pw\/wp-content\/uploads\/2021\/04\/marihuana-para-vivir-600x397.jpg 600w\" sizes=\"auto, (max-width: 804px) 100vw, 804px\" \/><\/figure>\n\n\n\n<h2 class=\"wp-block-heading\"><strong>Juanma<\/strong><\/h2>\n\n\n\n<p><span class=\"has-inline-color has-luminous-vivid-orange-color\">\u201c<em>Quiero dar las gracias al Observatorio por darme la oportunidad de presentar mi solicitud para autocultivar y as\u00ed, poder abastecerme de Cannabis con el que tratar mis dolores\u201d<\/em><\/span>, explic\u00f3. A los 19 a\u00f1os, Juanma sufri\u00f3 un accidente en una playa, lesion\u00e1ndose la m\u00e9dula \u00f3sea. Hoy d\u00eda, tiene 40 a\u00f1os y el dolor le acompa\u00f1a las 24 horas.<em> \u201cEl permiso de la Agencia es la mejor manera de suministrarme\u201d<\/em> coment\u00f3. <em><span class=\"has-inline-color has-luminous-vivid-orange-color\">\u201cNo quiero tener que recurrir al Mercado Negro, o que la polic\u00eda me persiga para ponerme una multa. El autocultivo me da la dignidad de cultivar la planta cuya medicina necesito. Fumo Cannabis porque me viene bien, me quita el dolor. Creo que no necesito el permiso de la polic\u00eda ni del juez para conseguir eso\u201d<\/span>, <\/em>declar\u00f3 Juanma. <em><span class=\"has-inline-color has-luminous-vivid-orange-color\">\u201cNo hago da\u00f1o a nadie por fumarme un cigarro de Marihuana, ni por tener un n\u00famero de plantas para m\u00ed\u201d<\/span>.<\/em><\/p>\n\n\n\n<p>Juanma ha tenido que recorrer un camino dif\u00edcil hasta llegar a este punto. Comenta una experiencia de hace algunos a\u00f1os, cuando intent\u00f3 llevar a cabo un autocultivo de Cannabis. <em><span class=\"has-inline-color has-luminous-vivid-orange-color\">\u201cNo pod\u00eda acudir al Mercado Negro, por la mala calidad del producto y los precios abusivos. Decid\u00ed invertir mi peque\u00f1a pensi\u00f3n en comprar un armario para el autocultivo. Trat\u00e9 de sacar adelante un cultivo de quince plantas, lo que calcul\u00e9 suficiente para todo el a\u00f1o. La primera cosecha fue bien, tuve Cannabis para varios meses, fue un momento de \u00e9xito en el que pude sentirme como una persona entera. Pero el olor de la planta me delat\u00f3 y la direcci\u00f3n del centro del Imserso donde vivo, se enter\u00f3 de que ten\u00eda el cultivo. Me ofrecieron retirar las plantas sin denunciarme, pero en la situaci\u00f3n en la que estaba, no quise hacerlo. Vi que el cultivo era la soluci\u00f3n a mis problemas. El director se vio obligado a denunciarme para no infringir la ley. Cuando vino la polic\u00eda, ya hab\u00eda retirado el cultivo para evitar las sanciones, aun as\u00ed, me tomaron declaraci\u00f3n y me citaron para ir a juicio\u201d<\/span><\/em>, narra Juanma. Explic\u00f3 sus motivos al juez, que tuvo que ir a tomarle declaraci\u00f3n hasta su habitaci\u00f3n, por motivos de salud, archivando el caso m\u00e1s tarde.<\/p>\n\n\n\n<p>Tras esa situaci\u00f3n, sigui\u00f3 consiguiendo su Cannabis en el mercado il\u00edcito, siendo sorprendido por agentes de paisano en una ocasi\u00f3n. <em><span class=\"has-inline-color has-luminous-vivid-orange-color\">\u201cMe trasladaron a un despacho de la comisar\u00eda para hacerme un cacheo completo, donde encontraron un bote en mi mochila. Ah\u00ed ten\u00eda mi Marihuana para dos meses, que me acababa de traer un amigo. Me lo confiscaron, me amenazaron, me llamaron traficante. Les dije que no, que solo la usaba para mis dolores, aunque insistieron en que me iban a denunciar. El director de la residencia intercedi\u00f3 por m\u00ed, a pesar de eso, los agentes me propusieron para una sanci\u00f3n, que no me ha llegado. Fue hace tres a\u00f1os\u201d.<\/span><\/em><\/p>\n\n\n\n<h2 class=\"wp-block-heading\"><strong>Petici\u00f3n a la AEMPS<\/strong><\/h2>\n\n\n\n<p>H\u00e9ctor Brotons, parte <a href=\"https:\/\/brotsanbert.com\/\">del bufete BrotSanBert<\/a> y a su vez, director jur\u00eddico del Observatorio, se encarga en la actualidad de tramitar la petici\u00f3n de Juanma ante la instituci\u00f3n. No en vano<a href=\"https:\/\/www.cannabis.es\/pw\/2020\/02\/19\/el-organismo-estatal-encargado-reconoce-arbitrariedad-en-la-concesion-de-licencias-un-informe-del-oeccc\/\">, la AEMPS se encarga de distribuir las licencia<\/a>s para el cultivo de Cannabis en nuestro pa\u00eds, papeles que solo se han otorgado a un pu\u00f1ado de instituciones, muchas en circunstancias no del todo claras. <em><span class=\"has-inline-color has-luminous-vivid-orange-color\">\u201cHemos tratado de canalizar una situaci\u00f3n real por las pocas v\u00edas jur\u00eddicas que nos permite nuestro Estado\u201d,<\/span> <\/em>comenz\u00f3 Brotons. <em><span class=\"has-inline-color has-luminous-vivid-orange-color\">\u201cLa base de la petici\u00f3n es la evidencia cient\u00edfica, la que muchos pol\u00edticos est\u00e1n esperando. Es innegable que el Cannabis tiene propiedades medicinales y las ha tenido siempre, formando parte de la farmacopea tradicional\u201d<\/span>.<\/em> El letrado calific\u00f3 como \u201caberraci\u00f3n\u201d la injusticia en un caso como el de Juanma, pues <em><span class=\"has-inline-color has-luminous-vivid-orange-color\">\u201cc\u00f3mo puede ser tan retorcida la aplicaci\u00f3n de una ley, que como dice el propio Juanma, te permiten morirte, pero no sobrevivir\u201d<\/span><\/em>.<\/p>\n\n\n\n<p>El hecho de que a este paciente le funciona el Cannabis para tratar sus dolores, la cuesti\u00f3n de que los pocos f\u00e1rmacos de uso legal en Espa\u00f1a, no consiguen mitigar su sufrimiento pues necesita de un compuesto que contenga la planta entera y no algunas de sus mol\u00e9culas, sumado a las revisiones por parte de la ONU, la OMS y la exclusi\u00f3n de la Marihuana de sus listas de sustancias fiscalizadas, adem\u00e1s de la antig\u00fcedad y desfase en las leyes espa\u00f1olas al respecto, suponen razones m\u00e1s que suficientes para elevar una demanda ante la Agencia. <em><span class=\"has-inline-color has-luminous-vivid-orange-color\">\u201cLa libertad y la dignidad, suponen una segura mejora en su salud, lejos de la persecuci\u00f3n policial y la estigmatizaci\u00f3n\u201d<\/span>.<\/em><\/p>\n\n\n\n<h2 class=\"wp-block-heading\"><strong>El documental<\/strong><\/h2>\n\n\n\n<p>Ricardo Carvajal, fue responsable de <a href=\"https:\/\/www.cannabis.es\/pw\/2020\/05\/25\/marihuana-primero-las-personas-un-documental-sobre-la-herencia-cannabica\/\">\u201cMarihuana: Primero las Personas\u201d.<\/a> En este momento, se encuentra terminando el rodaje del proyecto, \u201cbuscando profundizar en el caso de un usuario de Cannabis Medicinal, el caso de Juanma\u201d. <span class=\"has-inline-color has-luminous-vivid-orange-color\"><em>\u201cEl camino de Juanma no ha sido de rosas. Ha tenido lucha contra las fuerzas policiales, con las sociales y las jur\u00eddicas\u201d, <\/em>comenta Carvajal. <em>\u201cIntento diseccionar cada fen\u00f3meno que hay detr\u00e1s del Cannabis Terap\u00e9utico. Tenemos toda la informaci\u00f3n sobre Juanma, hasta sus informes m\u00e9dicos como prueba\u201d<\/em><\/span><em>,<\/em> dijo Ricardo, antes de revelar una colaboraci\u00f3n con expertos en la materia chilenos, provenientes de<a href=\"https:\/\/www.cannabis.es\/pw\/2017\/09\/11\/visitamos-la-fundacion-daya-y-os-traemos-sabiduria-cannabica-desde-chile\/\"> la Fundaci\u00f3n Daya.<\/a> <em><span class=\"has-inline-color has-luminous-vivid-orange-color\">\u201cLa idea es orientar y proponer un modelo de regulaci\u00f3n del Cannabis, ya que en Chile el Cannabis Medicinal es legal\u201d<\/span>. <\/em>Apunt\u00f3 que en casos como el de Juanma, el autocultivo deber\u00eda estar contemplado como un derecho, pues las empresas detr\u00e1s de las v\u00edas de acceso para un consumo de Cannabis Medicinal, no est\u00e1n al alcance de todas las personas.<em> <span class=\"has-inline-color has-luminous-vivid-orange-color\">\u201cPara un paciente como Juanma, es casi imposible gastarse la cantidad de dinero que necesitar\u00eda para adquirir Cannabis en el mercado no-oficial\u201d<\/span>.<\/em><\/p>\n\n\n\n<h2 class=\"wp-block-heading\"><strong>Fundaci\u00f3n Daya<\/strong><\/h2>\n\n\n\n<p>La investigaci\u00f3n por parte de la Fundaci\u00f3n Daya, en convenio internacional con el OECCC, recalca la urgencia por la regulaci\u00f3n del Cannabis Terap\u00e9utico, de parte de las uniones entre pacientes y organizaciones en nuestro pa\u00eds. Abierto el turno de preguntas, particip\u00f3 Ana Mar\u00eda Gazmuri Vieira, aparecida en <a href=\"https:\/\/www.cannabis.es\/pw\/2021\/03\/08\/documental-cannabicas-la-revolucion-cannabica-es-feminista-porque-venimos-a-cambiarlo-todo\/\">el documental \u201cCann\u00e1bicas\u201d,<\/a> en calidad de representante de Fundaci\u00f3n Daya. Seg\u00fan nos cuentan, fueron la primera entidad en Chile que consiguieron licencia para un autocultivo terap\u00e9utico colectivo.<\/p>\n\n\n\n<p>\u201cLas realidades entre Chile y Espa\u00f1a, pueden ser similares en los problemas que enfrentamos\u201d, declar\u00f3 Gazmuri. <em><span class=\"has-inline-color has-luminous-vivid-orange-color\">\u201cUn Estado que, en lugar de acoger y proteger, se dedica a perseguir y a criminalizar. A pesar de que nuestra ley de drogas pone como excepci\u00f3n lo que tiene que ver con porte, tenencia y cultivo de Cannabis cuando es para un uso personal exclusivo o para tratamiento m\u00e9dico, el ministerio p\u00fablico, la fiscal\u00eda y la audiencia, insiste en perseguir a las personas o colectivos que cultivan Cannabis\u201d.<\/span><\/em><\/p>\n\n\n\n<p>Afirm\u00f3 que la situaci\u00f3n que atraviesa el pa\u00eds es casi de dictadura, bajo la presidencia de Sebasti\u00e1n Pi\u00f1era, con cientos de detenidos en las protestas sociales, sin juicios justos ni procesos correctos. En consecuencia, el movimiento cann\u00e1bico tambi\u00e9n se ha visto afectado. <em><span class=\"has-inline-color has-luminous-vivid-orange-color\">\u201cEn nuestros casi nueve a\u00f1os de historia, nunca hab\u00edamos enfrentado un momento tan dif\u00edcil como \u00e9ste, con 103 casos de pacientes en causas judiciales. Tres de ellos est\u00e1n privados de libertad, un fen\u00f3meno que no ve\u00edamos desde hace muchos a\u00f1os. Un retroceso inmenso\u201d.<\/span> <\/em>Gazmuri relat\u00f3 los allanamientos de los cuerpos de polic\u00eda chilenos en muchos domicilios de personas usuarias, sin reparar en ni\u00f1os o en personas con diversidades mentales y f\u00edsicas.<em> <span class=\"has-inline-color has-luminous-vivid-orange-color\">\u201cEl avance en la consecuci\u00f3n de f\u00f3rmulas magistrales, ocho en nuestro pa\u00eds, para solventar las necesidades de los consumidores terap\u00e9uticos, se ve ensombrecido por la persecuci\u00f3n del Estado, decidido a perseguir y castigar el uso terap\u00e9utico\u201d.<\/span><\/em><\/p>\n\n\n\n<p>El documental tiene prevista su salida en Septiembre y podr\u00e1 encontrarse en la plataforma Youtube.<\/p>\n\n\n\n<p>M\u00e1s informaci\u00f3n sobre las actividades del OECCC <a href=\"https:\/\/observatoriocannabis.com\/\">en su p\u00e1gina web<\/a>, en su <a href=\"https:\/\/www.youtube.com\/channel\/UCnF-VabFDauQDBVJyjjp3pg\/videos\">canal de Youtube<\/a> y <a href=\"https:\/\/twitter.com\/ObsCannabis\">en su Twitter.<\/a><\/p>\n","protected":false},"excerpt":{"rendered":"<span class=\"span-reading-time rt-reading-time\" style=\"display: block;\"><span class=\"rt-label rt-prefix\">Tiempo de lectura:<\/span> <span class=\"rt-time\"> 5<\/span> <span class=\"rt-label rt-postfix\">minutos<\/span><\/span>Benito D\u00edaz Marihuana para vivir es el t\u00edtulo del nuevo proyecto documental suscitado por el Observatorio Espa\u00f1ol del Consumo y Cultivo del Cannabis (OECCC). Dirigido por Ricardo Carvajal, recoge el caso de Juan Manuel Rodr\u00edguez Gante, cuya diversidad de movimiento incluye las cuatro extremidades y que acaba de solicitar un permiso para autocultivar Cannabis de [&hellip;]","protected":false},"author":3,"featured_media":6947,"comment_status":"closed","ping_status":"closed","sticky":false,"template":"","format":"standard","meta":{"loftocean-featured-post":"","loftocean_post_format_gallery":"","loftocean_post_format_gallery_ids":"","loftocean_post_format_gallery_urls":"","loftocean_post_format_video_id":"","loftocean_post_format_video_url":"","loftocean_post_format_video_type":"","loftocean_post_format_video":"","loftocean_post_format_audio_type":"","loftocean_post_format_audio_url":"","loftocean_post_format_audio_id":"","loftocean_post_format_audio":"","loftocean_post_format_quote_text":"","loftocean_post_format_quote_byline":"","loftocean_post_format_link_text":"","loftocean_post_format_link_url":"","ceramag_post_header_style":"","ceramag_enable_background_video":"","ceramag_show_in_top_slider":"","ceramag_post_background_video_start":"","ceramag_post_background_video_end":"","loftocean_page_background_video_id":"","loftocean_page_background_video_url":"","loftocean_page_background_video_type":"","loftocean_page_background_video":"","ceramag_background_video_start":"","ceramag_background_video_end":"","ceramag_single_page_hide_header":"","footnotes":""},"categories":[35],"tags":[66,43,52,726,579],"class_list":["post-6945","post","type-post","status-publish","format-standard","has-post-thumbnail","hentry","category-politica-y-sociedad","tag-autocultivo","tag-benito-diaz","tag-cannabis-medicinal","tag-licencias-cannabis","tag-oeccc"],"yoast_head":"<!-- This site is optimized with the Yoast SEO plugin v24.9 - https:\/\/yoast.com\/wordpress\/plugins\/seo\/ -->\n<title>Marihuana para vivir, documental sobre Juanma: \u201cEl autocultivo me da la dignidad\u201d<\/title>\n<meta name=\"description\" content=\"Entrada &#8226; Portal multimedia sobre cannabis y otras sustancias &#8226; 21 abril, 2021\" \/>\n<meta name=\"robots\" content=\"index, follow, max-snippet:-1, max-image-preview:large, max-video-preview:-1\" \/>\n<link rel=\"canonical\" href=\"https:\/\/www.cannabis.es\/pw\/2021\/04\/21\/documental-sobre-juanma-marihuana-para-vivir-el-autocultivo-me-da-la-dignidad\/\" \/>\n<meta name=\"twitter:card\" content=\"summary_large_image\" \/>\n<meta name=\"twitter:title\" content=\"Marihuana para vivir, documental sobre Juanma: \u201cEl autocultivo me da la dignidad\u201d\" \/>\n<meta name=\"twitter:description\" content=\"Entrada &#8226; Portal multimedia sobre cannabis y otras sustancias &#8226; 21 abril, 2021\" \/>\n<meta name=\"twitter:image\" content=\"https:\/\/www.cannabis.es\/pw\/wp-content\/uploads\/2021\/04\/marihuana-para-vivir.jpg\" \/>\n<meta name=\"twitter:creator\" content=\"@cannabis_es\" \/>\n<meta name=\"twitter:site\" content=\"@cannabis_es\" \/>\n<meta name=\"twitter:label1\" content=\"Escrito por\" \/>\n\t<meta name=\"twitter:data1\" content=\"Cannabis.es\" \/>\n\t<meta name=\"twitter:label2\" content=\"Tiempo de lectura\" \/>\n\t<meta name=\"twitter:data2\" content=\"7 minutos\" \/>\n<script type=\"application\/ld+json\" class=\"yoast-schema-graph\">{\"@context\":\"https:\/\/schema.org\",\"@graph\":[{\"@type\":\"Article\",\"@id\":\"https:\/\/www.cannabis.es\/pw\/2021\/04\/21\/documental-sobre-juanma-marihuana-para-vivir-el-autocultivo-me-da-la-dignidad\/#article\",\"isPartOf\":{\"@id\":\"https:\/\/www.cannabis.es\/pw\/2021\/04\/21\/documental-sobre-juanma-marihuana-para-vivir-el-autocultivo-me-da-la-dignidad\/\"},\"author\":{\"name\":\"Cannabis.es\",\"@id\":\"https:\/\/www.cannabis.es\/pw\/#\/schema\/person\/ec770c03f3e99d770687f537f4ba1e89\"},\"headline\":\"Marihuana para vivir, documental sobre Juanma: \u201cEl autocultivo me da la dignidad\u201d\",\"datePublished\":\"2021-04-21T11:06:12+00:00\",\"dateModified\":\"2021-04-21T17:19:36+00:00\",\"mainEntityOfPage\":{\"@id\":\"https:\/\/www.cannabis.es\/pw\/2021\/04\/21\/documental-sobre-juanma-marihuana-para-vivir-el-autocultivo-me-da-la-dignidad\/\"},\"wordCount\":1536,\"publisher\":{\"@id\":\"https:\/\/www.cannabis.es\/pw\/#organization\"},\"image\":{\"@id\":\"https:\/\/www.cannabis.es\/pw\/2021\/04\/21\/documental-sobre-juanma-marihuana-para-vivir-el-autocultivo-me-da-la-dignidad\/#primaryimage\"},\"thumbnailUrl\":\"https:\/\/www.cannabis.es\/pw\/wp-content\/uploads\/2021\/04\/marihuana-para-vivir.jpg\",\"keywords\":[\"autocultivo\",\"Benito D\u00edaz\",\"cannabis medicinal\",\"licencias cannabis\",\"OECCC\"],\"articleSection\":[\"Pol\u00edtica y Sociedad\"],\"inLanguage\":\"es\"},{\"@type\":\"WebPage\",\"@id\":\"https:\/\/www.cannabis.es\/pw\/2021\/04\/21\/documental-sobre-juanma-marihuana-para-vivir-el-autocultivo-me-da-la-dignidad\/\",\"url\":\"https:\/\/www.cannabis.es\/pw\/2021\/04\/21\/documental-sobre-juanma-marihuana-para-vivir-el-autocultivo-me-da-la-dignidad\/\",\"name\":\"Marihuana para vivir, documental sobre Juanma: \u201cEl autocultivo me da la dignidad\u201d\",\"isPartOf\":{\"@id\":\"https:\/\/www.cannabis.es\/pw\/#website\"},\"primaryImageOfPage\":{\"@id\":\"https:\/\/www.cannabis.es\/pw\/2021\/04\/21\/documental-sobre-juanma-marihuana-para-vivir-el-autocultivo-me-da-la-dignidad\/#primaryimage\"},\"image\":{\"@id\":\"https:\/\/www.cannabis.es\/pw\/2021\/04\/21\/documental-sobre-juanma-marihuana-para-vivir-el-autocultivo-me-da-la-dignidad\/#primaryimage\"},\"thumbnailUrl\":\"https:\/\/www.cannabis.es\/pw\/wp-content\/uploads\/2021\/04\/marihuana-para-vivir.jpg\",\"datePublished\":\"2021-04-21T11:06:12+00:00\",\"dateModified\":\"2021-04-21T17:19:36+00:00\",\"description\":\"Entrada &#8226; Portal multimedia sobre cannabis y otras sustancias &#8226; 21 abril, 2021\",\"breadcrumb\":{\"@id\":\"https:\/\/www.cannabis.es\/pw\/2021\/04\/21\/documental-sobre-juanma-marihuana-para-vivir-el-autocultivo-me-da-la-dignidad\/#breadcrumb\"},\"inLanguage\":\"es\",\"potentialAction\":[{\"@type\":\"ReadAction\",\"target\":[\"https:\/\/www.cannabis.es\/pw\/2021\/04\/21\/documental-sobre-juanma-marihuana-para-vivir-el-autocultivo-me-da-la-dignidad\/\"]}]},{\"@type\":\"ImageObject\",\"inLanguage\":\"es\",\"@id\":\"https:\/\/www.cannabis.es\/pw\/2021\/04\/21\/documental-sobre-juanma-marihuana-para-vivir-el-autocultivo-me-da-la-dignidad\/#primaryimage\",\"url\":\"https:\/\/www.cannabis.es\/pw\/wp-content\/uploads\/2021\/04\/marihuana-para-vivir.jpg\",\"contentUrl\":\"https:\/\/www.cannabis.es\/pw\/wp-content\/uploads\/2021\/04\/marihuana-para-vivir.jpg\",\"width\":804,\"height\":532},{\"@type\":\"BreadcrumbList\",\"@id\":\"https:\/\/www.cannabis.es\/pw\/2021\/04\/21\/documental-sobre-juanma-marihuana-para-vivir-el-autocultivo-me-da-la-dignidad\/#breadcrumb\",\"itemListElement\":[{\"@type\":\"ListItem\",\"position\":1,\"name\":\"Portada\",\"item\":\"http:\/\/www.cannabis.es\/pw\/\"},{\"@type\":\"ListItem\",\"position\":2,\"name\":\"Marihuana para vivir, documental sobre Juanma: \u201cEl autocultivo me da la dignidad\u201d\"}]},{\"@type\":\"WebSite\",\"@id\":\"https:\/\/www.cannabis.es\/pw\/#website\",\"url\":\"https:\/\/www.cannabis.es\/pw\/\",\"name\":\"Cannabis\",\"description\":\"Portal multimedia sobre cannabis y otras sustancias\",\"publisher\":{\"@id\":\"https:\/\/www.cannabis.es\/pw\/#organization\"},\"potentialAction\":[{\"@type\":\"SearchAction\",\"target\":{\"@type\":\"EntryPoint\",\"urlTemplate\":\"https:\/\/www.cannabis.es\/pw\/?s={search_term_string}\"},\"query-input\":{\"@type\":\"PropertyValueSpecification\",\"valueRequired\":true,\"valueName\":\"search_term_string\"}}],\"inLanguage\":\"es\"},{\"@type\":\"Organization\",\"@id\":\"https:\/\/www.cannabis.es\/pw\/#organization\",\"name\":\"Cannabis.es\",\"url\":\"https:\/\/www.cannabis.es\/pw\/\",\"logo\":{\"@type\":\"ImageObject\",\"inLanguage\":\"es\",\"@id\":\"https:\/\/www.cannabis.es\/pw\/#\/schema\/logo\/image\/\",\"url\":\"https:\/\/www.cannabis.es\/pw\/wp-content\/uploads\/2019\/04\/cropped-logo_cannabis.png\",\"contentUrl\":\"https:\/\/www.cannabis.es\/pw\/wp-content\/uploads\/2019\/04\/cropped-logo_cannabis.png\",\"width\":361,\"height\":120,\"caption\":\"Cannabis.es\"},\"image\":{\"@id\":\"https:\/\/www.cannabis.es\/pw\/#\/schema\/logo\/image\/\"},\"sameAs\":[\"https:\/\/x.com\/cannabis_es\"]},{\"@type\":\"Person\",\"@id\":\"https:\/\/www.cannabis.es\/pw\/#\/schema\/person\/ec770c03f3e99d770687f537f4ba1e89\",\"name\":\"Cannabis.es\",\"image\":{\"@type\":\"ImageObject\",\"inLanguage\":\"es\",\"@id\":\"https:\/\/www.cannabis.es\/pw\/#\/schema\/person\/image\/\",\"url\":\"https:\/\/secure.gravatar.com\/avatar\/810c93a3d6fadc3d9c2665b1d919a4aedea8ed4dd63689d001e985a804e90d83?s=96&d=mm&r=g\",\"contentUrl\":\"https:\/\/secure.gravatar.com\/avatar\/810c93a3d6fadc3d9c2665b1d919a4aedea8ed4dd63689d001e985a804e90d83?s=96&d=mm&r=g\",\"caption\":\"Cannabis.es\"},\"url\":\"https:\/\/www.cannabis.es\/pw\/author\/arnau\/\"}]}<\/script>\n<!-- \/ Yoast SEO plugin. -->","yoast_head_json":{"title":"Marihuana para vivir, documental sobre Juanma: \u201cEl autocultivo me da la dignidad\u201d","description":"Entrada &#8226; Portal multimedia sobre cannabis y otras sustancias &#8226; 21 abril, 2021","robots":{"index":"index","follow":"follow","max-snippet":"max-snippet:-1","max-image-preview":"max-image-preview:large","max-video-preview":"max-video-preview:-1"},"canonical":"https:\/\/www.cannabis.es\/pw\/2021\/04\/21\/documental-sobre-juanma-marihuana-para-vivir-el-autocultivo-me-da-la-dignidad\/","twitter_card":"summary_large_image","twitter_title":"Marihuana para vivir, documental sobre Juanma: \u201cEl autocultivo me da la dignidad\u201d","twitter_description":"Entrada &#8226; Portal multimedia sobre cannabis y otras sustancias &#8226; 21 abril, 2021","twitter_image":"https:\/\/www.cannabis.es\/pw\/wp-content\/uploads\/2021\/04\/marihuana-para-vivir.jpg","twitter_creator":"@cannabis_es","twitter_site":"@cannabis_es","twitter_misc":{"Escrito por":"Cannabis.es","Tiempo de lectura":"7 minutos"},"schema":{"@context":"https:\/\/schema.org","@graph":[{"@type":"Article","@id":"https:\/\/www.cannabis.es\/pw\/2021\/04\/21\/documental-sobre-juanma-marihuana-para-vivir-el-autocultivo-me-da-la-dignidad\/#article","isPartOf":{"@id":"https:\/\/www.cannabis.es\/pw\/2021\/04\/21\/documental-sobre-juanma-marihuana-para-vivir-el-autocultivo-me-da-la-dignidad\/"},"author":{"name":"Cannabis.es","@id":"https:\/\/www.cannabis.es\/pw\/#\/schema\/person\/ec770c03f3e99d770687f537f4ba1e89"},"headline":"Marihuana para vivir, documental sobre Juanma: \u201cEl autocultivo me da la dignidad\u201d","datePublished":"2021-04-21T11:06:12+00:00","dateModified":"2021-04-21T17:19:36+00:00","mainEntityOfPage":{"@id":"https:\/\/www.cannabis.es\/pw\/2021\/04\/21\/documental-sobre-juanma-marihuana-para-vivir-el-autocultivo-me-da-la-dignidad\/"},"wordCount":1536,"publisher":{"@id":"https:\/\/www.cannabis.es\/pw\/#organization"},"image":{"@id":"https:\/\/www.cannabis.es\/pw\/2021\/04\/21\/documental-sobre-juanma-marihuana-para-vivir-el-autocultivo-me-da-la-dignidad\/#primaryimage"},"thumbnailUrl":"https:\/\/www.cannabis.es\/pw\/wp-content\/uploads\/2021\/04\/marihuana-para-vivir.jpg","keywords":["autocultivo","Benito D\u00edaz","cannabis medicinal","licencias cannabis","OECCC"],"articleSection":["Pol\u00edtica y Sociedad"],"inLanguage":"es"},{"@type":"WebPage","@id":"https:\/\/www.cannabis.es\/pw\/2021\/04\/21\/documental-sobre-juanma-marihuana-para-vivir-el-autocultivo-me-da-la-dignidad\/","url":"https:\/\/www.cannabis.es\/pw\/2021\/04\/21\/documental-sobre-juanma-marihuana-para-vivir-el-autocultivo-me-da-la-dignidad\/","name":"Marihuana para vivir, documental sobre Juanma: \u201cEl autocultivo me da la dignidad\u201d","isPartOf":{"@id":"https:\/\/www.cannabis.es\/pw\/#website"},"primaryImageOfPage":{"@id":"https:\/\/www.cannabis.es\/pw\/2021\/04\/21\/documental-sobre-juanma-marihuana-para-vivir-el-autocultivo-me-da-la-dignidad\/#primaryimage"},"image":{"@id":"https:\/\/www.cannabis.es\/pw\/2021\/04\/21\/documental-sobre-juanma-marihuana-para-vivir-el-autocultivo-me-da-la-dignidad\/#primaryimage"},"thumbnailUrl":"https:\/\/www.cannabis.es\/pw\/wp-content\/uploads\/2021\/04\/marihuana-para-vivir.jpg","datePublished":"2021-04-21T11:06:12+00:00","dateModified":"2021-04-21T17:19:36+00:00","description":"Entrada &#8226; Portal multimedia sobre cannabis y otras sustancias &#8226; 21 abril, 2021","breadcrumb":{"@id":"https:\/\/www.cannabis.es\/pw\/2021\/04\/21\/documental-sobre-juanma-marihuana-para-vivir-el-autocultivo-me-da-la-dignidad\/#breadcrumb"},"inLanguage":"es","potentialAction":[{"@type":"ReadAction","target":["https:\/\/www.cannabis.es\/pw\/2021\/04\/21\/documental-sobre-juanma-marihuana-para-vivir-el-autocultivo-me-da-la-dignidad\/"]}]},{"@type":"ImageObject","inLanguage":"es","@id":"https:\/\/www.cannabis.es\/pw\/2021\/04\/21\/documental-sobre-juanma-marihuana-para-vivir-el-autocultivo-me-da-la-dignidad\/#primaryimage","url":"https:\/\/www.cannabis.es\/pw\/wp-content\/uploads\/2021\/04\/marihuana-para-vivir.jpg","contentUrl":"https:\/\/www.cannabis.es\/pw\/wp-content\/uploads\/2021\/04\/marihuana-para-vivir.jpg","width":804,"height":532},{"@type":"BreadcrumbList","@id":"https:\/\/www.cannabis.es\/pw\/2021\/04\/21\/documental-sobre-juanma-marihuana-para-vivir-el-autocultivo-me-da-la-dignidad\/#breadcrumb","itemListElement":[{"@type":"ListItem","position":1,"name":"Portada","item":"http:\/\/www.cannabis.es\/pw\/"},{"@type":"ListItem","position":2,"name":"Marihuana para vivir, documental sobre Juanma: \u201cEl autocultivo me da la dignidad\u201d"}]},{"@type":"WebSite","@id":"https:\/\/www.cannabis.es\/pw\/#website","url":"https:\/\/www.cannabis.es\/pw\/","name":"Cannabis","description":"Portal multimedia sobre cannabis y otras sustancias","publisher":{"@id":"https:\/\/www.cannabis.es\/pw\/#organization"},"potentialAction":[{"@type":"SearchAction","target":{"@type":"EntryPoint","urlTemplate":"https:\/\/www.cannabis.es\/pw\/?s={search_term_string}"},"query-input":{"@type":"PropertyValueSpecification","valueRequired":true,"valueName":"search_term_string"}}],"inLanguage":"es"},{"@type":"Organization","@id":"https:\/\/www.cannabis.es\/pw\/#organization","name":"Cannabis.es","url":"https:\/\/www.cannabis.es\/pw\/","logo":{"@type":"ImageObject","inLanguage":"es","@id":"https:\/\/www.cannabis.es\/pw\/#\/schema\/logo\/image\/","url":"https:\/\/www.cannabis.es\/pw\/wp-content\/uploads\/2019\/04\/cropped-logo_cannabis.png","contentUrl":"https:\/\/www.cannabis.es\/pw\/wp-content\/uploads\/2019\/04\/cropped-logo_cannabis.png","width":361,"height":120,"caption":"Cannabis.es"},"image":{"@id":"https:\/\/www.cannabis.es\/pw\/#\/schema\/logo\/image\/"},"sameAs":["https:\/\/x.com\/cannabis_es"]},{"@type":"Person","@id":"https:\/\/www.cannabis.es\/pw\/#\/schema\/person\/ec770c03f3e99d770687f537f4ba1e89","name":"Cannabis.es","image":{"@type":"ImageObject","inLanguage":"es","@id":"https:\/\/www.cannabis.es\/pw\/#\/schema\/person\/image\/","url":"https:\/\/secure.gravatar.com\/avatar\/810c93a3d6fadc3d9c2665b1d919a4aedea8ed4dd63689d001e985a804e90d83?s=96&d=mm&r=g","contentUrl":"https:\/\/secure.gravatar.com\/avatar\/810c93a3d6fadc3d9c2665b1d919a4aedea8ed4dd63689d001e985a804e90d83?s=96&d=mm&r=g","caption":"Cannabis.es"},"url":"https:\/\/www.cannabis.es\/pw\/author\/arnau\/"}]}},"_links":{"self":[{"href":"https:\/\/www.cannabis.es\/pw\/wp-json\/wp\/v2\/posts\/6945","targetHints":{"allow":["GET"]}}],"collection":[{"href":"https:\/\/www.cannabis.es\/pw\/wp-json\/wp\/v2\/posts"}],"about":[{"href":"https:\/\/www.cannabis.es\/pw\/wp-json\/wp\/v2\/types\/post"}],"author":[{"embeddable":true,"href":"https:\/\/www.cannabis.es\/pw\/wp-json\/wp\/v2\/users\/3"}],"replies":[{"embeddable":true,"href":"https:\/\/www.cannabis.es\/pw\/wp-json\/wp\/v2\/comments?post=6945"}],"version-history":[{"count":3,"href":"https:\/\/www.cannabis.es\/pw\/wp-json\/wp\/v2\/posts\/6945\/revisions"}],"predecessor-version":[{"id":6952,"href":"https:\/\/www.cannabis.es\/pw\/wp-json\/wp\/v2\/posts\/6945\/revisions\/6952"}],"wp:featuredmedia":[{"embeddable":true,"href":"https:\/\/www.cannabis.es\/pw\/wp-json\/wp\/v2\/media\/6947"}],"wp:attachment":[{"href":"https:\/\/www.cannabis.es\/pw\/wp-json\/wp\/v2\/media?parent=6945"}],"wp:term":[{"taxonomy":"category","embeddable":true,"href":"https:\/\/www.cannabis.es\/pw\/wp-json\/wp\/v2\/categories?post=6945"},{"taxonomy":"post_tag","embeddable":true,"href":"https:\/\/www.cannabis.es\/pw\/wp-json\/wp\/v2\/tags?post=6945"}],"curies":[{"name":"wp","href":"https:\/\/api.w.org\/{rel}","templated":true}]}}