{"id":6949,"date":"2021-04-21T14:02:57","date_gmt":"2021-04-21T12:02:57","guid":{"rendered":"https:\/\/www.cannabis.es\/pw\/?p=6949"},"modified":"2021-04-21T14:02:58","modified_gmt":"2021-04-21T12:02:58","slug":"marihuana-en-marcha-empezo-este-4-20-entre-conciertos-y-sigue-el-1-y-el-8","status":"publish","type":"post","link":"https:\/\/www.cannabis.es\/pw\/2021\/04\/21\/marihuana-en-marcha-empezo-este-4-20-entre-conciertos-y-sigue-el-1-y-el-8\/","title":{"rendered":"Marihuana en marcha empez\u00f3 este 4\/20 entre conciertos y sigue el 1 y el 8"},"content":{"rendered":"\n<p>Arnau Alcaide<br><br>La <a href=\"https:\/\/www.youtube.com\/watch?v=ByxFAPrqe3Y\">presentaci\u00f3n de Marihuana en Marcha<\/a> dio inicio ayer 4 de abril con motivo de la celebraci\u00f3n del 4\/20 y se extender\u00e1 durante los d\u00edas 1 y 8 de mayo con las mesas de debate hacia la regulaci\u00f3n integral Sembrando el cambio, en las que se contar\u00e1 con especialistas invitados de diferentes \u00e1reas y representantes de los partidos pol\u00edticos interesados en el cambio regulatorio.<\/p>\n\n\n\n<p>Artistas como Little Pepe, Me das mucho amor, Irie Erb, Necrojoker o Doble Gota, con su tema, sospecho que in\u00e9dito, sobre el Sativex, amenizaron la velada en un tono de celebraci\u00f3n que domin\u00f3 al debate, pues la \u00fanica intervenci\u00f3n, del expresidente de la Confederaci\u00f3n de Asociaciones Cann\u00e1bicas Javier Puig, se produjo entre problemas t\u00e9cnicos. S\u00ed se present\u00f3, no obstante, la revista cann\u00e1bica gallega Florbela y se resolvieron los sorteos.<\/p>\n\n\n\n<p>Los actos que dieron comienzo ayer y se extender\u00e1n a las pr\u00f3ximas semanas tratan de acompa\u00f1ar tambi\u00e9n a la Marcha Mundial de la Marihuana celebrada a comienzos de mayo en todo el mundo y que el a\u00f1o pasado tuvo en el d\u00eda dos su <a href=\"https:\/\/www.cannabis.es\/pw\/2020\/05\/06\/la-marcha-mundial-de-la-marihuana-reivindica-en-directo-12h\/\">directo internaciona<\/a>l con desconexiones desde todos los pa\u00edses.<\/p>\n\n\n\n<figure class=\"wp-block-image size-large\"><img loading=\"lazy\" decoding=\"async\" width=\"804\" height=\"532\" src=\"https:\/\/www.cannabis.es\/pw\/wp-content\/uploads\/2021\/04\/confac-420.jpg\" alt=\"\" class=\"wp-image-6950\" srcset=\"https:\/\/www.cannabis.es\/pw\/wp-content\/uploads\/2021\/04\/confac-420.jpg 804w, https:\/\/www.cannabis.es\/pw\/wp-content\/uploads\/2021\/04\/confac-420-300x199.jpg 300w, https:\/\/www.cannabis.es\/pw\/wp-content\/uploads\/2021\/04\/confac-420-768x508.jpg 768w, https:\/\/www.cannabis.es\/pw\/wp-content\/uploads\/2021\/04\/confac-420-600x397.jpg 600w\" sizes=\"auto, (max-width: 804px) 100vw, 804px\" \/><\/figure>\n\n\n\n<h2 class=\"wp-block-heading\"><strong>Calendario<\/strong><\/h2>\n\n\n\n<p>\u270520\/04 Estreno Campa\u00f1a #MarihuanaEnMarcha<\/p>\n\n\n\n<p>\u270501\/05 Global Marijuana March #GMM21<\/p>\n\n\n\n<p>\u270501\/05 y 08\/05: Mesas Sembrando el Cambio.<\/p>\n\n\n\n<p>\u270508\/05 Marcha Mundial de la Marihuana en Madrid #MMM21<\/p>\n","protected":false},"excerpt":{"rendered":"<span class=\"span-reading-time rt-reading-time\" style=\"display: block;\"><span class=\"rt-label rt-prefix\">Tiempo de lectura:<\/span> <span class=\"rt-time\"> &lt; 1<\/span> <span class=\"rt-label rt-postfix\">minuto<\/span><\/span>Arnau AlcaideLa presentaci\u00f3n de Marihuana en Marcha dio inicio ayer 4 de abril con motivo de la celebraci\u00f3n del 4\/20 y se extender\u00e1 durante los d\u00edas 1 y 8 de mayo con las mesas de debate hacia la regulaci\u00f3n integral Sembrando el cambio, en las que se contar\u00e1 con especialistas invitados de diferentes \u00e1reas y [&hellip;]","protected":false},"author":3,"featured_media":6950,"comment_status":"closed","ping_status":"closed","sticky":false,"template":"","format":"standard","meta":{"loftocean-featured-post":"","loftocean_post_format_gallery":"","loftocean_post_format_gallery_ids":"","loftocean_post_format_gallery_urls":"","loftocean_post_format_video_id":"","loftocean_post_format_video_url":"","loftocean_post_format_video_type":"","loftocean_post_format_video":"","loftocean_post_format_audio_type":"","loftocean_post_format_audio_url":"","loftocean_post_format_audio_id":"","loftocean_post_format_audio":"","loftocean_post_format_quote_text":"","loftocean_post_format_quote_byline":"","loftocean_post_format_link_text":"","loftocean_post_format_link_url":"","ceramag_post_header_style":"","ceramag_enable_background_video":"","ceramag_show_in_top_slider":"","ceramag_post_background_video_start":"","ceramag_post_background_video_end":"","loftocean_page_background_video_id":"","loftocean_page_background_video_url":"","loftocean_page_background_video_type":"","loftocean_page_background_video":"","ceramag_background_video_start":"","ceramag_background_video_end":"","ceramag_single_page_hide_header":"","footnotes":""},"categories":[35],"tags":[540,41,554],"class_list":["post-6949","post","type-post","status-publish","format-standard","has-post-thumbnail","hentry","category-politica-y-sociedad","tag-arnau-alcaide","tag-cannabis","tag-marcha-mundial-de-la-marihuana"],"yoast_head":"<!-- This site is optimized with the Yoast SEO plugin v24.9 - https:\/\/yoast.com\/wordpress\/plugins\/seo\/ -->\n<title>Marihuana en marcha empez\u00f3 este 4\/20 entre conciertos y sigue el 1 y el 8<\/title>\n<meta name=\"description\" content=\"Entrada &#8226; Portal multimedia sobre cannabis y otras sustancias &#8226; 21 abril, 2021\" \/>\n<meta name=\"robots\" content=\"index, follow, max-snippet:-1, max-image-preview:large, max-video-preview:-1\" \/>\n<link rel=\"canonical\" href=\"https:\/\/www.cannabis.es\/pw\/2021\/04\/21\/marihuana-en-marcha-empezo-este-4-20-entre-conciertos-y-sigue-el-1-y-el-8\/\" \/>\n<meta name=\"twitter:card\" content=\"summary_large_image\" \/>\n<meta name=\"twitter:title\" content=\"Marihuana en marcha empez\u00f3 este 4\/20 entre conciertos y sigue el 1 y el 8\" \/>\n<meta name=\"twitter:description\" content=\"Entrada &#8226; Portal multimedia sobre cannabis y otras sustancias &#8226; 21 abril, 2021\" \/>\n<meta name=\"twitter:image\" content=\"https:\/\/www.cannabis.es\/pw\/wp-content\/uploads\/2021\/04\/confac-420.jpg\" \/>\n<meta name=\"twitter:creator\" content=\"@cannabis_es\" \/>\n<meta name=\"twitter:site\" content=\"@cannabis_es\" \/>\n<meta name=\"twitter:label1\" content=\"Escrito por\" \/>\n\t<meta name=\"twitter:data1\" content=\"Cannabis.es\" \/>\n\t<meta name=\"twitter:label2\" content=\"Tiempo de lectura\" \/>\n\t<meta name=\"twitter:data2\" content=\"2 minutos\" \/>\n<script type=\"application\/ld+json\" class=\"yoast-schema-graph\">{\"@context\":\"https:\/\/schema.org\",\"@graph\":[{\"@type\":\"Article\",\"@id\":\"https:\/\/www.cannabis.es\/pw\/2021\/04\/21\/marihuana-en-marcha-empezo-este-4-20-entre-conciertos-y-sigue-el-1-y-el-8\/#article\",\"isPartOf\":{\"@id\":\"https:\/\/www.cannabis.es\/pw\/2021\/04\/21\/marihuana-en-marcha-empezo-este-4-20-entre-conciertos-y-sigue-el-1-y-el-8\/\"},\"author\":{\"name\":\"Cannabis.es\",\"@id\":\"https:\/\/www.cannabis.es\/pw\/#\/schema\/person\/ec770c03f3e99d770687f537f4ba1e89\"},\"headline\":\"Marihuana en marcha empez\u00f3 este 4\/20 entre conciertos y sigue el 1 y el 8\",\"datePublished\":\"2021-04-21T12:02:57+00:00\",\"dateModified\":\"2021-04-21T12:02:58+00:00\",\"mainEntityOfPage\":{\"@id\":\"https:\/\/www.cannabis.es\/pw\/2021\/04\/21\/marihuana-en-marcha-empezo-este-4-20-entre-conciertos-y-sigue-el-1-y-el-8\/\"},\"wordCount\":236,\"publisher\":{\"@id\":\"https:\/\/www.cannabis.es\/pw\/#organization\"},\"image\":{\"@id\":\"https:\/\/www.cannabis.es\/pw\/2021\/04\/21\/marihuana-en-marcha-empezo-este-4-20-entre-conciertos-y-sigue-el-1-y-el-8\/#primaryimage\"},\"thumbnailUrl\":\"https:\/\/www.cannabis.es\/pw\/wp-content\/uploads\/2021\/04\/confac-420.jpg\",\"keywords\":[\"Arnau Alcaide\",\"cannabis\",\"Marcha Mundial de la Marihuana\"],\"articleSection\":[\"Pol\u00edtica y Sociedad\"],\"inLanguage\":\"es\"},{\"@type\":\"WebPage\",\"@id\":\"https:\/\/www.cannabis.es\/pw\/2021\/04\/21\/marihuana-en-marcha-empezo-este-4-20-entre-conciertos-y-sigue-el-1-y-el-8\/\",\"url\":\"https:\/\/www.cannabis.es\/pw\/2021\/04\/21\/marihuana-en-marcha-empezo-este-4-20-entre-conciertos-y-sigue-el-1-y-el-8\/\",\"name\":\"Marihuana en marcha empez\u00f3 este 4\/20 entre conciertos y sigue el 1 y el 8\",\"isPartOf\":{\"@id\":\"https:\/\/www.cannabis.es\/pw\/#website\"},\"primaryImageOfPage\":{\"@id\":\"https:\/\/www.cannabis.es\/pw\/2021\/04\/21\/marihuana-en-marcha-empezo-este-4-20-entre-conciertos-y-sigue-el-1-y-el-8\/#primaryimage\"},\"image\":{\"@id\":\"https:\/\/www.cannabis.es\/pw\/2021\/04\/21\/marihuana-en-marcha-empezo-este-4-20-entre-conciertos-y-sigue-el-1-y-el-8\/#primaryimage\"},\"thumbnailUrl\":\"https:\/\/www.cannabis.es\/pw\/wp-content\/uploads\/2021\/04\/confac-420.jpg\",\"datePublished\":\"2021-04-21T12:02:57+00:00\",\"dateModified\":\"2021-04-21T12:02:58+00:00\",\"description\":\"Entrada &#8226; Portal multimedia sobre cannabis y otras sustancias &#8226; 21 abril, 2021\",\"breadcrumb\":{\"@id\":\"https:\/\/www.cannabis.es\/pw\/2021\/04\/21\/marihuana-en-marcha-empezo-este-4-20-entre-conciertos-y-sigue-el-1-y-el-8\/#breadcrumb\"},\"inLanguage\":\"es\",\"potentialAction\":[{\"@type\":\"ReadAction\",\"target\":[\"https:\/\/www.cannabis.es\/pw\/2021\/04\/21\/marihuana-en-marcha-empezo-este-4-20-entre-conciertos-y-sigue-el-1-y-el-8\/\"]}]},{\"@type\":\"ImageObject\",\"inLanguage\":\"es\",\"@id\":\"https:\/\/www.cannabis.es\/pw\/2021\/04\/21\/marihuana-en-marcha-empezo-este-4-20-entre-conciertos-y-sigue-el-1-y-el-8\/#primaryimage\",\"url\":\"https:\/\/www.cannabis.es\/pw\/wp-content\/uploads\/2021\/04\/confac-420.jpg\",\"contentUrl\":\"https:\/\/www.cannabis.es\/pw\/wp-content\/uploads\/2021\/04\/confac-420.jpg\",\"width\":804,\"height\":532},{\"@type\":\"BreadcrumbList\",\"@id\":\"https:\/\/www.cannabis.es\/pw\/2021\/04\/21\/marihuana-en-marcha-empezo-este-4-20-entre-conciertos-y-sigue-el-1-y-el-8\/#breadcrumb\",\"itemListElement\":[{\"@type\":\"ListItem\",\"position\":1,\"name\":\"Portada\",\"item\":\"http:\/\/www.cannabis.es\/pw\/\"},{\"@type\":\"ListItem\",\"position\":2,\"name\":\"Marihuana en marcha empez\u00f3 este 4\/20 entre conciertos y sigue el 1 y el 8\"}]},{\"@type\":\"WebSite\",\"@id\":\"https:\/\/www.cannabis.es\/pw\/#website\",\"url\":\"https:\/\/www.cannabis.es\/pw\/\",\"name\":\"Cannabis\",\"description\":\"Portal multimedia sobre cannabis y otras sustancias\",\"publisher\":{\"@id\":\"https:\/\/www.cannabis.es\/pw\/#organization\"},\"potentialAction\":[{\"@type\":\"SearchAction\",\"target\":{\"@type\":\"EntryPoint\",\"urlTemplate\":\"https:\/\/www.cannabis.es\/pw\/?s={search_term_string}\"},\"query-input\":{\"@type\":\"PropertyValueSpecification\",\"valueRequired\":true,\"valueName\":\"search_term_string\"}}],\"inLanguage\":\"es\"},{\"@type\":\"Organization\",\"@id\":\"https:\/\/www.cannabis.es\/pw\/#organization\",\"name\":\"Cannabis.es\",\"url\":\"https:\/\/www.cannabis.es\/pw\/\",\"logo\":{\"@type\":\"ImageObject\",\"inLanguage\":\"es\",\"@id\":\"https:\/\/www.cannabis.es\/pw\/#\/schema\/logo\/image\/\",\"url\":\"https:\/\/www.cannabis.es\/pw\/wp-content\/uploads\/2019\/04\/cropped-logo_cannabis.png\",\"contentUrl\":\"https:\/\/www.cannabis.es\/pw\/wp-content\/uploads\/2019\/04\/cropped-logo_cannabis.png\",\"width\":361,\"height\":120,\"caption\":\"Cannabis.es\"},\"image\":{\"@id\":\"https:\/\/www.cannabis.es\/pw\/#\/schema\/logo\/image\/\"},\"sameAs\":[\"https:\/\/x.com\/cannabis_es\"]},{\"@type\":\"Person\",\"@id\":\"https:\/\/www.cannabis.es\/pw\/#\/schema\/person\/ec770c03f3e99d770687f537f4ba1e89\",\"name\":\"Cannabis.es\",\"image\":{\"@type\":\"ImageObject\",\"inLanguage\":\"es\",\"@id\":\"https:\/\/www.cannabis.es\/pw\/#\/schema\/person\/image\/\",\"url\":\"https:\/\/secure.gravatar.com\/avatar\/810c93a3d6fadc3d9c2665b1d919a4aedea8ed4dd63689d001e985a804e90d83?s=96&d=mm&r=g\",\"contentUrl\":\"https:\/\/secure.gravatar.com\/avatar\/810c93a3d6fadc3d9c2665b1d919a4aedea8ed4dd63689d001e985a804e90d83?s=96&d=mm&r=g\",\"caption\":\"Cannabis.es\"},\"url\":\"https:\/\/www.cannabis.es\/pw\/author\/arnau\/\"}]}<\/script>\n<!-- \/ Yoast SEO plugin. -->","yoast_head_json":{"title":"Marihuana en marcha empez\u00f3 este 4\/20 entre conciertos y sigue el 1 y el 8","description":"Entrada &#8226; Portal multimedia sobre cannabis y otras sustancias &#8226; 21 abril, 2021","robots":{"index":"index","follow":"follow","max-snippet":"max-snippet:-1","max-image-preview":"max-image-preview:large","max-video-preview":"max-video-preview:-1"},"canonical":"https:\/\/www.cannabis.es\/pw\/2021\/04\/21\/marihuana-en-marcha-empezo-este-4-20-entre-conciertos-y-sigue-el-1-y-el-8\/","twitter_card":"summary_large_image","twitter_title":"Marihuana en marcha empez\u00f3 este 4\/20 entre conciertos y sigue el 1 y el 8","twitter_description":"Entrada &#8226; Portal multimedia sobre cannabis y otras sustancias &#8226; 21 abril, 2021","twitter_image":"https:\/\/www.cannabis.es\/pw\/wp-content\/uploads\/2021\/04\/confac-420.jpg","twitter_creator":"@cannabis_es","twitter_site":"@cannabis_es","twitter_misc":{"Escrito por":"Cannabis.es","Tiempo de lectura":"2 minutos"},"schema":{"@context":"https:\/\/schema.org","@graph":[{"@type":"Article","@id":"https:\/\/www.cannabis.es\/pw\/2021\/04\/21\/marihuana-en-marcha-empezo-este-4-20-entre-conciertos-y-sigue-el-1-y-el-8\/#article","isPartOf":{"@id":"https:\/\/www.cannabis.es\/pw\/2021\/04\/21\/marihuana-en-marcha-empezo-este-4-20-entre-conciertos-y-sigue-el-1-y-el-8\/"},"author":{"name":"Cannabis.es","@id":"https:\/\/www.cannabis.es\/pw\/#\/schema\/person\/ec770c03f3e99d770687f537f4ba1e89"},"headline":"Marihuana en marcha empez\u00f3 este 4\/20 entre conciertos y sigue el 1 y el 8","datePublished":"2021-04-21T12:02:57+00:00","dateModified":"2021-04-21T12:02:58+00:00","mainEntityOfPage":{"@id":"https:\/\/www.cannabis.es\/pw\/2021\/04\/21\/marihuana-en-marcha-empezo-este-4-20-entre-conciertos-y-sigue-el-1-y-el-8\/"},"wordCount":236,"publisher":{"@id":"https:\/\/www.cannabis.es\/pw\/#organization"},"image":{"@id":"https:\/\/www.cannabis.es\/pw\/2021\/04\/21\/marihuana-en-marcha-empezo-este-4-20-entre-conciertos-y-sigue-el-1-y-el-8\/#primaryimage"},"thumbnailUrl":"https:\/\/www.cannabis.es\/pw\/wp-content\/uploads\/2021\/04\/confac-420.jpg","keywords":["Arnau Alcaide","cannabis","Marcha Mundial de la Marihuana"],"articleSection":["Pol\u00edtica y Sociedad"],"inLanguage":"es"},{"@type":"WebPage","@id":"https:\/\/www.cannabis.es\/pw\/2021\/04\/21\/marihuana-en-marcha-empezo-este-4-20-entre-conciertos-y-sigue-el-1-y-el-8\/","url":"https:\/\/www.cannabis.es\/pw\/2021\/04\/21\/marihuana-en-marcha-empezo-este-4-20-entre-conciertos-y-sigue-el-1-y-el-8\/","name":"Marihuana en marcha empez\u00f3 este 4\/20 entre conciertos y sigue el 1 y el 8","isPartOf":{"@id":"https:\/\/www.cannabis.es\/pw\/#website"},"primaryImageOfPage":{"@id":"https:\/\/www.cannabis.es\/pw\/2021\/04\/21\/marihuana-en-marcha-empezo-este-4-20-entre-conciertos-y-sigue-el-1-y-el-8\/#primaryimage"},"image":{"@id":"https:\/\/www.cannabis.es\/pw\/2021\/04\/21\/marihuana-en-marcha-empezo-este-4-20-entre-conciertos-y-sigue-el-1-y-el-8\/#primaryimage"},"thumbnailUrl":"https:\/\/www.cannabis.es\/pw\/wp-content\/uploads\/2021\/04\/confac-420.jpg","datePublished":"2021-04-21T12:02:57+00:00","dateModified":"2021-04-21T12:02:58+00:00","description":"Entrada &#8226; Portal multimedia sobre cannabis y otras sustancias &#8226; 21 abril, 2021","breadcrumb":{"@id":"https:\/\/www.cannabis.es\/pw\/2021\/04\/21\/marihuana-en-marcha-empezo-este-4-20-entre-conciertos-y-sigue-el-1-y-el-8\/#breadcrumb"},"inLanguage":"es","potentialAction":[{"@type":"ReadAction","target":["https:\/\/www.cannabis.es\/pw\/2021\/04\/21\/marihuana-en-marcha-empezo-este-4-20-entre-conciertos-y-sigue-el-1-y-el-8\/"]}]},{"@type":"ImageObject","inLanguage":"es","@id":"https:\/\/www.cannabis.es\/pw\/2021\/04\/21\/marihuana-en-marcha-empezo-este-4-20-entre-conciertos-y-sigue-el-1-y-el-8\/#primaryimage","url":"https:\/\/www.cannabis.es\/pw\/wp-content\/uploads\/2021\/04\/confac-420.jpg","contentUrl":"https:\/\/www.cannabis.es\/pw\/wp-content\/uploads\/2021\/04\/confac-420.jpg","width":804,"height":532},{"@type":"BreadcrumbList","@id":"https:\/\/www.cannabis.es\/pw\/2021\/04\/21\/marihuana-en-marcha-empezo-este-4-20-entre-conciertos-y-sigue-el-1-y-el-8\/#breadcrumb","itemListElement":[{"@type":"ListItem","position":1,"name":"Portada","item":"http:\/\/www.cannabis.es\/pw\/"},{"@type":"ListItem","position":2,"name":"Marihuana en marcha empez\u00f3 este 4\/20 entre conciertos y sigue el 1 y el 8"}]},{"@type":"WebSite","@id":"https:\/\/www.cannabis.es\/pw\/#website","url":"https:\/\/www.cannabis.es\/pw\/","name":"Cannabis","description":"Portal multimedia sobre cannabis y otras sustancias","publisher":{"@id":"https:\/\/www.cannabis.es\/pw\/#organization"},"potentialAction":[{"@type":"SearchAction","target":{"@type":"EntryPoint","urlTemplate":"https:\/\/www.cannabis.es\/pw\/?s={search_term_string}"},"query-input":{"@type":"PropertyValueSpecification","valueRequired":true,"valueName":"search_term_string"}}],"inLanguage":"es"},{"@type":"Organization","@id":"https:\/\/www.cannabis.es\/pw\/#organization","name":"Cannabis.es","url":"https:\/\/www.cannabis.es\/pw\/","logo":{"@type":"ImageObject","inLanguage":"es","@id":"https:\/\/www.cannabis.es\/pw\/#\/schema\/logo\/image\/","url":"https:\/\/www.cannabis.es\/pw\/wp-content\/uploads\/2019\/04\/cropped-logo_cannabis.png","contentUrl":"https:\/\/www.cannabis.es\/pw\/wp-content\/uploads\/2019\/04\/cropped-logo_cannabis.png","width":361,"height":120,"caption":"Cannabis.es"},"image":{"@id":"https:\/\/www.cannabis.es\/pw\/#\/schema\/logo\/image\/"},"sameAs":["https:\/\/x.com\/cannabis_es"]},{"@type":"Person","@id":"https:\/\/www.cannabis.es\/pw\/#\/schema\/person\/ec770c03f3e99d770687f537f4ba1e89","name":"Cannabis.es","image":{"@type":"ImageObject","inLanguage":"es","@id":"https:\/\/www.cannabis.es\/pw\/#\/schema\/person\/image\/","url":"https:\/\/secure.gravatar.com\/avatar\/810c93a3d6fadc3d9c2665b1d919a4aedea8ed4dd63689d001e985a804e90d83?s=96&d=mm&r=g","contentUrl":"https:\/\/secure.gravatar.com\/avatar\/810c93a3d6fadc3d9c2665b1d919a4aedea8ed4dd63689d001e985a804e90d83?s=96&d=mm&r=g","caption":"Cannabis.es"},"url":"https:\/\/www.cannabis.es\/pw\/author\/arnau\/"}]}},"_links":{"self":[{"href":"https:\/\/www.cannabis.es\/pw\/wp-json\/wp\/v2\/posts\/6949","targetHints":{"allow":["GET"]}}],"collection":[{"href":"https:\/\/www.cannabis.es\/pw\/wp-json\/wp\/v2\/posts"}],"about":[{"href":"https:\/\/www.cannabis.es\/pw\/wp-json\/wp\/v2\/types\/post"}],"author":[{"embeddable":true,"href":"https:\/\/www.cannabis.es\/pw\/wp-json\/wp\/v2\/users\/3"}],"replies":[{"embeddable":true,"href":"https:\/\/www.cannabis.es\/pw\/wp-json\/wp\/v2\/comments?post=6949"}],"version-history":[{"count":1,"href":"https:\/\/www.cannabis.es\/pw\/wp-json\/wp\/v2\/posts\/6949\/revisions"}],"predecessor-version":[{"id":6951,"href":"https:\/\/www.cannabis.es\/pw\/wp-json\/wp\/v2\/posts\/6949\/revisions\/6951"}],"wp:featuredmedia":[{"embeddable":true,"href":"https:\/\/www.cannabis.es\/pw\/wp-json\/wp\/v2\/media\/6950"}],"wp:attachment":[{"href":"https:\/\/www.cannabis.es\/pw\/wp-json\/wp\/v2\/media?parent=6949"}],"wp:term":[{"taxonomy":"category","embeddable":true,"href":"https:\/\/www.cannabis.es\/pw\/wp-json\/wp\/v2\/categories?post=6949"},{"taxonomy":"post_tag","embeddable":true,"href":"https:\/\/www.cannabis.es\/pw\/wp-json\/wp\/v2\/tags?post=6949"}],"curies":[{"name":"wp","href":"https:\/\/api.w.org\/{rel}","templated":true}]}}