{"id":6953,"date":"2021-04-22T13:46:36","date_gmt":"2021-04-22T11:46:36","guid":{"rendered":"https:\/\/www.cannabis.es\/pw\/?p=6953"},"modified":"2021-04-22T13:46:37","modified_gmt":"2021-04-22T11:46:37","slug":"la-poblacion-respalda-el-cannabis-medicinal-y-media-espana-el-recreativo","status":"publish","type":"post","link":"https:\/\/www.cannabis.es\/pw\/2021\/04\/22\/la-poblacion-respalda-el-cannabis-medicinal-y-media-espana-el-recreativo\/","title":{"rendered":"La poblaci\u00f3n respalda el cannabis medicinal y media Espa\u00f1a el recreativo"},"content":{"rendered":"\n<p>Benito D\u00edaz<\/p>\n\n\n\n<p>El avance de resultados d<a href=\"http:\/\/www.cis.es\/cis\/opencms\/ES\/NoticiasNovedades\/InfoCIS\/2021\/Documentacion_3318.html\">el bar\u00f3metro de abril de 2021<\/a>, llevado a cabo por el Centro de Investigaciones Sociol\u00f3gicas, revela que existe un gran porcentaje de la poblaci\u00f3n que est\u00e1 de acuerdo con llevar a cabo una regulaci\u00f3n sobre el cannabis, tanto terap\u00e9utico, como recreativo. La encuesta incluy\u00f3 entrevistas telef\u00f3nicas realizadas a 3.823 personas de ambos sexos, mayores de edad en 1.255 municipios de 50 provincias.<\/p>\n\n\n\n<p>La respuesta del p\u00fablico a la pregunta <em><span class=\"has-inline-color has-luminous-vivid-orange-color\">\u201crecientemente en algunos pa\u00edses se ha legalizado la venta de marihuana. \u00bfEst\u00e1 Ud. a favor o en contra de que se legalice la venta de Marihuana en algunos establecimientos en determinadas condiciones?\u201d<\/span><\/em>, es de un 49,7% en total, <strong>alcanzando el 55% en poblaciones de m\u00e1s de 1.000.000 de habitantes<\/strong>. En esos mismos lugares, <strong>tan solo un 36,3% se opondr\u00eda a la medida<\/strong>.<\/p>\n\n\n\n<p>El Cannabis con objeto terap\u00e9utico, <a href=\"http:\/\/datos.cis.es\/pdf\/Es3318sdMT_A.pdf\">reflejado en la encuesta<\/a> con la consecutiva a la anterior,<span class=\"has-inline-color has-luminous-vivid-orange-color\"> <em>\u201c\u00bfY para su uso m\u00e9dico?\u201d<\/em><\/span>, obtiene un porcentaje total del 90%, alcanzando el 93% en poblaciones del tama\u00f1o antes indicado. Estos resultados, al menos en el caso del Cannabis Terap\u00e9utico, admiten la necesidad inmediata de llevar a cabo un debate por parte de representantes pol\u00edticos para llegar a un acuerdo que permita a las <a href=\"https:\/\/www.cannabis.es\/pw\/2021\/04\/21\/documental-sobre-juanma-marihuana-para-vivir-el-autocultivo-me-da-la-dignidad\/\">personas usuarias terap\u00e9uticas,<\/a> acceder a una regulaci\u00f3n para conseguir sus medicinas.<\/p>\n\n\n\n<p>La variaci\u00f3n de estas opiniones, puede verse en <strong>el alza de tres puntos a favor de la regularizaci\u00f3n del cannabis para su venta controlada, desde 2018<\/strong>. A su vez, se observan<strong> seis puntos m\u00e1s en los porcentajes para la regulaci\u00f3n del cannabis terap\u00e9utico<\/strong>, en referencia a encuestas del mismo a\u00f1o 2018.<\/p>\n\n\n\n<figure class=\"wp-block-image size-large\"><img loading=\"lazy\" decoding=\"async\" width=\"804\" height=\"532\" src=\"https:\/\/www.cannabis.es\/pw\/wp-content\/uploads\/2021\/04\/encuesta-cis.jpg\" alt=\"\" class=\"wp-image-6960\" srcset=\"https:\/\/www.cannabis.es\/pw\/wp-content\/uploads\/2021\/04\/encuesta-cis.jpg 804w, https:\/\/www.cannabis.es\/pw\/wp-content\/uploads\/2021\/04\/encuesta-cis-300x199.jpg 300w, https:\/\/www.cannabis.es\/pw\/wp-content\/uploads\/2021\/04\/encuesta-cis-768x508.jpg 768w, https:\/\/www.cannabis.es\/pw\/wp-content\/uploads\/2021\/04\/encuesta-cis-600x397.jpg 600w\" sizes=\"auto, (max-width: 804px) 100vw, 804px\" \/><\/figure>\n\n\n\n<h2 class=\"wp-block-heading\"><strong>Catolicismo frente a ate\u00edsmo y agnosticismo<\/strong><\/h2>\n\n\n\n<p>El segmento de apoyo m\u00e1s bajo al cannabis medicinal est\u00e1 entre los cat\u00f3licos practicantes (81%), y el m\u00e1s alto entre personas agn\u00f3sticas, indiferentes o ateas (95%). Esto en el panorama general en el que 9 de cada 10 personas priman la salud sobre la legalidad y moralidad heredadas. As\u00ed, podemos ver que para el recreativo, un 69% de agn\u00f3sticos y ateos estar\u00edan a favor, seguidos del 45% de los cat\u00f3licos no practicantes, los grupos poblacionales dominantes que representan a m\u00e1s de 7 de cada 10 personas en Espa\u00f1a.<\/p>\n\n\n\n<figure class=\"wp-block-image size-large\"><img loading=\"lazy\" decoding=\"async\" width=\"911\" height=\"516\" src=\"https:\/\/www.cannabis.es\/pw\/wp-content\/uploads\/2021\/04\/image-4.png\" alt=\"\" class=\"wp-image-6956\" srcset=\"https:\/\/www.cannabis.es\/pw\/wp-content\/uploads\/2021\/04\/image-4.png 911w, https:\/\/www.cannabis.es\/pw\/wp-content\/uploads\/2021\/04\/image-4-300x170.png 300w, https:\/\/www.cannabis.es\/pw\/wp-content\/uploads\/2021\/04\/image-4-768x435.png 768w, https:\/\/www.cannabis.es\/pw\/wp-content\/uploads\/2021\/04\/image-4-600x340.png 600w\" sizes=\"auto, (max-width: 911px) 100vw, 911px\" \/><\/figure>\n\n\n\n<h2 class=\"wp-block-heading\">Cannabis entre la gente de izquierdas y de derechas<\/h2>\n\n\n\n<p>Con el cannabis recreativo, como podemos ver en el gr\u00e1fico inferior, a medida que se desplaza del 1, el m\u00e1ximo a la izquierda, hacia el 10, el m\u00e1ximo a la derecha, desciende la cantidad de personas favorables a la legalizaci\u00f3n. Y, al rev\u00e9s, si miramos cu\u00e1nta gente hay en contra de regular el recreativo, veremos que aumentan las personas contrarias al uso adulto de la Cannabis a medida que est\u00e1n m\u00e1s a la derecha. Es rese\u00f1able que <a href=\"https:\/\/www.cannabis.es\/pw\/2019\/09\/27\/uso-los-medios-juegan-a-ser-el-mensajero-pero-en-su-lugar-crean-opinion\/\">las personas que se declaran m\u00e1s de izquierdas, con el 1, son menos partidarias<\/a> que las que se postulan con un 2, 3 o 4 en la escala de izquierdas, siendo el el grupo 3 el m\u00e1s favorable de largo al cannabis recreativo y tambi\u00e9n, por poco, al medicinal.<\/p>\n\n\n\n<figure class=\"wp-block-image size-large\"><img loading=\"lazy\" decoding=\"async\" width=\"946\" height=\"274\" src=\"https:\/\/www.cannabis.es\/pw\/wp-content\/uploads\/2021\/04\/image-2.png\" alt=\"\" class=\"wp-image-6954\" srcset=\"https:\/\/www.cannabis.es\/pw\/wp-content\/uploads\/2021\/04\/image-2.png 946w, https:\/\/www.cannabis.es\/pw\/wp-content\/uploads\/2021\/04\/image-2-300x87.png 300w, https:\/\/www.cannabis.es\/pw\/wp-content\/uploads\/2021\/04\/image-2-768x222.png 768w, https:\/\/www.cannabis.es\/pw\/wp-content\/uploads\/2021\/04\/image-2-600x174.png 600w\" sizes=\"auto, (max-width: 946px) 100vw, 946px\" \/><\/figure>\n\n\n\n<figure class=\"wp-block-image size-large\"><img loading=\"lazy\" decoding=\"async\" width=\"910\" height=\"234\" src=\"https:\/\/www.cannabis.es\/pw\/wp-content\/uploads\/2021\/04\/image-5.png\" alt=\"\" class=\"wp-image-6957\" srcset=\"https:\/\/www.cannabis.es\/pw\/wp-content\/uploads\/2021\/04\/image-5.png 910w, https:\/\/www.cannabis.es\/pw\/wp-content\/uploads\/2021\/04\/image-5-300x77.png 300w, https:\/\/www.cannabis.es\/pw\/wp-content\/uploads\/2021\/04\/image-5-768x197.png 768w, https:\/\/www.cannabis.es\/pw\/wp-content\/uploads\/2021\/04\/image-5-600x154.png 600w\" sizes=\"auto, (max-width: 910px) 100vw, 910px\" \/><figcaption>Del mismo modo ocurre con el medicinal, que no obstante tiene un respaldo del 77% de las personas m\u00e1s conservadoras del pa\u00eds.<\/figcaption><\/figure>\n\n\n\n<h2 class=\"wp-block-heading\"><strong>Cannabis en pol\u00edtica<\/strong><\/h2>\n\n\n\n<p>Varios partidos han expresado su intenci\u00f3n de llevar a cabo una propuesta de regulaci\u00f3n del Cannabis. Sin embargo, se enfrentan f\u00e9rreas posiciones en contra.<\/p>\n\n\n\n<p><a href=\"https:\/\/www.cannabis.es\/pw\/2020\/10\/07\/lucia-munoz-portavoz-de-la-comision-de-adicciones-en-el-congreso-ojala-tengamos-regulacion-integral-al-final-de-la-legislatura\/\">Unidas Podemos, <\/a>socio de gobierno, <a href=\"https:\/\/www.cannabis.es\/pw\/2021\/03\/09\/vector-positivo-se-presenta-entre-el-botanic-no-somos-ni-marginados-ni-criminales-ni-delincuentes\/\">afirma tener un borrador<\/a> para septiembre que presentar\u00eda el primer proyecto de ley en firme para regular el cannabis desde hace tiempo. Se trata de un documento del cual no se sabe nada, a\u00fan a d\u00eda de hoy, ni las propuestas, ni los apoyos con los que cuenta\u2026 nada en absoluto. Tuvimos la oportunidad de charlar sobre ello <a href=\"https:\/\/www.cannabis.es\/pw\/2020\/07\/08\/miguel-vila-ex-de-podemos-no-se-ve-rentabilidad-electoral-en-la-regulacion-del-cannabis\/\">con uno de sus art\u00edfices, Miguel Vila,<\/a> desde el otro lado de la barrera.<\/p>\n\n\n\n<p>M\u00e1s Madrid tambi\u00e9n se muestra a favor de una regulaci\u00f3n integral del Cannabis. A pesar de su escasa influencia en el Congreso, sus intenciones son demostradas por parte de sus representantes, como pudimos comprobar en la entrevista que <a href=\"https:\/\/www.cannabis.es\/pw\/2020\/12\/17\/jorge-moruno-de-mas-madrid-es-un-momento-idoneo-para-regular-el-cannabis-pues-se-aproxima-una-crisis-economica-y-social\/\">realizamos a Jorge Moruno,<\/a> diputado en la Asamblea de Madrid.<\/p>\n\n\n\n<p>EAJ PNV defiende el Cannabis Terap\u00e9utico,<a href=\"https:\/\/www.cannabis.es\/pw\/2020\/09\/18\/no-habra-cannabis-terapeutico-esta-legislatura\/\"> elevando preguntas<\/a> al respecto desde hace un tiempo en la c\u00e1mara de los diputados. Ciudadanos contaba con una promesa para regular la planta en su programa electoral nacional. Comprom\u00ecs, Equo, <a href=\"https:\/\/www.cannabis.es\/pw\/2021\/01\/13\/rosique-erc-tendria-que-ser-el-gobierno-mas-favorable-habido\/\">Esquerra Republicana<\/a> y otras agrupaciones regionales tambi\u00e9n cuentan con<a href=\"https:\/\/www.cannabis.es\/pw\/2021\/02\/22\/el-i-congreso-internacional-de-cannabis-deja-muchos-titulares\/\"> una visi\u00f3n positiva a la apertura del debate.<\/a><\/p>\n\n\n\n<p>El Partido Popular, desde un punto de vista hist\u00f3rico, se ha mantenido siempre en contra de la regulaci\u00f3n del Cannabis, haciendo gala de una galer\u00eda de prejuicios notable e ignorancia supina. No en vano, Mariano Rajoy fue el creador e impulsor de la conocida \u201cLey Mordaza\u201d que endureci\u00f3 las penas y la persecuci\u00f3n a las personas consumidoras. La ceguera voluntaria de estas personas, llevaron a la dimisi\u00f3n de <a href=\"https:\/\/www.cannabis.es\/pw\/2020\/09\/25\/muere-de-cancer-van-den-eynde-defendiendo-un-tratamiento-ilegal\/\">Eduardo Van den Eynde<\/a>, diputado de la agrupaci\u00f3n por Cantabria, que manifest\u00f3 estar en tratamiento contra el C\u00e1ncer y tratar los efectos secundarios de la quimioterapia con Cannabis. Su defensa por la regulaci\u00f3n terap\u00e9utica ante su partido, cay\u00f3 en o\u00eddos rotos acrecentando la injusticia y tristeza por su posterior fallecimiento, el 20 de Septiembre de 2020.<\/p>\n\n\n\n<p>El PSOE, socio mayoritario de gobierno, bascula entre posiciones a favor, las de algunas de sus regiones gobernadas, que han propuesto regulaciones a peque\u00f1a escala, como en el caso del Parlamento de las Islas Canarias. En contra, dicen, el \u00f3rgano central, que expresa a trav\u00e9s de sus parlamentarios posturas condescendientes y esc\u00e9pticas, reclamando pruebas cient\u00edficas que sean, quiz\u00e1s, de su agrado. Una \u00faltima intervenci\u00f3n ante la pregunta parlamentaria de Josune Gorospe (EAJ PNV) al respecto del Cannabis Terap\u00e9utico, dio con<a href=\"https:\/\/www.cannabis.es\/pw\/2021\/03\/22\/carolina-darias-sanidad-sigue-la-investigacion-medica-del-cannabis-terapeutico\/\"> la Ministra de Sanidad, Carolina Darias,<\/a> a declarar que <em>\u201c<\/em>[El Cannabis] <em><span class=\"has-inline-color has-luminous-vivid-orange-color\">en algunas enfermedades o s\u00edntomas que popularmente pudieran pensarse en t\u00e9rminos beneficiosos, los ensayos cl\u00ednicos con Cannabis no han sido concluyentes. Tal es as\u00ed que el Observatorio Europeo de las Drogas y Toxicoman\u00edas de la UE, ha dicho que la evidencia cient\u00edfica en algunas patolog\u00edas, como v\u00f3mitos de C\u00e1ncer o anorexia de SIDA, son d\u00e9biles. Por tanto, no debemos pensar que todos los posibles usos actuales en el debate p\u00fablico tienen el mismo tienen el mismo soporte cient\u00edfico\u201d.<\/span><\/em><\/p>\n\n\n\n<p>Otro ejemplo. Daniel Viondi, diputado del PSOE por la asamblea de Madrid, durante <a href=\"https:\/\/www.cannabis.es\/pw\/2020\/11\/18\/el-observatorio-del-cannabis-medicinal-conciencia-a-los-partidos\/\">una mesa debate sobre el tema<\/a> el pasado Noviembre de 2020, se refiri\u00f3 al Cannabis como \u201cdroga\u201d desde el primer momento. Echando mano de un argumento excepcionalista como el de las \u201cdrogas buenas y drogas malas\u201d aleg\u00f3 tambi\u00e9n que:<\/p>\n\n\n\n<p>\u201c<em>No hay claridad en las pruebas cient\u00edficas, ni consenso en los organismos sanitarios internacionales. Tambi\u00e9n se equivoca la postura de plantear el debate como un derecho, a la altura del matrimonio gay. Hay que intensificar la investigaci\u00f3n y plantear un debate sin satanizar al que defiende una postura diferente de la que se quiere o\u00edr, del que no se abra sin m\u00e1s <a href=\"https:\/\/www.cannabis.es\/pw\/2020\/11\/26\/si-hay-evidencia-voces-expertas-por-el-cannabis-medicinal\/\">al Cannabis Terap\u00e9utico\u201d<\/a><\/em><\/p>\n\n\n\n<p>Recordemos para terminar que PSOE, junto a PP, han sido los dos grandes obst\u00e1culos en cualquier intento de regularizaci\u00f3n de la Marihuana, tumbando las propuestas de forma sistem\u00e1tica en las \u00faltimas d\u00e9cadas; la \u00faltima ocasi\u00f3n en 2018.<\/p>\n","protected":false},"excerpt":{"rendered":"<span class=\"span-reading-time rt-reading-time\" style=\"display: block;\"><span class=\"rt-label rt-prefix\">Tiempo de lectura:<\/span> <span class=\"rt-time\"> 4<\/span> <span class=\"rt-label rt-postfix\">minutos<\/span><\/span>Benito D\u00edaz El avance de resultados del bar\u00f3metro de abril de 2021, llevado a cabo por el Centro de Investigaciones Sociol\u00f3gicas, revela que existe un gran porcentaje de la poblaci\u00f3n que est\u00e1 de acuerdo con llevar a cabo una regulaci\u00f3n sobre el cannabis, tanto terap\u00e9utico, como recreativo. La encuesta incluy\u00f3 entrevistas telef\u00f3nicas realizadas a 3.823 [&hellip;]","protected":false},"author":3,"featured_media":6960,"comment_status":"closed","ping_status":"closed","sticky":false,"template":"","format":"standard","meta":{"loftocean-featured-post":"","loftocean_post_format_gallery":"","loftocean_post_format_gallery_ids":"","loftocean_post_format_gallery_urls":"","loftocean_post_format_video_id":"","loftocean_post_format_video_url":"","loftocean_post_format_video_type":"","loftocean_post_format_video":"","loftocean_post_format_audio_type":"","loftocean_post_format_audio_url":"","loftocean_post_format_audio_id":"","loftocean_post_format_audio":"","loftocean_post_format_quote_text":"","loftocean_post_format_quote_byline":"","loftocean_post_format_link_text":"","loftocean_post_format_link_url":"","ceramag_post_header_style":"","ceramag_enable_background_video":"","ceramag_show_in_top_slider":"","ceramag_post_background_video_start":"","ceramag_post_background_video_end":"","loftocean_page_background_video_id":"","loftocean_page_background_video_url":"","loftocean_page_background_video_type":"","loftocean_page_background_video":"","ceramag_background_video_start":"","ceramag_background_video_end":"","ceramag_single_page_hide_header":"","footnotes":""},"categories":[35],"tags":[43,41,53],"class_list":["post-6953","post","type-post","status-publish","format-standard","has-post-thumbnail","hentry","category-politica-y-sociedad","tag-benito-diaz","tag-cannabis","tag-investigacion"],"yoast_head":"<!-- This site is optimized with the Yoast SEO plugin v24.9 - https:\/\/yoast.com\/wordpress\/plugins\/seo\/ -->\n<title>La poblaci\u00f3n respalda el cannabis medicinal y media Espa\u00f1a el recreativo<\/title>\n<meta name=\"description\" content=\"Entrada &#8226; Portal multimedia sobre cannabis y otras sustancias &#8226; 22 abril, 2021\" \/>\n<meta name=\"robots\" content=\"index, follow, max-snippet:-1, max-image-preview:large, max-video-preview:-1\" \/>\n<link rel=\"canonical\" href=\"https:\/\/www.cannabis.es\/pw\/2021\/04\/22\/la-poblacion-respalda-el-cannabis-medicinal-y-media-espana-el-recreativo\/\" \/>\n<meta name=\"twitter:card\" content=\"summary_large_image\" \/>\n<meta name=\"twitter:title\" content=\"La poblaci\u00f3n respalda el cannabis medicinal y media Espa\u00f1a el recreativo\" \/>\n<meta name=\"twitter:description\" content=\"Entrada &#8226; Portal multimedia sobre cannabis y otras sustancias &#8226; 22 abril, 2021\" \/>\n<meta name=\"twitter:image\" content=\"https:\/\/www.cannabis.es\/pw\/wp-content\/uploads\/2021\/04\/encuesta-cis.jpg\" \/>\n<meta name=\"twitter:creator\" content=\"@cannabis_es\" \/>\n<meta name=\"twitter:site\" content=\"@cannabis_es\" \/>\n<meta name=\"twitter:label1\" content=\"Escrito por\" \/>\n\t<meta name=\"twitter:data1\" content=\"Cannabis.es\" \/>\n\t<meta name=\"twitter:label2\" content=\"Tiempo de lectura\" \/>\n\t<meta name=\"twitter:data2\" content=\"6 minutos\" \/>\n<script type=\"application\/ld+json\" class=\"yoast-schema-graph\">{\"@context\":\"https:\/\/schema.org\",\"@graph\":[{\"@type\":\"Article\",\"@id\":\"https:\/\/www.cannabis.es\/pw\/2021\/04\/22\/la-poblacion-respalda-el-cannabis-medicinal-y-media-espana-el-recreativo\/#article\",\"isPartOf\":{\"@id\":\"https:\/\/www.cannabis.es\/pw\/2021\/04\/22\/la-poblacion-respalda-el-cannabis-medicinal-y-media-espana-el-recreativo\/\"},\"author\":{\"name\":\"Cannabis.es\",\"@id\":\"https:\/\/www.cannabis.es\/pw\/#\/schema\/person\/ec770c03f3e99d770687f537f4ba1e89\"},\"headline\":\"La poblaci\u00f3n respalda el cannabis medicinal y media Espa\u00f1a el recreativo\",\"datePublished\":\"2021-04-22T11:46:36+00:00\",\"dateModified\":\"2021-04-22T11:46:37+00:00\",\"mainEntityOfPage\":{\"@id\":\"https:\/\/www.cannabis.es\/pw\/2021\/04\/22\/la-poblacion-respalda-el-cannabis-medicinal-y-media-espana-el-recreativo\/\"},\"wordCount\":1256,\"publisher\":{\"@id\":\"https:\/\/www.cannabis.es\/pw\/#organization\"},\"image\":{\"@id\":\"https:\/\/www.cannabis.es\/pw\/2021\/04\/22\/la-poblacion-respalda-el-cannabis-medicinal-y-media-espana-el-recreativo\/#primaryimage\"},\"thumbnailUrl\":\"https:\/\/www.cannabis.es\/pw\/wp-content\/uploads\/2021\/04\/encuesta-cis.jpg\",\"keywords\":[\"Benito D\u00edaz\",\"cannabis\",\"investigaci\u00f3n\"],\"articleSection\":[\"Pol\u00edtica y Sociedad\"],\"inLanguage\":\"es\"},{\"@type\":\"WebPage\",\"@id\":\"https:\/\/www.cannabis.es\/pw\/2021\/04\/22\/la-poblacion-respalda-el-cannabis-medicinal-y-media-espana-el-recreativo\/\",\"url\":\"https:\/\/www.cannabis.es\/pw\/2021\/04\/22\/la-poblacion-respalda-el-cannabis-medicinal-y-media-espana-el-recreativo\/\",\"name\":\"La poblaci\u00f3n respalda el cannabis medicinal y media Espa\u00f1a el recreativo\",\"isPartOf\":{\"@id\":\"https:\/\/www.cannabis.es\/pw\/#website\"},\"primaryImageOfPage\":{\"@id\":\"https:\/\/www.cannabis.es\/pw\/2021\/04\/22\/la-poblacion-respalda-el-cannabis-medicinal-y-media-espana-el-recreativo\/#primaryimage\"},\"image\":{\"@id\":\"https:\/\/www.cannabis.es\/pw\/2021\/04\/22\/la-poblacion-respalda-el-cannabis-medicinal-y-media-espana-el-recreativo\/#primaryimage\"},\"thumbnailUrl\":\"https:\/\/www.cannabis.es\/pw\/wp-content\/uploads\/2021\/04\/encuesta-cis.jpg\",\"datePublished\":\"2021-04-22T11:46:36+00:00\",\"dateModified\":\"2021-04-22T11:46:37+00:00\",\"description\":\"Entrada &#8226; Portal multimedia sobre cannabis y otras sustancias &#8226; 22 abril, 2021\",\"breadcrumb\":{\"@id\":\"https:\/\/www.cannabis.es\/pw\/2021\/04\/22\/la-poblacion-respalda-el-cannabis-medicinal-y-media-espana-el-recreativo\/#breadcrumb\"},\"inLanguage\":\"es\",\"potentialAction\":[{\"@type\":\"ReadAction\",\"target\":[\"https:\/\/www.cannabis.es\/pw\/2021\/04\/22\/la-poblacion-respalda-el-cannabis-medicinal-y-media-espana-el-recreativo\/\"]}]},{\"@type\":\"ImageObject\",\"inLanguage\":\"es\",\"@id\":\"https:\/\/www.cannabis.es\/pw\/2021\/04\/22\/la-poblacion-respalda-el-cannabis-medicinal-y-media-espana-el-recreativo\/#primaryimage\",\"url\":\"https:\/\/www.cannabis.es\/pw\/wp-content\/uploads\/2021\/04\/encuesta-cis.jpg\",\"contentUrl\":\"https:\/\/www.cannabis.es\/pw\/wp-content\/uploads\/2021\/04\/encuesta-cis.jpg\",\"width\":804,\"height\":532},{\"@type\":\"BreadcrumbList\",\"@id\":\"https:\/\/www.cannabis.es\/pw\/2021\/04\/22\/la-poblacion-respalda-el-cannabis-medicinal-y-media-espana-el-recreativo\/#breadcrumb\",\"itemListElement\":[{\"@type\":\"ListItem\",\"position\":1,\"name\":\"Portada\",\"item\":\"http:\/\/www.cannabis.es\/pw\/\"},{\"@type\":\"ListItem\",\"position\":2,\"name\":\"La poblaci\u00f3n respalda el cannabis medicinal y media Espa\u00f1a el recreativo\"}]},{\"@type\":\"WebSite\",\"@id\":\"https:\/\/www.cannabis.es\/pw\/#website\",\"url\":\"https:\/\/www.cannabis.es\/pw\/\",\"name\":\"Cannabis\",\"description\":\"Portal multimedia sobre cannabis y otras sustancias\",\"publisher\":{\"@id\":\"https:\/\/www.cannabis.es\/pw\/#organization\"},\"potentialAction\":[{\"@type\":\"SearchAction\",\"target\":{\"@type\":\"EntryPoint\",\"urlTemplate\":\"https:\/\/www.cannabis.es\/pw\/?s={search_term_string}\"},\"query-input\":{\"@type\":\"PropertyValueSpecification\",\"valueRequired\":true,\"valueName\":\"search_term_string\"}}],\"inLanguage\":\"es\"},{\"@type\":\"Organization\",\"@id\":\"https:\/\/www.cannabis.es\/pw\/#organization\",\"name\":\"Cannabis.es\",\"url\":\"https:\/\/www.cannabis.es\/pw\/\",\"logo\":{\"@type\":\"ImageObject\",\"inLanguage\":\"es\",\"@id\":\"https:\/\/www.cannabis.es\/pw\/#\/schema\/logo\/image\/\",\"url\":\"https:\/\/www.cannabis.es\/pw\/wp-content\/uploads\/2019\/04\/cropped-logo_cannabis.png\",\"contentUrl\":\"https:\/\/www.cannabis.es\/pw\/wp-content\/uploads\/2019\/04\/cropped-logo_cannabis.png\",\"width\":361,\"height\":120,\"caption\":\"Cannabis.es\"},\"image\":{\"@id\":\"https:\/\/www.cannabis.es\/pw\/#\/schema\/logo\/image\/\"},\"sameAs\":[\"https:\/\/x.com\/cannabis_es\"]},{\"@type\":\"Person\",\"@id\":\"https:\/\/www.cannabis.es\/pw\/#\/schema\/person\/ec770c03f3e99d770687f537f4ba1e89\",\"name\":\"Cannabis.es\",\"image\":{\"@type\":\"ImageObject\",\"inLanguage\":\"es\",\"@id\":\"https:\/\/www.cannabis.es\/pw\/#\/schema\/person\/image\/\",\"url\":\"https:\/\/secure.gravatar.com\/avatar\/810c93a3d6fadc3d9c2665b1d919a4aedea8ed4dd63689d001e985a804e90d83?s=96&d=mm&r=g\",\"contentUrl\":\"https:\/\/secure.gravatar.com\/avatar\/810c93a3d6fadc3d9c2665b1d919a4aedea8ed4dd63689d001e985a804e90d83?s=96&d=mm&r=g\",\"caption\":\"Cannabis.es\"},\"url\":\"https:\/\/www.cannabis.es\/pw\/author\/arnau\/\"}]}<\/script>\n<!-- \/ Yoast SEO plugin. -->","yoast_head_json":{"title":"La poblaci\u00f3n respalda el cannabis medicinal y media Espa\u00f1a el recreativo","description":"Entrada &#8226; Portal multimedia sobre cannabis y otras sustancias &#8226; 22 abril, 2021","robots":{"index":"index","follow":"follow","max-snippet":"max-snippet:-1","max-image-preview":"max-image-preview:large","max-video-preview":"max-video-preview:-1"},"canonical":"https:\/\/www.cannabis.es\/pw\/2021\/04\/22\/la-poblacion-respalda-el-cannabis-medicinal-y-media-espana-el-recreativo\/","twitter_card":"summary_large_image","twitter_title":"La poblaci\u00f3n respalda el cannabis medicinal y media Espa\u00f1a el recreativo","twitter_description":"Entrada &#8226; Portal multimedia sobre cannabis y otras sustancias &#8226; 22 abril, 2021","twitter_image":"https:\/\/www.cannabis.es\/pw\/wp-content\/uploads\/2021\/04\/encuesta-cis.jpg","twitter_creator":"@cannabis_es","twitter_site":"@cannabis_es","twitter_misc":{"Escrito por":"Cannabis.es","Tiempo de lectura":"6 minutos"},"schema":{"@context":"https:\/\/schema.org","@graph":[{"@type":"Article","@id":"https:\/\/www.cannabis.es\/pw\/2021\/04\/22\/la-poblacion-respalda-el-cannabis-medicinal-y-media-espana-el-recreativo\/#article","isPartOf":{"@id":"https:\/\/www.cannabis.es\/pw\/2021\/04\/22\/la-poblacion-respalda-el-cannabis-medicinal-y-media-espana-el-recreativo\/"},"author":{"name":"Cannabis.es","@id":"https:\/\/www.cannabis.es\/pw\/#\/schema\/person\/ec770c03f3e99d770687f537f4ba1e89"},"headline":"La poblaci\u00f3n respalda el cannabis medicinal y media Espa\u00f1a el recreativo","datePublished":"2021-04-22T11:46:36+00:00","dateModified":"2021-04-22T11:46:37+00:00","mainEntityOfPage":{"@id":"https:\/\/www.cannabis.es\/pw\/2021\/04\/22\/la-poblacion-respalda-el-cannabis-medicinal-y-media-espana-el-recreativo\/"},"wordCount":1256,"publisher":{"@id":"https:\/\/www.cannabis.es\/pw\/#organization"},"image":{"@id":"https:\/\/www.cannabis.es\/pw\/2021\/04\/22\/la-poblacion-respalda-el-cannabis-medicinal-y-media-espana-el-recreativo\/#primaryimage"},"thumbnailUrl":"https:\/\/www.cannabis.es\/pw\/wp-content\/uploads\/2021\/04\/encuesta-cis.jpg","keywords":["Benito D\u00edaz","cannabis","investigaci\u00f3n"],"articleSection":["Pol\u00edtica y Sociedad"],"inLanguage":"es"},{"@type":"WebPage","@id":"https:\/\/www.cannabis.es\/pw\/2021\/04\/22\/la-poblacion-respalda-el-cannabis-medicinal-y-media-espana-el-recreativo\/","url":"https:\/\/www.cannabis.es\/pw\/2021\/04\/22\/la-poblacion-respalda-el-cannabis-medicinal-y-media-espana-el-recreativo\/","name":"La poblaci\u00f3n respalda el cannabis medicinal y media Espa\u00f1a el recreativo","isPartOf":{"@id":"https:\/\/www.cannabis.es\/pw\/#website"},"primaryImageOfPage":{"@id":"https:\/\/www.cannabis.es\/pw\/2021\/04\/22\/la-poblacion-respalda-el-cannabis-medicinal-y-media-espana-el-recreativo\/#primaryimage"},"image":{"@id":"https:\/\/www.cannabis.es\/pw\/2021\/04\/22\/la-poblacion-respalda-el-cannabis-medicinal-y-media-espana-el-recreativo\/#primaryimage"},"thumbnailUrl":"https:\/\/www.cannabis.es\/pw\/wp-content\/uploads\/2021\/04\/encuesta-cis.jpg","datePublished":"2021-04-22T11:46:36+00:00","dateModified":"2021-04-22T11:46:37+00:00","description":"Entrada &#8226; Portal multimedia sobre cannabis y otras sustancias &#8226; 22 abril, 2021","breadcrumb":{"@id":"https:\/\/www.cannabis.es\/pw\/2021\/04\/22\/la-poblacion-respalda-el-cannabis-medicinal-y-media-espana-el-recreativo\/#breadcrumb"},"inLanguage":"es","potentialAction":[{"@type":"ReadAction","target":["https:\/\/www.cannabis.es\/pw\/2021\/04\/22\/la-poblacion-respalda-el-cannabis-medicinal-y-media-espana-el-recreativo\/"]}]},{"@type":"ImageObject","inLanguage":"es","@id":"https:\/\/www.cannabis.es\/pw\/2021\/04\/22\/la-poblacion-respalda-el-cannabis-medicinal-y-media-espana-el-recreativo\/#primaryimage","url":"https:\/\/www.cannabis.es\/pw\/wp-content\/uploads\/2021\/04\/encuesta-cis.jpg","contentUrl":"https:\/\/www.cannabis.es\/pw\/wp-content\/uploads\/2021\/04\/encuesta-cis.jpg","width":804,"height":532},{"@type":"BreadcrumbList","@id":"https:\/\/www.cannabis.es\/pw\/2021\/04\/22\/la-poblacion-respalda-el-cannabis-medicinal-y-media-espana-el-recreativo\/#breadcrumb","itemListElement":[{"@type":"ListItem","position":1,"name":"Portada","item":"http:\/\/www.cannabis.es\/pw\/"},{"@type":"ListItem","position":2,"name":"La poblaci\u00f3n respalda el cannabis medicinal y media Espa\u00f1a el recreativo"}]},{"@type":"WebSite","@id":"https:\/\/www.cannabis.es\/pw\/#website","url":"https:\/\/www.cannabis.es\/pw\/","name":"Cannabis","description":"Portal multimedia sobre cannabis y otras sustancias","publisher":{"@id":"https:\/\/www.cannabis.es\/pw\/#organization"},"potentialAction":[{"@type":"SearchAction","target":{"@type":"EntryPoint","urlTemplate":"https:\/\/www.cannabis.es\/pw\/?s={search_term_string}"},"query-input":{"@type":"PropertyValueSpecification","valueRequired":true,"valueName":"search_term_string"}}],"inLanguage":"es"},{"@type":"Organization","@id":"https:\/\/www.cannabis.es\/pw\/#organization","name":"Cannabis.es","url":"https:\/\/www.cannabis.es\/pw\/","logo":{"@type":"ImageObject","inLanguage":"es","@id":"https:\/\/www.cannabis.es\/pw\/#\/schema\/logo\/image\/","url":"https:\/\/www.cannabis.es\/pw\/wp-content\/uploads\/2019\/04\/cropped-logo_cannabis.png","contentUrl":"https:\/\/www.cannabis.es\/pw\/wp-content\/uploads\/2019\/04\/cropped-logo_cannabis.png","width":361,"height":120,"caption":"Cannabis.es"},"image":{"@id":"https:\/\/www.cannabis.es\/pw\/#\/schema\/logo\/image\/"},"sameAs":["https:\/\/x.com\/cannabis_es"]},{"@type":"Person","@id":"https:\/\/www.cannabis.es\/pw\/#\/schema\/person\/ec770c03f3e99d770687f537f4ba1e89","name":"Cannabis.es","image":{"@type":"ImageObject","inLanguage":"es","@id":"https:\/\/www.cannabis.es\/pw\/#\/schema\/person\/image\/","url":"https:\/\/secure.gravatar.com\/avatar\/810c93a3d6fadc3d9c2665b1d919a4aedea8ed4dd63689d001e985a804e90d83?s=96&d=mm&r=g","contentUrl":"https:\/\/secure.gravatar.com\/avatar\/810c93a3d6fadc3d9c2665b1d919a4aedea8ed4dd63689d001e985a804e90d83?s=96&d=mm&r=g","caption":"Cannabis.es"},"url":"https:\/\/www.cannabis.es\/pw\/author\/arnau\/"}]}},"_links":{"self":[{"href":"https:\/\/www.cannabis.es\/pw\/wp-json\/wp\/v2\/posts\/6953","targetHints":{"allow":["GET"]}}],"collection":[{"href":"https:\/\/www.cannabis.es\/pw\/wp-json\/wp\/v2\/posts"}],"about":[{"href":"https:\/\/www.cannabis.es\/pw\/wp-json\/wp\/v2\/types\/post"}],"author":[{"embeddable":true,"href":"https:\/\/www.cannabis.es\/pw\/wp-json\/wp\/v2\/users\/3"}],"replies":[{"embeddable":true,"href":"https:\/\/www.cannabis.es\/pw\/wp-json\/wp\/v2\/comments?post=6953"}],"version-history":[{"count":3,"href":"https:\/\/www.cannabis.es\/pw\/wp-json\/wp\/v2\/posts\/6953\/revisions"}],"predecessor-version":[{"id":6961,"href":"https:\/\/www.cannabis.es\/pw\/wp-json\/wp\/v2\/posts\/6953\/revisions\/6961"}],"wp:featuredmedia":[{"embeddable":true,"href":"https:\/\/www.cannabis.es\/pw\/wp-json\/wp\/v2\/media\/6960"}],"wp:attachment":[{"href":"https:\/\/www.cannabis.es\/pw\/wp-json\/wp\/v2\/media?parent=6953"}],"wp:term":[{"taxonomy":"category","embeddable":true,"href":"https:\/\/www.cannabis.es\/pw\/wp-json\/wp\/v2\/categories?post=6953"},{"taxonomy":"post_tag","embeddable":true,"href":"https:\/\/www.cannabis.es\/pw\/wp-json\/wp\/v2\/tags?post=6953"}],"curies":[{"name":"wp","href":"https:\/\/api.w.org\/{rel}","templated":true}]}}