{"id":6966,"date":"2021-04-23T12:08:19","date_gmt":"2021-04-23T10:08:19","guid":{"rendered":"https:\/\/www.cannabis.es\/pw\/?p=6966"},"modified":"2021-04-23T12:08:20","modified_gmt":"2021-04-23T10:08:20","slug":"josune-gorospe-eaj-pnv-nuestros-discursos-defendieron-la-regulacion-integral-del-cannabis","status":"publish","type":"post","link":"https:\/\/www.cannabis.es\/pw\/2021\/04\/23\/josune-gorospe-eaj-pnv-nuestros-discursos-defendieron-la-regulacion-integral-del-cannabis\/","title":{"rendered":"Josune Gorospe, EAJ-PNV: \u201cNuestros discursos defendieron la regulaci\u00f3n integral del cannabis\u201d"},"content":{"rendered":"\n<p>Benito D\u00edaz<\/p>\n\n\n\n<p>Josune Gorospe Elezkano lleva poco tiempo ocupando un esca\u00f1o en el Congreso de los Diputados. Hace tan solo dos a\u00f1os, comenz\u00f3 su trabajo en representaci\u00f3n del Partido Nacionalista Vasco (EAJ PNV). Desde entonces, han presentado ya dos preguntas, una por escrito y otra en sede parlamentaria, al respecto de la regulaci\u00f3n del Cannabis Terap\u00e9utico, ambas recibiendo respuestas negativas. Conversamos con la representante.<\/p>\n\n\n\n<p>Diputada por Vizcaya en el Congreso y natural de esta misma provincia, ha trabajado m\u00e1s de 20 a\u00f1os en el marco de la dinamizaci\u00f3n sociocultural y en la gesti\u00f3n administrativa como liquidadora de tributos para Hacienda, siendo tambi\u00e9n Jefa de la Secci\u00f3n de Cultura en la Diputaci\u00f3n Foral de Vizcaya.<\/p>\n\n\n\n<figure class=\"wp-block-image size-large\"><img loading=\"lazy\" decoding=\"async\" width=\"804\" height=\"532\" src=\"https:\/\/www.cannabis.es\/pw\/wp-content\/uploads\/2021\/04\/josune-gorospe.jpg\" alt=\"\" class=\"wp-image-6967\" srcset=\"https:\/\/www.cannabis.es\/pw\/wp-content\/uploads\/2021\/04\/josune-gorospe.jpg 804w, https:\/\/www.cannabis.es\/pw\/wp-content\/uploads\/2021\/04\/josune-gorospe-300x199.jpg 300w, https:\/\/www.cannabis.es\/pw\/wp-content\/uploads\/2021\/04\/josune-gorospe-768x508.jpg 768w, https:\/\/www.cannabis.es\/pw\/wp-content\/uploads\/2021\/04\/josune-gorospe-600x397.jpg 600w\" sizes=\"auto, (max-width: 804px) 100vw, 804px\" \/><\/figure>\n\n\n\n<h2 class=\"wp-block-heading\"><strong>Inter\u00e9s en el cannabis<\/strong><\/h2>\n\n\n\n<p>\u201c<em>Hace unos a\u00f1os que en el Parlamento vasco se promovi\u00f3 un grupo de trabajo para la exposici\u00f3n y estudio de la regulaci\u00f3n del Cannabis; no en el \u00e1mbito del uso Cannabis Terap\u00e9utico, como estamos planteando aqu\u00ed, pues all\u00ed no ten\u00edamos competencias en esa materia. Promovimos unas iniciativas para que se pudieran analizar otros aspectos de su regulaci\u00f3n. De hecho, <a href=\"https:\/\/www.cannabis.es\/pw\/2020\/05\/28\/salud-vasca-en-desarrollo-de-un-reglamento-legal-aprueba-reabrir-las-asociaciones\/\">incorporamos algunas referencias en la Ley de Adicciones vasca<\/a>\u201d<\/em>, explica Gorospe.<\/p>\n\n\n\n<p>La diputada se\u00f1ala que, en el Congreso, el inter\u00e9s ha sido ser <strong>partidarios de la regulaci\u00f3n integral<\/strong> del cannabis: <em><span class=\"has-inline-color has-luminous-vivid-orange-color\">\u201cEn este caso ya ten\u00edamos otras iniciativas. Adem\u00e1s, durante la Pandemia hemos recibido muchos contactos con entidades, asociaciones de pacientes y gente que estaba sufriendo en situaciones complicadas los rigores de la restricci\u00f3n a la hora de conseguir su Cannabis Terap\u00e9utico. Eso fue una de las razones m\u00e1s importantes que nos llev\u00f3 presentar una petici\u00f3n para crear una subcomisi\u00f3n para el estudio de estas terapias\u201d.<\/span><\/em><\/p>\n\n\n\n<p>Gorospe comenta que estos pacientes han sufrido con m\u00e1s intensidad las consecuencias de que no exista una regulaci\u00f3n al respecto. <span class=\"has-inline-color has-luminous-vivid-orange-color\"><em>\u201cMuchos de nuestros discursos han defendido la regulaci\u00f3n integral del Cannabis, tanto Terap\u00e9utico como Recreativo. Sin embargo, con este planteamiento, decidimos comenzar a avanzar en el planteamiento de un foro de an\u00e1lisis, all\u00ed donde creemos que se puede materializar<a href=\"https:\/\/www.cannabis.es\/pw\/2021\/03\/22\/carolina-darias-sanidad-sigue-la-investigacion-medica-del-cannabis-terapeutico\/\">, en el Congreso<\/a>. Pensamos que, empezando por este tema, nos resulte m\u00e1s f\u00e1cil progresar en ese entendimiento que se necesita en la cuesti\u00f3n del Cannabis\u201d <\/em>expone. <em>\u201cEs preciso un an\u00e1lisis sereno, conjunto, compartido, de distintas formaciones pol\u00edticas, de todo el espectro ideol\u00f3gico representado en las Cortes\u201d.<\/em><\/span><\/p>\n\n\n\n<h2 class=\"wp-block-heading\"><strong>Regulaci\u00f3n integral o parcial<\/strong><\/h2>\n\n\n\n<p>La representante de EAJ PNV, recuerda que otra de las voces que han escuchado, interviniendo en el espacio de la Cannabis<a href=\"https:\/\/www.cannabis.es\/pw\/2020\/11\/18\/podemos-lleva-la-legalizacion-a-comision-con-el-psoe-en-contra-y-erc-y-pnv-pidiendo-explicaciones\/\">, es la de Araceli Manj\u00f3n,<\/a> antigua directora del Plan Nacional sobre Drogas. <em><span class=\"has-inline-color has-luminous-vivid-orange-color\">\u201cNos habl\u00f3 de la experiencia de Italia, donde hubo un intento de regulaci\u00f3n integral, pero que no se consigui\u00f3, pues no se encontraba un escenario ni unas posibilidades que lo posibilitasen. As\u00ed que se recurri\u00f3 a una vertiente que cumpliese con esas caracter\u00edsticas\u201d.<\/span><\/em><\/p>\n\n\n\n<p><strong>La impresi\u00f3n de Gorospe, nos cuenta, es que existe cierto v\u00e9rtigo por parte de algunas agrupaciones pol\u00edticas<\/strong> a abordar la cuesti\u00f3n del cannabis. <em><span class=\"has-inline-color has-luminous-vivid-orange-color\">\u201cEsa es la \u00fanica raz\u00f3n que explica que nunca se llegue a avanzar en un grupo de trabajo en el que se habla con sosiego y serenidad. Por v\u00e9rtigo y la posible &#8216;estigmatizaci\u00f3n&#8217;, miedo a la aproximaci\u00f3n y temor a que no podamos afrontar el debate con un m\u00ednimo de rigor. En ning\u00fan caso creo que lo que se hace sea criminalizar, no contamos con eso en el caso de que logr\u00e1ramos movernos adelante en esta materia\u201d<\/span>.<\/em> Por el contrario, Josune afirma que estas conversaciones podr\u00edan mejorar el contacto, yendo poco a poco.<\/p>\n\n\n\n<h2 class=\"wp-block-heading\"><strong>Herramientas pol\u00edticas para el cannabis<\/strong><\/h2>\n\n\n\n<p>\u201c<em>Nuestra propuesta es escuchar\u201d,<\/em> aclara Gorospe. <em>\u201cEs una realidad en la que tenemos inter\u00e9s<a href=\"https:\/\/www.cannabis.es\/pw\/2020\/09\/18\/no-habra-cannabis-terapeutico-esta-legislatura\/\">. Preguntamos al Gobierno<\/a> si ten\u00eda intenci\u00f3n de avanzar en el an\u00e1lisis y nos dijo que no hab\u00eda suficiente evidencia cient\u00edfica que garantizase su fiabilidad cient\u00edfica. Nuestra propuesta ser\u00e1 que, si hay Estados del entorno que han conseguido avanzar en el acceso a trav\u00e9s de este tipo de programas, bajo prescripci\u00f3n m\u00e9dica, regulados, hallando una forma de uso del cannabis terap\u00e9utico, como han hecho en Portugal, Italia, Alemania\u2026 muchos pa\u00edses pr\u00f3ximos, pues entonces vamos a escucharles. Vamos a traer expertos, saber qu\u00e9 es lo que dicen, <strong>vamos a darle un enfoque cient\u00edfico al an\u00e1lisis, favoreciendo un grupo de trabajo que se encargue de esto\u201d<\/strong>.<\/em><\/p>\n\n\n\n<p>\u201c<em>Es un tema que <strong>cada vez que se menciona en la agenda pol\u00edtica, hay posturas defensivas, repliegues, seguidos de una opini\u00f3n general de que hay que avanzar, pero no se avanza.<\/strong> Cuesta que fluya. Nosotros vamos a poner nuestro esfuerzo pol\u00edtico en escuchar distintas voces y sacar conclusiones compartidas con muchos grupos pol\u00edticos. Hablamos de consenso, pues si se consigue es base s\u00f3lida para que algo tenga \u00e9xito y eso es un aval para el Gobierno, en contra de la posible cr\u00edtica que pueda suponer un desgaste\u201d<\/em>, enuncia Gorospe.<\/p>\n\n\n\n<p>Desde EAJ PNV, no se propone un paquete de medidas, seg\u00fan nos expresa Gorospe. M\u00e1s bien, se intenta abrir este espacio de an\u00e1lisis, recordando y preguntando al Gobierno del Estado su responsabilidad en este marco, sobre todo al Ministerio de Salud, de donde, piensan, tiene que salir esa normativa.<em><span class=\"has-inline-color has-luminous-vivid-orange-color\"> \u201cQueremos llenar de argumentos e informaci\u00f3n al Gobierno, pues es al Ministerio de Sanidad a quien le corresponde. Por nuestra parte, vamos a promover reflexiones para que el Congreso se pronuncie. Si quisi\u00e9ramos hacerlo de otra forma, hay otras herramientas para sacar adelante disposiciones concretas, como las Iniciativas Legislativas Populares, Proposiciones No de Ley, etc\u201d<\/span>.<\/em> Lo que al partido le interesa, seg\u00fan Gorospe, es alcanzar unas pruebas cient\u00edficas que brinden al gobierno la oportunidad de evolucionar en estos aspectos.<\/p>\n\n\n\n<p>\u201c<em>Entiendo que pueda haber otras iniciativas que promuevan otros planteamientos. Pero es que incluso nos cuesta echar a andar estas m\u00ednimas experiencias. La semana pasada, volvimos a plantear en la reuni\u00f3n de mesa y portavoces de la comisi\u00f3n de Sanidad, que se incluyera este punto dentro del orden del d\u00eda de hoy y fue rechazada. Solo el debate, y se deneg\u00f3. Seguiremos insistiendo y tendremos oportunidad de poder debatirlo en otra ocasi\u00f3n, si bien es verdad que la Pandemia es prioritaria y parece que no se puede hablar de otra cosa, que lo entiendo, por supuesto. Pero intentaremos seguir hablando, aunque sea solo para descartarlo\u201d.<\/em><\/p>\n\n\n\n<h2 class=\"wp-block-heading\"><strong>Cuesti\u00f3n ideol\u00f3gica<\/strong><\/h2>\n\n\n\n<p>Gorospe coincide en que se puede pensar que tras la argumentaci\u00f3n a favor o en contra de la regulaci\u00f3n del Cannabis, se puede encontrar un sesgo ideol\u00f3gico, lo que har\u00eda que ciertos grupos se posicionasen de forma autom\u00e1tica. <em><span class=\"has-inline-color has-luminous-vivid-orange-color\">\u201cComo dec\u00edamos antes, pienso que es una cuesti\u00f3n que puede dar v\u00e9rtigo. Pretendemos lo contrario, un debate serio, riguroso y calmado sobre la mesa. Creemos que es muy importante partir de ning\u00fan debate previo, con decisiones e ideas preconcebidas. Muchas veces decimos que queremos un foro de debate, pero en realidad lo que queremos es un lugar para meter nuestras ideas. Insisto, lo que queremos tener es un debate compartido que consiga salir a la plaza p\u00fablica, donde, a pesar de las ideas enfrentadas, podemos llegar a una discusi\u00f3n compartida. Opinamos que hay distintas agrupaciones pol\u00edticas que ya han decidido poner esto en com\u00fan, a pesar de sus posiciones ideol\u00f3gicas, pues consideran que ser\u00eda un \u00e9xito el mero hecho de hablarlo\u201d<\/span>, <\/em>dijo Gorospe para se\u00f1alar el gesto del PSOE, con la luz verde al paso a la subcomisi\u00f3n. <em><span class=\"has-inline-color has-luminous-vivid-orange-color\">\u201cDe gestos tambi\u00e9n se va avanzando, esa es nuestra esperanza\u201d.<\/span><\/em><\/p>\n\n\n\n<h2 class=\"wp-block-heading\"><strong>An\u00e1lisis de la postura del Gobierno<\/strong><\/h2>\n\n\n\n<p>\u201c<em>Es mucho m\u00e1s f\u00e1cil reclamar cosas cuando no tienes responsabilidades que cuando las tienes. Ning\u00fan gobierno del Estado ha afrontado el debate en esta cuesti\u00f3n y el otro d\u00eda, ya dieron paso a que se pudiera hacer. Sin embargo, lo dif\u00edcil de entender es que, si hay una demanda social y otros Estados que est\u00e1n acometiendo medidas, no deber\u00edan haber argumentado que no hay evidencias cient\u00edficas. Podr\u00edan haber dicho que se van a analizar las experiencias de esos otros pa\u00edses, pues al final esos gobernantes supongo que har\u00e1n revisiones sobre estos temas\u201d<\/em>, argumenta Gorospe<em>. \u201cCreo que una de las virtudes de la pol\u00edtica es ser capaces de ir escuchando, hablando con otros y modificar las posiciones, pues si no ser\u00eda imposible llegar a nada. Es fundamental acercarse a cualquier tema con voluntad de escucha y di\u00e1logo, avalado por todas las experiencias que se puedan aportar, para llegar a unos acuerdos de m\u00ednimos\u201d.<\/em><\/p>\n\n\n\n<p>Ante la posibilidad de un acuerdo para la regulaci\u00f3n en el corto plazo, Josune Gorospe opina que cinco a\u00f1os es demasiado tiempo para alcanzarlo. <em>\u201c<span class=\"has-inline-color has-luminous-vivid-orange-color\">Cinco a\u00f1os en el marco pol\u00edtico es una eternidad, desde mi punto de vista. En el tema de uso terap\u00e9utico, tiene que haber posibilidades de aproximarse mucho antes. Cuesta mucho avanzar en cualquier cuesti\u00f3n, tambi\u00e9n debido a un clima de cierta inestabilidad\u201d.<\/span><\/em><\/p>\n\n\n\n<p><em>M\u00e1s informaci\u00f3n sobre las actividades de EAJ-PNV <a href=\"https:\/\/www.eaj-pnv.eus\/es\/\">en su p\u00e1gina web<\/a> o <a href=\"https:\/\/twitter.com\/eajpnv\">en su Twitter<\/a>.<\/em><\/p>\n","protected":false},"excerpt":{"rendered":"<span class=\"span-reading-time rt-reading-time\" style=\"display: block;\"><span class=\"rt-label rt-prefix\">Tiempo de lectura:<\/span> <span class=\"rt-time\"> 5<\/span> <span class=\"rt-label rt-postfix\">minutos<\/span><\/span>Benito D\u00edaz Josune Gorospe Elezkano lleva poco tiempo ocupando un esca\u00f1o en el Congreso de los Diputados. Hace tan solo dos a\u00f1os, comenz\u00f3 su trabajo en representaci\u00f3n del Partido Nacionalista Vasco (EAJ PNV). Desde entonces, han presentado ya dos preguntas, una por escrito y otra en sede parlamentaria, al respecto de la regulaci\u00f3n del Cannabis [&hellip;]","protected":false},"author":3,"featured_media":6967,"comment_status":"closed","ping_status":"closed","sticky":false,"template":"","format":"standard","meta":{"loftocean-featured-post":"","loftocean_post_format_gallery":"","loftocean_post_format_gallery_ids":"","loftocean_post_format_gallery_urls":"","loftocean_post_format_video_id":"","loftocean_post_format_video_url":"","loftocean_post_format_video_type":"","loftocean_post_format_video":"","loftocean_post_format_audio_type":"","loftocean_post_format_audio_url":"","loftocean_post_format_audio_id":"","loftocean_post_format_audio":"","loftocean_post_format_quote_text":"","loftocean_post_format_quote_byline":"","loftocean_post_format_link_text":"","loftocean_post_format_link_url":"","ceramag_post_header_style":"","ceramag_enable_background_video":"","ceramag_show_in_top_slider":"","ceramag_post_background_video_start":"","ceramag_post_background_video_end":"","loftocean_page_background_video_id":"","loftocean_page_background_video_url":"","loftocean_page_background_video_type":"","loftocean_page_background_video":"","ceramag_background_video_start":"","ceramag_background_video_end":"","ceramag_single_page_hide_header":"","footnotes":""},"categories":[33],"tags":[41,52,716,54,1430],"class_list":["post-6966","post","type-post","status-publish","format-standard","has-post-thumbnail","hentry","category-entrevistas","tag-cannabis","tag-cannabis-medicinal","tag-entrevista","tag-legalizacion","tag-politica-2"],"yoast_head":"<!-- This site is optimized with the Yoast SEO plugin v24.9 - https:\/\/yoast.com\/wordpress\/plugins\/seo\/ -->\n<title>Josune Gorospe, EAJ-PNV: \u201cNuestros discursos defendieron la regulaci\u00f3n integral del cannabis\u201d<\/title>\n<meta name=\"description\" content=\"Entrada &#8226; Portal multimedia sobre cannabis y otras sustancias &#8226; 23 abril, 2021\" \/>\n<meta name=\"robots\" content=\"index, follow, max-snippet:-1, max-image-preview:large, max-video-preview:-1\" \/>\n<link rel=\"canonical\" href=\"https:\/\/www.cannabis.es\/pw\/2021\/04\/23\/josune-gorospe-eaj-pnv-nuestros-discursos-defendieron-la-regulacion-integral-del-cannabis\/\" \/>\n<meta name=\"twitter:card\" content=\"summary_large_image\" \/>\n<meta name=\"twitter:title\" content=\"Josune Gorospe, EAJ-PNV: \u201cNuestros discursos defendieron la regulaci\u00f3n integral del cannabis\u201d\" \/>\n<meta name=\"twitter:description\" content=\"Entrada &#8226; Portal multimedia sobre cannabis y otras sustancias &#8226; 23 abril, 2021\" \/>\n<meta name=\"twitter:image\" content=\"https:\/\/www.cannabis.es\/pw\/wp-content\/uploads\/2021\/04\/josune-gorospe.jpg\" \/>\n<meta name=\"twitter:creator\" content=\"@cannabis_es\" \/>\n<meta name=\"twitter:site\" content=\"@cannabis_es\" \/>\n<meta name=\"twitter:label1\" content=\"Escrito por\" \/>\n\t<meta name=\"twitter:data1\" content=\"Cannabis.es\" \/>\n\t<meta name=\"twitter:label2\" content=\"Tiempo de lectura\" \/>\n\t<meta name=\"twitter:data2\" content=\"7 minutos\" \/>\n<script type=\"application\/ld+json\" class=\"yoast-schema-graph\">{\"@context\":\"https:\/\/schema.org\",\"@graph\":[{\"@type\":\"Article\",\"@id\":\"https:\/\/www.cannabis.es\/pw\/2021\/04\/23\/josune-gorospe-eaj-pnv-nuestros-discursos-defendieron-la-regulacion-integral-del-cannabis\/#article\",\"isPartOf\":{\"@id\":\"https:\/\/www.cannabis.es\/pw\/2021\/04\/23\/josune-gorospe-eaj-pnv-nuestros-discursos-defendieron-la-regulacion-integral-del-cannabis\/\"},\"author\":{\"name\":\"Cannabis.es\",\"@id\":\"https:\/\/www.cannabis.es\/pw\/#\/schema\/person\/ec770c03f3e99d770687f537f4ba1e89\"},\"headline\":\"Josune Gorospe, EAJ-PNV: \u201cNuestros discursos defendieron la regulaci\u00f3n integral del cannabis\u201d\",\"datePublished\":\"2021-04-23T10:08:19+00:00\",\"dateModified\":\"2021-04-23T10:08:20+00:00\",\"mainEntityOfPage\":{\"@id\":\"https:\/\/www.cannabis.es\/pw\/2021\/04\/23\/josune-gorospe-eaj-pnv-nuestros-discursos-defendieron-la-regulacion-integral-del-cannabis\/\"},\"wordCount\":1593,\"publisher\":{\"@id\":\"https:\/\/www.cannabis.es\/pw\/#organization\"},\"image\":{\"@id\":\"https:\/\/www.cannabis.es\/pw\/2021\/04\/23\/josune-gorospe-eaj-pnv-nuestros-discursos-defendieron-la-regulacion-integral-del-cannabis\/#primaryimage\"},\"thumbnailUrl\":\"https:\/\/www.cannabis.es\/pw\/wp-content\/uploads\/2021\/04\/josune-gorospe.jpg\",\"keywords\":[\"cannabis\",\"cannabis medicinal\",\"entrevista\",\"legalizaci\u00f3n\",\"politica\"],\"articleSection\":[\"Entrevistas\"],\"inLanguage\":\"es\"},{\"@type\":\"WebPage\",\"@id\":\"https:\/\/www.cannabis.es\/pw\/2021\/04\/23\/josune-gorospe-eaj-pnv-nuestros-discursos-defendieron-la-regulacion-integral-del-cannabis\/\",\"url\":\"https:\/\/www.cannabis.es\/pw\/2021\/04\/23\/josune-gorospe-eaj-pnv-nuestros-discursos-defendieron-la-regulacion-integral-del-cannabis\/\",\"name\":\"Josune Gorospe, EAJ-PNV: \u201cNuestros discursos defendieron la regulaci\u00f3n integral del cannabis\u201d\",\"isPartOf\":{\"@id\":\"https:\/\/www.cannabis.es\/pw\/#website\"},\"primaryImageOfPage\":{\"@id\":\"https:\/\/www.cannabis.es\/pw\/2021\/04\/23\/josune-gorospe-eaj-pnv-nuestros-discursos-defendieron-la-regulacion-integral-del-cannabis\/#primaryimage\"},\"image\":{\"@id\":\"https:\/\/www.cannabis.es\/pw\/2021\/04\/23\/josune-gorospe-eaj-pnv-nuestros-discursos-defendieron-la-regulacion-integral-del-cannabis\/#primaryimage\"},\"thumbnailUrl\":\"https:\/\/www.cannabis.es\/pw\/wp-content\/uploads\/2021\/04\/josune-gorospe.jpg\",\"datePublished\":\"2021-04-23T10:08:19+00:00\",\"dateModified\":\"2021-04-23T10:08:20+00:00\",\"description\":\"Entrada &#8226; Portal multimedia sobre cannabis y otras sustancias &#8226; 23 abril, 2021\",\"breadcrumb\":{\"@id\":\"https:\/\/www.cannabis.es\/pw\/2021\/04\/23\/josune-gorospe-eaj-pnv-nuestros-discursos-defendieron-la-regulacion-integral-del-cannabis\/#breadcrumb\"},\"inLanguage\":\"es\",\"potentialAction\":[{\"@type\":\"ReadAction\",\"target\":[\"https:\/\/www.cannabis.es\/pw\/2021\/04\/23\/josune-gorospe-eaj-pnv-nuestros-discursos-defendieron-la-regulacion-integral-del-cannabis\/\"]}]},{\"@type\":\"ImageObject\",\"inLanguage\":\"es\",\"@id\":\"https:\/\/www.cannabis.es\/pw\/2021\/04\/23\/josune-gorospe-eaj-pnv-nuestros-discursos-defendieron-la-regulacion-integral-del-cannabis\/#primaryimage\",\"url\":\"https:\/\/www.cannabis.es\/pw\/wp-content\/uploads\/2021\/04\/josune-gorospe.jpg\",\"contentUrl\":\"https:\/\/www.cannabis.es\/pw\/wp-content\/uploads\/2021\/04\/josune-gorospe.jpg\",\"width\":804,\"height\":532},{\"@type\":\"BreadcrumbList\",\"@id\":\"https:\/\/www.cannabis.es\/pw\/2021\/04\/23\/josune-gorospe-eaj-pnv-nuestros-discursos-defendieron-la-regulacion-integral-del-cannabis\/#breadcrumb\",\"itemListElement\":[{\"@type\":\"ListItem\",\"position\":1,\"name\":\"Portada\",\"item\":\"http:\/\/www.cannabis.es\/pw\/\"},{\"@type\":\"ListItem\",\"position\":2,\"name\":\"Josune Gorospe, EAJ-PNV: \u201cNuestros discursos defendieron la regulaci\u00f3n integral del cannabis\u201d\"}]},{\"@type\":\"WebSite\",\"@id\":\"https:\/\/www.cannabis.es\/pw\/#website\",\"url\":\"https:\/\/www.cannabis.es\/pw\/\",\"name\":\"Cannabis\",\"description\":\"Portal multimedia sobre cannabis y otras sustancias\",\"publisher\":{\"@id\":\"https:\/\/www.cannabis.es\/pw\/#organization\"},\"potentialAction\":[{\"@type\":\"SearchAction\",\"target\":{\"@type\":\"EntryPoint\",\"urlTemplate\":\"https:\/\/www.cannabis.es\/pw\/?s={search_term_string}\"},\"query-input\":{\"@type\":\"PropertyValueSpecification\",\"valueRequired\":true,\"valueName\":\"search_term_string\"}}],\"inLanguage\":\"es\"},{\"@type\":\"Organization\",\"@id\":\"https:\/\/www.cannabis.es\/pw\/#organization\",\"name\":\"Cannabis.es\",\"url\":\"https:\/\/www.cannabis.es\/pw\/\",\"logo\":{\"@type\":\"ImageObject\",\"inLanguage\":\"es\",\"@id\":\"https:\/\/www.cannabis.es\/pw\/#\/schema\/logo\/image\/\",\"url\":\"https:\/\/www.cannabis.es\/pw\/wp-content\/uploads\/2019\/04\/cropped-logo_cannabis.png\",\"contentUrl\":\"https:\/\/www.cannabis.es\/pw\/wp-content\/uploads\/2019\/04\/cropped-logo_cannabis.png\",\"width\":361,\"height\":120,\"caption\":\"Cannabis.es\"},\"image\":{\"@id\":\"https:\/\/www.cannabis.es\/pw\/#\/schema\/logo\/image\/\"},\"sameAs\":[\"https:\/\/x.com\/cannabis_es\"]},{\"@type\":\"Person\",\"@id\":\"https:\/\/www.cannabis.es\/pw\/#\/schema\/person\/ec770c03f3e99d770687f537f4ba1e89\",\"name\":\"Cannabis.es\",\"image\":{\"@type\":\"ImageObject\",\"inLanguage\":\"es\",\"@id\":\"https:\/\/www.cannabis.es\/pw\/#\/schema\/person\/image\/\",\"url\":\"https:\/\/secure.gravatar.com\/avatar\/810c93a3d6fadc3d9c2665b1d919a4aedea8ed4dd63689d001e985a804e90d83?s=96&d=mm&r=g\",\"contentUrl\":\"https:\/\/secure.gravatar.com\/avatar\/810c93a3d6fadc3d9c2665b1d919a4aedea8ed4dd63689d001e985a804e90d83?s=96&d=mm&r=g\",\"caption\":\"Cannabis.es\"},\"url\":\"https:\/\/www.cannabis.es\/pw\/author\/arnau\/\"}]}<\/script>\n<!-- \/ Yoast SEO plugin. -->","yoast_head_json":{"title":"Josune Gorospe, EAJ-PNV: \u201cNuestros discursos defendieron la regulaci\u00f3n integral del cannabis\u201d","description":"Entrada &#8226; Portal multimedia sobre cannabis y otras sustancias &#8226; 23 abril, 2021","robots":{"index":"index","follow":"follow","max-snippet":"max-snippet:-1","max-image-preview":"max-image-preview:large","max-video-preview":"max-video-preview:-1"},"canonical":"https:\/\/www.cannabis.es\/pw\/2021\/04\/23\/josune-gorospe-eaj-pnv-nuestros-discursos-defendieron-la-regulacion-integral-del-cannabis\/","twitter_card":"summary_large_image","twitter_title":"Josune Gorospe, EAJ-PNV: \u201cNuestros discursos defendieron la regulaci\u00f3n integral del cannabis\u201d","twitter_description":"Entrada &#8226; Portal multimedia sobre cannabis y otras sustancias &#8226; 23 abril, 2021","twitter_image":"https:\/\/www.cannabis.es\/pw\/wp-content\/uploads\/2021\/04\/josune-gorospe.jpg","twitter_creator":"@cannabis_es","twitter_site":"@cannabis_es","twitter_misc":{"Escrito por":"Cannabis.es","Tiempo de lectura":"7 minutos"},"schema":{"@context":"https:\/\/schema.org","@graph":[{"@type":"Article","@id":"https:\/\/www.cannabis.es\/pw\/2021\/04\/23\/josune-gorospe-eaj-pnv-nuestros-discursos-defendieron-la-regulacion-integral-del-cannabis\/#article","isPartOf":{"@id":"https:\/\/www.cannabis.es\/pw\/2021\/04\/23\/josune-gorospe-eaj-pnv-nuestros-discursos-defendieron-la-regulacion-integral-del-cannabis\/"},"author":{"name":"Cannabis.es","@id":"https:\/\/www.cannabis.es\/pw\/#\/schema\/person\/ec770c03f3e99d770687f537f4ba1e89"},"headline":"Josune Gorospe, EAJ-PNV: \u201cNuestros discursos defendieron la regulaci\u00f3n integral del cannabis\u201d","datePublished":"2021-04-23T10:08:19+00:00","dateModified":"2021-04-23T10:08:20+00:00","mainEntityOfPage":{"@id":"https:\/\/www.cannabis.es\/pw\/2021\/04\/23\/josune-gorospe-eaj-pnv-nuestros-discursos-defendieron-la-regulacion-integral-del-cannabis\/"},"wordCount":1593,"publisher":{"@id":"https:\/\/www.cannabis.es\/pw\/#organization"},"image":{"@id":"https:\/\/www.cannabis.es\/pw\/2021\/04\/23\/josune-gorospe-eaj-pnv-nuestros-discursos-defendieron-la-regulacion-integral-del-cannabis\/#primaryimage"},"thumbnailUrl":"https:\/\/www.cannabis.es\/pw\/wp-content\/uploads\/2021\/04\/josune-gorospe.jpg","keywords":["cannabis","cannabis medicinal","entrevista","legalizaci\u00f3n","politica"],"articleSection":["Entrevistas"],"inLanguage":"es"},{"@type":"WebPage","@id":"https:\/\/www.cannabis.es\/pw\/2021\/04\/23\/josune-gorospe-eaj-pnv-nuestros-discursos-defendieron-la-regulacion-integral-del-cannabis\/","url":"https:\/\/www.cannabis.es\/pw\/2021\/04\/23\/josune-gorospe-eaj-pnv-nuestros-discursos-defendieron-la-regulacion-integral-del-cannabis\/","name":"Josune Gorospe, EAJ-PNV: \u201cNuestros discursos defendieron la regulaci\u00f3n integral del cannabis\u201d","isPartOf":{"@id":"https:\/\/www.cannabis.es\/pw\/#website"},"primaryImageOfPage":{"@id":"https:\/\/www.cannabis.es\/pw\/2021\/04\/23\/josune-gorospe-eaj-pnv-nuestros-discursos-defendieron-la-regulacion-integral-del-cannabis\/#primaryimage"},"image":{"@id":"https:\/\/www.cannabis.es\/pw\/2021\/04\/23\/josune-gorospe-eaj-pnv-nuestros-discursos-defendieron-la-regulacion-integral-del-cannabis\/#primaryimage"},"thumbnailUrl":"https:\/\/www.cannabis.es\/pw\/wp-content\/uploads\/2021\/04\/josune-gorospe.jpg","datePublished":"2021-04-23T10:08:19+00:00","dateModified":"2021-04-23T10:08:20+00:00","description":"Entrada &#8226; Portal multimedia sobre cannabis y otras sustancias &#8226; 23 abril, 2021","breadcrumb":{"@id":"https:\/\/www.cannabis.es\/pw\/2021\/04\/23\/josune-gorospe-eaj-pnv-nuestros-discursos-defendieron-la-regulacion-integral-del-cannabis\/#breadcrumb"},"inLanguage":"es","potentialAction":[{"@type":"ReadAction","target":["https:\/\/www.cannabis.es\/pw\/2021\/04\/23\/josune-gorospe-eaj-pnv-nuestros-discursos-defendieron-la-regulacion-integral-del-cannabis\/"]}]},{"@type":"ImageObject","inLanguage":"es","@id":"https:\/\/www.cannabis.es\/pw\/2021\/04\/23\/josune-gorospe-eaj-pnv-nuestros-discursos-defendieron-la-regulacion-integral-del-cannabis\/#primaryimage","url":"https:\/\/www.cannabis.es\/pw\/wp-content\/uploads\/2021\/04\/josune-gorospe.jpg","contentUrl":"https:\/\/www.cannabis.es\/pw\/wp-content\/uploads\/2021\/04\/josune-gorospe.jpg","width":804,"height":532},{"@type":"BreadcrumbList","@id":"https:\/\/www.cannabis.es\/pw\/2021\/04\/23\/josune-gorospe-eaj-pnv-nuestros-discursos-defendieron-la-regulacion-integral-del-cannabis\/#breadcrumb","itemListElement":[{"@type":"ListItem","position":1,"name":"Portada","item":"http:\/\/www.cannabis.es\/pw\/"},{"@type":"ListItem","position":2,"name":"Josune Gorospe, EAJ-PNV: \u201cNuestros discursos defendieron la regulaci\u00f3n integral del cannabis\u201d"}]},{"@type":"WebSite","@id":"https:\/\/www.cannabis.es\/pw\/#website","url":"https:\/\/www.cannabis.es\/pw\/","name":"Cannabis","description":"Portal multimedia sobre cannabis y otras sustancias","publisher":{"@id":"https:\/\/www.cannabis.es\/pw\/#organization"},"potentialAction":[{"@type":"SearchAction","target":{"@type":"EntryPoint","urlTemplate":"https:\/\/www.cannabis.es\/pw\/?s={search_term_string}"},"query-input":{"@type":"PropertyValueSpecification","valueRequired":true,"valueName":"search_term_string"}}],"inLanguage":"es"},{"@type":"Organization","@id":"https:\/\/www.cannabis.es\/pw\/#organization","name":"Cannabis.es","url":"https:\/\/www.cannabis.es\/pw\/","logo":{"@type":"ImageObject","inLanguage":"es","@id":"https:\/\/www.cannabis.es\/pw\/#\/schema\/logo\/image\/","url":"https:\/\/www.cannabis.es\/pw\/wp-content\/uploads\/2019\/04\/cropped-logo_cannabis.png","contentUrl":"https:\/\/www.cannabis.es\/pw\/wp-content\/uploads\/2019\/04\/cropped-logo_cannabis.png","width":361,"height":120,"caption":"Cannabis.es"},"image":{"@id":"https:\/\/www.cannabis.es\/pw\/#\/schema\/logo\/image\/"},"sameAs":["https:\/\/x.com\/cannabis_es"]},{"@type":"Person","@id":"https:\/\/www.cannabis.es\/pw\/#\/schema\/person\/ec770c03f3e99d770687f537f4ba1e89","name":"Cannabis.es","image":{"@type":"ImageObject","inLanguage":"es","@id":"https:\/\/www.cannabis.es\/pw\/#\/schema\/person\/image\/","url":"https:\/\/secure.gravatar.com\/avatar\/810c93a3d6fadc3d9c2665b1d919a4aedea8ed4dd63689d001e985a804e90d83?s=96&d=mm&r=g","contentUrl":"https:\/\/secure.gravatar.com\/avatar\/810c93a3d6fadc3d9c2665b1d919a4aedea8ed4dd63689d001e985a804e90d83?s=96&d=mm&r=g","caption":"Cannabis.es"},"url":"https:\/\/www.cannabis.es\/pw\/author\/arnau\/"}]}},"_links":{"self":[{"href":"https:\/\/www.cannabis.es\/pw\/wp-json\/wp\/v2\/posts\/6966","targetHints":{"allow":["GET"]}}],"collection":[{"href":"https:\/\/www.cannabis.es\/pw\/wp-json\/wp\/v2\/posts"}],"about":[{"href":"https:\/\/www.cannabis.es\/pw\/wp-json\/wp\/v2\/types\/post"}],"author":[{"embeddable":true,"href":"https:\/\/www.cannabis.es\/pw\/wp-json\/wp\/v2\/users\/3"}],"replies":[{"embeddable":true,"href":"https:\/\/www.cannabis.es\/pw\/wp-json\/wp\/v2\/comments?post=6966"}],"version-history":[{"count":1,"href":"https:\/\/www.cannabis.es\/pw\/wp-json\/wp\/v2\/posts\/6966\/revisions"}],"predecessor-version":[{"id":6968,"href":"https:\/\/www.cannabis.es\/pw\/wp-json\/wp\/v2\/posts\/6966\/revisions\/6968"}],"wp:featuredmedia":[{"embeddable":true,"href":"https:\/\/www.cannabis.es\/pw\/wp-json\/wp\/v2\/media\/6967"}],"wp:attachment":[{"href":"https:\/\/www.cannabis.es\/pw\/wp-json\/wp\/v2\/media?parent=6966"}],"wp:term":[{"taxonomy":"category","embeddable":true,"href":"https:\/\/www.cannabis.es\/pw\/wp-json\/wp\/v2\/categories?post=6966"},{"taxonomy":"post_tag","embeddable":true,"href":"https:\/\/www.cannabis.es\/pw\/wp-json\/wp\/v2\/tags?post=6966"}],"curies":[{"name":"wp","href":"https:\/\/api.w.org\/{rel}","templated":true}]}}