{"id":6974,"date":"2021-05-03T11:45:28","date_gmt":"2021-05-03T09:45:28","guid":{"rendered":"https:\/\/www.cannabis.es\/pw\/?p=6974"},"modified":"2021-05-04T10:10:15","modified_gmt":"2021-05-04T08:10:15","slug":"portavoz-del-senado-de-mexico-la-marihuana-se-vende-en-la-esquina-entre-reformas","status":"publish","type":"post","link":"https:\/\/www.cannabis.es\/pw\/2021\/05\/03\/portavoz-del-senado-de-mexico-la-marihuana-se-vende-en-la-esquina-entre-reformas\/","title":{"rendered":"Portavoz del Senado de M\u00e9xico: \u00abLa marihuana se vende en la esquina entre reformas\u00bb"},"content":{"rendered":"\n<p>Arnau Alcaide<br><br>El pasado viernes 30 de abril venc\u00eda el per\u00edodo dado en M\u00e9xico por la Justicia para que el legislativo regulase el cannabis, es decir, hiciese las reformas legales que eliminen la inconstitucionalidad de penar la Cannabis en el espacio de las libertades individuales y aquello que es privado y no una cuesti\u00f3n de salud p\u00fablica. Aunque en otras ocasiones el legislativo solicit\u00f3 una pr\u00f3rroga a la Suprema Corte de Justicia para no incumplir, no lo ha hecho una cuarta vez, sembrando la duda sobre si en lugar de regulaci\u00f3n habr\u00e1 simplemente eliminaci\u00f3n de los apartados de la ley que penan la planta por parte de la Justicia.<\/p>\n\n\n\n<p>La regulaci\u00f3n deb\u00eda producirse por obligaci\u00f3n, pues los fallos repetidos de la justicia en una misma direcci\u00f3n son vinculantes en M\u00e9xico y obligan a regular, pero la regulaci\u00f3n del cannabis lleva demor\u00e1ndose m\u00e1s que cualquier otra. Y es que all\u00ed, por indicaci\u00f3n de la justicia,<a href=\"https:\/\/www.cannabis.es\/pw\/2015\/11\/10\/mexico-legaliza-el-cannabis\/\"> es inconstitucional penar el uso personal adulto, una situaci\u00f3n que se puso sobre la mesa ya en 2015.<\/a><\/p>\n\n\n\n<p>Los colectivos, que criticaron la versi\u00f3n pendiente de aprobaci\u00f3n y ven\u00edan acompa\u00f1ando con propuestas, modificaciones y pidiendo la participaci\u00f3n ciudadana en el proceso de consulta abierta por Internet, corrieron a pedir su aprobaci\u00f3n de urgencia desde abril, al ver la sombra de una cuarta pr\u00f3rroga, lanzando el lema \u00abNi una pr\u00f3rroga m\u00e1s\u00bb y abogando por mejorar la regulaci\u00f3n en adelante pero dar ya el gran avance de aprobarla. <\/p>\n\n\n\n<p>Pero se agotaba el tiempo y no se hablaba de aprobaci\u00f3n. Entonces desde la posici\u00f3n de los colectivos se aclar\u00f3 que una pr\u00f3rroga segu\u00eda siendo mejor para una mejor regulaci\u00f3n que la eliminaci\u00f3n de los art\u00edculos que la penan en el uso adulto, nos explic\u00f3 a las puertas del vencimiento la activista de Regulaci\u00f3n por la Paz y ReverdeSer Colectivo, Amaya Ordorika.  De solamente eliminarse los art\u00edculos, pero no habilitarse la producci\u00f3n, quedar\u00edan expuestos apartados de la regulaci\u00f3n para la agricultura local, que se ver\u00eda excluida, a diferencia de las empresas que ya producen licenciadas por la<a href=\"https:\/\/www.cannabis.es\/pw\/2020\/08\/27\/mexico-reglamenta-la-produccion-y-abastecimiento-medicinal-sin-autocultivo-ni-flor\/\"> Ley General de Salud.<\/a><\/p>\n\n\n\n<figure class=\"wp-block-image size-large\"><img loading=\"lazy\" decoding=\"async\" width=\"804\" height=\"532\" src=\"https:\/\/www.cannabis.es\/pw\/wp-content\/uploads\/2021\/05\/4a-prorroga-mexico.jpg\" alt=\"\" class=\"wp-image-7001\" srcset=\"https:\/\/www.cannabis.es\/pw\/wp-content\/uploads\/2021\/05\/4a-prorroga-mexico.jpg 804w, https:\/\/www.cannabis.es\/pw\/wp-content\/uploads\/2021\/05\/4a-prorroga-mexico-300x199.jpg 300w, https:\/\/www.cannabis.es\/pw\/wp-content\/uploads\/2021\/05\/4a-prorroga-mexico-768x508.jpg 768w, https:\/\/www.cannabis.es\/pw\/wp-content\/uploads\/2021\/05\/4a-prorroga-mexico-600x397.jpg 600w\" sizes=\"auto, (max-width: 804px) 100vw, 804px\" \/><\/figure>\n\n\n\n<h2 class=\"wp-block-heading\">Sigue el castigo contra la voluntad del movimiento civil<\/h2>\n\n\n\n<p>Pese a la aprobaci\u00f3n de la ley medicinal, <a href=\"https:\/\/www.cannabis.es\/pw\/2020\/08\/27\/mexico-reglamenta-la-produccion-y-abastecimiento-medicinal-sin-autocultivo-ni-flor\/\">esta solo reconoc\u00eda la producci\u00f3n y abastecimiento por la v\u00eda farmac\u00e9utica y dejaba a fuera a pacientes<\/a> que autocultivan, la mayor\u00eda, que seguir\u00e1n bajo persecuci\u00f3n como el grueso del usuariado. Por este motivo, <a href=\"https:\/\/www.cannabis.es\/pw\/2020\/04\/15\/la-legalizacion-en-mexico-topa-el-coronavirus-aventurando-la-segunda-prorroga\/\">como nos manifest\u00f3 Amaya Ordorika en el pasado, prefieren una redacci\u00f3n por el poder legislativo<\/a>, y en esta situaci\u00f3n prefer\u00edan que la ley saliese adelante ya amparando el consumo, aunque con inconstitucionalidades que no se llegan a corregir, y se fuese ampliando en el futuro. Un escenario que el Senado rechaz\u00f3, diciendo qu devolver\u00e1 la ley con modificaciones a la C\u00e1mara de Diputados y agotando el tiempo disponible. As\u00ed lo planteaba el Portavoz <a href=\"https:\/\/www.cannabis.es\/pw\/2020\/03\/13\/encuentra-donde-fumar-tranquilo-y-disfruta-de-tabasco-una-entrevista-al-dirigente-morena\/\">Morena<\/a> en el Senado, Ricardo Monreal, adelantando<a href=\"https:\/\/twitter.com\/MexicoRegula\/status\/1388130666374647808\"> que cabr\u00eda la posibilidad de devolverla a la C\u00e1mara de Diputados en el siguiente per\u00edodo legislativo<\/a>, pero no ha iniciado la petici\u00f3n de pr\u00f3rroga. <em>\u00abLa marihuana se vende en la esquina entre reformas\u00bb<\/em>, bromeaba.<\/p>\n\n\n\n<figure class=\"wp-block-image size-large\"><img loading=\"lazy\" decoding=\"async\" width=\"760\" height=\"333\" src=\"https:\/\/www.cannabis.es\/pw\/wp-content\/uploads\/2021\/04\/image-6.png\" alt=\"\" class=\"wp-image-6975\" srcset=\"https:\/\/www.cannabis.es\/pw\/wp-content\/uploads\/2021\/04\/image-6.png 760w, https:\/\/www.cannabis.es\/pw\/wp-content\/uploads\/2021\/04\/image-6-300x131.png 300w, https:\/\/www.cannabis.es\/pw\/wp-content\/uploads\/2021\/04\/image-6-600x263.png 600w\" sizes=\"auto, (max-width: 760px) 100vw, 760px\" \/><figcaption>El Instituto de Estad\u00edstica Mexicano revela que el 82.7% del total de delitos en M\u00e9xico es por narcomenudeo, el delito con el que se criminaliza principalmente la posesi\u00f3n simple. La cifra corresponde a los delitos procesados en los estados federados, que se encargan de la gran mayor\u00eda.<\/figcaption><\/figure>\n\n\n\n<figure class=\"wp-block-image size-large\"><img loading=\"lazy\" decoding=\"async\" width=\"792\" height=\"506\" src=\"https:\/\/www.cannabis.es\/pw\/wp-content\/uploads\/2021\/04\/image-8.png\" alt=\"\" class=\"wp-image-6977\" srcset=\"https:\/\/www.cannabis.es\/pw\/wp-content\/uploads\/2021\/04\/image-8.png 792w, https:\/\/www.cannabis.es\/pw\/wp-content\/uploads\/2021\/04\/image-8-300x192.png 300w, https:\/\/www.cannabis.es\/pw\/wp-content\/uploads\/2021\/04\/image-8-768x491.png 768w, https:\/\/www.cannabis.es\/pw\/wp-content\/uploads\/2021\/04\/image-8-600x383.png 600w\" sizes=\"auto, (max-width: 792px) 100vw, 792px\" \/><figcaption>En M\u00e9xico, m\u00e1s de 4 de cada 5 personas condenadas por narcomenudeo simplemente pose\u00edan cannabis u otra sustancia en 2018, una crecida descomunal en el aspecto inconstitucional de penar el uso personal de la planta respecto de 2016.<\/figcaption><\/figure>\n\n\n\n<h2 class=\"wp-block-heading\">Prisi\u00f3n preventiva sufrida por 90.000 personas a final de 2020<\/h2>\n\n\n\n<p>El digital local Animal Pol\u00edtica denunciaba <strong>al final de 2020 que hay 90.000 personas en prisi\u00f3n preventiva<\/strong> en el pa\u00eds pendientes de juicio por delitos como el de posesi\u00f3n simple. El a\u00f1o pasado, <strong>la poblaci\u00f3n encarcelada aument\u00f3 un 7%<\/strong> en el pa\u00eds, seg\u00fan datos de la Oficina de Readaptaci\u00f3n (OADPRS).<\/p>\n\n\n\n<h2 class=\"wp-block-heading\">Primer motivo de delito para mujeres y primera causa de c\u00e1rcel<\/h2>\n\n\n\n<p>\u00abCabe resaltar que en 2018, el estado de M\u00e9xico concentr\u00f3 57% del total de mujeres a las que se inici\u00f3 investigaci\u00f3n por la probable comisi\u00f3n de alg\u00fan delito de narcomenudeo en el pa\u00eds\u00bb, <a href=\"https:\/\/www.inegi.org.mx\/contenidos\/saladeprensa\/aproposito\/2020\/LUCHAVSDROGAS20.pdf\">cita el informe<\/a> de su Instituto de Estad\u00edstica. Pese a que ha incrementado mucho m\u00e1s el n\u00famero de hombres que reciben este tipo de delitos, no de forma relativa con el total que delinque. En el pa\u00eds, 5 de cada 10 mujeres presas lo est\u00e1 por un delito relacionado con las drogas.<\/p>\n\n\n\n<h2 class=\"wp-block-heading\"><strong>Un largo \u00abno vamos a llegar\u00bb<\/strong><\/h2>\n\n\n\n<p>El coordinador Morena, el partido en el Gobierno, en el Senado y a las funciones de portavoz, Ricardo Monreal, viene pronunci\u00e1ndose a lo largo de abril: <em>\u00abLa Ley para la Regulaci\u00f3n del Cannabis debe ser revisada y valorada en su impacto social. El Senado Mexicano est\u00e1 obligado a dotar de una ley moderna, de avanzada y con buena aceptaci\u00f3n.<strong> No nos precipitaremos; actuaremos con cautela<\/strong>. Es un ordenamiento fundamental que debe nacer\u00bb.\u00bbEst\u00e1 el Senado dividido, mitad a favor mitad en contra y quiero una mayor\u00eda amplia\u00bb, declaraba en la rueda de prensa que levantar\u00eda las alarmas sobre la nueva petici\u00f3n de la pr\u00f3rroga. \u00abLa ley nos ha llegado con incongruencias del Congreso y pido una pausa y un momento para legislar sobre la materia en el pr\u00f3ximo per\u00edodo. Hay intereses, industriales, comerciales&#8230;y el Senado no puede legislar bajo presi\u00f3n\u00bb.<\/em><\/p>\n\n\n\n<p><em><strong>\u00abSi el poder legislativo [&#8230;] no concluye [&#8230;], la Corte tiene varias alternativas: concederle el plazo solicitado o continuar su procedimiento de declaratoria general de inconstitucionalidad. En ese caso, el expediente se torna a un ministro de la Corte para elaborar una declaraci\u00f3n de inconstitucionalidad de los cinco art\u00edculos [que penan el cannabis] de la Ley General de Salud\u00bb<\/strong><\/em><strong>, y esta declaraci\u00f3n debe ser aprobada por la unanimidad de los 8 ministros de la Corte. <\/strong><em>\u00abPero no tiene capacidad jur\u00eddica la Corte para sancionar al Legislativo\u00bb<\/em>, una reivindiciaci\u00f3n de la prensa nacional para la independencia de los poderes que est\u00e1 en entredicho.<\/p>\n\n\n\n<p><em>\u00abEs tan trascendental que no debe haber precipitaci\u00f3n y son las comisones y el pleno quienes van a tomar la decisi\u00f3n de solicitar la pr\u00f3rroga. Si no se presentara o no se aceptara, la Corte est\u00e1 en todo su derecho de iniciar el procedimiento de la declaratoria de inconstitucionalidad. Pero yo prefiero no precipar las cosas, ponderarlas y no hacer una mala ley. Necesitamos que resuelva los problemas planteados por colectivos, ciudadanos, consumidores, industriales y la sociedad en general\u00bb<\/em>, declar\u00f3 el mismo Monreal posteriormente, que <strong>reivindicaba la versi\u00f3n previa del Senado respecto de la modificada en la C\u00e1mara de Diputados<\/strong>, que es la que ha recibido avisos de inconstitucionalidad del Senado sobre los cambios realizados, m\u00e1s en l\u00ednea con los comentarios de los colectivos.<br><br>Finalmente, la Comisi\u00f3n de Salud en el Senado aplaz\u00f3 el 22 de abril el dictamen sobre la ley que llegaba con las modificaciones de la C\u00e1mara de Diputados, lo que dejar\u00eda todo servido para la decisi\u00f3n de la Corte, una pr\u00f3rroga a posteriori del vencimiento como ocurri\u00f3 con la Ley General de Salud o una excepcionalidad de gracia para que las enmiendas se resuelvan en el siguiente per\u00edodo legislativo.<\/p>\n\n\n\n<h2 class=\"wp-block-heading\">Morena necesitaba al PRD o MC para la mayor\u00eda absoluta en el Senado<\/h2>\n\n\n\n<p>El coordinador del Partido de la Revoluci\u00f3n Democr\u00e1tica en la c\u00e1mara alta y uno de sus cuatro senadores, Miguel \u00c1ngel Mancera, expres\u00f3 que en esos \u00abt\u00e9rminos\u00bb, el \u00abdictamen\u00bb que regula la Cannabis \u00abafecta a los Derechos Humanos\u00bb y que se abstendr\u00e1n en la votaci\u00f3n de aprobaci\u00f3n de la norma para hacer \u00ablas reservas que eviten su inconstitucionalidad\u00bb. El PRD es el partido de centro-izquierda del que se escindieron Obrador y otros a comienzos del milenio y que terminar\u00edan dando lugar a Morena. As\u00ed, este partido es protagonista entre los aliados deseados con reservas de Morena.<\/p>\n\n\n\n<p><em>\u00abHemos denunciado p\u00fablicamente, y de manera reiterada, que la minuta contiene elementos que vulneran los derechos de personas usuarias, vendedoras al menudeo y cultivadoras de cannabis, desde la versi\u00f3n aprobada en el Senado. Sin embargo, no percibimos un panorama pol\u00edtico y procedimental en el cual se puedan realizar las debidas modificaciones ya que la mayor parte de las ya realizadas a la fecha han ido en detrimento de los derechos de las comunidades antes se\u00f1aladas y en beneficio del gran capital nacional y extranjero. Debido a esto hacemos hincapi\u00e9 en la importancia de que este proceso sea completado antes del 30 de abril, fecha de t\u00e9rmino del \u00faltimo plazo otorgado por la SCJN\u00bb<\/em>, manten\u00eda el senador del PRD.<\/p>\n\n\n\n<p><em>\u00abPor lo anterior, manifestamos que sin lugar a dudas es mejor una regulaci\u00f3n perfectible que una prohibici\u00f3n perpetua y hacemos un llamado al Senado de la Rep\u00fablica a finalizar este proceso antes de que se cumpla el plazo establecido por la SCJN sin solicitar m\u00e1s pr\u00f3rrogas. As\u00ed mismo, extendemos este llamado a las y los ministros de la Corte a negar cualquier nueva solicitud de pr\u00f3rroga para este proceso\u00bb<\/em>, sostuvo Mancera.<\/p>\n\n\n\n<p>Una de las ocho senadoras de <strong>Movimiento Ciudadano,<\/strong> Patricia Mercado, del conocido aqu\u00ed como Movimiento Naranja,<strong> ha \u00abdefendido\u00bb la posici\u00f3n de \u00abaprobar la regulaci\u00f3n del cannabis que hay hasta ahora para dar un paso hacia el fin de la prohibici\u00f3n y seguir legislando para mejorarla\u00bb<\/strong>. Y destaca que ante el escenario contrario en el que \u00abel Congreso\u00bb solicitase \u00abuna nueva pr\u00f3rroga a la SCJN\u00bb, que fuese para \u00abrealmente despenalizar con enfoque de Derechos Humanos\u00bb, en l\u00ednea con los colectivos.<\/p>\n\n\n\n<p>La activista Zara Snapp ya se consternaba el 8 de abril:<em> \u00abVan a solicitar y otorgar la pr\u00f3rroga, otra vez. Que decepci\u00f3n. Que decepci\u00f3n. Pero nosotros no paramos, construyamos un nuevo proyecto de regulaci\u00f3n de cannabis para M\u00e9xico. Derechos humanos y justicia social\u00bb<\/em>. Amaya Ordorika ya no consideraba una buena idea en la segunda pr\u00f3rroga de abril del a\u00f1o pasado, motivada tambi\u00e9n por la suspensi\u00f3n de la actividad legislativa ante el coronavirus, que se aprobase una ley por la v\u00eda de la inconstitucionalidad, porque dejar\u00eda muchas preguntas abiertas y problemas en su aplicaci\u00f3n efectiva. Desde Regulaci\u00f3nPorLaPaz han sostenido todo este tiempo que m\u00e1s vale una ley imperfecta que una prohibici\u00f3n perpetua, pidiendo al Senado que agilice y apruebe lo que pueda para no eternizarlo.<\/p>\n\n\n\n<p><em>\u00abNo tiene sentido que no satisfaga a la mayor\u00eda\u00bb<\/em>, asegur\u00f3 no obstante Monreal. <em>\u00abSi hay inconformidad [&#8230;], incluso inconstitucionalidad [&#8230;]. Es como decir, &#8216;est\u00e1 muy mal la ley pero a\u00fan as\u00ed la vamos a aprobar&#8217;. \u00bfSi est\u00e1n muy mal las inconsistencias, por qu\u00e9 no las arreglamos?<\/em>\u00ab, respond\u00eda a un periodista nacional en rueda de prensa hecha p\u00fablica. Seg\u00fan sus \u00faltimas declaraciones, querr\u00edan satisfacer a los colectivos mediante el arreglo de la ley en el siguiente per\u00edodo de sesiones legislativas, pero eso no era uno de los escenarios que \u00e9l mismo hab\u00eda contemplado en el pasado, pues asegur\u00f3 que, de no conceder la pr\u00f3rroga, y no la han pedido, la Suprema Corte de Justica proceder\u00eda a la declaratoria de inconstitucionalidad.<\/p>\n\n\n\n<h2 class=\"wp-block-heading\"><strong>Portavoz Morena en el Senado para el Universal, el m\u00e1s le\u00eddo de M\u00e9xico<\/strong><\/h2>\n\n\n\n<p>En el avance de la que ser\u00eda esta pr\u00f3rroga, Ricardo Monreal escribi\u00f3 para el diario en papel m\u00e1s le\u00eddo del pa\u00eds, el Universal, una columna desde su posici\u00f3n como portavoz Morena del Senado de la Rep\u00fablica:<\/p>\n\n\n\n<p><em>Resulta fundamental continuar discutiendo el contenido de esta necesaria regulaci\u00f3n y lograr consenso para su aprobaci\u00f3n, lo que podr\u00eda resultar m\u00e1s complejo con las modificaciones hechas por la C\u00e1mara de Diputados, que han despertado inquietudes en torno a su constitucionalidad, por lo que el Senado no puede allanarse a ellas, en el entendido de que el sentido mismo de la regulaci\u00f3n es generar armon\u00eda con el orden constitucional, como lo notific\u00f3 el Poder Judicial. Seg\u00fan establece el art\u00edculo 72 de la Carta Magna, si los cambios hechos por la C\u00e1mara Baja son reprobados por el Senado, como C\u00e1mara de origen, volver\u00e1n a aqu\u00e9lla para que reconsidere sus razones.<\/em><\/p>\n\n\n\n<p><em>En este caso, nos encontrar\u00edamos nuevamente ante una disyuntiva: si las diputadas y los diputados, en su reconsideraci\u00f3n, desecharan las modificaciones que hab\u00edan propuesto, el proyecto, en lo que haya sido aprobado por ambas c\u00e1maras, pasar\u00eda al Ejecutivo para su publicaci\u00f3n; en caso contrario, todo el proyecto no volver\u00e1 a presentarse, sino hasta el siguiente periodo de sesiones.<\/em><\/p>\n\n\n\n<p><em>Debido a ello, es primordial fomentar el di\u00e1logo y generar acuerdos entre los distintos grupos parlamentarios de ambas c\u00e1maras, pues esta legislaci\u00f3n es urgente y tendr\u00e1 amplios beneficios tanto para el fortalecimiento del Estado de derecho como para la econom\u00eda.<\/em><\/p>\n\n\n\n<p><em>Con templanza, mesura y sin presiones, el Congreso de la Uni\u00f3n podr\u00e1 ofrecer a la naci\u00f3n una regulaci\u00f3n integral, moderna y responsable para el uso del cannabis.<\/em><\/p>\n","protected":false},"excerpt":{"rendered":"<span class=\"span-reading-time rt-reading-time\" style=\"display: block;\"><span class=\"rt-label rt-prefix\">Tiempo de lectura:<\/span> <span class=\"rt-time\"> 7<\/span> <span class=\"rt-label rt-postfix\">minutos<\/span><\/span>Arnau AlcaideEl pasado viernes 30 de abril venc\u00eda el per\u00edodo dado en M\u00e9xico por la Justicia para que el legislativo regulase el cannabis, es decir, hiciese las reformas legales que eliminen la inconstitucionalidad de penar la Cannabis en el espacio de las libertades individuales y aquello que es privado y no una cuesti\u00f3n de salud [&hellip;]","protected":false},"author":3,"featured_media":7001,"comment_status":"closed","ping_status":"closed","sticky":false,"template":"","format":"standard","meta":{"loftocean-featured-post":"","loftocean_post_format_gallery":"","loftocean_post_format_gallery_ids":"","loftocean_post_format_gallery_urls":"","loftocean_post_format_video_id":"","loftocean_post_format_video_url":"","loftocean_post_format_video_type":"","loftocean_post_format_video":"","loftocean_post_format_audio_type":"","loftocean_post_format_audio_url":"","loftocean_post_format_audio_id":"","loftocean_post_format_audio":"","loftocean_post_format_quote_text":"","loftocean_post_format_quote_byline":"","loftocean_post_format_link_text":"","loftocean_post_format_link_url":"","ceramag_post_header_style":"","ceramag_enable_background_video":"","ceramag_show_in_top_slider":"","ceramag_post_background_video_start":"","ceramag_post_background_video_end":"","loftocean_page_background_video_id":"","loftocean_page_background_video_url":"","loftocean_page_background_video_type":"","loftocean_page_background_video":"","ceramag_background_video_start":"","ceramag_background_video_end":"","ceramag_single_page_hide_header":"","footnotes":""},"categories":[35],"tags":[540,41,54,393],"class_list":["post-6974","post","type-post","status-publish","format-standard","has-post-thumbnail","hentry","category-politica-y-sociedad","tag-arnau-alcaide","tag-cannabis","tag-legalizacion","tag-mexico"],"yoast_head":"<!-- This site is optimized with the Yoast SEO plugin v24.9 - https:\/\/yoast.com\/wordpress\/plugins\/seo\/ -->\n<title>Portavoz del Senado de M\u00e9xico: &quot;La marihuana se vende en la esquina entre reformas&quot;<\/title>\n<meta name=\"description\" content=\"Entrada &#8226; Portal multimedia sobre cannabis y otras sustancias &#8226; 3 mayo, 2021\" \/>\n<meta name=\"robots\" content=\"index, follow, max-snippet:-1, max-image-preview:large, max-video-preview:-1\" \/>\n<link rel=\"canonical\" href=\"https:\/\/www.cannabis.es\/pw\/2021\/05\/03\/portavoz-del-senado-de-mexico-la-marihuana-se-vende-en-la-esquina-entre-reformas\/\" \/>\n<meta name=\"twitter:card\" content=\"summary_large_image\" \/>\n<meta name=\"twitter:title\" content=\"Portavoz del Senado de M\u00e9xico: &quot;La marihuana se vende en la esquina entre reformas&quot;\" \/>\n<meta name=\"twitter:description\" content=\"Entrada &#8226; Portal multimedia sobre cannabis y otras sustancias &#8226; 3 mayo, 2021\" \/>\n<meta name=\"twitter:image\" content=\"https:\/\/www.cannabis.es\/pw\/wp-content\/uploads\/2021\/05\/4a-prorroga-mexico.jpg\" \/>\n<meta name=\"twitter:creator\" content=\"@cannabis_es\" \/>\n<meta name=\"twitter:site\" content=\"@cannabis_es\" \/>\n<meta name=\"twitter:label1\" content=\"Escrito por\" \/>\n\t<meta name=\"twitter:data1\" content=\"Cannabis.es\" \/>\n\t<meta name=\"twitter:label2\" content=\"Tiempo de lectura\" \/>\n\t<meta name=\"twitter:data2\" content=\"10 minutos\" \/>\n<script type=\"application\/ld+json\" class=\"yoast-schema-graph\">{\"@context\":\"https:\/\/schema.org\",\"@graph\":[{\"@type\":\"Article\",\"@id\":\"https:\/\/www.cannabis.es\/pw\/2021\/05\/03\/portavoz-del-senado-de-mexico-la-marihuana-se-vende-en-la-esquina-entre-reformas\/#article\",\"isPartOf\":{\"@id\":\"https:\/\/www.cannabis.es\/pw\/2021\/05\/03\/portavoz-del-senado-de-mexico-la-marihuana-se-vende-en-la-esquina-entre-reformas\/\"},\"author\":{\"name\":\"Cannabis.es\",\"@id\":\"https:\/\/www.cannabis.es\/pw\/#\/schema\/person\/ec770c03f3e99d770687f537f4ba1e89\"},\"headline\":\"Portavoz del Senado de M\u00e9xico: \u00abLa marihuana se vende en la esquina entre reformas\u00bb\",\"datePublished\":\"2021-05-03T09:45:28+00:00\",\"dateModified\":\"2021-05-04T08:10:15+00:00\",\"mainEntityOfPage\":{\"@id\":\"https:\/\/www.cannabis.es\/pw\/2021\/05\/03\/portavoz-del-senado-de-mexico-la-marihuana-se-vende-en-la-esquina-entre-reformas\/\"},\"wordCount\":2280,\"publisher\":{\"@id\":\"https:\/\/www.cannabis.es\/pw\/#organization\"},\"image\":{\"@id\":\"https:\/\/www.cannabis.es\/pw\/2021\/05\/03\/portavoz-del-senado-de-mexico-la-marihuana-se-vende-en-la-esquina-entre-reformas\/#primaryimage\"},\"thumbnailUrl\":\"https:\/\/www.cannabis.es\/pw\/wp-content\/uploads\/2021\/05\/4a-prorroga-mexico.jpg\",\"keywords\":[\"Arnau Alcaide\",\"cannabis\",\"legalizaci\u00f3n\",\"m\u00e9xico\"],\"articleSection\":[\"Pol\u00edtica y Sociedad\"],\"inLanguage\":\"es\"},{\"@type\":\"WebPage\",\"@id\":\"https:\/\/www.cannabis.es\/pw\/2021\/05\/03\/portavoz-del-senado-de-mexico-la-marihuana-se-vende-en-la-esquina-entre-reformas\/\",\"url\":\"https:\/\/www.cannabis.es\/pw\/2021\/05\/03\/portavoz-del-senado-de-mexico-la-marihuana-se-vende-en-la-esquina-entre-reformas\/\",\"name\":\"Portavoz del Senado de M\u00e9xico: \\\"La marihuana se vende en la esquina entre reformas\\\"\",\"isPartOf\":{\"@id\":\"https:\/\/www.cannabis.es\/pw\/#website\"},\"primaryImageOfPage\":{\"@id\":\"https:\/\/www.cannabis.es\/pw\/2021\/05\/03\/portavoz-del-senado-de-mexico-la-marihuana-se-vende-en-la-esquina-entre-reformas\/#primaryimage\"},\"image\":{\"@id\":\"https:\/\/www.cannabis.es\/pw\/2021\/05\/03\/portavoz-del-senado-de-mexico-la-marihuana-se-vende-en-la-esquina-entre-reformas\/#primaryimage\"},\"thumbnailUrl\":\"https:\/\/www.cannabis.es\/pw\/wp-content\/uploads\/2021\/05\/4a-prorroga-mexico.jpg\",\"datePublished\":\"2021-05-03T09:45:28+00:00\",\"dateModified\":\"2021-05-04T08:10:15+00:00\",\"description\":\"Entrada &#8226; Portal multimedia sobre cannabis y otras sustancias &#8226; 3 mayo, 2021\",\"breadcrumb\":{\"@id\":\"https:\/\/www.cannabis.es\/pw\/2021\/05\/03\/portavoz-del-senado-de-mexico-la-marihuana-se-vende-en-la-esquina-entre-reformas\/#breadcrumb\"},\"inLanguage\":\"es\",\"potentialAction\":[{\"@type\":\"ReadAction\",\"target\":[\"https:\/\/www.cannabis.es\/pw\/2021\/05\/03\/portavoz-del-senado-de-mexico-la-marihuana-se-vende-en-la-esquina-entre-reformas\/\"]}]},{\"@type\":\"ImageObject\",\"inLanguage\":\"es\",\"@id\":\"https:\/\/www.cannabis.es\/pw\/2021\/05\/03\/portavoz-del-senado-de-mexico-la-marihuana-se-vende-en-la-esquina-entre-reformas\/#primaryimage\",\"url\":\"https:\/\/www.cannabis.es\/pw\/wp-content\/uploads\/2021\/05\/4a-prorroga-mexico.jpg\",\"contentUrl\":\"https:\/\/www.cannabis.es\/pw\/wp-content\/uploads\/2021\/05\/4a-prorroga-mexico.jpg\",\"width\":804,\"height\":532},{\"@type\":\"BreadcrumbList\",\"@id\":\"https:\/\/www.cannabis.es\/pw\/2021\/05\/03\/portavoz-del-senado-de-mexico-la-marihuana-se-vende-en-la-esquina-entre-reformas\/#breadcrumb\",\"itemListElement\":[{\"@type\":\"ListItem\",\"position\":1,\"name\":\"Portada\",\"item\":\"http:\/\/www.cannabis.es\/pw\/\"},{\"@type\":\"ListItem\",\"position\":2,\"name\":\"Portavoz del Senado de M\u00e9xico: \u00abLa marihuana se vende en la esquina entre reformas\u00bb\"}]},{\"@type\":\"WebSite\",\"@id\":\"https:\/\/www.cannabis.es\/pw\/#website\",\"url\":\"https:\/\/www.cannabis.es\/pw\/\",\"name\":\"Cannabis\",\"description\":\"Portal multimedia sobre cannabis y otras sustancias\",\"publisher\":{\"@id\":\"https:\/\/www.cannabis.es\/pw\/#organization\"},\"potentialAction\":[{\"@type\":\"SearchAction\",\"target\":{\"@type\":\"EntryPoint\",\"urlTemplate\":\"https:\/\/www.cannabis.es\/pw\/?s={search_term_string}\"},\"query-input\":{\"@type\":\"PropertyValueSpecification\",\"valueRequired\":true,\"valueName\":\"search_term_string\"}}],\"inLanguage\":\"es\"},{\"@type\":\"Organization\",\"@id\":\"https:\/\/www.cannabis.es\/pw\/#organization\",\"name\":\"Cannabis.es\",\"url\":\"https:\/\/www.cannabis.es\/pw\/\",\"logo\":{\"@type\":\"ImageObject\",\"inLanguage\":\"es\",\"@id\":\"https:\/\/www.cannabis.es\/pw\/#\/schema\/logo\/image\/\",\"url\":\"https:\/\/www.cannabis.es\/pw\/wp-content\/uploads\/2019\/04\/cropped-logo_cannabis.png\",\"contentUrl\":\"https:\/\/www.cannabis.es\/pw\/wp-content\/uploads\/2019\/04\/cropped-logo_cannabis.png\",\"width\":361,\"height\":120,\"caption\":\"Cannabis.es\"},\"image\":{\"@id\":\"https:\/\/www.cannabis.es\/pw\/#\/schema\/logo\/image\/\"},\"sameAs\":[\"https:\/\/x.com\/cannabis_es\"]},{\"@type\":\"Person\",\"@id\":\"https:\/\/www.cannabis.es\/pw\/#\/schema\/person\/ec770c03f3e99d770687f537f4ba1e89\",\"name\":\"Cannabis.es\",\"image\":{\"@type\":\"ImageObject\",\"inLanguage\":\"es\",\"@id\":\"https:\/\/www.cannabis.es\/pw\/#\/schema\/person\/image\/\",\"url\":\"https:\/\/secure.gravatar.com\/avatar\/810c93a3d6fadc3d9c2665b1d919a4aedea8ed4dd63689d001e985a804e90d83?s=96&d=mm&r=g\",\"contentUrl\":\"https:\/\/secure.gravatar.com\/avatar\/810c93a3d6fadc3d9c2665b1d919a4aedea8ed4dd63689d001e985a804e90d83?s=96&d=mm&r=g\",\"caption\":\"Cannabis.es\"},\"url\":\"https:\/\/www.cannabis.es\/pw\/author\/arnau\/\"}]}<\/script>\n<!-- \/ Yoast SEO plugin. -->","yoast_head_json":{"title":"Portavoz del Senado de M\u00e9xico: \"La marihuana se vende en la esquina entre reformas\"","description":"Entrada &#8226; Portal multimedia sobre cannabis y otras sustancias &#8226; 3 mayo, 2021","robots":{"index":"index","follow":"follow","max-snippet":"max-snippet:-1","max-image-preview":"max-image-preview:large","max-video-preview":"max-video-preview:-1"},"canonical":"https:\/\/www.cannabis.es\/pw\/2021\/05\/03\/portavoz-del-senado-de-mexico-la-marihuana-se-vende-en-la-esquina-entre-reformas\/","twitter_card":"summary_large_image","twitter_title":"Portavoz del Senado de M\u00e9xico: \"La marihuana se vende en la esquina entre reformas\"","twitter_description":"Entrada &#8226; Portal multimedia sobre cannabis y otras sustancias &#8226; 3 mayo, 2021","twitter_image":"https:\/\/www.cannabis.es\/pw\/wp-content\/uploads\/2021\/05\/4a-prorroga-mexico.jpg","twitter_creator":"@cannabis_es","twitter_site":"@cannabis_es","twitter_misc":{"Escrito por":"Cannabis.es","Tiempo de lectura":"10 minutos"},"schema":{"@context":"https:\/\/schema.org","@graph":[{"@type":"Article","@id":"https:\/\/www.cannabis.es\/pw\/2021\/05\/03\/portavoz-del-senado-de-mexico-la-marihuana-se-vende-en-la-esquina-entre-reformas\/#article","isPartOf":{"@id":"https:\/\/www.cannabis.es\/pw\/2021\/05\/03\/portavoz-del-senado-de-mexico-la-marihuana-se-vende-en-la-esquina-entre-reformas\/"},"author":{"name":"Cannabis.es","@id":"https:\/\/www.cannabis.es\/pw\/#\/schema\/person\/ec770c03f3e99d770687f537f4ba1e89"},"headline":"Portavoz del Senado de M\u00e9xico: \u00abLa marihuana se vende en la esquina entre reformas\u00bb","datePublished":"2021-05-03T09:45:28+00:00","dateModified":"2021-05-04T08:10:15+00:00","mainEntityOfPage":{"@id":"https:\/\/www.cannabis.es\/pw\/2021\/05\/03\/portavoz-del-senado-de-mexico-la-marihuana-se-vende-en-la-esquina-entre-reformas\/"},"wordCount":2280,"publisher":{"@id":"https:\/\/www.cannabis.es\/pw\/#organization"},"image":{"@id":"https:\/\/www.cannabis.es\/pw\/2021\/05\/03\/portavoz-del-senado-de-mexico-la-marihuana-se-vende-en-la-esquina-entre-reformas\/#primaryimage"},"thumbnailUrl":"https:\/\/www.cannabis.es\/pw\/wp-content\/uploads\/2021\/05\/4a-prorroga-mexico.jpg","keywords":["Arnau Alcaide","cannabis","legalizaci\u00f3n","m\u00e9xico"],"articleSection":["Pol\u00edtica y Sociedad"],"inLanguage":"es"},{"@type":"WebPage","@id":"https:\/\/www.cannabis.es\/pw\/2021\/05\/03\/portavoz-del-senado-de-mexico-la-marihuana-se-vende-en-la-esquina-entre-reformas\/","url":"https:\/\/www.cannabis.es\/pw\/2021\/05\/03\/portavoz-del-senado-de-mexico-la-marihuana-se-vende-en-la-esquina-entre-reformas\/","name":"Portavoz del Senado de M\u00e9xico: \"La marihuana se vende en la esquina entre reformas\"","isPartOf":{"@id":"https:\/\/www.cannabis.es\/pw\/#website"},"primaryImageOfPage":{"@id":"https:\/\/www.cannabis.es\/pw\/2021\/05\/03\/portavoz-del-senado-de-mexico-la-marihuana-se-vende-en-la-esquina-entre-reformas\/#primaryimage"},"image":{"@id":"https:\/\/www.cannabis.es\/pw\/2021\/05\/03\/portavoz-del-senado-de-mexico-la-marihuana-se-vende-en-la-esquina-entre-reformas\/#primaryimage"},"thumbnailUrl":"https:\/\/www.cannabis.es\/pw\/wp-content\/uploads\/2021\/05\/4a-prorroga-mexico.jpg","datePublished":"2021-05-03T09:45:28+00:00","dateModified":"2021-05-04T08:10:15+00:00","description":"Entrada &#8226; Portal multimedia sobre cannabis y otras sustancias &#8226; 3 mayo, 2021","breadcrumb":{"@id":"https:\/\/www.cannabis.es\/pw\/2021\/05\/03\/portavoz-del-senado-de-mexico-la-marihuana-se-vende-en-la-esquina-entre-reformas\/#breadcrumb"},"inLanguage":"es","potentialAction":[{"@type":"ReadAction","target":["https:\/\/www.cannabis.es\/pw\/2021\/05\/03\/portavoz-del-senado-de-mexico-la-marihuana-se-vende-en-la-esquina-entre-reformas\/"]}]},{"@type":"ImageObject","inLanguage":"es","@id":"https:\/\/www.cannabis.es\/pw\/2021\/05\/03\/portavoz-del-senado-de-mexico-la-marihuana-se-vende-en-la-esquina-entre-reformas\/#primaryimage","url":"https:\/\/www.cannabis.es\/pw\/wp-content\/uploads\/2021\/05\/4a-prorroga-mexico.jpg","contentUrl":"https:\/\/www.cannabis.es\/pw\/wp-content\/uploads\/2021\/05\/4a-prorroga-mexico.jpg","width":804,"height":532},{"@type":"BreadcrumbList","@id":"https:\/\/www.cannabis.es\/pw\/2021\/05\/03\/portavoz-del-senado-de-mexico-la-marihuana-se-vende-en-la-esquina-entre-reformas\/#breadcrumb","itemListElement":[{"@type":"ListItem","position":1,"name":"Portada","item":"http:\/\/www.cannabis.es\/pw\/"},{"@type":"ListItem","position":2,"name":"Portavoz del Senado de M\u00e9xico: \u00abLa marihuana se vende en la esquina entre reformas\u00bb"}]},{"@type":"WebSite","@id":"https:\/\/www.cannabis.es\/pw\/#website","url":"https:\/\/www.cannabis.es\/pw\/","name":"Cannabis","description":"Portal multimedia sobre cannabis y otras sustancias","publisher":{"@id":"https:\/\/www.cannabis.es\/pw\/#organization"},"potentialAction":[{"@type":"SearchAction","target":{"@type":"EntryPoint","urlTemplate":"https:\/\/www.cannabis.es\/pw\/?s={search_term_string}"},"query-input":{"@type":"PropertyValueSpecification","valueRequired":true,"valueName":"search_term_string"}}],"inLanguage":"es"},{"@type":"Organization","@id":"https:\/\/www.cannabis.es\/pw\/#organization","name":"Cannabis.es","url":"https:\/\/www.cannabis.es\/pw\/","logo":{"@type":"ImageObject","inLanguage":"es","@id":"https:\/\/www.cannabis.es\/pw\/#\/schema\/logo\/image\/","url":"https:\/\/www.cannabis.es\/pw\/wp-content\/uploads\/2019\/04\/cropped-logo_cannabis.png","contentUrl":"https:\/\/www.cannabis.es\/pw\/wp-content\/uploads\/2019\/04\/cropped-logo_cannabis.png","width":361,"height":120,"caption":"Cannabis.es"},"image":{"@id":"https:\/\/www.cannabis.es\/pw\/#\/schema\/logo\/image\/"},"sameAs":["https:\/\/x.com\/cannabis_es"]},{"@type":"Person","@id":"https:\/\/www.cannabis.es\/pw\/#\/schema\/person\/ec770c03f3e99d770687f537f4ba1e89","name":"Cannabis.es","image":{"@type":"ImageObject","inLanguage":"es","@id":"https:\/\/www.cannabis.es\/pw\/#\/schema\/person\/image\/","url":"https:\/\/secure.gravatar.com\/avatar\/810c93a3d6fadc3d9c2665b1d919a4aedea8ed4dd63689d001e985a804e90d83?s=96&d=mm&r=g","contentUrl":"https:\/\/secure.gravatar.com\/avatar\/810c93a3d6fadc3d9c2665b1d919a4aedea8ed4dd63689d001e985a804e90d83?s=96&d=mm&r=g","caption":"Cannabis.es"},"url":"https:\/\/www.cannabis.es\/pw\/author\/arnau\/"}]}},"_links":{"self":[{"href":"https:\/\/www.cannabis.es\/pw\/wp-json\/wp\/v2\/posts\/6974","targetHints":{"allow":["GET"]}}],"collection":[{"href":"https:\/\/www.cannabis.es\/pw\/wp-json\/wp\/v2\/posts"}],"about":[{"href":"https:\/\/www.cannabis.es\/pw\/wp-json\/wp\/v2\/types\/post"}],"author":[{"embeddable":true,"href":"https:\/\/www.cannabis.es\/pw\/wp-json\/wp\/v2\/users\/3"}],"replies":[{"embeddable":true,"href":"https:\/\/www.cannabis.es\/pw\/wp-json\/wp\/v2\/comments?post=6974"}],"version-history":[{"count":12,"href":"https:\/\/www.cannabis.es\/pw\/wp-json\/wp\/v2\/posts\/6974\/revisions"}],"predecessor-version":[{"id":7014,"href":"https:\/\/www.cannabis.es\/pw\/wp-json\/wp\/v2\/posts\/6974\/revisions\/7014"}],"wp:featuredmedia":[{"embeddable":true,"href":"https:\/\/www.cannabis.es\/pw\/wp-json\/wp\/v2\/media\/7001"}],"wp:attachment":[{"href":"https:\/\/www.cannabis.es\/pw\/wp-json\/wp\/v2\/media?parent=6974"}],"wp:term":[{"taxonomy":"category","embeddable":true,"href":"https:\/\/www.cannabis.es\/pw\/wp-json\/wp\/v2\/categories?post=6974"},{"taxonomy":"post_tag","embeddable":true,"href":"https:\/\/www.cannabis.es\/pw\/wp-json\/wp\/v2\/tags?post=6974"}],"curies":[{"name":"wp","href":"https:\/\/api.w.org\/{rel}","templated":true}]}}