{"id":6984,"date":"2021-04-27T13:22:56","date_gmt":"2021-04-27T11:22:56","guid":{"rendered":"https:\/\/www.cannabis.es\/pw\/?p=6984"},"modified":"2021-04-27T13:22:57","modified_gmt":"2021-04-27T11:22:57","slug":"la-mmm21-pasa-por-castello-y-les-corts-valencianes","status":"publish","type":"post","link":"https:\/\/www.cannabis.es\/pw\/2021\/04\/27\/la-mmm21-pasa-por-castello-y-les-corts-valencianes\/","title":{"rendered":"La MMM21 pasa por Castell\u00f3 y Les Corts Valencianes"},"content":{"rendered":"\n<p>Benito D\u00edaz<\/p>\n\n\n\n<p>La pr\u00f3xima celebraci\u00f3n de la Marcha Mundial de la Marihuana, ha animado a la Asociaci\u00f3n Terap\u00e9uticas Hierbas Castell\u00f3n a organizar una serie de acciones de protesta en la zona de Levante, con intenci\u00f3n de reivindicar la regularizaci\u00f3n integral de la planta y las asociaciones, el cannabis terap\u00e9utico y el autocultivo.<\/p>\n\n\n\n<p><a href=\"https:\/\/www.cannabis.es\/pw\/2019\/01\/28\/la-ayuda-perseguida-entrevista-a-javier-miravete-sobre-la-atencion-medicinal\/\">Terap\u00e9uticas Hierbas Castell\u00f3n<\/a> es una asociaci\u00f3n pionera en la organizaci\u00f3n de personas usuarias de cannabis terap\u00e9utico. Fundada tras la escisi\u00f3n de Castell\u00f3 Cannabis Club, debido a incompatibilidades a la hora de afrontar el enfoque terap\u00e9utico, la asociaci\u00f3n ha progresado de forma notable en la defensa del Cannabis Terap\u00e9utico en su zona de influencia y en la capital, Val\u00e8ncia. All\u00ed, llev\u00f3 a cabo el Proyecto No de Ley sobre el Cannabis en la Comunitat, al respecto del aspecto medicinal y el autocultivo.<\/p>\n\n\n\n<p>El pasado febrero, lograron permiso para organizar unas \u201cmesas de expertos\u201d en el segundo trimestre de 2021, como explican en su Facebook: <em><span class=\"has-inline-color has-luminous-vivid-orange-color\">\u201cEsta comisi\u00f3n especial tendr\u00e1 que estudiar, de forma t\u00e9cnica y objetiva, la funci\u00f3n del autocultivo y de las asociaciones de cannabis como instrumento de reducci\u00f3n de riesgos asociados al consumo de Cannabis y como alternativa a los problemas derivados de la prohibici\u00f3n de las drogas, como tambi\u00e9n los beneficios sociales que puede comportar en el \u00e1mbito de la salud, de la recaudaci\u00f3n tributaria y de los puestos de trabajo\u201d.<\/span><\/em><\/p>\n\n\n\n<p>Tras un breve balance del a\u00f1o en cuanto a la cuesti\u00f3n cann\u00e1bica, mencionando la salida de la marihuana de las <a href=\"https:\/\/www.cannabis.es\/pw\/2020\/12\/03\/la-onu-reconoce-el-valor-terapeutico-de-la-cannabis-desambiguandola\/\">listas de fiscalizaci\u00f3n de la ONU<\/a> y OMS, o los resultados de <a href=\"https:\/\/www.cannabis.es\/pw\/2020\/12\/22\/encuesta-edades-2019-2020-crecen-los-consumos-de-cannabis-y-opioides-sin-receta\/\">la encuesta EDADES,<\/a> la nota de prensa facilitada por la organizaci\u00f3n, anuncia su agenda para estos pr\u00f3ximos d\u00edas.<\/p>\n\n\n\n<figure class=\"wp-block-image size-large\"><img loading=\"lazy\" decoding=\"async\" width=\"804\" height=\"532\" src=\"https:\/\/www.cannabis.es\/pw\/wp-content\/uploads\/2021\/04\/cultural-cannabis-castellon.jpg\" alt=\"\" class=\"wp-image-6985\" srcset=\"https:\/\/www.cannabis.es\/pw\/wp-content\/uploads\/2021\/04\/cultural-cannabis-castellon.jpg 804w, https:\/\/www.cannabis.es\/pw\/wp-content\/uploads\/2021\/04\/cultural-cannabis-castellon-300x199.jpg 300w, https:\/\/www.cannabis.es\/pw\/wp-content\/uploads\/2021\/04\/cultural-cannabis-castellon-768x508.jpg 768w, https:\/\/www.cannabis.es\/pw\/wp-content\/uploads\/2021\/04\/cultural-cannabis-castellon-600x397.jpg 600w\" sizes=\"auto, (max-width: 804px) 100vw, 804px\" \/><\/figure>\n\n\n\n<h2 class=\"wp-block-heading\"><strong>Agenda<\/strong><\/h2>\n\n\n\n<p>En colaboraci\u00f3n con Castell\u00f3 Cannabis Club, Asociaci\u00f3n de Cultivadores de Villareal, <a href=\"https:\/\/www.cannabis.es\/pw\/2021\/03\/09\/vector-positivo-se-presenta-entre-el-botanic-no-somos-ni-marginados-ni-criminales-ni-delincuentes\/\">Asociaci\u00f3n Medicinal Vector Positivo<\/a>, Benicarl\u00f3 Cannabis Club, el Grupo de Estudios \u201c<a href=\"https:\/\/www.cannabis.es\/pw\/2019\/02\/15\/fes-ho-be-se-presenta-para-cambiar-el-trato-publico-del-cannabis-a-mas-respuetuoso-y-efectivo\/\">Fes-ho B\u00e9!\u201d sobre Cannabis y Drogas<\/a>, El <a href=\"https:\/\/www.cannabis.es\/pw\/2020\/06\/12\/el-forum-cannabic-valencia-asesorara-a-agricultura-desde-el-plan-de-reconstruccion-de-las-cortes\/\">F\u00f2rum Cann\u00e0bic Valenci\u00e0<\/a> y el Cercle Cann\u00e0bic Podem Pa\u00eds Valenci\u00e0, Terap\u00e9uticas Hierbas Castell\u00f3n ha preparado cuatro d\u00edas de demandas y manifestaci\u00f3n festiva.<\/p>\n\n\n\n<p><strong>El 27 de abril<\/strong>, las representantes se reunir\u00e1n en la plaza del Ayuntamiento de Castell\u00f3n, a las 13:00h. Tienen previsto un encuentro con los delegados de los grupos locales de Comprom\u00eds, Ignasi Garc\u00eda i Felip, y Unidas Podem, Fernando Navarro.<\/p>\n\n\n\n<p><strong>El 28<\/strong>, tambi\u00e9n tendr\u00e1 lugar una reuni\u00f3n con representantes pol\u00edticos, pero esta vez en el centro de gobernaci\u00f3n de la Comunitat, Les Corts, lugar donde se aprob\u00f3 la PNL sobre Cannabis valenciana, en 2019. <em>\u201c<span class=\"has-inline-color has-luminous-vivid-orange-color\">A este acto se nos unir\u00e1 Antonio Moreno,<strong> Presidente de<\/strong> la Confederaci\u00f3n de Federaciones Cann\u00e1bicas (<strong>CONFAC<\/strong>), Juan C. Peral i Escrib\u00e1, Presidente de Federaci\u00f3n de Entidades Cann\u00e1bicas (FEC), Marta G\u00e1lvez Presidenta del F\u00f2rum Cann\u00e0bic Valenci\u00e0, el Observatorio Europeo de Consumo y Cultivo de Cannabis (OECCC) y el Estudio Jur\u00eddico BROTSANBERT, colaborador con los movimientos sociales cann\u00e1bicos\u201d<\/span><\/em>, explican en su nota de prensa. Ser\u00e1n recibidos por <strong>Beatriu Gasc\u00f3, Diputada en Les Corts y portavoz de Agricultura de UP; David Calvo, diputado y portavoz de Agricultura de PSOE; Josep Nadal, diputado por Comprom\u00eds y Fernando Llopis, diputado y portavoz de Cs<\/strong>.<\/p>\n\n\n\n<p>Los portavoces pol\u00edticos ser\u00e1n obsequiados con una camiseta conmemorativa de la vig\u00e9simo sexta Marcha Mundial de la Marihuana y el libro donde figura la Propuesta de ley del Cannabis, una publicaci\u00f3n del Observatorio Europeo de Consumo y Cultivo de Cannabis, realizando unas declaraciones en favor de la Marcha y de una regulaci\u00f3n \u201cacorde al nuevo paradigma, que no genere m\u00e1s problemas que la propia prohibici\u00f3n\u201d.<\/p>\n\n\n\n<p><strong>El tercer d\u00eda<\/strong>, llevar\u00e1n a cabo una reuni\u00f3n en Villareal, Castell\u00f3n, a las 11 de la ma\u00f1ana. All\u00ed, los portavoces de las asociaciones de cultivadores locales, as\u00ed como Vector Positivo, Terap\u00e9uticas Hierbas, FAC Levante y el Cercle Cann\u00e1bic Podem Pa\u00eds Valenci\u00e0, se encontrar\u00e1n con el concejal de Agricultura y delegado de UP, Juan R. Chalmeta y la concejala de Comprom\u00eds, Mar\u00eda Fajardo. Adem\u00e1s, se espera la presencia de un enviado del PSOE, a\u00fan por confirmar.<\/p>\n\n\n\n<p>Para terminar, el d\u00eda<strong> 8 de mayo<\/strong>, los grupos antes mencionados se unir\u00e1n para participar en la Marcha Mundial de la Marihuana de Madrid 2021, en cuyos canales podr\u00e1n verse v\u00eddeos grabados en la zona para la ocasi\u00f3n.<\/p>\n\n\n\n<h2 class=\"wp-block-heading\"><strong>Valoraciones previas<\/strong><\/h2>\n\n\n\n<p><span class=\"has-inline-color has-luminous-vivid-orange-color\">\u201c<em>Creo que ya est\u00e1n cambiando las cosas. No s\u00e9 la direcci\u00f3n que va a tomar y seguramente no sea del agrado de las Asociaciones. <a href=\"https:\/\/www.cannabis.es\/pw\/2021\/03\/22\/carolina-darias-sanidad-sigue-la-investigacion-medica-del-cannabis-terapeutico\/\">Carolina Darias<\/a> ya dijo que la co-gobernanza iba a obligar a hacer ciertos cambios con las que no estaba de acuerdo, y lo hizo en el marco del Plan Nacional sobre Drogas. M\u00e1s claro, no puede ser\u201d<\/em><a href=\"https:\/\/www.cannabis.es\/pw\/2019\/01\/28\/la-ayuda-perseguida-entrevista-a-javier-miravete-sobre-la-atencion-medicinal\/\">, imagina Javier Miravete,<\/a> <\/span><span class=\"has-inline-color has-black-color\">presidente de Terap\u00e9uticas Hierbas<\/span><span class=\"has-inline-color has-luminous-vivid-orange-color\">. <em>\u201cTe das cuenta de que algo est\u00e1 cambiando cuando, por ejemplo, el PSOE, que siempre ha estado a medias con estos temas, te atiende de entrada. Dicen que apoyan el Terap\u00e9utico, el Recreativo no, pero aqu\u00ed est\u00e1 la diferencia\u201d.<\/em> <\/span><span class=\"has-inline-color has-black-color\">Miravete, asegura que los agentes pol\u00edticos han colaborado por completo, con los cuales tienen buenas relaciones.<\/span><span class=\"has-inline-color has-luminous-vivid-orange-color\"> <em>\u201cPienso que Podemos est\u00e1 haciendo mucha presi\u00f3n para que entren las propuestas. Al final, conseguiremos un batiburrillo, mezcla de las propuestas, que no s\u00e9 si nos gustar\u00e1, pero veo que la cosa se va moviendo. Tambi\u00e9n creo que, si se consiguiera m\u00e1s apoyo, si lo que hacemos en Castell\u00f3n se hiciera en todas las autonom\u00edas, por lo menos de las que ya han presentado PNL o est\u00e1n en ello, se ver\u00eda m\u00e1s movimiento a\u00fan\u201d<\/em>, <\/span>concluye.<\/p>\n\n\n\n<p><em>M\u00e1s informaci\u00f3n sobre Terap\u00e9uticas Hierbas Castell\u00f3n <a href=\"https:\/\/www.facebook.com\/terapeuticashierbascastelloTHCs\/\">en su Facebook,<\/a> <a href=\"https:\/\/twitter.com\/AsociacionTHCs\">Twitter,<\/a> <a href=\"https:\/\/www.youtube.com\/channel\/UCtKfJ5f8fcE66AFvx07Cz7Q\">Youtube<\/a>, y sobre la MMMM21, en la p\u00e1gina web de CONFAC, <a href=\"https:\/\/twitter.com\/FederacionFAC\">Twitter<\/a>, <a href=\"https:\/\/www.youtube.com\/channel\/UCsHUbgeGTeVXZd1SqEsAxFQ\">Youtube y<\/a> <a href=\"https:\/\/twitter.com\/MarihuanaMarcha\">Marihuana en Marcha.<\/a><\/em><\/p>\n","protected":false},"excerpt":{"rendered":"<span class=\"span-reading-time rt-reading-time\" style=\"display: block;\"><span class=\"rt-label rt-prefix\">Tiempo de lectura:<\/span> <span class=\"rt-time\"> 4<\/span> <span class=\"rt-label rt-postfix\">minutos<\/span><\/span>Benito D\u00edaz La pr\u00f3xima celebraci\u00f3n de la Marcha Mundial de la Marihuana, ha animado a la Asociaci\u00f3n Terap\u00e9uticas Hierbas Castell\u00f3n a organizar una serie de acciones de protesta en la zona de Levante, con intenci\u00f3n de reivindicar la regularizaci\u00f3n integral de la planta y las asociaciones, el cannabis terap\u00e9utico y el autocultivo. Terap\u00e9uticas Hierbas Castell\u00f3n [&hellip;]","protected":false},"author":3,"featured_media":6985,"comment_status":"closed","ping_status":"closed","sticky":false,"template":"","format":"standard","meta":{"loftocean-featured-post":"","loftocean_post_format_gallery":"","loftocean_post_format_gallery_ids":"","loftocean_post_format_gallery_urls":"","loftocean_post_format_video_id":"","loftocean_post_format_video_url":"","loftocean_post_format_video_type":"","loftocean_post_format_video":"","loftocean_post_format_audio_type":"","loftocean_post_format_audio_url":"","loftocean_post_format_audio_id":"","loftocean_post_format_audio":"","loftocean_post_format_quote_text":"","loftocean_post_format_quote_byline":"","loftocean_post_format_link_text":"","loftocean_post_format_link_url":"","ceramag_post_header_style":"","ceramag_enable_background_video":"","ceramag_show_in_top_slider":"","ceramag_post_background_video_start":"","ceramag_post_background_video_end":"","loftocean_page_background_video_id":"","loftocean_page_background_video_url":"","loftocean_page_background_video_type":"","loftocean_page_background_video":"","ceramag_background_video_start":"","ceramag_background_video_end":"","ceramag_single_page_hide_header":"","footnotes":""},"categories":[35],"tags":[528,43,41,54,1117],"class_list":["post-6984","post","type-post","status-publish","format-standard","has-post-thumbnail","hentry","category-politica-y-sociedad","tag-asociacion-cannabica","tag-benito-diaz","tag-cannabis","tag-legalizacion","tag-pnl"],"yoast_head":"<!-- This site is optimized with the Yoast SEO plugin v24.9 - https:\/\/yoast.com\/wordpress\/plugins\/seo\/ -->\n<title>La MMM21 pasa por Castell\u00f3 y Les Corts Valencianes<\/title>\n<meta name=\"description\" content=\"Entrada &#8226; Portal multimedia sobre cannabis y otras sustancias &#8226; 27 abril, 2021\" \/>\n<meta name=\"robots\" content=\"index, follow, max-snippet:-1, max-image-preview:large, max-video-preview:-1\" \/>\n<link rel=\"canonical\" href=\"https:\/\/www.cannabis.es\/pw\/2021\/04\/27\/la-mmm21-pasa-por-castello-y-les-corts-valencianes\/\" \/>\n<meta name=\"twitter:card\" content=\"summary_large_image\" \/>\n<meta name=\"twitter:title\" content=\"La MMM21 pasa por Castell\u00f3 y Les Corts Valencianes\" \/>\n<meta name=\"twitter:description\" content=\"Entrada &#8226; Portal multimedia sobre cannabis y otras sustancias &#8226; 27 abril, 2021\" \/>\n<meta name=\"twitter:image\" content=\"https:\/\/www.cannabis.es\/pw\/wp-content\/uploads\/2021\/04\/cultural-cannabis-castellon.jpg\" \/>\n<meta name=\"twitter:creator\" content=\"@cannabis_es\" \/>\n<meta name=\"twitter:site\" content=\"@cannabis_es\" \/>\n<meta name=\"twitter:label1\" content=\"Escrito por\" \/>\n\t<meta name=\"twitter:data1\" content=\"Cannabis.es\" \/>\n\t<meta name=\"twitter:label2\" content=\"Tiempo de lectura\" \/>\n\t<meta name=\"twitter:data2\" content=\"5 minutos\" \/>\n<script type=\"application\/ld+json\" class=\"yoast-schema-graph\">{\"@context\":\"https:\/\/schema.org\",\"@graph\":[{\"@type\":\"Article\",\"@id\":\"https:\/\/www.cannabis.es\/pw\/2021\/04\/27\/la-mmm21-pasa-por-castello-y-les-corts-valencianes\/#article\",\"isPartOf\":{\"@id\":\"https:\/\/www.cannabis.es\/pw\/2021\/04\/27\/la-mmm21-pasa-por-castello-y-les-corts-valencianes\/\"},\"author\":{\"name\":\"Cannabis.es\",\"@id\":\"https:\/\/www.cannabis.es\/pw\/#\/schema\/person\/ec770c03f3e99d770687f537f4ba1e89\"},\"headline\":\"La MMM21 pasa por Castell\u00f3 y Les Corts Valencianes\",\"datePublished\":\"2021-04-27T11:22:56+00:00\",\"dateModified\":\"2021-04-27T11:22:57+00:00\",\"mainEntityOfPage\":{\"@id\":\"https:\/\/www.cannabis.es\/pw\/2021\/04\/27\/la-mmm21-pasa-por-castello-y-les-corts-valencianes\/\"},\"wordCount\":1014,\"publisher\":{\"@id\":\"https:\/\/www.cannabis.es\/pw\/#organization\"},\"image\":{\"@id\":\"https:\/\/www.cannabis.es\/pw\/2021\/04\/27\/la-mmm21-pasa-por-castello-y-les-corts-valencianes\/#primaryimage\"},\"thumbnailUrl\":\"https:\/\/www.cannabis.es\/pw\/wp-content\/uploads\/2021\/04\/cultural-cannabis-castellon.jpg\",\"keywords\":[\"asociaci\u00f3n cann\u00e1bica\",\"Benito D\u00edaz\",\"cannabis\",\"legalizaci\u00f3n\",\"PNL\"],\"articleSection\":[\"Pol\u00edtica y Sociedad\"],\"inLanguage\":\"es\"},{\"@type\":\"WebPage\",\"@id\":\"https:\/\/www.cannabis.es\/pw\/2021\/04\/27\/la-mmm21-pasa-por-castello-y-les-corts-valencianes\/\",\"url\":\"https:\/\/www.cannabis.es\/pw\/2021\/04\/27\/la-mmm21-pasa-por-castello-y-les-corts-valencianes\/\",\"name\":\"La MMM21 pasa por Castell\u00f3 y Les Corts Valencianes\",\"isPartOf\":{\"@id\":\"https:\/\/www.cannabis.es\/pw\/#website\"},\"primaryImageOfPage\":{\"@id\":\"https:\/\/www.cannabis.es\/pw\/2021\/04\/27\/la-mmm21-pasa-por-castello-y-les-corts-valencianes\/#primaryimage\"},\"image\":{\"@id\":\"https:\/\/www.cannabis.es\/pw\/2021\/04\/27\/la-mmm21-pasa-por-castello-y-les-corts-valencianes\/#primaryimage\"},\"thumbnailUrl\":\"https:\/\/www.cannabis.es\/pw\/wp-content\/uploads\/2021\/04\/cultural-cannabis-castellon.jpg\",\"datePublished\":\"2021-04-27T11:22:56+00:00\",\"dateModified\":\"2021-04-27T11:22:57+00:00\",\"description\":\"Entrada &#8226; Portal multimedia sobre cannabis y otras sustancias &#8226; 27 abril, 2021\",\"breadcrumb\":{\"@id\":\"https:\/\/www.cannabis.es\/pw\/2021\/04\/27\/la-mmm21-pasa-por-castello-y-les-corts-valencianes\/#breadcrumb\"},\"inLanguage\":\"es\",\"potentialAction\":[{\"@type\":\"ReadAction\",\"target\":[\"https:\/\/www.cannabis.es\/pw\/2021\/04\/27\/la-mmm21-pasa-por-castello-y-les-corts-valencianes\/\"]}]},{\"@type\":\"ImageObject\",\"inLanguage\":\"es\",\"@id\":\"https:\/\/www.cannabis.es\/pw\/2021\/04\/27\/la-mmm21-pasa-por-castello-y-les-corts-valencianes\/#primaryimage\",\"url\":\"https:\/\/www.cannabis.es\/pw\/wp-content\/uploads\/2021\/04\/cultural-cannabis-castellon.jpg\",\"contentUrl\":\"https:\/\/www.cannabis.es\/pw\/wp-content\/uploads\/2021\/04\/cultural-cannabis-castellon.jpg\",\"width\":804,\"height\":532},{\"@type\":\"BreadcrumbList\",\"@id\":\"https:\/\/www.cannabis.es\/pw\/2021\/04\/27\/la-mmm21-pasa-por-castello-y-les-corts-valencianes\/#breadcrumb\",\"itemListElement\":[{\"@type\":\"ListItem\",\"position\":1,\"name\":\"Portada\",\"item\":\"http:\/\/www.cannabis.es\/pw\/\"},{\"@type\":\"ListItem\",\"position\":2,\"name\":\"La MMM21 pasa por Castell\u00f3 y Les Corts Valencianes\"}]},{\"@type\":\"WebSite\",\"@id\":\"https:\/\/www.cannabis.es\/pw\/#website\",\"url\":\"https:\/\/www.cannabis.es\/pw\/\",\"name\":\"Cannabis\",\"description\":\"Portal multimedia sobre cannabis y otras sustancias\",\"publisher\":{\"@id\":\"https:\/\/www.cannabis.es\/pw\/#organization\"},\"potentialAction\":[{\"@type\":\"SearchAction\",\"target\":{\"@type\":\"EntryPoint\",\"urlTemplate\":\"https:\/\/www.cannabis.es\/pw\/?s={search_term_string}\"},\"query-input\":{\"@type\":\"PropertyValueSpecification\",\"valueRequired\":true,\"valueName\":\"search_term_string\"}}],\"inLanguage\":\"es\"},{\"@type\":\"Organization\",\"@id\":\"https:\/\/www.cannabis.es\/pw\/#organization\",\"name\":\"Cannabis.es\",\"url\":\"https:\/\/www.cannabis.es\/pw\/\",\"logo\":{\"@type\":\"ImageObject\",\"inLanguage\":\"es\",\"@id\":\"https:\/\/www.cannabis.es\/pw\/#\/schema\/logo\/image\/\",\"url\":\"https:\/\/www.cannabis.es\/pw\/wp-content\/uploads\/2019\/04\/cropped-logo_cannabis.png\",\"contentUrl\":\"https:\/\/www.cannabis.es\/pw\/wp-content\/uploads\/2019\/04\/cropped-logo_cannabis.png\",\"width\":361,\"height\":120,\"caption\":\"Cannabis.es\"},\"image\":{\"@id\":\"https:\/\/www.cannabis.es\/pw\/#\/schema\/logo\/image\/\"},\"sameAs\":[\"https:\/\/x.com\/cannabis_es\"]},{\"@type\":\"Person\",\"@id\":\"https:\/\/www.cannabis.es\/pw\/#\/schema\/person\/ec770c03f3e99d770687f537f4ba1e89\",\"name\":\"Cannabis.es\",\"image\":{\"@type\":\"ImageObject\",\"inLanguage\":\"es\",\"@id\":\"https:\/\/www.cannabis.es\/pw\/#\/schema\/person\/image\/\",\"url\":\"https:\/\/secure.gravatar.com\/avatar\/810c93a3d6fadc3d9c2665b1d919a4aedea8ed4dd63689d001e985a804e90d83?s=96&d=mm&r=g\",\"contentUrl\":\"https:\/\/secure.gravatar.com\/avatar\/810c93a3d6fadc3d9c2665b1d919a4aedea8ed4dd63689d001e985a804e90d83?s=96&d=mm&r=g\",\"caption\":\"Cannabis.es\"},\"url\":\"https:\/\/www.cannabis.es\/pw\/author\/arnau\/\"}]}<\/script>\n<!-- \/ Yoast SEO plugin. -->","yoast_head_json":{"title":"La MMM21 pasa por Castell\u00f3 y Les Corts Valencianes","description":"Entrada &#8226; Portal multimedia sobre cannabis y otras sustancias &#8226; 27 abril, 2021","robots":{"index":"index","follow":"follow","max-snippet":"max-snippet:-1","max-image-preview":"max-image-preview:large","max-video-preview":"max-video-preview:-1"},"canonical":"https:\/\/www.cannabis.es\/pw\/2021\/04\/27\/la-mmm21-pasa-por-castello-y-les-corts-valencianes\/","twitter_card":"summary_large_image","twitter_title":"La MMM21 pasa por Castell\u00f3 y Les Corts Valencianes","twitter_description":"Entrada &#8226; Portal multimedia sobre cannabis y otras sustancias &#8226; 27 abril, 2021","twitter_image":"https:\/\/www.cannabis.es\/pw\/wp-content\/uploads\/2021\/04\/cultural-cannabis-castellon.jpg","twitter_creator":"@cannabis_es","twitter_site":"@cannabis_es","twitter_misc":{"Escrito por":"Cannabis.es","Tiempo de lectura":"5 minutos"},"schema":{"@context":"https:\/\/schema.org","@graph":[{"@type":"Article","@id":"https:\/\/www.cannabis.es\/pw\/2021\/04\/27\/la-mmm21-pasa-por-castello-y-les-corts-valencianes\/#article","isPartOf":{"@id":"https:\/\/www.cannabis.es\/pw\/2021\/04\/27\/la-mmm21-pasa-por-castello-y-les-corts-valencianes\/"},"author":{"name":"Cannabis.es","@id":"https:\/\/www.cannabis.es\/pw\/#\/schema\/person\/ec770c03f3e99d770687f537f4ba1e89"},"headline":"La MMM21 pasa por Castell\u00f3 y Les Corts Valencianes","datePublished":"2021-04-27T11:22:56+00:00","dateModified":"2021-04-27T11:22:57+00:00","mainEntityOfPage":{"@id":"https:\/\/www.cannabis.es\/pw\/2021\/04\/27\/la-mmm21-pasa-por-castello-y-les-corts-valencianes\/"},"wordCount":1014,"publisher":{"@id":"https:\/\/www.cannabis.es\/pw\/#organization"},"image":{"@id":"https:\/\/www.cannabis.es\/pw\/2021\/04\/27\/la-mmm21-pasa-por-castello-y-les-corts-valencianes\/#primaryimage"},"thumbnailUrl":"https:\/\/www.cannabis.es\/pw\/wp-content\/uploads\/2021\/04\/cultural-cannabis-castellon.jpg","keywords":["asociaci\u00f3n cann\u00e1bica","Benito D\u00edaz","cannabis","legalizaci\u00f3n","PNL"],"articleSection":["Pol\u00edtica y Sociedad"],"inLanguage":"es"},{"@type":"WebPage","@id":"https:\/\/www.cannabis.es\/pw\/2021\/04\/27\/la-mmm21-pasa-por-castello-y-les-corts-valencianes\/","url":"https:\/\/www.cannabis.es\/pw\/2021\/04\/27\/la-mmm21-pasa-por-castello-y-les-corts-valencianes\/","name":"La MMM21 pasa por Castell\u00f3 y Les Corts Valencianes","isPartOf":{"@id":"https:\/\/www.cannabis.es\/pw\/#website"},"primaryImageOfPage":{"@id":"https:\/\/www.cannabis.es\/pw\/2021\/04\/27\/la-mmm21-pasa-por-castello-y-les-corts-valencianes\/#primaryimage"},"image":{"@id":"https:\/\/www.cannabis.es\/pw\/2021\/04\/27\/la-mmm21-pasa-por-castello-y-les-corts-valencianes\/#primaryimage"},"thumbnailUrl":"https:\/\/www.cannabis.es\/pw\/wp-content\/uploads\/2021\/04\/cultural-cannabis-castellon.jpg","datePublished":"2021-04-27T11:22:56+00:00","dateModified":"2021-04-27T11:22:57+00:00","description":"Entrada &#8226; Portal multimedia sobre cannabis y otras sustancias &#8226; 27 abril, 2021","breadcrumb":{"@id":"https:\/\/www.cannabis.es\/pw\/2021\/04\/27\/la-mmm21-pasa-por-castello-y-les-corts-valencianes\/#breadcrumb"},"inLanguage":"es","potentialAction":[{"@type":"ReadAction","target":["https:\/\/www.cannabis.es\/pw\/2021\/04\/27\/la-mmm21-pasa-por-castello-y-les-corts-valencianes\/"]}]},{"@type":"ImageObject","inLanguage":"es","@id":"https:\/\/www.cannabis.es\/pw\/2021\/04\/27\/la-mmm21-pasa-por-castello-y-les-corts-valencianes\/#primaryimage","url":"https:\/\/www.cannabis.es\/pw\/wp-content\/uploads\/2021\/04\/cultural-cannabis-castellon.jpg","contentUrl":"https:\/\/www.cannabis.es\/pw\/wp-content\/uploads\/2021\/04\/cultural-cannabis-castellon.jpg","width":804,"height":532},{"@type":"BreadcrumbList","@id":"https:\/\/www.cannabis.es\/pw\/2021\/04\/27\/la-mmm21-pasa-por-castello-y-les-corts-valencianes\/#breadcrumb","itemListElement":[{"@type":"ListItem","position":1,"name":"Portada","item":"http:\/\/www.cannabis.es\/pw\/"},{"@type":"ListItem","position":2,"name":"La MMM21 pasa por Castell\u00f3 y Les Corts Valencianes"}]},{"@type":"WebSite","@id":"https:\/\/www.cannabis.es\/pw\/#website","url":"https:\/\/www.cannabis.es\/pw\/","name":"Cannabis","description":"Portal multimedia sobre cannabis y otras sustancias","publisher":{"@id":"https:\/\/www.cannabis.es\/pw\/#organization"},"potentialAction":[{"@type":"SearchAction","target":{"@type":"EntryPoint","urlTemplate":"https:\/\/www.cannabis.es\/pw\/?s={search_term_string}"},"query-input":{"@type":"PropertyValueSpecification","valueRequired":true,"valueName":"search_term_string"}}],"inLanguage":"es"},{"@type":"Organization","@id":"https:\/\/www.cannabis.es\/pw\/#organization","name":"Cannabis.es","url":"https:\/\/www.cannabis.es\/pw\/","logo":{"@type":"ImageObject","inLanguage":"es","@id":"https:\/\/www.cannabis.es\/pw\/#\/schema\/logo\/image\/","url":"https:\/\/www.cannabis.es\/pw\/wp-content\/uploads\/2019\/04\/cropped-logo_cannabis.png","contentUrl":"https:\/\/www.cannabis.es\/pw\/wp-content\/uploads\/2019\/04\/cropped-logo_cannabis.png","width":361,"height":120,"caption":"Cannabis.es"},"image":{"@id":"https:\/\/www.cannabis.es\/pw\/#\/schema\/logo\/image\/"},"sameAs":["https:\/\/x.com\/cannabis_es"]},{"@type":"Person","@id":"https:\/\/www.cannabis.es\/pw\/#\/schema\/person\/ec770c03f3e99d770687f537f4ba1e89","name":"Cannabis.es","image":{"@type":"ImageObject","inLanguage":"es","@id":"https:\/\/www.cannabis.es\/pw\/#\/schema\/person\/image\/","url":"https:\/\/secure.gravatar.com\/avatar\/810c93a3d6fadc3d9c2665b1d919a4aedea8ed4dd63689d001e985a804e90d83?s=96&d=mm&r=g","contentUrl":"https:\/\/secure.gravatar.com\/avatar\/810c93a3d6fadc3d9c2665b1d919a4aedea8ed4dd63689d001e985a804e90d83?s=96&d=mm&r=g","caption":"Cannabis.es"},"url":"https:\/\/www.cannabis.es\/pw\/author\/arnau\/"}]}},"_links":{"self":[{"href":"https:\/\/www.cannabis.es\/pw\/wp-json\/wp\/v2\/posts\/6984","targetHints":{"allow":["GET"]}}],"collection":[{"href":"https:\/\/www.cannabis.es\/pw\/wp-json\/wp\/v2\/posts"}],"about":[{"href":"https:\/\/www.cannabis.es\/pw\/wp-json\/wp\/v2\/types\/post"}],"author":[{"embeddable":true,"href":"https:\/\/www.cannabis.es\/pw\/wp-json\/wp\/v2\/users\/3"}],"replies":[{"embeddable":true,"href":"https:\/\/www.cannabis.es\/pw\/wp-json\/wp\/v2\/comments?post=6984"}],"version-history":[{"count":1,"href":"https:\/\/www.cannabis.es\/pw\/wp-json\/wp\/v2\/posts\/6984\/revisions"}],"predecessor-version":[{"id":6986,"href":"https:\/\/www.cannabis.es\/pw\/wp-json\/wp\/v2\/posts\/6984\/revisions\/6986"}],"wp:featuredmedia":[{"embeddable":true,"href":"https:\/\/www.cannabis.es\/pw\/wp-json\/wp\/v2\/media\/6985"}],"wp:attachment":[{"href":"https:\/\/www.cannabis.es\/pw\/wp-json\/wp\/v2\/media?parent=6984"}],"wp:term":[{"taxonomy":"category","embeddable":true,"href":"https:\/\/www.cannabis.es\/pw\/wp-json\/wp\/v2\/categories?post=6984"},{"taxonomy":"post_tag","embeddable":true,"href":"https:\/\/www.cannabis.es\/pw\/wp-json\/wp\/v2\/tags?post=6984"}],"curies":[{"name":"wp","href":"https:\/\/api.w.org\/{rel}","templated":true}]}}