{"id":6994,"date":"2021-04-30T13:21:41","date_gmt":"2021-04-30T11:21:41","guid":{"rendered":"https:\/\/www.cannabis.es\/pw\/?p=6994"},"modified":"2021-10-08T13:41:10","modified_gmt":"2021-10-08T11:41:10","slug":"la-asociacion-cannabica-valladolid-420-sigue-en-juicio-pese-al-aval-de-interior","status":"publish","type":"post","link":"https:\/\/www.cannabis.es\/pw\/2021\/04\/30\/la-asociacion-cannabica-valladolid-420-sigue-en-juicio-pese-al-aval-de-interior\/","title":{"rendered":"La asociaci\u00f3n cann\u00e1bica Valladolid 420 sigue en juicio pese al aval de Interior"},"content":{"rendered":"\n<p>Benito D\u00edaz<\/p>\n\n\n\n<p>La asociaci\u00f3n cann\u00e1bica Valladolid 420 fue intervenida el pasado 20 de febrero. En el asalto fueron detenidos tres socios de la misma bajo la acusaci\u00f3n de Delito contra la Salud P\u00fablica. La investigaci\u00f3n ha revelado que la organizaci\u00f3n estaba inscrita en el Registro de Asociaciones de forma correcta, por lo que se habr\u00edan aceptado sus estatutos sin observar indicios de delito, como certifica un documento firmado por el Ministerio del Interior (actualizaci\u00f3n: fue absuelta en octubre de 2021 por registro ilegal y obtenci\u00f3n ilegal de pruebas).<\/p>\n\n\n\n<p>La informaci\u00f3n que Cannabis.es ha confirmado, indica que Valladolid 420 solicit\u00f3 su ingreso en el registro en el a\u00f1o 2015. El recurso qued\u00f3 en suspenso y se traslad\u00f3 a la Fiscal\u00eda provincial, ante la duda sobre lo l\u00edcito de lo planteado, pues en los estatutos de la asociaci\u00f3n se aclaraba que llevar\u00edan a cabo un autocultivo comunitario, a repartir entre los socios para su consumo propio, todos de m\u00e1s de 25 a\u00f1os. La respuesta del Registro nacional de Asociaciones fue afirmativa, por tanto, no se dieron sospechas de hechos delictivos.<\/p>\n\n\n\n<p>Tras el suspenso de la sesi\u00f3n del pasado d\u00eda 25 de enero, sabemos que,<strong> aunque la legalidad de la asociaci\u00f3n ha sido refrendada<\/strong> por el Ministerio, <strong>los cargos contra tres de sus socios se mantienen<\/strong>. Iv\u00e1n, Enrique y Manuel Luis, son requeridos por la Fiscal\u00eda para hacer frente a la pena de 18 meses de c\u00e1rcel y 6000 euros de multa a cada uno, por delitos contra la Salud P\u00fablica y Tr\u00e1fico de Sustancias. Charlamos con Fran, presidente de Valladolid 420.<\/p>\n\n\n\n<figure class=\"wp-block-image size-large\"><img loading=\"lazy\" decoding=\"async\" width=\"804\" height=\"532\" src=\"https:\/\/www.cannabis.es\/pw\/wp-content\/uploads\/2021\/04\/valladolid-420.jpg\" alt=\"\" class=\"wp-image-6998\" srcset=\"https:\/\/www.cannabis.es\/pw\/wp-content\/uploads\/2021\/04\/valladolid-420.jpg 804w, https:\/\/www.cannabis.es\/pw\/wp-content\/uploads\/2021\/04\/valladolid-420-300x199.jpg 300w, https:\/\/www.cannabis.es\/pw\/wp-content\/uploads\/2021\/04\/valladolid-420-768x508.jpg 768w, https:\/\/www.cannabis.es\/pw\/wp-content\/uploads\/2021\/04\/valladolid-420-600x397.jpg 600w\" sizes=\"auto, (max-width: 804px) 100vw, 804px\" \/><\/figure>\n\n\n\n<h2 class=\"wp-block-heading\"><strong>Una historia en primera persona<\/strong><\/h2>\n\n\n\n<p>Fran es un hombre de 36 a\u00f1os. Se dedica a la log\u00edstica y decidi\u00f3 abrir una asociaci\u00f3n cann\u00e1bica para dar respuesta a las necesidades de su capital, donde no hab\u00eda ninguna organizaci\u00f3n de este tipo, seg\u00fan nos cuenta. <em><span class=\"has-inline-color has-luminous-vivid-orange-color\">\u201cTodo el mundo me dec\u00eda que no la montase, que iba a tener problemas. Y es verdad, el tema en Valladolid est\u00e1 muy dif\u00edcil. Pero si no lo hago yo, \u00bfqui\u00e9n lo va hacer?\u201d<\/span>,<\/em> nos dice. Piensa que hay mucho sentimiento prohibicionista en su ciudad.<\/p>\n\n\n\n<p>El local se encontraba pr\u00f3ximo al centro y tan solo llevaba seis meses abierto. El presidente de Valladolid 420, nos remite a la secuencia de los hechos que aparece relatada en un art\u00edculo del diario El Norte de Castilla. Seg\u00fan esto, el asalto se cometi\u00f3 el d\u00eda 20 de febrero de 2019. Varios agentes acudieron a la puerta del local, alertados al parecer por un vecino que se quej\u00f3 del olor a marihuana.<\/p>\n\n\n\n<p>La polic\u00eda accedi\u00f3 al recinto, encontrando a un hombre en la puerta y otros dos en el interior, seg\u00fan el relato, jugando con una videoconsola. En el registro, hallaron dos botes de cristal con 109 y 86 gramos de Cannabis, 114 plantas de Cannabis, una prensa, dos medidores de acidez y un total de 303 euros en billetes y monedas.<\/p>\n\n\n\n<p>Los socios, pues ninguno pertenec\u00eda a la Junta Directiva, alegaron que se trataba de una asociaci\u00f3n para el cultivo y autoconsumo, <a href=\"https:\/\/www.cannabis.es\/pw\/2019\/09\/04\/golpes-policiales-a-asociaciones-en-zaragoza\/\">igual que otras miles<\/a> que existen en nuestro pa\u00eds. Sin embargo, al no poder acreditarlo, los tres fueron detenidos y trasladados a comisar\u00eda, seg\u00fan el informe policial.<\/p>\n\n\n\n<p>\u00c9l no estaba en el local esa tarde, tuvo que ocuparse de otros asuntos. <em><span class=\"has-inline-color has-luminous-vivid-orange-color\">\u201cSe llevaron a tres socios, \u00bfpero si llegamos a estar 20 nos llevan a todos?\u201d<\/span><\/em>, pregunta Fran. <em><span class=\"has-inline-color has-luminous-vivid-orange-color\">\u201cEran tres socios que estaban all\u00ed, no hab\u00eda ning\u00fan responsable. Acab\u00e1bamos de abrir, todav\u00eda no ten\u00edamos las medidas de seguridad que pusimos luego, c\u00e1maras de video, lector de huellas digitales, etc. No quisieron ver los papeles, no quisieron ver nada. Dijeron que all\u00ed hab\u00eda una plantaci\u00f3n, esto es vuestro, plantaci\u00f3n ilegal y tr\u00e1fico. Es incre\u00edble. La polic\u00eda tendr\u00eda que haber podido demostrar algo de esto\u201d.<\/span><\/em><\/p>\n\n\n\n<h2 class=\"wp-block-heading\"><strong>R<\/strong>egistro sin orden judicial y detenciones arbitrarias<\/h2>\n\n\n\n<p>La suspensi\u00f3n del caso el 25 de enero, se debi\u00f3 a que la defensa adujo la nulidad de la irrupci\u00f3n de la polic\u00eda en el local, hecha sin los permisos necesarios ante un juez en una propiedad privada, anulando la legalidad del registro y alegando ruptura en la cadena de custodia de las pruebas. Esta es la garant\u00eda que, desde su incautaci\u00f3n hasta su an\u00e1lisis en laboratorio y posterior resultado, est\u00e1 todo debidamente registrado, asegurando que la prueba presentada es efectivamente la que pertenece al juicio. Tambi\u00e9n fue entonces cuando requirieron el informe que ha probado la legalidad de la asociaci\u00f3n, a petici\u00f3n del juez.<\/p>\n\n\n\n<p><span class=\"has-inline-color has-luminous-vivid-orange-color\">\u201c<em>El ministerio sabe que estamos constituidos de forma legal y que lo que decimos es verdad. Que tenemos un cultivo compartido, destinado a repartirlo entre nuestros socios, que son todos mayores de 25 a\u00f1os, avalado por un fiscal al cual otro fiscal le tiene que decir que no y demostrarle los cargos de los que se acusan a nuestros socios\u201d<\/em>, <\/span>aclara Fran. Tambi\u00e9n nos indica que <strong>no tiene conocimiento de que haya otro caso como el suyo en nuestro pa\u00eds, pues siempre media una investigaci\u00f3n para llevar a cabo una serie de detenciones<\/strong>.<\/p>\n\n\n\n<p>La defensa pide la nulidad de <a href=\"https:\/\/www.cannabis.es\/pw\/2019\/11\/06\/la-policia-golpea-la-b-o-c-a-de-menorca\/\">las actuaciones policiales<\/a> por vulneraci\u00f3n de derechos fundamentales, solicitando a su vez la absoluci\u00f3n para los acusados en base a que los hechos se circunscriben en la doctrina del consumo compartido. A su vez, de forma alternativa, piden una pena de seis meses por delito contra la salud p\u00fablica \u201cen sustancias que no causan grave da\u00f1o, con la atenuante de adicci\u00f3n\u201d.<\/p>\n\n\n\n<h2 class=\"wp-block-heading\"><strong>Autocultivo y modelos asociativos<\/strong><\/h2>\n\n\n\n<p>La propuesta de autocultivo de Valladolid 420 no es una novedad en el sistema de asociaciones. Ya en sus comienzos, <a href=\"https:\/\/www.cannabis.es\/pw\/2019\/05\/24\/conoce-a-nuestra-veterana-activista-enjuiciada-la-feminista-cannabica-fernanda-de-la-figuera\/\">ARSECA, asociaci\u00f3n pionera<\/a> catalana en los noventa, tuvo problemas al sugerir algo muy parecido. Tambi\u00e9n debe mencionarse la actual lucha llevada a cabo por la asociaci\u00f3n AIRAM en Barcelona que ha dado como resultado el encarcelamiento de su tesorero y de <a href=\"https:\/\/www.cannabis.es\/pw\/2020\/11\/11\/albert-tio-sera-la-semana-que-viene-el-primer-preso-politico-del-cannabis-en-espana\/\">su presidente, Albert Ti\u00f3.<\/a><\/p>\n\n\n\n<p>El modelo asociativo del que habla Fran, es uno que contemple el autocultivo como \u00fanica v\u00eda para el abastecimiento de los socios. <em><span class=\"has-inline-color has-luminous-vivid-orange-color\">\u201cNo me gusta la compra mancomunada. De esa forma se ayuda al mercado negro. Por mucho que quieran maquillarlo o excusarse, es ayudar al narcotr\u00e1fico. Nuestro cultivo est\u00e1 en los estatutos, y no tenemos un permiso <a href=\"https:\/\/www.cannabis.es\/pw\/2020\/02\/19\/el-organismo-estatal-encargado-reconoce-arbitrariedad-en-la-concesion-de-licencias-un-informe-del-oeccc\/\">como tiene Juan Abell\u00f3,<\/a> pero nos dieron permiso para seguir adelante\u201d<\/span>, <\/em>comenta. <em>\u201cCreemos en nuestro tipo de asociaci\u00f3n. Me he informado de c\u00f3mo hacen las cosas en otros sitios, para poder hacer lo nuestro mejor. Y te metes en Instagram o en Youtube, y tienes a gente haciendo publicidad de las asociaciones, no puedo entenderlo. Que si tenemos tal variedad o hacemos tal extracci\u00f3n. Nos gusta ser discretos; adem\u00e1s, te pondr\u00e9 un ejemplo. Nosotros ten\u00edamos un l\u00edmite de socios. \u00c9ramos 31 y no quer\u00edamos m\u00e1s. Ya nos costaba trabajo abastecer a 30 socios <a href=\"https:\/\/www.cannabis.es\/pw\/2021\/04\/21\/documental-sobre-juanma-marihuana-para-vivir-el-autocultivo-me-da-la-dignidad\/\">m\u00e1s uno terap\u00e9utico<\/a>, no quiero imaginarme lo que es abastecer a 100 o 1000 personas. \u00bfDe d\u00f3nde sac\u00e1is la marihuana, qu\u00e9 precio le pon\u00e9is? Desde mi punto de vista, eso es narcotr\u00e1fico, no est\u00e1s ayudando nada al tejido asociativo, ni es el modelo de asociaci\u00f3n que queremos nosotros\u201d.<\/em><\/p>\n\n\n\n<p>Fran expone que su intenci\u00f3n no era la de tener m\u00e1s socios y requerir un lucro econ\u00f3mico. <em>\u201cNo quer\u00edamos que viniera m\u00e1s gente, quer\u00edamos que hubiera m\u00e1s asociaciones, que esto se normalice un poco. He o\u00eddo que alguna vez han pillado a gente con Marihuana que han sacado de la asociaci\u00f3n. En nuestro caso, estaba prohibido sacar el Cannabis de nuestro local de forma tajante, bajo pena de expulsi\u00f3n. Porque sabemos que es ilegal. Tenemos un modelo de asociaci\u00f3n basado en consumir all\u00ed, ayudarnos entre todos, estudiar la planta, hablar y echar un buen rato\u201d.<\/em><\/p>\n\n\n\n<p>Los socios acusados tienen miedo. Solo eran unas personas que iban a su local para divertirse, sin ning\u00fan tipo de responsabilidad, nos cuentan. El cinco de octubre se dictar\u00e1 sentencia. <em><span class=\"has-inline-color has-luminous-vivid-orange-color\">\u201cEstar\u00eda orgulloso de que nos dieran la raz\u00f3n, porque lo est\u00e1bamos haciendo todo bien. Nunca ha existido un af\u00e1n de lucro, todo se hac\u00eda para ayudar a la gente que no sab\u00eda c\u00f3mo llevar a cabo un cultivo, que disfrutaban con la planta. No se trataba de llegar, conseguir el cannabis y marcharse. All\u00ed nos conoc\u00edamos todos, convers\u00e1bamos, nos lo pas\u00e1bamos bien. Se hac\u00edan talleres de esquejes, de extracciones\u2026 pues lo que es una asociaci\u00f3n de gente a la que le gustan estas cosas\u201d.<\/span><\/em><\/p>\n","protected":false},"excerpt":{"rendered":"<span class=\"span-reading-time rt-reading-time\" style=\"display: block;\"><span class=\"rt-label rt-prefix\">Tiempo de lectura:<\/span> <span class=\"rt-time\"> 5<\/span> <span class=\"rt-label rt-postfix\">minutos<\/span><\/span>Benito D\u00edaz La asociaci\u00f3n cann\u00e1bica Valladolid 420 fue intervenida el pasado 20 de febrero. En el asalto fueron detenidos tres socios de la misma bajo la acusaci\u00f3n de Delito contra la Salud P\u00fablica. La investigaci\u00f3n ha revelado que la organizaci\u00f3n estaba inscrita en el Registro de Asociaciones de forma correcta, por lo que se habr\u00edan [&hellip;]","protected":false},"author":3,"featured_media":6998,"comment_status":"closed","ping_status":"closed","sticky":false,"template":"","format":"standard","meta":{"loftocean-featured-post":"","loftocean_post_format_gallery":"","loftocean_post_format_gallery_ids":"","loftocean_post_format_gallery_urls":"","loftocean_post_format_video_id":"","loftocean_post_format_video_url":"","loftocean_post_format_video_type":"","loftocean_post_format_video":"","loftocean_post_format_audio_type":"","loftocean_post_format_audio_url":"","loftocean_post_format_audio_id":"","loftocean_post_format_audio":"","loftocean_post_format_quote_text":"","loftocean_post_format_quote_byline":"","loftocean_post_format_link_text":"","loftocean_post_format_link_url":"","ceramag_post_header_style":"","ceramag_enable_background_video":"","ceramag_show_in_top_slider":"","ceramag_post_background_video_start":"","ceramag_post_background_video_end":"","loftocean_page_background_video_id":"","loftocean_page_background_video_url":"","loftocean_page_background_video_type":"","loftocean_page_background_video":"","ceramag_background_video_start":"","ceramag_background_video_end":"","ceramag_single_page_hide_header":"","footnotes":""},"categories":[35],"tags":[528,43,41,634],"class_list":["post-6994","post","type-post","status-publish","format-standard","has-post-thumbnail","hentry","category-politica-y-sociedad","tag-asociacion-cannabica","tag-benito-diaz","tag-cannabis","tag-justicia"],"yoast_head":"<!-- This site is optimized with the Yoast SEO plugin v24.9 - https:\/\/yoast.com\/wordpress\/plugins\/seo\/ -->\n<title>La asociaci\u00f3n cann\u00e1bica Valladolid 420 sigue en juicio pese al aval de Interior<\/title>\n<meta name=\"description\" content=\"Entrada &#8226; Portal multimedia sobre cannabis y otras sustancias &#8226; 30 abril, 2021\" \/>\n<meta name=\"robots\" content=\"index, follow, max-snippet:-1, max-image-preview:large, max-video-preview:-1\" \/>\n<link rel=\"canonical\" href=\"https:\/\/www.cannabis.es\/pw\/2021\/04\/30\/la-asociacion-cannabica-valladolid-420-sigue-en-juicio-pese-al-aval-de-interior\/\" \/>\n<meta name=\"twitter:card\" content=\"summary_large_image\" \/>\n<meta name=\"twitter:title\" content=\"La asociaci\u00f3n cann\u00e1bica Valladolid 420 sigue en juicio pese al aval de Interior\" \/>\n<meta name=\"twitter:description\" content=\"Entrada &#8226; Portal multimedia sobre cannabis y otras sustancias &#8226; 30 abril, 2021\" \/>\n<meta name=\"twitter:image\" content=\"https:\/\/www.cannabis.es\/pw\/wp-content\/uploads\/2021\/04\/valladolid-420.jpg\" \/>\n<meta name=\"twitter:creator\" content=\"@cannabis_es\" \/>\n<meta name=\"twitter:site\" content=\"@cannabis_es\" \/>\n<meta name=\"twitter:label1\" content=\"Escrito por\" \/>\n\t<meta name=\"twitter:data1\" content=\"Cannabis.es\" \/>\n\t<meta name=\"twitter:label2\" content=\"Tiempo de lectura\" \/>\n\t<meta name=\"twitter:data2\" content=\"7 minutos\" \/>\n<script type=\"application\/ld+json\" class=\"yoast-schema-graph\">{\"@context\":\"https:\/\/schema.org\",\"@graph\":[{\"@type\":\"Article\",\"@id\":\"https:\/\/www.cannabis.es\/pw\/2021\/04\/30\/la-asociacion-cannabica-valladolid-420-sigue-en-juicio-pese-al-aval-de-interior\/#article\",\"isPartOf\":{\"@id\":\"https:\/\/www.cannabis.es\/pw\/2021\/04\/30\/la-asociacion-cannabica-valladolid-420-sigue-en-juicio-pese-al-aval-de-interior\/\"},\"author\":{\"name\":\"Cannabis.es\",\"@id\":\"https:\/\/www.cannabis.es\/pw\/#\/schema\/person\/ec770c03f3e99d770687f537f4ba1e89\"},\"headline\":\"La asociaci\u00f3n cann\u00e1bica Valladolid 420 sigue en juicio pese al aval de Interior\",\"datePublished\":\"2021-04-30T11:21:41+00:00\",\"dateModified\":\"2021-10-08T11:41:10+00:00\",\"mainEntityOfPage\":{\"@id\":\"https:\/\/www.cannabis.es\/pw\/2021\/04\/30\/la-asociacion-cannabica-valladolid-420-sigue-en-juicio-pese-al-aval-de-interior\/\"},\"wordCount\":1485,\"publisher\":{\"@id\":\"https:\/\/www.cannabis.es\/pw\/#organization\"},\"image\":{\"@id\":\"https:\/\/www.cannabis.es\/pw\/2021\/04\/30\/la-asociacion-cannabica-valladolid-420-sigue-en-juicio-pese-al-aval-de-interior\/#primaryimage\"},\"thumbnailUrl\":\"https:\/\/www.cannabis.es\/pw\/wp-content\/uploads\/2021\/04\/valladolid-420.jpg\",\"keywords\":[\"asociaci\u00f3n cann\u00e1bica\",\"Benito D\u00edaz\",\"cannabis\",\"justicia\"],\"articleSection\":[\"Pol\u00edtica y Sociedad\"],\"inLanguage\":\"es\"},{\"@type\":\"WebPage\",\"@id\":\"https:\/\/www.cannabis.es\/pw\/2021\/04\/30\/la-asociacion-cannabica-valladolid-420-sigue-en-juicio-pese-al-aval-de-interior\/\",\"url\":\"https:\/\/www.cannabis.es\/pw\/2021\/04\/30\/la-asociacion-cannabica-valladolid-420-sigue-en-juicio-pese-al-aval-de-interior\/\",\"name\":\"La asociaci\u00f3n cann\u00e1bica Valladolid 420 sigue en juicio pese al aval de Interior\",\"isPartOf\":{\"@id\":\"https:\/\/www.cannabis.es\/pw\/#website\"},\"primaryImageOfPage\":{\"@id\":\"https:\/\/www.cannabis.es\/pw\/2021\/04\/30\/la-asociacion-cannabica-valladolid-420-sigue-en-juicio-pese-al-aval-de-interior\/#primaryimage\"},\"image\":{\"@id\":\"https:\/\/www.cannabis.es\/pw\/2021\/04\/30\/la-asociacion-cannabica-valladolid-420-sigue-en-juicio-pese-al-aval-de-interior\/#primaryimage\"},\"thumbnailUrl\":\"https:\/\/www.cannabis.es\/pw\/wp-content\/uploads\/2021\/04\/valladolid-420.jpg\",\"datePublished\":\"2021-04-30T11:21:41+00:00\",\"dateModified\":\"2021-10-08T11:41:10+00:00\",\"description\":\"Entrada &#8226; Portal multimedia sobre cannabis y otras sustancias &#8226; 30 abril, 2021\",\"breadcrumb\":{\"@id\":\"https:\/\/www.cannabis.es\/pw\/2021\/04\/30\/la-asociacion-cannabica-valladolid-420-sigue-en-juicio-pese-al-aval-de-interior\/#breadcrumb\"},\"inLanguage\":\"es\",\"potentialAction\":[{\"@type\":\"ReadAction\",\"target\":[\"https:\/\/www.cannabis.es\/pw\/2021\/04\/30\/la-asociacion-cannabica-valladolid-420-sigue-en-juicio-pese-al-aval-de-interior\/\"]}]},{\"@type\":\"ImageObject\",\"inLanguage\":\"es\",\"@id\":\"https:\/\/www.cannabis.es\/pw\/2021\/04\/30\/la-asociacion-cannabica-valladolid-420-sigue-en-juicio-pese-al-aval-de-interior\/#primaryimage\",\"url\":\"https:\/\/www.cannabis.es\/pw\/wp-content\/uploads\/2021\/04\/valladolid-420.jpg\",\"contentUrl\":\"https:\/\/www.cannabis.es\/pw\/wp-content\/uploads\/2021\/04\/valladolid-420.jpg\",\"width\":804,\"height\":532},{\"@type\":\"BreadcrumbList\",\"@id\":\"https:\/\/www.cannabis.es\/pw\/2021\/04\/30\/la-asociacion-cannabica-valladolid-420-sigue-en-juicio-pese-al-aval-de-interior\/#breadcrumb\",\"itemListElement\":[{\"@type\":\"ListItem\",\"position\":1,\"name\":\"Portada\",\"item\":\"http:\/\/www.cannabis.es\/pw\/\"},{\"@type\":\"ListItem\",\"position\":2,\"name\":\"La asociaci\u00f3n cann\u00e1bica Valladolid 420 sigue en juicio pese al aval de Interior\"}]},{\"@type\":\"WebSite\",\"@id\":\"https:\/\/www.cannabis.es\/pw\/#website\",\"url\":\"https:\/\/www.cannabis.es\/pw\/\",\"name\":\"Cannabis\",\"description\":\"Portal multimedia sobre cannabis y otras sustancias\",\"publisher\":{\"@id\":\"https:\/\/www.cannabis.es\/pw\/#organization\"},\"potentialAction\":[{\"@type\":\"SearchAction\",\"target\":{\"@type\":\"EntryPoint\",\"urlTemplate\":\"https:\/\/www.cannabis.es\/pw\/?s={search_term_string}\"},\"query-input\":{\"@type\":\"PropertyValueSpecification\",\"valueRequired\":true,\"valueName\":\"search_term_string\"}}],\"inLanguage\":\"es\"},{\"@type\":\"Organization\",\"@id\":\"https:\/\/www.cannabis.es\/pw\/#organization\",\"name\":\"Cannabis.es\",\"url\":\"https:\/\/www.cannabis.es\/pw\/\",\"logo\":{\"@type\":\"ImageObject\",\"inLanguage\":\"es\",\"@id\":\"https:\/\/www.cannabis.es\/pw\/#\/schema\/logo\/image\/\",\"url\":\"https:\/\/www.cannabis.es\/pw\/wp-content\/uploads\/2019\/04\/cropped-logo_cannabis.png\",\"contentUrl\":\"https:\/\/www.cannabis.es\/pw\/wp-content\/uploads\/2019\/04\/cropped-logo_cannabis.png\",\"width\":361,\"height\":120,\"caption\":\"Cannabis.es\"},\"image\":{\"@id\":\"https:\/\/www.cannabis.es\/pw\/#\/schema\/logo\/image\/\"},\"sameAs\":[\"https:\/\/x.com\/cannabis_es\"]},{\"@type\":\"Person\",\"@id\":\"https:\/\/www.cannabis.es\/pw\/#\/schema\/person\/ec770c03f3e99d770687f537f4ba1e89\",\"name\":\"Cannabis.es\",\"image\":{\"@type\":\"ImageObject\",\"inLanguage\":\"es\",\"@id\":\"https:\/\/www.cannabis.es\/pw\/#\/schema\/person\/image\/\",\"url\":\"https:\/\/secure.gravatar.com\/avatar\/810c93a3d6fadc3d9c2665b1d919a4aedea8ed4dd63689d001e985a804e90d83?s=96&d=mm&r=g\",\"contentUrl\":\"https:\/\/secure.gravatar.com\/avatar\/810c93a3d6fadc3d9c2665b1d919a4aedea8ed4dd63689d001e985a804e90d83?s=96&d=mm&r=g\",\"caption\":\"Cannabis.es\"},\"url\":\"https:\/\/www.cannabis.es\/pw\/author\/arnau\/\"}]}<\/script>\n<!-- \/ Yoast SEO plugin. -->","yoast_head_json":{"title":"La asociaci\u00f3n cann\u00e1bica Valladolid 420 sigue en juicio pese al aval de Interior","description":"Entrada &#8226; Portal multimedia sobre cannabis y otras sustancias &#8226; 30 abril, 2021","robots":{"index":"index","follow":"follow","max-snippet":"max-snippet:-1","max-image-preview":"max-image-preview:large","max-video-preview":"max-video-preview:-1"},"canonical":"https:\/\/www.cannabis.es\/pw\/2021\/04\/30\/la-asociacion-cannabica-valladolid-420-sigue-en-juicio-pese-al-aval-de-interior\/","twitter_card":"summary_large_image","twitter_title":"La asociaci\u00f3n cann\u00e1bica Valladolid 420 sigue en juicio pese al aval de Interior","twitter_description":"Entrada &#8226; Portal multimedia sobre cannabis y otras sustancias &#8226; 30 abril, 2021","twitter_image":"https:\/\/www.cannabis.es\/pw\/wp-content\/uploads\/2021\/04\/valladolid-420.jpg","twitter_creator":"@cannabis_es","twitter_site":"@cannabis_es","twitter_misc":{"Escrito por":"Cannabis.es","Tiempo de lectura":"7 minutos"},"schema":{"@context":"https:\/\/schema.org","@graph":[{"@type":"Article","@id":"https:\/\/www.cannabis.es\/pw\/2021\/04\/30\/la-asociacion-cannabica-valladolid-420-sigue-en-juicio-pese-al-aval-de-interior\/#article","isPartOf":{"@id":"https:\/\/www.cannabis.es\/pw\/2021\/04\/30\/la-asociacion-cannabica-valladolid-420-sigue-en-juicio-pese-al-aval-de-interior\/"},"author":{"name":"Cannabis.es","@id":"https:\/\/www.cannabis.es\/pw\/#\/schema\/person\/ec770c03f3e99d770687f537f4ba1e89"},"headline":"La asociaci\u00f3n cann\u00e1bica Valladolid 420 sigue en juicio pese al aval de Interior","datePublished":"2021-04-30T11:21:41+00:00","dateModified":"2021-10-08T11:41:10+00:00","mainEntityOfPage":{"@id":"https:\/\/www.cannabis.es\/pw\/2021\/04\/30\/la-asociacion-cannabica-valladolid-420-sigue-en-juicio-pese-al-aval-de-interior\/"},"wordCount":1485,"publisher":{"@id":"https:\/\/www.cannabis.es\/pw\/#organization"},"image":{"@id":"https:\/\/www.cannabis.es\/pw\/2021\/04\/30\/la-asociacion-cannabica-valladolid-420-sigue-en-juicio-pese-al-aval-de-interior\/#primaryimage"},"thumbnailUrl":"https:\/\/www.cannabis.es\/pw\/wp-content\/uploads\/2021\/04\/valladolid-420.jpg","keywords":["asociaci\u00f3n cann\u00e1bica","Benito D\u00edaz","cannabis","justicia"],"articleSection":["Pol\u00edtica y Sociedad"],"inLanguage":"es"},{"@type":"WebPage","@id":"https:\/\/www.cannabis.es\/pw\/2021\/04\/30\/la-asociacion-cannabica-valladolid-420-sigue-en-juicio-pese-al-aval-de-interior\/","url":"https:\/\/www.cannabis.es\/pw\/2021\/04\/30\/la-asociacion-cannabica-valladolid-420-sigue-en-juicio-pese-al-aval-de-interior\/","name":"La asociaci\u00f3n cann\u00e1bica Valladolid 420 sigue en juicio pese al aval de Interior","isPartOf":{"@id":"https:\/\/www.cannabis.es\/pw\/#website"},"primaryImageOfPage":{"@id":"https:\/\/www.cannabis.es\/pw\/2021\/04\/30\/la-asociacion-cannabica-valladolid-420-sigue-en-juicio-pese-al-aval-de-interior\/#primaryimage"},"image":{"@id":"https:\/\/www.cannabis.es\/pw\/2021\/04\/30\/la-asociacion-cannabica-valladolid-420-sigue-en-juicio-pese-al-aval-de-interior\/#primaryimage"},"thumbnailUrl":"https:\/\/www.cannabis.es\/pw\/wp-content\/uploads\/2021\/04\/valladolid-420.jpg","datePublished":"2021-04-30T11:21:41+00:00","dateModified":"2021-10-08T11:41:10+00:00","description":"Entrada &#8226; Portal multimedia sobre cannabis y otras sustancias &#8226; 30 abril, 2021","breadcrumb":{"@id":"https:\/\/www.cannabis.es\/pw\/2021\/04\/30\/la-asociacion-cannabica-valladolid-420-sigue-en-juicio-pese-al-aval-de-interior\/#breadcrumb"},"inLanguage":"es","potentialAction":[{"@type":"ReadAction","target":["https:\/\/www.cannabis.es\/pw\/2021\/04\/30\/la-asociacion-cannabica-valladolid-420-sigue-en-juicio-pese-al-aval-de-interior\/"]}]},{"@type":"ImageObject","inLanguage":"es","@id":"https:\/\/www.cannabis.es\/pw\/2021\/04\/30\/la-asociacion-cannabica-valladolid-420-sigue-en-juicio-pese-al-aval-de-interior\/#primaryimage","url":"https:\/\/www.cannabis.es\/pw\/wp-content\/uploads\/2021\/04\/valladolid-420.jpg","contentUrl":"https:\/\/www.cannabis.es\/pw\/wp-content\/uploads\/2021\/04\/valladolid-420.jpg","width":804,"height":532},{"@type":"BreadcrumbList","@id":"https:\/\/www.cannabis.es\/pw\/2021\/04\/30\/la-asociacion-cannabica-valladolid-420-sigue-en-juicio-pese-al-aval-de-interior\/#breadcrumb","itemListElement":[{"@type":"ListItem","position":1,"name":"Portada","item":"http:\/\/www.cannabis.es\/pw\/"},{"@type":"ListItem","position":2,"name":"La asociaci\u00f3n cann\u00e1bica Valladolid 420 sigue en juicio pese al aval de Interior"}]},{"@type":"WebSite","@id":"https:\/\/www.cannabis.es\/pw\/#website","url":"https:\/\/www.cannabis.es\/pw\/","name":"Cannabis","description":"Portal multimedia sobre cannabis y otras sustancias","publisher":{"@id":"https:\/\/www.cannabis.es\/pw\/#organization"},"potentialAction":[{"@type":"SearchAction","target":{"@type":"EntryPoint","urlTemplate":"https:\/\/www.cannabis.es\/pw\/?s={search_term_string}"},"query-input":{"@type":"PropertyValueSpecification","valueRequired":true,"valueName":"search_term_string"}}],"inLanguage":"es"},{"@type":"Organization","@id":"https:\/\/www.cannabis.es\/pw\/#organization","name":"Cannabis.es","url":"https:\/\/www.cannabis.es\/pw\/","logo":{"@type":"ImageObject","inLanguage":"es","@id":"https:\/\/www.cannabis.es\/pw\/#\/schema\/logo\/image\/","url":"https:\/\/www.cannabis.es\/pw\/wp-content\/uploads\/2019\/04\/cropped-logo_cannabis.png","contentUrl":"https:\/\/www.cannabis.es\/pw\/wp-content\/uploads\/2019\/04\/cropped-logo_cannabis.png","width":361,"height":120,"caption":"Cannabis.es"},"image":{"@id":"https:\/\/www.cannabis.es\/pw\/#\/schema\/logo\/image\/"},"sameAs":["https:\/\/x.com\/cannabis_es"]},{"@type":"Person","@id":"https:\/\/www.cannabis.es\/pw\/#\/schema\/person\/ec770c03f3e99d770687f537f4ba1e89","name":"Cannabis.es","image":{"@type":"ImageObject","inLanguage":"es","@id":"https:\/\/www.cannabis.es\/pw\/#\/schema\/person\/image\/","url":"https:\/\/secure.gravatar.com\/avatar\/810c93a3d6fadc3d9c2665b1d919a4aedea8ed4dd63689d001e985a804e90d83?s=96&d=mm&r=g","contentUrl":"https:\/\/secure.gravatar.com\/avatar\/810c93a3d6fadc3d9c2665b1d919a4aedea8ed4dd63689d001e985a804e90d83?s=96&d=mm&r=g","caption":"Cannabis.es"},"url":"https:\/\/www.cannabis.es\/pw\/author\/arnau\/"}]}},"_links":{"self":[{"href":"https:\/\/www.cannabis.es\/pw\/wp-json\/wp\/v2\/posts\/6994","targetHints":{"allow":["GET"]}}],"collection":[{"href":"https:\/\/www.cannabis.es\/pw\/wp-json\/wp\/v2\/posts"}],"about":[{"href":"https:\/\/www.cannabis.es\/pw\/wp-json\/wp\/v2\/types\/post"}],"author":[{"embeddable":true,"href":"https:\/\/www.cannabis.es\/pw\/wp-json\/wp\/v2\/users\/3"}],"replies":[{"embeddable":true,"href":"https:\/\/www.cannabis.es\/pw\/wp-json\/wp\/v2\/comments?post=6994"}],"version-history":[{"count":5,"href":"https:\/\/www.cannabis.es\/pw\/wp-json\/wp\/v2\/posts\/6994\/revisions"}],"predecessor-version":[{"id":7573,"href":"https:\/\/www.cannabis.es\/pw\/wp-json\/wp\/v2\/posts\/6994\/revisions\/7573"}],"wp:featuredmedia":[{"embeddable":true,"href":"https:\/\/www.cannabis.es\/pw\/wp-json\/wp\/v2\/media\/6998"}],"wp:attachment":[{"href":"https:\/\/www.cannabis.es\/pw\/wp-json\/wp\/v2\/media?parent=6994"}],"wp:term":[{"taxonomy":"category","embeddable":true,"href":"https:\/\/www.cannabis.es\/pw\/wp-json\/wp\/v2\/categories?post=6994"},{"taxonomy":"post_tag","embeddable":true,"href":"https:\/\/www.cannabis.es\/pw\/wp-json\/wp\/v2\/tags?post=6994"}],"curies":[{"name":"wp","href":"https:\/\/api.w.org\/{rel}","templated":true}]}}