{"id":7009,"date":"2021-05-03T12:56:26","date_gmt":"2021-05-03T10:56:26","guid":{"rendered":"https:\/\/www.cannabis.es\/pw\/?p=7009"},"modified":"2021-05-03T13:01:00","modified_gmt":"2021-05-03T11:01:00","slug":"cannabis-ciencia-y-derecho-manana-a-las-17h","status":"publish","type":"post","link":"https:\/\/www.cannabis.es\/pw\/2021\/05\/03\/cannabis-ciencia-y-derecho-manana-a-las-17h\/","title":{"rendered":"Cannabis, ciencia y derecho: ma\u00f1ana a las 17h"},"content":{"rendered":"\n<p>Cmunicado OECCC<br><br>El Observatorio Europeo del Consumo y Cultivo de Cannabis publica un nuevo trabajo titulado Cannabis, Ciencia y Derecho, obra de los investigadores y abogados Francisco Azor\u00edn y H\u00e9ctor Brotons, miembros del Estudio Jur\u00eddico Brotsanbert y especialistas en derecho sobre drogas, en particular cannabis. El libro sigue una metodolog\u00eda acad\u00e9mica, est\u00e1 revisado por pares y prologado por una autoridad en la materia como es el Magistrado Em\u00e9rito del Tribunal Supremo Joaqu\u00edn Gim\u00e9nez Garc\u00eda.<\/p>\n\n\n\n<figure class=\"wp-block-image\"><img decoding=\"async\" src=\"https:\/\/pbs.twimg.com\/media\/E0NOUXeWQAAJnnC?format=jpg&amp;name=900x900\" alt=\"Imagen\"\/><\/figure>\n\n\n\n<h2 class=\"wp-block-heading\">Presentaci\u00f3n<\/h2>\n\n\n\n<p>La presentaci\u00f3n del libro se realizar\u00e1 online, en un directo en ZOOM el pr\u00f3ximo martes 4 de mayo a las 17:00 horas.<\/p>\n\n\n\n<p><strong>Contacto: <\/strong>Francisco Azor\u00edn Ortega<\/p>\n\n\n\n<p><strong>Tel\u00e9fono<\/strong>: +34 660 013 61<\/p>\n\n\n\n<p><strong>Correos<\/strong>:notificacionesazorin@gmail.com\/fran@brotsanbert.com\/ hola@observatoriocananbis.com<\/p>\n\n\n\n<p><strong>Enlaces zoom:<\/strong><\/p>\n\n\n\n<p><strong>1\u00ba<\/strong> enlace: https:\/\/us04web.zoom.us\/j\/76097196841?pwd=MVo5S3kvekxIdnd0OVFKdVdITEhmQT09<\/p>\n\n\n\n<p><strong>ID de reuni\u00f3n:<\/strong> 760 9719 6841<\/p>\n\n\n\n<p><strong>C\u00f3digo de acceso:<\/strong> qPn4KS<\/p>\n\n\n\n<p><strong>2\u00ba<\/strong> enlace: https:\/\/us04web.zoom.us\/j\/78087133742?pwd=MkpBVGRKNjJJSGJBYTRNT2prS3pWQT09<\/p>\n\n\n\n<p><strong>ID de reuni\u00f3n:<\/strong> 780 8713 3742<\/p>\n\n\n\n<p><strong>C\u00f3digo de acceso:<\/strong> F5Vvvi<\/p>\n\n\n\n<h2 class=\"wp-block-heading\">El libro<\/h2>\n\n\n\n<p>La investigaci\u00f3n se divide en tres cap\u00edtulos donde se tratan algunos de los puntos m\u00e1s controvertidos de la jurisprudencia sobre drogas en general y cannabis en particular. El <strong>primer cap\u00edtulo versa sobre la fiscalizaci\u00f3n <\/strong><a href=\"https:\/\/www.cannabis.es\/pw\/2020\/12\/03\/la-onu-reconoce-el-valor-terapeutico-de-la-cannabis-desambiguandola\/\">internacional del cannabis<\/a>, refutando las tesis hist\u00f3ricas del Tribunal Supremo que ha interpretado las convenciones de manera incorrecta y valorando en los pesajes partes de la planta no prohibidas, como las hojas y los tallos. Por lo tanto, en base a esta tesis, se demostrar\u00eda que <strong>muchos de los encarcelamientos por cannabis son fruto de una interpretaci\u00f3n que es contraria al principio de legalidad.<\/strong><\/p>\n\n\n\n<p>En cuanto al cultivo de c\u00e1\u00f1amo industrial y <a href=\"https:\/\/www.cannabis.es\/pw\/2020\/12\/07\/la-ue-confirma-que-el-cbd-no-es-droga-y-retoma-las-solicitudes-interrumpidas-de-nuevo-alimento\/\">la nueva industria del CBD<\/a>, tambi\u00e9n se critican las interpretaciones seguidas actualmente por la Agencia Espa\u00f1ola de Medicamentos y Productos Sanitarios (AEMPS) y se proporcionan las claves para interpretar esta realidad social de acuerdo a los convenios internacionales, la ciencia y la<a href=\"https:\/\/www.cannabis.es\/pw\/2020\/11\/20\/un-fallo-judicial-legaliza-el-cbd-en-la-union-europea-y-espana-no-podra-incautar\/\"> jurisprudencia de la Uni\u00f3n Europea<\/a>, que va en <a href=\"https:\/\/www.cannabis.es\/pw\/2021\/04\/15\/espana-recuerda-que-el-cbd-es-ilegal-contra-su-obligacion-europea\/\">una direcci\u00f3n distinta a las tesis restrictivas de la AEMPS<\/a>.<\/p>\n\n\n\n<p>El cap\u00edtulo segundo trata sobre la problem\u00e1tica de los <a href=\"https:\/\/www.cannabis.es\/pw\/2021\/01\/20\/sentencia-modelo-contra-el-drogotest-un-catalogo-de-vulneracion-de-derechos\/\">test de drogas en carretera<\/a>, los llamados \u201cdrogotest\u201d, construyendo una tesis basada en la evidencia cient\u00edfica y en el derecho comparado de pa\u00edses de nuestro entorno, opuesta a la pol\u00edtica de \u201ctolerancia 0\u201d que reina en Espa\u00f1a, por la cual se sanciona la mera presencia de drogas en el organismo sin acreditar una m\u00ednima afectaci\u00f3n a la conducci\u00f3n. Existe mucha bibliograf\u00eda que servir\u00eda para establecer puntos de corte, como sucede con el alcohol. Adem\u00e1s, se critica la falta de garant\u00edas de los test salivares y la conveniencia de solicitar al agente de la Guardia Civil o Polic\u00eda Local, la realizaci\u00f3n de prueba de contraste en sangre, a la que el ciudadano espa\u00f1ol tiene derecho y que, seg\u00fan este estudio, ser\u00eda mucho m\u00e1s garantista y no deber\u00eda de ofrecer positivos al d\u00eda siguiente de conducir, como si ocurre con las pruebas salivares. Est\u00e1 demostrado que las pruebas realizadas sobre saliva son muy poco garantistas y no guardan una equivalencia 1 a 1 con las tasas utilizadas en sangre a la hora de determinar la afectaci\u00f3n a la conducci\u00f3n que utilizan los laboratorios privados. Tambi\u00e9n se critica que cada laboratorio utiliza unos puntos de corte en sangre y saliva diferentes, no existiendo una ley de control metrol\u00f3gico de estos instrumentos que se utilizan en derecho sancionador, algo proscrito por el principio de legalidad.<\/p>\n\n\n\n<figure class=\"wp-block-image size-large\"><a href=\"https:\/\/www.cannabis.es\/pw\/2020\/08\/25\/el-drogo-loto-test\/\"><img loading=\"lazy\" decoding=\"async\" width=\"950\" height=\"950\" src=\"https:\/\/www.cannabis.es\/pw\/wp-content\/uploads\/2020\/08\/drogotestweb.jpg\" alt=\"\" class=\"wp-image-5938\" srcset=\"https:\/\/www.cannabis.es\/pw\/wp-content\/uploads\/2020\/08\/drogotestweb.jpg 950w, https:\/\/www.cannabis.es\/pw\/wp-content\/uploads\/2020\/08\/drogotestweb-300x300.jpg 300w, https:\/\/www.cannabis.es\/pw\/wp-content\/uploads\/2020\/08\/drogotestweb-150x150.jpg 150w, https:\/\/www.cannabis.es\/pw\/wp-content\/uploads\/2020\/08\/drogotestweb-768x768.jpg 768w, https:\/\/www.cannabis.es\/pw\/wp-content\/uploads\/2020\/08\/drogotestweb-600x600.jpg 600w\" sizes=\"auto, (max-width: 950px) 100vw, 950px\" \/><\/a><\/figure>\n\n\n\n<p>El tercer cap\u00edtulo est\u00e1 dedicado a la <a href=\"https:\/\/www.cannabis.es\/pw\/2020\/07\/03\/cinco-anos-de-mordaza-y-28-de-multas-cannabis-ahora-hasta-10-400e\/\">imposici\u00f3n masiva de sanciones por tenencia o consumo de cannabis en Espa\u00f1a<\/a>. Explica c\u00f3mo \u00e9sta cuesti\u00f3n se ha industrializado en el Derecho espa\u00f1ol, llegando a conculcar el derecho de defensa, al <strong>existir una bonificaci\u00f3n por pronto pago tan importante que hace que no salga rentable a sancionado y abogado llevar a los tribunales estas denuncias.<\/strong> En \u00e9l se argumenta por qu\u00e9 muchas de estas sanciones no deber\u00edan de imponerse si no se hace ostentaci\u00f3n de la sustancia o se porta la misma en un coche privado y no en un transporte p\u00fablico, criticando que las fuerzas y cuerpos de seguridad realizan <strong>cacheos desproporcionados y arbitrarios<\/strong>, aplicando la norma siguiendo una interpretaci\u00f3n anal\u00f3gica <em>in malan partem<\/em>, algo prohibido en derecho sancionador. Como consecuencia, el sancionado lo suele tener muy dif\u00edcil si quiere llevar esto a los tribunales, ya que la administraci\u00f3n contesta mediante modelos y ratifica la sanci\u00f3n en el 99% de los casos.<\/p>\n\n\n\n<p>Por \u00faltimo, se denuncia el abuso que han sufrido muchas personas usuarias que han visto como tanto <a href=\"https:\/\/www.cannabis.es\/pw\/2019\/09\/18\/salarios-embargados-miedo-al-despido-e-insolvencia-con-las-multas-mordaza\/\">el ayuntamiento de Yecla (Murcia) como la Delegaci\u00f3n del Gobierno de las Islas Baleares han impuesto sanciones por tenencia de cannabis por cuant\u00eda de 10.401 euros aplicando la reincidencia<\/a>, algo que va en contra del principio de proporcionalidad en la aplicaci\u00f3n de la ley protegido por el art\u00edculo 49 de la Carta de Derechos Fundamentales de la Uni\u00f3n Europea. Adem\u00e1s, sancionar los actos de autoconsumo de drogas tambi\u00e9n est\u00e1n proscritos por el art. 2.2 Decisi\u00f3n marco 2004\/757\/JAI del Consejo de Europa, de 25 de octubre de 2004.<\/p>\n\n\n\n<p>Para finalizar, se desarrolla la tesis jur\u00eddica que argumenta que los ayuntamientos espa\u00f1oles <a href=\"https:\/\/www.cannabis.es\/pw\/2020\/02\/28\/los-ayuntamientos-no-tienen-competencia-para-sancionar-la-posesion\/\">no ostentan competencia en la materia de \u00abconsumo de drogas\u00bb<\/a> de acuerdo a su legislaci\u00f3n espec\u00edfica y, por tanto, seg\u00fan la Ley de Seguridad Ciudadana, no pueden imponer sanciones por consumo o tenencia de drogas. Esto ha sido ratificado por los tribunales de lo contencioso administrativo de Murcia, sentenciando que esta materia no es de competencia municipal y revocando las sanciones impuestas por el ayuntamiento de Yecla y de la capital murciana. Tambi\u00e9n se ha resuelto este punto por el Tribunal Constitucional y el Tribunal Supremo en sentencias relativas a Clubes de Cannabis, estableciendo esta jurisprudencia que el t\u00edtulo prevalente en la materia \u00abconsumo de drogas\u00bb debe ser estatal porque afecta al C\u00f3digo Penal, la seguridad p\u00fablica y el derecho sancionador.<\/p>\n\n\n\n<p><strong>El trabajo de investigaci\u00f3n ofrece todas las claves para solicitar a los ayuntamientos la revisi\u00f3n de oficio de estas sanciones nulas de pleno derecho por incompetencia manifiesta en la materia y vulneraci\u00f3n de derechos fundamentales, causas de nulidad que podr\u00edan hacerse valer por personas que tengan cantidades embargadas ilegalmente, como es el caso de Yecla, donde existen personas con embargos que van desde los 15.000 a los 62.000 euros, dependiendo de las sanciones de 10.401 euros por reincidencia que les hayan notificado. En algunos casos se ha llegado a embargar los veh\u00edculos de los sancionados, personas trabajadoras cuya \u00fanica falta ha sido portar cannabis para su consumo sin ostentaci\u00f3n p\u00fablica.<\/strong><\/p>\n\n\n\n<p>El libro se puede adquirir en Amazon.<\/p>\n","protected":false},"excerpt":{"rendered":"<span class=\"span-reading-time rt-reading-time\" style=\"display: block;\"><span class=\"rt-label rt-prefix\">Tiempo de lectura:<\/span> <span class=\"rt-time\"> 4<\/span> <span class=\"rt-label rt-postfix\">minutos<\/span><\/span>Cmunicado OECCCEl Observatorio Europeo del Consumo y Cultivo de Cannabis publica un nuevo trabajo titulado Cannabis, Ciencia y Derecho, obra de los investigadores y abogados Francisco Azor\u00edn y H\u00e9ctor Brotons, miembros del Estudio Jur\u00eddico Brotsanbert y especialistas en derecho sobre drogas, en particular cannabis. El libro sigue una metodolog\u00eda acad\u00e9mica, est\u00e1 revisado por pares y [&hellip;]","protected":false},"author":3,"featured_media":7012,"comment_status":"closed","ping_status":"closed","sticky":false,"template":"","format":"standard","meta":{"loftocean-featured-post":"","loftocean_post_format_gallery":"","loftocean_post_format_gallery_ids":"","loftocean_post_format_gallery_urls":"","loftocean_post_format_video_id":"","loftocean_post_format_video_url":"","loftocean_post_format_video_type":"","loftocean_post_format_video":"","loftocean_post_format_audio_type":"","loftocean_post_format_audio_url":"","loftocean_post_format_audio_id":"","loftocean_post_format_audio":"","loftocean_post_format_quote_text":"","loftocean_post_format_quote_byline":"","loftocean_post_format_link_text":"","loftocean_post_format_link_url":"","ceramag_post_header_style":"","ceramag_enable_background_video":"","ceramag_show_in_top_slider":"","ceramag_post_background_video_start":"","ceramag_post_background_video_end":"","loftocean_page_background_video_id":"","loftocean_page_background_video_url":"","loftocean_page_background_video_type":"","loftocean_page_background_video":"","ceramag_background_video_start":"","ceramag_background_video_end":"","ceramag_single_page_hide_header":"","footnotes":""},"categories":[35],"tags":[487,41,1101,53,637,579],"class_list":["post-7009","post","type-post","status-publish","format-standard","has-post-thumbnail","hentry","category-politica-y-sociedad","tag-canamo","tag-cannabis","tag-drogotest","tag-investigacion","tag-ley-mordaza","tag-oeccc"],"yoast_head":"<!-- This site is optimized with the Yoast SEO plugin v24.9 - https:\/\/yoast.com\/wordpress\/plugins\/seo\/ -->\n<title>Cannabis, ciencia y derecho: ma\u00f1ana a las 17h<\/title>\n<meta name=\"description\" content=\"Entrada &#8226; Portal multimedia sobre cannabis y otras sustancias &#8226; 3 mayo, 2021\" \/>\n<meta name=\"robots\" content=\"index, follow, max-snippet:-1, max-image-preview:large, max-video-preview:-1\" \/>\n<link rel=\"canonical\" href=\"https:\/\/www.cannabis.es\/pw\/2021\/05\/03\/cannabis-ciencia-y-derecho-manana-a-las-17h\/\" \/>\n<meta name=\"twitter:card\" content=\"summary_large_image\" \/>\n<meta name=\"twitter:title\" content=\"Cannabis, ciencia y derecho: ma\u00f1ana a las 17h\" \/>\n<meta name=\"twitter:description\" content=\"Entrada &#8226; Portal multimedia sobre cannabis y otras sustancias &#8226; 3 mayo, 2021\" \/>\n<meta name=\"twitter:image\" content=\"https:\/\/www.cannabis.es\/pw\/wp-content\/uploads\/2021\/05\/WhatsApp-Image-2021-05-03-at-12.57.30.jpeg\" \/>\n<meta name=\"twitter:creator\" content=\"@cannabis_es\" \/>\n<meta name=\"twitter:site\" content=\"@cannabis_es\" \/>\n<meta name=\"twitter:label1\" content=\"Escrito por\" \/>\n\t<meta name=\"twitter:data1\" content=\"Cannabis.es\" \/>\n\t<meta name=\"twitter:label2\" content=\"Tiempo de lectura\" \/>\n\t<meta name=\"twitter:data2\" content=\"6 minutos\" \/>\n<script type=\"application\/ld+json\" class=\"yoast-schema-graph\">{\"@context\":\"https:\/\/schema.org\",\"@graph\":[{\"@type\":\"Article\",\"@id\":\"https:\/\/www.cannabis.es\/pw\/2021\/05\/03\/cannabis-ciencia-y-derecho-manana-a-las-17h\/#article\",\"isPartOf\":{\"@id\":\"https:\/\/www.cannabis.es\/pw\/2021\/05\/03\/cannabis-ciencia-y-derecho-manana-a-las-17h\/\"},\"author\":{\"name\":\"Cannabis.es\",\"@id\":\"https:\/\/www.cannabis.es\/pw\/#\/schema\/person\/ec770c03f3e99d770687f537f4ba1e89\"},\"headline\":\"Cannabis, ciencia y derecho: ma\u00f1ana a las 17h\",\"datePublished\":\"2021-05-03T10:56:26+00:00\",\"dateModified\":\"2021-05-03T11:01:00+00:00\",\"mainEntityOfPage\":{\"@id\":\"https:\/\/www.cannabis.es\/pw\/2021\/05\/03\/cannabis-ciencia-y-derecho-manana-a-las-17h\/\"},\"wordCount\":1157,\"publisher\":{\"@id\":\"https:\/\/www.cannabis.es\/pw\/#organization\"},\"image\":{\"@id\":\"https:\/\/www.cannabis.es\/pw\/2021\/05\/03\/cannabis-ciencia-y-derecho-manana-a-las-17h\/#primaryimage\"},\"thumbnailUrl\":\"https:\/\/www.cannabis.es\/pw\/wp-content\/uploads\/2021\/05\/WhatsApp-Image-2021-05-03-at-12.57.30.jpeg\",\"keywords\":[\"c\u00e1\u00f1amo\",\"cannabis\",\"drogotest\",\"investigaci\u00f3n\",\"Ley Mordaza\",\"OECCC\"],\"articleSection\":[\"Pol\u00edtica y Sociedad\"],\"inLanguage\":\"es\"},{\"@type\":\"WebPage\",\"@id\":\"https:\/\/www.cannabis.es\/pw\/2021\/05\/03\/cannabis-ciencia-y-derecho-manana-a-las-17h\/\",\"url\":\"https:\/\/www.cannabis.es\/pw\/2021\/05\/03\/cannabis-ciencia-y-derecho-manana-a-las-17h\/\",\"name\":\"Cannabis, ciencia y derecho: ma\u00f1ana a las 17h\",\"isPartOf\":{\"@id\":\"https:\/\/www.cannabis.es\/pw\/#website\"},\"primaryImageOfPage\":{\"@id\":\"https:\/\/www.cannabis.es\/pw\/2021\/05\/03\/cannabis-ciencia-y-derecho-manana-a-las-17h\/#primaryimage\"},\"image\":{\"@id\":\"https:\/\/www.cannabis.es\/pw\/2021\/05\/03\/cannabis-ciencia-y-derecho-manana-a-las-17h\/#primaryimage\"},\"thumbnailUrl\":\"https:\/\/www.cannabis.es\/pw\/wp-content\/uploads\/2021\/05\/WhatsApp-Image-2021-05-03-at-12.57.30.jpeg\",\"datePublished\":\"2021-05-03T10:56:26+00:00\",\"dateModified\":\"2021-05-03T11:01:00+00:00\",\"description\":\"Entrada &#8226; Portal multimedia sobre cannabis y otras sustancias &#8226; 3 mayo, 2021\",\"breadcrumb\":{\"@id\":\"https:\/\/www.cannabis.es\/pw\/2021\/05\/03\/cannabis-ciencia-y-derecho-manana-a-las-17h\/#breadcrumb\"},\"inLanguage\":\"es\",\"potentialAction\":[{\"@type\":\"ReadAction\",\"target\":[\"https:\/\/www.cannabis.es\/pw\/2021\/05\/03\/cannabis-ciencia-y-derecho-manana-a-las-17h\/\"]}]},{\"@type\":\"ImageObject\",\"inLanguage\":\"es\",\"@id\":\"https:\/\/www.cannabis.es\/pw\/2021\/05\/03\/cannabis-ciencia-y-derecho-manana-a-las-17h\/#primaryimage\",\"url\":\"https:\/\/www.cannabis.es\/pw\/wp-content\/uploads\/2021\/05\/WhatsApp-Image-2021-05-03-at-12.57.30.jpeg\",\"contentUrl\":\"https:\/\/www.cannabis.es\/pw\/wp-content\/uploads\/2021\/05\/WhatsApp-Image-2021-05-03-at-12.57.30.jpeg\",\"width\":800,\"height\":800},{\"@type\":\"BreadcrumbList\",\"@id\":\"https:\/\/www.cannabis.es\/pw\/2021\/05\/03\/cannabis-ciencia-y-derecho-manana-a-las-17h\/#breadcrumb\",\"itemListElement\":[{\"@type\":\"ListItem\",\"position\":1,\"name\":\"Portada\",\"item\":\"http:\/\/www.cannabis.es\/pw\/\"},{\"@type\":\"ListItem\",\"position\":2,\"name\":\"Cannabis, ciencia y derecho: ma\u00f1ana a las 17h\"}]},{\"@type\":\"WebSite\",\"@id\":\"https:\/\/www.cannabis.es\/pw\/#website\",\"url\":\"https:\/\/www.cannabis.es\/pw\/\",\"name\":\"Cannabis\",\"description\":\"Portal multimedia sobre cannabis y otras sustancias\",\"publisher\":{\"@id\":\"https:\/\/www.cannabis.es\/pw\/#organization\"},\"potentialAction\":[{\"@type\":\"SearchAction\",\"target\":{\"@type\":\"EntryPoint\",\"urlTemplate\":\"https:\/\/www.cannabis.es\/pw\/?s={search_term_string}\"},\"query-input\":{\"@type\":\"PropertyValueSpecification\",\"valueRequired\":true,\"valueName\":\"search_term_string\"}}],\"inLanguage\":\"es\"},{\"@type\":\"Organization\",\"@id\":\"https:\/\/www.cannabis.es\/pw\/#organization\",\"name\":\"Cannabis.es\",\"url\":\"https:\/\/www.cannabis.es\/pw\/\",\"logo\":{\"@type\":\"ImageObject\",\"inLanguage\":\"es\",\"@id\":\"https:\/\/www.cannabis.es\/pw\/#\/schema\/logo\/image\/\",\"url\":\"https:\/\/www.cannabis.es\/pw\/wp-content\/uploads\/2019\/04\/cropped-logo_cannabis.png\",\"contentUrl\":\"https:\/\/www.cannabis.es\/pw\/wp-content\/uploads\/2019\/04\/cropped-logo_cannabis.png\",\"width\":361,\"height\":120,\"caption\":\"Cannabis.es\"},\"image\":{\"@id\":\"https:\/\/www.cannabis.es\/pw\/#\/schema\/logo\/image\/\"},\"sameAs\":[\"https:\/\/x.com\/cannabis_es\"]},{\"@type\":\"Person\",\"@id\":\"https:\/\/www.cannabis.es\/pw\/#\/schema\/person\/ec770c03f3e99d770687f537f4ba1e89\",\"name\":\"Cannabis.es\",\"image\":{\"@type\":\"ImageObject\",\"inLanguage\":\"es\",\"@id\":\"https:\/\/www.cannabis.es\/pw\/#\/schema\/person\/image\/\",\"url\":\"https:\/\/secure.gravatar.com\/avatar\/810c93a3d6fadc3d9c2665b1d919a4aedea8ed4dd63689d001e985a804e90d83?s=96&d=mm&r=g\",\"contentUrl\":\"https:\/\/secure.gravatar.com\/avatar\/810c93a3d6fadc3d9c2665b1d919a4aedea8ed4dd63689d001e985a804e90d83?s=96&d=mm&r=g\",\"caption\":\"Cannabis.es\"},\"url\":\"https:\/\/www.cannabis.es\/pw\/author\/arnau\/\"}]}<\/script>\n<!-- \/ Yoast SEO plugin. -->","yoast_head_json":{"title":"Cannabis, ciencia y derecho: ma\u00f1ana a las 17h","description":"Entrada &#8226; Portal multimedia sobre cannabis y otras sustancias &#8226; 3 mayo, 2021","robots":{"index":"index","follow":"follow","max-snippet":"max-snippet:-1","max-image-preview":"max-image-preview:large","max-video-preview":"max-video-preview:-1"},"canonical":"https:\/\/www.cannabis.es\/pw\/2021\/05\/03\/cannabis-ciencia-y-derecho-manana-a-las-17h\/","twitter_card":"summary_large_image","twitter_title":"Cannabis, ciencia y derecho: ma\u00f1ana a las 17h","twitter_description":"Entrada &#8226; Portal multimedia sobre cannabis y otras sustancias &#8226; 3 mayo, 2021","twitter_image":"https:\/\/www.cannabis.es\/pw\/wp-content\/uploads\/2021\/05\/WhatsApp-Image-2021-05-03-at-12.57.30.jpeg","twitter_creator":"@cannabis_es","twitter_site":"@cannabis_es","twitter_misc":{"Escrito por":"Cannabis.es","Tiempo de lectura":"6 minutos"},"schema":{"@context":"https:\/\/schema.org","@graph":[{"@type":"Article","@id":"https:\/\/www.cannabis.es\/pw\/2021\/05\/03\/cannabis-ciencia-y-derecho-manana-a-las-17h\/#article","isPartOf":{"@id":"https:\/\/www.cannabis.es\/pw\/2021\/05\/03\/cannabis-ciencia-y-derecho-manana-a-las-17h\/"},"author":{"name":"Cannabis.es","@id":"https:\/\/www.cannabis.es\/pw\/#\/schema\/person\/ec770c03f3e99d770687f537f4ba1e89"},"headline":"Cannabis, ciencia y derecho: ma\u00f1ana a las 17h","datePublished":"2021-05-03T10:56:26+00:00","dateModified":"2021-05-03T11:01:00+00:00","mainEntityOfPage":{"@id":"https:\/\/www.cannabis.es\/pw\/2021\/05\/03\/cannabis-ciencia-y-derecho-manana-a-las-17h\/"},"wordCount":1157,"publisher":{"@id":"https:\/\/www.cannabis.es\/pw\/#organization"},"image":{"@id":"https:\/\/www.cannabis.es\/pw\/2021\/05\/03\/cannabis-ciencia-y-derecho-manana-a-las-17h\/#primaryimage"},"thumbnailUrl":"https:\/\/www.cannabis.es\/pw\/wp-content\/uploads\/2021\/05\/WhatsApp-Image-2021-05-03-at-12.57.30.jpeg","keywords":["c\u00e1\u00f1amo","cannabis","drogotest","investigaci\u00f3n","Ley Mordaza","OECCC"],"articleSection":["Pol\u00edtica y Sociedad"],"inLanguage":"es"},{"@type":"WebPage","@id":"https:\/\/www.cannabis.es\/pw\/2021\/05\/03\/cannabis-ciencia-y-derecho-manana-a-las-17h\/","url":"https:\/\/www.cannabis.es\/pw\/2021\/05\/03\/cannabis-ciencia-y-derecho-manana-a-las-17h\/","name":"Cannabis, ciencia y derecho: ma\u00f1ana a las 17h","isPartOf":{"@id":"https:\/\/www.cannabis.es\/pw\/#website"},"primaryImageOfPage":{"@id":"https:\/\/www.cannabis.es\/pw\/2021\/05\/03\/cannabis-ciencia-y-derecho-manana-a-las-17h\/#primaryimage"},"image":{"@id":"https:\/\/www.cannabis.es\/pw\/2021\/05\/03\/cannabis-ciencia-y-derecho-manana-a-las-17h\/#primaryimage"},"thumbnailUrl":"https:\/\/www.cannabis.es\/pw\/wp-content\/uploads\/2021\/05\/WhatsApp-Image-2021-05-03-at-12.57.30.jpeg","datePublished":"2021-05-03T10:56:26+00:00","dateModified":"2021-05-03T11:01:00+00:00","description":"Entrada &#8226; Portal multimedia sobre cannabis y otras sustancias &#8226; 3 mayo, 2021","breadcrumb":{"@id":"https:\/\/www.cannabis.es\/pw\/2021\/05\/03\/cannabis-ciencia-y-derecho-manana-a-las-17h\/#breadcrumb"},"inLanguage":"es","potentialAction":[{"@type":"ReadAction","target":["https:\/\/www.cannabis.es\/pw\/2021\/05\/03\/cannabis-ciencia-y-derecho-manana-a-las-17h\/"]}]},{"@type":"ImageObject","inLanguage":"es","@id":"https:\/\/www.cannabis.es\/pw\/2021\/05\/03\/cannabis-ciencia-y-derecho-manana-a-las-17h\/#primaryimage","url":"https:\/\/www.cannabis.es\/pw\/wp-content\/uploads\/2021\/05\/WhatsApp-Image-2021-05-03-at-12.57.30.jpeg","contentUrl":"https:\/\/www.cannabis.es\/pw\/wp-content\/uploads\/2021\/05\/WhatsApp-Image-2021-05-03-at-12.57.30.jpeg","width":800,"height":800},{"@type":"BreadcrumbList","@id":"https:\/\/www.cannabis.es\/pw\/2021\/05\/03\/cannabis-ciencia-y-derecho-manana-a-las-17h\/#breadcrumb","itemListElement":[{"@type":"ListItem","position":1,"name":"Portada","item":"http:\/\/www.cannabis.es\/pw\/"},{"@type":"ListItem","position":2,"name":"Cannabis, ciencia y derecho: ma\u00f1ana a las 17h"}]},{"@type":"WebSite","@id":"https:\/\/www.cannabis.es\/pw\/#website","url":"https:\/\/www.cannabis.es\/pw\/","name":"Cannabis","description":"Portal multimedia sobre cannabis y otras sustancias","publisher":{"@id":"https:\/\/www.cannabis.es\/pw\/#organization"},"potentialAction":[{"@type":"SearchAction","target":{"@type":"EntryPoint","urlTemplate":"https:\/\/www.cannabis.es\/pw\/?s={search_term_string}"},"query-input":{"@type":"PropertyValueSpecification","valueRequired":true,"valueName":"search_term_string"}}],"inLanguage":"es"},{"@type":"Organization","@id":"https:\/\/www.cannabis.es\/pw\/#organization","name":"Cannabis.es","url":"https:\/\/www.cannabis.es\/pw\/","logo":{"@type":"ImageObject","inLanguage":"es","@id":"https:\/\/www.cannabis.es\/pw\/#\/schema\/logo\/image\/","url":"https:\/\/www.cannabis.es\/pw\/wp-content\/uploads\/2019\/04\/cropped-logo_cannabis.png","contentUrl":"https:\/\/www.cannabis.es\/pw\/wp-content\/uploads\/2019\/04\/cropped-logo_cannabis.png","width":361,"height":120,"caption":"Cannabis.es"},"image":{"@id":"https:\/\/www.cannabis.es\/pw\/#\/schema\/logo\/image\/"},"sameAs":["https:\/\/x.com\/cannabis_es"]},{"@type":"Person","@id":"https:\/\/www.cannabis.es\/pw\/#\/schema\/person\/ec770c03f3e99d770687f537f4ba1e89","name":"Cannabis.es","image":{"@type":"ImageObject","inLanguage":"es","@id":"https:\/\/www.cannabis.es\/pw\/#\/schema\/person\/image\/","url":"https:\/\/secure.gravatar.com\/avatar\/810c93a3d6fadc3d9c2665b1d919a4aedea8ed4dd63689d001e985a804e90d83?s=96&d=mm&r=g","contentUrl":"https:\/\/secure.gravatar.com\/avatar\/810c93a3d6fadc3d9c2665b1d919a4aedea8ed4dd63689d001e985a804e90d83?s=96&d=mm&r=g","caption":"Cannabis.es"},"url":"https:\/\/www.cannabis.es\/pw\/author\/arnau\/"}]}},"_links":{"self":[{"href":"https:\/\/www.cannabis.es\/pw\/wp-json\/wp\/v2\/posts\/7009","targetHints":{"allow":["GET"]}}],"collection":[{"href":"https:\/\/www.cannabis.es\/pw\/wp-json\/wp\/v2\/posts"}],"about":[{"href":"https:\/\/www.cannabis.es\/pw\/wp-json\/wp\/v2\/types\/post"}],"author":[{"embeddable":true,"href":"https:\/\/www.cannabis.es\/pw\/wp-json\/wp\/v2\/users\/3"}],"replies":[{"embeddable":true,"href":"https:\/\/www.cannabis.es\/pw\/wp-json\/wp\/v2\/comments?post=7009"}],"version-history":[{"count":2,"href":"https:\/\/www.cannabis.es\/pw\/wp-json\/wp\/v2\/posts\/7009\/revisions"}],"predecessor-version":[{"id":7013,"href":"https:\/\/www.cannabis.es\/pw\/wp-json\/wp\/v2\/posts\/7009\/revisions\/7013"}],"wp:featuredmedia":[{"embeddable":true,"href":"https:\/\/www.cannabis.es\/pw\/wp-json\/wp\/v2\/media\/7012"}],"wp:attachment":[{"href":"https:\/\/www.cannabis.es\/pw\/wp-json\/wp\/v2\/media?parent=7009"}],"wp:term":[{"taxonomy":"category","embeddable":true,"href":"https:\/\/www.cannabis.es\/pw\/wp-json\/wp\/v2\/categories?post=7009"},{"taxonomy":"post_tag","embeddable":true,"href":"https:\/\/www.cannabis.es\/pw\/wp-json\/wp\/v2\/tags?post=7009"}],"curies":[{"name":"wp","href":"https:\/\/api.w.org\/{rel}","templated":true}]}}