{"id":7032,"date":"2021-05-07T13:29:55","date_gmt":"2021-05-07T11:29:55","guid":{"rendered":"https:\/\/www.cannabis.es\/pw\/?p=7032"},"modified":"2021-05-07T13:57:07","modified_gmt":"2021-05-07T11:57:07","slug":"francia-presenta-un-informe-favorable-a-la-legalizacion-y-la-derecha-se-desmarca","status":"publish","type":"post","link":"https:\/\/www.cannabis.es\/pw\/2021\/05\/07\/francia-presenta-un-informe-favorable-a-la-legalizacion-y-la-derecha-se-desmarca\/","title":{"rendered":"Francia presenta un informe favorable a la legalizaci\u00f3n y la derecha se desmarca"},"content":{"rendered":"\n<p>Arnau Alcaide<br><br>Los liberales de La Rep\u00fablica en Marcha de Emanuel Macron en Francia presentaron el pasado mi\u00e9rcoles en el Congreso un informe de casi <a href=\"https:\/\/www2.assemblee-nationale.fr\/content\/download\/341940\/3351816\/version\/1\/file\/210505+Rapport+cannabis+recreatif.pdf\">300 p\u00e1ginas<\/a> favorable a la legalizaci\u00f3n del cannabis recreativo. Aunque el informe ven\u00eda con el apoyo de parte del partido democratacristiano Los Republicanos, estos, que controlan un tercio del Senado, se han desmarcado en las \u00faltimas horas a trav\u00e9s de su portavoz en la comisi\u00f3n espec\u00edfica, Robin Reda, que anteriormente s\u00ed se hab\u00eda pronunciado a favor.<\/p>\n\n\n\n<p>El informe se present\u00f3 porro en mano en el Congreso, pero se muestra cauto hacia abrir un debate y no debemos esperar una regulaci\u00f3n inmediata. Francia hab\u00eda creado un grupo de estudios del cannabis para diputados que viene emitiendo informes, recomendaciones y adaptaciones regulatorias. Este grupo es el responsable de haber abordado, despu\u00e9s del cannabis medicinal y el CBD, <a href=\"https:\/\/www.cannabis.es\/pw\/2021\/01\/14\/francia-deslumbra-a-espana-encuestando-sobre-cannabis-recreativo\/\">la encuesta sobre cannabis recreativo<\/a> a la poblaci\u00f3n francesa, que ha acompa\u00f1ado al trabajo acad\u00e9mico hacia este informe.<\/p>\n\n\n\n<p>Con el apoyo de un 80% de la poblaci\u00f3n revelado por la encuesta y las cifras de la prohibici\u00f3n, que se facilitan en un <a href=\"https:\/\/www2.assemblee-nationale.fr\/static\/15\/mission-information\/DP_Cannabis_05.05.21.pdf\">desglose para la prensa<\/a>, la legalizaci\u00f3n depender\u00e1 ahora del juego pol\u00edtico. La Rep\u00fablica en Marcha podr\u00eda saltarse al Senado si Los Republicanos no la apoyan, pero <a href=\"https:\/\/www.lefigaro.fr\/actualite-france\/cannabis-la-strategie-de-macron-parasitee-20210505\">el peri\u00f3dico franc\u00e9s Le Figaro ya apunta a divisiones entre los del Presidente Macron<\/a>. En el v\u00eddeo para presentar el informe a la ciudadan\u00eda que ha colgado el Congreso en su web, <a href=\"http:\/\/event.assemblee-nationale.fr\/video.10722937_60925b4d0f2be.reglementation-et-impact-des-differents-usages-du-cannabis---presentation-du-rapport-thematique-5-mai-2021\">solo aparecen dos diputados de la comisi\u00f3n espec\u00edfica de La Rep\u00fablica en Marcha.<\/a><\/p>\n\n\n\n<figure class=\"wp-block-image size-large\"><img loading=\"lazy\" decoding=\"async\" width=\"804\" height=\"532\" src=\"https:\/\/www.cannabis.es\/pw\/wp-content\/uploads\/2021\/05\/parlamento-francia.jpg\" alt=\"\" class=\"wp-image-7034\" srcset=\"https:\/\/www.cannabis.es\/pw\/wp-content\/uploads\/2021\/05\/parlamento-francia.jpg 804w, https:\/\/www.cannabis.es\/pw\/wp-content\/uploads\/2021\/05\/parlamento-francia-300x199.jpg 300w, https:\/\/www.cannabis.es\/pw\/wp-content\/uploads\/2021\/05\/parlamento-francia-768x508.jpg 768w, https:\/\/www.cannabis.es\/pw\/wp-content\/uploads\/2021\/05\/parlamento-francia-600x397.jpg 600w\" sizes=\"auto, (max-width: 804px) 100vw, 804px\" \/><\/figure>\n\n\n\n\n\n\n\n<h2 class=\"wp-block-heading\">Algunas cifras con datos del 2018: sube la represi\u00f3n<\/h2>\n\n\n\n<p>-18 millones de franceses lo han probado, 5 lo toman anualmente, 1.5 regularmente y 0.9 a diario.<\/p>\n\n\n\n<p>-El equivalente a 600 trabajos a tiempo completo de polic\u00eda, sufragados por todos, dedicados a perseguirla posesi\u00f3n simple o el uso personal exclusivamente.<\/p>\n\n\n\n<p>-El 86% de las multas es por uso personal de cannabis. <\/p>\n\n\n\n<p>-La guerra contra las drogas cost\u00f3, solo en 2018, 1.080 millones de euros.<\/p>\n\n\n\n<p>-76,804 condenas por incumplimiento de la legislaci\u00f3n sobre estupefacientes en 2018 (contra 34.000 en 2004), m\u00e1s de la mitad posesi\u00f3n simple o uso personal<\/p>\n\n\n\n<p>-El 12% de las condenas son por delitos relacionados con el cannabis, frente al 8% de 2008.<\/p>\n\n\n\n<h2 class=\"wp-block-heading\">\u00abNunca ha habido tantos traficantes como con Macron\u00bb<\/h2>\n\n\n\n<p>Con una ret\u00f3rica de reforzar la seguridad muy contundente en busca del voto del miedo para las elecciones en el pa\u00eds en 2022, el comisionario de la derecha Robin Reda ha sostenido que \u00abnunca ha habido tantos traficantes y consumidores como en los tiempos de Emanuel Macron\u00bb. Y pese a que se mostr\u00f3 favorable en el pasado porque \u00abnadie pod\u00eda estar satisfecho cuando la actual pol\u00edtica represiva no est\u00e1 funcionando\u00bb, ahora mantiene que \u00ablos franceses no ven c\u00f3mo la legalizaci\u00f3n va a solventar los problemas de seguridad, salud y econom\u00eda sumergida del ma\u00f1ana\u00bb, algo que <a href=\"https:\/\/goodwordnews.com\/after-the-assaults-of-emmanuel-macron-the-right-counterattacks\/\">desde la prensa nacional interpretan como una llamada al alineamiento con el partido del diputado de 30 a\u00f1os<\/a>.<\/p>\n","protected":false},"excerpt":{"rendered":"<span class=\"span-reading-time rt-reading-time\" style=\"display: block;\"><span class=\"rt-label rt-prefix\">Tiempo de lectura:<\/span> <span class=\"rt-time\"> 2<\/span> <span class=\"rt-label rt-postfix\">minutos<\/span><\/span>Arnau AlcaideLos liberales de La Rep\u00fablica en Marcha de Emanuel Macron en Francia presentaron el pasado mi\u00e9rcoles en el Congreso un informe de casi 300 p\u00e1ginas favorable a la legalizaci\u00f3n del cannabis recreativo. Aunque el informe ven\u00eda con el apoyo de parte del partido democratacristiano Los Republicanos, estos, que controlan un tercio del Senado, se [&hellip;]","protected":false},"author":3,"featured_media":7034,"comment_status":"closed","ping_status":"closed","sticky":false,"template":"","format":"standard","meta":{"loftocean-featured-post":"","loftocean_post_format_gallery":"","loftocean_post_format_gallery_ids":"","loftocean_post_format_gallery_urls":"","loftocean_post_format_video_id":"","loftocean_post_format_video_url":"","loftocean_post_format_video_type":"","loftocean_post_format_video":"","loftocean_post_format_audio_type":"","loftocean_post_format_audio_url":"","loftocean_post_format_audio_id":"","loftocean_post_format_audio":"","loftocean_post_format_quote_text":"","loftocean_post_format_quote_byline":"","loftocean_post_format_link_text":"","loftocean_post_format_link_url":"","ceramag_post_header_style":"","ceramag_enable_background_video":"","ceramag_show_in_top_slider":"","ceramag_post_background_video_start":"","ceramag_post_background_video_end":"","loftocean_page_background_video_id":"","loftocean_page_background_video_url":"","loftocean_page_background_video_type":"","loftocean_page_background_video":"","ceramag_background_video_start":"","ceramag_background_video_end":"","ceramag_single_page_hide_header":"","footnotes":""},"categories":[35],"tags":[540,41,534,54,42],"class_list":["post-7032","post","type-post","status-publish","format-standard","has-post-thumbnail","hentry","category-politica-y-sociedad","tag-arnau-alcaide","tag-cannabis","tag-francia","tag-legalizacion","tag-politica"],"yoast_head":"<!-- This site is optimized with the Yoast SEO plugin v24.9 - https:\/\/yoast.com\/wordpress\/plugins\/seo\/ -->\n<title>Francia presenta un informe favorable a la legalizaci\u00f3n y la derecha se desmarca<\/title>\n<meta name=\"description\" content=\"Entrada &#8226; Portal multimedia sobre cannabis y otras sustancias &#8226; 7 mayo, 2021\" \/>\n<meta name=\"robots\" content=\"index, follow, max-snippet:-1, max-image-preview:large, max-video-preview:-1\" \/>\n<link rel=\"canonical\" href=\"https:\/\/www.cannabis.es\/pw\/2021\/05\/07\/francia-presenta-un-informe-favorable-a-la-legalizacion-y-la-derecha-se-desmarca\/\" \/>\n<meta name=\"twitter:card\" content=\"summary_large_image\" \/>\n<meta name=\"twitter:title\" content=\"Francia presenta un informe favorable a la legalizaci\u00f3n y la derecha se desmarca\" \/>\n<meta name=\"twitter:description\" content=\"Entrada &#8226; Portal multimedia sobre cannabis y otras sustancias &#8226; 7 mayo, 2021\" \/>\n<meta name=\"twitter:image\" content=\"https:\/\/www.cannabis.es\/pw\/wp-content\/uploads\/2021\/05\/parlamento-francia.jpg\" \/>\n<meta name=\"twitter:creator\" content=\"@cannabis_es\" \/>\n<meta name=\"twitter:site\" content=\"@cannabis_es\" \/>\n<meta name=\"twitter:label1\" content=\"Escrito por\" \/>\n\t<meta name=\"twitter:data1\" content=\"Cannabis.es\" \/>\n\t<meta name=\"twitter:label2\" content=\"Tiempo de lectura\" \/>\n\t<meta name=\"twitter:data2\" content=\"3 minutos\" \/>\n<script type=\"application\/ld+json\" class=\"yoast-schema-graph\">{\"@context\":\"https:\/\/schema.org\",\"@graph\":[{\"@type\":\"Article\",\"@id\":\"https:\/\/www.cannabis.es\/pw\/2021\/05\/07\/francia-presenta-un-informe-favorable-a-la-legalizacion-y-la-derecha-se-desmarca\/#article\",\"isPartOf\":{\"@id\":\"https:\/\/www.cannabis.es\/pw\/2021\/05\/07\/francia-presenta-un-informe-favorable-a-la-legalizacion-y-la-derecha-se-desmarca\/\"},\"author\":{\"name\":\"Cannabis.es\",\"@id\":\"https:\/\/www.cannabis.es\/pw\/#\/schema\/person\/ec770c03f3e99d770687f537f4ba1e89\"},\"headline\":\"Francia presenta un informe favorable a la legalizaci\u00f3n y la derecha se desmarca\",\"datePublished\":\"2021-05-07T11:29:55+00:00\",\"dateModified\":\"2021-05-07T11:57:07+00:00\",\"mainEntityOfPage\":{\"@id\":\"https:\/\/www.cannabis.es\/pw\/2021\/05\/07\/francia-presenta-un-informe-favorable-a-la-legalizacion-y-la-derecha-se-desmarca\/\"},\"wordCount\":527,\"publisher\":{\"@id\":\"https:\/\/www.cannabis.es\/pw\/#organization\"},\"image\":{\"@id\":\"https:\/\/www.cannabis.es\/pw\/2021\/05\/07\/francia-presenta-un-informe-favorable-a-la-legalizacion-y-la-derecha-se-desmarca\/#primaryimage\"},\"thumbnailUrl\":\"https:\/\/www.cannabis.es\/pw\/wp-content\/uploads\/2021\/05\/parlamento-francia.jpg\",\"keywords\":[\"Arnau Alcaide\",\"cannabis\",\"Francia\",\"legalizaci\u00f3n\",\"pol\u00edtica\"],\"articleSection\":[\"Pol\u00edtica y Sociedad\"],\"inLanguage\":\"es\"},{\"@type\":\"WebPage\",\"@id\":\"https:\/\/www.cannabis.es\/pw\/2021\/05\/07\/francia-presenta-un-informe-favorable-a-la-legalizacion-y-la-derecha-se-desmarca\/\",\"url\":\"https:\/\/www.cannabis.es\/pw\/2021\/05\/07\/francia-presenta-un-informe-favorable-a-la-legalizacion-y-la-derecha-se-desmarca\/\",\"name\":\"Francia presenta un informe favorable a la legalizaci\u00f3n y la derecha se desmarca\",\"isPartOf\":{\"@id\":\"https:\/\/www.cannabis.es\/pw\/#website\"},\"primaryImageOfPage\":{\"@id\":\"https:\/\/www.cannabis.es\/pw\/2021\/05\/07\/francia-presenta-un-informe-favorable-a-la-legalizacion-y-la-derecha-se-desmarca\/#primaryimage\"},\"image\":{\"@id\":\"https:\/\/www.cannabis.es\/pw\/2021\/05\/07\/francia-presenta-un-informe-favorable-a-la-legalizacion-y-la-derecha-se-desmarca\/#primaryimage\"},\"thumbnailUrl\":\"https:\/\/www.cannabis.es\/pw\/wp-content\/uploads\/2021\/05\/parlamento-francia.jpg\",\"datePublished\":\"2021-05-07T11:29:55+00:00\",\"dateModified\":\"2021-05-07T11:57:07+00:00\",\"description\":\"Entrada &#8226; Portal multimedia sobre cannabis y otras sustancias &#8226; 7 mayo, 2021\",\"breadcrumb\":{\"@id\":\"https:\/\/www.cannabis.es\/pw\/2021\/05\/07\/francia-presenta-un-informe-favorable-a-la-legalizacion-y-la-derecha-se-desmarca\/#breadcrumb\"},\"inLanguage\":\"es\",\"potentialAction\":[{\"@type\":\"ReadAction\",\"target\":[\"https:\/\/www.cannabis.es\/pw\/2021\/05\/07\/francia-presenta-un-informe-favorable-a-la-legalizacion-y-la-derecha-se-desmarca\/\"]}]},{\"@type\":\"ImageObject\",\"inLanguage\":\"es\",\"@id\":\"https:\/\/www.cannabis.es\/pw\/2021\/05\/07\/francia-presenta-un-informe-favorable-a-la-legalizacion-y-la-derecha-se-desmarca\/#primaryimage\",\"url\":\"https:\/\/www.cannabis.es\/pw\/wp-content\/uploads\/2021\/05\/parlamento-francia.jpg\",\"contentUrl\":\"https:\/\/www.cannabis.es\/pw\/wp-content\/uploads\/2021\/05\/parlamento-francia.jpg\",\"width\":804,\"height\":532},{\"@type\":\"BreadcrumbList\",\"@id\":\"https:\/\/www.cannabis.es\/pw\/2021\/05\/07\/francia-presenta-un-informe-favorable-a-la-legalizacion-y-la-derecha-se-desmarca\/#breadcrumb\",\"itemListElement\":[{\"@type\":\"ListItem\",\"position\":1,\"name\":\"Portada\",\"item\":\"http:\/\/www.cannabis.es\/pw\/\"},{\"@type\":\"ListItem\",\"position\":2,\"name\":\"Francia presenta un informe favorable a la legalizaci\u00f3n y la derecha se desmarca\"}]},{\"@type\":\"WebSite\",\"@id\":\"https:\/\/www.cannabis.es\/pw\/#website\",\"url\":\"https:\/\/www.cannabis.es\/pw\/\",\"name\":\"Cannabis\",\"description\":\"Portal multimedia sobre cannabis y otras sustancias\",\"publisher\":{\"@id\":\"https:\/\/www.cannabis.es\/pw\/#organization\"},\"potentialAction\":[{\"@type\":\"SearchAction\",\"target\":{\"@type\":\"EntryPoint\",\"urlTemplate\":\"https:\/\/www.cannabis.es\/pw\/?s={search_term_string}\"},\"query-input\":{\"@type\":\"PropertyValueSpecification\",\"valueRequired\":true,\"valueName\":\"search_term_string\"}}],\"inLanguage\":\"es\"},{\"@type\":\"Organization\",\"@id\":\"https:\/\/www.cannabis.es\/pw\/#organization\",\"name\":\"Cannabis.es\",\"url\":\"https:\/\/www.cannabis.es\/pw\/\",\"logo\":{\"@type\":\"ImageObject\",\"inLanguage\":\"es\",\"@id\":\"https:\/\/www.cannabis.es\/pw\/#\/schema\/logo\/image\/\",\"url\":\"https:\/\/www.cannabis.es\/pw\/wp-content\/uploads\/2019\/04\/cropped-logo_cannabis.png\",\"contentUrl\":\"https:\/\/www.cannabis.es\/pw\/wp-content\/uploads\/2019\/04\/cropped-logo_cannabis.png\",\"width\":361,\"height\":120,\"caption\":\"Cannabis.es\"},\"image\":{\"@id\":\"https:\/\/www.cannabis.es\/pw\/#\/schema\/logo\/image\/\"},\"sameAs\":[\"https:\/\/x.com\/cannabis_es\"]},{\"@type\":\"Person\",\"@id\":\"https:\/\/www.cannabis.es\/pw\/#\/schema\/person\/ec770c03f3e99d770687f537f4ba1e89\",\"name\":\"Cannabis.es\",\"image\":{\"@type\":\"ImageObject\",\"inLanguage\":\"es\",\"@id\":\"https:\/\/www.cannabis.es\/pw\/#\/schema\/person\/image\/\",\"url\":\"https:\/\/secure.gravatar.com\/avatar\/810c93a3d6fadc3d9c2665b1d919a4aedea8ed4dd63689d001e985a804e90d83?s=96&d=mm&r=g\",\"contentUrl\":\"https:\/\/secure.gravatar.com\/avatar\/810c93a3d6fadc3d9c2665b1d919a4aedea8ed4dd63689d001e985a804e90d83?s=96&d=mm&r=g\",\"caption\":\"Cannabis.es\"},\"url\":\"https:\/\/www.cannabis.es\/pw\/author\/arnau\/\"}]}<\/script>\n<!-- \/ Yoast SEO plugin. -->","yoast_head_json":{"title":"Francia presenta un informe favorable a la legalizaci\u00f3n y la derecha se desmarca","description":"Entrada &#8226; Portal multimedia sobre cannabis y otras sustancias &#8226; 7 mayo, 2021","robots":{"index":"index","follow":"follow","max-snippet":"max-snippet:-1","max-image-preview":"max-image-preview:large","max-video-preview":"max-video-preview:-1"},"canonical":"https:\/\/www.cannabis.es\/pw\/2021\/05\/07\/francia-presenta-un-informe-favorable-a-la-legalizacion-y-la-derecha-se-desmarca\/","twitter_card":"summary_large_image","twitter_title":"Francia presenta un informe favorable a la legalizaci\u00f3n y la derecha se desmarca","twitter_description":"Entrada &#8226; Portal multimedia sobre cannabis y otras sustancias &#8226; 7 mayo, 2021","twitter_image":"https:\/\/www.cannabis.es\/pw\/wp-content\/uploads\/2021\/05\/parlamento-francia.jpg","twitter_creator":"@cannabis_es","twitter_site":"@cannabis_es","twitter_misc":{"Escrito por":"Cannabis.es","Tiempo de lectura":"3 minutos"},"schema":{"@context":"https:\/\/schema.org","@graph":[{"@type":"Article","@id":"https:\/\/www.cannabis.es\/pw\/2021\/05\/07\/francia-presenta-un-informe-favorable-a-la-legalizacion-y-la-derecha-se-desmarca\/#article","isPartOf":{"@id":"https:\/\/www.cannabis.es\/pw\/2021\/05\/07\/francia-presenta-un-informe-favorable-a-la-legalizacion-y-la-derecha-se-desmarca\/"},"author":{"name":"Cannabis.es","@id":"https:\/\/www.cannabis.es\/pw\/#\/schema\/person\/ec770c03f3e99d770687f537f4ba1e89"},"headline":"Francia presenta un informe favorable a la legalizaci\u00f3n y la derecha se desmarca","datePublished":"2021-05-07T11:29:55+00:00","dateModified":"2021-05-07T11:57:07+00:00","mainEntityOfPage":{"@id":"https:\/\/www.cannabis.es\/pw\/2021\/05\/07\/francia-presenta-un-informe-favorable-a-la-legalizacion-y-la-derecha-se-desmarca\/"},"wordCount":527,"publisher":{"@id":"https:\/\/www.cannabis.es\/pw\/#organization"},"image":{"@id":"https:\/\/www.cannabis.es\/pw\/2021\/05\/07\/francia-presenta-un-informe-favorable-a-la-legalizacion-y-la-derecha-se-desmarca\/#primaryimage"},"thumbnailUrl":"https:\/\/www.cannabis.es\/pw\/wp-content\/uploads\/2021\/05\/parlamento-francia.jpg","keywords":["Arnau Alcaide","cannabis","Francia","legalizaci\u00f3n","pol\u00edtica"],"articleSection":["Pol\u00edtica y Sociedad"],"inLanguage":"es"},{"@type":"WebPage","@id":"https:\/\/www.cannabis.es\/pw\/2021\/05\/07\/francia-presenta-un-informe-favorable-a-la-legalizacion-y-la-derecha-se-desmarca\/","url":"https:\/\/www.cannabis.es\/pw\/2021\/05\/07\/francia-presenta-un-informe-favorable-a-la-legalizacion-y-la-derecha-se-desmarca\/","name":"Francia presenta un informe favorable a la legalizaci\u00f3n y la derecha se desmarca","isPartOf":{"@id":"https:\/\/www.cannabis.es\/pw\/#website"},"primaryImageOfPage":{"@id":"https:\/\/www.cannabis.es\/pw\/2021\/05\/07\/francia-presenta-un-informe-favorable-a-la-legalizacion-y-la-derecha-se-desmarca\/#primaryimage"},"image":{"@id":"https:\/\/www.cannabis.es\/pw\/2021\/05\/07\/francia-presenta-un-informe-favorable-a-la-legalizacion-y-la-derecha-se-desmarca\/#primaryimage"},"thumbnailUrl":"https:\/\/www.cannabis.es\/pw\/wp-content\/uploads\/2021\/05\/parlamento-francia.jpg","datePublished":"2021-05-07T11:29:55+00:00","dateModified":"2021-05-07T11:57:07+00:00","description":"Entrada &#8226; Portal multimedia sobre cannabis y otras sustancias &#8226; 7 mayo, 2021","breadcrumb":{"@id":"https:\/\/www.cannabis.es\/pw\/2021\/05\/07\/francia-presenta-un-informe-favorable-a-la-legalizacion-y-la-derecha-se-desmarca\/#breadcrumb"},"inLanguage":"es","potentialAction":[{"@type":"ReadAction","target":["https:\/\/www.cannabis.es\/pw\/2021\/05\/07\/francia-presenta-un-informe-favorable-a-la-legalizacion-y-la-derecha-se-desmarca\/"]}]},{"@type":"ImageObject","inLanguage":"es","@id":"https:\/\/www.cannabis.es\/pw\/2021\/05\/07\/francia-presenta-un-informe-favorable-a-la-legalizacion-y-la-derecha-se-desmarca\/#primaryimage","url":"https:\/\/www.cannabis.es\/pw\/wp-content\/uploads\/2021\/05\/parlamento-francia.jpg","contentUrl":"https:\/\/www.cannabis.es\/pw\/wp-content\/uploads\/2021\/05\/parlamento-francia.jpg","width":804,"height":532},{"@type":"BreadcrumbList","@id":"https:\/\/www.cannabis.es\/pw\/2021\/05\/07\/francia-presenta-un-informe-favorable-a-la-legalizacion-y-la-derecha-se-desmarca\/#breadcrumb","itemListElement":[{"@type":"ListItem","position":1,"name":"Portada","item":"http:\/\/www.cannabis.es\/pw\/"},{"@type":"ListItem","position":2,"name":"Francia presenta un informe favorable a la legalizaci\u00f3n y la derecha se desmarca"}]},{"@type":"WebSite","@id":"https:\/\/www.cannabis.es\/pw\/#website","url":"https:\/\/www.cannabis.es\/pw\/","name":"Cannabis","description":"Portal multimedia sobre cannabis y otras sustancias","publisher":{"@id":"https:\/\/www.cannabis.es\/pw\/#organization"},"potentialAction":[{"@type":"SearchAction","target":{"@type":"EntryPoint","urlTemplate":"https:\/\/www.cannabis.es\/pw\/?s={search_term_string}"},"query-input":{"@type":"PropertyValueSpecification","valueRequired":true,"valueName":"search_term_string"}}],"inLanguage":"es"},{"@type":"Organization","@id":"https:\/\/www.cannabis.es\/pw\/#organization","name":"Cannabis.es","url":"https:\/\/www.cannabis.es\/pw\/","logo":{"@type":"ImageObject","inLanguage":"es","@id":"https:\/\/www.cannabis.es\/pw\/#\/schema\/logo\/image\/","url":"https:\/\/www.cannabis.es\/pw\/wp-content\/uploads\/2019\/04\/cropped-logo_cannabis.png","contentUrl":"https:\/\/www.cannabis.es\/pw\/wp-content\/uploads\/2019\/04\/cropped-logo_cannabis.png","width":361,"height":120,"caption":"Cannabis.es"},"image":{"@id":"https:\/\/www.cannabis.es\/pw\/#\/schema\/logo\/image\/"},"sameAs":["https:\/\/x.com\/cannabis_es"]},{"@type":"Person","@id":"https:\/\/www.cannabis.es\/pw\/#\/schema\/person\/ec770c03f3e99d770687f537f4ba1e89","name":"Cannabis.es","image":{"@type":"ImageObject","inLanguage":"es","@id":"https:\/\/www.cannabis.es\/pw\/#\/schema\/person\/image\/","url":"https:\/\/secure.gravatar.com\/avatar\/810c93a3d6fadc3d9c2665b1d919a4aedea8ed4dd63689d001e985a804e90d83?s=96&d=mm&r=g","contentUrl":"https:\/\/secure.gravatar.com\/avatar\/810c93a3d6fadc3d9c2665b1d919a4aedea8ed4dd63689d001e985a804e90d83?s=96&d=mm&r=g","caption":"Cannabis.es"},"url":"https:\/\/www.cannabis.es\/pw\/author\/arnau\/"}]}},"_links":{"self":[{"href":"https:\/\/www.cannabis.es\/pw\/wp-json\/wp\/v2\/posts\/7032","targetHints":{"allow":["GET"]}}],"collection":[{"href":"https:\/\/www.cannabis.es\/pw\/wp-json\/wp\/v2\/posts"}],"about":[{"href":"https:\/\/www.cannabis.es\/pw\/wp-json\/wp\/v2\/types\/post"}],"author":[{"embeddable":true,"href":"https:\/\/www.cannabis.es\/pw\/wp-json\/wp\/v2\/users\/3"}],"replies":[{"embeddable":true,"href":"https:\/\/www.cannabis.es\/pw\/wp-json\/wp\/v2\/comments?post=7032"}],"version-history":[{"count":2,"href":"https:\/\/www.cannabis.es\/pw\/wp-json\/wp\/v2\/posts\/7032\/revisions"}],"predecessor-version":[{"id":7036,"href":"https:\/\/www.cannabis.es\/pw\/wp-json\/wp\/v2\/posts\/7032\/revisions\/7036"}],"wp:featuredmedia":[{"embeddable":true,"href":"https:\/\/www.cannabis.es\/pw\/wp-json\/wp\/v2\/media\/7034"}],"wp:attachment":[{"href":"https:\/\/www.cannabis.es\/pw\/wp-json\/wp\/v2\/media?parent=7032"}],"wp:term":[{"taxonomy":"category","embeddable":true,"href":"https:\/\/www.cannabis.es\/pw\/wp-json\/wp\/v2\/categories?post=7032"},{"taxonomy":"post_tag","embeddable":true,"href":"https:\/\/www.cannabis.es\/pw\/wp-json\/wp\/v2\/tags?post=7032"}],"curies":[{"name":"wp","href":"https:\/\/api.w.org\/{rel}","templated":true}]}}