{"id":7037,"date":"2021-05-10T13:05:24","date_gmt":"2021-05-10T11:05:24","guid":{"rendered":"https:\/\/www.cannabis.es\/pw\/?p=7037"},"modified":"2021-05-10T13:43:12","modified_gmt":"2021-05-10T11:43:12","slug":"la-mmmm21-reivindica-la-legalizacion-en-la-puerta-del-sol","status":"publish","type":"post","link":"https:\/\/www.cannabis.es\/pw\/2021\/05\/10\/la-mmmm21-reivindica-la-legalizacion-en-la-puerta-del-sol\/","title":{"rendered":"La MMMM21 reivindica la legalizaci\u00f3n en la Puerta del Sol"},"content":{"rendered":"\n<p>Benito D\u00edaz<\/p>\n\n\n\n<p>El pasado ocho de mayo tuvo lugar el \u00fanico acto f\u00edsico de la Marcha Mundial de la Marihuana de Madrid. En su vigesimosexta edici\u00f3n, ha tenido que amoldarse al formato de aforo reducido por causa de las a\u00fan vigentes normativas sanitarias de la Pandemia. Acudimos a la cita en la Puerta del Sol para conversar con representantes de las entidades organizadoras.<\/p>\n\n\n\n<p>Guardando la distancia de seguridad, los tradicionales globos de la Asociaci\u00f3n Madrile\u00f1a de Estudios del Cannabis (AMEC) aparecen bajando por la calle Carretas. La delegaci\u00f3n de este a\u00f1o no alcanza las treinta personas. El permiso obtenido, nos cuentan, solo es v\u00e1lido durante media hora. Fernando, Marina, Sara, Juan Carlos, veteranos activistas de la asociaci\u00f3n cann\u00e1bica m\u00e1s antigua de Espa\u00f1a, desenrollan una pancarta donde puede leerse<span class=\"has-inline-color has-luminous-vivid-orange-color\"> \u201c<em>Marihuana en Marcha hacia una regulaci\u00f3n para todas\u201d<\/em><\/span>. Los logos de la Amec y de la Confederaci\u00f3n de Federaciones de Asociaciones Cann\u00e1bicas (ConFAC) aparecen en un lateral, junto a los de Red de Mujeres Antiprohibicionistas (REMA) y Coalici\u00f3n Europea por Pol\u00edticas de Drogas Justas y Eficaces (ENCOD), las entidades organizadoras de la marcha.<\/p>\n\n\n\n<figure class=\"wp-block-image size-large\"><img loading=\"lazy\" decoding=\"async\" width=\"816\" height=\"612\" src=\"https:\/\/www.cannabis.es\/pw\/wp-content\/uploads\/2021\/05\/Marihuana_en_marcha_1.jpg\" alt=\"\" class=\"wp-image-7042\" srcset=\"https:\/\/www.cannabis.es\/pw\/wp-content\/uploads\/2021\/05\/Marihuana_en_marcha_1.jpg 816w, https:\/\/www.cannabis.es\/pw\/wp-content\/uploads\/2021\/05\/Marihuana_en_marcha_1-300x225.jpg 300w, https:\/\/www.cannabis.es\/pw\/wp-content\/uploads\/2021\/05\/Marihuana_en_marcha_1-768x576.jpg 768w, https:\/\/www.cannabis.es\/pw\/wp-content\/uploads\/2021\/05\/Marihuana_en_marcha_1-600x450.jpg 600w\" sizes=\"auto, (max-width: 816px) 100vw, 816px\" \/><\/figure>\n\n\n\n<p>Portavoces de distintas asociaciones tuvieron la oportunidad de unirse al acto en peque\u00f1os grupos. As\u00ed, asociaciones locales como Madridjuana o El Oso y el Cogollo (EOYEC) tuvieron la oportunidad de compartir espacio de lucha con delegados de Alacannabis de Alicante o La Maca de Barcelona, entre otras.<\/p>\n\n\n\n<p>En Internet, las actividades comenzaron alrededor de las once de la ma\u00f1ana, con una programaci\u00f3n que inclu\u00eda las mesas de debate <em>\u201cSembrando el Cambio\u201d<\/em>, moderadas por periodistas y expertos, en las que participaron autoridades y pol\u00edticos. Despu\u00e9s de la conexi\u00f3n en directo con la Puerta del Sol, comenzar\u00eda una rueda de entrevistas a los delegados, expertos y agentes de las entidades organizadoras, seguidas e intercaladas con actuaciones musicales hasta las 23:00h. Una emisi\u00f3n que dur\u00f3 alrededor de ocho horas y que fue seguida por miles de personas a trav\u00e9s de las redes de ConFAC y Marihuana TV.<\/p>\n\n\n\n<figure class=\"wp-block-image size-large\"><img loading=\"lazy\" decoding=\"async\" width=\"816\" height=\"612\" src=\"https:\/\/www.cannabis.es\/pw\/wp-content\/uploads\/2021\/05\/Marihuana_en_marcha_2.jpg\" alt=\"\" class=\"wp-image-7043\" srcset=\"https:\/\/www.cannabis.es\/pw\/wp-content\/uploads\/2021\/05\/Marihuana_en_marcha_2.jpg 816w, https:\/\/www.cannabis.es\/pw\/wp-content\/uploads\/2021\/05\/Marihuana_en_marcha_2-300x225.jpg 300w, https:\/\/www.cannabis.es\/pw\/wp-content\/uploads\/2021\/05\/Marihuana_en_marcha_2-768x576.jpg 768w, https:\/\/www.cannabis.es\/pw\/wp-content\/uploads\/2021\/05\/Marihuana_en_marcha_2-600x450.jpg 600w\" sizes=\"auto, (max-width: 816px) 100vw, 816px\" \/><\/figure>\n\n\n\n<h2 class=\"wp-block-heading\"><strong>Acto reivindicativo<\/strong><\/h2>\n\n\n\n<p>Frente a la pancarta, Patty Amiguet, en calidad de portavoz de REMA, ley\u00f3 el manifiesto de la MMMM21. Este a\u00f1o, las exigencias sonaban m\u00e1s urgentes que en otras ocasiones, animando a todas las personas usuarias de Cannabis a demandar sus derechos.<\/p>\n\n\n\n<figure class=\"wp-block-image size-large\"><img loading=\"lazy\" decoding=\"async\" width=\"816\" height=\"612\" src=\"https:\/\/www.cannabis.es\/pw\/wp-content\/uploads\/2021\/05\/Marihuana_en_marcha_3.jpg\" alt=\"\" class=\"wp-image-7044\" srcset=\"https:\/\/www.cannabis.es\/pw\/wp-content\/uploads\/2021\/05\/Marihuana_en_marcha_3.jpg 816w, https:\/\/www.cannabis.es\/pw\/wp-content\/uploads\/2021\/05\/Marihuana_en_marcha_3-300x225.jpg 300w, https:\/\/www.cannabis.es\/pw\/wp-content\/uploads\/2021\/05\/Marihuana_en_marcha_3-768x576.jpg 768w, https:\/\/www.cannabis.es\/pw\/wp-content\/uploads\/2021\/05\/Marihuana_en_marcha_3-600x450.jpg 600w\" sizes=\"auto, (max-width: 816px) 100vw, 816px\" \/><\/figure>\n\n\n\n<p><span class=\"has-inline-color has-luminous-vivid-orange-color\">\u201c<em>Hoy celebramos la Marcha Mundial de la Marihuana en el estado espa\u00f1ol. Aqu\u00ed se hace una semana despu\u00e9s de la Marcha Mundial, porque coincide con el 1 de mayo. Se trata de una situaci\u00f3n muy especial porque es la primera vez que podemos encontrarnos muchas activistas que no nos hemos visto en todo el a\u00f1o, por los cierres de la pandemia\u201d<\/em><\/span><em>,<\/em> nos comenta. <em><span class=\"has-inline-color has-luminous-vivid-orange-color\">\u201cLa propuesta es exigir unas pol\u00edticas p\u00fablicas del Cannabis que sean transversales, que se trabajen desde todas las miradas, que den respuesta a las personas y a los peque\u00f1os colectivos que trabajan duro. Creemos que una regulaci\u00f3n, si no es integral, no tiene demasiado sentido.<strong> Como colectivos, reclamamos el autocultivo personal y colectivo, y el reconocimiento al derecho de las personas usuarias terap\u00e9uticas para que puedan recibir la medicina que deseen, en el formato que deseen.<\/strong> Y queremos exigir a la clase pol\u00edtica que pida perd\u00f3n por la tardanza en iniciar un proceso de regulaci\u00f3n, que tanto da\u00f1o est\u00e1 causando a la sociedad civil. Al parecer, nosotras estamos muy preparadas para afrontar la situaci\u00f3n y son ellos los que no lo est\u00e1n\u201d<\/span>, <\/em>explica.<\/p>\n\n\n\n<p>La portavoz no se muestra muy confiada al respecto de una posible regulaci\u00f3n en el corto plazo, pues es algo que se lleva posponiendo demasiado tiempo. Afirma, sin embargo, que ser\u00eda conveniente poder ver avances en los pr\u00f3ximos dos a\u00f1os, tras los mensajes que se lanzaban en las propias mesas Sembrando el Cambio por parte de representantes de grupos pol\u00edticos. <em><span class=\"has-inline-color has-luminous-vivid-orange-color\">\u201cParece que algo se est\u00e1 moviendo en esas esferas, esperemos que avalen las propuestas que sabemos que tienen encima de la mesa y no se quede todo en nada\u201d<\/span><\/em>, concluye Amiguet.<\/p>\n\n\n\n<figure class=\"wp-block-image size-large\"><img loading=\"lazy\" decoding=\"async\" width=\"816\" height=\"612\" src=\"https:\/\/www.cannabis.es\/pw\/wp-content\/uploads\/2021\/05\/Marihuana_en_marcha_4.jpg\" alt=\"\" class=\"wp-image-7045\" srcset=\"https:\/\/www.cannabis.es\/pw\/wp-content\/uploads\/2021\/05\/Marihuana_en_marcha_4.jpg 816w, https:\/\/www.cannabis.es\/pw\/wp-content\/uploads\/2021\/05\/Marihuana_en_marcha_4-300x225.jpg 300w, https:\/\/www.cannabis.es\/pw\/wp-content\/uploads\/2021\/05\/Marihuana_en_marcha_4-768x576.jpg 768w, https:\/\/www.cannabis.es\/pw\/wp-content\/uploads\/2021\/05\/Marihuana_en_marcha_4-600x450.jpg 600w\" sizes=\"auto, (max-width: 816px) 100vw, 816px\" \/><\/figure>\n\n\n\n<h2 class=\"wp-block-heading\"><strong>Set de ConFAC<\/strong><\/h2>\n\n\n\n<p>Concluido el acto, retirada la pancarta, regresa la delegaci\u00f3n al local de la AMEC, en la Calle de la Rosa. Por el contrario, nosotros nos dirigimos al set de emisi\u00f3n de la jornada, montado por los profesionales de ConFAC en un piso de la calle de Vergara. All\u00ed encontramos a Beatriz Macho, abogada especialista en Cannabis. Explica que quiz\u00e1s habr\u00edamos sobrevalorado el cambio pol\u00edtico y tenido demasiadas ilusiones de regulaci\u00f3n, postergadas eso s\u00ed por el impacto del COVID 19. <em><span class=\"has-inline-color has-luminous-vivid-orange-color\">\u201c<\/span><\/em><span class=\"has-inline-color has-luminous-vivid-orange-color\"><em>Si echas un vistazo a los pre\u00e1mbulos de una ley como la Ley Mordaza, es precioso. Todo pensado para que los ciudadanos puedan ejercer sus derechos fundamentales de la mejor forma posible. La pr\u00e1ctica es distinta, podemos verlo en las asociaciones, donde las personas ejercen su derecho al acceso, ya seas un socio o est\u00e9s en la junta directiva. En la actualidad, no paran de sucederse las intervenciones, pese a toda esa supuesta buena voluntad, hasta el punto en el que alg\u00fan compa\u00f1ero ha tenido que pisar la c\u00e1rcel por ello\u201d<\/em>, <\/span>expone Macho, tras preguntarle qu\u00e9 opina sobre el estado legal del Cannabis en nuestro pa\u00eds. <\/p>\n\n\n\n<p>Recalca que las sanciones por causa de la aplicaci\u00f3n de la Ley Mordaza, son desproporcionadas. <em><span class=\"has-inline-color has-luminous-vivid-orange-color\">\u201cQue pidan hasta ocho a\u00f1os en asociaciones en las que no ha habido ning\u00fan problema grave, es una verg\u00fcenza, porque luego aparecen bandas organizadas, armadas, con cientos de kilos destinados a terceros pa\u00edses, y los juzgan ante un tribunal penal normal, pidiendo tan solo tres o cuatro a\u00f1os y la posibilidad de admisi\u00f3n de atenuantes como la drogadicci\u00f3n, de forma m\u00e1s sencilla que en los casos de asociaciones y clubs cann\u00e1bicos\u201d<\/span>,<\/em> argumenta la letrada. Sugiere una legislaci\u00f3n basada en los C\u00f3digos de Buenas Pr\u00e1cticas de ConFAC, sumando toda la experiencia acumulada a lo largo de los a\u00f1os, estableciendo una seguridad jur\u00eddica tanto para personas consumidoras, como para clubs, asociaciones y autocultivadores. <em><span class=\"has-inline-color has-luminous-vivid-orange-color\">\u201cCreo que ser\u00eda genial construir una mesa de negociaci\u00f3n o de armonizaci\u00f3n, para confirmar esa seguridad jur\u00eddica. Luego ya podr\u00edamos empezar a hablar de Cannabis\u201d<\/span>, <\/em>afirma Beatriz Macho, se\u00f1alando cierta hipocres\u00eda en el comportamiento pol\u00edtico al ponderar una legislaci\u00f3n al respecto, sin haber asegurado antes estos derechos.<\/p>\n\n\n\n<figure class=\"wp-block-image size-large\"><img loading=\"lazy\" decoding=\"async\" width=\"816\" height=\"612\" src=\"https:\/\/www.cannabis.es\/pw\/wp-content\/uploads\/2021\/05\/Marihuana_en_marcha_5.jpg\" alt=\"\" class=\"wp-image-7046\" srcset=\"https:\/\/www.cannabis.es\/pw\/wp-content\/uploads\/2021\/05\/Marihuana_en_marcha_5.jpg 816w, https:\/\/www.cannabis.es\/pw\/wp-content\/uploads\/2021\/05\/Marihuana_en_marcha_5-300x225.jpg 300w, https:\/\/www.cannabis.es\/pw\/wp-content\/uploads\/2021\/05\/Marihuana_en_marcha_5-768x576.jpg 768w, https:\/\/www.cannabis.es\/pw\/wp-content\/uploads\/2021\/05\/Marihuana_en_marcha_5-600x450.jpg 600w\" sizes=\"auto, (max-width: 816px) 100vw, 816px\" \/><\/figure>\n\n\n\n<h2 class=\"wp-block-heading\">Cannabis, regulaci\u00f3n y asociaciones con el presidente de la AMEC<\/h2>\n\n\n\n<p>En un cuarto anexo al plat\u00f3, donde se estaba emitiendo en directo, charlamos con Lucky, presidente de la AMEC. D\u00e9cadas al frente de la asociaci\u00f3n, le han convertido en referente del movimiento cann\u00e1bico nacional, adem\u00e1s de testigo de excepci\u00f3n en referencia a los cambios y el camino recorrido.<\/p>\n\n\n\n<figure class=\"wp-block-image size-large\"><img loading=\"lazy\" decoding=\"async\" width=\"816\" height=\"612\" src=\"https:\/\/www.cannabis.es\/pw\/wp-content\/uploads\/2021\/05\/Marihuana_en_marcha_6.jpg\" alt=\"\" class=\"wp-image-7049\" srcset=\"https:\/\/www.cannabis.es\/pw\/wp-content\/uploads\/2021\/05\/Marihuana_en_marcha_6.jpg 816w, https:\/\/www.cannabis.es\/pw\/wp-content\/uploads\/2021\/05\/Marihuana_en_marcha_6-300x225.jpg 300w, https:\/\/www.cannabis.es\/pw\/wp-content\/uploads\/2021\/05\/Marihuana_en_marcha_6-768x576.jpg 768w, https:\/\/www.cannabis.es\/pw\/wp-content\/uploads\/2021\/05\/Marihuana_en_marcha_6-600x450.jpg 600w\" sizes=\"auto, (max-width: 816px) 100vw, 816px\" \/><\/figure>\n\n\n\n<p>\u201c<em>Lamentamos no haber podido invitar a todo el mundo, pero con la situaci\u00f3n especial de este a\u00f1o, hemos decidido hacer un acto reivindicativo con un reducido n\u00famero de personas. El a\u00f1o que viene seguro que la gente viene con muchas m\u00e1s ganas\u201d<\/em>, aclara Lucky, que ten\u00eda muchas ganas de ver a los compa\u00f1eros y compa\u00f1eras.<\/p>\n\n\n\n<figure class=\"wp-block-image size-large\"><img loading=\"lazy\" decoding=\"async\" width=\"816\" height=\"612\" src=\"https:\/\/www.cannabis.es\/pw\/wp-content\/uploads\/2021\/05\/Marihuana_en_marcha_7.jpg\" alt=\"\" class=\"wp-image-7051\" srcset=\"https:\/\/www.cannabis.es\/pw\/wp-content\/uploads\/2021\/05\/Marihuana_en_marcha_7.jpg 816w, https:\/\/www.cannabis.es\/pw\/wp-content\/uploads\/2021\/05\/Marihuana_en_marcha_7-300x225.jpg 300w, https:\/\/www.cannabis.es\/pw\/wp-content\/uploads\/2021\/05\/Marihuana_en_marcha_7-768x576.jpg 768w, https:\/\/www.cannabis.es\/pw\/wp-content\/uploads\/2021\/05\/Marihuana_en_marcha_7-600x450.jpg 600w\" sizes=\"auto, (max-width: 816px) 100vw, 816px\" \/><\/figure>\n\n\n\n<p>Sobre la situaci\u00f3n actual de las asociaciones cann\u00e1bicas, este profesor de F\u00edsica y Qu\u00edmica explica que es inaceptable que no se hable de este tema. <span class=\"has-inline-color has-luminous-vivid-orange-color\"><em>\u201cEstamos estancados, cuando no paramos de ver noticias sobre regularizaci\u00f3n en todo el mundo. Mientras tanto, aqu\u00ed parece que somos la inquisici\u00f3n de Felipe II, siempre anclados en el pasado. Necesitamos evolucionar un poco, contemplar otros escenarios. Hemos tenido avances en materia de aborto, de matrimonio homosexual, la eutanasia, pero en cuanto se menciona el Cannabis volvemos al s XVI\u201d<\/em>.<\/span><\/p>\n\n\n\n<figure class=\"wp-block-image size-large\"><img loading=\"lazy\" decoding=\"async\" width=\"816\" height=\"612\" src=\"https:\/\/www.cannabis.es\/pw\/wp-content\/uploads\/2021\/05\/Marihuana_en_marcha_8.jpg\" alt=\"\" class=\"wp-image-7052\" srcset=\"https:\/\/www.cannabis.es\/pw\/wp-content\/uploads\/2021\/05\/Marihuana_en_marcha_8.jpg 816w, https:\/\/www.cannabis.es\/pw\/wp-content\/uploads\/2021\/05\/Marihuana_en_marcha_8-300x225.jpg 300w, https:\/\/www.cannabis.es\/pw\/wp-content\/uploads\/2021\/05\/Marihuana_en_marcha_8-768x576.jpg 768w, https:\/\/www.cannabis.es\/pw\/wp-content\/uploads\/2021\/05\/Marihuana_en_marcha_8-600x450.jpg 600w\" sizes=\"auto, (max-width: 816px) 100vw, 816px\" \/><\/figure>\n\n\n\n<p>\u201c<em>Hace falta que los pol\u00edticos tengan el valor de legislar lo que ya est\u00e1 ah\u00ed. Dar facilidades a la gente que lo hace bien y la gente que lo hace mal, darle facilidades para que lo haga bien. Nosotros lo que tenemos en la AMEC es una asociaci\u00f3n sin dispensario, un modelo algo especial, solo para que las personas socias vayan, personas que valoran, que cultivan, que aman la planta. All\u00ed se va a charlar con gente, a intercambiar conocimientos sobre autocultivo, pues al final, autocultivar es la mejor forma de cuidar tu salud y tu cartera\u201d<\/em>, relata Lucky, para pasar a enumerar las actividades previstas en la agenda de la AMEC, que cuenta con torneos de <a href=\"https:\/\/www.cannabis.es\/pw\/2021\/03\/16\/el-campeon-del-mundo-de-ajedrez-desafia-con-la-variante-nube-de-bong-a-su-creador\/\">ajedrez<\/a>, clases de ingl\u00e9s con nativos, taller de teatro, charlas sobre ciencias, videoforum, etc., aplazados durante la Pandemia, cuando se ha impuesto la necesidad de cuidar las medidas sanitarias y de aforo.<\/p>\n\n\n\n<figure class=\"wp-block-image size-large\"><img loading=\"lazy\" decoding=\"async\" width=\"816\" height=\"612\" src=\"https:\/\/www.cannabis.es\/pw\/wp-content\/uploads\/2021\/05\/Marihuana_en_marcha_9.jpg\" alt=\"\" class=\"wp-image-7053\" srcset=\"https:\/\/www.cannabis.es\/pw\/wp-content\/uploads\/2021\/05\/Marihuana_en_marcha_9.jpg 816w, https:\/\/www.cannabis.es\/pw\/wp-content\/uploads\/2021\/05\/Marihuana_en_marcha_9-300x225.jpg 300w, https:\/\/www.cannabis.es\/pw\/wp-content\/uploads\/2021\/05\/Marihuana_en_marcha_9-768x576.jpg 768w, https:\/\/www.cannabis.es\/pw\/wp-content\/uploads\/2021\/05\/Marihuana_en_marcha_9-600x450.jpg 600w\" sizes=\"auto, (max-width: 816px) 100vw, 816px\" \/><\/figure>\n\n\n\n<p>Piensa que su modelo de asociaci\u00f3n es exportable a cualquier lugar, salvando el tema econ\u00f3mico. <em>\u201cSin dispensario no se cuenta con esa v\u00eda de ingreso, y hay que tirar de las aportaciones de los socios, de la voluntad asociativa, la gente suele colaborar. La dificultad es econ\u00f3mica, no es causa de la intenci\u00f3n de las personas. Est\u00e1n encantadas de tener un sitio donde poder reunirse, compartir y comunicarse, sin que haya m\u00fasica a tope\u201d. <\/em>Lucky piensa que el cambio legislativo debe ser veloz, quiz\u00e1 dentro de un a\u00f1o o dos, y as\u00ed, <em>\u201ctienen que espabilar, porque no se sabe lo que puede pasar despu\u00e9s. Puede venir la libertad de alguien y que esa libertad no sea la tuya\u201d.<\/em><\/p>\n","protected":false},"excerpt":{"rendered":"<span class=\"span-reading-time rt-reading-time\" style=\"display: block;\"><span class=\"rt-label rt-prefix\">Tiempo de lectura:<\/span> <span class=\"rt-time\"> 5<\/span> <span class=\"rt-label rt-postfix\">minutos<\/span><\/span>Benito D\u00edaz El pasado ocho de mayo tuvo lugar el \u00fanico acto f\u00edsico de la Marcha Mundial de la Marihuana de Madrid. En su vigesimosexta edici\u00f3n, ha tenido que amoldarse al formato de aforo reducido por causa de las a\u00fan vigentes normativas sanitarias de la Pandemia. Acudimos a la cita en la Puerta del Sol [&hellip;]","protected":false},"author":3,"featured_media":7041,"comment_status":"closed","ping_status":"closed","sticky":false,"template":"","format":"standard","meta":{"loftocean-featured-post":"","loftocean_post_format_gallery":"","loftocean_post_format_gallery_ids":"","loftocean_post_format_gallery_urls":"","loftocean_post_format_video_id":"","loftocean_post_format_video_url":"","loftocean_post_format_video_type":"","loftocean_post_format_video":"","loftocean_post_format_audio_type":"","loftocean_post_format_audio_url":"","loftocean_post_format_audio_id":"","loftocean_post_format_audio":"","loftocean_post_format_quote_text":"","loftocean_post_format_quote_byline":"","loftocean_post_format_link_text":"","loftocean_post_format_link_url":"","ceramag_post_header_style":"","ceramag_enable_background_video":"","ceramag_show_in_top_slider":"","ceramag_post_background_video_start":"","ceramag_post_background_video_end":"","loftocean_page_background_video_id":"","loftocean_page_background_video_url":"","loftocean_page_background_video_type":"","loftocean_page_background_video":"","ceramag_background_video_start":"","ceramag_background_video_end":"","ceramag_single_page_hide_header":"","footnotes":""},"categories":[35],"tags":[43,41,554,1422,977],"class_list":["post-7037","post","type-post","status-publish","format-standard","has-post-thumbnail","hentry","category-politica-y-sociedad","tag-benito-diaz","tag-cannabis","tag-marcha-mundial-de-la-marihuana","tag-mmm","tag-mmmm"],"yoast_head":"<!-- This site is optimized with the Yoast SEO plugin v24.9 - https:\/\/yoast.com\/wordpress\/plugins\/seo\/ -->\n<title>La MMMM21 reivindica la legalizaci\u00f3n en la Puerta del Sol<\/title>\n<meta name=\"description\" content=\"Entrada &#8226; Portal multimedia sobre cannabis y otras sustancias &#8226; 10 mayo, 2021\" \/>\n<meta name=\"robots\" content=\"index, follow, max-snippet:-1, max-image-preview:large, max-video-preview:-1\" \/>\n<link rel=\"canonical\" href=\"https:\/\/www.cannabis.es\/pw\/2021\/05\/10\/la-mmmm21-reivindica-la-legalizacion-en-la-puerta-del-sol\/\" \/>\n<meta name=\"twitter:card\" content=\"summary_large_image\" \/>\n<meta name=\"twitter:title\" content=\"La MMMM21 reivindica la legalizaci\u00f3n en la Puerta del Sol\" \/>\n<meta name=\"twitter:description\" content=\"Entrada &#8226; Portal multimedia sobre cannabis y otras sustancias &#8226; 10 mayo, 2021\" \/>\n<meta name=\"twitter:image\" content=\"https:\/\/www.cannabis.es\/pw\/wp-content\/uploads\/2021\/05\/Marihuana_en_marcha_PORTADA.jpg\" \/>\n<meta name=\"twitter:creator\" content=\"@cannabis_es\" \/>\n<meta name=\"twitter:site\" content=\"@cannabis_es\" \/>\n<meta name=\"twitter:label1\" content=\"Escrito por\" \/>\n\t<meta name=\"twitter:data1\" content=\"Cannabis.es\" \/>\n\t<meta name=\"twitter:label2\" content=\"Tiempo de lectura\" \/>\n\t<meta name=\"twitter:data2\" content=\"9 minutos\" \/>\n<script type=\"application\/ld+json\" class=\"yoast-schema-graph\">{\"@context\":\"https:\/\/schema.org\",\"@graph\":[{\"@type\":\"Article\",\"@id\":\"https:\/\/www.cannabis.es\/pw\/2021\/05\/10\/la-mmmm21-reivindica-la-legalizacion-en-la-puerta-del-sol\/#article\",\"isPartOf\":{\"@id\":\"https:\/\/www.cannabis.es\/pw\/2021\/05\/10\/la-mmmm21-reivindica-la-legalizacion-en-la-puerta-del-sol\/\"},\"author\":{\"name\":\"Cannabis.es\",\"@id\":\"https:\/\/www.cannabis.es\/pw\/#\/schema\/person\/ec770c03f3e99d770687f537f4ba1e89\"},\"headline\":\"La MMMM21 reivindica la legalizaci\u00f3n en la Puerta del Sol\",\"datePublished\":\"2021-05-10T11:05:24+00:00\",\"dateModified\":\"2021-05-10T11:43:12+00:00\",\"mainEntityOfPage\":{\"@id\":\"https:\/\/www.cannabis.es\/pw\/2021\/05\/10\/la-mmmm21-reivindica-la-legalizacion-en-la-puerta-del-sol\/\"},\"wordCount\":1599,\"publisher\":{\"@id\":\"https:\/\/www.cannabis.es\/pw\/#organization\"},\"image\":{\"@id\":\"https:\/\/www.cannabis.es\/pw\/2021\/05\/10\/la-mmmm21-reivindica-la-legalizacion-en-la-puerta-del-sol\/#primaryimage\"},\"thumbnailUrl\":\"https:\/\/www.cannabis.es\/pw\/wp-content\/uploads\/2021\/05\/Marihuana_en_marcha_PORTADA.jpg\",\"keywords\":[\"Benito D\u00edaz\",\"cannabis\",\"Marcha Mundial de la Marihuana\",\"MMM\",\"MMMM\"],\"articleSection\":[\"Pol\u00edtica y Sociedad\"],\"inLanguage\":\"es\"},{\"@type\":\"WebPage\",\"@id\":\"https:\/\/www.cannabis.es\/pw\/2021\/05\/10\/la-mmmm21-reivindica-la-legalizacion-en-la-puerta-del-sol\/\",\"url\":\"https:\/\/www.cannabis.es\/pw\/2021\/05\/10\/la-mmmm21-reivindica-la-legalizacion-en-la-puerta-del-sol\/\",\"name\":\"La MMMM21 reivindica la legalizaci\u00f3n en la Puerta del Sol\",\"isPartOf\":{\"@id\":\"https:\/\/www.cannabis.es\/pw\/#website\"},\"primaryImageOfPage\":{\"@id\":\"https:\/\/www.cannabis.es\/pw\/2021\/05\/10\/la-mmmm21-reivindica-la-legalizacion-en-la-puerta-del-sol\/#primaryimage\"},\"image\":{\"@id\":\"https:\/\/www.cannabis.es\/pw\/2021\/05\/10\/la-mmmm21-reivindica-la-legalizacion-en-la-puerta-del-sol\/#primaryimage\"},\"thumbnailUrl\":\"https:\/\/www.cannabis.es\/pw\/wp-content\/uploads\/2021\/05\/Marihuana_en_marcha_PORTADA.jpg\",\"datePublished\":\"2021-05-10T11:05:24+00:00\",\"dateModified\":\"2021-05-10T11:43:12+00:00\",\"description\":\"Entrada &#8226; Portal multimedia sobre cannabis y otras sustancias &#8226; 10 mayo, 2021\",\"breadcrumb\":{\"@id\":\"https:\/\/www.cannabis.es\/pw\/2021\/05\/10\/la-mmmm21-reivindica-la-legalizacion-en-la-puerta-del-sol\/#breadcrumb\"},\"inLanguage\":\"es\",\"potentialAction\":[{\"@type\":\"ReadAction\",\"target\":[\"https:\/\/www.cannabis.es\/pw\/2021\/05\/10\/la-mmmm21-reivindica-la-legalizacion-en-la-puerta-del-sol\/\"]}]},{\"@type\":\"ImageObject\",\"inLanguage\":\"es\",\"@id\":\"https:\/\/www.cannabis.es\/pw\/2021\/05\/10\/la-mmmm21-reivindica-la-legalizacion-en-la-puerta-del-sol\/#primaryimage\",\"url\":\"https:\/\/www.cannabis.es\/pw\/wp-content\/uploads\/2021\/05\/Marihuana_en_marcha_PORTADA.jpg\",\"contentUrl\":\"https:\/\/www.cannabis.es\/pw\/wp-content\/uploads\/2021\/05\/Marihuana_en_marcha_PORTADA.jpg\",\"width\":804,\"height\":532},{\"@type\":\"BreadcrumbList\",\"@id\":\"https:\/\/www.cannabis.es\/pw\/2021\/05\/10\/la-mmmm21-reivindica-la-legalizacion-en-la-puerta-del-sol\/#breadcrumb\",\"itemListElement\":[{\"@type\":\"ListItem\",\"position\":1,\"name\":\"Portada\",\"item\":\"http:\/\/www.cannabis.es\/pw\/\"},{\"@type\":\"ListItem\",\"position\":2,\"name\":\"La MMMM21 reivindica la legalizaci\u00f3n en la Puerta del Sol\"}]},{\"@type\":\"WebSite\",\"@id\":\"https:\/\/www.cannabis.es\/pw\/#website\",\"url\":\"https:\/\/www.cannabis.es\/pw\/\",\"name\":\"Cannabis\",\"description\":\"Portal multimedia sobre cannabis y otras sustancias\",\"publisher\":{\"@id\":\"https:\/\/www.cannabis.es\/pw\/#organization\"},\"potentialAction\":[{\"@type\":\"SearchAction\",\"target\":{\"@type\":\"EntryPoint\",\"urlTemplate\":\"https:\/\/www.cannabis.es\/pw\/?s={search_term_string}\"},\"query-input\":{\"@type\":\"PropertyValueSpecification\",\"valueRequired\":true,\"valueName\":\"search_term_string\"}}],\"inLanguage\":\"es\"},{\"@type\":\"Organization\",\"@id\":\"https:\/\/www.cannabis.es\/pw\/#organization\",\"name\":\"Cannabis.es\",\"url\":\"https:\/\/www.cannabis.es\/pw\/\",\"logo\":{\"@type\":\"ImageObject\",\"inLanguage\":\"es\",\"@id\":\"https:\/\/www.cannabis.es\/pw\/#\/schema\/logo\/image\/\",\"url\":\"https:\/\/www.cannabis.es\/pw\/wp-content\/uploads\/2019\/04\/cropped-logo_cannabis.png\",\"contentUrl\":\"https:\/\/www.cannabis.es\/pw\/wp-content\/uploads\/2019\/04\/cropped-logo_cannabis.png\",\"width\":361,\"height\":120,\"caption\":\"Cannabis.es\"},\"image\":{\"@id\":\"https:\/\/www.cannabis.es\/pw\/#\/schema\/logo\/image\/\"},\"sameAs\":[\"https:\/\/x.com\/cannabis_es\"]},{\"@type\":\"Person\",\"@id\":\"https:\/\/www.cannabis.es\/pw\/#\/schema\/person\/ec770c03f3e99d770687f537f4ba1e89\",\"name\":\"Cannabis.es\",\"image\":{\"@type\":\"ImageObject\",\"inLanguage\":\"es\",\"@id\":\"https:\/\/www.cannabis.es\/pw\/#\/schema\/person\/image\/\",\"url\":\"https:\/\/secure.gravatar.com\/avatar\/810c93a3d6fadc3d9c2665b1d919a4aedea8ed4dd63689d001e985a804e90d83?s=96&d=mm&r=g\",\"contentUrl\":\"https:\/\/secure.gravatar.com\/avatar\/810c93a3d6fadc3d9c2665b1d919a4aedea8ed4dd63689d001e985a804e90d83?s=96&d=mm&r=g\",\"caption\":\"Cannabis.es\"},\"url\":\"https:\/\/www.cannabis.es\/pw\/author\/arnau\/\"}]}<\/script>\n<!-- \/ Yoast SEO plugin. -->","yoast_head_json":{"title":"La MMMM21 reivindica la legalizaci\u00f3n en la Puerta del Sol","description":"Entrada &#8226; Portal multimedia sobre cannabis y otras sustancias &#8226; 10 mayo, 2021","robots":{"index":"index","follow":"follow","max-snippet":"max-snippet:-1","max-image-preview":"max-image-preview:large","max-video-preview":"max-video-preview:-1"},"canonical":"https:\/\/www.cannabis.es\/pw\/2021\/05\/10\/la-mmmm21-reivindica-la-legalizacion-en-la-puerta-del-sol\/","twitter_card":"summary_large_image","twitter_title":"La MMMM21 reivindica la legalizaci\u00f3n en la Puerta del Sol","twitter_description":"Entrada &#8226; Portal multimedia sobre cannabis y otras sustancias &#8226; 10 mayo, 2021","twitter_image":"https:\/\/www.cannabis.es\/pw\/wp-content\/uploads\/2021\/05\/Marihuana_en_marcha_PORTADA.jpg","twitter_creator":"@cannabis_es","twitter_site":"@cannabis_es","twitter_misc":{"Escrito por":"Cannabis.es","Tiempo de lectura":"9 minutos"},"schema":{"@context":"https:\/\/schema.org","@graph":[{"@type":"Article","@id":"https:\/\/www.cannabis.es\/pw\/2021\/05\/10\/la-mmmm21-reivindica-la-legalizacion-en-la-puerta-del-sol\/#article","isPartOf":{"@id":"https:\/\/www.cannabis.es\/pw\/2021\/05\/10\/la-mmmm21-reivindica-la-legalizacion-en-la-puerta-del-sol\/"},"author":{"name":"Cannabis.es","@id":"https:\/\/www.cannabis.es\/pw\/#\/schema\/person\/ec770c03f3e99d770687f537f4ba1e89"},"headline":"La MMMM21 reivindica la legalizaci\u00f3n en la Puerta del Sol","datePublished":"2021-05-10T11:05:24+00:00","dateModified":"2021-05-10T11:43:12+00:00","mainEntityOfPage":{"@id":"https:\/\/www.cannabis.es\/pw\/2021\/05\/10\/la-mmmm21-reivindica-la-legalizacion-en-la-puerta-del-sol\/"},"wordCount":1599,"publisher":{"@id":"https:\/\/www.cannabis.es\/pw\/#organization"},"image":{"@id":"https:\/\/www.cannabis.es\/pw\/2021\/05\/10\/la-mmmm21-reivindica-la-legalizacion-en-la-puerta-del-sol\/#primaryimage"},"thumbnailUrl":"https:\/\/www.cannabis.es\/pw\/wp-content\/uploads\/2021\/05\/Marihuana_en_marcha_PORTADA.jpg","keywords":["Benito D\u00edaz","cannabis","Marcha Mundial de la Marihuana","MMM","MMMM"],"articleSection":["Pol\u00edtica y Sociedad"],"inLanguage":"es"},{"@type":"WebPage","@id":"https:\/\/www.cannabis.es\/pw\/2021\/05\/10\/la-mmmm21-reivindica-la-legalizacion-en-la-puerta-del-sol\/","url":"https:\/\/www.cannabis.es\/pw\/2021\/05\/10\/la-mmmm21-reivindica-la-legalizacion-en-la-puerta-del-sol\/","name":"La MMMM21 reivindica la legalizaci\u00f3n en la Puerta del Sol","isPartOf":{"@id":"https:\/\/www.cannabis.es\/pw\/#website"},"primaryImageOfPage":{"@id":"https:\/\/www.cannabis.es\/pw\/2021\/05\/10\/la-mmmm21-reivindica-la-legalizacion-en-la-puerta-del-sol\/#primaryimage"},"image":{"@id":"https:\/\/www.cannabis.es\/pw\/2021\/05\/10\/la-mmmm21-reivindica-la-legalizacion-en-la-puerta-del-sol\/#primaryimage"},"thumbnailUrl":"https:\/\/www.cannabis.es\/pw\/wp-content\/uploads\/2021\/05\/Marihuana_en_marcha_PORTADA.jpg","datePublished":"2021-05-10T11:05:24+00:00","dateModified":"2021-05-10T11:43:12+00:00","description":"Entrada &#8226; Portal multimedia sobre cannabis y otras sustancias &#8226; 10 mayo, 2021","breadcrumb":{"@id":"https:\/\/www.cannabis.es\/pw\/2021\/05\/10\/la-mmmm21-reivindica-la-legalizacion-en-la-puerta-del-sol\/#breadcrumb"},"inLanguage":"es","potentialAction":[{"@type":"ReadAction","target":["https:\/\/www.cannabis.es\/pw\/2021\/05\/10\/la-mmmm21-reivindica-la-legalizacion-en-la-puerta-del-sol\/"]}]},{"@type":"ImageObject","inLanguage":"es","@id":"https:\/\/www.cannabis.es\/pw\/2021\/05\/10\/la-mmmm21-reivindica-la-legalizacion-en-la-puerta-del-sol\/#primaryimage","url":"https:\/\/www.cannabis.es\/pw\/wp-content\/uploads\/2021\/05\/Marihuana_en_marcha_PORTADA.jpg","contentUrl":"https:\/\/www.cannabis.es\/pw\/wp-content\/uploads\/2021\/05\/Marihuana_en_marcha_PORTADA.jpg","width":804,"height":532},{"@type":"BreadcrumbList","@id":"https:\/\/www.cannabis.es\/pw\/2021\/05\/10\/la-mmmm21-reivindica-la-legalizacion-en-la-puerta-del-sol\/#breadcrumb","itemListElement":[{"@type":"ListItem","position":1,"name":"Portada","item":"http:\/\/www.cannabis.es\/pw\/"},{"@type":"ListItem","position":2,"name":"La MMMM21 reivindica la legalizaci\u00f3n en la Puerta del Sol"}]},{"@type":"WebSite","@id":"https:\/\/www.cannabis.es\/pw\/#website","url":"https:\/\/www.cannabis.es\/pw\/","name":"Cannabis","description":"Portal multimedia sobre cannabis y otras sustancias","publisher":{"@id":"https:\/\/www.cannabis.es\/pw\/#organization"},"potentialAction":[{"@type":"SearchAction","target":{"@type":"EntryPoint","urlTemplate":"https:\/\/www.cannabis.es\/pw\/?s={search_term_string}"},"query-input":{"@type":"PropertyValueSpecification","valueRequired":true,"valueName":"search_term_string"}}],"inLanguage":"es"},{"@type":"Organization","@id":"https:\/\/www.cannabis.es\/pw\/#organization","name":"Cannabis.es","url":"https:\/\/www.cannabis.es\/pw\/","logo":{"@type":"ImageObject","inLanguage":"es","@id":"https:\/\/www.cannabis.es\/pw\/#\/schema\/logo\/image\/","url":"https:\/\/www.cannabis.es\/pw\/wp-content\/uploads\/2019\/04\/cropped-logo_cannabis.png","contentUrl":"https:\/\/www.cannabis.es\/pw\/wp-content\/uploads\/2019\/04\/cropped-logo_cannabis.png","width":361,"height":120,"caption":"Cannabis.es"},"image":{"@id":"https:\/\/www.cannabis.es\/pw\/#\/schema\/logo\/image\/"},"sameAs":["https:\/\/x.com\/cannabis_es"]},{"@type":"Person","@id":"https:\/\/www.cannabis.es\/pw\/#\/schema\/person\/ec770c03f3e99d770687f537f4ba1e89","name":"Cannabis.es","image":{"@type":"ImageObject","inLanguage":"es","@id":"https:\/\/www.cannabis.es\/pw\/#\/schema\/person\/image\/","url":"https:\/\/secure.gravatar.com\/avatar\/810c93a3d6fadc3d9c2665b1d919a4aedea8ed4dd63689d001e985a804e90d83?s=96&d=mm&r=g","contentUrl":"https:\/\/secure.gravatar.com\/avatar\/810c93a3d6fadc3d9c2665b1d919a4aedea8ed4dd63689d001e985a804e90d83?s=96&d=mm&r=g","caption":"Cannabis.es"},"url":"https:\/\/www.cannabis.es\/pw\/author\/arnau\/"}]}},"_links":{"self":[{"href":"https:\/\/www.cannabis.es\/pw\/wp-json\/wp\/v2\/posts\/7037","targetHints":{"allow":["GET"]}}],"collection":[{"href":"https:\/\/www.cannabis.es\/pw\/wp-json\/wp\/v2\/posts"}],"about":[{"href":"https:\/\/www.cannabis.es\/pw\/wp-json\/wp\/v2\/types\/post"}],"author":[{"embeddable":true,"href":"https:\/\/www.cannabis.es\/pw\/wp-json\/wp\/v2\/users\/3"}],"replies":[{"embeddable":true,"href":"https:\/\/www.cannabis.es\/pw\/wp-json\/wp\/v2\/comments?post=7037"}],"version-history":[{"count":5,"href":"https:\/\/www.cannabis.es\/pw\/wp-json\/wp\/v2\/posts\/7037\/revisions"}],"predecessor-version":[{"id":7054,"href":"https:\/\/www.cannabis.es\/pw\/wp-json\/wp\/v2\/posts\/7037\/revisions\/7054"}],"wp:featuredmedia":[{"embeddable":true,"href":"https:\/\/www.cannabis.es\/pw\/wp-json\/wp\/v2\/media\/7041"}],"wp:attachment":[{"href":"https:\/\/www.cannabis.es\/pw\/wp-json\/wp\/v2\/media?parent=7037"}],"wp:term":[{"taxonomy":"category","embeddable":true,"href":"https:\/\/www.cannabis.es\/pw\/wp-json\/wp\/v2\/categories?post=7037"},{"taxonomy":"post_tag","embeddable":true,"href":"https:\/\/www.cannabis.es\/pw\/wp-json\/wp\/v2\/tags?post=7037"}],"curies":[{"name":"wp","href":"https:\/\/api.w.org\/{rel}","templated":true}]}}