{"id":7055,"date":"2021-05-11T13:14:17","date_gmt":"2021-05-11T11:14:17","guid":{"rendered":"https:\/\/www.cannabis.es\/pw\/?p=7055"},"modified":"2021-05-12T14:33:02","modified_gmt":"2021-05-12T12:33:02","slug":"unidas-podemos-presenta-su-modelo-para-asociaciones-cannabicas","status":"publish","type":"post","link":"https:\/\/www.cannabis.es\/pw\/2021\/05\/11\/unidas-podemos-presenta-su-modelo-para-asociaciones-cannabicas\/","title":{"rendered":"Unidas Podemos presenta su modelo para asociaciones cann\u00e1bicas"},"content":{"rendered":"\n<p>Arnau Alcaide<\/p>\n\n\n\n<p>La <a href=\"https:\/\/www.cannabis.es\/pw\/2020\/10\/07\/lucia-munoz-portavoz-de-la-comision-de-adicciones-en-el-congreso-ojala-tengamos-regulacion-integral-al-final-de-la-legislatura\/\">portavoz de Unidas Podemos en la Comisi\u00f3n de Adicciones, Luc\u00eda Mu\u00f1oz<\/a>, presenta el detalle de la norma integral de regulaci\u00f3n del cannabis que describe y desarrolla el funcionamiento de las asociaciones cann\u00e1bicas, bajo un nuevo supuesto legal. Sin \u00e1nimo de lucro, cultivo por los miembros, no terceros, escuetos 2.5g diarios retirables e incentivo al cultivo exterior.<a href=\"https:\/\/www.cannabis.es\/pw\/2021\/01\/13\/rosique-erc-tendria-que-ser-el-gobierno-mas-favorable-habido\/\"> Desde Esquerra Republicana, la portavoz Marta Rosique <\/a>replic\u00f3 inmediatamente que no compart\u00eda el detalle y que <a href=\"https:\/\/www.cannabis.es\/pw\/2018\/11\/28\/el-tribunal-constitucional-anula-la-ley-catalana-de-asociaciones\/\">deb\u00eda caber la Ley Catalana en el encaje estatal<\/a>. Junto a <a href=\"https:\/\/www.cannabis.es\/pw\/2020\/12\/17\/jorge-moruno-de-mas-madrid-es-un-momento-idoneo-para-regular-el-cannabis-pues-se-aproxima-una-crisis-economica-y-social\/\">M\u00e1s Pa\u00eds<\/a> e Izquierda Plural, las dos diputadas se comprometen a un acuerdo final y destacan la importancia de sumar al PSOE.<br><br>\u00abQuer\u00eda presentar aqu\u00ed <a href=\"https:\/\/www.cannabis.es\/pw\/2021\/05\/10\/la-mmmm21-reivindica-la-legalizacion-en-la-puerta-del-sol\/\">en el contexto de organizaci\u00f3n de la ConFac<\/a> lo que nosotros entendemos como club social cooperativo\u00bb, arrancaba Mu\u00f1oz en las <a href=\"https:\/\/www.youtube.com\/watch?v=DVTMxCmLTvo&amp;t=8345s\">mesas Sembrando el Cambio<\/a> de esta<a href=\"https:\/\/www.cannabis.es\/pw\/2021\/04\/21\/marihuana-en-marcha-empezo-este-4-20-entre-conciertos-y-sigue-el-1-y-el-8\/\"> Marihuana en Marcha<\/a>. <em><span class=\"has-inline-color has-luminous-vivid-orange-color\">\u00abEntendemos una asociaci\u00f3n sin \u00e1nimo de lucro para el autoabastecimiento de cannabis en la que los socios participan de manera t\u00e9cnica para [&#8230;] el cultivo\u00bb<\/span><\/em>, prosegu\u00eda. <em><span class=\"has-inline-color has-luminous-vivid-orange-color\">\u00abTiene los mismos derechos que cualquier asociaci\u00f3n [&#8230;], respetando estas limitaciones: no puede operar en cuanto que no reciba la autorizaci\u00f3n de la agencia [estatal de nueva creaci\u00f3n] y no pueden comprar en ning\u00fan caso, deben hacer un cultivo propio\u00bb.<\/span><\/em><\/p>\n\n\n\n<p><em><span class=\"has-inline-color has-luminous-vivid-orange-color\">\u00abPara ser socio habr\u00e1 que ser residente en Espa\u00f1a y cada persona solo podr\u00e1 ser socia de una asociaci\u00f3n\u00bb<\/span><\/em>, completaba sobre c\u00f3mo unirse. Dejan a cada asociacci\u00f3n el tema del aval, el c\u00f3mo se invita. Proponen <strong>un software de control con datos \u00abglobales\u00bb, \u00absin identificar a los socios de forma individualizada\u00bb.<\/strong><\/p>\n\n\n\n<figure class=\"wp-block-image size-large\"><img loading=\"lazy\" decoding=\"async\" width=\"804\" height=\"532\" src=\"https:\/\/www.cannabis.es\/pw\/wp-content\/uploads\/2021\/05\/ley-integral.jpg\" alt=\"\" class=\"wp-image-7056\" srcset=\"https:\/\/www.cannabis.es\/pw\/wp-content\/uploads\/2021\/05\/ley-integral.jpg 804w, https:\/\/www.cannabis.es\/pw\/wp-content\/uploads\/2021\/05\/ley-integral-300x199.jpg 300w, https:\/\/www.cannabis.es\/pw\/wp-content\/uploads\/2021\/05\/ley-integral-768x508.jpg 768w, https:\/\/www.cannabis.es\/pw\/wp-content\/uploads\/2021\/05\/ley-integral-600x397.jpg 600w\" sizes=\"auto, (max-width: 804px) 100vw, 804px\" \/><\/figure>\n\n\n\n<h2 class=\"wp-block-heading\"><strong>Limitaciones a las asociaciones<\/strong><\/h2>\n\n\n\n<p>\u00abLos CSC se constituyen como entidades de Reducci\u00f3n de Riesgos y Da\u00f1os\u00bb, describ\u00eda la portavoz morada, y por eso establecen una limitaci\u00f3n de <strong>retirada de 2.5g diarios <\/strong>(en un coffee shop holand\u00e9s ser\u00edan 5g a cualquiera), de 1m<sup>3<\/sup> para cada socio en cultivo de interior, 6m<sup>3<\/sup> y hasta 3 plantas en exterior, explica.<\/p>\n\n\n\n<p>La luz utilizable ser\u00e1 de 100 w y 0.5m<sup>3<\/sup> por socio en plantones y esquejes. <strong>Se podr\u00e1n realizar extracciones y concentrados, pero de forma mec\u00e1nica y no con solventes<\/strong>. Y el incumplimiento de cualquiera de las normas anteriores conllevar\u00eda la p\u00e9rdida de la licencia.<\/p>\n\n\n\n<p>Tambi\u00e9n <strong>se limita la contrataci\u00f3n de servicios<\/strong>: <strong><em>\u00abpueden ser contratados los socios, pero no entendemos que se puedan contratar servicios de empresas para el mantenimiento de los cultivos\u00bb<\/em><\/strong>, aunque s\u00ed deja abierta la excepcionalidad a t\u00e9cnicos puntuales. Finalmente, se<strong> har\u00e1n y se rendir\u00e1n cuentas de los an\u00e1lisis de calidad.<\/strong><\/p>\n\n\n\n<h2 class=\"wp-block-heading\"><strong>Esquerra Republicana, M\u00e1s Pa\u00eds e Izquierda Confederal de Navarra<\/strong><\/h2>\n\n\n\n<p>Leopolodo Mart\u00ednez, por Izquierda Confederal de Navarra, declar\u00f3: <em>\u00abEl uso personal es libre de pena y sanci\u00f3n. Buscamos regular autocultivo y asociaciones\u00bb<\/em>. Reivindica la propuesta de Representaci\u00f3n Cann\u00e1bica de Navarra que impulsaron en el parlamento auton\u00f3mico.<br><br>Pedro Vera repas\u00f3 el gran apoyo revelado recientemente por el CIS de los espa\u00f1oles al cannabis medicinal y en menor medida recreativo, achac\u00f3 al gobierno que no avanzase y recrimin\u00f3 al PSOE no querer debatir ni estar en el evento. Cuestion\u00f3 si no hay voluntad de avanzar por qu\u00e9 se siguen emitiendo licencias de exportaci\u00f3n. Recrimin\u00f3 la criminalizaci\u00f3n a la sociedad y record\u00f3 a Juanma. Reivindic\u00f3 el comercio de cercan\u00eda frente a la aparici\u00f3n del oligopolio empresarial.<\/p>\n\n\n\n<p>Marta Rosique pidi\u00f3 compartir m\u00e1s el trabajo pol\u00edtico hacia la regulaci\u00f3n y achac\u00f3 al PSOE no estar. <em><span class=\"has-inline-color has-luminous-vivid-orange-color\">\u00abEstamos en una legislatura en la que deber\u00edamos empezar a ver un cambio al respecto, como m\u00ednimo de la descriminalizaci\u00f3n de las asociaciones cann\u00e1bicas\u00bb<\/span><\/em>. Record\u00f3 a la portavoz de Podemos que la normativa que en Catalu\u00f1a se aprob\u00f3 debe caber en la estatal y que<em><strong> \u00abse debe dar margen de maniobra para los detalles concretos\u00bb<\/strong><\/em>. <br><br>Desde ERC, quieren \u00abcapacidad de desarrollo a las CCAA para impulsar centros de adicciones y medidas de salud\u00bb. Respecto a los registros, piden comunicaci\u00f3n municipio-autonom\u00eda-estado, pero rechazan la centralizaci\u00f3n. Y una cuesti\u00f3n del ahora, Rosique recuerda que <strong>\u00abla <a href=\"https:\/\/www.cannabis.es\/pw\/2020\/07\/03\/cinco-anos-de-mordaza-y-28-de-multas-cannabis-ahora-hasta-10-400e\/\">mordaza<\/a> est\u00e1 en periodo de enmiendas y tenemos la posibilidad de eliminar la sanci\u00f3n\u00bb<\/strong>. \u00abEs imprescindible desde un punto de vista cann\u00e1bico\u00bb, apremia.<\/p>\n\n\n\n<blockquote class=\"wp-block-quote is-layout-flow wp-block-quote-is-layout-flow\"><p><strong>\u00abLa mordaza est\u00e1 en periodo de enmiendas y tenemos la posibilidad de eliminar la sanci\u00f3n\u00bb<\/strong><\/p><cite>Marta Rosique, diputada por Esquerra Republicana<\/cite><\/blockquote>\n\n\n\n<p>Mu\u00f1oz argument\u00f3 que cada grupo presenta su propuesta y despu\u00e9s se negocia. Y que eso no impide que despu\u00e9s puedan presentarla conjunta al Congreso. Refiere que se han basado en Uruguay pero que eso no exhime de que despu\u00e9s tenga que \u00abaterrizar\u00bb en las Comunidades Aut\u00f3nomas. Descarta el inter\u00e9s en una gesti\u00f3n centralizada.<br><br>Rosique prosigui\u00f3 con que primero no se deber\u00eda haber tumbado la Ley Catalana de Asociaciones Cann\u00e1bicas. Y reivindica que la regulaci\u00f3n se haga desde un primer momento con descentralizaci\u00f3n. \u00abCualquier proposici\u00f3n que llegue la tramitaremos como toma en consideraci\u00f3n de ley y dar\u00e1 lugar al debate y a enmiendas, pero yo s\u00ed creo que [&#8230;] <strong>por temas de agricultura [&#8230;] y sanidad [&#8230;]<a href=\"https:\/\/www.cannabis.es\/pw\/2020\/06\/26\/por-que-no-pueden-regular-las-asociaciones-de-cannabis-comunidades-y-ayuntamientos\/\"> la competencia deber\u00eda ser auton\u00f3mica<\/a>\u00ab<\/strong>, e incluso con cabida de las <a href=\"https:\/\/www.cannabis.es\/pw\/2016\/05\/16\/barcelona-ordena-las-asociaciones-y-clubes-cannabicos\/\">ordenanzas municipales<\/a>. Quieren plantear una <strong>propuesta antes del verano. \u00abEsperamos poder cumplirlo\u00bb.<\/strong><br><br>Mu\u00f1oz se ha desmarcado respondiendo que<strong> no tienen la \u00abintenci\u00f3n\u00bb de \u00abinvadir las competencias de nadie\u00bb,<\/strong> pero que <strong>hay cosas como los tipos impositivos que no tienen otro encaje que el estatal,<\/strong> sostiene. Confirma que efectivamente, en ausencia de cannabis en el acuerdo de Gobierno con el PSOE, la propuesta se tramitar\u00eda por la v\u00eda parlamentaria, pues no se espera un acuerdo directo del ejecutivo. Respecto al apoyo de los \u00faltimos, \u00abva a hacer falta mucho trabajo de visibilizaci\u00f3n\u00bb.<\/p>\n\n\n\n<p>Pedro Vera, por M\u00e1s Pa\u00eds, ha asegurado que su partido trabaja en el detalle de la propuesta que presentar\u00eda a final de a\u00f1o. \u00abEs la legislatura\u00bb. En total, tres propuestas que manejaremos desde el espectro de la izquierda pol\u00edtica y que est\u00e1n llamadas a reforzarse m\u00e1s que a distanciarse.<\/p>\n\n\n\n<h2 class=\"wp-block-heading\"><strong>Registro<\/strong> de cultivos de asociaciones<\/h2>\n\n\n\n<p>Pedro Vera, de M\u00e1s Pa\u00eds, defendi\u00f3 el autocultivo sin tener que registrarse en una futura agencia estatal cann\u00e1bica, tampoco para las asociaciones cann\u00e1bicas. Aplicado en otros pa\u00edses, el activismo viene reivindicando que tal registro fomenta el uso discriminativo de los datos de las personas cultivadoras, o que su propia constituci\u00f3n supone ya tal discriminaci\u00f3n. S\u00ed tendr\u00edan que estar registrados no obstante los cultivos profesionales, es decir, los que pertenezcan a la industria o a cualquier agricultor, acompa\u00f1ando a la obtenci\u00f3n de la licencia.<\/p>\n\n\n\n<p>Luc\u00eda Mu\u00f1oz, dentro de la propuesta de Podemos, revel\u00f3 que conceb\u00edan el registro de los cultivos de las asociaciones cann\u00e1bicas, como entidad o persona jur\u00eddica, aunque no para el autocultivo. Marta Rosique fue la \u00fanica que abog\u00f3 por el registro de personas que autocultivan, adem\u00e1s de para el de asociaciones cann\u00e1bicas. Pero apunt\u00f3 que<em><span class=\"has-inline-color has-luminous-vivid-orange-color\"> \u00aben ning\u00fan caso para criminalizar, sino para poder acabar con el mercado negro\u00bb. <\/span><\/em>Quiso matizar: <em>\u00ab<span class=\"has-inline-color has-luminous-vivid-orange-color\">En todo caso estamos haciendo el debate sobre ello y os acabaremos de decir m\u00e1s adelante\u00bb<\/span><\/em>.<\/p>\n\n\n\n<h2 class=\"wp-block-heading\">Precio y estructura de la propiedad<\/h2>\n\n\n\n<p>Todos se mostraron a favor de facilitar el precio del medicinal y una estructura de la propiedad que revierta el beneficio hacia abajo, frente a la propiedad de grandes capitales extranjeros.<\/p>\n\n\n\n<h2 class=\"wp-block-heading\"><strong>Impuestos finalistas<\/strong> en Salud<\/h2>\n\n\n\n<p>En materia de impuestos Rosique sostiene que \u00abERC rechaza el uso de este tipo de impuestos\u00bb, pero que Catalu\u00f1a ya ten\u00eda en marcha la incorporaci\u00f3n de recursos para el cannabis en planes de Salud y que desde Esquerra continuar\u00edan estudiando nuevos planes dentro de la estructura general de financiaci\u00f3n. Un impuesto finalista consistir\u00eda en que el dinero recaudado por el impuesto ir\u00eda directamente a su finalidad estipulada cuando tal impuesto fue definido.<br><br>No habr\u00eda que confundirlo con un impuesto especial, como el que ya tiene el tabaco o la gasolina, y se aplica filos\u00f3ficamente a modo de pol\u00edtica que incentiva\/desincentiva el consumo, adem\u00e1s de tener cierto aspecto de gravar m\u00e1s el coste p\u00fablico de determinados consumos, aunque no se vincule al destino de la financiaci\u00f3n como en el finalista. En este sentido, Mu\u00f1oz, la portavoz de Podemos s\u00ed apunt\u00f3 a un impuesto especial, pero dijo respecto al finalista que estaban \u00abhabl\u00e1ndolo\u00bb. \u00abEs lo m\u00e1s complejo\u00bb, apunt\u00f3.<\/p>\n","protected":false},"excerpt":{"rendered":"<span class=\"span-reading-time rt-reading-time\" style=\"display: block;\"><span class=\"rt-label rt-prefix\">Tiempo de lectura:<\/span> <span class=\"rt-time\"> 5<\/span> <span class=\"rt-label rt-postfix\">minutos<\/span><\/span>Arnau Alcaide La portavoz de Unidas Podemos en la Comisi\u00f3n de Adicciones, Luc\u00eda Mu\u00f1oz, presenta el detalle de la norma integral de regulaci\u00f3n del cannabis que describe y desarrolla el funcionamiento de las asociaciones cann\u00e1bicas, bajo un nuevo supuesto legal. Sin \u00e1nimo de lucro, cultivo por los miembros, no terceros, escuetos 2.5g diarios retirables e [&hellip;]","protected":false},"author":3,"featured_media":7056,"comment_status":"closed","ping_status":"closed","sticky":false,"template":"","format":"standard","meta":{"loftocean-featured-post":"","loftocean_post_format_gallery":"","loftocean_post_format_gallery_ids":"","loftocean_post_format_gallery_urls":"","loftocean_post_format_video_id":"","loftocean_post_format_video_url":"","loftocean_post_format_video_type":"","loftocean_post_format_video":"","loftocean_post_format_audio_type":"","loftocean_post_format_audio_url":"","loftocean_post_format_audio_id":"","loftocean_post_format_audio":"","loftocean_post_format_quote_text":"","loftocean_post_format_quote_byline":"","loftocean_post_format_link_text":"","loftocean_post_format_link_url":"","ceramag_post_header_style":"","ceramag_enable_background_video":"","ceramag_show_in_top_slider":"","ceramag_post_background_video_start":"","ceramag_post_background_video_end":"","loftocean_page_background_video_id":"","loftocean_page_background_video_url":"","loftocean_page_background_video_type":"","loftocean_page_background_video":"","ceramag_background_video_start":"","ceramag_background_video_end":"","ceramag_single_page_hide_header":"","footnotes":""},"categories":[35],"tags":[540,41,54,42],"class_list":["post-7055","post","type-post","status-publish","format-standard","has-post-thumbnail","hentry","category-politica-y-sociedad","tag-arnau-alcaide","tag-cannabis","tag-legalizacion","tag-politica"],"yoast_head":"<!-- This site is optimized with the Yoast SEO plugin v24.9 - https:\/\/yoast.com\/wordpress\/plugins\/seo\/ -->\n<title>Unidas Podemos presenta su modelo para asociaciones cann\u00e1bicas<\/title>\n<meta name=\"description\" content=\"Entrada &#8226; Portal multimedia sobre cannabis y otras sustancias &#8226; 11 mayo, 2021\" \/>\n<meta name=\"robots\" content=\"index, follow, max-snippet:-1, max-image-preview:large, max-video-preview:-1\" \/>\n<link rel=\"canonical\" href=\"https:\/\/www.cannabis.es\/pw\/2021\/05\/11\/unidas-podemos-presenta-su-modelo-para-asociaciones-cannabicas\/\" \/>\n<meta name=\"twitter:card\" content=\"summary_large_image\" \/>\n<meta name=\"twitter:title\" content=\"Unidas Podemos presenta su modelo para asociaciones cann\u00e1bicas\" \/>\n<meta name=\"twitter:description\" content=\"Entrada &#8226; Portal multimedia sobre cannabis y otras sustancias &#8226; 11 mayo, 2021\" \/>\n<meta name=\"twitter:image\" content=\"https:\/\/www.cannabis.es\/pw\/wp-content\/uploads\/2021\/05\/ley-integral.jpg\" \/>\n<meta name=\"twitter:creator\" content=\"@cannabis_es\" \/>\n<meta name=\"twitter:site\" content=\"@cannabis_es\" \/>\n<meta name=\"twitter:label1\" content=\"Escrito por\" \/>\n\t<meta name=\"twitter:data1\" content=\"Cannabis.es\" \/>\n\t<meta name=\"twitter:label2\" content=\"Tiempo de lectura\" \/>\n\t<meta name=\"twitter:data2\" content=\"6 minutos\" \/>\n<script type=\"application\/ld+json\" class=\"yoast-schema-graph\">{\"@context\":\"https:\/\/schema.org\",\"@graph\":[{\"@type\":\"Article\",\"@id\":\"https:\/\/www.cannabis.es\/pw\/2021\/05\/11\/unidas-podemos-presenta-su-modelo-para-asociaciones-cannabicas\/#article\",\"isPartOf\":{\"@id\":\"https:\/\/www.cannabis.es\/pw\/2021\/05\/11\/unidas-podemos-presenta-su-modelo-para-asociaciones-cannabicas\/\"},\"author\":{\"name\":\"Cannabis.es\",\"@id\":\"https:\/\/www.cannabis.es\/pw\/#\/schema\/person\/ec770c03f3e99d770687f537f4ba1e89\"},\"headline\":\"Unidas Podemos presenta su modelo para asociaciones cann\u00e1bicas\",\"datePublished\":\"2021-05-11T11:14:17+00:00\",\"dateModified\":\"2021-05-12T12:33:02+00:00\",\"mainEntityOfPage\":{\"@id\":\"https:\/\/www.cannabis.es\/pw\/2021\/05\/11\/unidas-podemos-presenta-su-modelo-para-asociaciones-cannabicas\/\"},\"wordCount\":1453,\"publisher\":{\"@id\":\"https:\/\/www.cannabis.es\/pw\/#organization\"},\"image\":{\"@id\":\"https:\/\/www.cannabis.es\/pw\/2021\/05\/11\/unidas-podemos-presenta-su-modelo-para-asociaciones-cannabicas\/#primaryimage\"},\"thumbnailUrl\":\"https:\/\/www.cannabis.es\/pw\/wp-content\/uploads\/2021\/05\/ley-integral.jpg\",\"keywords\":[\"Arnau Alcaide\",\"cannabis\",\"legalizaci\u00f3n\",\"pol\u00edtica\"],\"articleSection\":[\"Pol\u00edtica y Sociedad\"],\"inLanguage\":\"es\"},{\"@type\":\"WebPage\",\"@id\":\"https:\/\/www.cannabis.es\/pw\/2021\/05\/11\/unidas-podemos-presenta-su-modelo-para-asociaciones-cannabicas\/\",\"url\":\"https:\/\/www.cannabis.es\/pw\/2021\/05\/11\/unidas-podemos-presenta-su-modelo-para-asociaciones-cannabicas\/\",\"name\":\"Unidas Podemos presenta su modelo para asociaciones cann\u00e1bicas\",\"isPartOf\":{\"@id\":\"https:\/\/www.cannabis.es\/pw\/#website\"},\"primaryImageOfPage\":{\"@id\":\"https:\/\/www.cannabis.es\/pw\/2021\/05\/11\/unidas-podemos-presenta-su-modelo-para-asociaciones-cannabicas\/#primaryimage\"},\"image\":{\"@id\":\"https:\/\/www.cannabis.es\/pw\/2021\/05\/11\/unidas-podemos-presenta-su-modelo-para-asociaciones-cannabicas\/#primaryimage\"},\"thumbnailUrl\":\"https:\/\/www.cannabis.es\/pw\/wp-content\/uploads\/2021\/05\/ley-integral.jpg\",\"datePublished\":\"2021-05-11T11:14:17+00:00\",\"dateModified\":\"2021-05-12T12:33:02+00:00\",\"description\":\"Entrada &#8226; Portal multimedia sobre cannabis y otras sustancias &#8226; 11 mayo, 2021\",\"breadcrumb\":{\"@id\":\"https:\/\/www.cannabis.es\/pw\/2021\/05\/11\/unidas-podemos-presenta-su-modelo-para-asociaciones-cannabicas\/#breadcrumb\"},\"inLanguage\":\"es\",\"potentialAction\":[{\"@type\":\"ReadAction\",\"target\":[\"https:\/\/www.cannabis.es\/pw\/2021\/05\/11\/unidas-podemos-presenta-su-modelo-para-asociaciones-cannabicas\/\"]}]},{\"@type\":\"ImageObject\",\"inLanguage\":\"es\",\"@id\":\"https:\/\/www.cannabis.es\/pw\/2021\/05\/11\/unidas-podemos-presenta-su-modelo-para-asociaciones-cannabicas\/#primaryimage\",\"url\":\"https:\/\/www.cannabis.es\/pw\/wp-content\/uploads\/2021\/05\/ley-integral.jpg\",\"contentUrl\":\"https:\/\/www.cannabis.es\/pw\/wp-content\/uploads\/2021\/05\/ley-integral.jpg\",\"width\":804,\"height\":532},{\"@type\":\"BreadcrumbList\",\"@id\":\"https:\/\/www.cannabis.es\/pw\/2021\/05\/11\/unidas-podemos-presenta-su-modelo-para-asociaciones-cannabicas\/#breadcrumb\",\"itemListElement\":[{\"@type\":\"ListItem\",\"position\":1,\"name\":\"Portada\",\"item\":\"http:\/\/www.cannabis.es\/pw\/\"},{\"@type\":\"ListItem\",\"position\":2,\"name\":\"Unidas Podemos presenta su modelo para asociaciones cann\u00e1bicas\"}]},{\"@type\":\"WebSite\",\"@id\":\"https:\/\/www.cannabis.es\/pw\/#website\",\"url\":\"https:\/\/www.cannabis.es\/pw\/\",\"name\":\"Cannabis\",\"description\":\"Portal multimedia sobre cannabis y otras sustancias\",\"publisher\":{\"@id\":\"https:\/\/www.cannabis.es\/pw\/#organization\"},\"potentialAction\":[{\"@type\":\"SearchAction\",\"target\":{\"@type\":\"EntryPoint\",\"urlTemplate\":\"https:\/\/www.cannabis.es\/pw\/?s={search_term_string}\"},\"query-input\":{\"@type\":\"PropertyValueSpecification\",\"valueRequired\":true,\"valueName\":\"search_term_string\"}}],\"inLanguage\":\"es\"},{\"@type\":\"Organization\",\"@id\":\"https:\/\/www.cannabis.es\/pw\/#organization\",\"name\":\"Cannabis.es\",\"url\":\"https:\/\/www.cannabis.es\/pw\/\",\"logo\":{\"@type\":\"ImageObject\",\"inLanguage\":\"es\",\"@id\":\"https:\/\/www.cannabis.es\/pw\/#\/schema\/logo\/image\/\",\"url\":\"https:\/\/www.cannabis.es\/pw\/wp-content\/uploads\/2019\/04\/cropped-logo_cannabis.png\",\"contentUrl\":\"https:\/\/www.cannabis.es\/pw\/wp-content\/uploads\/2019\/04\/cropped-logo_cannabis.png\",\"width\":361,\"height\":120,\"caption\":\"Cannabis.es\"},\"image\":{\"@id\":\"https:\/\/www.cannabis.es\/pw\/#\/schema\/logo\/image\/\"},\"sameAs\":[\"https:\/\/x.com\/cannabis_es\"]},{\"@type\":\"Person\",\"@id\":\"https:\/\/www.cannabis.es\/pw\/#\/schema\/person\/ec770c03f3e99d770687f537f4ba1e89\",\"name\":\"Cannabis.es\",\"image\":{\"@type\":\"ImageObject\",\"inLanguage\":\"es\",\"@id\":\"https:\/\/www.cannabis.es\/pw\/#\/schema\/person\/image\/\",\"url\":\"https:\/\/secure.gravatar.com\/avatar\/810c93a3d6fadc3d9c2665b1d919a4aedea8ed4dd63689d001e985a804e90d83?s=96&d=mm&r=g\",\"contentUrl\":\"https:\/\/secure.gravatar.com\/avatar\/810c93a3d6fadc3d9c2665b1d919a4aedea8ed4dd63689d001e985a804e90d83?s=96&d=mm&r=g\",\"caption\":\"Cannabis.es\"},\"url\":\"https:\/\/www.cannabis.es\/pw\/author\/arnau\/\"}]}<\/script>\n<!-- \/ Yoast SEO plugin. -->","yoast_head_json":{"title":"Unidas Podemos presenta su modelo para asociaciones cann\u00e1bicas","description":"Entrada &#8226; Portal multimedia sobre cannabis y otras sustancias &#8226; 11 mayo, 2021","robots":{"index":"index","follow":"follow","max-snippet":"max-snippet:-1","max-image-preview":"max-image-preview:large","max-video-preview":"max-video-preview:-1"},"canonical":"https:\/\/www.cannabis.es\/pw\/2021\/05\/11\/unidas-podemos-presenta-su-modelo-para-asociaciones-cannabicas\/","twitter_card":"summary_large_image","twitter_title":"Unidas Podemos presenta su modelo para asociaciones cann\u00e1bicas","twitter_description":"Entrada &#8226; Portal multimedia sobre cannabis y otras sustancias &#8226; 11 mayo, 2021","twitter_image":"https:\/\/www.cannabis.es\/pw\/wp-content\/uploads\/2021\/05\/ley-integral.jpg","twitter_creator":"@cannabis_es","twitter_site":"@cannabis_es","twitter_misc":{"Escrito por":"Cannabis.es","Tiempo de lectura":"6 minutos"},"schema":{"@context":"https:\/\/schema.org","@graph":[{"@type":"Article","@id":"https:\/\/www.cannabis.es\/pw\/2021\/05\/11\/unidas-podemos-presenta-su-modelo-para-asociaciones-cannabicas\/#article","isPartOf":{"@id":"https:\/\/www.cannabis.es\/pw\/2021\/05\/11\/unidas-podemos-presenta-su-modelo-para-asociaciones-cannabicas\/"},"author":{"name":"Cannabis.es","@id":"https:\/\/www.cannabis.es\/pw\/#\/schema\/person\/ec770c03f3e99d770687f537f4ba1e89"},"headline":"Unidas Podemos presenta su modelo para asociaciones cann\u00e1bicas","datePublished":"2021-05-11T11:14:17+00:00","dateModified":"2021-05-12T12:33:02+00:00","mainEntityOfPage":{"@id":"https:\/\/www.cannabis.es\/pw\/2021\/05\/11\/unidas-podemos-presenta-su-modelo-para-asociaciones-cannabicas\/"},"wordCount":1453,"publisher":{"@id":"https:\/\/www.cannabis.es\/pw\/#organization"},"image":{"@id":"https:\/\/www.cannabis.es\/pw\/2021\/05\/11\/unidas-podemos-presenta-su-modelo-para-asociaciones-cannabicas\/#primaryimage"},"thumbnailUrl":"https:\/\/www.cannabis.es\/pw\/wp-content\/uploads\/2021\/05\/ley-integral.jpg","keywords":["Arnau Alcaide","cannabis","legalizaci\u00f3n","pol\u00edtica"],"articleSection":["Pol\u00edtica y Sociedad"],"inLanguage":"es"},{"@type":"WebPage","@id":"https:\/\/www.cannabis.es\/pw\/2021\/05\/11\/unidas-podemos-presenta-su-modelo-para-asociaciones-cannabicas\/","url":"https:\/\/www.cannabis.es\/pw\/2021\/05\/11\/unidas-podemos-presenta-su-modelo-para-asociaciones-cannabicas\/","name":"Unidas Podemos presenta su modelo para asociaciones cann\u00e1bicas","isPartOf":{"@id":"https:\/\/www.cannabis.es\/pw\/#website"},"primaryImageOfPage":{"@id":"https:\/\/www.cannabis.es\/pw\/2021\/05\/11\/unidas-podemos-presenta-su-modelo-para-asociaciones-cannabicas\/#primaryimage"},"image":{"@id":"https:\/\/www.cannabis.es\/pw\/2021\/05\/11\/unidas-podemos-presenta-su-modelo-para-asociaciones-cannabicas\/#primaryimage"},"thumbnailUrl":"https:\/\/www.cannabis.es\/pw\/wp-content\/uploads\/2021\/05\/ley-integral.jpg","datePublished":"2021-05-11T11:14:17+00:00","dateModified":"2021-05-12T12:33:02+00:00","description":"Entrada &#8226; Portal multimedia sobre cannabis y otras sustancias &#8226; 11 mayo, 2021","breadcrumb":{"@id":"https:\/\/www.cannabis.es\/pw\/2021\/05\/11\/unidas-podemos-presenta-su-modelo-para-asociaciones-cannabicas\/#breadcrumb"},"inLanguage":"es","potentialAction":[{"@type":"ReadAction","target":["https:\/\/www.cannabis.es\/pw\/2021\/05\/11\/unidas-podemos-presenta-su-modelo-para-asociaciones-cannabicas\/"]}]},{"@type":"ImageObject","inLanguage":"es","@id":"https:\/\/www.cannabis.es\/pw\/2021\/05\/11\/unidas-podemos-presenta-su-modelo-para-asociaciones-cannabicas\/#primaryimage","url":"https:\/\/www.cannabis.es\/pw\/wp-content\/uploads\/2021\/05\/ley-integral.jpg","contentUrl":"https:\/\/www.cannabis.es\/pw\/wp-content\/uploads\/2021\/05\/ley-integral.jpg","width":804,"height":532},{"@type":"BreadcrumbList","@id":"https:\/\/www.cannabis.es\/pw\/2021\/05\/11\/unidas-podemos-presenta-su-modelo-para-asociaciones-cannabicas\/#breadcrumb","itemListElement":[{"@type":"ListItem","position":1,"name":"Portada","item":"http:\/\/www.cannabis.es\/pw\/"},{"@type":"ListItem","position":2,"name":"Unidas Podemos presenta su modelo para asociaciones cann\u00e1bicas"}]},{"@type":"WebSite","@id":"https:\/\/www.cannabis.es\/pw\/#website","url":"https:\/\/www.cannabis.es\/pw\/","name":"Cannabis","description":"Portal multimedia sobre cannabis y otras sustancias","publisher":{"@id":"https:\/\/www.cannabis.es\/pw\/#organization"},"potentialAction":[{"@type":"SearchAction","target":{"@type":"EntryPoint","urlTemplate":"https:\/\/www.cannabis.es\/pw\/?s={search_term_string}"},"query-input":{"@type":"PropertyValueSpecification","valueRequired":true,"valueName":"search_term_string"}}],"inLanguage":"es"},{"@type":"Organization","@id":"https:\/\/www.cannabis.es\/pw\/#organization","name":"Cannabis.es","url":"https:\/\/www.cannabis.es\/pw\/","logo":{"@type":"ImageObject","inLanguage":"es","@id":"https:\/\/www.cannabis.es\/pw\/#\/schema\/logo\/image\/","url":"https:\/\/www.cannabis.es\/pw\/wp-content\/uploads\/2019\/04\/cropped-logo_cannabis.png","contentUrl":"https:\/\/www.cannabis.es\/pw\/wp-content\/uploads\/2019\/04\/cropped-logo_cannabis.png","width":361,"height":120,"caption":"Cannabis.es"},"image":{"@id":"https:\/\/www.cannabis.es\/pw\/#\/schema\/logo\/image\/"},"sameAs":["https:\/\/x.com\/cannabis_es"]},{"@type":"Person","@id":"https:\/\/www.cannabis.es\/pw\/#\/schema\/person\/ec770c03f3e99d770687f537f4ba1e89","name":"Cannabis.es","image":{"@type":"ImageObject","inLanguage":"es","@id":"https:\/\/www.cannabis.es\/pw\/#\/schema\/person\/image\/","url":"https:\/\/secure.gravatar.com\/avatar\/810c93a3d6fadc3d9c2665b1d919a4aedea8ed4dd63689d001e985a804e90d83?s=96&d=mm&r=g","contentUrl":"https:\/\/secure.gravatar.com\/avatar\/810c93a3d6fadc3d9c2665b1d919a4aedea8ed4dd63689d001e985a804e90d83?s=96&d=mm&r=g","caption":"Cannabis.es"},"url":"https:\/\/www.cannabis.es\/pw\/author\/arnau\/"}]}},"_links":{"self":[{"href":"https:\/\/www.cannabis.es\/pw\/wp-json\/wp\/v2\/posts\/7055","targetHints":{"allow":["GET"]}}],"collection":[{"href":"https:\/\/www.cannabis.es\/pw\/wp-json\/wp\/v2\/posts"}],"about":[{"href":"https:\/\/www.cannabis.es\/pw\/wp-json\/wp\/v2\/types\/post"}],"author":[{"embeddable":true,"href":"https:\/\/www.cannabis.es\/pw\/wp-json\/wp\/v2\/users\/3"}],"replies":[{"embeddable":true,"href":"https:\/\/www.cannabis.es\/pw\/wp-json\/wp\/v2\/comments?post=7055"}],"version-history":[{"count":4,"href":"https:\/\/www.cannabis.es\/pw\/wp-json\/wp\/v2\/posts\/7055\/revisions"}],"predecessor-version":[{"id":7069,"href":"https:\/\/www.cannabis.es\/pw\/wp-json\/wp\/v2\/posts\/7055\/revisions\/7069"}],"wp:featuredmedia":[{"embeddable":true,"href":"https:\/\/www.cannabis.es\/pw\/wp-json\/wp\/v2\/media\/7056"}],"wp:attachment":[{"href":"https:\/\/www.cannabis.es\/pw\/wp-json\/wp\/v2\/media?parent=7055"}],"wp:term":[{"taxonomy":"category","embeddable":true,"href":"https:\/\/www.cannabis.es\/pw\/wp-json\/wp\/v2\/categories?post=7055"},{"taxonomy":"post_tag","embeddable":true,"href":"https:\/\/www.cannabis.es\/pw\/wp-json\/wp\/v2\/tags?post=7055"}],"curies":[{"name":"wp","href":"https:\/\/api.w.org\/{rel}","templated":true}]}}