{"id":7070,"date":"2021-05-14T11:25:54","date_gmt":"2021-05-14T09:25:54","guid":{"rendered":"https:\/\/www.cannabis.es\/pw\/?p=7070"},"modified":"2021-05-17T10:59:22","modified_gmt":"2021-05-17T08:59:22","slug":"el-congreso-aprueba-una-subcomision-de-estudio-del-cannabis-medicinal","status":"publish","type":"post","link":"https:\/\/www.cannabis.es\/pw\/2021\/05\/14\/el-congreso-aprueba-una-subcomision-de-estudio-del-cannabis-medicinal\/","title":{"rendered":"El Congreso aprueba una subcomisi\u00f3n de estudio del cannabis medicinal"},"content":{"rendered":"\n<p>Benito D\u00edaz<\/p>\n\n\n\n<p>El orden del d\u00eda de ayer en el sal\u00f3n C\u00e1novas del Congreso de los Diputados inclu\u00eda, a petici\u00f3n del grupo EAJ-PNV, la creaci\u00f3n de una subcomisi\u00f3n en el Ministerio de Salud para analizar la cuesti\u00f3n del cannabis medicinal y las v\u00edas que se han seguido en distintos pa\u00edses. Esta comisi\u00f3n, tras el debate pertinente entre las agrupaciones, sali\u00f3 adelante por una amplia mayor\u00eda de votos: 20 a favor, 14 en contra.<\/p>\n\n\n\n<figure class=\"wp-block-embed is-type-rich is-provider-twitter wp-block-embed-twitter\"><div class=\"wp-block-embed__wrapper\">\n<blockquote class=\"twitter-tweet\" data-width=\"550\" data-dnt=\"true\"><p lang=\"es\" dir=\"ltr\">\u2705 La Comisi\u00f3n de <a href=\"https:\/\/twitter.com\/hashtag\/Sanidad?src=hash&amp;ref_src=twsrc%5Etfw\">#Sanidad<\/a> y <a href=\"https:\/\/twitter.com\/hashtag\/Consumo?src=hash&amp;ref_src=twsrc%5Etfw\">#Consumo<\/a> aprueba la creaci\u00f3n de una subcomisi\u00f3n &quot;al objeto de analizar experiencias de regulaci\u00f3n del cannabis para uso medicinal&quot;. <a href=\"https:\/\/t.co\/vE7TzJIfQI\">pic.twitter.com\/vE7TzJIfQI<\/a><\/p>&mdash; Congreso (@Congreso_Es) <a href=\"https:\/\/twitter.com\/Congreso_Es\/status\/1392902169653878789?ref_src=twsrc%5Etfw\">May 13, 2021<\/a><\/blockquote><script async src=\"https:\/\/platform.twitter.com\/widgets.js\" charset=\"utf-8\"><\/script>\n<\/div><\/figure>\n\n\n\n<p>Josune Gorospe, portavoz del grupo AJ-PNV, comenz\u00f3 el turno de intervenci\u00f3n recordando los motivos que impulsaban a su grupo a proponer el establecimiento de este grupo de estudio, entre otros, el vac\u00edo legal al respecto de estos usos terap\u00e9uticos, las llamadas de agrupaciones de pacientes y de la sociedad civil en general<em><span class=\"has-inline-color has-luminous-vivid-orange-color\">. \u201cTambi\u00e9n para responder a una lo que consideramos una urgencia y una desigualdad, respecto a otros estados\u201d<\/span><\/em>, explic\u00f3 la diputada. Como nos adelant\u00f3 en la <a href=\"https:\/\/www.cannabis.es\/pw\/2021\/04\/23\/josune-gorospe-eaj-pnv-nuestros-discursos-defendieron-la-regulacion-integral-del-cannabis\/\">entrevista que concedi\u00f3 a nuestros micr\u00f3fonos<\/a>, Gorospe expuso la necesidad de los pacientes a tener una alternativa a paliar su dolor, sin tener que recurrir al mercado negro, se\u00f1alando a su vez la urgencia de la reclamaci\u00f3n para situar al Cannabis en su contexto terap\u00e9utico, como ya han hecho pa\u00edses tales como Portugal, Alemania, Francia o Canad\u00e1.<\/p>\n\n\n\n<figure class=\"wp-block-embed is-type-video is-provider-youtube wp-block-embed-youtube wp-embed-aspect-16-9 wp-has-aspect-ratio\"><div class=\"wp-block-embed__wrapper\">\n<iframe loading=\"lazy\" title=\"El Congreso crear\u00e1 una Subcomisi\u00f3n para estudiar la regulaci\u00f3n del cannabis medicinal\" width=\"1200\" height=\"675\" src=\"https:\/\/www.youtube.com\/embed\/JqY9ZhCIVhU?feature=oembed\" frameborder=\"0\" allow=\"accelerometer; autoplay; clipboard-write; encrypted-media; gyroscope; picture-in-picture\" allowfullscreen><\/iframe>\n<\/div><\/figure>\n\n\n\n<h2 class=\"wp-block-heading\"><strong>Grupo Plural<\/strong><\/h2>\n\n\n\n<p>La intervenci\u00f3n de Miquel i Valenti, representante del grupo Plural, expres\u00f3 su apoyo a la subcomisi\u00f3n, pues <a href=\"https:\/\/www.cannabis.es\/pw\/2021\/04\/09\/teresa-garnatje-directora-del-botanic-de-barcelona-deberian-agilizarse-los-permisos-para-hacer-mas-investigacion-con-cannabis\/\">\u201cse tendr\u00eda que haber creado hace tiempo\u201d.<\/a> Record\u00f3 la salida del Cannabis de las <a href=\"https:\/\/www.cannabis.es\/pw\/2020\/12\/03\/la-onu-reconoce-el-valor-terapeutico-de-la-cannabis-desambiguandola\/\">listas de fiscalizaci\u00f3n de la ONU<\/a> y expres\u00f3 su deseo de<em> <\/em><span class=\"has-inline-color has-luminous-vivid-orange-color\"><em>\u201ctratar a los ciudadanos como adultos, lejos de aproximaciones paternalistas\u201d<\/em>.<\/span><\/p>\n\n\n\n<h2 class=\"wp-block-heading\"><strong>Grupo Republicanos<\/strong><\/h2>\n\n\n\n<p>El diputado Francesc Xavier Eritja declar\u00f3 que su agrupaci\u00f3n es, de hecho, partidaria de la regulaci\u00f3n integral del Cannabis. <em><span class=\"has-inline-color has-luminous-vivid-orange-color\">\u201cCreemos que se deber\u00eda solucionar de una misma vez un tema como el del Cannabis, que hoy se encuentra en manos del mercado negro\u201d<\/span><\/em>, declar\u00f3 Eritja. <em><span class=\"has-inline-color has-luminous-vivid-orange-color\">\u201cPensamos que esta subcomisi\u00f3n es una oportunidad, al menos, para avanzar en sus usos terap\u00e9uticos\u201d.<\/span><\/em><\/p>\n\n\n\n<h2 class=\"wp-block-heading\"><strong>Grupo Unidas Podemos<\/strong><\/h2>\n\n\n\n<p>Rosa Medel, <a href=\"https:\/\/www.cannabis.es\/pw\/2021\/05\/10\/la-mmmm21-reivindica-la-legalizacion-en-la-puerta-del-sol\/\">reivindic\u00f3 el movimiento cann\u00e1bico,<\/a> calific\u00e1ndolo como \u201cfuerte y diverso\u201d. Record\u00f3 a las asociaciones cann\u00e1bicas, donde se llevan a cabo actividades de prevenci\u00f3n de riesgos, que son alternativas al mercado il\u00edcito y que ofrecen asesor\u00edas a los socios terap\u00e9uticos. A su vez, pidi\u00f3 seguir con los ejemplos internacionales y conseguir una facilidad en el acceso, de la que ya disfrutan otros ciudadanos de la UE, reclamando control sobre todo el proceso industrial. <em><span class=\"has-inline-color has-luminous-vivid-orange-color\">\u201cEl debate sobre la creaci\u00f3n de esta subcomisi\u00f3n es un logro importante de la sociedad civil\u201d.<\/span><\/em><\/p>\n\n\n\n<h2 class=\"wp-block-heading\"><strong>Vox<\/strong><\/h2>\n\n\n\n<p>El diputado de este partido de extrema derecha, Tom\u00e1s Fern\u00e1ndez R\u00edos, dedic\u00f3 el tiempo de su intervenci\u00f3n a embarrar la discusi\u00f3n, argumentando al respecto de un supuesto inter\u00e9s del grupo AJ-PNV para crear una subcomisi\u00f3n con la intenci\u00f3n de establecer <em><span class=\"has-inline-color has-luminous-vivid-orange-color\">\u201cun nuevo chiringuito\u201d<\/span><\/em>. Despu\u00e9s de despreciar el tema, acus\u00f3 al PNV de querer <em><span class=\"has-inline-color has-luminous-vivid-orange-color\">\u201cblanquear el uso de esta droga\u201d<\/span><\/em> y abrir <em><span class=\"has-inline-color has-luminous-vivid-orange-color\">\u201cuna puerta al uso indiscriminado, pues la marihuana causa m\u00e1s problemas de los que soluciona\u201d.<\/span><\/em><\/p>\n\n\n\n<h2 class=\"wp-block-heading\"><strong>Grupo Popular<\/strong><\/h2>\n\n\n\n<p>La diputada Elvira Velasco refiri\u00f3 una larga lista de argumentos escuchados en muchas ocasiones al respecto de los posibles usos terap\u00e9uticos del cannabis. Por ejemplo, la <a href=\"https:\/\/www.cannabis.es\/pw\/2020\/11\/26\/si-hay-evidencia-voces-expertas-por-el-cannabis-medicinal\/\">supuesta falta de evidencias cient\u00edficas<\/a>, el proceso necesario para el establecimiento de un nuevo medicamento, las autorizaciones de la Agencia Espa\u00f1ola del Medicamento y Productos Sanitarios, <a href=\"https:\/\/www.cannabis.es\/pw\/2021\/03\/05\/moises-garcia-arencibia-piden-pruebas-sobre-los-cannabinoides-pero-no-se-ponen-a-buscarlas\/\">la necesidad de criterios cient\u00edficos<\/a>, etc\u00e9tera. Tambi\u00e9n resalt\u00f3 <a href=\"https:\/\/www.cannabis.es\/pw\/2021\/04\/21\/documental-sobre-juanma-marihuana-para-vivir-el-autocultivo-me-da-la-dignidad\/\">\u201clo inoportuno del momento\u201d,<\/a> y sugiri\u00f3 la creaci\u00f3n de un <em><span class=\"has-inline-color has-luminous-vivid-orange-color\">\u201clibro blanco con todo lo relacionado con el cannabis medicinal\u201d<\/span><\/em> sin basarse en estudios internacionales, solo en producidos en nuestro pa\u00eds.<\/p>\n\n\n\n<h2 class=\"wp-block-heading\"><strong>Grupo PSOE<\/strong><\/h2>\n\n\n\n<p>Daniel Viondi, en respuesta a su colega, dijo que <strong>la seguridad en los medicamentos la da la propia AEMPS<\/strong>, con criterios cient\u00edficos. Record\u00f3 que ya se comercializan dos medicamentos con base de cannabis y asegur\u00f3 que el gobierno ir\u00eda de la mano de las decisiones tomadas por los principales organismos europeos. Tambi\u00e9n recalc\u00f3 que no existe evidencia cient\u00edfica firme al respecto de la efectividad del Cannabis.<\/p>\n\n\n\n<p><em><span class=\"has-inline-color has-luminous-vivid-orange-color\">\u201cSi la UE nos est\u00e1 indicando que demos pasos adelante, nosotros como diputados tenemos que dar ese paso. Creemos que este es el momento de hacerlo\u201d<\/span><\/em>, declar\u00f3 el diputado. <a href=\"https:\/\/www.cannabis.es\/pw\/2021\/04\/22\/la-poblacion-respalda-el-cannabis-medicinal-y-media-espana-el-recreativo\/\">Resalt\u00f3 el resultado del CIS, con<\/a> un 90% de la poblaci\u00f3n que aprueba la regulaci\u00f3n del Cannabis terap\u00e9utico, asegurando que es necesario que la comunidad cient\u00edfica refute esos avances que ha habido en el aspecto terap\u00e9utico del Cannabis.<span class=\"has-inline-color has-luminous-vivid-orange-color\"> \u201c<em>Tenemos la obligaci\u00f3n de intentarlo para paliar esos tratamientos de los pacientes que, no nos enga\u00f1amos, consumen Cannabis\u201d<\/em><\/span>, manifest\u00f3. <em><span class=\"has-inline-color has-luminous-vivid-orange-color\">\u201cLas personas, la sociedad civil, nos est\u00e1 pidiendo que lo intentemos, lo estudiemos, acompa\u00f1ados de la ciencia\u201d.<\/span><\/em><\/p>\n\n\n\n<h2 class=\"wp-block-heading\"><strong>Resultado<\/strong><\/h2>\n\n\n\n<p>Tras una votaci\u00f3n a mano alzada, se alcanzaron los resultados de 20 votos a favor, 14 en contra, provenientes de los grupos Popular y VOX, y ninguna abstenci\u00f3n. La comisi\u00f3n qued\u00f3 refrendada y se comenzar\u00e1 a formar en breve.<\/p>\n","protected":false},"excerpt":{"rendered":"<span class=\"span-reading-time rt-reading-time\" style=\"display: block;\"><span class=\"rt-label rt-prefix\">Tiempo de lectura:<\/span> <span class=\"rt-time\"> 3<\/span> <span class=\"rt-label rt-postfix\">minutos<\/span><\/span>Benito D\u00edaz El orden del d\u00eda de ayer en el sal\u00f3n C\u00e1novas del Congreso de los Diputados inclu\u00eda, a petici\u00f3n del grupo EAJ-PNV, la creaci\u00f3n de una subcomisi\u00f3n en el Ministerio de Salud para analizar la cuesti\u00f3n del cannabis medicinal y las v\u00edas que se han seguido en distintos pa\u00edses. Esta comisi\u00f3n, tras el debate [&hellip;]","protected":false},"author":3,"featured_media":7071,"comment_status":"closed","ping_status":"closed","sticky":false,"template":"","format":"standard","meta":{"loftocean-featured-post":"","loftocean_post_format_gallery":"","loftocean_post_format_gallery_ids":"","loftocean_post_format_gallery_urls":"","loftocean_post_format_video_id":"","loftocean_post_format_video_url":"","loftocean_post_format_video_type":"","loftocean_post_format_video":"","loftocean_post_format_audio_type":"","loftocean_post_format_audio_url":"","loftocean_post_format_audio_id":"","loftocean_post_format_audio":"","loftocean_post_format_quote_text":"","loftocean_post_format_quote_byline":"","loftocean_post_format_link_text":"","loftocean_post_format_link_url":"","ceramag_post_header_style":"","ceramag_enable_background_video":"","ceramag_show_in_top_slider":"","ceramag_post_background_video_start":"","ceramag_post_background_video_end":"","loftocean_page_background_video_id":"","loftocean_page_background_video_url":"","loftocean_page_background_video_type":"","loftocean_page_background_video":"","ceramag_background_video_start":"","ceramag_background_video_end":"","ceramag_single_page_hide_header":"","footnotes":""},"categories":[35],"tags":[43,52,42],"class_list":["post-7070","post","type-post","status-publish","format-standard","has-post-thumbnail","hentry","category-politica-y-sociedad","tag-benito-diaz","tag-cannabis-medicinal","tag-politica"],"yoast_head":"<!-- This site is optimized with the Yoast SEO plugin v24.9 - https:\/\/yoast.com\/wordpress\/plugins\/seo\/ -->\n<title>El Congreso aprueba una subcomisi\u00f3n de estudio del cannabis medicinal<\/title>\n<meta name=\"description\" content=\"Entrada &#8226; Portal multimedia sobre cannabis y otras sustancias &#8226; 14 mayo, 2021\" \/>\n<meta name=\"robots\" content=\"index, follow, max-snippet:-1, max-image-preview:large, max-video-preview:-1\" \/>\n<link rel=\"canonical\" href=\"https:\/\/www.cannabis.es\/pw\/2021\/05\/14\/el-congreso-aprueba-una-subcomision-de-estudio-del-cannabis-medicinal\/\" \/>\n<meta name=\"twitter:card\" content=\"summary_large_image\" \/>\n<meta name=\"twitter:title\" content=\"El Congreso aprueba una subcomisi\u00f3n de estudio del cannabis medicinal\" \/>\n<meta name=\"twitter:description\" content=\"Entrada &#8226; Portal multimedia sobre cannabis y otras sustancias &#8226; 14 mayo, 2021\" \/>\n<meta name=\"twitter:image\" content=\"https:\/\/www.cannabis.es\/pw\/wp-content\/uploads\/2021\/05\/comision-cannabis-medicinal.jpg\" \/>\n<meta name=\"twitter:creator\" content=\"@cannabis_es\" \/>\n<meta name=\"twitter:site\" content=\"@cannabis_es\" \/>\n<meta name=\"twitter:label1\" content=\"Escrito por\" \/>\n\t<meta name=\"twitter:data1\" content=\"Cannabis.es\" \/>\n\t<meta name=\"twitter:label2\" content=\"Tiempo de lectura\" \/>\n\t<meta name=\"twitter:data2\" content=\"4 minutos\" \/>\n<script type=\"application\/ld+json\" class=\"yoast-schema-graph\">{\"@context\":\"https:\/\/schema.org\",\"@graph\":[{\"@type\":\"Article\",\"@id\":\"https:\/\/www.cannabis.es\/pw\/2021\/05\/14\/el-congreso-aprueba-una-subcomision-de-estudio-del-cannabis-medicinal\/#article\",\"isPartOf\":{\"@id\":\"https:\/\/www.cannabis.es\/pw\/2021\/05\/14\/el-congreso-aprueba-una-subcomision-de-estudio-del-cannabis-medicinal\/\"},\"author\":{\"name\":\"Cannabis.es\",\"@id\":\"https:\/\/www.cannabis.es\/pw\/#\/schema\/person\/ec770c03f3e99d770687f537f4ba1e89\"},\"headline\":\"El Congreso aprueba una subcomisi\u00f3n de estudio del cannabis medicinal\",\"datePublished\":\"2021-05-14T09:25:54+00:00\",\"dateModified\":\"2021-05-17T08:59:22+00:00\",\"mainEntityOfPage\":{\"@id\":\"https:\/\/www.cannabis.es\/pw\/2021\/05\/14\/el-congreso-aprueba-una-subcomision-de-estudio-del-cannabis-medicinal\/\"},\"wordCount\":888,\"publisher\":{\"@id\":\"https:\/\/www.cannabis.es\/pw\/#organization\"},\"image\":{\"@id\":\"https:\/\/www.cannabis.es\/pw\/2021\/05\/14\/el-congreso-aprueba-una-subcomision-de-estudio-del-cannabis-medicinal\/#primaryimage\"},\"thumbnailUrl\":\"https:\/\/www.cannabis.es\/pw\/wp-content\/uploads\/2021\/05\/comision-cannabis-medicinal.jpg\",\"keywords\":[\"Benito D\u00edaz\",\"cannabis medicinal\",\"pol\u00edtica\"],\"articleSection\":[\"Pol\u00edtica y Sociedad\"],\"inLanguage\":\"es\"},{\"@type\":\"WebPage\",\"@id\":\"https:\/\/www.cannabis.es\/pw\/2021\/05\/14\/el-congreso-aprueba-una-subcomision-de-estudio-del-cannabis-medicinal\/\",\"url\":\"https:\/\/www.cannabis.es\/pw\/2021\/05\/14\/el-congreso-aprueba-una-subcomision-de-estudio-del-cannabis-medicinal\/\",\"name\":\"El Congreso aprueba una subcomisi\u00f3n de estudio del cannabis medicinal\",\"isPartOf\":{\"@id\":\"https:\/\/www.cannabis.es\/pw\/#website\"},\"primaryImageOfPage\":{\"@id\":\"https:\/\/www.cannabis.es\/pw\/2021\/05\/14\/el-congreso-aprueba-una-subcomision-de-estudio-del-cannabis-medicinal\/#primaryimage\"},\"image\":{\"@id\":\"https:\/\/www.cannabis.es\/pw\/2021\/05\/14\/el-congreso-aprueba-una-subcomision-de-estudio-del-cannabis-medicinal\/#primaryimage\"},\"thumbnailUrl\":\"https:\/\/www.cannabis.es\/pw\/wp-content\/uploads\/2021\/05\/comision-cannabis-medicinal.jpg\",\"datePublished\":\"2021-05-14T09:25:54+00:00\",\"dateModified\":\"2021-05-17T08:59:22+00:00\",\"description\":\"Entrada &#8226; Portal multimedia sobre cannabis y otras sustancias &#8226; 14 mayo, 2021\",\"breadcrumb\":{\"@id\":\"https:\/\/www.cannabis.es\/pw\/2021\/05\/14\/el-congreso-aprueba-una-subcomision-de-estudio-del-cannabis-medicinal\/#breadcrumb\"},\"inLanguage\":\"es\",\"potentialAction\":[{\"@type\":\"ReadAction\",\"target\":[\"https:\/\/www.cannabis.es\/pw\/2021\/05\/14\/el-congreso-aprueba-una-subcomision-de-estudio-del-cannabis-medicinal\/\"]}]},{\"@type\":\"ImageObject\",\"inLanguage\":\"es\",\"@id\":\"https:\/\/www.cannabis.es\/pw\/2021\/05\/14\/el-congreso-aprueba-una-subcomision-de-estudio-del-cannabis-medicinal\/#primaryimage\",\"url\":\"https:\/\/www.cannabis.es\/pw\/wp-content\/uploads\/2021\/05\/comision-cannabis-medicinal.jpg\",\"contentUrl\":\"https:\/\/www.cannabis.es\/pw\/wp-content\/uploads\/2021\/05\/comision-cannabis-medicinal.jpg\",\"width\":804,\"height\":532},{\"@type\":\"BreadcrumbList\",\"@id\":\"https:\/\/www.cannabis.es\/pw\/2021\/05\/14\/el-congreso-aprueba-una-subcomision-de-estudio-del-cannabis-medicinal\/#breadcrumb\",\"itemListElement\":[{\"@type\":\"ListItem\",\"position\":1,\"name\":\"Portada\",\"item\":\"http:\/\/www.cannabis.es\/pw\/\"},{\"@type\":\"ListItem\",\"position\":2,\"name\":\"El Congreso aprueba una subcomisi\u00f3n de estudio del cannabis medicinal\"}]},{\"@type\":\"WebSite\",\"@id\":\"https:\/\/www.cannabis.es\/pw\/#website\",\"url\":\"https:\/\/www.cannabis.es\/pw\/\",\"name\":\"Cannabis\",\"description\":\"Portal multimedia sobre cannabis y otras sustancias\",\"publisher\":{\"@id\":\"https:\/\/www.cannabis.es\/pw\/#organization\"},\"potentialAction\":[{\"@type\":\"SearchAction\",\"target\":{\"@type\":\"EntryPoint\",\"urlTemplate\":\"https:\/\/www.cannabis.es\/pw\/?s={search_term_string}\"},\"query-input\":{\"@type\":\"PropertyValueSpecification\",\"valueRequired\":true,\"valueName\":\"search_term_string\"}}],\"inLanguage\":\"es\"},{\"@type\":\"Organization\",\"@id\":\"https:\/\/www.cannabis.es\/pw\/#organization\",\"name\":\"Cannabis.es\",\"url\":\"https:\/\/www.cannabis.es\/pw\/\",\"logo\":{\"@type\":\"ImageObject\",\"inLanguage\":\"es\",\"@id\":\"https:\/\/www.cannabis.es\/pw\/#\/schema\/logo\/image\/\",\"url\":\"https:\/\/www.cannabis.es\/pw\/wp-content\/uploads\/2019\/04\/cropped-logo_cannabis.png\",\"contentUrl\":\"https:\/\/www.cannabis.es\/pw\/wp-content\/uploads\/2019\/04\/cropped-logo_cannabis.png\",\"width\":361,\"height\":120,\"caption\":\"Cannabis.es\"},\"image\":{\"@id\":\"https:\/\/www.cannabis.es\/pw\/#\/schema\/logo\/image\/\"},\"sameAs\":[\"https:\/\/x.com\/cannabis_es\"]},{\"@type\":\"Person\",\"@id\":\"https:\/\/www.cannabis.es\/pw\/#\/schema\/person\/ec770c03f3e99d770687f537f4ba1e89\",\"name\":\"Cannabis.es\",\"image\":{\"@type\":\"ImageObject\",\"inLanguage\":\"es\",\"@id\":\"https:\/\/www.cannabis.es\/pw\/#\/schema\/person\/image\/\",\"url\":\"https:\/\/secure.gravatar.com\/avatar\/810c93a3d6fadc3d9c2665b1d919a4aedea8ed4dd63689d001e985a804e90d83?s=96&d=mm&r=g\",\"contentUrl\":\"https:\/\/secure.gravatar.com\/avatar\/810c93a3d6fadc3d9c2665b1d919a4aedea8ed4dd63689d001e985a804e90d83?s=96&d=mm&r=g\",\"caption\":\"Cannabis.es\"},\"url\":\"https:\/\/www.cannabis.es\/pw\/author\/arnau\/\"}]}<\/script>\n<!-- \/ Yoast SEO plugin. -->","yoast_head_json":{"title":"El Congreso aprueba una subcomisi\u00f3n de estudio del cannabis medicinal","description":"Entrada &#8226; Portal multimedia sobre cannabis y otras sustancias &#8226; 14 mayo, 2021","robots":{"index":"index","follow":"follow","max-snippet":"max-snippet:-1","max-image-preview":"max-image-preview:large","max-video-preview":"max-video-preview:-1"},"canonical":"https:\/\/www.cannabis.es\/pw\/2021\/05\/14\/el-congreso-aprueba-una-subcomision-de-estudio-del-cannabis-medicinal\/","twitter_card":"summary_large_image","twitter_title":"El Congreso aprueba una subcomisi\u00f3n de estudio del cannabis medicinal","twitter_description":"Entrada &#8226; Portal multimedia sobre cannabis y otras sustancias &#8226; 14 mayo, 2021","twitter_image":"https:\/\/www.cannabis.es\/pw\/wp-content\/uploads\/2021\/05\/comision-cannabis-medicinal.jpg","twitter_creator":"@cannabis_es","twitter_site":"@cannabis_es","twitter_misc":{"Escrito por":"Cannabis.es","Tiempo de lectura":"4 minutos"},"schema":{"@context":"https:\/\/schema.org","@graph":[{"@type":"Article","@id":"https:\/\/www.cannabis.es\/pw\/2021\/05\/14\/el-congreso-aprueba-una-subcomision-de-estudio-del-cannabis-medicinal\/#article","isPartOf":{"@id":"https:\/\/www.cannabis.es\/pw\/2021\/05\/14\/el-congreso-aprueba-una-subcomision-de-estudio-del-cannabis-medicinal\/"},"author":{"name":"Cannabis.es","@id":"https:\/\/www.cannabis.es\/pw\/#\/schema\/person\/ec770c03f3e99d770687f537f4ba1e89"},"headline":"El Congreso aprueba una subcomisi\u00f3n de estudio del cannabis medicinal","datePublished":"2021-05-14T09:25:54+00:00","dateModified":"2021-05-17T08:59:22+00:00","mainEntityOfPage":{"@id":"https:\/\/www.cannabis.es\/pw\/2021\/05\/14\/el-congreso-aprueba-una-subcomision-de-estudio-del-cannabis-medicinal\/"},"wordCount":888,"publisher":{"@id":"https:\/\/www.cannabis.es\/pw\/#organization"},"image":{"@id":"https:\/\/www.cannabis.es\/pw\/2021\/05\/14\/el-congreso-aprueba-una-subcomision-de-estudio-del-cannabis-medicinal\/#primaryimage"},"thumbnailUrl":"https:\/\/www.cannabis.es\/pw\/wp-content\/uploads\/2021\/05\/comision-cannabis-medicinal.jpg","keywords":["Benito D\u00edaz","cannabis medicinal","pol\u00edtica"],"articleSection":["Pol\u00edtica y Sociedad"],"inLanguage":"es"},{"@type":"WebPage","@id":"https:\/\/www.cannabis.es\/pw\/2021\/05\/14\/el-congreso-aprueba-una-subcomision-de-estudio-del-cannabis-medicinal\/","url":"https:\/\/www.cannabis.es\/pw\/2021\/05\/14\/el-congreso-aprueba-una-subcomision-de-estudio-del-cannabis-medicinal\/","name":"El Congreso aprueba una subcomisi\u00f3n de estudio del cannabis medicinal","isPartOf":{"@id":"https:\/\/www.cannabis.es\/pw\/#website"},"primaryImageOfPage":{"@id":"https:\/\/www.cannabis.es\/pw\/2021\/05\/14\/el-congreso-aprueba-una-subcomision-de-estudio-del-cannabis-medicinal\/#primaryimage"},"image":{"@id":"https:\/\/www.cannabis.es\/pw\/2021\/05\/14\/el-congreso-aprueba-una-subcomision-de-estudio-del-cannabis-medicinal\/#primaryimage"},"thumbnailUrl":"https:\/\/www.cannabis.es\/pw\/wp-content\/uploads\/2021\/05\/comision-cannabis-medicinal.jpg","datePublished":"2021-05-14T09:25:54+00:00","dateModified":"2021-05-17T08:59:22+00:00","description":"Entrada &#8226; Portal multimedia sobre cannabis y otras sustancias &#8226; 14 mayo, 2021","breadcrumb":{"@id":"https:\/\/www.cannabis.es\/pw\/2021\/05\/14\/el-congreso-aprueba-una-subcomision-de-estudio-del-cannabis-medicinal\/#breadcrumb"},"inLanguage":"es","potentialAction":[{"@type":"ReadAction","target":["https:\/\/www.cannabis.es\/pw\/2021\/05\/14\/el-congreso-aprueba-una-subcomision-de-estudio-del-cannabis-medicinal\/"]}]},{"@type":"ImageObject","inLanguage":"es","@id":"https:\/\/www.cannabis.es\/pw\/2021\/05\/14\/el-congreso-aprueba-una-subcomision-de-estudio-del-cannabis-medicinal\/#primaryimage","url":"https:\/\/www.cannabis.es\/pw\/wp-content\/uploads\/2021\/05\/comision-cannabis-medicinal.jpg","contentUrl":"https:\/\/www.cannabis.es\/pw\/wp-content\/uploads\/2021\/05\/comision-cannabis-medicinal.jpg","width":804,"height":532},{"@type":"BreadcrumbList","@id":"https:\/\/www.cannabis.es\/pw\/2021\/05\/14\/el-congreso-aprueba-una-subcomision-de-estudio-del-cannabis-medicinal\/#breadcrumb","itemListElement":[{"@type":"ListItem","position":1,"name":"Portada","item":"http:\/\/www.cannabis.es\/pw\/"},{"@type":"ListItem","position":2,"name":"El Congreso aprueba una subcomisi\u00f3n de estudio del cannabis medicinal"}]},{"@type":"WebSite","@id":"https:\/\/www.cannabis.es\/pw\/#website","url":"https:\/\/www.cannabis.es\/pw\/","name":"Cannabis","description":"Portal multimedia sobre cannabis y otras sustancias","publisher":{"@id":"https:\/\/www.cannabis.es\/pw\/#organization"},"potentialAction":[{"@type":"SearchAction","target":{"@type":"EntryPoint","urlTemplate":"https:\/\/www.cannabis.es\/pw\/?s={search_term_string}"},"query-input":{"@type":"PropertyValueSpecification","valueRequired":true,"valueName":"search_term_string"}}],"inLanguage":"es"},{"@type":"Organization","@id":"https:\/\/www.cannabis.es\/pw\/#organization","name":"Cannabis.es","url":"https:\/\/www.cannabis.es\/pw\/","logo":{"@type":"ImageObject","inLanguage":"es","@id":"https:\/\/www.cannabis.es\/pw\/#\/schema\/logo\/image\/","url":"https:\/\/www.cannabis.es\/pw\/wp-content\/uploads\/2019\/04\/cropped-logo_cannabis.png","contentUrl":"https:\/\/www.cannabis.es\/pw\/wp-content\/uploads\/2019\/04\/cropped-logo_cannabis.png","width":361,"height":120,"caption":"Cannabis.es"},"image":{"@id":"https:\/\/www.cannabis.es\/pw\/#\/schema\/logo\/image\/"},"sameAs":["https:\/\/x.com\/cannabis_es"]},{"@type":"Person","@id":"https:\/\/www.cannabis.es\/pw\/#\/schema\/person\/ec770c03f3e99d770687f537f4ba1e89","name":"Cannabis.es","image":{"@type":"ImageObject","inLanguage":"es","@id":"https:\/\/www.cannabis.es\/pw\/#\/schema\/person\/image\/","url":"https:\/\/secure.gravatar.com\/avatar\/810c93a3d6fadc3d9c2665b1d919a4aedea8ed4dd63689d001e985a804e90d83?s=96&d=mm&r=g","contentUrl":"https:\/\/secure.gravatar.com\/avatar\/810c93a3d6fadc3d9c2665b1d919a4aedea8ed4dd63689d001e985a804e90d83?s=96&d=mm&r=g","caption":"Cannabis.es"},"url":"https:\/\/www.cannabis.es\/pw\/author\/arnau\/"}]}},"_links":{"self":[{"href":"https:\/\/www.cannabis.es\/pw\/wp-json\/wp\/v2\/posts\/7070","targetHints":{"allow":["GET"]}}],"collection":[{"href":"https:\/\/www.cannabis.es\/pw\/wp-json\/wp\/v2\/posts"}],"about":[{"href":"https:\/\/www.cannabis.es\/pw\/wp-json\/wp\/v2\/types\/post"}],"author":[{"embeddable":true,"href":"https:\/\/www.cannabis.es\/pw\/wp-json\/wp\/v2\/users\/3"}],"replies":[{"embeddable":true,"href":"https:\/\/www.cannabis.es\/pw\/wp-json\/wp\/v2\/comments?post=7070"}],"version-history":[{"count":2,"href":"https:\/\/www.cannabis.es\/pw\/wp-json\/wp\/v2\/posts\/7070\/revisions"}],"predecessor-version":[{"id":7082,"href":"https:\/\/www.cannabis.es\/pw\/wp-json\/wp\/v2\/posts\/7070\/revisions\/7082"}],"wp:featuredmedia":[{"embeddable":true,"href":"https:\/\/www.cannabis.es\/pw\/wp-json\/wp\/v2\/media\/7071"}],"wp:attachment":[{"href":"https:\/\/www.cannabis.es\/pw\/wp-json\/wp\/v2\/media?parent=7070"}],"wp:term":[{"taxonomy":"category","embeddable":true,"href":"https:\/\/www.cannabis.es\/pw\/wp-json\/wp\/v2\/categories?post=7070"},{"taxonomy":"post_tag","embeddable":true,"href":"https:\/\/www.cannabis.es\/pw\/wp-json\/wp\/v2\/tags?post=7070"}],"curies":[{"name":"wp","href":"https:\/\/api.w.org\/{rel}","templated":true}]}}