{"id":7073,"date":"2021-05-14T12:53:05","date_gmt":"2021-05-14T10:53:05","guid":{"rendered":"https:\/\/www.cannabis.es\/pw\/?p=7073"},"modified":"2021-05-14T12:57:30","modified_gmt":"2021-05-14T10:57:30","slug":"por-una-regulacion-del-cannabis-medicinal-inclusiva","status":"publish","type":"post","link":"https:\/\/www.cannabis.es\/pw\/2021\/05\/14\/por-una-regulacion-del-cannabis-medicinal-inclusiva\/","title":{"rendered":"Por una regulaci\u00f3n del cannabis medicinal inclusiva"},"content":{"rendered":"\n<p>Comunicado OECCC<\/p>\n\n\n\n<p>El Observatorio Europeo del Cultivo y Consumo de Cannabis (OECCC) celebra <a href=\"https:\/\/www.cannabis.es\/pw\/2021\/05\/14\/el-congreso-aprueba-una-subcomision-de-estudio-del-cannabis-medicinal\/\">la apertura de una subcomisi\u00f3n para <em>\u201canalizar experiencias de regulaci\u00f3n del cannabis para uso medicinal\u201d<\/em><\/a>. La reciente <a href=\"https:\/\/www.cannabis.es\/pw\/2021\/04\/22\/la-poblacion-respalda-el-cannabis-medicinal-y-media-espana-el-recreativo\/\">encuesta del CIS <\/a>se\u00f1ala que hasta un 90% de la poblaci\u00f3n es partidaria de la regulaci\u00f3n del Cannabis medicinal, un impresionante apoyo, que se incrementa desde hace a\u00f1os, cada vez que el CIS incluye esta pregunta, gracias a los 30 a\u00f1os de trabajo por la normalizaci\u00f3n que ha desarrollado la sociedad civil.<\/p>\n\n\n\n<h2 class=\"wp-block-heading\">Propuesta de regulaci\u00f3n inclusiva: 3 accesos<\/h2>\n\n\n\n<p>El OECCC ha realizado un estudio a fondo de las diversas experiencias de regulaci\u00f3n del Cannabis a nivel mundial, fruto de tres a\u00f1os de trabajo, y present\u00f3 en diciembre del 2019 su <em><a href=\"https:\/\/observatoriocannabis.com\/wp-content\/uploads\/2020\/12\/Libro-ley_cannabis_medicinal.pdf\">\u201cLey del Cannabis Medicinal y Terape\u00fatico\u201d<\/a><\/em>, donde se  propone un<strong> acceso en tres v\u00edas: autocultivo terap\u00e9utico, clubs sociales y licencias transparentes<\/strong>. En este sentido, reclaman que<strong> la futura regulaci\u00f3n sea para ayudar a las personas, en vez de para beneficiar a las empresas  farmac\u00e9uticas en exclusiva<\/strong>. Si el cannabis medicinal se convierte en un oligopolio de grandes empresas, <strong>el tratamiento anual para un enfermo puede alcanzar los 32.000 euros anuales<\/strong>, por lo que se convierte en una pesada carga para los pacientes y para la Seguridad Social, lo que disminuye la accesibilidad.<\/p>\n\n\n\n<p>Adem\u00e1s de las diversas experiencias internacionales, se prest\u00f3 mucha atenci\u00f3n al encaje con la legislaci\u00f3n europea, sobre todo al Tratado de la Uni\u00f3n Europea, y resto de derecho europeo, con especial relevancia de <a href=\"https:\/\/www.iberley.es\/legislacion\/decision-2004-757-jai-25-oct-doue-disposiciones-minimas-elementos-constitutivos-delitos-penas-aplicables-ambito-trafico-ilicito-drogas-2520643\">la decisi\u00f3n Marco 2004\/ 757\/ JAI del Consejo de la Uni\u00f3n Europea.<\/a> Por supuesto, es una ley que se propone a nivel nacional, por lo que toma muy en cuenta la Constituci\u00f3n Espa\u00f1ola, as\u00ed como la Jurisprudencia de los tribunales de justicia, en especial del Tribunal Supremo y del Tribunal Constitucional.<\/p>\n\n\n\n<figure class=\"wp-block-image size-large\"><img loading=\"lazy\" decoding=\"async\" width=\"804\" height=\"532\" src=\"https:\/\/www.cannabis.es\/pw\/wp-content\/uploads\/2021\/05\/OECCC.jpg\" alt=\"\" class=\"wp-image-7074\" srcset=\"https:\/\/www.cannabis.es\/pw\/wp-content\/uploads\/2021\/05\/OECCC.jpg 804w, https:\/\/www.cannabis.es\/pw\/wp-content\/uploads\/2021\/05\/OECCC-300x199.jpg 300w, https:\/\/www.cannabis.es\/pw\/wp-content\/uploads\/2021\/05\/OECCC-768x508.jpg 768w, https:\/\/www.cannabis.es\/pw\/wp-content\/uploads\/2021\/05\/OECCC-600x397.jpg 600w\" sizes=\"auto, (max-width: 804px) 100vw, 804px\" \/><figcaption>Consejo T\u00e9cnico del OECCC present\u00f3 Posters y Comunicaciones sobre Cannabis Medicinal en el Congreso Cient\u00edfico de Catoira. Foto: H. Madera<\/figcaption><\/figure>\n\n\n\n<h2 class=\"wp-block-heading\">Transparencia y democratizaci\u00f3n de las \u00abparticularidades\u00bb reconocidas en las licencias<\/h2>\n\n\n\n<p>El OECCC tambi\u00e9n ha investigado a fondo el sistema de concesi\u00f3n de licencias de Cannabis en el Estado espa\u00f1ol, realizando preguntas al Gobierno y la Agencia Espa\u00f1ola del Medicamento y Productos Sanitarios, AEMPS, as\u00ed como informes, ruedas de prensa, art\u00edculos cient\u00edficos y presentaci\u00f3n de posters y comunicaciones en congresos cient\u00edficos. Tal y como se indica en el informe <a href=\"https:\/\/www.cannabis.es\/pw\/2020\/02\/19\/el-organismo-estatal-encargado-reconoce-arbitrariedad-en-la-concesion-de-licencias-un-informe-del-oeccc\/\">\u201cLicencias para cultivar Cannabis en Espa\u00f1a y la burbuja especulativa internacional\u201d<\/a> el sistema de concesi\u00f3n de licencias necesita m\u00e1s transparencia, pues<strong> la misma AEMPS ha reconocido al Consejo de Transparencia y Buen Gobierno que act\u00faa en funci\u00f3n de<\/strong> <em><span class=\"has-inline-color has-luminous-vivid-orange-color\">\u201cparticularidades que se puedan producir en cada caso concreto\u201d<\/span><\/em>. Por esto, solicita que se publique una normativa clara y que se aplique igual a todos los actores, de forma<br>que las grandes empresas farmac\u00e9uticas convivan con peque\u00f1as y medianas empresas, as\u00ed como con cooperativas, con ello se reducir\u00e1 el precio y aumentar\u00e1 la accesibilidad. <\/p>\n\n\n\n<p>Tras este trabajo de investigaci\u00f3n de las licencias, este Observatorio del Cannabis ha ayudado a <a href=\"https:\/\/www.cannabis.es\/pw\/2021\/04\/21\/documental-sobre-juanma-marihuana-para-vivir-el-autocultivo-me-da-la-dignidad\/\">Juan Manuel Rodr\u00edguez Gantes a solicitar una licencia de autocultivo de cannabis medicinal<\/a>, la primera solicitud de este tipo que se hace p\u00fablica en Espa\u00f1a. <strong>Con esta solicitud, se ha reclamado que el Cannabis medicinal sea para mejorar la calidad de vida las personas, y no las cuentas corrientes de las empresas farmac\u00e9uticas.<\/strong><\/p>\n\n\n\n<h2 class=\"wp-block-heading\">El acceso real al cannabis: incluyendo herbal y preparados<\/h2>\n\n\n\n<p>Todo este trabajo se sintetiz\u00f3 en el reciente <a href=\"https:\/\/www.cannabis.es\/pw\/2021\/02\/22\/el-i-congreso-internacional-de-cannabis-deja-muchos-titulares\/\">Congreso Cient\u00edfico Cannabis <\/a>realizado el pasado febrero en colaboraci\u00f3n con la Universidad Aut\u00f3noma, donde se insisti\u00f3 en la necesidad del acceso por varias v\u00edas, como tambi\u00e9n se hizo en el <a href=\"https:\/\/www.cannabis.es\/pw\/2020\/04\/22\/el-oeccc-defiende-el-cannabis-en-la-comision-de-estupefacientes-de-la-onu\/\">Oral Statement y el Written Statement presentados en la ONU, durante la 63 CND<\/a>. En esta reuni\u00f3n previa a la <a href=\"https:\/\/www.cannabis.es\/pw\/2020\/12\/03\/la-onu-reconoce-el-valor-terapeutico-de-la-cannabis-desambiguandola\/\">reclasificaci\u00f3n del Cannabis<\/a>, el OECCC intervino, junto al GMAF, en el plenario para tratar el Cannabis medicinal. En su declaraci\u00f3n oficial a los Gobiernos, sobre el Cannabis , durante la 63\u00aa sesi\u00f3n de la Comisi\u00f3n de estupefacientes de la ONU se explica que los distintos modelos de regulaci\u00f3n tienen una fuerte influencia en la accesibilidad del Cannabis<br>medicinal para los pacientes. <strong>Cuando solo se implantan v\u00edas farmac\u00e9uticas la accesibilidad es baja y los costes de los tratamientos son muy altos<\/strong>. El regreso del Cannabis y de los cannabinoides a nuestros sistemas de salud debe de ser integral a diferentes niveles:<\/p>\n\n\n\n<p>\u00b7 A nivel de producci\u00f3n, el punto que marca la diferencia entre modelos inclusivos y exclusivos es la diversidad en el peso econ\u00f3mico de los actores de la cadena de producci\u00f3n y dispensaci\u00f3n de Cannabis a fines medicinales,<strong> incluyendo peque\u00f1os productores, cooperativas, cultivos tradicionales y autocultivo individual o colectivo, adem\u00e1s de los cultivos convencionales de mayor tama\u00f1o.<\/strong><\/p>\n\n\n\n<p>\u00b7 A nivel de prescripci\u00f3n, tomando en cuenta la diversidad de formulaciones farmac\u00e9uticas, incluyendo las formas monomoleculares, herbal, tradicional y complementaria.<\/p>\n\n\n\n<p>\u00b7 A nivel de dispensaci\u00f3n, se debe de implementar un sistema plural, donde varias formulaciones a base de Cannabis sean asequibles seg\u00fan diferentes v\u00edas de dispensaci\u00f3n.<\/p>\n\n\n\n<figure class=\"wp-block-image size-large\"><img loading=\"lazy\" decoding=\"async\" width=\"819\" height=\"614\" src=\"https:\/\/www.cannabis.es\/pw\/wp-content\/uploads\/2021\/05\/OECCC_1.jpg\" alt=\"\" class=\"wp-image-7075\" srcset=\"https:\/\/www.cannabis.es\/pw\/wp-content\/uploads\/2021\/05\/OECCC_1.jpg 819w, https:\/\/www.cannabis.es\/pw\/wp-content\/uploads\/2021\/05\/OECCC_1-300x225.jpg 300w, https:\/\/www.cannabis.es\/pw\/wp-content\/uploads\/2021\/05\/OECCC_1-768x576.jpg 768w, https:\/\/www.cannabis.es\/pw\/wp-content\/uploads\/2021\/05\/OECCC_1-600x450.jpg 600w\" sizes=\"auto, (max-width: 819px) 100vw, 819px\" \/><figcaption>La presidenta del OECCC, Noem\u00ed Sanchez, y su director jur\u00eddico, Hector Brotons, presentaron la Ley del Cannabis Medicinal a la Senadora del PNV Nerea Ahedo, as\u00ed como resto de grupos pol\u00edticos. Foto: H. Madera<\/figcaption><\/figure>\n\n\n\n<h2 class=\"wp-block-heading\">El medicinal no debe parar la regulaci\u00f3n integral<\/h2>\n\n\n\n<p>Por \u00faltimo, insisten en que en ning\u00fan caso la apertura de una subcomisi\u00f3n sobre el Cannabis medicinal debe paralizar el debate sobre la regulaci\u00f3n integral. En la anterior legislatura, nada m\u00e1s aprobarse una subcomisi\u00f3n sobre la regulaci\u00f3n del uso terap\u00e9utico del cannabis y sus derivados, el, en aquel momento, Letrado Asesor de la Comisi\u00f3n Mixta para el Estudio del Problema de las Drogas, Fabio Pascua Mateo, se\u00f1al\u00f3 a Unidas Podemos que su PNL: \u201csu objeto coincide, al menos parcialmente, con el de la subcomisi\u00f3n creada ayer en la Comisi\u00f3n de Sanidad del Congreso sobre la regulaci\u00f3n del uso terap\u00e9utico del cannabis y sus derivados. Debe haber una distribuci\u00f3n de asuntos entre las Comisiones (art\u00edculo 43 del Reglamento del Congreso) y no es posible que la misma cuesti\u00f3n est\u00e9 encomendada a<br>dos \u00f3rganos distintos\u201d. El OECCC no est\u00e1 de acuerdo esta interpretaci\u00f3n y reclama que en ning\u00fan caso la regulaci\u00f3n medicinal se emplee como excusa para detener la regulaci\u00f3n integral, pues son dos temas complementarios, pero distintos.<\/p>\n","protected":false},"excerpt":{"rendered":"<span class=\"span-reading-time rt-reading-time\" style=\"display: block;\"><span class=\"rt-label rt-prefix\">Tiempo de lectura:<\/span> <span class=\"rt-time\"> 4<\/span> <span class=\"rt-label rt-postfix\">minutos<\/span><\/span>Comunicado OECCC El Observatorio Europeo del Cultivo y Consumo de Cannabis (OECCC) celebra la apertura de una subcomisi\u00f3n para \u201canalizar experiencias de regulaci\u00f3n del cannabis para uso medicinal\u201d. La reciente encuesta del CIS se\u00f1ala que hasta un 90% de la poblaci\u00f3n es partidaria de la regulaci\u00f3n del Cannabis medicinal, un impresionante apoyo, que se incrementa [&hellip;]","protected":false},"author":3,"featured_media":7075,"comment_status":"closed","ping_status":"closed","sticky":false,"template":"","format":"standard","meta":{"loftocean-featured-post":"","loftocean_post_format_gallery":"","loftocean_post_format_gallery_ids":"","loftocean_post_format_gallery_urls":"","loftocean_post_format_video_id":"","loftocean_post_format_video_url":"","loftocean_post_format_video_type":"","loftocean_post_format_video":"","loftocean_post_format_audio_type":"","loftocean_post_format_audio_url":"","loftocean_post_format_audio_id":"","loftocean_post_format_audio":"","loftocean_post_format_quote_text":"","loftocean_post_format_quote_byline":"","loftocean_post_format_link_text":"","loftocean_post_format_link_url":"","ceramag_post_header_style":"","ceramag_enable_background_video":"","ceramag_show_in_top_slider":"","ceramag_post_background_video_start":"","ceramag_post_background_video_end":"","loftocean_page_background_video_id":"","loftocean_page_background_video_url":"","loftocean_page_background_video_type":"","loftocean_page_background_video":"","ceramag_background_video_start":"","ceramag_background_video_end":"","ceramag_single_page_hide_header":"","footnotes":""},"categories":[35],"tags":[41,52,579],"class_list":["post-7073","post","type-post","status-publish","format-standard","has-post-thumbnail","hentry","category-politica-y-sociedad","tag-cannabis","tag-cannabis-medicinal","tag-oeccc"],"yoast_head":"<!-- This site is optimized with the Yoast SEO plugin v24.9 - https:\/\/yoast.com\/wordpress\/plugins\/seo\/ -->\n<title>Por una regulaci\u00f3n del cannabis medicinal inclusiva<\/title>\n<meta name=\"description\" content=\"Entrada &#8226; Portal multimedia sobre cannabis y otras sustancias &#8226; 14 mayo, 2021\" \/>\n<meta name=\"robots\" content=\"index, follow, max-snippet:-1, max-image-preview:large, max-video-preview:-1\" \/>\n<link rel=\"canonical\" href=\"https:\/\/www.cannabis.es\/pw\/2021\/05\/14\/por-una-regulacion-del-cannabis-medicinal-inclusiva\/\" \/>\n<meta name=\"twitter:card\" content=\"summary_large_image\" \/>\n<meta name=\"twitter:title\" content=\"Por una regulaci\u00f3n del cannabis medicinal inclusiva\" \/>\n<meta name=\"twitter:description\" content=\"Entrada &#8226; Portal multimedia sobre cannabis y otras sustancias &#8226; 14 mayo, 2021\" \/>\n<meta name=\"twitter:image\" content=\"https:\/\/www.cannabis.es\/pw\/wp-content\/uploads\/2021\/05\/OECCC_1.jpg\" \/>\n<meta name=\"twitter:creator\" content=\"@cannabis_es\" \/>\n<meta name=\"twitter:site\" content=\"@cannabis_es\" \/>\n<meta name=\"twitter:label1\" content=\"Escrito por\" \/>\n\t<meta name=\"twitter:data1\" content=\"Cannabis.es\" \/>\n\t<meta name=\"twitter:label2\" content=\"Tiempo de lectura\" \/>\n\t<meta name=\"twitter:data2\" content=\"5 minutos\" \/>\n<script type=\"application\/ld+json\" class=\"yoast-schema-graph\">{\"@context\":\"https:\/\/schema.org\",\"@graph\":[{\"@type\":\"Article\",\"@id\":\"https:\/\/www.cannabis.es\/pw\/2021\/05\/14\/por-una-regulacion-del-cannabis-medicinal-inclusiva\/#article\",\"isPartOf\":{\"@id\":\"https:\/\/www.cannabis.es\/pw\/2021\/05\/14\/por-una-regulacion-del-cannabis-medicinal-inclusiva\/\"},\"author\":{\"name\":\"Cannabis.es\",\"@id\":\"https:\/\/www.cannabis.es\/pw\/#\/schema\/person\/ec770c03f3e99d770687f537f4ba1e89\"},\"headline\":\"Por una regulaci\u00f3n del cannabis medicinal inclusiva\",\"datePublished\":\"2021-05-14T10:53:05+00:00\",\"dateModified\":\"2021-05-14T10:57:30+00:00\",\"mainEntityOfPage\":{\"@id\":\"https:\/\/www.cannabis.es\/pw\/2021\/05\/14\/por-una-regulacion-del-cannabis-medicinal-inclusiva\/\"},\"wordCount\":1110,\"publisher\":{\"@id\":\"https:\/\/www.cannabis.es\/pw\/#organization\"},\"image\":{\"@id\":\"https:\/\/www.cannabis.es\/pw\/2021\/05\/14\/por-una-regulacion-del-cannabis-medicinal-inclusiva\/#primaryimage\"},\"thumbnailUrl\":\"https:\/\/www.cannabis.es\/pw\/wp-content\/uploads\/2021\/05\/OECCC_1.jpg\",\"keywords\":[\"cannabis\",\"cannabis medicinal\",\"OECCC\"],\"articleSection\":[\"Pol\u00edtica y Sociedad\"],\"inLanguage\":\"es\"},{\"@type\":\"WebPage\",\"@id\":\"https:\/\/www.cannabis.es\/pw\/2021\/05\/14\/por-una-regulacion-del-cannabis-medicinal-inclusiva\/\",\"url\":\"https:\/\/www.cannabis.es\/pw\/2021\/05\/14\/por-una-regulacion-del-cannabis-medicinal-inclusiva\/\",\"name\":\"Por una regulaci\u00f3n del cannabis medicinal inclusiva\",\"isPartOf\":{\"@id\":\"https:\/\/www.cannabis.es\/pw\/#website\"},\"primaryImageOfPage\":{\"@id\":\"https:\/\/www.cannabis.es\/pw\/2021\/05\/14\/por-una-regulacion-del-cannabis-medicinal-inclusiva\/#primaryimage\"},\"image\":{\"@id\":\"https:\/\/www.cannabis.es\/pw\/2021\/05\/14\/por-una-regulacion-del-cannabis-medicinal-inclusiva\/#primaryimage\"},\"thumbnailUrl\":\"https:\/\/www.cannabis.es\/pw\/wp-content\/uploads\/2021\/05\/OECCC_1.jpg\",\"datePublished\":\"2021-05-14T10:53:05+00:00\",\"dateModified\":\"2021-05-14T10:57:30+00:00\",\"description\":\"Entrada &#8226; Portal multimedia sobre cannabis y otras sustancias &#8226; 14 mayo, 2021\",\"breadcrumb\":{\"@id\":\"https:\/\/www.cannabis.es\/pw\/2021\/05\/14\/por-una-regulacion-del-cannabis-medicinal-inclusiva\/#breadcrumb\"},\"inLanguage\":\"es\",\"potentialAction\":[{\"@type\":\"ReadAction\",\"target\":[\"https:\/\/www.cannabis.es\/pw\/2021\/05\/14\/por-una-regulacion-del-cannabis-medicinal-inclusiva\/\"]}]},{\"@type\":\"ImageObject\",\"inLanguage\":\"es\",\"@id\":\"https:\/\/www.cannabis.es\/pw\/2021\/05\/14\/por-una-regulacion-del-cannabis-medicinal-inclusiva\/#primaryimage\",\"url\":\"https:\/\/www.cannabis.es\/pw\/wp-content\/uploads\/2021\/05\/OECCC_1.jpg\",\"contentUrl\":\"https:\/\/www.cannabis.es\/pw\/wp-content\/uploads\/2021\/05\/OECCC_1.jpg\",\"width\":819,\"height\":614},{\"@type\":\"BreadcrumbList\",\"@id\":\"https:\/\/www.cannabis.es\/pw\/2021\/05\/14\/por-una-regulacion-del-cannabis-medicinal-inclusiva\/#breadcrumb\",\"itemListElement\":[{\"@type\":\"ListItem\",\"position\":1,\"name\":\"Portada\",\"item\":\"http:\/\/www.cannabis.es\/pw\/\"},{\"@type\":\"ListItem\",\"position\":2,\"name\":\"Por una regulaci\u00f3n del cannabis medicinal inclusiva\"}]},{\"@type\":\"WebSite\",\"@id\":\"https:\/\/www.cannabis.es\/pw\/#website\",\"url\":\"https:\/\/www.cannabis.es\/pw\/\",\"name\":\"Cannabis\",\"description\":\"Portal multimedia sobre cannabis y otras sustancias\",\"publisher\":{\"@id\":\"https:\/\/www.cannabis.es\/pw\/#organization\"},\"potentialAction\":[{\"@type\":\"SearchAction\",\"target\":{\"@type\":\"EntryPoint\",\"urlTemplate\":\"https:\/\/www.cannabis.es\/pw\/?s={search_term_string}\"},\"query-input\":{\"@type\":\"PropertyValueSpecification\",\"valueRequired\":true,\"valueName\":\"search_term_string\"}}],\"inLanguage\":\"es\"},{\"@type\":\"Organization\",\"@id\":\"https:\/\/www.cannabis.es\/pw\/#organization\",\"name\":\"Cannabis.es\",\"url\":\"https:\/\/www.cannabis.es\/pw\/\",\"logo\":{\"@type\":\"ImageObject\",\"inLanguage\":\"es\",\"@id\":\"https:\/\/www.cannabis.es\/pw\/#\/schema\/logo\/image\/\",\"url\":\"https:\/\/www.cannabis.es\/pw\/wp-content\/uploads\/2019\/04\/cropped-logo_cannabis.png\",\"contentUrl\":\"https:\/\/www.cannabis.es\/pw\/wp-content\/uploads\/2019\/04\/cropped-logo_cannabis.png\",\"width\":361,\"height\":120,\"caption\":\"Cannabis.es\"},\"image\":{\"@id\":\"https:\/\/www.cannabis.es\/pw\/#\/schema\/logo\/image\/\"},\"sameAs\":[\"https:\/\/x.com\/cannabis_es\"]},{\"@type\":\"Person\",\"@id\":\"https:\/\/www.cannabis.es\/pw\/#\/schema\/person\/ec770c03f3e99d770687f537f4ba1e89\",\"name\":\"Cannabis.es\",\"image\":{\"@type\":\"ImageObject\",\"inLanguage\":\"es\",\"@id\":\"https:\/\/www.cannabis.es\/pw\/#\/schema\/person\/image\/\",\"url\":\"https:\/\/secure.gravatar.com\/avatar\/810c93a3d6fadc3d9c2665b1d919a4aedea8ed4dd63689d001e985a804e90d83?s=96&d=mm&r=g\",\"contentUrl\":\"https:\/\/secure.gravatar.com\/avatar\/810c93a3d6fadc3d9c2665b1d919a4aedea8ed4dd63689d001e985a804e90d83?s=96&d=mm&r=g\",\"caption\":\"Cannabis.es\"},\"url\":\"https:\/\/www.cannabis.es\/pw\/author\/arnau\/\"}]}<\/script>\n<!-- \/ Yoast SEO plugin. -->","yoast_head_json":{"title":"Por una regulaci\u00f3n del cannabis medicinal inclusiva","description":"Entrada &#8226; Portal multimedia sobre cannabis y otras sustancias &#8226; 14 mayo, 2021","robots":{"index":"index","follow":"follow","max-snippet":"max-snippet:-1","max-image-preview":"max-image-preview:large","max-video-preview":"max-video-preview:-1"},"canonical":"https:\/\/www.cannabis.es\/pw\/2021\/05\/14\/por-una-regulacion-del-cannabis-medicinal-inclusiva\/","twitter_card":"summary_large_image","twitter_title":"Por una regulaci\u00f3n del cannabis medicinal inclusiva","twitter_description":"Entrada &#8226; Portal multimedia sobre cannabis y otras sustancias &#8226; 14 mayo, 2021","twitter_image":"https:\/\/www.cannabis.es\/pw\/wp-content\/uploads\/2021\/05\/OECCC_1.jpg","twitter_creator":"@cannabis_es","twitter_site":"@cannabis_es","twitter_misc":{"Escrito por":"Cannabis.es","Tiempo de lectura":"5 minutos"},"schema":{"@context":"https:\/\/schema.org","@graph":[{"@type":"Article","@id":"https:\/\/www.cannabis.es\/pw\/2021\/05\/14\/por-una-regulacion-del-cannabis-medicinal-inclusiva\/#article","isPartOf":{"@id":"https:\/\/www.cannabis.es\/pw\/2021\/05\/14\/por-una-regulacion-del-cannabis-medicinal-inclusiva\/"},"author":{"name":"Cannabis.es","@id":"https:\/\/www.cannabis.es\/pw\/#\/schema\/person\/ec770c03f3e99d770687f537f4ba1e89"},"headline":"Por una regulaci\u00f3n del cannabis medicinal inclusiva","datePublished":"2021-05-14T10:53:05+00:00","dateModified":"2021-05-14T10:57:30+00:00","mainEntityOfPage":{"@id":"https:\/\/www.cannabis.es\/pw\/2021\/05\/14\/por-una-regulacion-del-cannabis-medicinal-inclusiva\/"},"wordCount":1110,"publisher":{"@id":"https:\/\/www.cannabis.es\/pw\/#organization"},"image":{"@id":"https:\/\/www.cannabis.es\/pw\/2021\/05\/14\/por-una-regulacion-del-cannabis-medicinal-inclusiva\/#primaryimage"},"thumbnailUrl":"https:\/\/www.cannabis.es\/pw\/wp-content\/uploads\/2021\/05\/OECCC_1.jpg","keywords":["cannabis","cannabis medicinal","OECCC"],"articleSection":["Pol\u00edtica y Sociedad"],"inLanguage":"es"},{"@type":"WebPage","@id":"https:\/\/www.cannabis.es\/pw\/2021\/05\/14\/por-una-regulacion-del-cannabis-medicinal-inclusiva\/","url":"https:\/\/www.cannabis.es\/pw\/2021\/05\/14\/por-una-regulacion-del-cannabis-medicinal-inclusiva\/","name":"Por una regulaci\u00f3n del cannabis medicinal inclusiva","isPartOf":{"@id":"https:\/\/www.cannabis.es\/pw\/#website"},"primaryImageOfPage":{"@id":"https:\/\/www.cannabis.es\/pw\/2021\/05\/14\/por-una-regulacion-del-cannabis-medicinal-inclusiva\/#primaryimage"},"image":{"@id":"https:\/\/www.cannabis.es\/pw\/2021\/05\/14\/por-una-regulacion-del-cannabis-medicinal-inclusiva\/#primaryimage"},"thumbnailUrl":"https:\/\/www.cannabis.es\/pw\/wp-content\/uploads\/2021\/05\/OECCC_1.jpg","datePublished":"2021-05-14T10:53:05+00:00","dateModified":"2021-05-14T10:57:30+00:00","description":"Entrada &#8226; Portal multimedia sobre cannabis y otras sustancias &#8226; 14 mayo, 2021","breadcrumb":{"@id":"https:\/\/www.cannabis.es\/pw\/2021\/05\/14\/por-una-regulacion-del-cannabis-medicinal-inclusiva\/#breadcrumb"},"inLanguage":"es","potentialAction":[{"@type":"ReadAction","target":["https:\/\/www.cannabis.es\/pw\/2021\/05\/14\/por-una-regulacion-del-cannabis-medicinal-inclusiva\/"]}]},{"@type":"ImageObject","inLanguage":"es","@id":"https:\/\/www.cannabis.es\/pw\/2021\/05\/14\/por-una-regulacion-del-cannabis-medicinal-inclusiva\/#primaryimage","url":"https:\/\/www.cannabis.es\/pw\/wp-content\/uploads\/2021\/05\/OECCC_1.jpg","contentUrl":"https:\/\/www.cannabis.es\/pw\/wp-content\/uploads\/2021\/05\/OECCC_1.jpg","width":819,"height":614},{"@type":"BreadcrumbList","@id":"https:\/\/www.cannabis.es\/pw\/2021\/05\/14\/por-una-regulacion-del-cannabis-medicinal-inclusiva\/#breadcrumb","itemListElement":[{"@type":"ListItem","position":1,"name":"Portada","item":"http:\/\/www.cannabis.es\/pw\/"},{"@type":"ListItem","position":2,"name":"Por una regulaci\u00f3n del cannabis medicinal inclusiva"}]},{"@type":"WebSite","@id":"https:\/\/www.cannabis.es\/pw\/#website","url":"https:\/\/www.cannabis.es\/pw\/","name":"Cannabis","description":"Portal multimedia sobre cannabis y otras sustancias","publisher":{"@id":"https:\/\/www.cannabis.es\/pw\/#organization"},"potentialAction":[{"@type":"SearchAction","target":{"@type":"EntryPoint","urlTemplate":"https:\/\/www.cannabis.es\/pw\/?s={search_term_string}"},"query-input":{"@type":"PropertyValueSpecification","valueRequired":true,"valueName":"search_term_string"}}],"inLanguage":"es"},{"@type":"Organization","@id":"https:\/\/www.cannabis.es\/pw\/#organization","name":"Cannabis.es","url":"https:\/\/www.cannabis.es\/pw\/","logo":{"@type":"ImageObject","inLanguage":"es","@id":"https:\/\/www.cannabis.es\/pw\/#\/schema\/logo\/image\/","url":"https:\/\/www.cannabis.es\/pw\/wp-content\/uploads\/2019\/04\/cropped-logo_cannabis.png","contentUrl":"https:\/\/www.cannabis.es\/pw\/wp-content\/uploads\/2019\/04\/cropped-logo_cannabis.png","width":361,"height":120,"caption":"Cannabis.es"},"image":{"@id":"https:\/\/www.cannabis.es\/pw\/#\/schema\/logo\/image\/"},"sameAs":["https:\/\/x.com\/cannabis_es"]},{"@type":"Person","@id":"https:\/\/www.cannabis.es\/pw\/#\/schema\/person\/ec770c03f3e99d770687f537f4ba1e89","name":"Cannabis.es","image":{"@type":"ImageObject","inLanguage":"es","@id":"https:\/\/www.cannabis.es\/pw\/#\/schema\/person\/image\/","url":"https:\/\/secure.gravatar.com\/avatar\/810c93a3d6fadc3d9c2665b1d919a4aedea8ed4dd63689d001e985a804e90d83?s=96&d=mm&r=g","contentUrl":"https:\/\/secure.gravatar.com\/avatar\/810c93a3d6fadc3d9c2665b1d919a4aedea8ed4dd63689d001e985a804e90d83?s=96&d=mm&r=g","caption":"Cannabis.es"},"url":"https:\/\/www.cannabis.es\/pw\/author\/arnau\/"}]}},"_links":{"self":[{"href":"https:\/\/www.cannabis.es\/pw\/wp-json\/wp\/v2\/posts\/7073","targetHints":{"allow":["GET"]}}],"collection":[{"href":"https:\/\/www.cannabis.es\/pw\/wp-json\/wp\/v2\/posts"}],"about":[{"href":"https:\/\/www.cannabis.es\/pw\/wp-json\/wp\/v2\/types\/post"}],"author":[{"embeddable":true,"href":"https:\/\/www.cannabis.es\/pw\/wp-json\/wp\/v2\/users\/3"}],"replies":[{"embeddable":true,"href":"https:\/\/www.cannabis.es\/pw\/wp-json\/wp\/v2\/comments?post=7073"}],"version-history":[{"count":5,"href":"https:\/\/www.cannabis.es\/pw\/wp-json\/wp\/v2\/posts\/7073\/revisions"}],"predecessor-version":[{"id":7081,"href":"https:\/\/www.cannabis.es\/pw\/wp-json\/wp\/v2\/posts\/7073\/revisions\/7081"}],"wp:featuredmedia":[{"embeddable":true,"href":"https:\/\/www.cannabis.es\/pw\/wp-json\/wp\/v2\/media\/7075"}],"wp:attachment":[{"href":"https:\/\/www.cannabis.es\/pw\/wp-json\/wp\/v2\/media?parent=7073"}],"wp:term":[{"taxonomy":"category","embeddable":true,"href":"https:\/\/www.cannabis.es\/pw\/wp-json\/wp\/v2\/categories?post=7073"},{"taxonomy":"post_tag","embeddable":true,"href":"https:\/\/www.cannabis.es\/pw\/wp-json\/wp\/v2\/tags?post=7073"}],"curies":[{"name":"wp","href":"https:\/\/api.w.org\/{rel}","templated":true}]}}