{"id":7131,"date":"2021-05-31T12:42:44","date_gmt":"2021-05-31T10:42:44","guid":{"rendered":"https:\/\/www.cannabis.es\/pw\/?p=7131"},"modified":"2021-05-31T12:42:45","modified_gmt":"2021-05-31T10:42:45","slug":"portugal-ya-vende-cannabis-terapeutico-en-farmacias","status":"publish","type":"post","link":"https:\/\/www.cannabis.es\/pw\/2021\/05\/31\/portugal-ya-vende-cannabis-terapeutico-en-farmacias\/","title":{"rendered":"Portugal ya vende cannabis terap\u00e9utico en farmacias"},"content":{"rendered":"\n<p>Benito D\u00edaz<\/p>\n\n\n\n<p>Una escueta nota informativa en el diario RTP Not\u00edcias anunciaba la inminente puesta a la venta de flores de cannabis con objeto terap\u00e9utico a trav\u00e9s del sistema de farmacias nacionales de Portugal. La INFARMED, autoridad sobre productos sanitarios del Servicio Nacional de Salud luso, notific\u00f3 el pasado primero de abril la disponibilidad de estos productos para pacientes con prescripci\u00f3n m\u00e9dica.<\/p>\n\n\n\n<p>La noticia informa de que la flor seca de cannabis, con un porcentaje del 18% de THC, <em><span class=\"has-inline-color has-luminous-vivid-orange-color\">\u201cpuede ser consumida por pacientes con receta para tratar diversos problemas de salud\u201d<\/span>. <\/em>En concreto, <strong>seis supuestos<\/strong> para los cuales podr\u00eda estar contemplado este tratamiento m\u00e9dico. Por ejemplo, <strong>espasticidad<\/strong> <strong>asociada con esclerosis m\u00faltiple o lesiones<\/strong> de la m\u00e9dula espinal, <strong>n\u00e1useas y v\u00f3mitos<\/strong> consecuencia de los tratamientos con <strong>quimioterapia, radio terapia, medicaci\u00f3n contra el VIH y f\u00e1rmacos para la Hepatitis C<\/strong>. Tambi\u00e9n en casos en los que se requiera una estimulaci\u00f3n del <strong>apetito, como en pacientes con C\u00e1ncer o SIDA.<\/strong> Se incluyen adem\u00e1s los casos de <strong>dolor cr\u00f3nico asociado al c\u00e1ncer o a enfermedades del sistema nervioso, s\u00edndrome de Tourette y glaucoma resistente al tratamiento<\/strong>. <em>\u201cEl nuevo producto se puede usar para prevenir el dolor cr\u00f3nico o las n\u00e1useas y los v\u00f3mitos causados \u200b\u200bpor la quimioterapia, pero no todos los pacientes pueden usar esta terapia. Los pacientes epil\u00e9pticos quedan fuera\u201d<\/em> termina de explicar la nota de RTP-<\/p>\n\n\n\n<figure class=\"wp-block-image size-large\"><img loading=\"lazy\" decoding=\"async\" width=\"804\" height=\"532\" src=\"https:\/\/www.cannabis.es\/pw\/wp-content\/uploads\/2021\/05\/farmacias-cannabis-portugal.jpg\" alt=\"\" class=\"wp-image-7134\" srcset=\"https:\/\/www.cannabis.es\/pw\/wp-content\/uploads\/2021\/05\/farmacias-cannabis-portugal.jpg 804w, https:\/\/www.cannabis.es\/pw\/wp-content\/uploads\/2021\/05\/farmacias-cannabis-portugal-300x199.jpg 300w, https:\/\/www.cannabis.es\/pw\/wp-content\/uploads\/2021\/05\/farmacias-cannabis-portugal-768x508.jpg 768w, https:\/\/www.cannabis.es\/pw\/wp-content\/uploads\/2021\/05\/farmacias-cannabis-portugal-600x397.jpg 600w\" sizes=\"auto, (max-width: 804px) 100vw, 804px\" \/><\/figure>\n\n\n\n<h2 class=\"wp-block-heading\"><strong>Regulaci\u00f3n y formatos<\/strong><\/h2>\n\n\n\n<p>La regulaci\u00f3n y pol\u00edticas de drogas de Portugal, han sido <a href=\"https:\/\/www.cannabis.es\/pw\/2017\/09\/19\/despenalizacion-integral-la-experiencia-en-portugal\/\">pioneras en su aplicaci\u00f3n<\/a> y <a href=\"https:\/\/www.cannabis.es\/pw\/2021\/03\/22\/carolina-darias-sanidad-sigue-la-investigacion-medica-del-cannabis-terapeutico\/\">punto de referencia<\/a> para muchos pa\u00edses europeos, dada su eficacia en la reducci\u00f3n en los consumos de sustancias psicoactivas. Desde la despenalizaci\u00f3n en 2001 y la regulaci\u00f3n de los primeros f\u00e1rmacos derivados del Cannabis en 2018, Portugal no solo no ha visto crecer los n\u00fameros, si no que se han reducido y mantiene sus tasas de consumo por debajo de los est\u00e1ndares de la UE.<\/p>\n\n\n\n<p>En el pasado, los productos que pod\u00edan adquirirse para seguir una terapia cann\u00e1bica, se reduc\u00edan a los distintos formatos del Sativex, un tratamiento que en Espa\u00f1a puede alcanzar los 400 euros y en Portugal los 300, por tres frascos de 10 ml. La entrada de la venta de flores a un precio de 15 gramos por 150 euros, da la oportunidad de encontrar un tratamiento a un precio m\u00e1s asequible para los pacientes. Aun no se conoce si el Estado participar\u00e1 en el precio de estas terapias, quiz\u00e1 con la asunci\u00f3n de un porcentaje como ya se hace en otros casos.<\/p>\n\n\n\n<h2 class=\"wp-block-heading\"><strong>El negocio del cannabis terap\u00e9utico<\/strong><\/h2>\n\n\n\n<p>La industria cann\u00e1bica se ha volcado con <a href=\"https:\/\/www.cannabis.es\/pw\/2020\/10\/06\/clever-leaves-producira-cannabis-en-portugal\/\">inversiones diversas en Portugal.<\/a> Por ejemplo, Cleaver Leaves desde Colombia o las canadienses, como son la gigante Canophy Growth y Tilray. Esta \u00faltima finalmente ha lanzado el producto con autorizaci\u00f3n en las farmacias lusas, entre otras. Como afirmaba Carla D\u00edas, presidenta del Observatorio Portugu\u00e9s del Cannabis Medicinal (OPCM), Portugal afronta diversos problemas a la hora de aceptar inversiones millonarias en su pa\u00eds y hacerse con las licencias otorgadas por el ejecutivo. <em>\u201cAl menos hay nueve grandes compa\u00f1\u00edas de Cannabis que quieren realizar este tipo de inversiones, y necesitan obtener licencias espec\u00edficas para el cultivo y producci\u00f3n. Mis preguntas para estas entidades regulatorias siempre son las mismas: \u00bfcu\u00e1l es el l\u00edmite de producci\u00f3n? \u00bfVan a producir aqu\u00ed para vender la producci\u00f3n en otros pa\u00edses? \u00bfQu\u00e9 porcentaje va a quedarse en las farmacias portuguesas? Debemos pensar que puede haber una enorme cantidad de pacientes que pueden beneficiarse de la producci\u00f3n de estas nueve compa\u00f1\u00edas. De esta forma, las licencias se est\u00e1n otorgando a cambio de que una peque\u00f1a cantidad de esa producci\u00f3n de producto concreto, por ejemplo, flores de cannabis. Solo estar\u00e1n autorizadas a producir ese producto y una cantidad quedar\u00e1 en las farmacias. Por ejemplo, la compa\u00f1\u00eda Aurora fue una de esas compa\u00f1\u00edas interesadas en producir en nuestro pa\u00eds. Sin embargo, no llegamos a un acuerdo con ellos en las cuestiones que mencionamos, alargando cierto tipo de detalles y, al final, se fueron. No est\u00e1n ya en Portugal, lo dejaron\u201d<\/em>, explic\u00f3 D\u00edas <a href=\"https:\/\/www.cannabis.es\/pw\/2021\/02\/01\/carla-dias-presidenta-del-opcm-la-cannabis-no-es-una-droga-sino-una-planta-medicinal\/\">en una entrevista exclusiva<\/a> a Cannabis.es.<\/p>\n\n\n\n<p>La Autoridad Nacional de Medicamentos INFARMED, en declaraciones a este respecto para el diario Jornal de Not\u00edcias, asegur\u00f3 que <em><span class=\"has-inline-color has-luminous-vivid-orange-color\">\u201cdesde la aprobaci\u00f3n en Portugal del marco legal que ten\u00eda como objetivo hacer accesible el tratamiento con medicamentos, preparados y sustancias a base de la planta de Cannabis, se han presentado tres solicitudes de autorizaci\u00f3n para la puesta en el mercado\u201d.<\/span><\/em><\/p>\n\n\n\n<h2 class=\"wp-block-heading\"><strong>Pacientes<\/strong><\/h2>\n\n\n\n<p>La venta de Cannabis Terap\u00e9utico en las farmacias no ha sido demasiado bien acogida por las organizaciones de pacientes. Por ejemplo, la organizaci\u00f3n Gotas de Esperanza, con sede en Per\u00fa, afirma que esta salida no es suficiente. En primer lugar, porque el precio sigue siendo muy alto para un gran n\u00famero de personas consumidoras de Cannabis Terap\u00e9utico. Adem\u00e1s, nadie asegura que est\u00e9n disponibles las cepas que usa cada individuo. <em><span class=\"has-inline-color has-luminous-vivid-orange-color\">\u201cPor otro lado, debemos resaltar que el acto m\u00e9dico es un acto soberano y que pacientes contempor\u00e1neos, que venimos usando cannabis como medicina desde hace d\u00e9cadas, sabemos lo que necesitamos. Lo que no necesitamos es un estado paternalista que nos restrinja el acceso por temerle al desorden de su propio sistema de salud, que act\u00fae en funci\u00f3n de los intereses de grandes lobbys, no de pacientes; en suma, que no comprenda el potencial del uso medicinal que tiene la Cannabis y sus derivados: c\u00f3mo ha cambiado nuestras vidas\u201d<\/span>,<\/em> declaran a trav\u00e9s de un comunicado en <a href=\"http:\/\/cannabisgotasdeesperanza.com\/\">su p\u00e1gina web.<\/a><\/p>\n","protected":false},"excerpt":{"rendered":"<span class=\"span-reading-time rt-reading-time\" style=\"display: block;\"><span class=\"rt-label rt-prefix\">Tiempo de lectura:<\/span> <span class=\"rt-time\"> 3<\/span> <span class=\"rt-label rt-postfix\">minutos<\/span><\/span>Benito D\u00edaz Una escueta nota informativa en el diario RTP Not\u00edcias anunciaba la inminente puesta a la venta de flores de cannabis con objeto terap\u00e9utico a trav\u00e9s del sistema de farmacias nacionales de Portugal. La INFARMED, autoridad sobre productos sanitarios del Servicio Nacional de Salud luso, notific\u00f3 el pasado primero de abril la disponibilidad de [&hellip;]","protected":false},"author":3,"featured_media":7134,"comment_status":"closed","ping_status":"closed","sticky":false,"template":"","format":"standard","meta":{"loftocean-featured-post":"","loftocean_post_format_gallery":"","loftocean_post_format_gallery_ids":"","loftocean_post_format_gallery_urls":"","loftocean_post_format_video_id":"","loftocean_post_format_video_url":"","loftocean_post_format_video_type":"","loftocean_post_format_video":"","loftocean_post_format_audio_type":"","loftocean_post_format_audio_url":"","loftocean_post_format_audio_id":"","loftocean_post_format_audio":"","loftocean_post_format_quote_text":"","loftocean_post_format_quote_byline":"","loftocean_post_format_link_text":"","loftocean_post_format_link_url":"","ceramag_post_header_style":"","ceramag_enable_background_video":"","ceramag_show_in_top_slider":"","ceramag_post_background_video_start":"","ceramag_post_background_video_end":"","loftocean_page_background_video_id":"","loftocean_page_background_video_url":"","loftocean_page_background_video_type":"","loftocean_page_background_video":"","ceramag_background_video_start":"","ceramag_background_video_end":"","ceramag_single_page_hide_header":"","footnotes":""},"categories":[35],"tags":[43,52,1143],"class_list":["post-7131","post","type-post","status-publish","format-standard","has-post-thumbnail","hentry","category-politica-y-sociedad","tag-benito-diaz","tag-cannabis-medicinal","tag-portugal"],"yoast_head":"<!-- This site is optimized with the Yoast SEO plugin v24.9 - https:\/\/yoast.com\/wordpress\/plugins\/seo\/ -->\n<title>Portugal ya vende cannabis terap\u00e9utico en farmacias<\/title>\n<meta name=\"description\" content=\"Entrada &#8226; Portal multimedia sobre cannabis y otras sustancias &#8226; 31 mayo, 2021\" \/>\n<meta name=\"robots\" content=\"index, follow, max-snippet:-1, max-image-preview:large, max-video-preview:-1\" \/>\n<link rel=\"canonical\" href=\"https:\/\/www.cannabis.es\/pw\/2021\/05\/31\/portugal-ya-vende-cannabis-terapeutico-en-farmacias\/\" \/>\n<meta name=\"twitter:card\" content=\"summary_large_image\" \/>\n<meta name=\"twitter:title\" content=\"Portugal ya vende cannabis terap\u00e9utico en farmacias\" \/>\n<meta name=\"twitter:description\" content=\"Entrada &#8226; Portal multimedia sobre cannabis y otras sustancias &#8226; 31 mayo, 2021\" \/>\n<meta name=\"twitter:image\" content=\"https:\/\/www.cannabis.es\/pw\/wp-content\/uploads\/2021\/05\/farmacias-cannabis-portugal.jpg\" \/>\n<meta name=\"twitter:creator\" content=\"@cannabis_es\" \/>\n<meta name=\"twitter:site\" content=\"@cannabis_es\" \/>\n<meta name=\"twitter:label1\" content=\"Escrito por\" \/>\n\t<meta name=\"twitter:data1\" content=\"Cannabis.es\" \/>\n\t<meta name=\"twitter:label2\" content=\"Tiempo de lectura\" \/>\n\t<meta name=\"twitter:data2\" content=\"5 minutos\" \/>\n<script type=\"application\/ld+json\" class=\"yoast-schema-graph\">{\"@context\":\"https:\/\/schema.org\",\"@graph\":[{\"@type\":\"Article\",\"@id\":\"https:\/\/www.cannabis.es\/pw\/2021\/05\/31\/portugal-ya-vende-cannabis-terapeutico-en-farmacias\/#article\",\"isPartOf\":{\"@id\":\"https:\/\/www.cannabis.es\/pw\/2021\/05\/31\/portugal-ya-vende-cannabis-terapeutico-en-farmacias\/\"},\"author\":{\"name\":\"Cannabis.es\",\"@id\":\"https:\/\/www.cannabis.es\/pw\/#\/schema\/person\/ec770c03f3e99d770687f537f4ba1e89\"},\"headline\":\"Portugal ya vende cannabis terap\u00e9utico en farmacias\",\"datePublished\":\"2021-05-31T10:42:44+00:00\",\"dateModified\":\"2021-05-31T10:42:45+00:00\",\"mainEntityOfPage\":{\"@id\":\"https:\/\/www.cannabis.es\/pw\/2021\/05\/31\/portugal-ya-vende-cannabis-terapeutico-en-farmacias\/\"},\"wordCount\":982,\"publisher\":{\"@id\":\"https:\/\/www.cannabis.es\/pw\/#organization\"},\"image\":{\"@id\":\"https:\/\/www.cannabis.es\/pw\/2021\/05\/31\/portugal-ya-vende-cannabis-terapeutico-en-farmacias\/#primaryimage\"},\"thumbnailUrl\":\"https:\/\/www.cannabis.es\/pw\/wp-content\/uploads\/2021\/05\/farmacias-cannabis-portugal.jpg\",\"keywords\":[\"Benito D\u00edaz\",\"cannabis medicinal\",\"Portugal\"],\"articleSection\":[\"Pol\u00edtica y Sociedad\"],\"inLanguage\":\"es\"},{\"@type\":\"WebPage\",\"@id\":\"https:\/\/www.cannabis.es\/pw\/2021\/05\/31\/portugal-ya-vende-cannabis-terapeutico-en-farmacias\/\",\"url\":\"https:\/\/www.cannabis.es\/pw\/2021\/05\/31\/portugal-ya-vende-cannabis-terapeutico-en-farmacias\/\",\"name\":\"Portugal ya vende cannabis terap\u00e9utico en farmacias\",\"isPartOf\":{\"@id\":\"https:\/\/www.cannabis.es\/pw\/#website\"},\"primaryImageOfPage\":{\"@id\":\"https:\/\/www.cannabis.es\/pw\/2021\/05\/31\/portugal-ya-vende-cannabis-terapeutico-en-farmacias\/#primaryimage\"},\"image\":{\"@id\":\"https:\/\/www.cannabis.es\/pw\/2021\/05\/31\/portugal-ya-vende-cannabis-terapeutico-en-farmacias\/#primaryimage\"},\"thumbnailUrl\":\"https:\/\/www.cannabis.es\/pw\/wp-content\/uploads\/2021\/05\/farmacias-cannabis-portugal.jpg\",\"datePublished\":\"2021-05-31T10:42:44+00:00\",\"dateModified\":\"2021-05-31T10:42:45+00:00\",\"description\":\"Entrada &#8226; Portal multimedia sobre cannabis y otras sustancias &#8226; 31 mayo, 2021\",\"breadcrumb\":{\"@id\":\"https:\/\/www.cannabis.es\/pw\/2021\/05\/31\/portugal-ya-vende-cannabis-terapeutico-en-farmacias\/#breadcrumb\"},\"inLanguage\":\"es\",\"potentialAction\":[{\"@type\":\"ReadAction\",\"target\":[\"https:\/\/www.cannabis.es\/pw\/2021\/05\/31\/portugal-ya-vende-cannabis-terapeutico-en-farmacias\/\"]}]},{\"@type\":\"ImageObject\",\"inLanguage\":\"es\",\"@id\":\"https:\/\/www.cannabis.es\/pw\/2021\/05\/31\/portugal-ya-vende-cannabis-terapeutico-en-farmacias\/#primaryimage\",\"url\":\"https:\/\/www.cannabis.es\/pw\/wp-content\/uploads\/2021\/05\/farmacias-cannabis-portugal.jpg\",\"contentUrl\":\"https:\/\/www.cannabis.es\/pw\/wp-content\/uploads\/2021\/05\/farmacias-cannabis-portugal.jpg\",\"width\":804,\"height\":532},{\"@type\":\"BreadcrumbList\",\"@id\":\"https:\/\/www.cannabis.es\/pw\/2021\/05\/31\/portugal-ya-vende-cannabis-terapeutico-en-farmacias\/#breadcrumb\",\"itemListElement\":[{\"@type\":\"ListItem\",\"position\":1,\"name\":\"Portada\",\"item\":\"http:\/\/www.cannabis.es\/pw\/\"},{\"@type\":\"ListItem\",\"position\":2,\"name\":\"Portugal ya vende cannabis terap\u00e9utico en farmacias\"}]},{\"@type\":\"WebSite\",\"@id\":\"https:\/\/www.cannabis.es\/pw\/#website\",\"url\":\"https:\/\/www.cannabis.es\/pw\/\",\"name\":\"Cannabis\",\"description\":\"Portal multimedia sobre cannabis y otras sustancias\",\"publisher\":{\"@id\":\"https:\/\/www.cannabis.es\/pw\/#organization\"},\"potentialAction\":[{\"@type\":\"SearchAction\",\"target\":{\"@type\":\"EntryPoint\",\"urlTemplate\":\"https:\/\/www.cannabis.es\/pw\/?s={search_term_string}\"},\"query-input\":{\"@type\":\"PropertyValueSpecification\",\"valueRequired\":true,\"valueName\":\"search_term_string\"}}],\"inLanguage\":\"es\"},{\"@type\":\"Organization\",\"@id\":\"https:\/\/www.cannabis.es\/pw\/#organization\",\"name\":\"Cannabis.es\",\"url\":\"https:\/\/www.cannabis.es\/pw\/\",\"logo\":{\"@type\":\"ImageObject\",\"inLanguage\":\"es\",\"@id\":\"https:\/\/www.cannabis.es\/pw\/#\/schema\/logo\/image\/\",\"url\":\"https:\/\/www.cannabis.es\/pw\/wp-content\/uploads\/2019\/04\/cropped-logo_cannabis.png\",\"contentUrl\":\"https:\/\/www.cannabis.es\/pw\/wp-content\/uploads\/2019\/04\/cropped-logo_cannabis.png\",\"width\":361,\"height\":120,\"caption\":\"Cannabis.es\"},\"image\":{\"@id\":\"https:\/\/www.cannabis.es\/pw\/#\/schema\/logo\/image\/\"},\"sameAs\":[\"https:\/\/x.com\/cannabis_es\"]},{\"@type\":\"Person\",\"@id\":\"https:\/\/www.cannabis.es\/pw\/#\/schema\/person\/ec770c03f3e99d770687f537f4ba1e89\",\"name\":\"Cannabis.es\",\"image\":{\"@type\":\"ImageObject\",\"inLanguage\":\"es\",\"@id\":\"https:\/\/www.cannabis.es\/pw\/#\/schema\/person\/image\/\",\"url\":\"https:\/\/secure.gravatar.com\/avatar\/810c93a3d6fadc3d9c2665b1d919a4aedea8ed4dd63689d001e985a804e90d83?s=96&d=mm&r=g\",\"contentUrl\":\"https:\/\/secure.gravatar.com\/avatar\/810c93a3d6fadc3d9c2665b1d919a4aedea8ed4dd63689d001e985a804e90d83?s=96&d=mm&r=g\",\"caption\":\"Cannabis.es\"},\"url\":\"https:\/\/www.cannabis.es\/pw\/author\/arnau\/\"}]}<\/script>\n<!-- \/ Yoast SEO plugin. -->","yoast_head_json":{"title":"Portugal ya vende cannabis terap\u00e9utico en farmacias","description":"Entrada &#8226; Portal multimedia sobre cannabis y otras sustancias &#8226; 31 mayo, 2021","robots":{"index":"index","follow":"follow","max-snippet":"max-snippet:-1","max-image-preview":"max-image-preview:large","max-video-preview":"max-video-preview:-1"},"canonical":"https:\/\/www.cannabis.es\/pw\/2021\/05\/31\/portugal-ya-vende-cannabis-terapeutico-en-farmacias\/","twitter_card":"summary_large_image","twitter_title":"Portugal ya vende cannabis terap\u00e9utico en farmacias","twitter_description":"Entrada &#8226; Portal multimedia sobre cannabis y otras sustancias &#8226; 31 mayo, 2021","twitter_image":"https:\/\/www.cannabis.es\/pw\/wp-content\/uploads\/2021\/05\/farmacias-cannabis-portugal.jpg","twitter_creator":"@cannabis_es","twitter_site":"@cannabis_es","twitter_misc":{"Escrito por":"Cannabis.es","Tiempo de lectura":"5 minutos"},"schema":{"@context":"https:\/\/schema.org","@graph":[{"@type":"Article","@id":"https:\/\/www.cannabis.es\/pw\/2021\/05\/31\/portugal-ya-vende-cannabis-terapeutico-en-farmacias\/#article","isPartOf":{"@id":"https:\/\/www.cannabis.es\/pw\/2021\/05\/31\/portugal-ya-vende-cannabis-terapeutico-en-farmacias\/"},"author":{"name":"Cannabis.es","@id":"https:\/\/www.cannabis.es\/pw\/#\/schema\/person\/ec770c03f3e99d770687f537f4ba1e89"},"headline":"Portugal ya vende cannabis terap\u00e9utico en farmacias","datePublished":"2021-05-31T10:42:44+00:00","dateModified":"2021-05-31T10:42:45+00:00","mainEntityOfPage":{"@id":"https:\/\/www.cannabis.es\/pw\/2021\/05\/31\/portugal-ya-vende-cannabis-terapeutico-en-farmacias\/"},"wordCount":982,"publisher":{"@id":"https:\/\/www.cannabis.es\/pw\/#organization"},"image":{"@id":"https:\/\/www.cannabis.es\/pw\/2021\/05\/31\/portugal-ya-vende-cannabis-terapeutico-en-farmacias\/#primaryimage"},"thumbnailUrl":"https:\/\/www.cannabis.es\/pw\/wp-content\/uploads\/2021\/05\/farmacias-cannabis-portugal.jpg","keywords":["Benito D\u00edaz","cannabis medicinal","Portugal"],"articleSection":["Pol\u00edtica y Sociedad"],"inLanguage":"es"},{"@type":"WebPage","@id":"https:\/\/www.cannabis.es\/pw\/2021\/05\/31\/portugal-ya-vende-cannabis-terapeutico-en-farmacias\/","url":"https:\/\/www.cannabis.es\/pw\/2021\/05\/31\/portugal-ya-vende-cannabis-terapeutico-en-farmacias\/","name":"Portugal ya vende cannabis terap\u00e9utico en farmacias","isPartOf":{"@id":"https:\/\/www.cannabis.es\/pw\/#website"},"primaryImageOfPage":{"@id":"https:\/\/www.cannabis.es\/pw\/2021\/05\/31\/portugal-ya-vende-cannabis-terapeutico-en-farmacias\/#primaryimage"},"image":{"@id":"https:\/\/www.cannabis.es\/pw\/2021\/05\/31\/portugal-ya-vende-cannabis-terapeutico-en-farmacias\/#primaryimage"},"thumbnailUrl":"https:\/\/www.cannabis.es\/pw\/wp-content\/uploads\/2021\/05\/farmacias-cannabis-portugal.jpg","datePublished":"2021-05-31T10:42:44+00:00","dateModified":"2021-05-31T10:42:45+00:00","description":"Entrada &#8226; Portal multimedia sobre cannabis y otras sustancias &#8226; 31 mayo, 2021","breadcrumb":{"@id":"https:\/\/www.cannabis.es\/pw\/2021\/05\/31\/portugal-ya-vende-cannabis-terapeutico-en-farmacias\/#breadcrumb"},"inLanguage":"es","potentialAction":[{"@type":"ReadAction","target":["https:\/\/www.cannabis.es\/pw\/2021\/05\/31\/portugal-ya-vende-cannabis-terapeutico-en-farmacias\/"]}]},{"@type":"ImageObject","inLanguage":"es","@id":"https:\/\/www.cannabis.es\/pw\/2021\/05\/31\/portugal-ya-vende-cannabis-terapeutico-en-farmacias\/#primaryimage","url":"https:\/\/www.cannabis.es\/pw\/wp-content\/uploads\/2021\/05\/farmacias-cannabis-portugal.jpg","contentUrl":"https:\/\/www.cannabis.es\/pw\/wp-content\/uploads\/2021\/05\/farmacias-cannabis-portugal.jpg","width":804,"height":532},{"@type":"BreadcrumbList","@id":"https:\/\/www.cannabis.es\/pw\/2021\/05\/31\/portugal-ya-vende-cannabis-terapeutico-en-farmacias\/#breadcrumb","itemListElement":[{"@type":"ListItem","position":1,"name":"Portada","item":"http:\/\/www.cannabis.es\/pw\/"},{"@type":"ListItem","position":2,"name":"Portugal ya vende cannabis terap\u00e9utico en farmacias"}]},{"@type":"WebSite","@id":"https:\/\/www.cannabis.es\/pw\/#website","url":"https:\/\/www.cannabis.es\/pw\/","name":"Cannabis","description":"Portal multimedia sobre cannabis y otras sustancias","publisher":{"@id":"https:\/\/www.cannabis.es\/pw\/#organization"},"potentialAction":[{"@type":"SearchAction","target":{"@type":"EntryPoint","urlTemplate":"https:\/\/www.cannabis.es\/pw\/?s={search_term_string}"},"query-input":{"@type":"PropertyValueSpecification","valueRequired":true,"valueName":"search_term_string"}}],"inLanguage":"es"},{"@type":"Organization","@id":"https:\/\/www.cannabis.es\/pw\/#organization","name":"Cannabis.es","url":"https:\/\/www.cannabis.es\/pw\/","logo":{"@type":"ImageObject","inLanguage":"es","@id":"https:\/\/www.cannabis.es\/pw\/#\/schema\/logo\/image\/","url":"https:\/\/www.cannabis.es\/pw\/wp-content\/uploads\/2019\/04\/cropped-logo_cannabis.png","contentUrl":"https:\/\/www.cannabis.es\/pw\/wp-content\/uploads\/2019\/04\/cropped-logo_cannabis.png","width":361,"height":120,"caption":"Cannabis.es"},"image":{"@id":"https:\/\/www.cannabis.es\/pw\/#\/schema\/logo\/image\/"},"sameAs":["https:\/\/x.com\/cannabis_es"]},{"@type":"Person","@id":"https:\/\/www.cannabis.es\/pw\/#\/schema\/person\/ec770c03f3e99d770687f537f4ba1e89","name":"Cannabis.es","image":{"@type":"ImageObject","inLanguage":"es","@id":"https:\/\/www.cannabis.es\/pw\/#\/schema\/person\/image\/","url":"https:\/\/secure.gravatar.com\/avatar\/810c93a3d6fadc3d9c2665b1d919a4aedea8ed4dd63689d001e985a804e90d83?s=96&d=mm&r=g","contentUrl":"https:\/\/secure.gravatar.com\/avatar\/810c93a3d6fadc3d9c2665b1d919a4aedea8ed4dd63689d001e985a804e90d83?s=96&d=mm&r=g","caption":"Cannabis.es"},"url":"https:\/\/www.cannabis.es\/pw\/author\/arnau\/"}]}},"_links":{"self":[{"href":"https:\/\/www.cannabis.es\/pw\/wp-json\/wp\/v2\/posts\/7131","targetHints":{"allow":["GET"]}}],"collection":[{"href":"https:\/\/www.cannabis.es\/pw\/wp-json\/wp\/v2\/posts"}],"about":[{"href":"https:\/\/www.cannabis.es\/pw\/wp-json\/wp\/v2\/types\/post"}],"author":[{"embeddable":true,"href":"https:\/\/www.cannabis.es\/pw\/wp-json\/wp\/v2\/users\/3"}],"replies":[{"embeddable":true,"href":"https:\/\/www.cannabis.es\/pw\/wp-json\/wp\/v2\/comments?post=7131"}],"version-history":[{"count":2,"href":"https:\/\/www.cannabis.es\/pw\/wp-json\/wp\/v2\/posts\/7131\/revisions"}],"predecessor-version":[{"id":7135,"href":"https:\/\/www.cannabis.es\/pw\/wp-json\/wp\/v2\/posts\/7131\/revisions\/7135"}],"wp:featuredmedia":[{"embeddable":true,"href":"https:\/\/www.cannabis.es\/pw\/wp-json\/wp\/v2\/media\/7134"}],"wp:attachment":[{"href":"https:\/\/www.cannabis.es\/pw\/wp-json\/wp\/v2\/media?parent=7131"}],"wp:term":[{"taxonomy":"category","embeddable":true,"href":"https:\/\/www.cannabis.es\/pw\/wp-json\/wp\/v2\/categories?post=7131"},{"taxonomy":"post_tag","embeddable":true,"href":"https:\/\/www.cannabis.es\/pw\/wp-json\/wp\/v2\/tags?post=7131"}],"curies":[{"name":"wp","href":"https:\/\/api.w.org\/{rel}","templated":true}]}}