{"id":7136,"date":"2021-06-01T13:13:56","date_gmt":"2021-06-01T11:13:56","guid":{"rendered":"https:\/\/www.cannabis.es\/pw\/?p=7136"},"modified":"2021-06-01T13:13:57","modified_gmt":"2021-06-01T11:13:57","slug":"daniel-viondi-psoe-vamos-a-ver-quien-es-paciente-y-quien-dice-serlo-para-fumar","status":"publish","type":"post","link":"https:\/\/www.cannabis.es\/pw\/2021\/06\/01\/daniel-viondi-psoe-vamos-a-ver-quien-es-paciente-y-quien-dice-serlo-para-fumar\/","title":{"rendered":"Daniel Viondi, PSOE: \u00abVamos a ver qui\u00e9n es paciente y qui\u00e9n dice serlo para fumar\u00bb"},"content":{"rendered":"\n<p>Arnau Alcaide<br><br>Entrevistamos al diputado y portavoz del Partido Socialista en materia de adicciones, Daniel Viondi, quien viene siendo <a href=\"https:\/\/www.cannabis.es\/pw\/2020\/11\/18\/podemos-lleva-la-legalizacion-a-comision-con-el-psoe-en-contra-y-erc-y-pnv-pidiendo-explicaciones\/\">el vocal del partido respecto del cannabis durante la legislatura<\/a>. Ante la reciente aprobaci\u00f3n de una <a href=\"https:\/\/www.cannabis.es\/pw\/2021\/05\/14\/el-congreso-aprueba-una-subcomision-de-estudio-del-cannabis-medicinal\/\">subcomisi\u00f3n de estudio espec\u00edfica para el cannabis medicinal<\/a>, que se terminar\u00e1 de aprobar en el Congreso la semana que viene, el diputado del PSOE nos explica cu\u00e1l es el planteamiento del principal partido en el Gobierno de cara a esta primera evaluaci\u00f3n por los canales de la pol\u00edtica estatal.<br><br>De momento, se mantienen en la postura del medicamento como garante de una evidencia que no ven en el cannabis natural o herbal, que se evaluar\u00e1 con muchas reservas por parte de un PSOE que afirma que la evidencia disponible se\u00f1ala los perjuicios del cannabis para la salud, una droga, el t\u00e9rmino recurrente para la llamada a la precauci\u00f3n. Pero Viondi insiste en que precisamente el estudio de estas cuestiones es el fin de la subcomisi\u00f3n; nada m\u00e1s precipitado, mucho menos una legalizaci\u00f3n del cannabis, como lo que asegura haber le\u00eddo en medios que se han excedido en la valoraci\u00f3n de la subcomisi\u00f3n para el cannabis medicinal.<br><br>Las y los pacientes no deben esperar que se regule su seguridad jur\u00eddica de inmediato, pero el portavoz socialista nos asegura que el intercambio que se produce, a la espera de la evaluaci\u00f3n y a cambio de la seguridad legal de estas personas, ser\u00e1 una de las cuestiones a tratar, y que se ver\u00e1n ejemplos de incorporaci\u00f3n a la legalidad aplicados por otros pa\u00edses europeos. Modelos, estos \u00faltimos, por los que ha optado frente a los americanos, con cr\u00edticas al enfoque economicista y descartando los clubes sociales cann\u00e1bicos, tambi\u00e9n con referencia a los espa\u00f1oles. Una cuesti\u00f3n, la de los clubes, que \u00abir\u00e1 avanzando\u00bb, pero que, de momento, no est\u00e1 en su ideario y equipara al \u00abdebate\u00bb de la \u00ablegalizaci\u00f3n\u00bb, por el que deja claro que el PSOE no apuesta.<br><br>Respecto del modelo productivo, defiende al Ministerio de Sanidad y a la Agencia del Medicamento, pero reconoce que podr\u00eda ser m\u00e1s transparente el sistema de licencias. Estudiar\u00e1n el cannabis herbal, pero no dejar\u00edan cultivar o autocultivar a las personas, tampoco pacientes; esa es la respuesta a priori a<a href=\"https:\/\/www.cannabis.es\/pw\/2021\/04\/21\/documental-sobre-juanma-marihuana-para-vivir-el-autocultivo-me-da-la-dignidad\/\"> la petici\u00f3n de Juanma de una licencia<\/a> para la producci\u00f3n personal de cannabis medicinal. Nos adentramos en la transcripci\u00f3n de la entrevista.<\/p>\n\n\n\n<figure class=\"wp-block-image size-large\"><img loading=\"lazy\" decoding=\"async\" width=\"804\" height=\"532\" src=\"https:\/\/www.cannabis.es\/pw\/wp-content\/uploads\/2021\/06\/daniel-viondi-1.jpg\" alt=\"\" class=\"wp-image-7138\" srcset=\"https:\/\/www.cannabis.es\/pw\/wp-content\/uploads\/2021\/06\/daniel-viondi-1.jpg 804w, https:\/\/www.cannabis.es\/pw\/wp-content\/uploads\/2021\/06\/daniel-viondi-1-300x199.jpg 300w, https:\/\/www.cannabis.es\/pw\/wp-content\/uploads\/2021\/06\/daniel-viondi-1-768x508.jpg 768w, https:\/\/www.cannabis.es\/pw\/wp-content\/uploads\/2021\/06\/daniel-viondi-1-600x397.jpg 600w\" sizes=\"auto, (max-width: 804px) 100vw, 804px\" \/><figcaption>El diputado Daniel Viondi en la Comisi\u00f3n de Salud que aprob\u00f3 la subcomisi\u00f3n espec\u00edfica.<\/figcaption><\/figure>\n\n\n\n<h4 class=\"wp-block-heading\"><strong>Recientemente, han votado a favor de crear una subcomisi\u00f3n de estudio del cannabis medicinal. \u00bfQu\u00e9 esperan de ella?<\/strong><\/h4>\n\n\n\n<p>\u00abLo que esperamos es hacer un debate sincero en el que se recojan todas las opiniones. Tambi\u00e9n que podamos hacer el seguimiento y la comparaci\u00f3n de <a href=\"https:\/\/www.cannabis.es\/pw\/2021\/05\/31\/portugal-ya-vende-cannabis-terapeutico-en-farmacias\/\">lo que se va marcando dentro de otros pa\u00edses de la Uni\u00f3n Europea<\/a>. Y mi deseo particular, y lo hablo en general, es que se pueda llegar a <strong>un acuerdo de consenso entre todos los grupos, para que se haga una propuesta que salga del Congreso<\/strong>\u00ab.<\/p>\n\n\n\n<h4 class=\"wp-block-heading\"><strong>En ese camino, \u00bfve un punto de inflexi\u00f3n?<\/strong><\/h4>\n\n\n\n<p>\u00abA m\u00ed no me gusta utilizar el t\u00e9rmino punto de inflexi\u00f3n. Es un avance con respecto a posiciones que anteriormente quiz\u00e1s desde el Gobierno no fueran las mismas. Es verdad que ha contribuido much\u00edsimo que <a href=\"https:\/\/www.cannabis.es\/pw\/2020\/12\/03\/la-onu-reconoce-el-valor-terapeutico-de-la-cannabis-desambiguandola\/\">en el marco regulatorio de las organizaciones internacionales se diera el paso en diciembre<\/a>. [&#8230;] Estamos dentro de los par\u00e1metros que se van fijando <a href=\"https:\/\/www.cannabis.es\/pw\/2020\/12\/07\/la-ue-confirma-que-el-cbd-no-es-droga-y-retoma-las-solicitudes-interrumpidas-de-nuevo-alimento\/\">la Uni\u00f3n Europea<\/a> y <a href=\"https:\/\/www.cannabis.es\/pw\/2019\/02\/01\/la-oms-recomienda-reclasificar-el-cannabis-y-dar-via-libre-al-cbd\/\">la OMS<\/a>, no estamos optando por v\u00edas libres fuera de lo que acuerden los organismos internacionales. Es cierto que la OMS dio un paso, no es el decisivo para los intereses o expectativas de muchas personas, pero es un paso significativo y el Gobierno lo ha acompa\u00f1ado. Y de ah\u00ed viene el refrendo con el voto favorable a la creaci\u00f3n de la Subcomisi\u00f3n\u00bb.<\/p>\n\n\n\n<h4 class=\"wp-block-heading\">\u00bf<strong>Hay una nueva sensibilidad respecto al cannabis medicinal tras este cambio de la OMS? \u00bfEn qu\u00e9 t\u00e9rminos se est\u00e1 acercando la posici\u00f3n del Partido Socialista?<\/strong><\/h4>\n\n\n\n<p>\u00abEn Espa\u00f1a ya hay dos productos con componentes del cannabis,<strong> dos productos f\u00e1rmacos: Sativex y Epidiolex<\/strong>. Hay que ajustar la realidad jur\u00eddica con ciertas realidades. En Espa\u00f1a <strong>se puede cultivar cannabis<\/strong> destinado al \u00e1mbito medicinal o terap\u00e9utico <strong>bajo licencia de la AEMPS. Y esto tambi\u00e9n significa que tenemos que ser concordantes<\/strong>\u00ab.<br><br>Pero nos advierte de que \u00abel cannabis es un droga\u00bb y los \u00abavances\u00bb tienen que ir \u00abdentro del conocimiento de qu\u00e9 es lo que estamos hablando, cu\u00e1les son los marcos y el estudio de si hay ventajas para la Salud P\u00fablica. Debe aplicarse una cierta armon\u00eda en las decisiones y creo que el camino es hacia ah\u00ed\u00bb.<\/p>\n\n\n\n<h4 class=\"wp-block-heading\"><strong>Estos medicamentos que me menciona, por ejemplo, \u00bfpodr\u00edan incluirse en la Seguridad Social?<\/strong><\/h4>\n\n\n\n<p>\u00abDe momento, sobre eso, <strong>no te puedo dar una respuesta a d\u00eda de hoy<\/strong>. Creo que hay muchos pasos previos antes de esa decisi\u00f3n. Vamos a definir claramente qu\u00e9 es el cannabis medicinal. Qu\u00e9 posibilidades puede aportar a la Salud P\u00fablica y para qu\u00e9 casos concretos se puede proporcionar. No es lo mismo un producto derivado del cannabis que pueda aportar, con los debidos criterios cient\u00edficos y t\u00e9cnicos, una soluci\u00f3n, o paliar un dolor, que el consumo generalizado de cannabis fumando con total normalidad. No estamos hablando de los mismos conceptos.<br><br>Vamos a encontrar de la mano de la Uni\u00f3n Europea y de la OMS qu\u00e9 elementos del cannabis pueden serlo, con evidencia cient\u00edfica.<strong> T\u00fa lo llamabas punto de inflexi\u00f3n; yo le digo avance: de un escepticismo que se le ha querido colgar al PSOE, ahora estamos dispuestos<\/strong>, porque lo van marcando los organismos internacionales, que se puede avanzar m\u00e1s. Eso que dices t\u00fa [SS] es el \u00faltimo de los estadios a tratar\u00bb.<\/p>\n\n\n\n<h4 class=\"wp-block-heading\"><strong>No estamos hablando de la flor, pero s\u00ed existe la percepci\u00f3n de que en la regulaci\u00f3n de esta consiste precisamente la regulaci\u00f3n del cannabis medicinal. \u00bfEs el no a la flor la postura del Partido Socialista?<\/strong><\/h4>\n\n\n\n<p>\u00abA partir de la Subcomisi\u00f3n, muchas entidades nos han contactado: esta entrevista, lobbies, productores, todos est\u00e1n interesados en saberlo porque lo consideran un avance, la posici\u00f3n del partido. Pero m\u00e1s que una decisi\u00f3n pol\u00edtica, estamos en <a href=\"https:\/\/www.cannabis.es\/pw\/2021\/03\/26\/estupefacientes-de-la-onu-recuerda-a-los-paises-que-no-se-puede-legalizar\/\">el marco de los organismos internacionales<\/a> y la ciencia.<strong> Hay pa\u00edses fuera de la UE que han avanzado fuera de los l\u00edmites, pero ese no es nuestro camino<\/strong>. Vamos a dejar primero que hablen los expertos. Que hable el mundo de la ciencia y la salud m\u00e1s que los consumidores. Al final<strong> buscamos un m\u00e9dico, una regulaci\u00f3n y las garant\u00edas que todo medicamento <\/strong>tiene que pasar. Esta regulaci\u00f3n, cuando arranque, no se puede convertir en cannabis para todos, sino en la definici\u00f3n concreta de qu\u00e9 usos medicinales se le puede dar, no una automedicaci\u00f3n\u00bb.<\/p>\n\n\n\n<h4 class=\"wp-block-heading\"><strong>Pero la OMS reconoce la medicina herbal, tradicional y complementaria y adem\u00e1s fue m\u00e1s all\u00e1 en sus recomendaciones a las Naciones Unidas, como en la eliminaci\u00f3n de extractos y tinturas como m\u00e9todo fiscalizado o dar al THC el mismo valor m\u00e9dico que a la Cannabis, la lista 1. Entonces s\u00ed que tiene un respaldo el cannabis medicinal en forma herbal por parte de la comunidad internacional en el que se basan otros pa\u00edses. Entiendo que usted se refiere a est\u00e1ndar de evidencia farmacol\u00f3gica:<\/strong><\/h4>\n\n\n\n<p><strong>\u00ab<\/strong>Esto ocurre un poco con la homeopat\u00eda, y permitidme la comparaci\u00f3n. Entendemos que tiene que ir por los cauces de habilitaci\u00f3n de los organismos. En Espa\u00f1a todo pasa por la AEMPS. <strong>No me gustar\u00eda que se planteara la subcomisi\u00f3n como farmacolog\u00eda o cannabis medicinal<\/strong>. Consideramos que, en el cannabis, <strong>los componentes tienen que ir por esa v\u00eda<\/strong>. <strong>No creo que debamos discutir sobre los extractos del cannabis en la subcomisi\u00f3n<\/strong>, de cu\u00e1l tiene m\u00e1s o menos perjuicio. Sino que la subcomisi\u00f3n, y hay que leer el texto, habla de comparativa con lo que est\u00e1n haciendo pa\u00edses de la UE y de fuera.<br><br>De hecho, [&#8230;] el texto de la subcomisi\u00f3n se inscribi\u00f3 antes de la decisi\u00f3n de Berna, de la Comisi\u00f3n de Estupefacientes de la ONU que modificar\u00eda el estatus de la c\u00e1mara. [&#8230;] La realidad es que esta subcomisi\u00f3n en su redacci\u00f3n va ya por detr\u00e1s de lo que se dijo en Berna. De hecho por las reglas de la c\u00e1mara no pudimos hacer modificaciones al texto.<\/p>\n\n\n\n<p>Va a haber miembros de la subcomisi\u00f3n que van a estar reacios a contribuir al debate y lo van a torpedear alegando que no es el momento estando en una pandemia. Pero nosotros vamos a argumentar que se debe y que se puede. <strong>Cuando hay un 90% de la poblaci\u00f3n a favor, que nos lo est\u00e1 revelando el CIS, eso no quiere decir que se tenga que adoptar inmediatamente la decisi\u00f3n, pero s\u00ed que empecemos a estudiar c\u00f3mo incorporarlo<\/strong>. Y tengamos en cuenta que la subcomisi\u00f3n parece que se aprobar\u00e1 en el congreso por los votos con los que ya ha salido de la Comisi\u00f3n de Sanidad, pero no se ha aprobado a\u00fan, esperamos que esto ocurra hacia la segunda semana de junio. De momento, no tenemos ni la posibilidad de juntarnos para empezar el trabajo y proponer a expertos. [&#8230;] No sabemos si PP y Vox van a contribuir con expertos y pacientes o a traer a personas muy contrarias a los usos medicinales del cannabis.<br><br>Vamos a intentar armonizar las circunstancias que mucha poblaci\u00f3n a d\u00eda de hoy no entiende, que es que en Espa\u00f1a se pueda plantar cannabis medicinal pero que no se estudie qu\u00e9 puede aportar este a la poblaci\u00f3n\u00bb.<\/p>\n\n\n\n<h4 class=\"wp-block-heading\"><strong>Otras formaciones van a poner sobre la mesa el cannabis herbal y va a tener que entrar el partido socialista a revisar esa cuesti\u00f3n:<\/strong><\/h4>\n\n\n\n<p>\u00abSon dos debates distintos, y quien los confunda est\u00e1 haciendo un flaco favor. Respecto a la legalizaci\u00f3n del cannabis, estuve hablando con Carola de que mezclarlo ser\u00eda un perjuicio para el cannabis medicinal\u00bb.<\/p>\n\n\n\n<h4 class=\"wp-block-heading\"><strong>Pero la pregunta ser\u00eda si los pacientes podr\u00edan acceder a cannabis natural<\/strong>:<\/h4>\n\n\n\n<p>\u00abEl consumo, el fumar marihuana, bajo la capa de cannabis medicinal, no es lo que est\u00e1 planteado a d\u00eda de hoy. A m\u00ed me parece loable que lo propongan, est\u00e1n en su derecho. Que cada grupo parlamentario presente las iniciativas que quiera llevar a cabo, ya sabemos que hay partidos favorables. Pero <strong>nosotros tenemos un acuerdo de gobierno con Unidas Podemos y esta cuesti\u00f3n no est\u00e1, y el grupo parlamentario de UP lo sabe. Yo no voy a decir a ning\u00fan grupo qu\u00e9 tiene que hacer, pero pido que no mezclen los debates porque perjudica al cannabis medicinal <a href=\"https:\/\/www.cannabis.es\/pw\/2021\/05\/11\/unidas-podemos-presenta-su-modelo-para-asociaciones-cannabicas\/\">hablar de los clubes cann\u00e1bicos<\/a>. Todo ese debate no est\u00e1 en la regulaci\u00f3n del cannabis medicinal. Algunos lo presentan como derechos individuales, otros como beneficio econ\u00f3mico, pero no estamos en ese debate.<\/strong> Lo que buscamos regular es que haya determinadas enfermedades o pacientes para quienes pueda ser beneficioso el cannabis sin generar un perjuicio sanitario, porque es una droga.<\/p>\n\n\n\n<h4 class=\"wp-block-heading\"><strong>\u00bfY no son m\u00e1s los riesgos legales que corren ahora las personas que optan por tratarse con cannabis natural? Dejando de lado, claro est\u00e1, al cannabis recreativo:<\/strong><\/h4>\n\n\n\n<p>\u00abA los pacientes hay que buscarles una soluci\u00f3n a trav\u00e9s de la normativa y de la sensaci\u00f3n de amparo. Vamos a ver, quiero que me entiendas bien estas palabras, <strong>qu\u00e9 es un paciente y qui\u00e9n dice serlo para fumar<\/strong>. No son lo mismo. Y no acuso a nadie, pero digo que pongamos las cosas en su justo t\u00e9rmino. <strong>El consumo de cannabis, porque considero que me produce un efecto terap\u00e9utico, no tiene evidencia cient\u00edfica. Vamos a ver qu\u00e9 de la farmacolog\u00eda nos vale.<br><\/strong><br>Respecto a la licencia que ped\u00eda Juanma, \u00abhay gente que ha pedido una cosa y tenemos la obligaci\u00f3n de ver las posibildiades que tenga\u00bb. Pero \u00abnunca olvidemos el mundo cient\u00edfico, que tiene la obligaci\u00f3n de refutar\u00bb.<\/p>\n\n\n\n<h4 class=\"wp-block-heading\"><strong>\u00bfEntonces se opta por la espera hasta la evidencia, antes que dar una seguridad legal ya m\u00ednima?<\/strong><\/h4>\n\n\n\n<p>\u00abEste es uno de los debates que se est\u00e1 planteando y que puede estar dentro del \u00e1mbito de la subcomisi\u00f3n. C\u00f3mo otros pa\u00edses han ido desarrollando estas circunstancias en sus normativas. Vamos a ver, comparar y evaluar esta cuesti\u00f3n junto a la evidencia cient\u00edfica. Est\u00e1 dentro de las cuestiones que tienen posible cabida en esa subcomisi\u00f3n, de acuerdo a las diferentes formas que vemos en otros pa\u00edses.<br><br>Tampoco el PNV que lo propuso est\u00e1 claramente a favor, simplemente insisit\u00f3 en que esta subcomisi\u00f3n era el mecanismo para tratarlo y ah\u00ed estamos de acuerdo. Vamos a contemplar el escenario de todos los pacientes que lo toman a d\u00eda de hoy, c\u00f3mo se puede tomar y si hay evidencia de poder tomar alguna de las partes de la planta para obtener ese efecto y no tener consecuencias negativas en la salud\u00bb.<\/p>\n\n\n\n<h4 class=\"wp-block-heading\"><strong>Aunque separemos los debates, en las asociaciones cann\u00e1bicas se juntan por causa de la prohibici\u00f3n el usuario terap\u00e9utico y el usuario recreativo, porque no hay otra v\u00eda segura de acceso. \u00bfHa estado usted alguna vez en una asociaci\u00f3n cann\u00e1bica que provea a pacientes?<\/strong><\/h4>\n\n\n\n<p>\u00abF\u00edsicamente no he estado nunca, ni en ese entorno. Pero, desde que tengo la responsabildad de llevar los temas de adicciones en el grupo parlamentario, tengo una relaci\u00f3n fluida con la Confederaci\u00f3n de Asociaciones Cann\u00e1bicas[&#8230;]. Ha habido legislaci\u00f3n auton\u00f3mica y, cuando se ha desarrollado, no como en el caso vasco, hemos visto las consecuencias, como con la Ley Catalana. Todos estamos buscando soluciones a un tema muy conflictivo y con distintas patas: el usuario o consumidor, el que lo ha empezado a tomar porque le ayuda o considera que le ayuda, el consumidor recreativo que lo hace porque le gusta y es un adicto aunque se considere fumador. Y luego est\u00e1 la cuesti\u00f3n de las legislaciones b\u00e1sicas y el ordenamiento jur\u00eddico. Que ir\u00e1 avanzando y se tendr\u00e1 que reconsiderar a medida que tomemos conciencia de estas situaciones. Pero de momento, no s\u00e9 qu\u00e9 titular esperabas, pero no estamos en el debate de la legalizaci\u00f3n\u00bb.<\/p>\n\n\n\n<h2 class=\"wp-block-heading\"><strong>Mercado<\/strong><\/h2>\n\n\n\n<h4 class=\"wp-block-heading\"><strong>\u00bfSabe cu\u00e1ntas licencias de producci\u00f3n de cannabis medicinal hay actualmente concedidas en Espa\u00f1a?<\/strong><\/h4>\n\n\n\n<p>Doce.<\/p>\n\n\n\n<h4 class=\"wp-block-heading\"><strong>Ha dicho usted alguna m\u00e1s, \u00bfsumando las de investigaci\u00f3n, no?<\/strong><\/h4>\n\n\n\n<p>Son las que aparecen en la p\u00e1gina web.<\/p>\n\n\n\n<h4 class=\"wp-block-heading\"><strong>Pero las hay con fines de investigaci\u00f3n y luego aquellas ya relacionadas con la producci\u00f3n, comercializaci\u00f3n y exportaci\u00f3n de cannabis medicinal. De momento, que sepamos aqu\u00ed, solo Linneo Health, antigua Alcal\u00edber de Juan Abell\u00f3, tiene permiso para exportar, pero ignoramos hasta d\u00f3nde llega la extensi\u00f3n del resto de licencias de producci\u00f3n de cannabis medicinal. \u00bfQu\u00e9 le parece el sistema de acceso a estas licencia de la AEMPS?<\/strong><\/h4>\n\n\n\n<p>\u00abCreo que <strong>habr\u00eda que pensarlo seriamente y darle una vuelta a este proceso<\/strong>. S\u00e9 que es un debate, porque esta persona con discapacidad [Juanma] solicit\u00f3 a la Agencia del Medicamento el autocultivo. S\u00e9 que es una cuesti\u00f3n que ha tenido trascendencia en los medios de comunicaci\u00f3n y yo, desde el Grupo Parlamentario, estoy atento. Al final es una cuesti\u00f3n que depende directamente del Gobierno y estoy seguro de que se buscar\u00e1 mayor transparencia en este proceso. Lo que no voy a poner es en cuesti\u00f3n ni al Ministerio ni a la AEMPS; que pueden ser m\u00e1s transparentes, puede, pero yo no lo voy a poner en cuesti\u00f3n\u00bb.<\/p>\n\n\n\n<h4 class=\"wp-block-heading\"><strong>La de Juanma es una reivindicaci\u00f3n muy particular porque es una persona f\u00edsica y no jur\u00eddica quien se dirige a la AEMPS y supone una reivindicaci\u00f3n del autocultivo, pero hay muchas empresas que han pedido licencia de cannabis medicinal y podr\u00edan plantearse bajo qu\u00e9 criterios han sido rechazadas. La concesi\u00f3n, seg\u00fan la respuesta de la AEMPS a petici\u00f3n del Congreso, se basaba en \u00abparticularidades en cada caso\u00bb:<\/strong><\/h4>\n\n\n\n<p>\u00abProbablemente puede ser m\u00e1s transparente la decisi\u00f3n, pero yo no pongo en cuesti\u00f3n la labor que hace la Agencia del Medicamento\u00bb.<\/p>\n\n\n\n<h4 class=\"wp-block-heading\"><strong>Los analistas analistas americanos de Prohibition Partners estiman para 2025 en Europa un mercado medicinal de 3200 millones de \u20ac. \u00bfTenemos un plan de desarrollo hacia ah\u00ed? Alemania ser\u00eda la mayor parte del mercado y Linneo Health ya est\u00e1 jhabilitada para exportar all\u00ed:<\/strong><\/h4>\n\n\n\n<p>\u00abNo quiero entrar en el debate de plantear esto como un beneficio econ\u00f3mico, como una actividad econ\u00f3mica. Aunque tengo ojos, leo, s\u00e9 las decisiones que est\u00e1 tomando Marruecos, contemplo c\u00f3mo algunos pa\u00edses empiezan a tener una decisi\u00f3n distinta sobre este asunto y no tanto por la salud p\u00fablica, sino la cuesti\u00f3n econ\u00f3mica. Tambi\u00e9n sabemos que la planta de cannabis tiene otros fines que no son solo el medicinal o recreativo, sino tambi\u00e9n para cosm\u00e9tica y otros aprovechamientos. Pero<strong> no me toca a m\u00ed convertir el cannabis en una potencia econ\u00f3mica. Y no s\u00e9 si es el mejor camino para defender que se trate el cannabis para ayudar a personas<\/strong> verlo solo como un negocio. Porque desde este lado del Atl\u00e1ntico, cuando uno comprueba las experiencias en Canad\u00e1 o Estados Unidos empiezo a ver m\u00e1s negocio que me recuerda a multinacionales de \u00e9pocas pasadas en negocios muy parecidos al del cannabis\u00bb.<\/p>\n\n\n\n<h4 class=\"wp-block-heading\"><strong>De ah\u00ed precisamente quiz\u00e1s la posibilidad de hacer planes de desarrollo para el interior y abordar la despoblaci\u00f3n en las zonas rurales, o los cultivos sostenibles:<\/strong><\/h4>\n\n\n\n<p>\u00abEn la agenda del reto demogr\u00e1fico y la despoblaci\u00f3n en lo que algunos llaman la Espa\u00f1a vaciada, <strong>plantearnos hoy que la soluci\u00f3n es llenarla de plantas de cannabis no est\u00e1<\/strong>. Yo no lo he le\u00eddo en ning\u00fan sitio. S\u00e9 que algunos, de forma individual, <strong>en algunos territorios, est\u00e1n pensando que eso puede ser no beneficio colectivo sino beneficio individual<\/strong>. El ordenamiento jur\u00eddico debe dar una seguridad y no se hace de hoy para ma\u00f1ana. Esa m\u00fasica que me cantas la he escuchado y la letra me la han aplicado en otros sitios. Pero no te voy a dar una respuesta como Grupo Parlamentario porque no est\u00e1 en la agenda del debate dentro de las soluciones del reto demogr\u00e1fico. Si quieres te puede hablar de otras cuestiones para ello como las energ\u00edas renovables\u00bb.<\/p>\n\n\n\n<h4 class=\"wp-block-heading\"><strong>Dar\u00eda la impresi\u00f3n de que aumentan las hect\u00e1reas de cultivo, pero no redundan en la poblaci\u00f3n en general:<\/strong><\/h4>\n\n\n\n<p>\u00abYo ayer mismo recib\u00ed <strong>una petici\u00f3n de empresarios del c\u00e1\u00f1amo<\/strong>, por ejemplo. Esta semana espero que, para el bien de Espa\u00f1a,<strong> si se aprueba el nuevo marco de la PAC, estar\u00edamos viendo cu\u00e1les son los intereses<\/strong>. <strong>Pero a d\u00eda de hoy no est\u00e1 y cualquier cosa que avance tiene que ir de una forma sostenida<\/strong>. No podemos crear una subcomisi\u00f3n y que ma\u00f1ana cambie todo. [&#8230;] A m\u00ed que se ponga en duda a la AEMPS no me gusta, puede ser m\u00e1s transparente s\u00ed, pero es un organismo que ha demostrado eficacia y resoluci\u00f3n. Este pa\u00eds necesita que hablemos bien de nosotros mismos [&#8230;]. Somos el primer pa\u00eds que aprueba una ley de protecci\u00f3n a la infancia, el cuarto del mundo en aprobar el matrimonio LGTBI&#8230; Somos un gran pa\u00eds, referente en muchas cuestiones, dejemos de estar critic\u00e1ndonos.<\/p>\n\n\n\n<h4 class=\"wp-block-heading\"><strong>\u00bfY somos un pa\u00eds con derecho al autocultivo de la planta que queramos en nuestra casa? \u00bfQu\u00e9 piensa de ese derecho?<\/strong><\/h4>\n\n\n\n<p>Es que no es lo mismo plantar unos tulipanes que una droga.<\/p>\n\n\n\n<h4 class=\"wp-block-heading\"><strong>\u00bfEntonces no aboga por el derecho al autocultivo? \u00bfY en pacientes?<\/strong><\/h4>\n\n\n\n<p>\u00bfEl cannabis es una droga? Yo te pregunto a ti.<\/p>\n\n\n\n<h4 class=\"wp-block-heading\"><strong>Yo, como usuario, le dir\u00e9 que en los t\u00e9rminos que usted piensa no, porque entonces ser\u00eda un adicto. Quiz\u00e1s no deber\u00edamos seguir por ah\u00ed:<\/strong><\/h4>\n\n\n\n<p>\u00abSer adicto no es un se\u00f1alamiento p\u00fablico. Las adicciones a d\u00eda de hoy son con sustancia o sin sustancia. Y hay adicciones sin sustancia creciendo much\u00edsimo. El hecho es emp\u00edrico, cient\u00edfico y sanitario: el cannabis es un droga que tiene componentes psicoactivos y perjudica. Su consumo masivo perjudica. Es un hecho emp\u00edrico. Yo no te estoy se\u00f1alando con el dedo porque lo consumes, no te digo m\u00e1s que que tienes una adicci\u00f3n y que en este caso es una droga. El alcohol es una droga y la consumimos. Y el cannabis en s\u00ed, como tal, est\u00e1 en el mismo \u00e1mbito. Es otra vez el debate, los organismos internacionales, la Comisi\u00f3n de Estupefacientes, estamos en ello. Pero no podemos comparar un tulip\u00e1n con una planta de cannabis, porque tomar cannabis tiene contraindicaciones\u00bb.<\/p>\n","protected":false},"excerpt":{"rendered":"<span class=\"span-reading-time rt-reading-time\" style=\"display: block;\"><span class=\"rt-label rt-prefix\">Tiempo de lectura:<\/span> <span class=\"rt-time\"> 11<\/span> <span class=\"rt-label rt-postfix\">minutos<\/span><\/span>Arnau AlcaideEntrevistamos al diputado y portavoz del Partido Socialista en materia de adicciones, Daniel Viondi, quien viene siendo el vocal del partido respecto del cannabis durante la legislatura. Ante la reciente aprobaci\u00f3n de una subcomisi\u00f3n de estudio espec\u00edfica para el cannabis medicinal, que se terminar\u00e1 de aprobar en el Congreso la semana que viene, el [&hellip;]","protected":false},"author":3,"featured_media":7138,"comment_status":"closed","ping_status":"closed","sticky":false,"template":"","format":"standard","meta":{"loftocean-featured-post":"","loftocean_post_format_gallery":"","loftocean_post_format_gallery_ids":"","loftocean_post_format_gallery_urls":"","loftocean_post_format_video_id":"","loftocean_post_format_video_url":"","loftocean_post_format_video_type":"","loftocean_post_format_video":"","loftocean_post_format_audio_type":"","loftocean_post_format_audio_url":"","loftocean_post_format_audio_id":"","loftocean_post_format_audio":"","loftocean_post_format_quote_text":"","loftocean_post_format_quote_byline":"","loftocean_post_format_link_text":"","loftocean_post_format_link_url":"","ceramag_post_header_style":"","ceramag_enable_background_video":"","ceramag_show_in_top_slider":"","ceramag_post_background_video_start":"","ceramag_post_background_video_end":"","loftocean_page_background_video_id":"","loftocean_page_background_video_url":"","loftocean_page_background_video_type":"","loftocean_page_background_video":"","ceramag_background_video_start":"","ceramag_background_video_end":"","ceramag_single_page_hide_header":"","footnotes":""},"categories":[33],"tags":[540,52,42],"class_list":["post-7136","post","type-post","status-publish","format-standard","has-post-thumbnail","hentry","category-entrevistas","tag-arnau-alcaide","tag-cannabis-medicinal","tag-politica"],"yoast_head":"<!-- This site is optimized with the Yoast SEO plugin v24.9 - https:\/\/yoast.com\/wordpress\/plugins\/seo\/ -->\n<title>Daniel Viondi, PSOE: &quot;Vamos a ver qui\u00e9n es paciente y qui\u00e9n dice serlo para fumar&quot;<\/title>\n<meta name=\"description\" content=\"Entrada &#8226; Portal multimedia sobre cannabis y otras sustancias &#8226; 1 junio, 2021\" \/>\n<meta name=\"robots\" content=\"index, follow, max-snippet:-1, max-image-preview:large, max-video-preview:-1\" \/>\n<link rel=\"canonical\" href=\"https:\/\/www.cannabis.es\/pw\/2021\/06\/01\/daniel-viondi-psoe-vamos-a-ver-quien-es-paciente-y-quien-dice-serlo-para-fumar\/\" \/>\n<meta name=\"twitter:card\" content=\"summary_large_image\" \/>\n<meta name=\"twitter:title\" content=\"Daniel Viondi, PSOE: &quot;Vamos a ver qui\u00e9n es paciente y qui\u00e9n dice serlo para fumar&quot;\" \/>\n<meta name=\"twitter:description\" content=\"Entrada &#8226; Portal multimedia sobre cannabis y otras sustancias &#8226; 1 junio, 2021\" \/>\n<meta name=\"twitter:image\" content=\"https:\/\/www.cannabis.es\/pw\/wp-content\/uploads\/2021\/06\/daniel-viondi-1.jpg\" \/>\n<meta name=\"twitter:creator\" content=\"@cannabis_es\" \/>\n<meta name=\"twitter:site\" content=\"@cannabis_es\" \/>\n<meta name=\"twitter:label1\" content=\"Escrito por\" \/>\n\t<meta name=\"twitter:data1\" content=\"Cannabis.es\" \/>\n\t<meta name=\"twitter:label2\" content=\"Tiempo de lectura\" \/>\n\t<meta name=\"twitter:data2\" content=\"15 minutos\" \/>\n<script type=\"application\/ld+json\" class=\"yoast-schema-graph\">{\"@context\":\"https:\/\/schema.org\",\"@graph\":[{\"@type\":\"Article\",\"@id\":\"https:\/\/www.cannabis.es\/pw\/2021\/06\/01\/daniel-viondi-psoe-vamos-a-ver-quien-es-paciente-y-quien-dice-serlo-para-fumar\/#article\",\"isPartOf\":{\"@id\":\"https:\/\/www.cannabis.es\/pw\/2021\/06\/01\/daniel-viondi-psoe-vamos-a-ver-quien-es-paciente-y-quien-dice-serlo-para-fumar\/\"},\"author\":{\"name\":\"Cannabis.es\",\"@id\":\"https:\/\/www.cannabis.es\/pw\/#\/schema\/person\/ec770c03f3e99d770687f537f4ba1e89\"},\"headline\":\"Daniel Viondi, PSOE: \u00abVamos a ver qui\u00e9n es paciente y qui\u00e9n dice serlo para fumar\u00bb\",\"datePublished\":\"2021-06-01T11:13:56+00:00\",\"dateModified\":\"2021-06-01T11:13:57+00:00\",\"mainEntityOfPage\":{\"@id\":\"https:\/\/www.cannabis.es\/pw\/2021\/06\/01\/daniel-viondi-psoe-vamos-a-ver-quien-es-paciente-y-quien-dice-serlo-para-fumar\/\"},\"wordCount\":3583,\"publisher\":{\"@id\":\"https:\/\/www.cannabis.es\/pw\/#organization\"},\"image\":{\"@id\":\"https:\/\/www.cannabis.es\/pw\/2021\/06\/01\/daniel-viondi-psoe-vamos-a-ver-quien-es-paciente-y-quien-dice-serlo-para-fumar\/#primaryimage\"},\"thumbnailUrl\":\"https:\/\/www.cannabis.es\/pw\/wp-content\/uploads\/2021\/06\/daniel-viondi-1.jpg\",\"keywords\":[\"Arnau Alcaide\",\"cannabis medicinal\",\"pol\u00edtica\"],\"articleSection\":[\"Entrevistas\"],\"inLanguage\":\"es\"},{\"@type\":\"WebPage\",\"@id\":\"https:\/\/www.cannabis.es\/pw\/2021\/06\/01\/daniel-viondi-psoe-vamos-a-ver-quien-es-paciente-y-quien-dice-serlo-para-fumar\/\",\"url\":\"https:\/\/www.cannabis.es\/pw\/2021\/06\/01\/daniel-viondi-psoe-vamos-a-ver-quien-es-paciente-y-quien-dice-serlo-para-fumar\/\",\"name\":\"Daniel Viondi, PSOE: \\\"Vamos a ver qui\u00e9n es paciente y qui\u00e9n dice serlo para fumar\\\"\",\"isPartOf\":{\"@id\":\"https:\/\/www.cannabis.es\/pw\/#website\"},\"primaryImageOfPage\":{\"@id\":\"https:\/\/www.cannabis.es\/pw\/2021\/06\/01\/daniel-viondi-psoe-vamos-a-ver-quien-es-paciente-y-quien-dice-serlo-para-fumar\/#primaryimage\"},\"image\":{\"@id\":\"https:\/\/www.cannabis.es\/pw\/2021\/06\/01\/daniel-viondi-psoe-vamos-a-ver-quien-es-paciente-y-quien-dice-serlo-para-fumar\/#primaryimage\"},\"thumbnailUrl\":\"https:\/\/www.cannabis.es\/pw\/wp-content\/uploads\/2021\/06\/daniel-viondi-1.jpg\",\"datePublished\":\"2021-06-01T11:13:56+00:00\",\"dateModified\":\"2021-06-01T11:13:57+00:00\",\"description\":\"Entrada &#8226; Portal multimedia sobre cannabis y otras sustancias &#8226; 1 junio, 2021\",\"breadcrumb\":{\"@id\":\"https:\/\/www.cannabis.es\/pw\/2021\/06\/01\/daniel-viondi-psoe-vamos-a-ver-quien-es-paciente-y-quien-dice-serlo-para-fumar\/#breadcrumb\"},\"inLanguage\":\"es\",\"potentialAction\":[{\"@type\":\"ReadAction\",\"target\":[\"https:\/\/www.cannabis.es\/pw\/2021\/06\/01\/daniel-viondi-psoe-vamos-a-ver-quien-es-paciente-y-quien-dice-serlo-para-fumar\/\"]}]},{\"@type\":\"ImageObject\",\"inLanguage\":\"es\",\"@id\":\"https:\/\/www.cannabis.es\/pw\/2021\/06\/01\/daniel-viondi-psoe-vamos-a-ver-quien-es-paciente-y-quien-dice-serlo-para-fumar\/#primaryimage\",\"url\":\"https:\/\/www.cannabis.es\/pw\/wp-content\/uploads\/2021\/06\/daniel-viondi-1.jpg\",\"contentUrl\":\"https:\/\/www.cannabis.es\/pw\/wp-content\/uploads\/2021\/06\/daniel-viondi-1.jpg\",\"width\":804,\"height\":532},{\"@type\":\"BreadcrumbList\",\"@id\":\"https:\/\/www.cannabis.es\/pw\/2021\/06\/01\/daniel-viondi-psoe-vamos-a-ver-quien-es-paciente-y-quien-dice-serlo-para-fumar\/#breadcrumb\",\"itemListElement\":[{\"@type\":\"ListItem\",\"position\":1,\"name\":\"Portada\",\"item\":\"http:\/\/www.cannabis.es\/pw\/\"},{\"@type\":\"ListItem\",\"position\":2,\"name\":\"Daniel Viondi, PSOE: \u00abVamos a ver qui\u00e9n es paciente y qui\u00e9n dice serlo para fumar\u00bb\"}]},{\"@type\":\"WebSite\",\"@id\":\"https:\/\/www.cannabis.es\/pw\/#website\",\"url\":\"https:\/\/www.cannabis.es\/pw\/\",\"name\":\"Cannabis\",\"description\":\"Portal multimedia sobre cannabis y otras sustancias\",\"publisher\":{\"@id\":\"https:\/\/www.cannabis.es\/pw\/#organization\"},\"potentialAction\":[{\"@type\":\"SearchAction\",\"target\":{\"@type\":\"EntryPoint\",\"urlTemplate\":\"https:\/\/www.cannabis.es\/pw\/?s={search_term_string}\"},\"query-input\":{\"@type\":\"PropertyValueSpecification\",\"valueRequired\":true,\"valueName\":\"search_term_string\"}}],\"inLanguage\":\"es\"},{\"@type\":\"Organization\",\"@id\":\"https:\/\/www.cannabis.es\/pw\/#organization\",\"name\":\"Cannabis.es\",\"url\":\"https:\/\/www.cannabis.es\/pw\/\",\"logo\":{\"@type\":\"ImageObject\",\"inLanguage\":\"es\",\"@id\":\"https:\/\/www.cannabis.es\/pw\/#\/schema\/logo\/image\/\",\"url\":\"https:\/\/www.cannabis.es\/pw\/wp-content\/uploads\/2019\/04\/cropped-logo_cannabis.png\",\"contentUrl\":\"https:\/\/www.cannabis.es\/pw\/wp-content\/uploads\/2019\/04\/cropped-logo_cannabis.png\",\"width\":361,\"height\":120,\"caption\":\"Cannabis.es\"},\"image\":{\"@id\":\"https:\/\/www.cannabis.es\/pw\/#\/schema\/logo\/image\/\"},\"sameAs\":[\"https:\/\/x.com\/cannabis_es\"]},{\"@type\":\"Person\",\"@id\":\"https:\/\/www.cannabis.es\/pw\/#\/schema\/person\/ec770c03f3e99d770687f537f4ba1e89\",\"name\":\"Cannabis.es\",\"image\":{\"@type\":\"ImageObject\",\"inLanguage\":\"es\",\"@id\":\"https:\/\/www.cannabis.es\/pw\/#\/schema\/person\/image\/\",\"url\":\"https:\/\/secure.gravatar.com\/avatar\/810c93a3d6fadc3d9c2665b1d919a4aedea8ed4dd63689d001e985a804e90d83?s=96&d=mm&r=g\",\"contentUrl\":\"https:\/\/secure.gravatar.com\/avatar\/810c93a3d6fadc3d9c2665b1d919a4aedea8ed4dd63689d001e985a804e90d83?s=96&d=mm&r=g\",\"caption\":\"Cannabis.es\"},\"url\":\"https:\/\/www.cannabis.es\/pw\/author\/arnau\/\"}]}<\/script>\n<!-- \/ Yoast SEO plugin. -->","yoast_head_json":{"title":"Daniel Viondi, PSOE: \"Vamos a ver qui\u00e9n es paciente y qui\u00e9n dice serlo para fumar\"","description":"Entrada &#8226; Portal multimedia sobre cannabis y otras sustancias &#8226; 1 junio, 2021","robots":{"index":"index","follow":"follow","max-snippet":"max-snippet:-1","max-image-preview":"max-image-preview:large","max-video-preview":"max-video-preview:-1"},"canonical":"https:\/\/www.cannabis.es\/pw\/2021\/06\/01\/daniel-viondi-psoe-vamos-a-ver-quien-es-paciente-y-quien-dice-serlo-para-fumar\/","twitter_card":"summary_large_image","twitter_title":"Daniel Viondi, PSOE: \"Vamos a ver qui\u00e9n es paciente y qui\u00e9n dice serlo para fumar\"","twitter_description":"Entrada &#8226; Portal multimedia sobre cannabis y otras sustancias &#8226; 1 junio, 2021","twitter_image":"https:\/\/www.cannabis.es\/pw\/wp-content\/uploads\/2021\/06\/daniel-viondi-1.jpg","twitter_creator":"@cannabis_es","twitter_site":"@cannabis_es","twitter_misc":{"Escrito por":"Cannabis.es","Tiempo de lectura":"15 minutos"},"schema":{"@context":"https:\/\/schema.org","@graph":[{"@type":"Article","@id":"https:\/\/www.cannabis.es\/pw\/2021\/06\/01\/daniel-viondi-psoe-vamos-a-ver-quien-es-paciente-y-quien-dice-serlo-para-fumar\/#article","isPartOf":{"@id":"https:\/\/www.cannabis.es\/pw\/2021\/06\/01\/daniel-viondi-psoe-vamos-a-ver-quien-es-paciente-y-quien-dice-serlo-para-fumar\/"},"author":{"name":"Cannabis.es","@id":"https:\/\/www.cannabis.es\/pw\/#\/schema\/person\/ec770c03f3e99d770687f537f4ba1e89"},"headline":"Daniel Viondi, PSOE: \u00abVamos a ver qui\u00e9n es paciente y qui\u00e9n dice serlo para fumar\u00bb","datePublished":"2021-06-01T11:13:56+00:00","dateModified":"2021-06-01T11:13:57+00:00","mainEntityOfPage":{"@id":"https:\/\/www.cannabis.es\/pw\/2021\/06\/01\/daniel-viondi-psoe-vamos-a-ver-quien-es-paciente-y-quien-dice-serlo-para-fumar\/"},"wordCount":3583,"publisher":{"@id":"https:\/\/www.cannabis.es\/pw\/#organization"},"image":{"@id":"https:\/\/www.cannabis.es\/pw\/2021\/06\/01\/daniel-viondi-psoe-vamos-a-ver-quien-es-paciente-y-quien-dice-serlo-para-fumar\/#primaryimage"},"thumbnailUrl":"https:\/\/www.cannabis.es\/pw\/wp-content\/uploads\/2021\/06\/daniel-viondi-1.jpg","keywords":["Arnau Alcaide","cannabis medicinal","pol\u00edtica"],"articleSection":["Entrevistas"],"inLanguage":"es"},{"@type":"WebPage","@id":"https:\/\/www.cannabis.es\/pw\/2021\/06\/01\/daniel-viondi-psoe-vamos-a-ver-quien-es-paciente-y-quien-dice-serlo-para-fumar\/","url":"https:\/\/www.cannabis.es\/pw\/2021\/06\/01\/daniel-viondi-psoe-vamos-a-ver-quien-es-paciente-y-quien-dice-serlo-para-fumar\/","name":"Daniel Viondi, PSOE: \"Vamos a ver qui\u00e9n es paciente y qui\u00e9n dice serlo para fumar\"","isPartOf":{"@id":"https:\/\/www.cannabis.es\/pw\/#website"},"primaryImageOfPage":{"@id":"https:\/\/www.cannabis.es\/pw\/2021\/06\/01\/daniel-viondi-psoe-vamos-a-ver-quien-es-paciente-y-quien-dice-serlo-para-fumar\/#primaryimage"},"image":{"@id":"https:\/\/www.cannabis.es\/pw\/2021\/06\/01\/daniel-viondi-psoe-vamos-a-ver-quien-es-paciente-y-quien-dice-serlo-para-fumar\/#primaryimage"},"thumbnailUrl":"https:\/\/www.cannabis.es\/pw\/wp-content\/uploads\/2021\/06\/daniel-viondi-1.jpg","datePublished":"2021-06-01T11:13:56+00:00","dateModified":"2021-06-01T11:13:57+00:00","description":"Entrada &#8226; Portal multimedia sobre cannabis y otras sustancias &#8226; 1 junio, 2021","breadcrumb":{"@id":"https:\/\/www.cannabis.es\/pw\/2021\/06\/01\/daniel-viondi-psoe-vamos-a-ver-quien-es-paciente-y-quien-dice-serlo-para-fumar\/#breadcrumb"},"inLanguage":"es","potentialAction":[{"@type":"ReadAction","target":["https:\/\/www.cannabis.es\/pw\/2021\/06\/01\/daniel-viondi-psoe-vamos-a-ver-quien-es-paciente-y-quien-dice-serlo-para-fumar\/"]}]},{"@type":"ImageObject","inLanguage":"es","@id":"https:\/\/www.cannabis.es\/pw\/2021\/06\/01\/daniel-viondi-psoe-vamos-a-ver-quien-es-paciente-y-quien-dice-serlo-para-fumar\/#primaryimage","url":"https:\/\/www.cannabis.es\/pw\/wp-content\/uploads\/2021\/06\/daniel-viondi-1.jpg","contentUrl":"https:\/\/www.cannabis.es\/pw\/wp-content\/uploads\/2021\/06\/daniel-viondi-1.jpg","width":804,"height":532},{"@type":"BreadcrumbList","@id":"https:\/\/www.cannabis.es\/pw\/2021\/06\/01\/daniel-viondi-psoe-vamos-a-ver-quien-es-paciente-y-quien-dice-serlo-para-fumar\/#breadcrumb","itemListElement":[{"@type":"ListItem","position":1,"name":"Portada","item":"http:\/\/www.cannabis.es\/pw\/"},{"@type":"ListItem","position":2,"name":"Daniel Viondi, PSOE: \u00abVamos a ver qui\u00e9n es paciente y qui\u00e9n dice serlo para fumar\u00bb"}]},{"@type":"WebSite","@id":"https:\/\/www.cannabis.es\/pw\/#website","url":"https:\/\/www.cannabis.es\/pw\/","name":"Cannabis","description":"Portal multimedia sobre cannabis y otras sustancias","publisher":{"@id":"https:\/\/www.cannabis.es\/pw\/#organization"},"potentialAction":[{"@type":"SearchAction","target":{"@type":"EntryPoint","urlTemplate":"https:\/\/www.cannabis.es\/pw\/?s={search_term_string}"},"query-input":{"@type":"PropertyValueSpecification","valueRequired":true,"valueName":"search_term_string"}}],"inLanguage":"es"},{"@type":"Organization","@id":"https:\/\/www.cannabis.es\/pw\/#organization","name":"Cannabis.es","url":"https:\/\/www.cannabis.es\/pw\/","logo":{"@type":"ImageObject","inLanguage":"es","@id":"https:\/\/www.cannabis.es\/pw\/#\/schema\/logo\/image\/","url":"https:\/\/www.cannabis.es\/pw\/wp-content\/uploads\/2019\/04\/cropped-logo_cannabis.png","contentUrl":"https:\/\/www.cannabis.es\/pw\/wp-content\/uploads\/2019\/04\/cropped-logo_cannabis.png","width":361,"height":120,"caption":"Cannabis.es"},"image":{"@id":"https:\/\/www.cannabis.es\/pw\/#\/schema\/logo\/image\/"},"sameAs":["https:\/\/x.com\/cannabis_es"]},{"@type":"Person","@id":"https:\/\/www.cannabis.es\/pw\/#\/schema\/person\/ec770c03f3e99d770687f537f4ba1e89","name":"Cannabis.es","image":{"@type":"ImageObject","inLanguage":"es","@id":"https:\/\/www.cannabis.es\/pw\/#\/schema\/person\/image\/","url":"https:\/\/secure.gravatar.com\/avatar\/810c93a3d6fadc3d9c2665b1d919a4aedea8ed4dd63689d001e985a804e90d83?s=96&d=mm&r=g","contentUrl":"https:\/\/secure.gravatar.com\/avatar\/810c93a3d6fadc3d9c2665b1d919a4aedea8ed4dd63689d001e985a804e90d83?s=96&d=mm&r=g","caption":"Cannabis.es"},"url":"https:\/\/www.cannabis.es\/pw\/author\/arnau\/"}]}},"_links":{"self":[{"href":"https:\/\/www.cannabis.es\/pw\/wp-json\/wp\/v2\/posts\/7136","targetHints":{"allow":["GET"]}}],"collection":[{"href":"https:\/\/www.cannabis.es\/pw\/wp-json\/wp\/v2\/posts"}],"about":[{"href":"https:\/\/www.cannabis.es\/pw\/wp-json\/wp\/v2\/types\/post"}],"author":[{"embeddable":true,"href":"https:\/\/www.cannabis.es\/pw\/wp-json\/wp\/v2\/users\/3"}],"replies":[{"embeddable":true,"href":"https:\/\/www.cannabis.es\/pw\/wp-json\/wp\/v2\/comments?post=7136"}],"version-history":[{"count":1,"href":"https:\/\/www.cannabis.es\/pw\/wp-json\/wp\/v2\/posts\/7136\/revisions"}],"predecessor-version":[{"id":7139,"href":"https:\/\/www.cannabis.es\/pw\/wp-json\/wp\/v2\/posts\/7136\/revisions\/7139"}],"wp:featuredmedia":[{"embeddable":true,"href":"https:\/\/www.cannabis.es\/pw\/wp-json\/wp\/v2\/media\/7138"}],"wp:attachment":[{"href":"https:\/\/www.cannabis.es\/pw\/wp-json\/wp\/v2\/media?parent=7136"}],"wp:term":[{"taxonomy":"category","embeddable":true,"href":"https:\/\/www.cannabis.es\/pw\/wp-json\/wp\/v2\/categories?post=7136"},{"taxonomy":"post_tag","embeddable":true,"href":"https:\/\/www.cannabis.es\/pw\/wp-json\/wp\/v2\/tags?post=7136"}],"curies":[{"name":"wp","href":"https:\/\/api.w.org\/{rel}","templated":true}]}}