{"id":7140,"date":"2021-06-03T13:13:50","date_gmt":"2021-06-03T11:13:50","guid":{"rendered":"https:\/\/www.cannabis.es\/pw\/?p=7140"},"modified":"2021-06-03T13:13:51","modified_gmt":"2021-06-03T11:13:51","slug":"cristina-sanchez-vamos-a-la-cabeza-en-investigacion-y-a-la-cola-en-la-aplicacion-de-los-resultados-del-cannabis-terapeutico","status":"publish","type":"post","link":"https:\/\/www.cannabis.es\/pw\/2021\/06\/03\/cristina-sanchez-vamos-a-la-cabeza-en-investigacion-y-a-la-cola-en-la-aplicacion-de-los-resultados-del-cannabis-terapeutico\/","title":{"rendered":"Cristina S\u00e1nchez: \u201cVamos a la cabeza en investigaci\u00f3n y a la cola en la aplicaci\u00f3n de los resultados del cannabis terap\u00e9utico\u201d"},"content":{"rendered":"\n<p>Benito D\u00edaz<\/p>\n\n\n\n<p>Cristina S\u00e1nchez es profesora titular de Bioqu\u00edmica y Biolog\u00eda Molecular en la Universidad Complutense de Madrid. Desde los a\u00f1os 90, su inter\u00e9s se ha centrado en el estudio y las aplicaciones del cannabis y los cannabinoides en el aspecto terap\u00e9utico. Ha participado en algunas de las l\u00edneas de investigaci\u00f3n m\u00e1s importantes que se han dado en nuestro pa\u00eds. Conversamos con ella al respecto de su trabajo y la actualidad cann\u00e1bica.<\/p>\n\n\n\n<p>La doctora comenz\u00f3 a trabajar en el grupo de investigaci\u00f3n sobre la se\u00f1alizaci\u00f3n por cannabinoides, pionero en estas cuestiones y del que tambi\u00e9n era parte <a href=\"https:\/\/www.cannabis.es\/pw\/2017\/11\/21\/manuel-guzman-para-muchos-profesionales-el-sistema-endocannabinoide-es-un-gran-desconocido\/\">el doctor Manuel Guzm\u00e1n.<\/a> En 1996, S\u00e1nchez se intern\u00f3 en el estudio del metabolismo del sistema nervioso central, <span class=\"has-inline-color has-luminous-vivid-orange-color\"><em>\u201cde ah\u00ed pasamos al c\u00e1ncer y me enfoqu\u00e9 en hacer an\u00e1lisis del glioblastoma<\/em>\u201d<\/span>, un tipo de <a href=\"https:\/\/www.cannabis.es\/pw\/2019\/01\/03\/cannabis-vs-glioblastoma-la-comunidad-cientifica-ve-potencial-antitumoral\/\">tumor cerebral muy agresivo.<\/a> <em><span class=\"has-inline-color has-luminous-vivid-orange-color\">\u201cLuego, esa l\u00ednea de investigaci\u00f3n la ha llevado mi compa\u00f1ero Guillermo Velasco. En 2004, a\u00f1o en el que volv\u00ed a Espa\u00f1a, me centr\u00e9 en una l\u00ednea que lleva, sobre todo, el C\u00e1ncer de mama\u201d<\/span><\/em>, comenta S\u00e1nchez, que realiz\u00f3 un postdoctorado de tres a\u00f1os en la Universidad de California Irvine.<\/p>\n\n\n\n<figure class=\"wp-block-image size-large\"><img loading=\"lazy\" decoding=\"async\" width=\"804\" height=\"532\" src=\"https:\/\/www.cannabis.es\/pw\/wp-content\/uploads\/2021\/06\/entrevista-Cristina-Sanchez.jpg\" alt=\"\" class=\"wp-image-7143\" srcset=\"https:\/\/www.cannabis.es\/pw\/wp-content\/uploads\/2021\/06\/entrevista-Cristina-Sanchez.jpg 804w, https:\/\/www.cannabis.es\/pw\/wp-content\/uploads\/2021\/06\/entrevista-Cristina-Sanchez-300x199.jpg 300w, https:\/\/www.cannabis.es\/pw\/wp-content\/uploads\/2021\/06\/entrevista-Cristina-Sanchez-768x508.jpg 768w, https:\/\/www.cannabis.es\/pw\/wp-content\/uploads\/2021\/06\/entrevista-Cristina-Sanchez-600x397.jpg 600w\" sizes=\"auto, (max-width: 804px) 100vw, 804px\" \/><\/figure>\n\n\n\n<h2 class=\"wp-block-heading\"><strong>Investigaci\u00f3n<\/strong><\/h2>\n\n\n\n<p><span class=\"has-inline-color has-luminous-vivid-orange-color\"><strong>\u201c<em>Hemos trabajado sobre el c\u00e1ncer de mama muchos a\u00f1os. Hemos podido comprobar que existen similitudes entre \u00e9ste y el Glioblastoma: en concreto, que los Cannabinoides inducen la muerte de las c\u00e9lulas tumorales e inhiben la progresi\u00f3n de los tumores<\/em><\/strong><em>. Es algo que comparten muchos tipos de tumores, como los cerebrales, los de mama, los de p\u00e1ncreas, es decir, todas las clasificaciones que hemos podido analizar, no solo nosotros, tambi\u00e9n otros grupos de investigaci\u00f3n en todo el mundo. Sabemos que los mecanismos de acci\u00f3n son diferentes pero la misma respuesta con los Cannabinoides antitumorales\u201d<\/em><\/span><em>, <\/em>explica la investigadora, a\u00f1adiendo que al tomar cannabinoides, \u00e9stos se distribuyen por todo el organismo, produciendo distintas respuestas en las c\u00e9lulas del sistema nervioso central, respuesta en un tumor de mama, incluso en las c\u00e9lulas sangu\u00edneas.<span class=\"has-inline-color has-luminous-vivid-orange-color\"> <em>\u201cLa diana son todas las c\u00e9lulas, pero si hablamos de tumores, el efecto que se produce es \u00e9se, la muerte de estas c\u00e9lulas tumorales\u201d<\/em><\/span><em>.<\/em><\/p>\n\n\n\n<p>La profesora S\u00e1nchez nos explica que, en la actualidad,<strong> Espa\u00f1a es uno de los pa\u00edses m\u00e1s avanzados en cuanto a la relaci\u00f3n del cannabis como terapia contra el c\u00e1ncer<\/strong>. <em><span class=\"has-inline-color has-luminous-vivid-orange-color\">\u201cExisten bastantes laboratorios trabajando en estas l\u00edneas de investigaci\u00f3n, en lo relativo a cannabinoides y c\u00e1ncer. En la Complutense ahora mismo tenemos dos, el de Guillermo Velasco que se ocupa de tumores cerebrales y nosotros, que nos centramos en el c\u00e1ncer de mama. Hay en Italia, en EEUU, en Alemania\u2026 la lista es enorme. Aqu\u00ed tenemos muchos grupos en universidades y hospitales, repartidos pero potentes, pioneros en el estudio de los Cannabinoides\u201d.<\/span><\/em><\/p>\n\n\n\n<p>El grupo de la doctora S\u00e1nchez tiene una ventaja cuando pone en marcha sus proyectos, al contar con la facilidad que se brinda a un colectivo de investigaci\u00f3n pre-cl\u00ednica, que no experimenta sobre seres humanos. <span class=\"has-inline-color has-luminous-vivid-orange-color\"><em>\u201cNo he encontrado ning\u00fan obst\u00e1culo asociado al hecho de trabajar con cannabinoides a lo largo de mi carrera. Las trabas que encuentro son las mismas que las que <a href=\"https:\/\/www.cannabis.es\/pw\/2021\/03\/05\/moises-garcia-arencibia-piden-pruebas-sobre-los-cannabinoides-pero-no-se-ponen-a-buscarlas\/\">se encuentra cualquier investigador<\/a>, esto es, la falta de financiaci\u00f3n a la investigaci\u00f3n y desarrollo\u201d<\/em>.<\/span> La salida del cannabis de las listas de fiscalizaci\u00f3n de la ONU y la OMS no ha supuesto una gran diferencia para su trabajo pues asegura llevar 25 a\u00f1os ahondando en estas cuestiones sin sufrir ning\u00fan retraso por la prohibici\u00f3n. <em>\u201cTampoco tengo noticia de que otros grupos hayan tenido problemas para la obtenci\u00f3n de sus fuentes de investigaci\u00f3n, al menos en Espa\u00f1a. Cualquiera que quiera hacer investigaci\u00f3n pre-cl\u00ednica, sin pacientes, puede hacerlo sin problema. A los que s\u00ed afectar\u00e1 es a los cient\u00edficos que se dediquen a la investigaci\u00f3n cl\u00ednica, pero no a nosotros\u201d,<\/em> afirma la doctora.<\/p>\n\n\n\n<figure class=\"wp-block-image size-large\"><img loading=\"lazy\" decoding=\"async\" width=\"1000\" height=\"750\" src=\"https:\/\/www.cannabis.es\/pw\/wp-content\/uploads\/2021\/06\/CS1.jpg\" alt=\"\" class=\"wp-image-7144\" srcset=\"https:\/\/www.cannabis.es\/pw\/wp-content\/uploads\/2021\/06\/CS1.jpg 1000w, https:\/\/www.cannabis.es\/pw\/wp-content\/uploads\/2021\/06\/CS1-300x225.jpg 300w, https:\/\/www.cannabis.es\/pw\/wp-content\/uploads\/2021\/06\/CS1-768x576.jpg 768w, https:\/\/www.cannabis.es\/pw\/wp-content\/uploads\/2021\/06\/CS1-600x450.jpg 600w\" sizes=\"auto, (max-width: 1000px) 100vw, 1000px\" \/><\/figure>\n\n\n\n<h2 class=\"wp-block-heading\"><strong>Excepcionalismo<\/strong><\/h2>\n\n\n\n<p>Preguntamos a S\u00e1nchez al <a href=\"https:\/\/www.cannabis.es\/pw\/2021\/04\/19\/carl-hart-en-el-evento-complementario-del-cnd2021-las-personas-deben-tener-derecho-a-buscar-el-placer-o-la-felicidad-con-el-cannabis-o-cualquier-otra-sustancia\/\">respecto del argumento excepcionalista,<\/a> seg\u00fan el cual existe una part\u00edcula mala (el THC) y una buena, el CBD. <em><span class=\"has-inline-color has-luminous-vivid-orange-color\">\u201cEn mi opini\u00f3n, no existe esa diferencia. Existen buenos y malos usos. Cuando hablamos de la aplicaci\u00f3n terap\u00e9utica del Cannabis, hablamos de ambas mol\u00e9culas. Nos referimos al THC, que tiene unas aplicaciones terap\u00e9uticas muy interesantes; hablamos del CBD que tambi\u00e9n las tiene. Como cualquier otra sustancia hay que estar atentos a los posibles efectos secundarios, pero es algo que aplica para cualquier medicamento o sustancia. Incluso el agua, por ejemplo. Si se bebe demasiada agua, se pueden tener problemas. Si utilizas demasiado THC en un momento determinado, pueden aparecer efectos no deseados, aunque en ning\u00fan caso eso significa que el cannabis no pueda tener objetivos terap\u00e9uticos\u201d<\/span>,<\/em> resuelve la investigadora cient\u00edfica.<\/p>\n\n\n\n<p><span class=\"has-inline-color has-black-color\">\u201c<em>En este momento, no existe evidencia cl\u00ednica a partir de ensayos controlados que nos permita afirmar que un paciente necesita una sustancia m\u00e1s rica en THC, en CBD u otros\u201d<\/em>, comenta. <em>\u201cEn el caso de la epilepsia, parece que el CBD es el principal responsable de los efectos terap\u00e9uticos antiepil\u00e9pticos. En el caso del glioblastoma, el \u00fanico ensayo cl\u00ednico que se ha hecho ha sido con Sativex, que parece contener la misma cantidad de THC que de CBD. Sin embargo, como decimos, no existe por el momento ninguna evidencia cient\u00edfica que sostenga que un paciente requiera usar m\u00e1s ratio de uno o de otro\u201d.<\/em><\/span><\/p>\n\n\n\n<figure class=\"wp-block-image size-large\"><img loading=\"lazy\" decoding=\"async\" width=\"1000\" height=\"750\" src=\"https:\/\/www.cannabis.es\/pw\/wp-content\/uploads\/2021\/06\/CS2.jpg\" alt=\"\" class=\"wp-image-7145\" srcset=\"https:\/\/www.cannabis.es\/pw\/wp-content\/uploads\/2021\/06\/CS2.jpg 1000w, https:\/\/www.cannabis.es\/pw\/wp-content\/uploads\/2021\/06\/CS2-300x225.jpg 300w, https:\/\/www.cannabis.es\/pw\/wp-content\/uploads\/2021\/06\/CS2-768x576.jpg 768w, https:\/\/www.cannabis.es\/pw\/wp-content\/uploads\/2021\/06\/CS2-600x450.jpg 600w\" sizes=\"auto, (max-width: 1000px) 100vw, 1000px\" \/><\/figure>\n\n\n\n<h2 class=\"wp-block-heading\"><strong>S\u00ed hay evidencia<\/strong><\/h2>\n\n\n\n<p>\u201c<em>A una persona que argumente que <a href=\"https:\/\/www.cannabis.es\/pw\/2021\/06\/01\/daniel-viondi-psoe-vamos-a-ver-quien-es-paciente-y-quien-dice-serlo-para-fumar\/\">no existe evidencia cient\u00edfica<\/a> que demuestre la efectividad de los tratamientos con cannabis,<strong> le dir\u00eda que abriera los ojos y que viera lo que est\u00e1 pasando en pa\u00edses como EEUU, Canad\u00e1, Alemania, en el resto de Europa, Uruguay, M\u00e9xico, Colombia, Israel, Argentina, Chile\u2026 todos estos pa\u00edses y m\u00e1s, han implementado programas de uso m\u00e9dico del Cannabis. Lo han hecho porque hay evidencia cient\u00edfica que soporta el uso del Cannabis. Ning\u00fan gobierno de cualquier color, va autorizar el uso m\u00e9dico de nada que sea perjudicial para sus pacientes, o en cuyo equilibrio riesgo-beneficio salga perjudicada la persona enferma\u201d<\/strong><\/em>, sostiene S\u00e1nchez.<\/p>\n\n\n\n<p><strong>\u201c<em>La misma evidencia que ha servido para esos pa\u00edses, est\u00e1 a disposici\u00f3n de nuestras <a href=\"https:\/\/www.cannabis.es\/pw\/2021\/03\/22\/carolina-darias-sanidad-sigue-la-investigacion-medica-del-cannabis-terapeutico\/\">autoridades sanitarias y reguladoras<\/a>. Lo que les dir\u00eda es que, por favor, miren lo que est\u00e1 pasando alrededor y abandonen esa mentalidad provinciana que afirma que, si la evidencia cient\u00edfica no se ha generado en Espa\u00f1a, no existe. En el caso del Coronavirus, por ejemplo, no hemos tenido que esperar a que se hicieran ensayos cl\u00ednicos aqu\u00ed para ver si funcionaban las vacunas. Nos han servido las experiencias cient\u00edficas que se han generado en el resto del planeta. En este caso, estamos hablando justo de lo mismo. La persona que sostenga este argumento, est\u00e1 llamando irresponsable al gobierno de EEUU que ha autorizado el uso m\u00e9dico del Cannabis, al gobierno de Canad\u00e1, al gobierno de Israel\u2026\u201d<\/em><\/strong>.<\/p>\n\n\n\n<figure class=\"wp-block-image size-large\"><img loading=\"lazy\" decoding=\"async\" width=\"1000\" height=\"750\" src=\"https:\/\/www.cannabis.es\/pw\/wp-content\/uploads\/2021\/06\/CS3.jpg\" alt=\"\" class=\"wp-image-7146\" srcset=\"https:\/\/www.cannabis.es\/pw\/wp-content\/uploads\/2021\/06\/CS3.jpg 1000w, https:\/\/www.cannabis.es\/pw\/wp-content\/uploads\/2021\/06\/CS3-300x225.jpg 300w, https:\/\/www.cannabis.es\/pw\/wp-content\/uploads\/2021\/06\/CS3-768x576.jpg 768w, https:\/\/www.cannabis.es\/pw\/wp-content\/uploads\/2021\/06\/CS3-600x450.jpg 600w\" sizes=\"auto, (max-width: 1000px) 100vw, 1000px\" \/><\/figure>\n\n\n\n<h2 class=\"wp-block-heading\"><strong>Nueva Subcomisi\u00f3n de Salud<\/strong><\/h2>\n\n\n\n<p>La creaci\u00f3n de este <a href=\"https:\/\/www.cannabis.es\/pw\/2021\/05\/14\/el-congreso-aprueba-una-subcomision-de-estudio-del-cannabis-medicinal\/\">nuevo grupo en el seno del Congreso<\/a> de los Diputados da lugar a sentimientos encontrados en S\u00e1nchez. <em><strong>\u201cPor un lado, estoy contenta porque es un paso adelante. Llev\u00e1bamos muchos a\u00f1os atascados en este tema y nos estamos quedando atr\u00e1s como pa\u00eds. Vamos a la cabeza en investigaci\u00f3n y a la cola del transporte de esa investigaci\u00f3n a los pacientes. Por otro lado, no soy muy optimista. Creo que la discusi\u00f3n se va a centrar sobre si existe o no evidencia cient\u00edfica, como coment\u00e1bamos. Pienso que esto es un error, la discusi\u00f3n se deber\u00eda centrar en qu\u00e9 modelo se quiere implementar en nuestro pa\u00eds. Aun as\u00ed, es un rayo de esperanza, mejor esto que nada\u201d<\/strong><\/em>, resume la doctora.<\/p>\n\n\n\n<p>La regulaci\u00f3n que podr\u00eda esperarse en un caso ideal, pasa para S\u00e1nchez por instar a la comisi\u00f3n a revisar las experiencias que se han producido en otros pa\u00edses.<strong> <\/strong><em>\u201cCu\u00e1l es la reglamentaci\u00f3n en otros pa\u00edses, qu\u00e9 tipo de aproximaciones terap\u00e9uticas se han llevado a cabo, qu\u00e9 cosas han funcionados y cu\u00e1les no. Si me preguntas por mi opini\u00f3n, <\/em><strong><em>apostar\u00eda por un modelo en el que coexistieran los medicamentos aprobados por la FDA (Food and Drugs Administration, Administraci\u00f3n de Medicamentos y Alimentos de EEUU), Sativex, Epidiolex y los que puedan surgir en el futuro. Pienso que la planta y sus productos tienen cabida, si se trata de productos de alta calidad y regulados.<\/em><\/strong><em> <strong>Creo que no todos tienen que ser aplicados desde la producci\u00f3n industrial farmac\u00e9utica, o que s\u00ed podr\u00edan ir por la v\u00eda de los suplementos nutricionales u otro tipo de aproximaci\u00f3n, pero con uso terap\u00e9utico. Tambi\u00e9n creo que el autocultivo deber\u00eda estar contemplado en esta legislaci\u00f3n ideal, cohabitando estas tres posibilidades terap\u00e9uticas, para que las personas puedan elegir una u otra, en funci\u00f3n de la dolencia que tengan\u201d.<\/strong><\/em><\/p>\n\n\n\n<p>En el caso del<strong> cannabis l\u00fadico o recreativo<\/strong>, S\u00e1nchez expone que, con independencia a su postura al respecto, es preciso no mezclar ambas tendencias de uso. <em>\u201cHay que ser pragm\u00e1ticos:<strong> creo que avanzaremos m\u00e1s r\u00e1pido si entramos con la regulaci\u00f3n del uso m\u00e9dico, el cual pienso con honestidad que corre mucha m\u00e1s prisa<\/strong>. Es un debate que ha de hacerse en dos tiempos, sin embargo, comprendo muy bien los argumentos de aquellas personas que dicen que se debe realizar una regulaci\u00f3n integral. Puedo compartirlos, pero sigo pensando que a quien apremia m\u00e1s es a los pacientes. Una vez que tengamos regulado el uso m\u00e9dico, por supuesto habr\u00eda que dialogar y decidir qu\u00e9 hacemos con el cannabis para uso recreativo, no solo del cannabis sino de cualquier otra droga\u201d.<\/em><\/p>\n\n\n\n<h2 class=\"wp-block-heading\"><strong>Precio de los medicamentos<\/strong><\/h2>\n\n\n\n<p>S\u00e1nchez califica de <strong>\u201cdisparate\u201d el precio<\/strong> de los medicamentos para las terapias con cannabis, aqu\u00ed y en el resto del mundo. <em>\u201cS\u00e9 que hay mucha inversi\u00f3n en investigaci\u00f3n y desarrollo detr\u00e1s de la generaci\u00f3n de estos productos, no le quito m\u00e9rito a la empresa que los ha producido, ni estoy en contra del retorno de esa inversi\u00f3n. No soy enemiga de las empresas farmac\u00e9uticas, pero<\/em><strong><em> el precio al que se est\u00e1n cobrando estos f\u00e1rmacos, es insostenible para las familias que deben pagarlo de su bolsillo, ni me parece \u00e9tico que nuestra Seguridad Social tenga que abonarlo, aun para proteger a esos pacientes. No se justifica el precio, el Epidiolex no cuesta lo que vale. El Sativex no cuesta lo que vale\u201d<\/em> <\/strong>denuncia S\u00e1nchez.<\/p>\n\n\n\n<figure class=\"wp-block-image size-large\"><img loading=\"lazy\" decoding=\"async\" width=\"1000\" height=\"750\" src=\"https:\/\/www.cannabis.es\/pw\/wp-content\/uploads\/2021\/06\/CS4.jpg\" alt=\"\" class=\"wp-image-7148\" srcset=\"https:\/\/www.cannabis.es\/pw\/wp-content\/uploads\/2021\/06\/CS4.jpg 1000w, https:\/\/www.cannabis.es\/pw\/wp-content\/uploads\/2021\/06\/CS4-300x225.jpg 300w, https:\/\/www.cannabis.es\/pw\/wp-content\/uploads\/2021\/06\/CS4-768x576.jpg 768w, https:\/\/www.cannabis.es\/pw\/wp-content\/uploads\/2021\/06\/CS4-600x450.jpg 600w\" sizes=\"auto, (max-width: 1000px) 100vw, 1000px\" \/><\/figure>\n\n\n\n<blockquote class=\"wp-block-quote is-layout-flow wp-block-quote-is-layout-flow\"><p><strong><em>\u00abEl precio al que se est\u00e1n cobrando estos f\u00e1rmacos es insostenible para las familias que deben pagarlo de su bolsillo, y no me parece \u00e9tico que nuestra Seguridad Social tenga que abonarlo, aun para proteger a esos pacientes. No se justifica el precio: el Epidiolex no cuesta lo que vale. El Sativex no cuesta lo que vale\u201d<\/em><\/strong><\/p><cite>Investigadora Cristina S\u00e1nchez<\/cite><\/blockquote>\n\n\n\n<h2 class=\"wp-block-heading\"><strong>Avances<\/strong><\/h2>\n\n\n\n<p>\u201c<em>La subcomisi\u00f3n tiene seis meses para emitir un informe. Eso ya es un plazo que se tiene que cumplir, aunque ya te digo que no me muestro muy optimista. Quiz\u00e1s cabe algo de esperanza si se piensa en la presi\u00f3n internacional. La realidad es muy tozuda y el gobierno no va a poder ignorar este llamamiento que est\u00e1 viniendo de todas partes, avanzando en la misma direcci\u00f3n. Estoy segura de que nos vamos a incorporar a ese movimiento, la pregunta es si vamos a seguir haciendo el rid\u00edculo internacional o si vamos a implementar un proyecto ya\u201d.<\/em><\/p>\n\n\n\n<p>S\u00e1nchez declara que, en este momento, a\u00fan fuera de una regulaci\u00f3n, encontramos<strong> contrasentidos tales como que la AEMPS otorgue licencias a compa\u00f1\u00edas espa\u00f1olas para cultivar cannabis que se va a utilizar fuera de Espa\u00f1a con fines terap\u00e9uticos, asumiendo as\u00ed el potencial de la planta, mientras dice a los pacientes nacionales que no pueden usar ese mismo cannabis que se exporta, pues <em>\u201cno hay evidencias cient\u00edficas\u201d<\/em>.<\/strong> De esta forma, es precisa una regulaci\u00f3n que equipare los derechos de todos los pacientes de la UE.<\/p>\n\n\n\n<h2 class=\"wp-block-heading\"><strong>Observatorio Espa\u00f1ol del Cannabis Medicinal<\/strong><\/h2>\n\n\n\n<p>Cristina S\u00e1nchez tambi\u00e9n fue pieza clave en <a href=\"https:\/\/www.cannabis.es\/pw\/2020\/11\/18\/el-observatorio-del-cannabis-medicinal-conciencia-a-los-partidos\/\">la fundaci\u00f3n del OECM<\/a>. <em>\u201cMe embarqu\u00e9 en este proyecto tras conocer a la que es su actual presidenta, Carola P\u00e9rez. Cuando te dedicas a la investigaci\u00f3n de compuestos que tienen una posible aplicaci\u00f3n terap\u00e9utica, siempre sue\u00f1as con que lo que hace en su laboratorio, con las c\u00e9lulas o los ratones, acabe beneficiando a un verdadero paciente. <strong>Conocer a Carola<\/strong>, m\u00e1s all\u00e1 de sus cargos, es decir, como persona a la que la terapia con cannabis le hab\u00eda ayudado,<strong> me hizo darme cuenta de una realidad que no conoc\u00eda, el hecho de que hay mucha gente que tiene unas dolencias con las que<a href=\"https:\/\/www.cannabis.es\/pw\/2021\/05\/21\/estudio-compara-farmacos-de-cannabis-contra-dolor-neuropatico-en-adultos\/\"> el cannabis les est\u00e1 funcionando<\/a>. <\/strong>Ver cu\u00e1l era la situaci\u00f3n de estas personas, que ten\u00edan que recurrir al mercado negro para obtener su medicina, me hizo comprometerme con este grupo\u201d,<\/em> resume.<\/p>\n\n\n\n<p>Cristina S\u00e1nchez dirige una mirada al futuro. <em>\u201cTenemos muchas l\u00edneas de investigaci\u00f3n abiertas en la actualidad. Queremos intentar que el Sistema Cannabinoide nos permita <strong>saber si los tumores de las pacientes son poco o muy agresivos<\/strong>, usarlo como una herramienta de cribado. Por otro lado, estamos viendo si los cannabinoides podr\u00edan ser un buen instrumento terap\u00e9utico para pacientes que no hayan respondido a otros tratamientos antitumorales. No solo queremos saber por qu\u00e9 lo hace, sino entender c\u00f3mo lo hace a nivel molecular. As\u00ed, <strong>investigamos si los cannabinoides son una opci\u00f3n terap\u00e9utica para tumores resistentes a quimioterapias u otros tratamientos y por qu\u00e9 se da esto.<\/strong> Son tan solo dos pinceladas a todo lo que estamos haciendo, pues tenemos varias tesis, varios proyectos en marcha, incluso una nueva l\u00ednea en cuanto al C\u00e1ncer de P\u00e1ncreas\u201d<\/em>, concluye.<\/p>\n","protected":false},"excerpt":{"rendered":"<span class=\"span-reading-time rt-reading-time\" style=\"display: block;\"><span class=\"rt-label rt-prefix\">Tiempo de lectura:<\/span> <span class=\"rt-time\"> 8<\/span> <span class=\"rt-label rt-postfix\">minutos<\/span><\/span>Benito D\u00edaz Cristina S\u00e1nchez es profesora titular de Bioqu\u00edmica y Biolog\u00eda Molecular en la Universidad Complutense de Madrid. Desde los a\u00f1os 90, su inter\u00e9s se ha centrado en el estudio y las aplicaciones del cannabis y los cannabinoides en el aspecto terap\u00e9utico. Ha participado en algunas de las l\u00edneas de investigaci\u00f3n m\u00e1s importantes que se [&hellip;]","protected":false},"author":3,"featured_media":7143,"comment_status":"closed","ping_status":"closed","sticky":false,"template":"","format":"standard","meta":{"loftocean-featured-post":"","loftocean_post_format_gallery":"","loftocean_post_format_gallery_ids":"","loftocean_post_format_gallery_urls":"","loftocean_post_format_video_id":"","loftocean_post_format_video_url":"","loftocean_post_format_video_type":"","loftocean_post_format_video":"","loftocean_post_format_audio_type":"","loftocean_post_format_audio_url":"","loftocean_post_format_audio_id":"","loftocean_post_format_audio":"","loftocean_post_format_quote_text":"","loftocean_post_format_quote_byline":"","loftocean_post_format_link_text":"","loftocean_post_format_link_url":"","ceramag_post_header_style":"","ceramag_enable_background_video":"","ceramag_show_in_top_slider":"","ceramag_post_background_video_start":"","ceramag_post_background_video_end":"","loftocean_page_background_video_id":"","loftocean_page_background_video_url":"","loftocean_page_background_video_type":"","loftocean_page_background_video":"","ceramag_background_video_start":"","ceramag_background_video_end":"","ceramag_single_page_hide_header":"","footnotes":""},"categories":[33],"tags":[43,52,53],"class_list":["post-7140","post","type-post","status-publish","format-standard","has-post-thumbnail","hentry","category-entrevistas","tag-benito-diaz","tag-cannabis-medicinal","tag-investigacion"],"yoast_head":"<!-- This site is optimized with the Yoast SEO plugin v24.9 - https:\/\/yoast.com\/wordpress\/plugins\/seo\/ -->\n<title>Cristina S\u00e1nchez: \u201cVamos a la cabeza en investigaci\u00f3n y a la cola en la aplicaci\u00f3n de los resultados del cannabis terap\u00e9utico\u201d<\/title>\n<meta name=\"description\" content=\"Entrada &#8226; Portal multimedia sobre cannabis y otras sustancias &#8226; 3 junio, 2021\" \/>\n<meta name=\"robots\" content=\"index, follow, max-snippet:-1, max-image-preview:large, max-video-preview:-1\" \/>\n<link rel=\"canonical\" href=\"https:\/\/www.cannabis.es\/pw\/2021\/06\/03\/cristina-sanchez-vamos-a-la-cabeza-en-investigacion-y-a-la-cola-en-la-aplicacion-de-los-resultados-del-cannabis-terapeutico\/\" \/>\n<meta name=\"twitter:card\" content=\"summary_large_image\" \/>\n<meta name=\"twitter:title\" content=\"Cristina S\u00e1nchez: \u201cVamos a la cabeza en investigaci\u00f3n y a la cola en la aplicaci\u00f3n de los resultados del cannabis terap\u00e9utico\u201d\" \/>\n<meta name=\"twitter:description\" content=\"Entrada &#8226; Portal multimedia sobre cannabis y otras sustancias &#8226; 3 junio, 2021\" \/>\n<meta name=\"twitter:image\" content=\"https:\/\/www.cannabis.es\/pw\/wp-content\/uploads\/2021\/06\/entrevista-Cristina-Sanchez.jpg\" \/>\n<meta name=\"twitter:creator\" content=\"@cannabis_es\" \/>\n<meta name=\"twitter:site\" content=\"@cannabis_es\" \/>\n<meta name=\"twitter:label1\" content=\"Escrito por\" \/>\n\t<meta name=\"twitter:data1\" content=\"Cannabis.es\" \/>\n\t<meta name=\"twitter:label2\" content=\"Tiempo de lectura\" \/>\n\t<meta name=\"twitter:data2\" content=\"11 minutos\" \/>\n<script type=\"application\/ld+json\" class=\"yoast-schema-graph\">{\"@context\":\"https:\/\/schema.org\",\"@graph\":[{\"@type\":\"Article\",\"@id\":\"https:\/\/www.cannabis.es\/pw\/2021\/06\/03\/cristina-sanchez-vamos-a-la-cabeza-en-investigacion-y-a-la-cola-en-la-aplicacion-de-los-resultados-del-cannabis-terapeutico\/#article\",\"isPartOf\":{\"@id\":\"https:\/\/www.cannabis.es\/pw\/2021\/06\/03\/cristina-sanchez-vamos-a-la-cabeza-en-investigacion-y-a-la-cola-en-la-aplicacion-de-los-resultados-del-cannabis-terapeutico\/\"},\"author\":{\"name\":\"Cannabis.es\",\"@id\":\"https:\/\/www.cannabis.es\/pw\/#\/schema\/person\/ec770c03f3e99d770687f537f4ba1e89\"},\"headline\":\"Cristina S\u00e1nchez: \u201cVamos a la cabeza en investigaci\u00f3n y a la cola en la aplicaci\u00f3n de los resultados del cannabis terap\u00e9utico\u201d\",\"datePublished\":\"2021-06-03T11:13:50+00:00\",\"dateModified\":\"2021-06-03T11:13:51+00:00\",\"mainEntityOfPage\":{\"@id\":\"https:\/\/www.cannabis.es\/pw\/2021\/06\/03\/cristina-sanchez-vamos-a-la-cabeza-en-investigacion-y-a-la-cola-en-la-aplicacion-de-los-resultados-del-cannabis-terapeutico\/\"},\"wordCount\":2407,\"publisher\":{\"@id\":\"https:\/\/www.cannabis.es\/pw\/#organization\"},\"image\":{\"@id\":\"https:\/\/www.cannabis.es\/pw\/2021\/06\/03\/cristina-sanchez-vamos-a-la-cabeza-en-investigacion-y-a-la-cola-en-la-aplicacion-de-los-resultados-del-cannabis-terapeutico\/#primaryimage\"},\"thumbnailUrl\":\"https:\/\/www.cannabis.es\/pw\/wp-content\/uploads\/2021\/06\/entrevista-Cristina-Sanchez.jpg\",\"keywords\":[\"Benito D\u00edaz\",\"cannabis medicinal\",\"investigaci\u00f3n\"],\"articleSection\":[\"Entrevistas\"],\"inLanguage\":\"es\"},{\"@type\":\"WebPage\",\"@id\":\"https:\/\/www.cannabis.es\/pw\/2021\/06\/03\/cristina-sanchez-vamos-a-la-cabeza-en-investigacion-y-a-la-cola-en-la-aplicacion-de-los-resultados-del-cannabis-terapeutico\/\",\"url\":\"https:\/\/www.cannabis.es\/pw\/2021\/06\/03\/cristina-sanchez-vamos-a-la-cabeza-en-investigacion-y-a-la-cola-en-la-aplicacion-de-los-resultados-del-cannabis-terapeutico\/\",\"name\":\"Cristina S\u00e1nchez: \u201cVamos a la cabeza en investigaci\u00f3n y a la cola en la aplicaci\u00f3n de los resultados del cannabis terap\u00e9utico\u201d\",\"isPartOf\":{\"@id\":\"https:\/\/www.cannabis.es\/pw\/#website\"},\"primaryImageOfPage\":{\"@id\":\"https:\/\/www.cannabis.es\/pw\/2021\/06\/03\/cristina-sanchez-vamos-a-la-cabeza-en-investigacion-y-a-la-cola-en-la-aplicacion-de-los-resultados-del-cannabis-terapeutico\/#primaryimage\"},\"image\":{\"@id\":\"https:\/\/www.cannabis.es\/pw\/2021\/06\/03\/cristina-sanchez-vamos-a-la-cabeza-en-investigacion-y-a-la-cola-en-la-aplicacion-de-los-resultados-del-cannabis-terapeutico\/#primaryimage\"},\"thumbnailUrl\":\"https:\/\/www.cannabis.es\/pw\/wp-content\/uploads\/2021\/06\/entrevista-Cristina-Sanchez.jpg\",\"datePublished\":\"2021-06-03T11:13:50+00:00\",\"dateModified\":\"2021-06-03T11:13:51+00:00\",\"description\":\"Entrada &#8226; Portal multimedia sobre cannabis y otras sustancias &#8226; 3 junio, 2021\",\"breadcrumb\":{\"@id\":\"https:\/\/www.cannabis.es\/pw\/2021\/06\/03\/cristina-sanchez-vamos-a-la-cabeza-en-investigacion-y-a-la-cola-en-la-aplicacion-de-los-resultados-del-cannabis-terapeutico\/#breadcrumb\"},\"inLanguage\":\"es\",\"potentialAction\":[{\"@type\":\"ReadAction\",\"target\":[\"https:\/\/www.cannabis.es\/pw\/2021\/06\/03\/cristina-sanchez-vamos-a-la-cabeza-en-investigacion-y-a-la-cola-en-la-aplicacion-de-los-resultados-del-cannabis-terapeutico\/\"]}]},{\"@type\":\"ImageObject\",\"inLanguage\":\"es\",\"@id\":\"https:\/\/www.cannabis.es\/pw\/2021\/06\/03\/cristina-sanchez-vamos-a-la-cabeza-en-investigacion-y-a-la-cola-en-la-aplicacion-de-los-resultados-del-cannabis-terapeutico\/#primaryimage\",\"url\":\"https:\/\/www.cannabis.es\/pw\/wp-content\/uploads\/2021\/06\/entrevista-Cristina-Sanchez.jpg\",\"contentUrl\":\"https:\/\/www.cannabis.es\/pw\/wp-content\/uploads\/2021\/06\/entrevista-Cristina-Sanchez.jpg\",\"width\":804,\"height\":532},{\"@type\":\"BreadcrumbList\",\"@id\":\"https:\/\/www.cannabis.es\/pw\/2021\/06\/03\/cristina-sanchez-vamos-a-la-cabeza-en-investigacion-y-a-la-cola-en-la-aplicacion-de-los-resultados-del-cannabis-terapeutico\/#breadcrumb\",\"itemListElement\":[{\"@type\":\"ListItem\",\"position\":1,\"name\":\"Portada\",\"item\":\"http:\/\/www.cannabis.es\/pw\/\"},{\"@type\":\"ListItem\",\"position\":2,\"name\":\"Cristina S\u00e1nchez: \u201cVamos a la cabeza en investigaci\u00f3n y a la cola en la aplicaci\u00f3n de los resultados del cannabis terap\u00e9utico\u201d\"}]},{\"@type\":\"WebSite\",\"@id\":\"https:\/\/www.cannabis.es\/pw\/#website\",\"url\":\"https:\/\/www.cannabis.es\/pw\/\",\"name\":\"Cannabis\",\"description\":\"Portal multimedia sobre cannabis y otras sustancias\",\"publisher\":{\"@id\":\"https:\/\/www.cannabis.es\/pw\/#organization\"},\"potentialAction\":[{\"@type\":\"SearchAction\",\"target\":{\"@type\":\"EntryPoint\",\"urlTemplate\":\"https:\/\/www.cannabis.es\/pw\/?s={search_term_string}\"},\"query-input\":{\"@type\":\"PropertyValueSpecification\",\"valueRequired\":true,\"valueName\":\"search_term_string\"}}],\"inLanguage\":\"es\"},{\"@type\":\"Organization\",\"@id\":\"https:\/\/www.cannabis.es\/pw\/#organization\",\"name\":\"Cannabis.es\",\"url\":\"https:\/\/www.cannabis.es\/pw\/\",\"logo\":{\"@type\":\"ImageObject\",\"inLanguage\":\"es\",\"@id\":\"https:\/\/www.cannabis.es\/pw\/#\/schema\/logo\/image\/\",\"url\":\"https:\/\/www.cannabis.es\/pw\/wp-content\/uploads\/2019\/04\/cropped-logo_cannabis.png\",\"contentUrl\":\"https:\/\/www.cannabis.es\/pw\/wp-content\/uploads\/2019\/04\/cropped-logo_cannabis.png\",\"width\":361,\"height\":120,\"caption\":\"Cannabis.es\"},\"image\":{\"@id\":\"https:\/\/www.cannabis.es\/pw\/#\/schema\/logo\/image\/\"},\"sameAs\":[\"https:\/\/x.com\/cannabis_es\"]},{\"@type\":\"Person\",\"@id\":\"https:\/\/www.cannabis.es\/pw\/#\/schema\/person\/ec770c03f3e99d770687f537f4ba1e89\",\"name\":\"Cannabis.es\",\"image\":{\"@type\":\"ImageObject\",\"inLanguage\":\"es\",\"@id\":\"https:\/\/www.cannabis.es\/pw\/#\/schema\/person\/image\/\",\"url\":\"https:\/\/secure.gravatar.com\/avatar\/810c93a3d6fadc3d9c2665b1d919a4aedea8ed4dd63689d001e985a804e90d83?s=96&d=mm&r=g\",\"contentUrl\":\"https:\/\/secure.gravatar.com\/avatar\/810c93a3d6fadc3d9c2665b1d919a4aedea8ed4dd63689d001e985a804e90d83?s=96&d=mm&r=g\",\"caption\":\"Cannabis.es\"},\"url\":\"https:\/\/www.cannabis.es\/pw\/author\/arnau\/\"}]}<\/script>\n<!-- \/ Yoast SEO plugin. -->","yoast_head_json":{"title":"Cristina S\u00e1nchez: \u201cVamos a la cabeza en investigaci\u00f3n y a la cola en la aplicaci\u00f3n de los resultados del cannabis terap\u00e9utico\u201d","description":"Entrada &#8226; Portal multimedia sobre cannabis y otras sustancias &#8226; 3 junio, 2021","robots":{"index":"index","follow":"follow","max-snippet":"max-snippet:-1","max-image-preview":"max-image-preview:large","max-video-preview":"max-video-preview:-1"},"canonical":"https:\/\/www.cannabis.es\/pw\/2021\/06\/03\/cristina-sanchez-vamos-a-la-cabeza-en-investigacion-y-a-la-cola-en-la-aplicacion-de-los-resultados-del-cannabis-terapeutico\/","twitter_card":"summary_large_image","twitter_title":"Cristina S\u00e1nchez: \u201cVamos a la cabeza en investigaci\u00f3n y a la cola en la aplicaci\u00f3n de los resultados del cannabis terap\u00e9utico\u201d","twitter_description":"Entrada &#8226; Portal multimedia sobre cannabis y otras sustancias &#8226; 3 junio, 2021","twitter_image":"https:\/\/www.cannabis.es\/pw\/wp-content\/uploads\/2021\/06\/entrevista-Cristina-Sanchez.jpg","twitter_creator":"@cannabis_es","twitter_site":"@cannabis_es","twitter_misc":{"Escrito por":"Cannabis.es","Tiempo de lectura":"11 minutos"},"schema":{"@context":"https:\/\/schema.org","@graph":[{"@type":"Article","@id":"https:\/\/www.cannabis.es\/pw\/2021\/06\/03\/cristina-sanchez-vamos-a-la-cabeza-en-investigacion-y-a-la-cola-en-la-aplicacion-de-los-resultados-del-cannabis-terapeutico\/#article","isPartOf":{"@id":"https:\/\/www.cannabis.es\/pw\/2021\/06\/03\/cristina-sanchez-vamos-a-la-cabeza-en-investigacion-y-a-la-cola-en-la-aplicacion-de-los-resultados-del-cannabis-terapeutico\/"},"author":{"name":"Cannabis.es","@id":"https:\/\/www.cannabis.es\/pw\/#\/schema\/person\/ec770c03f3e99d770687f537f4ba1e89"},"headline":"Cristina S\u00e1nchez: \u201cVamos a la cabeza en investigaci\u00f3n y a la cola en la aplicaci\u00f3n de los resultados del cannabis terap\u00e9utico\u201d","datePublished":"2021-06-03T11:13:50+00:00","dateModified":"2021-06-03T11:13:51+00:00","mainEntityOfPage":{"@id":"https:\/\/www.cannabis.es\/pw\/2021\/06\/03\/cristina-sanchez-vamos-a-la-cabeza-en-investigacion-y-a-la-cola-en-la-aplicacion-de-los-resultados-del-cannabis-terapeutico\/"},"wordCount":2407,"publisher":{"@id":"https:\/\/www.cannabis.es\/pw\/#organization"},"image":{"@id":"https:\/\/www.cannabis.es\/pw\/2021\/06\/03\/cristina-sanchez-vamos-a-la-cabeza-en-investigacion-y-a-la-cola-en-la-aplicacion-de-los-resultados-del-cannabis-terapeutico\/#primaryimage"},"thumbnailUrl":"https:\/\/www.cannabis.es\/pw\/wp-content\/uploads\/2021\/06\/entrevista-Cristina-Sanchez.jpg","keywords":["Benito D\u00edaz","cannabis medicinal","investigaci\u00f3n"],"articleSection":["Entrevistas"],"inLanguage":"es"},{"@type":"WebPage","@id":"https:\/\/www.cannabis.es\/pw\/2021\/06\/03\/cristina-sanchez-vamos-a-la-cabeza-en-investigacion-y-a-la-cola-en-la-aplicacion-de-los-resultados-del-cannabis-terapeutico\/","url":"https:\/\/www.cannabis.es\/pw\/2021\/06\/03\/cristina-sanchez-vamos-a-la-cabeza-en-investigacion-y-a-la-cola-en-la-aplicacion-de-los-resultados-del-cannabis-terapeutico\/","name":"Cristina S\u00e1nchez: \u201cVamos a la cabeza en investigaci\u00f3n y a la cola en la aplicaci\u00f3n de los resultados del cannabis terap\u00e9utico\u201d","isPartOf":{"@id":"https:\/\/www.cannabis.es\/pw\/#website"},"primaryImageOfPage":{"@id":"https:\/\/www.cannabis.es\/pw\/2021\/06\/03\/cristina-sanchez-vamos-a-la-cabeza-en-investigacion-y-a-la-cola-en-la-aplicacion-de-los-resultados-del-cannabis-terapeutico\/#primaryimage"},"image":{"@id":"https:\/\/www.cannabis.es\/pw\/2021\/06\/03\/cristina-sanchez-vamos-a-la-cabeza-en-investigacion-y-a-la-cola-en-la-aplicacion-de-los-resultados-del-cannabis-terapeutico\/#primaryimage"},"thumbnailUrl":"https:\/\/www.cannabis.es\/pw\/wp-content\/uploads\/2021\/06\/entrevista-Cristina-Sanchez.jpg","datePublished":"2021-06-03T11:13:50+00:00","dateModified":"2021-06-03T11:13:51+00:00","description":"Entrada &#8226; Portal multimedia sobre cannabis y otras sustancias &#8226; 3 junio, 2021","breadcrumb":{"@id":"https:\/\/www.cannabis.es\/pw\/2021\/06\/03\/cristina-sanchez-vamos-a-la-cabeza-en-investigacion-y-a-la-cola-en-la-aplicacion-de-los-resultados-del-cannabis-terapeutico\/#breadcrumb"},"inLanguage":"es","potentialAction":[{"@type":"ReadAction","target":["https:\/\/www.cannabis.es\/pw\/2021\/06\/03\/cristina-sanchez-vamos-a-la-cabeza-en-investigacion-y-a-la-cola-en-la-aplicacion-de-los-resultados-del-cannabis-terapeutico\/"]}]},{"@type":"ImageObject","inLanguage":"es","@id":"https:\/\/www.cannabis.es\/pw\/2021\/06\/03\/cristina-sanchez-vamos-a-la-cabeza-en-investigacion-y-a-la-cola-en-la-aplicacion-de-los-resultados-del-cannabis-terapeutico\/#primaryimage","url":"https:\/\/www.cannabis.es\/pw\/wp-content\/uploads\/2021\/06\/entrevista-Cristina-Sanchez.jpg","contentUrl":"https:\/\/www.cannabis.es\/pw\/wp-content\/uploads\/2021\/06\/entrevista-Cristina-Sanchez.jpg","width":804,"height":532},{"@type":"BreadcrumbList","@id":"https:\/\/www.cannabis.es\/pw\/2021\/06\/03\/cristina-sanchez-vamos-a-la-cabeza-en-investigacion-y-a-la-cola-en-la-aplicacion-de-los-resultados-del-cannabis-terapeutico\/#breadcrumb","itemListElement":[{"@type":"ListItem","position":1,"name":"Portada","item":"http:\/\/www.cannabis.es\/pw\/"},{"@type":"ListItem","position":2,"name":"Cristina S\u00e1nchez: \u201cVamos a la cabeza en investigaci\u00f3n y a la cola en la aplicaci\u00f3n de los resultados del cannabis terap\u00e9utico\u201d"}]},{"@type":"WebSite","@id":"https:\/\/www.cannabis.es\/pw\/#website","url":"https:\/\/www.cannabis.es\/pw\/","name":"Cannabis","description":"Portal multimedia sobre cannabis y otras sustancias","publisher":{"@id":"https:\/\/www.cannabis.es\/pw\/#organization"},"potentialAction":[{"@type":"SearchAction","target":{"@type":"EntryPoint","urlTemplate":"https:\/\/www.cannabis.es\/pw\/?s={search_term_string}"},"query-input":{"@type":"PropertyValueSpecification","valueRequired":true,"valueName":"search_term_string"}}],"inLanguage":"es"},{"@type":"Organization","@id":"https:\/\/www.cannabis.es\/pw\/#organization","name":"Cannabis.es","url":"https:\/\/www.cannabis.es\/pw\/","logo":{"@type":"ImageObject","inLanguage":"es","@id":"https:\/\/www.cannabis.es\/pw\/#\/schema\/logo\/image\/","url":"https:\/\/www.cannabis.es\/pw\/wp-content\/uploads\/2019\/04\/cropped-logo_cannabis.png","contentUrl":"https:\/\/www.cannabis.es\/pw\/wp-content\/uploads\/2019\/04\/cropped-logo_cannabis.png","width":361,"height":120,"caption":"Cannabis.es"},"image":{"@id":"https:\/\/www.cannabis.es\/pw\/#\/schema\/logo\/image\/"},"sameAs":["https:\/\/x.com\/cannabis_es"]},{"@type":"Person","@id":"https:\/\/www.cannabis.es\/pw\/#\/schema\/person\/ec770c03f3e99d770687f537f4ba1e89","name":"Cannabis.es","image":{"@type":"ImageObject","inLanguage":"es","@id":"https:\/\/www.cannabis.es\/pw\/#\/schema\/person\/image\/","url":"https:\/\/secure.gravatar.com\/avatar\/810c93a3d6fadc3d9c2665b1d919a4aedea8ed4dd63689d001e985a804e90d83?s=96&d=mm&r=g","contentUrl":"https:\/\/secure.gravatar.com\/avatar\/810c93a3d6fadc3d9c2665b1d919a4aedea8ed4dd63689d001e985a804e90d83?s=96&d=mm&r=g","caption":"Cannabis.es"},"url":"https:\/\/www.cannabis.es\/pw\/author\/arnau\/"}]}},"_links":{"self":[{"href":"https:\/\/www.cannabis.es\/pw\/wp-json\/wp\/v2\/posts\/7140","targetHints":{"allow":["GET"]}}],"collection":[{"href":"https:\/\/www.cannabis.es\/pw\/wp-json\/wp\/v2\/posts"}],"about":[{"href":"https:\/\/www.cannabis.es\/pw\/wp-json\/wp\/v2\/types\/post"}],"author":[{"embeddable":true,"href":"https:\/\/www.cannabis.es\/pw\/wp-json\/wp\/v2\/users\/3"}],"replies":[{"embeddable":true,"href":"https:\/\/www.cannabis.es\/pw\/wp-json\/wp\/v2\/comments?post=7140"}],"version-history":[{"count":3,"href":"https:\/\/www.cannabis.es\/pw\/wp-json\/wp\/v2\/posts\/7140\/revisions"}],"predecessor-version":[{"id":7149,"href":"https:\/\/www.cannabis.es\/pw\/wp-json\/wp\/v2\/posts\/7140\/revisions\/7149"}],"wp:featuredmedia":[{"embeddable":true,"href":"https:\/\/www.cannabis.es\/pw\/wp-json\/wp\/v2\/media\/7143"}],"wp:attachment":[{"href":"https:\/\/www.cannabis.es\/pw\/wp-json\/wp\/v2\/media?parent=7140"}],"wp:term":[{"taxonomy":"category","embeddable":true,"href":"https:\/\/www.cannabis.es\/pw\/wp-json\/wp\/v2\/categories?post=7140"},{"taxonomy":"post_tag","embeddable":true,"href":"https:\/\/www.cannabis.es\/pw\/wp-json\/wp\/v2\/tags?post=7140"}],"curies":[{"name":"wp","href":"https:\/\/api.w.org\/{rel}","templated":true}]}}