{"id":7150,"date":"2021-06-04T14:10:31","date_gmt":"2021-06-04T12:10:31","guid":{"rendered":"https:\/\/www.cannabis.es\/pw\/?p=7150"},"modified":"2021-06-09T11:43:06","modified_gmt":"2021-06-09T09:43:06","slug":"la-cooperativa-ananda-obtiene-la-primera-licencia-social-de-ecuador","status":"publish","type":"post","link":"https:\/\/www.cannabis.es\/pw\/2021\/06\/04\/la-cooperativa-ananda-obtiene-la-primera-licencia-social-de-ecuador\/","title":{"rendered":"La cooperativa Ananda obtiene la primera licencia social de Ecuador"},"content":{"rendered":"\n<p>Arnau Alcaide<\/p>\n\n\n\n<p>Tras <a href=\"https:\/\/www.cannabis.es\/pw\/2019\/11\/27\/ecuador-legaliza-el-cannabis-medicinal-con-un-1-de-thc-o-menos\/\">la regulaci\u00f3n de la producci\u00f3n de la Cannabis  por debajo del 1% de THC para fines m\u00e9dicos<\/a>, que vino acompa\u00f1ada de las despenalizaci\u00f3n sin sanci\u00f3n y la legalidad del autocultivo, Ecuador ha entregado su primera licencia social de producci\u00f3n de cannabis, al t\u00e9rmino del proceso p\u00fablico de concurso. Ha sido a la cooperativa Ananda, en un peque\u00f1o pueblo agr\u00edcola de los Andes que se llama Chingazo Alto, en la provincia de Chimborazo.<\/p>\n\n\n\n<p>Con pocos recursos, el desarrollo econ\u00f3mico agr\u00edcola de esta \u00abparroquia\u00bb, el nombre de pueblos inferiores al municipio dentro del cant\u00f3n, lo canaliza una asociaci\u00f3n de agricultores que negocia en conjunto. Ahora, Ananda gestionar\u00e1 para ellos las licencias de producci\u00f3n de cannabis para toda la cadena de valor, y aspira a imitar el modelo de colaboraci\u00f3n para dar acceso a cultivos de valor a locales de todo el cant\u00f3n Guano. Como en Espa\u00f1a, sin asociarse en personas jur\u00eddicas o cooperativas, no pueden acceder a las licencias.<br><br>Pero los problemas no terminan aqu\u00ed. Paul Moreno, el directivo fundador de Ananda, nos cuenta que ahora es \u00abun buen amigo\u00bb del Ministro de Agricultura, y sin embargo esta amistad no se forj\u00f3 precisamente en la cordialidad. A un proceso de regulaci\u00f3n que estuvo cerca de dejarles fuera, hay que a\u00f1adirle que los requisitos de obtenci\u00f3n de una licencia requieren de una extensi\u00f3n de tierra de 2 hect\u00e1reas unidas que muchos locales no alcanzan ni asoci\u00e1ndose, bien por una extensi\u00f3n insuficiente o por su dispersi\u00f3n entre las tierras.<\/p>\n\n\n\n<p>Aunque se quieren dirigir a la industria farmac\u00e9utica como comprador del cannabis que considera tendr\u00e1 mayor valor de mercado, comercializar\u00e1n tambi\u00e9n productos naturales terminados de acuerdo con la ley ecuatoriano, como son los aceites. Del mismo modo, tambi\u00e9n buscar\u00e1n salida para todas las partes de la planta, como las fibras. Pero lo caracter\u00edstico es que \u00abel producto\u00bb en el caso de Ananda, nos cuenta Moreno, es \u00abla comunidad sostenible\u00bb. Un proyecto que tratar\u00e1 de dar un trabajo a una persona de cada familia en una \u00e1rea rural en la que el suelo de muchos de los reducidos domicilios es directamente la tierra. Una regi\u00f3n que nos revela lo parad\u00f3jico del sector primario, que no mejora la calidad de vida de sus trabajadores respecto de la poblaci\u00f3n general, pese a que viven en las zonas con m\u00e1s riqueza en recursos materiales.<\/p>\n\n\n\n<figure class=\"wp-block-image size-large\"><img loading=\"lazy\" decoding=\"async\" width=\"1008\" height=\"567\" src=\"https:\/\/www.cannabis.es\/pw\/wp-content\/uploads\/2021\/06\/image-2.png\" alt=\"\" class=\"wp-image-7155\" srcset=\"https:\/\/www.cannabis.es\/pw\/wp-content\/uploads\/2021\/06\/image-2.png 1008w, https:\/\/www.cannabis.es\/pw\/wp-content\/uploads\/2021\/06\/image-2-300x169.png 300w, https:\/\/www.cannabis.es\/pw\/wp-content\/uploads\/2021\/06\/image-2-768x432.png 768w, https:\/\/www.cannabis.es\/pw\/wp-content\/uploads\/2021\/06\/image-2-600x338.png 600w\" sizes=\"auto, (max-width: 1008px) 100vw, 1008px\" \/><\/figure>\n\n\n\n<h2 class=\"wp-block-heading\">El Ministerio de Agricultura rectifica y les consulta despu\u00e9s que a las grandes productoras<\/h2>\n\n\n\n<p>\u00abLo est\u00e1bamos tomando con calma cuando un d\u00eda nos enteramos de que el M.de Agricultura ya estaba escribiendo el reglamento y, como siempre, en contubernio con las grandes empresas bananeras, cacaoteras, arroceras, ya hab\u00edan elaborado un reglamento. Entonces, yo me entero de eso un s\u00e1bado y decimos &#8216;no puede pasar que no nos hayan convocado&#8217;, y efectivamente luego el viceministro Andr\u00e9s Luque dice &#8216;solo falta el \u00faltimo retoque&#8217; y nadie sab\u00eda qu\u00e9 pasaba. Entonces armamos una campa\u00f1a en redes sociales, tambi\u00e9n en change.org, en la que exig\u00edamos una regulaci\u00f3n incluyente y el resultado fue que al martes siguiente nos llamaron a una mesa t\u00e9cnica para escribir la regulaci\u00f3n. Propusimos unas cuantas cosas, nos hicieron caso en unas, no en otras. Y en diciembre, justo el 24 del a\u00f1o pasado, sali\u00f3 el acuerdo ministerial 109 que regula el cultivo, procesamiento y siembra de semillas de c\u00e1\u00f1amo. Nosotros ya hab\u00edamos armado la cooperativa y ten\u00edamos mucha informaci\u00f3n privilegiada porque \u00e9ramos unos 10 el movimiento cann\u00e1bico en las mesas t\u00e9cnicas\u00bb.<\/p>\n\n\n\n<figure class=\"wp-block-image size-large\"><img loading=\"lazy\" decoding=\"async\" width=\"1008\" height=\"567\" src=\"https:\/\/www.cannabis.es\/pw\/wp-content\/uploads\/2021\/06\/image-3.png\" alt=\"\" class=\"wp-image-7156\" srcset=\"https:\/\/www.cannabis.es\/pw\/wp-content\/uploads\/2021\/06\/image-3.png 1008w, https:\/\/www.cannabis.es\/pw\/wp-content\/uploads\/2021\/06\/image-3-300x169.png 300w, https:\/\/www.cannabis.es\/pw\/wp-content\/uploads\/2021\/06\/image-3-768x432.png 768w, https:\/\/www.cannabis.es\/pw\/wp-content\/uploads\/2021\/06\/image-3-600x338.png 600w\" sizes=\"auto, (max-width: 1008px) 100vw, 1008px\" \/><\/figure>\n\n\n\n<h2 class=\"wp-block-heading\">Las dos licencias obtenidas por la primera cooperativa<\/h2>\n\n\n\n<p>\u00abLa primera es de <strong>producci\u00f3n de semillas y clones<\/strong>: tenemos un m\u00e1ximo de 1800 m2 para sembrar. Somos la \u00fanica organizaci\u00f3n popular y solidaria que recibi\u00f3 una licencia, todas las dem\u00e1s solicitantes eran compa\u00f1\u00edas o sociedades con fines de lucro y somos todav\u00eda los \u00fanicos licenciados como cooperativa desde la econom\u00eda popular y solidaria, sin fines de lucro\u00bb. <strong>La otra, es para la venta de fibras<\/strong> y fines industriales.<\/p>\n\n\n\n<figure class=\"wp-block-image size-large\"><img loading=\"lazy\" decoding=\"async\" width=\"896\" height=\"672\" src=\"https:\/\/www.cannabis.es\/pw\/wp-content\/uploads\/2021\/06\/image-6.png\" alt=\"\" class=\"wp-image-7159\" srcset=\"https:\/\/www.cannabis.es\/pw\/wp-content\/uploads\/2021\/06\/image-6.png 896w, https:\/\/www.cannabis.es\/pw\/wp-content\/uploads\/2021\/06\/image-6-300x225.png 300w, https:\/\/www.cannabis.es\/pw\/wp-content\/uploads\/2021\/06\/image-6-768x576.png 768w, https:\/\/www.cannabis.es\/pw\/wp-content\/uploads\/2021\/06\/image-6-600x450.png 600w\" sizes=\"auto, (max-width: 896px) 100vw, 896px\" \/><\/figure>\n\n\n\n<figure class=\"wp-block-image size-large\"><img loading=\"lazy\" decoding=\"async\" width=\"1024\" height=\"564\" src=\"https:\/\/www.cannabis.es\/pw\/wp-content\/uploads\/2021\/06\/image-1024x564.png\" alt=\"\" class=\"wp-image-7151\" srcset=\"https:\/\/www.cannabis.es\/pw\/wp-content\/uploads\/2021\/06\/image-1024x564.png 1024w, https:\/\/www.cannabis.es\/pw\/wp-content\/uploads\/2021\/06\/image-300x165.png 300w, https:\/\/www.cannabis.es\/pw\/wp-content\/uploads\/2021\/06\/image-768x423.png 768w, https:\/\/www.cannabis.es\/pw\/wp-content\/uploads\/2021\/06\/image-1200x661.png 1200w, https:\/\/www.cannabis.es\/pw\/wp-content\/uploads\/2021\/06\/image-600x331.png 600w, https:\/\/www.cannabis.es\/pw\/wp-content\/uploads\/2021\/06\/image.png 1522w\" sizes=\"auto, (max-width: 1024px) 100vw, 1024px\" \/><figcaption>Web de transparencia de la administraci\u00f3n en Ecuador.<\/figcaption><\/figure>\n\n\n\n<h2 class=\"wp-block-heading\">El Viceministro de Agricultura les entrega la licencia en su aniversario<\/h2>\n\n\n\n<p>\u00abEste 7 mayo cumplimos el a\u00f1o de fundaci\u00f3n como Cooperativa Ananda y armamos el show para que viniese el viceministro y subsecretario de producci\u00f3n agr\u00edcola Andr\u00e9s Luque a entregarnos en persona la licencia de reproducci\u00f3n de semillas y clones, tipo 2 de acuerdo al reglamento. Ahora somos buenos amigos porque nos peleamos muchas veces durante la elaboraci\u00f3n del reglamento. Estuvo Luque, el alcalde del pueblo, 3 de los 4 asamble\u00edstas electos [diputados por su provincia]&#8230;\u00bb.<\/p>\n\n\n\n<figure class=\"wp-block-image size-large\"><img loading=\"lazy\" decoding=\"async\" width=\"896\" height=\"672\" src=\"https:\/\/www.cannabis.es\/pw\/wp-content\/uploads\/2021\/06\/image-7.png\" alt=\"\" class=\"wp-image-7160\" srcset=\"https:\/\/www.cannabis.es\/pw\/wp-content\/uploads\/2021\/06\/image-7.png 896w, https:\/\/www.cannabis.es\/pw\/wp-content\/uploads\/2021\/06\/image-7-300x225.png 300w, https:\/\/www.cannabis.es\/pw\/wp-content\/uploads\/2021\/06\/image-7-768x576.png 768w, https:\/\/www.cannabis.es\/pw\/wp-content\/uploads\/2021\/06\/image-7-600x450.png 600w\" sizes=\"auto, (max-width: 896px) 100vw, 896px\" \/><\/figure>\n\n\n\n<h2 class=\"wp-block-heading\">Ni\u00f1os siembran su futuro<\/h2>\n\n\n\n<p>\u00abPero lo mejor de la inauguraci\u00f3n fue que tres ni\u00f1itos, dos varones gemelos de la comunidad de Chingazo Alto y una ni\u00f1a ind\u00edgena campesina de la otra comunidad con la que estamos trabajando, sembraron las primeras semillas de cannabis comunitario del pa\u00eds.<strong> Fue muy muy emocionante, se me quiebra la voz al acordarme\u00bb.<\/strong><\/p>\n\n\n\n<figure class=\"wp-block-image size-large\"><img loading=\"lazy\" decoding=\"async\" width=\"804\" height=\"532\" src=\"https:\/\/www.cannabis.es\/pw\/wp-content\/uploads\/2021\/06\/portada-ecuador.jpg\" alt=\"\" class=\"wp-image-7153\" srcset=\"https:\/\/www.cannabis.es\/pw\/wp-content\/uploads\/2021\/06\/portada-ecuador.jpg 804w, https:\/\/www.cannabis.es\/pw\/wp-content\/uploads\/2021\/06\/portada-ecuador-300x199.jpg 300w, https:\/\/www.cannabis.es\/pw\/wp-content\/uploads\/2021\/06\/portada-ecuador-768x508.jpg 768w, https:\/\/www.cannabis.es\/pw\/wp-content\/uploads\/2021\/06\/portada-ecuador-600x397.jpg 600w\" sizes=\"auto, (max-width: 804px) 100vw, 804px\" \/><figcaption>Dos ni\u00f1os gemelos de Chingazo Alto y una ni\u00f1a de una comunidad ind\u00edgena vecina siembran su futuro.<\/figcaption><\/figure>\n\n\n\n<p>\u00abSobre todo porque es muy simb\u00f3lico, ni\u00f1os sembrando marihuana: vengan y arr\u00e9stenles, vengan a meter presos a estos ni\u00f1os. Entonces fue muy muy emocionante, muy emotivo\u00bb.<\/p>\n\n\n\n<h2 class=\"wp-block-heading\">Del 1% al 10% de THC: despenalizar y vaciar las c\u00e1rceles<\/h2>\n\n\n\n<p>\u00abA los asamble\u00edstas se les entreg\u00f3 una propuesta de modificaci\u00f3n de una ley: la que dice que es el 1% el m\u00e1ximo de THC con el objetivo de que en alg\u00fan momento se puedan vaciar las c\u00e1rceles de ac\u00e1. En febrero hubo unas revueltas en las c\u00e1rceles, m\u00e1s de 70 muertos, y cosas salvajes como gente jugando a f\u00fatbol con una cabeza. Y eso es porque las <strong>c\u00e1rceles est\u00e1n dise\u00f1adas para albergar a 19.000 presos y hay m\u00e1s de 60.000<\/strong>. Entonces<strong> hicimos la propuesta Last Prisoner Project para que al modificar la ley el c\u00f3digo integral penal al 10% en lugar de al 1% ya el cannabis podr\u00eda entrar en la parte recreativa. Entonces la gente que est\u00e1 en las c\u00e1rceles tiene que salir de ah\u00ed.<\/strong> Hay un estudio del a\u00f1o 2017 aqu\u00ed en Ecuador que revela que, cuando el presidente de entonces Rafael Correa dio <strong>una amnist\u00eda a presos no violentos relacionados con drogas, a\u00f1os despu\u00e9s menos del 2% reincidieron<\/strong> en delitos. Eso implica que el resto <strong>eran consumidores o v\u00edctimas colaterales: la novia del narco, el pap\u00e1, el que prest\u00f3 la casa&#8230;<\/strong><\/p>\n\n\n\n<figure class=\"wp-block-image size-large\"><img loading=\"lazy\" decoding=\"async\" width=\"896\" height=\"672\" src=\"https:\/\/www.cannabis.es\/pw\/wp-content\/uploads\/2021\/06\/image-8.png\" alt=\"\" class=\"wp-image-7161\" srcset=\"https:\/\/www.cannabis.es\/pw\/wp-content\/uploads\/2021\/06\/image-8.png 896w, https:\/\/www.cannabis.es\/pw\/wp-content\/uploads\/2021\/06\/image-8-300x225.png 300w, https:\/\/www.cannabis.es\/pw\/wp-content\/uploads\/2021\/06\/image-8-768x576.png 768w, https:\/\/www.cannabis.es\/pw\/wp-content\/uploads\/2021\/06\/image-8-600x450.png 600w\" sizes=\"auto, (max-width: 896px) 100vw, 896px\" \/><\/figure>\n\n\n\n<h2 class=\"wp-block-heading\">Por qu\u00e9 Chingazo Alto<\/h2>\n\n\n\n<p>\u00abElegimos esta comunidad de Chingazo Alto en Cant\u00f3n Guano a 16km de mi ciudad porque hace unos a\u00f1os empezamos un trabajo de mejora de vivienda comunitaria y se arreglaban las casas con ba\u00f1os, pisos de cemento cuando antes hab\u00eda tierra, etc., y cuando incluso ellos pod\u00edan aportar algo les pon\u00edamos cer\u00e1mica en los ba\u00f1os. Se dejaba una casita limpia y decente. Se arreglaban las casa existentes. Y ah\u00ed conocimos a Marcos Hidalgo que en ese entonces era el presidente de la comunidad. Hemos hecho una buena amistad y es una persona s\u00faper din\u00e1mica. Si le digo que necesito a 45 personas para trabajar al d\u00eda siguiente, las re\u00fane. Entonces fuimos a trabajar con Marcos durante la pandemia, al centro de acopio donde est\u00e1 ahora la planta de producci\u00f3n de semillas. Serv\u00eda para acopiar comida  para la gente de ah\u00ed y ahora est\u00e1 con nuestro proyecto de cannabis\u00bb.<\/p>\n\n\n\n<figure class=\"wp-block-image size-large\"><img loading=\"lazy\" decoding=\"async\" width=\"1008\" height=\"567\" src=\"https:\/\/www.cannabis.es\/pw\/wp-content\/uploads\/2021\/06\/image-4.png\" alt=\"\" class=\"wp-image-7157\" srcset=\"https:\/\/www.cannabis.es\/pw\/wp-content\/uploads\/2021\/06\/image-4.png 1008w, https:\/\/www.cannabis.es\/pw\/wp-content\/uploads\/2021\/06\/image-4-300x169.png 300w, https:\/\/www.cannabis.es\/pw\/wp-content\/uploads\/2021\/06\/image-4-768x432.png 768w, https:\/\/www.cannabis.es\/pw\/wp-content\/uploads\/2021\/06\/image-4-600x338.png 600w\" sizes=\"auto, (max-width: 1008px) 100vw, 1008px\" \/><\/figure>\n\n\n\n\n\n\n\n<figure class=\"wp-block-image size-large\"><img loading=\"lazy\" decoding=\"async\" width=\"1008\" height=\"567\" src=\"https:\/\/www.cannabis.es\/pw\/wp-content\/uploads\/2021\/06\/image-5.png\" alt=\"\" class=\"wp-image-7158\" srcset=\"https:\/\/www.cannabis.es\/pw\/wp-content\/uploads\/2021\/06\/image-5.png 1008w, https:\/\/www.cannabis.es\/pw\/wp-content\/uploads\/2021\/06\/image-5-300x169.png 300w, https:\/\/www.cannabis.es\/pw\/wp-content\/uploads\/2021\/06\/image-5-768x432.png 768w, https:\/\/www.cannabis.es\/pw\/wp-content\/uploads\/2021\/06\/image-5-600x338.png 600w\" sizes=\"auto, (max-width: 1008px) 100vw, 1008px\" \/><\/figure>\n\n\n\n<h2 class=\"wp-block-heading\">En colaboraci\u00f3n con otra asociaci\u00f3n de agricultores que pondr\u00e1 y ostentar\u00e1 la infraestructura dentro del circuito social<\/h2>\n\n\n\n<p>Trabajan junto a la asociaci\u00f3n de productores de Guarango y frutales, ASOPROG, que se preocupa tambi\u00e9n de un desarrollo inclusivo en la zona a trav\u00e9s de la cooperativa agr\u00edcola. Su director es precisamente Hidalgo, antiguo presidente de la comunidad vecinal y ahora de la asociaci\u00f3n de agricultores. \u00abCon ella hicimos un convenio que dice que la ASOPROG se beneficia de toda la infraestructura que se pueda construir y Ananda administra el proyecto\u00bb.<\/p>\n\n\n\n<p>\u00abEntonces, todos los cambios que se hagan en el centro de acopio: Invernaderos, cercamiento de todo el per\u00edmetro, alarmas, internet, ba\u00f1os, vestidores, todo eso queda para la comunidad, mientras que la licencia la administra la cooperativa Ananda<strong>. Los beneficios se reinvierten en proyectos de desarrollo comunitario en dicha poblaci\u00f3n<\/strong>. El cannabis son millones de d\u00f3lares de negocios y nosotros necesitamos para cambiar la comunidad de la A la Z m\u00e1s o menos 100.000 d\u00f3lares al a\u00f1o durante 10 a\u00f1os. Un mill\u00f3n de d\u00f3lares. Con eso cambiamos la comunidad,<strong> logramos que al menos una persona de cada familia de la asociaci\u00f3n tenga un salario digno completo, una canasta m\u00ednima vital que aqu\u00ed en Ecuador son 711 d\u00f3lares y ya con eso la gente puede vivir dignamente. Y ya el objetivo es ese, crear una Comunidad sostenible en la que todo el mundo tenga lo m\u00ednimo, una comunidad a 300 a\u00f1os vista.<\/strong><\/p>\n\n\n\n<figure class=\"wp-block-image size-large\"><img loading=\"lazy\" decoding=\"async\" width=\"1024\" height=\"152\" src=\"https:\/\/www.cannabis.es\/pw\/wp-content\/uploads\/2021\/06\/image-9-1024x152.png\" alt=\"\" class=\"wp-image-7162\" srcset=\"https:\/\/www.cannabis.es\/pw\/wp-content\/uploads\/2021\/06\/image-9-1024x152.png 1024w, https:\/\/www.cannabis.es\/pw\/wp-content\/uploads\/2021\/06\/image-9-300x44.png 300w, https:\/\/www.cannabis.es\/pw\/wp-content\/uploads\/2021\/06\/image-9-768x114.png 768w, https:\/\/www.cannabis.es\/pw\/wp-content\/uploads\/2021\/06\/image-9-1200x178.png 1200w, https:\/\/www.cannabis.es\/pw\/wp-content\/uploads\/2021\/06\/image-9-600x89.png 600w, https:\/\/www.cannabis.es\/pw\/wp-content\/uploads\/2021\/06\/image-9.png 1243w\" sizes=\"auto, (max-width: 1024px) 100vw, 1024px\" \/><\/figure>\n\n\n\n<h2 class=\"wp-block-heading\">Biosferas frente a un crecimiento descontrolado que mira al espacio<\/h2>\n\n\n\n<p>\u00abAs\u00ed como los gringos y los chinos est\u00e1n mandando sondas rob\u00f3ticas a Marte para colonizarlo, nosotros no tenemos dinero para eso, entonces vamos a armar esas biosferas que ellos est\u00e1n planeando en marte y<strong> vamos a construir un peque\u00f1o ecosistema de biodiversidad que pueda producir su propia comida, su propia energ\u00eda y su propia medicina con plantas. Ese es el prop\u00f3sito final, crear un refugio peque\u00f1o para la humanidad en este planeta<\/strong>, ojal\u00e1 para que dure otros 300 a\u00f1os, para aguantar las pr\u00f3ximas envestidas de las pr\u00f3xima pandemia, la crisis econ\u00f3mica que se avecina, el cambio clim\u00e1tico, la p\u00e9rdida de la biodiversidad, todas estas barbaridades que vemos en las noticias y creemos que no nos afectan. Ese es el prop\u00f3sito final de la creaci\u00f3n de estas comunidades sostenibles, un refugio para el futuro de la humanidad. Yo no quiero volver a pasar una pandemia o crisis de este tipo en la ciudad con miedo de todo\u00bb.<\/p>\n\n\n\n<h2 class=\"wp-block-heading\">Sum\u00e1ndose al activismo<\/h2>\n\n\n\n<p>\u00abYo nunca hab\u00eda probado cannabis hasta los 42 a\u00f1os. Con toda la bulla que hubo con la legalizaci\u00f3n en Uruguay y luego en los estados de Colorado y Washington, me dio curiosidad y dije &#8216;algo bueno tiene que tener esto&#8217;. A trav\u00e9s de una prima consegu\u00ed un cogollo grande, para unos dos porros, y as\u00ed fum\u00e9 por primera vez a los 42 a\u00f1os. Y dije wow, esto tiene futuro. Entonces me dediqu\u00e9 a leer todo lo que pude leer, a estudiar todo lo que pude estudiar. <\/p>\n\n\n\n<p>Al mismo tiempo, mi hijo Sebast\u00edan tambi\u00e9n empez\u00f3 a fumar y es una de las mejores cosas que me he pasado, que ahora tenemos un tema en com\u00fan\u00bb, cuenta de la mejora de una relaci\u00f3n en la que no hab\u00eda comunicaci\u00f3n. \u00abAhora hablamos horas y horas del tema. Empezamos a hablar, conversar, ver qu\u00e9 pod\u00edamos hacer en el futuro y comenzamos con el activismo del cannabis. &#8216;Esto tiene que ser legal&#8217;, dec\u00edamos. Y fundamos CRIC, Consumidores Responsables e Informados de Cannabis. Con este movimiento o colectivo empezamos a hacer un poco de bulla en redes sociales, a comentar, organizar conferencias en la ciudad, etc\u00bb.<\/p>\n\n\n\n<h2 class=\"wp-block-heading\">El camino de la compasi\u00f3n<\/h2>\n\n\n\n<p>\u00abTrajimos las m\u00e1s grandes ponencias del activismo del pa\u00eds a la ciudad y conocimos a dos personas en particular: Gabriel Buit\u00f3n, que lleva fumando desde tiempos inmemoriales, y Alexis Ponce, un activista de DDHH, excoordinador de DDHH en Ecuador y exdefensor del pueblo, que tiene a sus hija y esposa en tratamiento, por par\u00e1lisis celebral y tratamiento oncol\u00f3gico respectivamente. \u00c9l nos explic\u00f3 que pese a los plantones frente a la asamblea, el camino de la legalizaci\u00f3n es el camino de la compasi\u00f3n. As\u00ed, intentamos orientar a CRIC en el camino de la regulaci\u00f3n.<\/p>\n\n\n\n<p>As\u00ed, hace dos a\u00f1os Sebasti\u00e1n y yo empezamos a hablar en serio. C\u00f3mo legalizamos a CRIC, qu\u00e9 hacemos con CRIC cu\u00e1les son los negocios que va a hacer. Y empezamos a juntarnos ya con la gente que va a hablar de regulaci\u00f3n, de las propuestas en la Asamblea Nacional; justamente con Ponce y Buit\u00f3n. Apoyamos todo eso en las mesas t\u00e9cnicas de discusi\u00f3n del Ministerio de Salud, del Ministerio de Gobierno, de la secretar\u00eda de drogas&#8230; Y empezamos a revisar reglamentos hasta que, en septiembre de 2019, sali\u00f3 la regulaci\u00f3n\u00bb.<\/p>\n\n\n\n<h2 class=\"wp-block-heading\">La regulaci\u00f3n de 2019<\/h2>\n\n\n\n<p>\u00abLa regulaci\u00f3n de 2019 quita de fiscalizaci\u00f3n toda planta de cannabis por debajo de 1% de THC y asigna la reglamentaci\u00f3n del cultivo y siembra al Ministerio de Agricultura y Ganader\u00eda. Nosotros participamos en las mesas t\u00e9cnicas que la hicieron posible. Y sali\u00f3 adelante, querr\u00edamos m\u00e1s, pero sali\u00f3, y fue muy importante para nosotros. Entonces ya solo faltaba el reglamento de ley nueva competencia del Ministerio de Agricultura.<\/p>\n\n\n\n<figure class=\"wp-block-image size-large\"><img loading=\"lazy\" decoding=\"async\" width=\"896\" height=\"672\" src=\"https:\/\/www.cannabis.es\/pw\/wp-content\/uploads\/2021\/06\/image-10.png\" alt=\"\" class=\"wp-image-7163\" srcset=\"https:\/\/www.cannabis.es\/pw\/wp-content\/uploads\/2021\/06\/image-10.png 896w, https:\/\/www.cannabis.es\/pw\/wp-content\/uploads\/2021\/06\/image-10-300x225.png 300w, https:\/\/www.cannabis.es\/pw\/wp-content\/uploads\/2021\/06\/image-10-768x576.png 768w, https:\/\/www.cannabis.es\/pw\/wp-content\/uploads\/2021\/06\/image-10-600x450.png 600w\" sizes=\"auto, (max-width: 896px) 100vw, 896px\" \/><\/figure>\n\n\n\n<h2 class=\"wp-block-heading\">Un pasado laboral en obra social<\/h2>\n\n\n\n<p>\u00abYo hab\u00eda trabajado los \u00faltimos 13 a\u00f1os antes de marzo de 2020 para una fundaci\u00f3n que hac\u00eda vivienda social y fui el director ejecutivo desde que se fund\u00f3 hasta mi salida en febrero de 2020. En septiembre de 2019 sali\u00f3 la regulaci\u00f3n y yo hice una propuesta de proyecto en la fundaci\u00f3n acerca del cannabis y no recib\u00ed el apoyo que se necesitaba. As\u00ed, como ya estaba con Sebasti\u00e1n convers\u00e1ndolo, dej\u00e9 mi trabajo y nos dedicamos a tiempo completo a esto. Vino la pandemia justo cuando daba un exposici\u00f3n el 7 de marzo. Mi hijo se qued\u00f3 un mes retenido en Per\u00fa y mientras \u00e9l estaba all\u00ed fuimos conversando y construimos la documentaci\u00f3n y con ella la cooperativa, aprobada el 7 de mayo de 2020. Como ten\u00edamos la informaci\u00f3n del reglamento, empezamos a recoger todos los documentos necesarios para tenerlo listo cuando saliesen las licencias\u00bb.<\/p>\n\n\n\n<h2 class=\"wp-block-heading\">Financiaci\u00f3n suiza para la cooperaci\u00f3n al desarrollo<\/h2>\n\n\n\n<p>\u00abRecibimos un peque\u00f1o financiamento de 13.000 d\u00f3lares de la embajada Suiza. Un amigo me dice: &#8216;suiza no se meti\u00f3 a la primera GM, ni a la II, y se mete con ud a sembrar marihuana. Se ve que Suiza no invierte en causas perdidas&#8217;, entonces es un espaldarazo que nos dio la embajada Suiza\u00bb.<\/p>\n\n\n\n<h2 class=\"wp-block-heading\">Productos<\/h2>\n\n\n\n<p>\u00abEn cuanto a los productos que vamos a vender, siempre me peleo con mi agente de marketing, porque el producto que queremos promocionar es la<strong> comunidad sostenible, ese es el producto final y el cannabis es uno de los medios para construirlo<\/strong>. Pero s\u00ed, en los productos que queremos producir, pues con la licencia que tenemos ahora podremos todo lo que es semillas y propagaci\u00f3n vegetal. Vamos a importar semillas, vamos a reproducir semillas locales dentro de la regulaci\u00f3n. Vamos a producir esquejes y clones de las plantas que saquemos y <strong>semilla para la venta al p\u00fablico<\/strong>. Eso es lo que haremos de momento con esta primera licencia. Estamos en conversaciones con organizaciones, de Uruguay, Colombia, EEUU, para que vengan ac\u00e1 unos meses a ense\u00f1arnos. <\/p>\n\n\n\n<p>Sebasti\u00e1n, mi hijo, aprendi\u00f3 mucho en EEUU, y yo soy qu\u00edmico y tengo un doctorado en ello y conozco toda la parte del procesamiento. Adem\u00e1s, como administr\u00e9 una fundaci\u00f3n durante 13 a\u00f1os una fundaci\u00f3n, ah\u00ed movilizamos 5 millones de d\u00f3lares para esta construcci\u00f3n de viviendas y tengo el manejo en personal y de administraci\u00f3n. Entonces eso son los productos que sacar\u00edamos con nuestra licencia de producci\u00f3n de semillas y clonado. <\/p>\n\n\n\n<h2 class=\"wp-block-heading\">Clonando Cannabis en el laboratorio<\/h2>\n\n\n\n<p>Tambi\u00e9n vamos a montar un laboratorio de reproducci\u00f3n de cannabis in vitro, con una producci\u00f3n que esperamos de 1000 plantas al d\u00eda. Adicionalmente a la segunda licencia que pedimos, que ser\u00e1 una licencia de <strong>producci\u00f3n de cannabis industrial<\/strong>.<\/p>\n\n\n\n<h2 class=\"wp-block-heading\">Devolver la simbiosis con la tierra: plantas medicinales y psicoactivas<\/h2>\n\n\n\n<p>\u00abEs muy interesante porque para la gente del campo las plantas son la primera fuente de curaci\u00f3n, alimentaci\u00f3n, comunicaci\u00f3n con dios, con la pachamama, con la tierra, son las plantas. La gente entendi\u00f3 muy r\u00e1pido que el cannabis puede ser una buena fuente de ingresos. Fue s\u00faper interesante la reacci\u00f3n de la gente ante el planteamiento de sembrar plantas medicinales. <\/p>\n\n\n\n<p>Aqu\u00ed en la sierra hay <strong>muchas m\u00e1s plantas medicinales <\/strong>y muchas m\u00e1s plantas narc\u00f3ticas: la t\u00edpica es el guanto, que es la brugmansia sangu\u00ednea de donde se saca escopolamina, tenemos chamico, el estramonio, de donde tambi\u00e9n se saca escopolamina, tenemos leonuris o cabeza de le\u00f3n, de donde se saca un alcaloide que tambi\u00e9n es psicoactivo, y tenemos al jefe grande de todas las plantas ente\u00f3genas de la sierra, que es el C\u00e1ctus de San Pedro, el equinposis pachano\u00ed, que contiene mescalina. <\/p>\n\n\n\n<p>Eventualmente, produciremos todas esas cosas y otras plantas de alto valor agregado como dice nuestro slogan. Ananda promueve el desarrollo de comunidades sostenibles a trav\u00e9s de la siembra y procesamiento de plantas de alto valor industrial. Adem\u00e1s del cannabis, vamos a tratar de incluir en los invernaderos vainilla, azafr\u00e1n, el aj\u00ed charapita, un ajillo peruano, cualquiera de estas especies caras. Y tratar como te digo de que todos los ingresos se reviertan en desarrollo comunitario\u00bb. Cuando alcancen los ingresos, \u00e9l tambi\u00e9n se habilitar\u00e1 una casa junto al proyecto para vivir all\u00ed, \u00aben el campo\u00bb, donde \u00abel caldo de gallina sabe mejor\u00bb.<\/p>\n\n\n\n<h2 class=\"wp-block-heading\">Ananda se ofrece a gestionar el cannabis de otras cooperativas agr\u00edcolas<\/h2>\n\n\n\n<p>\u00abAl principio quer\u00edamos reunir en la cooperativa a gente que tuviese dinero para poder reunir todo lo que hemos gastado\u00bb, unos 35.000 d\u00f3lares los ha puesto \u00e9l, m\u00e1s los 13.000 de la embajada suiza. \u00abPero no quer\u00edamos renunciar a nuestros principios por dinero, entonces si alguien quer\u00eda participar ten\u00eda que comprometerse con el proyecto. He rechazado a inversionistas que estaban pensando en el retorno de dinero. Estamos armando un esquema de negocios a modo de franquicia por si alguien quiere unirse. Entonces el m\u00e9todo ser\u00eda que ellos ser\u00edan los due\u00f1os de la infraestructura y nosotros les administramos la licencia. Y todo el beneficio se reinvierte en ellos\u00bb.<\/p>\n\n\n\n<h2 class=\"wp-block-heading\"><strong>Software abierto de trazabilidad para <\/strong>todas ellas<\/h2>\n\n\n\n<figure class=\"wp-block-image size-large\"><img loading=\"lazy\" decoding=\"async\" width=\"1008\" height=\"567\" src=\"https:\/\/www.cannabis.es\/pw\/wp-content\/uploads\/2021\/06\/image-1.png\" alt=\"\" class=\"wp-image-7154\" srcset=\"https:\/\/www.cannabis.es\/pw\/wp-content\/uploads\/2021\/06\/image-1.png 1008w, https:\/\/www.cannabis.es\/pw\/wp-content\/uploads\/2021\/06\/image-1-300x169.png 300w, https:\/\/www.cannabis.es\/pw\/wp-content\/uploads\/2021\/06\/image-1-768x432.png 768w, https:\/\/www.cannabis.es\/pw\/wp-content\/uploads\/2021\/06\/image-1-600x338.png 600w\" sizes=\"auto, (max-width: 1008px) 100vw, 1008px\" \/><\/figure>\n\n\n\n<p>Est\u00e1n creando uno de c\u00f3digo abierto para campesinos u otras cooperativas, pero que s\u00ed tendr\u00e1 un coste anual para las empresas con \u00e1nimo de lucro que quieran usarlo. En el sistema de trazabilidad, pondr\u00edan un QR en el que se ver\u00eda la familia que lo cultiva e incluso se le podr\u00eda donar. Entonces \u00abse recupera el valor del esfuerzo\u00bb y se conecta al \u00abcampesino\u00bb con \u00abla cadena de valor final\u00bb.<\/p>\n\n\n\n<h2 class=\"wp-block-heading\">Involucrando al paciente y financiando su tratamiento<\/h2>\n\n\n\n<p>\u00abEs devolver esa relaci\u00f3n entre el campo y la ciudad para volvernos un poco m\u00e1s emp\u00e1ticos con la gente que produce nuestros alimentos\u00bb. Y no solamente al campesino, al trabajador, queremos involucrar a los pacientes con una web o app donde van registrando todos los s\u00edntomas de su tratamiento con cannabis. Qu\u00e9 variedad, cu\u00e1nto tom\u00f3, cu\u00e1ntas gotas, cu\u00e1ntos gramos, cu\u00e1nto fum\u00f3, lo que sea. Efectos principales, le cur\u00f3, le pas\u00f3 el dolor, mejor\u00f3 la alimentaci\u00f3n, apetito, estado de \u00e1nimo general, toda la informaci\u00f3n que se pueda y estos datos que nos entregan se ponen en venta para estudios cl\u00ednicos con toda la seguridad de privacidad\u00bb. El dinero que pagar\u00eda una farmac\u00e9utica por el acceso a estos datos ir\u00eda directamente a pacientes para financiar sus tratamientos, que son muy caros y largos en el tiempo. \u00abIncluir al paciente no solo como el objeto final de la venta, el recipiente final, sino parte de la cadena productiva\u00bb. Lo trabajan con la Alianza para el Uso \u00c9tico de los Datos, una org de EEUU.<\/p>\n\n\n\n<h2 class=\"wp-block-heading\">La primera licencia social busca expandirse a\u00fan sin comprador<\/h2>\n\n\n\n<p>\u00abNosotros queremos producir cannabis de la mejor calidad posible para tratar de venderlo al mejor postor posible. Ha habido inter\u00e9s de un par de empresas farmac\u00e9uticas, pero no tenemos todav\u00eda un compromiso con nadie de ventas, eso es un error nuestro, pero claro, apenas llevamos 3 meses en el mercado. Nosotros somos los \u00fanicos con licencia solidaria, las dem\u00e1s son con fines de lucro. Estamos intentando abrir otra cooperativa en otro cant\u00f3n, Chambo. Y tambi\u00e9n damos charlas a otras orgs campesinas que quieren sumarse. Una de las pegas m\u00e1s grandes es que la regulaci\u00f3n exige que sea una persona jur\u00eddica entonces tienen que asociarse los campesinos.<br><br>Para cultivar, la superficie m\u00ednima es de 2h en un mismo lote o lotes vecinos, pero un solo cuerpo, y muchos campesinos no tienen esa cantidad de terreno o est\u00e1n muy dispersos o no se pueden juntar para superar los requisitos legales. Esa es una de las fallas de la regulaci\u00f3n sobre todo si quien solicita la licencia es una org campesina peque\u00f1a, y no una Sociedad An\u00f3nima\u00bb.<\/p>\n\n\n\n<h2 class=\"wp-block-heading\">Exportar a Europa y tambi\u00e9n el modelo<\/h2>\n\n\n\n<p>\u00abCuando empecemos la construcci\u00f3n de la planta de producci\u00f3n, lo haremos con todos los est\u00e1ndares internacionales. \u00abSi nuestro mercado es Europa nos traeremos las normas para armar el laboratorio para poder exportar a ese mercado. Ac\u00e1 tenemos el ejemplo de Colombia que tiene 100 millones de personas y un mercado de inversi\u00f3n que sobrepasa los 1000 millones de d\u00f3lares y yo compar\u00e1ndolo necesito 150.000 d\u00f3lares para un a\u00f1o. Entonces la \u00fanica forma es producir un cannabis de la mejor calidad posible y ofrecerlo en estos mercados alternativos org\u00e1nicos de comercio justo porque eso es lo que va a tener nuestro producto. Vamos a tener un valor social agregado adem\u00e1s del monetario. Todo el asunto de desarrollo comunitario es lo que queremos que sea el producto final. Una comunidad sostenible es el producto.<\/p>\n\n\n\n<h2 class=\"wp-block-heading\"><br><br>Necesitan 150.000$ para empezar a producir y autofinanciarse<\/h2>\n\n\n\n<p>\u00abAhora mismo nos hemos tomado un descanso despu\u00e9s de la inauguraci\u00f3n del 7 de mayo. Aqu\u00ed en el imperio Inca, que iba desde el sur de Colombia hasta Argentina, exist\u00eda el Camino del Inca, donde los chasquis, los mensajeros, eran capaces de hacer el camino entre Cuzco y Quito en dos semanas los 2000km. Estos chasquis adem\u00e1s de correr sab\u00edan leer y escribir adem\u00e1s de correr y llevaban las noticias y eran los sabios y corr\u00edan de posta en posta, que se llamaba tambos. El corredor pasaba el testigo al siguiente y se quedaba recuper\u00e1ndose, aprendiendo del lugar y contando historias de donde ven\u00eda. Ese descanso se llama en quichua samay, el descanso del sabio para recuperar fuerzas. Nos hemos tomado un samay para presentar un buen proyecto de negocios a inversionistas. El proyecto total, tiene un costo de 3.5 millones de d\u00f3lares en 5 a\u00f1os. Para este a\u00f1o necesitamos 150.000 d\u00f3lares, con el que terminan la infraestructura de laboratorios, invernaderos y laboratorio de semillas, y podr\u00edan empezar a producir, y el resto de dinero ser\u00eda necesario en el futuro para los salarios y la mejora local\u00bb.<\/p>\n\n\n\n<h2 class=\"wp-block-heading\">Proyecto ecol\u00f3gico municipal: pl\u00e1stico por c\u00e1\u00f1amo<\/h2>\n\n\n\n<p>Junto al Cant\u00f3n, la unidad municipal que todav\u00eda podr\u00eda tener \u00abparroquias\u00bb interiores, quieren que su alcalde les facilite desarrollar \u00abun programa de econom\u00eda circular donde sobre todo haya reducci\u00f3n de deshechos\u00bb. \u00abPrimero deshechos de construcci\u00f3n, lo m\u00e1s grande que llena los basureros y luego una planta de producci\u00f3n de papel y biopl\u00e1sticos de c\u00e1\u00f1amo para reducir todos los pl\u00e1sticos de un solo uso a materiales biodegradables. Estamos trabajando en una estrategia de cooperaci\u00f3n con la alcald\u00eda. Queremos sacar una licencia de producci\u00f3n de flor, porque la que tenemos ahora solos nos permite semillas y biomasa, y una licencia de procesamiento y con eso tendr\u00edamos toda la cadena de valor, desde la semilla hasta el aceite final que es lo que considera la regulaci\u00f3n como producto terminado\u00bb.<\/p>\n\n\n\n<h2 class=\"wp-block-heading\">Dinamizar localidades con econom\u00eda circular cercana<\/h2>\n\n\n\n<p>\u00abY queremos involucrar a las familias de las comunidades alrededor del proyecto, porque lo que queremos tambi\u00e9n es que todos nuestros proveedores posibles sean proveedores locales. Entonces vamos a hacer uniformes encargados a una familia local, otra puede proveer de alimentaci\u00f3n, otra de macetas de fibra textil para la siembra, otra a la producci\u00f3n de sustratos y nutrientes para las plantas. No solo trata de sembrar cannabis, sino que hay toda una serie de actividades alrededor de la producci\u00f3n del cannabis con las que se puede involucrar a las familias de las comunidades cercanas\u00bb.<\/p>\n\n\n\n<h2 class=\"wp-block-heading\">Una situaci\u00f3n dram\u00e1tica por el Covid<\/h2>\n\n\n\n<p>\u00abEstamos en una crisis terrible. Unos ni\u00f1os se quedaron hu\u00e9rfanos porque toda su familia falleci\u00f3 por Covid, una anciana ciega y sorda que sus dos hijos que le cuidaban murieron por covid y qued\u00f3 solo con el yerno. Unas cosas que dices d\u00f3nde est\u00e1n los 200 a\u00f1os de independencia, los 200 de democracia que estamos aqu\u00ed\u00bb.<br><br>Retoma el esquema de franquicias, que \u00ablo trataremos de manejar diferenciadamente para orgs sin fines de lucro y personas naturales con fines de lucro\u00bb. El software de trazabilidad porque \u00abes obligatorio para todos los licenciatarios\u00bb y as\u00ed dar\u00e1n acceso a \u00e9l a los agricultores. Y hacer lobby para THC al 10% y la aclaraci\u00f3n del c\u00f3digo penal. \u00abQueremos saber el autocultivo que se autoriza, concretamente cu\u00e1ntas plantas, y que se vac\u00eden acorde a ello las c\u00e1rceles de forma retroactiva\u00bb.<\/p>\n\n\n\n<h2 class=\"wp-block-heading\">A\u00fan sin multinacionales produciendo<\/h2>\n\n\n\n<p>Nos comenta que, pese a ser la \u00fanica empresa social licenciada, el resto a\u00fan son peque\u00f1as y el tejido productivo de momento no se caracterizar\u00e1 por el dominio de grandes capitales extranjeros. \u00abTodav\u00eda no vienen los grandes jugadores\u00bb.<\/p>\n\n\n\n\n","protected":false},"excerpt":{"rendered":"<span class=\"span-reading-time rt-reading-time\" style=\"display: block;\"><span class=\"rt-label rt-prefix\">Tiempo de lectura:<\/span> <span class=\"rt-time\"> 14<\/span> <span class=\"rt-label rt-postfix\">minutos<\/span><\/span>Arnau Alcaide Tras la regulaci\u00f3n de la producci\u00f3n de la Cannabis por debajo del 1% de THC para fines m\u00e9dicos, que vino acompa\u00f1ada de las despenalizaci\u00f3n sin sanci\u00f3n y la legalidad del autocultivo, Ecuador ha entregado su primera licencia social de producci\u00f3n de cannabis, al t\u00e9rmino del proceso p\u00fablico de concurso. Ha sido a la [&hellip;]","protected":false},"author":3,"featured_media":7153,"comment_status":"closed","ping_status":"closed","sticky":false,"template":"","format":"standard","meta":{"loftocean-featured-post":"","loftocean_post_format_gallery":"","loftocean_post_format_gallery_ids":"","loftocean_post_format_gallery_urls":"","loftocean_post_format_video_id":"","loftocean_post_format_video_url":"","loftocean_post_format_video_type":"","loftocean_post_format_video":"","loftocean_post_format_audio_type":"","loftocean_post_format_audio_url":"","loftocean_post_format_audio_id":"","loftocean_post_format_audio":"","loftocean_post_format_quote_text":"","loftocean_post_format_quote_byline":"","loftocean_post_format_link_text":"","loftocean_post_format_link_url":"","ceramag_post_header_style":"","ceramag_enable_background_video":"","ceramag_show_in_top_slider":"","ceramag_post_background_video_start":"","ceramag_post_background_video_end":"","loftocean_page_background_video_id":"","loftocean_page_background_video_url":"","loftocean_page_background_video_type":"","loftocean_page_background_video":"","ceramag_background_video_start":"","ceramag_background_video_end":"","ceramag_single_page_hide_header":"","footnotes":""},"categories":[33,35],"tags":[540,41],"class_list":["post-7150","post","type-post","status-publish","format-standard","has-post-thumbnail","hentry","category-entrevistas","category-politica-y-sociedad","tag-arnau-alcaide","tag-cannabis"],"yoast_head":"<!-- This site is optimized with the Yoast SEO plugin v24.9 - https:\/\/yoast.com\/wordpress\/plugins\/seo\/ -->\n<title>La cooperativa Ananda obtiene la primera licencia social de Ecuador<\/title>\n<meta name=\"description\" content=\"Entrada &#8226; Portal multimedia sobre cannabis y otras sustancias &#8226; 4 junio, 2021\" \/>\n<meta name=\"robots\" content=\"index, follow, max-snippet:-1, max-image-preview:large, max-video-preview:-1\" \/>\n<link rel=\"canonical\" href=\"https:\/\/www.cannabis.es\/pw\/2021\/06\/04\/la-cooperativa-ananda-obtiene-la-primera-licencia-social-de-ecuador\/\" \/>\n<meta name=\"twitter:card\" content=\"summary_large_image\" \/>\n<meta name=\"twitter:title\" content=\"La cooperativa Ananda obtiene la primera licencia social de Ecuador\" \/>\n<meta name=\"twitter:description\" content=\"Entrada &#8226; Portal multimedia sobre cannabis y otras sustancias &#8226; 4 junio, 2021\" \/>\n<meta name=\"twitter:image\" content=\"https:\/\/www.cannabis.es\/pw\/wp-content\/uploads\/2021\/06\/portada-ecuador.jpg\" \/>\n<meta name=\"twitter:creator\" content=\"@cannabis_es\" \/>\n<meta name=\"twitter:site\" content=\"@cannabis_es\" \/>\n<meta name=\"twitter:label1\" content=\"Escrito por\" \/>\n\t<meta name=\"twitter:data1\" content=\"Cannabis.es\" \/>\n\t<meta name=\"twitter:label2\" content=\"Tiempo de lectura\" \/>\n\t<meta name=\"twitter:data2\" content=\"21 minutos\" \/>\n<script type=\"application\/ld+json\" class=\"yoast-schema-graph\">{\"@context\":\"https:\/\/schema.org\",\"@graph\":[{\"@type\":\"Article\",\"@id\":\"https:\/\/www.cannabis.es\/pw\/2021\/06\/04\/la-cooperativa-ananda-obtiene-la-primera-licencia-social-de-ecuador\/#article\",\"isPartOf\":{\"@id\":\"https:\/\/www.cannabis.es\/pw\/2021\/06\/04\/la-cooperativa-ananda-obtiene-la-primera-licencia-social-de-ecuador\/\"},\"author\":{\"name\":\"Cannabis.es\",\"@id\":\"https:\/\/www.cannabis.es\/pw\/#\/schema\/person\/ec770c03f3e99d770687f537f4ba1e89\"},\"headline\":\"La cooperativa Ananda obtiene la primera licencia social de Ecuador\",\"datePublished\":\"2021-06-04T12:10:31+00:00\",\"dateModified\":\"2021-06-09T09:43:06+00:00\",\"mainEntityOfPage\":{\"@id\":\"https:\/\/www.cannabis.es\/pw\/2021\/06\/04\/la-cooperativa-ananda-obtiene-la-primera-licencia-social-de-ecuador\/\"},\"wordCount\":4375,\"publisher\":{\"@id\":\"https:\/\/www.cannabis.es\/pw\/#organization\"},\"image\":{\"@id\":\"https:\/\/www.cannabis.es\/pw\/2021\/06\/04\/la-cooperativa-ananda-obtiene-la-primera-licencia-social-de-ecuador\/#primaryimage\"},\"thumbnailUrl\":\"https:\/\/www.cannabis.es\/pw\/wp-content\/uploads\/2021\/06\/portada-ecuador.jpg\",\"keywords\":[\"Arnau Alcaide\",\"cannabis\"],\"articleSection\":[\"Entrevistas\",\"Pol\u00edtica y Sociedad\"],\"inLanguage\":\"es\"},{\"@type\":\"WebPage\",\"@id\":\"https:\/\/www.cannabis.es\/pw\/2021\/06\/04\/la-cooperativa-ananda-obtiene-la-primera-licencia-social-de-ecuador\/\",\"url\":\"https:\/\/www.cannabis.es\/pw\/2021\/06\/04\/la-cooperativa-ananda-obtiene-la-primera-licencia-social-de-ecuador\/\",\"name\":\"La cooperativa Ananda obtiene la primera licencia social de Ecuador\",\"isPartOf\":{\"@id\":\"https:\/\/www.cannabis.es\/pw\/#website\"},\"primaryImageOfPage\":{\"@id\":\"https:\/\/www.cannabis.es\/pw\/2021\/06\/04\/la-cooperativa-ananda-obtiene-la-primera-licencia-social-de-ecuador\/#primaryimage\"},\"image\":{\"@id\":\"https:\/\/www.cannabis.es\/pw\/2021\/06\/04\/la-cooperativa-ananda-obtiene-la-primera-licencia-social-de-ecuador\/#primaryimage\"},\"thumbnailUrl\":\"https:\/\/www.cannabis.es\/pw\/wp-content\/uploads\/2021\/06\/portada-ecuador.jpg\",\"datePublished\":\"2021-06-04T12:10:31+00:00\",\"dateModified\":\"2021-06-09T09:43:06+00:00\",\"description\":\"Entrada &#8226; Portal multimedia sobre cannabis y otras sustancias &#8226; 4 junio, 2021\",\"breadcrumb\":{\"@id\":\"https:\/\/www.cannabis.es\/pw\/2021\/06\/04\/la-cooperativa-ananda-obtiene-la-primera-licencia-social-de-ecuador\/#breadcrumb\"},\"inLanguage\":\"es\",\"potentialAction\":[{\"@type\":\"ReadAction\",\"target\":[\"https:\/\/www.cannabis.es\/pw\/2021\/06\/04\/la-cooperativa-ananda-obtiene-la-primera-licencia-social-de-ecuador\/\"]}]},{\"@type\":\"ImageObject\",\"inLanguage\":\"es\",\"@id\":\"https:\/\/www.cannabis.es\/pw\/2021\/06\/04\/la-cooperativa-ananda-obtiene-la-primera-licencia-social-de-ecuador\/#primaryimage\",\"url\":\"https:\/\/www.cannabis.es\/pw\/wp-content\/uploads\/2021\/06\/portada-ecuador.jpg\",\"contentUrl\":\"https:\/\/www.cannabis.es\/pw\/wp-content\/uploads\/2021\/06\/portada-ecuador.jpg\",\"width\":804,\"height\":532},{\"@type\":\"BreadcrumbList\",\"@id\":\"https:\/\/www.cannabis.es\/pw\/2021\/06\/04\/la-cooperativa-ananda-obtiene-la-primera-licencia-social-de-ecuador\/#breadcrumb\",\"itemListElement\":[{\"@type\":\"ListItem\",\"position\":1,\"name\":\"Portada\",\"item\":\"http:\/\/www.cannabis.es\/pw\/\"},{\"@type\":\"ListItem\",\"position\":2,\"name\":\"La cooperativa Ananda obtiene la primera licencia social de Ecuador\"}]},{\"@type\":\"WebSite\",\"@id\":\"https:\/\/www.cannabis.es\/pw\/#website\",\"url\":\"https:\/\/www.cannabis.es\/pw\/\",\"name\":\"Cannabis\",\"description\":\"Portal multimedia sobre cannabis y otras sustancias\",\"publisher\":{\"@id\":\"https:\/\/www.cannabis.es\/pw\/#organization\"},\"potentialAction\":[{\"@type\":\"SearchAction\",\"target\":{\"@type\":\"EntryPoint\",\"urlTemplate\":\"https:\/\/www.cannabis.es\/pw\/?s={search_term_string}\"},\"query-input\":{\"@type\":\"PropertyValueSpecification\",\"valueRequired\":true,\"valueName\":\"search_term_string\"}}],\"inLanguage\":\"es\"},{\"@type\":\"Organization\",\"@id\":\"https:\/\/www.cannabis.es\/pw\/#organization\",\"name\":\"Cannabis.es\",\"url\":\"https:\/\/www.cannabis.es\/pw\/\",\"logo\":{\"@type\":\"ImageObject\",\"inLanguage\":\"es\",\"@id\":\"https:\/\/www.cannabis.es\/pw\/#\/schema\/logo\/image\/\",\"url\":\"https:\/\/www.cannabis.es\/pw\/wp-content\/uploads\/2019\/04\/cropped-logo_cannabis.png\",\"contentUrl\":\"https:\/\/www.cannabis.es\/pw\/wp-content\/uploads\/2019\/04\/cropped-logo_cannabis.png\",\"width\":361,\"height\":120,\"caption\":\"Cannabis.es\"},\"image\":{\"@id\":\"https:\/\/www.cannabis.es\/pw\/#\/schema\/logo\/image\/\"},\"sameAs\":[\"https:\/\/x.com\/cannabis_es\"]},{\"@type\":\"Person\",\"@id\":\"https:\/\/www.cannabis.es\/pw\/#\/schema\/person\/ec770c03f3e99d770687f537f4ba1e89\",\"name\":\"Cannabis.es\",\"image\":{\"@type\":\"ImageObject\",\"inLanguage\":\"es\",\"@id\":\"https:\/\/www.cannabis.es\/pw\/#\/schema\/person\/image\/\",\"url\":\"https:\/\/secure.gravatar.com\/avatar\/810c93a3d6fadc3d9c2665b1d919a4aedea8ed4dd63689d001e985a804e90d83?s=96&d=mm&r=g\",\"contentUrl\":\"https:\/\/secure.gravatar.com\/avatar\/810c93a3d6fadc3d9c2665b1d919a4aedea8ed4dd63689d001e985a804e90d83?s=96&d=mm&r=g\",\"caption\":\"Cannabis.es\"},\"url\":\"https:\/\/www.cannabis.es\/pw\/author\/arnau\/\"}]}<\/script>\n<!-- \/ Yoast SEO plugin. -->","yoast_head_json":{"title":"La cooperativa Ananda obtiene la primera licencia social de Ecuador","description":"Entrada &#8226; Portal multimedia sobre cannabis y otras sustancias &#8226; 4 junio, 2021","robots":{"index":"index","follow":"follow","max-snippet":"max-snippet:-1","max-image-preview":"max-image-preview:large","max-video-preview":"max-video-preview:-1"},"canonical":"https:\/\/www.cannabis.es\/pw\/2021\/06\/04\/la-cooperativa-ananda-obtiene-la-primera-licencia-social-de-ecuador\/","twitter_card":"summary_large_image","twitter_title":"La cooperativa Ananda obtiene la primera licencia social de Ecuador","twitter_description":"Entrada &#8226; Portal multimedia sobre cannabis y otras sustancias &#8226; 4 junio, 2021","twitter_image":"https:\/\/www.cannabis.es\/pw\/wp-content\/uploads\/2021\/06\/portada-ecuador.jpg","twitter_creator":"@cannabis_es","twitter_site":"@cannabis_es","twitter_misc":{"Escrito por":"Cannabis.es","Tiempo de lectura":"21 minutos"},"schema":{"@context":"https:\/\/schema.org","@graph":[{"@type":"Article","@id":"https:\/\/www.cannabis.es\/pw\/2021\/06\/04\/la-cooperativa-ananda-obtiene-la-primera-licencia-social-de-ecuador\/#article","isPartOf":{"@id":"https:\/\/www.cannabis.es\/pw\/2021\/06\/04\/la-cooperativa-ananda-obtiene-la-primera-licencia-social-de-ecuador\/"},"author":{"name":"Cannabis.es","@id":"https:\/\/www.cannabis.es\/pw\/#\/schema\/person\/ec770c03f3e99d770687f537f4ba1e89"},"headline":"La cooperativa Ananda obtiene la primera licencia social de Ecuador","datePublished":"2021-06-04T12:10:31+00:00","dateModified":"2021-06-09T09:43:06+00:00","mainEntityOfPage":{"@id":"https:\/\/www.cannabis.es\/pw\/2021\/06\/04\/la-cooperativa-ananda-obtiene-la-primera-licencia-social-de-ecuador\/"},"wordCount":4375,"publisher":{"@id":"https:\/\/www.cannabis.es\/pw\/#organization"},"image":{"@id":"https:\/\/www.cannabis.es\/pw\/2021\/06\/04\/la-cooperativa-ananda-obtiene-la-primera-licencia-social-de-ecuador\/#primaryimage"},"thumbnailUrl":"https:\/\/www.cannabis.es\/pw\/wp-content\/uploads\/2021\/06\/portada-ecuador.jpg","keywords":["Arnau Alcaide","cannabis"],"articleSection":["Entrevistas","Pol\u00edtica y Sociedad"],"inLanguage":"es"},{"@type":"WebPage","@id":"https:\/\/www.cannabis.es\/pw\/2021\/06\/04\/la-cooperativa-ananda-obtiene-la-primera-licencia-social-de-ecuador\/","url":"https:\/\/www.cannabis.es\/pw\/2021\/06\/04\/la-cooperativa-ananda-obtiene-la-primera-licencia-social-de-ecuador\/","name":"La cooperativa Ananda obtiene la primera licencia social de Ecuador","isPartOf":{"@id":"https:\/\/www.cannabis.es\/pw\/#website"},"primaryImageOfPage":{"@id":"https:\/\/www.cannabis.es\/pw\/2021\/06\/04\/la-cooperativa-ananda-obtiene-la-primera-licencia-social-de-ecuador\/#primaryimage"},"image":{"@id":"https:\/\/www.cannabis.es\/pw\/2021\/06\/04\/la-cooperativa-ananda-obtiene-la-primera-licencia-social-de-ecuador\/#primaryimage"},"thumbnailUrl":"https:\/\/www.cannabis.es\/pw\/wp-content\/uploads\/2021\/06\/portada-ecuador.jpg","datePublished":"2021-06-04T12:10:31+00:00","dateModified":"2021-06-09T09:43:06+00:00","description":"Entrada &#8226; Portal multimedia sobre cannabis y otras sustancias &#8226; 4 junio, 2021","breadcrumb":{"@id":"https:\/\/www.cannabis.es\/pw\/2021\/06\/04\/la-cooperativa-ananda-obtiene-la-primera-licencia-social-de-ecuador\/#breadcrumb"},"inLanguage":"es","potentialAction":[{"@type":"ReadAction","target":["https:\/\/www.cannabis.es\/pw\/2021\/06\/04\/la-cooperativa-ananda-obtiene-la-primera-licencia-social-de-ecuador\/"]}]},{"@type":"ImageObject","inLanguage":"es","@id":"https:\/\/www.cannabis.es\/pw\/2021\/06\/04\/la-cooperativa-ananda-obtiene-la-primera-licencia-social-de-ecuador\/#primaryimage","url":"https:\/\/www.cannabis.es\/pw\/wp-content\/uploads\/2021\/06\/portada-ecuador.jpg","contentUrl":"https:\/\/www.cannabis.es\/pw\/wp-content\/uploads\/2021\/06\/portada-ecuador.jpg","width":804,"height":532},{"@type":"BreadcrumbList","@id":"https:\/\/www.cannabis.es\/pw\/2021\/06\/04\/la-cooperativa-ananda-obtiene-la-primera-licencia-social-de-ecuador\/#breadcrumb","itemListElement":[{"@type":"ListItem","position":1,"name":"Portada","item":"http:\/\/www.cannabis.es\/pw\/"},{"@type":"ListItem","position":2,"name":"La cooperativa Ananda obtiene la primera licencia social de Ecuador"}]},{"@type":"WebSite","@id":"https:\/\/www.cannabis.es\/pw\/#website","url":"https:\/\/www.cannabis.es\/pw\/","name":"Cannabis","description":"Portal multimedia sobre cannabis y otras sustancias","publisher":{"@id":"https:\/\/www.cannabis.es\/pw\/#organization"},"potentialAction":[{"@type":"SearchAction","target":{"@type":"EntryPoint","urlTemplate":"https:\/\/www.cannabis.es\/pw\/?s={search_term_string}"},"query-input":{"@type":"PropertyValueSpecification","valueRequired":true,"valueName":"search_term_string"}}],"inLanguage":"es"},{"@type":"Organization","@id":"https:\/\/www.cannabis.es\/pw\/#organization","name":"Cannabis.es","url":"https:\/\/www.cannabis.es\/pw\/","logo":{"@type":"ImageObject","inLanguage":"es","@id":"https:\/\/www.cannabis.es\/pw\/#\/schema\/logo\/image\/","url":"https:\/\/www.cannabis.es\/pw\/wp-content\/uploads\/2019\/04\/cropped-logo_cannabis.png","contentUrl":"https:\/\/www.cannabis.es\/pw\/wp-content\/uploads\/2019\/04\/cropped-logo_cannabis.png","width":361,"height":120,"caption":"Cannabis.es"},"image":{"@id":"https:\/\/www.cannabis.es\/pw\/#\/schema\/logo\/image\/"},"sameAs":["https:\/\/x.com\/cannabis_es"]},{"@type":"Person","@id":"https:\/\/www.cannabis.es\/pw\/#\/schema\/person\/ec770c03f3e99d770687f537f4ba1e89","name":"Cannabis.es","image":{"@type":"ImageObject","inLanguage":"es","@id":"https:\/\/www.cannabis.es\/pw\/#\/schema\/person\/image\/","url":"https:\/\/secure.gravatar.com\/avatar\/810c93a3d6fadc3d9c2665b1d919a4aedea8ed4dd63689d001e985a804e90d83?s=96&d=mm&r=g","contentUrl":"https:\/\/secure.gravatar.com\/avatar\/810c93a3d6fadc3d9c2665b1d919a4aedea8ed4dd63689d001e985a804e90d83?s=96&d=mm&r=g","caption":"Cannabis.es"},"url":"https:\/\/www.cannabis.es\/pw\/author\/arnau\/"}]}},"_links":{"self":[{"href":"https:\/\/www.cannabis.es\/pw\/wp-json\/wp\/v2\/posts\/7150","targetHints":{"allow":["GET"]}}],"collection":[{"href":"https:\/\/www.cannabis.es\/pw\/wp-json\/wp\/v2\/posts"}],"about":[{"href":"https:\/\/www.cannabis.es\/pw\/wp-json\/wp\/v2\/types\/post"}],"author":[{"embeddable":true,"href":"https:\/\/www.cannabis.es\/pw\/wp-json\/wp\/v2\/users\/3"}],"replies":[{"embeddable":true,"href":"https:\/\/www.cannabis.es\/pw\/wp-json\/wp\/v2\/comments?post=7150"}],"version-history":[{"count":5,"href":"https:\/\/www.cannabis.es\/pw\/wp-json\/wp\/v2\/posts\/7150\/revisions"}],"predecessor-version":[{"id":7173,"href":"https:\/\/www.cannabis.es\/pw\/wp-json\/wp\/v2\/posts\/7150\/revisions\/7173"}],"wp:featuredmedia":[{"embeddable":true,"href":"https:\/\/www.cannabis.es\/pw\/wp-json\/wp\/v2\/media\/7153"}],"wp:attachment":[{"href":"https:\/\/www.cannabis.es\/pw\/wp-json\/wp\/v2\/media?parent=7150"}],"wp:term":[{"taxonomy":"category","embeddable":true,"href":"https:\/\/www.cannabis.es\/pw\/wp-json\/wp\/v2\/categories?post=7150"},{"taxonomy":"post_tag","embeddable":true,"href":"https:\/\/www.cannabis.es\/pw\/wp-json\/wp\/v2\/tags?post=7150"}],"curies":[{"name":"wp","href":"https:\/\/api.w.org\/{rel}","templated":true}]}}