{"id":7184,"date":"2021-06-11T12:55:30","date_gmt":"2021-06-11T10:55:30","guid":{"rendered":"https:\/\/www.cannabis.es\/pw\/?p=7184"},"modified":"2021-06-11T15:52:25","modified_gmt":"2021-06-11T13:52:25","slug":"el-congreso-aprueba-iniciar-el-estudio-regulatorio-del-cannabis-medicinal","status":"publish","type":"post","link":"https:\/\/www.cannabis.es\/pw\/2021\/06\/11\/el-congreso-aprueba-iniciar-el-estudio-regulatorio-del-cannabis-medicinal\/","title":{"rendered":"El Congreso aprueba iniciar el estudio regulatorio del cannabis medicinal"},"content":{"rendered":"\n<p>Arnau Alcaide<\/p>\n\n\n\n<p>Ayer jueves por la tarde tuvo lugar la sesi\u00f3n plenaria del Congreso de los Diputados en la que se votar\u00eda por primera vez el estudio por los canales de la pol\u00edtica estatal de la regulaci\u00f3n de la Cannabis para uso medicinal, actualmente disponible solamente por la v\u00eda del f\u00e1rmaco de elevado coste y <a href=\"https:\/\/www.cannabis.es\/pw\/2021\/04\/21\/documental-sobre-juanma-marihuana-para-vivir-el-autocultivo-me-da-la-dignidad\/\">penada y\/o sancionada cuando se usa natural.<\/a>  Un castigo a pacientes a la vez que no hay garant\u00edas de que toda la producci\u00f3n licenciada por la Agencia del Medicamento se destine al procesamiento farmac\u00e9utico en otros pa\u00edses y no a productos naturales. Con esto, el Congreso delegar\u00e1 en un grupo reducido que elaborar\u00e1 un informe a partir de las regulaciones de otros pa\u00edses a ser tenido en cuenta para la futura regulaci\u00f3n espa\u00f1ola.<\/p>\n\n\n\n<figure class=\"wp-block-image size-large\"><img loading=\"lazy\" decoding=\"async\" width=\"804\" height=\"532\" src=\"https:\/\/www.cannabis.es\/pw\/wp-content\/uploads\/2021\/06\/image-11.png\" alt=\"\" class=\"wp-image-7185\" srcset=\"https:\/\/www.cannabis.es\/pw\/wp-content\/uploads\/2021\/06\/image-11.png 804w, https:\/\/www.cannabis.es\/pw\/wp-content\/uploads\/2021\/06\/image-11-300x199.png 300w, https:\/\/www.cannabis.es\/pw\/wp-content\/uploads\/2021\/06\/image-11-768x508.png 768w, https:\/\/www.cannabis.es\/pw\/wp-content\/uploads\/2021\/06\/image-11-600x397.png 600w\" sizes=\"auto, (max-width: 804px) 100vw, 804px\" \/><\/figure>\n\n\n\n<p>\u00ab<a href=\"https:\/\/youtu.be\/wP3imupoYDQ?t=21509\">Pasamos al \u00faltimo punto<\/a> del orden del d\u00eda relativo a la propuesta de la Comisi\u00f3n de Sanidad y Consumo de creaci\u00f3n de una subcomisi\u00f3n al objeto de analizar experiencias de regulaci\u00f3n del cannabis para uso medicinal. Esta propuesta se somete al pleno sin debate previo. La votaci\u00f3n correspondiente a este punto tendr\u00e1 lugar junto al resto de las votaciones, que se producir\u00e1 en tres minutos\u00bb, introduc\u00eda la Presidenta, Meritxell Batet.<\/p>\n\n\n\n<figure class=\"wp-block-embed is-type-video is-provider-youtube wp-block-embed-youtube wp-embed-aspect-16-9 wp-has-aspect-ratio\"><div class=\"wp-block-embed__wrapper\">\n<iframe loading=\"lazy\" title=\"Sesi\u00f3n Plenaria (10\/06\/2021)\" width=\"1200\" height=\"675\" src=\"https:\/\/www.youtube.com\/embed\/wP3imupoYDQ?start=22463&#038;feature=oembed\" frameborder=\"0\" allow=\"accelerometer; autoplay; clipboard-write; encrypted-media; gyroscope; picture-in-picture\" allowfullscreen><\/iframe>\n<\/div><figcaption>Momento de la votaci\u00f3n<\/figcaption><\/figure>\n\n\n\n<p>Con 60 votos a favor y 39 en contra, estos \u00faltimos pertenecientes a PP y VOX, se vot\u00f3 a favor de crear la subcomisi\u00f3n <a href=\"https:\/\/www.cannabis.es\/pw\/2020\/09\/18\/no-habra-cannabis-terapeutico-esta-legislatura\/\">por la que abog\u00f3 en su momento el grupo parlamentario EAJ-PNV<\/a>. Por delante, el desaf\u00edo para grupos como el <a href=\"https:\/\/www.cannabis.es\/pw\/2021\/06\/01\/daniel-viondi-psoe-vamos-a-ver-quien-es-paciente-y-quien-dice-serlo-para-fumar\/\">Socialista, cuyo portavoz Daniel Viondi ya nos expresaba sus amplias reservas por el cannabis natural o herbal<\/a>, contrasta con la predisposici\u00f3n de otros grupos a dar varios accesos y seguridad legal a pacientes, como mediante el autocultivo o <a href=\"https:\/\/www.cannabis.es\/pw\/2021\/05\/11\/unidas-podemos-presenta-su-modelo-para-asociaciones-cannabicas\/\">las asociaciones cann\u00e1bicas<\/a>, las v\u00edas <a href=\"https:\/\/www.cannabis.es\/pw\/2021\/05\/24\/catfac-y-el-ayuntamiento-de-barcelona-buscan-soluciones-para-las-asociaciones-cannabicas\/\">ya actualmente en uso<\/a>, sin que eso act\u00fae en perjuicio de la incorporaci\u00f3n de nuevos medicamentos,<a href=\"https:\/\/www.cannabis.es\/pw\/2019\/11\/25\/un-unico-paciente-de-los-358-000-no-tratados-con-cannabis-pierde-de-media-en-calidad-de-vida-el-coste-de-una-investigacion\/\"> investigaci\u00f3n<\/a> o preparados naturales de calidad farmacol\u00f3gica por su preciso control de las concentraciones, pues pueden disponer de m\u00e1s medios que <a href=\"https:\/\/www.cannabis.es\/pw\/2019\/01\/28\/la-ayuda-perseguida-entrevista-a-javier-miravete-sobre-la-atencion-medicinal\/\">una asociaci\u00f3n con servicio terap\u00e9utico<\/a>.<\/p>\n\n\n\n<p>En este sentido, las portavoces de <a href=\"https:\/\/www.cannabis.es\/pw\/2020\/10\/07\/lucia-munoz-portavoz-de-la-comision-de-adicciones-en-el-congreso-ojala-tengamos-regulacion-integral-al-final-de-la-legislatura\/\">Unidas Podemos<\/a>, <a href=\"https:\/\/www.cannabis.es\/pw\/2021\/01\/13\/rosique-erc-tendria-que-ser-el-gobierno-mas-favorable-habido\/\">Esquerra Republicana<\/a> y <a href=\"https:\/\/www.cannabis.es\/pw\/2020\/12\/17\/jorge-moruno-de-mas-madrid-es-un-momento-idoneo-para-regular-el-cannabis-pues-se-aproxima-una-crisis-economica-y-social\/\">M\u00e1s Pa\u00eds<\/a> abogan claramente por una regulaci\u00f3n integral, lo m\u00e1s garantista para el uso natural, y el <a href=\"https:\/\/www.cannabis.es\/pw\/2021\/04\/23\/josune-gorospe-eaj-pnv-nuestros-discursos-defendieron-la-regulacion-integral-del-cannabis\/\">Partido Nacionalista Vasco<\/a> no se cierra al debate y aboga por la viabilidad de las asociaciones cann\u00e1bicas, <a href=\"https:\/\/www.cannabis.es\/pw\/2020\/05\/28\/salud-vasca-en-desarrollo-de-un-reglamento-legal-aprueba-reabrir-las-asociaciones\/\">que de hecho tienen encaje en Ley de Adicciones Vasca<\/a>. No obstante, avanzar es tambi\u00e9n reconocer su labor pionera en servicio de cannabis medicinal: donde el Estado no pudo garantizar el derecho a la salud de parte de sus ciudadanos, sino que lo empeor\u00f3 con la imposici\u00f3n de alternativas m\u00e1s perjudiciales, como revela la<a href=\"https:\/\/www.cannabis.es\/pw\/2021\/04\/14\/la-encuesta-oeda-covid-2020-revela-un-descenso-del-consumo-de-alcohol-tabaco-y-cannabis\/\"> actual crisis mundial de los opi\u00e1ceos<\/a>, las asociaciones cann\u00e1bicas dieron el servicio a la vez que se arriesgaban a ser condenadas.<\/p>\n\n\n\n<figure class=\"wp-block-embed is-type-video is-provider-youtube wp-block-embed-youtube wp-embed-aspect-16-9 wp-has-aspect-ratio\"><div class=\"wp-block-embed__wrapper\">\n<iframe loading=\"lazy\" title=\"El Pleno aprueba crear una Subcomisi\u00f3n para estudiar la regulaci\u00f3n del cannabis medicinal\" width=\"1200\" height=\"675\" src=\"https:\/\/www.youtube.com\/embed\/dRqDYdlokIk?feature=oembed\" frameborder=\"0\" allow=\"accelerometer; autoplay; clipboard-write; encrypted-media; gyroscope; picture-in-picture\" allowfullscreen><\/iframe>\n<\/div><figcaption><a href=\"https:\/\/www.cannabis.es\/pw\/2021\/04\/23\/josune-gorospe-eaj-pnv-nuestros-discursos-defendieron-la-regulacion-integral-del-cannabis\/\">Josune Gorospe, EAJ-PNV<\/a>, se congratula por la aprobaci\u00f3n.<\/figcaption><\/figure>\n\n\n\n<p>Adem\u00e1s, sin regulaci\u00f3n integral es m\u00e1s complicado abordar apartados legales de la producci\u00f3n, los delitos y las faltas, lo que de momento, al contrario que ped\u00eda el documental <a href=\"https:\/\/www.cannabis.es\/pw\/2020\/05\/25\/marihuana-primero-las-personas-un-documental-sobre-la-herencia-cannabica\/\">\u00abMarihuana, primero las personas\u00bb<\/a>, ya est\u00e1 vulnerado, pues los pacientes aquejan el precio y la efectividad de Sativex y Epidiolex, result\u00e1ndoles poco \u00fatiles en la pr\u00e1ctica, a la vez que se les deniega la producci\u00f3n de la planta como civiles, mientras hay empresas que se lucran. Por ejemplo, el <a href=\"https:\/\/www.cannabis.es\/pw\/2020\/11\/11\/albert-tio-sera-la-semana-que-viene-el-primer-preso-politico-del-cannabis-en-espana\/\">condenado a 5 a\u00f1os Albert Ti\u00f3<\/a>, presidente de la Federaci\u00f3n Catalana de Asociaciones Autoreguladas y de su asociaci\u00f3n AIRAM, contaba con un certificado de asistencia terap\u00e9utica a pacientes por la <a href=\"https:\/\/uniondepacientes.org\/\">Uni\u00f3n de Pacientes por la Regulaci\u00f3n del Cannabis.<\/a><\/p>\n","protected":false},"excerpt":{"rendered":"<span class=\"span-reading-time rt-reading-time\" style=\"display: block;\"><span class=\"rt-label rt-prefix\">Tiempo de lectura:<\/span> <span class=\"rt-time\"> 2<\/span> <span class=\"rt-label rt-postfix\">minutos<\/span><\/span>Arnau Alcaide Ayer jueves por la tarde tuvo lugar la sesi\u00f3n plenaria del Congreso de los Diputados en la que se votar\u00eda por primera vez el estudio por los canales de la pol\u00edtica estatal de la regulaci\u00f3n de la Cannabis para uso medicinal, actualmente disponible solamente por la v\u00eda del f\u00e1rmaco de elevado coste y [&hellip;]","protected":false},"author":3,"featured_media":7185,"comment_status":"closed","ping_status":"closed","sticky":false,"template":"","format":"standard","meta":{"loftocean-featured-post":"","loftocean_post_format_gallery":"","loftocean_post_format_gallery_ids":"","loftocean_post_format_gallery_urls":"","loftocean_post_format_video_id":"","loftocean_post_format_video_url":"","loftocean_post_format_video_type":"","loftocean_post_format_video":"","loftocean_post_format_audio_type":"","loftocean_post_format_audio_url":"","loftocean_post_format_audio_id":"","loftocean_post_format_audio":"","loftocean_post_format_quote_text":"","loftocean_post_format_quote_byline":"","loftocean_post_format_link_text":"","loftocean_post_format_link_url":"","ceramag_post_header_style":"","ceramag_enable_background_video":"","ceramag_show_in_top_slider":"","ceramag_post_background_video_start":"","ceramag_post_background_video_end":"","loftocean_page_background_video_id":"","loftocean_page_background_video_url":"","loftocean_page_background_video_type":"","loftocean_page_background_video":"","ceramag_background_video_start":"","ceramag_background_video_end":"","ceramag_single_page_hide_header":"","footnotes":""},"categories":[35],"tags":[540,52,42],"class_list":["post-7184","post","type-post","status-publish","format-standard","has-post-thumbnail","hentry","category-politica-y-sociedad","tag-arnau-alcaide","tag-cannabis-medicinal","tag-politica"],"yoast_head":"<!-- This site is optimized with the Yoast SEO plugin v24.9 - https:\/\/yoast.com\/wordpress\/plugins\/seo\/ -->\n<title>El Congreso aprueba iniciar el estudio regulatorio del cannabis medicinal<\/title>\n<meta name=\"description\" content=\"Entrada &#8226; Portal multimedia sobre cannabis y otras sustancias &#8226; 11 junio, 2021\" \/>\n<meta name=\"robots\" content=\"index, follow, max-snippet:-1, max-image-preview:large, max-video-preview:-1\" \/>\n<link rel=\"canonical\" href=\"https:\/\/www.cannabis.es\/pw\/2021\/06\/11\/el-congreso-aprueba-iniciar-el-estudio-regulatorio-del-cannabis-medicinal\/\" \/>\n<meta name=\"twitter:card\" content=\"summary_large_image\" \/>\n<meta name=\"twitter:title\" content=\"El Congreso aprueba iniciar el estudio regulatorio del cannabis medicinal\" \/>\n<meta name=\"twitter:description\" content=\"Entrada &#8226; Portal multimedia sobre cannabis y otras sustancias &#8226; 11 junio, 2021\" \/>\n<meta name=\"twitter:image\" content=\"https:\/\/www.cannabis.es\/pw\/wp-content\/uploads\/2021\/06\/image-11.png\" \/>\n<meta name=\"twitter:creator\" content=\"@cannabis_es\" \/>\n<meta name=\"twitter:site\" content=\"@cannabis_es\" \/>\n<meta name=\"twitter:label1\" content=\"Escrito por\" \/>\n\t<meta name=\"twitter:data1\" content=\"Cannabis.es\" \/>\n\t<meta name=\"twitter:label2\" content=\"Tiempo de lectura\" \/>\n\t<meta name=\"twitter:data2\" content=\"3 minutos\" \/>\n<script type=\"application\/ld+json\" class=\"yoast-schema-graph\">{\"@context\":\"https:\/\/schema.org\",\"@graph\":[{\"@type\":\"Article\",\"@id\":\"https:\/\/www.cannabis.es\/pw\/2021\/06\/11\/el-congreso-aprueba-iniciar-el-estudio-regulatorio-del-cannabis-medicinal\/#article\",\"isPartOf\":{\"@id\":\"https:\/\/www.cannabis.es\/pw\/2021\/06\/11\/el-congreso-aprueba-iniciar-el-estudio-regulatorio-del-cannabis-medicinal\/\"},\"author\":{\"name\":\"Cannabis.es\",\"@id\":\"https:\/\/www.cannabis.es\/pw\/#\/schema\/person\/ec770c03f3e99d770687f537f4ba1e89\"},\"headline\":\"El Congreso aprueba iniciar el estudio regulatorio del cannabis medicinal\",\"datePublished\":\"2021-06-11T10:55:30+00:00\",\"dateModified\":\"2021-06-11T13:52:25+00:00\",\"mainEntityOfPage\":{\"@id\":\"https:\/\/www.cannabis.es\/pw\/2021\/06\/11\/el-congreso-aprueba-iniciar-el-estudio-regulatorio-del-cannabis-medicinal\/\"},\"wordCount\":652,\"publisher\":{\"@id\":\"https:\/\/www.cannabis.es\/pw\/#organization\"},\"image\":{\"@id\":\"https:\/\/www.cannabis.es\/pw\/2021\/06\/11\/el-congreso-aprueba-iniciar-el-estudio-regulatorio-del-cannabis-medicinal\/#primaryimage\"},\"thumbnailUrl\":\"https:\/\/www.cannabis.es\/pw\/wp-content\/uploads\/2021\/06\/image-11.png\",\"keywords\":[\"Arnau Alcaide\",\"cannabis medicinal\",\"pol\u00edtica\"],\"articleSection\":[\"Pol\u00edtica y Sociedad\"],\"inLanguage\":\"es\"},{\"@type\":\"WebPage\",\"@id\":\"https:\/\/www.cannabis.es\/pw\/2021\/06\/11\/el-congreso-aprueba-iniciar-el-estudio-regulatorio-del-cannabis-medicinal\/\",\"url\":\"https:\/\/www.cannabis.es\/pw\/2021\/06\/11\/el-congreso-aprueba-iniciar-el-estudio-regulatorio-del-cannabis-medicinal\/\",\"name\":\"El Congreso aprueba iniciar el estudio regulatorio del cannabis medicinal\",\"isPartOf\":{\"@id\":\"https:\/\/www.cannabis.es\/pw\/#website\"},\"primaryImageOfPage\":{\"@id\":\"https:\/\/www.cannabis.es\/pw\/2021\/06\/11\/el-congreso-aprueba-iniciar-el-estudio-regulatorio-del-cannabis-medicinal\/#primaryimage\"},\"image\":{\"@id\":\"https:\/\/www.cannabis.es\/pw\/2021\/06\/11\/el-congreso-aprueba-iniciar-el-estudio-regulatorio-del-cannabis-medicinal\/#primaryimage\"},\"thumbnailUrl\":\"https:\/\/www.cannabis.es\/pw\/wp-content\/uploads\/2021\/06\/image-11.png\",\"datePublished\":\"2021-06-11T10:55:30+00:00\",\"dateModified\":\"2021-06-11T13:52:25+00:00\",\"description\":\"Entrada &#8226; Portal multimedia sobre cannabis y otras sustancias &#8226; 11 junio, 2021\",\"breadcrumb\":{\"@id\":\"https:\/\/www.cannabis.es\/pw\/2021\/06\/11\/el-congreso-aprueba-iniciar-el-estudio-regulatorio-del-cannabis-medicinal\/#breadcrumb\"},\"inLanguage\":\"es\",\"potentialAction\":[{\"@type\":\"ReadAction\",\"target\":[\"https:\/\/www.cannabis.es\/pw\/2021\/06\/11\/el-congreso-aprueba-iniciar-el-estudio-regulatorio-del-cannabis-medicinal\/\"]}]},{\"@type\":\"ImageObject\",\"inLanguage\":\"es\",\"@id\":\"https:\/\/www.cannabis.es\/pw\/2021\/06\/11\/el-congreso-aprueba-iniciar-el-estudio-regulatorio-del-cannabis-medicinal\/#primaryimage\",\"url\":\"https:\/\/www.cannabis.es\/pw\/wp-content\/uploads\/2021\/06\/image-11.png\",\"contentUrl\":\"https:\/\/www.cannabis.es\/pw\/wp-content\/uploads\/2021\/06\/image-11.png\",\"width\":804,\"height\":532},{\"@type\":\"BreadcrumbList\",\"@id\":\"https:\/\/www.cannabis.es\/pw\/2021\/06\/11\/el-congreso-aprueba-iniciar-el-estudio-regulatorio-del-cannabis-medicinal\/#breadcrumb\",\"itemListElement\":[{\"@type\":\"ListItem\",\"position\":1,\"name\":\"Portada\",\"item\":\"http:\/\/www.cannabis.es\/pw\/\"},{\"@type\":\"ListItem\",\"position\":2,\"name\":\"El Congreso aprueba iniciar el estudio regulatorio del cannabis medicinal\"}]},{\"@type\":\"WebSite\",\"@id\":\"https:\/\/www.cannabis.es\/pw\/#website\",\"url\":\"https:\/\/www.cannabis.es\/pw\/\",\"name\":\"Cannabis\",\"description\":\"Portal multimedia sobre cannabis y otras sustancias\",\"publisher\":{\"@id\":\"https:\/\/www.cannabis.es\/pw\/#organization\"},\"potentialAction\":[{\"@type\":\"SearchAction\",\"target\":{\"@type\":\"EntryPoint\",\"urlTemplate\":\"https:\/\/www.cannabis.es\/pw\/?s={search_term_string}\"},\"query-input\":{\"@type\":\"PropertyValueSpecification\",\"valueRequired\":true,\"valueName\":\"search_term_string\"}}],\"inLanguage\":\"es\"},{\"@type\":\"Organization\",\"@id\":\"https:\/\/www.cannabis.es\/pw\/#organization\",\"name\":\"Cannabis.es\",\"url\":\"https:\/\/www.cannabis.es\/pw\/\",\"logo\":{\"@type\":\"ImageObject\",\"inLanguage\":\"es\",\"@id\":\"https:\/\/www.cannabis.es\/pw\/#\/schema\/logo\/image\/\",\"url\":\"https:\/\/www.cannabis.es\/pw\/wp-content\/uploads\/2019\/04\/cropped-logo_cannabis.png\",\"contentUrl\":\"https:\/\/www.cannabis.es\/pw\/wp-content\/uploads\/2019\/04\/cropped-logo_cannabis.png\",\"width\":361,\"height\":120,\"caption\":\"Cannabis.es\"},\"image\":{\"@id\":\"https:\/\/www.cannabis.es\/pw\/#\/schema\/logo\/image\/\"},\"sameAs\":[\"https:\/\/x.com\/cannabis_es\"]},{\"@type\":\"Person\",\"@id\":\"https:\/\/www.cannabis.es\/pw\/#\/schema\/person\/ec770c03f3e99d770687f537f4ba1e89\",\"name\":\"Cannabis.es\",\"image\":{\"@type\":\"ImageObject\",\"inLanguage\":\"es\",\"@id\":\"https:\/\/www.cannabis.es\/pw\/#\/schema\/person\/image\/\",\"url\":\"https:\/\/secure.gravatar.com\/avatar\/810c93a3d6fadc3d9c2665b1d919a4aedea8ed4dd63689d001e985a804e90d83?s=96&d=mm&r=g\",\"contentUrl\":\"https:\/\/secure.gravatar.com\/avatar\/810c93a3d6fadc3d9c2665b1d919a4aedea8ed4dd63689d001e985a804e90d83?s=96&d=mm&r=g\",\"caption\":\"Cannabis.es\"},\"url\":\"https:\/\/www.cannabis.es\/pw\/author\/arnau\/\"}]}<\/script>\n<!-- \/ Yoast SEO plugin. -->","yoast_head_json":{"title":"El Congreso aprueba iniciar el estudio regulatorio del cannabis medicinal","description":"Entrada &#8226; Portal multimedia sobre cannabis y otras sustancias &#8226; 11 junio, 2021","robots":{"index":"index","follow":"follow","max-snippet":"max-snippet:-1","max-image-preview":"max-image-preview:large","max-video-preview":"max-video-preview:-1"},"canonical":"https:\/\/www.cannabis.es\/pw\/2021\/06\/11\/el-congreso-aprueba-iniciar-el-estudio-regulatorio-del-cannabis-medicinal\/","twitter_card":"summary_large_image","twitter_title":"El Congreso aprueba iniciar el estudio regulatorio del cannabis medicinal","twitter_description":"Entrada &#8226; Portal multimedia sobre cannabis y otras sustancias &#8226; 11 junio, 2021","twitter_image":"https:\/\/www.cannabis.es\/pw\/wp-content\/uploads\/2021\/06\/image-11.png","twitter_creator":"@cannabis_es","twitter_site":"@cannabis_es","twitter_misc":{"Escrito por":"Cannabis.es","Tiempo de lectura":"3 minutos"},"schema":{"@context":"https:\/\/schema.org","@graph":[{"@type":"Article","@id":"https:\/\/www.cannabis.es\/pw\/2021\/06\/11\/el-congreso-aprueba-iniciar-el-estudio-regulatorio-del-cannabis-medicinal\/#article","isPartOf":{"@id":"https:\/\/www.cannabis.es\/pw\/2021\/06\/11\/el-congreso-aprueba-iniciar-el-estudio-regulatorio-del-cannabis-medicinal\/"},"author":{"name":"Cannabis.es","@id":"https:\/\/www.cannabis.es\/pw\/#\/schema\/person\/ec770c03f3e99d770687f537f4ba1e89"},"headline":"El Congreso aprueba iniciar el estudio regulatorio del cannabis medicinal","datePublished":"2021-06-11T10:55:30+00:00","dateModified":"2021-06-11T13:52:25+00:00","mainEntityOfPage":{"@id":"https:\/\/www.cannabis.es\/pw\/2021\/06\/11\/el-congreso-aprueba-iniciar-el-estudio-regulatorio-del-cannabis-medicinal\/"},"wordCount":652,"publisher":{"@id":"https:\/\/www.cannabis.es\/pw\/#organization"},"image":{"@id":"https:\/\/www.cannabis.es\/pw\/2021\/06\/11\/el-congreso-aprueba-iniciar-el-estudio-regulatorio-del-cannabis-medicinal\/#primaryimage"},"thumbnailUrl":"https:\/\/www.cannabis.es\/pw\/wp-content\/uploads\/2021\/06\/image-11.png","keywords":["Arnau Alcaide","cannabis medicinal","pol\u00edtica"],"articleSection":["Pol\u00edtica y Sociedad"],"inLanguage":"es"},{"@type":"WebPage","@id":"https:\/\/www.cannabis.es\/pw\/2021\/06\/11\/el-congreso-aprueba-iniciar-el-estudio-regulatorio-del-cannabis-medicinal\/","url":"https:\/\/www.cannabis.es\/pw\/2021\/06\/11\/el-congreso-aprueba-iniciar-el-estudio-regulatorio-del-cannabis-medicinal\/","name":"El Congreso aprueba iniciar el estudio regulatorio del cannabis medicinal","isPartOf":{"@id":"https:\/\/www.cannabis.es\/pw\/#website"},"primaryImageOfPage":{"@id":"https:\/\/www.cannabis.es\/pw\/2021\/06\/11\/el-congreso-aprueba-iniciar-el-estudio-regulatorio-del-cannabis-medicinal\/#primaryimage"},"image":{"@id":"https:\/\/www.cannabis.es\/pw\/2021\/06\/11\/el-congreso-aprueba-iniciar-el-estudio-regulatorio-del-cannabis-medicinal\/#primaryimage"},"thumbnailUrl":"https:\/\/www.cannabis.es\/pw\/wp-content\/uploads\/2021\/06\/image-11.png","datePublished":"2021-06-11T10:55:30+00:00","dateModified":"2021-06-11T13:52:25+00:00","description":"Entrada &#8226; Portal multimedia sobre cannabis y otras sustancias &#8226; 11 junio, 2021","breadcrumb":{"@id":"https:\/\/www.cannabis.es\/pw\/2021\/06\/11\/el-congreso-aprueba-iniciar-el-estudio-regulatorio-del-cannabis-medicinal\/#breadcrumb"},"inLanguage":"es","potentialAction":[{"@type":"ReadAction","target":["https:\/\/www.cannabis.es\/pw\/2021\/06\/11\/el-congreso-aprueba-iniciar-el-estudio-regulatorio-del-cannabis-medicinal\/"]}]},{"@type":"ImageObject","inLanguage":"es","@id":"https:\/\/www.cannabis.es\/pw\/2021\/06\/11\/el-congreso-aprueba-iniciar-el-estudio-regulatorio-del-cannabis-medicinal\/#primaryimage","url":"https:\/\/www.cannabis.es\/pw\/wp-content\/uploads\/2021\/06\/image-11.png","contentUrl":"https:\/\/www.cannabis.es\/pw\/wp-content\/uploads\/2021\/06\/image-11.png","width":804,"height":532},{"@type":"BreadcrumbList","@id":"https:\/\/www.cannabis.es\/pw\/2021\/06\/11\/el-congreso-aprueba-iniciar-el-estudio-regulatorio-del-cannabis-medicinal\/#breadcrumb","itemListElement":[{"@type":"ListItem","position":1,"name":"Portada","item":"http:\/\/www.cannabis.es\/pw\/"},{"@type":"ListItem","position":2,"name":"El Congreso aprueba iniciar el estudio regulatorio del cannabis medicinal"}]},{"@type":"WebSite","@id":"https:\/\/www.cannabis.es\/pw\/#website","url":"https:\/\/www.cannabis.es\/pw\/","name":"Cannabis","description":"Portal multimedia sobre cannabis y otras sustancias","publisher":{"@id":"https:\/\/www.cannabis.es\/pw\/#organization"},"potentialAction":[{"@type":"SearchAction","target":{"@type":"EntryPoint","urlTemplate":"https:\/\/www.cannabis.es\/pw\/?s={search_term_string}"},"query-input":{"@type":"PropertyValueSpecification","valueRequired":true,"valueName":"search_term_string"}}],"inLanguage":"es"},{"@type":"Organization","@id":"https:\/\/www.cannabis.es\/pw\/#organization","name":"Cannabis.es","url":"https:\/\/www.cannabis.es\/pw\/","logo":{"@type":"ImageObject","inLanguage":"es","@id":"https:\/\/www.cannabis.es\/pw\/#\/schema\/logo\/image\/","url":"https:\/\/www.cannabis.es\/pw\/wp-content\/uploads\/2019\/04\/cropped-logo_cannabis.png","contentUrl":"https:\/\/www.cannabis.es\/pw\/wp-content\/uploads\/2019\/04\/cropped-logo_cannabis.png","width":361,"height":120,"caption":"Cannabis.es"},"image":{"@id":"https:\/\/www.cannabis.es\/pw\/#\/schema\/logo\/image\/"},"sameAs":["https:\/\/x.com\/cannabis_es"]},{"@type":"Person","@id":"https:\/\/www.cannabis.es\/pw\/#\/schema\/person\/ec770c03f3e99d770687f537f4ba1e89","name":"Cannabis.es","image":{"@type":"ImageObject","inLanguage":"es","@id":"https:\/\/www.cannabis.es\/pw\/#\/schema\/person\/image\/","url":"https:\/\/secure.gravatar.com\/avatar\/810c93a3d6fadc3d9c2665b1d919a4aedea8ed4dd63689d001e985a804e90d83?s=96&d=mm&r=g","contentUrl":"https:\/\/secure.gravatar.com\/avatar\/810c93a3d6fadc3d9c2665b1d919a4aedea8ed4dd63689d001e985a804e90d83?s=96&d=mm&r=g","caption":"Cannabis.es"},"url":"https:\/\/www.cannabis.es\/pw\/author\/arnau\/"}]}},"_links":{"self":[{"href":"https:\/\/www.cannabis.es\/pw\/wp-json\/wp\/v2\/posts\/7184","targetHints":{"allow":["GET"]}}],"collection":[{"href":"https:\/\/www.cannabis.es\/pw\/wp-json\/wp\/v2\/posts"}],"about":[{"href":"https:\/\/www.cannabis.es\/pw\/wp-json\/wp\/v2\/types\/post"}],"author":[{"embeddable":true,"href":"https:\/\/www.cannabis.es\/pw\/wp-json\/wp\/v2\/users\/3"}],"replies":[{"embeddable":true,"href":"https:\/\/www.cannabis.es\/pw\/wp-json\/wp\/v2\/comments?post=7184"}],"version-history":[{"count":3,"href":"https:\/\/www.cannabis.es\/pw\/wp-json\/wp\/v2\/posts\/7184\/revisions"}],"predecessor-version":[{"id":7188,"href":"https:\/\/www.cannabis.es\/pw\/wp-json\/wp\/v2\/posts\/7184\/revisions\/7188"}],"wp:featuredmedia":[{"embeddable":true,"href":"https:\/\/www.cannabis.es\/pw\/wp-json\/wp\/v2\/media\/7185"}],"wp:attachment":[{"href":"https:\/\/www.cannabis.es\/pw\/wp-json\/wp\/v2\/media?parent=7184"}],"wp:term":[{"taxonomy":"category","embeddable":true,"href":"https:\/\/www.cannabis.es\/pw\/wp-json\/wp\/v2\/categories?post=7184"},{"taxonomy":"post_tag","embeddable":true,"href":"https:\/\/www.cannabis.es\/pw\/wp-json\/wp\/v2\/tags?post=7184"}],"curies":[{"name":"wp","href":"https:\/\/api.w.org\/{rel}","templated":true}]}}