{"id":7189,"date":"2021-06-14T12:16:32","date_gmt":"2021-06-14T10:16:32","guid":{"rendered":"https:\/\/www.cannabis.es\/pw\/?p=7189"},"modified":"2021-06-14T12:25:20","modified_gmt":"2021-06-14T10:25:20","slug":"investigacion-y-proyectos-de-ley-civiles-de-cannabis-medicinal-ganan-voz","status":"publish","type":"post","link":"https:\/\/www.cannabis.es\/pw\/2021\/06\/14\/investigacion-y-proyectos-de-ley-civiles-de-cannabis-medicinal-ganan-voz\/","title":{"rendered":"Investigaci\u00f3n y proyectos de ley civiles de cannabis medicinal ganan voz"},"content":{"rendered":"\n<p>Arnau Alcaide<br><br>Los medios de comunicaci\u00f3n se hacen eco de <a href=\"https:\/\/www.cannabis.es\/pw\/2021\/06\/11\/el-congreso-aprueba-iniciar-el-estudio-regulatorio-del-cannabis-medicinal\/\">la aprobaci\u00f3n por parte del Congreso del estudio regulatorio del cannabis medicinal<\/a> y, en algunos casos, conseguimos o\u00edr a la sociedad civil. As\u00ed ha sido en RTVE noticias, donde hemos podido escuchar al Observatorio Europeo de Consumo y Cultivo de Cannabis (OECCC) defender que el autocultivo debe estar expresamente dentro de la legalidad.<\/p>\n\n\n\n<p>Aunque estos d\u00edas pod\u00e9is haber le\u00eddo cosas como que el Observatorio Espa\u00f1ol de Cannabis Medicinal no respalda la legalidad del autocultivo, la situaci\u00f3n comunicativa va a mejor: empezando por Josune Gorospe, a quien hemos podido o\u00edr m\u00e1s por el protagonismo del PNV en la creaci\u00f3n de la subcomisi\u00f3n, la pieza informativa introducir\u00eda <a href=\"https:\/\/www.cannabis.es\/pw\/2021\/03\/24\/la-cancard-ya-libra-del-delito-a-200-000-usuarios-ingleses-de-cannabis-medicinal\/\">las propiedades m\u00e9dicas del cannabis<\/a>, la investigaci\u00f3n pionera en Espa\u00f1a con el testimonio de Manuel Guzm\u00e1n y la necesidad de establecer el autocultivo como v\u00eda de acceso a la planta y sus propiedades, trasladada por H\u00e9ctor Brotons.<\/p>\n\n\n\n<p>La <a href=\"https:\/\/www.cannabis.es\/pw\/2021\/04\/23\/josune-gorospe-eaj-pnv-nuestros-discursos-defendieron-la-regulacion-integral-del-cannabis\/\">portavoz por el Partido Nacionalista Vasco<\/a>, quien present\u00f3 la <a href=\"https:\/\/www.cannabis.es\/pw\/2020\/09\/18\/no-habra-cannabis-terapeutico-esta-legislatura\/\">petici\u00f3n por parte del grupo parlamentario en 2020<\/a>, recalc\u00f3 que las regulaciones que se van a ponderar y comparar ya est\u00e1n basadas en la evidencia: \u00ab[<em>El objetivo es] Conocer experiencias que hay en otros estados que entendemos est\u00e1n puestas en marcha con evidencia cient\u00edfica, basadas en evidencia cient\u00edfica, y a su vez escuchar voces de expertos que nos aporten m\u00e1s<\/em>\u00ab.<\/p>\n\n\n\n<h2 class=\"wp-block-heading\">A la cabeza en investigaci\u00f3n<\/h2>\n\n\n\n<figure class=\"wp-block-image size-large\"><a href=\"https:\/\/www.rtve.es\/alacarta\/videos\/parlamento\/12-06-21\/5939908\/?t=19m41s\"><img loading=\"lazy\" decoding=\"async\" width=\"804\" height=\"532\" src=\"https:\/\/www.cannabis.es\/pw\/wp-content\/uploads\/2021\/06\/noticia-rtve.jpg\" alt=\"\" class=\"wp-image-7190\" srcset=\"https:\/\/www.cannabis.es\/pw\/wp-content\/uploads\/2021\/06\/noticia-rtve.jpg 804w, https:\/\/www.cannabis.es\/pw\/wp-content\/uploads\/2021\/06\/noticia-rtve-300x199.jpg 300w, https:\/\/www.cannabis.es\/pw\/wp-content\/uploads\/2021\/06\/noticia-rtve-768x508.jpg 768w, https:\/\/www.cannabis.es\/pw\/wp-content\/uploads\/2021\/06\/noticia-rtve-600x397.jpg 600w\" sizes=\"auto, (max-width: 804px) 100vw, 804px\" \/><\/a><figcaption>Pieza completa al clicar la foto.<\/figcaption><\/figure>\n\n\n\n<p>Si bien jam\u00e1s lograremos una cita, la pieza recuerda que Espa\u00f1a es<span class=\"has-inline-color has-luminous-vivid-orange-color\"><em> \u00abun pa\u00eds pionero en la investigaci\u00f3n\u00bb<\/em> <\/span>de la Cannabis y sus derivados, como r<a href=\"https:\/\/www.cannabis.es\/pw\/2021\/06\/03\/cristina-sanchez-vamos-a-la-cabeza-en-investigacion-y-a-la-cola-en-la-aplicacion-de-los-resultados-del-cannabis-terapeutico\/\">ecientemente declaraba contundente la investigadora de la Universidad Complutense Cristina S\u00e1nchez en exclusiva para Cannabis.es<\/a>. Daba paso RTVE a <a href=\"https:\/\/www.cannabis.es\/pw\/2017\/11\/21\/manuel-guzman-para-muchos-profesionales-el-sistema-endocannabinoide-es-un-gran-desconocido\/\">Manuel Guzm\u00e1n<\/a>, investigador del cannabis por antonomasia de la Universidad Complutense de Madrid que ha trabajado junto a S\u00e1nchez las aplicaciones en oncolog\u00eda, esta \u00faltima especialista del \u00e1rea: <em>\u00abNuestro grupo de trabajo investiga aplicaciones terap\u00e9uticas<strong> del cannabis y sus derivados<\/strong> en el terreno de la oncolog\u00eda y las enfermedades neurodegenerativas\u00bb.<\/em><\/p>\n\n\n\n<h2 class=\"wp-block-heading\">Autocultivo<\/h2>\n\n\n\n<figure class=\"wp-block-image size-large is-resized\"><img loading=\"lazy\" decoding=\"async\" src=\"https:\/\/www.cannabis.es\/pw\/wp-content\/uploads\/2021\/06\/image-12-edited.png\" alt=\"\" class=\"wp-image-7192\" width=\"835\" height=\"469\" srcset=\"https:\/\/www.cannabis.es\/pw\/wp-content\/uploads\/2021\/06\/image-12-edited.png 1920w, https:\/\/www.cannabis.es\/pw\/wp-content\/uploads\/2021\/06\/image-12-edited-300x169.png 300w, https:\/\/www.cannabis.es\/pw\/wp-content\/uploads\/2021\/06\/image-12-edited-1024x575.png 1024w, https:\/\/www.cannabis.es\/pw\/wp-content\/uploads\/2021\/06\/image-12-edited-768x432.png 768w, https:\/\/www.cannabis.es\/pw\/wp-content\/uploads\/2021\/06\/image-12-edited-1536x863.png 1536w, https:\/\/www.cannabis.es\/pw\/wp-content\/uploads\/2021\/06\/image-12-edited-1200x674.png 1200w, https:\/\/www.cannabis.es\/pw\/wp-content\/uploads\/2021\/06\/image-12-edited-600x337.png 600w\" sizes=\"auto, (max-width: 835px) 100vw, 835px\" \/><\/figure>\n\n\n\n<p>El secretario del OECCC, H\u00e9ctor Brotons, ha pedido el \u00abdoble reconocimiento: tanto la v\u00eda farmac\u00e9utica como la v\u00eda del autocultivo o cultivo privado, que deber\u00eda ser excluido claramente del derecho penal\u00bb. <a href=\"https:\/\/www.cannabis.es\/pw\/2021\/05\/14\/por-una-regulacion-del-cannabis-medicinal-inclusiva\/\">El Observatorio lleva tiempo presentando una propuesta inclusiva de cannabis medicinal con 3 accesos<\/a>: farmacias, autocultivo y asociaciones.<\/p>\n\n\n\n<h2 class=\"wp-block-heading\">Democratizar el acceso<\/h2>\n\n\n\n<p>Cuanto m\u00e1s procesada est\u00e1 la cannabis, m\u00e1s costoso es el producto, que finalmente puede dispararse si se logra una patente para la exclusividad. El acceso a cannabis natural es por tanto acceso a cannabis m\u00e1s barato para el tratamiento. Un acceso democr\u00e1tico deber\u00eda incluir el acceso a producto natural de calidad, la posibilidad legal de cultivar la planta para uno mismo (como el ser humano ha hecho por milenios) y la posibilidad de que otra persona cultive por ti para asegurar tu derecho al cultivo dentro de las relaciones sociales habituales, por ejemplo a trav\u00e9s de las asociaciones. En otros pa\u00edses plantean tambi\u00e9n el llamado cultivo solidario como una extensi\u00f3n del permiso de autocultivo a la persona que cultiva por ti.<\/p>\n","protected":false},"excerpt":{"rendered":"<span class=\"span-reading-time rt-reading-time\" style=\"display: block;\"><span class=\"rt-label rt-prefix\">Tiempo de lectura:<\/span> <span class=\"rt-time\"> 2<\/span> <span class=\"rt-label rt-postfix\">minutos<\/span><\/span>Arnau AlcaideLos medios de comunicaci\u00f3n se hacen eco de la aprobaci\u00f3n por parte del Congreso del estudio regulatorio del cannabis medicinal y, en algunos casos, conseguimos o\u00edr a la sociedad civil. As\u00ed ha sido en RTVE noticias, donde hemos podido escuchar al Observatorio Europeo de Consumo y Cultivo de Cannabis (OECCC) defender que el autocultivo [&hellip;]","protected":false},"author":3,"featured_media":7190,"comment_status":"closed","ping_status":"closed","sticky":false,"template":"","format":"standard","meta":{"loftocean-featured-post":"","loftocean_post_format_gallery":"","loftocean_post_format_gallery_ids":"","loftocean_post_format_gallery_urls":"","loftocean_post_format_video_id":"","loftocean_post_format_video_url":"","loftocean_post_format_video_type":"","loftocean_post_format_video":"","loftocean_post_format_audio_type":"","loftocean_post_format_audio_url":"","loftocean_post_format_audio_id":"","loftocean_post_format_audio":"","loftocean_post_format_quote_text":"","loftocean_post_format_quote_byline":"","loftocean_post_format_link_text":"","loftocean_post_format_link_url":"","ceramag_post_header_style":"","ceramag_enable_background_video":"","ceramag_show_in_top_slider":"","ceramag_post_background_video_start":"","ceramag_post_background_video_end":"","loftocean_page_background_video_id":"","loftocean_page_background_video_url":"","loftocean_page_background_video_type":"","loftocean_page_background_video":"","ceramag_background_video_start":"","ceramag_background_video_end":"","ceramag_single_page_hide_header":"","footnotes":""},"categories":[35],"tags":[540,41,52],"class_list":["post-7189","post","type-post","status-publish","format-standard","has-post-thumbnail","hentry","category-politica-y-sociedad","tag-arnau-alcaide","tag-cannabis","tag-cannabis-medicinal"],"yoast_head":"<!-- This site is optimized with the Yoast SEO plugin v24.9 - https:\/\/yoast.com\/wordpress\/plugins\/seo\/ -->\n<title>Investigaci\u00f3n y proyectos de ley civiles de cannabis medicinal ganan voz<\/title>\n<meta name=\"description\" content=\"Entrada &#8226; Portal multimedia sobre cannabis y otras sustancias &#8226; 14 junio, 2021\" \/>\n<meta name=\"robots\" content=\"index, follow, max-snippet:-1, max-image-preview:large, max-video-preview:-1\" \/>\n<link rel=\"canonical\" href=\"https:\/\/www.cannabis.es\/pw\/2021\/06\/14\/investigacion-y-proyectos-de-ley-civiles-de-cannabis-medicinal-ganan-voz\/\" \/>\n<meta name=\"twitter:card\" content=\"summary_large_image\" \/>\n<meta name=\"twitter:title\" content=\"Investigaci\u00f3n y proyectos de ley civiles de cannabis medicinal ganan voz\" \/>\n<meta name=\"twitter:description\" content=\"Entrada &#8226; Portal multimedia sobre cannabis y otras sustancias &#8226; 14 junio, 2021\" \/>\n<meta name=\"twitter:image\" content=\"https:\/\/www.cannabis.es\/pw\/wp-content\/uploads\/2021\/06\/noticia-rtve.jpg\" \/>\n<meta name=\"twitter:creator\" content=\"@cannabis_es\" \/>\n<meta name=\"twitter:site\" content=\"@cannabis_es\" \/>\n<meta name=\"twitter:label1\" content=\"Escrito por\" \/>\n\t<meta name=\"twitter:data1\" content=\"Cannabis.es\" \/>\n\t<meta name=\"twitter:label2\" content=\"Tiempo de lectura\" \/>\n\t<meta name=\"twitter:data2\" content=\"3 minutos\" \/>\n<script type=\"application\/ld+json\" class=\"yoast-schema-graph\">{\"@context\":\"https:\/\/schema.org\",\"@graph\":[{\"@type\":\"Article\",\"@id\":\"https:\/\/www.cannabis.es\/pw\/2021\/06\/14\/investigacion-y-proyectos-de-ley-civiles-de-cannabis-medicinal-ganan-voz\/#article\",\"isPartOf\":{\"@id\":\"https:\/\/www.cannabis.es\/pw\/2021\/06\/14\/investigacion-y-proyectos-de-ley-civiles-de-cannabis-medicinal-ganan-voz\/\"},\"author\":{\"name\":\"Cannabis.es\",\"@id\":\"https:\/\/www.cannabis.es\/pw\/#\/schema\/person\/ec770c03f3e99d770687f537f4ba1e89\"},\"headline\":\"Investigaci\u00f3n y proyectos de ley civiles de cannabis medicinal ganan voz\",\"datePublished\":\"2021-06-14T10:16:32+00:00\",\"dateModified\":\"2021-06-14T10:25:20+00:00\",\"mainEntityOfPage\":{\"@id\":\"https:\/\/www.cannabis.es\/pw\/2021\/06\/14\/investigacion-y-proyectos-de-ley-civiles-de-cannabis-medicinal-ganan-voz\/\"},\"wordCount\":562,\"publisher\":{\"@id\":\"https:\/\/www.cannabis.es\/pw\/#organization\"},\"image\":{\"@id\":\"https:\/\/www.cannabis.es\/pw\/2021\/06\/14\/investigacion-y-proyectos-de-ley-civiles-de-cannabis-medicinal-ganan-voz\/#primaryimage\"},\"thumbnailUrl\":\"https:\/\/www.cannabis.es\/pw\/wp-content\/uploads\/2021\/06\/noticia-rtve.jpg\",\"keywords\":[\"Arnau Alcaide\",\"cannabis\",\"cannabis medicinal\"],\"articleSection\":[\"Pol\u00edtica y Sociedad\"],\"inLanguage\":\"es\"},{\"@type\":\"WebPage\",\"@id\":\"https:\/\/www.cannabis.es\/pw\/2021\/06\/14\/investigacion-y-proyectos-de-ley-civiles-de-cannabis-medicinal-ganan-voz\/\",\"url\":\"https:\/\/www.cannabis.es\/pw\/2021\/06\/14\/investigacion-y-proyectos-de-ley-civiles-de-cannabis-medicinal-ganan-voz\/\",\"name\":\"Investigaci\u00f3n y proyectos de ley civiles de cannabis medicinal ganan voz\",\"isPartOf\":{\"@id\":\"https:\/\/www.cannabis.es\/pw\/#website\"},\"primaryImageOfPage\":{\"@id\":\"https:\/\/www.cannabis.es\/pw\/2021\/06\/14\/investigacion-y-proyectos-de-ley-civiles-de-cannabis-medicinal-ganan-voz\/#primaryimage\"},\"image\":{\"@id\":\"https:\/\/www.cannabis.es\/pw\/2021\/06\/14\/investigacion-y-proyectos-de-ley-civiles-de-cannabis-medicinal-ganan-voz\/#primaryimage\"},\"thumbnailUrl\":\"https:\/\/www.cannabis.es\/pw\/wp-content\/uploads\/2021\/06\/noticia-rtve.jpg\",\"datePublished\":\"2021-06-14T10:16:32+00:00\",\"dateModified\":\"2021-06-14T10:25:20+00:00\",\"description\":\"Entrada &#8226; Portal multimedia sobre cannabis y otras sustancias &#8226; 14 junio, 2021\",\"breadcrumb\":{\"@id\":\"https:\/\/www.cannabis.es\/pw\/2021\/06\/14\/investigacion-y-proyectos-de-ley-civiles-de-cannabis-medicinal-ganan-voz\/#breadcrumb\"},\"inLanguage\":\"es\",\"potentialAction\":[{\"@type\":\"ReadAction\",\"target\":[\"https:\/\/www.cannabis.es\/pw\/2021\/06\/14\/investigacion-y-proyectos-de-ley-civiles-de-cannabis-medicinal-ganan-voz\/\"]}]},{\"@type\":\"ImageObject\",\"inLanguage\":\"es\",\"@id\":\"https:\/\/www.cannabis.es\/pw\/2021\/06\/14\/investigacion-y-proyectos-de-ley-civiles-de-cannabis-medicinal-ganan-voz\/#primaryimage\",\"url\":\"https:\/\/www.cannabis.es\/pw\/wp-content\/uploads\/2021\/06\/noticia-rtve.jpg\",\"contentUrl\":\"https:\/\/www.cannabis.es\/pw\/wp-content\/uploads\/2021\/06\/noticia-rtve.jpg\",\"width\":804,\"height\":532},{\"@type\":\"BreadcrumbList\",\"@id\":\"https:\/\/www.cannabis.es\/pw\/2021\/06\/14\/investigacion-y-proyectos-de-ley-civiles-de-cannabis-medicinal-ganan-voz\/#breadcrumb\",\"itemListElement\":[{\"@type\":\"ListItem\",\"position\":1,\"name\":\"Portada\",\"item\":\"http:\/\/www.cannabis.es\/pw\/\"},{\"@type\":\"ListItem\",\"position\":2,\"name\":\"Investigaci\u00f3n y proyectos de ley civiles de cannabis medicinal ganan voz\"}]},{\"@type\":\"WebSite\",\"@id\":\"https:\/\/www.cannabis.es\/pw\/#website\",\"url\":\"https:\/\/www.cannabis.es\/pw\/\",\"name\":\"Cannabis\",\"description\":\"Portal multimedia sobre cannabis y otras sustancias\",\"publisher\":{\"@id\":\"https:\/\/www.cannabis.es\/pw\/#organization\"},\"potentialAction\":[{\"@type\":\"SearchAction\",\"target\":{\"@type\":\"EntryPoint\",\"urlTemplate\":\"https:\/\/www.cannabis.es\/pw\/?s={search_term_string}\"},\"query-input\":{\"@type\":\"PropertyValueSpecification\",\"valueRequired\":true,\"valueName\":\"search_term_string\"}}],\"inLanguage\":\"es\"},{\"@type\":\"Organization\",\"@id\":\"https:\/\/www.cannabis.es\/pw\/#organization\",\"name\":\"Cannabis.es\",\"url\":\"https:\/\/www.cannabis.es\/pw\/\",\"logo\":{\"@type\":\"ImageObject\",\"inLanguage\":\"es\",\"@id\":\"https:\/\/www.cannabis.es\/pw\/#\/schema\/logo\/image\/\",\"url\":\"https:\/\/www.cannabis.es\/pw\/wp-content\/uploads\/2019\/04\/cropped-logo_cannabis.png\",\"contentUrl\":\"https:\/\/www.cannabis.es\/pw\/wp-content\/uploads\/2019\/04\/cropped-logo_cannabis.png\",\"width\":361,\"height\":120,\"caption\":\"Cannabis.es\"},\"image\":{\"@id\":\"https:\/\/www.cannabis.es\/pw\/#\/schema\/logo\/image\/\"},\"sameAs\":[\"https:\/\/x.com\/cannabis_es\"]},{\"@type\":\"Person\",\"@id\":\"https:\/\/www.cannabis.es\/pw\/#\/schema\/person\/ec770c03f3e99d770687f537f4ba1e89\",\"name\":\"Cannabis.es\",\"image\":{\"@type\":\"ImageObject\",\"inLanguage\":\"es\",\"@id\":\"https:\/\/www.cannabis.es\/pw\/#\/schema\/person\/image\/\",\"url\":\"https:\/\/secure.gravatar.com\/avatar\/810c93a3d6fadc3d9c2665b1d919a4aedea8ed4dd63689d001e985a804e90d83?s=96&d=mm&r=g\",\"contentUrl\":\"https:\/\/secure.gravatar.com\/avatar\/810c93a3d6fadc3d9c2665b1d919a4aedea8ed4dd63689d001e985a804e90d83?s=96&d=mm&r=g\",\"caption\":\"Cannabis.es\"},\"url\":\"https:\/\/www.cannabis.es\/pw\/author\/arnau\/\"}]}<\/script>\n<!-- \/ Yoast SEO plugin. -->","yoast_head_json":{"title":"Investigaci\u00f3n y proyectos de ley civiles de cannabis medicinal ganan voz","description":"Entrada &#8226; Portal multimedia sobre cannabis y otras sustancias &#8226; 14 junio, 2021","robots":{"index":"index","follow":"follow","max-snippet":"max-snippet:-1","max-image-preview":"max-image-preview:large","max-video-preview":"max-video-preview:-1"},"canonical":"https:\/\/www.cannabis.es\/pw\/2021\/06\/14\/investigacion-y-proyectos-de-ley-civiles-de-cannabis-medicinal-ganan-voz\/","twitter_card":"summary_large_image","twitter_title":"Investigaci\u00f3n y proyectos de ley civiles de cannabis medicinal ganan voz","twitter_description":"Entrada &#8226; Portal multimedia sobre cannabis y otras sustancias &#8226; 14 junio, 2021","twitter_image":"https:\/\/www.cannabis.es\/pw\/wp-content\/uploads\/2021\/06\/noticia-rtve.jpg","twitter_creator":"@cannabis_es","twitter_site":"@cannabis_es","twitter_misc":{"Escrito por":"Cannabis.es","Tiempo de lectura":"3 minutos"},"schema":{"@context":"https:\/\/schema.org","@graph":[{"@type":"Article","@id":"https:\/\/www.cannabis.es\/pw\/2021\/06\/14\/investigacion-y-proyectos-de-ley-civiles-de-cannabis-medicinal-ganan-voz\/#article","isPartOf":{"@id":"https:\/\/www.cannabis.es\/pw\/2021\/06\/14\/investigacion-y-proyectos-de-ley-civiles-de-cannabis-medicinal-ganan-voz\/"},"author":{"name":"Cannabis.es","@id":"https:\/\/www.cannabis.es\/pw\/#\/schema\/person\/ec770c03f3e99d770687f537f4ba1e89"},"headline":"Investigaci\u00f3n y proyectos de ley civiles de cannabis medicinal ganan voz","datePublished":"2021-06-14T10:16:32+00:00","dateModified":"2021-06-14T10:25:20+00:00","mainEntityOfPage":{"@id":"https:\/\/www.cannabis.es\/pw\/2021\/06\/14\/investigacion-y-proyectos-de-ley-civiles-de-cannabis-medicinal-ganan-voz\/"},"wordCount":562,"publisher":{"@id":"https:\/\/www.cannabis.es\/pw\/#organization"},"image":{"@id":"https:\/\/www.cannabis.es\/pw\/2021\/06\/14\/investigacion-y-proyectos-de-ley-civiles-de-cannabis-medicinal-ganan-voz\/#primaryimage"},"thumbnailUrl":"https:\/\/www.cannabis.es\/pw\/wp-content\/uploads\/2021\/06\/noticia-rtve.jpg","keywords":["Arnau Alcaide","cannabis","cannabis medicinal"],"articleSection":["Pol\u00edtica y Sociedad"],"inLanguage":"es"},{"@type":"WebPage","@id":"https:\/\/www.cannabis.es\/pw\/2021\/06\/14\/investigacion-y-proyectos-de-ley-civiles-de-cannabis-medicinal-ganan-voz\/","url":"https:\/\/www.cannabis.es\/pw\/2021\/06\/14\/investigacion-y-proyectos-de-ley-civiles-de-cannabis-medicinal-ganan-voz\/","name":"Investigaci\u00f3n y proyectos de ley civiles de cannabis medicinal ganan voz","isPartOf":{"@id":"https:\/\/www.cannabis.es\/pw\/#website"},"primaryImageOfPage":{"@id":"https:\/\/www.cannabis.es\/pw\/2021\/06\/14\/investigacion-y-proyectos-de-ley-civiles-de-cannabis-medicinal-ganan-voz\/#primaryimage"},"image":{"@id":"https:\/\/www.cannabis.es\/pw\/2021\/06\/14\/investigacion-y-proyectos-de-ley-civiles-de-cannabis-medicinal-ganan-voz\/#primaryimage"},"thumbnailUrl":"https:\/\/www.cannabis.es\/pw\/wp-content\/uploads\/2021\/06\/noticia-rtve.jpg","datePublished":"2021-06-14T10:16:32+00:00","dateModified":"2021-06-14T10:25:20+00:00","description":"Entrada &#8226; Portal multimedia sobre cannabis y otras sustancias &#8226; 14 junio, 2021","breadcrumb":{"@id":"https:\/\/www.cannabis.es\/pw\/2021\/06\/14\/investigacion-y-proyectos-de-ley-civiles-de-cannabis-medicinal-ganan-voz\/#breadcrumb"},"inLanguage":"es","potentialAction":[{"@type":"ReadAction","target":["https:\/\/www.cannabis.es\/pw\/2021\/06\/14\/investigacion-y-proyectos-de-ley-civiles-de-cannabis-medicinal-ganan-voz\/"]}]},{"@type":"ImageObject","inLanguage":"es","@id":"https:\/\/www.cannabis.es\/pw\/2021\/06\/14\/investigacion-y-proyectos-de-ley-civiles-de-cannabis-medicinal-ganan-voz\/#primaryimage","url":"https:\/\/www.cannabis.es\/pw\/wp-content\/uploads\/2021\/06\/noticia-rtve.jpg","contentUrl":"https:\/\/www.cannabis.es\/pw\/wp-content\/uploads\/2021\/06\/noticia-rtve.jpg","width":804,"height":532},{"@type":"BreadcrumbList","@id":"https:\/\/www.cannabis.es\/pw\/2021\/06\/14\/investigacion-y-proyectos-de-ley-civiles-de-cannabis-medicinal-ganan-voz\/#breadcrumb","itemListElement":[{"@type":"ListItem","position":1,"name":"Portada","item":"http:\/\/www.cannabis.es\/pw\/"},{"@type":"ListItem","position":2,"name":"Investigaci\u00f3n y proyectos de ley civiles de cannabis medicinal ganan voz"}]},{"@type":"WebSite","@id":"https:\/\/www.cannabis.es\/pw\/#website","url":"https:\/\/www.cannabis.es\/pw\/","name":"Cannabis","description":"Portal multimedia sobre cannabis y otras sustancias","publisher":{"@id":"https:\/\/www.cannabis.es\/pw\/#organization"},"potentialAction":[{"@type":"SearchAction","target":{"@type":"EntryPoint","urlTemplate":"https:\/\/www.cannabis.es\/pw\/?s={search_term_string}"},"query-input":{"@type":"PropertyValueSpecification","valueRequired":true,"valueName":"search_term_string"}}],"inLanguage":"es"},{"@type":"Organization","@id":"https:\/\/www.cannabis.es\/pw\/#organization","name":"Cannabis.es","url":"https:\/\/www.cannabis.es\/pw\/","logo":{"@type":"ImageObject","inLanguage":"es","@id":"https:\/\/www.cannabis.es\/pw\/#\/schema\/logo\/image\/","url":"https:\/\/www.cannabis.es\/pw\/wp-content\/uploads\/2019\/04\/cropped-logo_cannabis.png","contentUrl":"https:\/\/www.cannabis.es\/pw\/wp-content\/uploads\/2019\/04\/cropped-logo_cannabis.png","width":361,"height":120,"caption":"Cannabis.es"},"image":{"@id":"https:\/\/www.cannabis.es\/pw\/#\/schema\/logo\/image\/"},"sameAs":["https:\/\/x.com\/cannabis_es"]},{"@type":"Person","@id":"https:\/\/www.cannabis.es\/pw\/#\/schema\/person\/ec770c03f3e99d770687f537f4ba1e89","name":"Cannabis.es","image":{"@type":"ImageObject","inLanguage":"es","@id":"https:\/\/www.cannabis.es\/pw\/#\/schema\/person\/image\/","url":"https:\/\/secure.gravatar.com\/avatar\/810c93a3d6fadc3d9c2665b1d919a4aedea8ed4dd63689d001e985a804e90d83?s=96&d=mm&r=g","contentUrl":"https:\/\/secure.gravatar.com\/avatar\/810c93a3d6fadc3d9c2665b1d919a4aedea8ed4dd63689d001e985a804e90d83?s=96&d=mm&r=g","caption":"Cannabis.es"},"url":"https:\/\/www.cannabis.es\/pw\/author\/arnau\/"}]}},"_links":{"self":[{"href":"https:\/\/www.cannabis.es\/pw\/wp-json\/wp\/v2\/posts\/7189","targetHints":{"allow":["GET"]}}],"collection":[{"href":"https:\/\/www.cannabis.es\/pw\/wp-json\/wp\/v2\/posts"}],"about":[{"href":"https:\/\/www.cannabis.es\/pw\/wp-json\/wp\/v2\/types\/post"}],"author":[{"embeddable":true,"href":"https:\/\/www.cannabis.es\/pw\/wp-json\/wp\/v2\/users\/3"}],"replies":[{"embeddable":true,"href":"https:\/\/www.cannabis.es\/pw\/wp-json\/wp\/v2\/comments?post=7189"}],"version-history":[{"count":3,"href":"https:\/\/www.cannabis.es\/pw\/wp-json\/wp\/v2\/posts\/7189\/revisions"}],"predecessor-version":[{"id":7196,"href":"https:\/\/www.cannabis.es\/pw\/wp-json\/wp\/v2\/posts\/7189\/revisions\/7196"}],"wp:featuredmedia":[{"embeddable":true,"href":"https:\/\/www.cannabis.es\/pw\/wp-json\/wp\/v2\/media\/7190"}],"wp:attachment":[{"href":"https:\/\/www.cannabis.es\/pw\/wp-json\/wp\/v2\/media?parent=7189"}],"wp:term":[{"taxonomy":"category","embeddable":true,"href":"https:\/\/www.cannabis.es\/pw\/wp-json\/wp\/v2\/categories?post=7189"},{"taxonomy":"post_tag","embeddable":true,"href":"https:\/\/www.cannabis.es\/pw\/wp-json\/wp\/v2\/tags?post=7189"}],"curies":[{"name":"wp","href":"https:\/\/api.w.org\/{rel}","templated":true}]}}