{"id":7197,"date":"2021-06-15T12:49:05","date_gmt":"2021-06-15T10:49:05","guid":{"rendered":"https:\/\/www.cannabis.es\/pw\/?p=7197"},"modified":"2021-06-15T12:49:06","modified_gmt":"2021-06-15T10:49:06","slug":"el-plan-nacional-de-drogas-vincula-el-cannabis-al-tabaquismo","status":"publish","type":"post","link":"https:\/\/www.cannabis.es\/pw\/2021\/06\/15\/el-plan-nacional-de-drogas-vincula-el-cannabis-al-tabaquismo\/","title":{"rendered":"El Plan Nacional de Drogas vincula el cannabis al tabaquismo"},"content":{"rendered":"\n<p>Benito D\u00edaz<\/p>\n\n\n\n<p>El pasado 11 de mayo se celebr\u00f3 el d\u00eda mundial sin tabaco, promovido por el Plan Nacional Sobre Drogas (PNSD), entidad dependiente del Ministerio de Sanidad. En su cuenta de Twitter, el organismo difundi\u00f3 distintos mensajes antitabaco; sin embargo, tambi\u00e9n public\u00f3 un hilo en el que se expusieron una serie de argumentos que defendieron posiciones prohibicionistas del cannabis, basados en afirmaciones controvertidas.<\/p>\n\n\n\n<p>En el hilo, una etiqueta correspond\u00eda a la asociaci\u00f3n subsidiaria del PNSD, Evidencia Cannabis Tabaco (\u00c9VICT). Aunque el PNSD no es sospechosa de participar en el activismo por la libertad del Cannabis, \u00c9VICT parece haber firmado todos y cada uno de los argumentos vertidos en los mensajes de la red social, que analizaremos m\u00e1s adelante.<\/p>\n\n\n\n<figure class=\"wp-block-image size-large\"><img loading=\"lazy\" decoding=\"async\" width=\"804\" height=\"532\" src=\"https:\/\/www.cannabis.es\/pw\/wp-content\/uploads\/2021\/06\/evict-pnsd.jpg\" alt=\"\" class=\"wp-image-7198\" srcset=\"https:\/\/www.cannabis.es\/pw\/wp-content\/uploads\/2021\/06\/evict-pnsd.jpg 804w, https:\/\/www.cannabis.es\/pw\/wp-content\/uploads\/2021\/06\/evict-pnsd-300x199.jpg 300w, https:\/\/www.cannabis.es\/pw\/wp-content\/uploads\/2021\/06\/evict-pnsd-768x508.jpg 768w, https:\/\/www.cannabis.es\/pw\/wp-content\/uploads\/2021\/06\/evict-pnsd-600x397.jpg 600w\" sizes=\"auto, (max-width: 804px) 100vw, 804px\" \/><\/figure>\n\n\n\n<h2 class=\"wp-block-heading\"><strong>\u00c9VICT<\/strong><\/h2>\n\n\n\n<p>La actividad del PNSD es bien conocida. Sus actualizaciones en redes sociales nos mantienen al d\u00eda de sus propuestas, informes <a href=\"https:\/\/www.cannabis.es\/pw\/2021\/01\/28\/sin-sorpresas-en-las-medallas-a-la-represion-plan-nacional-sobre-drogas\/\">y entregas de premios.<\/a> Sin embargo, no es tan conocido este subgrupo, que algunas personas han llegado a denominar <em>\u201cthink thank del prohibicionismo\u201d.<\/em><\/p>\n\n\n\n<p>La organizaci\u00f3n, presenta una misi\u00f3n en la cual se establece que <span class=\"has-inline-color has-luminous-vivid-orange-color\">\u201c<em>el cannabis y el tabaco son drogas comunes en todo el mundo y se utilizan a menudo en combinaci\u00f3n a trav\u00e9s de diferentes v\u00edas de administraci\u00f3n. En nuestro medio, el Cannabis se consume habitualmente mezclado con tabaco, fomentando y potenciando la capacidad adictiva de ambas sustancias, <strong>siendo el porro el paradigma de uso simult\u00e1neo de dos drogas psicoactivas y adictivas<\/strong>\u201d<\/em><\/span><em>.<\/em> As\u00ed, mientras aseguran promover unas actitudes \u201csanas\u201d, plantean la teor\u00eda de la <a href=\"https:\/\/www.aesed.com\/upload\/files\/v42-n3_isorna.pdf\">\u201cpuerta de entrada inversa\u201d<\/a>, pensamiento seg\u00fan el cual no se comenzar\u00eda fumando tabaco, si no la mezcla de cannabis y tabaco. Este consumo luego pasar\u00eda solo a fumar tabaco, desencadenando una escalada hacia la dependencia de la sustancia.<\/p>\n\n\n\n<p>Encontramos una referencia a su fecha de fundaci\u00f3n en una de las organizaciones que la impulsan, el Comit\u00e9 Nacional para la Prevenci\u00f3n del Tabaquismo (CNPT), seg\u00fan el cual, \u00c9VICT fue fundado en enero de 2015. En la p\u00e1gina web de la entidad, podemos encontrar una larga lista de personas que la articulan. Por una parte, el \u00f3rgano gestor, por otra, un nutrido grupo de trabajo, con especialistas psic\u00f3logos, m\u00e9dicos, enfermeras y profesores de distintas universidades, todos relacionados de un modo u otro con el tabaquismo. Tambi\u00e9n figura una enumeraci\u00f3n de colaboradores, asesores y grupos de \u201cprofesionales de apoyo\u201d. Entre las decenas de personas que figuran en estos documentos, localizamos varios nombres conocidos, grupos de prevenci\u00f3n de riesgos, incluso asociaciones cann\u00e1bicas que parecen sustentar el discurso de la entidad, como Charas en Madrid (cerrada desde hace cuatro a\u00f1os) o la Federaci\u00f3n de Asociaciones de Usuarios de Cannabis de Euskadi (EUSFAC).<\/p>\n\n\n\n<p>La p\u00e1gina web tambi\u00e9n muestra un mapa localizador de profesionales, en el que encontramos a nuestro antiguo compa\u00f1ero, el doctor Caudevilla G\u00e1lligo. Un localizador muy \u00fatil, que permite localizar entre los colaboradores al se\u00f1or Joan Ram\u00f3n Villalb\u00ed Hereter, delegado del gobierno en el PNSD. Por \u00faltimo, la p\u00e1gina de las entidades financiadoras, donde solo figura el PNSD.<\/p>\n\n\n\n<p>Cannabis.es ha podido saber que tambi\u00e9n recibe el apoyo de ciertas universidades, tales como Universidad de Salamanca, de Zaragoza, de La Rioja, de Alcal\u00e1, Universitat de Barcelona, de Murcia y del Pa\u00eds Vasco (UPV\/EHU), donde han llevado a cabo actividades formativas e informativas sobre su proyecto. Cabe destacar que, entre los enlaces que proponen \u201cde inter\u00e9s\u201d podemos ver al Instituto Hip\u00f3crates, conocido centro de desintoxicaci\u00f3n que propone tratamientos que pueden llegar hasta m\u00e1s all\u00e1 de los 10.000 euros.<\/p>\n\n\n\n<h2 class=\"wp-block-heading\"><strong>Argumentos en Twitter<\/strong><\/h2>\n\n\n\n<p><a href=\"https:\/\/twitter.com\/PNSDgob\/status\/1395032947607101445?s=20\">La publicaci\u00f3n<\/a> en la red de microblogging Twitter plante\u00f3 una serie de razonamientos que emanaban de los informes y acervo de \u00c9VICT, condensando sus informes (algunos de cientos de p\u00e1ginas), propaganda y otras documentaciones. Estructurados seg\u00fan la f\u00f3rmula de \u201cdesmentir mitos\u201d, se publicaba un supuesto y su contestaci\u00f3n contraria, por ejemplo:<\/p>\n\n\n\n<blockquote class=\"wp-block-quote is-layout-flow wp-block-quote-is-layout-flow\"><p>\u201c<em>Mito: Los j\u00f3venes consumen Cannabis porque est\u00e1 prohibido. Si se legalizara se consumir\u00eda menos. Realidad: En el consumo influye la facilidad para conseguir sustancia y el grado de aceptaci\u00f3n social de la misma\u201d.<\/em><\/p><cite>PNSD en Twitter<\/cite><\/blockquote>\n\n\n\n<blockquote class=\"wp-block-quote is-layout-flow wp-block-quote-is-layout-flow\"><p>\u201c<em>Mito: Fumar Cannabis resulta menos perjudicial que fumar Tabaco. Realidad: El cannabis contiene muchos de los carcin\u00f3genos del tabaco y en mayor cantidad. La forma de consumirlo tiene efecto broncodilatador y aumenta el riesgo de padecer c\u00e1ncer.\u201d<\/em><\/p><cite>PNSD<\/cite><\/blockquote>\n\n\n\n<blockquote class=\"wp-block-quote is-layout-flow wp-block-quote-is-layout-flow\"><p>\u201c<em>Mito: El Cannabis tiene efectos terap\u00e9uticos, por lo que no debe ser malo fumarse un porro de vez en cuando. Realidad: Los usos m\u00e9dicos del cannabis se realizan de manera controlada y no tiene nada que ver con su uso recreativo.\u201d<\/em><\/p><cite>PNSD<\/cite><\/blockquote>\n\n\n\n<p>La pandemia parece haber agitado esta organizaci\u00f3n durante el confinamiento, ya que el \u00faltimo informe presentado data de 2015. Sin embargo, hace pocas fechas que comenzaron a promover campa\u00f1as informativas con v\u00eddeos en Youtube e Instagram, donde algunos j\u00f3venes propon\u00edan m\u00e1s f\u00f3rmulas parecidas a las que hemos comentado arriba. Un enfoque con los mismos argumentos que ya tuvieron lugar en el simposio sobre cannabis de Catoira de 2019, donde la organizaci\u00f3n apareci\u00f3 para dar a conocer sus teor\u00edas.<\/p>\n","protected":false},"excerpt":{"rendered":"<span class=\"span-reading-time rt-reading-time\" style=\"display: block;\"><span class=\"rt-label rt-prefix\">Tiempo de lectura:<\/span> <span class=\"rt-time\"> 3<\/span> <span class=\"rt-label rt-postfix\">minutos<\/span><\/span>Benito D\u00edaz El pasado 11 de mayo se celebr\u00f3 el d\u00eda mundial sin tabaco, promovido por el Plan Nacional Sobre Drogas (PNSD), entidad dependiente del Ministerio de Sanidad. En su cuenta de Twitter, el organismo difundi\u00f3 distintos mensajes antitabaco; sin embargo, tambi\u00e9n public\u00f3 un hilo en el que se expusieron una serie de argumentos que [&hellip;]","protected":false},"author":3,"featured_media":7198,"comment_status":"closed","ping_status":"closed","sticky":false,"template":"","format":"standard","meta":{"loftocean-featured-post":"","loftocean_post_format_gallery":"","loftocean_post_format_gallery_ids":"","loftocean_post_format_gallery_urls":"","loftocean_post_format_video_id":"","loftocean_post_format_video_url":"","loftocean_post_format_video_type":"","loftocean_post_format_video":"","loftocean_post_format_audio_type":"","loftocean_post_format_audio_url":"","loftocean_post_format_audio_id":"","loftocean_post_format_audio":"","loftocean_post_format_quote_text":"","loftocean_post_format_quote_byline":"","loftocean_post_format_link_text":"","loftocean_post_format_link_url":"","ceramag_post_header_style":"","ceramag_enable_background_video":"","ceramag_show_in_top_slider":"","ceramag_post_background_video_start":"","ceramag_post_background_video_end":"","loftocean_page_background_video_id":"","loftocean_page_background_video_url":"","loftocean_page_background_video_type":"","loftocean_page_background_video":"","ceramag_background_video_start":"","ceramag_background_video_end":"","ceramag_single_page_hide_header":"","footnotes":""},"categories":[35],"tags":[43,41,44,42],"class_list":["post-7197","post","type-post","status-publish","format-standard","has-post-thumbnail","hentry","category-politica-y-sociedad","tag-benito-diaz","tag-cannabis","tag-drogas","tag-politica"],"yoast_head":"<!-- This site is optimized with the Yoast SEO plugin v24.9 - https:\/\/yoast.com\/wordpress\/plugins\/seo\/ -->\n<title>El Plan Nacional de Drogas vincula el cannabis al tabaquismo<\/title>\n<meta name=\"description\" content=\"Entrada &#8226; Portal multimedia sobre cannabis y otras sustancias &#8226; 15 junio, 2021\" \/>\n<meta name=\"robots\" content=\"index, follow, max-snippet:-1, max-image-preview:large, max-video-preview:-1\" \/>\n<link rel=\"canonical\" href=\"https:\/\/www.cannabis.es\/pw\/2021\/06\/15\/el-plan-nacional-de-drogas-vincula-el-cannabis-al-tabaquismo\/\" \/>\n<meta name=\"twitter:card\" content=\"summary_large_image\" \/>\n<meta name=\"twitter:title\" content=\"El Plan Nacional de Drogas vincula el cannabis al tabaquismo\" \/>\n<meta name=\"twitter:description\" content=\"Entrada &#8226; Portal multimedia sobre cannabis y otras sustancias &#8226; 15 junio, 2021\" \/>\n<meta name=\"twitter:image\" content=\"https:\/\/www.cannabis.es\/pw\/wp-content\/uploads\/2021\/06\/evict-pnsd.jpg\" \/>\n<meta name=\"twitter:creator\" content=\"@cannabis_es\" \/>\n<meta name=\"twitter:site\" content=\"@cannabis_es\" \/>\n<meta name=\"twitter:label1\" content=\"Escrito por\" \/>\n\t<meta name=\"twitter:data1\" content=\"Cannabis.es\" \/>\n\t<meta name=\"twitter:label2\" content=\"Tiempo de lectura\" \/>\n\t<meta name=\"twitter:data2\" content=\"4 minutos\" \/>\n<script type=\"application\/ld+json\" class=\"yoast-schema-graph\">{\"@context\":\"https:\/\/schema.org\",\"@graph\":[{\"@type\":\"Article\",\"@id\":\"https:\/\/www.cannabis.es\/pw\/2021\/06\/15\/el-plan-nacional-de-drogas-vincula-el-cannabis-al-tabaquismo\/#article\",\"isPartOf\":{\"@id\":\"https:\/\/www.cannabis.es\/pw\/2021\/06\/15\/el-plan-nacional-de-drogas-vincula-el-cannabis-al-tabaquismo\/\"},\"author\":{\"name\":\"Cannabis.es\",\"@id\":\"https:\/\/www.cannabis.es\/pw\/#\/schema\/person\/ec770c03f3e99d770687f537f4ba1e89\"},\"headline\":\"El Plan Nacional de Drogas vincula el cannabis al tabaquismo\",\"datePublished\":\"2021-06-15T10:49:05+00:00\",\"dateModified\":\"2021-06-15T10:49:06+00:00\",\"mainEntityOfPage\":{\"@id\":\"https:\/\/www.cannabis.es\/pw\/2021\/06\/15\/el-plan-nacional-de-drogas-vincula-el-cannabis-al-tabaquismo\/\"},\"wordCount\":887,\"publisher\":{\"@id\":\"https:\/\/www.cannabis.es\/pw\/#organization\"},\"image\":{\"@id\":\"https:\/\/www.cannabis.es\/pw\/2021\/06\/15\/el-plan-nacional-de-drogas-vincula-el-cannabis-al-tabaquismo\/#primaryimage\"},\"thumbnailUrl\":\"https:\/\/www.cannabis.es\/pw\/wp-content\/uploads\/2021\/06\/evict-pnsd.jpg\",\"keywords\":[\"Benito D\u00edaz\",\"cannabis\",\"drogas\",\"pol\u00edtica\"],\"articleSection\":[\"Pol\u00edtica y Sociedad\"],\"inLanguage\":\"es\"},{\"@type\":\"WebPage\",\"@id\":\"https:\/\/www.cannabis.es\/pw\/2021\/06\/15\/el-plan-nacional-de-drogas-vincula-el-cannabis-al-tabaquismo\/\",\"url\":\"https:\/\/www.cannabis.es\/pw\/2021\/06\/15\/el-plan-nacional-de-drogas-vincula-el-cannabis-al-tabaquismo\/\",\"name\":\"El Plan Nacional de Drogas vincula el cannabis al tabaquismo\",\"isPartOf\":{\"@id\":\"https:\/\/www.cannabis.es\/pw\/#website\"},\"primaryImageOfPage\":{\"@id\":\"https:\/\/www.cannabis.es\/pw\/2021\/06\/15\/el-plan-nacional-de-drogas-vincula-el-cannabis-al-tabaquismo\/#primaryimage\"},\"image\":{\"@id\":\"https:\/\/www.cannabis.es\/pw\/2021\/06\/15\/el-plan-nacional-de-drogas-vincula-el-cannabis-al-tabaquismo\/#primaryimage\"},\"thumbnailUrl\":\"https:\/\/www.cannabis.es\/pw\/wp-content\/uploads\/2021\/06\/evict-pnsd.jpg\",\"datePublished\":\"2021-06-15T10:49:05+00:00\",\"dateModified\":\"2021-06-15T10:49:06+00:00\",\"description\":\"Entrada &#8226; Portal multimedia sobre cannabis y otras sustancias &#8226; 15 junio, 2021\",\"breadcrumb\":{\"@id\":\"https:\/\/www.cannabis.es\/pw\/2021\/06\/15\/el-plan-nacional-de-drogas-vincula-el-cannabis-al-tabaquismo\/#breadcrumb\"},\"inLanguage\":\"es\",\"potentialAction\":[{\"@type\":\"ReadAction\",\"target\":[\"https:\/\/www.cannabis.es\/pw\/2021\/06\/15\/el-plan-nacional-de-drogas-vincula-el-cannabis-al-tabaquismo\/\"]}]},{\"@type\":\"ImageObject\",\"inLanguage\":\"es\",\"@id\":\"https:\/\/www.cannabis.es\/pw\/2021\/06\/15\/el-plan-nacional-de-drogas-vincula-el-cannabis-al-tabaquismo\/#primaryimage\",\"url\":\"https:\/\/www.cannabis.es\/pw\/wp-content\/uploads\/2021\/06\/evict-pnsd.jpg\",\"contentUrl\":\"https:\/\/www.cannabis.es\/pw\/wp-content\/uploads\/2021\/06\/evict-pnsd.jpg\",\"width\":804,\"height\":532},{\"@type\":\"BreadcrumbList\",\"@id\":\"https:\/\/www.cannabis.es\/pw\/2021\/06\/15\/el-plan-nacional-de-drogas-vincula-el-cannabis-al-tabaquismo\/#breadcrumb\",\"itemListElement\":[{\"@type\":\"ListItem\",\"position\":1,\"name\":\"Portada\",\"item\":\"http:\/\/www.cannabis.es\/pw\/\"},{\"@type\":\"ListItem\",\"position\":2,\"name\":\"El Plan Nacional de Drogas vincula el cannabis al tabaquismo\"}]},{\"@type\":\"WebSite\",\"@id\":\"https:\/\/www.cannabis.es\/pw\/#website\",\"url\":\"https:\/\/www.cannabis.es\/pw\/\",\"name\":\"Cannabis\",\"description\":\"Portal multimedia sobre cannabis y otras sustancias\",\"publisher\":{\"@id\":\"https:\/\/www.cannabis.es\/pw\/#organization\"},\"potentialAction\":[{\"@type\":\"SearchAction\",\"target\":{\"@type\":\"EntryPoint\",\"urlTemplate\":\"https:\/\/www.cannabis.es\/pw\/?s={search_term_string}\"},\"query-input\":{\"@type\":\"PropertyValueSpecification\",\"valueRequired\":true,\"valueName\":\"search_term_string\"}}],\"inLanguage\":\"es\"},{\"@type\":\"Organization\",\"@id\":\"https:\/\/www.cannabis.es\/pw\/#organization\",\"name\":\"Cannabis.es\",\"url\":\"https:\/\/www.cannabis.es\/pw\/\",\"logo\":{\"@type\":\"ImageObject\",\"inLanguage\":\"es\",\"@id\":\"https:\/\/www.cannabis.es\/pw\/#\/schema\/logo\/image\/\",\"url\":\"https:\/\/www.cannabis.es\/pw\/wp-content\/uploads\/2019\/04\/cropped-logo_cannabis.png\",\"contentUrl\":\"https:\/\/www.cannabis.es\/pw\/wp-content\/uploads\/2019\/04\/cropped-logo_cannabis.png\",\"width\":361,\"height\":120,\"caption\":\"Cannabis.es\"},\"image\":{\"@id\":\"https:\/\/www.cannabis.es\/pw\/#\/schema\/logo\/image\/\"},\"sameAs\":[\"https:\/\/x.com\/cannabis_es\"]},{\"@type\":\"Person\",\"@id\":\"https:\/\/www.cannabis.es\/pw\/#\/schema\/person\/ec770c03f3e99d770687f537f4ba1e89\",\"name\":\"Cannabis.es\",\"image\":{\"@type\":\"ImageObject\",\"inLanguage\":\"es\",\"@id\":\"https:\/\/www.cannabis.es\/pw\/#\/schema\/person\/image\/\",\"url\":\"https:\/\/secure.gravatar.com\/avatar\/810c93a3d6fadc3d9c2665b1d919a4aedea8ed4dd63689d001e985a804e90d83?s=96&d=mm&r=g\",\"contentUrl\":\"https:\/\/secure.gravatar.com\/avatar\/810c93a3d6fadc3d9c2665b1d919a4aedea8ed4dd63689d001e985a804e90d83?s=96&d=mm&r=g\",\"caption\":\"Cannabis.es\"},\"url\":\"https:\/\/www.cannabis.es\/pw\/author\/arnau\/\"}]}<\/script>\n<!-- \/ Yoast SEO plugin. -->","yoast_head_json":{"title":"El Plan Nacional de Drogas vincula el cannabis al tabaquismo","description":"Entrada &#8226; Portal multimedia sobre cannabis y otras sustancias &#8226; 15 junio, 2021","robots":{"index":"index","follow":"follow","max-snippet":"max-snippet:-1","max-image-preview":"max-image-preview:large","max-video-preview":"max-video-preview:-1"},"canonical":"https:\/\/www.cannabis.es\/pw\/2021\/06\/15\/el-plan-nacional-de-drogas-vincula-el-cannabis-al-tabaquismo\/","twitter_card":"summary_large_image","twitter_title":"El Plan Nacional de Drogas vincula el cannabis al tabaquismo","twitter_description":"Entrada &#8226; Portal multimedia sobre cannabis y otras sustancias &#8226; 15 junio, 2021","twitter_image":"https:\/\/www.cannabis.es\/pw\/wp-content\/uploads\/2021\/06\/evict-pnsd.jpg","twitter_creator":"@cannabis_es","twitter_site":"@cannabis_es","twitter_misc":{"Escrito por":"Cannabis.es","Tiempo de lectura":"4 minutos"},"schema":{"@context":"https:\/\/schema.org","@graph":[{"@type":"Article","@id":"https:\/\/www.cannabis.es\/pw\/2021\/06\/15\/el-plan-nacional-de-drogas-vincula-el-cannabis-al-tabaquismo\/#article","isPartOf":{"@id":"https:\/\/www.cannabis.es\/pw\/2021\/06\/15\/el-plan-nacional-de-drogas-vincula-el-cannabis-al-tabaquismo\/"},"author":{"name":"Cannabis.es","@id":"https:\/\/www.cannabis.es\/pw\/#\/schema\/person\/ec770c03f3e99d770687f537f4ba1e89"},"headline":"El Plan Nacional de Drogas vincula el cannabis al tabaquismo","datePublished":"2021-06-15T10:49:05+00:00","dateModified":"2021-06-15T10:49:06+00:00","mainEntityOfPage":{"@id":"https:\/\/www.cannabis.es\/pw\/2021\/06\/15\/el-plan-nacional-de-drogas-vincula-el-cannabis-al-tabaquismo\/"},"wordCount":887,"publisher":{"@id":"https:\/\/www.cannabis.es\/pw\/#organization"},"image":{"@id":"https:\/\/www.cannabis.es\/pw\/2021\/06\/15\/el-plan-nacional-de-drogas-vincula-el-cannabis-al-tabaquismo\/#primaryimage"},"thumbnailUrl":"https:\/\/www.cannabis.es\/pw\/wp-content\/uploads\/2021\/06\/evict-pnsd.jpg","keywords":["Benito D\u00edaz","cannabis","drogas","pol\u00edtica"],"articleSection":["Pol\u00edtica y Sociedad"],"inLanguage":"es"},{"@type":"WebPage","@id":"https:\/\/www.cannabis.es\/pw\/2021\/06\/15\/el-plan-nacional-de-drogas-vincula-el-cannabis-al-tabaquismo\/","url":"https:\/\/www.cannabis.es\/pw\/2021\/06\/15\/el-plan-nacional-de-drogas-vincula-el-cannabis-al-tabaquismo\/","name":"El Plan Nacional de Drogas vincula el cannabis al tabaquismo","isPartOf":{"@id":"https:\/\/www.cannabis.es\/pw\/#website"},"primaryImageOfPage":{"@id":"https:\/\/www.cannabis.es\/pw\/2021\/06\/15\/el-plan-nacional-de-drogas-vincula-el-cannabis-al-tabaquismo\/#primaryimage"},"image":{"@id":"https:\/\/www.cannabis.es\/pw\/2021\/06\/15\/el-plan-nacional-de-drogas-vincula-el-cannabis-al-tabaquismo\/#primaryimage"},"thumbnailUrl":"https:\/\/www.cannabis.es\/pw\/wp-content\/uploads\/2021\/06\/evict-pnsd.jpg","datePublished":"2021-06-15T10:49:05+00:00","dateModified":"2021-06-15T10:49:06+00:00","description":"Entrada &#8226; Portal multimedia sobre cannabis y otras sustancias &#8226; 15 junio, 2021","breadcrumb":{"@id":"https:\/\/www.cannabis.es\/pw\/2021\/06\/15\/el-plan-nacional-de-drogas-vincula-el-cannabis-al-tabaquismo\/#breadcrumb"},"inLanguage":"es","potentialAction":[{"@type":"ReadAction","target":["https:\/\/www.cannabis.es\/pw\/2021\/06\/15\/el-plan-nacional-de-drogas-vincula-el-cannabis-al-tabaquismo\/"]}]},{"@type":"ImageObject","inLanguage":"es","@id":"https:\/\/www.cannabis.es\/pw\/2021\/06\/15\/el-plan-nacional-de-drogas-vincula-el-cannabis-al-tabaquismo\/#primaryimage","url":"https:\/\/www.cannabis.es\/pw\/wp-content\/uploads\/2021\/06\/evict-pnsd.jpg","contentUrl":"https:\/\/www.cannabis.es\/pw\/wp-content\/uploads\/2021\/06\/evict-pnsd.jpg","width":804,"height":532},{"@type":"BreadcrumbList","@id":"https:\/\/www.cannabis.es\/pw\/2021\/06\/15\/el-plan-nacional-de-drogas-vincula-el-cannabis-al-tabaquismo\/#breadcrumb","itemListElement":[{"@type":"ListItem","position":1,"name":"Portada","item":"http:\/\/www.cannabis.es\/pw\/"},{"@type":"ListItem","position":2,"name":"El Plan Nacional de Drogas vincula el cannabis al tabaquismo"}]},{"@type":"WebSite","@id":"https:\/\/www.cannabis.es\/pw\/#website","url":"https:\/\/www.cannabis.es\/pw\/","name":"Cannabis","description":"Portal multimedia sobre cannabis y otras sustancias","publisher":{"@id":"https:\/\/www.cannabis.es\/pw\/#organization"},"potentialAction":[{"@type":"SearchAction","target":{"@type":"EntryPoint","urlTemplate":"https:\/\/www.cannabis.es\/pw\/?s={search_term_string}"},"query-input":{"@type":"PropertyValueSpecification","valueRequired":true,"valueName":"search_term_string"}}],"inLanguage":"es"},{"@type":"Organization","@id":"https:\/\/www.cannabis.es\/pw\/#organization","name":"Cannabis.es","url":"https:\/\/www.cannabis.es\/pw\/","logo":{"@type":"ImageObject","inLanguage":"es","@id":"https:\/\/www.cannabis.es\/pw\/#\/schema\/logo\/image\/","url":"https:\/\/www.cannabis.es\/pw\/wp-content\/uploads\/2019\/04\/cropped-logo_cannabis.png","contentUrl":"https:\/\/www.cannabis.es\/pw\/wp-content\/uploads\/2019\/04\/cropped-logo_cannabis.png","width":361,"height":120,"caption":"Cannabis.es"},"image":{"@id":"https:\/\/www.cannabis.es\/pw\/#\/schema\/logo\/image\/"},"sameAs":["https:\/\/x.com\/cannabis_es"]},{"@type":"Person","@id":"https:\/\/www.cannabis.es\/pw\/#\/schema\/person\/ec770c03f3e99d770687f537f4ba1e89","name":"Cannabis.es","image":{"@type":"ImageObject","inLanguage":"es","@id":"https:\/\/www.cannabis.es\/pw\/#\/schema\/person\/image\/","url":"https:\/\/secure.gravatar.com\/avatar\/810c93a3d6fadc3d9c2665b1d919a4aedea8ed4dd63689d001e985a804e90d83?s=96&d=mm&r=g","contentUrl":"https:\/\/secure.gravatar.com\/avatar\/810c93a3d6fadc3d9c2665b1d919a4aedea8ed4dd63689d001e985a804e90d83?s=96&d=mm&r=g","caption":"Cannabis.es"},"url":"https:\/\/www.cannabis.es\/pw\/author\/arnau\/"}]}},"_links":{"self":[{"href":"https:\/\/www.cannabis.es\/pw\/wp-json\/wp\/v2\/posts\/7197","targetHints":{"allow":["GET"]}}],"collection":[{"href":"https:\/\/www.cannabis.es\/pw\/wp-json\/wp\/v2\/posts"}],"about":[{"href":"https:\/\/www.cannabis.es\/pw\/wp-json\/wp\/v2\/types\/post"}],"author":[{"embeddable":true,"href":"https:\/\/www.cannabis.es\/pw\/wp-json\/wp\/v2\/users\/3"}],"replies":[{"embeddable":true,"href":"https:\/\/www.cannabis.es\/pw\/wp-json\/wp\/v2\/comments?post=7197"}],"version-history":[{"count":1,"href":"https:\/\/www.cannabis.es\/pw\/wp-json\/wp\/v2\/posts\/7197\/revisions"}],"predecessor-version":[{"id":7199,"href":"https:\/\/www.cannabis.es\/pw\/wp-json\/wp\/v2\/posts\/7197\/revisions\/7199"}],"wp:featuredmedia":[{"embeddable":true,"href":"https:\/\/www.cannabis.es\/pw\/wp-json\/wp\/v2\/media\/7198"}],"wp:attachment":[{"href":"https:\/\/www.cannabis.es\/pw\/wp-json\/wp\/v2\/media?parent=7197"}],"wp:term":[{"taxonomy":"category","embeddable":true,"href":"https:\/\/www.cannabis.es\/pw\/wp-json\/wp\/v2\/categories?post=7197"},{"taxonomy":"post_tag","embeddable":true,"href":"https:\/\/www.cannabis.es\/pw\/wp-json\/wp\/v2\/tags?post=7197"}],"curies":[{"name":"wp","href":"https:\/\/api.w.org\/{rel}","templated":true}]}}