{"id":7202,"date":"2021-06-16T13:18:54","date_gmt":"2021-06-16T11:18:54","guid":{"rendered":"https:\/\/www.cannabis.es\/pw\/?p=7202"},"modified":"2021-06-17T11:52:03","modified_gmt":"2021-06-17T09:52:03","slug":"hace-50-anos-nixon-bautizo-el-control-postcolonial-de-cultivos-como-guerra-contra-las-drogas","status":"publish","type":"post","link":"https:\/\/www.cannabis.es\/pw\/2021\/06\/16\/hace-50-anos-nixon-bautizo-el-control-postcolonial-de-cultivos-como-guerra-contra-las-drogas\/","title":{"rendered":"Hace 50 a\u00f1os, Nixon bautiz\u00f3 el control postcolonial de cultivos como Guerra contra las Drogas"},"content":{"rendered":"\n<p>Arnau Alcaide<\/p>\n\n\n\n<p>Hace 50 a\u00f1os, coincidiendo con las cr\u00edticas de la poblaci\u00f3n a la Guerra de Vietnam por la injerencia estadounidense y la masacre de civiles, el presidente Richard Nixon inici\u00f3 una desescalada del discurso militar temeroso de perder las siguientes elecciones y acus\u00f3 los traumas de la guerra que sufri\u00f3 su ej\u00e9rcito a las drogas que tomaron para tratar de soportar presenciarla.<\/p>\n\n\n\n<p>El 18 de junio de 1971, coincidiendo con el a\u00f1o en el que las Naciones Unidas incorporar\u00edan un a\u00f1adido a la ley de prohibici\u00f3n mundial para facilitar el acceso farmac\u00e9utico con clasificaciones de peligrosidad, Nixon declar\u00f3 las drogas \u201cel enemigo p\u00fablico n\u00famero uno\u201d en respuesta del Presidente al Congreso sobre Abuso de drogas, Prevenci\u00f3n y Control. <a href=\"https:\/\/www.cannabis.es\/pw\/2021\/02\/11\/nepal-busca-regresar-a-la-legalizacion-del-cannabis\/\">La desescalada de la Guerra Fr\u00eda necesitaba otro saco al que echar las culpas<\/a>, otro enemigo nacional sobre el que aunarse.<\/p>\n\n\n\n<figure class=\"wp-block-image size-large\"><img loading=\"lazy\" decoding=\"async\" width=\"804\" height=\"532\" src=\"https:\/\/www.cannabis.es\/pw\/wp-content\/uploads\/2021\/06\/nixon-prohibicionista.jpg\" alt=\"\" class=\"wp-image-7204\" srcset=\"https:\/\/www.cannabis.es\/pw\/wp-content\/uploads\/2021\/06\/nixon-prohibicionista.jpg 804w, https:\/\/www.cannabis.es\/pw\/wp-content\/uploads\/2021\/06\/nixon-prohibicionista-300x199.jpg 300w, https:\/\/www.cannabis.es\/pw\/wp-content\/uploads\/2021\/06\/nixon-prohibicionista-768x508.jpg 768w, https:\/\/www.cannabis.es\/pw\/wp-content\/uploads\/2021\/06\/nixon-prohibicionista-600x397.jpg 600w\" sizes=\"auto, (max-width: 804px) 100vw, 804px\" \/><\/figure>\n\n\n\n<p>Aunque sirvi\u00f3 para consolidar una mentalidad global prohibicionista por la relevancia de sus declaraciones en ese momento hist\u00f3rico, pues se elev\u00f3 la problem\u00e1tica de que el consumo de hero\u00edna estar\u00eda m\u00e1s presente cada vez en las tropas, la pol\u00edtica de drogas de Estados Unidos le ven\u00eda heredada, por lo que Nixon solo la consolid\u00f3 con el bautizo del t\u00e9rmino.<\/p>\n\n\n\n<p>Una cronolog\u00eda que muestra la prohibici\u00f3n desde 1914, primero de ciertas drogas con la Ley Harrison, pasando por la prohibici\u00f3n del alcohol o Ley Seca de 1919, la creaci\u00f3n de la administraci\u00f3n antidrogas en 1930, la derogaci\u00f3n de la prohibici\u00f3n del alcohol y la creaci\u00f3n de un primer organismo global de control en 1933 (posteriormente en las Naciones Unidas). Finalmente, en 1937, se prohibi\u00f3 la cannabis, con la consiguiente influencia en el trato futuro de la planta en el mundo, que quedar\u00eda amparada en las<a href=\"https:\/\/www.cannabis.es\/pw\/2020\/12\/03\/la-onu-reconoce-el-valor-terapeutico-de-la-cannabis-desambiguandola\/\"> Convenciones de 1960 y 1971<\/a>.<\/p>\n\n\n\n<figure class=\"wp-block-image\"><img decoding=\"async\" src=\"http:\/\/supercurioso.com\/wp-content\/uploads\/2016\/09\/S%C3%AD-la-hero%C3%ADna-se-recetaba-a-los-ni%C3%B1osss.jpg\" alt=\"S\u00ed, la hero\u00edna se recetaba a los ni\u00f1os - Supercurioso\"\/><figcaption>Hero\u00edna para la tos. Tambi\u00e9n para ni\u00f1os irritables.<\/figcaption><\/figure>\n","protected":false},"excerpt":{"rendered":"<span class=\"span-reading-time rt-reading-time\" style=\"display: block;\"><span class=\"rt-label rt-prefix\">Tiempo de lectura:<\/span> <span class=\"rt-time\"> &lt; 1<\/span> <span class=\"rt-label rt-postfix\">minuto<\/span><\/span>Arnau Alcaide Hace 50 a\u00f1os, coincidiendo con las cr\u00edticas de la poblaci\u00f3n a la Guerra de Vietnam por la injerencia estadounidense y la masacre de civiles, el presidente Richard Nixon inici\u00f3 una desescalada del discurso militar temeroso de perder las siguientes elecciones y acus\u00f3 los traumas de la guerra que sufri\u00f3 su ej\u00e9rcito a las [&hellip;]","protected":false},"author":3,"featured_media":7204,"comment_status":"closed","ping_status":"closed","sticky":false,"template":"","format":"standard","meta":{"loftocean-featured-post":"","loftocean_post_format_gallery":"","loftocean_post_format_gallery_ids":"","loftocean_post_format_gallery_urls":"","loftocean_post_format_video_id":"","loftocean_post_format_video_url":"","loftocean_post_format_video_type":"","loftocean_post_format_video":"","loftocean_post_format_audio_type":"","loftocean_post_format_audio_url":"","loftocean_post_format_audio_id":"","loftocean_post_format_audio":"","loftocean_post_format_quote_text":"","loftocean_post_format_quote_byline":"","loftocean_post_format_link_text":"","loftocean_post_format_link_url":"","ceramag_post_header_style":"","ceramag_enable_background_video":"","ceramag_show_in_top_slider":"","ceramag_post_background_video_start":"","ceramag_post_background_video_end":"","loftocean_page_background_video_id":"","loftocean_page_background_video_url":"","loftocean_page_background_video_type":"","loftocean_page_background_video":"","ceramag_background_video_start":"","ceramag_background_video_end":"","ceramag_single_page_hide_header":"","footnotes":""},"categories":[35],"tags":[540,690,42],"class_list":["post-7202","post","type-post","status-publish","format-standard","has-post-thumbnail","hentry","category-politica-y-sociedad","tag-arnau-alcaide","tag-guerra-contra-las-drogas","tag-politica"],"yoast_head":"<!-- This site is optimized with the Yoast SEO plugin v24.9 - https:\/\/yoast.com\/wordpress\/plugins\/seo\/ -->\n<title>Hace 50 a\u00f1os, Nixon bautiz\u00f3 el control postcolonial de cultivos como Guerra contra las Drogas<\/title>\n<meta name=\"description\" content=\"Entrada &#8226; Portal multimedia sobre cannabis y otras sustancias &#8226; 16 junio, 2021\" \/>\n<meta name=\"robots\" content=\"index, follow, max-snippet:-1, max-image-preview:large, max-video-preview:-1\" \/>\n<link rel=\"canonical\" href=\"https:\/\/www.cannabis.es\/pw\/2021\/06\/16\/hace-50-anos-nixon-bautizo-el-control-postcolonial-de-cultivos-como-guerra-contra-las-drogas\/\" \/>\n<meta name=\"twitter:card\" content=\"summary_large_image\" \/>\n<meta name=\"twitter:title\" content=\"Hace 50 a\u00f1os, Nixon bautiz\u00f3 el control postcolonial de cultivos como Guerra contra las Drogas\" \/>\n<meta name=\"twitter:description\" content=\"Entrada &#8226; Portal multimedia sobre cannabis y otras sustancias &#8226; 16 junio, 2021\" \/>\n<meta name=\"twitter:image\" content=\"https:\/\/www.cannabis.es\/pw\/wp-content\/uploads\/2021\/06\/nixon-prohibicionista.jpg\" \/>\n<meta name=\"twitter:creator\" content=\"@cannabis_es\" \/>\n<meta name=\"twitter:site\" content=\"@cannabis_es\" \/>\n<meta name=\"twitter:label1\" content=\"Escrito por\" \/>\n\t<meta name=\"twitter:data1\" content=\"Cannabis.es\" \/>\n\t<meta name=\"twitter:label2\" content=\"Tiempo de lectura\" \/>\n\t<meta name=\"twitter:data2\" content=\"2 minutos\" \/>\n<script type=\"application\/ld+json\" class=\"yoast-schema-graph\">{\"@context\":\"https:\/\/schema.org\",\"@graph\":[{\"@type\":\"Article\",\"@id\":\"https:\/\/www.cannabis.es\/pw\/2021\/06\/16\/hace-50-anos-nixon-bautizo-el-control-postcolonial-de-cultivos-como-guerra-contra-las-drogas\/#article\",\"isPartOf\":{\"@id\":\"https:\/\/www.cannabis.es\/pw\/2021\/06\/16\/hace-50-anos-nixon-bautizo-el-control-postcolonial-de-cultivos-como-guerra-contra-las-drogas\/\"},\"author\":{\"name\":\"Cannabis.es\",\"@id\":\"https:\/\/www.cannabis.es\/pw\/#\/schema\/person\/ec770c03f3e99d770687f537f4ba1e89\"},\"headline\":\"Hace 50 a\u00f1os, Nixon bautiz\u00f3 el control postcolonial de cultivos como Guerra contra las Drogas\",\"datePublished\":\"2021-06-16T11:18:54+00:00\",\"dateModified\":\"2021-06-17T09:52:03+00:00\",\"mainEntityOfPage\":{\"@id\":\"https:\/\/www.cannabis.es\/pw\/2021\/06\/16\/hace-50-anos-nixon-bautizo-el-control-postcolonial-de-cultivos-como-guerra-contra-las-drogas\/\"},\"wordCount\":335,\"publisher\":{\"@id\":\"https:\/\/www.cannabis.es\/pw\/#organization\"},\"image\":{\"@id\":\"https:\/\/www.cannabis.es\/pw\/2021\/06\/16\/hace-50-anos-nixon-bautizo-el-control-postcolonial-de-cultivos-como-guerra-contra-las-drogas\/#primaryimage\"},\"thumbnailUrl\":\"https:\/\/www.cannabis.es\/pw\/wp-content\/uploads\/2021\/06\/nixon-prohibicionista.jpg\",\"keywords\":[\"Arnau Alcaide\",\"guerra contra las drogas\",\"pol\u00edtica\"],\"articleSection\":[\"Pol\u00edtica y Sociedad\"],\"inLanguage\":\"es\"},{\"@type\":\"WebPage\",\"@id\":\"https:\/\/www.cannabis.es\/pw\/2021\/06\/16\/hace-50-anos-nixon-bautizo-el-control-postcolonial-de-cultivos-como-guerra-contra-las-drogas\/\",\"url\":\"https:\/\/www.cannabis.es\/pw\/2021\/06\/16\/hace-50-anos-nixon-bautizo-el-control-postcolonial-de-cultivos-como-guerra-contra-las-drogas\/\",\"name\":\"Hace 50 a\u00f1os, Nixon bautiz\u00f3 el control postcolonial de cultivos como Guerra contra las Drogas\",\"isPartOf\":{\"@id\":\"https:\/\/www.cannabis.es\/pw\/#website\"},\"primaryImageOfPage\":{\"@id\":\"https:\/\/www.cannabis.es\/pw\/2021\/06\/16\/hace-50-anos-nixon-bautizo-el-control-postcolonial-de-cultivos-como-guerra-contra-las-drogas\/#primaryimage\"},\"image\":{\"@id\":\"https:\/\/www.cannabis.es\/pw\/2021\/06\/16\/hace-50-anos-nixon-bautizo-el-control-postcolonial-de-cultivos-como-guerra-contra-las-drogas\/#primaryimage\"},\"thumbnailUrl\":\"https:\/\/www.cannabis.es\/pw\/wp-content\/uploads\/2021\/06\/nixon-prohibicionista.jpg\",\"datePublished\":\"2021-06-16T11:18:54+00:00\",\"dateModified\":\"2021-06-17T09:52:03+00:00\",\"description\":\"Entrada &#8226; Portal multimedia sobre cannabis y otras sustancias &#8226; 16 junio, 2021\",\"breadcrumb\":{\"@id\":\"https:\/\/www.cannabis.es\/pw\/2021\/06\/16\/hace-50-anos-nixon-bautizo-el-control-postcolonial-de-cultivos-como-guerra-contra-las-drogas\/#breadcrumb\"},\"inLanguage\":\"es\",\"potentialAction\":[{\"@type\":\"ReadAction\",\"target\":[\"https:\/\/www.cannabis.es\/pw\/2021\/06\/16\/hace-50-anos-nixon-bautizo-el-control-postcolonial-de-cultivos-como-guerra-contra-las-drogas\/\"]}]},{\"@type\":\"ImageObject\",\"inLanguage\":\"es\",\"@id\":\"https:\/\/www.cannabis.es\/pw\/2021\/06\/16\/hace-50-anos-nixon-bautizo-el-control-postcolonial-de-cultivos-como-guerra-contra-las-drogas\/#primaryimage\",\"url\":\"https:\/\/www.cannabis.es\/pw\/wp-content\/uploads\/2021\/06\/nixon-prohibicionista.jpg\",\"contentUrl\":\"https:\/\/www.cannabis.es\/pw\/wp-content\/uploads\/2021\/06\/nixon-prohibicionista.jpg\",\"width\":804,\"height\":532},{\"@type\":\"BreadcrumbList\",\"@id\":\"https:\/\/www.cannabis.es\/pw\/2021\/06\/16\/hace-50-anos-nixon-bautizo-el-control-postcolonial-de-cultivos-como-guerra-contra-las-drogas\/#breadcrumb\",\"itemListElement\":[{\"@type\":\"ListItem\",\"position\":1,\"name\":\"Portada\",\"item\":\"http:\/\/www.cannabis.es\/pw\/\"},{\"@type\":\"ListItem\",\"position\":2,\"name\":\"Hace 50 a\u00f1os, Nixon bautiz\u00f3 el control postcolonial de cultivos como Guerra contra las Drogas\"}]},{\"@type\":\"WebSite\",\"@id\":\"https:\/\/www.cannabis.es\/pw\/#website\",\"url\":\"https:\/\/www.cannabis.es\/pw\/\",\"name\":\"Cannabis\",\"description\":\"Portal multimedia sobre cannabis y otras sustancias\",\"publisher\":{\"@id\":\"https:\/\/www.cannabis.es\/pw\/#organization\"},\"potentialAction\":[{\"@type\":\"SearchAction\",\"target\":{\"@type\":\"EntryPoint\",\"urlTemplate\":\"https:\/\/www.cannabis.es\/pw\/?s={search_term_string}\"},\"query-input\":{\"@type\":\"PropertyValueSpecification\",\"valueRequired\":true,\"valueName\":\"search_term_string\"}}],\"inLanguage\":\"es\"},{\"@type\":\"Organization\",\"@id\":\"https:\/\/www.cannabis.es\/pw\/#organization\",\"name\":\"Cannabis.es\",\"url\":\"https:\/\/www.cannabis.es\/pw\/\",\"logo\":{\"@type\":\"ImageObject\",\"inLanguage\":\"es\",\"@id\":\"https:\/\/www.cannabis.es\/pw\/#\/schema\/logo\/image\/\",\"url\":\"https:\/\/www.cannabis.es\/pw\/wp-content\/uploads\/2019\/04\/cropped-logo_cannabis.png\",\"contentUrl\":\"https:\/\/www.cannabis.es\/pw\/wp-content\/uploads\/2019\/04\/cropped-logo_cannabis.png\",\"width\":361,\"height\":120,\"caption\":\"Cannabis.es\"},\"image\":{\"@id\":\"https:\/\/www.cannabis.es\/pw\/#\/schema\/logo\/image\/\"},\"sameAs\":[\"https:\/\/x.com\/cannabis_es\"]},{\"@type\":\"Person\",\"@id\":\"https:\/\/www.cannabis.es\/pw\/#\/schema\/person\/ec770c03f3e99d770687f537f4ba1e89\",\"name\":\"Cannabis.es\",\"image\":{\"@type\":\"ImageObject\",\"inLanguage\":\"es\",\"@id\":\"https:\/\/www.cannabis.es\/pw\/#\/schema\/person\/image\/\",\"url\":\"https:\/\/secure.gravatar.com\/avatar\/810c93a3d6fadc3d9c2665b1d919a4aedea8ed4dd63689d001e985a804e90d83?s=96&d=mm&r=g\",\"contentUrl\":\"https:\/\/secure.gravatar.com\/avatar\/810c93a3d6fadc3d9c2665b1d919a4aedea8ed4dd63689d001e985a804e90d83?s=96&d=mm&r=g\",\"caption\":\"Cannabis.es\"},\"url\":\"https:\/\/www.cannabis.es\/pw\/author\/arnau\/\"}]}<\/script>\n<!-- \/ Yoast SEO plugin. -->","yoast_head_json":{"title":"Hace 50 a\u00f1os, Nixon bautiz\u00f3 el control postcolonial de cultivos como Guerra contra las Drogas","description":"Entrada &#8226; Portal multimedia sobre cannabis y otras sustancias &#8226; 16 junio, 2021","robots":{"index":"index","follow":"follow","max-snippet":"max-snippet:-1","max-image-preview":"max-image-preview:large","max-video-preview":"max-video-preview:-1"},"canonical":"https:\/\/www.cannabis.es\/pw\/2021\/06\/16\/hace-50-anos-nixon-bautizo-el-control-postcolonial-de-cultivos-como-guerra-contra-las-drogas\/","twitter_card":"summary_large_image","twitter_title":"Hace 50 a\u00f1os, Nixon bautiz\u00f3 el control postcolonial de cultivos como Guerra contra las Drogas","twitter_description":"Entrada &#8226; Portal multimedia sobre cannabis y otras sustancias &#8226; 16 junio, 2021","twitter_image":"https:\/\/www.cannabis.es\/pw\/wp-content\/uploads\/2021\/06\/nixon-prohibicionista.jpg","twitter_creator":"@cannabis_es","twitter_site":"@cannabis_es","twitter_misc":{"Escrito por":"Cannabis.es","Tiempo de lectura":"2 minutos"},"schema":{"@context":"https:\/\/schema.org","@graph":[{"@type":"Article","@id":"https:\/\/www.cannabis.es\/pw\/2021\/06\/16\/hace-50-anos-nixon-bautizo-el-control-postcolonial-de-cultivos-como-guerra-contra-las-drogas\/#article","isPartOf":{"@id":"https:\/\/www.cannabis.es\/pw\/2021\/06\/16\/hace-50-anos-nixon-bautizo-el-control-postcolonial-de-cultivos-como-guerra-contra-las-drogas\/"},"author":{"name":"Cannabis.es","@id":"https:\/\/www.cannabis.es\/pw\/#\/schema\/person\/ec770c03f3e99d770687f537f4ba1e89"},"headline":"Hace 50 a\u00f1os, Nixon bautiz\u00f3 el control postcolonial de cultivos como Guerra contra las Drogas","datePublished":"2021-06-16T11:18:54+00:00","dateModified":"2021-06-17T09:52:03+00:00","mainEntityOfPage":{"@id":"https:\/\/www.cannabis.es\/pw\/2021\/06\/16\/hace-50-anos-nixon-bautizo-el-control-postcolonial-de-cultivos-como-guerra-contra-las-drogas\/"},"wordCount":335,"publisher":{"@id":"https:\/\/www.cannabis.es\/pw\/#organization"},"image":{"@id":"https:\/\/www.cannabis.es\/pw\/2021\/06\/16\/hace-50-anos-nixon-bautizo-el-control-postcolonial-de-cultivos-como-guerra-contra-las-drogas\/#primaryimage"},"thumbnailUrl":"https:\/\/www.cannabis.es\/pw\/wp-content\/uploads\/2021\/06\/nixon-prohibicionista.jpg","keywords":["Arnau Alcaide","guerra contra las drogas","pol\u00edtica"],"articleSection":["Pol\u00edtica y Sociedad"],"inLanguage":"es"},{"@type":"WebPage","@id":"https:\/\/www.cannabis.es\/pw\/2021\/06\/16\/hace-50-anos-nixon-bautizo-el-control-postcolonial-de-cultivos-como-guerra-contra-las-drogas\/","url":"https:\/\/www.cannabis.es\/pw\/2021\/06\/16\/hace-50-anos-nixon-bautizo-el-control-postcolonial-de-cultivos-como-guerra-contra-las-drogas\/","name":"Hace 50 a\u00f1os, Nixon bautiz\u00f3 el control postcolonial de cultivos como Guerra contra las Drogas","isPartOf":{"@id":"https:\/\/www.cannabis.es\/pw\/#website"},"primaryImageOfPage":{"@id":"https:\/\/www.cannabis.es\/pw\/2021\/06\/16\/hace-50-anos-nixon-bautizo-el-control-postcolonial-de-cultivos-como-guerra-contra-las-drogas\/#primaryimage"},"image":{"@id":"https:\/\/www.cannabis.es\/pw\/2021\/06\/16\/hace-50-anos-nixon-bautizo-el-control-postcolonial-de-cultivos-como-guerra-contra-las-drogas\/#primaryimage"},"thumbnailUrl":"https:\/\/www.cannabis.es\/pw\/wp-content\/uploads\/2021\/06\/nixon-prohibicionista.jpg","datePublished":"2021-06-16T11:18:54+00:00","dateModified":"2021-06-17T09:52:03+00:00","description":"Entrada &#8226; Portal multimedia sobre cannabis y otras sustancias &#8226; 16 junio, 2021","breadcrumb":{"@id":"https:\/\/www.cannabis.es\/pw\/2021\/06\/16\/hace-50-anos-nixon-bautizo-el-control-postcolonial-de-cultivos-como-guerra-contra-las-drogas\/#breadcrumb"},"inLanguage":"es","potentialAction":[{"@type":"ReadAction","target":["https:\/\/www.cannabis.es\/pw\/2021\/06\/16\/hace-50-anos-nixon-bautizo-el-control-postcolonial-de-cultivos-como-guerra-contra-las-drogas\/"]}]},{"@type":"ImageObject","inLanguage":"es","@id":"https:\/\/www.cannabis.es\/pw\/2021\/06\/16\/hace-50-anos-nixon-bautizo-el-control-postcolonial-de-cultivos-como-guerra-contra-las-drogas\/#primaryimage","url":"https:\/\/www.cannabis.es\/pw\/wp-content\/uploads\/2021\/06\/nixon-prohibicionista.jpg","contentUrl":"https:\/\/www.cannabis.es\/pw\/wp-content\/uploads\/2021\/06\/nixon-prohibicionista.jpg","width":804,"height":532},{"@type":"BreadcrumbList","@id":"https:\/\/www.cannabis.es\/pw\/2021\/06\/16\/hace-50-anos-nixon-bautizo-el-control-postcolonial-de-cultivos-como-guerra-contra-las-drogas\/#breadcrumb","itemListElement":[{"@type":"ListItem","position":1,"name":"Portada","item":"http:\/\/www.cannabis.es\/pw\/"},{"@type":"ListItem","position":2,"name":"Hace 50 a\u00f1os, Nixon bautiz\u00f3 el control postcolonial de cultivos como Guerra contra las Drogas"}]},{"@type":"WebSite","@id":"https:\/\/www.cannabis.es\/pw\/#website","url":"https:\/\/www.cannabis.es\/pw\/","name":"Cannabis","description":"Portal multimedia sobre cannabis y otras sustancias","publisher":{"@id":"https:\/\/www.cannabis.es\/pw\/#organization"},"potentialAction":[{"@type":"SearchAction","target":{"@type":"EntryPoint","urlTemplate":"https:\/\/www.cannabis.es\/pw\/?s={search_term_string}"},"query-input":{"@type":"PropertyValueSpecification","valueRequired":true,"valueName":"search_term_string"}}],"inLanguage":"es"},{"@type":"Organization","@id":"https:\/\/www.cannabis.es\/pw\/#organization","name":"Cannabis.es","url":"https:\/\/www.cannabis.es\/pw\/","logo":{"@type":"ImageObject","inLanguage":"es","@id":"https:\/\/www.cannabis.es\/pw\/#\/schema\/logo\/image\/","url":"https:\/\/www.cannabis.es\/pw\/wp-content\/uploads\/2019\/04\/cropped-logo_cannabis.png","contentUrl":"https:\/\/www.cannabis.es\/pw\/wp-content\/uploads\/2019\/04\/cropped-logo_cannabis.png","width":361,"height":120,"caption":"Cannabis.es"},"image":{"@id":"https:\/\/www.cannabis.es\/pw\/#\/schema\/logo\/image\/"},"sameAs":["https:\/\/x.com\/cannabis_es"]},{"@type":"Person","@id":"https:\/\/www.cannabis.es\/pw\/#\/schema\/person\/ec770c03f3e99d770687f537f4ba1e89","name":"Cannabis.es","image":{"@type":"ImageObject","inLanguage":"es","@id":"https:\/\/www.cannabis.es\/pw\/#\/schema\/person\/image\/","url":"https:\/\/secure.gravatar.com\/avatar\/810c93a3d6fadc3d9c2665b1d919a4aedea8ed4dd63689d001e985a804e90d83?s=96&d=mm&r=g","contentUrl":"https:\/\/secure.gravatar.com\/avatar\/810c93a3d6fadc3d9c2665b1d919a4aedea8ed4dd63689d001e985a804e90d83?s=96&d=mm&r=g","caption":"Cannabis.es"},"url":"https:\/\/www.cannabis.es\/pw\/author\/arnau\/"}]}},"_links":{"self":[{"href":"https:\/\/www.cannabis.es\/pw\/wp-json\/wp\/v2\/posts\/7202","targetHints":{"allow":["GET"]}}],"collection":[{"href":"https:\/\/www.cannabis.es\/pw\/wp-json\/wp\/v2\/posts"}],"about":[{"href":"https:\/\/www.cannabis.es\/pw\/wp-json\/wp\/v2\/types\/post"}],"author":[{"embeddable":true,"href":"https:\/\/www.cannabis.es\/pw\/wp-json\/wp\/v2\/users\/3"}],"replies":[{"embeddable":true,"href":"https:\/\/www.cannabis.es\/pw\/wp-json\/wp\/v2\/comments?post=7202"}],"version-history":[{"count":3,"href":"https:\/\/www.cannabis.es\/pw\/wp-json\/wp\/v2\/posts\/7202\/revisions"}],"predecessor-version":[{"id":7209,"href":"https:\/\/www.cannabis.es\/pw\/wp-json\/wp\/v2\/posts\/7202\/revisions\/7209"}],"wp:featuredmedia":[{"embeddable":true,"href":"https:\/\/www.cannabis.es\/pw\/wp-json\/wp\/v2\/media\/7204"}],"wp:attachment":[{"href":"https:\/\/www.cannabis.es\/pw\/wp-json\/wp\/v2\/media?parent=7202"}],"wp:term":[{"taxonomy":"category","embeddable":true,"href":"https:\/\/www.cannabis.es\/pw\/wp-json\/wp\/v2\/categories?post=7202"},{"taxonomy":"post_tag","embeddable":true,"href":"https:\/\/www.cannabis.es\/pw\/wp-json\/wp\/v2\/tags?post=7202"}],"curies":[{"name":"wp","href":"https:\/\/api.w.org\/{rel}","templated":true}]}}