{"id":7207,"date":"2021-06-17T12:59:34","date_gmt":"2021-06-17T10:59:34","guid":{"rendered":"https:\/\/www.cannabis.es\/pw\/?p=7207"},"modified":"2021-06-17T12:59:35","modified_gmt":"2021-06-17T10:59:35","slug":"polita-pepper-red-latinoamericana-de-mujeres-cannabicas-mexico-si-no-ponen-la-ley-del-cannabis-vamos-para-adelante","status":"publish","type":"post","link":"https:\/\/www.cannabis.es\/pw\/2021\/06\/17\/polita-pepper-red-latinoamericana-de-mujeres-cannabicas-mexico-si-no-ponen-la-ley-del-cannabis-vamos-para-adelante\/","title":{"rendered":"Polita Pepper, Red Latinoamericana de Mujeres Cann\u00e1bicas M\u00e9xico: \u201cSi no ponen la ley del Cannabis, vamos para adelante\u201d"},"content":{"rendered":"\n<p>Benito D\u00edaz<\/p>\n\n\n\n<p>Contactamos con Genlizzie Garibay, m\u00e1s conocida como Polita Pepper, activista por la libertad del Cannabis en M\u00e9xico. Conversamos sobre los avances realizados en materia de regulaci\u00f3n en su pa\u00eds, que afronta un momento decisivo en las pr\u00f3ximas semanas. En la actualidad, Polita compagina sus estudios de doctorado en Antropolog\u00eda Social, con clases en la universidad y sus actividades en la <a href=\"https:\/\/www.cannativa.net\/\">asociaci\u00f3n Cannativa,<\/a> de la que es presidenta y fundadora.<\/p>\n\n\n\n<p>Polita describe que comenz\u00f3 a usar este alias cuando inici\u00f3 sus actividades en foros y art\u00edculos en publicaciones cann\u00e1bicas, en un momento que<span class=\"has-inline-color has-luminous-vivid-orange-color\"> <em>\u201creci\u00e9n comenc\u00e9 en el movimiento y no era buena idea firmar con el propio nombre\u201d<\/em><\/span><em>, <\/em>nos cuenta. Adem\u00e1s, Polita es parte del grupo motor de la asociaci\u00f3n <a href=\"https:\/\/www.facebook.com\/RedLatinoamericanaMujeresCannabicasAntiprohibicion\/\">Red Latinoamericana de Mujeres Cann\u00e1bicas<\/a> (RELAMUCA), parte de la Red de Feministas Antiprohibicionistas de Am\u00e9rica Latina (TEIA, por sus siglas en portugu\u00e9s) y promotora del<a href=\"https:\/\/www.cannabis.es\/pw\/2021\/03\/08\/documental-cannabicas-la-revolucion-cannabica-es-feminista-porque-venimos-a-cambiarlo-todo\/\"> documental \u201cCann\u00e1bicas\u201d,<\/a> realizado en conjunci\u00f3n <a href=\"https:\/\/www.cannabis.es\/pw\/2021\/04\/06\/clara-sativa-sobre-cannabicas-los-derechos-de-las-mujeres-hay-que-pelearlos-todos-los-dias-del-ano\/\">con otras representantes de redes<\/a> cann\u00e1bicas feministas.<\/p>\n\n\n\n<figure class=\"wp-block-image size-large\"><img loading=\"lazy\" decoding=\"async\" width=\"804\" height=\"532\" src=\"https:\/\/www.cannabis.es\/pw\/wp-content\/uploads\/2021\/06\/polita-pepper.jpg\" alt=\"\" class=\"wp-image-7211\" srcset=\"https:\/\/www.cannabis.es\/pw\/wp-content\/uploads\/2021\/06\/polita-pepper.jpg 804w, https:\/\/www.cannabis.es\/pw\/wp-content\/uploads\/2021\/06\/polita-pepper-300x199.jpg 300w, https:\/\/www.cannabis.es\/pw\/wp-content\/uploads\/2021\/06\/polita-pepper-768x508.jpg 768w, https:\/\/www.cannabis.es\/pw\/wp-content\/uploads\/2021\/06\/polita-pepper-600x397.jpg 600w\" sizes=\"auto, (max-width: 804px) 100vw, 804px\" \/><\/figure>\n\n\n\n<h2 class=\"wp-block-heading\"><strong>Situaci\u00f3n del Cannabis en M\u00e9xico<\/strong><\/h2>\n\n\n\n<p>La regularizaci\u00f3n del Cannabis en el pa\u00eds de Juan Rulfo, no est\u00e1 siendo sencillo. <em>\u201cEl caso de M\u00e9xico es excepcional en las legislaciones latinoamericanas\u201d, <\/em>comenta. <em>\u201cDivide la ley en dos. Por un lado, la ley de Cannabis Medicinal, que tenemos desde 2017. Permite la importaci\u00f3n de CBD hasta el 1% de THC, sin producci\u00f3n nacional, siempre que se cumplan todos los requerimientos. \u00bfQu\u00e9 pas\u00f3?, los fundamentos de la ley de 2017 no concordaban con los de otras leyes superiores. Se contrapon\u00edan a otra ley que manten\u00eda la prohibici\u00f3n, sembrando la confusi\u00f3n. Tuvieron que reajustarse los reglamentos para que se pudiera efectuar la ley de Cannabis Medicinal y pas\u00f3 hasta<a href=\"https:\/\/www.cannabis.es\/pw\/2020\/08\/27\/mexico-reglamenta-la-produccion-y-abastecimiento-medicinal-sin-autocultivo-ni-flor\/\"> enero del 2021<\/a>. Tuvimos que esperar hasta esa fecha para entender c\u00f3mo haremos, para conocer cu\u00e1les son los requisitos necesarios para gestionar este CBD. Esto afectaba tambi\u00e9n a las empresas: sin embargo, <strong><a href=\"https:\/\/www.cannabis.es\/pw\/2020\/02\/19\/el-organismo-estatal-encargado-reconoce-arbitrariedad-en-la-concesion-de-licencias-un-informe-del-oeccc\/\">al d\u00eda siguiente de ser publicada la ley en 2017, ya hab\u00eda seis grupos que se hicieron con los permisos necesarios para acceder a esto, sin que nadie llegase a saber qu\u00e9 requerimientos fueron precisos\u201d<\/a><\/strong>,<\/em> recuerda Pepper. <em><strong>\u201cLos reglamentos ya est\u00e1n publicados y ha quedado un poco m\u00e1s claro qui\u00e9n puede entrar, qu\u00e9 se necesita, qui\u00e9n puede importar, etc\u00e9tera\u201d.<\/strong><\/em><\/p>\n\n\n\n<h2 class=\"wp-block-heading\"><strong>Uso Adulto<\/strong><\/h2>\n\n\n\n<p><span class=\"has-inline-color has-luminous-vivid-orange-color\">\u201c<em>M\u00e9xico discute desde hace tres a\u00f1os la ley llamada &#8216;De Uso Adulto&#8217;, una legislaci\u00f3n que permitir\u00eda el consumo y la producci\u00f3n de derivados con m\u00e1s de un 1% de THC. Lo que dio pie a que se iniciara esta discusi\u00f3n fue el argumento al respecto de la libre personalidad. Es decir, soy tan libre de hacer lo que considero que me hace bien, como inclusive de hacer lo que me hace mal, as\u00ed sea consumir Cannabis. Siguiendo esa l\u00ednea, se plantea una estrategia jur\u00eddica, se ganan varios casos ante los tribunales, hasta cinco. A partir del quinto, M\u00e9xico genera jurisprudencia, esto es, que despu\u00e9s de cinco fallos consecutivos, la Suprema Corte debi\u00f3 considerar que la prohibici\u00f3n no pod\u00eda continuar sin vulnerar los derechos de la libre personalidad.<\/em><\/span><em> As\u00ed, <a href=\"https:\/\/www.cannabis.es\/pw\/2015\/11\/10\/mexico-legaliza-el-cannabis\/\">la Suprema Corte ordena a las c\u00e1maras de Diputados y Senadores llevar a cabo una ley del Cannabis<\/a>. Se hicieron varios intentos, pasaron tres a\u00f1os. Superaron todos los plazos legales que tienen los senadores y legisladores para crear esta ley, <a href=\"https:\/\/www.cannabis.es\/pw\/2021\/05\/03\/portavoz-del-senado-de-mexico-la-marihuana-se-vende-en-la-esquina-entre-reformas\/\">el \u00faltimo venci\u00f3 en abril<\/a> de este a\u00f1o\u201d,<\/em> explica Pepper. <em>\u201cLa Suprema Corte no se pronuncia, hasta esta semana, en la cual dice que <strong>el 28 de junio se revisar\u00e1 esta declaratoria de inconstitucionalidad <\/strong>de la prohibici\u00f3n ante la no-ley\u201d.<\/em><\/p>\n\n\n\n<p>Los posibles escenarios tras esta fecha, incluyen dos supuestos tras la aprobaci\u00f3n tanto de las c\u00e1maras como del presidente Manuel L\u00f3pez Obrador.<span class=\"has-inline-color has-luminous-vivid-orange-color\"> <em>\u201cSe puede declarar la invalidez de la prohibici\u00f3n con efectos generales. Es decir, si el d\u00eda 28 se ganan 8 de 11 votos, entrar\u00eda en vigencia la no-prohibici\u00f3n del Cannabis. Lo que no tendr\u00edamos es una ley que refrendase todo esto, aunque se asume que se puede consumir Cannabis Recreativo, mientras se sigue en el limbo de carecer de un verdadero marco regulatorio\u201d<\/em><\/span><em>,<\/em> enuncia Polita.<span class=\"has-inline-color has-luminous-vivid-orange-color\"> <em>\u201cEn un segundo escenario, se vota en contra. Se tendr\u00eda que recurrir a emitir amparos para el consumo personal, como se hace ahora. No se podr\u00eda comercializar, ni usar Cannabis en lugares p\u00fablicos, adem\u00e1s, se seguir\u00eda persiguiendo el narcomenudeo, el narcotr\u00e1fico y la posesi\u00f3n, de acuerdo a la legalidad mexicana, que permite un m\u00e1ximo de cinco gramos. Es la \u00fanica v\u00eda que hay, sacar un permiso ante <a href=\"https:\/\/www.cannabis.es\/pw\/2019\/05\/03\/legalizacion-2-0-tras-la-retirada-de-productos-en-mexico\/\">COFEPRIS (Registro sanitario federal),<\/a> la autoridad reguladora\u201d<\/em><\/span><em>, <\/em>nos explica, a\u00f1adiendo que se trata de la \u00fanica manera de acceder a Cannabis de forma legal, mediante un mecanismo jur\u00eddico de amparo ante la negativa del permiso por parte del organismo oficial. Seg\u00fan nos explica, es un tr\u00e1mite burocr\u00e1tico que permitir\u00eda el cultivo y el consumo de forma individual.<\/p>\n\n\n\n<p><span class=\"has-inline-color has-luminous-vivid-orange-color\">\u201c<em>Ante estas circunstancias, desconocemos cu\u00e1les ser\u00edan los pasos siguientes. Quedar\u00eda sin regular, por ejemplo, una posible industria legal del Cannabis en M\u00e9xico. Habr\u00e1 que esperar a ver c\u00f3mo se desarrolla la discusi\u00f3n, porque nos sit\u00faa en una posici\u00f3n cr\u00edtica\u201d<\/em><\/span><em>.<\/em> Aunque se produzcan aperturas hacia la libertad, quedan por el camino cuestiones regulatorias sobre muchos factores que se omiten con la entrada de una regulaci\u00f3n tan vol\u00e1til. <em>\u201c<span class=\"has-inline-color has-luminous-vivid-orange-color\">Vamos a prestar mucha atenci\u00f3n a qu\u00e9 se decide y seg\u00fan lo que pase, veremos cu\u00e1l es la propuesta de la Suprema Corte al respecto de todo lo que no es referido al consumo personal, toda la industria legal en M\u00e9xico cuando ya existe toda una industria ilegal\u201d<\/span>,<\/em> arguye Pepper.<\/p>\n\n\n\n<h2 class=\"wp-block-heading\"><strong>Lucha Cann\u00e1bica<\/strong><\/h2>\n\n\n\n<p>\u201c<em>Hay varias trincheras que se est\u00e1n activando por parte de la sociedad civil. Hablo del activismo mediante acciones de primera l\u00ednea, marchas, protestas, concentraciones. Hace m\u00e1s de un a\u00f1o ya hubo un plant\u00f3n afuera del Senado, esperando que la ley se habilitase. Esta gente se volvi\u00f3 a movilizar cuando se anunci\u00f3 la declaratoria, para dar a conocer sus exigencias. Ayer mismo tuvieron un primer enfrentamiento con la polic\u00eda, la gente est\u00e1 en la calle. Las chicas est\u00e1n pronunci\u00e1ndose para expresar su opini\u00f3n, pues no se puede tolerar que nos tengan como si no existi\u00e9ramos. Por desgracia, la polic\u00eda mexicana es mundialmente conocida por ser corrupta, abusadora de la sociedad de forma sistem\u00e1tica y por salir impune de sus acciones. A\u00fan estamos peleando disposiciones contra actuaciones policiales en Atenco, all\u00e1 por 2006\u201d,<\/em> denuncia Polita.<\/p>\n\n\n\n<p><span class=\"has-inline-color has-luminous-vivid-orange-color\">\u201c<em>Existen otros frentes. La sociedad mexicana avanz\u00f3 en el negocio del Cannabis mucho m\u00e1s que su ley. Hay una industria alegal \u2013 ilegal muy establecida, que funciona. Hay gente con bancos de semillas, clubes cann\u00e1bicos, dispensarios, cooperativas por parte de comunidades ind\u00edgenas organizadas para cultivar Cannabis de forma independiente a la ley\u201d,<\/em> <\/span>dice Polita<em>. \u201cLa movilizaci\u00f3n social que me parece muy significativa a nivel pol\u00edtico. Si ustedes no nos ponen una ley, nosotras igual vamos para adelante\u201d.<\/em> La activista y profesora universitaria, describe proyectos con \u00e9tica y responsabilidad, que proponen una industria respetable y cuidadosa, mientras menciona el \u00e9xito y poder del NarcoEstado, entidades paralelas al Estado con gran autoridad incluso internacional, que est\u00e1n generando alternativas bajo el paraguas de esta no-regulaci\u00f3n. <em>\u201cSe mantiene el mercado ilegal avalado por el NarcoEstado, muy exitoso, exportando y movi\u00e9ndose, aun a coste de vidas humanas, confundiendo a personas entusiastas y a organizaciones\u201d.<\/em> Foros, seminarios, charlas, diplomaturas en universidades, generadas de forma continua y comparables a la lucha activista en las calles, la generaci\u00f3n de toda una industria, pero sin ley.<\/p>\n\n\n\n<h2 class=\"wp-block-heading\"><strong>Vulnerados<\/strong><\/h2>\n\n\n\n<p>La ausencia de una regulaci\u00f3n clara al respecto del cannabis afecta de forma frontal a una serie de colectivos. <em><span class=\"has-inline-color has-luminous-vivid-orange-color\">\u201cEstamos hablando de que M\u00e9xico es un pa\u00eds ind\u00edgena y campesino que hace m\u00e1s de cien a\u00f1os que tiene una gran cultura cannabicultora. Al no tener regulaci\u00f3n, esas comunidades ind\u00edgenas que producen toneladas de Cannabis y que no pueden tener una vida digna, sin derechos, siguen siendo presas trabajadoras de ese NarcoEstado\u201d<\/span>,<\/em> declara Pepper. <em>\u201cLas mujeres involucradas en este camino, tambi\u00e9n se ven vulneradas. <\/em><strong><em><a href=\"https:\/\/www.cannabis.es\/pw\/2019\/07\/12\/prision-sexista-racista-y-de-clase-en-la-guerra-contra-las-drogas\/\">Las mulas, las personas trans, los j\u00f3venes de las ciudades, cuanto m\u00e1s racializados tambi\u00e9n son m\u00e1s discriminados<\/a>. La no-ley continuar\u00eda ignorando que estas comunidades en peligro podr\u00edan tener una transici\u00f3n al mercado legal con una vida digna\u201d<\/em>.<\/strong><\/p>\n\n\n\n<p>Polita reivindica la reparaci\u00f3n de da\u00f1os producidos por la Guerra contra las Drogas, que el Estado mexicano impulsa con fuerza desde hace m\u00e1s de cinco d\u00e9cadas. <em>\u201cEs el Estado el que tiene una pol\u00edtica genocida y afecta a las comunidades m\u00e1s olvidadas. Deber\u00eda incluir justicia y dignidad para las personas que llevan 50 a\u00f1os de su vida siendo vejadas, violadas, maltratadas, asesinadas y con una vida sin estima por esas pol\u00edticas que sustentan y reproducen a diario\u201d.<\/em><\/p>\n\n\n\n<h2 class=\"wp-block-heading\"><strong>Red Latinoamericana de Mujeres Cann\u00e1bicas<\/strong><\/h2>\n\n\n\n<p>\u201c<em>Surge de una serie de conspiraciones, sue\u00f1os e inconformidades que mueres latinoamericanas ten\u00edamos al respecto del cannabis\u201d,<\/em> recuerda Polita. <em>\u201cLa interacci\u00f3n se dio sobre todo por Internet. Iniciamos una serie de conversaciones sobre sentimientos que encontramos que nos atravesaban a todas y que no hab\u00edamos podido expresar fuera de nuestros peque\u00f1os c\u00edrculos y comunidades. Eso gener\u00f3 que, en el grupo en el que intercambi\u00e1bamos informaci\u00f3n, algunas tuvi\u00e9ramos la oportunidad de vernos. Esto ocurri\u00f3 en 2016, en la primera Expomediweed, en la ciudad de Medell\u00edn, Colombia. All\u00ed escribimos nuestro manifiesto y acordamos nuestros principios b\u00e1sicos, como ser una red antiprohibicionista, antipatriarcal, mostrarnos en contra de ese sistema que oprime cuerpos y territorios; y decolonial, punto en el que m\u00e1s nos sent\u00edamos en la necesidad de crear un movimiento propio, pues pens\u00e1bamos que las caracter\u00edsticas de Latinoam\u00e9rica no son comparables a las de otras organizaciones del norte global, a pesar de ser una gran fuente de inspiraci\u00f3n. De ah\u00ed la posibilidad de cuestionar ese sistema geopol\u00edtico en torno al Cannabis\u201d.<\/em> Desde entonces, la organizaci\u00f3n ha promovido muchas actividades, encuentros, por pa\u00eds o coordinadas, siendo su apuesta la generaci\u00f3n de foros al respecto de los puntos que acabamos de mencionar, sumados al feminismo.<\/p>\n\n\n\n<p>El \u00fanico objetivo de la organizaci\u00f3n, aclara, era ser reconocidas entre las propias integrantes. <em><span class=\"has-inline-color has-luminous-vivid-orange-color\">\u201cHoy en d\u00eda, los temas de feminismo en foros y ferias cann\u00e1bicas, son considerados y tenidos en cuenta. Hace seis a\u00f1os, plante\u00e9 una mesa de mujeres en una de las primeras ferias en M\u00e9xico y se rieron de m\u00ed.<\/span> Hablo de un pa\u00eds que est\u00e1 en el top de pa\u00edses que matan mujeres, una media de 12 mujeres al d\u00eda, que son solo las reconocidas por las autoridades. Muertas por ser mujeres. No se muestran en esas estad\u00edsticas otras muertes que tambi\u00e9n son fruto del sistema patriarcal\u201d<\/em>, revela Polita. <em>\u201cEs un pa\u00eds con una fuerte tradici\u00f3n patriarcal y machista, as\u00ed que no me result\u00f3 raro que se rieran de m\u00ed. Seis a\u00f1os despu\u00e9s, me atrevo a decir que se est\u00e1 alcanzando, no la paridad, pero s\u00ed la participaci\u00f3n de espacios donde las mujeres cuestionamos distintos posicionamientos. Es un avance significativo\u201d.<\/em><\/p>\n\n\n\n<p>Polita expone que no exist\u00eda agenda sobre el feminismo cann\u00e1bico en Latinoam\u00e9rica: <em>\u201cFuimos quienes conseguimos ese lugar, no se nos fue otorgado. Eso ha conseguido que nos reconozcamos m\u00e1s, que visibilicemos nuestro trabajo, abriendo esos espacios y ocup\u00e1ndolos, mientras hacemos visibles a todas las otras que no los ocupan. Hoy d\u00eda estamos gestionando un protocolo de acci\u00f3n ante la violencia de g\u00e9nero en la industria del Cannabis en LatAm para enfrentarnos a la omisi\u00f3n de justicia en todos los pa\u00edses, generando estrategias de cuidado entre nosotras\u201d<\/em><\/p>\n","protected":false},"excerpt":{"rendered":"<span class=\"span-reading-time rt-reading-time\" style=\"display: block;\"><span class=\"rt-label rt-prefix\">Tiempo de lectura:<\/span> <span class=\"rt-time\"> 7<\/span> <span class=\"rt-label rt-postfix\">minutos<\/span><\/span>Benito D\u00edaz Contactamos con Genlizzie Garibay, m\u00e1s conocida como Polita Pepper, activista por la libertad del Cannabis en M\u00e9xico. Conversamos sobre los avances realizados en materia de regulaci\u00f3n en su pa\u00eds, que afronta un momento decisivo en las pr\u00f3ximas semanas. En la actualidad, Polita compagina sus estudios de doctorado en Antropolog\u00eda Social, con clases en [&hellip;]","protected":false},"author":3,"featured_media":7211,"comment_status":"closed","ping_status":"closed","sticky":false,"template":"","format":"standard","meta":{"loftocean-featured-post":"","loftocean_post_format_gallery":"","loftocean_post_format_gallery_ids":"","loftocean_post_format_gallery_urls":"","loftocean_post_format_video_id":"","loftocean_post_format_video_url":"","loftocean_post_format_video_type":"","loftocean_post_format_video":"","loftocean_post_format_audio_type":"","loftocean_post_format_audio_url":"","loftocean_post_format_audio_id":"","loftocean_post_format_audio":"","loftocean_post_format_quote_text":"","loftocean_post_format_quote_byline":"","loftocean_post_format_link_text":"","loftocean_post_format_link_url":"","ceramag_post_header_style":"","ceramag_enable_background_video":"","ceramag_show_in_top_slider":"","ceramag_post_background_video_start":"","ceramag_post_background_video_end":"","loftocean_page_background_video_id":"","loftocean_page_background_video_url":"","loftocean_page_background_video_type":"","loftocean_page_background_video":"","ceramag_background_video_start":"","ceramag_background_video_end":"","ceramag_single_page_hide_header":"","footnotes":""},"categories":[33],"tags":[43,41,690,54,393],"class_list":["post-7207","post","type-post","status-publish","format-standard","has-post-thumbnail","hentry","category-entrevistas","tag-benito-diaz","tag-cannabis","tag-guerra-contra-las-drogas","tag-legalizacion","tag-mexico"],"yoast_head":"<!-- This site is optimized with the Yoast SEO plugin v24.9 - https:\/\/yoast.com\/wordpress\/plugins\/seo\/ -->\n<title>Polita Pepper, Red Latinoamericana de Mujeres Cann\u00e1bicas M\u00e9xico: \u201cSi no ponen la ley del Cannabis, vamos para adelante\u201d<\/title>\n<meta name=\"description\" content=\"Entrada &#8226; Portal multimedia sobre cannabis y otras sustancias &#8226; 17 junio, 2021\" \/>\n<meta name=\"robots\" content=\"index, follow, max-snippet:-1, max-image-preview:large, max-video-preview:-1\" \/>\n<link rel=\"canonical\" href=\"https:\/\/www.cannabis.es\/pw\/2021\/06\/17\/polita-pepper-red-latinoamericana-de-mujeres-cannabicas-mexico-si-no-ponen-la-ley-del-cannabis-vamos-para-adelante\/\" \/>\n<meta name=\"twitter:card\" content=\"summary_large_image\" \/>\n<meta name=\"twitter:title\" content=\"Polita Pepper, Red Latinoamericana de Mujeres Cann\u00e1bicas M\u00e9xico: \u201cSi no ponen la ley del Cannabis, vamos para adelante\u201d\" \/>\n<meta name=\"twitter:description\" content=\"Entrada &#8226; Portal multimedia sobre cannabis y otras sustancias &#8226; 17 junio, 2021\" \/>\n<meta name=\"twitter:image\" content=\"https:\/\/www.cannabis.es\/pw\/wp-content\/uploads\/2021\/06\/polita-pepper.jpg\" \/>\n<meta name=\"twitter:creator\" content=\"@cannabis_es\" \/>\n<meta name=\"twitter:site\" content=\"@cannabis_es\" \/>\n<meta name=\"twitter:label1\" content=\"Escrito por\" \/>\n\t<meta name=\"twitter:data1\" content=\"Cannabis.es\" \/>\n\t<meta name=\"twitter:label2\" content=\"Tiempo de lectura\" \/>\n\t<meta name=\"twitter:data2\" content=\"9 minutos\" \/>\n<script type=\"application\/ld+json\" class=\"yoast-schema-graph\">{\"@context\":\"https:\/\/schema.org\",\"@graph\":[{\"@type\":\"Article\",\"@id\":\"https:\/\/www.cannabis.es\/pw\/2021\/06\/17\/polita-pepper-red-latinoamericana-de-mujeres-cannabicas-mexico-si-no-ponen-la-ley-del-cannabis-vamos-para-adelante\/#article\",\"isPartOf\":{\"@id\":\"https:\/\/www.cannabis.es\/pw\/2021\/06\/17\/polita-pepper-red-latinoamericana-de-mujeres-cannabicas-mexico-si-no-ponen-la-ley-del-cannabis-vamos-para-adelante\/\"},\"author\":{\"name\":\"Cannabis.es\",\"@id\":\"https:\/\/www.cannabis.es\/pw\/#\/schema\/person\/ec770c03f3e99d770687f537f4ba1e89\"},\"headline\":\"Polita Pepper, Red Latinoamericana de Mujeres Cann\u00e1bicas M\u00e9xico: \u201cSi no ponen la ley del Cannabis, vamos para adelante\u201d\",\"datePublished\":\"2021-06-17T10:59:34+00:00\",\"dateModified\":\"2021-06-17T10:59:35+00:00\",\"mainEntityOfPage\":{\"@id\":\"https:\/\/www.cannabis.es\/pw\/2021\/06\/17\/polita-pepper-red-latinoamericana-de-mujeres-cannabicas-mexico-si-no-ponen-la-ley-del-cannabis-vamos-para-adelante\/\"},\"wordCount\":2050,\"publisher\":{\"@id\":\"https:\/\/www.cannabis.es\/pw\/#organization\"},\"image\":{\"@id\":\"https:\/\/www.cannabis.es\/pw\/2021\/06\/17\/polita-pepper-red-latinoamericana-de-mujeres-cannabicas-mexico-si-no-ponen-la-ley-del-cannabis-vamos-para-adelante\/#primaryimage\"},\"thumbnailUrl\":\"https:\/\/www.cannabis.es\/pw\/wp-content\/uploads\/2021\/06\/polita-pepper.jpg\",\"keywords\":[\"Benito D\u00edaz\",\"cannabis\",\"guerra contra las drogas\",\"legalizaci\u00f3n\",\"m\u00e9xico\"],\"articleSection\":[\"Entrevistas\"],\"inLanguage\":\"es\"},{\"@type\":\"WebPage\",\"@id\":\"https:\/\/www.cannabis.es\/pw\/2021\/06\/17\/polita-pepper-red-latinoamericana-de-mujeres-cannabicas-mexico-si-no-ponen-la-ley-del-cannabis-vamos-para-adelante\/\",\"url\":\"https:\/\/www.cannabis.es\/pw\/2021\/06\/17\/polita-pepper-red-latinoamericana-de-mujeres-cannabicas-mexico-si-no-ponen-la-ley-del-cannabis-vamos-para-adelante\/\",\"name\":\"Polita Pepper, Red Latinoamericana de Mujeres Cann\u00e1bicas M\u00e9xico: \u201cSi no ponen la ley del Cannabis, vamos para adelante\u201d\",\"isPartOf\":{\"@id\":\"https:\/\/www.cannabis.es\/pw\/#website\"},\"primaryImageOfPage\":{\"@id\":\"https:\/\/www.cannabis.es\/pw\/2021\/06\/17\/polita-pepper-red-latinoamericana-de-mujeres-cannabicas-mexico-si-no-ponen-la-ley-del-cannabis-vamos-para-adelante\/#primaryimage\"},\"image\":{\"@id\":\"https:\/\/www.cannabis.es\/pw\/2021\/06\/17\/polita-pepper-red-latinoamericana-de-mujeres-cannabicas-mexico-si-no-ponen-la-ley-del-cannabis-vamos-para-adelante\/#primaryimage\"},\"thumbnailUrl\":\"https:\/\/www.cannabis.es\/pw\/wp-content\/uploads\/2021\/06\/polita-pepper.jpg\",\"datePublished\":\"2021-06-17T10:59:34+00:00\",\"dateModified\":\"2021-06-17T10:59:35+00:00\",\"description\":\"Entrada &#8226; Portal multimedia sobre cannabis y otras sustancias &#8226; 17 junio, 2021\",\"breadcrumb\":{\"@id\":\"https:\/\/www.cannabis.es\/pw\/2021\/06\/17\/polita-pepper-red-latinoamericana-de-mujeres-cannabicas-mexico-si-no-ponen-la-ley-del-cannabis-vamos-para-adelante\/#breadcrumb\"},\"inLanguage\":\"es\",\"potentialAction\":[{\"@type\":\"ReadAction\",\"target\":[\"https:\/\/www.cannabis.es\/pw\/2021\/06\/17\/polita-pepper-red-latinoamericana-de-mujeres-cannabicas-mexico-si-no-ponen-la-ley-del-cannabis-vamos-para-adelante\/\"]}]},{\"@type\":\"ImageObject\",\"inLanguage\":\"es\",\"@id\":\"https:\/\/www.cannabis.es\/pw\/2021\/06\/17\/polita-pepper-red-latinoamericana-de-mujeres-cannabicas-mexico-si-no-ponen-la-ley-del-cannabis-vamos-para-adelante\/#primaryimage\",\"url\":\"https:\/\/www.cannabis.es\/pw\/wp-content\/uploads\/2021\/06\/polita-pepper.jpg\",\"contentUrl\":\"https:\/\/www.cannabis.es\/pw\/wp-content\/uploads\/2021\/06\/polita-pepper.jpg\",\"width\":804,\"height\":532},{\"@type\":\"BreadcrumbList\",\"@id\":\"https:\/\/www.cannabis.es\/pw\/2021\/06\/17\/polita-pepper-red-latinoamericana-de-mujeres-cannabicas-mexico-si-no-ponen-la-ley-del-cannabis-vamos-para-adelante\/#breadcrumb\",\"itemListElement\":[{\"@type\":\"ListItem\",\"position\":1,\"name\":\"Portada\",\"item\":\"http:\/\/www.cannabis.es\/pw\/\"},{\"@type\":\"ListItem\",\"position\":2,\"name\":\"Polita Pepper, Red Latinoamericana de Mujeres Cann\u00e1bicas M\u00e9xico: \u201cSi no ponen la ley del Cannabis, vamos para adelante\u201d\"}]},{\"@type\":\"WebSite\",\"@id\":\"https:\/\/www.cannabis.es\/pw\/#website\",\"url\":\"https:\/\/www.cannabis.es\/pw\/\",\"name\":\"Cannabis\",\"description\":\"Portal multimedia sobre cannabis y otras sustancias\",\"publisher\":{\"@id\":\"https:\/\/www.cannabis.es\/pw\/#organization\"},\"potentialAction\":[{\"@type\":\"SearchAction\",\"target\":{\"@type\":\"EntryPoint\",\"urlTemplate\":\"https:\/\/www.cannabis.es\/pw\/?s={search_term_string}\"},\"query-input\":{\"@type\":\"PropertyValueSpecification\",\"valueRequired\":true,\"valueName\":\"search_term_string\"}}],\"inLanguage\":\"es\"},{\"@type\":\"Organization\",\"@id\":\"https:\/\/www.cannabis.es\/pw\/#organization\",\"name\":\"Cannabis.es\",\"url\":\"https:\/\/www.cannabis.es\/pw\/\",\"logo\":{\"@type\":\"ImageObject\",\"inLanguage\":\"es\",\"@id\":\"https:\/\/www.cannabis.es\/pw\/#\/schema\/logo\/image\/\",\"url\":\"https:\/\/www.cannabis.es\/pw\/wp-content\/uploads\/2019\/04\/cropped-logo_cannabis.png\",\"contentUrl\":\"https:\/\/www.cannabis.es\/pw\/wp-content\/uploads\/2019\/04\/cropped-logo_cannabis.png\",\"width\":361,\"height\":120,\"caption\":\"Cannabis.es\"},\"image\":{\"@id\":\"https:\/\/www.cannabis.es\/pw\/#\/schema\/logo\/image\/\"},\"sameAs\":[\"https:\/\/x.com\/cannabis_es\"]},{\"@type\":\"Person\",\"@id\":\"https:\/\/www.cannabis.es\/pw\/#\/schema\/person\/ec770c03f3e99d770687f537f4ba1e89\",\"name\":\"Cannabis.es\",\"image\":{\"@type\":\"ImageObject\",\"inLanguage\":\"es\",\"@id\":\"https:\/\/www.cannabis.es\/pw\/#\/schema\/person\/image\/\",\"url\":\"https:\/\/secure.gravatar.com\/avatar\/810c93a3d6fadc3d9c2665b1d919a4aedea8ed4dd63689d001e985a804e90d83?s=96&d=mm&r=g\",\"contentUrl\":\"https:\/\/secure.gravatar.com\/avatar\/810c93a3d6fadc3d9c2665b1d919a4aedea8ed4dd63689d001e985a804e90d83?s=96&d=mm&r=g\",\"caption\":\"Cannabis.es\"},\"url\":\"https:\/\/www.cannabis.es\/pw\/author\/arnau\/\"}]}<\/script>\n<!-- \/ Yoast SEO plugin. -->","yoast_head_json":{"title":"Polita Pepper, Red Latinoamericana de Mujeres Cann\u00e1bicas M\u00e9xico: \u201cSi no ponen la ley del Cannabis, vamos para adelante\u201d","description":"Entrada &#8226; Portal multimedia sobre cannabis y otras sustancias &#8226; 17 junio, 2021","robots":{"index":"index","follow":"follow","max-snippet":"max-snippet:-1","max-image-preview":"max-image-preview:large","max-video-preview":"max-video-preview:-1"},"canonical":"https:\/\/www.cannabis.es\/pw\/2021\/06\/17\/polita-pepper-red-latinoamericana-de-mujeres-cannabicas-mexico-si-no-ponen-la-ley-del-cannabis-vamos-para-adelante\/","twitter_card":"summary_large_image","twitter_title":"Polita Pepper, Red Latinoamericana de Mujeres Cann\u00e1bicas M\u00e9xico: \u201cSi no ponen la ley del Cannabis, vamos para adelante\u201d","twitter_description":"Entrada &#8226; Portal multimedia sobre cannabis y otras sustancias &#8226; 17 junio, 2021","twitter_image":"https:\/\/www.cannabis.es\/pw\/wp-content\/uploads\/2021\/06\/polita-pepper.jpg","twitter_creator":"@cannabis_es","twitter_site":"@cannabis_es","twitter_misc":{"Escrito por":"Cannabis.es","Tiempo de lectura":"9 minutos"},"schema":{"@context":"https:\/\/schema.org","@graph":[{"@type":"Article","@id":"https:\/\/www.cannabis.es\/pw\/2021\/06\/17\/polita-pepper-red-latinoamericana-de-mujeres-cannabicas-mexico-si-no-ponen-la-ley-del-cannabis-vamos-para-adelante\/#article","isPartOf":{"@id":"https:\/\/www.cannabis.es\/pw\/2021\/06\/17\/polita-pepper-red-latinoamericana-de-mujeres-cannabicas-mexico-si-no-ponen-la-ley-del-cannabis-vamos-para-adelante\/"},"author":{"name":"Cannabis.es","@id":"https:\/\/www.cannabis.es\/pw\/#\/schema\/person\/ec770c03f3e99d770687f537f4ba1e89"},"headline":"Polita Pepper, Red Latinoamericana de Mujeres Cann\u00e1bicas M\u00e9xico: \u201cSi no ponen la ley del Cannabis, vamos para adelante\u201d","datePublished":"2021-06-17T10:59:34+00:00","dateModified":"2021-06-17T10:59:35+00:00","mainEntityOfPage":{"@id":"https:\/\/www.cannabis.es\/pw\/2021\/06\/17\/polita-pepper-red-latinoamericana-de-mujeres-cannabicas-mexico-si-no-ponen-la-ley-del-cannabis-vamos-para-adelante\/"},"wordCount":2050,"publisher":{"@id":"https:\/\/www.cannabis.es\/pw\/#organization"},"image":{"@id":"https:\/\/www.cannabis.es\/pw\/2021\/06\/17\/polita-pepper-red-latinoamericana-de-mujeres-cannabicas-mexico-si-no-ponen-la-ley-del-cannabis-vamos-para-adelante\/#primaryimage"},"thumbnailUrl":"https:\/\/www.cannabis.es\/pw\/wp-content\/uploads\/2021\/06\/polita-pepper.jpg","keywords":["Benito D\u00edaz","cannabis","guerra contra las drogas","legalizaci\u00f3n","m\u00e9xico"],"articleSection":["Entrevistas"],"inLanguage":"es"},{"@type":"WebPage","@id":"https:\/\/www.cannabis.es\/pw\/2021\/06\/17\/polita-pepper-red-latinoamericana-de-mujeres-cannabicas-mexico-si-no-ponen-la-ley-del-cannabis-vamos-para-adelante\/","url":"https:\/\/www.cannabis.es\/pw\/2021\/06\/17\/polita-pepper-red-latinoamericana-de-mujeres-cannabicas-mexico-si-no-ponen-la-ley-del-cannabis-vamos-para-adelante\/","name":"Polita Pepper, Red Latinoamericana de Mujeres Cann\u00e1bicas M\u00e9xico: \u201cSi no ponen la ley del Cannabis, vamos para adelante\u201d","isPartOf":{"@id":"https:\/\/www.cannabis.es\/pw\/#website"},"primaryImageOfPage":{"@id":"https:\/\/www.cannabis.es\/pw\/2021\/06\/17\/polita-pepper-red-latinoamericana-de-mujeres-cannabicas-mexico-si-no-ponen-la-ley-del-cannabis-vamos-para-adelante\/#primaryimage"},"image":{"@id":"https:\/\/www.cannabis.es\/pw\/2021\/06\/17\/polita-pepper-red-latinoamericana-de-mujeres-cannabicas-mexico-si-no-ponen-la-ley-del-cannabis-vamos-para-adelante\/#primaryimage"},"thumbnailUrl":"https:\/\/www.cannabis.es\/pw\/wp-content\/uploads\/2021\/06\/polita-pepper.jpg","datePublished":"2021-06-17T10:59:34+00:00","dateModified":"2021-06-17T10:59:35+00:00","description":"Entrada &#8226; Portal multimedia sobre cannabis y otras sustancias &#8226; 17 junio, 2021","breadcrumb":{"@id":"https:\/\/www.cannabis.es\/pw\/2021\/06\/17\/polita-pepper-red-latinoamericana-de-mujeres-cannabicas-mexico-si-no-ponen-la-ley-del-cannabis-vamos-para-adelante\/#breadcrumb"},"inLanguage":"es","potentialAction":[{"@type":"ReadAction","target":["https:\/\/www.cannabis.es\/pw\/2021\/06\/17\/polita-pepper-red-latinoamericana-de-mujeres-cannabicas-mexico-si-no-ponen-la-ley-del-cannabis-vamos-para-adelante\/"]}]},{"@type":"ImageObject","inLanguage":"es","@id":"https:\/\/www.cannabis.es\/pw\/2021\/06\/17\/polita-pepper-red-latinoamericana-de-mujeres-cannabicas-mexico-si-no-ponen-la-ley-del-cannabis-vamos-para-adelante\/#primaryimage","url":"https:\/\/www.cannabis.es\/pw\/wp-content\/uploads\/2021\/06\/polita-pepper.jpg","contentUrl":"https:\/\/www.cannabis.es\/pw\/wp-content\/uploads\/2021\/06\/polita-pepper.jpg","width":804,"height":532},{"@type":"BreadcrumbList","@id":"https:\/\/www.cannabis.es\/pw\/2021\/06\/17\/polita-pepper-red-latinoamericana-de-mujeres-cannabicas-mexico-si-no-ponen-la-ley-del-cannabis-vamos-para-adelante\/#breadcrumb","itemListElement":[{"@type":"ListItem","position":1,"name":"Portada","item":"http:\/\/www.cannabis.es\/pw\/"},{"@type":"ListItem","position":2,"name":"Polita Pepper, Red Latinoamericana de Mujeres Cann\u00e1bicas M\u00e9xico: \u201cSi no ponen la ley del Cannabis, vamos para adelante\u201d"}]},{"@type":"WebSite","@id":"https:\/\/www.cannabis.es\/pw\/#website","url":"https:\/\/www.cannabis.es\/pw\/","name":"Cannabis","description":"Portal multimedia sobre cannabis y otras sustancias","publisher":{"@id":"https:\/\/www.cannabis.es\/pw\/#organization"},"potentialAction":[{"@type":"SearchAction","target":{"@type":"EntryPoint","urlTemplate":"https:\/\/www.cannabis.es\/pw\/?s={search_term_string}"},"query-input":{"@type":"PropertyValueSpecification","valueRequired":true,"valueName":"search_term_string"}}],"inLanguage":"es"},{"@type":"Organization","@id":"https:\/\/www.cannabis.es\/pw\/#organization","name":"Cannabis.es","url":"https:\/\/www.cannabis.es\/pw\/","logo":{"@type":"ImageObject","inLanguage":"es","@id":"https:\/\/www.cannabis.es\/pw\/#\/schema\/logo\/image\/","url":"https:\/\/www.cannabis.es\/pw\/wp-content\/uploads\/2019\/04\/cropped-logo_cannabis.png","contentUrl":"https:\/\/www.cannabis.es\/pw\/wp-content\/uploads\/2019\/04\/cropped-logo_cannabis.png","width":361,"height":120,"caption":"Cannabis.es"},"image":{"@id":"https:\/\/www.cannabis.es\/pw\/#\/schema\/logo\/image\/"},"sameAs":["https:\/\/x.com\/cannabis_es"]},{"@type":"Person","@id":"https:\/\/www.cannabis.es\/pw\/#\/schema\/person\/ec770c03f3e99d770687f537f4ba1e89","name":"Cannabis.es","image":{"@type":"ImageObject","inLanguage":"es","@id":"https:\/\/www.cannabis.es\/pw\/#\/schema\/person\/image\/","url":"https:\/\/secure.gravatar.com\/avatar\/810c93a3d6fadc3d9c2665b1d919a4aedea8ed4dd63689d001e985a804e90d83?s=96&d=mm&r=g","contentUrl":"https:\/\/secure.gravatar.com\/avatar\/810c93a3d6fadc3d9c2665b1d919a4aedea8ed4dd63689d001e985a804e90d83?s=96&d=mm&r=g","caption":"Cannabis.es"},"url":"https:\/\/www.cannabis.es\/pw\/author\/arnau\/"}]}},"_links":{"self":[{"href":"https:\/\/www.cannabis.es\/pw\/wp-json\/wp\/v2\/posts\/7207","targetHints":{"allow":["GET"]}}],"collection":[{"href":"https:\/\/www.cannabis.es\/pw\/wp-json\/wp\/v2\/posts"}],"about":[{"href":"https:\/\/www.cannabis.es\/pw\/wp-json\/wp\/v2\/types\/post"}],"author":[{"embeddable":true,"href":"https:\/\/www.cannabis.es\/pw\/wp-json\/wp\/v2\/users\/3"}],"replies":[{"embeddable":true,"href":"https:\/\/www.cannabis.es\/pw\/wp-json\/wp\/v2\/comments?post=7207"}],"version-history":[{"count":2,"href":"https:\/\/www.cannabis.es\/pw\/wp-json\/wp\/v2\/posts\/7207\/revisions"}],"predecessor-version":[{"id":7214,"href":"https:\/\/www.cannabis.es\/pw\/wp-json\/wp\/v2\/posts\/7207\/revisions\/7214"}],"wp:featuredmedia":[{"embeddable":true,"href":"https:\/\/www.cannabis.es\/pw\/wp-json\/wp\/v2\/media\/7211"}],"wp:attachment":[{"href":"https:\/\/www.cannabis.es\/pw\/wp-json\/wp\/v2\/media?parent=7207"}],"wp:term":[{"taxonomy":"category","embeddable":true,"href":"https:\/\/www.cannabis.es\/pw\/wp-json\/wp\/v2\/categories?post=7207"},{"taxonomy":"post_tag","embeddable":true,"href":"https:\/\/www.cannabis.es\/pw\/wp-json\/wp\/v2\/tags?post=7207"}],"curies":[{"name":"wp","href":"https:\/\/api.w.org\/{rel}","templated":true}]}}