{"id":7237,"date":"2021-06-25T11:15:01","date_gmt":"2021-06-25T09:15:01","guid":{"rendered":"https:\/\/www.cannabis.es\/pw\/?p=7237"},"modified":"2021-06-25T11:19:02","modified_gmt":"2021-06-25T09:19:02","slug":"arranca-el-programa-de-cannabis-medicinal-en-irlanda-con-3-farmacos-uno-financiado","status":"publish","type":"post","link":"https:\/\/www.cannabis.es\/pw\/2021\/06\/25\/arranca-el-programa-de-cannabis-medicinal-en-irlanda-con-3-farmacos-uno-financiado\/","title":{"rendered":"Arranca el programa de cannabis medicinal en Irlanda con 3 f\u00e1rmacos, uno financiado"},"content":{"rendered":"\n<p>Arnau Alcaide<br><br>Irlanda ha empezado el programa de prescripci\u00f3n de cannabis medicinal para tres condiciones: epilepsia severa o refractaria, espasticidad relacionada con diferentes tipos de esclerosis y n\u00e1useas y v\u00f3mitos durante la quimioterapia para el c\u00e1ncer. En los tres casos, no obstante, se requiere que haya fallado el tratamiento preferencial previo, por lo que se relega a\u00fan a un segundo plano, mientras se recoge la informaci\u00f3n de los tratamientos que dar\u00e1n comienzo ahora. Sin embargo, solo hay tres medicamentos disponibles hasta la fecha, el de la epilepsia el \u00fanico gratuito por la Seguridad Social.<\/p>\n\n\n\n<figure class=\"wp-block-embed is-type-rich is-provider-twitter wp-block-embed-twitter\"><div class=\"wp-block-embed__wrapper\">\n<blockquote class=\"twitter-tweet\" data-width=\"550\" data-dnt=\"true\"><p lang=\"en\" dir=\"ltr\">After 5 years and a long arduous campaign those that have a qualifying condition under the MCAP will for the first time be able to obtain medical cannabis by prescription. This will be a medical milestone in Ireland and hopefully lead to greater access for all.<\/p>&mdash; Gino Kenny TD (@Ginosocialist) <a href=\"https:\/\/twitter.com\/Ginosocialist\/status\/1405183555081224193?ref_src=twsrc%5Etfw\">June 16, 2021<\/a><\/blockquote><script async src=\"https:\/\/platform.twitter.com\/widgets.js\" charset=\"utf-8\"><\/script>\n<\/div><figcaption><em>Diputado lo califica de vital para la medicina en Irlanda.<\/em><\/figcaption><\/figure>\n\n\n\n<p>Aunque la ley entr\u00f3 en vigor en 2019, no ha sido hasta dos a\u00f1os despu\u00e9s que se han completado los reglamentos y procedimientos para que esto fuera posible. Primero aprobando tres extractos, con concentraciones diferentes de las dos mol\u00e9culas del cannabis que se han estudiado en aislado: THC y CBD. Aunque recordemos que en diferentes variedades de la planta se han encontrado <a href=\"https:\/\/www.cannabis.es\/pw\/2020\/10\/29\/descubren-16-nuevos-cannabinoides-a-la-vez-en-catalunya\/\">cientos de cannabinoides<\/a>, si bien no todas contienen cada uno de ellos. <a href=\"http:\/\/www.hpra.ie\/homepage\/controlled-substances\/controlled-substances\/medical-cannabis-access-programme\">Su Agencia del Medicamento s\u00ed permite <\/a>registrar productos naturales con todos los cannabinoides, pero de momento no se ha incluido ninguno como prescribible, en contraposici\u00f3n con las soluciones que a\u00edslan solamente dos de los cannabinoides. Y esto pese a que precisamente para el cannabis natural <a href=\"https:\/\/www.gov.ie\/en\/publication\/90ece9-medical-cannabis-access-programme\/?referrer=http:\/\/www.health.gov.ie\/cannabis-for-medical-use\/medical-cannabis-access-programme\/\">estaba destinado el programa<\/a>, reza en su planteamiento, para despu\u00e9s argumentar la falta de evidencia del producto natural por la inexactitud de sus concentraciones, es decir, \u00abexcepto cuando alcanza est\u00e1ndares de medicina\u00bb.<\/p>\n\n\n\n<figure class=\"wp-block-image size-large\"><img loading=\"lazy\" decoding=\"async\" width=\"804\" height=\"532\" src=\"https:\/\/www.cannabis.es\/pw\/wp-content\/uploads\/2021\/06\/irlandqa-dispensarios.jpg\" alt=\"\" class=\"wp-image-7248\" srcset=\"https:\/\/www.cannabis.es\/pw\/wp-content\/uploads\/2021\/06\/irlandqa-dispensarios.jpg 804w, https:\/\/www.cannabis.es\/pw\/wp-content\/uploads\/2021\/06\/irlandqa-dispensarios-300x199.jpg 300w, https:\/\/www.cannabis.es\/pw\/wp-content\/uploads\/2021\/06\/irlandqa-dispensarios-768x508.jpg 768w, https:\/\/www.cannabis.es\/pw\/wp-content\/uploads\/2021\/06\/irlandqa-dispensarios-600x397.jpg 600w\" sizes=\"auto, (max-width: 804px) 100vw, 804px\" \/><\/figure>\n\n\n\n<figure class=\"wp-block-image size-large\"><img loading=\"lazy\" decoding=\"async\" width=\"1024\" height=\"429\" src=\"https:\/\/www.cannabis.es\/pw\/wp-content\/uploads\/2021\/06\/image-15-1024x429.png\" alt=\"\" class=\"wp-image-7243\" srcset=\"https:\/\/www.cannabis.es\/pw\/wp-content\/uploads\/2021\/06\/image-15-1024x429.png 1024w, https:\/\/www.cannabis.es\/pw\/wp-content\/uploads\/2021\/06\/image-15-300x126.png 300w, https:\/\/www.cannabis.es\/pw\/wp-content\/uploads\/2021\/06\/image-15-768x321.png 768w, https:\/\/www.cannabis.es\/pw\/wp-content\/uploads\/2021\/06\/image-15-600x251.png 600w, https:\/\/www.cannabis.es\/pw\/wp-content\/uploads\/2021\/06\/image-15.png 1118w\" sizes=\"auto, (max-width: 1024px) 100vw, 1024px\" \/><figcaption><em>El programa p\u00fablico ignora que la Cannabis tiene usos medicinales documentados en la primera farmacopea de la Historia desde el 2700 a.C.<\/em><\/figcaption><\/figure>\n\n\n\n<p>El programa ha sido recogido por <a href=\"https:\/\/www.hse.ie\/eng\/services\/publications\/serviceplans\/national-service-plan-2021.pdf\">el informe de la estrategia de Salud la Seguridad Social para 2021<\/a> brevemente, pero s\u00ed ha recibido financiaci\u00f3n. El pasado d\u00eda 21, quedaba incluido el Cannepil como primer medicamento cannabinoide financiado para pacientes de epilepsia en el supuesto de excepcionalidad de que no les est\u00e9 funcionando el tratamiento al uso hasta la fecha. El precio del tratamiento sigue siendo la mayor barrera de acceso al cannabis legal en Europa, que se eliminar\u00e1 en este caso por parte del Estado con la inclusi\u00f3n gratuita en el sistema.<\/p>\n\n\n\n<figure class=\"wp-block-embed is-type-rich is-provider-twitter wp-block-embed-twitter\"><div class=\"wp-block-embed__wrapper\">\n<blockquote class=\"twitter-tweet\" data-width=\"550\" data-dnt=\"true\"><p lang=\"en\" dir=\"ltr\">The first medical cannabis product that will be prescribed under the MCAP will be CannEpil a CBD based medication for the treatment of people with refractory epilepsy. This will be available free under MCAP.This is really good news for those families who have campaigned for this.<\/p>&mdash; Gino Kenny TD (@Ginosocialist) <a href=\"https:\/\/twitter.com\/Ginosocialist\/status\/1407665251814883329?ref_src=twsrc%5Etfw\">June 23, 2021<\/a><\/blockquote><script async src=\"https:\/\/platform.twitter.com\/widgets.js\" charset=\"utf-8\"><\/script>\n<\/div><\/figure>\n\n\n\n<p>Como trataremos en el futuro, los est\u00e1ndares de evidencia cient\u00edfica basados en el uso de concentraciones exactas de mol\u00e9culas o compuestos act\u00faan en detrimento de la aprobaci\u00f3n y consideraci\u00f3n del cannabis natural, pues de <a href=\"https:\/\/www.health.govt.nz\/system\/files\/documents\/information-release\/h202100053_18_feb_2021.pdf\">las 31 solicitudes<\/a> de registrar un producto medicinal a base de cannabis para que sea considerado prescribible por su Agencia del Medicamento solo 3 han atravesado el umbral de la legalidad. Las seis peticiones desechadas para flor, aceites naturales y sueros de espectro completo cuyas concentraciones no son determinables en el protocolo de aprobaci\u00f3n (N\/A) cuestionan si se va a permitir en la pr\u00e1ctica la circulaci\u00f3n de alg\u00fan producto natural, cuyo coste de transformaci\u00f3n, sin propiedad intelectual, resulta en precios mucho menores.<\/p>\n\n\n\n<figure class=\"wp-block-image size-large\"><img loading=\"lazy\" decoding=\"async\" width=\"870\" height=\"679\" src=\"https:\/\/www.cannabis.es\/pw\/wp-content\/uploads\/2021\/06\/image-13.png\" alt=\"\" class=\"wp-image-7238\" srcset=\"https:\/\/www.cannabis.es\/pw\/wp-content\/uploads\/2021\/06\/image-13.png 870w, https:\/\/www.cannabis.es\/pw\/wp-content\/uploads\/2021\/06\/image-13-300x234.png 300w, https:\/\/www.cannabis.es\/pw\/wp-content\/uploads\/2021\/06\/image-13-768x599.png 768w, https:\/\/www.cannabis.es\/pw\/wp-content\/uploads\/2021\/06\/image-13-600x468.png 600w\" sizes=\"auto, (max-width: 870px) 100vw, 870px\" \/><figcaption><em>Extractos ya aprobados por la Agencia del Medicamento irlandesa.<\/em><\/figcaption><\/figure>\n\n\n\n<h2 class=\"wp-block-heading\"><strong>Sin efecto s\u00e9quito ni espectro completo<\/strong><\/h2>\n\n\n\n<p>Es rese\u00f1able que muchas personas en tratamiento notan diferencias significativas entre el alivio producido por el efecto s\u00e9quito de todos los cannabinoides y el obtenido por los f\u00e1rmacos que no son de \u201cespectro completo\u201d, como se conoce a los productos que recogen todos los compuestos de la planta. Se ha facilitado una <a href=\"https:\/\/www.gov.ie\/pdf\/?file=https:\/\/assets.gov.ie\/36492\/6ba51bd5f01142e6a369c4e1bf88993e.pdf#page=1\">gu\u00eda para pacientes sobre posibles efectos secundarios e interacciones<\/a> del cannabis en general, que se adjunta junta a los medicamentos al adquirirlos. Pero de momento, no se puede obtener dicho cannabis, tampoco por la v\u00eda del autocultivo o la asociaci\u00f3n, solo dos de sus mol\u00e9culas.<\/p>\n\n\n\n<figure class=\"wp-block-image size-large\"><img loading=\"lazy\" decoding=\"async\" width=\"709\" height=\"466\" src=\"https:\/\/www.cannabis.es\/pw\/wp-content\/uploads\/2021\/06\/image-14.png\" alt=\"\" class=\"wp-image-7239\" srcset=\"https:\/\/www.cannabis.es\/pw\/wp-content\/uploads\/2021\/06\/image-14.png 709w, https:\/\/www.cannabis.es\/pw\/wp-content\/uploads\/2021\/06\/image-14-300x197.png 300w, https:\/\/www.cannabis.es\/pw\/wp-content\/uploads\/2021\/06\/image-14-600x394.png 600w\" sizes=\"auto, (max-width: 709px) 100vw, 709px\" \/><figcaption><em>Pese a que se contemplan solicitudes de flor y aceites de espectro completo por su Agencia del Medicamento, no estar\u00e1n disponibles de momento.<\/em><\/figcaption><\/figure>\n","protected":false},"excerpt":{"rendered":"<span class=\"span-reading-time rt-reading-time\" style=\"display: block;\"><span class=\"rt-label rt-prefix\">Tiempo de lectura:<\/span> <span class=\"rt-time\"> 3<\/span> <span class=\"rt-label rt-postfix\">minutos<\/span><\/span>Arnau AlcaideIrlanda ha empezado el programa de prescripci\u00f3n de cannabis medicinal para tres condiciones: epilepsia severa o refractaria, espasticidad relacionada con diferentes tipos de esclerosis y n\u00e1useas y v\u00f3mitos durante la quimioterapia para el c\u00e1ncer. En los tres casos, no obstante, se requiere que haya fallado el tratamiento preferencial previo, por lo que se relega [&hellip;]","protected":false},"author":3,"featured_media":7248,"comment_status":"closed","ping_status":"closed","sticky":false,"template":"","format":"standard","meta":{"loftocean-featured-post":"","loftocean_post_format_gallery":"","loftocean_post_format_gallery_ids":"","loftocean_post_format_gallery_urls":"","loftocean_post_format_video_id":"","loftocean_post_format_video_url":"","loftocean_post_format_video_type":"","loftocean_post_format_video":"","loftocean_post_format_audio_type":"","loftocean_post_format_audio_url":"","loftocean_post_format_audio_id":"","loftocean_post_format_audio":"","loftocean_post_format_quote_text":"","loftocean_post_format_quote_byline":"","loftocean_post_format_link_text":"","loftocean_post_format_link_url":"","ceramag_post_header_style":"","ceramag_enable_background_video":"","ceramag_show_in_top_slider":"","ceramag_post_background_video_start":"","ceramag_post_background_video_end":"","loftocean_page_background_video_id":"","loftocean_page_background_video_url":"","loftocean_page_background_video_type":"","loftocean_page_background_video":"","ceramag_background_video_start":"","ceramag_background_video_end":"","ceramag_single_page_hide_header":"","footnotes":""},"categories":[35],"tags":[540,52],"class_list":["post-7237","post","type-post","status-publish","format-standard","has-post-thumbnail","hentry","category-politica-y-sociedad","tag-arnau-alcaide","tag-cannabis-medicinal"],"yoast_head":"<!-- This site is optimized with the Yoast SEO plugin v24.9 - https:\/\/yoast.com\/wordpress\/plugins\/seo\/ -->\n<title>Arranca el programa de cannabis medicinal en Irlanda con 3 f\u00e1rmacos, uno financiado<\/title>\n<meta name=\"description\" content=\"Entrada &#8226; Portal multimedia sobre cannabis y otras sustancias &#8226; 25 junio, 2021\" \/>\n<meta name=\"robots\" content=\"index, follow, max-snippet:-1, max-image-preview:large, max-video-preview:-1\" \/>\n<link rel=\"canonical\" href=\"https:\/\/www.cannabis.es\/pw\/2021\/06\/25\/arranca-el-programa-de-cannabis-medicinal-en-irlanda-con-3-farmacos-uno-financiado\/\" \/>\n<meta name=\"twitter:card\" content=\"summary_large_image\" \/>\n<meta name=\"twitter:title\" content=\"Arranca el programa de cannabis medicinal en Irlanda con 3 f\u00e1rmacos, uno financiado\" \/>\n<meta name=\"twitter:description\" content=\"Entrada &#8226; Portal multimedia sobre cannabis y otras sustancias &#8226; 25 junio, 2021\" \/>\n<meta name=\"twitter:image\" content=\"https:\/\/www.cannabis.es\/pw\/wp-content\/uploads\/2021\/06\/irlandqa-dispensarios.jpg\" \/>\n<meta name=\"twitter:creator\" content=\"@cannabis_es\" \/>\n<meta name=\"twitter:site\" content=\"@cannabis_es\" \/>\n<meta name=\"twitter:label1\" content=\"Escrito por\" \/>\n\t<meta name=\"twitter:data1\" content=\"Cannabis.es\" \/>\n\t<meta name=\"twitter:label2\" content=\"Tiempo de lectura\" \/>\n\t<meta name=\"twitter:data2\" content=\"4 minutos\" \/>\n<script type=\"application\/ld+json\" class=\"yoast-schema-graph\">{\"@context\":\"https:\/\/schema.org\",\"@graph\":[{\"@type\":\"Article\",\"@id\":\"https:\/\/www.cannabis.es\/pw\/2021\/06\/25\/arranca-el-programa-de-cannabis-medicinal-en-irlanda-con-3-farmacos-uno-financiado\/#article\",\"isPartOf\":{\"@id\":\"https:\/\/www.cannabis.es\/pw\/2021\/06\/25\/arranca-el-programa-de-cannabis-medicinal-en-irlanda-con-3-farmacos-uno-financiado\/\"},\"author\":{\"name\":\"Cannabis.es\",\"@id\":\"https:\/\/www.cannabis.es\/pw\/#\/schema\/person\/ec770c03f3e99d770687f537f4ba1e89\"},\"headline\":\"Arranca el programa de cannabis medicinal en Irlanda con 3 f\u00e1rmacos, uno financiado\",\"datePublished\":\"2021-06-25T09:15:01+00:00\",\"dateModified\":\"2021-06-25T09:19:02+00:00\",\"mainEntityOfPage\":{\"@id\":\"https:\/\/www.cannabis.es\/pw\/2021\/06\/25\/arranca-el-programa-de-cannabis-medicinal-en-irlanda-con-3-farmacos-uno-financiado\/\"},\"wordCount\":677,\"publisher\":{\"@id\":\"https:\/\/www.cannabis.es\/pw\/#organization\"},\"image\":{\"@id\":\"https:\/\/www.cannabis.es\/pw\/2021\/06\/25\/arranca-el-programa-de-cannabis-medicinal-en-irlanda-con-3-farmacos-uno-financiado\/#primaryimage\"},\"thumbnailUrl\":\"https:\/\/www.cannabis.es\/pw\/wp-content\/uploads\/2021\/06\/irlandqa-dispensarios.jpg\",\"keywords\":[\"Arnau Alcaide\",\"cannabis medicinal\"],\"articleSection\":[\"Pol\u00edtica y Sociedad\"],\"inLanguage\":\"es\"},{\"@type\":\"WebPage\",\"@id\":\"https:\/\/www.cannabis.es\/pw\/2021\/06\/25\/arranca-el-programa-de-cannabis-medicinal-en-irlanda-con-3-farmacos-uno-financiado\/\",\"url\":\"https:\/\/www.cannabis.es\/pw\/2021\/06\/25\/arranca-el-programa-de-cannabis-medicinal-en-irlanda-con-3-farmacos-uno-financiado\/\",\"name\":\"Arranca el programa de cannabis medicinal en Irlanda con 3 f\u00e1rmacos, uno financiado\",\"isPartOf\":{\"@id\":\"https:\/\/www.cannabis.es\/pw\/#website\"},\"primaryImageOfPage\":{\"@id\":\"https:\/\/www.cannabis.es\/pw\/2021\/06\/25\/arranca-el-programa-de-cannabis-medicinal-en-irlanda-con-3-farmacos-uno-financiado\/#primaryimage\"},\"image\":{\"@id\":\"https:\/\/www.cannabis.es\/pw\/2021\/06\/25\/arranca-el-programa-de-cannabis-medicinal-en-irlanda-con-3-farmacos-uno-financiado\/#primaryimage\"},\"thumbnailUrl\":\"https:\/\/www.cannabis.es\/pw\/wp-content\/uploads\/2021\/06\/irlandqa-dispensarios.jpg\",\"datePublished\":\"2021-06-25T09:15:01+00:00\",\"dateModified\":\"2021-06-25T09:19:02+00:00\",\"description\":\"Entrada &#8226; Portal multimedia sobre cannabis y otras sustancias &#8226; 25 junio, 2021\",\"breadcrumb\":{\"@id\":\"https:\/\/www.cannabis.es\/pw\/2021\/06\/25\/arranca-el-programa-de-cannabis-medicinal-en-irlanda-con-3-farmacos-uno-financiado\/#breadcrumb\"},\"inLanguage\":\"es\",\"potentialAction\":[{\"@type\":\"ReadAction\",\"target\":[\"https:\/\/www.cannabis.es\/pw\/2021\/06\/25\/arranca-el-programa-de-cannabis-medicinal-en-irlanda-con-3-farmacos-uno-financiado\/\"]}]},{\"@type\":\"ImageObject\",\"inLanguage\":\"es\",\"@id\":\"https:\/\/www.cannabis.es\/pw\/2021\/06\/25\/arranca-el-programa-de-cannabis-medicinal-en-irlanda-con-3-farmacos-uno-financiado\/#primaryimage\",\"url\":\"https:\/\/www.cannabis.es\/pw\/wp-content\/uploads\/2021\/06\/irlandqa-dispensarios.jpg\",\"contentUrl\":\"https:\/\/www.cannabis.es\/pw\/wp-content\/uploads\/2021\/06\/irlandqa-dispensarios.jpg\",\"width\":804,\"height\":532},{\"@type\":\"BreadcrumbList\",\"@id\":\"https:\/\/www.cannabis.es\/pw\/2021\/06\/25\/arranca-el-programa-de-cannabis-medicinal-en-irlanda-con-3-farmacos-uno-financiado\/#breadcrumb\",\"itemListElement\":[{\"@type\":\"ListItem\",\"position\":1,\"name\":\"Portada\",\"item\":\"http:\/\/www.cannabis.es\/pw\/\"},{\"@type\":\"ListItem\",\"position\":2,\"name\":\"Arranca el programa de cannabis medicinal en Irlanda con 3 f\u00e1rmacos, uno financiado\"}]},{\"@type\":\"WebSite\",\"@id\":\"https:\/\/www.cannabis.es\/pw\/#website\",\"url\":\"https:\/\/www.cannabis.es\/pw\/\",\"name\":\"Cannabis\",\"description\":\"Portal multimedia sobre cannabis y otras sustancias\",\"publisher\":{\"@id\":\"https:\/\/www.cannabis.es\/pw\/#organization\"},\"potentialAction\":[{\"@type\":\"SearchAction\",\"target\":{\"@type\":\"EntryPoint\",\"urlTemplate\":\"https:\/\/www.cannabis.es\/pw\/?s={search_term_string}\"},\"query-input\":{\"@type\":\"PropertyValueSpecification\",\"valueRequired\":true,\"valueName\":\"search_term_string\"}}],\"inLanguage\":\"es\"},{\"@type\":\"Organization\",\"@id\":\"https:\/\/www.cannabis.es\/pw\/#organization\",\"name\":\"Cannabis.es\",\"url\":\"https:\/\/www.cannabis.es\/pw\/\",\"logo\":{\"@type\":\"ImageObject\",\"inLanguage\":\"es\",\"@id\":\"https:\/\/www.cannabis.es\/pw\/#\/schema\/logo\/image\/\",\"url\":\"https:\/\/www.cannabis.es\/pw\/wp-content\/uploads\/2019\/04\/cropped-logo_cannabis.png\",\"contentUrl\":\"https:\/\/www.cannabis.es\/pw\/wp-content\/uploads\/2019\/04\/cropped-logo_cannabis.png\",\"width\":361,\"height\":120,\"caption\":\"Cannabis.es\"},\"image\":{\"@id\":\"https:\/\/www.cannabis.es\/pw\/#\/schema\/logo\/image\/\"},\"sameAs\":[\"https:\/\/x.com\/cannabis_es\"]},{\"@type\":\"Person\",\"@id\":\"https:\/\/www.cannabis.es\/pw\/#\/schema\/person\/ec770c03f3e99d770687f537f4ba1e89\",\"name\":\"Cannabis.es\",\"image\":{\"@type\":\"ImageObject\",\"inLanguage\":\"es\",\"@id\":\"https:\/\/www.cannabis.es\/pw\/#\/schema\/person\/image\/\",\"url\":\"https:\/\/secure.gravatar.com\/avatar\/810c93a3d6fadc3d9c2665b1d919a4aedea8ed4dd63689d001e985a804e90d83?s=96&d=mm&r=g\",\"contentUrl\":\"https:\/\/secure.gravatar.com\/avatar\/810c93a3d6fadc3d9c2665b1d919a4aedea8ed4dd63689d001e985a804e90d83?s=96&d=mm&r=g\",\"caption\":\"Cannabis.es\"},\"url\":\"https:\/\/www.cannabis.es\/pw\/author\/arnau\/\"}]}<\/script>\n<!-- \/ Yoast SEO plugin. -->","yoast_head_json":{"title":"Arranca el programa de cannabis medicinal en Irlanda con 3 f\u00e1rmacos, uno financiado","description":"Entrada &#8226; Portal multimedia sobre cannabis y otras sustancias &#8226; 25 junio, 2021","robots":{"index":"index","follow":"follow","max-snippet":"max-snippet:-1","max-image-preview":"max-image-preview:large","max-video-preview":"max-video-preview:-1"},"canonical":"https:\/\/www.cannabis.es\/pw\/2021\/06\/25\/arranca-el-programa-de-cannabis-medicinal-en-irlanda-con-3-farmacos-uno-financiado\/","twitter_card":"summary_large_image","twitter_title":"Arranca el programa de cannabis medicinal en Irlanda con 3 f\u00e1rmacos, uno financiado","twitter_description":"Entrada &#8226; Portal multimedia sobre cannabis y otras sustancias &#8226; 25 junio, 2021","twitter_image":"https:\/\/www.cannabis.es\/pw\/wp-content\/uploads\/2021\/06\/irlandqa-dispensarios.jpg","twitter_creator":"@cannabis_es","twitter_site":"@cannabis_es","twitter_misc":{"Escrito por":"Cannabis.es","Tiempo de lectura":"4 minutos"},"schema":{"@context":"https:\/\/schema.org","@graph":[{"@type":"Article","@id":"https:\/\/www.cannabis.es\/pw\/2021\/06\/25\/arranca-el-programa-de-cannabis-medicinal-en-irlanda-con-3-farmacos-uno-financiado\/#article","isPartOf":{"@id":"https:\/\/www.cannabis.es\/pw\/2021\/06\/25\/arranca-el-programa-de-cannabis-medicinal-en-irlanda-con-3-farmacos-uno-financiado\/"},"author":{"name":"Cannabis.es","@id":"https:\/\/www.cannabis.es\/pw\/#\/schema\/person\/ec770c03f3e99d770687f537f4ba1e89"},"headline":"Arranca el programa de cannabis medicinal en Irlanda con 3 f\u00e1rmacos, uno financiado","datePublished":"2021-06-25T09:15:01+00:00","dateModified":"2021-06-25T09:19:02+00:00","mainEntityOfPage":{"@id":"https:\/\/www.cannabis.es\/pw\/2021\/06\/25\/arranca-el-programa-de-cannabis-medicinal-en-irlanda-con-3-farmacos-uno-financiado\/"},"wordCount":677,"publisher":{"@id":"https:\/\/www.cannabis.es\/pw\/#organization"},"image":{"@id":"https:\/\/www.cannabis.es\/pw\/2021\/06\/25\/arranca-el-programa-de-cannabis-medicinal-en-irlanda-con-3-farmacos-uno-financiado\/#primaryimage"},"thumbnailUrl":"https:\/\/www.cannabis.es\/pw\/wp-content\/uploads\/2021\/06\/irlandqa-dispensarios.jpg","keywords":["Arnau Alcaide","cannabis medicinal"],"articleSection":["Pol\u00edtica y Sociedad"],"inLanguage":"es"},{"@type":"WebPage","@id":"https:\/\/www.cannabis.es\/pw\/2021\/06\/25\/arranca-el-programa-de-cannabis-medicinal-en-irlanda-con-3-farmacos-uno-financiado\/","url":"https:\/\/www.cannabis.es\/pw\/2021\/06\/25\/arranca-el-programa-de-cannabis-medicinal-en-irlanda-con-3-farmacos-uno-financiado\/","name":"Arranca el programa de cannabis medicinal en Irlanda con 3 f\u00e1rmacos, uno financiado","isPartOf":{"@id":"https:\/\/www.cannabis.es\/pw\/#website"},"primaryImageOfPage":{"@id":"https:\/\/www.cannabis.es\/pw\/2021\/06\/25\/arranca-el-programa-de-cannabis-medicinal-en-irlanda-con-3-farmacos-uno-financiado\/#primaryimage"},"image":{"@id":"https:\/\/www.cannabis.es\/pw\/2021\/06\/25\/arranca-el-programa-de-cannabis-medicinal-en-irlanda-con-3-farmacos-uno-financiado\/#primaryimage"},"thumbnailUrl":"https:\/\/www.cannabis.es\/pw\/wp-content\/uploads\/2021\/06\/irlandqa-dispensarios.jpg","datePublished":"2021-06-25T09:15:01+00:00","dateModified":"2021-06-25T09:19:02+00:00","description":"Entrada &#8226; Portal multimedia sobre cannabis y otras sustancias &#8226; 25 junio, 2021","breadcrumb":{"@id":"https:\/\/www.cannabis.es\/pw\/2021\/06\/25\/arranca-el-programa-de-cannabis-medicinal-en-irlanda-con-3-farmacos-uno-financiado\/#breadcrumb"},"inLanguage":"es","potentialAction":[{"@type":"ReadAction","target":["https:\/\/www.cannabis.es\/pw\/2021\/06\/25\/arranca-el-programa-de-cannabis-medicinal-en-irlanda-con-3-farmacos-uno-financiado\/"]}]},{"@type":"ImageObject","inLanguage":"es","@id":"https:\/\/www.cannabis.es\/pw\/2021\/06\/25\/arranca-el-programa-de-cannabis-medicinal-en-irlanda-con-3-farmacos-uno-financiado\/#primaryimage","url":"https:\/\/www.cannabis.es\/pw\/wp-content\/uploads\/2021\/06\/irlandqa-dispensarios.jpg","contentUrl":"https:\/\/www.cannabis.es\/pw\/wp-content\/uploads\/2021\/06\/irlandqa-dispensarios.jpg","width":804,"height":532},{"@type":"BreadcrumbList","@id":"https:\/\/www.cannabis.es\/pw\/2021\/06\/25\/arranca-el-programa-de-cannabis-medicinal-en-irlanda-con-3-farmacos-uno-financiado\/#breadcrumb","itemListElement":[{"@type":"ListItem","position":1,"name":"Portada","item":"http:\/\/www.cannabis.es\/pw\/"},{"@type":"ListItem","position":2,"name":"Arranca el programa de cannabis medicinal en Irlanda con 3 f\u00e1rmacos, uno financiado"}]},{"@type":"WebSite","@id":"https:\/\/www.cannabis.es\/pw\/#website","url":"https:\/\/www.cannabis.es\/pw\/","name":"Cannabis","description":"Portal multimedia sobre cannabis y otras sustancias","publisher":{"@id":"https:\/\/www.cannabis.es\/pw\/#organization"},"potentialAction":[{"@type":"SearchAction","target":{"@type":"EntryPoint","urlTemplate":"https:\/\/www.cannabis.es\/pw\/?s={search_term_string}"},"query-input":{"@type":"PropertyValueSpecification","valueRequired":true,"valueName":"search_term_string"}}],"inLanguage":"es"},{"@type":"Organization","@id":"https:\/\/www.cannabis.es\/pw\/#organization","name":"Cannabis.es","url":"https:\/\/www.cannabis.es\/pw\/","logo":{"@type":"ImageObject","inLanguage":"es","@id":"https:\/\/www.cannabis.es\/pw\/#\/schema\/logo\/image\/","url":"https:\/\/www.cannabis.es\/pw\/wp-content\/uploads\/2019\/04\/cropped-logo_cannabis.png","contentUrl":"https:\/\/www.cannabis.es\/pw\/wp-content\/uploads\/2019\/04\/cropped-logo_cannabis.png","width":361,"height":120,"caption":"Cannabis.es"},"image":{"@id":"https:\/\/www.cannabis.es\/pw\/#\/schema\/logo\/image\/"},"sameAs":["https:\/\/x.com\/cannabis_es"]},{"@type":"Person","@id":"https:\/\/www.cannabis.es\/pw\/#\/schema\/person\/ec770c03f3e99d770687f537f4ba1e89","name":"Cannabis.es","image":{"@type":"ImageObject","inLanguage":"es","@id":"https:\/\/www.cannabis.es\/pw\/#\/schema\/person\/image\/","url":"https:\/\/secure.gravatar.com\/avatar\/810c93a3d6fadc3d9c2665b1d919a4aedea8ed4dd63689d001e985a804e90d83?s=96&d=mm&r=g","contentUrl":"https:\/\/secure.gravatar.com\/avatar\/810c93a3d6fadc3d9c2665b1d919a4aedea8ed4dd63689d001e985a804e90d83?s=96&d=mm&r=g","caption":"Cannabis.es"},"url":"https:\/\/www.cannabis.es\/pw\/author\/arnau\/"}]}},"_links":{"self":[{"href":"https:\/\/www.cannabis.es\/pw\/wp-json\/wp\/v2\/posts\/7237","targetHints":{"allow":["GET"]}}],"collection":[{"href":"https:\/\/www.cannabis.es\/pw\/wp-json\/wp\/v2\/posts"}],"about":[{"href":"https:\/\/www.cannabis.es\/pw\/wp-json\/wp\/v2\/types\/post"}],"author":[{"embeddable":true,"href":"https:\/\/www.cannabis.es\/pw\/wp-json\/wp\/v2\/users\/3"}],"replies":[{"embeddable":true,"href":"https:\/\/www.cannabis.es\/pw\/wp-json\/wp\/v2\/comments?post=7237"}],"version-history":[{"count":8,"href":"https:\/\/www.cannabis.es\/pw\/wp-json\/wp\/v2\/posts\/7237\/revisions"}],"predecessor-version":[{"id":7249,"href":"https:\/\/www.cannabis.es\/pw\/wp-json\/wp\/v2\/posts\/7237\/revisions\/7249"}],"wp:featuredmedia":[{"embeddable":true,"href":"https:\/\/www.cannabis.es\/pw\/wp-json\/wp\/v2\/media\/7248"}],"wp:attachment":[{"href":"https:\/\/www.cannabis.es\/pw\/wp-json\/wp\/v2\/media?parent=7237"}],"wp:term":[{"taxonomy":"category","embeddable":true,"href":"https:\/\/www.cannabis.es\/pw\/wp-json\/wp\/v2\/categories?post=7237"},{"taxonomy":"post_tag","embeddable":true,"href":"https:\/\/www.cannabis.es\/pw\/wp-json\/wp\/v2\/tags?post=7237"}],"curies":[{"name":"wp","href":"https:\/\/api.w.org\/{rel}","templated":true}]}}