{"id":7257,"date":"2021-06-29T11:28:03","date_gmt":"2021-06-29T09:28:03","guid":{"rendered":"https:\/\/www.cannabis.es\/pw\/?p=7257"},"modified":"2021-06-29T11:44:47","modified_gmt":"2021-06-29T09:44:47","slug":"el-tribunal-de-mexico-primero-en-tumbar-la-prohibicion-del-autocultivo","status":"publish","type":"post","link":"https:\/\/www.cannabis.es\/pw\/2021\/06\/29\/el-tribunal-de-mexico-primero-en-tumbar-la-prohibicion-del-autocultivo\/","title":{"rendered":"El Tribunal de M\u00e9xico, primero en tumbar la prohibici\u00f3n del autocultivo"},"content":{"rendered":"\n<p>Arnau Alcaide<\/p>\n\n\n\n<p>La Suprema Corte de Justicia de la Naci\u00f3n, en funci\u00f3n Constitucional, ha garantizado el derecho de acceso a la Cannabis para usuariado recreativo que se prohib\u00eda en la <a href=\"https:\/\/www.cannabis.es\/pw\/2020\/08\/27\/mexico-reglamenta-la-produccion-y-abastecimiento-medicinal-sin-autocultivo-ni-flor\/\">Ley General de Salud<\/a> al excluir otro acceso que no fuese el m\u00e9dico y obliga as\u00ed a la COFEPRIS, su Agencia del Medicamento, a amparar a los autocultivadores que lo soliciten tambi\u00e9n con fines recreativos o para uso adulto. Se convierte as\u00ed en el primer Tribunal del mundo en garantizar este derecho por delante de sus legisladores.<\/p>\n\n\n\n<blockquote class=\"wp-block-quote is-layout-flow wp-block-quote-is-layout-flow\"><p><em>Una decisi\u00f3n hist\u00f3rica para las libertades, pues con ella se consolida el derecho al libre desarrollo de la personalidad y se confirma, una vez m\u00e1s, que la Suprema Corte de Justicia de la Naci\u00f3n act\u00faa con plena independencia y autonom\u00eda.<\/em><\/p><cite>Arturo Zald\u00edvar, Ministro Presidente de la Corte<\/cite><\/blockquote>\n\n\n\n<figure class=\"wp-block-embed is-type-rich is-provider-twitter wp-block-embed-twitter\"><div class=\"wp-block-embed__wrapper\">\n<blockquote class=\"twitter-tweet\" data-width=\"550\" data-dnt=\"true\"><p lang=\"es\" dir=\"ltr\">D\u00eda hist\u00f3rico para las libertades. Se consolida el derecho al libre desarrollo de la  personalidad trat\u00e1ndose del uso l\u00fadico o recreativo de la marihuana. La Corte reitera y reafirma que su \u00fanico compromiso es con la Constituci\u00f3n y que act\u00faa con plena independencia y autonom\u00eda. <a href=\"https:\/\/t.co\/8V0bZ1hhq3\">pic.twitter.com\/8V0bZ1hhq3<\/a><\/p>&mdash; Arturo Zald\u00edvar (@ArturoZaldivarL) <a href=\"https:\/\/twitter.com\/ArturoZaldivarL\/status\/1409621811281620996?ref_src=twsrc%5Etfw\">June 28, 2021<\/a><\/blockquote><script async src=\"https:\/\/platform.twitter.com\/widgets.js\" charset=\"utf-8\"><\/script>\n<\/div><\/figure>\n\n\n\n<p>Pese a que nunca esta ley de 2017 contempl\u00f3 el castigo a pacientes en tratamiento con cannabis, el acceso a cannabis por la v\u00eda del autocultivo no estaba legalmente recogido, y era el dictamen de la Corte de Justicia, que tambi\u00e9n tiene las funciones de Supremo, el que obligaba a Sanidad, a trav\u00e9s de la COFEPRIS, a brindar los amparos uno a uno a cada paciente que solicitaba el autocultivo, a modo de licencia personal de producci\u00f3n de cannabis medicinal.<\/p>\n\n\n\n<p>Ahora, la solicitud de licencia o permiso para cultivo, uno a uno, estar\u00e1 disponible para que cualquier persona que lo desee pueda solicitar a su Agencia del Medicamento el acceso a la planta como derecho personal e inalienable, cuya restricci\u00f3n absoluta es inconstitucional, recogido en el principio del libre desarrollo de la personalidad. Una soluci\u00f3n al proceso iniciado en 2015 por el que la Justica estableci\u00f3 la obligaci\u00f3n de regular.<br><br>Sin menci\u00f3n, tambi\u00e9n se garantiza el derecho a la salud con el acceso a la planta para fines herbales no oficializados como medicinales, bien por miedo al estigma, la criminalizaci\u00f3n, por no estar recogido el tratamiento en el sistema o por simple desconexi\u00f3n burocr\u00e1tica en zonas rurales.<\/p>\n\n\n\n<p>No obstante, al no haber reforma legislativa no se modifica el c\u00f3digo penal, que recoge<a href=\"https:\/\/www.cannabis.es\/pw\/2021\/05\/03\/portavoz-del-senado-de-mexico-la-marihuana-se-vende-en-la-esquina-entre-reformas\/\"> el delito de narcomenudeo<\/a>: este representa 4 de cada 5 delitos en el pa\u00eds; en la misma proporci\u00f3n, de los delitos de narcomenudeo, 4 de cada 5 son por posesi\u00f3n simple de una sustancia ilegal, por debajo de un umbral en gramos determinado, de 5g para cannabis. As\u00ed, la declaratoria de inconstitucionalidad pide el avance legislativo que garantice plenamente el derecho al autoconsumo siempre sin interferencia al derecho de terceras personas.<\/p>\n\n\n\n<figure class=\"wp-block-image\"><img decoding=\"async\" src=\"https:\/\/pbs.twimg.com\/media\/E5Au6neXoAMWloB?format=jpg&amp;name=large\" alt=\"Imagen\"\/><\/figure>\n\n\n\n<h2 class=\"wp-block-heading\">Comunicado oficial<\/h2>\n\n\n\n<p>En sesi\u00f3n del Tribunal Pleno, la Suprema Corte de Justicia de la Naci\u00f3n resolvi\u00f3 la declaratoria general de inconstitucionalidad 1\/2018 mediante la cual se elimin\u00f3 la prohibici\u00f3n absoluta al consumo l\u00fadico o recreativo de cannabis y THC (en conjunto conocidos como marihuana) que establec\u00eda la Ley General de Salud.<\/p>\n\n\n\n<p>En noviembre de 2015, en una decisi\u00f3n hist\u00f3rica, la Primera Sala resolvi\u00f3 un juicio de amparo en el que declar\u00f3 la inconstitucionalidad del sistema de prohibiciones administrativas al consumo l\u00fadico de marihuana previsto en la Ley General de Salud, pues consider\u00f3 que el modelo de prohibici\u00f3n absoluta entra\u00f1a una restricci\u00f3n desproporcionada al derecho al libre desarrollo de la personalidad de los consumidores.<\/p>\n\n\n\n<p>Esta decisi\u00f3n fue reiterada en cuatro ocasiones sin ninguna decisi\u00f3n en contrario, por lo que, al conformarse jurisprudencia obligatoria, se dio inici\u00f3 al procedimiento de declaratoria general de inconstitucionalidad previsto en el art\u00edculo 107, fracci\u00f3n II, p\u00e1rrafo tercero, de la Constituci\u00f3n General, a fin de que el Congreso de la Uni\u00f3n hiciera las modificaciones correspondientes en un plazo de 90 d\u00edas.<\/p>\n\n\n\n<p>As\u00ed, al haber transcurrido dicho plazo sin que el problema de constitucionalidad fuera superado, el Pleno determin\u00f3 que deb\u00edan invalidarse con efectos generales los art\u00edculos 235, \u00faltimo p\u00e1rrafo y 247, \u00faltimo p\u00e1rrafo, de la <strong>Ley General de Salud<\/strong>, en las porciones<strong> que establec\u00edan que la Secretar\u00eda de Salud s\u00f3lo podr\u00eda autorizar la realizaci\u00f3n de actividades relacionadas con el autoconsumo del estupefaciente cannabis y el psicotr\u00f3pico THC \u201cpara fines m\u00e9dicos y cient\u00edficos\u201d<\/strong>.<\/p>\n\n\n\n<p>La Corte explic\u00f3 que con esta declaratoria <strong>se remueve el obst\u00e1culo jur\u00eddico para que la Secretar\u00eda de Salud, a trav\u00e9s del \u00f3rgano competente, autorice las actividades relacionadas con el autoconsumo de cannabis y THC \u2015como sembrar, cultivar, cosechar, preparar, poseer y transportar\u2015, con fines recreativos, respetando de esta manera el derecho al libre desarrollo de la personalidad.<\/strong><\/p>\n\n\n\n<p>Adem\u00e1s, al fijar los efectos de la sentencia, <strong>la Corte precis\u00f3 que la Secretar\u00eda de Salud deber\u00e1 emitir esas autorizaciones s\u00f3lo a personas adultas y para el autoconsumo de cannabis y THC, pero no de otras sustancias. Asimismo, precis\u00f3 que la COFEPRIS deber\u00e1 establecer los lineamientos y modalidades para la adquisici\u00f3n de la semilla<\/strong>, en el entendido de que la autorizaci\u00f3n no podr\u00e1 incluir en ning\u00fan caso la permisi\u00f3n de importar, comerciar, suministrar o cualquier otro acto de enajenaci\u00f3n y\/o distribuci\u00f3n de tales sustancias.<\/p>\n\n\n\n<p>Tambi\u00e9n se indic\u00f3 que, al emitir las autorizaciones,<strong> la COFEPRIS deber\u00e1 precisar que el ejercicio del derecho de autoconsumo de cannabis y THC con fines l\u00fadicos y recreativos en ning\u00fan caso podr\u00e1 hacerse afectando a terceros, por lo que no deber\u00e1 ser ejercido frente a menores de edad ni en lugares p\u00fablicos donde se encuentren personas que no hubieran brindado su autorizaci\u00f3n<\/strong>. Asimismo, se deber\u00e1 precisar que no est\u00e1 permitido conducir veh\u00edculos u operar m\u00e1quinas peligrosas bajo los efectos de esas sustancias, ni realizar, en general, cualquier otra actividad bajo los efectos de esas sustancias que pueda poner en riesgo o da\u00f1ar a terceros.<\/p>\n\n\n\n<p>Finalmente, la Suprema Corte <strong>exhort\u00f3 al Congreso de la Uni\u00f3n a legislar respecto al autoconsumo recreativo de cannabis y THC, a fin de generar seguridad jur\u00eddica a los usuarios y a terceros, as\u00ed como a generar las condiciones necesarias para que este derecho pueda ser ejercido responsablemente.<\/strong><\/p>\n\n\n\n<p>Al finalizar la sesi\u00f3n, el Ministro Presidente destac\u00f3 que se trata de una decisi\u00f3n hist\u00f3rica para las libertades, pues con ella se consolida el derecho al libre desarrollo de la personalidad y se confirma, una vez m\u00e1s, que la Suprema Corte de Justicia de la Naci\u00f3n act\u00faa con plena independencia y autonom\u00eda.<\/p>\n\n\n\n<p>Declaratoria general de inconstitucionalidad 1\/2018, derivada de la solicitud formulada por la Primera Sala de la Suprema Corte de Justicia de la Naci\u00f3n con motivo de la jurisprudencia fijada en los amparos en revisi\u00f3n 237\/2014, 1115\/2017, 623\/2017, 548\/2018 y 547\/2018.<\/p>\n","protected":false},"excerpt":{"rendered":"<span class=\"span-reading-time rt-reading-time\" style=\"display: block;\"><span class=\"rt-label rt-prefix\">Tiempo de lectura:<\/span> <span class=\"rt-time\"> 4<\/span> <span class=\"rt-label rt-postfix\">minutos<\/span><\/span>Arnau Alcaide La Suprema Corte de Justicia de la Naci\u00f3n, en funci\u00f3n Constitucional, ha garantizado el derecho de acceso a la Cannabis para usuariado recreativo que se prohib\u00eda en la Ley General de Salud al excluir otro acceso que no fuese el m\u00e9dico y obliga as\u00ed a la COFEPRIS, su Agencia del Medicamento, a amparar [&hellip;]","protected":false},"author":3,"featured_media":7260,"comment_status":"closed","ping_status":"closed","sticky":false,"template":"","format":"standard","meta":{"loftocean-featured-post":"","loftocean_post_format_gallery":"","loftocean_post_format_gallery_ids":"","loftocean_post_format_gallery_urls":"","loftocean_post_format_video_id":"","loftocean_post_format_video_url":"","loftocean_post_format_video_type":"","loftocean_post_format_video":"","loftocean_post_format_audio_type":"","loftocean_post_format_audio_url":"","loftocean_post_format_audio_id":"","loftocean_post_format_audio":"","loftocean_post_format_quote_text":"","loftocean_post_format_quote_byline":"","loftocean_post_format_link_text":"","loftocean_post_format_link_url":"","ceramag_post_header_style":"","ceramag_enable_background_video":"","ceramag_show_in_top_slider":"","ceramag_post_background_video_start":"","ceramag_post_background_video_end":"","loftocean_page_background_video_id":"","loftocean_page_background_video_url":"","loftocean_page_background_video_type":"","loftocean_page_background_video":"","ceramag_background_video_start":"","ceramag_background_video_end":"","ceramag_single_page_hide_header":"","footnotes":""},"categories":[35],"tags":[540,634,54,393,42],"class_list":["post-7257","post","type-post","status-publish","format-standard","has-post-thumbnail","hentry","category-politica-y-sociedad","tag-arnau-alcaide","tag-justicia","tag-legalizacion","tag-mexico","tag-politica"],"yoast_head":"<!-- This site is optimized with the Yoast SEO plugin v24.9 - https:\/\/yoast.com\/wordpress\/plugins\/seo\/ -->\n<title>El Tribunal de M\u00e9xico, primero en tumbar la prohibici\u00f3n del autocultivo<\/title>\n<meta name=\"description\" content=\"Entrada &#8226; Portal multimedia sobre cannabis y otras sustancias &#8226; 29 junio, 2021\" \/>\n<meta name=\"robots\" content=\"index, follow, max-snippet:-1, max-image-preview:large, max-video-preview:-1\" \/>\n<link rel=\"canonical\" href=\"https:\/\/www.cannabis.es\/pw\/2021\/06\/29\/el-tribunal-de-mexico-primero-en-tumbar-la-prohibicion-del-autocultivo\/\" \/>\n<meta name=\"twitter:card\" content=\"summary_large_image\" \/>\n<meta name=\"twitter:title\" content=\"El Tribunal de M\u00e9xico, primero en tumbar la prohibici\u00f3n del autocultivo\" \/>\n<meta name=\"twitter:description\" content=\"Entrada &#8226; Portal multimedia sobre cannabis y otras sustancias &#8226; 29 junio, 2021\" \/>\n<meta name=\"twitter:image\" content=\"https:\/\/www.cannabis.es\/pw\/wp-content\/uploads\/2021\/06\/Mexico-derogacion-leyes.jpg\" \/>\n<meta name=\"twitter:creator\" content=\"@cannabis_es\" \/>\n<meta name=\"twitter:site\" content=\"@cannabis_es\" \/>\n<meta name=\"twitter:label1\" content=\"Escrito por\" \/>\n\t<meta name=\"twitter:data1\" content=\"Cannabis.es\" \/>\n\t<meta name=\"twitter:label2\" content=\"Tiempo de lectura\" \/>\n\t<meta name=\"twitter:data2\" content=\"5 minutos\" \/>\n<script type=\"application\/ld+json\" class=\"yoast-schema-graph\">{\"@context\":\"https:\/\/schema.org\",\"@graph\":[{\"@type\":\"Article\",\"@id\":\"https:\/\/www.cannabis.es\/pw\/2021\/06\/29\/el-tribunal-de-mexico-primero-en-tumbar-la-prohibicion-del-autocultivo\/#article\",\"isPartOf\":{\"@id\":\"https:\/\/www.cannabis.es\/pw\/2021\/06\/29\/el-tribunal-de-mexico-primero-en-tumbar-la-prohibicion-del-autocultivo\/\"},\"author\":{\"name\":\"Cannabis.es\",\"@id\":\"https:\/\/www.cannabis.es\/pw\/#\/schema\/person\/ec770c03f3e99d770687f537f4ba1e89\"},\"headline\":\"El Tribunal de M\u00e9xico, primero en tumbar la prohibici\u00f3n del autocultivo\",\"datePublished\":\"2021-06-29T09:28:03+00:00\",\"dateModified\":\"2021-06-29T09:44:47+00:00\",\"mainEntityOfPage\":{\"@id\":\"https:\/\/www.cannabis.es\/pw\/2021\/06\/29\/el-tribunal-de-mexico-primero-en-tumbar-la-prohibicion-del-autocultivo\/\"},\"wordCount\":1138,\"publisher\":{\"@id\":\"https:\/\/www.cannabis.es\/pw\/#organization\"},\"image\":{\"@id\":\"https:\/\/www.cannabis.es\/pw\/2021\/06\/29\/el-tribunal-de-mexico-primero-en-tumbar-la-prohibicion-del-autocultivo\/#primaryimage\"},\"thumbnailUrl\":\"https:\/\/www.cannabis.es\/pw\/wp-content\/uploads\/2021\/06\/Mexico-derogacion-leyes.jpg\",\"keywords\":[\"Arnau Alcaide\",\"justicia\",\"legalizaci\u00f3n\",\"m\u00e9xico\",\"pol\u00edtica\"],\"articleSection\":[\"Pol\u00edtica y Sociedad\"],\"inLanguage\":\"es\"},{\"@type\":\"WebPage\",\"@id\":\"https:\/\/www.cannabis.es\/pw\/2021\/06\/29\/el-tribunal-de-mexico-primero-en-tumbar-la-prohibicion-del-autocultivo\/\",\"url\":\"https:\/\/www.cannabis.es\/pw\/2021\/06\/29\/el-tribunal-de-mexico-primero-en-tumbar-la-prohibicion-del-autocultivo\/\",\"name\":\"El Tribunal de M\u00e9xico, primero en tumbar la prohibici\u00f3n del autocultivo\",\"isPartOf\":{\"@id\":\"https:\/\/www.cannabis.es\/pw\/#website\"},\"primaryImageOfPage\":{\"@id\":\"https:\/\/www.cannabis.es\/pw\/2021\/06\/29\/el-tribunal-de-mexico-primero-en-tumbar-la-prohibicion-del-autocultivo\/#primaryimage\"},\"image\":{\"@id\":\"https:\/\/www.cannabis.es\/pw\/2021\/06\/29\/el-tribunal-de-mexico-primero-en-tumbar-la-prohibicion-del-autocultivo\/#primaryimage\"},\"thumbnailUrl\":\"https:\/\/www.cannabis.es\/pw\/wp-content\/uploads\/2021\/06\/Mexico-derogacion-leyes.jpg\",\"datePublished\":\"2021-06-29T09:28:03+00:00\",\"dateModified\":\"2021-06-29T09:44:47+00:00\",\"description\":\"Entrada &#8226; Portal multimedia sobre cannabis y otras sustancias &#8226; 29 junio, 2021\",\"breadcrumb\":{\"@id\":\"https:\/\/www.cannabis.es\/pw\/2021\/06\/29\/el-tribunal-de-mexico-primero-en-tumbar-la-prohibicion-del-autocultivo\/#breadcrumb\"},\"inLanguage\":\"es\",\"potentialAction\":[{\"@type\":\"ReadAction\",\"target\":[\"https:\/\/www.cannabis.es\/pw\/2021\/06\/29\/el-tribunal-de-mexico-primero-en-tumbar-la-prohibicion-del-autocultivo\/\"]}]},{\"@type\":\"ImageObject\",\"inLanguage\":\"es\",\"@id\":\"https:\/\/www.cannabis.es\/pw\/2021\/06\/29\/el-tribunal-de-mexico-primero-en-tumbar-la-prohibicion-del-autocultivo\/#primaryimage\",\"url\":\"https:\/\/www.cannabis.es\/pw\/wp-content\/uploads\/2021\/06\/Mexico-derogacion-leyes.jpg\",\"contentUrl\":\"https:\/\/www.cannabis.es\/pw\/wp-content\/uploads\/2021\/06\/Mexico-derogacion-leyes.jpg\",\"width\":804,\"height\":532},{\"@type\":\"BreadcrumbList\",\"@id\":\"https:\/\/www.cannabis.es\/pw\/2021\/06\/29\/el-tribunal-de-mexico-primero-en-tumbar-la-prohibicion-del-autocultivo\/#breadcrumb\",\"itemListElement\":[{\"@type\":\"ListItem\",\"position\":1,\"name\":\"Portada\",\"item\":\"http:\/\/www.cannabis.es\/pw\/\"},{\"@type\":\"ListItem\",\"position\":2,\"name\":\"El Tribunal de M\u00e9xico, primero en tumbar la prohibici\u00f3n del autocultivo\"}]},{\"@type\":\"WebSite\",\"@id\":\"https:\/\/www.cannabis.es\/pw\/#website\",\"url\":\"https:\/\/www.cannabis.es\/pw\/\",\"name\":\"Cannabis\",\"description\":\"Portal multimedia sobre cannabis y otras sustancias\",\"publisher\":{\"@id\":\"https:\/\/www.cannabis.es\/pw\/#organization\"},\"potentialAction\":[{\"@type\":\"SearchAction\",\"target\":{\"@type\":\"EntryPoint\",\"urlTemplate\":\"https:\/\/www.cannabis.es\/pw\/?s={search_term_string}\"},\"query-input\":{\"@type\":\"PropertyValueSpecification\",\"valueRequired\":true,\"valueName\":\"search_term_string\"}}],\"inLanguage\":\"es\"},{\"@type\":\"Organization\",\"@id\":\"https:\/\/www.cannabis.es\/pw\/#organization\",\"name\":\"Cannabis.es\",\"url\":\"https:\/\/www.cannabis.es\/pw\/\",\"logo\":{\"@type\":\"ImageObject\",\"inLanguage\":\"es\",\"@id\":\"https:\/\/www.cannabis.es\/pw\/#\/schema\/logo\/image\/\",\"url\":\"https:\/\/www.cannabis.es\/pw\/wp-content\/uploads\/2019\/04\/cropped-logo_cannabis.png\",\"contentUrl\":\"https:\/\/www.cannabis.es\/pw\/wp-content\/uploads\/2019\/04\/cropped-logo_cannabis.png\",\"width\":361,\"height\":120,\"caption\":\"Cannabis.es\"},\"image\":{\"@id\":\"https:\/\/www.cannabis.es\/pw\/#\/schema\/logo\/image\/\"},\"sameAs\":[\"https:\/\/x.com\/cannabis_es\"]},{\"@type\":\"Person\",\"@id\":\"https:\/\/www.cannabis.es\/pw\/#\/schema\/person\/ec770c03f3e99d770687f537f4ba1e89\",\"name\":\"Cannabis.es\",\"image\":{\"@type\":\"ImageObject\",\"inLanguage\":\"es\",\"@id\":\"https:\/\/www.cannabis.es\/pw\/#\/schema\/person\/image\/\",\"url\":\"https:\/\/secure.gravatar.com\/avatar\/810c93a3d6fadc3d9c2665b1d919a4aedea8ed4dd63689d001e985a804e90d83?s=96&d=mm&r=g\",\"contentUrl\":\"https:\/\/secure.gravatar.com\/avatar\/810c93a3d6fadc3d9c2665b1d919a4aedea8ed4dd63689d001e985a804e90d83?s=96&d=mm&r=g\",\"caption\":\"Cannabis.es\"},\"url\":\"https:\/\/www.cannabis.es\/pw\/author\/arnau\/\"}]}<\/script>\n<!-- \/ Yoast SEO plugin. -->","yoast_head_json":{"title":"El Tribunal de M\u00e9xico, primero en tumbar la prohibici\u00f3n del autocultivo","description":"Entrada &#8226; Portal multimedia sobre cannabis y otras sustancias &#8226; 29 junio, 2021","robots":{"index":"index","follow":"follow","max-snippet":"max-snippet:-1","max-image-preview":"max-image-preview:large","max-video-preview":"max-video-preview:-1"},"canonical":"https:\/\/www.cannabis.es\/pw\/2021\/06\/29\/el-tribunal-de-mexico-primero-en-tumbar-la-prohibicion-del-autocultivo\/","twitter_card":"summary_large_image","twitter_title":"El Tribunal de M\u00e9xico, primero en tumbar la prohibici\u00f3n del autocultivo","twitter_description":"Entrada &#8226; Portal multimedia sobre cannabis y otras sustancias &#8226; 29 junio, 2021","twitter_image":"https:\/\/www.cannabis.es\/pw\/wp-content\/uploads\/2021\/06\/Mexico-derogacion-leyes.jpg","twitter_creator":"@cannabis_es","twitter_site":"@cannabis_es","twitter_misc":{"Escrito por":"Cannabis.es","Tiempo de lectura":"5 minutos"},"schema":{"@context":"https:\/\/schema.org","@graph":[{"@type":"Article","@id":"https:\/\/www.cannabis.es\/pw\/2021\/06\/29\/el-tribunal-de-mexico-primero-en-tumbar-la-prohibicion-del-autocultivo\/#article","isPartOf":{"@id":"https:\/\/www.cannabis.es\/pw\/2021\/06\/29\/el-tribunal-de-mexico-primero-en-tumbar-la-prohibicion-del-autocultivo\/"},"author":{"name":"Cannabis.es","@id":"https:\/\/www.cannabis.es\/pw\/#\/schema\/person\/ec770c03f3e99d770687f537f4ba1e89"},"headline":"El Tribunal de M\u00e9xico, primero en tumbar la prohibici\u00f3n del autocultivo","datePublished":"2021-06-29T09:28:03+00:00","dateModified":"2021-06-29T09:44:47+00:00","mainEntityOfPage":{"@id":"https:\/\/www.cannabis.es\/pw\/2021\/06\/29\/el-tribunal-de-mexico-primero-en-tumbar-la-prohibicion-del-autocultivo\/"},"wordCount":1138,"publisher":{"@id":"https:\/\/www.cannabis.es\/pw\/#organization"},"image":{"@id":"https:\/\/www.cannabis.es\/pw\/2021\/06\/29\/el-tribunal-de-mexico-primero-en-tumbar-la-prohibicion-del-autocultivo\/#primaryimage"},"thumbnailUrl":"https:\/\/www.cannabis.es\/pw\/wp-content\/uploads\/2021\/06\/Mexico-derogacion-leyes.jpg","keywords":["Arnau Alcaide","justicia","legalizaci\u00f3n","m\u00e9xico","pol\u00edtica"],"articleSection":["Pol\u00edtica y Sociedad"],"inLanguage":"es"},{"@type":"WebPage","@id":"https:\/\/www.cannabis.es\/pw\/2021\/06\/29\/el-tribunal-de-mexico-primero-en-tumbar-la-prohibicion-del-autocultivo\/","url":"https:\/\/www.cannabis.es\/pw\/2021\/06\/29\/el-tribunal-de-mexico-primero-en-tumbar-la-prohibicion-del-autocultivo\/","name":"El Tribunal de M\u00e9xico, primero en tumbar la prohibici\u00f3n del autocultivo","isPartOf":{"@id":"https:\/\/www.cannabis.es\/pw\/#website"},"primaryImageOfPage":{"@id":"https:\/\/www.cannabis.es\/pw\/2021\/06\/29\/el-tribunal-de-mexico-primero-en-tumbar-la-prohibicion-del-autocultivo\/#primaryimage"},"image":{"@id":"https:\/\/www.cannabis.es\/pw\/2021\/06\/29\/el-tribunal-de-mexico-primero-en-tumbar-la-prohibicion-del-autocultivo\/#primaryimage"},"thumbnailUrl":"https:\/\/www.cannabis.es\/pw\/wp-content\/uploads\/2021\/06\/Mexico-derogacion-leyes.jpg","datePublished":"2021-06-29T09:28:03+00:00","dateModified":"2021-06-29T09:44:47+00:00","description":"Entrada &#8226; Portal multimedia sobre cannabis y otras sustancias &#8226; 29 junio, 2021","breadcrumb":{"@id":"https:\/\/www.cannabis.es\/pw\/2021\/06\/29\/el-tribunal-de-mexico-primero-en-tumbar-la-prohibicion-del-autocultivo\/#breadcrumb"},"inLanguage":"es","potentialAction":[{"@type":"ReadAction","target":["https:\/\/www.cannabis.es\/pw\/2021\/06\/29\/el-tribunal-de-mexico-primero-en-tumbar-la-prohibicion-del-autocultivo\/"]}]},{"@type":"ImageObject","inLanguage":"es","@id":"https:\/\/www.cannabis.es\/pw\/2021\/06\/29\/el-tribunal-de-mexico-primero-en-tumbar-la-prohibicion-del-autocultivo\/#primaryimage","url":"https:\/\/www.cannabis.es\/pw\/wp-content\/uploads\/2021\/06\/Mexico-derogacion-leyes.jpg","contentUrl":"https:\/\/www.cannabis.es\/pw\/wp-content\/uploads\/2021\/06\/Mexico-derogacion-leyes.jpg","width":804,"height":532},{"@type":"BreadcrumbList","@id":"https:\/\/www.cannabis.es\/pw\/2021\/06\/29\/el-tribunal-de-mexico-primero-en-tumbar-la-prohibicion-del-autocultivo\/#breadcrumb","itemListElement":[{"@type":"ListItem","position":1,"name":"Portada","item":"http:\/\/www.cannabis.es\/pw\/"},{"@type":"ListItem","position":2,"name":"El Tribunal de M\u00e9xico, primero en tumbar la prohibici\u00f3n del autocultivo"}]},{"@type":"WebSite","@id":"https:\/\/www.cannabis.es\/pw\/#website","url":"https:\/\/www.cannabis.es\/pw\/","name":"Cannabis","description":"Portal multimedia sobre cannabis y otras sustancias","publisher":{"@id":"https:\/\/www.cannabis.es\/pw\/#organization"},"potentialAction":[{"@type":"SearchAction","target":{"@type":"EntryPoint","urlTemplate":"https:\/\/www.cannabis.es\/pw\/?s={search_term_string}"},"query-input":{"@type":"PropertyValueSpecification","valueRequired":true,"valueName":"search_term_string"}}],"inLanguage":"es"},{"@type":"Organization","@id":"https:\/\/www.cannabis.es\/pw\/#organization","name":"Cannabis.es","url":"https:\/\/www.cannabis.es\/pw\/","logo":{"@type":"ImageObject","inLanguage":"es","@id":"https:\/\/www.cannabis.es\/pw\/#\/schema\/logo\/image\/","url":"https:\/\/www.cannabis.es\/pw\/wp-content\/uploads\/2019\/04\/cropped-logo_cannabis.png","contentUrl":"https:\/\/www.cannabis.es\/pw\/wp-content\/uploads\/2019\/04\/cropped-logo_cannabis.png","width":361,"height":120,"caption":"Cannabis.es"},"image":{"@id":"https:\/\/www.cannabis.es\/pw\/#\/schema\/logo\/image\/"},"sameAs":["https:\/\/x.com\/cannabis_es"]},{"@type":"Person","@id":"https:\/\/www.cannabis.es\/pw\/#\/schema\/person\/ec770c03f3e99d770687f537f4ba1e89","name":"Cannabis.es","image":{"@type":"ImageObject","inLanguage":"es","@id":"https:\/\/www.cannabis.es\/pw\/#\/schema\/person\/image\/","url":"https:\/\/secure.gravatar.com\/avatar\/810c93a3d6fadc3d9c2665b1d919a4aedea8ed4dd63689d001e985a804e90d83?s=96&d=mm&r=g","contentUrl":"https:\/\/secure.gravatar.com\/avatar\/810c93a3d6fadc3d9c2665b1d919a4aedea8ed4dd63689d001e985a804e90d83?s=96&d=mm&r=g","caption":"Cannabis.es"},"url":"https:\/\/www.cannabis.es\/pw\/author\/arnau\/"}]}},"_links":{"self":[{"href":"https:\/\/www.cannabis.es\/pw\/wp-json\/wp\/v2\/posts\/7257","targetHints":{"allow":["GET"]}}],"collection":[{"href":"https:\/\/www.cannabis.es\/pw\/wp-json\/wp\/v2\/posts"}],"about":[{"href":"https:\/\/www.cannabis.es\/pw\/wp-json\/wp\/v2\/types\/post"}],"author":[{"embeddable":true,"href":"https:\/\/www.cannabis.es\/pw\/wp-json\/wp\/v2\/users\/3"}],"replies":[{"embeddable":true,"href":"https:\/\/www.cannabis.es\/pw\/wp-json\/wp\/v2\/comments?post=7257"}],"version-history":[{"count":4,"href":"https:\/\/www.cannabis.es\/pw\/wp-json\/wp\/v2\/posts\/7257\/revisions"}],"predecessor-version":[{"id":7262,"href":"https:\/\/www.cannabis.es\/pw\/wp-json\/wp\/v2\/posts\/7257\/revisions\/7262"}],"wp:featuredmedia":[{"embeddable":true,"href":"https:\/\/www.cannabis.es\/pw\/wp-json\/wp\/v2\/media\/7260"}],"wp:attachment":[{"href":"https:\/\/www.cannabis.es\/pw\/wp-json\/wp\/v2\/media?parent=7257"}],"wp:term":[{"taxonomy":"category","embeddable":true,"href":"https:\/\/www.cannabis.es\/pw\/wp-json\/wp\/v2\/categories?post=7257"},{"taxonomy":"post_tag","embeddable":true,"href":"https:\/\/www.cannabis.es\/pw\/wp-json\/wp\/v2\/tags?post=7257"}],"curies":[{"name":"wp","href":"https:\/\/api.w.org\/{rel}","templated":true}]}}