{"id":7285,"date":"2021-07-06T12:35:41","date_gmt":"2021-07-06T10:35:41","guid":{"rendered":"https:\/\/www.cannabis.es\/pw\/?p=7285"},"modified":"2021-07-06T12:35:42","modified_gmt":"2021-07-06T10:35:42","slug":"detenciones-arbitrarias-en-la-guerra-contra-las-drogas","status":"publish","type":"post","link":"https:\/\/www.cannabis.es\/pw\/2021\/07\/06\/detenciones-arbitrarias-en-la-guerra-contra-las-drogas\/","title":{"rendered":"Detenciones arbitrarias en la Guerra contra las Drogas"},"content":{"rendered":"\n<p>Benito D\u00edaz<\/p>\n\n\n\n<p>El pasado d\u00eda dos de julio tuvo lugar una reuni\u00f3n y seminario entre distintas personas responsables del documento que el Consejo de Derechos Humanos de la ONU lanz\u00f3 el 29 de junio. Este estudio se centra en el fen\u00f3meno de las intervenciones policiales y las detenciones arbitrarias con la excusa de las operaciones contra la droga, desde hace m\u00e1s de 50 a\u00f1os.<\/p>\n\n\n\n<p>En el marco del Consorcio Internacional de Pol\u00edticas de Drogas (IDPC), los turnos de palabra comenzaron por la presentadora, Ann Fordham, directora ejecutiva de la instituci\u00f3n. Seg\u00fan el orden de intervenci\u00f3n, pudimos escuchar al embajador de Suiza, F\u00e9lix Baumann; Doctora Elina Steinerte, presidenta-ponente del grupo de trabajo de la ONU por la Detenci\u00f3n Arbitraria y profesora de pol\u00edticas internacionales y legislaci\u00f3n de derechos humanos en numerosas universidades; Yatie Jonet, abogada para mujeres en Malasia y activista por los DDHH; Anthony Ojuwu, secretario de la Comisi\u00f3n Nacional de Derechos Humanos de Nigeria en 2018; Ambika Satkunathan, abogada por los DDHH localizada en Sri Lanka; Claudia Cardona, psic\u00f3loga para la <a href=\"https:\/\/www.humanas.org.co\/\">Corporaci\u00f3n Humanas Colombia<\/a>. Problemas con la conexi\u00f3n de Internet impidieron la visualizaci\u00f3n de Zaved Mahmood, abogado hind\u00fa, y la falta de tiempo condens\u00f3 las \u00faltimas intervenciones de Luciana Pol, Equipo de Pol\u00edtica Internacional del Centro de Estudios Legales y Sociales (CELS); y de Giada Girelli, analista de DDHH y parte de la Organizaci\u00f3n Internacional de Prevenci\u00f3n de Riesgos.<\/p>\n\n\n\n<h2 class=\"wp-block-heading\"><strong>Primeras intervenciones<\/strong><\/h2>\n\n\n\n<p>El embajador de Suiza comenz\u00f3 con un recordatorio sobre la resoluci\u00f3n alcanzada en materia de pol\u00edtica de drogas de 2015. <span class=\"has-inline-color has-luminous-vivid-orange-color\"><em>\u201cLos DDHH atraen cada vez m\u00e1s atenci\u00f3n. Es un asunto relevante pues transcurre afectando a varias fronteras y con la epidemia de COVID 19, las detenciones arbitrarias han aumentado\u201d,<\/em><\/span><span class=\"has-inline-color has-black-color\"> coment\u00f3 Baumann<\/span><span class=\"has-inline-color has-luminous-vivid-orange-color\">. <em><a href=\"https:\/\/www.cannabis.es\/pw\/2020\/03\/16\/cannabis-inalienable-derechos-humanos-en-el-acceso-y-consumo\/\">\u201cEl Consejo de Derechos Humanos<\/a> vela por la dignidad e intereses de muchos pa\u00edses, pues se trata de pol\u00edticas que tienen impacto en la vida de millones de personas\u201d<\/em><\/span><em>.<\/em><\/p>\n\n\n\n<p>La doctora Steinerte continu\u00f3 con la <strong>informaci\u00f3n al respecto del aumento de las tasas de detenciones<\/strong>. <em><span class=\"has-inline-color has-luminous-vivid-orange-color\">\u201cLas pol\u00edticas de drogas actuales y las actuaciones de los cuerpos de seguridad, buscan una criminalizaci\u00f3n y estigmatizaci\u00f3n de las personas que consumen sustancias. Son pol\u00edticas aplicadas a la salud que terminan en detenciones\u201d<\/span>, <\/em>expuso. <em><span class=\"has-inline-color has-luminous-vivid-orange-color\">\u201cLas pol\u00edticas de drogas son puestas en pr\u00e1ctica por multitud de estados, pero no disminuye el consumo, ni el narcotr\u00e1fico, tan solo aumenta la ratio de encarcelaci\u00f3n. No son productivas, solo hace m\u00e1s da\u00f1o y malgastan valiosos recursos\u201d<\/span>,<\/em> argument\u00f3 la profesora. Continu\u00f3 haciendo hincapi\u00e9 en los<strong> inexistentes motivos para los arrestos, los episodios de violencia hacia esas personas, la falta de acceso a un jurado y juicio justos, adem\u00e1s del problema de hacinamiento que est\u00e1n sufriendo en muchos penales alrededor del mundo.<\/strong><\/p>\n\n\n\n<p>Muchas de las intervenciones siguieron ahondando en las cuestiones de la<strong> despenalizaci\u00f3n del uso persona<\/strong>l de sustancias, <strong>medidas alternativas a la criminalizaci\u00f3n, la protecci\u00f3n de pueblos ind\u00edgenas y de comunidades minoritarias estigmatizadas<\/strong> por la polic\u00eda y agencias policiales.<\/p>\n\n\n\n<p>Anthony Ojukwu, por ejemplo, llam\u00f3 la atenci\u00f3n sobre los <strong>factores sociales que suelen afectar a las personas estigmatizadas, como bajo status socioecon\u00f3mico, lugar de residencia en un hotspot<\/strong> (lugar marcado por la polic\u00eda como de alta criminalidad), etc\u00e9tera. <em><span class=\"has-inline-color has-luminous-vivid-orange-color\">\u201cLa polic\u00eda act\u00faa en muchas ocasiones con violencia e impunidad. Las personas detenidas pierden sus derechos humanos de forma inmediata. Es necesario acelerar los juicios de estas personas, que en muchas ocasiones se pueden alargar hasta a\u00f1os sin presentar cargos, en situaci\u00f3n de encarcelamiento\u201d<\/span><\/em>, argument\u00f3 el ponente en relaci\u00f3n a Nigeria.<\/p>\n\n\n\n<figure class=\"wp-block-image size-large\"><img loading=\"lazy\" decoding=\"async\" width=\"804\" height=\"532\" src=\"https:\/\/www.cannabis.es\/pw\/wp-content\/uploads\/2021\/07\/ONU-retrospectiva.jpg\" alt=\"\" class=\"wp-image-7289\" srcset=\"https:\/\/www.cannabis.es\/pw\/wp-content\/uploads\/2021\/07\/ONU-retrospectiva.jpg 804w, https:\/\/www.cannabis.es\/pw\/wp-content\/uploads\/2021\/07\/ONU-retrospectiva-300x199.jpg 300w, https:\/\/www.cannabis.es\/pw\/wp-content\/uploads\/2021\/07\/ONU-retrospectiva-768x508.jpg 768w, https:\/\/www.cannabis.es\/pw\/wp-content\/uploads\/2021\/07\/ONU-retrospectiva-600x397.jpg 600w\" sizes=\"auto, (max-width: 804px) 100vw, 804px\" \/><\/figure>\n\n\n\n<h2 class=\"wp-block-heading\"><strong>Testimonios reales<\/strong><\/h2>\n\n\n\n<p>Tres disertaciones marcaron la conferencia. Fueron las palabras de Yatie Jonet, Ambika Satkunathan y Claudia Cardoni, personas que vivieron en carne propia las consecuencias de la Guerra contra las Drogas.<\/p>\n\n\n\n<p>Yatie Jonet comenz\u00f3 su experiencia con las drogas a los 15 a\u00f1os, en Malasia. Narr\u00f3 sus malas experiencias con el sistema judicial y penal de aquel pa\u00eds, donde fue<strong> internada en centros para su rehabilitaci\u00f3n obligatoria.<\/strong> En Malasia se estima que hay algo m\u00e1s de 3000 personas detenidas en centros p\u00fablicos y privados por estas causas. <em><span class=\"has-inline-color has-luminous-vivid-orange-color\">\u201cParece que el sistema busca curar, pero nada m\u00e1s lejos de la realidad. Despu\u00e9s de detenerte, vas a un centro de rehabilitaci\u00f3n. Te dicen que es por tu bien, que es su forma de darte amor. Pero <strong>te incomunican, te alejan de tu familia. Incluso hay gente que ha desaparecido.<\/strong> <strong>Si eres madre, te quitar\u00e1n a tus hijos\u201d<\/strong><\/span><\/em>, denunci\u00f3 Jonet. <em>\u201cEs hora de hacer un cambio en las pol\u00edticas de drogas. No soy una criminal, no me veo como una criminal. Quiero que llegue el d\u00eda en el cual ya no tenga miedo de contar mis experiencias. Quiero vivir en un ambiente en el que pueda vivir como una persona normal, cocinar, estar con mi familia. Es el momento de hacer un cambio en las pol\u00edticas de drogas\u201d.<\/em><\/p>\n\n\n\n<p>La ley de Sri Lanka es similar a la de Malasia, seg\u00fan cuenta Ambika Satkunathan. <span class=\"has-inline-color has-luminous-vivid-orange-color\">\u201c<em>Mi teor\u00eda es que existen distintos patrones regionales de aplicaci\u00f3n de las <em>pol\u00edticas de drogas<\/em>. Se debe de mantener una mirada cr\u00edtica, puesta en el progreso de la criminalizaci\u00f3n de colectivos minoritarios. Muchas veces, las personas no tienen acceso a fianza, pasan encarceladas uno o dos a\u00f1os sin representaci\u00f3n legal, hasta que se les somete a un juicio. Tan solo se puede permanecer en esa situaci\u00f3n hasta seis meses, seg\u00fan los papeles. Adem\u00e1s, la ley de Rehabilitaci\u00f3n exige que cualquier sospecha o informaci\u00f3n dada a la polic\u00eda sobre consumo de sustancias, deba ser comprobada mediante la detenci\u00f3n y el an\u00e1lisis de orina del individuo en cuesti\u00f3n. Despu\u00e9s, la ley obliga a ir a un programa de tratamiento. Aunque puede elegir ir a la c\u00e1rcel, lo que se est\u00e1 haciendo es imponer una rehabilitaci\u00f3n obligatoria, un tratamiento a la fuerza. El ej\u00e9rcito es qui\u00e9n se suele encargar de esto, utilizando la violencia y la disciplina militar\u201d<\/em><\/span>, concluye la letrada.<\/p>\n\n\n\n<p>La abogada Claudia Cardona tambi\u00e9n denunci\u00f3 el<strong> impacto de la polic\u00eda en la aplicaci\u00f3n de pol\u00edticas de drogas sobre colectivos de mujeres y personas vulnerables<\/strong>. Exigi\u00f3 una revisi\u00f3n de estas legislaciones, animando a todos los pa\u00edses a implementar las recomendaciones del informe de la IDPC, <a href=\"https:\/\/idpc.net\/publications\/2016\/03\/idpc-drug-policy-guide-3rd-edition\">otro documento consultable.<\/a><\/p>\n\n\n\n<p>\u201c<em>Alrededor de 874 mujeres est\u00e1n privadas de libertad por estos cargos, sin que se hayan siquiera probado\u201d<\/em>, relat\u00f3 Cardona, que vivi\u00f3 la situaci\u00f3n de primera mano en su juventud. <em><span class=\"has-inline-color has-luminous-vivid-orange-color\">\u201cAfecta m\u00e1s a mujeres pobres que ven en el narcomenudeo como forma de ganar dinero con el que mantener a sus familias. Viven sin derechos en esos centros, con mala alimentaci\u00f3n y escaso acceso a la sanidad, peligrando su integridad f\u00edsica de manera constante. Con la llegada de la pandemia, su situaci\u00f3n se recrudeci\u00f3 cuando el gobierno prohibi\u00f3 la entrada de terceras personas a las prisiones. Ni abogados, ni familia, profesionales de la salud u organizaciones de DDHH pudieron acceder al interior de los centros\u201d<\/span><\/em>, asegur\u00f3 la abogada, especialista en la defensa y promoci\u00f3n de Derechos Humanos para mujeres encarceladas y justicia de g\u00e9nero<em>. <span class=\"has-inline-color has-luminous-vivid-orange-color\">\u201cTambi\u00e9n fueron prohibidos los ingresos de materiales desde el exterior, incluyendo productos de higiene personal como los relacionados con la menstruaci\u00f3n. Esto gener\u00f3 una situaci\u00f3n inhumana, acrecentando la corrupci\u00f3n por parte de funcionarios que aprovecharon la escena\u201d<\/span><\/em>. Cardona concluy\u00f3 con la propuesta alternativa a la prisi\u00f3n para estos casos, que, desde su <a href=\"https:\/\/www.facebook.com\/mujereslibrescolombia\/\">grupo \u201cMujeres Libres\u201d,<\/a> pide <strong>que se contemple la prisi\u00f3n domiciliaria o la retenci\u00f3n transitoria domiciliaria mientras no se garantice la aplicaci\u00f3n de los DDHH en las c\u00e1rceles de Colombia<\/strong>, <em><span class=\"has-inline-color has-luminous-vivid-orange-color\">\u201cun lugar donde los observadores internacionales son ignorados por el Gobierno\u201d.<\/span><\/em><\/p>\n","protected":false},"excerpt":{"rendered":"<span class=\"span-reading-time rt-reading-time\" style=\"display: block;\"><span class=\"rt-label rt-prefix\">Tiempo de lectura:<\/span> <span class=\"rt-time\"> 5<\/span> <span class=\"rt-label rt-postfix\">minutos<\/span><\/span>Benito D\u00edaz El pasado d\u00eda dos de julio tuvo lugar una reuni\u00f3n y seminario entre distintas personas responsables del documento que el Consejo de Derechos Humanos de la ONU lanz\u00f3 el 29 de junio. Este estudio se centra en el fen\u00f3meno de las intervenciones policiales y las detenciones arbitrarias con la excusa de las operaciones [&hellip;]","protected":false},"author":3,"featured_media":7289,"comment_status":"closed","ping_status":"closed","sticky":false,"template":"","format":"standard","meta":{"loftocean-featured-post":"","loftocean_post_format_gallery":"","loftocean_post_format_gallery_ids":"","loftocean_post_format_gallery_urls":"","loftocean_post_format_video_id":"","loftocean_post_format_video_url":"","loftocean_post_format_video_type":"","loftocean_post_format_video":"","loftocean_post_format_audio_type":"","loftocean_post_format_audio_url":"","loftocean_post_format_audio_id":"","loftocean_post_format_audio":"","loftocean_post_format_quote_text":"","loftocean_post_format_quote_byline":"","loftocean_post_format_link_text":"","loftocean_post_format_link_url":"","ceramag_post_header_style":"","ceramag_enable_background_video":"","ceramag_show_in_top_slider":"","ceramag_post_background_video_start":"","ceramag_post_background_video_end":"","loftocean_page_background_video_id":"","loftocean_page_background_video_url":"","loftocean_page_background_video_type":"","loftocean_page_background_video":"","ceramag_background_video_start":"","ceramag_background_video_end":"","ceramag_single_page_hide_header":"","footnotes":""},"categories":[35],"tags":[43,690],"class_list":["post-7285","post","type-post","status-publish","format-standard","has-post-thumbnail","hentry","category-politica-y-sociedad","tag-benito-diaz","tag-guerra-contra-las-drogas"],"yoast_head":"<!-- This site is optimized with the Yoast SEO plugin v24.9 - https:\/\/yoast.com\/wordpress\/plugins\/seo\/ -->\n<title>Detenciones arbitrarias en la Guerra contra las Drogas<\/title>\n<meta name=\"description\" content=\"Entrada &#8226; Portal multimedia sobre cannabis y otras sustancias &#8226; 6 julio, 2021\" \/>\n<meta name=\"robots\" content=\"index, follow, max-snippet:-1, max-image-preview:large, max-video-preview:-1\" \/>\n<link rel=\"canonical\" href=\"https:\/\/www.cannabis.es\/pw\/2021\/07\/06\/detenciones-arbitrarias-en-la-guerra-contra-las-drogas\/\" \/>\n<meta name=\"twitter:card\" content=\"summary_large_image\" \/>\n<meta name=\"twitter:title\" content=\"Detenciones arbitrarias en la Guerra contra las Drogas\" \/>\n<meta name=\"twitter:description\" content=\"Entrada &#8226; Portal multimedia sobre cannabis y otras sustancias &#8226; 6 julio, 2021\" \/>\n<meta name=\"twitter:image\" content=\"https:\/\/www.cannabis.es\/pw\/wp-content\/uploads\/2021\/07\/ONU-retrospectiva.jpg\" \/>\n<meta name=\"twitter:creator\" content=\"@cannabis_es\" \/>\n<meta name=\"twitter:site\" content=\"@cannabis_es\" \/>\n<meta name=\"twitter:label1\" content=\"Escrito por\" \/>\n\t<meta name=\"twitter:data1\" content=\"Cannabis.es\" \/>\n\t<meta name=\"twitter:label2\" content=\"Tiempo de lectura\" \/>\n\t<meta name=\"twitter:data2\" content=\"6 minutos\" \/>\n<script type=\"application\/ld+json\" class=\"yoast-schema-graph\">{\"@context\":\"https:\/\/schema.org\",\"@graph\":[{\"@type\":\"Article\",\"@id\":\"https:\/\/www.cannabis.es\/pw\/2021\/07\/06\/detenciones-arbitrarias-en-la-guerra-contra-las-drogas\/#article\",\"isPartOf\":{\"@id\":\"https:\/\/www.cannabis.es\/pw\/2021\/07\/06\/detenciones-arbitrarias-en-la-guerra-contra-las-drogas\/\"},\"author\":{\"name\":\"Cannabis.es\",\"@id\":\"https:\/\/www.cannabis.es\/pw\/#\/schema\/person\/ec770c03f3e99d770687f537f4ba1e89\"},\"headline\":\"Detenciones arbitrarias en la Guerra contra las Drogas\",\"datePublished\":\"2021-07-06T10:35:41+00:00\",\"dateModified\":\"2021-07-06T10:35:42+00:00\",\"mainEntityOfPage\":{\"@id\":\"https:\/\/www.cannabis.es\/pw\/2021\/07\/06\/detenciones-arbitrarias-en-la-guerra-contra-las-drogas\/\"},\"wordCount\":1346,\"publisher\":{\"@id\":\"https:\/\/www.cannabis.es\/pw\/#organization\"},\"image\":{\"@id\":\"https:\/\/www.cannabis.es\/pw\/2021\/07\/06\/detenciones-arbitrarias-en-la-guerra-contra-las-drogas\/#primaryimage\"},\"thumbnailUrl\":\"https:\/\/www.cannabis.es\/pw\/wp-content\/uploads\/2021\/07\/ONU-retrospectiva.jpg\",\"keywords\":[\"Benito D\u00edaz\",\"guerra contra las drogas\"],\"articleSection\":[\"Pol\u00edtica y Sociedad\"],\"inLanguage\":\"es\"},{\"@type\":\"WebPage\",\"@id\":\"https:\/\/www.cannabis.es\/pw\/2021\/07\/06\/detenciones-arbitrarias-en-la-guerra-contra-las-drogas\/\",\"url\":\"https:\/\/www.cannabis.es\/pw\/2021\/07\/06\/detenciones-arbitrarias-en-la-guerra-contra-las-drogas\/\",\"name\":\"Detenciones arbitrarias en la Guerra contra las Drogas\",\"isPartOf\":{\"@id\":\"https:\/\/www.cannabis.es\/pw\/#website\"},\"primaryImageOfPage\":{\"@id\":\"https:\/\/www.cannabis.es\/pw\/2021\/07\/06\/detenciones-arbitrarias-en-la-guerra-contra-las-drogas\/#primaryimage\"},\"image\":{\"@id\":\"https:\/\/www.cannabis.es\/pw\/2021\/07\/06\/detenciones-arbitrarias-en-la-guerra-contra-las-drogas\/#primaryimage\"},\"thumbnailUrl\":\"https:\/\/www.cannabis.es\/pw\/wp-content\/uploads\/2021\/07\/ONU-retrospectiva.jpg\",\"datePublished\":\"2021-07-06T10:35:41+00:00\",\"dateModified\":\"2021-07-06T10:35:42+00:00\",\"description\":\"Entrada &#8226; Portal multimedia sobre cannabis y otras sustancias &#8226; 6 julio, 2021\",\"breadcrumb\":{\"@id\":\"https:\/\/www.cannabis.es\/pw\/2021\/07\/06\/detenciones-arbitrarias-en-la-guerra-contra-las-drogas\/#breadcrumb\"},\"inLanguage\":\"es\",\"potentialAction\":[{\"@type\":\"ReadAction\",\"target\":[\"https:\/\/www.cannabis.es\/pw\/2021\/07\/06\/detenciones-arbitrarias-en-la-guerra-contra-las-drogas\/\"]}]},{\"@type\":\"ImageObject\",\"inLanguage\":\"es\",\"@id\":\"https:\/\/www.cannabis.es\/pw\/2021\/07\/06\/detenciones-arbitrarias-en-la-guerra-contra-las-drogas\/#primaryimage\",\"url\":\"https:\/\/www.cannabis.es\/pw\/wp-content\/uploads\/2021\/07\/ONU-retrospectiva.jpg\",\"contentUrl\":\"https:\/\/www.cannabis.es\/pw\/wp-content\/uploads\/2021\/07\/ONU-retrospectiva.jpg\",\"width\":804,\"height\":532},{\"@type\":\"BreadcrumbList\",\"@id\":\"https:\/\/www.cannabis.es\/pw\/2021\/07\/06\/detenciones-arbitrarias-en-la-guerra-contra-las-drogas\/#breadcrumb\",\"itemListElement\":[{\"@type\":\"ListItem\",\"position\":1,\"name\":\"Portada\",\"item\":\"http:\/\/www.cannabis.es\/pw\/\"},{\"@type\":\"ListItem\",\"position\":2,\"name\":\"Detenciones arbitrarias en la Guerra contra las Drogas\"}]},{\"@type\":\"WebSite\",\"@id\":\"https:\/\/www.cannabis.es\/pw\/#website\",\"url\":\"https:\/\/www.cannabis.es\/pw\/\",\"name\":\"Cannabis\",\"description\":\"Portal multimedia sobre cannabis y otras sustancias\",\"publisher\":{\"@id\":\"https:\/\/www.cannabis.es\/pw\/#organization\"},\"potentialAction\":[{\"@type\":\"SearchAction\",\"target\":{\"@type\":\"EntryPoint\",\"urlTemplate\":\"https:\/\/www.cannabis.es\/pw\/?s={search_term_string}\"},\"query-input\":{\"@type\":\"PropertyValueSpecification\",\"valueRequired\":true,\"valueName\":\"search_term_string\"}}],\"inLanguage\":\"es\"},{\"@type\":\"Organization\",\"@id\":\"https:\/\/www.cannabis.es\/pw\/#organization\",\"name\":\"Cannabis.es\",\"url\":\"https:\/\/www.cannabis.es\/pw\/\",\"logo\":{\"@type\":\"ImageObject\",\"inLanguage\":\"es\",\"@id\":\"https:\/\/www.cannabis.es\/pw\/#\/schema\/logo\/image\/\",\"url\":\"https:\/\/www.cannabis.es\/pw\/wp-content\/uploads\/2019\/04\/cropped-logo_cannabis.png\",\"contentUrl\":\"https:\/\/www.cannabis.es\/pw\/wp-content\/uploads\/2019\/04\/cropped-logo_cannabis.png\",\"width\":361,\"height\":120,\"caption\":\"Cannabis.es\"},\"image\":{\"@id\":\"https:\/\/www.cannabis.es\/pw\/#\/schema\/logo\/image\/\"},\"sameAs\":[\"https:\/\/x.com\/cannabis_es\"]},{\"@type\":\"Person\",\"@id\":\"https:\/\/www.cannabis.es\/pw\/#\/schema\/person\/ec770c03f3e99d770687f537f4ba1e89\",\"name\":\"Cannabis.es\",\"image\":{\"@type\":\"ImageObject\",\"inLanguage\":\"es\",\"@id\":\"https:\/\/www.cannabis.es\/pw\/#\/schema\/person\/image\/\",\"url\":\"https:\/\/secure.gravatar.com\/avatar\/810c93a3d6fadc3d9c2665b1d919a4aedea8ed4dd63689d001e985a804e90d83?s=96&d=mm&r=g\",\"contentUrl\":\"https:\/\/secure.gravatar.com\/avatar\/810c93a3d6fadc3d9c2665b1d919a4aedea8ed4dd63689d001e985a804e90d83?s=96&d=mm&r=g\",\"caption\":\"Cannabis.es\"},\"url\":\"https:\/\/www.cannabis.es\/pw\/author\/arnau\/\"}]}<\/script>\n<!-- \/ Yoast SEO plugin. -->","yoast_head_json":{"title":"Detenciones arbitrarias en la Guerra contra las Drogas","description":"Entrada &#8226; Portal multimedia sobre cannabis y otras sustancias &#8226; 6 julio, 2021","robots":{"index":"index","follow":"follow","max-snippet":"max-snippet:-1","max-image-preview":"max-image-preview:large","max-video-preview":"max-video-preview:-1"},"canonical":"https:\/\/www.cannabis.es\/pw\/2021\/07\/06\/detenciones-arbitrarias-en-la-guerra-contra-las-drogas\/","twitter_card":"summary_large_image","twitter_title":"Detenciones arbitrarias en la Guerra contra las Drogas","twitter_description":"Entrada &#8226; Portal multimedia sobre cannabis y otras sustancias &#8226; 6 julio, 2021","twitter_image":"https:\/\/www.cannabis.es\/pw\/wp-content\/uploads\/2021\/07\/ONU-retrospectiva.jpg","twitter_creator":"@cannabis_es","twitter_site":"@cannabis_es","twitter_misc":{"Escrito por":"Cannabis.es","Tiempo de lectura":"6 minutos"},"schema":{"@context":"https:\/\/schema.org","@graph":[{"@type":"Article","@id":"https:\/\/www.cannabis.es\/pw\/2021\/07\/06\/detenciones-arbitrarias-en-la-guerra-contra-las-drogas\/#article","isPartOf":{"@id":"https:\/\/www.cannabis.es\/pw\/2021\/07\/06\/detenciones-arbitrarias-en-la-guerra-contra-las-drogas\/"},"author":{"name":"Cannabis.es","@id":"https:\/\/www.cannabis.es\/pw\/#\/schema\/person\/ec770c03f3e99d770687f537f4ba1e89"},"headline":"Detenciones arbitrarias en la Guerra contra las Drogas","datePublished":"2021-07-06T10:35:41+00:00","dateModified":"2021-07-06T10:35:42+00:00","mainEntityOfPage":{"@id":"https:\/\/www.cannabis.es\/pw\/2021\/07\/06\/detenciones-arbitrarias-en-la-guerra-contra-las-drogas\/"},"wordCount":1346,"publisher":{"@id":"https:\/\/www.cannabis.es\/pw\/#organization"},"image":{"@id":"https:\/\/www.cannabis.es\/pw\/2021\/07\/06\/detenciones-arbitrarias-en-la-guerra-contra-las-drogas\/#primaryimage"},"thumbnailUrl":"https:\/\/www.cannabis.es\/pw\/wp-content\/uploads\/2021\/07\/ONU-retrospectiva.jpg","keywords":["Benito D\u00edaz","guerra contra las drogas"],"articleSection":["Pol\u00edtica y Sociedad"],"inLanguage":"es"},{"@type":"WebPage","@id":"https:\/\/www.cannabis.es\/pw\/2021\/07\/06\/detenciones-arbitrarias-en-la-guerra-contra-las-drogas\/","url":"https:\/\/www.cannabis.es\/pw\/2021\/07\/06\/detenciones-arbitrarias-en-la-guerra-contra-las-drogas\/","name":"Detenciones arbitrarias en la Guerra contra las Drogas","isPartOf":{"@id":"https:\/\/www.cannabis.es\/pw\/#website"},"primaryImageOfPage":{"@id":"https:\/\/www.cannabis.es\/pw\/2021\/07\/06\/detenciones-arbitrarias-en-la-guerra-contra-las-drogas\/#primaryimage"},"image":{"@id":"https:\/\/www.cannabis.es\/pw\/2021\/07\/06\/detenciones-arbitrarias-en-la-guerra-contra-las-drogas\/#primaryimage"},"thumbnailUrl":"https:\/\/www.cannabis.es\/pw\/wp-content\/uploads\/2021\/07\/ONU-retrospectiva.jpg","datePublished":"2021-07-06T10:35:41+00:00","dateModified":"2021-07-06T10:35:42+00:00","description":"Entrada &#8226; Portal multimedia sobre cannabis y otras sustancias &#8226; 6 julio, 2021","breadcrumb":{"@id":"https:\/\/www.cannabis.es\/pw\/2021\/07\/06\/detenciones-arbitrarias-en-la-guerra-contra-las-drogas\/#breadcrumb"},"inLanguage":"es","potentialAction":[{"@type":"ReadAction","target":["https:\/\/www.cannabis.es\/pw\/2021\/07\/06\/detenciones-arbitrarias-en-la-guerra-contra-las-drogas\/"]}]},{"@type":"ImageObject","inLanguage":"es","@id":"https:\/\/www.cannabis.es\/pw\/2021\/07\/06\/detenciones-arbitrarias-en-la-guerra-contra-las-drogas\/#primaryimage","url":"https:\/\/www.cannabis.es\/pw\/wp-content\/uploads\/2021\/07\/ONU-retrospectiva.jpg","contentUrl":"https:\/\/www.cannabis.es\/pw\/wp-content\/uploads\/2021\/07\/ONU-retrospectiva.jpg","width":804,"height":532},{"@type":"BreadcrumbList","@id":"https:\/\/www.cannabis.es\/pw\/2021\/07\/06\/detenciones-arbitrarias-en-la-guerra-contra-las-drogas\/#breadcrumb","itemListElement":[{"@type":"ListItem","position":1,"name":"Portada","item":"http:\/\/www.cannabis.es\/pw\/"},{"@type":"ListItem","position":2,"name":"Detenciones arbitrarias en la Guerra contra las Drogas"}]},{"@type":"WebSite","@id":"https:\/\/www.cannabis.es\/pw\/#website","url":"https:\/\/www.cannabis.es\/pw\/","name":"Cannabis","description":"Portal multimedia sobre cannabis y otras sustancias","publisher":{"@id":"https:\/\/www.cannabis.es\/pw\/#organization"},"potentialAction":[{"@type":"SearchAction","target":{"@type":"EntryPoint","urlTemplate":"https:\/\/www.cannabis.es\/pw\/?s={search_term_string}"},"query-input":{"@type":"PropertyValueSpecification","valueRequired":true,"valueName":"search_term_string"}}],"inLanguage":"es"},{"@type":"Organization","@id":"https:\/\/www.cannabis.es\/pw\/#organization","name":"Cannabis.es","url":"https:\/\/www.cannabis.es\/pw\/","logo":{"@type":"ImageObject","inLanguage":"es","@id":"https:\/\/www.cannabis.es\/pw\/#\/schema\/logo\/image\/","url":"https:\/\/www.cannabis.es\/pw\/wp-content\/uploads\/2019\/04\/cropped-logo_cannabis.png","contentUrl":"https:\/\/www.cannabis.es\/pw\/wp-content\/uploads\/2019\/04\/cropped-logo_cannabis.png","width":361,"height":120,"caption":"Cannabis.es"},"image":{"@id":"https:\/\/www.cannabis.es\/pw\/#\/schema\/logo\/image\/"},"sameAs":["https:\/\/x.com\/cannabis_es"]},{"@type":"Person","@id":"https:\/\/www.cannabis.es\/pw\/#\/schema\/person\/ec770c03f3e99d770687f537f4ba1e89","name":"Cannabis.es","image":{"@type":"ImageObject","inLanguage":"es","@id":"https:\/\/www.cannabis.es\/pw\/#\/schema\/person\/image\/","url":"https:\/\/secure.gravatar.com\/avatar\/810c93a3d6fadc3d9c2665b1d919a4aedea8ed4dd63689d001e985a804e90d83?s=96&d=mm&r=g","contentUrl":"https:\/\/secure.gravatar.com\/avatar\/810c93a3d6fadc3d9c2665b1d919a4aedea8ed4dd63689d001e985a804e90d83?s=96&d=mm&r=g","caption":"Cannabis.es"},"url":"https:\/\/www.cannabis.es\/pw\/author\/arnau\/"}]}},"_links":{"self":[{"href":"https:\/\/www.cannabis.es\/pw\/wp-json\/wp\/v2\/posts\/7285","targetHints":{"allow":["GET"]}}],"collection":[{"href":"https:\/\/www.cannabis.es\/pw\/wp-json\/wp\/v2\/posts"}],"about":[{"href":"https:\/\/www.cannabis.es\/pw\/wp-json\/wp\/v2\/types\/post"}],"author":[{"embeddable":true,"href":"https:\/\/www.cannabis.es\/pw\/wp-json\/wp\/v2\/users\/3"}],"replies":[{"embeddable":true,"href":"https:\/\/www.cannabis.es\/pw\/wp-json\/wp\/v2\/comments?post=7285"}],"version-history":[{"count":3,"href":"https:\/\/www.cannabis.es\/pw\/wp-json\/wp\/v2\/posts\/7285\/revisions"}],"predecessor-version":[{"id":7290,"href":"https:\/\/www.cannabis.es\/pw\/wp-json\/wp\/v2\/posts\/7285\/revisions\/7290"}],"wp:featuredmedia":[{"embeddable":true,"href":"https:\/\/www.cannabis.es\/pw\/wp-json\/wp\/v2\/media\/7289"}],"wp:attachment":[{"href":"https:\/\/www.cannabis.es\/pw\/wp-json\/wp\/v2\/media?parent=7285"}],"wp:term":[{"taxonomy":"category","embeddable":true,"href":"https:\/\/www.cannabis.es\/pw\/wp-json\/wp\/v2\/categories?post=7285"},{"taxonomy":"post_tag","embeddable":true,"href":"https:\/\/www.cannabis.es\/pw\/wp-json\/wp\/v2\/tags?post=7285"}],"curies":[{"name":"wp","href":"https:\/\/api.w.org\/{rel}","templated":true}]}}