{"id":7326,"date":"2021-07-14T14:07:21","date_gmt":"2021-07-14T12:07:21","guid":{"rendered":"https:\/\/www.cannabis.es\/pw\/?p=7326"},"modified":"2021-07-15T11:56:31","modified_gmt":"2021-07-15T09:56:31","slug":"el-senado-de-los-estados-unidos-abre-hoy-la-legalizacion-del-cannabis","status":"publish","type":"post","link":"https:\/\/www.cannabis.es\/pw\/2021\/07\/14\/el-senado-de-los-estados-unidos-abre-hoy-la-legalizacion-del-cannabis\/","title":{"rendered":"El Senado de los Estados Unidos abre hoy la legalizaci\u00f3n del cannabis"},"content":{"rendered":"\n<p>Arnau Alcaide<br><br>El medio <a href=\"https:\/\/www.marijuanamoment.net\/schumer-to-unveil-federal-marijuana-legalization-bill-on-wednesday\/\">Marijuana Moment <\/a>nos explica que el borrador de la futura regulaci\u00f3n integral del cannabis en los Estados Unidos ser\u00e1 presentado hoy en rueda de prensa por el portavoz del Senado. El <em>Acto de Administraci\u00f3n y Oportunidad del Cannabis<\/em> ser\u00e1 presentado por el senador Chuck Summer, portavoz dem\u00f3crata, y sus compa\u00f1eros Ron Wyden y Cory Boooker.<\/p>\n\n\n\n<figure class=\"wp-block-embed is-type-video is-provider-youtube wp-block-embed-youtube wp-embed-aspect-16-9 wp-has-aspect-ratio\"><div class=\"wp-block-embed__wrapper\">\n<iframe loading=\"lazy\" title=\"Senate Democrats Announce Draft Legislation to Decriminalize Marijuana\" width=\"1200\" height=\"675\" src=\"https:\/\/www.youtube.com\/embed\/fJiyVStAjeM?start=6&#038;feature=oembed\" frameborder=\"0\" allow=\"accelerometer; autoplay; clipboard-write; encrypted-media; gyroscope; picture-in-picture\" allowfullscreen><\/iframe>\n<\/div><\/figure>\n\n\n\n<p>El borrador, de aprobarse, eliminar\u00eda el cannabis de la lista de sustancias prohibidas, pero seguir\u00eda respetando la legislaci\u00f3n de cada estado. Incluso si en un estado es ilegal, tiene derecho a que as\u00ed sea, y no se podr\u00e1 exportar marihuana a ese estado. La medida, no obstante, est\u00e1 destinada a evitar que la polic\u00eda federal impida como hasta ahora el normal funcionamiento comercial all\u00ed donde es legal, as\u00ed como que deje de penar y sancionar tenencia y consumo.<\/p>\n\n\n\n<p>La Oficina de Alimentos y Drogas (FDA) ser\u00e1 la administraci\u00f3n reguladora del proceso productivo, el empaquetado, la informaci\u00f3n y la direcci\u00f3n del uso. A su vez, el Comit\u00e9 de Comercio y Tasas se encargar\u00e1 de las disposiciones en su nombre.<\/p>\n\n\n\n<p><a href=\"https:\/\/www.marijuanamoment.net\/here-are-the-full-details-of-the-new-federal-marijuana-legalization-bill-from-chuck-schumer-and-senate-colleagues\/\">El proyecto de ley<\/a> al que ha tenido acceso Marijuana Moment busca reparar el da\u00f1o al ordenar que cada distrito federal elimine los arrestos y condenas por delitos no violentos de marihuana dentro de un a\u00f1o, y tambi\u00e9n permite que las personas que a\u00fan est\u00e1n bajo una sentencia penal por cannabis obtengan una audiencia de revisi\u00f3n para una nueva sentencia.<\/p>\n\n\n\n<p>Se crea tambi\u00e9n la Oficina de Justicia con el Cannabis, dependiente de Justicia, para la gesti\u00f3n de fondos de reparaci\u00f3n a la poblaci\u00f3n m\u00e1s afectada por la Guerra contra las Drogas. Estos fondos ir\u00edan a la formaci\u00f3n, la asistencia legal o el acceso a la propiedad de la poblaci\u00f3n recializada.<\/p>\n\n\n\n<p>Finalmente, se crea el Programa de Licencias en Igualdad que financiar\u00e1 a determinados estados y regiones administrativas sus proyectos de desarrollo con cantidades variables en funci\u00f3n del da\u00f1o causado por la prohibici\u00f3n en esas zonas. Para individuos, la ya existente Adminsitraci\u00f3n de Peque\u00f1os Negocios proveer\u00e1 cr\u00e9dito directo a aquellos perjudicados para que puedan tener acceso a la propiedad. Estos deben haber recibido reparaci\u00f3n obligatoria de sus estados, que tienen que crear un proceso autom\u00e1tico para toda la poblaci\u00f3n que facilite ir eliminando los antecedentes relacionados con el cannabis.<\/p>\n\n\n\n<p>Los empleados no perder\u00e1n ahora tampoco sus derechos laborales por estar en posesi\u00f3n de cannabis, pero s\u00ed se les podr\u00e1 seguir testando su consumo. Se autorizar\u00e1 a los m\u00e9dicos a recetar cannabis a veteranos de guerra para el estr\u00e9s postraum\u00e1tico (PTSD), una reivindicaci\u00f3n hist\u00f3rica del colectivo.<\/p>\n\n\n\n<figure class=\"wp-block-image size-large\"><img loading=\"lazy\" decoding=\"async\" width=\"804\" height=\"532\" src=\"https:\/\/www.cannabis.es\/pw\/wp-content\/uploads\/2021\/07\/cannabis-EEUU.jpg\" alt=\"\" class=\"wp-image-7327\" srcset=\"https:\/\/www.cannabis.es\/pw\/wp-content\/uploads\/2021\/07\/cannabis-EEUU.jpg 804w, https:\/\/www.cannabis.es\/pw\/wp-content\/uploads\/2021\/07\/cannabis-EEUU-300x199.jpg 300w, https:\/\/www.cannabis.es\/pw\/wp-content\/uploads\/2021\/07\/cannabis-EEUU-768x508.jpg 768w, https:\/\/www.cannabis.es\/pw\/wp-content\/uploads\/2021\/07\/cannabis-EEUU-600x397.jpg 600w\" sizes=\"auto, (max-width: 804px) 100vw, 804px\" \/><\/figure>\n\n\n\n<h2 class=\"wp-block-heading\"><strong>Contexto<\/strong><\/h2>\n\n\n\n<p>No es su versi\u00f3n definitiva. La apertura de las conversaciones est\u00e1 destinada a su modificaci\u00f3n y se abrir\u00e1 consulta ciudadana. No en vano el portavoz dem\u00f3crata hab\u00eda pedido ya a los votantes que participasen en el deseo de regulaci\u00f3n, haciendo saber a sus representantes de cada estado en el Congreso que estaban a favor.<\/p>\n\n\n\n<p>Schumer viene haciendo campa\u00f1a de una medida que dice<em><strong> \u00abasegurar\u00e1 la restauraci\u00f3n de la Justica\u00bb, <\/strong><\/em>explica m\u00e1s en detalle Marijuana Moment, pero esta medida se estaba demorando. Hasta ahora, a ojos extranjeros, parec\u00eda incluso diluida en otros temas. En marzo, por ejemplo, habl\u00f3 de priorizar a los negocios peque\u00f1os; particularmente a las poblaciones afroamericanas y latinas, m\u00e1s castigadas por la Guerra, frente a dejar que las industria del alcohol y el tabaco se hagan con el cannabis.<\/p>\n\n\n\n<p>Aunque un borrador hab\u00eda sido introducido en el Congreso en mayo, no logr\u00f3 superar el Senado, <a href=\"https:\/\/www.cannabis.es\/pw\/2021\/01\/08\/los-democratas-ganan-el-senado-y-podran-legalizar-el-cannabis\/\">en control dem\u00f3crata por el desempate t\u00e9cnico desde enero<\/a>. El entonces MORE Act, como se conoc\u00eda a la ley de Oportunidad, Reinversi\u00f3n y Reparaci\u00f3n en la Marihuana, se estima ahora que tiene en su nueva versi\u00f3n m\u00e1s opciones de ser aprobada, al haber legalizado <a href=\"https:\/\/www.cannabis.es\/pw\/2020\/11\/04\/la-legalizacion-gana-todos-los-referendums-paralelos-a-las-elecciones-en-eeuu\/\">cada vez m\u00e1s estados<\/a> el cannabis. El \u00faltimo y decimoquinto con uso recreativo, Nueva York, este marzo.<\/p>\n\n\n\n<p>Desde Marjuana Moment apuntan no obstante a una posici\u00f3n m\u00e1s conservadora de Biden, del que hemos podido ver que <a href=\"https:\/\/www.cannabis.es\/pw\/2020\/07\/29\/despenalizacion-y-legalizacion-medicinal-la-propuesta-federal-democrata-en-eeuu\/\">no era portavoz de las medidas progresistas del cannabis<\/a>, como s\u00ed la congresista<a href=\"https:\/\/www.cannabis.es\/pw\/2019\/06\/28\/la-congresista-alexandria-ocasio-cortez-por-la-legalizacion-del-cannabis-en-eeuu\/\"> Ocasio-Cortez<\/a>, que forma parte ahora de su c\u00edrculo de trabajo m\u00e1s cercano. En alguans declaraciones, el Presidente ha hablado de <em><span class=\"has-inline-color has-luminous-vivid-orange-color\">\u00abterminar con la prohibici\u00f3n y encontrar un buen sistema de impuestos y de regulaci\u00f3n a nivel federal\u00bb<\/span><\/em>, as\u00ed como de <span class=\"has-inline-color has-luminous-vivid-orange-color\">\u00ab<em>restaurar las vidas de las personas que han sido m\u00e1s heridas por la fracasada Guerra contra las Drogas, en especial la poblaci\u00f3n afroamericana\u00bb<\/em><\/span><em>. <\/em>Para ello habl\u00f3 de <em><span class=\"has-inline-color has-luminous-vivid-orange-color\">\u00abeliminar antecedentes penales, reinversi\u00f3n comunitario, formaci\u00f3n, recolocaci\u00f3n de trabajadores y acceso a financiaci\u00f3n\u00bb<\/span><\/em> para montar negocios.<\/p>\n","protected":false},"excerpt":{"rendered":"<span class=\"span-reading-time rt-reading-time\" style=\"display: block;\"><span class=\"rt-label rt-prefix\">Tiempo de lectura:<\/span> <span class=\"rt-time\"> 3<\/span> <span class=\"rt-label rt-postfix\">minutos<\/span><\/span>Arnau AlcaideEl medio Marijuana Moment nos explica que el borrador de la futura regulaci\u00f3n integral del cannabis en los Estados Unidos ser\u00e1 presentado hoy en rueda de prensa por el portavoz del Senado. El Acto de Administraci\u00f3n y Oportunidad del Cannabis ser\u00e1 presentado por el senador Chuck Summer, portavoz dem\u00f3crata, y sus compa\u00f1eros Ron Wyden [&hellip;]","protected":false},"author":3,"featured_media":7327,"comment_status":"closed","ping_status":"closed","sticky":false,"template":"","format":"standard","meta":{"loftocean-featured-post":"","loftocean_post_format_gallery":"","loftocean_post_format_gallery_ids":"","loftocean_post_format_gallery_urls":"","loftocean_post_format_video_id":"","loftocean_post_format_video_url":"","loftocean_post_format_video_type":"","loftocean_post_format_video":"","loftocean_post_format_audio_type":"","loftocean_post_format_audio_url":"","loftocean_post_format_audio_id":"","loftocean_post_format_audio":"","loftocean_post_format_quote_text":"","loftocean_post_format_quote_byline":"","loftocean_post_format_link_text":"","loftocean_post_format_link_url":"","ceramag_post_header_style":"","ceramag_enable_background_video":"","ceramag_show_in_top_slider":"","ceramag_post_background_video_start":"","ceramag_post_background_video_end":"","loftocean_page_background_video_id":"","loftocean_page_background_video_url":"","loftocean_page_background_video_type":"","loftocean_page_background_video":"","ceramag_background_video_start":"","ceramag_background_video_end":"","ceramag_single_page_hide_header":"","footnotes":""},"categories":[35],"tags":[540,41,457,54],"class_list":["post-7326","post","type-post","status-publish","format-standard","has-post-thumbnail","hentry","category-politica-y-sociedad","tag-arnau-alcaide","tag-cannabis","tag-estados-unidos","tag-legalizacion"],"yoast_head":"<!-- This site is optimized with the Yoast SEO plugin v24.9 - https:\/\/yoast.com\/wordpress\/plugins\/seo\/ -->\n<title>El Senado de los Estados Unidos abre hoy la legalizaci\u00f3n del cannabis<\/title>\n<meta name=\"description\" content=\"Entrada &#8226; Portal multimedia sobre cannabis y otras sustancias &#8226; 14 julio, 2021\" \/>\n<meta name=\"robots\" content=\"index, follow, max-snippet:-1, max-image-preview:large, max-video-preview:-1\" \/>\n<link rel=\"canonical\" href=\"https:\/\/www.cannabis.es\/pw\/2021\/07\/14\/el-senado-de-los-estados-unidos-abre-hoy-la-legalizacion-del-cannabis\/\" \/>\n<meta name=\"twitter:card\" content=\"summary_large_image\" \/>\n<meta name=\"twitter:title\" content=\"El Senado de los Estados Unidos abre hoy la legalizaci\u00f3n del cannabis\" \/>\n<meta name=\"twitter:description\" content=\"Entrada &#8226; Portal multimedia sobre cannabis y otras sustancias &#8226; 14 julio, 2021\" \/>\n<meta name=\"twitter:image\" content=\"https:\/\/www.cannabis.es\/pw\/wp-content\/uploads\/2021\/07\/cannabis-EEUU.jpg\" \/>\n<meta name=\"twitter:creator\" content=\"@cannabis_es\" \/>\n<meta name=\"twitter:site\" content=\"@cannabis_es\" \/>\n<meta name=\"twitter:label1\" content=\"Escrito por\" \/>\n\t<meta name=\"twitter:data1\" content=\"Cannabis.es\" \/>\n\t<meta name=\"twitter:label2\" content=\"Tiempo de lectura\" \/>\n\t<meta name=\"twitter:data2\" content=\"4 minutos\" \/>\n<script type=\"application\/ld+json\" class=\"yoast-schema-graph\">{\"@context\":\"https:\/\/schema.org\",\"@graph\":[{\"@type\":\"Article\",\"@id\":\"https:\/\/www.cannabis.es\/pw\/2021\/07\/14\/el-senado-de-los-estados-unidos-abre-hoy-la-legalizacion-del-cannabis\/#article\",\"isPartOf\":{\"@id\":\"https:\/\/www.cannabis.es\/pw\/2021\/07\/14\/el-senado-de-los-estados-unidos-abre-hoy-la-legalizacion-del-cannabis\/\"},\"author\":{\"name\":\"Cannabis.es\",\"@id\":\"https:\/\/www.cannabis.es\/pw\/#\/schema\/person\/ec770c03f3e99d770687f537f4ba1e89\"},\"headline\":\"El Senado de los Estados Unidos abre hoy la legalizaci\u00f3n del cannabis\",\"datePublished\":\"2021-07-14T12:07:21+00:00\",\"dateModified\":\"2021-07-15T09:56:31+00:00\",\"mainEntityOfPage\":{\"@id\":\"https:\/\/www.cannabis.es\/pw\/2021\/07\/14\/el-senado-de-los-estados-unidos-abre-hoy-la-legalizacion-del-cannabis\/\"},\"wordCount\":841,\"publisher\":{\"@id\":\"https:\/\/www.cannabis.es\/pw\/#organization\"},\"image\":{\"@id\":\"https:\/\/www.cannabis.es\/pw\/2021\/07\/14\/el-senado-de-los-estados-unidos-abre-hoy-la-legalizacion-del-cannabis\/#primaryimage\"},\"thumbnailUrl\":\"https:\/\/www.cannabis.es\/pw\/wp-content\/uploads\/2021\/07\/cannabis-EEUU.jpg\",\"keywords\":[\"Arnau Alcaide\",\"cannabis\",\"Estados Unidos\",\"legalizaci\u00f3n\"],\"articleSection\":[\"Pol\u00edtica y Sociedad\"],\"inLanguage\":\"es\"},{\"@type\":\"WebPage\",\"@id\":\"https:\/\/www.cannabis.es\/pw\/2021\/07\/14\/el-senado-de-los-estados-unidos-abre-hoy-la-legalizacion-del-cannabis\/\",\"url\":\"https:\/\/www.cannabis.es\/pw\/2021\/07\/14\/el-senado-de-los-estados-unidos-abre-hoy-la-legalizacion-del-cannabis\/\",\"name\":\"El Senado de los Estados Unidos abre hoy la legalizaci\u00f3n del cannabis\",\"isPartOf\":{\"@id\":\"https:\/\/www.cannabis.es\/pw\/#website\"},\"primaryImageOfPage\":{\"@id\":\"https:\/\/www.cannabis.es\/pw\/2021\/07\/14\/el-senado-de-los-estados-unidos-abre-hoy-la-legalizacion-del-cannabis\/#primaryimage\"},\"image\":{\"@id\":\"https:\/\/www.cannabis.es\/pw\/2021\/07\/14\/el-senado-de-los-estados-unidos-abre-hoy-la-legalizacion-del-cannabis\/#primaryimage\"},\"thumbnailUrl\":\"https:\/\/www.cannabis.es\/pw\/wp-content\/uploads\/2021\/07\/cannabis-EEUU.jpg\",\"datePublished\":\"2021-07-14T12:07:21+00:00\",\"dateModified\":\"2021-07-15T09:56:31+00:00\",\"description\":\"Entrada &#8226; Portal multimedia sobre cannabis y otras sustancias &#8226; 14 julio, 2021\",\"breadcrumb\":{\"@id\":\"https:\/\/www.cannabis.es\/pw\/2021\/07\/14\/el-senado-de-los-estados-unidos-abre-hoy-la-legalizacion-del-cannabis\/#breadcrumb\"},\"inLanguage\":\"es\",\"potentialAction\":[{\"@type\":\"ReadAction\",\"target\":[\"https:\/\/www.cannabis.es\/pw\/2021\/07\/14\/el-senado-de-los-estados-unidos-abre-hoy-la-legalizacion-del-cannabis\/\"]}]},{\"@type\":\"ImageObject\",\"inLanguage\":\"es\",\"@id\":\"https:\/\/www.cannabis.es\/pw\/2021\/07\/14\/el-senado-de-los-estados-unidos-abre-hoy-la-legalizacion-del-cannabis\/#primaryimage\",\"url\":\"https:\/\/www.cannabis.es\/pw\/wp-content\/uploads\/2021\/07\/cannabis-EEUU.jpg\",\"contentUrl\":\"https:\/\/www.cannabis.es\/pw\/wp-content\/uploads\/2021\/07\/cannabis-EEUU.jpg\",\"width\":804,\"height\":532},{\"@type\":\"BreadcrumbList\",\"@id\":\"https:\/\/www.cannabis.es\/pw\/2021\/07\/14\/el-senado-de-los-estados-unidos-abre-hoy-la-legalizacion-del-cannabis\/#breadcrumb\",\"itemListElement\":[{\"@type\":\"ListItem\",\"position\":1,\"name\":\"Portada\",\"item\":\"http:\/\/www.cannabis.es\/pw\/\"},{\"@type\":\"ListItem\",\"position\":2,\"name\":\"El Senado de los Estados Unidos abre hoy la legalizaci\u00f3n del cannabis\"}]},{\"@type\":\"WebSite\",\"@id\":\"https:\/\/www.cannabis.es\/pw\/#website\",\"url\":\"https:\/\/www.cannabis.es\/pw\/\",\"name\":\"Cannabis\",\"description\":\"Portal multimedia sobre cannabis y otras sustancias\",\"publisher\":{\"@id\":\"https:\/\/www.cannabis.es\/pw\/#organization\"},\"potentialAction\":[{\"@type\":\"SearchAction\",\"target\":{\"@type\":\"EntryPoint\",\"urlTemplate\":\"https:\/\/www.cannabis.es\/pw\/?s={search_term_string}\"},\"query-input\":{\"@type\":\"PropertyValueSpecification\",\"valueRequired\":true,\"valueName\":\"search_term_string\"}}],\"inLanguage\":\"es\"},{\"@type\":\"Organization\",\"@id\":\"https:\/\/www.cannabis.es\/pw\/#organization\",\"name\":\"Cannabis.es\",\"url\":\"https:\/\/www.cannabis.es\/pw\/\",\"logo\":{\"@type\":\"ImageObject\",\"inLanguage\":\"es\",\"@id\":\"https:\/\/www.cannabis.es\/pw\/#\/schema\/logo\/image\/\",\"url\":\"https:\/\/www.cannabis.es\/pw\/wp-content\/uploads\/2019\/04\/cropped-logo_cannabis.png\",\"contentUrl\":\"https:\/\/www.cannabis.es\/pw\/wp-content\/uploads\/2019\/04\/cropped-logo_cannabis.png\",\"width\":361,\"height\":120,\"caption\":\"Cannabis.es\"},\"image\":{\"@id\":\"https:\/\/www.cannabis.es\/pw\/#\/schema\/logo\/image\/\"},\"sameAs\":[\"https:\/\/x.com\/cannabis_es\"]},{\"@type\":\"Person\",\"@id\":\"https:\/\/www.cannabis.es\/pw\/#\/schema\/person\/ec770c03f3e99d770687f537f4ba1e89\",\"name\":\"Cannabis.es\",\"image\":{\"@type\":\"ImageObject\",\"inLanguage\":\"es\",\"@id\":\"https:\/\/www.cannabis.es\/pw\/#\/schema\/person\/image\/\",\"url\":\"https:\/\/secure.gravatar.com\/avatar\/810c93a3d6fadc3d9c2665b1d919a4aedea8ed4dd63689d001e985a804e90d83?s=96&d=mm&r=g\",\"contentUrl\":\"https:\/\/secure.gravatar.com\/avatar\/810c93a3d6fadc3d9c2665b1d919a4aedea8ed4dd63689d001e985a804e90d83?s=96&d=mm&r=g\",\"caption\":\"Cannabis.es\"},\"url\":\"https:\/\/www.cannabis.es\/pw\/author\/arnau\/\"}]}<\/script>\n<!-- \/ Yoast SEO plugin. -->","yoast_head_json":{"title":"El Senado de los Estados Unidos abre hoy la legalizaci\u00f3n del cannabis","description":"Entrada &#8226; Portal multimedia sobre cannabis y otras sustancias &#8226; 14 julio, 2021","robots":{"index":"index","follow":"follow","max-snippet":"max-snippet:-1","max-image-preview":"max-image-preview:large","max-video-preview":"max-video-preview:-1"},"canonical":"https:\/\/www.cannabis.es\/pw\/2021\/07\/14\/el-senado-de-los-estados-unidos-abre-hoy-la-legalizacion-del-cannabis\/","twitter_card":"summary_large_image","twitter_title":"El Senado de los Estados Unidos abre hoy la legalizaci\u00f3n del cannabis","twitter_description":"Entrada &#8226; Portal multimedia sobre cannabis y otras sustancias &#8226; 14 julio, 2021","twitter_image":"https:\/\/www.cannabis.es\/pw\/wp-content\/uploads\/2021\/07\/cannabis-EEUU.jpg","twitter_creator":"@cannabis_es","twitter_site":"@cannabis_es","twitter_misc":{"Escrito por":"Cannabis.es","Tiempo de lectura":"4 minutos"},"schema":{"@context":"https:\/\/schema.org","@graph":[{"@type":"Article","@id":"https:\/\/www.cannabis.es\/pw\/2021\/07\/14\/el-senado-de-los-estados-unidos-abre-hoy-la-legalizacion-del-cannabis\/#article","isPartOf":{"@id":"https:\/\/www.cannabis.es\/pw\/2021\/07\/14\/el-senado-de-los-estados-unidos-abre-hoy-la-legalizacion-del-cannabis\/"},"author":{"name":"Cannabis.es","@id":"https:\/\/www.cannabis.es\/pw\/#\/schema\/person\/ec770c03f3e99d770687f537f4ba1e89"},"headline":"El Senado de los Estados Unidos abre hoy la legalizaci\u00f3n del cannabis","datePublished":"2021-07-14T12:07:21+00:00","dateModified":"2021-07-15T09:56:31+00:00","mainEntityOfPage":{"@id":"https:\/\/www.cannabis.es\/pw\/2021\/07\/14\/el-senado-de-los-estados-unidos-abre-hoy-la-legalizacion-del-cannabis\/"},"wordCount":841,"publisher":{"@id":"https:\/\/www.cannabis.es\/pw\/#organization"},"image":{"@id":"https:\/\/www.cannabis.es\/pw\/2021\/07\/14\/el-senado-de-los-estados-unidos-abre-hoy-la-legalizacion-del-cannabis\/#primaryimage"},"thumbnailUrl":"https:\/\/www.cannabis.es\/pw\/wp-content\/uploads\/2021\/07\/cannabis-EEUU.jpg","keywords":["Arnau Alcaide","cannabis","Estados Unidos","legalizaci\u00f3n"],"articleSection":["Pol\u00edtica y Sociedad"],"inLanguage":"es"},{"@type":"WebPage","@id":"https:\/\/www.cannabis.es\/pw\/2021\/07\/14\/el-senado-de-los-estados-unidos-abre-hoy-la-legalizacion-del-cannabis\/","url":"https:\/\/www.cannabis.es\/pw\/2021\/07\/14\/el-senado-de-los-estados-unidos-abre-hoy-la-legalizacion-del-cannabis\/","name":"El Senado de los Estados Unidos abre hoy la legalizaci\u00f3n del cannabis","isPartOf":{"@id":"https:\/\/www.cannabis.es\/pw\/#website"},"primaryImageOfPage":{"@id":"https:\/\/www.cannabis.es\/pw\/2021\/07\/14\/el-senado-de-los-estados-unidos-abre-hoy-la-legalizacion-del-cannabis\/#primaryimage"},"image":{"@id":"https:\/\/www.cannabis.es\/pw\/2021\/07\/14\/el-senado-de-los-estados-unidos-abre-hoy-la-legalizacion-del-cannabis\/#primaryimage"},"thumbnailUrl":"https:\/\/www.cannabis.es\/pw\/wp-content\/uploads\/2021\/07\/cannabis-EEUU.jpg","datePublished":"2021-07-14T12:07:21+00:00","dateModified":"2021-07-15T09:56:31+00:00","description":"Entrada &#8226; Portal multimedia sobre cannabis y otras sustancias &#8226; 14 julio, 2021","breadcrumb":{"@id":"https:\/\/www.cannabis.es\/pw\/2021\/07\/14\/el-senado-de-los-estados-unidos-abre-hoy-la-legalizacion-del-cannabis\/#breadcrumb"},"inLanguage":"es","potentialAction":[{"@type":"ReadAction","target":["https:\/\/www.cannabis.es\/pw\/2021\/07\/14\/el-senado-de-los-estados-unidos-abre-hoy-la-legalizacion-del-cannabis\/"]}]},{"@type":"ImageObject","inLanguage":"es","@id":"https:\/\/www.cannabis.es\/pw\/2021\/07\/14\/el-senado-de-los-estados-unidos-abre-hoy-la-legalizacion-del-cannabis\/#primaryimage","url":"https:\/\/www.cannabis.es\/pw\/wp-content\/uploads\/2021\/07\/cannabis-EEUU.jpg","contentUrl":"https:\/\/www.cannabis.es\/pw\/wp-content\/uploads\/2021\/07\/cannabis-EEUU.jpg","width":804,"height":532},{"@type":"BreadcrumbList","@id":"https:\/\/www.cannabis.es\/pw\/2021\/07\/14\/el-senado-de-los-estados-unidos-abre-hoy-la-legalizacion-del-cannabis\/#breadcrumb","itemListElement":[{"@type":"ListItem","position":1,"name":"Portada","item":"http:\/\/www.cannabis.es\/pw\/"},{"@type":"ListItem","position":2,"name":"El Senado de los Estados Unidos abre hoy la legalizaci\u00f3n del cannabis"}]},{"@type":"WebSite","@id":"https:\/\/www.cannabis.es\/pw\/#website","url":"https:\/\/www.cannabis.es\/pw\/","name":"Cannabis","description":"Portal multimedia sobre cannabis y otras sustancias","publisher":{"@id":"https:\/\/www.cannabis.es\/pw\/#organization"},"potentialAction":[{"@type":"SearchAction","target":{"@type":"EntryPoint","urlTemplate":"https:\/\/www.cannabis.es\/pw\/?s={search_term_string}"},"query-input":{"@type":"PropertyValueSpecification","valueRequired":true,"valueName":"search_term_string"}}],"inLanguage":"es"},{"@type":"Organization","@id":"https:\/\/www.cannabis.es\/pw\/#organization","name":"Cannabis.es","url":"https:\/\/www.cannabis.es\/pw\/","logo":{"@type":"ImageObject","inLanguage":"es","@id":"https:\/\/www.cannabis.es\/pw\/#\/schema\/logo\/image\/","url":"https:\/\/www.cannabis.es\/pw\/wp-content\/uploads\/2019\/04\/cropped-logo_cannabis.png","contentUrl":"https:\/\/www.cannabis.es\/pw\/wp-content\/uploads\/2019\/04\/cropped-logo_cannabis.png","width":361,"height":120,"caption":"Cannabis.es"},"image":{"@id":"https:\/\/www.cannabis.es\/pw\/#\/schema\/logo\/image\/"},"sameAs":["https:\/\/x.com\/cannabis_es"]},{"@type":"Person","@id":"https:\/\/www.cannabis.es\/pw\/#\/schema\/person\/ec770c03f3e99d770687f537f4ba1e89","name":"Cannabis.es","image":{"@type":"ImageObject","inLanguage":"es","@id":"https:\/\/www.cannabis.es\/pw\/#\/schema\/person\/image\/","url":"https:\/\/secure.gravatar.com\/avatar\/810c93a3d6fadc3d9c2665b1d919a4aedea8ed4dd63689d001e985a804e90d83?s=96&d=mm&r=g","contentUrl":"https:\/\/secure.gravatar.com\/avatar\/810c93a3d6fadc3d9c2665b1d919a4aedea8ed4dd63689d001e985a804e90d83?s=96&d=mm&r=g","caption":"Cannabis.es"},"url":"https:\/\/www.cannabis.es\/pw\/author\/arnau\/"}]}},"_links":{"self":[{"href":"https:\/\/www.cannabis.es\/pw\/wp-json\/wp\/v2\/posts\/7326","targetHints":{"allow":["GET"]}}],"collection":[{"href":"https:\/\/www.cannabis.es\/pw\/wp-json\/wp\/v2\/posts"}],"about":[{"href":"https:\/\/www.cannabis.es\/pw\/wp-json\/wp\/v2\/types\/post"}],"author":[{"embeddable":true,"href":"https:\/\/www.cannabis.es\/pw\/wp-json\/wp\/v2\/users\/3"}],"replies":[{"embeddable":true,"href":"https:\/\/www.cannabis.es\/pw\/wp-json\/wp\/v2\/comments?post=7326"}],"version-history":[{"count":4,"href":"https:\/\/www.cannabis.es\/pw\/wp-json\/wp\/v2\/posts\/7326\/revisions"}],"predecessor-version":[{"id":7333,"href":"https:\/\/www.cannabis.es\/pw\/wp-json\/wp\/v2\/posts\/7326\/revisions\/7333"}],"wp:featuredmedia":[{"embeddable":true,"href":"https:\/\/www.cannabis.es\/pw\/wp-json\/wp\/v2\/media\/7327"}],"wp:attachment":[{"href":"https:\/\/www.cannabis.es\/pw\/wp-json\/wp\/v2\/media?parent=7326"}],"wp:term":[{"taxonomy":"category","embeddable":true,"href":"https:\/\/www.cannabis.es\/pw\/wp-json\/wp\/v2\/categories?post=7326"},{"taxonomy":"post_tag","embeddable":true,"href":"https:\/\/www.cannabis.es\/pw\/wp-json\/wp\/v2\/tags?post=7326"}],"curies":[{"name":"wp","href":"https:\/\/api.w.org\/{rel}","templated":true}]}}