{"id":7334,"date":"2021-07-15T12:26:43","date_gmt":"2021-07-15T10:26:43","guid":{"rendered":"https:\/\/www.cannabis.es\/pw\/?p=7334"},"modified":"2021-07-15T12:26:44","modified_gmt":"2021-07-15T10:26:44","slug":"alemania-podria-ser-la-cuna-del-cannabis-en-europa","status":"publish","type":"post","link":"https:\/\/www.cannabis.es\/pw\/2021\/07\/15\/alemania-podria-ser-la-cuna-del-cannabis-en-europa\/","title":{"rendered":"Alemania podr\u00eda ser la cuna del cannabis en Europa"},"content":{"rendered":"\n<p>Benito D\u00edaz<\/p>\n\n\n\n<p>Los \u00faltimos avances en materia regulatoria llevados a cabo en Alemania parecen acercar cada d\u00eda m\u00e1s a una legislaci\u00f3n para el uso adulto del Cannabis. La propuesta de ley fomentada desde el Partido Los Verdes contempla la creaci\u00f3n de una nueva pol\u00edtica de drogas cre\u00edble y basada en la responsabilidad. Utilizando el argumento econ\u00f3mico y tras alg\u00fan intento fallido, la rep\u00fablica federal puede alcanzar ahora el acuerdo.<\/p>\n\n\n\n<p>Los rumores al respecto de la posible legislaci\u00f3n en Alemania no son nuevos. Tras los avances en regulaci\u00f3n de 2017, cuando las autoridades de Berl\u00edn aprobaron las leyes <a href=\"https:\/\/www.cannabis.es\/pw\/2016\/05\/05\/alemania-dispensara-cannabis-medicinal\/\">sobre cannabis terap\u00e9utico<\/a>, se ha intentado traer el debate del cannabis recreativo. Por ejemplo, en octubre de 2020, el Senado alem\u00e1n rechaz\u00f3 un proyecto de ley para establecer un mercado del cannabis controlado para adultos. La CDU de la antigua primera ministra, Angela Merkel, y los socialdem\u00f3cratas, votaron en contra, junto con otros partidos conservadores. Tan solo apoyaron la medida Los Verdes, mientras el Partido Dem\u00f3crata Libre se abstuvo.<\/p>\n\n\n\n<figure class=\"wp-block-image size-large\"><img loading=\"lazy\" decoding=\"async\" width=\"804\" height=\"532\" src=\"https:\/\/www.cannabis.es\/pw\/wp-content\/uploads\/2021\/07\/Alemania-recreativo.jpg\" alt=\"\" class=\"wp-image-7336\" srcset=\"https:\/\/www.cannabis.es\/pw\/wp-content\/uploads\/2021\/07\/Alemania-recreativo.jpg 804w, https:\/\/www.cannabis.es\/pw\/wp-content\/uploads\/2021\/07\/Alemania-recreativo-300x199.jpg 300w, https:\/\/www.cannabis.es\/pw\/wp-content\/uploads\/2021\/07\/Alemania-recreativo-768x508.jpg 768w, https:\/\/www.cannabis.es\/pw\/wp-content\/uploads\/2021\/07\/Alemania-recreativo-600x397.jpg 600w\" sizes=\"auto, (max-width: 804px) 100vw, 804px\" \/><\/figure>\n\n\n\n<h2 class=\"wp-block-heading\"><strong>Panorama actual<\/strong><\/h2>\n\n\n\n<p>El ascenso de Los Verdes ha tra\u00eddo de nuevo el debate. Las encuestas de intenci\u00f3n de voto sit\u00faan al partido como foco de atenci\u00f3n, pues ha sabido aprovechar el descontento de la poblaci\u00f3n con la gesti\u00f3n del COVID y los problemas de gesti\u00f3n interna derivados del medio ambiente.<\/p>\n\n\n\n<p>Una encuesta realizada en 2017, y reflejada en el informe de 2019 del <a href=\"https:\/\/www.tni.org\/es\">Transnational Institute (TNI)<\/a> en <a href=\"https:\/\/www.cannabis.es\/pw\/2020\/03\/16\/cannabis-inalienable-derechos-humanos-en-el-acceso-y-consumo\/\">colaboraci\u00f3n con ICEERS<\/a> y otras entidades europeas, revelaba que la mayor\u00eda del pueblo alem\u00e1n (63%) se manifest\u00f3 en contra de regular el cannabis en adultos. Por otra parte, en 2018 se llev\u00f3 a cabo otra pregunta, matizada, y se descubri\u00f3 que la aceptaci\u00f3n al cannabis aument\u00f3 hasta el 46%, dejando un 52% en desacuerdo y un 2% Ns\/Nc. Otra encuesta, llevada a cabo por el diario Die Zeit en 2018, aseguraba que un 57% de personas estar\u00edan a favor del cannabis.<\/p>\n\n\n\n<p>En Alemania, no parece importar tanto la cuesti\u00f3n del valor del mercado de la marihuana, sino observar el tema desde una perspectiva sanitaria. Sin embargo, datos recientes del <a href=\"https:\/\/www.cannabis.es\/pw\/2021\/03\/31\/alemania-sera-la-mitad-del-mercado-europeo-del-cannabis-medicinal-hasta-2024\/\">informe de Prohibition Partners,<\/a> think thank de la industria del cannabis, el volumen de la demanda en el mercado que una regulaci\u00f3n del cannabis traer\u00eda sobre la econom\u00eda teutona asciende a 16.200 millones de euros. En el caso del Cannabis Terap\u00e9utico, unos 7.700 millones, en el del Recreativo, 8.500, eso s\u00ed, en un plazo de diez a\u00f1os.<\/p>\n\n\n\n<p>En los \u00faltimos informes de organismos europeos, como el <a href=\"https:\/\/www.cannabis.es\/pw\/2021\/06\/10\/el-observatorio-europeo-de-las-drogas-y-las-toxicomanias-presenta-su-informe-sobre-el-ano-2021\/\">Observatorio Europeo de las Drogas y las Toxicoman\u00edas<\/a> (OEDT), la ganancia de la venta de drogas ilegales se estima en unos 30.000 millones de euros. A pesar de las prohibiciones, a la luz de las cifras, casi el 30% de los europeos adultos ha consumido cannabis al menos una vez. En Alemania, son casi uno de cada tres ciudadanos los que han consumido la planta.<\/p>\n\n\n\n<p>El debate del cannabis ha sido una cuesti\u00f3n recurrente por parte de ciertos partidos de la izquierda alemana, como Die Linke o Los Verdes, en contra de opiniones m\u00e1s conservadores en el Bundestag, como los antes mencionadas. El pensamiento al respecto del <a href=\"https:\/\/www.cannabis.es\/pw\/2021\/07\/06\/detenciones-arbitrarias-en-la-guerra-contra-las-drogas\/\">fracaso de la Guerra contra las Drogas<\/a>, cuyas medidas no han reducido en absoluto ni el consumo ni el tr\u00e1fico, pone de manifiesto la necesidad de articular pol\u00edticas de drogas que tengan en cuenta la naturaleza de las personas y las acerquen a una realidad plausible.<\/p>\n\n\n\n<h2 class=\"wp-block-heading\"><strong>Propuesta de regulaci\u00f3n<\/strong><\/h2>\n\n\n\n<p>Las reglas que el Partido Los Verdes establece en su proposici\u00f3n, incluyen, de forma similar a las propuestas vistas en Espa\u00f1a, una clasificaci\u00f3n que atiende a tres pilares: prevenci\u00f3n, regulaci\u00f3n y reducci\u00f3n de da\u00f1os.<span class=\"has-inline-color has-luminous-vivid-orange-color\"> <em>\u201cConfiamos en una prevenci\u00f3n cre\u00edble y queremos fortalecer la responsabilidad de los adultos responsables.\u00a0Protegemos a los ni\u00f1os y j\u00f3venes de manera eficaz contra las drogas con nuestra pol\u00edtica; no deben publicitarse.\u00a0Cualquiera que venda drogas como alcohol, cannabis o tabaco a ni\u00f1os o j\u00f3venes debe ser sancionado\u201d, <\/em>explican en el documento <a href=\"https:\/\/www.gruene.de\/themen\/drogenpolitik\">expuesto en su web.<\/a> <em>\u201cProtegemos el\u00a0derecho a la autodeterminaci\u00f3n de personas y reducir los riesgos para la salud asociados con el uso excesivo o peligroso de drogas.\u00a0Las personas que consumen drogas ya no deber\u00edan ser criminalizadas.\u00a0Regularemos las sustancias psicoactivas de acuerdo con sus riesgos para la salud.\u00a0Los riesgos para la salud asociados al consumo habitual deben ser determinantes\u201d<\/em><\/span><em>.<\/em><\/p>\n\n\n\n<p>El texto contin\u00faa con una amplia explicaci\u00f3n al respecto de los movimientos a llevar a cabo, si al final su candidata, Annalena Baerbock, se hace con la canciller\u00eda. Su regulaci\u00f3n pretende hacer retroceder al mercado negro mediante una Ley de Control del Cannabis. <em>\u201c<\/em>(La ley) <em><span class=\"has-inline-color has-luminous-vivid-orange-color\">Permite la distribuci\u00f3n legal y controlada de cannabis en tiendas especializadas autorizadas.\u00a0Al mismo tiempo, queremos crear un sistema regulado y monitoreado para el cultivo, comercio y distribuci\u00f3n de cannabis.\u00a0De esta manera, la protecci\u00f3n real de los consumidores y los j\u00f3venes, as\u00ed como la prevenci\u00f3n de las adicciones, deber\u00edan finalmente entrar en juego\u201d<\/span>,<\/em> exponen Los Verdes. A continuaci\u00f3n, aclaran que buscan descriminalizar a los colectivos estigmatizados por las agencias gubernamentales y la polic\u00eda, aliviando la carga de estos trabajadores p\u00fablicos, facilitando la actuaci\u00f3n de las herramientas de prevenci\u00f3n y reducci\u00f3n de da\u00f1os, adem\u00e1s de liberar numerosos recursos econ\u00f3micos destinados a la aplicaci\u00f3n de anteriores leyes.<\/p>\n\n\n\n<p>Por \u00faltimo, el resumen introduce el llamado Control de Drogas.<span class=\"has-inline-color has-luminous-vivid-orange-color\"> <em>\u201cLos consumidores, por ejemplo, en clubes, deben poder hacer que se controlen las sustancias psicoactivas en busca de ingredientes o aditivos peligrosos.\u00a0Esto limita parcialmente los riesgos para la salud existentes de estas sustancias y reduce el envenenamiento o la sobredosis\u201d.<\/em><\/span><\/p>\n\n\n\n<p>Alemania, conocida por su gusto por los detalles y su aparente cosmopolitismo, tambi\u00e9n lo es por su lentitud a la hora de aplicar legislaciones. Aunque las medidas fructifiquen, se tardar\u00e1n al menos cuatro a\u00f1os en aplicarse, tras el consenso en el senado. Hoy, sus tiendas de CBD en las principales avenidas abren las puertas a una tendencia que se muestra ya sin cortapisas, tras la salida del cannabis y del CBD de las listas de sustancias fiscalizadas de la ONU y la OMS. Cualquiera que camine por las brillantes avenidas de Berl\u00edn, puede encontrar cannabis flotando en el ambiente. Puede que ahora pueda hallarse tambi\u00e9n la oportunidad para un mercado floreciente.<\/p>\n","protected":false},"excerpt":{"rendered":"<span class=\"span-reading-time rt-reading-time\" style=\"display: block;\"><span class=\"rt-label rt-prefix\">Tiempo de lectura:<\/span> <span class=\"rt-time\"> 4<\/span> <span class=\"rt-label rt-postfix\">minutos<\/span><\/span>Benito D\u00edaz Los \u00faltimos avances en materia regulatoria llevados a cabo en Alemania parecen acercar cada d\u00eda m\u00e1s a una legislaci\u00f3n para el uso adulto del Cannabis. La propuesta de ley fomentada desde el Partido Los Verdes contempla la creaci\u00f3n de una nueva pol\u00edtica de drogas cre\u00edble y basada en la responsabilidad. Utilizando el argumento [&hellip;]","protected":false},"author":3,"featured_media":7336,"comment_status":"closed","ping_status":"closed","sticky":false,"template":"","format":"standard","meta":{"loftocean-featured-post":"","loftocean_post_format_gallery":"","loftocean_post_format_gallery_ids":"","loftocean_post_format_gallery_urls":"","loftocean_post_format_video_id":"","loftocean_post_format_video_url":"","loftocean_post_format_video_type":"","loftocean_post_format_video":"","loftocean_post_format_audio_type":"","loftocean_post_format_audio_url":"","loftocean_post_format_audio_id":"","loftocean_post_format_audio":"","loftocean_post_format_quote_text":"","loftocean_post_format_quote_byline":"","loftocean_post_format_link_text":"","loftocean_post_format_link_url":"","ceramag_post_header_style":"","ceramag_enable_background_video":"","ceramag_show_in_top_slider":"","ceramag_post_background_video_start":"","ceramag_post_background_video_end":"","loftocean_page_background_video_id":"","loftocean_page_background_video_url":"","loftocean_page_background_video_type":"","loftocean_page_background_video":"","ceramag_background_video_start":"","ceramag_background_video_end":"","ceramag_single_page_hide_header":"","footnotes":""},"categories":[35],"tags":[43,41,54,42],"class_list":["post-7334","post","type-post","status-publish","format-standard","has-post-thumbnail","hentry","category-politica-y-sociedad","tag-benito-diaz","tag-cannabis","tag-legalizacion","tag-politica"],"yoast_head":"<!-- This site is optimized with the Yoast SEO plugin v24.9 - https:\/\/yoast.com\/wordpress\/plugins\/seo\/ -->\n<title>Alemania podr\u00eda ser la cuna del cannabis en Europa<\/title>\n<meta name=\"description\" content=\"Entrada &#8226; Portal multimedia sobre cannabis y otras sustancias &#8226; 15 julio, 2021\" \/>\n<meta name=\"robots\" content=\"index, follow, max-snippet:-1, max-image-preview:large, max-video-preview:-1\" \/>\n<link rel=\"canonical\" href=\"https:\/\/www.cannabis.es\/pw\/2021\/07\/15\/alemania-podria-ser-la-cuna-del-cannabis-en-europa\/\" \/>\n<meta name=\"twitter:card\" content=\"summary_large_image\" \/>\n<meta name=\"twitter:title\" content=\"Alemania podr\u00eda ser la cuna del cannabis en Europa\" \/>\n<meta name=\"twitter:description\" content=\"Entrada &#8226; Portal multimedia sobre cannabis y otras sustancias &#8226; 15 julio, 2021\" \/>\n<meta name=\"twitter:image\" content=\"https:\/\/www.cannabis.es\/pw\/wp-content\/uploads\/2021\/07\/Alemania-recreativo.jpg\" \/>\n<meta name=\"twitter:creator\" content=\"@cannabis_es\" \/>\n<meta name=\"twitter:site\" content=\"@cannabis_es\" \/>\n<meta name=\"twitter:label1\" content=\"Escrito por\" \/>\n\t<meta name=\"twitter:data1\" content=\"Cannabis.es\" \/>\n\t<meta name=\"twitter:label2\" content=\"Tiempo de lectura\" \/>\n\t<meta name=\"twitter:data2\" content=\"5 minutos\" \/>\n<script type=\"application\/ld+json\" class=\"yoast-schema-graph\">{\"@context\":\"https:\/\/schema.org\",\"@graph\":[{\"@type\":\"Article\",\"@id\":\"https:\/\/www.cannabis.es\/pw\/2021\/07\/15\/alemania-podria-ser-la-cuna-del-cannabis-en-europa\/#article\",\"isPartOf\":{\"@id\":\"https:\/\/www.cannabis.es\/pw\/2021\/07\/15\/alemania-podria-ser-la-cuna-del-cannabis-en-europa\/\"},\"author\":{\"name\":\"Cannabis.es\",\"@id\":\"https:\/\/www.cannabis.es\/pw\/#\/schema\/person\/ec770c03f3e99d770687f537f4ba1e89\"},\"headline\":\"Alemania podr\u00eda ser la cuna del cannabis en Europa\",\"datePublished\":\"2021-07-15T10:26:43+00:00\",\"dateModified\":\"2021-07-15T10:26:44+00:00\",\"mainEntityOfPage\":{\"@id\":\"https:\/\/www.cannabis.es\/pw\/2021\/07\/15\/alemania-podria-ser-la-cuna-del-cannabis-en-europa\/\"},\"wordCount\":1102,\"publisher\":{\"@id\":\"https:\/\/www.cannabis.es\/pw\/#organization\"},\"image\":{\"@id\":\"https:\/\/www.cannabis.es\/pw\/2021\/07\/15\/alemania-podria-ser-la-cuna-del-cannabis-en-europa\/#primaryimage\"},\"thumbnailUrl\":\"https:\/\/www.cannabis.es\/pw\/wp-content\/uploads\/2021\/07\/Alemania-recreativo.jpg\",\"keywords\":[\"Benito D\u00edaz\",\"cannabis\",\"legalizaci\u00f3n\",\"pol\u00edtica\"],\"articleSection\":[\"Pol\u00edtica y Sociedad\"],\"inLanguage\":\"es\"},{\"@type\":\"WebPage\",\"@id\":\"https:\/\/www.cannabis.es\/pw\/2021\/07\/15\/alemania-podria-ser-la-cuna-del-cannabis-en-europa\/\",\"url\":\"https:\/\/www.cannabis.es\/pw\/2021\/07\/15\/alemania-podria-ser-la-cuna-del-cannabis-en-europa\/\",\"name\":\"Alemania podr\u00eda ser la cuna del cannabis en Europa\",\"isPartOf\":{\"@id\":\"https:\/\/www.cannabis.es\/pw\/#website\"},\"primaryImageOfPage\":{\"@id\":\"https:\/\/www.cannabis.es\/pw\/2021\/07\/15\/alemania-podria-ser-la-cuna-del-cannabis-en-europa\/#primaryimage\"},\"image\":{\"@id\":\"https:\/\/www.cannabis.es\/pw\/2021\/07\/15\/alemania-podria-ser-la-cuna-del-cannabis-en-europa\/#primaryimage\"},\"thumbnailUrl\":\"https:\/\/www.cannabis.es\/pw\/wp-content\/uploads\/2021\/07\/Alemania-recreativo.jpg\",\"datePublished\":\"2021-07-15T10:26:43+00:00\",\"dateModified\":\"2021-07-15T10:26:44+00:00\",\"description\":\"Entrada &#8226; Portal multimedia sobre cannabis y otras sustancias &#8226; 15 julio, 2021\",\"breadcrumb\":{\"@id\":\"https:\/\/www.cannabis.es\/pw\/2021\/07\/15\/alemania-podria-ser-la-cuna-del-cannabis-en-europa\/#breadcrumb\"},\"inLanguage\":\"es\",\"potentialAction\":[{\"@type\":\"ReadAction\",\"target\":[\"https:\/\/www.cannabis.es\/pw\/2021\/07\/15\/alemania-podria-ser-la-cuna-del-cannabis-en-europa\/\"]}]},{\"@type\":\"ImageObject\",\"inLanguage\":\"es\",\"@id\":\"https:\/\/www.cannabis.es\/pw\/2021\/07\/15\/alemania-podria-ser-la-cuna-del-cannabis-en-europa\/#primaryimage\",\"url\":\"https:\/\/www.cannabis.es\/pw\/wp-content\/uploads\/2021\/07\/Alemania-recreativo.jpg\",\"contentUrl\":\"https:\/\/www.cannabis.es\/pw\/wp-content\/uploads\/2021\/07\/Alemania-recreativo.jpg\",\"width\":804,\"height\":532},{\"@type\":\"BreadcrumbList\",\"@id\":\"https:\/\/www.cannabis.es\/pw\/2021\/07\/15\/alemania-podria-ser-la-cuna-del-cannabis-en-europa\/#breadcrumb\",\"itemListElement\":[{\"@type\":\"ListItem\",\"position\":1,\"name\":\"Portada\",\"item\":\"http:\/\/www.cannabis.es\/pw\/\"},{\"@type\":\"ListItem\",\"position\":2,\"name\":\"Alemania podr\u00eda ser la cuna del cannabis en Europa\"}]},{\"@type\":\"WebSite\",\"@id\":\"https:\/\/www.cannabis.es\/pw\/#website\",\"url\":\"https:\/\/www.cannabis.es\/pw\/\",\"name\":\"Cannabis\",\"description\":\"Portal multimedia sobre cannabis y otras sustancias\",\"publisher\":{\"@id\":\"https:\/\/www.cannabis.es\/pw\/#organization\"},\"potentialAction\":[{\"@type\":\"SearchAction\",\"target\":{\"@type\":\"EntryPoint\",\"urlTemplate\":\"https:\/\/www.cannabis.es\/pw\/?s={search_term_string}\"},\"query-input\":{\"@type\":\"PropertyValueSpecification\",\"valueRequired\":true,\"valueName\":\"search_term_string\"}}],\"inLanguage\":\"es\"},{\"@type\":\"Organization\",\"@id\":\"https:\/\/www.cannabis.es\/pw\/#organization\",\"name\":\"Cannabis.es\",\"url\":\"https:\/\/www.cannabis.es\/pw\/\",\"logo\":{\"@type\":\"ImageObject\",\"inLanguage\":\"es\",\"@id\":\"https:\/\/www.cannabis.es\/pw\/#\/schema\/logo\/image\/\",\"url\":\"https:\/\/www.cannabis.es\/pw\/wp-content\/uploads\/2019\/04\/cropped-logo_cannabis.png\",\"contentUrl\":\"https:\/\/www.cannabis.es\/pw\/wp-content\/uploads\/2019\/04\/cropped-logo_cannabis.png\",\"width\":361,\"height\":120,\"caption\":\"Cannabis.es\"},\"image\":{\"@id\":\"https:\/\/www.cannabis.es\/pw\/#\/schema\/logo\/image\/\"},\"sameAs\":[\"https:\/\/x.com\/cannabis_es\"]},{\"@type\":\"Person\",\"@id\":\"https:\/\/www.cannabis.es\/pw\/#\/schema\/person\/ec770c03f3e99d770687f537f4ba1e89\",\"name\":\"Cannabis.es\",\"image\":{\"@type\":\"ImageObject\",\"inLanguage\":\"es\",\"@id\":\"https:\/\/www.cannabis.es\/pw\/#\/schema\/person\/image\/\",\"url\":\"https:\/\/secure.gravatar.com\/avatar\/810c93a3d6fadc3d9c2665b1d919a4aedea8ed4dd63689d001e985a804e90d83?s=96&d=mm&r=g\",\"contentUrl\":\"https:\/\/secure.gravatar.com\/avatar\/810c93a3d6fadc3d9c2665b1d919a4aedea8ed4dd63689d001e985a804e90d83?s=96&d=mm&r=g\",\"caption\":\"Cannabis.es\"},\"url\":\"https:\/\/www.cannabis.es\/pw\/author\/arnau\/\"}]}<\/script>\n<!-- \/ Yoast SEO plugin. -->","yoast_head_json":{"title":"Alemania podr\u00eda ser la cuna del cannabis en Europa","description":"Entrada &#8226; Portal multimedia sobre cannabis y otras sustancias &#8226; 15 julio, 2021","robots":{"index":"index","follow":"follow","max-snippet":"max-snippet:-1","max-image-preview":"max-image-preview:large","max-video-preview":"max-video-preview:-1"},"canonical":"https:\/\/www.cannabis.es\/pw\/2021\/07\/15\/alemania-podria-ser-la-cuna-del-cannabis-en-europa\/","twitter_card":"summary_large_image","twitter_title":"Alemania podr\u00eda ser la cuna del cannabis en Europa","twitter_description":"Entrada &#8226; Portal multimedia sobre cannabis y otras sustancias &#8226; 15 julio, 2021","twitter_image":"https:\/\/www.cannabis.es\/pw\/wp-content\/uploads\/2021\/07\/Alemania-recreativo.jpg","twitter_creator":"@cannabis_es","twitter_site":"@cannabis_es","twitter_misc":{"Escrito por":"Cannabis.es","Tiempo de lectura":"5 minutos"},"schema":{"@context":"https:\/\/schema.org","@graph":[{"@type":"Article","@id":"https:\/\/www.cannabis.es\/pw\/2021\/07\/15\/alemania-podria-ser-la-cuna-del-cannabis-en-europa\/#article","isPartOf":{"@id":"https:\/\/www.cannabis.es\/pw\/2021\/07\/15\/alemania-podria-ser-la-cuna-del-cannabis-en-europa\/"},"author":{"name":"Cannabis.es","@id":"https:\/\/www.cannabis.es\/pw\/#\/schema\/person\/ec770c03f3e99d770687f537f4ba1e89"},"headline":"Alemania podr\u00eda ser la cuna del cannabis en Europa","datePublished":"2021-07-15T10:26:43+00:00","dateModified":"2021-07-15T10:26:44+00:00","mainEntityOfPage":{"@id":"https:\/\/www.cannabis.es\/pw\/2021\/07\/15\/alemania-podria-ser-la-cuna-del-cannabis-en-europa\/"},"wordCount":1102,"publisher":{"@id":"https:\/\/www.cannabis.es\/pw\/#organization"},"image":{"@id":"https:\/\/www.cannabis.es\/pw\/2021\/07\/15\/alemania-podria-ser-la-cuna-del-cannabis-en-europa\/#primaryimage"},"thumbnailUrl":"https:\/\/www.cannabis.es\/pw\/wp-content\/uploads\/2021\/07\/Alemania-recreativo.jpg","keywords":["Benito D\u00edaz","cannabis","legalizaci\u00f3n","pol\u00edtica"],"articleSection":["Pol\u00edtica y Sociedad"],"inLanguage":"es"},{"@type":"WebPage","@id":"https:\/\/www.cannabis.es\/pw\/2021\/07\/15\/alemania-podria-ser-la-cuna-del-cannabis-en-europa\/","url":"https:\/\/www.cannabis.es\/pw\/2021\/07\/15\/alemania-podria-ser-la-cuna-del-cannabis-en-europa\/","name":"Alemania podr\u00eda ser la cuna del cannabis en Europa","isPartOf":{"@id":"https:\/\/www.cannabis.es\/pw\/#website"},"primaryImageOfPage":{"@id":"https:\/\/www.cannabis.es\/pw\/2021\/07\/15\/alemania-podria-ser-la-cuna-del-cannabis-en-europa\/#primaryimage"},"image":{"@id":"https:\/\/www.cannabis.es\/pw\/2021\/07\/15\/alemania-podria-ser-la-cuna-del-cannabis-en-europa\/#primaryimage"},"thumbnailUrl":"https:\/\/www.cannabis.es\/pw\/wp-content\/uploads\/2021\/07\/Alemania-recreativo.jpg","datePublished":"2021-07-15T10:26:43+00:00","dateModified":"2021-07-15T10:26:44+00:00","description":"Entrada &#8226; Portal multimedia sobre cannabis y otras sustancias &#8226; 15 julio, 2021","breadcrumb":{"@id":"https:\/\/www.cannabis.es\/pw\/2021\/07\/15\/alemania-podria-ser-la-cuna-del-cannabis-en-europa\/#breadcrumb"},"inLanguage":"es","potentialAction":[{"@type":"ReadAction","target":["https:\/\/www.cannabis.es\/pw\/2021\/07\/15\/alemania-podria-ser-la-cuna-del-cannabis-en-europa\/"]}]},{"@type":"ImageObject","inLanguage":"es","@id":"https:\/\/www.cannabis.es\/pw\/2021\/07\/15\/alemania-podria-ser-la-cuna-del-cannabis-en-europa\/#primaryimage","url":"https:\/\/www.cannabis.es\/pw\/wp-content\/uploads\/2021\/07\/Alemania-recreativo.jpg","contentUrl":"https:\/\/www.cannabis.es\/pw\/wp-content\/uploads\/2021\/07\/Alemania-recreativo.jpg","width":804,"height":532},{"@type":"BreadcrumbList","@id":"https:\/\/www.cannabis.es\/pw\/2021\/07\/15\/alemania-podria-ser-la-cuna-del-cannabis-en-europa\/#breadcrumb","itemListElement":[{"@type":"ListItem","position":1,"name":"Portada","item":"http:\/\/www.cannabis.es\/pw\/"},{"@type":"ListItem","position":2,"name":"Alemania podr\u00eda ser la cuna del cannabis en Europa"}]},{"@type":"WebSite","@id":"https:\/\/www.cannabis.es\/pw\/#website","url":"https:\/\/www.cannabis.es\/pw\/","name":"Cannabis","description":"Portal multimedia sobre cannabis y otras sustancias","publisher":{"@id":"https:\/\/www.cannabis.es\/pw\/#organization"},"potentialAction":[{"@type":"SearchAction","target":{"@type":"EntryPoint","urlTemplate":"https:\/\/www.cannabis.es\/pw\/?s={search_term_string}"},"query-input":{"@type":"PropertyValueSpecification","valueRequired":true,"valueName":"search_term_string"}}],"inLanguage":"es"},{"@type":"Organization","@id":"https:\/\/www.cannabis.es\/pw\/#organization","name":"Cannabis.es","url":"https:\/\/www.cannabis.es\/pw\/","logo":{"@type":"ImageObject","inLanguage":"es","@id":"https:\/\/www.cannabis.es\/pw\/#\/schema\/logo\/image\/","url":"https:\/\/www.cannabis.es\/pw\/wp-content\/uploads\/2019\/04\/cropped-logo_cannabis.png","contentUrl":"https:\/\/www.cannabis.es\/pw\/wp-content\/uploads\/2019\/04\/cropped-logo_cannabis.png","width":361,"height":120,"caption":"Cannabis.es"},"image":{"@id":"https:\/\/www.cannabis.es\/pw\/#\/schema\/logo\/image\/"},"sameAs":["https:\/\/x.com\/cannabis_es"]},{"@type":"Person","@id":"https:\/\/www.cannabis.es\/pw\/#\/schema\/person\/ec770c03f3e99d770687f537f4ba1e89","name":"Cannabis.es","image":{"@type":"ImageObject","inLanguage":"es","@id":"https:\/\/www.cannabis.es\/pw\/#\/schema\/person\/image\/","url":"https:\/\/secure.gravatar.com\/avatar\/810c93a3d6fadc3d9c2665b1d919a4aedea8ed4dd63689d001e985a804e90d83?s=96&d=mm&r=g","contentUrl":"https:\/\/secure.gravatar.com\/avatar\/810c93a3d6fadc3d9c2665b1d919a4aedea8ed4dd63689d001e985a804e90d83?s=96&d=mm&r=g","caption":"Cannabis.es"},"url":"https:\/\/www.cannabis.es\/pw\/author\/arnau\/"}]}},"_links":{"self":[{"href":"https:\/\/www.cannabis.es\/pw\/wp-json\/wp\/v2\/posts\/7334","targetHints":{"allow":["GET"]}}],"collection":[{"href":"https:\/\/www.cannabis.es\/pw\/wp-json\/wp\/v2\/posts"}],"about":[{"href":"https:\/\/www.cannabis.es\/pw\/wp-json\/wp\/v2\/types\/post"}],"author":[{"embeddable":true,"href":"https:\/\/www.cannabis.es\/pw\/wp-json\/wp\/v2\/users\/3"}],"replies":[{"embeddable":true,"href":"https:\/\/www.cannabis.es\/pw\/wp-json\/wp\/v2\/comments?post=7334"}],"version-history":[{"count":2,"href":"https:\/\/www.cannabis.es\/pw\/wp-json\/wp\/v2\/posts\/7334\/revisions"}],"predecessor-version":[{"id":7337,"href":"https:\/\/www.cannabis.es\/pw\/wp-json\/wp\/v2\/posts\/7334\/revisions\/7337"}],"wp:featuredmedia":[{"embeddable":true,"href":"https:\/\/www.cannabis.es\/pw\/wp-json\/wp\/v2\/media\/7336"}],"wp:attachment":[{"href":"https:\/\/www.cannabis.es\/pw\/wp-json\/wp\/v2\/media?parent=7334"}],"wp:term":[{"taxonomy":"category","embeddable":true,"href":"https:\/\/www.cannabis.es\/pw\/wp-json\/wp\/v2\/categories?post=7334"},{"taxonomy":"post_tag","embeddable":true,"href":"https:\/\/www.cannabis.es\/pw\/wp-json\/wp\/v2\/tags?post=7334"}],"curies":[{"name":"wp","href":"https:\/\/api.w.org\/{rel}","templated":true}]}}