{"id":7350,"date":"2021-07-20T13:18:10","date_gmt":"2021-07-20T11:18:10","guid":{"rendered":"https:\/\/www.cannabis.es\/pw\/?p=7350"},"modified":"2021-07-20T13:18:11","modified_gmt":"2021-07-20T11:18:11","slug":"redes-de-defensa-de-personas-que-usan-drogas-recuerdan-este-21","status":"publish","type":"post","link":"https:\/\/www.cannabis.es\/pw\/2021\/07\/20\/redes-de-defensa-de-personas-que-usan-drogas-recuerdan-este-21\/","title":{"rendered":"Redes de defensa de Personas que Usan Drogas recuerdan este 21"},"content":{"rendered":"\n<p>Benito D\u00edaz<\/p>\n\n\n\n<p>Ma\u00f1ana 21 de julio se recuerda a personas que eran \u201cm\u00e1s que una baja\u201d o cuyas vidas fueron \u201ccortadas pronto\u201d. La International Network of People who Use Drugs (INPUD) es una organizaci\u00f3n global que promueve la salud y defiende los derechos de las personas usuarias de drogas. Fundada en 2010, se articula alrededor de la llamada Declaraci\u00f3n de Vancouver y cuenta con redes que incluyen Am\u00e9rica Latina, Norteam\u00e9rica, Europa y una sucursal en Catalu\u00f1a, denominada CATNPUD, que sigue los modelos internacionales.<\/p>\n\n\n\n<p>La vulneraci\u00f3n de derechos de cualquier persona que consuma sustancias es un hecho que casi cualquiera de ellas ha podido percibir en ocasiones. Al tiempo, la invisibilizaci\u00f3n de sus problemas, la marginalidad y el estigma social, son cuestiones que deben ser tomadas en cuenta por las administraciones. En ese nicho se desarrolla la actividad de INPUD, EURONPUD y CATNPUD. Para comprender mejor su labor, contactamos con Antoniu Llort, doctor en Antropolog\u00eda y representante de la filial CATNPUD.<\/p>\n\n\n\n<h2 class=\"wp-block-heading\"><strong>Estatutos fundacionales<\/strong><\/h2>\n\n\n\n<p>La organizaci\u00f3n, en su dimensi\u00f3n mundial, basa sus acciones en la llamada <a href=\"https:\/\/www.inpud.net\/en\/vancouver-declaration\">\u201cDeclaraci\u00f3n de Vancouver\u201d,<\/a> estableciendo sus objetivos y sus modos de actuaci\u00f3n para alcanzarlos. El documento <em><span class=\"has-inline-color has-luminous-vivid-orange-color\">\u201cestablece las demandas de las personas que consumen drogas, enfatizando que sus derechos humanos deben ser respetados y su salud y bienestar deben ser priorizados. INPUD es una red global que busca representar a las personas que consumen drogas en agencias internacionales como las Naciones Unidas y con quienes realizan trabajos de desarrollo internacional. Creemos que las personas que consumen drogas deben estar representadas de manera significativa en los procesos de toma de decisiones que afectan nuestras vidas\u201d<\/span>.<\/em> INPUD se compromete de esta forma, a demostrar en cada pa\u00eds la contribuci\u00f3n que las personas consumidoras al desarrollo y gesti\u00f3n de los servicios destinados a esta comunidad; como los programas de reducci\u00f3n de da\u00f1os, por ejemplo.<\/p>\n\n\n\n<p><span class=\"has-inline-color has-luminous-vivid-orange-color\">\u201c<em>Uno de los lemas de INPUD es &#8216;nada para nosotros, sin nosotros'\u00bb<\/em><\/span><em>,<\/em> explica Llort, en referencia a la participaci\u00f3n del colectivo en la elaboraci\u00f3n de pol\u00edticas de drogas. <em>\u201cEn 2004 se realiz\u00f3 una conferencia internacional en Vancouver (Canad\u00e1). All\u00ed se dio un espacio de participaci\u00f3n para la auto organizaci\u00f3n y visibilizaci\u00f3n de estas comunidades. Se brind\u00f3 un lugar para hablar de c\u00f3mo las pol\u00edticas de drogas se hac\u00edan sin contar con esas personas, que al final son las que reciben los servicios\u201d.<\/em> De esta forma, se dej\u00f3 de hablar de profesional a profesional y se comenz\u00f3 a promover su inclusi\u00f3n. Se cre\u00f3 INPUD internacional, dando lugar a la planificaci\u00f3n y realizando una llamada a la acci\u00f3n participativa entre comunidad y agentes sociales, como principal fundamento. <em><span class=\"has-inline-color has-luminous-vivid-orange-color\">\u201cNo por ser consumidores debemos ser tratados como ciudadanos de segunda. No por consumir sustancias, una persona deja de poder tomar decisiones como el ciudadano de cualquier nivel. Hay que destacar tambi\u00e9n la intenci\u00f3n de reparaci\u00f3n de da\u00f1os causados por las pol\u00edticas de drogas, pues hay gente que ha sido encarcelada o ha muerto. Debemos rescatar la memoria, dignificarla y luchar contra el estigma; que estas personas sepan que ahora cuentan con una agencia propia\u201d.<\/span><\/em><\/p>\n\n\n\n<figure class=\"wp-block-image size-large\"><img loading=\"lazy\" decoding=\"async\" width=\"1024\" height=\"677\" src=\"https:\/\/www.cannabis.es\/pw\/wp-content\/uploads\/2021\/07\/INPUD_1-1024x677.jpg\" alt=\"\" class=\"wp-image-7351\" srcset=\"https:\/\/www.cannabis.es\/pw\/wp-content\/uploads\/2021\/07\/INPUD_1-1024x677.jpg 1024w, https:\/\/www.cannabis.es\/pw\/wp-content\/uploads\/2021\/07\/INPUD_1-300x198.jpg 300w, https:\/\/www.cannabis.es\/pw\/wp-content\/uploads\/2021\/07\/INPUD_1-768x508.jpg 768w, https:\/\/www.cannabis.es\/pw\/wp-content\/uploads\/2021\/07\/INPUD_1-1536x1016.jpg 1536w, https:\/\/www.cannabis.es\/pw\/wp-content\/uploads\/2021\/07\/INPUD_1-1200x794.jpg 1200w, https:\/\/www.cannabis.es\/pw\/wp-content\/uploads\/2021\/07\/INPUD_1-600x397.jpg 600w, https:\/\/www.cannabis.es\/pw\/wp-content\/uploads\/2021\/07\/INPUD_1.jpg 1607w\" sizes=\"auto, (max-width: 1024px) 100vw, 1024px\" \/><\/figure>\n\n\n\n<h2 class=\"wp-block-heading\"><strong>Demandas de la Red Mundial<\/strong><\/h2>\n\n\n\n<p>INPUD, es una organizaci\u00f3n formada por otras asociaciones de menor tama\u00f1o, distribuidas por los distintos territorios. Como nos explica Antoniu, existen redes en Suecia, Italia, Portugal, etc\u00e9tera. CATNPUD, por ejemplo, est\u00e1 formada por la Asociaci\u00f3n de Pacientes Dependientes a Opi\u00e1ceos (APDO), la asociaci\u00f3n por la reducci\u00f3n de da\u00f1os ASAUPAM, AUPA\u00b4M, XADUD, CONFAC a trav\u00e9s de CATFAC, los colectivos Ning\u00fa Fora de Joc y Metzineres, FAAAT y Creu Roja Catalunya, y Associaci\u00f3 Reus Som \u00datils, de la que Llort es secretario.<\/p>\n\n\n\n<p>\u201c<em><strong>Una de las principales demandas es mejorar la accesibilidad y calidad en los servicios de adicciones y consumo. Se puede mencionar que en Catalu\u00f1a tenemos una red de reducci\u00f3n de da\u00f1os bastante digna y la administraci\u00f3n destina recursos a ello, igual que creo que <a href=\"https:\/\/www.cannabis.es\/pw\/2019\/10\/04\/martin-barriuso-las-propuestas-de-regulacion-del-cannabis-ya-no-suenan-marcianas\/\">lo que tienen en Euskadi<\/a>. En el resto de la pen\u00ednsula, servicios como los de intercambio de jeringuillas o albergues, est\u00e1n muy deteriorados\u201d<\/strong><\/em><em>,<\/em> se\u00f1ala Llort.<em> \u201cLa \u00faltima demanda que recogemos, es la implantaci\u00f3n de programas de dispensaci\u00f3n de hero\u00edna en los sistemas p\u00fablicos. Es un paradigma de un gran valor constructivo, como se ha demostrado en Canad\u00e1 <a href=\"https:\/\/www.cannabis.es\/pw\/2020\/07\/15\/suiza-de-proveer-la-heroina-a-hacerlo-con-el-cannabis\/\">o Suiza, tambi\u00e9n<\/a> a nivel cient\u00edfico, y no se implanta por una mera cuesti\u00f3n pol\u00edtica\u201d, <\/em>dice en referencia a quien pueda pensar que se trata de un <a href=\"https:\/\/www.cannabis.es\/pw\/2021\/07\/19\/nueva-york-puede-descriminalizar-la-posesion-de-jeringuillas\/\">programa para sostener la drogoadicci\u00f3n.<\/a><\/p>\n\n\n\n<p>Llort hace menci\u00f3n al anacronismo que suponen unas pol\u00edticas de drogas creadas en la \u00e9poca de la expansi\u00f3n de la hero\u00edna y la epidemia de SIDA de los a\u00f1os 70 y 80.<span class=\"has-inline-color has-luminous-vivid-orange-color\"> <em>\u201cMuchos servicios est\u00e1n dise\u00f1ados en aquella \u00e9poca, para atajar un problema de hace cuarenta a\u00f1os. Hay diferentes modelos, pero se han quedado obsoletos, sin invertir en el dise\u00f1o en cuestiones actuales que tengan en cuenta la diversidad de g\u00e9nero o la concepci\u00f3n de la criminalidad. Casi todos los dispensarios de metadona parecen peceras blindadas, con rejas y agentes de seguridad. Para acceder al medicamento hay que firmar un contrato en el que aseguras que no vas a trapichear con \u00e9l o con las pastillas, esto no pasa con ninguna otra medicina hospitalaria. Es un tema social que no tiene que ver con la ciencia\u201d,<\/em><\/span> comenta.<\/p>\n\n\n\n<h2 class=\"wp-block-heading\"><strong>Guerra contra las drogas<\/strong><\/h2>\n\n\n\n<p>\u201c<em>La ONU, a trav\u00e9s <a href=\"https:\/\/www.cannabis.es\/pw\/2020\/12\/03\/la-onu-reconoce-el-valor-terapeutico-de-la-cannabis-desambiguandola\/\">de su oficina de Drogas y Crimen<\/a>, destina 16 o 17 billones a cumplir los objetivos del a\u00f1o 61: la reducci\u00f3n de la oferta y la demanda de sustancias. Esto no se cumple; al contrario, se ha incrementado. Por tanto, toda esta inversi\u00f3n en persecuci\u00f3n policial, encarcelamiento y mantenimiento de estas pol\u00edticas,<strong> si fuera invertida en proyectos sociales, pol\u00edticas reguladoras y con objetivos de descriminalizaci\u00f3n, ser\u00eda mucho m\u00e1s efectivo que continuar promoviendo muerte, crimen y sufrimiento\u201d<\/strong><\/em>, denuncia Llort, a la vez que argumenta que las sustancias no son entidades conscientes que busquen nuestro malestar. <em>\u201cLas leyes actuales solo persiguen al escal\u00f3n m\u00e1s bajo de la pir\u00e1mide y permite a los grandes narcoestados blanquear dinero y hacer, de las legislaciones, mecanismos de control social\u201d.<\/em><\/p>\n\n\n\n<h2 class=\"wp-block-heading\"><strong>CATNPUD<\/strong><\/h2>\n\n\n\n<p>El brazo de INPUD en Catalunya, se fund\u00f3 en 2016, vista la necesidad de traer esta red de activismo en pro de los derechos de las personas consumidoras. De momento, solo han realizado actividades a nivel territorial, pero seg\u00fan aclara Llort, est\u00e1 en el esp\u00edritu de la organizaci\u00f3n el plan de extenderse a otras provincias, incluso pa\u00edses. <em>\u201cNuestra capacidad de acci\u00f3n en este momento es poca, sin embargo, hemos planteado con otros compa\u00f1eros de Portugal y de otras comunidades el crear una red ib\u00e9rica de representaci\u00f3n\u201d, <\/em>ilustra el doctor. <em>\u201cTenemos mucho apoyo y poca financiaci\u00f3n. No podemos liberar a nadie para que trabaje solo en CATNPUD. Pero hemos avanzados mucho hasta el d\u00eda de hoy, quiz\u00e1 en breve podamos gestionar estos modelos de trabajo, dignificar y luchar por la reparaci\u00f3n\u201d.<\/em> Llort manifiesta que cuentan con un peque\u00f1o <a href=\"https:\/\/www.cannabis.es\/pw\/2021\/04\/09\/teresa-garnatje-directora-del-botanic-de-barcelona-deberian-agilizarse-los-permisos-para-hacer-mas-investigacion-con-cannabis\/\">apoyo de la Generalitat,<\/a> a trav\u00e9s de su programa para campa\u00f1as internacionales del Departamento de Salud. Tambi\u00e9n EURONPUD financia proyectos puntuales y cada organizaci\u00f3n aporta de la red \u201clo que puede\u201d. CATNPUD cuenta con un sistema de afiliaci\u00f3n en el que la ciudadan\u00eda pueden participar, si lo desean. <em>\u201cCualquier persona puede aportar lo que pueda: trabajo profesional, voluntarios o reivindicar el sitio de la ciudadan\u00eda que quiera luchar contra el estigma en su propia comunidad\u201d.<\/em><\/p>\n\n\n\n<p>El doctor antrop\u00f3logo nos remite a la situaci\u00f3n dada con el COVID en la comunidad de consumidores, cuando se ha podido observar c\u00f3mo se han flexibilizado los servicios sanitarios como la dispensa de opi\u00e1ceos. Es posible reivindicar las posibilidades que se han visto realizadas con la situaci\u00f3n de la Pandemia, como la rehabilitaci\u00f3n de albergues para personas sin hogar, seg\u00fan demuestra Llort, algo sobre lo que sugiere reflexionar a la administraci\u00f3n para mantener estas medidas en el tiempo, convirti\u00e9ndolas en una mejora permanente.<\/p>\n\n\n\n<p>Antoniu revela las pr\u00f3ximas actividades de CATNPUD, por ejemplo, <strong>el memorial internacional por las v\u00edctimas de las pol\u00edticas de drogas que tendr\u00e1 lugar el pr\u00f3ximo d\u00eda 21 de julio<\/strong>. Tambi\u00e9n, las actividades que tuvieron lugar el d\u00eda 26 de junio bajo el <a href=\"https:\/\/supportdontpunish.org\/es\/\">slogan \u201cSupport Don\u00b4t Punish\u201d<\/a> y nos emplaza a participar el d\u00eda 31 de agosto en el D\u00eda Mundial de la Prevenci\u00f3n de las Sobredosis.<\/p>\n\n\n\n<p><em>Toda la informaci\u00f3n <a href=\"https:\/\/catnpud.org\/\">sobre CATNPUD,<\/a> <a href=\"https:\/\/www.euronpud.net\/\">EURONPUD<\/a> <a href=\"https:\/\/www.inpud.net\/\">e INPUD<\/a> en sus p\u00e1ginas web<\/em>.<\/p>\n","protected":false},"excerpt":{"rendered":"<span class=\"span-reading-time rt-reading-time\" style=\"display: block;\"><span class=\"rt-label rt-prefix\">Tiempo de lectura:<\/span> <span class=\"rt-time\"> 5<\/span> <span class=\"rt-label rt-postfix\">minutos<\/span><\/span>Benito D\u00edaz Ma\u00f1ana 21 de julio se recuerda a personas que eran \u201cm\u00e1s que una baja\u201d o cuyas vidas fueron \u201ccortadas pronto\u201d. La International Network of People who Use Drugs (INPUD) es una organizaci\u00f3n global que promueve la salud y defiende los derechos de las personas usuarias de drogas. Fundada en 2010, se articula alrededor [&hellip;]","protected":false},"author":3,"featured_media":7351,"comment_status":"closed","ping_status":"closed","sticky":false,"template":"","format":"standard","meta":{"loftocean-featured-post":"","loftocean_post_format_gallery":"","loftocean_post_format_gallery_ids":"","loftocean_post_format_gallery_urls":"","loftocean_post_format_video_id":"","loftocean_post_format_video_url":"","loftocean_post_format_video_type":"","loftocean_post_format_video":"","loftocean_post_format_audio_type":"","loftocean_post_format_audio_url":"","loftocean_post_format_audio_id":"","loftocean_post_format_audio":"","loftocean_post_format_quote_text":"","loftocean_post_format_quote_byline":"","loftocean_post_format_link_text":"","loftocean_post_format_link_url":"","ceramag_post_header_style":"","ceramag_enable_background_video":"","ceramag_show_in_top_slider":"","ceramag_post_background_video_start":"","ceramag_post_background_video_end":"","loftocean_page_background_video_id":"","loftocean_page_background_video_url":"","loftocean_page_background_video_type":"","loftocean_page_background_video":"","ceramag_background_video_start":"","ceramag_background_video_end":"","ceramag_single_page_hide_header":"","footnotes":""},"categories":[35],"tags":[],"class_list":["post-7350","post","type-post","status-publish","format-standard","has-post-thumbnail","hentry","category-politica-y-sociedad"],"yoast_head":"<!-- This site is optimized with the Yoast SEO plugin v24.9 - https:\/\/yoast.com\/wordpress\/plugins\/seo\/ -->\n<title>Redes de defensa de Personas que Usan Drogas recuerdan este 21<\/title>\n<meta name=\"description\" content=\"Entrada &#8226; Portal multimedia sobre cannabis y otras sustancias &#8226; 20 julio, 2021\" \/>\n<meta name=\"robots\" content=\"index, follow, max-snippet:-1, max-image-preview:large, max-video-preview:-1\" \/>\n<link rel=\"canonical\" href=\"https:\/\/www.cannabis.es\/pw\/2021\/07\/20\/redes-de-defensa-de-personas-que-usan-drogas-recuerdan-este-21\/\" \/>\n<meta name=\"twitter:card\" content=\"summary_large_image\" \/>\n<meta name=\"twitter:title\" content=\"Redes de defensa de Personas que Usan Drogas recuerdan este 21\" \/>\n<meta name=\"twitter:description\" content=\"Entrada &#8226; Portal multimedia sobre cannabis y otras sustancias &#8226; 20 julio, 2021\" \/>\n<meta name=\"twitter:image\" content=\"https:\/\/www.cannabis.es\/pw\/wp-content\/uploads\/2021\/07\/INPUD_1.jpg\" \/>\n<meta name=\"twitter:creator\" content=\"@cannabis_es\" \/>\n<meta name=\"twitter:site\" content=\"@cannabis_es\" \/>\n<meta name=\"twitter:label1\" content=\"Escrito por\" \/>\n\t<meta name=\"twitter:data1\" content=\"Cannabis.es\" \/>\n\t<meta name=\"twitter:label2\" content=\"Tiempo de lectura\" \/>\n\t<meta name=\"twitter:data2\" content=\"7 minutos\" \/>\n<script type=\"application\/ld+json\" class=\"yoast-schema-graph\">{\"@context\":\"https:\/\/schema.org\",\"@graph\":[{\"@type\":\"Article\",\"@id\":\"https:\/\/www.cannabis.es\/pw\/2021\/07\/20\/redes-de-defensa-de-personas-que-usan-drogas-recuerdan-este-21\/#article\",\"isPartOf\":{\"@id\":\"https:\/\/www.cannabis.es\/pw\/2021\/07\/20\/redes-de-defensa-de-personas-que-usan-drogas-recuerdan-este-21\/\"},\"author\":{\"name\":\"Cannabis.es\",\"@id\":\"https:\/\/www.cannabis.es\/pw\/#\/schema\/person\/ec770c03f3e99d770687f537f4ba1e89\"},\"headline\":\"Redes de defensa de Personas que Usan Drogas recuerdan este 21\",\"datePublished\":\"2021-07-20T11:18:10+00:00\",\"dateModified\":\"2021-07-20T11:18:11+00:00\",\"mainEntityOfPage\":{\"@id\":\"https:\/\/www.cannabis.es\/pw\/2021\/07\/20\/redes-de-defensa-de-personas-que-usan-drogas-recuerdan-este-21\/\"},\"wordCount\":1490,\"publisher\":{\"@id\":\"https:\/\/www.cannabis.es\/pw\/#organization\"},\"image\":{\"@id\":\"https:\/\/www.cannabis.es\/pw\/2021\/07\/20\/redes-de-defensa-de-personas-que-usan-drogas-recuerdan-este-21\/#primaryimage\"},\"thumbnailUrl\":\"https:\/\/www.cannabis.es\/pw\/wp-content\/uploads\/2021\/07\/INPUD_1.jpg\",\"articleSection\":[\"Pol\u00edtica y Sociedad\"],\"inLanguage\":\"es\"},{\"@type\":\"WebPage\",\"@id\":\"https:\/\/www.cannabis.es\/pw\/2021\/07\/20\/redes-de-defensa-de-personas-que-usan-drogas-recuerdan-este-21\/\",\"url\":\"https:\/\/www.cannabis.es\/pw\/2021\/07\/20\/redes-de-defensa-de-personas-que-usan-drogas-recuerdan-este-21\/\",\"name\":\"Redes de defensa de Personas que Usan Drogas recuerdan este 21\",\"isPartOf\":{\"@id\":\"https:\/\/www.cannabis.es\/pw\/#website\"},\"primaryImageOfPage\":{\"@id\":\"https:\/\/www.cannabis.es\/pw\/2021\/07\/20\/redes-de-defensa-de-personas-que-usan-drogas-recuerdan-este-21\/#primaryimage\"},\"image\":{\"@id\":\"https:\/\/www.cannabis.es\/pw\/2021\/07\/20\/redes-de-defensa-de-personas-que-usan-drogas-recuerdan-este-21\/#primaryimage\"},\"thumbnailUrl\":\"https:\/\/www.cannabis.es\/pw\/wp-content\/uploads\/2021\/07\/INPUD_1.jpg\",\"datePublished\":\"2021-07-20T11:18:10+00:00\",\"dateModified\":\"2021-07-20T11:18:11+00:00\",\"description\":\"Entrada &#8226; Portal multimedia sobre cannabis y otras sustancias &#8226; 20 julio, 2021\",\"breadcrumb\":{\"@id\":\"https:\/\/www.cannabis.es\/pw\/2021\/07\/20\/redes-de-defensa-de-personas-que-usan-drogas-recuerdan-este-21\/#breadcrumb\"},\"inLanguage\":\"es\",\"potentialAction\":[{\"@type\":\"ReadAction\",\"target\":[\"https:\/\/www.cannabis.es\/pw\/2021\/07\/20\/redes-de-defensa-de-personas-que-usan-drogas-recuerdan-este-21\/\"]}]},{\"@type\":\"ImageObject\",\"inLanguage\":\"es\",\"@id\":\"https:\/\/www.cannabis.es\/pw\/2021\/07\/20\/redes-de-defensa-de-personas-que-usan-drogas-recuerdan-este-21\/#primaryimage\",\"url\":\"https:\/\/www.cannabis.es\/pw\/wp-content\/uploads\/2021\/07\/INPUD_1.jpg\",\"contentUrl\":\"https:\/\/www.cannabis.es\/pw\/wp-content\/uploads\/2021\/07\/INPUD_1.jpg\",\"width\":1607,\"height\":1063},{\"@type\":\"BreadcrumbList\",\"@id\":\"https:\/\/www.cannabis.es\/pw\/2021\/07\/20\/redes-de-defensa-de-personas-que-usan-drogas-recuerdan-este-21\/#breadcrumb\",\"itemListElement\":[{\"@type\":\"ListItem\",\"position\":1,\"name\":\"Portada\",\"item\":\"http:\/\/www.cannabis.es\/pw\/\"},{\"@type\":\"ListItem\",\"position\":2,\"name\":\"Redes de defensa de Personas que Usan Drogas recuerdan este 21\"}]},{\"@type\":\"WebSite\",\"@id\":\"https:\/\/www.cannabis.es\/pw\/#website\",\"url\":\"https:\/\/www.cannabis.es\/pw\/\",\"name\":\"Cannabis\",\"description\":\"Portal multimedia sobre cannabis y otras sustancias\",\"publisher\":{\"@id\":\"https:\/\/www.cannabis.es\/pw\/#organization\"},\"potentialAction\":[{\"@type\":\"SearchAction\",\"target\":{\"@type\":\"EntryPoint\",\"urlTemplate\":\"https:\/\/www.cannabis.es\/pw\/?s={search_term_string}\"},\"query-input\":{\"@type\":\"PropertyValueSpecification\",\"valueRequired\":true,\"valueName\":\"search_term_string\"}}],\"inLanguage\":\"es\"},{\"@type\":\"Organization\",\"@id\":\"https:\/\/www.cannabis.es\/pw\/#organization\",\"name\":\"Cannabis.es\",\"url\":\"https:\/\/www.cannabis.es\/pw\/\",\"logo\":{\"@type\":\"ImageObject\",\"inLanguage\":\"es\",\"@id\":\"https:\/\/www.cannabis.es\/pw\/#\/schema\/logo\/image\/\",\"url\":\"https:\/\/www.cannabis.es\/pw\/wp-content\/uploads\/2019\/04\/cropped-logo_cannabis.png\",\"contentUrl\":\"https:\/\/www.cannabis.es\/pw\/wp-content\/uploads\/2019\/04\/cropped-logo_cannabis.png\",\"width\":361,\"height\":120,\"caption\":\"Cannabis.es\"},\"image\":{\"@id\":\"https:\/\/www.cannabis.es\/pw\/#\/schema\/logo\/image\/\"},\"sameAs\":[\"https:\/\/x.com\/cannabis_es\"]},{\"@type\":\"Person\",\"@id\":\"https:\/\/www.cannabis.es\/pw\/#\/schema\/person\/ec770c03f3e99d770687f537f4ba1e89\",\"name\":\"Cannabis.es\",\"image\":{\"@type\":\"ImageObject\",\"inLanguage\":\"es\",\"@id\":\"https:\/\/www.cannabis.es\/pw\/#\/schema\/person\/image\/\",\"url\":\"https:\/\/secure.gravatar.com\/avatar\/810c93a3d6fadc3d9c2665b1d919a4aedea8ed4dd63689d001e985a804e90d83?s=96&d=mm&r=g\",\"contentUrl\":\"https:\/\/secure.gravatar.com\/avatar\/810c93a3d6fadc3d9c2665b1d919a4aedea8ed4dd63689d001e985a804e90d83?s=96&d=mm&r=g\",\"caption\":\"Cannabis.es\"},\"url\":\"https:\/\/www.cannabis.es\/pw\/author\/arnau\/\"}]}<\/script>\n<!-- \/ Yoast SEO plugin. -->","yoast_head_json":{"title":"Redes de defensa de Personas que Usan Drogas recuerdan este 21","description":"Entrada &#8226; Portal multimedia sobre cannabis y otras sustancias &#8226; 20 julio, 2021","robots":{"index":"index","follow":"follow","max-snippet":"max-snippet:-1","max-image-preview":"max-image-preview:large","max-video-preview":"max-video-preview:-1"},"canonical":"https:\/\/www.cannabis.es\/pw\/2021\/07\/20\/redes-de-defensa-de-personas-que-usan-drogas-recuerdan-este-21\/","twitter_card":"summary_large_image","twitter_title":"Redes de defensa de Personas que Usan Drogas recuerdan este 21","twitter_description":"Entrada &#8226; Portal multimedia sobre cannabis y otras sustancias &#8226; 20 julio, 2021","twitter_image":"https:\/\/www.cannabis.es\/pw\/wp-content\/uploads\/2021\/07\/INPUD_1.jpg","twitter_creator":"@cannabis_es","twitter_site":"@cannabis_es","twitter_misc":{"Escrito por":"Cannabis.es","Tiempo de lectura":"7 minutos"},"schema":{"@context":"https:\/\/schema.org","@graph":[{"@type":"Article","@id":"https:\/\/www.cannabis.es\/pw\/2021\/07\/20\/redes-de-defensa-de-personas-que-usan-drogas-recuerdan-este-21\/#article","isPartOf":{"@id":"https:\/\/www.cannabis.es\/pw\/2021\/07\/20\/redes-de-defensa-de-personas-que-usan-drogas-recuerdan-este-21\/"},"author":{"name":"Cannabis.es","@id":"https:\/\/www.cannabis.es\/pw\/#\/schema\/person\/ec770c03f3e99d770687f537f4ba1e89"},"headline":"Redes de defensa de Personas que Usan Drogas recuerdan este 21","datePublished":"2021-07-20T11:18:10+00:00","dateModified":"2021-07-20T11:18:11+00:00","mainEntityOfPage":{"@id":"https:\/\/www.cannabis.es\/pw\/2021\/07\/20\/redes-de-defensa-de-personas-que-usan-drogas-recuerdan-este-21\/"},"wordCount":1490,"publisher":{"@id":"https:\/\/www.cannabis.es\/pw\/#organization"},"image":{"@id":"https:\/\/www.cannabis.es\/pw\/2021\/07\/20\/redes-de-defensa-de-personas-que-usan-drogas-recuerdan-este-21\/#primaryimage"},"thumbnailUrl":"https:\/\/www.cannabis.es\/pw\/wp-content\/uploads\/2021\/07\/INPUD_1.jpg","articleSection":["Pol\u00edtica y Sociedad"],"inLanguage":"es"},{"@type":"WebPage","@id":"https:\/\/www.cannabis.es\/pw\/2021\/07\/20\/redes-de-defensa-de-personas-que-usan-drogas-recuerdan-este-21\/","url":"https:\/\/www.cannabis.es\/pw\/2021\/07\/20\/redes-de-defensa-de-personas-que-usan-drogas-recuerdan-este-21\/","name":"Redes de defensa de Personas que Usan Drogas recuerdan este 21","isPartOf":{"@id":"https:\/\/www.cannabis.es\/pw\/#website"},"primaryImageOfPage":{"@id":"https:\/\/www.cannabis.es\/pw\/2021\/07\/20\/redes-de-defensa-de-personas-que-usan-drogas-recuerdan-este-21\/#primaryimage"},"image":{"@id":"https:\/\/www.cannabis.es\/pw\/2021\/07\/20\/redes-de-defensa-de-personas-que-usan-drogas-recuerdan-este-21\/#primaryimage"},"thumbnailUrl":"https:\/\/www.cannabis.es\/pw\/wp-content\/uploads\/2021\/07\/INPUD_1.jpg","datePublished":"2021-07-20T11:18:10+00:00","dateModified":"2021-07-20T11:18:11+00:00","description":"Entrada &#8226; Portal multimedia sobre cannabis y otras sustancias &#8226; 20 julio, 2021","breadcrumb":{"@id":"https:\/\/www.cannabis.es\/pw\/2021\/07\/20\/redes-de-defensa-de-personas-que-usan-drogas-recuerdan-este-21\/#breadcrumb"},"inLanguage":"es","potentialAction":[{"@type":"ReadAction","target":["https:\/\/www.cannabis.es\/pw\/2021\/07\/20\/redes-de-defensa-de-personas-que-usan-drogas-recuerdan-este-21\/"]}]},{"@type":"ImageObject","inLanguage":"es","@id":"https:\/\/www.cannabis.es\/pw\/2021\/07\/20\/redes-de-defensa-de-personas-que-usan-drogas-recuerdan-este-21\/#primaryimage","url":"https:\/\/www.cannabis.es\/pw\/wp-content\/uploads\/2021\/07\/INPUD_1.jpg","contentUrl":"https:\/\/www.cannabis.es\/pw\/wp-content\/uploads\/2021\/07\/INPUD_1.jpg","width":1607,"height":1063},{"@type":"BreadcrumbList","@id":"https:\/\/www.cannabis.es\/pw\/2021\/07\/20\/redes-de-defensa-de-personas-que-usan-drogas-recuerdan-este-21\/#breadcrumb","itemListElement":[{"@type":"ListItem","position":1,"name":"Portada","item":"http:\/\/www.cannabis.es\/pw\/"},{"@type":"ListItem","position":2,"name":"Redes de defensa de Personas que Usan Drogas recuerdan este 21"}]},{"@type":"WebSite","@id":"https:\/\/www.cannabis.es\/pw\/#website","url":"https:\/\/www.cannabis.es\/pw\/","name":"Cannabis","description":"Portal multimedia sobre cannabis y otras sustancias","publisher":{"@id":"https:\/\/www.cannabis.es\/pw\/#organization"},"potentialAction":[{"@type":"SearchAction","target":{"@type":"EntryPoint","urlTemplate":"https:\/\/www.cannabis.es\/pw\/?s={search_term_string}"},"query-input":{"@type":"PropertyValueSpecification","valueRequired":true,"valueName":"search_term_string"}}],"inLanguage":"es"},{"@type":"Organization","@id":"https:\/\/www.cannabis.es\/pw\/#organization","name":"Cannabis.es","url":"https:\/\/www.cannabis.es\/pw\/","logo":{"@type":"ImageObject","inLanguage":"es","@id":"https:\/\/www.cannabis.es\/pw\/#\/schema\/logo\/image\/","url":"https:\/\/www.cannabis.es\/pw\/wp-content\/uploads\/2019\/04\/cropped-logo_cannabis.png","contentUrl":"https:\/\/www.cannabis.es\/pw\/wp-content\/uploads\/2019\/04\/cropped-logo_cannabis.png","width":361,"height":120,"caption":"Cannabis.es"},"image":{"@id":"https:\/\/www.cannabis.es\/pw\/#\/schema\/logo\/image\/"},"sameAs":["https:\/\/x.com\/cannabis_es"]},{"@type":"Person","@id":"https:\/\/www.cannabis.es\/pw\/#\/schema\/person\/ec770c03f3e99d770687f537f4ba1e89","name":"Cannabis.es","image":{"@type":"ImageObject","inLanguage":"es","@id":"https:\/\/www.cannabis.es\/pw\/#\/schema\/person\/image\/","url":"https:\/\/secure.gravatar.com\/avatar\/810c93a3d6fadc3d9c2665b1d919a4aedea8ed4dd63689d001e985a804e90d83?s=96&d=mm&r=g","contentUrl":"https:\/\/secure.gravatar.com\/avatar\/810c93a3d6fadc3d9c2665b1d919a4aedea8ed4dd63689d001e985a804e90d83?s=96&d=mm&r=g","caption":"Cannabis.es"},"url":"https:\/\/www.cannabis.es\/pw\/author\/arnau\/"}]}},"_links":{"self":[{"href":"https:\/\/www.cannabis.es\/pw\/wp-json\/wp\/v2\/posts\/7350","targetHints":{"allow":["GET"]}}],"collection":[{"href":"https:\/\/www.cannabis.es\/pw\/wp-json\/wp\/v2\/posts"}],"about":[{"href":"https:\/\/www.cannabis.es\/pw\/wp-json\/wp\/v2\/types\/post"}],"author":[{"embeddable":true,"href":"https:\/\/www.cannabis.es\/pw\/wp-json\/wp\/v2\/users\/3"}],"replies":[{"embeddable":true,"href":"https:\/\/www.cannabis.es\/pw\/wp-json\/wp\/v2\/comments?post=7350"}],"version-history":[{"count":1,"href":"https:\/\/www.cannabis.es\/pw\/wp-json\/wp\/v2\/posts\/7350\/revisions"}],"predecessor-version":[{"id":7352,"href":"https:\/\/www.cannabis.es\/pw\/wp-json\/wp\/v2\/posts\/7350\/revisions\/7352"}],"wp:featuredmedia":[{"embeddable":true,"href":"https:\/\/www.cannabis.es\/pw\/wp-json\/wp\/v2\/media\/7351"}],"wp:attachment":[{"href":"https:\/\/www.cannabis.es\/pw\/wp-json\/wp\/v2\/media?parent=7350"}],"wp:term":[{"taxonomy":"category","embeddable":true,"href":"https:\/\/www.cannabis.es\/pw\/wp-json\/wp\/v2\/categories?post=7350"},{"taxonomy":"post_tag","embeddable":true,"href":"https:\/\/www.cannabis.es\/pw\/wp-json\/wp\/v2\/tags?post=7350"}],"curies":[{"name":"wp","href":"https:\/\/api.w.org\/{rel}","templated":true}]}}