{"id":7372,"date":"2021-07-26T13:05:13","date_gmt":"2021-07-26T11:05:13","guid":{"rendered":"https:\/\/www.cannabis.es\/pw\/?p=7372"},"modified":"2021-07-26T13:08:16","modified_gmt":"2021-07-26T11:08:16","slug":"el-ayuntamiento-de-barcelona-retira-la-licencia-a-las-asociaciones-cannabicas","status":"publish","type":"post","link":"https:\/\/www.cannabis.es\/pw\/2021\/07\/26\/el-ayuntamiento-de-barcelona-retira-la-licencia-a-las-asociaciones-cannabicas\/","title":{"rendered":"El Ayuntamiento de Barcelona retira la licencia a las asociaciones cann\u00e1bicas"},"content":{"rendered":"\n<p>Arnau Alcaide<br><br>El Ayuntamiento de Barcelona <a href=\"https:\/\/ajuntament.barcelona.cat\/premsa\/2021\/07\/23\/les-associacions-cannabiques-hauran-dadaptar-se-a-una-nova-situacio-legal-nomes-podran-funcionar-com-a-clubs-socials-privats-sense-promoure-el-consum-la-venda-ni-el-cultiu\/\">comunica<\/a> la retirada del permiso municipal de ordenamiento urban\u00edstico para las asociaciones cann\u00e1bicas, que delimita c\u00f3mo deben ser las entradas, las salidas de humos y dem\u00e1s cuestiones de disposici\u00f3n de obra para el encaje en la ciudad. Estos criterios dejar\u00e1n de funcionar, as\u00ed como la ley que los recoge, y la licencia de asociaci\u00f3n cann\u00e1bica v\u00e1lida, de acuerdo a cumplirlos, dejar\u00e1 de existir. Las asociaciones que ya la pose\u00edan se ven abocadas a un proceso de transformaci\u00f3n en otro tipo de asociaci\u00f3n, en el que se inspeccionar\u00e1 por parte del ayuntamiento que as\u00ed sea.<br><br>La decisi\u00f3n es <a href=\"https:\/\/www.cannabis.es\/pw\/2021\/05\/24\/catfac-y-el-ayuntamiento-de-barcelona-buscan-soluciones-para-las-asociaciones-cannabicas\/\">el resultado del an\u00e1lisis de las opciones posibles<\/a> tras la sentencia que dej\u00f3 sin competencias al Ayuntamiento de Barcelona para delimitar urban\u00edsticamente estas asociaciones por su fin, considerado ilegal incluso en el \u00e1mbito privado, y que tumbaba la ley de 2016 que las amparaba en cuestiones urban\u00edsticas. Este escollo legal era el \u00faltimo en pie, ya que ahora no queda para las asociaciones cann\u00e1bicas de Barcelona ninguna ley que ampare su existencia, con el consiguiente agravante en posteriores juicios. <\/p>\n\n\n\n<p>La ley era anterior a la de <a href=\"https:\/\/www.cannabis.es\/pw\/2018\/11\/28\/el-tribunal-constitucional-anula-la-ley-catalana-de-asociaciones\/\">asociaciones cann\u00e1bicas catalana de 2017<\/a>, que s\u00ed delimitaba el cultivo, consumo, distribuci\u00f3n y membres\u00eda, pero esta no se extralimitaba en sus competencias m\u00e1s all\u00e1 de, como argument\u00f3 en primera instancia el Tribunal Superior de Justicia de Catalunya y posteriormente ratific\u00f3 el Supremo, regular las disposiciones urban\u00edsticas de algo ilegal; pero la ley urban\u00edstica no articulaba ninguna pr\u00e1ctica ilegal, solo reconoc\u00eda la existencia de estas asociaciones, lo cual ya supone seg\u00fan los tribunales la invasi\u00f3n de competencias.<\/p>\n\n\n\n<h2 class=\"wp-block-heading\">El ayuntamiento se posiciona a favor pese a ejecutar el peor escenario<\/h2>\n\n\n\n<p>En este sentido, pese a que Eric Asensio, representante de la Federaci\u00f3n Catalana de Asociaciones (Catfac), nos explic\u00f3 que se estaban reuniendo con el ayuntamiento para buscar una salida que no implicase la retirada de las licencias ya en funcionamiento, es decir, que no se aplicase la ley con efecto retroactivo y se acabase con las asociaciones cann\u00e1bicas, el ayuntamiento no ha encontrado otra salida en el corto plazo que cumplir as\u00ed con la sentencia. Pero el comunicado es tambi\u00e9n una declaraci\u00f3n de intenciones, posicion\u00e1ndose a favor de la existencia de estas asociaciones, del cannabis terap\u00e9utico del que destaca el tratamiento ante c\u00e1ncer y crea un grupo de incidencia pol\u00edtica para establecer un di\u00e1logo auton\u00f3mico y estatal que avance en estas cuestiones.<\/p>\n\n\n\n<figure class=\"wp-block-image size-large\"><img loading=\"lazy\" decoding=\"async\" width=\"1024\" height=\"677\" src=\"https:\/\/www.cannabis.es\/pw\/wp-content\/uploads\/2021\/07\/LICENCIAS_ASOS_BCN-1024x677.jpg\" alt=\"\" class=\"wp-image-7374\" srcset=\"https:\/\/www.cannabis.es\/pw\/wp-content\/uploads\/2021\/07\/LICENCIAS_ASOS_BCN-1024x677.jpg 1024w, https:\/\/www.cannabis.es\/pw\/wp-content\/uploads\/2021\/07\/LICENCIAS_ASOS_BCN-300x198.jpg 300w, https:\/\/www.cannabis.es\/pw\/wp-content\/uploads\/2021\/07\/LICENCIAS_ASOS_BCN-768x508.jpg 768w, https:\/\/www.cannabis.es\/pw\/wp-content\/uploads\/2021\/07\/LICENCIAS_ASOS_BCN-1536x1016.jpg 1536w, https:\/\/www.cannabis.es\/pw\/wp-content\/uploads\/2021\/07\/LICENCIAS_ASOS_BCN-1200x794.jpg 1200w, https:\/\/www.cannabis.es\/pw\/wp-content\/uploads\/2021\/07\/LICENCIAS_ASOS_BCN-600x397.jpg 600w, https:\/\/www.cannabis.es\/pw\/wp-content\/uploads\/2021\/07\/LICENCIAS_ASOS_BCN.jpg 1607w\" sizes=\"auto, (max-width: 1024px) 100vw, 1024px\" \/><\/figure>\n\n\n\n<h2 class=\"wp-block-heading\">Las asociaciones cann\u00e1bicas solo podr\u00e1n funcionar como clubes sociales privados<\/h2>\n\n\n\n<p><em>\u00abLas asociaciones cann\u00e1bicas s\u00f3lo podr\u00e1n funcionar como clubes sociales privados y no podr\u00e1n promover el consumo, la<\/em> <em>venta ni el cultivo de cannabis. As\u00ed lo prev\u00e9 el Tribunal Superior de Justicia de Catalu\u00f1a, que concluye que los municipios no son competentes para hacer una regulaci\u00f3n propia a trav\u00e9s de un plan especial urban\u00edstico, como hizo el a\u00f1o 2016 el Ayuntamiento de Barcelona con una propuesta que obtuvo un amplio apoyo pol\u00edtico\u00bb, <\/em>desarrolla el comunicado.<\/p>\n\n\n\n<h2 class=\"wp-block-heading\">Una iniciativa pionera<\/h2>\n\n\n\n<p><em>\u00abLa ciudad aprob\u00f3 en 2016 esta regulaci\u00f3n, un plan especial urban\u00edstico que ordenaba territorialmente los clubes cann\u00e1bicos con el objetivo de evitar su concentraci\u00f3n y proximidad a los equipamientos protegidos, reducir las molestias a los vecinos y mejorar la convivencia. Se trataba de una iniciativa pionera, que ayudaba precisamente a dar un marco normativo propio para regular esta actividad\u00bb, <\/em>reivindican desde el ayuntamiento.<\/p>\n\n\n\n<h2 class=\"wp-block-heading\">Un consenso amplio para el ejercicio de los derechos del individuo<\/h2>\n\n\n\n<p><em>\u00abEl documento recibi\u00f3 un consenso amplio por parte del plenario municipal, y ten\u00eda como ejes principales <strong>hacer compatible el derecho de asociaci\u00f3n de las personas consumidoras de cannabis con el ejercicio de otros derechos fundamentales como son la protecci\u00f3n de la salud y el disfrute de un medio ambiente adecuado<\/strong>. Era una herramienta al servicio de las pol\u00edticas de salud p\u00fablica para abordar el fen\u00f3meno, y establec\u00eda los requisitos urban\u00edsticos -Distancias, superficie, ubicaci\u00f3n, etc.- que deb\u00edan cumplir las asociaciones para poder llevar a cabo la actividad en sus locales\u00bb.<\/em><\/p>\n\n\n\n<h2 class=\"wp-block-heading\">Hace un a\u00f1o invalidada, desde abril en firme<\/h2>\n\n\n\n<p><em>\u00abEl plan, sin embargo, fue recurrido judicialmente, y una sentencia de junio de 2020 del TSJC lo anul\u00f3. El tribunal entiende que el Ayuntamiento no tiene competencia para regular los clubes de cannabis, ni siquiera desde la vertiente<\/em> <em>urban\u00edstica, ya que considera que son espacios susceptibles de comisi\u00f3n de delitos, y por lo tanto la materia penal es de competencia exclusiva estatal. Recientemente, en abril pasado, qued\u00f3 desestimado el recurso de casaci\u00f3n que present\u00f3 el Ayuntamiento. Esto implica que los clubes de cannabis pasan a tener \u00fanicamente la habilitaci\u00f3n de club social privado, y en ning\u00fan caso podr\u00e1n llevar a cabo actividades que promuevan el consumo del cannabis, as\u00ed como tampoco su cultivo, venta o consumo\u00bb<\/em>, explican de la cuesti\u00f3n judicial.<\/p>\n\n\n\n<h2 class=\"wp-block-heading\">El ayuntamiento toma medidas en respuesta a la sentencia<\/h2>\n\n\n\n<p><em>\u00abPor parte del \u00e1rea municipal de Seguridad, se desarrollar\u00e1 <strong>una campa\u00f1a de inspecci\u00f3n y control de los clubes<\/strong>. Se<\/em> <em>comenzar\u00e1 por aquellos clubes cann\u00e1bicos que m\u00e1s impacto negativo generan, enfocados al turismo y la venta masiva, y m\u00e1s adelante se abordar\u00e1 los grupos comunitarios y de autoconsumo. Tambi\u00e9n se enviar\u00e1<strong> una carta explicando la situaci\u00f3n actual en todos los clubes existentes para que puedan adaptar sus actividades a la legalidad vigente<\/strong>\u00ab<\/em>, es decir, desaparecer como tales para ser simplemente clubes privados. Esto implicar\u00e1 a alrededor de 200.<\/p>\n\n\n\n<h2 class=\"wp-block-heading\">Un grupo de trabajo pol\u00edtico del ayuntamiento<\/h2>\n\n\n\n<p>Para no ser meramente el brazo ejecutor de la justicia, crean tambi\u00e9n <em>\u00abun grupo de trabajo interno del Ayuntamiento con las \u00e1reas de Servicios Jur\u00eddicos, Salud, Seguridad y Urbanismo para hacer propuestas de cambios legislativos a nivel estatal y auton\u00f3mico, y estudiarlas conjuntamente con las administraciones competentes, que son la Generalitat y el Estado\u00bb<\/em>. El objetivo de este grupo de incidencia es <em>\u00abdar una respuesta conjunta a la situaci\u00f3n y poner sobre la mesa la necesidad de espacios donde se pueda producir el consumo -y no la venta- de forma controlada, que est\u00e1 permitido por el c\u00f3digo penal\u00bb<\/em>, un derecho que se vulnera por los tribunales, al hacerlo pr\u00e1cticamente imposible.<\/p>\n\n\n\n<h2 class=\"wp-block-heading\">Piden \u00abuna regulaci\u00f3n necesaria\u00bb<\/h2>\n\n\n\n<p><em>\u00abEl Gobierno municipal contin\u00faa defendiendo la necesidad de una regulaci\u00f3n de esta actividad desde el punto de vista de la salud p\u00fablica, que es desde donde entiende que se debe tratar el fen\u00f3meno. Hay que tener en cuenta aspectos como las utilidades terap\u00e9uticas del cannabis, que se ha demostrado eficaz para el tratamiento de c\u00e1nceres y otras enfermedades\u00bb, <\/em>reclaman desde el ayuntamiento, manifestando su completo desacuerdo con la decisi\u00f3n.<\/p>\n\n\n\n<h2 class=\"wp-block-heading\">Catfac carga contra el poder judicial y se presta al grupo del ayuntamiento<\/h2>\n\n\n\n<p>\u00ab<em>Una vez m\u00e1s el Poder Judicial carga contra las asociaciones, sin tener en cuenta la realidad social de la ciudad de Barcelona, <strong>una ciudad que convive desde hace m\u00e1s de 30 a\u00f1os con estas entidades<\/strong>. En lugar de analizar un <strong>modelo claramente orientado a conseguir el bienestar de las personas<\/strong>, aplica de nuevo su estrategia punitiva de represi\u00f3n y acoso a un modelo de acceso a la sustancia reconocido internacionalmente, y<strong> prohibiendo a las personas su derecho al libre desarrollo de la personalidad, a la prevenci\u00f3n de la salud y a la seguridad<\/strong><\/em><strong>\u00ab, <\/strong>han querido trasladar<a href=\"https:\/\/confac.org\/1069-l-ultim-atac-del-poder-judicial-les-associacions-cannabiques\"> en su propio comunicado desde Catfac<strong>.<\/strong><\/a><\/p>\n\n\n\n<p><em><span class=\"has-inline-color has-luminous-vivid-orange-color\">\u00abHoy <strong>pedimos a todas las representantes pol\u00edticas que ten\u00e9is las herramientas democr\u00e1ticas para poder revertir y convertir esta situaci\u00f3n, que no os rind\u00e1is y que no ced\u00e1is al inmovilismo del Estado y a su voluntad de perpetuar pol\u00edticas de drogas obsoletas<\/strong> que impiden avanzar y evolucionar a la sociedad. Si hay un momento en que ha sido necesario ser valientes es ahora y regular las asociaciones cann\u00e0bicas, hoy, es una urgencia.<\/span><\/em><\/p>\n\n\n\n<p><em><span class=\"has-inline-color has-luminous-vivid-orange-color\">La sociedad civil no se rinde y resiste, porque esta es nuestra vida, nuestra lucha y por eso <strong>desde CatFAC expresamos la m\u00e1s firme voluntad de trabajar conjuntamente en el grupo de trabajo interno del Ayuntamiento para buscar los mecanismos necesarios que nos permitan desarrollar una respuesta coordinada<\/strong>, organizada y consensuada, al ataque de un modelo pionero en Europa, exportado a escala internacional, que comporta la aplicaci\u00f3n de nuevas pol\u00edticas de drogas que apuestan por las personas y su salud, sin dejar a nadie atr\u00e1s.<\/span><\/em><\/p>\n\n\n\n<p><em><span class=\"has-inline-color has-luminous-vivid-orange-color\">Informamos, que desde ahora mismo, el equipo de CatFAC no nos quedaremos de brazos cruzados, iremos informando de todas las acciones programadas para responder de forma activa ante la maquinaria represiva, hasta que consigamos el reconocimiento de nuestro derecho adquirido\u00bb.<\/span><\/em><\/p>\n\n\n\n\n","protected":false},"excerpt":{"rendered":"<span class=\"span-reading-time rt-reading-time\" style=\"display: block;\"><span class=\"rt-label rt-prefix\">Tiempo de lectura:<\/span> <span class=\"rt-time\"> 5<\/span> <span class=\"rt-label rt-postfix\">minutos<\/span><\/span>Arnau AlcaideEl Ayuntamiento de Barcelona comunica la retirada del permiso municipal de ordenamiento urban\u00edstico para las asociaciones cann\u00e1bicas, que delimita c\u00f3mo deben ser las entradas, las salidas de humos y dem\u00e1s cuestiones de disposici\u00f3n de obra para el encaje en la ciudad. Estos criterios dejar\u00e1n de funcionar, as\u00ed como la ley que los recoge, y [&hellip;]","protected":false},"author":3,"featured_media":7374,"comment_status":"closed","ping_status":"closed","sticky":false,"template":"","format":"standard","meta":{"loftocean-featured-post":"","loftocean_post_format_gallery":"","loftocean_post_format_gallery_ids":"","loftocean_post_format_gallery_urls":"","loftocean_post_format_video_id":"","loftocean_post_format_video_url":"","loftocean_post_format_video_type":"","loftocean_post_format_video":"","loftocean_post_format_audio_type":"","loftocean_post_format_audio_url":"","loftocean_post_format_audio_id":"","loftocean_post_format_audio":"","loftocean_post_format_quote_text":"","loftocean_post_format_quote_byline":"","loftocean_post_format_link_text":"","loftocean_post_format_link_url":"","ceramag_post_header_style":"","ceramag_enable_background_video":"","ceramag_show_in_top_slider":"","ceramag_post_background_video_start":"","ceramag_post_background_video_end":"","loftocean_page_background_video_id":"","loftocean_page_background_video_url":"","loftocean_page_background_video_type":"","loftocean_page_background_video":"","ceramag_background_video_start":"","ceramag_background_video_end":"","ceramag_single_page_hide_header":"","footnotes":""},"categories":[35],"tags":[540,528,41,398],"class_list":["post-7372","post","type-post","status-publish","format-standard","has-post-thumbnail","hentry","category-politica-y-sociedad","tag-arnau-alcaide","tag-asociacion-cannabica","tag-cannabis","tag-csc"],"yoast_head":"<!-- This site is optimized with the Yoast SEO plugin v24.9 - https:\/\/yoast.com\/wordpress\/plugins\/seo\/ -->\n<title>El Ayuntamiento de Barcelona retira la licencia a las asociaciones cann\u00e1bicas<\/title>\n<meta name=\"description\" content=\"Entrada &#8226; Portal multimedia sobre cannabis y otras sustancias &#8226; 26 julio, 2021\" \/>\n<meta name=\"robots\" content=\"index, follow, max-snippet:-1, max-image-preview:large, max-video-preview:-1\" \/>\n<link rel=\"canonical\" href=\"https:\/\/www.cannabis.es\/pw\/2021\/07\/26\/el-ayuntamiento-de-barcelona-retira-la-licencia-a-las-asociaciones-cannabicas\/\" \/>\n<meta name=\"twitter:card\" content=\"summary_large_image\" \/>\n<meta name=\"twitter:title\" content=\"El Ayuntamiento de Barcelona retira la licencia a las asociaciones cann\u00e1bicas\" \/>\n<meta name=\"twitter:description\" content=\"Entrada &#8226; Portal multimedia sobre cannabis y otras sustancias &#8226; 26 julio, 2021\" \/>\n<meta name=\"twitter:image\" content=\"https:\/\/www.cannabis.es\/pw\/wp-content\/uploads\/2021\/07\/LICENCIAS_ASOS_BCN.jpg\" \/>\n<meta name=\"twitter:creator\" content=\"@cannabis_es\" \/>\n<meta name=\"twitter:site\" content=\"@cannabis_es\" \/>\n<meta name=\"twitter:label1\" content=\"Escrito por\" \/>\n\t<meta name=\"twitter:data1\" content=\"Cannabis.es\" \/>\n\t<meta name=\"twitter:label2\" content=\"Tiempo de lectura\" \/>\n\t<meta name=\"twitter:data2\" content=\"7 minutos\" \/>\n<script type=\"application\/ld+json\" class=\"yoast-schema-graph\">{\"@context\":\"https:\/\/schema.org\",\"@graph\":[{\"@type\":\"Article\",\"@id\":\"https:\/\/www.cannabis.es\/pw\/2021\/07\/26\/el-ayuntamiento-de-barcelona-retira-la-licencia-a-las-asociaciones-cannabicas\/#article\",\"isPartOf\":{\"@id\":\"https:\/\/www.cannabis.es\/pw\/2021\/07\/26\/el-ayuntamiento-de-barcelona-retira-la-licencia-a-las-asociaciones-cannabicas\/\"},\"author\":{\"name\":\"Cannabis.es\",\"@id\":\"https:\/\/www.cannabis.es\/pw\/#\/schema\/person\/ec770c03f3e99d770687f537f4ba1e89\"},\"headline\":\"El Ayuntamiento de Barcelona retira la licencia a las asociaciones cann\u00e1bicas\",\"datePublished\":\"2021-07-26T11:05:13+00:00\",\"dateModified\":\"2021-07-26T11:08:16+00:00\",\"mainEntityOfPage\":{\"@id\":\"https:\/\/www.cannabis.es\/pw\/2021\/07\/26\/el-ayuntamiento-de-barcelona-retira-la-licencia-a-las-asociaciones-cannabicas\/\"},\"wordCount\":1491,\"publisher\":{\"@id\":\"https:\/\/www.cannabis.es\/pw\/#organization\"},\"image\":{\"@id\":\"https:\/\/www.cannabis.es\/pw\/2021\/07\/26\/el-ayuntamiento-de-barcelona-retira-la-licencia-a-las-asociaciones-cannabicas\/#primaryimage\"},\"thumbnailUrl\":\"https:\/\/www.cannabis.es\/pw\/wp-content\/uploads\/2021\/07\/LICENCIAS_ASOS_BCN.jpg\",\"keywords\":[\"Arnau Alcaide\",\"asociaci\u00f3n cann\u00e1bica\",\"cannabis\",\"CSC\"],\"articleSection\":[\"Pol\u00edtica y Sociedad\"],\"inLanguage\":\"es\"},{\"@type\":\"WebPage\",\"@id\":\"https:\/\/www.cannabis.es\/pw\/2021\/07\/26\/el-ayuntamiento-de-barcelona-retira-la-licencia-a-las-asociaciones-cannabicas\/\",\"url\":\"https:\/\/www.cannabis.es\/pw\/2021\/07\/26\/el-ayuntamiento-de-barcelona-retira-la-licencia-a-las-asociaciones-cannabicas\/\",\"name\":\"El Ayuntamiento de Barcelona retira la licencia a las asociaciones cann\u00e1bicas\",\"isPartOf\":{\"@id\":\"https:\/\/www.cannabis.es\/pw\/#website\"},\"primaryImageOfPage\":{\"@id\":\"https:\/\/www.cannabis.es\/pw\/2021\/07\/26\/el-ayuntamiento-de-barcelona-retira-la-licencia-a-las-asociaciones-cannabicas\/#primaryimage\"},\"image\":{\"@id\":\"https:\/\/www.cannabis.es\/pw\/2021\/07\/26\/el-ayuntamiento-de-barcelona-retira-la-licencia-a-las-asociaciones-cannabicas\/#primaryimage\"},\"thumbnailUrl\":\"https:\/\/www.cannabis.es\/pw\/wp-content\/uploads\/2021\/07\/LICENCIAS_ASOS_BCN.jpg\",\"datePublished\":\"2021-07-26T11:05:13+00:00\",\"dateModified\":\"2021-07-26T11:08:16+00:00\",\"description\":\"Entrada &#8226; Portal multimedia sobre cannabis y otras sustancias &#8226; 26 julio, 2021\",\"breadcrumb\":{\"@id\":\"https:\/\/www.cannabis.es\/pw\/2021\/07\/26\/el-ayuntamiento-de-barcelona-retira-la-licencia-a-las-asociaciones-cannabicas\/#breadcrumb\"},\"inLanguage\":\"es\",\"potentialAction\":[{\"@type\":\"ReadAction\",\"target\":[\"https:\/\/www.cannabis.es\/pw\/2021\/07\/26\/el-ayuntamiento-de-barcelona-retira-la-licencia-a-las-asociaciones-cannabicas\/\"]}]},{\"@type\":\"ImageObject\",\"inLanguage\":\"es\",\"@id\":\"https:\/\/www.cannabis.es\/pw\/2021\/07\/26\/el-ayuntamiento-de-barcelona-retira-la-licencia-a-las-asociaciones-cannabicas\/#primaryimage\",\"url\":\"https:\/\/www.cannabis.es\/pw\/wp-content\/uploads\/2021\/07\/LICENCIAS_ASOS_BCN.jpg\",\"contentUrl\":\"https:\/\/www.cannabis.es\/pw\/wp-content\/uploads\/2021\/07\/LICENCIAS_ASOS_BCN.jpg\",\"width\":1607,\"height\":1063},{\"@type\":\"BreadcrumbList\",\"@id\":\"https:\/\/www.cannabis.es\/pw\/2021\/07\/26\/el-ayuntamiento-de-barcelona-retira-la-licencia-a-las-asociaciones-cannabicas\/#breadcrumb\",\"itemListElement\":[{\"@type\":\"ListItem\",\"position\":1,\"name\":\"Portada\",\"item\":\"http:\/\/www.cannabis.es\/pw\/\"},{\"@type\":\"ListItem\",\"position\":2,\"name\":\"El Ayuntamiento de Barcelona retira la licencia a las asociaciones cann\u00e1bicas\"}]},{\"@type\":\"WebSite\",\"@id\":\"https:\/\/www.cannabis.es\/pw\/#website\",\"url\":\"https:\/\/www.cannabis.es\/pw\/\",\"name\":\"Cannabis\",\"description\":\"Portal multimedia sobre cannabis y otras sustancias\",\"publisher\":{\"@id\":\"https:\/\/www.cannabis.es\/pw\/#organization\"},\"potentialAction\":[{\"@type\":\"SearchAction\",\"target\":{\"@type\":\"EntryPoint\",\"urlTemplate\":\"https:\/\/www.cannabis.es\/pw\/?s={search_term_string}\"},\"query-input\":{\"@type\":\"PropertyValueSpecification\",\"valueRequired\":true,\"valueName\":\"search_term_string\"}}],\"inLanguage\":\"es\"},{\"@type\":\"Organization\",\"@id\":\"https:\/\/www.cannabis.es\/pw\/#organization\",\"name\":\"Cannabis.es\",\"url\":\"https:\/\/www.cannabis.es\/pw\/\",\"logo\":{\"@type\":\"ImageObject\",\"inLanguage\":\"es\",\"@id\":\"https:\/\/www.cannabis.es\/pw\/#\/schema\/logo\/image\/\",\"url\":\"https:\/\/www.cannabis.es\/pw\/wp-content\/uploads\/2019\/04\/cropped-logo_cannabis.png\",\"contentUrl\":\"https:\/\/www.cannabis.es\/pw\/wp-content\/uploads\/2019\/04\/cropped-logo_cannabis.png\",\"width\":361,\"height\":120,\"caption\":\"Cannabis.es\"},\"image\":{\"@id\":\"https:\/\/www.cannabis.es\/pw\/#\/schema\/logo\/image\/\"},\"sameAs\":[\"https:\/\/x.com\/cannabis_es\"]},{\"@type\":\"Person\",\"@id\":\"https:\/\/www.cannabis.es\/pw\/#\/schema\/person\/ec770c03f3e99d770687f537f4ba1e89\",\"name\":\"Cannabis.es\",\"image\":{\"@type\":\"ImageObject\",\"inLanguage\":\"es\",\"@id\":\"https:\/\/www.cannabis.es\/pw\/#\/schema\/person\/image\/\",\"url\":\"https:\/\/secure.gravatar.com\/avatar\/810c93a3d6fadc3d9c2665b1d919a4aedea8ed4dd63689d001e985a804e90d83?s=96&d=mm&r=g\",\"contentUrl\":\"https:\/\/secure.gravatar.com\/avatar\/810c93a3d6fadc3d9c2665b1d919a4aedea8ed4dd63689d001e985a804e90d83?s=96&d=mm&r=g\",\"caption\":\"Cannabis.es\"},\"url\":\"https:\/\/www.cannabis.es\/pw\/author\/arnau\/\"}]}<\/script>\n<!-- \/ Yoast SEO plugin. -->","yoast_head_json":{"title":"El Ayuntamiento de Barcelona retira la licencia a las asociaciones cann\u00e1bicas","description":"Entrada &#8226; Portal multimedia sobre cannabis y otras sustancias &#8226; 26 julio, 2021","robots":{"index":"index","follow":"follow","max-snippet":"max-snippet:-1","max-image-preview":"max-image-preview:large","max-video-preview":"max-video-preview:-1"},"canonical":"https:\/\/www.cannabis.es\/pw\/2021\/07\/26\/el-ayuntamiento-de-barcelona-retira-la-licencia-a-las-asociaciones-cannabicas\/","twitter_card":"summary_large_image","twitter_title":"El Ayuntamiento de Barcelona retira la licencia a las asociaciones cann\u00e1bicas","twitter_description":"Entrada &#8226; Portal multimedia sobre cannabis y otras sustancias &#8226; 26 julio, 2021","twitter_image":"https:\/\/www.cannabis.es\/pw\/wp-content\/uploads\/2021\/07\/LICENCIAS_ASOS_BCN.jpg","twitter_creator":"@cannabis_es","twitter_site":"@cannabis_es","twitter_misc":{"Escrito por":"Cannabis.es","Tiempo de lectura":"7 minutos"},"schema":{"@context":"https:\/\/schema.org","@graph":[{"@type":"Article","@id":"https:\/\/www.cannabis.es\/pw\/2021\/07\/26\/el-ayuntamiento-de-barcelona-retira-la-licencia-a-las-asociaciones-cannabicas\/#article","isPartOf":{"@id":"https:\/\/www.cannabis.es\/pw\/2021\/07\/26\/el-ayuntamiento-de-barcelona-retira-la-licencia-a-las-asociaciones-cannabicas\/"},"author":{"name":"Cannabis.es","@id":"https:\/\/www.cannabis.es\/pw\/#\/schema\/person\/ec770c03f3e99d770687f537f4ba1e89"},"headline":"El Ayuntamiento de Barcelona retira la licencia a las asociaciones cann\u00e1bicas","datePublished":"2021-07-26T11:05:13+00:00","dateModified":"2021-07-26T11:08:16+00:00","mainEntityOfPage":{"@id":"https:\/\/www.cannabis.es\/pw\/2021\/07\/26\/el-ayuntamiento-de-barcelona-retira-la-licencia-a-las-asociaciones-cannabicas\/"},"wordCount":1491,"publisher":{"@id":"https:\/\/www.cannabis.es\/pw\/#organization"},"image":{"@id":"https:\/\/www.cannabis.es\/pw\/2021\/07\/26\/el-ayuntamiento-de-barcelona-retira-la-licencia-a-las-asociaciones-cannabicas\/#primaryimage"},"thumbnailUrl":"https:\/\/www.cannabis.es\/pw\/wp-content\/uploads\/2021\/07\/LICENCIAS_ASOS_BCN.jpg","keywords":["Arnau Alcaide","asociaci\u00f3n cann\u00e1bica","cannabis","CSC"],"articleSection":["Pol\u00edtica y Sociedad"],"inLanguage":"es"},{"@type":"WebPage","@id":"https:\/\/www.cannabis.es\/pw\/2021\/07\/26\/el-ayuntamiento-de-barcelona-retira-la-licencia-a-las-asociaciones-cannabicas\/","url":"https:\/\/www.cannabis.es\/pw\/2021\/07\/26\/el-ayuntamiento-de-barcelona-retira-la-licencia-a-las-asociaciones-cannabicas\/","name":"El Ayuntamiento de Barcelona retira la licencia a las asociaciones cann\u00e1bicas","isPartOf":{"@id":"https:\/\/www.cannabis.es\/pw\/#website"},"primaryImageOfPage":{"@id":"https:\/\/www.cannabis.es\/pw\/2021\/07\/26\/el-ayuntamiento-de-barcelona-retira-la-licencia-a-las-asociaciones-cannabicas\/#primaryimage"},"image":{"@id":"https:\/\/www.cannabis.es\/pw\/2021\/07\/26\/el-ayuntamiento-de-barcelona-retira-la-licencia-a-las-asociaciones-cannabicas\/#primaryimage"},"thumbnailUrl":"https:\/\/www.cannabis.es\/pw\/wp-content\/uploads\/2021\/07\/LICENCIAS_ASOS_BCN.jpg","datePublished":"2021-07-26T11:05:13+00:00","dateModified":"2021-07-26T11:08:16+00:00","description":"Entrada &#8226; Portal multimedia sobre cannabis y otras sustancias &#8226; 26 julio, 2021","breadcrumb":{"@id":"https:\/\/www.cannabis.es\/pw\/2021\/07\/26\/el-ayuntamiento-de-barcelona-retira-la-licencia-a-las-asociaciones-cannabicas\/#breadcrumb"},"inLanguage":"es","potentialAction":[{"@type":"ReadAction","target":["https:\/\/www.cannabis.es\/pw\/2021\/07\/26\/el-ayuntamiento-de-barcelona-retira-la-licencia-a-las-asociaciones-cannabicas\/"]}]},{"@type":"ImageObject","inLanguage":"es","@id":"https:\/\/www.cannabis.es\/pw\/2021\/07\/26\/el-ayuntamiento-de-barcelona-retira-la-licencia-a-las-asociaciones-cannabicas\/#primaryimage","url":"https:\/\/www.cannabis.es\/pw\/wp-content\/uploads\/2021\/07\/LICENCIAS_ASOS_BCN.jpg","contentUrl":"https:\/\/www.cannabis.es\/pw\/wp-content\/uploads\/2021\/07\/LICENCIAS_ASOS_BCN.jpg","width":1607,"height":1063},{"@type":"BreadcrumbList","@id":"https:\/\/www.cannabis.es\/pw\/2021\/07\/26\/el-ayuntamiento-de-barcelona-retira-la-licencia-a-las-asociaciones-cannabicas\/#breadcrumb","itemListElement":[{"@type":"ListItem","position":1,"name":"Portada","item":"http:\/\/www.cannabis.es\/pw\/"},{"@type":"ListItem","position":2,"name":"El Ayuntamiento de Barcelona retira la licencia a las asociaciones cann\u00e1bicas"}]},{"@type":"WebSite","@id":"https:\/\/www.cannabis.es\/pw\/#website","url":"https:\/\/www.cannabis.es\/pw\/","name":"Cannabis","description":"Portal multimedia sobre cannabis y otras sustancias","publisher":{"@id":"https:\/\/www.cannabis.es\/pw\/#organization"},"potentialAction":[{"@type":"SearchAction","target":{"@type":"EntryPoint","urlTemplate":"https:\/\/www.cannabis.es\/pw\/?s={search_term_string}"},"query-input":{"@type":"PropertyValueSpecification","valueRequired":true,"valueName":"search_term_string"}}],"inLanguage":"es"},{"@type":"Organization","@id":"https:\/\/www.cannabis.es\/pw\/#organization","name":"Cannabis.es","url":"https:\/\/www.cannabis.es\/pw\/","logo":{"@type":"ImageObject","inLanguage":"es","@id":"https:\/\/www.cannabis.es\/pw\/#\/schema\/logo\/image\/","url":"https:\/\/www.cannabis.es\/pw\/wp-content\/uploads\/2019\/04\/cropped-logo_cannabis.png","contentUrl":"https:\/\/www.cannabis.es\/pw\/wp-content\/uploads\/2019\/04\/cropped-logo_cannabis.png","width":361,"height":120,"caption":"Cannabis.es"},"image":{"@id":"https:\/\/www.cannabis.es\/pw\/#\/schema\/logo\/image\/"},"sameAs":["https:\/\/x.com\/cannabis_es"]},{"@type":"Person","@id":"https:\/\/www.cannabis.es\/pw\/#\/schema\/person\/ec770c03f3e99d770687f537f4ba1e89","name":"Cannabis.es","image":{"@type":"ImageObject","inLanguage":"es","@id":"https:\/\/www.cannabis.es\/pw\/#\/schema\/person\/image\/","url":"https:\/\/secure.gravatar.com\/avatar\/810c93a3d6fadc3d9c2665b1d919a4aedea8ed4dd63689d001e985a804e90d83?s=96&d=mm&r=g","contentUrl":"https:\/\/secure.gravatar.com\/avatar\/810c93a3d6fadc3d9c2665b1d919a4aedea8ed4dd63689d001e985a804e90d83?s=96&d=mm&r=g","caption":"Cannabis.es"},"url":"https:\/\/www.cannabis.es\/pw\/author\/arnau\/"}]}},"_links":{"self":[{"href":"https:\/\/www.cannabis.es\/pw\/wp-json\/wp\/v2\/posts\/7372","targetHints":{"allow":["GET"]}}],"collection":[{"href":"https:\/\/www.cannabis.es\/pw\/wp-json\/wp\/v2\/posts"}],"about":[{"href":"https:\/\/www.cannabis.es\/pw\/wp-json\/wp\/v2\/types\/post"}],"author":[{"embeddable":true,"href":"https:\/\/www.cannabis.es\/pw\/wp-json\/wp\/v2\/users\/3"}],"replies":[{"embeddable":true,"href":"https:\/\/www.cannabis.es\/pw\/wp-json\/wp\/v2\/comments?post=7372"}],"version-history":[{"count":3,"href":"https:\/\/www.cannabis.es\/pw\/wp-json\/wp\/v2\/posts\/7372\/revisions"}],"predecessor-version":[{"id":7377,"href":"https:\/\/www.cannabis.es\/pw\/wp-json\/wp\/v2\/posts\/7372\/revisions\/7377"}],"wp:featuredmedia":[{"embeddable":true,"href":"https:\/\/www.cannabis.es\/pw\/wp-json\/wp\/v2\/media\/7374"}],"wp:attachment":[{"href":"https:\/\/www.cannabis.es\/pw\/wp-json\/wp\/v2\/media?parent=7372"}],"wp:term":[{"taxonomy":"category","embeddable":true,"href":"https:\/\/www.cannabis.es\/pw\/wp-json\/wp\/v2\/categories?post=7372"},{"taxonomy":"post_tag","embeddable":true,"href":"https:\/\/www.cannabis.es\/pw\/wp-json\/wp\/v2\/tags?post=7372"}],"curies":[{"name":"wp","href":"https:\/\/api.w.org\/{rel}","templated":true}]}}