{"id":7392,"date":"2021-07-30T13:23:17","date_gmt":"2021-07-30T11:23:17","guid":{"rendered":"https:\/\/www.cannabis.es\/pw\/?p=7392"},"modified":"2021-08-30T12:12:50","modified_gmt":"2021-08-30T10:12:50","slug":"catfac-no-fue-notificada-por-el-ayuntamiento-de-barcelona","status":"publish","type":"post","link":"https:\/\/www.cannabis.es\/pw\/2021\/07\/30\/catfac-no-fue-notificada-por-el-ayuntamiento-de-barcelona\/","title":{"rendered":"Catfac no fue notificada por el Ayuntamiento de Barcelona"},"content":{"rendered":"\n<p>Arnau Alcaide<\/p>\n\n\n\n<p>El Ayuntamiento de Barcelona no comunic\u00f3 a la Federaci\u00f3n Catalana de Asociaciones Cann\u00e1bicas (CatFAC) lo que notific\u00f3 en su p\u00e1gina web dos meses despu\u00e9s. O, al menos, no todo. La administraci\u00f3n advirti\u00f3 de la situaci\u00f3n a la que se ve\u00eda abocada tras la sentencia <a href=\"https:\/\/www.cannabis.es\/pw\/2021\/05\/24\/catfac-y-el-ayuntamiento-de-barcelona-buscan-soluciones-para-las-asociaciones-cannabicas\/\">en una reuni\u00f3n con representantes de la federaci\u00f3n<\/a>, pero no de<a href=\"http:\/\/El Ayuntamiento de Barcelona no comunic\u00f3 a la Federaci\u00f3n Catalana de Asociaciones Cann\u00e1bicas (CatFAC)\"> <\/a><a href=\"https:\/\/www.cannabis.es\/pw\/2021\/07\/26\/el-ayuntamiento-de-barcelona-retira-la-licencia-a-las-asociaciones-cannabicas\/\">la hoja de ruta<\/a> con la retirada de licencias urban\u00edsticas, la conversi\u00f3n de las asociaciones en otro tipo, inspecciones y la creaci\u00f3n de un grupo de incidencia para la regulaci\u00f3n estatal acompa\u00f1ado de una declaraci\u00f3n de intenciones en contra de dichas acciones.<\/p>\n\n\n\n<p>La federaci\u00f3n catalana ha contado en el pasado con un encaje legal completo para su asociaciones, aprobado por mayor\u00edas pol\u00edticas, y que recientemente ha visto desaparecida por la v\u00eda judicial la \u00faltima norma que amparaba la formaci\u00f3n y existencia de las asociaciones cann\u00e1bicas de acuerdo a supuestos regulados. Entrevistamos a Patricia Amiguet, su presidenta, para averiguar que hubo muy poca comunicaci\u00f3n con la sociedad civil por parte del ayuntamiento, que consisti\u00f3 en una \u00fanica reuni\u00f3n del jueves 20 de mayo, de la que ya informamos, en la que estuvieron tanto ella como nuestro entrevistado entonces, Eric Asensio:<br><br>\u00ab<em>Nos encontramos con una reuni\u00f3n donde nos dicen que ha llegado esta sentencia que anula la norma por considerarla competencia del Estado, pero desde la reuni\u00f3n hasta que ha ocurrido algo nos hemos encontrado en absoluta incertidumbre respecto de lo que ocurrir\u00e1. Falta saber si existen documentos de comunicaci\u00f3n directa entre el Tribunal y el ayuntamiento. Hemos tenido muchas dificultades de comunicaci\u00f3n, supongo que encima se junta que es verano. Estamos muy curiosos; ya veremos c\u00f3mo ser\u00e1 el grupo de trabajo\u00bb,<\/em> relata Amiguet.<\/p>\n\n\n\n<blockquote class=\"wp-block-quote is-layout-flow wp-block-quote-is-layout-flow\"><p> \u00ab<em><strong>Falta saber si existen documentos de comunicaci\u00f3n directa entre el Tribunal y el ayuntamiento\u00bb.<\/strong><\/em> <\/p><cite>Patricia Amiguet, presidenta de Catfac<\/cite><\/blockquote>\n\n\n\n<h2 class=\"wp-block-heading\">Un jarro de agua fr\u00eda<\/h2>\n\n\n\n<p>\u00ab<em>Sentimos que ha sido un jarro agua fr\u00eda, pasos atr\u00e1s despu\u00e9s de una gran trayectoria de trabajo informada, con debates y discusiones sobre c\u00f3mo regular en Barcelona. Venimos de la anulaci\u00f3n por parte del Tribunal Constitucional de la ley de la rosa verde. En Catalunya, donde deber\u00edamos estar orgullosos de abanderar esta lucha basada en pol\u00edticas de salud, es triste vernos sumergidos en esto jarro de agua fr\u00eda. Precisamente ha causado el revuelo internacional porque Catalunya est\u00e1 en el punto de mira de la pol\u00edtica de drogas y especialistas de varios pa\u00edses llaman para preguntar qu\u00e9 est\u00e1 pasando<\/em>\u00ab, lamenta la presidenta, tambi\u00e9n coordinadora del proyecto subcontratado por el Departamento de Salud de la Generalitat para la <a href=\"https:\/\/www.cannabis.es\/pw\/2020\/09\/07\/un-kilo-al-ano-no-hace-dano-o-si\/\">difusi\u00f3n en asociaciones cann\u00e1bicas de informaci\u00f3n en reducci\u00f3n de riesgos y da\u00f1os.<\/a><\/p>\n\n\n\n<h2 class=\"wp-block-heading\">El grupo de trabajo del ayuntamiento<\/h2>\n\n\n\n<p>\u00ab<em>Nos enteramos unos d\u00edas antes porque retrasaron la modificaci\u00f3n. No sab\u00edamos que se iba a crear el grupo de trabajo. Ahora estamos a la espera de recibir las cartas y notificaciones del ayuntamiento, y contenidos en la expectativa\u00bb.<\/em> Nos relata. \u00ab<em>El grupo de trabajo del ayuntamiento no tengo claro qu\u00e9 podr\u00e1 hacer, porque el trabajo se ha hecho; solo queda la incidencia pol\u00edtica<\/em>\u00ab, argumenta Amiguet, que espera que se doten de las herramientas para que as\u00ed sea y sostiene que en ese camino tambi\u00e9n encontrar\u00e1n a las asociaciones.<\/p>\n\n\n\n<h2 class=\"wp-block-heading\">Contra la interpretaci\u00f3n de cierres<\/h2>\n\n\n\n<p><em>\u00abLa duda que ten\u00edamos era si se quedaban las licencias ya en funcionamiento. Nos reunimos y nos dijeron que hab\u00edan recibido la sentencia<\/em> <em>del TS, que no era recurrible y que obligaba legalmente a retirarlas\u00bb, <\/em>cuenta de la reuni\u00f3n del 20 de mayo, en la que todav\u00eda no qued\u00f3 claro si se iban a retirar las licencias en activo<em>. \u00ab<strong>No quiero decir nada del ayuntamiento, quiero creer por no llorar que han llevado los tiempos bien en este proceso. Han tenido la deferencia de contactarnos a las dos federaciones y lo que nos sab\u00edamos era la f\u00f3rmula de c\u00f3mo lo iban a presentar\u00bb<\/strong><\/em>, expone la Presidenta.<\/p>\n\n\n\n<p>Amiguet es contraria a la interpretaci\u00f3n que se est\u00e1 dando en otros medios sobre que esto va a implicar el cierre definitivo, aunque no quita gravedad al asunto. <em>\u00abLa anulaci\u00f3n de licencias es un retraso porque esto va a implicar que se vuelva de nuevo a la ausencia de control sobre lo que ocurre y deja de ocurrir. Ten\u00edamos unas gu\u00edas y limitaciones en las que basarnos y ahora es todo un poco arbitrario. Estamos a la espera de las notificaciones a ver qu\u00e9 opciones nos dan. <strong>No creo que el tema de los cierres sea masivo, pienso que la inspecci\u00f3n ser\u00e1 una visita administrativa de revisi\u00f3n y si en principio todo funciona como debe funcionar no habr\u00e1 revuelo<\/strong>. <strong>No creo que sea la intenci\u00f3n cerrar las asociaciones ni mucho menos\u00bb,<\/strong><\/em> comenta.<\/p>\n\n\n\n<p><strong><em>\u00abNos vemos expuestos legalmente, ya veremos qu\u00e9 motiva la inspecci\u00f3n. Los titulares sensacionalistas tampoco ayudan nada en esto. No s\u00e9 si se acaba aqu\u00ed el recorrido o quedan opciones para seguir luchando. Es importante lo que te digo, que si hay un grupo de trabajo no quede en nada, porque solo queda la incidencia pol\u00edtica, el resto del trabajo estaba hecho. \u00bfQu\u00e9 vas a ir cerrando 200 asociaciones poco a poco?<\/em>\u00ab<\/strong>, ridiculiza del futurible no deseado.<\/p>\n\n\n\n<figure class=\"wp-block-image size-large\"><img loading=\"lazy\" decoding=\"async\" width=\"1024\" height=\"677\" src=\"https:\/\/www.cannabis.es\/pw\/wp-content\/uploads\/2021\/07\/PATRICIA-AMIGUET_CON_LOGO-1024x677.jpg\" alt=\"\" class=\"wp-image-7396\" srcset=\"https:\/\/www.cannabis.es\/pw\/wp-content\/uploads\/2021\/07\/PATRICIA-AMIGUET_CON_LOGO-1024x677.jpg 1024w, https:\/\/www.cannabis.es\/pw\/wp-content\/uploads\/2021\/07\/PATRICIA-AMIGUET_CON_LOGO-300x198.jpg 300w, https:\/\/www.cannabis.es\/pw\/wp-content\/uploads\/2021\/07\/PATRICIA-AMIGUET_CON_LOGO-768x508.jpg 768w, https:\/\/www.cannabis.es\/pw\/wp-content\/uploads\/2021\/07\/PATRICIA-AMIGUET_CON_LOGO-1536x1016.jpg 1536w, https:\/\/www.cannabis.es\/pw\/wp-content\/uploads\/2021\/07\/PATRICIA-AMIGUET_CON_LOGO-1200x794.jpg 1200w, https:\/\/www.cannabis.es\/pw\/wp-content\/uploads\/2021\/07\/PATRICIA-AMIGUET_CON_LOGO-600x397.jpg 600w, https:\/\/www.cannabis.es\/pw\/wp-content\/uploads\/2021\/07\/PATRICIA-AMIGUET_CON_LOGO.jpg 1607w\" sizes=\"auto, (max-width: 1024px) 100vw, 1024px\" \/><figcaption>Patricia Amiguet, presidenta de CatFAC y una de las portavoces principales de ConFAC.<\/figcaption><\/figure>\n\n\n\n<h2 class=\"wp-block-heading\" id=\"c49\">En 2016 se cambi\u00f3 la ley para no indemnizar 14,4 millones por cierres<\/h2>\n\n\n\n<p>En 2016, a la aprobaci\u00f3n de la ley urban\u00edstica de ordenamiento de las asociaciones cann\u00e1bicas, esta se modific\u00f3 para no obligar al cierre de m\u00e1s de un centenar de asociaciones cann\u00e1bicas que estaban antes de la ley y de acuerdo a esta no cumpl\u00edan la distancia m\u00ednima a centros escolares. As\u00ed, si la ley hubiera obligado a su cierre, este habr\u00eda representado en indemnizaciones 14,4 millones de euros para \u00abrescatar\u00bb las licencias despu\u00e9s del cierre y poder reabrir de acuerdo a la ley urban\u00edstica. As\u00ed lo afirm\u00f3 ese a\u00f1o <a href=\"https:\/\/www.elperiodico.cat\/ca\/barcelona\/20160517\/colau-planteja-amnistiar-els-clubs-cannabics-5137521\">la teniente de alcalde Janet Sanz<\/a>, que contaba con el recargo que supondr\u00eda para la ciudad aplicar la ley con efecto retroactivo.<\/p>\n","protected":false},"excerpt":{"rendered":"<span class=\"span-reading-time rt-reading-time\" style=\"display: block;\"><span class=\"rt-label rt-prefix\">Tiempo de lectura:<\/span> <span class=\"rt-time\"> 4<\/span> <span class=\"rt-label rt-postfix\">minutos<\/span><\/span>Arnau Alcaide El Ayuntamiento de Barcelona no comunic\u00f3 a la Federaci\u00f3n Catalana de Asociaciones Cann\u00e1bicas (CatFAC) lo que notific\u00f3 en su p\u00e1gina web dos meses despu\u00e9s. O, al menos, no todo. La administraci\u00f3n advirti\u00f3 de la situaci\u00f3n a la que se ve\u00eda abocada tras la sentencia en una reuni\u00f3n con representantes de la federaci\u00f3n, pero [&hellip;]","protected":false},"author":3,"featured_media":7396,"comment_status":"closed","ping_status":"closed","sticky":false,"template":"","format":"standard","meta":{"loftocean-featured-post":"","loftocean_post_format_gallery":"","loftocean_post_format_gallery_ids":"","loftocean_post_format_gallery_urls":"","loftocean_post_format_video_id":"","loftocean_post_format_video_url":"","loftocean_post_format_video_type":"","loftocean_post_format_video":"","loftocean_post_format_audio_type":"","loftocean_post_format_audio_url":"","loftocean_post_format_audio_id":"","loftocean_post_format_audio":"","loftocean_post_format_quote_text":"","loftocean_post_format_quote_byline":"","loftocean_post_format_link_text":"","loftocean_post_format_link_url":"","ceramag_post_header_style":"","ceramag_enable_background_video":"","ceramag_show_in_top_slider":"","ceramag_post_background_video_start":"","ceramag_post_background_video_end":"","loftocean_page_background_video_id":"","loftocean_page_background_video_url":"","loftocean_page_background_video_type":"","loftocean_page_background_video":"","ceramag_background_video_start":"","ceramag_background_video_end":"","ceramag_single_page_hide_header":"","footnotes":""},"categories":[33],"tags":[540,528,41,398],"class_list":["post-7392","post","type-post","status-publish","format-standard","has-post-thumbnail","hentry","category-entrevistas","tag-arnau-alcaide","tag-asociacion-cannabica","tag-cannabis","tag-csc"],"yoast_head":"<!-- This site is optimized with the Yoast SEO plugin v24.9 - https:\/\/yoast.com\/wordpress\/plugins\/seo\/ -->\n<title>Catfac no fue notificada por el Ayuntamiento de Barcelona<\/title>\n<meta name=\"description\" content=\"Entrada &#8226; Portal multimedia sobre cannabis y otras sustancias &#8226; 30 julio, 2021\" \/>\n<meta name=\"robots\" content=\"index, follow, max-snippet:-1, max-image-preview:large, max-video-preview:-1\" \/>\n<link rel=\"canonical\" href=\"https:\/\/www.cannabis.es\/pw\/2021\/07\/30\/catfac-no-fue-notificada-por-el-ayuntamiento-de-barcelona\/\" \/>\n<meta name=\"twitter:card\" content=\"summary_large_image\" \/>\n<meta name=\"twitter:title\" content=\"Catfac no fue notificada por el Ayuntamiento de Barcelona\" \/>\n<meta name=\"twitter:description\" content=\"Entrada &#8226; Portal multimedia sobre cannabis y otras sustancias &#8226; 30 julio, 2021\" \/>\n<meta name=\"twitter:image\" content=\"https:\/\/www.cannabis.es\/pw\/wp-content\/uploads\/2021\/07\/PATRICIA-AMIGUET_CON_LOGO.jpg\" \/>\n<meta name=\"twitter:creator\" content=\"@cannabis_es\" \/>\n<meta name=\"twitter:site\" content=\"@cannabis_es\" \/>\n<meta name=\"twitter:label1\" content=\"Escrito por\" \/>\n\t<meta name=\"twitter:data1\" content=\"Cannabis.es\" \/>\n\t<meta name=\"twitter:label2\" content=\"Tiempo de lectura\" \/>\n\t<meta name=\"twitter:data2\" content=\"5 minutos\" \/>\n<script type=\"application\/ld+json\" class=\"yoast-schema-graph\">{\"@context\":\"https:\/\/schema.org\",\"@graph\":[{\"@type\":\"Article\",\"@id\":\"https:\/\/www.cannabis.es\/pw\/2021\/07\/30\/catfac-no-fue-notificada-por-el-ayuntamiento-de-barcelona\/#article\",\"isPartOf\":{\"@id\":\"https:\/\/www.cannabis.es\/pw\/2021\/07\/30\/catfac-no-fue-notificada-por-el-ayuntamiento-de-barcelona\/\"},\"author\":{\"name\":\"Cannabis.es\",\"@id\":\"https:\/\/www.cannabis.es\/pw\/#\/schema\/person\/ec770c03f3e99d770687f537f4ba1e89\"},\"headline\":\"Catfac no fue notificada por el Ayuntamiento de Barcelona\",\"datePublished\":\"2021-07-30T11:23:17+00:00\",\"dateModified\":\"2021-08-30T10:12:50+00:00\",\"mainEntityOfPage\":{\"@id\":\"https:\/\/www.cannabis.es\/pw\/2021\/07\/30\/catfac-no-fue-notificada-por-el-ayuntamiento-de-barcelona\/\"},\"wordCount\":1064,\"publisher\":{\"@id\":\"https:\/\/www.cannabis.es\/pw\/#organization\"},\"image\":{\"@id\":\"https:\/\/www.cannabis.es\/pw\/2021\/07\/30\/catfac-no-fue-notificada-por-el-ayuntamiento-de-barcelona\/#primaryimage\"},\"thumbnailUrl\":\"https:\/\/www.cannabis.es\/pw\/wp-content\/uploads\/2021\/07\/PATRICIA-AMIGUET_CON_LOGO.jpg\",\"keywords\":[\"Arnau Alcaide\",\"asociaci\u00f3n cann\u00e1bica\",\"cannabis\",\"CSC\"],\"articleSection\":[\"Entrevistas\"],\"inLanguage\":\"es\"},{\"@type\":\"WebPage\",\"@id\":\"https:\/\/www.cannabis.es\/pw\/2021\/07\/30\/catfac-no-fue-notificada-por-el-ayuntamiento-de-barcelona\/\",\"url\":\"https:\/\/www.cannabis.es\/pw\/2021\/07\/30\/catfac-no-fue-notificada-por-el-ayuntamiento-de-barcelona\/\",\"name\":\"Catfac no fue notificada por el Ayuntamiento de Barcelona\",\"isPartOf\":{\"@id\":\"https:\/\/www.cannabis.es\/pw\/#website\"},\"primaryImageOfPage\":{\"@id\":\"https:\/\/www.cannabis.es\/pw\/2021\/07\/30\/catfac-no-fue-notificada-por-el-ayuntamiento-de-barcelona\/#primaryimage\"},\"image\":{\"@id\":\"https:\/\/www.cannabis.es\/pw\/2021\/07\/30\/catfac-no-fue-notificada-por-el-ayuntamiento-de-barcelona\/#primaryimage\"},\"thumbnailUrl\":\"https:\/\/www.cannabis.es\/pw\/wp-content\/uploads\/2021\/07\/PATRICIA-AMIGUET_CON_LOGO.jpg\",\"datePublished\":\"2021-07-30T11:23:17+00:00\",\"dateModified\":\"2021-08-30T10:12:50+00:00\",\"description\":\"Entrada &#8226; Portal multimedia sobre cannabis y otras sustancias &#8226; 30 julio, 2021\",\"breadcrumb\":{\"@id\":\"https:\/\/www.cannabis.es\/pw\/2021\/07\/30\/catfac-no-fue-notificada-por-el-ayuntamiento-de-barcelona\/#breadcrumb\"},\"inLanguage\":\"es\",\"potentialAction\":[{\"@type\":\"ReadAction\",\"target\":[\"https:\/\/www.cannabis.es\/pw\/2021\/07\/30\/catfac-no-fue-notificada-por-el-ayuntamiento-de-barcelona\/\"]}]},{\"@type\":\"ImageObject\",\"inLanguage\":\"es\",\"@id\":\"https:\/\/www.cannabis.es\/pw\/2021\/07\/30\/catfac-no-fue-notificada-por-el-ayuntamiento-de-barcelona\/#primaryimage\",\"url\":\"https:\/\/www.cannabis.es\/pw\/wp-content\/uploads\/2021\/07\/PATRICIA-AMIGUET_CON_LOGO.jpg\",\"contentUrl\":\"https:\/\/www.cannabis.es\/pw\/wp-content\/uploads\/2021\/07\/PATRICIA-AMIGUET_CON_LOGO.jpg\",\"width\":1607,\"height\":1063},{\"@type\":\"BreadcrumbList\",\"@id\":\"https:\/\/www.cannabis.es\/pw\/2021\/07\/30\/catfac-no-fue-notificada-por-el-ayuntamiento-de-barcelona\/#breadcrumb\",\"itemListElement\":[{\"@type\":\"ListItem\",\"position\":1,\"name\":\"Portada\",\"item\":\"http:\/\/www.cannabis.es\/pw\/\"},{\"@type\":\"ListItem\",\"position\":2,\"name\":\"Catfac no fue notificada por el Ayuntamiento de Barcelona\"}]},{\"@type\":\"WebSite\",\"@id\":\"https:\/\/www.cannabis.es\/pw\/#website\",\"url\":\"https:\/\/www.cannabis.es\/pw\/\",\"name\":\"Cannabis\",\"description\":\"Portal multimedia sobre cannabis y otras sustancias\",\"publisher\":{\"@id\":\"https:\/\/www.cannabis.es\/pw\/#organization\"},\"potentialAction\":[{\"@type\":\"SearchAction\",\"target\":{\"@type\":\"EntryPoint\",\"urlTemplate\":\"https:\/\/www.cannabis.es\/pw\/?s={search_term_string}\"},\"query-input\":{\"@type\":\"PropertyValueSpecification\",\"valueRequired\":true,\"valueName\":\"search_term_string\"}}],\"inLanguage\":\"es\"},{\"@type\":\"Organization\",\"@id\":\"https:\/\/www.cannabis.es\/pw\/#organization\",\"name\":\"Cannabis.es\",\"url\":\"https:\/\/www.cannabis.es\/pw\/\",\"logo\":{\"@type\":\"ImageObject\",\"inLanguage\":\"es\",\"@id\":\"https:\/\/www.cannabis.es\/pw\/#\/schema\/logo\/image\/\",\"url\":\"https:\/\/www.cannabis.es\/pw\/wp-content\/uploads\/2019\/04\/cropped-logo_cannabis.png\",\"contentUrl\":\"https:\/\/www.cannabis.es\/pw\/wp-content\/uploads\/2019\/04\/cropped-logo_cannabis.png\",\"width\":361,\"height\":120,\"caption\":\"Cannabis.es\"},\"image\":{\"@id\":\"https:\/\/www.cannabis.es\/pw\/#\/schema\/logo\/image\/\"},\"sameAs\":[\"https:\/\/x.com\/cannabis_es\"]},{\"@type\":\"Person\",\"@id\":\"https:\/\/www.cannabis.es\/pw\/#\/schema\/person\/ec770c03f3e99d770687f537f4ba1e89\",\"name\":\"Cannabis.es\",\"image\":{\"@type\":\"ImageObject\",\"inLanguage\":\"es\",\"@id\":\"https:\/\/www.cannabis.es\/pw\/#\/schema\/person\/image\/\",\"url\":\"https:\/\/secure.gravatar.com\/avatar\/810c93a3d6fadc3d9c2665b1d919a4aedea8ed4dd63689d001e985a804e90d83?s=96&d=mm&r=g\",\"contentUrl\":\"https:\/\/secure.gravatar.com\/avatar\/810c93a3d6fadc3d9c2665b1d919a4aedea8ed4dd63689d001e985a804e90d83?s=96&d=mm&r=g\",\"caption\":\"Cannabis.es\"},\"url\":\"https:\/\/www.cannabis.es\/pw\/author\/arnau\/\"}]}<\/script>\n<!-- \/ Yoast SEO plugin. -->","yoast_head_json":{"title":"Catfac no fue notificada por el Ayuntamiento de Barcelona","description":"Entrada &#8226; Portal multimedia sobre cannabis y otras sustancias &#8226; 30 julio, 2021","robots":{"index":"index","follow":"follow","max-snippet":"max-snippet:-1","max-image-preview":"max-image-preview:large","max-video-preview":"max-video-preview:-1"},"canonical":"https:\/\/www.cannabis.es\/pw\/2021\/07\/30\/catfac-no-fue-notificada-por-el-ayuntamiento-de-barcelona\/","twitter_card":"summary_large_image","twitter_title":"Catfac no fue notificada por el Ayuntamiento de Barcelona","twitter_description":"Entrada &#8226; Portal multimedia sobre cannabis y otras sustancias &#8226; 30 julio, 2021","twitter_image":"https:\/\/www.cannabis.es\/pw\/wp-content\/uploads\/2021\/07\/PATRICIA-AMIGUET_CON_LOGO.jpg","twitter_creator":"@cannabis_es","twitter_site":"@cannabis_es","twitter_misc":{"Escrito por":"Cannabis.es","Tiempo de lectura":"5 minutos"},"schema":{"@context":"https:\/\/schema.org","@graph":[{"@type":"Article","@id":"https:\/\/www.cannabis.es\/pw\/2021\/07\/30\/catfac-no-fue-notificada-por-el-ayuntamiento-de-barcelona\/#article","isPartOf":{"@id":"https:\/\/www.cannabis.es\/pw\/2021\/07\/30\/catfac-no-fue-notificada-por-el-ayuntamiento-de-barcelona\/"},"author":{"name":"Cannabis.es","@id":"https:\/\/www.cannabis.es\/pw\/#\/schema\/person\/ec770c03f3e99d770687f537f4ba1e89"},"headline":"Catfac no fue notificada por el Ayuntamiento de Barcelona","datePublished":"2021-07-30T11:23:17+00:00","dateModified":"2021-08-30T10:12:50+00:00","mainEntityOfPage":{"@id":"https:\/\/www.cannabis.es\/pw\/2021\/07\/30\/catfac-no-fue-notificada-por-el-ayuntamiento-de-barcelona\/"},"wordCount":1064,"publisher":{"@id":"https:\/\/www.cannabis.es\/pw\/#organization"},"image":{"@id":"https:\/\/www.cannabis.es\/pw\/2021\/07\/30\/catfac-no-fue-notificada-por-el-ayuntamiento-de-barcelona\/#primaryimage"},"thumbnailUrl":"https:\/\/www.cannabis.es\/pw\/wp-content\/uploads\/2021\/07\/PATRICIA-AMIGUET_CON_LOGO.jpg","keywords":["Arnau Alcaide","asociaci\u00f3n cann\u00e1bica","cannabis","CSC"],"articleSection":["Entrevistas"],"inLanguage":"es"},{"@type":"WebPage","@id":"https:\/\/www.cannabis.es\/pw\/2021\/07\/30\/catfac-no-fue-notificada-por-el-ayuntamiento-de-barcelona\/","url":"https:\/\/www.cannabis.es\/pw\/2021\/07\/30\/catfac-no-fue-notificada-por-el-ayuntamiento-de-barcelona\/","name":"Catfac no fue notificada por el Ayuntamiento de Barcelona","isPartOf":{"@id":"https:\/\/www.cannabis.es\/pw\/#website"},"primaryImageOfPage":{"@id":"https:\/\/www.cannabis.es\/pw\/2021\/07\/30\/catfac-no-fue-notificada-por-el-ayuntamiento-de-barcelona\/#primaryimage"},"image":{"@id":"https:\/\/www.cannabis.es\/pw\/2021\/07\/30\/catfac-no-fue-notificada-por-el-ayuntamiento-de-barcelona\/#primaryimage"},"thumbnailUrl":"https:\/\/www.cannabis.es\/pw\/wp-content\/uploads\/2021\/07\/PATRICIA-AMIGUET_CON_LOGO.jpg","datePublished":"2021-07-30T11:23:17+00:00","dateModified":"2021-08-30T10:12:50+00:00","description":"Entrada &#8226; Portal multimedia sobre cannabis y otras sustancias &#8226; 30 julio, 2021","breadcrumb":{"@id":"https:\/\/www.cannabis.es\/pw\/2021\/07\/30\/catfac-no-fue-notificada-por-el-ayuntamiento-de-barcelona\/#breadcrumb"},"inLanguage":"es","potentialAction":[{"@type":"ReadAction","target":["https:\/\/www.cannabis.es\/pw\/2021\/07\/30\/catfac-no-fue-notificada-por-el-ayuntamiento-de-barcelona\/"]}]},{"@type":"ImageObject","inLanguage":"es","@id":"https:\/\/www.cannabis.es\/pw\/2021\/07\/30\/catfac-no-fue-notificada-por-el-ayuntamiento-de-barcelona\/#primaryimage","url":"https:\/\/www.cannabis.es\/pw\/wp-content\/uploads\/2021\/07\/PATRICIA-AMIGUET_CON_LOGO.jpg","contentUrl":"https:\/\/www.cannabis.es\/pw\/wp-content\/uploads\/2021\/07\/PATRICIA-AMIGUET_CON_LOGO.jpg","width":1607,"height":1063},{"@type":"BreadcrumbList","@id":"https:\/\/www.cannabis.es\/pw\/2021\/07\/30\/catfac-no-fue-notificada-por-el-ayuntamiento-de-barcelona\/#breadcrumb","itemListElement":[{"@type":"ListItem","position":1,"name":"Portada","item":"http:\/\/www.cannabis.es\/pw\/"},{"@type":"ListItem","position":2,"name":"Catfac no fue notificada por el Ayuntamiento de Barcelona"}]},{"@type":"WebSite","@id":"https:\/\/www.cannabis.es\/pw\/#website","url":"https:\/\/www.cannabis.es\/pw\/","name":"Cannabis","description":"Portal multimedia sobre cannabis y otras sustancias","publisher":{"@id":"https:\/\/www.cannabis.es\/pw\/#organization"},"potentialAction":[{"@type":"SearchAction","target":{"@type":"EntryPoint","urlTemplate":"https:\/\/www.cannabis.es\/pw\/?s={search_term_string}"},"query-input":{"@type":"PropertyValueSpecification","valueRequired":true,"valueName":"search_term_string"}}],"inLanguage":"es"},{"@type":"Organization","@id":"https:\/\/www.cannabis.es\/pw\/#organization","name":"Cannabis.es","url":"https:\/\/www.cannabis.es\/pw\/","logo":{"@type":"ImageObject","inLanguage":"es","@id":"https:\/\/www.cannabis.es\/pw\/#\/schema\/logo\/image\/","url":"https:\/\/www.cannabis.es\/pw\/wp-content\/uploads\/2019\/04\/cropped-logo_cannabis.png","contentUrl":"https:\/\/www.cannabis.es\/pw\/wp-content\/uploads\/2019\/04\/cropped-logo_cannabis.png","width":361,"height":120,"caption":"Cannabis.es"},"image":{"@id":"https:\/\/www.cannabis.es\/pw\/#\/schema\/logo\/image\/"},"sameAs":["https:\/\/x.com\/cannabis_es"]},{"@type":"Person","@id":"https:\/\/www.cannabis.es\/pw\/#\/schema\/person\/ec770c03f3e99d770687f537f4ba1e89","name":"Cannabis.es","image":{"@type":"ImageObject","inLanguage":"es","@id":"https:\/\/www.cannabis.es\/pw\/#\/schema\/person\/image\/","url":"https:\/\/secure.gravatar.com\/avatar\/810c93a3d6fadc3d9c2665b1d919a4aedea8ed4dd63689d001e985a804e90d83?s=96&d=mm&r=g","contentUrl":"https:\/\/secure.gravatar.com\/avatar\/810c93a3d6fadc3d9c2665b1d919a4aedea8ed4dd63689d001e985a804e90d83?s=96&d=mm&r=g","caption":"Cannabis.es"},"url":"https:\/\/www.cannabis.es\/pw\/author\/arnau\/"}]}},"_links":{"self":[{"href":"https:\/\/www.cannabis.es\/pw\/wp-json\/wp\/v2\/posts\/7392","targetHints":{"allow":["GET"]}}],"collection":[{"href":"https:\/\/www.cannabis.es\/pw\/wp-json\/wp\/v2\/posts"}],"about":[{"href":"https:\/\/www.cannabis.es\/pw\/wp-json\/wp\/v2\/types\/post"}],"author":[{"embeddable":true,"href":"https:\/\/www.cannabis.es\/pw\/wp-json\/wp\/v2\/users\/3"}],"replies":[{"embeddable":true,"href":"https:\/\/www.cannabis.es\/pw\/wp-json\/wp\/v2\/comments?post=7392"}],"version-history":[{"count":5,"href":"https:\/\/www.cannabis.es\/pw\/wp-json\/wp\/v2\/posts\/7392\/revisions"}],"predecessor-version":[{"id":7433,"href":"https:\/\/www.cannabis.es\/pw\/wp-json\/wp\/v2\/posts\/7392\/revisions\/7433"}],"wp:featuredmedia":[{"embeddable":true,"href":"https:\/\/www.cannabis.es\/pw\/wp-json\/wp\/v2\/media\/7396"}],"wp:attachment":[{"href":"https:\/\/www.cannabis.es\/pw\/wp-json\/wp\/v2\/media?parent=7392"}],"wp:term":[{"taxonomy":"category","embeddable":true,"href":"https:\/\/www.cannabis.es\/pw\/wp-json\/wp\/v2\/categories?post=7392"},{"taxonomy":"post_tag","embeddable":true,"href":"https:\/\/www.cannabis.es\/pw\/wp-json\/wp\/v2\/tags?post=7392"}],"curies":[{"name":"wp","href":"https:\/\/api.w.org\/{rel}","templated":true}]}}