{"id":7398,"date":"2021-08-03T13:26:50","date_gmt":"2021-08-03T11:26:50","guid":{"rendered":"https:\/\/www.cannabis.es\/pw\/?p=7398"},"modified":"2021-08-05T14:24:39","modified_gmt":"2021-08-05T12:24:39","slug":"luz-verde-nuevo-partido-cannabico-para-la-regulacion-nacional","status":"publish","type":"post","link":"https:\/\/www.cannabis.es\/pw\/2021\/08\/03\/luz-verde-nuevo-partido-cannabico-para-la-regulacion-nacional\/","title":{"rendered":"Luz Verde, nuevo partido cann\u00e1bico para la regulaci\u00f3n nacional"},"content":{"rendered":"\n<p>Benito D\u00edaz<\/p>\n\n\n\n<p>El pasado d\u00eda 31 asistimos a la votaci\u00f3n que dio lugar a la elecci\u00f3n de los representantes del nuevo partido pol\u00edtico \u201cLuz Verde\u201d, la reestructuraci\u00f3n de Representaci\u00f3n Cann\u00e1bica de Navarra (RCN-NOK) que promete defender la regulaci\u00f3n de la planta, presentar su programa en las pr\u00f3ximas elecciones de 2023 llevando el debate sobre la Marihuana al \u00e1mbito nacional.<\/p>\n\n\n\n<p>La cita se dio en la antigua sede del RCN-NOK, en Pamplona-Iru\u00f1a. Hasta all\u00ed se movilizaron los activistas y representantes, siendo una asamblea de acceso p\u00fablico y emitida de forma telem\u00e1tica para cualquier persona interesada.<\/p>\n\n\n\n<h2 class=\"wp-block-heading\"><strong>Estatutos y programa<\/strong><\/h2>\n\n\n\n<p>Luz Verde es un partido constituido, seg\u00fan su p\u00e1gina web, para promover la opini\u00f3n de los ciudadanos de forma democr\u00e1tica. Hasta ahora, RCN-NOK hab\u00eda tratado de realizar propuestas y avances, solo en territorio navarro. De esta forma, en su documento fundacional, Luz Verde asegura perseguir el<span class=\"has-inline-color has-luminous-vivid-orange-color\"> <em>\u201cfin espec\u00edfico de la despenalizaci\u00f3n del uso, cultivo y comercio del cannabis y sus derivados tanto para su uso l\u00fadico particular como terap\u00e9utico, as\u00ed como la consiguiente legalizaci\u00f3n y regulaci\u00f3n de la producci\u00f3n, distribuci\u00f3n, venta y consumo de cannabis, sea cual sea su uso, mientras sea adulto y bajo criterios de reducci\u00f3n de riesgos, informaci\u00f3n, salud y control de calidad. As\u00ed mismo luchar por la legalizaci\u00f3n de las actividades que ata\u00f1en al uso, cuidado o disfrute del propio cuerpo y que son fruto de la libertad individual y responsabilidad de cada cual\u201d<\/em><\/span><em>.<\/em> <a href=\"https:\/\/luzverde.info\/wp-content\/uploads\/2021\/07\/ESTATUTOS-DE-LUZ-VERDE-REPRESENTACION-CANNABICA.pdf\">El pliego tambi\u00e9n<\/a> ata\u00f1e las cuestiones de <strong>reivindicaci\u00f3n de Derechos Humanos, responsabilidad ecol\u00f3gica, la no-violencia, promoci\u00f3n de valores \u00e9ticos no-mercantiles, paz justicia y democracia participativa.<\/strong><\/p>\n\n\n\n<figure class=\"wp-block-image size-large\"><img loading=\"lazy\" decoding=\"async\" width=\"1024\" height=\"677\" src=\"https:\/\/www.cannabis.es\/pw\/wp-content\/uploads\/2021\/08\/LUZ_VERDE_08_21-1024x677.jpg\" alt=\"\" class=\"wp-image-7399\" srcset=\"https:\/\/www.cannabis.es\/pw\/wp-content\/uploads\/2021\/08\/LUZ_VERDE_08_21-1024x677.jpg 1024w, https:\/\/www.cannabis.es\/pw\/wp-content\/uploads\/2021\/08\/LUZ_VERDE_08_21-300x198.jpg 300w, https:\/\/www.cannabis.es\/pw\/wp-content\/uploads\/2021\/08\/LUZ_VERDE_08_21-768x508.jpg 768w, https:\/\/www.cannabis.es\/pw\/wp-content\/uploads\/2021\/08\/LUZ_VERDE_08_21-1536x1016.jpg 1536w, https:\/\/www.cannabis.es\/pw\/wp-content\/uploads\/2021\/08\/LUZ_VERDE_08_21-1200x794.jpg 1200w, https:\/\/www.cannabis.es\/pw\/wp-content\/uploads\/2021\/08\/LUZ_VERDE_08_21-600x397.jpg 600w, https:\/\/www.cannabis.es\/pw\/wp-content\/uploads\/2021\/08\/LUZ_VERDE_08_21.jpg 1607w\" sizes=\"auto, (max-width: 1024px) 100vw, 1024px\" \/><figcaption>Logo del nuevo partido cann\u00e1bico, Luz Verde<\/figcaption><\/figure>\n\n\n\n<h2 class=\"wp-block-heading\"><strong>Votaciones<\/strong><\/h2>\n\n\n\n<p>Tras la aprobaci\u00f3n de los puntos anteriores de la orden del d\u00eda, se pas\u00f3 a la votaci\u00f3n de la junta directiva. A mano alzada, tanto de forma presencial como a trav\u00e9s de Internet, los cargos quedaron adjudicados de la siguiente manera: <strong>Fernanda de la Figuera, presidenta; vicepresidente y tesorero, Ferm\u00edn Les Acosta; secretario general, Francisco Mascaraque; vocales, Daniel Fern\u00e1ndez, Macarena Guerv\u00f3s, Ram\u00f3n Morcillo y Javier Diaz Mar\u00edn.<\/strong><\/p>\n\n\n\n<p><span class=\"has-inline-color has-luminous-vivid-orange-color\">\u201c<em>Estoy deseando que se legalice el Cannabis para uso general y para uso particular. Son muchos a\u00f1os cultivando y esto no puede seguir bajo la prohibici\u00f3n. Aplaudo vuestro inter\u00e9s y vuestras intenciones, es por eso que estoy con vosotros sin ninguna contraprestaci\u00f3n, a ver si esta vez conseguimos regular la marihuana\u201d<\/em><\/span><em>,<\/em> declar\u00f3 <a href=\"https:\/\/www.cannabis.es\/pw\/2019\/05\/24\/conoce-a-nuestra-veterana-activista-enjuiciada-la-feminista-cannabica-fernanda-de-la-figuera\/\">Fernanda de la Figuera<\/a> tras ser investida presidenta.<\/p>\n\n\n\n<p>\u201c<em>Agradecer esta oportunidad que nos dais para poder hacer pol\u00edtica directa y llegar al<\/em> parlamento.<em> Es un honor, me hace mucha ilusi\u00f3n. El grupo que estamos trabajando est\u00e1 muy bien y poco a poco vamos a avanzar hacia una legalizaci\u00f3n real <\/em>\u201c, afirm\u00f3 el vicepresidente, Ferm\u00edn Les Acosta. <em>\u201cEn este mundo, todos los d\u00edas tenemos que empezar de nuevo: hay mucha inseguridad, a veces se convierte en violencia o en problemas para nuestra familia, pero sabemos que<strong> necesitamos la<\/strong> <strong>legalizaci\u00f3n para poder hacer lo que nos gusta y que no tenga estas duras repercusiones que est\u00e1 teniendo hoy por hoy. <\/strong>Hay que conseguir la legalizaci\u00f3n cuanto antes\u201d.<\/em><\/p>\n\n\n\n<figure class=\"wp-block-image size-full\"><img loading=\"lazy\" decoding=\"async\" width=\"959\" height=\"475\" src=\"https:\/\/www.cannabis.es\/pw\/wp-content\/uploads\/2020\/05\/entrevista-fernanda.jpg\" alt=\"\" class=\"wp-image-2008\" srcset=\"https:\/\/www.cannabis.es\/pw\/wp-content\/uploads\/2020\/05\/entrevista-fernanda.jpg 959w, https:\/\/www.cannabis.es\/pw\/wp-content\/uploads\/2020\/05\/entrevista-fernanda-300x149.jpg 300w, https:\/\/www.cannabis.es\/pw\/wp-content\/uploads\/2020\/05\/entrevista-fernanda-768x380.jpg 768w, https:\/\/www.cannabis.es\/pw\/wp-content\/uploads\/2020\/05\/entrevista-fernanda-600x297.jpg 600w\" sizes=\"auto, (max-width: 959px) 100vw, 959px\" \/><figcaption>Fernanda de la Figuera, paciente, &#8216;abuela de la marihuana&#8217; y presidenta fundacional del partido Luz Verde.<\/figcaption><\/figure>\n\n\n\n<h2 class=\"wp-block-heading\"><strong>Manifiesto<\/strong><\/h2>\n\n\n\n<p>Tras las votaciones, se pas\u00f3 a la lectura del manifiesto del partido. Una breve explicaci\u00f3n al respecto de la reconversi\u00f3n de RCN-NOK, con propuestas para el sector cann\u00e1bico que se ve muy presionado en la actualidad, en especial su industria.<span class=\"has-inline-color has-luminous-vivid-orange-color\"> <em>\u201cLa prohibici\u00f3n se basa en normas obsoletas y predemocr\u00e1ticas, cuya represi\u00f3n y persecuci\u00f3n se est\u00e1 agudizando en Espa\u00f1a, causando graves perjuicios. Es hora de buscar una alternativa compatible con todas las cosas que hemos estado haciendo hasta este momento. Apuntar all\u00ed donde las leyes pueden cambiarse, es momento de ir al congreso, ir a Europa y seguir trabajando a nivel auton\u00f3mico\u201d<\/em><\/span>, enunci\u00f3 la lectora de las p\u00e1ginas. Se apuntaron como objetivos la regulaci\u00f3n integral del Cannabis, de su consumo y su cultivo individual o comunitario, legalidad de la industria y la despenalizaci\u00f3n, entre otros. Se denunciaron las multas e incautaciones de la Ley mordaza, la <a href=\"https:\/\/www.cannabis.es\/pw\/2021\/06\/22\/fallos-al-estudiar-la-afectacion-psicomotriz-del-cannabis-en-la-conduccion\/\">invalidez de los Drogotest<\/a> como pruebas fiables, la situaci\u00f3n de miles de pacientes, <a href=\"https:\/\/www.cannabis.es\/pw\/2020\/11\/09\/colectivos-de-usuarios-terapeuticos-reclaman-una-legislacion-internacional\/\">usuariado de cannabis terap\u00e9utico<\/a>, el bloqueo judicial y pol\u00edtico a las que se han visto sometidas iniciativas populares en pro de la regulaci\u00f3n del Cannabis, as\u00ed como las ordenanzas municipales al respecto de los clubes y asociaciones cann\u00e1bicas.<\/p>\n\n\n\n<p>Las reivindicaciones al respecto de la regulaci\u00f3n de la industria, growshops, el desprecio hacia las pruebas al respecto de la efectividad del cannabis terap\u00e9utico y las se\u00f1ales econ\u00f3micas que pudieran repercutir en beneficio de la sociedad tambi\u00e9n tuvieron cabida en el su manifiesto.<\/p>\n\n\n\n<p>A la conclusi\u00f3n, Fernanda se despidi\u00f3 recordando que se debe trabajar entre todos para llegar a conseguir una realidad para el cannabis, una realidad legal para todas.<\/p>\n\n\n\n<p><em>M\u00e1s informaci\u00f3n <a href=\"https:\/\/luzverde.info\/\">en la p\u00e1gina del<\/a> Partido cann\u00e1bico Luz Verde, <a href=\"https:\/\/www.facebook.com\/representacioncannabica\">en su Facebook<\/a> o e<a href=\"https:\/\/twitter.com\/RCN_NOK\">n su Twitter.<\/a><\/em><\/p>\n\n\n\n<figure class=\"wp-block-image size-large\"><img loading=\"lazy\" decoding=\"async\" width=\"1024\" height=\"689\" src=\"https:\/\/www.cannabis.es\/pw\/wp-content\/uploads\/2019\/11\/LIBERTAD_FERNANDA-1024x689.jpg\" alt=\"\" class=\"wp-image-1594\" srcset=\"https:\/\/www.cannabis.es\/pw\/wp-content\/uploads\/2019\/11\/LIBERTAD_FERNANDA-1024x689.jpg 1024w, https:\/\/www.cannabis.es\/pw\/wp-content\/uploads\/2019\/11\/LIBERTAD_FERNANDA-300x202.jpg 300w, https:\/\/www.cannabis.es\/pw\/wp-content\/uploads\/2019\/11\/LIBERTAD_FERNANDA-768x517.jpg 768w, https:\/\/www.cannabis.es\/pw\/wp-content\/uploads\/2019\/11\/LIBERTAD_FERNANDA-1200x807.jpg 1200w, https:\/\/www.cannabis.es\/pw\/wp-content\/uploads\/2019\/11\/LIBERTAD_FERNANDA-600x404.jpg 600w, https:\/\/www.cannabis.es\/pw\/wp-content\/uploads\/2019\/11\/LIBERTAD_FERNANDA.jpg 1397w\" sizes=\"auto, (max-width: 1024px) 100vw, 1024px\" \/><figcaption>Audiencia Provincial de M\u00e1laga, durante<a href=\"https:\/\/www.cannabis.es\/pw\/2019\/12\/27\/condenan-a-9-meses-y-10-000-euros-a-la-abuela-marihuana\/\"> el juicio<\/a> a Fernanda de la Figuera en 2019.<\/figcaption><\/figure>\n","protected":false},"excerpt":{"rendered":"<span class=\"span-reading-time rt-reading-time\" style=\"display: block;\"><span class=\"rt-label rt-prefix\">Tiempo de lectura:<\/span> <span class=\"rt-time\"> 3<\/span> <span class=\"rt-label rt-postfix\">minutos<\/span><\/span>Benito D\u00edaz El pasado d\u00eda 31 asistimos a la votaci\u00f3n que dio lugar a la elecci\u00f3n de los representantes del nuevo partido pol\u00edtico \u201cLuz Verde\u201d, la reestructuraci\u00f3n de Representaci\u00f3n Cann\u00e1bica de Navarra (RCN-NOK) que promete defender la regulaci\u00f3n de la planta, presentar su programa en las pr\u00f3ximas elecciones de 2023 llevando el debate sobre la [&hellip;]","protected":false},"author":3,"featured_media":7399,"comment_status":"closed","ping_status":"closed","sticky":false,"template":"","format":"standard","meta":{"loftocean-featured-post":"","loftocean_post_format_gallery":"","loftocean_post_format_gallery_ids":"","loftocean_post_format_gallery_urls":"","loftocean_post_format_video_id":"","loftocean_post_format_video_url":"","loftocean_post_format_video_type":"","loftocean_post_format_video":"","loftocean_post_format_audio_type":"","loftocean_post_format_audio_url":"","loftocean_post_format_audio_id":"","loftocean_post_format_audio":"","loftocean_post_format_quote_text":"","loftocean_post_format_quote_byline":"","loftocean_post_format_link_text":"","loftocean_post_format_link_url":"","ceramag_post_header_style":"","ceramag_enable_background_video":"","ceramag_show_in_top_slider":"","ceramag_post_background_video_start":"","ceramag_post_background_video_end":"","loftocean_page_background_video_id":"","loftocean_page_background_video_url":"","loftocean_page_background_video_type":"","loftocean_page_background_video":"","ceramag_background_video_start":"","ceramag_background_video_end":"","ceramag_single_page_hide_header":"","footnotes":""},"categories":[35],"tags":[43,41,54,42],"class_list":["post-7398","post","type-post","status-publish","format-standard","has-post-thumbnail","hentry","category-politica-y-sociedad","tag-benito-diaz","tag-cannabis","tag-legalizacion","tag-politica"],"yoast_head":"<!-- This site is optimized with the Yoast SEO plugin v24.9 - https:\/\/yoast.com\/wordpress\/plugins\/seo\/ -->\n<title>Luz Verde, nuevo partido cann\u00e1bico para la regulaci\u00f3n nacional<\/title>\n<meta name=\"description\" content=\"Entrada &#8226; Portal multimedia sobre cannabis y otras sustancias &#8226; 3 agosto, 2021\" \/>\n<meta name=\"robots\" content=\"index, follow, max-snippet:-1, max-image-preview:large, max-video-preview:-1\" \/>\n<link rel=\"canonical\" href=\"https:\/\/www.cannabis.es\/pw\/2021\/08\/03\/luz-verde-nuevo-partido-cannabico-para-la-regulacion-nacional\/\" \/>\n<meta name=\"twitter:card\" content=\"summary_large_image\" \/>\n<meta name=\"twitter:title\" content=\"Luz Verde, nuevo partido cann\u00e1bico para la regulaci\u00f3n nacional\" \/>\n<meta name=\"twitter:description\" content=\"Entrada &#8226; Portal multimedia sobre cannabis y otras sustancias &#8226; 3 agosto, 2021\" \/>\n<meta name=\"twitter:image\" content=\"https:\/\/www.cannabis.es\/pw\/wp-content\/uploads\/2021\/08\/LUZ_VERDE_08_21.jpg\" \/>\n<meta name=\"twitter:creator\" content=\"@cannabis_es\" \/>\n<meta name=\"twitter:site\" content=\"@cannabis_es\" \/>\n<meta name=\"twitter:label1\" content=\"Escrito por\" \/>\n\t<meta name=\"twitter:data1\" content=\"Cannabis.es\" \/>\n\t<meta name=\"twitter:label2\" content=\"Tiempo de lectura\" \/>\n\t<meta name=\"twitter:data2\" content=\"5 minutos\" \/>\n<script type=\"application\/ld+json\" class=\"yoast-schema-graph\">{\"@context\":\"https:\/\/schema.org\",\"@graph\":[{\"@type\":\"Article\",\"@id\":\"https:\/\/www.cannabis.es\/pw\/2021\/08\/03\/luz-verde-nuevo-partido-cannabico-para-la-regulacion-nacional\/#article\",\"isPartOf\":{\"@id\":\"https:\/\/www.cannabis.es\/pw\/2021\/08\/03\/luz-verde-nuevo-partido-cannabico-para-la-regulacion-nacional\/\"},\"author\":{\"name\":\"Cannabis.es\",\"@id\":\"https:\/\/www.cannabis.es\/pw\/#\/schema\/person\/ec770c03f3e99d770687f537f4ba1e89\"},\"headline\":\"Luz Verde, nuevo partido cann\u00e1bico para la regulaci\u00f3n nacional\",\"datePublished\":\"2021-08-03T11:26:50+00:00\",\"dateModified\":\"2021-08-05T12:24:39+00:00\",\"mainEntityOfPage\":{\"@id\":\"https:\/\/www.cannabis.es\/pw\/2021\/08\/03\/luz-verde-nuevo-partido-cannabico-para-la-regulacion-nacional\/\"},\"wordCount\":907,\"publisher\":{\"@id\":\"https:\/\/www.cannabis.es\/pw\/#organization\"},\"image\":{\"@id\":\"https:\/\/www.cannabis.es\/pw\/2021\/08\/03\/luz-verde-nuevo-partido-cannabico-para-la-regulacion-nacional\/#primaryimage\"},\"thumbnailUrl\":\"https:\/\/www.cannabis.es\/pw\/wp-content\/uploads\/2021\/08\/LUZ_VERDE_08_21.jpg\",\"keywords\":[\"Benito D\u00edaz\",\"cannabis\",\"legalizaci\u00f3n\",\"pol\u00edtica\"],\"articleSection\":[\"Pol\u00edtica y Sociedad\"],\"inLanguage\":\"es\"},{\"@type\":\"WebPage\",\"@id\":\"https:\/\/www.cannabis.es\/pw\/2021\/08\/03\/luz-verde-nuevo-partido-cannabico-para-la-regulacion-nacional\/\",\"url\":\"https:\/\/www.cannabis.es\/pw\/2021\/08\/03\/luz-verde-nuevo-partido-cannabico-para-la-regulacion-nacional\/\",\"name\":\"Luz Verde, nuevo partido cann\u00e1bico para la regulaci\u00f3n nacional\",\"isPartOf\":{\"@id\":\"https:\/\/www.cannabis.es\/pw\/#website\"},\"primaryImageOfPage\":{\"@id\":\"https:\/\/www.cannabis.es\/pw\/2021\/08\/03\/luz-verde-nuevo-partido-cannabico-para-la-regulacion-nacional\/#primaryimage\"},\"image\":{\"@id\":\"https:\/\/www.cannabis.es\/pw\/2021\/08\/03\/luz-verde-nuevo-partido-cannabico-para-la-regulacion-nacional\/#primaryimage\"},\"thumbnailUrl\":\"https:\/\/www.cannabis.es\/pw\/wp-content\/uploads\/2021\/08\/LUZ_VERDE_08_21.jpg\",\"datePublished\":\"2021-08-03T11:26:50+00:00\",\"dateModified\":\"2021-08-05T12:24:39+00:00\",\"description\":\"Entrada &#8226; Portal multimedia sobre cannabis y otras sustancias &#8226; 3 agosto, 2021\",\"breadcrumb\":{\"@id\":\"https:\/\/www.cannabis.es\/pw\/2021\/08\/03\/luz-verde-nuevo-partido-cannabico-para-la-regulacion-nacional\/#breadcrumb\"},\"inLanguage\":\"es\",\"potentialAction\":[{\"@type\":\"ReadAction\",\"target\":[\"https:\/\/www.cannabis.es\/pw\/2021\/08\/03\/luz-verde-nuevo-partido-cannabico-para-la-regulacion-nacional\/\"]}]},{\"@type\":\"ImageObject\",\"inLanguage\":\"es\",\"@id\":\"https:\/\/www.cannabis.es\/pw\/2021\/08\/03\/luz-verde-nuevo-partido-cannabico-para-la-regulacion-nacional\/#primaryimage\",\"url\":\"https:\/\/www.cannabis.es\/pw\/wp-content\/uploads\/2021\/08\/LUZ_VERDE_08_21.jpg\",\"contentUrl\":\"https:\/\/www.cannabis.es\/pw\/wp-content\/uploads\/2021\/08\/LUZ_VERDE_08_21.jpg\",\"width\":1607,\"height\":1063},{\"@type\":\"BreadcrumbList\",\"@id\":\"https:\/\/www.cannabis.es\/pw\/2021\/08\/03\/luz-verde-nuevo-partido-cannabico-para-la-regulacion-nacional\/#breadcrumb\",\"itemListElement\":[{\"@type\":\"ListItem\",\"position\":1,\"name\":\"Portada\",\"item\":\"http:\/\/www.cannabis.es\/pw\/\"},{\"@type\":\"ListItem\",\"position\":2,\"name\":\"Luz Verde, nuevo partido cann\u00e1bico para la regulaci\u00f3n nacional\"}]},{\"@type\":\"WebSite\",\"@id\":\"https:\/\/www.cannabis.es\/pw\/#website\",\"url\":\"https:\/\/www.cannabis.es\/pw\/\",\"name\":\"Cannabis\",\"description\":\"Portal multimedia sobre cannabis y otras sustancias\",\"publisher\":{\"@id\":\"https:\/\/www.cannabis.es\/pw\/#organization\"},\"potentialAction\":[{\"@type\":\"SearchAction\",\"target\":{\"@type\":\"EntryPoint\",\"urlTemplate\":\"https:\/\/www.cannabis.es\/pw\/?s={search_term_string}\"},\"query-input\":{\"@type\":\"PropertyValueSpecification\",\"valueRequired\":true,\"valueName\":\"search_term_string\"}}],\"inLanguage\":\"es\"},{\"@type\":\"Organization\",\"@id\":\"https:\/\/www.cannabis.es\/pw\/#organization\",\"name\":\"Cannabis.es\",\"url\":\"https:\/\/www.cannabis.es\/pw\/\",\"logo\":{\"@type\":\"ImageObject\",\"inLanguage\":\"es\",\"@id\":\"https:\/\/www.cannabis.es\/pw\/#\/schema\/logo\/image\/\",\"url\":\"https:\/\/www.cannabis.es\/pw\/wp-content\/uploads\/2019\/04\/cropped-logo_cannabis.png\",\"contentUrl\":\"https:\/\/www.cannabis.es\/pw\/wp-content\/uploads\/2019\/04\/cropped-logo_cannabis.png\",\"width\":361,\"height\":120,\"caption\":\"Cannabis.es\"},\"image\":{\"@id\":\"https:\/\/www.cannabis.es\/pw\/#\/schema\/logo\/image\/\"},\"sameAs\":[\"https:\/\/x.com\/cannabis_es\"]},{\"@type\":\"Person\",\"@id\":\"https:\/\/www.cannabis.es\/pw\/#\/schema\/person\/ec770c03f3e99d770687f537f4ba1e89\",\"name\":\"Cannabis.es\",\"image\":{\"@type\":\"ImageObject\",\"inLanguage\":\"es\",\"@id\":\"https:\/\/www.cannabis.es\/pw\/#\/schema\/person\/image\/\",\"url\":\"https:\/\/secure.gravatar.com\/avatar\/810c93a3d6fadc3d9c2665b1d919a4aedea8ed4dd63689d001e985a804e90d83?s=96&d=mm&r=g\",\"contentUrl\":\"https:\/\/secure.gravatar.com\/avatar\/810c93a3d6fadc3d9c2665b1d919a4aedea8ed4dd63689d001e985a804e90d83?s=96&d=mm&r=g\",\"caption\":\"Cannabis.es\"},\"url\":\"https:\/\/www.cannabis.es\/pw\/author\/arnau\/\"}]}<\/script>\n<!-- \/ Yoast SEO plugin. -->","yoast_head_json":{"title":"Luz Verde, nuevo partido cann\u00e1bico para la regulaci\u00f3n nacional","description":"Entrada &#8226; Portal multimedia sobre cannabis y otras sustancias &#8226; 3 agosto, 2021","robots":{"index":"index","follow":"follow","max-snippet":"max-snippet:-1","max-image-preview":"max-image-preview:large","max-video-preview":"max-video-preview:-1"},"canonical":"https:\/\/www.cannabis.es\/pw\/2021\/08\/03\/luz-verde-nuevo-partido-cannabico-para-la-regulacion-nacional\/","twitter_card":"summary_large_image","twitter_title":"Luz Verde, nuevo partido cann\u00e1bico para la regulaci\u00f3n nacional","twitter_description":"Entrada &#8226; Portal multimedia sobre cannabis y otras sustancias &#8226; 3 agosto, 2021","twitter_image":"https:\/\/www.cannabis.es\/pw\/wp-content\/uploads\/2021\/08\/LUZ_VERDE_08_21.jpg","twitter_creator":"@cannabis_es","twitter_site":"@cannabis_es","twitter_misc":{"Escrito por":"Cannabis.es","Tiempo de lectura":"5 minutos"},"schema":{"@context":"https:\/\/schema.org","@graph":[{"@type":"Article","@id":"https:\/\/www.cannabis.es\/pw\/2021\/08\/03\/luz-verde-nuevo-partido-cannabico-para-la-regulacion-nacional\/#article","isPartOf":{"@id":"https:\/\/www.cannabis.es\/pw\/2021\/08\/03\/luz-verde-nuevo-partido-cannabico-para-la-regulacion-nacional\/"},"author":{"name":"Cannabis.es","@id":"https:\/\/www.cannabis.es\/pw\/#\/schema\/person\/ec770c03f3e99d770687f537f4ba1e89"},"headline":"Luz Verde, nuevo partido cann\u00e1bico para la regulaci\u00f3n nacional","datePublished":"2021-08-03T11:26:50+00:00","dateModified":"2021-08-05T12:24:39+00:00","mainEntityOfPage":{"@id":"https:\/\/www.cannabis.es\/pw\/2021\/08\/03\/luz-verde-nuevo-partido-cannabico-para-la-regulacion-nacional\/"},"wordCount":907,"publisher":{"@id":"https:\/\/www.cannabis.es\/pw\/#organization"},"image":{"@id":"https:\/\/www.cannabis.es\/pw\/2021\/08\/03\/luz-verde-nuevo-partido-cannabico-para-la-regulacion-nacional\/#primaryimage"},"thumbnailUrl":"https:\/\/www.cannabis.es\/pw\/wp-content\/uploads\/2021\/08\/LUZ_VERDE_08_21.jpg","keywords":["Benito D\u00edaz","cannabis","legalizaci\u00f3n","pol\u00edtica"],"articleSection":["Pol\u00edtica y Sociedad"],"inLanguage":"es"},{"@type":"WebPage","@id":"https:\/\/www.cannabis.es\/pw\/2021\/08\/03\/luz-verde-nuevo-partido-cannabico-para-la-regulacion-nacional\/","url":"https:\/\/www.cannabis.es\/pw\/2021\/08\/03\/luz-verde-nuevo-partido-cannabico-para-la-regulacion-nacional\/","name":"Luz Verde, nuevo partido cann\u00e1bico para la regulaci\u00f3n nacional","isPartOf":{"@id":"https:\/\/www.cannabis.es\/pw\/#website"},"primaryImageOfPage":{"@id":"https:\/\/www.cannabis.es\/pw\/2021\/08\/03\/luz-verde-nuevo-partido-cannabico-para-la-regulacion-nacional\/#primaryimage"},"image":{"@id":"https:\/\/www.cannabis.es\/pw\/2021\/08\/03\/luz-verde-nuevo-partido-cannabico-para-la-regulacion-nacional\/#primaryimage"},"thumbnailUrl":"https:\/\/www.cannabis.es\/pw\/wp-content\/uploads\/2021\/08\/LUZ_VERDE_08_21.jpg","datePublished":"2021-08-03T11:26:50+00:00","dateModified":"2021-08-05T12:24:39+00:00","description":"Entrada &#8226; Portal multimedia sobre cannabis y otras sustancias &#8226; 3 agosto, 2021","breadcrumb":{"@id":"https:\/\/www.cannabis.es\/pw\/2021\/08\/03\/luz-verde-nuevo-partido-cannabico-para-la-regulacion-nacional\/#breadcrumb"},"inLanguage":"es","potentialAction":[{"@type":"ReadAction","target":["https:\/\/www.cannabis.es\/pw\/2021\/08\/03\/luz-verde-nuevo-partido-cannabico-para-la-regulacion-nacional\/"]}]},{"@type":"ImageObject","inLanguage":"es","@id":"https:\/\/www.cannabis.es\/pw\/2021\/08\/03\/luz-verde-nuevo-partido-cannabico-para-la-regulacion-nacional\/#primaryimage","url":"https:\/\/www.cannabis.es\/pw\/wp-content\/uploads\/2021\/08\/LUZ_VERDE_08_21.jpg","contentUrl":"https:\/\/www.cannabis.es\/pw\/wp-content\/uploads\/2021\/08\/LUZ_VERDE_08_21.jpg","width":1607,"height":1063},{"@type":"BreadcrumbList","@id":"https:\/\/www.cannabis.es\/pw\/2021\/08\/03\/luz-verde-nuevo-partido-cannabico-para-la-regulacion-nacional\/#breadcrumb","itemListElement":[{"@type":"ListItem","position":1,"name":"Portada","item":"http:\/\/www.cannabis.es\/pw\/"},{"@type":"ListItem","position":2,"name":"Luz Verde, nuevo partido cann\u00e1bico para la regulaci\u00f3n nacional"}]},{"@type":"WebSite","@id":"https:\/\/www.cannabis.es\/pw\/#website","url":"https:\/\/www.cannabis.es\/pw\/","name":"Cannabis","description":"Portal multimedia sobre cannabis y otras sustancias","publisher":{"@id":"https:\/\/www.cannabis.es\/pw\/#organization"},"potentialAction":[{"@type":"SearchAction","target":{"@type":"EntryPoint","urlTemplate":"https:\/\/www.cannabis.es\/pw\/?s={search_term_string}"},"query-input":{"@type":"PropertyValueSpecification","valueRequired":true,"valueName":"search_term_string"}}],"inLanguage":"es"},{"@type":"Organization","@id":"https:\/\/www.cannabis.es\/pw\/#organization","name":"Cannabis.es","url":"https:\/\/www.cannabis.es\/pw\/","logo":{"@type":"ImageObject","inLanguage":"es","@id":"https:\/\/www.cannabis.es\/pw\/#\/schema\/logo\/image\/","url":"https:\/\/www.cannabis.es\/pw\/wp-content\/uploads\/2019\/04\/cropped-logo_cannabis.png","contentUrl":"https:\/\/www.cannabis.es\/pw\/wp-content\/uploads\/2019\/04\/cropped-logo_cannabis.png","width":361,"height":120,"caption":"Cannabis.es"},"image":{"@id":"https:\/\/www.cannabis.es\/pw\/#\/schema\/logo\/image\/"},"sameAs":["https:\/\/x.com\/cannabis_es"]},{"@type":"Person","@id":"https:\/\/www.cannabis.es\/pw\/#\/schema\/person\/ec770c03f3e99d770687f537f4ba1e89","name":"Cannabis.es","image":{"@type":"ImageObject","inLanguage":"es","@id":"https:\/\/www.cannabis.es\/pw\/#\/schema\/person\/image\/","url":"https:\/\/secure.gravatar.com\/avatar\/810c93a3d6fadc3d9c2665b1d919a4aedea8ed4dd63689d001e985a804e90d83?s=96&d=mm&r=g","contentUrl":"https:\/\/secure.gravatar.com\/avatar\/810c93a3d6fadc3d9c2665b1d919a4aedea8ed4dd63689d001e985a804e90d83?s=96&d=mm&r=g","caption":"Cannabis.es"},"url":"https:\/\/www.cannabis.es\/pw\/author\/arnau\/"}]}},"_links":{"self":[{"href":"https:\/\/www.cannabis.es\/pw\/wp-json\/wp\/v2\/posts\/7398","targetHints":{"allow":["GET"]}}],"collection":[{"href":"https:\/\/www.cannabis.es\/pw\/wp-json\/wp\/v2\/posts"}],"about":[{"href":"https:\/\/www.cannabis.es\/pw\/wp-json\/wp\/v2\/types\/post"}],"author":[{"embeddable":true,"href":"https:\/\/www.cannabis.es\/pw\/wp-json\/wp\/v2\/users\/3"}],"replies":[{"embeddable":true,"href":"https:\/\/www.cannabis.es\/pw\/wp-json\/wp\/v2\/comments?post=7398"}],"version-history":[{"count":4,"href":"https:\/\/www.cannabis.es\/pw\/wp-json\/wp\/v2\/posts\/7398\/revisions"}],"predecessor-version":[{"id":7414,"href":"https:\/\/www.cannabis.es\/pw\/wp-json\/wp\/v2\/posts\/7398\/revisions\/7414"}],"wp:featuredmedia":[{"embeddable":true,"href":"https:\/\/www.cannabis.es\/pw\/wp-json\/wp\/v2\/media\/7399"}],"wp:attachment":[{"href":"https:\/\/www.cannabis.es\/pw\/wp-json\/wp\/v2\/media?parent=7398"}],"wp:term":[{"taxonomy":"category","embeddable":true,"href":"https:\/\/www.cannabis.es\/pw\/wp-json\/wp\/v2\/categories?post=7398"},{"taxonomy":"post_tag","embeddable":true,"href":"https:\/\/www.cannabis.es\/pw\/wp-json\/wp\/v2\/tags?post=7398"}],"curies":[{"name":"wp","href":"https:\/\/api.w.org\/{rel}","templated":true}]}}