{"id":7404,"date":"2021-08-04T12:57:03","date_gmt":"2021-08-04T10:57:03","guid":{"rendered":"https:\/\/www.cannabis.es\/pw\/?p=7404"},"modified":"2021-08-04T12:57:04","modified_gmt":"2021-08-04T10:57:04","slug":"la-asociacion-balear-abeic-absuelta","status":"publish","type":"post","link":"https:\/\/www.cannabis.es\/pw\/2021\/08\/04\/la-asociacion-balear-abeic-absuelta\/","title":{"rendered":"La asociaci\u00f3n balear ABEIC, absuelta"},"content":{"rendered":"\n<p>Arnau Alcaide<br><br>La Asociaci\u00f3n Balear para el Estudio e Investigaci\u00f3n del Cannabis (ABEIC) logra la absoluci\u00f3n por error de prohibici\u00f3n o error invencible, que implica que pensaban que su actuaci\u00f3n era completamente legal, o visto de otro modo que no ten\u00edan forma de conocer que estaban incurriendo en una ilegalidad. La defensa de Brotsanbert destaca en su comunicado que con 81kg se trata de la absoluci\u00f3n con la mayor cantidad en Espa\u00f1a, y es que el uso de la cantidad como indicio de tr\u00e1fico en exclusiva ya se ven\u00eda descartando en <a href=\"https:\/\/www.cannabis.es\/pw\/2020\/06\/09\/absuelto-usuario-medicinal-que-portaba-3-5kg-en-el-coche\/\">otras sentencias llamativas<\/a>. <\/p>\n\n\n\n<p>Adem\u00e1s, el error invencible ven\u00eda siendo considerado vencible en las sentencias desde que en 2015 se sentara jurisprudencia para ello: seg\u00fan esa interpretaci\u00f3n, quienes cometieron la ilegalidad tuvieron formas de averiguar que as\u00ed era y por lo tanto se consideraba vencible el error, algo en lo que esta sentencia tambi\u00e9n es muy positiva. Aunque no reconoce legal la actividad, s\u00ed garantiza m\u00e1s derechos de la directiva al no considerar el delito deliberado.<\/p>\n\n\n\n<h2 class=\"wp-block-heading\">La absoluci\u00f3n por cantidad m\u00e1s importante de Espa\u00f1a, 81kg<\/h2>\n\n\n\n<p>El Tribunal Supremo ratifica la sentencia absolutoria de la Audiencia Provincial de Baleares, siendo <strong>esta absoluci\u00f3n la m\u00e1s importante del Estado espa\u00f1ol en relaci\u00f3n a la cantidad de sustancia aprehendida (81kg) durante la investigaci\u00f3n.<\/strong><\/p>\n\n\n\n<h2 class=\"wp-block-heading\">Fiscal\u00eda recurri\u00f3 la sentencia de la Audiencia Provincial y se lleg\u00f3 al Supremo<\/h2>\n\n\n\n<p>La Sala Segunda del Tribunal Supremo, presidida por el magistrado Manuel Marchena, y actuando como ponente la magistrada Ana Mar\u00eda Ferrer Garc\u00eda, ha venido a<strong> desestimar el recurso de casaci\u00f3n interpuesto por el Ministerio Fiscal contra la sentencia dictada por la Audiencia Provincial de Baleares<\/strong>. Dicha sentencia, emitida en abril del a\u00f1o 2019,<strong> absolv\u00eda al presidente, el secretario y el tesorero de una asociaci\u00f3n de consumidores de cannabis con sede en Llub\u00ed,<\/strong> a los que se les investigaba por los delitos contra la salud p\u00fablica y asociaci\u00f3n il\u00edcita.<\/p>\n\n\n\n<p>La resoluci\u00f3n del Alto Tribunal confirma que los acusados actuaron bajo el firme convencimiento de estar actuando de manera legal, y apreciando el error de prohibici\u00f3n apreciado por el tribunal insular en primera instancia.<\/p>\n\n\n\n<h2 class=\"wp-block-heading\">El operativo policial de 2015<\/h2>\n\n\n\n<p><strong>La Asociaci\u00f3n Balear para el Estudio e Investigaci\u00f3n del Cannabis (ABEIC)<\/strong>, tras acuerdo v\u00e1lido adoptado por los socios, comenz\u00f3 a cultivar cannabis en fincas alquiladas a tal efecto, con la finalidad de proveerse de dicha sustancia. En septiembre del a\u00f1o 2015, la Guardia Civil realiz\u00f3 diversas actuaciones en los distintos cultivos gestionados por la asociaci\u00f3n, resultando intervenidos 81.373,66 gramos de sustancia , con un valor de mercado estimado de de 84.872, 72 \u20ac.<\/p>\n\n\n\n<h2 class=\"wp-block-heading\">Una asociaci\u00f3n con notoriedad p\u00fablica que cre\u00edan legal<\/h2>\n\n\n\n<p>El Equipo del Estudio Jur\u00eddico Brotsanbert, bajo la direcci\u00f3n letrada del abogado H\u00e9ctor Brotons y la abogada Esther C. S\u00e1nchez, consigui\u00f3 demostrar que las distintas reuniones informativas que se produjeron entre la directiva de la asociaci\u00f3n y distintas autoridades locales y policiales hicieron creer fundadamente a los acusados la licitud de su actividad, llegando estos a no ocultarla, se\u00f1alizando los cultivos intervenidos y comunicando \u00e9stos a la Guardia Civil y siendo tolerados por la fuerza p\u00fablica. El conocimiento por parte de la autoridad acerca de la existencia de la asociaci\u00f3n era p\u00fablico y notorio, llegando a realizar actividades conjuntas con el Ayuntamiento de la localidad.<\/p>\n\n\n\n<p>Esta sentencia, que supone la absoluci\u00f3n m\u00e1s importante resuelta en Espa\u00f1a en relaci\u00f3n a la cantidad de sustancia incautada, viene a reflejar la <strong>necesidad de una regulaci\u00f3n clara y precisa en lo relativo a las asociaciones de usuarios y consumidores de cannabis, que actualmente operan en un contexto plagado de lagunas legales, poniendo en peligro la seguridad jur\u00eddica de los asociados<\/strong>.<\/p>\n","protected":false},"excerpt":{"rendered":"<span class=\"span-reading-time rt-reading-time\" style=\"display: block;\"><span class=\"rt-label rt-prefix\">Tiempo de lectura:<\/span> <span class=\"rt-time\"> 2<\/span> <span class=\"rt-label rt-postfix\">minutos<\/span><\/span>Arnau AlcaideLa Asociaci\u00f3n Balear para el Estudio e Investigaci\u00f3n del Cannabis (ABEIC) logra la absoluci\u00f3n por error de prohibici\u00f3n o error invencible, que implica que pensaban que su actuaci\u00f3n era completamente legal, o visto de otro modo que no ten\u00edan forma de conocer que estaban incurriendo en una ilegalidad. La defensa de Brotsanbert destaca en [&hellip;]","protected":false},"author":3,"featured_media":7407,"comment_status":"closed","ping_status":"closed","sticky":false,"template":"","format":"standard","meta":{"loftocean-featured-post":"","loftocean_post_format_gallery":"","loftocean_post_format_gallery_ids":"","loftocean_post_format_gallery_urls":"","loftocean_post_format_video_id":"","loftocean_post_format_video_url":"","loftocean_post_format_video_type":"","loftocean_post_format_video":"","loftocean_post_format_audio_type":"","loftocean_post_format_audio_url":"","loftocean_post_format_audio_id":"","loftocean_post_format_audio":"","loftocean_post_format_quote_text":"","loftocean_post_format_quote_byline":"","loftocean_post_format_link_text":"","loftocean_post_format_link_url":"","ceramag_post_header_style":"","ceramag_enable_background_video":"","ceramag_show_in_top_slider":"","ceramag_post_background_video_start":"","ceramag_post_background_video_end":"","loftocean_page_background_video_id":"","loftocean_page_background_video_url":"","loftocean_page_background_video_type":"","loftocean_page_background_video":"","ceramag_background_video_start":"","ceramag_background_video_end":"","ceramag_single_page_hide_header":"","footnotes":""},"categories":[35],"tags":[540,528,41,398,634],"class_list":["post-7404","post","type-post","status-publish","format-standard","has-post-thumbnail","hentry","category-politica-y-sociedad","tag-arnau-alcaide","tag-asociacion-cannabica","tag-cannabis","tag-csc","tag-justicia"],"yoast_head":"<!-- This site is optimized with the Yoast SEO plugin v24.9 - https:\/\/yoast.com\/wordpress\/plugins\/seo\/ -->\n<title>La asociaci\u00f3n balear ABEIC, absuelta<\/title>\n<meta name=\"description\" content=\"Entrada &#8226; Portal multimedia sobre cannabis y otras sustancias &#8226; 4 agosto, 2021\" \/>\n<meta name=\"robots\" content=\"index, follow, max-snippet:-1, max-image-preview:large, max-video-preview:-1\" \/>\n<link rel=\"canonical\" href=\"https:\/\/www.cannabis.es\/pw\/2021\/08\/04\/la-asociacion-balear-abeic-absuelta\/\" \/>\n<meta name=\"twitter:card\" content=\"summary_large_image\" \/>\n<meta name=\"twitter:title\" content=\"La asociaci\u00f3n balear ABEIC, absuelta\" \/>\n<meta name=\"twitter:description\" content=\"Entrada &#8226; Portal multimedia sobre cannabis y otras sustancias &#8226; 4 agosto, 2021\" \/>\n<meta name=\"twitter:image\" content=\"https:\/\/www.cannabis.es\/pw\/wp-content\/uploads\/2021\/08\/ABSOLUCION_ABEIC_2.jpg\" \/>\n<meta name=\"twitter:creator\" content=\"@cannabis_es\" \/>\n<meta name=\"twitter:site\" content=\"@cannabis_es\" \/>\n<meta name=\"twitter:label1\" content=\"Escrito por\" \/>\n\t<meta name=\"twitter:data1\" content=\"Cannabis.es\" \/>\n\t<meta name=\"twitter:label2\" content=\"Tiempo de lectura\" \/>\n\t<meta name=\"twitter:data2\" content=\"3 minutos\" \/>\n<script type=\"application\/ld+json\" class=\"yoast-schema-graph\">{\"@context\":\"https:\/\/schema.org\",\"@graph\":[{\"@type\":\"Article\",\"@id\":\"https:\/\/www.cannabis.es\/pw\/2021\/08\/04\/la-asociacion-balear-abeic-absuelta\/#article\",\"isPartOf\":{\"@id\":\"https:\/\/www.cannabis.es\/pw\/2021\/08\/04\/la-asociacion-balear-abeic-absuelta\/\"},\"author\":{\"name\":\"Cannabis.es\",\"@id\":\"https:\/\/www.cannabis.es\/pw\/#\/schema\/person\/ec770c03f3e99d770687f537f4ba1e89\"},\"headline\":\"La asociaci\u00f3n balear ABEIC, absuelta\",\"datePublished\":\"2021-08-04T10:57:03+00:00\",\"dateModified\":\"2021-08-04T10:57:04+00:00\",\"mainEntityOfPage\":{\"@id\":\"https:\/\/www.cannabis.es\/pw\/2021\/08\/04\/la-asociacion-balear-abeic-absuelta\/\"},\"wordCount\":652,\"publisher\":{\"@id\":\"https:\/\/www.cannabis.es\/pw\/#organization\"},\"image\":{\"@id\":\"https:\/\/www.cannabis.es\/pw\/2021\/08\/04\/la-asociacion-balear-abeic-absuelta\/#primaryimage\"},\"thumbnailUrl\":\"https:\/\/www.cannabis.es\/pw\/wp-content\/uploads\/2021\/08\/ABSOLUCION_ABEIC_2.jpg\",\"keywords\":[\"Arnau Alcaide\",\"asociaci\u00f3n cann\u00e1bica\",\"cannabis\",\"CSC\",\"justicia\"],\"articleSection\":[\"Pol\u00edtica y Sociedad\"],\"inLanguage\":\"es\"},{\"@type\":\"WebPage\",\"@id\":\"https:\/\/www.cannabis.es\/pw\/2021\/08\/04\/la-asociacion-balear-abeic-absuelta\/\",\"url\":\"https:\/\/www.cannabis.es\/pw\/2021\/08\/04\/la-asociacion-balear-abeic-absuelta\/\",\"name\":\"La asociaci\u00f3n balear ABEIC, absuelta\",\"isPartOf\":{\"@id\":\"https:\/\/www.cannabis.es\/pw\/#website\"},\"primaryImageOfPage\":{\"@id\":\"https:\/\/www.cannabis.es\/pw\/2021\/08\/04\/la-asociacion-balear-abeic-absuelta\/#primaryimage\"},\"image\":{\"@id\":\"https:\/\/www.cannabis.es\/pw\/2021\/08\/04\/la-asociacion-balear-abeic-absuelta\/#primaryimage\"},\"thumbnailUrl\":\"https:\/\/www.cannabis.es\/pw\/wp-content\/uploads\/2021\/08\/ABSOLUCION_ABEIC_2.jpg\",\"datePublished\":\"2021-08-04T10:57:03+00:00\",\"dateModified\":\"2021-08-04T10:57:04+00:00\",\"description\":\"Entrada &#8226; Portal multimedia sobre cannabis y otras sustancias &#8226; 4 agosto, 2021\",\"breadcrumb\":{\"@id\":\"https:\/\/www.cannabis.es\/pw\/2021\/08\/04\/la-asociacion-balear-abeic-absuelta\/#breadcrumb\"},\"inLanguage\":\"es\",\"potentialAction\":[{\"@type\":\"ReadAction\",\"target\":[\"https:\/\/www.cannabis.es\/pw\/2021\/08\/04\/la-asociacion-balear-abeic-absuelta\/\"]}]},{\"@type\":\"ImageObject\",\"inLanguage\":\"es\",\"@id\":\"https:\/\/www.cannabis.es\/pw\/2021\/08\/04\/la-asociacion-balear-abeic-absuelta\/#primaryimage\",\"url\":\"https:\/\/www.cannabis.es\/pw\/wp-content\/uploads\/2021\/08\/ABSOLUCION_ABEIC_2.jpg\",\"contentUrl\":\"https:\/\/www.cannabis.es\/pw\/wp-content\/uploads\/2021\/08\/ABSOLUCION_ABEIC_2.jpg\",\"width\":1607,\"height\":1063},{\"@type\":\"BreadcrumbList\",\"@id\":\"https:\/\/www.cannabis.es\/pw\/2021\/08\/04\/la-asociacion-balear-abeic-absuelta\/#breadcrumb\",\"itemListElement\":[{\"@type\":\"ListItem\",\"position\":1,\"name\":\"Portada\",\"item\":\"http:\/\/www.cannabis.es\/pw\/\"},{\"@type\":\"ListItem\",\"position\":2,\"name\":\"La asociaci\u00f3n balear ABEIC, absuelta\"}]},{\"@type\":\"WebSite\",\"@id\":\"https:\/\/www.cannabis.es\/pw\/#website\",\"url\":\"https:\/\/www.cannabis.es\/pw\/\",\"name\":\"Cannabis\",\"description\":\"Portal multimedia sobre cannabis y otras sustancias\",\"publisher\":{\"@id\":\"https:\/\/www.cannabis.es\/pw\/#organization\"},\"potentialAction\":[{\"@type\":\"SearchAction\",\"target\":{\"@type\":\"EntryPoint\",\"urlTemplate\":\"https:\/\/www.cannabis.es\/pw\/?s={search_term_string}\"},\"query-input\":{\"@type\":\"PropertyValueSpecification\",\"valueRequired\":true,\"valueName\":\"search_term_string\"}}],\"inLanguage\":\"es\"},{\"@type\":\"Organization\",\"@id\":\"https:\/\/www.cannabis.es\/pw\/#organization\",\"name\":\"Cannabis.es\",\"url\":\"https:\/\/www.cannabis.es\/pw\/\",\"logo\":{\"@type\":\"ImageObject\",\"inLanguage\":\"es\",\"@id\":\"https:\/\/www.cannabis.es\/pw\/#\/schema\/logo\/image\/\",\"url\":\"https:\/\/www.cannabis.es\/pw\/wp-content\/uploads\/2019\/04\/cropped-logo_cannabis.png\",\"contentUrl\":\"https:\/\/www.cannabis.es\/pw\/wp-content\/uploads\/2019\/04\/cropped-logo_cannabis.png\",\"width\":361,\"height\":120,\"caption\":\"Cannabis.es\"},\"image\":{\"@id\":\"https:\/\/www.cannabis.es\/pw\/#\/schema\/logo\/image\/\"},\"sameAs\":[\"https:\/\/x.com\/cannabis_es\"]},{\"@type\":\"Person\",\"@id\":\"https:\/\/www.cannabis.es\/pw\/#\/schema\/person\/ec770c03f3e99d770687f537f4ba1e89\",\"name\":\"Cannabis.es\",\"image\":{\"@type\":\"ImageObject\",\"inLanguage\":\"es\",\"@id\":\"https:\/\/www.cannabis.es\/pw\/#\/schema\/person\/image\/\",\"url\":\"https:\/\/secure.gravatar.com\/avatar\/810c93a3d6fadc3d9c2665b1d919a4aedea8ed4dd63689d001e985a804e90d83?s=96&d=mm&r=g\",\"contentUrl\":\"https:\/\/secure.gravatar.com\/avatar\/810c93a3d6fadc3d9c2665b1d919a4aedea8ed4dd63689d001e985a804e90d83?s=96&d=mm&r=g\",\"caption\":\"Cannabis.es\"},\"url\":\"https:\/\/www.cannabis.es\/pw\/author\/arnau\/\"}]}<\/script>\n<!-- \/ Yoast SEO plugin. -->","yoast_head_json":{"title":"La asociaci\u00f3n balear ABEIC, absuelta","description":"Entrada &#8226; Portal multimedia sobre cannabis y otras sustancias &#8226; 4 agosto, 2021","robots":{"index":"index","follow":"follow","max-snippet":"max-snippet:-1","max-image-preview":"max-image-preview:large","max-video-preview":"max-video-preview:-1"},"canonical":"https:\/\/www.cannabis.es\/pw\/2021\/08\/04\/la-asociacion-balear-abeic-absuelta\/","twitter_card":"summary_large_image","twitter_title":"La asociaci\u00f3n balear ABEIC, absuelta","twitter_description":"Entrada &#8226; Portal multimedia sobre cannabis y otras sustancias &#8226; 4 agosto, 2021","twitter_image":"https:\/\/www.cannabis.es\/pw\/wp-content\/uploads\/2021\/08\/ABSOLUCION_ABEIC_2.jpg","twitter_creator":"@cannabis_es","twitter_site":"@cannabis_es","twitter_misc":{"Escrito por":"Cannabis.es","Tiempo de lectura":"3 minutos"},"schema":{"@context":"https:\/\/schema.org","@graph":[{"@type":"Article","@id":"https:\/\/www.cannabis.es\/pw\/2021\/08\/04\/la-asociacion-balear-abeic-absuelta\/#article","isPartOf":{"@id":"https:\/\/www.cannabis.es\/pw\/2021\/08\/04\/la-asociacion-balear-abeic-absuelta\/"},"author":{"name":"Cannabis.es","@id":"https:\/\/www.cannabis.es\/pw\/#\/schema\/person\/ec770c03f3e99d770687f537f4ba1e89"},"headline":"La asociaci\u00f3n balear ABEIC, absuelta","datePublished":"2021-08-04T10:57:03+00:00","dateModified":"2021-08-04T10:57:04+00:00","mainEntityOfPage":{"@id":"https:\/\/www.cannabis.es\/pw\/2021\/08\/04\/la-asociacion-balear-abeic-absuelta\/"},"wordCount":652,"publisher":{"@id":"https:\/\/www.cannabis.es\/pw\/#organization"},"image":{"@id":"https:\/\/www.cannabis.es\/pw\/2021\/08\/04\/la-asociacion-balear-abeic-absuelta\/#primaryimage"},"thumbnailUrl":"https:\/\/www.cannabis.es\/pw\/wp-content\/uploads\/2021\/08\/ABSOLUCION_ABEIC_2.jpg","keywords":["Arnau Alcaide","asociaci\u00f3n cann\u00e1bica","cannabis","CSC","justicia"],"articleSection":["Pol\u00edtica y Sociedad"],"inLanguage":"es"},{"@type":"WebPage","@id":"https:\/\/www.cannabis.es\/pw\/2021\/08\/04\/la-asociacion-balear-abeic-absuelta\/","url":"https:\/\/www.cannabis.es\/pw\/2021\/08\/04\/la-asociacion-balear-abeic-absuelta\/","name":"La asociaci\u00f3n balear ABEIC, absuelta","isPartOf":{"@id":"https:\/\/www.cannabis.es\/pw\/#website"},"primaryImageOfPage":{"@id":"https:\/\/www.cannabis.es\/pw\/2021\/08\/04\/la-asociacion-balear-abeic-absuelta\/#primaryimage"},"image":{"@id":"https:\/\/www.cannabis.es\/pw\/2021\/08\/04\/la-asociacion-balear-abeic-absuelta\/#primaryimage"},"thumbnailUrl":"https:\/\/www.cannabis.es\/pw\/wp-content\/uploads\/2021\/08\/ABSOLUCION_ABEIC_2.jpg","datePublished":"2021-08-04T10:57:03+00:00","dateModified":"2021-08-04T10:57:04+00:00","description":"Entrada &#8226; Portal multimedia sobre cannabis y otras sustancias &#8226; 4 agosto, 2021","breadcrumb":{"@id":"https:\/\/www.cannabis.es\/pw\/2021\/08\/04\/la-asociacion-balear-abeic-absuelta\/#breadcrumb"},"inLanguage":"es","potentialAction":[{"@type":"ReadAction","target":["https:\/\/www.cannabis.es\/pw\/2021\/08\/04\/la-asociacion-balear-abeic-absuelta\/"]}]},{"@type":"ImageObject","inLanguage":"es","@id":"https:\/\/www.cannabis.es\/pw\/2021\/08\/04\/la-asociacion-balear-abeic-absuelta\/#primaryimage","url":"https:\/\/www.cannabis.es\/pw\/wp-content\/uploads\/2021\/08\/ABSOLUCION_ABEIC_2.jpg","contentUrl":"https:\/\/www.cannabis.es\/pw\/wp-content\/uploads\/2021\/08\/ABSOLUCION_ABEIC_2.jpg","width":1607,"height":1063},{"@type":"BreadcrumbList","@id":"https:\/\/www.cannabis.es\/pw\/2021\/08\/04\/la-asociacion-balear-abeic-absuelta\/#breadcrumb","itemListElement":[{"@type":"ListItem","position":1,"name":"Portada","item":"http:\/\/www.cannabis.es\/pw\/"},{"@type":"ListItem","position":2,"name":"La asociaci\u00f3n balear ABEIC, absuelta"}]},{"@type":"WebSite","@id":"https:\/\/www.cannabis.es\/pw\/#website","url":"https:\/\/www.cannabis.es\/pw\/","name":"Cannabis","description":"Portal multimedia sobre cannabis y otras sustancias","publisher":{"@id":"https:\/\/www.cannabis.es\/pw\/#organization"},"potentialAction":[{"@type":"SearchAction","target":{"@type":"EntryPoint","urlTemplate":"https:\/\/www.cannabis.es\/pw\/?s={search_term_string}"},"query-input":{"@type":"PropertyValueSpecification","valueRequired":true,"valueName":"search_term_string"}}],"inLanguage":"es"},{"@type":"Organization","@id":"https:\/\/www.cannabis.es\/pw\/#organization","name":"Cannabis.es","url":"https:\/\/www.cannabis.es\/pw\/","logo":{"@type":"ImageObject","inLanguage":"es","@id":"https:\/\/www.cannabis.es\/pw\/#\/schema\/logo\/image\/","url":"https:\/\/www.cannabis.es\/pw\/wp-content\/uploads\/2019\/04\/cropped-logo_cannabis.png","contentUrl":"https:\/\/www.cannabis.es\/pw\/wp-content\/uploads\/2019\/04\/cropped-logo_cannabis.png","width":361,"height":120,"caption":"Cannabis.es"},"image":{"@id":"https:\/\/www.cannabis.es\/pw\/#\/schema\/logo\/image\/"},"sameAs":["https:\/\/x.com\/cannabis_es"]},{"@type":"Person","@id":"https:\/\/www.cannabis.es\/pw\/#\/schema\/person\/ec770c03f3e99d770687f537f4ba1e89","name":"Cannabis.es","image":{"@type":"ImageObject","inLanguage":"es","@id":"https:\/\/www.cannabis.es\/pw\/#\/schema\/person\/image\/","url":"https:\/\/secure.gravatar.com\/avatar\/810c93a3d6fadc3d9c2665b1d919a4aedea8ed4dd63689d001e985a804e90d83?s=96&d=mm&r=g","contentUrl":"https:\/\/secure.gravatar.com\/avatar\/810c93a3d6fadc3d9c2665b1d919a4aedea8ed4dd63689d001e985a804e90d83?s=96&d=mm&r=g","caption":"Cannabis.es"},"url":"https:\/\/www.cannabis.es\/pw\/author\/arnau\/"}]}},"_links":{"self":[{"href":"https:\/\/www.cannabis.es\/pw\/wp-json\/wp\/v2\/posts\/7404","targetHints":{"allow":["GET"]}}],"collection":[{"href":"https:\/\/www.cannabis.es\/pw\/wp-json\/wp\/v2\/posts"}],"about":[{"href":"https:\/\/www.cannabis.es\/pw\/wp-json\/wp\/v2\/types\/post"}],"author":[{"embeddable":true,"href":"https:\/\/www.cannabis.es\/pw\/wp-json\/wp\/v2\/users\/3"}],"replies":[{"embeddable":true,"href":"https:\/\/www.cannabis.es\/pw\/wp-json\/wp\/v2\/comments?post=7404"}],"version-history":[{"count":2,"href":"https:\/\/www.cannabis.es\/pw\/wp-json\/wp\/v2\/posts\/7404\/revisions"}],"predecessor-version":[{"id":7408,"href":"https:\/\/www.cannabis.es\/pw\/wp-json\/wp\/v2\/posts\/7404\/revisions\/7408"}],"wp:featuredmedia":[{"embeddable":true,"href":"https:\/\/www.cannabis.es\/pw\/wp-json\/wp\/v2\/media\/7407"}],"wp:attachment":[{"href":"https:\/\/www.cannabis.es\/pw\/wp-json\/wp\/v2\/media?parent=7404"}],"wp:term":[{"taxonomy":"category","embeddable":true,"href":"https:\/\/www.cannabis.es\/pw\/wp-json\/wp\/v2\/categories?post=7404"},{"taxonomy":"post_tag","embeddable":true,"href":"https:\/\/www.cannabis.es\/pw\/wp-json\/wp\/v2\/tags?post=7404"}],"curies":[{"name":"wp","href":"https:\/\/api.w.org\/{rel}","templated":true}]}}